{"id":9980,"date":"2018-06-25T15:18:14","date_gmt":"2018-06-25T18:18:14","guid":{"rendered":"http:\/\/proclass.com.br\/home\/?p=9980"},"modified":"2018-06-25T15:18:14","modified_gmt":"2018-06-25T18:18:14","slug":"mudancas-no-media-composer-6-5-2","status":"publish","type":"post","link":"https:\/\/proclass.com.br\/home\/2018\/06\/mudancas-no-media-composer-6-5-2\/","title":{"rendered":"Mudan\u00e7as no Media Composer 6.5"},"content":{"rendered":"<p>Artigo publicado na Revista Luz e Cena<\/p>\n<p><a href=\"http:\/\/www.luzecena.com.br\"><img decoding=\"async\" title=\"luz e cena logo\" src=\"http:\/\/proclass.com.br\/home\/wp-content\/uploads\/2012\/11\/luz-e-cena-logo.jpg\" alt=\"\" width=\"206\" height=\"56\" \/><\/a><\/p>\n<p>Para conhecer mais sobre a revista,\u00a0<a href=\"http:\/\/www.luzecena.com.br\" target=\"_blank\" rel=\"noopener\">clique aqui.<\/a><\/p>\n<p>Para treinamentos e certifica\u00e7\u00f5es oficiais Avid Media Composer,<a href=\"http:\/\/proclass.com.br\/home\/cursos\/avid-media-composer\/\"> clique aqui.<\/a><\/p>\n<p class=\"p1\"><span class=\"s1\">No come\u00e7o de setembro, a Avid anunciou a atualiza\u00e7\u00e3o do Media Composer. N\u00e3o \u00e9 necessariamente um upgrade de grande porte, mas ainda assim, fun\u00e7\u00f5es interessantes foram implementados e podem ser \u00fateis para muitos usu\u00e1rios.<\/span><\/p>\n<p class=\"p1\"><span class=\"s1\">O foco deste artigo n\u00e3o ser\u00e1 necessariamente listar todas as mudan\u00e7as. Para isso, recomendo o pr\u00f3prio site da Avid, que inclusive recentemente, lan\u00e7ou sua vers\u00e3o em portugu\u00eas. Ao inv\u00e9s disso, vamos nos concentrar nas mais importantes e discutir como isso pode influenciar o fluxo de trabalho de cada um.<\/span><\/p>\n<p class=\"p1\"><span class=\"s1\"><b>Audio Keyframes<\/b><\/span><\/p>\n<p class=\"p1\"><span class=\"s1\">Keyframes s\u00e3o pequenas \u00e2ncoras criadas num clip com o prop\u00f3sito de fazer altera\u00e7\u00f5es din\u00e2micas de algum par\u00e2metro. Muitas vezes, dizemos que s\u00e3o \u201canima\u00e7\u00f5es\u201d ou at\u00e9 \u201cautomatiza\u00e7\u00f5es\u201d de par\u00e2metros. (fig.1)<\/span><\/p>\n<div id=\"attachment_9981\" style=\"width: 437px\" class=\"wp-caption aligncenter\"><img fetchpriority=\"high\" decoding=\"async\" aria-describedby=\"caption-attachment-9981\" class=\"size-full wp-image-9981\" src=\"http:\/\/proclass.com.br\/home\/wp-content\/uploads\/2018\/06\/fig1-audio-keyframes.png\" alt=\"\" width=\"427\" height=\"198\" srcset=\"https:\/\/proclass.com.br\/home\/wp-content\/uploads\/2018\/06\/fig1-audio-keyframes.png 427w, https:\/\/proclass.com.br\/home\/wp-content\/uploads\/2018\/06\/fig1-audio-keyframes-300x139.png 300w\" sizes=\"(max-width: 427px) 100vw, 427px\" \/><p id=\"caption-attachment-9981\" class=\"wp-caption-text\">fig1 &#8211; audio keyframes<\/p><\/div>\n<p class=\"p1\"><span class=\"s1\">At\u00e9 a vers\u00e3o 6, era poss\u00edvel selecionar v\u00e1rios keyframes para anima\u00e7\u00e3o de efeitos mas n\u00e3o para keyframes de volume ou pan nos clips de \u00e1udio. Agora, o comportamento \u00e9 id\u00eantico ao que acontece ao clicar keyframe de v\u00eddeo pela Edit Preview Monitor, quando se est\u00e1 editando um efeito.<\/span><\/p>\n<p class=\"p1\"><span class=\"s1\">Depois de selecionado, \u00e9 poss\u00edvel copiar e colar para outros clips (fig.2) ou deslocar com a fun\u00e7\u00e3o nudge para alterar o n\u00edvel de ganho. Parece um simples detalhe mas a utilidade \u00e9 grande, pois agora, \u00e9 poss\u00edvel ajustar o n\u00edvel de um clip de \u00e1udio com extrema precis\u00e3o sem precisar abrir Mixer.<\/span><\/p>\n<div id=\"attachment_9982\" style=\"width: 268px\" class=\"wp-caption aligncenter\"><img decoding=\"async\" aria-describedby=\"caption-attachment-9982\" class=\"size-full wp-image-9982\" src=\"http:\/\/proclass.com.br\/home\/wp-content\/uploads\/2018\/06\/fig2-copy-paste-keyframes.png\" alt=\"\" width=\"258\" height=\"192\" \/><p id=\"caption-attachment-9982\" class=\"wp-caption-text\">fig2 &#8211; copy &#8211; paste keyframes<\/p><\/div>\n<p class=\"p1\"><span class=\"s1\">Resumidamente, significa que agora o funcionamento \u00e9 mais consolidado com rela\u00e7\u00e3o a keyframes, tanto para \u00e1udio quanto para v\u00eddeo e representa uma melhor experi\u00eancia para o usu\u00e1rio.<\/span><\/p>\n<p class=\"p1\"><span class=\"s1\"><b>64 voices para \u00e1udio.<\/b><\/span><\/p>\n<p class=\"p1\"><span class=\"s1\">Voices, em poucas palavras, significa <\/span><span class=\"s2\">quantos sons podem ser reproduzidos ao mesmo tempo<\/span><span class=\"s1\"> no Media Composer. Apesar de ser poss\u00edvel ter 24 tracks de \u00e1udio num projeto, o Media Composer at\u00e9 ent\u00e3o s\u00f3 tinha capacidade para tocar 16 sons ao mesmo tempo.<\/span><\/p>\n<p class=\"p1\"><span class=\"s1\">A partir da vers\u00e3o 6.5, o limite subiu para 64 voices. (fig.3)<\/span><\/p>\n<div id=\"attachment_9983\" style=\"width: 405px\" class=\"wp-caption aligncenter\"><img loading=\"lazy\" decoding=\"async\" aria-describedby=\"caption-attachment-9983\" class=\"size-full wp-image-9983\" src=\"http:\/\/proclass.com.br\/home\/wp-content\/uploads\/2018\/06\/fig3-voices.png\" alt=\"\" width=\"395\" height=\"188\" srcset=\"https:\/\/proclass.com.br\/home\/wp-content\/uploads\/2018\/06\/fig3-voices.png 395w, https:\/\/proclass.com.br\/home\/wp-content\/uploads\/2018\/06\/fig3-voices-300x143.png 300w\" sizes=\"(max-width: 395px) 100vw, 395px\" \/><p id=\"caption-attachment-9983\" class=\"wp-caption-text\">fig3 &#8211; voices<\/p><\/div>\n<p class=\"p1\"><span class=\"s1\">Mas pode ter ficado uma d\u00favida: para que ter capacidade tocar 64 voices se ainda estamos presos ao limite de 24 tracks?<\/span><\/p>\n<p class=\"p1\"><span class=\"s1\">\u00c9 importante entender que cada voice est\u00e1 relacionado a um \u00e1udio mono. Ou seja, um clip est\u00e9reo consome 2 voices, um clip surround 7.1 consome 8 voices e assim por diante.<\/span><\/p>\n<p class=\"p1\"><span class=\"s1\">Ent\u00e3o enquanto no Media Composer 6 s\u00f3 era poss\u00edvel ouvir dois clipes de \u00e1udio 7.1 (8 + 8 voices), na vers\u00e3o 6.5 \u00e9 poss\u00edvel ouvir simult\u00e2neamente diversas configura\u00e7\u00f5es por exemplo:<\/span><\/p>\n<ul>\n<li class=\"li1\"><span class=\"s1\">Todos os 24 tracks com clips est\u00e9reo (48 voices)<\/span><\/li>\n<li class=\"li1\"><span class=\"s1\">20 tracks com clips est\u00e9reo + 3 tracks com clips surround 7.1 (64 voices)<\/span><\/li>\n<\/ul>\n<p class=\"p1\"><span class=\"s1\">Ent\u00e3o resumindo, abre-se uma nova gama de possibilidades de configura\u00e7\u00e3o e uma maior flexibilidade para o editor.<\/span><\/p>\n<p class=\"p1\"><span class=\"s1\"><b>Rodando sem hardware cada vez mais f\u00e1cil<\/b><\/span><\/p>\n<p class=\"p1\"><span class=\"s1\">Agora, um simples bot\u00e3o possibilita habilitar e desabilitar o uso de um hardware dedicado com o Media Composer. (fig.4)<\/span><\/p>\n<div id=\"attachment_9984\" style=\"width: 481px\" class=\"wp-caption aligncenter\"><img loading=\"lazy\" decoding=\"async\" aria-describedby=\"caption-attachment-9984\" class=\" wp-image-9984\" src=\"http:\/\/proclass.com.br\/home\/wp-content\/uploads\/2018\/06\/fig4-hardware.jpg\" alt=\"\" width=\"471\" height=\"339\" srcset=\"https:\/\/proclass.com.br\/home\/wp-content\/uploads\/2018\/06\/fig4-hardware.jpg 496w, https:\/\/proclass.com.br\/home\/wp-content\/uploads\/2018\/06\/fig4-hardware-300x216.jpg 300w\" sizes=\"(max-width: 471px) 100vw, 471px\" \/><p id=\"caption-attachment-9984\" class=\"wp-caption-text\">fig4 &#8211; hardware<\/p><\/div>\n<p class=\"p1\"><span class=\"s1\"><b>E porque algu\u00e9m precisa disso?<\/b><\/span><\/p>\n<p class=\"p1\"><span class=\"s1\">Imagine o cen\u00e1rio em que um trabalho esteja sendo realizado no Media Composer com um hardware dedicado, e no meio do trabalho, \u00e9 necess\u00e1rio fazer alguma tarefa em outro software como o Adobe After Effects. (fig.5)<\/span><\/p>\n<div id=\"attachment_9985\" style=\"width: 504px\" class=\"wp-caption aligncenter\"><img loading=\"lazy\" decoding=\"async\" aria-describedby=\"caption-attachment-9985\" class=\" wp-image-9985\" src=\"http:\/\/proclass.com.br\/home\/wp-content\/uploads\/2018\/06\/fig.5-mc6-hardware-1.jpeg\" alt=\"\" width=\"494\" height=\"176\" srcset=\"https:\/\/proclass.com.br\/home\/wp-content\/uploads\/2018\/06\/fig.5-mc6-hardware-1.jpeg 641w, https:\/\/proclass.com.br\/home\/wp-content\/uploads\/2018\/06\/fig.5-mc6-hardware-1-300x107.jpeg 300w\" sizes=\"(max-width: 494px) 100vw, 494px\" \/><p id=\"caption-attachment-9985\" class=\"wp-caption-text\">fig.5 &#8211; mc6 hardware 1<\/p><\/div>\n<p class=\"p1\"><span class=\"s1\">Para o After Effects poder utilizar o mesmo hardware, era necess\u00e1rio fechar a aplica\u00e7\u00e3o do Media Composer antes de carregar o After Effects. E depois de conclu\u00eddo o trabalho, era necess\u00e1rio fechar o After Effects e reiniciar o Media Composer do zero para voltar ao trabalho.<\/span><\/p>\n<p class=\"p1\"><span class=\"s1\">Agora ficou um pouco melhor, onde \u00e9 poss\u00edvel fazer o seguinte procedimento:<\/span><\/p>\n<ol class=\"ol1\">\n<li class=\"li1\"><span class=\"s1\">Ao inv\u00e9s de fechar o Media Composer, apenas desativar no Media Composer o uso do hardware.<\/span><\/li>\n<li class=\"li1\"><span class=\"s1\">Iniciar o After Effects. Deste modo, o After Effects poder\u00e1 usufruir do hardware.<\/span><\/li>\n<li class=\"li1\"><span class=\"s1\">Fazer os procedimentos no After Effects<\/span><\/li>\n<li class=\"li1\"><span class=\"s1\">Fechar o After Effects<\/span><\/li>\n<li class=\"li1\"><span class=\"s1\">Ativar o hardware novamente no Media Composer.<\/span><\/li>\n<\/ol>\n<p class=\"p1\"><span class=\"s1\">Outra vantagem desta op\u00e7\u00e3o \u00e9 que, certas fun\u00e7\u00f5es como Full screen Playback s\u00e3o apenas acess\u00edveis se o Media Composer estiver rodando em \u201csoftware Mode\u201d, ou seja sem hardware conectado. Nestes casos, era necess\u00e1rio fisicamente desconectar o hardware o que n\u00e3o era nada pr\u00e1tico.<\/span><\/p>\n<p class=\"p1\"><span class=\"s1\"><b>AMA \u2013 Avid Media Access, e agora Authoring<\/b><\/span><\/p>\n<p class=\"p1\"><span class=\"s1\">AMA (Avid Media Access) \u00e9 um m\u00e9todo de referenciar media no Media Composer em diversos formatos sem precisar de transcodificar\/converter formatos. Na vers\u00e3o 6.5, pelo protocolo AMA recebeu uma nova funcionalidade onde agora \u00e9 poss\u00edvel exportar uma sequ\u00eancia ou clip de volta para o cart\u00e3o de mem\u00f3ria no formato reconhecido pela c\u00e2mera.<\/span><\/p>\n<p class=\"p1\"><span class=\"s1\"><i>Importante: sendo um plug-in desenvolvido pelo fabricante das c\u00e2meras (Sony, RED etc) e n\u00e3o pela Avid, ainda \u00e9 preciso que estas empresas fa\u00e7am uma nova vers\u00e3o de seus plug-ins para aceitar essa nova fun\u00e7\u00e3o.<\/i><\/span><\/p>\n<p class=\"p1\"><span class=\"s1\"><b>AS-02 Volumes<\/b><\/span><\/p>\n<p class=\"p1\"><span class=\"s1\">AS-02 \u00e9 um m\u00e9todo para agrupar m\u00faltiplas vers\u00f5es de um programa num \u00fanico pacote. Por exemplo, no caso de uma sequ\u00eancia que ser\u00e1 editada com uma vers\u00f5es de \u00e1udio e t\u00edtulos em portugu\u00eas e espanhol, utilizando um AS-02 Volume, ser\u00e1 poss\u00edvel ter todas as sequ\u00eancias num \u00fanico pacote sem a necessidade de redund\u00e2ncia das outras medias.<\/span><\/p>\n<p class=\"p1\"><span class=\"s1\">\u00c9 uma excelente op\u00e7\u00e3o para diversos casos e em poucas palavras, as principais vantagens s\u00e3o:<\/span><\/p>\n<ul>\n<li class=\"li1\"><span class=\"s1\">Velocidade na hora de exportar sequ\u00eancias<\/span><\/li>\n<li class=\"li1\"><span class=\"s1\">Redu\u00e7\u00e3o de consumo de disco.<\/span><\/li>\n<li class=\"li1\"><span class=\"s1\">Edi\u00e7\u00f5es mais r\u00e1pidas<\/span><\/li>\n<\/ul>\n<p class=\"p1\"><span class=\"s1\"><b>Conclus\u00e3o:<\/b><\/span><\/p>\n<p class=\"p1\"><span class=\"s1\">N\u00e3o existe nenhuma revolu\u00e7\u00e3o tecnologica no Media Composer 6.5, mas \u00e9 um upgrade v\u00e1lido. Existem diversos ajustes que n\u00e3o foram cobertos neste artigo como o acesso direto para edi\u00e7\u00e3o de um t\u00edtulo com bot\u00e3o direito e a possibilidade de selecionar clips n\u00e3o adjacentes. Aconselho a todos a experimentar os recursos da nova vers\u00e3o fazendo o download da vers\u00e3o gratuita de demonstra\u00e7\u00e3o pelo site da Avid. <\/span><\/p>\n<p class=\"p1\"><span class=\"s1\">Abra\u00e7os e at\u00e9 a pr\u00f3xima<\/span><\/p>\n<p class=\"p1\"><strong><a href=\"http:\/\/proclass.com.br\/home\/wp-content\/uploads\/2012\/11\/cris3x4.jpg\"><img loading=\"lazy\" decoding=\"async\" class=\"alignleft\" title=\"cris3x4\" src=\"http:\/\/proclass.com.br\/home\/wp-content\/uploads\/2012\/11\/cris3x4.jpg\" alt=\"\" width=\"62\" height=\"83\" \/><\/a>Cristiano Moura<\/strong>\u00a0\u00e9 um instrutor certificado pela Avid em Media Composer e ministra treinamentos oficiais de certifica\u00e7\u00e3o Avid em todo o Brasil pelo centro de treinamentos<a href=\"http:\/\/www.proclass.com.br\" target=\"_blank\" rel=\"noopener\">\u00a0ProClass<\/a>, com sede no Rio de Janeiro.<\/p>\n","protected":false},"excerpt":{"rendered":"<p>Artigo publicado na Revista Luz e Cena Para conhecer mais sobre a revista,\u00a0clique aqui. Para treinamentos e certifica\u00e7\u00f5es oficiais Avid Media Composer, clique aqui. No come\u00e7o de setembro, a Avid anunciou a atualiza\u00e7\u00e3o do Media Composer. N\u00e3o \u00e9 necessariamente um upgrade de grande porte, mas ainda assim, fun\u00e7\u00f5es interessantes foram implementados e podem ser \u00fateisContinue reading &rarr;<\/p>\n","protected":false},"author":4,"featured_media":9985,"comment_status":"closed","ping_status":"closed","sticky":false,"template":"","format":"standard","meta":{"footnotes":""},"categories":[17,797,1],"tags":[],"class_list":["post-9980","post","type-post","status-publish","format-standard","has-post-thumbnail","hentry","category-artigos","category-avid-media-composer-2","category-novidades","has-thumb"],"yoast_head":"<!-- This site is optimized with the Yoast SEO plugin v26.9 - https:\/\/yoast.com\/product\/yoast-seo-wordpress\/ -->\n<title>Mudan\u00e7as no Media Composer 6.5 - PROCLASS<\/title>\n<meta name=\"robots\" content=\"index, follow, max-snippet:-1, max-image-preview:large, max-video-preview:-1\" \/>\n<link rel=\"canonical\" href=\"https:\/\/proclass.com.br\/home\/2018\/06\/mudancas-no-media-composer-6-5-2\/\" \/>\n<meta property=\"og:locale\" content=\"pt_BR\" \/>\n<meta property=\"og:type\" content=\"article\" \/>\n<meta property=\"og:title\" content=\"Mudan\u00e7as no Media Composer 6.5 - PROCLASS\" \/>\n<meta property=\"og:description\" content=\"Artigo publicado na Revista Luz e Cena Para conhecer mais sobre a revista,\u00a0clique aqui. Para treinamentos e certifica\u00e7\u00f5es oficiais Avid Media Composer, clique aqui. No come\u00e7o de setembro, a Avid anunciou a atualiza\u00e7\u00e3o do Media Composer. N\u00e3o \u00e9 necessariamente um upgrade de grande porte, mas ainda assim, fun\u00e7\u00f5es interessantes foram implementados e podem ser \u00fateisContinue reading &rarr;\" \/>\n<meta property=\"og:url\" content=\"https:\/\/proclass.com.br\/home\/2018\/06\/mudancas-no-media-composer-6-5-2\/\" \/>\n<meta property=\"og:site_name\" content=\"PROCLASS\" \/>\n<meta property=\"article:published_time\" content=\"2018-06-25T18:18:14+00:00\" \/>\n<meta property=\"og:image\" content=\"https:\/\/proclass.com.br\/home\/wp-content\/uploads\/2018\/06\/fig.5-mc6-hardware-1.jpeg\" \/>\n\t<meta property=\"og:image:width\" content=\"641\" \/>\n\t<meta property=\"og:image:height\" content=\"228\" \/>\n\t<meta property=\"og:image:type\" content=\"image\/jpeg\" \/>\n<meta name=\"author\" content=\"ProClass Treinamentos\" \/>\n<meta name=\"twitter:card\" content=\"summary_large_image\" \/>\n<meta name=\"twitter:label1\" content=\"Escrito por\" \/>\n\t<meta name=\"twitter:data1\" content=\"ProClass Treinamentos\" \/>\n\t<meta name=\"twitter:label2\" content=\"Est. tempo de leitura\" \/>\n\t<meta name=\"twitter:data2\" content=\"5 minutos\" \/>\n<script type=\"application\/ld+json\" class=\"yoast-schema-graph\">{\"@context\":\"https:\/\/schema.org\",\"@graph\":[{\"@type\":\"Article\",\"@id\":\"https:\/\/proclass.com.br\/home\/2018\/06\/mudancas-no-media-composer-6-5-2\/#article\",\"isPartOf\":{\"@id\":\"https:\/\/proclass.com.br\/home\/2018\/06\/mudancas-no-media-composer-6-5-2\/\"},\"author\":{\"name\":\"ProClass Treinamentos\",\"@id\":\"https:\/\/proclass.com.br\/home\/#\/schema\/person\/f89e1eb93d5d32c0bb465c52f87f5a00\"},\"headline\":\"Mudan\u00e7as no Media Composer 6.5\",\"datePublished\":\"2018-06-25T18:18:14+00:00\",\"mainEntityOfPage\":{\"@id\":\"https:\/\/proclass.com.br\/home\/2018\/06\/mudancas-no-media-composer-6-5-2\/\"},\"wordCount\":1077,\"publisher\":{\"@id\":\"https:\/\/proclass.com.br\/home\/#organization\"},\"image\":{\"@id\":\"https:\/\/proclass.com.br\/home\/2018\/06\/mudancas-no-media-composer-6-5-2\/#primaryimage\"},\"thumbnailUrl\":\"https:\/\/proclass.com.br\/home\/wp-content\/uploads\/2018\/06\/fig.5-mc6-hardware-1.jpeg\",\"articleSection\":[\"Artigos\",\"Avid Media Composer\",\"Novidades\"],\"inLanguage\":\"pt-BR\"},{\"@type\":\"WebPage\",\"@id\":\"https:\/\/proclass.com.br\/home\/2018\/06\/mudancas-no-media-composer-6-5-2\/\",\"url\":\"https:\/\/proclass.com.br\/home\/2018\/06\/mudancas-no-media-composer-6-5-2\/\",\"name\":\"Mudan\u00e7as no Media Composer 6.5 - PROCLASS\",\"isPartOf\":{\"@id\":\"https:\/\/proclass.com.br\/home\/#website\"},\"primaryImageOfPage\":{\"@id\":\"https:\/\/proclass.com.br\/home\/2018\/06\/mudancas-no-media-composer-6-5-2\/#primaryimage\"},\"image\":{\"@id\":\"https:\/\/proclass.com.br\/home\/2018\/06\/mudancas-no-media-composer-6-5-2\/#primaryimage\"},\"thumbnailUrl\":\"https:\/\/proclass.com.br\/home\/wp-content\/uploads\/2018\/06\/fig.5-mc6-hardware-1.jpeg\",\"datePublished\":\"2018-06-25T18:18:14+00:00\",\"breadcrumb\":{\"@id\":\"https:\/\/proclass.com.br\/home\/2018\/06\/mudancas-no-media-composer-6-5-2\/#breadcrumb\"},\"inLanguage\":\"pt-BR\",\"potentialAction\":[{\"@type\":\"ReadAction\",\"target\":[\"https:\/\/proclass.com.br\/home\/2018\/06\/mudancas-no-media-composer-6-5-2\/\"]}]},{\"@type\":\"ImageObject\",\"inLanguage\":\"pt-BR\",\"@id\":\"https:\/\/proclass.com.br\/home\/2018\/06\/mudancas-no-media-composer-6-5-2\/#primaryimage\",\"url\":\"https:\/\/proclass.com.br\/home\/wp-content\/uploads\/2018\/06\/fig.5-mc6-hardware-1.jpeg\",\"contentUrl\":\"https:\/\/proclass.com.br\/home\/wp-content\/uploads\/2018\/06\/fig.5-mc6-hardware-1.jpeg\",\"width\":641,\"height\":228,\"caption\":\"fig.5 - mc6 hardware 1\"},{\"@type\":\"BreadcrumbList\",\"@id\":\"https:\/\/proclass.com.br\/home\/2018\/06\/mudancas-no-media-composer-6-5-2\/#breadcrumb\",\"itemListElement\":[{\"@type\":\"ListItem\",\"position\":1,\"name\":\"In\u00edcio\",\"item\":\"https:\/\/proclass.com.br\/home\/\"},{\"@type\":\"ListItem\",\"position\":2,\"name\":\"Mudan\u00e7as no Media Composer 6.5\"}]},{\"@type\":\"WebSite\",\"@id\":\"https:\/\/proclass.com.br\/home\/#website\",\"url\":\"https:\/\/proclass.com.br\/home\/\",\"name\":\"PROCLASS\",\"description\":\"CURSOS E TREINAMENTOS\",\"publisher\":{\"@id\":\"https:\/\/proclass.com.br\/home\/#organization\"},\"potentialAction\":[{\"@type\":\"SearchAction\",\"target\":{\"@type\":\"EntryPoint\",\"urlTemplate\":\"https:\/\/proclass.com.br\/home\/?s={search_term_string}\"},\"query-input\":{\"@type\":\"PropertyValueSpecification\",\"valueRequired\":true,\"valueName\":\"search_term_string\"}}],\"inLanguage\":\"pt-BR\"},{\"@type\":\"Organization\",\"@id\":\"https:\/\/proclass.com.br\/home\/#organization\",\"name\":\"PROCLASS\",\"url\":\"https:\/\/proclass.com.br\/home\/\",\"logo\":{\"@type\":\"ImageObject\",\"inLanguage\":\"pt-BR\",\"@id\":\"https:\/\/proclass.com.br\/home\/#\/schema\/logo\/image\/\",\"url\":\"https:\/\/proclass.com.br\/home\/wp-content\/uploads\/2023\/06\/CABECALHO-black_PROCLASS-2023.png\",\"contentUrl\":\"https:\/\/proclass.com.br\/home\/wp-content\/uploads\/2023\/06\/CABECALHO-black_PROCLASS-2023.png\",\"width\":2563,\"height\":911,\"caption\":\"PROCLASS\"},\"image\":{\"@id\":\"https:\/\/proclass.com.br\/home\/#\/schema\/logo\/image\/\"}},{\"@type\":\"Person\",\"@id\":\"https:\/\/proclass.com.br\/home\/#\/schema\/person\/f89e1eb93d5d32c0bb465c52f87f5a00\",\"name\":\"ProClass Treinamentos\",\"image\":{\"@type\":\"ImageObject\",\"inLanguage\":\"pt-BR\",\"@id\":\"https:\/\/proclass.com.br\/home\/#\/schema\/person\/image\/\",\"url\":\"https:\/\/secure.gravatar.com\/avatar\/3878d7a575c7ac355d2c778d5de04af08b7c5a7d9f19b2889f26cc7d80a6a832?s=96&d=blank&r=g\",\"contentUrl\":\"https:\/\/secure.gravatar.com\/avatar\/3878d7a575c7ac355d2c778d5de04af08b7c5a7d9f19b2889f26cc7d80a6a832?s=96&d=blank&r=g\",\"caption\":\"ProClass Treinamentos\"},\"url\":\"https:\/\/proclass.com.br\/home\/author\/proclass\/\"}]}<\/script>\n<!-- \/ Yoast SEO plugin. -->","yoast_head_json":{"title":"Mudan\u00e7as no Media Composer 6.5 - PROCLASS","robots":{"index":"index","follow":"follow","max-snippet":"max-snippet:-1","max-image-preview":"max-image-preview:large","max-video-preview":"max-video-preview:-1"},"canonical":"https:\/\/proclass.com.br\/home\/2018\/06\/mudancas-no-media-composer-6-5-2\/","og_locale":"pt_BR","og_type":"article","og_title":"Mudan\u00e7as no Media Composer 6.5 - PROCLASS","og_description":"Artigo publicado na Revista Luz e Cena Para conhecer mais sobre a revista,\u00a0clique aqui. Para treinamentos e certifica\u00e7\u00f5es oficiais Avid Media Composer, clique aqui. No come\u00e7o de setembro, a Avid anunciou a atualiza\u00e7\u00e3o do Media Composer. N\u00e3o \u00e9 necessariamente um upgrade de grande porte, mas ainda assim, fun\u00e7\u00f5es interessantes foram implementados e podem ser \u00fateisContinue reading &rarr;","og_url":"https:\/\/proclass.com.br\/home\/2018\/06\/mudancas-no-media-composer-6-5-2\/","og_site_name":"PROCLASS","article_published_time":"2018-06-25T18:18:14+00:00","og_image":[{"width":641,"height":228,"url":"https:\/\/proclass.com.br\/home\/wp-content\/uploads\/2018\/06\/fig.5-mc6-hardware-1.jpeg","type":"image\/jpeg"}],"author":"ProClass Treinamentos","twitter_card":"summary_large_image","twitter_misc":{"Escrito por":"ProClass Treinamentos","Est. tempo de leitura":"5 minutos"},"schema":{"@context":"https:\/\/schema.org","@graph":[{"@type":"Article","@id":"https:\/\/proclass.com.br\/home\/2018\/06\/mudancas-no-media-composer-6-5-2\/#article","isPartOf":{"@id":"https:\/\/proclass.com.br\/home\/2018\/06\/mudancas-no-media-composer-6-5-2\/"},"author":{"name":"ProClass Treinamentos","@id":"https:\/\/proclass.com.br\/home\/#\/schema\/person\/f89e1eb93d5d32c0bb465c52f87f5a00"},"headline":"Mudan\u00e7as no Media Composer 6.5","datePublished":"2018-06-25T18:18:14+00:00","mainEntityOfPage":{"@id":"https:\/\/proclass.com.br\/home\/2018\/06\/mudancas-no-media-composer-6-5-2\/"},"wordCount":1077,"publisher":{"@id":"https:\/\/proclass.com.br\/home\/#organization"},"image":{"@id":"https:\/\/proclass.com.br\/home\/2018\/06\/mudancas-no-media-composer-6-5-2\/#primaryimage"},"thumbnailUrl":"https:\/\/proclass.com.br\/home\/wp-content\/uploads\/2018\/06\/fig.5-mc6-hardware-1.jpeg","articleSection":["Artigos","Avid Media Composer","Novidades"],"inLanguage":"pt-BR"},{"@type":"WebPage","@id":"https:\/\/proclass.com.br\/home\/2018\/06\/mudancas-no-media-composer-6-5-2\/","url":"https:\/\/proclass.com.br\/home\/2018\/06\/mudancas-no-media-composer-6-5-2\/","name":"Mudan\u00e7as no Media Composer 6.5 - PROCLASS","isPartOf":{"@id":"https:\/\/proclass.com.br\/home\/#website"},"primaryImageOfPage":{"@id":"https:\/\/proclass.com.br\/home\/2018\/06\/mudancas-no-media-composer-6-5-2\/#primaryimage"},"image":{"@id":"https:\/\/proclass.com.br\/home\/2018\/06\/mudancas-no-media-composer-6-5-2\/#primaryimage"},"thumbnailUrl":"https:\/\/proclass.com.br\/home\/wp-content\/uploads\/2018\/06\/fig.5-mc6-hardware-1.jpeg","datePublished":"2018-06-25T18:18:14+00:00","breadcrumb":{"@id":"https:\/\/proclass.com.br\/home\/2018\/06\/mudancas-no-media-composer-6-5-2\/#breadcrumb"},"inLanguage":"pt-BR","potentialAction":[{"@type":"ReadAction","target":["https:\/\/proclass.com.br\/home\/2018\/06\/mudancas-no-media-composer-6-5-2\/"]}]},{"@type":"ImageObject","inLanguage":"pt-BR","@id":"https:\/\/proclass.com.br\/home\/2018\/06\/mudancas-no-media-composer-6-5-2\/#primaryimage","url":"https:\/\/proclass.com.br\/home\/wp-content\/uploads\/2018\/06\/fig.5-mc6-hardware-1.jpeg","contentUrl":"https:\/\/proclass.com.br\/home\/wp-content\/uploads\/2018\/06\/fig.5-mc6-hardware-1.jpeg","width":641,"height":228,"caption":"fig.5 - mc6 hardware 1"},{"@type":"BreadcrumbList","@id":"https:\/\/proclass.com.br\/home\/2018\/06\/mudancas-no-media-composer-6-5-2\/#breadcrumb","itemListElement":[{"@type":"ListItem","position":1,"name":"In\u00edcio","item":"https:\/\/proclass.com.br\/home\/"},{"@type":"ListItem","position":2,"name":"Mudan\u00e7as no Media Composer 6.5"}]},{"@type":"WebSite","@id":"https:\/\/proclass.com.br\/home\/#website","url":"https:\/\/proclass.com.br\/home\/","name":"PROCLASS","description":"CURSOS E TREINAMENTOS","publisher":{"@id":"https:\/\/proclass.com.br\/home\/#organization"},"potentialAction":[{"@type":"SearchAction","target":{"@type":"EntryPoint","urlTemplate":"https:\/\/proclass.com.br\/home\/?s={search_term_string}"},"query-input":{"@type":"PropertyValueSpecification","valueRequired":true,"valueName":"search_term_string"}}],"inLanguage":"pt-BR"},{"@type":"Organization","@id":"https:\/\/proclass.com.br\/home\/#organization","name":"PROCLASS","url":"https:\/\/proclass.com.br\/home\/","logo":{"@type":"ImageObject","inLanguage":"pt-BR","@id":"https:\/\/proclass.com.br\/home\/#\/schema\/logo\/image\/","url":"https:\/\/proclass.com.br\/home\/wp-content\/uploads\/2023\/06\/CABECALHO-black_PROCLASS-2023.png","contentUrl":"https:\/\/proclass.com.br\/home\/wp-content\/uploads\/2023\/06\/CABECALHO-black_PROCLASS-2023.png","width":2563,"height":911,"caption":"PROCLASS"},"image":{"@id":"https:\/\/proclass.com.br\/home\/#\/schema\/logo\/image\/"}},{"@type":"Person","@id":"https:\/\/proclass.com.br\/home\/#\/schema\/person\/f89e1eb93d5d32c0bb465c52f87f5a00","name":"ProClass Treinamentos","image":{"@type":"ImageObject","inLanguage":"pt-BR","@id":"https:\/\/proclass.com.br\/home\/#\/schema\/person\/image\/","url":"https:\/\/secure.gravatar.com\/avatar\/3878d7a575c7ac355d2c778d5de04af08b7c5a7d9f19b2889f26cc7d80a6a832?s=96&d=blank&r=g","contentUrl":"https:\/\/secure.gravatar.com\/avatar\/3878d7a575c7ac355d2c778d5de04af08b7c5a7d9f19b2889f26cc7d80a6a832?s=96&d=blank&r=g","caption":"ProClass Treinamentos"},"url":"https:\/\/proclass.com.br\/home\/author\/proclass\/"}]}},"_links":{"self":[{"href":"https:\/\/proclass.com.br\/home\/wp-json\/wp\/v2\/posts\/9980","targetHints":{"allow":["GET"]}}],"collection":[{"href":"https:\/\/proclass.com.br\/home\/wp-json\/wp\/v2\/posts"}],"about":[{"href":"https:\/\/proclass.com.br\/home\/wp-json\/wp\/v2\/types\/post"}],"author":[{"embeddable":true,"href":"https:\/\/proclass.com.br\/home\/wp-json\/wp\/v2\/users\/4"}],"replies":[{"embeddable":true,"href":"https:\/\/proclass.com.br\/home\/wp-json\/wp\/v2\/comments?post=9980"}],"version-history":[{"count":0,"href":"https:\/\/proclass.com.br\/home\/wp-json\/wp\/v2\/posts\/9980\/revisions"}],"wp:featuredmedia":[{"embeddable":true,"href":"https:\/\/proclass.com.br\/home\/wp-json\/wp\/v2\/media\/9985"}],"wp:attachment":[{"href":"https:\/\/proclass.com.br\/home\/wp-json\/wp\/v2\/media?parent=9980"}],"wp:term":[{"taxonomy":"category","embeddable":true,"href":"https:\/\/proclass.com.br\/home\/wp-json\/wp\/v2\/categories?post=9980"},{"taxonomy":"post_tag","embeddable":true,"href":"https:\/\/proclass.com.br\/home\/wp-json\/wp\/v2\/tags?post=9980"}],"curies":[{"name":"wp","href":"https:\/\/api.w.org\/{rel}","templated":true}]}}