{"id":9945,"date":"2018-06-22T17:07:36","date_gmt":"2018-06-22T20:07:36","guid":{"rendered":"http:\/\/proclass.com.br\/home\/?p=9945"},"modified":"2018-06-22T17:07:36","modified_gmt":"2018-06-22T20:07:36","slug":"conversando-com-outros-softwares","status":"publish","type":"post","link":"https:\/\/proclass.com.br\/home\/2018\/06\/conversando-com-outros-softwares\/","title":{"rendered":"Conversando com outros softwares"},"content":{"rendered":"<p><a href=\"http:\/\/proclass.com.br\/home\/wp-content\/uploads\/2015\/03\/logo_backstage.png\"><img decoding=\"async\" class=\"aligncenter wp-image-4341\" src=\"http:\/\/proclass.com.br\/home\/wp-content\/uploads\/2015\/03\/logo_backstage.png\" alt=\"logo_backstage\" width=\"364\" height=\"91\" srcset=\"https:\/\/proclass.com.br\/home\/wp-content\/uploads\/2015\/03\/logo_backstage.png 432w, https:\/\/proclass.com.br\/home\/wp-content\/uploads\/2015\/03\/logo_backstage-300x75.png 300w, https:\/\/proclass.com.br\/home\/wp-content\/uploads\/2015\/03\/logo_backstage-100x25.png 100w\" sizes=\"(max-width: 364px) 100vw, 364px\" \/><\/a><\/p>\n<p style=\"text-align: left;\">Artigo publicado na Backstage.\u00a0Para conhecer mais sobre a revista,\u00a0<a href=\"http:\/\/backstage.com.br\/\" target=\"_blank\" rel=\"noopener\">clique aqui.<\/a><\/p>\n<p style=\"text-align: left;\">Para saber mais sobre treinamentos e certifica\u00e7\u00f5es oficiais em Waves, Pro Tools, Sibelius ou outros treinamentos em \u00e1udio,\u00a0<a href=\"http:\/\/proclass.com.br\/home\/certificacoes\/waves\/waves-certification-program\/\" target=\"_blank\" rel=\"noopener\">clique aqui<\/a>.<\/p>\n<p>&nbsp;<\/p>\n<p class=\"p1\"><b><i>Como levar e receber projetos do Logic, Cubase e editores de v\u00eddeo<\/i><\/b><\/p>\n<p class=\"p2\">Existem muitos motivos pelos quais o Pro Tools se tornou um padr\u00e3o de mercado.<\/p>\n<p class=\"p2\">Um deles, \u00e9 por conta da compatibilidade entre est\u00fadios, produtoras e m\u00fasicos que gravam no seu pr\u00f3prio homestudio.<\/p>\n<p class=\"p2\">Por\u00e9m, e se um produtor quiser gravar e editar em um est\u00fadio de grande porte com Pro Tools, para usufruir de diversos microfones e preamps, mas quer mixar em casa, usando Logic Pro?<\/p>\n<p class=\"p2\">Outra quest\u00e3o: e se voc\u00ea gosta de editar v\u00eddeos, como faria para levar todas as suas pistas de \u00e1udio para o Pro Tools para fazer uma boa sonoriza\u00e7\u00e3o e tratamento de \u00e1udio?<\/p>\n<p class=\"p2\">Estes s\u00e3o apenas dois, dos muitos casos em que ser\u00e1 necess\u00e1rio que voc\u00ea domine as possibilidades e recursos da transfer\u00eancia de projetos entre softwares, e \u00e9 isso que vamos estudar neste artigo!<\/p>\n<p class=\"p1\"><b><i>Entendendo o processo, para entender as necessidades<\/i><\/b><\/p>\n<p class=\"p2\">Vamos separar os est\u00e1gios b\u00e1sicos de uma produ\u00e7\u00e3o em tr\u00eas partes: grava\u00e7\u00e3o, edi\u00e7\u00e3o e mixagem.<\/p>\n<p class=\"p2\">\u00c9 importante ent\u00e3o, primeiro definir em que est\u00e1gio voc\u00ea est\u00e1 e o que precisa ser transferido.<\/p>\n<p class=\"p2\">Outro fator a ser considerado s\u00e3o as especifica\u00e7\u00f5es dos arquivos de \u00e1udio. S\u00e3o tr\u00eas caracter\u00edsticas que voc\u00ea precisa ter consci\u00eancia: tipo de arquivo (File Type), taxa de amostragem (Sample Rate) e quantiza\u00e7\u00e3o (Bit Depth).<\/p>\n<p class=\"p2\">\u00c9 importante confirmar se os dois softwares s\u00e3o capazes de trabalhar com as mesmas especifica\u00e7\u00f5es. Caso contr\u00e1rio, ser\u00e1 necess\u00e1rio converter os arquivos.<\/p>\n<p class=\"p1\"><b><i>Transferindo apenas arquivos de \u00e1udio<\/i><\/b><\/p>\n<p class=\"p2\">Se voc\u00ea apenas na fase da grava\u00e7\u00e3o, o processo \u00e9 bem simples, pois voc\u00ea usou pouqu\u00edssimos recursos do seu software e apenas precisa transferir os arquivos de \u00e1udio.<\/p>\n<p class=\"p2\">Mas basta ir na pasta de \u00e1udio, copiar o material e importar em outro software? Nem sempre.<\/p>\n<p class=\"p2\">Na maioria dos casos, o m\u00fasico n\u00e3o executou tudo em apenas um take. Geralmente fazemos a grava\u00e7\u00e3o em \u201cemendas\u201d (overdubs), que \u00e9 a op\u00e7\u00e3o de manter um trecho da grava\u00e7\u00e3o que ficou bom, mas regravar outro que ficou ruim (fig. 1).<\/p>\n<div id=\"attachment_9946\" style=\"width: 511px\" class=\"wp-caption aligncenter\"><img fetchpriority=\"high\" decoding=\"async\" aria-describedby=\"caption-attachment-9946\" class=\" wp-image-9946\" src=\"http:\/\/proclass.com.br\/home\/wp-content\/uploads\/2018\/06\/Fig.-1-Gravac\u0327a\u0303o-com-cortes-1024x461.png\" alt=\"\" width=\"501\" height=\"226\" srcset=\"https:\/\/proclass.com.br\/home\/wp-content\/uploads\/2018\/06\/Fig.-1-Gravac\u0327a\u0303o-com-cortes-1024x461.png 1024w, https:\/\/proclass.com.br\/home\/wp-content\/uploads\/2018\/06\/Fig.-1-Gravac\u0327a\u0303o-com-cortes-300x135.png 300w, https:\/\/proclass.com.br\/home\/wp-content\/uploads\/2018\/06\/Fig.-1-Gravac\u0327a\u0303o-com-cortes-768x346.png 768w\" sizes=\"(max-width: 501px) 100vw, 501px\" \/><p id=\"caption-attachment-9946\" class=\"wp-caption-text\">Fig. 1 &#8211; Gravac\u0327a\u0303o com cortes<\/p><\/div>\n<p class=\"p2\">Isso gera um problema, pois os arquivos v\u00e3o ter in\u00edcio diferente. Ent\u00e3o eles precisam ser importados, por\u00e9m mantendo seus pontos de sincronismo mantidos.<\/p>\n<p class=\"p2\">Ent\u00e3o uma estrat\u00e9gia v\u00e1lida neste caso \u00e9 unificar todos os cortes em um \u00fanico \u00e1udio. Para isso, usamos um processo chamado de Consolidate (fig. 2) no Pro Tools ou Bounce em outros softwares (fig. 3).<\/p>\n<div id=\"attachment_9947\" style=\"width: 448px\" class=\"wp-caption aligncenter\"><img decoding=\"async\" aria-describedby=\"caption-attachment-9947\" class=\" wp-image-9947\" src=\"http:\/\/proclass.com.br\/home\/wp-content\/uploads\/2018\/06\/Fig.-2-Consolidate-Clip-772x1024.png\" alt=\"\" width=\"438\" height=\"581\" srcset=\"https:\/\/proclass.com.br\/home\/wp-content\/uploads\/2018\/06\/Fig.-2-Consolidate-Clip-772x1024.png 772w, https:\/\/proclass.com.br\/home\/wp-content\/uploads\/2018\/06\/Fig.-2-Consolidate-Clip-226x300.png 226w, https:\/\/proclass.com.br\/home\/wp-content\/uploads\/2018\/06\/Fig.-2-Consolidate-Clip-768x1018.png 768w, https:\/\/proclass.com.br\/home\/wp-content\/uploads\/2018\/06\/Fig.-2-Consolidate-Clip.png 1038w\" sizes=\"(max-width: 438px) 100vw, 438px\" \/><p id=\"caption-attachment-9947\" class=\"wp-caption-text\">Fig. 2 &#8211; Consolidate Clip<\/p><\/div>\n<div id=\"attachment_9948\" style=\"width: 239px\" class=\"wp-caption aligncenter\"><img loading=\"lazy\" decoding=\"async\" aria-describedby=\"caption-attachment-9948\" class=\"size-full wp-image-9948\" src=\"http:\/\/proclass.com.br\/home\/wp-content\/uploads\/2018\/06\/Fig.-3-Cubase-Bounce-Selection.png\" alt=\"\" width=\"229\" height=\"376\" srcset=\"https:\/\/proclass.com.br\/home\/wp-content\/uploads\/2018\/06\/Fig.-3-Cubase-Bounce-Selection.png 229w, https:\/\/proclass.com.br\/home\/wp-content\/uploads\/2018\/06\/Fig.-3-Cubase-Bounce-Selection-183x300.png 183w\" sizes=\"(max-width: 229px) 100vw, 229px\" \/><p id=\"caption-attachment-9948\" class=\"wp-caption-text\">Fig. 3 &#8211; Cubase Bounce Selection<\/p><\/div>\n<p class=\"p2\">O ideal ent\u00e3o \u00e9 que todos os arquivos estejam unificados e iniciando exatamente na mesma hora. Veja bem, mesmo que uma pista tenha \u00e1udio apenas no meio da sess\u00e3o, \u00e9 importante fazer um consolidate com o mesmo in\u00edcio das outras pistas, mesmo que seja preenchendo com sil\u00eancio. (fig. 4)<\/p>\n<div id=\"attachment_9949\" style=\"width: 511px\" class=\"wp-caption aligncenter\"><img loading=\"lazy\" decoding=\"async\" aria-describedby=\"caption-attachment-9949\" class=\" wp-image-9949\" src=\"http:\/\/proclass.com.br\/home\/wp-content\/uploads\/2018\/06\/Fig.-4-Clips-consolidados-e-iniciando-na-mesma-posic\u0327a\u0303o-1024x459.png\" alt=\"\" width=\"501\" height=\"225\" srcset=\"https:\/\/proclass.com.br\/home\/wp-content\/uploads\/2018\/06\/Fig.-4-Clips-consolidados-e-iniciando-na-mesma-posic\u0327a\u0303o-1024x459.png 1024w, https:\/\/proclass.com.br\/home\/wp-content\/uploads\/2018\/06\/Fig.-4-Clips-consolidados-e-iniciando-na-mesma-posic\u0327a\u0303o-300x134.png 300w, https:\/\/proclass.com.br\/home\/wp-content\/uploads\/2018\/06\/Fig.-4-Clips-consolidados-e-iniciando-na-mesma-posic\u0327a\u0303o-768x344.png 768w\" sizes=\"(max-width: 501px) 100vw, 501px\" \/><p id=\"caption-attachment-9949\" class=\"wp-caption-text\">Fig. 4 &#8211; Clips consolidados e iniciando na mesma posic\u0327a\u0303o<\/p><\/div>\n<p class=\"p2\">Estes arquivos consolidados podem agora ser facilmente exportados do Pro Tools atrav\u00e9s do comando Export Clips as Files, localizado no Pop-up Menu da Clip List (fig. 5).<\/p>\n<div id=\"attachment_9950\" style=\"width: 465px\" class=\"wp-caption aligncenter\"><img loading=\"lazy\" decoding=\"async\" aria-describedby=\"caption-attachment-9950\" class=\" wp-image-9950\" src=\"http:\/\/proclass.com.br\/home\/wp-content\/uploads\/2018\/06\/Fig.-5-Export-Select-Clips-as-Files-1024x897.png\" alt=\"\" width=\"455\" height=\"399\" srcset=\"https:\/\/proclass.com.br\/home\/wp-content\/uploads\/2018\/06\/Fig.-5-Export-Select-Clips-as-Files-1024x897.png 1024w, https:\/\/proclass.com.br\/home\/wp-content\/uploads\/2018\/06\/Fig.-5-Export-Select-Clips-as-Files-300x263.png 300w, https:\/\/proclass.com.br\/home\/wp-content\/uploads\/2018\/06\/Fig.-5-Export-Select-Clips-as-Files-768x673.png 768w, https:\/\/proclass.com.br\/home\/wp-content\/uploads\/2018\/06\/Fig.-5-Export-Select-Clips-as-Files.png 1114w\" sizes=\"(max-width: 455px) 100vw, 455px\" \/><p id=\"caption-attachment-9950\" class=\"wp-caption-text\">Fig. 5 &#8211; Export Select Clips as Files<\/p><\/div>\n<p class=\"p2\">Feito isso, basta criar uma sess\u00e3o no seu software de prefer\u00eancia e importar os arquivos.<\/p>\n<p class=\"p2\">Simples, r\u00e1pido e efetivo.<\/p>\n<p class=\"p2\">Mas \u00e9 perfeito? Certamente n\u00e3o, pois voc\u00ea n\u00e3o tem mais acesso aos cortes nem aos fades criados. Se tiver qualquer ru\u00eddo nas emendas, ou mesmo se for necess\u00e1rio refinar um pouco o \u00e1udio com o trim tool, n\u00e3o ser\u00e1 poss\u00edvel.<\/p>\n<p class=\"p2\">Ent\u00e3o, vamos aprender outro m\u00e9todo agora.<\/p>\n<p class=\"p1\"><b><i>Transfer\u00eancia de \u00e1udio, mantendo cortes e posi\u00e7\u00f5es de clips<\/i><\/b><\/p>\n<p class=\"p2\">Consolidar nem sempre \u00e9 a melhor solu\u00e7\u00e3o, principalmente quando temos muitas pistas, cortes e n\u00e3o tivemos tempo de conferir corte a corte em busca do melhor ponto de emenda.<\/p>\n<p class=\"p2\">Felizmente, existe um formato de transfer\u00eancia de projetos que preserva posi\u00e7\u00f5es e cortes, chamado de OMF.<\/p>\n<p class=\"p2\">O Pro Tools \u00e9 capaz de importar ou exportar OMF, e fica ent\u00e3o agora por sua conta pesquisar se seu outro software tamb\u00e9m tem as mesmas capacidades.<\/p>\n<p class=\"p2\">Um cuidado especial na gera\u00e7\u00e3o do OMF \u00e9 que existem dois sistemas: o arquivo com as informa\u00e7\u00f5es + arquivos de \u00e1udio separados em uma pasta, ou um arquivo \u00fanico, com todas as informa\u00e7\u00f5es e arquivos de \u00e1udio embutidos (embedded).<\/p>\n<p class=\"p2\">Apesar do segundo m\u00e9todo parecer mais pr\u00e1tico, costuma a dar mais defeito\u2026 ent\u00e3o por precau\u00e7\u00e3o, prefira sempre a op\u00e7\u00e3o do arquivo OMF separado dos arquivos de \u00e1udio.<\/p>\n<p class=\"p2\">Voc\u00ea pode encontrar esta op\u00e7\u00e3o no Pro Tools pelo menu File &gt; Export &gt; Selected Tracks as New AAF\/OMF. (fig. 6):<\/p>\n<div id=\"attachment_9951\" style=\"width: 417px\" class=\"wp-caption aligncenter\"><img loading=\"lazy\" decoding=\"async\" aria-describedby=\"caption-attachment-9951\" class=\" wp-image-9951\" src=\"http:\/\/proclass.com.br\/home\/wp-content\/uploads\/2018\/06\/Fig.-6-Caixa-de-dia\u0301logo-de-configurac\u0327a\u0303o-de-AAF-e-OMF--699x1024.png\" alt=\"\" width=\"407\" height=\"596\" srcset=\"https:\/\/proclass.com.br\/home\/wp-content\/uploads\/2018\/06\/Fig.-6-Caixa-de-dia\u0301logo-de-configurac\u0327a\u0303o-de-AAF-e-OMF--699x1024.png 699w, https:\/\/proclass.com.br\/home\/wp-content\/uploads\/2018\/06\/Fig.-6-Caixa-de-dia\u0301logo-de-configurac\u0327a\u0303o-de-AAF-e-OMF--205x300.png 205w, https:\/\/proclass.com.br\/home\/wp-content\/uploads\/2018\/06\/Fig.-6-Caixa-de-dia\u0301logo-de-configurac\u0327a\u0303o-de-AAF-e-OMF--768x1124.png 768w, https:\/\/proclass.com.br\/home\/wp-content\/uploads\/2018\/06\/Fig.-6-Caixa-de-dia\u0301logo-de-configurac\u0327a\u0303o-de-AAF-e-OMF-.png 862w\" sizes=\"(max-width: 407px) 100vw, 407px\" \/><p id=\"caption-attachment-9951\" class=\"wp-caption-text\">Fig. 6 &#8211; Caixa de dia\u0301logo de configurac\u0327a\u0303o de AAF e OMF<\/p><\/div>\n<p class=\"p1\"><b><i>Editores de v\u00eddeo para o Pro Tools<\/i><\/b><\/p>\n<p class=\"p2\">Editores de v\u00eddeo tamb\u00e9m utilizam a exporta\u00e7\u00e3o via OMF para enviar suas pistas de \u00e1udio para os sonoplastas\/editores de som trabalharem em cima no Pro Tools. Como dito antes, manter cortes, fades e posi\u00e7\u00e3o dos clips \u00e9 bem importante para dar flexibilidade ao sonoplasta.<\/p>\n<p class=\"p2\">Mas voc\u00ea como respons\u00e1vel pela produ\u00e7\u00e3o sonora, pode pedir para editores que utilizam Avid Media Composer (fig. 7) e Adobe Premiere (fig. 8) o envio de um arquivo AAF, que n\u00e3o \u00e9 nada mais do que uma \u201cevolu\u00e7\u00e3o do OMF\u201d.<\/p>\n<div id=\"attachment_9952\" style=\"width: 522px\" class=\"wp-caption aligncenter\"><img loading=\"lazy\" decoding=\"async\" aria-describedby=\"caption-attachment-9952\" class=\" wp-image-9952\" src=\"http:\/\/proclass.com.br\/home\/wp-content\/uploads\/2018\/06\/Fig.-7-Avid-Media-Composer-1024x650.jpg\" alt=\"\" width=\"512\" height=\"325\" srcset=\"https:\/\/proclass.com.br\/home\/wp-content\/uploads\/2018\/06\/Fig.-7-Avid-Media-Composer-1024x650.jpg 1024w, https:\/\/proclass.com.br\/home\/wp-content\/uploads\/2018\/06\/Fig.-7-Avid-Media-Composer-300x191.jpg 300w, https:\/\/proclass.com.br\/home\/wp-content\/uploads\/2018\/06\/Fig.-7-Avid-Media-Composer-768x488.jpg 768w, https:\/\/proclass.com.br\/home\/wp-content\/uploads\/2018\/06\/Fig.-7-Avid-Media-Composer.jpg 1200w\" sizes=\"(max-width: 512px) 100vw, 512px\" \/><p id=\"caption-attachment-9952\" class=\"wp-caption-text\">Fig. 7 &#8211; Avid Media Composer<\/p><\/div>\n<div id=\"attachment_9953\" style=\"width: 523px\" class=\"wp-caption aligncenter\"><img loading=\"lazy\" decoding=\"async\" aria-describedby=\"caption-attachment-9953\" class=\" wp-image-9953\" src=\"http:\/\/proclass.com.br\/home\/wp-content\/uploads\/2018\/06\/Fig.-8-Adobe-Premiere-1024x576.png\" alt=\"\" width=\"513\" height=\"288\" srcset=\"https:\/\/proclass.com.br\/home\/wp-content\/uploads\/2018\/06\/Fig.-8-Adobe-Premiere-1024x576.png 1024w, https:\/\/proclass.com.br\/home\/wp-content\/uploads\/2018\/06\/Fig.-8-Adobe-Premiere-300x169.png 300w, https:\/\/proclass.com.br\/home\/wp-content\/uploads\/2018\/06\/Fig.-8-Adobe-Premiere-768x432.png 768w\" sizes=\"(max-width: 513px) 100vw, 513px\" \/><p id=\"caption-attachment-9953\" class=\"wp-caption-text\">Fig. 8 &#8211; Adobe Premiere<\/p><\/div>\n<p class=\"p2\">Com este formato, muito mais informa\u00e7\u00e3o \u00e9 transferida, principalmente se o editor de v\u00eddeo estiver utilizando o Avid Media Composer, que tamb\u00e9m \u00e9 do mesmo fabricante do Pro Tools.<\/p>\n<p class=\"p2\">Atrav\u00e9s deste m\u00e9todo, o sonoplasta tamb\u00e9m receber\u00e1 informa\u00e7\u00e3o de clip gain, efeitos AAX utilizados nas pistas, automa\u00e7\u00e3o, markers e muito mais.<\/p>\n<p class=\"p2\">Tamb\u00e9m permite criar gerar uma pista com clips vazios contendo todos os cortes da edi\u00e7\u00e3o de v\u00eddeo. Conseguir localizar facilmente os cortes de uma cena, \u00e9 uma vantagem enorme para o editor de som para v\u00eddeo.<\/p>\n<p class=\"p1\"><b><i>Iniciando uma mix em um software e concluindo em outro<\/i><\/b><\/p>\n<p class=\"p2\">Vale ressaltar, que ainda n\u00e3o h\u00e1 nenhuma maneira de manter a compatibilidade de plug-ins entre aplicativos como Pro Tools, Logic Pro X e Cubase por exemplo.<\/p>\n<p class=\"p2\">Ent\u00e3o iniciar uma mix em um software e concluir em outro \u00e9 ainda uma p\u00e9ssima id\u00e9ia. Voc\u00ea vai precisar anotar tudo que fez nos plug-ins no software de origem, e refazer no software de destino.<\/p>\n<p class=\"p2\">Talvez este seja um dos principais motivos pelo qual o Pro Tools acabou sendo adotado, mesmo por pessoas que nem gostam tanto assim do software.<\/p>\n<p class=\"p2\">Ent\u00e3o como pudemos observamos, temos algumas op\u00e7\u00f5es bem interessantes, mas n\u00e3o podemos ignorar o fato de que s\u00e3o apenas paliativos com alguns lados negativos dependendo do caso.<\/p>\n<p class=\"p2\">Acredito que todo profissional atuante no mercado, pode (e deve) produzir na sua ferramenta de prefer\u00eancia, mas ao mesmo tempo, tamb\u00e9m \u00e9 recomend\u00e1vel ter um sistema Pro Tools a disposi\u00e7\u00e3o e uma boa desenvoltura com o software. Sem isso, voc\u00ea corre o s\u00e9rio risco de perder um trabalho simplesmente porque o cliente iniciou o trabalho no Pro Tools e n\u00e3o quer lidar com os contratempos da transfer\u00eancia de arquivos mencionados acima.<\/p>\n<p class=\"p2\">Abra\u00e7os e at\u00e9 a pr\u00f3xima!<\/p>\n<p><i><a href=\"http:\/\/proclass.com.br\/home\/wp-content\/uploads\/2012\/08\/cris3x4-blog-proclass.jpg\"><img loading=\"lazy\" decoding=\"async\" class=\"alignleft wp-image-1057 size-full\" src=\"http:\/\/proclass.com.br\/home\/wp-content\/uploads\/2012\/08\/cris3x4-blog-proclass.jpg\" alt=\"cris3x4 blog proclass\" width=\"74\" height=\"99\" \/><\/a>Cristiano Moura \u00e9 produtor musical e instrutor certificado da Avid. Atualmente leciona cursos oficiais em Pro Tools, Waves, Sibelius e os treinamentos em mixagem na ProClass. Por meio da ProClass, oferece consultoria, treinamentos customizados em todo o Brasil.<\/i><\/p>\n","protected":false},"excerpt":{"rendered":"<p>Artigo publicado na Backstage.\u00a0Para conhecer mais sobre a revista,\u00a0clique aqui. Para saber mais sobre treinamentos e certifica\u00e7\u00f5es oficiais em Waves, Pro Tools, Sibelius ou outros treinamentos em \u00e1udio,\u00a0clique aqui. &nbsp; Como levar e receber projetos do Logic, Cubase e editores de v\u00eddeo Existem muitos motivos pelos quais o Pro Tools se tornou um padr\u00e3o deContinue reading &rarr;<\/p>\n","protected":false},"author":4,"featured_media":9952,"comment_status":"closed","ping_status":"closed","sticky":false,"template":"","format":"standard","meta":{"footnotes":""},"categories":[17,1000],"tags":[],"class_list":["post-9945","post","type-post","status-publish","format-standard","has-post-thumbnail","hentry","category-artigos","category-pro-tools-2","has-thumb"],"yoast_head":"<!-- This site is optimized with the Yoast SEO plugin v26.9 - https:\/\/yoast.com\/product\/yoast-seo-wordpress\/ -->\n<title>Conversando com outros softwares - PROCLASS<\/title>\n<meta name=\"robots\" content=\"index, follow, max-snippet:-1, max-image-preview:large, max-video-preview:-1\" \/>\n<link rel=\"canonical\" href=\"https:\/\/proclass.com.br\/home\/2018\/06\/conversando-com-outros-softwares\/\" \/>\n<meta property=\"og:locale\" content=\"pt_BR\" \/>\n<meta property=\"og:type\" content=\"article\" \/>\n<meta property=\"og:title\" content=\"Conversando com outros softwares - PROCLASS\" \/>\n<meta property=\"og:description\" content=\"Artigo publicado na Backstage.\u00a0Para conhecer mais sobre a revista,\u00a0clique aqui. Para saber mais sobre treinamentos e certifica\u00e7\u00f5es oficiais em Waves, Pro Tools, Sibelius ou outros treinamentos em \u00e1udio,\u00a0clique aqui. &nbsp; Como levar e receber projetos do Logic, Cubase e editores de v\u00eddeo Existem muitos motivos pelos quais o Pro Tools se tornou um padr\u00e3o deContinue reading &rarr;\" \/>\n<meta property=\"og:url\" content=\"https:\/\/proclass.com.br\/home\/2018\/06\/conversando-com-outros-softwares\/\" \/>\n<meta property=\"og:site_name\" content=\"PROCLASS\" \/>\n<meta property=\"article:published_time\" content=\"2018-06-22T20:07:36+00:00\" \/>\n<meta property=\"og:image\" content=\"https:\/\/proclass.com.br\/home\/wp-content\/uploads\/2018\/06\/Fig.-7-Avid-Media-Composer.jpg\" \/>\n\t<meta property=\"og:image:width\" content=\"1200\" \/>\n\t<meta property=\"og:image:height\" content=\"762\" \/>\n\t<meta property=\"og:image:type\" content=\"image\/jpeg\" \/>\n<meta name=\"author\" content=\"ProClass Treinamentos\" \/>\n<meta name=\"twitter:card\" content=\"summary_large_image\" \/>\n<meta name=\"twitter:label1\" content=\"Escrito por\" \/>\n\t<meta name=\"twitter:data1\" content=\"ProClass Treinamentos\" \/>\n\t<meta name=\"twitter:label2\" content=\"Est. tempo de leitura\" \/>\n\t<meta name=\"twitter:data2\" content=\"7 minutos\" \/>\n<script type=\"application\/ld+json\" class=\"yoast-schema-graph\">{\"@context\":\"https:\/\/schema.org\",\"@graph\":[{\"@type\":\"Article\",\"@id\":\"https:\/\/proclass.com.br\/home\/2018\/06\/conversando-com-outros-softwares\/#article\",\"isPartOf\":{\"@id\":\"https:\/\/proclass.com.br\/home\/2018\/06\/conversando-com-outros-softwares\/\"},\"author\":{\"name\":\"ProClass Treinamentos\",\"@id\":\"https:\/\/proclass.com.br\/home\/#\/schema\/person\/f89e1eb93d5d32c0bb465c52f87f5a00\"},\"headline\":\"Conversando com outros softwares\",\"datePublished\":\"2018-06-22T20:07:36+00:00\",\"mainEntityOfPage\":{\"@id\":\"https:\/\/proclass.com.br\/home\/2018\/06\/conversando-com-outros-softwares\/\"},\"wordCount\":1347,\"publisher\":{\"@id\":\"https:\/\/proclass.com.br\/home\/#organization\"},\"image\":{\"@id\":\"https:\/\/proclass.com.br\/home\/2018\/06\/conversando-com-outros-softwares\/#primaryimage\"},\"thumbnailUrl\":\"https:\/\/proclass.com.br\/home\/wp-content\/uploads\/2018\/06\/Fig.-7-Avid-Media-Composer.jpg\",\"articleSection\":[\"Artigos\",\"Pro Tools\"],\"inLanguage\":\"pt-BR\"},{\"@type\":\"WebPage\",\"@id\":\"https:\/\/proclass.com.br\/home\/2018\/06\/conversando-com-outros-softwares\/\",\"url\":\"https:\/\/proclass.com.br\/home\/2018\/06\/conversando-com-outros-softwares\/\",\"name\":\"Conversando com outros softwares - PROCLASS\",\"isPartOf\":{\"@id\":\"https:\/\/proclass.com.br\/home\/#website\"},\"primaryImageOfPage\":{\"@id\":\"https:\/\/proclass.com.br\/home\/2018\/06\/conversando-com-outros-softwares\/#primaryimage\"},\"image\":{\"@id\":\"https:\/\/proclass.com.br\/home\/2018\/06\/conversando-com-outros-softwares\/#primaryimage\"},\"thumbnailUrl\":\"https:\/\/proclass.com.br\/home\/wp-content\/uploads\/2018\/06\/Fig.-7-Avid-Media-Composer.jpg\",\"datePublished\":\"2018-06-22T20:07:36+00:00\",\"breadcrumb\":{\"@id\":\"https:\/\/proclass.com.br\/home\/2018\/06\/conversando-com-outros-softwares\/#breadcrumb\"},\"inLanguage\":\"pt-BR\",\"potentialAction\":[{\"@type\":\"ReadAction\",\"target\":[\"https:\/\/proclass.com.br\/home\/2018\/06\/conversando-com-outros-softwares\/\"]}]},{\"@type\":\"ImageObject\",\"inLanguage\":\"pt-BR\",\"@id\":\"https:\/\/proclass.com.br\/home\/2018\/06\/conversando-com-outros-softwares\/#primaryimage\",\"url\":\"https:\/\/proclass.com.br\/home\/wp-content\/uploads\/2018\/06\/Fig.-7-Avid-Media-Composer.jpg\",\"contentUrl\":\"https:\/\/proclass.com.br\/home\/wp-content\/uploads\/2018\/06\/Fig.-7-Avid-Media-Composer.jpg\",\"width\":1200,\"height\":762,\"caption\":\"Fig. 7 - Avid Media Composer\"},{\"@type\":\"BreadcrumbList\",\"@id\":\"https:\/\/proclass.com.br\/home\/2018\/06\/conversando-com-outros-softwares\/#breadcrumb\",\"itemListElement\":[{\"@type\":\"ListItem\",\"position\":1,\"name\":\"In\u00edcio\",\"item\":\"https:\/\/proclass.com.br\/home\/\"},{\"@type\":\"ListItem\",\"position\":2,\"name\":\"Conversando com outros softwares\"}]},{\"@type\":\"WebSite\",\"@id\":\"https:\/\/proclass.com.br\/home\/#website\",\"url\":\"https:\/\/proclass.com.br\/home\/\",\"name\":\"PROCLASS\",\"description\":\"CURSOS E TREINAMENTOS\",\"publisher\":{\"@id\":\"https:\/\/proclass.com.br\/home\/#organization\"},\"potentialAction\":[{\"@type\":\"SearchAction\",\"target\":{\"@type\":\"EntryPoint\",\"urlTemplate\":\"https:\/\/proclass.com.br\/home\/?s={search_term_string}\"},\"query-input\":{\"@type\":\"PropertyValueSpecification\",\"valueRequired\":true,\"valueName\":\"search_term_string\"}}],\"inLanguage\":\"pt-BR\"},{\"@type\":\"Organization\",\"@id\":\"https:\/\/proclass.com.br\/home\/#organization\",\"name\":\"PROCLASS\",\"url\":\"https:\/\/proclass.com.br\/home\/\",\"logo\":{\"@type\":\"ImageObject\",\"inLanguage\":\"pt-BR\",\"@id\":\"https:\/\/proclass.com.br\/home\/#\/schema\/logo\/image\/\",\"url\":\"https:\/\/proclass.com.br\/home\/wp-content\/uploads\/2023\/06\/CABECALHO-black_PROCLASS-2023.png\",\"contentUrl\":\"https:\/\/proclass.com.br\/home\/wp-content\/uploads\/2023\/06\/CABECALHO-black_PROCLASS-2023.png\",\"width\":2563,\"height\":911,\"caption\":\"PROCLASS\"},\"image\":{\"@id\":\"https:\/\/proclass.com.br\/home\/#\/schema\/logo\/image\/\"}},{\"@type\":\"Person\",\"@id\":\"https:\/\/proclass.com.br\/home\/#\/schema\/person\/f89e1eb93d5d32c0bb465c52f87f5a00\",\"name\":\"ProClass Treinamentos\",\"image\":{\"@type\":\"ImageObject\",\"inLanguage\":\"pt-BR\",\"@id\":\"https:\/\/proclass.com.br\/home\/#\/schema\/person\/image\/\",\"url\":\"https:\/\/secure.gravatar.com\/avatar\/3878d7a575c7ac355d2c778d5de04af08b7c5a7d9f19b2889f26cc7d80a6a832?s=96&d=blank&r=g\",\"contentUrl\":\"https:\/\/secure.gravatar.com\/avatar\/3878d7a575c7ac355d2c778d5de04af08b7c5a7d9f19b2889f26cc7d80a6a832?s=96&d=blank&r=g\",\"caption\":\"ProClass Treinamentos\"},\"url\":\"https:\/\/proclass.com.br\/home\/author\/proclass\/\"}]}<\/script>\n<!-- \/ Yoast SEO plugin. -->","yoast_head_json":{"title":"Conversando com outros softwares - PROCLASS","robots":{"index":"index","follow":"follow","max-snippet":"max-snippet:-1","max-image-preview":"max-image-preview:large","max-video-preview":"max-video-preview:-1"},"canonical":"https:\/\/proclass.com.br\/home\/2018\/06\/conversando-com-outros-softwares\/","og_locale":"pt_BR","og_type":"article","og_title":"Conversando com outros softwares - PROCLASS","og_description":"Artigo publicado na Backstage.\u00a0Para conhecer mais sobre a revista,\u00a0clique aqui. Para saber mais sobre treinamentos e certifica\u00e7\u00f5es oficiais em Waves, Pro Tools, Sibelius ou outros treinamentos em \u00e1udio,\u00a0clique aqui. &nbsp; Como levar e receber projetos do Logic, Cubase e editores de v\u00eddeo Existem muitos motivos pelos quais o Pro Tools se tornou um padr\u00e3o deContinue reading &rarr;","og_url":"https:\/\/proclass.com.br\/home\/2018\/06\/conversando-com-outros-softwares\/","og_site_name":"PROCLASS","article_published_time":"2018-06-22T20:07:36+00:00","og_image":[{"width":1200,"height":762,"url":"https:\/\/proclass.com.br\/home\/wp-content\/uploads\/2018\/06\/Fig.-7-Avid-Media-Composer.jpg","type":"image\/jpeg"}],"author":"ProClass Treinamentos","twitter_card":"summary_large_image","twitter_misc":{"Escrito por":"ProClass Treinamentos","Est. tempo de leitura":"7 minutos"},"schema":{"@context":"https:\/\/schema.org","@graph":[{"@type":"Article","@id":"https:\/\/proclass.com.br\/home\/2018\/06\/conversando-com-outros-softwares\/#article","isPartOf":{"@id":"https:\/\/proclass.com.br\/home\/2018\/06\/conversando-com-outros-softwares\/"},"author":{"name":"ProClass Treinamentos","@id":"https:\/\/proclass.com.br\/home\/#\/schema\/person\/f89e1eb93d5d32c0bb465c52f87f5a00"},"headline":"Conversando com outros softwares","datePublished":"2018-06-22T20:07:36+00:00","mainEntityOfPage":{"@id":"https:\/\/proclass.com.br\/home\/2018\/06\/conversando-com-outros-softwares\/"},"wordCount":1347,"publisher":{"@id":"https:\/\/proclass.com.br\/home\/#organization"},"image":{"@id":"https:\/\/proclass.com.br\/home\/2018\/06\/conversando-com-outros-softwares\/#primaryimage"},"thumbnailUrl":"https:\/\/proclass.com.br\/home\/wp-content\/uploads\/2018\/06\/Fig.-7-Avid-Media-Composer.jpg","articleSection":["Artigos","Pro Tools"],"inLanguage":"pt-BR"},{"@type":"WebPage","@id":"https:\/\/proclass.com.br\/home\/2018\/06\/conversando-com-outros-softwares\/","url":"https:\/\/proclass.com.br\/home\/2018\/06\/conversando-com-outros-softwares\/","name":"Conversando com outros softwares - PROCLASS","isPartOf":{"@id":"https:\/\/proclass.com.br\/home\/#website"},"primaryImageOfPage":{"@id":"https:\/\/proclass.com.br\/home\/2018\/06\/conversando-com-outros-softwares\/#primaryimage"},"image":{"@id":"https:\/\/proclass.com.br\/home\/2018\/06\/conversando-com-outros-softwares\/#primaryimage"},"thumbnailUrl":"https:\/\/proclass.com.br\/home\/wp-content\/uploads\/2018\/06\/Fig.-7-Avid-Media-Composer.jpg","datePublished":"2018-06-22T20:07:36+00:00","breadcrumb":{"@id":"https:\/\/proclass.com.br\/home\/2018\/06\/conversando-com-outros-softwares\/#breadcrumb"},"inLanguage":"pt-BR","potentialAction":[{"@type":"ReadAction","target":["https:\/\/proclass.com.br\/home\/2018\/06\/conversando-com-outros-softwares\/"]}]},{"@type":"ImageObject","inLanguage":"pt-BR","@id":"https:\/\/proclass.com.br\/home\/2018\/06\/conversando-com-outros-softwares\/#primaryimage","url":"https:\/\/proclass.com.br\/home\/wp-content\/uploads\/2018\/06\/Fig.-7-Avid-Media-Composer.jpg","contentUrl":"https:\/\/proclass.com.br\/home\/wp-content\/uploads\/2018\/06\/Fig.-7-Avid-Media-Composer.jpg","width":1200,"height":762,"caption":"Fig. 7 - Avid Media Composer"},{"@type":"BreadcrumbList","@id":"https:\/\/proclass.com.br\/home\/2018\/06\/conversando-com-outros-softwares\/#breadcrumb","itemListElement":[{"@type":"ListItem","position":1,"name":"In\u00edcio","item":"https:\/\/proclass.com.br\/home\/"},{"@type":"ListItem","position":2,"name":"Conversando com outros softwares"}]},{"@type":"WebSite","@id":"https:\/\/proclass.com.br\/home\/#website","url":"https:\/\/proclass.com.br\/home\/","name":"PROCLASS","description":"CURSOS E TREINAMENTOS","publisher":{"@id":"https:\/\/proclass.com.br\/home\/#organization"},"potentialAction":[{"@type":"SearchAction","target":{"@type":"EntryPoint","urlTemplate":"https:\/\/proclass.com.br\/home\/?s={search_term_string}"},"query-input":{"@type":"PropertyValueSpecification","valueRequired":true,"valueName":"search_term_string"}}],"inLanguage":"pt-BR"},{"@type":"Organization","@id":"https:\/\/proclass.com.br\/home\/#organization","name":"PROCLASS","url":"https:\/\/proclass.com.br\/home\/","logo":{"@type":"ImageObject","inLanguage":"pt-BR","@id":"https:\/\/proclass.com.br\/home\/#\/schema\/logo\/image\/","url":"https:\/\/proclass.com.br\/home\/wp-content\/uploads\/2023\/06\/CABECALHO-black_PROCLASS-2023.png","contentUrl":"https:\/\/proclass.com.br\/home\/wp-content\/uploads\/2023\/06\/CABECALHO-black_PROCLASS-2023.png","width":2563,"height":911,"caption":"PROCLASS"},"image":{"@id":"https:\/\/proclass.com.br\/home\/#\/schema\/logo\/image\/"}},{"@type":"Person","@id":"https:\/\/proclass.com.br\/home\/#\/schema\/person\/f89e1eb93d5d32c0bb465c52f87f5a00","name":"ProClass Treinamentos","image":{"@type":"ImageObject","inLanguage":"pt-BR","@id":"https:\/\/proclass.com.br\/home\/#\/schema\/person\/image\/","url":"https:\/\/secure.gravatar.com\/avatar\/3878d7a575c7ac355d2c778d5de04af08b7c5a7d9f19b2889f26cc7d80a6a832?s=96&d=blank&r=g","contentUrl":"https:\/\/secure.gravatar.com\/avatar\/3878d7a575c7ac355d2c778d5de04af08b7c5a7d9f19b2889f26cc7d80a6a832?s=96&d=blank&r=g","caption":"ProClass Treinamentos"},"url":"https:\/\/proclass.com.br\/home\/author\/proclass\/"}]}},"_links":{"self":[{"href":"https:\/\/proclass.com.br\/home\/wp-json\/wp\/v2\/posts\/9945","targetHints":{"allow":["GET"]}}],"collection":[{"href":"https:\/\/proclass.com.br\/home\/wp-json\/wp\/v2\/posts"}],"about":[{"href":"https:\/\/proclass.com.br\/home\/wp-json\/wp\/v2\/types\/post"}],"author":[{"embeddable":true,"href":"https:\/\/proclass.com.br\/home\/wp-json\/wp\/v2\/users\/4"}],"replies":[{"embeddable":true,"href":"https:\/\/proclass.com.br\/home\/wp-json\/wp\/v2\/comments?post=9945"}],"version-history":[{"count":0,"href":"https:\/\/proclass.com.br\/home\/wp-json\/wp\/v2\/posts\/9945\/revisions"}],"wp:featuredmedia":[{"embeddable":true,"href":"https:\/\/proclass.com.br\/home\/wp-json\/wp\/v2\/media\/9952"}],"wp:attachment":[{"href":"https:\/\/proclass.com.br\/home\/wp-json\/wp\/v2\/media?parent=9945"}],"wp:term":[{"taxonomy":"category","embeddable":true,"href":"https:\/\/proclass.com.br\/home\/wp-json\/wp\/v2\/categories?post=9945"},{"taxonomy":"post_tag","embeddable":true,"href":"https:\/\/proclass.com.br\/home\/wp-json\/wp\/v2\/tags?post=9945"}],"curies":[{"name":"wp","href":"https:\/\/api.w.org\/{rel}","templated":true}]}}