{"id":9933,"date":"2018-06-22T17:00:48","date_gmt":"2018-06-22T20:00:48","guid":{"rendered":"http:\/\/proclass.com.br\/home\/?p=9933"},"modified":"2018-06-22T17:00:49","modified_gmt":"2018-06-22T20:00:49","slug":"pro-tools-2018","status":"publish","type":"post","link":"https:\/\/proclass.com.br\/home\/2018\/06\/pro-tools-2018\/","title":{"rendered":"Pro Tools 2018"},"content":{"rendered":"<p><a href=\"http:\/\/proclass.com.br\/home\/wp-content\/uploads\/2015\/03\/logo_backstage.png\"><img decoding=\"async\" class=\"aligncenter wp-image-4341\" src=\"http:\/\/proclass.com.br\/home\/wp-content\/uploads\/2015\/03\/logo_backstage.png\" alt=\"logo_backstage\" width=\"364\" height=\"91\" srcset=\"https:\/\/proclass.com.br\/home\/wp-content\/uploads\/2015\/03\/logo_backstage.png 432w, https:\/\/proclass.com.br\/home\/wp-content\/uploads\/2015\/03\/logo_backstage-300x75.png 300w, https:\/\/proclass.com.br\/home\/wp-content\/uploads\/2015\/03\/logo_backstage-100x25.png 100w\" sizes=\"(max-width: 364px) 100vw, 364px\" \/><\/a><\/p>\n<p style=\"text-align: left;\">Artigo publicado na Backstage.\u00a0Para conhecer mais sobre a revista,\u00a0<a href=\"http:\/\/backstage.com.br\/\" target=\"_blank\" rel=\"noopener\">clique aqui.<\/a><\/p>\n<p style=\"text-align: left;\">Para saber mais sobre treinamentos e certifica\u00e7\u00f5es oficiais em Waves, Pro Tools, Sibelius ou outros treinamentos em \u00e1udio,\u00a0<a href=\"http:\/\/proclass.com.br\/home\/certificacoes\/waves\/waves-certification-program\/\" target=\"_blank\" rel=\"noopener\">clique aqui<\/a>.<\/p>\n<p class=\"p1\"><b><i>Conhe\u00e7a a mais nova vers\u00e3o do Pro Tools<\/i><\/b><\/p>\n<p class=\"p2\">A primeira coisa que talvez voc\u00ea esteja se perguntando, \u00e9: 2018? Desde quando isso \u00e9 numera\u00e7\u00e3o de vers\u00e3o de software?<\/p>\n<p class=\"p2\">Se no passado um software era atualizado a cada tr\u00eas anos ou at\u00e9 mais, hoje em dia, as atualiza\u00e7\u00f5es s\u00e3o quase mensais e as empresas aos poucos perceberam que a numera\u00e7\u00e3o de vers\u00e3o n\u00e3o era t\u00e3o mais eficaz.<\/p>\n<p class=\"p2\">A Adobe foi uma das primeiras a perceber isso, e j\u00e1 faz algum tempo que seus softwares vem com a vers\u00e3o referente ao ano, assim como acontece com carros. Do mesmo jeito que temos um Honda Civic 2015, temos o Photoshop CC 2016, o Premiere CC 2017, e agora teremos o Pro Tools 2018.<\/p>\n<p class=\"p2\">Tecnicamente, o mais correto \u00e9 chamar de Pro Tools 2018.1, onde o \u201c1\u201d, \u00e9 referente ao m\u00eas.<\/p>\n<p class=\"p2\">Ent\u00e3o se sair por exemplo uma atualiza\u00e7\u00e3o em abril, a vers\u00e3o ser\u00e1 2018.4.<\/p>\n<p class=\"p2\">\u00c9 uma alternativa bem legal, pois fica muito mais \u00f3bvio para o usu\u00e1rio saber quando a vers\u00e3o do software que ele est\u00e1 usando foi lan\u00e7ada, sem precisar recorrer aos manuais ou a internet.<\/p>\n<p class=\"p2\">A seguir, vamos conhecer suas novidades!<\/p>\n<p class=\"p1\"><b><i>Adeus iLok! Seja bem vindo, iLok Cloud<\/i><\/b><\/p>\n<p class=\"p2\">O sistema de licenciamento do Pro Tools \u00e9 um pouco diferente dos demais, pois as licen\u00e7as n\u00e3o s\u00e3o baseadas em n\u00fameros de s\u00e9rie, e nem baseado em conta de usu\u00e1rio com login e senha.<\/p>\n<p class=\"p2\">As licen\u00e7as do Pro Tools s\u00e3o armazenadas fisicamente em um iLok, que s\u00e3o essas chaves USB (fig. 1). Para o Pro Tools abrir, o iLok precisa estar conectado em uma porta USB, e obviamente, ter uma licen\u00e7a v\u00e1lida.<\/p>\n<div id=\"attachment_9934\" style=\"width: 497px\" class=\"wp-caption aligncenter\"><img fetchpriority=\"high\" decoding=\"async\" aria-describedby=\"caption-attachment-9934\" class=\" wp-image-9934\" src=\"http:\/\/proclass.com.br\/home\/wp-content\/uploads\/2018\/06\/fig.-1-iLok.jpg\" alt=\"\" width=\"487\" height=\"246\" srcset=\"https:\/\/proclass.com.br\/home\/wp-content\/uploads\/2018\/06\/fig.-1-iLok.jpg 588w, https:\/\/proclass.com.br\/home\/wp-content\/uploads\/2018\/06\/fig.-1-iLok-300x152.jpg 300w\" sizes=\"(max-width: 487px) 100vw, 487px\" \/><p id=\"caption-attachment-9934\" class=\"wp-caption-text\">fig. 1 &#8211; iLok<\/p><\/div>\n<p class=\"p2\">iLok Cloud \u00e9 uma maneira nova de licenciar o Pro Tools, onde o usu\u00e1rio poder\u00e1 efetuar o login em sua conta e habilitar o Pro Tools, mesmo sem um iLok. Por\u00e9m, algumas considera\u00e7\u00f5es a fazer:<\/p>\n<p class=\"p2\">Primeiramente, os termos de licen\u00e7a do Pro Tools continuam os mesmos. Ou seja, s\u00f3 \u00e9 permitido usar a licen\u00e7a em um computador por vez. Supondo que o usu\u00e1rio habilitou o iLok Cloud no seu est\u00fadio (fig. 2). Se depois tentar habilitar no seu laptop pessoal, a licen\u00e7a\/iLok Cloud do est\u00fadio ser\u00e1 automaticamente revogada.<\/p>\n<div id=\"attachment_9935\" style=\"width: 489px\" class=\"wp-caption aligncenter\"><img decoding=\"async\" aria-describedby=\"caption-attachment-9935\" class=\" wp-image-9935\" src=\"http:\/\/proclass.com.br\/home\/wp-content\/uploads\/2018\/06\/Fig.-2-iLok-Cloud-Session-ativo.png\" alt=\"\" width=\"479\" height=\"330\" srcset=\"https:\/\/proclass.com.br\/home\/wp-content\/uploads\/2018\/06\/Fig.-2-iLok-Cloud-Session-ativo.png 727w, https:\/\/proclass.com.br\/home\/wp-content\/uploads\/2018\/06\/Fig.-2-iLok-Cloud-Session-ativo-300x207.png 300w\" sizes=\"(max-width: 479px) 100vw, 479px\" \/><p id=\"caption-attachment-9935\" class=\"wp-caption-text\">Fig. 2 &#8211; iLok Cloud Session ativo<\/p><\/div>\n<p class=\"p2\">Em segundo, pelo mesmo motivo acima, n\u00e3o \u00e9 poss\u00edvel ter sua licen\u00e7a registrada na chave de iLok f\u00edsica e no iLok Cloud. Ou \u00e9 um, ou \u00e9 outro.<\/p>\n<p class=\"p2\">Por \u00faltimo, mas talvez o mais importante. Para usar o sistema iLok Cloud, \u00e9 necess\u00e1rio ter uma conex\u00e3o com a <b>internet ativa<\/b>. O sistema fica confirmando de tempos em tempos se a internet est\u00e1 ativa e se a licen\u00e7a continua v\u00e1lida, portanto, se voc\u00ea quer trabalhar desconectado da internet, vai precisar continuar utilizando o sistema iLok tradicional.<\/p>\n<p class=\"p1\"><b><i>Melhorias no MIDI<\/i><\/b><\/p>\n<p class=\"p2\">Faz muito tempo que n\u00e3o vemos nenhum avan\u00e7o nesta \u00e1rea. A principal delas, foi a inclus\u00e3o de teclas de atalho para mover notas MIDI para direita\/esquerda, para cima e baixo, alterar a dura\u00e7\u00e3o e velocity (fig. 3)<\/p>\n<div id=\"attachment_9936\" style=\"width: 535px\" class=\"wp-caption aligncenter\"><img loading=\"lazy\" decoding=\"async\" aria-describedby=\"caption-attachment-9936\" class=\" wp-image-9936\" src=\"http:\/\/proclass.com.br\/home\/wp-content\/uploads\/2018\/06\/Fig.-3-atalhos-para-edic\u0327a\u0303o-MIDI.png\" alt=\"\" width=\"525\" height=\"391\" srcset=\"https:\/\/proclass.com.br\/home\/wp-content\/uploads\/2018\/06\/Fig.-3-atalhos-para-edic\u0327a\u0303o-MIDI.png 952w, https:\/\/proclass.com.br\/home\/wp-content\/uploads\/2018\/06\/Fig.-3-atalhos-para-edic\u0327a\u0303o-MIDI-300x223.png 300w, https:\/\/proclass.com.br\/home\/wp-content\/uploads\/2018\/06\/Fig.-3-atalhos-para-edic\u0327a\u0303o-MIDI-768x572.png 768w\" sizes=\"(max-width: 525px) 100vw, 525px\" \/><p id=\"caption-attachment-9936\" class=\"wp-caption-text\">Fig. 3 &#8211; atalhos para edic\u0327a\u0303o MIDI<\/p><\/div>\n<p class=\"p2\">Por outro lado, a fun\u00e7\u00e3o mais interessante chama-se \u201cExtract Chord From Selection\u201d. A fun\u00e7\u00e3o est\u00e1 localizada no Menu Event, e funciona da seguinte forma: ao selecionar um trecho MIDI, o usu\u00e1rio pode pedir para o Pro Tools analisar verticalmente as notas e informar os acordes usados. Os acordes ficam registrados na r\u00e9gua (ruler) \u201cChords\u201d, vis\u00edvel pelo menu View &gt; Rulers &gt; Chords, e tamb\u00e9m s\u00e3o vis\u00edveis no Score Editor (Fig 4A, 4B e 4C).<\/p>\n<div id=\"attachment_9937\" style=\"width: 427px\" class=\"wp-caption aligncenter\"><img loading=\"lazy\" decoding=\"async\" aria-describedby=\"caption-attachment-9937\" class=\" wp-image-9937\" src=\"http:\/\/proclass.com.br\/home\/wp-content\/uploads\/2018\/06\/Fig.-4A-Acordes-no-MIDI-Editor.png\" alt=\"\" width=\"417\" height=\"392\" srcset=\"https:\/\/proclass.com.br\/home\/wp-content\/uploads\/2018\/06\/Fig.-4A-Acordes-no-MIDI-Editor.png 953w, https:\/\/proclass.com.br\/home\/wp-content\/uploads\/2018\/06\/Fig.-4A-Acordes-no-MIDI-Editor-300x282.png 300w, https:\/\/proclass.com.br\/home\/wp-content\/uploads\/2018\/06\/Fig.-4A-Acordes-no-MIDI-Editor-768x722.png 768w\" sizes=\"(max-width: 417px) 100vw, 417px\" \/><p id=\"caption-attachment-9937\" class=\"wp-caption-text\">Fig. 4A &#8211; Acordes no MIDI Editor<\/p><\/div>\n<div id=\"attachment_9938\" style=\"width: 441px\" class=\"wp-caption aligncenter\"><img loading=\"lazy\" decoding=\"async\" aria-describedby=\"caption-attachment-9938\" class=\" wp-image-9938\" src=\"http:\/\/proclass.com.br\/home\/wp-content\/uploads\/2018\/06\/Fig.-4B-Acordes-identificados-no-Chords-Ruler.png\" alt=\"\" width=\"431\" height=\"405\" srcset=\"https:\/\/proclass.com.br\/home\/wp-content\/uploads\/2018\/06\/Fig.-4B-Acordes-identificados-no-Chords-Ruler.png 953w, https:\/\/proclass.com.br\/home\/wp-content\/uploads\/2018\/06\/Fig.-4B-Acordes-identificados-no-Chords-Ruler-300x282.png 300w, https:\/\/proclass.com.br\/home\/wp-content\/uploads\/2018\/06\/Fig.-4B-Acordes-identificados-no-Chords-Ruler-768x722.png 768w\" sizes=\"(max-width: 431px) 100vw, 431px\" \/><p id=\"caption-attachment-9938\" class=\"wp-caption-text\">Fig. 4B &#8211; Acordes identificados no Chords Ruler<\/p><\/div>\n<p>&nbsp;<\/p>\n<div id=\"attachment_9939\" style=\"width: 524px\" class=\"wp-caption aligncenter\"><img loading=\"lazy\" decoding=\"async\" aria-describedby=\"caption-attachment-9939\" class=\" wp-image-9939\" src=\"http:\/\/proclass.com.br\/home\/wp-content\/uploads\/2018\/06\/Fig.-4C-Acordes-no-Score-Editor.png\" alt=\"\" width=\"514\" height=\"186\" srcset=\"https:\/\/proclass.com.br\/home\/wp-content\/uploads\/2018\/06\/Fig.-4C-Acordes-no-Score-Editor.png 911w, https:\/\/proclass.com.br\/home\/wp-content\/uploads\/2018\/06\/Fig.-4C-Acordes-no-Score-Editor-300x108.png 300w, https:\/\/proclass.com.br\/home\/wp-content\/uploads\/2018\/06\/Fig.-4C-Acordes-no-Score-Editor-768x277.png 768w\" sizes=\"(max-width: 514px) 100vw, 514px\" \/><p id=\"caption-attachment-9939\" class=\"wp-caption-text\">Fig. 4C &#8211; Acordes no Score Editor<\/p><\/div>\n<p class=\"p2\">Por \u00faltimo, temos a fun\u00e7\u00e3o \u201cRetrospective MIDI Record\u201d, que significa simplesmente que mesmo em play, o Pro Tools est\u00e1 sempre gravando MIDI em tracks que estiverem com bot\u00e3o de Rec Enable habilitado.<\/p>\n<p class=\"p2\">Na pr\u00e1tica, significa que se o usu\u00e1rio estiver em play, apenas ensaiando uma id\u00e9ia ou estudando um solo, mas acabar gostando do que executou, ele pode acessar o Menu Event &gt; Retrospective Record, que sua \u00faltima execu\u00e7\u00e3o ser\u00e1 apresentada no track, mesmo sem ele ter colocado o Pro Tools para gravar.<\/p>\n<p class=\"p1\"><b><i>Track Presets<\/i><\/b><\/p>\n<p class=\"p2\">O usu\u00e1rio tamb\u00e9m vai poder salvar todas as configura\u00e7\u00f5es de um canal: fader, pan, send e insert. Isso traz muita praticidade, uma vez que \u00e9 comum utilizar um mesmo setup v\u00e1rias vezes, apenas alterando um pouco os par\u00e2metros. Os track presets s\u00e3o encontrados na caixa de di\u00e1logo de cria\u00e7\u00e3o de novos tracks (fig. 5).<\/p>\n<div id=\"attachment_9940\" style=\"width: 538px\" class=\"wp-caption aligncenter\"><img loading=\"lazy\" decoding=\"async\" aria-describedby=\"caption-attachment-9940\" class=\" wp-image-9940\" src=\"http:\/\/proclass.com.br\/home\/wp-content\/uploads\/2018\/06\/Fig.-5-Track-Presets-1024x423.jpg\" alt=\"\" width=\"528\" height=\"218\" srcset=\"https:\/\/proclass.com.br\/home\/wp-content\/uploads\/2018\/06\/Fig.-5-Track-Presets-1024x423.jpg 1024w, https:\/\/proclass.com.br\/home\/wp-content\/uploads\/2018\/06\/Fig.-5-Track-Presets-300x124.jpg 300w, https:\/\/proclass.com.br\/home\/wp-content\/uploads\/2018\/06\/Fig.-5-Track-Presets-768x318.jpg 768w, https:\/\/proclass.com.br\/home\/wp-content\/uploads\/2018\/06\/Fig.-5-Track-Presets.jpg 1248w\" sizes=\"(max-width: 528px) 100vw, 528px\" \/><p id=\"caption-attachment-9940\" class=\"wp-caption-text\">Fig. 5 &#8211; Track Presets<\/p><\/div>\n<p class=\"p2\">Por exemplo para guitarra, o usu\u00e1rio poderia salvar um track preset chamado \u201cguitarra base\u201d com um afinador + compressor + simulador de guitarra + EQ final, j\u00e1 super timbrado para carregar em qualquer sess\u00e3o.<\/p>\n<p class=\"p2\">Com instrumentos virtuais tamb\u00e9m \u00e9 uma maravilha, j\u00e1 que em 99,9% dos casos, \u00e9 preciso trabalhar o timbre com outros plug-ins para ficar de fato, convincente. Salvar um track preset com o nome \u201cHarmmond rock\u201d com um DB33 (org\u00e3o) + distor\u00e7\u00e3o suave + EQ + Phaser vai simplificar bastante as coisas.<\/p>\n<p class=\"p2\">Agora uma dica para quem n\u00e3o tem o Pro Tools 2018. Esta fun\u00e7\u00e3o j\u00e1 est\u00e1 dispon\u00edvel de forma n\u00e3o-oficial (ou seja, escondida) faz muitos anos!<\/p>\n<p class=\"p2\">Em 2012, eu e o pessoal da ProClass fizemos um v\u00eddeo explicativo de como criar track presets desde o Pro Tools 10. Segue o link:<\/p>\n<p class=\"p2\">https:\/\/youtu.be\/F2w_mFw\u20130IM<\/p>\n<p class=\"p1\"><b><i>Playlists ainda mais flex\u00edveis<\/i><\/b><\/p>\n<p class=\"p2\">Nas \u00faltimas vers\u00f5es do Pro Tools, j\u00e1 tivemos significativos avan\u00e7ados nesta funcionalidade, que para quem n\u00e3o conhece (mas deveria conhecer!), podemos explicar rapidamente: \u00e9 uma maneira mais completa para manipular m\u00faltiplos takes de uma performance para construir um take \u00fanico, com os melhores momentos de cada parte.<\/p>\n<p class=\"p2\">No Pro Tools 2018, foi introduzido o conceito de \u201cTarget Playlist\u201d (fig. 6). No passado, voc\u00ea tinha \u201cAlternate Playlist\u201d que eram todos seus takes, e o \u201cMain Playlist\u201d, que era o playlist usado como principal para receber edi\u00e7\u00f5es.<\/p>\n<div id=\"attachment_9941\" style=\"width: 1034px\" class=\"wp-caption aligncenter\"><img loading=\"lazy\" decoding=\"async\" aria-describedby=\"caption-attachment-9941\" class=\"size-large wp-image-9941\" src=\"http:\/\/proclass.com.br\/home\/wp-content\/uploads\/2018\/06\/Fig.-6-Target-Playlist-1024x768.jpg\" alt=\"\" width=\"1024\" height=\"768\" srcset=\"https:\/\/proclass.com.br\/home\/wp-content\/uploads\/2018\/06\/Fig.-6-Target-Playlist.jpg 1024w, https:\/\/proclass.com.br\/home\/wp-content\/uploads\/2018\/06\/Fig.-6-Target-Playlist-300x225.jpg 300w, https:\/\/proclass.com.br\/home\/wp-content\/uploads\/2018\/06\/Fig.-6-Target-Playlist-768x576.jpg 768w\" sizes=\"(max-width: 1024px) 100vw, 1024px\" \/><p id=\"caption-attachment-9941\" class=\"wp-caption-text\">Fig. 6 &#8211; Target Playlist<\/p><\/div>\n<p class=\"p2\">O \u201cTarget Playlist\u201d permite que qualquer playlist seja utilizada para receber edi\u00e7\u00f5es e construir melhores takes. Ou seja, podemos construir diversas playlists com edi\u00e7\u00f5es diferentes e experimentar muito mais.<\/p>\n<p class=\"p2\">Al\u00e9m disso, muitos atalhos novos para navegar entre as playlists, ouvir cada um dos takes alternativos, executar edi\u00e7\u00f5es e muito mais.<\/p>\n<p class=\"p1\"><b><i>Mixer com mais feedback visual<\/i><\/b><\/p>\n<p class=\"p2\">Na vers\u00e3o 11, a Avid melhorou radicalmente as op\u00e7\u00f5es de medi\u00e7\u00e3o de ganho do mixer, com medidores mais longos, diferentes sistemas de escala e at\u00e9 um medidor de redu\u00e7\u00e3o de ganho dos compressores inseridos no canal.<\/p>\n<p class=\"p2\">Agora, tamb\u00e9m foi acrescentado uma mini-representa\u00e7\u00e3o da equaliza\u00e7\u00e3o inserida no canal (fig. 7).<\/p>\n<div id=\"attachment_9942\" style=\"width: 927px\" class=\"wp-caption aligncenter\"><img loading=\"lazy\" decoding=\"async\" aria-describedby=\"caption-attachment-9942\" class=\"size-full wp-image-9942\" src=\"http:\/\/proclass.com.br\/home\/wp-content\/uploads\/2018\/06\/Fig.-7-Atalhos-para-Playlists.png\" alt=\"\" width=\"917\" height=\"395\" srcset=\"https:\/\/proclass.com.br\/home\/wp-content\/uploads\/2018\/06\/Fig.-7-Atalhos-para-Playlists.png 917w, https:\/\/proclass.com.br\/home\/wp-content\/uploads\/2018\/06\/Fig.-7-Atalhos-para-Playlists-300x129.png 300w, https:\/\/proclass.com.br\/home\/wp-content\/uploads\/2018\/06\/Fig.-7-Atalhos-para-Playlists-768x331.png 768w\" sizes=\"(max-width: 917px) 100vw, 917px\" \/><p id=\"caption-attachment-9942\" class=\"wp-caption-text\">Fig. 7 &#8211; Atalhos para Playlists<\/p><\/div>\n<p class=\"p2\">Vale ressaltar que n\u00e3o estamos falando apenas da equaliza\u00e7\u00e3o padr\u00e3o do Pro Tools. Se o usu\u00e1rio preferir utilizar um equalizador da FabFilter por exemplo, tamb\u00e9m vai funcionar.<\/p>\n<p class=\"p2\">Mais interessante que isso, se o usu\u00e1rio tiver dois equalizadores inseridos, a mini-representa\u00e7\u00e3o vai mostrar a soma das duas curvas, portanto \u00e9 uma maneira totalmente nova e \u00fanica de analisar sua equaliza\u00e7\u00e3o.<\/p>\n<p class=\"p2\">Finalizando, gostaria de rapidamente mencionar que tamb\u00e9m houveram alguns avan\u00e7os no sistema remoto colaborativo de projetos (Fig. 8), mas como este \u00e9 um recurso novo, complexo e ainda muito desconhecido, portanto, merece uma aten\u00e7\u00e3o especial em um artigo \u00fanico e exclusivo.<\/p>\n<div id=\"attachment_9943\" style=\"width: 1034px\" class=\"wp-caption aligncenter\"><img loading=\"lazy\" decoding=\"async\" aria-describedby=\"caption-attachment-9943\" class=\"size-large wp-image-9943\" src=\"http:\/\/proclass.com.br\/home\/wp-content\/uploads\/2018\/06\/Fig.-8-Mini-representac\u0327a\u0303o-de-equalizac\u0327a\u0303o-no-mixer-1024x546.png\" alt=\"\" width=\"1024\" height=\"546\" srcset=\"https:\/\/proclass.com.br\/home\/wp-content\/uploads\/2018\/06\/Fig.-8-Mini-representac\u0327a\u0303o-de-equalizac\u0327a\u0303o-no-mixer-1024x546.png 1024w, https:\/\/proclass.com.br\/home\/wp-content\/uploads\/2018\/06\/Fig.-8-Mini-representac\u0327a\u0303o-de-equalizac\u0327a\u0303o-no-mixer-300x160.png 300w, https:\/\/proclass.com.br\/home\/wp-content\/uploads\/2018\/06\/Fig.-8-Mini-representac\u0327a\u0303o-de-equalizac\u0327a\u0303o-no-mixer-768x410.png 768w, https:\/\/proclass.com.br\/home\/wp-content\/uploads\/2018\/06\/Fig.-8-Mini-representac\u0327a\u0303o-de-equalizac\u0327a\u0303o-no-mixer.png 1280w\" sizes=\"(max-width: 1024px) 100vw, 1024px\" \/><p id=\"caption-attachment-9943\" class=\"wp-caption-text\">Fig. 8 &#8211; Mini-representac\u0327a\u0303o de equalizac\u0327a\u0303o no mixer<\/p><\/div>\n<p class=\"p2\">Abra\u00e7os e at\u00e9 a pr\u00f3xima!<\/p>\n<p><i><a href=\"http:\/\/proclass.com.br\/home\/wp-content\/uploads\/2012\/08\/cris3x4-blog-proclass.jpg\"><img loading=\"lazy\" decoding=\"async\" class=\"alignleft wp-image-1057 size-full\" src=\"http:\/\/proclass.com.br\/home\/wp-content\/uploads\/2012\/08\/cris3x4-blog-proclass.jpg\" alt=\"cris3x4 blog proclass\" width=\"74\" height=\"99\" \/><\/a>Cristiano Moura \u00e9 produtor musical e instrutor certificado da Avid. Atualmente leciona cursos oficiais em Pro Tools, Waves, Sibelius e os treinamentos em mixagem na ProClass. Por meio da ProClass, oferece consultoria, treinamentos customizados em todo o Brasil.<\/i><\/p>\n","protected":false},"excerpt":{"rendered":"<p>Artigo publicado na Backstage.\u00a0Para conhecer mais sobre a revista,\u00a0clique aqui. Para saber mais sobre treinamentos e certifica\u00e7\u00f5es oficiais em Waves, Pro Tools, Sibelius ou outros treinamentos em \u00e1udio,\u00a0clique aqui. Conhe\u00e7a a mais nova vers\u00e3o do Pro Tools A primeira coisa que talvez voc\u00ea esteja se perguntando, \u00e9: 2018? Desde quando isso \u00e9 numera\u00e7\u00e3o de vers\u00e3oContinue reading &rarr;<\/p>\n","protected":false},"author":4,"featured_media":9943,"comment_status":"closed","ping_status":"closed","sticky":false,"template":"","format":"standard","meta":{"footnotes":""},"categories":[17,1000],"tags":[],"class_list":["post-9933","post","type-post","status-publish","format-standard","has-post-thumbnail","hentry","category-artigos","category-pro-tools-2","has-thumb"],"yoast_head":"<!-- This site is optimized with the Yoast SEO plugin v26.9 - https:\/\/yoast.com\/product\/yoast-seo-wordpress\/ -->\n<title>Pro Tools 2018 - PROCLASS<\/title>\n<meta name=\"robots\" content=\"index, follow, max-snippet:-1, max-image-preview:large, max-video-preview:-1\" \/>\n<link rel=\"canonical\" href=\"https:\/\/proclass.com.br\/home\/2018\/06\/pro-tools-2018\/\" \/>\n<meta property=\"og:locale\" content=\"pt_BR\" \/>\n<meta property=\"og:type\" content=\"article\" \/>\n<meta property=\"og:title\" content=\"Pro Tools 2018 - PROCLASS\" \/>\n<meta property=\"og:description\" content=\"Artigo publicado na Backstage.\u00a0Para conhecer mais sobre a revista,\u00a0clique aqui. Para saber mais sobre treinamentos e certifica\u00e7\u00f5es oficiais em Waves, Pro Tools, Sibelius ou outros treinamentos em \u00e1udio,\u00a0clique aqui. Conhe\u00e7a a mais nova vers\u00e3o do Pro Tools A primeira coisa que talvez voc\u00ea esteja se perguntando, \u00e9: 2018? Desde quando isso \u00e9 numera\u00e7\u00e3o de vers\u00e3oContinue reading &rarr;\" \/>\n<meta property=\"og:url\" content=\"https:\/\/proclass.com.br\/home\/2018\/06\/pro-tools-2018\/\" \/>\n<meta property=\"og:site_name\" content=\"PROCLASS\" \/>\n<meta property=\"article:published_time\" content=\"2018-06-22T20:00:48+00:00\" \/>\n<meta property=\"article:modified_time\" content=\"2018-06-22T20:00:49+00:00\" \/>\n<meta property=\"og:image\" content=\"https:\/\/proclass.com.br\/home\/wp-content\/uploads\/2018\/06\/Fig.-8-Mini-representac\u0327a\u0303o-de-equalizac\u0327a\u0303o-no-mixer.png\" \/>\n\t<meta property=\"og:image:width\" content=\"1280\" \/>\n\t<meta property=\"og:image:height\" content=\"683\" \/>\n\t<meta property=\"og:image:type\" content=\"image\/png\" \/>\n<meta name=\"author\" content=\"ProClass Treinamentos\" \/>\n<meta name=\"twitter:card\" content=\"summary_large_image\" \/>\n<meta name=\"twitter:label1\" content=\"Escrito por\" \/>\n\t<meta name=\"twitter:data1\" content=\"ProClass Treinamentos\" \/>\n\t<meta name=\"twitter:label2\" content=\"Est. tempo de leitura\" \/>\n\t<meta name=\"twitter:data2\" content=\"7 minutos\" \/>\n<script type=\"application\/ld+json\" class=\"yoast-schema-graph\">{\"@context\":\"https:\/\/schema.org\",\"@graph\":[{\"@type\":\"Article\",\"@id\":\"https:\/\/proclass.com.br\/home\/2018\/06\/pro-tools-2018\/#article\",\"isPartOf\":{\"@id\":\"https:\/\/proclass.com.br\/home\/2018\/06\/pro-tools-2018\/\"},\"author\":{\"name\":\"ProClass Treinamentos\",\"@id\":\"https:\/\/proclass.com.br\/home\/#\/schema\/person\/f89e1eb93d5d32c0bb465c52f87f5a00\"},\"headline\":\"Pro Tools 2018\",\"datePublished\":\"2018-06-22T20:00:48+00:00\",\"dateModified\":\"2018-06-22T20:00:49+00:00\",\"mainEntityOfPage\":{\"@id\":\"https:\/\/proclass.com.br\/home\/2018\/06\/pro-tools-2018\/\"},\"wordCount\":1410,\"publisher\":{\"@id\":\"https:\/\/proclass.com.br\/home\/#organization\"},\"image\":{\"@id\":\"https:\/\/proclass.com.br\/home\/2018\/06\/pro-tools-2018\/#primaryimage\"},\"thumbnailUrl\":\"https:\/\/proclass.com.br\/home\/wp-content\/uploads\/2018\/06\/Fig.-8-Mini-representac\u0327a\u0303o-de-equalizac\u0327a\u0303o-no-mixer.png\",\"articleSection\":[\"Artigos\",\"Pro Tools\"],\"inLanguage\":\"pt-BR\"},{\"@type\":\"WebPage\",\"@id\":\"https:\/\/proclass.com.br\/home\/2018\/06\/pro-tools-2018\/\",\"url\":\"https:\/\/proclass.com.br\/home\/2018\/06\/pro-tools-2018\/\",\"name\":\"Pro Tools 2018 - PROCLASS\",\"isPartOf\":{\"@id\":\"https:\/\/proclass.com.br\/home\/#website\"},\"primaryImageOfPage\":{\"@id\":\"https:\/\/proclass.com.br\/home\/2018\/06\/pro-tools-2018\/#primaryimage\"},\"image\":{\"@id\":\"https:\/\/proclass.com.br\/home\/2018\/06\/pro-tools-2018\/#primaryimage\"},\"thumbnailUrl\":\"https:\/\/proclass.com.br\/home\/wp-content\/uploads\/2018\/06\/Fig.-8-Mini-representac\u0327a\u0303o-de-equalizac\u0327a\u0303o-no-mixer.png\",\"datePublished\":\"2018-06-22T20:00:48+00:00\",\"dateModified\":\"2018-06-22T20:00:49+00:00\",\"breadcrumb\":{\"@id\":\"https:\/\/proclass.com.br\/home\/2018\/06\/pro-tools-2018\/#breadcrumb\"},\"inLanguage\":\"pt-BR\",\"potentialAction\":[{\"@type\":\"ReadAction\",\"target\":[\"https:\/\/proclass.com.br\/home\/2018\/06\/pro-tools-2018\/\"]}]},{\"@type\":\"ImageObject\",\"inLanguage\":\"pt-BR\",\"@id\":\"https:\/\/proclass.com.br\/home\/2018\/06\/pro-tools-2018\/#primaryimage\",\"url\":\"https:\/\/proclass.com.br\/home\/wp-content\/uploads\/2018\/06\/Fig.-8-Mini-representac\u0327a\u0303o-de-equalizac\u0327a\u0303o-no-mixer.png\",\"contentUrl\":\"https:\/\/proclass.com.br\/home\/wp-content\/uploads\/2018\/06\/Fig.-8-Mini-representac\u0327a\u0303o-de-equalizac\u0327a\u0303o-no-mixer.png\",\"width\":1280,\"height\":683,\"caption\":\"Fig. 8 - Mini-representac\u0327a\u0303o de equalizac\u0327a\u0303o no mixer\"},{\"@type\":\"BreadcrumbList\",\"@id\":\"https:\/\/proclass.com.br\/home\/2018\/06\/pro-tools-2018\/#breadcrumb\",\"itemListElement\":[{\"@type\":\"ListItem\",\"position\":1,\"name\":\"In\u00edcio\",\"item\":\"https:\/\/proclass.com.br\/home\/\"},{\"@type\":\"ListItem\",\"position\":2,\"name\":\"Pro Tools 2018\"}]},{\"@type\":\"WebSite\",\"@id\":\"https:\/\/proclass.com.br\/home\/#website\",\"url\":\"https:\/\/proclass.com.br\/home\/\",\"name\":\"PROCLASS\",\"description\":\"CURSOS E TREINAMENTOS\",\"publisher\":{\"@id\":\"https:\/\/proclass.com.br\/home\/#organization\"},\"potentialAction\":[{\"@type\":\"SearchAction\",\"target\":{\"@type\":\"EntryPoint\",\"urlTemplate\":\"https:\/\/proclass.com.br\/home\/?s={search_term_string}\"},\"query-input\":{\"@type\":\"PropertyValueSpecification\",\"valueRequired\":true,\"valueName\":\"search_term_string\"}}],\"inLanguage\":\"pt-BR\"},{\"@type\":\"Organization\",\"@id\":\"https:\/\/proclass.com.br\/home\/#organization\",\"name\":\"PROCLASS\",\"url\":\"https:\/\/proclass.com.br\/home\/\",\"logo\":{\"@type\":\"ImageObject\",\"inLanguage\":\"pt-BR\",\"@id\":\"https:\/\/proclass.com.br\/home\/#\/schema\/logo\/image\/\",\"url\":\"https:\/\/proclass.com.br\/home\/wp-content\/uploads\/2023\/06\/CABECALHO-black_PROCLASS-2023.png\",\"contentUrl\":\"https:\/\/proclass.com.br\/home\/wp-content\/uploads\/2023\/06\/CABECALHO-black_PROCLASS-2023.png\",\"width\":2563,\"height\":911,\"caption\":\"PROCLASS\"},\"image\":{\"@id\":\"https:\/\/proclass.com.br\/home\/#\/schema\/logo\/image\/\"}},{\"@type\":\"Person\",\"@id\":\"https:\/\/proclass.com.br\/home\/#\/schema\/person\/f89e1eb93d5d32c0bb465c52f87f5a00\",\"name\":\"ProClass Treinamentos\",\"image\":{\"@type\":\"ImageObject\",\"inLanguage\":\"pt-BR\",\"@id\":\"https:\/\/proclass.com.br\/home\/#\/schema\/person\/image\/\",\"url\":\"https:\/\/secure.gravatar.com\/avatar\/3878d7a575c7ac355d2c778d5de04af08b7c5a7d9f19b2889f26cc7d80a6a832?s=96&d=blank&r=g\",\"contentUrl\":\"https:\/\/secure.gravatar.com\/avatar\/3878d7a575c7ac355d2c778d5de04af08b7c5a7d9f19b2889f26cc7d80a6a832?s=96&d=blank&r=g\",\"caption\":\"ProClass Treinamentos\"},\"url\":\"https:\/\/proclass.com.br\/home\/author\/proclass\/\"}]}<\/script>\n<!-- \/ Yoast SEO plugin. -->","yoast_head_json":{"title":"Pro Tools 2018 - PROCLASS","robots":{"index":"index","follow":"follow","max-snippet":"max-snippet:-1","max-image-preview":"max-image-preview:large","max-video-preview":"max-video-preview:-1"},"canonical":"https:\/\/proclass.com.br\/home\/2018\/06\/pro-tools-2018\/","og_locale":"pt_BR","og_type":"article","og_title":"Pro Tools 2018 - PROCLASS","og_description":"Artigo publicado na Backstage.\u00a0Para conhecer mais sobre a revista,\u00a0clique aqui. Para saber mais sobre treinamentos e certifica\u00e7\u00f5es oficiais em Waves, Pro Tools, Sibelius ou outros treinamentos em \u00e1udio,\u00a0clique aqui. Conhe\u00e7a a mais nova vers\u00e3o do Pro Tools A primeira coisa que talvez voc\u00ea esteja se perguntando, \u00e9: 2018? Desde quando isso \u00e9 numera\u00e7\u00e3o de vers\u00e3oContinue reading &rarr;","og_url":"https:\/\/proclass.com.br\/home\/2018\/06\/pro-tools-2018\/","og_site_name":"PROCLASS","article_published_time":"2018-06-22T20:00:48+00:00","article_modified_time":"2018-06-22T20:00:49+00:00","og_image":[{"width":1280,"height":683,"url":"https:\/\/proclass.com.br\/home\/wp-content\/uploads\/2018\/06\/Fig.-8-Mini-representac\u0327a\u0303o-de-equalizac\u0327a\u0303o-no-mixer.png","type":"image\/png"}],"author":"ProClass Treinamentos","twitter_card":"summary_large_image","twitter_misc":{"Escrito por":"ProClass Treinamentos","Est. tempo de leitura":"7 minutos"},"schema":{"@context":"https:\/\/schema.org","@graph":[{"@type":"Article","@id":"https:\/\/proclass.com.br\/home\/2018\/06\/pro-tools-2018\/#article","isPartOf":{"@id":"https:\/\/proclass.com.br\/home\/2018\/06\/pro-tools-2018\/"},"author":{"name":"ProClass Treinamentos","@id":"https:\/\/proclass.com.br\/home\/#\/schema\/person\/f89e1eb93d5d32c0bb465c52f87f5a00"},"headline":"Pro Tools 2018","datePublished":"2018-06-22T20:00:48+00:00","dateModified":"2018-06-22T20:00:49+00:00","mainEntityOfPage":{"@id":"https:\/\/proclass.com.br\/home\/2018\/06\/pro-tools-2018\/"},"wordCount":1410,"publisher":{"@id":"https:\/\/proclass.com.br\/home\/#organization"},"image":{"@id":"https:\/\/proclass.com.br\/home\/2018\/06\/pro-tools-2018\/#primaryimage"},"thumbnailUrl":"https:\/\/proclass.com.br\/home\/wp-content\/uploads\/2018\/06\/Fig.-8-Mini-representac\u0327a\u0303o-de-equalizac\u0327a\u0303o-no-mixer.png","articleSection":["Artigos","Pro Tools"],"inLanguage":"pt-BR"},{"@type":"WebPage","@id":"https:\/\/proclass.com.br\/home\/2018\/06\/pro-tools-2018\/","url":"https:\/\/proclass.com.br\/home\/2018\/06\/pro-tools-2018\/","name":"Pro Tools 2018 - PROCLASS","isPartOf":{"@id":"https:\/\/proclass.com.br\/home\/#website"},"primaryImageOfPage":{"@id":"https:\/\/proclass.com.br\/home\/2018\/06\/pro-tools-2018\/#primaryimage"},"image":{"@id":"https:\/\/proclass.com.br\/home\/2018\/06\/pro-tools-2018\/#primaryimage"},"thumbnailUrl":"https:\/\/proclass.com.br\/home\/wp-content\/uploads\/2018\/06\/Fig.-8-Mini-representac\u0327a\u0303o-de-equalizac\u0327a\u0303o-no-mixer.png","datePublished":"2018-06-22T20:00:48+00:00","dateModified":"2018-06-22T20:00:49+00:00","breadcrumb":{"@id":"https:\/\/proclass.com.br\/home\/2018\/06\/pro-tools-2018\/#breadcrumb"},"inLanguage":"pt-BR","potentialAction":[{"@type":"ReadAction","target":["https:\/\/proclass.com.br\/home\/2018\/06\/pro-tools-2018\/"]}]},{"@type":"ImageObject","inLanguage":"pt-BR","@id":"https:\/\/proclass.com.br\/home\/2018\/06\/pro-tools-2018\/#primaryimage","url":"https:\/\/proclass.com.br\/home\/wp-content\/uploads\/2018\/06\/Fig.-8-Mini-representac\u0327a\u0303o-de-equalizac\u0327a\u0303o-no-mixer.png","contentUrl":"https:\/\/proclass.com.br\/home\/wp-content\/uploads\/2018\/06\/Fig.-8-Mini-representac\u0327a\u0303o-de-equalizac\u0327a\u0303o-no-mixer.png","width":1280,"height":683,"caption":"Fig. 8 - Mini-representac\u0327a\u0303o de equalizac\u0327a\u0303o no mixer"},{"@type":"BreadcrumbList","@id":"https:\/\/proclass.com.br\/home\/2018\/06\/pro-tools-2018\/#breadcrumb","itemListElement":[{"@type":"ListItem","position":1,"name":"In\u00edcio","item":"https:\/\/proclass.com.br\/home\/"},{"@type":"ListItem","position":2,"name":"Pro Tools 2018"}]},{"@type":"WebSite","@id":"https:\/\/proclass.com.br\/home\/#website","url":"https:\/\/proclass.com.br\/home\/","name":"PROCLASS","description":"CURSOS E TREINAMENTOS","publisher":{"@id":"https:\/\/proclass.com.br\/home\/#organization"},"potentialAction":[{"@type":"SearchAction","target":{"@type":"EntryPoint","urlTemplate":"https:\/\/proclass.com.br\/home\/?s={search_term_string}"},"query-input":{"@type":"PropertyValueSpecification","valueRequired":true,"valueName":"search_term_string"}}],"inLanguage":"pt-BR"},{"@type":"Organization","@id":"https:\/\/proclass.com.br\/home\/#organization","name":"PROCLASS","url":"https:\/\/proclass.com.br\/home\/","logo":{"@type":"ImageObject","inLanguage":"pt-BR","@id":"https:\/\/proclass.com.br\/home\/#\/schema\/logo\/image\/","url":"https:\/\/proclass.com.br\/home\/wp-content\/uploads\/2023\/06\/CABECALHO-black_PROCLASS-2023.png","contentUrl":"https:\/\/proclass.com.br\/home\/wp-content\/uploads\/2023\/06\/CABECALHO-black_PROCLASS-2023.png","width":2563,"height":911,"caption":"PROCLASS"},"image":{"@id":"https:\/\/proclass.com.br\/home\/#\/schema\/logo\/image\/"}},{"@type":"Person","@id":"https:\/\/proclass.com.br\/home\/#\/schema\/person\/f89e1eb93d5d32c0bb465c52f87f5a00","name":"ProClass Treinamentos","image":{"@type":"ImageObject","inLanguage":"pt-BR","@id":"https:\/\/proclass.com.br\/home\/#\/schema\/person\/image\/","url":"https:\/\/secure.gravatar.com\/avatar\/3878d7a575c7ac355d2c778d5de04af08b7c5a7d9f19b2889f26cc7d80a6a832?s=96&d=blank&r=g","contentUrl":"https:\/\/secure.gravatar.com\/avatar\/3878d7a575c7ac355d2c778d5de04af08b7c5a7d9f19b2889f26cc7d80a6a832?s=96&d=blank&r=g","caption":"ProClass Treinamentos"},"url":"https:\/\/proclass.com.br\/home\/author\/proclass\/"}]}},"_links":{"self":[{"href":"https:\/\/proclass.com.br\/home\/wp-json\/wp\/v2\/posts\/9933","targetHints":{"allow":["GET"]}}],"collection":[{"href":"https:\/\/proclass.com.br\/home\/wp-json\/wp\/v2\/posts"}],"about":[{"href":"https:\/\/proclass.com.br\/home\/wp-json\/wp\/v2\/types\/post"}],"author":[{"embeddable":true,"href":"https:\/\/proclass.com.br\/home\/wp-json\/wp\/v2\/users\/4"}],"replies":[{"embeddable":true,"href":"https:\/\/proclass.com.br\/home\/wp-json\/wp\/v2\/comments?post=9933"}],"version-history":[{"count":0,"href":"https:\/\/proclass.com.br\/home\/wp-json\/wp\/v2\/posts\/9933\/revisions"}],"wp:featuredmedia":[{"embeddable":true,"href":"https:\/\/proclass.com.br\/home\/wp-json\/wp\/v2\/media\/9943"}],"wp:attachment":[{"href":"https:\/\/proclass.com.br\/home\/wp-json\/wp\/v2\/media?parent=9933"}],"wp:term":[{"taxonomy":"category","embeddable":true,"href":"https:\/\/proclass.com.br\/home\/wp-json\/wp\/v2\/categories?post=9933"},{"taxonomy":"post_tag","embeddable":true,"href":"https:\/\/proclass.com.br\/home\/wp-json\/wp\/v2\/tags?post=9933"}],"curies":[{"name":"wp","href":"https:\/\/api.w.org\/{rel}","templated":true}]}}