{"id":9923,"date":"2018-06-22T16:53:59","date_gmt":"2018-06-22T19:53:59","guid":{"rendered":"http:\/\/proclass.com.br\/home\/?p=9923"},"modified":"2018-06-22T16:53:59","modified_gmt":"2018-06-22T19:53:59","slug":"pro-tools-elastic-audio","status":"publish","type":"post","link":"https:\/\/proclass.com.br\/home\/2018\/06\/pro-tools-elastic-audio\/","title":{"rendered":"Pro Tools Elastic Audio"},"content":{"rendered":"<p><a href=\"http:\/\/proclass.com.br\/home\/wp-content\/uploads\/2015\/03\/logo_backstage.png\"><img decoding=\"async\" class=\"aligncenter wp-image-4341\" src=\"http:\/\/proclass.com.br\/home\/wp-content\/uploads\/2015\/03\/logo_backstage.png\" alt=\"logo_backstage\" width=\"364\" height=\"91\" srcset=\"https:\/\/proclass.com.br\/home\/wp-content\/uploads\/2015\/03\/logo_backstage.png 432w, https:\/\/proclass.com.br\/home\/wp-content\/uploads\/2015\/03\/logo_backstage-300x75.png 300w, https:\/\/proclass.com.br\/home\/wp-content\/uploads\/2015\/03\/logo_backstage-100x25.png 100w\" sizes=\"(max-width: 364px) 100vw, 364px\" \/><\/a><\/p>\n<p style=\"text-align: left;\">Artigo publicado na Backstage.\u00a0Para conhecer mais sobre a revista,\u00a0<a href=\"http:\/\/backstage.com.br\/\" target=\"_blank\" rel=\"noopener\">clique aqui.<\/a><\/p>\n<p style=\"text-align: left;\">Para saber mais sobre treinamentos e certifica\u00e7\u00f5es oficiais em Waves, Pro Tools, Sibelius ou outros treinamentos em \u00e1udio,\u00a0<a href=\"http:\/\/proclass.com.br\/home\/certificacoes\/waves\/waves-certification-program\/\" target=\"_blank\" rel=\"noopener\">clique aqui<\/a>.<\/p>\n<p class=\"p1\"><b><i>Manipula\u00e7\u00e3o de tempo e afina\u00e7\u00e3o<\/i><\/b><\/p>\n<p class=\"p2\">Introduzida na vers\u00e3o 7.4, o recurso Elastic Audio foi um divisor de \u00e1guas n\u00e3o s\u00f3 para o Pro Tools mas tamb\u00e9m para toda ind\u00fastria fonogr\u00e1fica.<\/p>\n<p class=\"p2\">Resumidamente, ele permite que o usu\u00e1rio altere a dura\u00e7\u00e3o do \u00e1udio sem mexer na sua afina\u00e7\u00e3o e foi a partir deste ponto que edi\u00e7\u00f5es para criar execu\u00e7\u00f5es com precis\u00e3o cirgurgica come\u00e7aram a ser mais exigidas pelos produtores e m\u00fasicos e se tornaram um padr\u00e3o em muitos estilos musicais, especialmente a m\u00fasica pop e rock.<\/p>\n<p class=\"p2\">Baterias come\u00e7aram a ser alinhadas no grid (independente do gosto do baterista), toda frase e conven\u00e7\u00e3o de banda com naipe de sopros come\u00e7ou a ser matematicamente recalculada, e vocalistas come\u00e7aram a ganhar uma \u201cforcinha\u201d sempre que falta folego para cantar notas longas.<\/p>\n<p class=\"p2\">N\u00e3o precisamos entrar no debate se isso foi bom ou ruim para a m\u00fasica. O ponto aqui \u00e9 outro: reconhecer que \u00e9 uma ferramenta absolutamente poderosa, e essencial de se ter dom\u00ednio para trabalhar profissionalmente em qualquer mercado, seja de m\u00fasica ou v\u00eddeo.<\/p>\n<p class=\"p2\">Ent\u00e3o vamos em frente, pois h\u00e1 muito que falar sobre o Elastic Audio.<\/p>\n<p class=\"p1\"><b><i>Habilitando o Elastic Audio<\/i><\/b><\/p>\n<p class=\"p2\">A primeira coisa a fazer para usar o recurso \u00e9 de fato ativa-lo. Isso \u00e9 poss\u00edvel clicando na \u00e1rea abaixo bot\u00e3o de sele\u00e7\u00e3o de modos automa\u00e7\u00e3o. (fig. 1).<\/p>\n<div id=\"attachment_9924\" style=\"width: 376px\" class=\"wp-caption aligncenter\"><img fetchpriority=\"high\" decoding=\"async\" aria-describedby=\"caption-attachment-9924\" class=\"size-full wp-image-9924\" src=\"http:\/\/proclass.com.br\/home\/wp-content\/uploads\/2018\/06\/Fig.-1-Habilitando-Elastic-Audio.png\" alt=\"\" width=\"366\" height=\"296\" srcset=\"https:\/\/proclass.com.br\/home\/wp-content\/uploads\/2018\/06\/Fig.-1-Habilitando-Elastic-Audio.png 366w, https:\/\/proclass.com.br\/home\/wp-content\/uploads\/2018\/06\/Fig.-1-Habilitando-Elastic-Audio-300x243.png 300w\" sizes=\"(max-width: 366px) 100vw, 366px\" \/><p id=\"caption-attachment-9924\" class=\"wp-caption-text\">Fig. 1 &#8211; Habilitando Elastic Audio<\/p><\/div>\n<p class=\"p2\">Existem v\u00e1rias op\u00e7\u00f5es, que na realidade s\u00e3o algoritmos respons\u00e1veis por tentar manter a integridade sonora. Eu vou ser bem enf\u00e1tico ao repetir a palavra \u201ctentar\u201d, porque \u00e9 importante que voc\u00ea entenda que manipula\u00e7\u00e3o de velocidade e afina\u00e7\u00e3o prejudicam a qualidade sonora. Voc\u00ea pode at\u00e9 n\u00e3o notar ou pode perceber mas n\u00e3o achar comprometer o resultado, mas n\u00e3o pode ignorar o fato de que \u00e9 um processo danoso \u00e0 qualidade sonora.<\/p>\n<p class=\"p2\">Neste primeiro momento, vamos nos concentrar apenas nos tr\u00eas primeiros. Utilizamos o modo \u201cPolyphonic\u201d para tentar proteger a integridade sonora de \u00e1udios mais complexos e ricos em harm\u00f4nicos. Pode ser um viol\u00e3o, um piano ou mesmo uma m\u00fasica completa.<\/p>\n<p class=\"p2\">A segunda op\u00e7\u00e3o chama-se \u201cRhythmic\u201d, voltada a proteger \u00e1udio com ataques muito definidos. N\u00e3o necessariamente precisa ser bateria ou percuss\u00e3o. A guitarra pode ser um instrumento polif\u00f4nico, mas se estiver executando uma fun\u00e7\u00e3o r\u00edtmica como a guitarra funk, \u00e9 mais interessante usar este segunda op\u00e7\u00e3o.<\/p>\n<p class=\"p2\">A terceira op\u00e7\u00e3o \u00e9 o \u201cMonophonic\u201d, que novamente, n\u00e3o deve ser associada com \u201cinstrumento monof\u00f4nico\u201d. Ela foi projetada para evitar a descaracteriza\u00e7\u00e3o timbr\u00edstica de uma voz humana.<\/p>\n<p class=\"p2\">Uma vez que a fun\u00e7\u00e3o Elastic Audio foi habilitada, o sistema analisa todas as ondas sonoras da pista em quest\u00e3o portanto, dependendo da velocidade do seu computador, pode ser que voc\u00ea veja as ondas sonoras em cinza temporariamente. N\u00e3o costuma demorar mais que 1 segundo, mas se fizer em v\u00e1rias pistas simultaneamente, pode demorar mais.<\/p>\n<p class=\"p1\"><b><i>aumentando ou diminuindo a dura\u00e7\u00e3o de um clip<\/i><\/b><\/p>\n<p class=\"p2\">Uma das fun\u00e7\u00f5es mais elementares \u00e9 dividir um trecho de \u00e1udio com a fun\u00e7\u00e3o separate (CTRL + E no windows ou Command + E no Mac), para depois manipular a dura\u00e7\u00e3o deste \u00e1udio.<\/p>\n<p class=\"p2\">Vamos ent\u00e3o realizar isso juntos agora. Lembrando que \u00e9 necess\u00e1rio primeiro habilitar o Elastic Audio na pista em quest\u00e3o, o pr\u00f3ximo passo \u00e9 acionar a ferramenta TCE Tool. Encontramos essa ferramenta clicando no Trim tool (fig. 2) com o bot\u00e3o direito.<\/p>\n<div id=\"attachment_9925\" style=\"width: 287px\" class=\"wp-caption aligncenter\"><img decoding=\"async\" aria-describedby=\"caption-attachment-9925\" class=\"size-full wp-image-9925\" src=\"http:\/\/proclass.com.br\/home\/wp-content\/uploads\/2018\/06\/fig.-2-TCE-Trim-tool.png\" alt=\"\" width=\"277\" height=\"176\" \/><p id=\"caption-attachment-9925\" class=\"wp-caption-text\">fig. 2 &#8211; TCE Trim tool<\/p><\/div>\n<p class=\"p2\">Com ela em m\u00e3os, basta executar a fun\u00e7\u00e3o trim normalmente, clicando na borda do clip e arrastando para a direita para aumentar a dura\u00e7\u00e3o ou para a esquerda para diminuir a dura\u00e7\u00e3o (fig. 3A e 3B).<\/p>\n<div id=\"attachment_9926\" style=\"width: 369px\" class=\"wp-caption aligncenter\"><img loading=\"lazy\" decoding=\"async\" aria-describedby=\"caption-attachment-9926\" class=\"size-full wp-image-9926\" src=\"http:\/\/proclass.com.br\/home\/wp-content\/uploads\/2018\/06\/Fig.-3A-Antes.png\" alt=\"\" width=\"359\" height=\"185\" srcset=\"https:\/\/proclass.com.br\/home\/wp-content\/uploads\/2018\/06\/Fig.-3A-Antes.png 359w, https:\/\/proclass.com.br\/home\/wp-content\/uploads\/2018\/06\/Fig.-3A-Antes-300x155.png 300w\" sizes=\"(max-width: 359px) 100vw, 359px\" \/><p id=\"caption-attachment-9926\" class=\"wp-caption-text\">Fig. 3A &#8211; Antes<\/p><\/div>\n<div id=\"attachment_9927\" style=\"width: 372px\" class=\"wp-caption aligncenter\"><img loading=\"lazy\" decoding=\"async\" aria-describedby=\"caption-attachment-9927\" class=\"size-full wp-image-9927\" src=\"http:\/\/proclass.com.br\/home\/wp-content\/uploads\/2018\/06\/Fig.-3B-Depois.png\" alt=\"\" width=\"362\" height=\"189\" srcset=\"https:\/\/proclass.com.br\/home\/wp-content\/uploads\/2018\/06\/Fig.-3B-Depois.png 362w, https:\/\/proclass.com.br\/home\/wp-content\/uploads\/2018\/06\/Fig.-3B-Depois-300x157.png 300w\" sizes=\"(max-width: 362px) 100vw, 362px\" \/><p id=\"caption-attachment-9927\" class=\"wp-caption-text\">Fig. 3B &#8211; Depois<\/p><\/div>\n<p class=\"p2\">O processamento acontece em tempo real, ent\u00e3o basta iniciar o playback e ouvir o resultado.<\/p>\n<p class=\"p1\"><b><i>Alterando diversas partes de um \u00fanico clip<\/i><\/b><\/p>\n<p class=\"p2\">No primeiro exemplo, fizemos uma altera\u00e7\u00e3o global, ou seja, todo o clip foi afetado da mesma forma. Agora chegou a hora de aprender a fazer m\u00faltiplas altera\u00e7\u00f5es internamente no clip. Isso se torna necess\u00e1rio quando dentro de um mesmo clip, h\u00e1 diversos momentos que precisam ser ajustado de forma individual. Voc\u00ea poderia fazer isso criando v\u00e1rios sub-clips usando o m\u00e9todo anterior, mas \u00e9 bem mais cansativo e demorado.<\/p>\n<p class=\"p2\">Para este segundo m\u00e9todo, vamos mudar a visualiza\u00e7\u00e3o da pista para Warp View. Isso \u00e9 feito atrav\u00e9s do Track View Selector (fig. 4).<\/p>\n<div id=\"attachment_9928\" style=\"width: 319px\" class=\"wp-caption aligncenter\"><img loading=\"lazy\" decoding=\"async\" aria-describedby=\"caption-attachment-9928\" class=\"size-full wp-image-9928\" src=\"http:\/\/proclass.com.br\/home\/wp-content\/uploads\/2018\/06\/Fig.-4-Track-View-Selector.png\" alt=\"\" width=\"309\" height=\"188\" srcset=\"https:\/\/proclass.com.br\/home\/wp-content\/uploads\/2018\/06\/Fig.-4-Track-View-Selector.png 309w, https:\/\/proclass.com.br\/home\/wp-content\/uploads\/2018\/06\/Fig.-4-Track-View-Selector-300x183.png 300w\" sizes=\"(max-width: 309px) 100vw, 309px\" \/><p id=\"caption-attachment-9928\" class=\"wp-caption-text\">Fig. 4 &#8211; Track View Selector<\/p><\/div>\n<p class=\"p2\">Neste modo, o usu\u00e1rio pode criar m\u00faltiplos pontos de ajustes chamados de warp markers (fig. 5). Eles s\u00e3o criados com um duplo clip utilizando o grabber tool, e movidos livremente para aumentar ou diminuir a dura\u00e7\u00e3o de um certo trecho.<\/p>\n<div id=\"attachment_9929\" style=\"width: 525px\" class=\"wp-caption aligncenter\"><img loading=\"lazy\" decoding=\"async\" aria-describedby=\"caption-attachment-9929\" class=\" wp-image-9929\" src=\"http:\/\/proclass.com.br\/home\/wp-content\/uploads\/2018\/06\/Fig.-5-Warp-Markers.png\" alt=\"\" width=\"515\" height=\"146\" srcset=\"https:\/\/proclass.com.br\/home\/wp-content\/uploads\/2018\/06\/Fig.-5-Warp-Markers.png 682w, https:\/\/proclass.com.br\/home\/wp-content\/uploads\/2018\/06\/Fig.-5-Warp-Markers-300x85.png 300w\" sizes=\"(max-width: 515px) 100vw, 515px\" \/><p id=\"caption-attachment-9929\" class=\"wp-caption-text\">Fig. 5 &#8211; Warp Markers<\/p><\/div>\n<p class=\"p2\">Por fim, se mudar de id\u00e9ia, voc\u00ea pode deletar um warp marker facilmente clicando com o bot\u00e3o Alt\/Option pressionado.<\/p>\n<p class=\"p1\"><b><i>Alterando a afina\u00e7\u00e3o com Elastic Pitch<\/i><\/b><\/p>\n<p class=\"p2\">Uma vez acionado, o usu\u00e1rio pode alterar tamb\u00e9m a afina\u00e7\u00e3o de qualquer clip de \u00e1udio. Para isso, acione a caixa de configura\u00e7\u00e3o do Elastic Audio dispon\u00edvel no menu Event &gt; Elastic Audio Properties.<\/p>\n<p class=\"p2\">Com ela vis\u00edvel, basta selecionar o clip em quest\u00e3o e alterar a afina\u00e7\u00e3o com os controles Semi e\/ou Cents (fig. 6A).<\/p>\n<div id=\"attachment_9930\" style=\"width: 373px\" class=\"wp-caption aligncenter\"><img loading=\"lazy\" decoding=\"async\" aria-describedby=\"caption-attachment-9930\" class=\"size-full wp-image-9930\" src=\"http:\/\/proclass.com.br\/home\/wp-content\/uploads\/2018\/06\/Fig.-6A-Elastic-Pitch-Habilitado.png\" alt=\"\" width=\"363\" height=\"364\" srcset=\"https:\/\/proclass.com.br\/home\/wp-content\/uploads\/2018\/06\/Fig.-6A-Elastic-Pitch-Habilitado.png 363w, https:\/\/proclass.com.br\/home\/wp-content\/uploads\/2018\/06\/Fig.-6A-Elastic-Pitch-Habilitado-150x150.png 150w, https:\/\/proclass.com.br\/home\/wp-content\/uploads\/2018\/06\/Fig.-6A-Elastic-Pitch-Habilitado-300x300.png 300w\" sizes=\"(max-width: 363px) 100vw, 363px\" \/><p id=\"caption-attachment-9930\" class=\"wp-caption-text\">Fig. 6A &#8211; Elastic Pitch Habilitado<\/p><\/div>\n<p class=\"p2\">Vale uma observa\u00e7\u00e3o: caso esteja utilizando a op\u00e7\u00e3o Monophonic este recurso estar\u00e1 desabilitado (Fig. 6B), pois lembre-se de que a id\u00e9ia \u00e9 justamente evitar qualquer altera\u00e7\u00e3o na qualidade timbr\u00edstica da voz.<\/p>\n<div id=\"attachment_9931\" style=\"width: 347px\" class=\"wp-caption aligncenter\"><img loading=\"lazy\" decoding=\"async\" aria-describedby=\"caption-attachment-9931\" class=\" wp-image-9931\" src=\"http:\/\/proclass.com.br\/home\/wp-content\/uploads\/2018\/06\/Fig.-6B-Elastic-Pitch-desabilitado.png\" alt=\"\" width=\"337\" height=\"356\" srcset=\"https:\/\/proclass.com.br\/home\/wp-content\/uploads\/2018\/06\/Fig.-6B-Elastic-Pitch-desabilitado.png 378w, https:\/\/proclass.com.br\/home\/wp-content\/uploads\/2018\/06\/Fig.-6B-Elastic-Pitch-desabilitado-284x300.png 284w\" sizes=\"(max-width: 337px) 100vw, 337px\" \/><p id=\"caption-attachment-9931\" class=\"wp-caption-text\">Fig. 6B &#8211; Elastic Pitch desabilitado<\/p><\/div>\n<p class=\"p1\"><b><i>Processamento e mais algoritmos<\/i><\/b><\/p>\n<p class=\"p2\">Voltando as op\u00e7\u00f5es iniciais do Elastic Audio (Fig. 1), vamos ver agora mais alguns detalhes.<\/p>\n<p class=\"p2\">Como mencionando anteriormente, uma das facilidades no uso do Elastic Audio \u00e9 que ele funciona em tempo real. Se por um lado \u00e9 pr\u00e1tico por poder ouvir o resultado imediatamente, por outro, pode pesar demasiamente no seu computador.<\/p>\n<p class=\"p2\">Para isso, o Pro Tools tem um plano B. Ao terminar suas edi\u00e7\u00f5es, voc\u00ea pode mudar o processamento de \u201creal-time\u201d para \u201crendered\u201d, que serve aliviar a CPU nas pistas que voc\u00ea j\u00e1 est\u00e1 satisfeito.<\/p>\n<p class=\"p2\">Tamb\u00e9m vale mencionar outros dois algoritmos que possuem caracter\u00edsticas \u00fanicas. Um \u00e9 o \u201cVarispeed\u201d, que diferente de todos os demais, afeta a afina\u00e7\u00e3o conforme o usu\u00e1rio muda a velocidade. \u00c9 usado para fins muito mais art\u00edsticos e espec\u00edficos, quando se quer simular o que aconteceria ao diminuir a velocidade de um gravador de rolo ou toca-discos de vinil.<\/p>\n<p class=\"p2\">Por \u00faltimo, vale a pena conhecer o \u201cX-Form\u201d que tem compromisso de oferecer a melhor qualidade poss\u00edvel. Seu processamento \u00e9 extremamente intenso na CPU e por isso s\u00f3 pode ser usado no modo \u201crendered\u201d.<\/p>\n<p class=\"p2\">E vamos ficando por aqui. Este \u00e9 o \u00faltimo artigo do ano, ent\u00e3o aproveito para desejar um feliz natal e pr\u00f3spero ano novo, com muita sa\u00fade e paz para todos os leitores da Backstage.<\/p>\n<p class=\"p2\">Abra\u00e7os!<\/p>\n<p><i><a href=\"http:\/\/proclass.com.br\/home\/wp-content\/uploads\/2012\/08\/cris3x4-blog-proclass.jpg\"><img loading=\"lazy\" decoding=\"async\" class=\"alignleft wp-image-1057 size-full\" src=\"http:\/\/proclass.com.br\/home\/wp-content\/uploads\/2012\/08\/cris3x4-blog-proclass.jpg\" alt=\"cris3x4 blog proclass\" width=\"74\" height=\"99\" \/><\/a>Cristiano Moura \u00e9 produtor musical e instrutor certificado da Avid. Atualmente leciona cursos oficiais em Pro Tools, Waves, Sibelius e os treinamentos em mixagem na ProClass. Por meio da ProClass, oferece consultoria, treinamentos customizados em todo o Brasil.<\/i><\/p>\n","protected":false},"excerpt":{"rendered":"<p>Artigo publicado na Backstage.\u00a0Para conhecer mais sobre a revista,\u00a0clique aqui. Para saber mais sobre treinamentos e certifica\u00e7\u00f5es oficiais em Waves, Pro Tools, Sibelius ou outros treinamentos em \u00e1udio,\u00a0clique aqui. Manipula\u00e7\u00e3o de tempo e afina\u00e7\u00e3o Introduzida na vers\u00e3o 7.4, o recurso Elastic Audio foi um divisor de \u00e1guas n\u00e3o s\u00f3 para o Pro Tools mas tamb\u00e9mContinue reading &rarr;<\/p>\n","protected":false},"author":4,"featured_media":9926,"comment_status":"closed","ping_status":"closed","sticky":false,"template":"","format":"standard","meta":{"footnotes":""},"categories":[17,1000],"tags":[],"class_list":["post-9923","post","type-post","status-publish","format-standard","has-post-thumbnail","hentry","category-artigos","category-pro-tools-2","has-thumb"],"yoast_head":"<!-- This site is optimized with the Yoast SEO plugin v26.9 - https:\/\/yoast.com\/product\/yoast-seo-wordpress\/ -->\n<title>Pro Tools Elastic Audio - PROCLASS<\/title>\n<meta name=\"robots\" content=\"index, follow, max-snippet:-1, max-image-preview:large, max-video-preview:-1\" \/>\n<link rel=\"canonical\" href=\"https:\/\/proclass.com.br\/home\/2018\/06\/pro-tools-elastic-audio\/\" \/>\n<meta property=\"og:locale\" content=\"pt_BR\" \/>\n<meta property=\"og:type\" content=\"article\" \/>\n<meta property=\"og:title\" content=\"Pro Tools Elastic Audio - PROCLASS\" \/>\n<meta property=\"og:description\" content=\"Artigo publicado na Backstage.\u00a0Para conhecer mais sobre a revista,\u00a0clique aqui. Para saber mais sobre treinamentos e certifica\u00e7\u00f5es oficiais em Waves, Pro Tools, Sibelius ou outros treinamentos em \u00e1udio,\u00a0clique aqui. Manipula\u00e7\u00e3o de tempo e afina\u00e7\u00e3o Introduzida na vers\u00e3o 7.4, o recurso Elastic Audio foi um divisor de \u00e1guas n\u00e3o s\u00f3 para o Pro Tools mas tamb\u00e9mContinue reading &rarr;\" \/>\n<meta property=\"og:url\" content=\"https:\/\/proclass.com.br\/home\/2018\/06\/pro-tools-elastic-audio\/\" \/>\n<meta property=\"og:site_name\" content=\"PROCLASS\" \/>\n<meta property=\"article:published_time\" content=\"2018-06-22T19:53:59+00:00\" \/>\n<meta property=\"og:image\" content=\"https:\/\/proclass.com.br\/home\/wp-content\/uploads\/2018\/06\/Fig.-3A-Antes.png\" \/>\n\t<meta property=\"og:image:width\" content=\"359\" \/>\n\t<meta property=\"og:image:height\" content=\"185\" \/>\n\t<meta property=\"og:image:type\" content=\"image\/png\" \/>\n<meta name=\"author\" content=\"ProClass Treinamentos\" \/>\n<meta name=\"twitter:card\" content=\"summary_large_image\" \/>\n<meta name=\"twitter:label1\" content=\"Escrito por\" \/>\n\t<meta name=\"twitter:data1\" content=\"ProClass Treinamentos\" \/>\n\t<meta name=\"twitter:label2\" content=\"Est. tempo de leitura\" \/>\n\t<meta name=\"twitter:data2\" content=\"7 minutos\" \/>\n<script type=\"application\/ld+json\" class=\"yoast-schema-graph\">{\"@context\":\"https:\/\/schema.org\",\"@graph\":[{\"@type\":\"Article\",\"@id\":\"https:\/\/proclass.com.br\/home\/2018\/06\/pro-tools-elastic-audio\/#article\",\"isPartOf\":{\"@id\":\"https:\/\/proclass.com.br\/home\/2018\/06\/pro-tools-elastic-audio\/\"},\"author\":{\"name\":\"ProClass Treinamentos\",\"@id\":\"https:\/\/proclass.com.br\/home\/#\/schema\/person\/f89e1eb93d5d32c0bb465c52f87f5a00\"},\"headline\":\"Pro Tools Elastic Audio\",\"datePublished\":\"2018-06-22T19:53:59+00:00\",\"mainEntityOfPage\":{\"@id\":\"https:\/\/proclass.com.br\/home\/2018\/06\/pro-tools-elastic-audio\/\"},\"wordCount\":1308,\"publisher\":{\"@id\":\"https:\/\/proclass.com.br\/home\/#organization\"},\"image\":{\"@id\":\"https:\/\/proclass.com.br\/home\/2018\/06\/pro-tools-elastic-audio\/#primaryimage\"},\"thumbnailUrl\":\"https:\/\/proclass.com.br\/home\/wp-content\/uploads\/2018\/06\/Fig.-3A-Antes.png\",\"articleSection\":[\"Artigos\",\"Pro Tools\"],\"inLanguage\":\"pt-BR\"},{\"@type\":\"WebPage\",\"@id\":\"https:\/\/proclass.com.br\/home\/2018\/06\/pro-tools-elastic-audio\/\",\"url\":\"https:\/\/proclass.com.br\/home\/2018\/06\/pro-tools-elastic-audio\/\",\"name\":\"Pro Tools Elastic Audio - PROCLASS\",\"isPartOf\":{\"@id\":\"https:\/\/proclass.com.br\/home\/#website\"},\"primaryImageOfPage\":{\"@id\":\"https:\/\/proclass.com.br\/home\/2018\/06\/pro-tools-elastic-audio\/#primaryimage\"},\"image\":{\"@id\":\"https:\/\/proclass.com.br\/home\/2018\/06\/pro-tools-elastic-audio\/#primaryimage\"},\"thumbnailUrl\":\"https:\/\/proclass.com.br\/home\/wp-content\/uploads\/2018\/06\/Fig.-3A-Antes.png\",\"datePublished\":\"2018-06-22T19:53:59+00:00\",\"breadcrumb\":{\"@id\":\"https:\/\/proclass.com.br\/home\/2018\/06\/pro-tools-elastic-audio\/#breadcrumb\"},\"inLanguage\":\"pt-BR\",\"potentialAction\":[{\"@type\":\"ReadAction\",\"target\":[\"https:\/\/proclass.com.br\/home\/2018\/06\/pro-tools-elastic-audio\/\"]}]},{\"@type\":\"ImageObject\",\"inLanguage\":\"pt-BR\",\"@id\":\"https:\/\/proclass.com.br\/home\/2018\/06\/pro-tools-elastic-audio\/#primaryimage\",\"url\":\"https:\/\/proclass.com.br\/home\/wp-content\/uploads\/2018\/06\/Fig.-3A-Antes.png\",\"contentUrl\":\"https:\/\/proclass.com.br\/home\/wp-content\/uploads\/2018\/06\/Fig.-3A-Antes.png\",\"width\":359,\"height\":185,\"caption\":\"Fig. 3A - Antes\"},{\"@type\":\"BreadcrumbList\",\"@id\":\"https:\/\/proclass.com.br\/home\/2018\/06\/pro-tools-elastic-audio\/#breadcrumb\",\"itemListElement\":[{\"@type\":\"ListItem\",\"position\":1,\"name\":\"In\u00edcio\",\"item\":\"https:\/\/proclass.com.br\/home\/\"},{\"@type\":\"ListItem\",\"position\":2,\"name\":\"Pro Tools Elastic Audio\"}]},{\"@type\":\"WebSite\",\"@id\":\"https:\/\/proclass.com.br\/home\/#website\",\"url\":\"https:\/\/proclass.com.br\/home\/\",\"name\":\"PROCLASS\",\"description\":\"CURSOS E TREINAMENTOS\",\"publisher\":{\"@id\":\"https:\/\/proclass.com.br\/home\/#organization\"},\"potentialAction\":[{\"@type\":\"SearchAction\",\"target\":{\"@type\":\"EntryPoint\",\"urlTemplate\":\"https:\/\/proclass.com.br\/home\/?s={search_term_string}\"},\"query-input\":{\"@type\":\"PropertyValueSpecification\",\"valueRequired\":true,\"valueName\":\"search_term_string\"}}],\"inLanguage\":\"pt-BR\"},{\"@type\":\"Organization\",\"@id\":\"https:\/\/proclass.com.br\/home\/#organization\",\"name\":\"PROCLASS\",\"url\":\"https:\/\/proclass.com.br\/home\/\",\"logo\":{\"@type\":\"ImageObject\",\"inLanguage\":\"pt-BR\",\"@id\":\"https:\/\/proclass.com.br\/home\/#\/schema\/logo\/image\/\",\"url\":\"https:\/\/proclass.com.br\/home\/wp-content\/uploads\/2023\/06\/CABECALHO-black_PROCLASS-2023.png\",\"contentUrl\":\"https:\/\/proclass.com.br\/home\/wp-content\/uploads\/2023\/06\/CABECALHO-black_PROCLASS-2023.png\",\"width\":2563,\"height\":911,\"caption\":\"PROCLASS\"},\"image\":{\"@id\":\"https:\/\/proclass.com.br\/home\/#\/schema\/logo\/image\/\"}},{\"@type\":\"Person\",\"@id\":\"https:\/\/proclass.com.br\/home\/#\/schema\/person\/f89e1eb93d5d32c0bb465c52f87f5a00\",\"name\":\"ProClass Treinamentos\",\"image\":{\"@type\":\"ImageObject\",\"inLanguage\":\"pt-BR\",\"@id\":\"https:\/\/proclass.com.br\/home\/#\/schema\/person\/image\/\",\"url\":\"https:\/\/secure.gravatar.com\/avatar\/3878d7a575c7ac355d2c778d5de04af08b7c5a7d9f19b2889f26cc7d80a6a832?s=96&d=blank&r=g\",\"contentUrl\":\"https:\/\/secure.gravatar.com\/avatar\/3878d7a575c7ac355d2c778d5de04af08b7c5a7d9f19b2889f26cc7d80a6a832?s=96&d=blank&r=g\",\"caption\":\"ProClass Treinamentos\"},\"url\":\"https:\/\/proclass.com.br\/home\/author\/proclass\/\"}]}<\/script>\n<!-- \/ Yoast SEO plugin. -->","yoast_head_json":{"title":"Pro Tools Elastic Audio - PROCLASS","robots":{"index":"index","follow":"follow","max-snippet":"max-snippet:-1","max-image-preview":"max-image-preview:large","max-video-preview":"max-video-preview:-1"},"canonical":"https:\/\/proclass.com.br\/home\/2018\/06\/pro-tools-elastic-audio\/","og_locale":"pt_BR","og_type":"article","og_title":"Pro Tools Elastic Audio - PROCLASS","og_description":"Artigo publicado na Backstage.\u00a0Para conhecer mais sobre a revista,\u00a0clique aqui. Para saber mais sobre treinamentos e certifica\u00e7\u00f5es oficiais em Waves, Pro Tools, Sibelius ou outros treinamentos em \u00e1udio,\u00a0clique aqui. Manipula\u00e7\u00e3o de tempo e afina\u00e7\u00e3o Introduzida na vers\u00e3o 7.4, o recurso Elastic Audio foi um divisor de \u00e1guas n\u00e3o s\u00f3 para o Pro Tools mas tamb\u00e9mContinue reading &rarr;","og_url":"https:\/\/proclass.com.br\/home\/2018\/06\/pro-tools-elastic-audio\/","og_site_name":"PROCLASS","article_published_time":"2018-06-22T19:53:59+00:00","og_image":[{"width":359,"height":185,"url":"https:\/\/proclass.com.br\/home\/wp-content\/uploads\/2018\/06\/Fig.-3A-Antes.png","type":"image\/png"}],"author":"ProClass Treinamentos","twitter_card":"summary_large_image","twitter_misc":{"Escrito por":"ProClass Treinamentos","Est. tempo de leitura":"7 minutos"},"schema":{"@context":"https:\/\/schema.org","@graph":[{"@type":"Article","@id":"https:\/\/proclass.com.br\/home\/2018\/06\/pro-tools-elastic-audio\/#article","isPartOf":{"@id":"https:\/\/proclass.com.br\/home\/2018\/06\/pro-tools-elastic-audio\/"},"author":{"name":"ProClass Treinamentos","@id":"https:\/\/proclass.com.br\/home\/#\/schema\/person\/f89e1eb93d5d32c0bb465c52f87f5a00"},"headline":"Pro Tools Elastic Audio","datePublished":"2018-06-22T19:53:59+00:00","mainEntityOfPage":{"@id":"https:\/\/proclass.com.br\/home\/2018\/06\/pro-tools-elastic-audio\/"},"wordCount":1308,"publisher":{"@id":"https:\/\/proclass.com.br\/home\/#organization"},"image":{"@id":"https:\/\/proclass.com.br\/home\/2018\/06\/pro-tools-elastic-audio\/#primaryimage"},"thumbnailUrl":"https:\/\/proclass.com.br\/home\/wp-content\/uploads\/2018\/06\/Fig.-3A-Antes.png","articleSection":["Artigos","Pro Tools"],"inLanguage":"pt-BR"},{"@type":"WebPage","@id":"https:\/\/proclass.com.br\/home\/2018\/06\/pro-tools-elastic-audio\/","url":"https:\/\/proclass.com.br\/home\/2018\/06\/pro-tools-elastic-audio\/","name":"Pro Tools Elastic Audio - PROCLASS","isPartOf":{"@id":"https:\/\/proclass.com.br\/home\/#website"},"primaryImageOfPage":{"@id":"https:\/\/proclass.com.br\/home\/2018\/06\/pro-tools-elastic-audio\/#primaryimage"},"image":{"@id":"https:\/\/proclass.com.br\/home\/2018\/06\/pro-tools-elastic-audio\/#primaryimage"},"thumbnailUrl":"https:\/\/proclass.com.br\/home\/wp-content\/uploads\/2018\/06\/Fig.-3A-Antes.png","datePublished":"2018-06-22T19:53:59+00:00","breadcrumb":{"@id":"https:\/\/proclass.com.br\/home\/2018\/06\/pro-tools-elastic-audio\/#breadcrumb"},"inLanguage":"pt-BR","potentialAction":[{"@type":"ReadAction","target":["https:\/\/proclass.com.br\/home\/2018\/06\/pro-tools-elastic-audio\/"]}]},{"@type":"ImageObject","inLanguage":"pt-BR","@id":"https:\/\/proclass.com.br\/home\/2018\/06\/pro-tools-elastic-audio\/#primaryimage","url":"https:\/\/proclass.com.br\/home\/wp-content\/uploads\/2018\/06\/Fig.-3A-Antes.png","contentUrl":"https:\/\/proclass.com.br\/home\/wp-content\/uploads\/2018\/06\/Fig.-3A-Antes.png","width":359,"height":185,"caption":"Fig. 3A - Antes"},{"@type":"BreadcrumbList","@id":"https:\/\/proclass.com.br\/home\/2018\/06\/pro-tools-elastic-audio\/#breadcrumb","itemListElement":[{"@type":"ListItem","position":1,"name":"In\u00edcio","item":"https:\/\/proclass.com.br\/home\/"},{"@type":"ListItem","position":2,"name":"Pro Tools Elastic Audio"}]},{"@type":"WebSite","@id":"https:\/\/proclass.com.br\/home\/#website","url":"https:\/\/proclass.com.br\/home\/","name":"PROCLASS","description":"CURSOS E TREINAMENTOS","publisher":{"@id":"https:\/\/proclass.com.br\/home\/#organization"},"potentialAction":[{"@type":"SearchAction","target":{"@type":"EntryPoint","urlTemplate":"https:\/\/proclass.com.br\/home\/?s={search_term_string}"},"query-input":{"@type":"PropertyValueSpecification","valueRequired":true,"valueName":"search_term_string"}}],"inLanguage":"pt-BR"},{"@type":"Organization","@id":"https:\/\/proclass.com.br\/home\/#organization","name":"PROCLASS","url":"https:\/\/proclass.com.br\/home\/","logo":{"@type":"ImageObject","inLanguage":"pt-BR","@id":"https:\/\/proclass.com.br\/home\/#\/schema\/logo\/image\/","url":"https:\/\/proclass.com.br\/home\/wp-content\/uploads\/2023\/06\/CABECALHO-black_PROCLASS-2023.png","contentUrl":"https:\/\/proclass.com.br\/home\/wp-content\/uploads\/2023\/06\/CABECALHO-black_PROCLASS-2023.png","width":2563,"height":911,"caption":"PROCLASS"},"image":{"@id":"https:\/\/proclass.com.br\/home\/#\/schema\/logo\/image\/"}},{"@type":"Person","@id":"https:\/\/proclass.com.br\/home\/#\/schema\/person\/f89e1eb93d5d32c0bb465c52f87f5a00","name":"ProClass Treinamentos","image":{"@type":"ImageObject","inLanguage":"pt-BR","@id":"https:\/\/proclass.com.br\/home\/#\/schema\/person\/image\/","url":"https:\/\/secure.gravatar.com\/avatar\/3878d7a575c7ac355d2c778d5de04af08b7c5a7d9f19b2889f26cc7d80a6a832?s=96&d=blank&r=g","contentUrl":"https:\/\/secure.gravatar.com\/avatar\/3878d7a575c7ac355d2c778d5de04af08b7c5a7d9f19b2889f26cc7d80a6a832?s=96&d=blank&r=g","caption":"ProClass Treinamentos"},"url":"https:\/\/proclass.com.br\/home\/author\/proclass\/"}]}},"_links":{"self":[{"href":"https:\/\/proclass.com.br\/home\/wp-json\/wp\/v2\/posts\/9923","targetHints":{"allow":["GET"]}}],"collection":[{"href":"https:\/\/proclass.com.br\/home\/wp-json\/wp\/v2\/posts"}],"about":[{"href":"https:\/\/proclass.com.br\/home\/wp-json\/wp\/v2\/types\/post"}],"author":[{"embeddable":true,"href":"https:\/\/proclass.com.br\/home\/wp-json\/wp\/v2\/users\/4"}],"replies":[{"embeddable":true,"href":"https:\/\/proclass.com.br\/home\/wp-json\/wp\/v2\/comments?post=9923"}],"version-history":[{"count":0,"href":"https:\/\/proclass.com.br\/home\/wp-json\/wp\/v2\/posts\/9923\/revisions"}],"wp:featuredmedia":[{"embeddable":true,"href":"https:\/\/proclass.com.br\/home\/wp-json\/wp\/v2\/media\/9926"}],"wp:attachment":[{"href":"https:\/\/proclass.com.br\/home\/wp-json\/wp\/v2\/media?parent=9923"}],"wp:term":[{"taxonomy":"category","embeddable":true,"href":"https:\/\/proclass.com.br\/home\/wp-json\/wp\/v2\/categories?post=9923"},{"taxonomy":"post_tag","embeddable":true,"href":"https:\/\/proclass.com.br\/home\/wp-json\/wp\/v2\/tags?post=9923"}],"curies":[{"name":"wp","href":"https:\/\/api.w.org\/{rel}","templated":true}]}}