{"id":9912,"date":"2018-06-22T16:49:27","date_gmt":"2018-06-22T19:49:27","guid":{"rendered":"http:\/\/proclass.com.br\/home\/?p=9912"},"modified":"2018-06-22T16:49:27","modified_gmt":"2018-06-22T19:49:27","slug":"organizacao-para-mixagem-parte-1","status":"publish","type":"post","link":"https:\/\/proclass.com.br\/home\/2018\/06\/organizacao-para-mixagem-parte-1\/","title":{"rendered":"Organiza\u00e7\u00e3o para mixagem &#8211; Parte 1"},"content":{"rendered":"<p><a href=\"http:\/\/proclass.com.br\/home\/wp-content\/uploads\/2015\/03\/logo_backstage.png\"><img decoding=\"async\" class=\"aligncenter wp-image-4341\" src=\"http:\/\/proclass.com.br\/home\/wp-content\/uploads\/2015\/03\/logo_backstage.png\" alt=\"logo_backstage\" width=\"364\" height=\"91\" srcset=\"https:\/\/proclass.com.br\/home\/wp-content\/uploads\/2015\/03\/logo_backstage.png 432w, https:\/\/proclass.com.br\/home\/wp-content\/uploads\/2015\/03\/logo_backstage-300x75.png 300w, https:\/\/proclass.com.br\/home\/wp-content\/uploads\/2015\/03\/logo_backstage-100x25.png 100w\" sizes=\"(max-width: 364px) 100vw, 364px\" \/><\/a><\/p>\n<p style=\"text-align: left;\">Artigo publicado na Backstage.\u00a0Para conhecer mais sobre a revista,\u00a0<a href=\"http:\/\/backstage.com.br\/\" target=\"_blank\" rel=\"noopener\">clique aqui.<\/a><\/p>\n<p style=\"text-align: left;\">Para saber mais sobre treinamentos e certifica\u00e7\u00f5es oficiais em Waves, Pro Tools, Sibelius ou outros treinamentos em \u00e1udio,\u00a0<a href=\"http:\/\/proclass.com.br\/home\/certificacoes\/waves\/waves-certification-program\/\" target=\"_blank\" rel=\"noopener\">clique aqui<\/a>.<\/p>\n<p class=\"p1\"><b><i>Quanto menos perdido na sess\u00e3o, mais tempo para mixar.<\/i><\/b><\/p>\n<p class=\"p2\">Este artigo \u00e9 uma sugest\u00e3o do leitor Vitor Machado. Quer sugerir um tema? Basta enviar um e-mail para cmoura@proclass.com.br com sua sugest\u00e3o.<\/p>\n<p class=\"p2\">Existem in\u00fameras t\u00e1ticas para manter sua sess\u00e3o sob controle e conseguir navegar por ela com facilidade.<\/p>\n<p class=\"p2\">Al\u00e9m de economizar tempo, \u00e9 algo que deixa o ambiente mais profissional. Se voc\u00ea est\u00e1 sendo observado por um cliente, produtor ou um empregador, estes s\u00e3o procedimentos que contam muito a favor.<\/p>\n<p class=\"p2\">Mais que isso, lembre-se de que tempo \u00e9 dinheiro. Quanto menos tempo voc\u00ea gasta procurando o track, plug-in ou preset em que se quer trabalhar, mais tempo sobra para voc\u00ea cuidar do que realmente importa, que \u00e9 a qualidade sonora da sua produ\u00e7\u00e3o<\/p>\n<p class=\"p1\"><b><i>Organiza\u00e7\u00e3o visual<\/i><\/b><\/p>\n<p class=\"p2\">H\u00e1 um limite de caracteres ao dar nome nas pistas do Pro Tools. Pior que isso, em muitas superficies de controle (fig. 1), o limite ainda \u00e9 menor. Ou seja, isso cria uma discrep\u00e2ncia que atrapalha sua organiza\u00e7\u00e3o pois voc\u00ea pode ter um nome completo aparecendo na tela, mas reduzido numa superf\u00edcie de controle.<\/p>\n<div id=\"attachment_9913\" style=\"width: 1010px\" class=\"wp-caption aligncenter\"><img fetchpriority=\"high\" decoding=\"async\" aria-describedby=\"caption-attachment-9913\" class=\"size-full wp-image-9913\" src=\"http:\/\/proclass.com.br\/home\/wp-content\/uploads\/2018\/06\/Fig.-1-Superficie-de-Controle-C24.jpg\" alt=\"\" width=\"1000\" height=\"878\" srcset=\"https:\/\/proclass.com.br\/home\/wp-content\/uploads\/2018\/06\/Fig.-1-Superficie-de-Controle-C24.jpg 1000w, https:\/\/proclass.com.br\/home\/wp-content\/uploads\/2018\/06\/Fig.-1-Superficie-de-Controle-C24-300x263.jpg 300w, https:\/\/proclass.com.br\/home\/wp-content\/uploads\/2018\/06\/Fig.-1-Superficie-de-Controle-C24-768x674.jpg 768w\" sizes=\"(max-width: 1000px) 100vw, 1000px\" \/><p id=\"caption-attachment-9913\" class=\"wp-caption-text\">Fig. 1 &#8211; Superficie de Controle C|24<\/p><\/div>\n<p class=\"p2\">Ainda que voc\u00ea n\u00e3o tenha uma superf\u00edcie de controle, \u00e9 bom se acostumar desde j\u00e1, pois certamente voc\u00ea almeja um dia trabalhar em um est\u00fadio de m\u00e9dio\/grande porte, ou mesmo ser dono de um.<\/p>\n<p class=\"p2\">Se voc\u00ea n\u00e3o estiver acostumado, vai ter que repensar seus processos\u2026 e o que eu vejo na pr\u00e1tica, \u00e9 que ningu\u00e9m tem tempo ou paci\u00eancia para isso, e o resultado \u00e9 uma superf\u00edcie de controle quase in\u00fatil, que ningu\u00e9m usa.<\/p>\n<p class=\"p2\">Ent\u00e3o, recomendamos criar e se acostumar siglas. Evite \u201cGuitarra\u201d, prefira simplesmente \u201cgt\u201d.<\/p>\n<p class=\"p2\">Outra sugest\u00e3o \u00e9 colocar no in\u00edcio do nome um caracter como um h\u00edfen ou asterisco no in\u00edcio do nome para ajudar a identifica\u00e7\u00e3o.<\/p>\n<p class=\"p2\">Um dos meus grandes mestres, usava uma barra invertida (\/) no in\u00edcio dos auxiliares de efeito e um asterisco (*) nos subgrupos e me acostumei a fazer o mesmo por for\u00e7a do h\u00e1bito. Esta simples organiza\u00e7\u00e3o fez toda a diferen\u00e7a para n\u00e3o me perder numa superf\u00edcie de controle, principalmente quando bate o cansa\u00e7o depois de horas de trabalho (fig. 2).<\/p>\n<div id=\"attachment_9914\" style=\"width: 334px\" class=\"wp-caption aligncenter\"><img decoding=\"async\" aria-describedby=\"caption-attachment-9914\" class=\"size-full wp-image-9914\" src=\"http:\/\/proclass.com.br\/home\/wp-content\/uploads\/2018\/06\/Fig.-2-Nomes-com-caracteres.png\" alt=\"\" width=\"324\" height=\"475\" srcset=\"https:\/\/proclass.com.br\/home\/wp-content\/uploads\/2018\/06\/Fig.-2-Nomes-com-caracteres.png 324w, https:\/\/proclass.com.br\/home\/wp-content\/uploads\/2018\/06\/Fig.-2-Nomes-com-caracteres-205x300.png 205w\" sizes=\"(max-width: 324px) 100vw, 324px\" \/><p id=\"caption-attachment-9914\" class=\"wp-caption-text\">Fig. 2 &#8211; Nomes com caracteres<\/p><\/div>\n<p class=\"p2\">Cores tamb\u00e9m s\u00e3o essenciais, inclusive as novas superf\u00edcies de controle identificam essas cores (fig. 3).<\/p>\n<div id=\"attachment_9915\" style=\"width: 473px\" class=\"wp-caption aligncenter\"><img loading=\"lazy\" decoding=\"async\" aria-describedby=\"caption-attachment-9915\" class=\" wp-image-9915\" src=\"http:\/\/proclass.com.br\/home\/wp-content\/uploads\/2018\/06\/Fig.-3-Organizac\u0327a\u0303o_por_cores-1024x435.png\" alt=\"\" width=\"463\" height=\"197\" srcset=\"https:\/\/proclass.com.br\/home\/wp-content\/uploads\/2018\/06\/Fig.-3-Organizac\u0327a\u0303o_por_cores-1024x435.png 1024w, https:\/\/proclass.com.br\/home\/wp-content\/uploads\/2018\/06\/Fig.-3-Organizac\u0327a\u0303o_por_cores-300x127.png 300w, https:\/\/proclass.com.br\/home\/wp-content\/uploads\/2018\/06\/Fig.-3-Organizac\u0327a\u0303o_por_cores-768x326.png 768w, https:\/\/proclass.com.br\/home\/wp-content\/uploads\/2018\/06\/Fig.-3-Organizac\u0327a\u0303o_por_cores.png 1892w\" sizes=\"(max-width: 463px) 100vw, 463px\" \/><p id=\"caption-attachment-9915\" class=\"wp-caption-text\">Fig. 3 &#8211; Organizac\u0327a\u0303o_por_cores<\/p><\/div>\n<p class=\"p2\">A partir do Pro Tools 8, e a Avid permitiu ao usu\u00e1rio a colorir tracks, clips, markers e Clips na Clip list.<\/p>\n<p class=\"p2\">Este processo \u00e9 feito atrav\u00e9s do menu Window &gt; Color Palette (fig. 4). Com a janela ativa, basta selecionar a pista (clicando no nome da mesma) ou apenas em um clip e selecionar a cor desejada. Vale ressaltar que as superf\u00edcies de controle mais modernas j\u00e1 vem preparadas para identificar e reproduzir com um Led acima do canal, o c\u00f3digo de cores correspondente. (fig. 5)<\/p>\n<div id=\"attachment_9916\" style=\"width: 593px\" class=\"wp-caption aligncenter\"><img loading=\"lazy\" decoding=\"async\" aria-describedby=\"caption-attachment-9916\" class=\"size-full wp-image-9916\" src=\"http:\/\/proclass.com.br\/home\/wp-content\/uploads\/2018\/06\/Fig.-4-Color-Palette.png\" alt=\"\" width=\"583\" height=\"150\" srcset=\"https:\/\/proclass.com.br\/home\/wp-content\/uploads\/2018\/06\/Fig.-4-Color-Palette.png 583w, https:\/\/proclass.com.br\/home\/wp-content\/uploads\/2018\/06\/Fig.-4-Color-Palette-300x77.png 300w\" sizes=\"(max-width: 583px) 100vw, 583px\" \/><p id=\"caption-attachment-9916\" class=\"wp-caption-text\">Fig. 4 &#8211; Color Palette<\/p><\/div>\n<div id=\"attachment_9917\" style=\"width: 519px\" class=\"wp-caption aligncenter\"><img loading=\"lazy\" decoding=\"async\" aria-describedby=\"caption-attachment-9917\" class=\" wp-image-9917\" src=\"http:\/\/proclass.com.br\/home\/wp-content\/uploads\/2018\/06\/Fig.-5-Avid-S3-identificando-e-representando-as-cores-dos-canais-1024x479.png\" alt=\"\" width=\"509\" height=\"238\" srcset=\"https:\/\/proclass.com.br\/home\/wp-content\/uploads\/2018\/06\/Fig.-5-Avid-S3-identificando-e-representando-as-cores-dos-canais-1024x479.png 1024w, https:\/\/proclass.com.br\/home\/wp-content\/uploads\/2018\/06\/Fig.-5-Avid-S3-identificando-e-representando-as-cores-dos-canais-300x140.png 300w, https:\/\/proclass.com.br\/home\/wp-content\/uploads\/2018\/06\/Fig.-5-Avid-S3-identificando-e-representando-as-cores-dos-canais-768x359.png 768w, https:\/\/proclass.com.br\/home\/wp-content\/uploads\/2018\/06\/Fig.-5-Avid-S3-identificando-e-representando-as-cores-dos-canais.png 1735w\" sizes=\"(max-width: 509px) 100vw, 509px\" \/><p id=\"caption-attachment-9917\" class=\"wp-caption-text\">Fig. 5 &#8211; Avid S3 identificando e representando as cores dos canais<\/p><\/div>\n<p class=\"p1\"><b><i>Ordena\u00e7\u00e3o l\u00f3gica<\/i><\/b><\/p>\n<p class=\"p2\">Acima falamos de duas maneiras de ajudar na identifica\u00e7\u00e3o das pistas. Mas temos tamb\u00e9m que colocar as pistas numa ordem que fa\u00e7a sentido.<\/p>\n<p class=\"p2\">Normalmente, acabam ficando organizando na ordem da grava\u00e7\u00e3o, ou seja, os instrumentos que foram gravados primeiro ficam em cima e os gravados por \u00faltimo, v\u00e3o ficando no final.<\/p>\n<p class=\"p2\">N\u00e3o se prenda a isso. Grava\u00e7\u00e3o \u00e9 grava\u00e7\u00e3o, mixagem \u00e9 mixagem. Eu costumo a reorganizar tudo, levando em considera\u00e7\u00e3o algumas premissas.<\/p>\n<p class=\"p2\">A ordem que eu vou mixar \u00e9 uma delas. E nem se limite a achar que toda m\u00fasica precisa ser mixada na mesma ordem. \u00c9 essencial conhecer bem a m\u00fasica primeiro (caso voc\u00ea n\u00e3o tenha participado da produ\u00e7\u00e3o), e estabelecer quais s\u00e3o os principais instrumentos. Uma mesma banda pode ter uma m\u00fasica em que o instrumento principal, que \u201cleva\u201d a m\u00fasica, seja o teclado, e uma outra m\u00fasica, que o instrumento principal seja a guitarra.<\/p>\n<p class=\"p2\">Outra premissa \u00e9 a quantidade de aten\u00e7\u00e3o que o instrumento necessita e quantas vezes eu vou precisar acessa-lo durante a mixar para fazer ajustes.<\/p>\n<p class=\"p2\">Voz \u00e9 um exemplo. Se eu preciso ficar indo e voltando no canal da voz durante a mix, eu a coloco logo no in\u00edcio da sess\u00e3o. \u00c9 sempre mais f\u00e1cil rolar a tela direto para o in\u00edcio do que ficar procurando no meio de outras pistas (Fig 3A).<\/p>\n<p class=\"p2\">Novamente, lembre-se da superf\u00edcie de controle. Navegar direto para o in\u00edcio \u00e9 f\u00e1cil, mas ter que ficar passando de banco em banco e procurando a pista \u00e9 dureza.<\/p>\n<p class=\"p2\">Pensando no lado inverso, auxiliares de efeito s\u00e3o acessados pouqu\u00edssimas vezes durante a mix. Ent\u00e3o todos eles ficam organizados no final da minha sess\u00e3o (fig. 3B).<\/p>\n<p class=\"p1\"><b><i>Organiza\u00e7\u00e3o de plug-ins<\/i><\/b><\/p>\n<p class=\"p2\">Aos poucos, sua maneira de trabalhar vai se tomando forma, e um padr\u00e3o come\u00e7a a se repetir.<\/p>\n<p class=\"p2\">Ent\u00e3o \u00e9 hora de come\u00e7ar a criar e organizar plug-ins. Normalmente eles vem organizados por categoria, que j\u00e1 \u00e9 muito bom, mas pelo menu Setup &gt; Preferences podemos melhorar. Na aba \u201cDisplay\u201d, \u00e9 poss\u00edvel organizar seus plug-ins por categoria e por empresa (fig. 6). Isso facilita bastante, pois para muita gente, \u00e9 muito mais l\u00f3gico procurar um \u201cplug-in de compress\u00e3o da Waves\u201d na categoria \u201cWaves\u201d do que na categoria \u201cDynamics\u201d.<\/p>\n<div id=\"attachment_9918\" style=\"width: 516px\" class=\"wp-caption aligncenter\"><img loading=\"lazy\" decoding=\"async\" aria-describedby=\"caption-attachment-9918\" class=\" wp-image-9918\" src=\"http:\/\/proclass.com.br\/home\/wp-content\/uploads\/2018\/06\/Fig.-6-Organizac\u0327a\u0303o-de-plug-ins-por-empresa-e-categoria.png\" alt=\"\" width=\"506\" height=\"371\" srcset=\"https:\/\/proclass.com.br\/home\/wp-content\/uploads\/2018\/06\/Fig.-6-Organizac\u0327a\u0303o-de-plug-ins-por-empresa-e-categoria.png 658w, https:\/\/proclass.com.br\/home\/wp-content\/uploads\/2018\/06\/Fig.-6-Organizac\u0327a\u0303o-de-plug-ins-por-empresa-e-categoria-300x220.png 300w\" sizes=\"(max-width: 506px) 100vw, 506px\" \/><p id=\"caption-attachment-9918\" class=\"wp-caption-text\">Fig. 6 &#8211; Organizac\u0327a\u0303o de plug-ins por empresa e categoria<\/p><\/div>\n<p class=\"p2\">O Pro Tools tamb\u00e9m permite que voc\u00ea adote um equalizador e um compressor padr\u00e3o, que fica destacado da lista. Esta configura\u00e7\u00e3o tamb\u00e9m fica no Menu Setup &gt; Preferences, mas na Aba Mixing (fig. 7).<\/p>\n<div id=\"attachment_9919\" style=\"width: 508px\" class=\"wp-caption aligncenter\"><img loading=\"lazy\" decoding=\"async\" aria-describedby=\"caption-attachment-9919\" class=\" wp-image-9919\" src=\"http:\/\/proclass.com.br\/home\/wp-content\/uploads\/2018\/06\/Fig.-7-Defindindo-Eq-e-Comp-padra\u0303o.png\" alt=\"\" width=\"498\" height=\"370\" srcset=\"https:\/\/proclass.com.br\/home\/wp-content\/uploads\/2018\/06\/Fig.-7-Defindindo-Eq-e-Comp-padra\u0303o.png 567w, https:\/\/proclass.com.br\/home\/wp-content\/uploads\/2018\/06\/Fig.-7-Defindindo-Eq-e-Comp-padra\u0303o-300x223.png 300w\" sizes=\"(max-width: 498px) 100vw, 498px\" \/><p id=\"caption-attachment-9919\" class=\"wp-caption-text\">Fig. 7 &#8211; Defindindo Eq e Comp padra\u0303o<\/p><\/div>\n<p class=\"p2\">Uma \u00faltima dica valiosa: voc\u00ea pode na verdade destacar (ou \u201cfavoritar\u201d, como muitos chamam informalmente) da lista qualquer plug-in. Basta ir na lista de plug-ins e clicar no seu plug-in de prefer\u00eancia com o bot\u00e3o Command (mac)\/CTRL (win) pressionado e pronto. Na figura 8, veja que foi colocado o plug-in \u201cSpace\u201d destacado.<\/p>\n<div id=\"attachment_9920\" style=\"width: 318px\" class=\"wp-caption aligncenter\"><img loading=\"lazy\" decoding=\"async\" aria-describedby=\"caption-attachment-9920\" class=\" wp-image-9920\" src=\"http:\/\/proclass.com.br\/home\/wp-content\/uploads\/2018\/06\/Fig.-8-Plug-in-Space-como-favorito.png\" alt=\"\" width=\"308\" height=\"621\" srcset=\"https:\/\/proclass.com.br\/home\/wp-content\/uploads\/2018\/06\/Fig.-8-Plug-in-Space-como-favorito.png 389w, https:\/\/proclass.com.br\/home\/wp-content\/uploads\/2018\/06\/Fig.-8-Plug-in-Space-como-favorito-149x300.png 149w\" sizes=\"(max-width: 308px) 100vw, 308px\" \/><p id=\"caption-attachment-9920\" class=\"wp-caption-text\">Fig. 8 &#8211; Plug-in Space como favorito<\/p><\/div>\n<p class=\"p2\">Esta dica vale tanto para os plug-ins acessados pelos inserts quanto pelos plug-ins acessados pelo menu AudioSuite.<\/p>\n<p class=\"p1\"><b><i>Organizando seus presets<\/i><\/b><\/p>\n<p class=\"p2\">Acredite, a organiza\u00e7\u00e3o de presets \u00e9 um assunto mais longo que se imagina, e vale a pena um artigo exclusivo s\u00f3 para tratar deste assunto. \u00c9 o que vamos falar no pr\u00f3ximo artigo.<\/p>\n<p class=\"p2\">Mas desde j\u00e1, quero que estejam cientes de como se cria um preset e como eles podem ser gerenciados.<\/p>\n<p class=\"p2\">Para salvar um preset \u00e9 simples. Basta clicar no campo \u201cfactory default\u201d e depois escolher a op\u00e7\u00e3o Save Settings (fig. 9).<\/p>\n<div id=\"attachment_9921\" style=\"width: 383px\" class=\"wp-caption aligncenter\"><img loading=\"lazy\" decoding=\"async\" aria-describedby=\"caption-attachment-9921\" class=\" wp-image-9921\" src=\"http:\/\/proclass.com.br\/home\/wp-content\/uploads\/2018\/06\/Fig.-9-Manipulac\u0327a\u0303o-de-presets.png\" alt=\"\" width=\"373\" height=\"303\" srcset=\"https:\/\/proclass.com.br\/home\/wp-content\/uploads\/2018\/06\/Fig.-9-Manipulac\u0327a\u0303o-de-presets.png 453w, https:\/\/proclass.com.br\/home\/wp-content\/uploads\/2018\/06\/Fig.-9-Manipulac\u0327a\u0303o-de-presets-300x244.png 300w\" sizes=\"(max-width: 373px) 100vw, 373px\" \/><p id=\"caption-attachment-9921\" class=\"wp-caption-text\">Fig. 9 &#8211; Manipulac\u0327a\u0303o de presets<\/p><\/div>\n<p class=\"p2\">Agora, caso voc\u00ea esteja partindo de um preset j\u00e1 existente, precisa usar a op\u00e7\u00e3o Save Settings as, para n\u00e3o apagar o preset que j\u00e1 existe.<\/p>\n<p class=\"p2\">Repare que no mesmo menu, temos a op\u00e7\u00e3o de deletar um preset, mas tem um inconveniente de ter que deletar um a um. Por isso, vamos mais longe, e aprender a organiza-los por dentro do sistema operacional.<\/p>\n<p class=\"p2\">Voc\u00ea encontra sua biblioteca de presets no Home Folder do usu\u00e1rio (command + Shift + H)\/Documents\/Pro Tools\/Plug-in Settings. J\u00e1 no Windows, fica em C:\/Meus Documentos\/Pro Tools\/Plug-in Settings.<\/p>\n<p class=\"p2\">Por l\u00e1, \u00e9 poss\u00edvel n\u00e3o apenas deletar, como tamb\u00e9m criar subpastas para facilitar. Criar sub-pastas para instrumentos ou estilos musicais \u00e9 muito \u00fatil por exemplo.<\/p>\n<p class=\"p2\">Eu uso este mecanismo para deletar todos os presets de f\u00e1brica, pois na maioria das vezes, n\u00e3o me interessam. Isso ajuda a limpar minha lista.<\/p>\n<p class=\"p2\">Se voc\u00ea n\u00e3o quiser ser t\u00e3o radical quanto eu, pelo menos crie uma sub-pasta com o nome de \u201cpresets de fabrica\u201d ou similar e arraste todos os presets para l\u00e1.<\/p>\n<p class=\"p2\">E com isso, vamos ficando por aqui, mas n\u00e3o se esque\u00e7a que m\u00eas que vem vamos continuar este assunto.<\/p>\n<p class=\"p2\">Abra\u00e7os e at\u00e9 a pr\u00f3xima!<\/p>\n<p><i><a href=\"http:\/\/proclass.com.br\/home\/wp-content\/uploads\/2012\/08\/cris3x4-blog-proclass.jpg\"><img loading=\"lazy\" decoding=\"async\" class=\"alignleft wp-image-1057 size-full\" src=\"http:\/\/proclass.com.br\/home\/wp-content\/uploads\/2012\/08\/cris3x4-blog-proclass.jpg\" alt=\"cris3x4 blog proclass\" width=\"74\" height=\"99\" \/><\/a>Cristiano Moura \u00e9 produtor musical e instrutor certificado da Avid. Atualmente leciona cursos oficiais em Pro Tools, Waves, Sibelius e os treinamentos em mixagem na ProClass. Por meio da ProClass, oferece consultoria, treinamentos customizados em todo o Brasil.<\/i><\/p>\n","protected":false},"excerpt":{"rendered":"<p>Artigo publicado na Backstage.\u00a0Para conhecer mais sobre a revista,\u00a0clique aqui. Para saber mais sobre treinamentos e certifica\u00e7\u00f5es oficiais em Waves, Pro Tools, Sibelius ou outros treinamentos em \u00e1udio,\u00a0clique aqui. Quanto menos perdido na sess\u00e3o, mais tempo para mixar. Este artigo \u00e9 uma sugest\u00e3o do leitor Vitor Machado. Quer sugerir um tema? Basta enviar um e-mailContinue reading &rarr;<\/p>\n","protected":false},"author":4,"featured_media":9916,"comment_status":"closed","ping_status":"closed","sticky":false,"template":"","format":"standard","meta":{"footnotes":""},"categories":[17,1000],"tags":[],"class_list":["post-9912","post","type-post","status-publish","format-standard","has-post-thumbnail","hentry","category-artigos","category-pro-tools-2","has-thumb"],"yoast_head":"<!-- This site is optimized with the Yoast SEO plugin v26.9 - https:\/\/yoast.com\/product\/yoast-seo-wordpress\/ -->\n<title>Organiza\u00e7\u00e3o para mixagem - Parte 1 - PROCLASS<\/title>\n<meta name=\"robots\" content=\"index, follow, max-snippet:-1, max-image-preview:large, max-video-preview:-1\" \/>\n<link rel=\"canonical\" href=\"https:\/\/proclass.com.br\/home\/2018\/06\/organizacao-para-mixagem-parte-1\/\" \/>\n<meta property=\"og:locale\" content=\"pt_BR\" \/>\n<meta property=\"og:type\" content=\"article\" \/>\n<meta property=\"og:title\" content=\"Organiza\u00e7\u00e3o para mixagem - Parte 1 - PROCLASS\" \/>\n<meta property=\"og:description\" content=\"Artigo publicado na Backstage.\u00a0Para conhecer mais sobre a revista,\u00a0clique aqui. Para saber mais sobre treinamentos e certifica\u00e7\u00f5es oficiais em Waves, Pro Tools, Sibelius ou outros treinamentos em \u00e1udio,\u00a0clique aqui. Quanto menos perdido na sess\u00e3o, mais tempo para mixar. Este artigo \u00e9 uma sugest\u00e3o do leitor Vitor Machado. Quer sugerir um tema? Basta enviar um e-mailContinue reading &rarr;\" \/>\n<meta property=\"og:url\" content=\"https:\/\/proclass.com.br\/home\/2018\/06\/organizacao-para-mixagem-parte-1\/\" \/>\n<meta property=\"og:site_name\" content=\"PROCLASS\" \/>\n<meta property=\"article:published_time\" content=\"2018-06-22T19:49:27+00:00\" \/>\n<meta property=\"og:image\" content=\"https:\/\/proclass.com.br\/home\/wp-content\/uploads\/2018\/06\/Fig.-4-Color-Palette.png\" \/>\n\t<meta property=\"og:image:width\" content=\"583\" \/>\n\t<meta property=\"og:image:height\" content=\"150\" \/>\n\t<meta property=\"og:image:type\" content=\"image\/png\" \/>\n<meta name=\"author\" content=\"ProClass Treinamentos\" \/>\n<meta name=\"twitter:card\" content=\"summary_large_image\" \/>\n<meta name=\"twitter:label1\" content=\"Escrito por\" \/>\n\t<meta name=\"twitter:data1\" content=\"ProClass Treinamentos\" \/>\n\t<meta name=\"twitter:label2\" content=\"Est. tempo de leitura\" \/>\n\t<meta name=\"twitter:data2\" content=\"7 minutos\" \/>\n<script type=\"application\/ld+json\" class=\"yoast-schema-graph\">{\"@context\":\"https:\/\/schema.org\",\"@graph\":[{\"@type\":\"Article\",\"@id\":\"https:\/\/proclass.com.br\/home\/2018\/06\/organizacao-para-mixagem-parte-1\/#article\",\"isPartOf\":{\"@id\":\"https:\/\/proclass.com.br\/home\/2018\/06\/organizacao-para-mixagem-parte-1\/\"},\"author\":{\"name\":\"ProClass Treinamentos\",\"@id\":\"https:\/\/proclass.com.br\/home\/#\/schema\/person\/f89e1eb93d5d32c0bb465c52f87f5a00\"},\"headline\":\"Organiza\u00e7\u00e3o para mixagem &#8211; Parte 1\",\"datePublished\":\"2018-06-22T19:49:27+00:00\",\"mainEntityOfPage\":{\"@id\":\"https:\/\/proclass.com.br\/home\/2018\/06\/organizacao-para-mixagem-parte-1\/\"},\"wordCount\":1468,\"publisher\":{\"@id\":\"https:\/\/proclass.com.br\/home\/#organization\"},\"image\":{\"@id\":\"https:\/\/proclass.com.br\/home\/2018\/06\/organizacao-para-mixagem-parte-1\/#primaryimage\"},\"thumbnailUrl\":\"https:\/\/proclass.com.br\/home\/wp-content\/uploads\/2018\/06\/Fig.-4-Color-Palette.png\",\"articleSection\":[\"Artigos\",\"Pro Tools\"],\"inLanguage\":\"pt-BR\"},{\"@type\":\"WebPage\",\"@id\":\"https:\/\/proclass.com.br\/home\/2018\/06\/organizacao-para-mixagem-parte-1\/\",\"url\":\"https:\/\/proclass.com.br\/home\/2018\/06\/organizacao-para-mixagem-parte-1\/\",\"name\":\"Organiza\u00e7\u00e3o para mixagem - Parte 1 - PROCLASS\",\"isPartOf\":{\"@id\":\"https:\/\/proclass.com.br\/home\/#website\"},\"primaryImageOfPage\":{\"@id\":\"https:\/\/proclass.com.br\/home\/2018\/06\/organizacao-para-mixagem-parte-1\/#primaryimage\"},\"image\":{\"@id\":\"https:\/\/proclass.com.br\/home\/2018\/06\/organizacao-para-mixagem-parte-1\/#primaryimage\"},\"thumbnailUrl\":\"https:\/\/proclass.com.br\/home\/wp-content\/uploads\/2018\/06\/Fig.-4-Color-Palette.png\",\"datePublished\":\"2018-06-22T19:49:27+00:00\",\"breadcrumb\":{\"@id\":\"https:\/\/proclass.com.br\/home\/2018\/06\/organizacao-para-mixagem-parte-1\/#breadcrumb\"},\"inLanguage\":\"pt-BR\",\"potentialAction\":[{\"@type\":\"ReadAction\",\"target\":[\"https:\/\/proclass.com.br\/home\/2018\/06\/organizacao-para-mixagem-parte-1\/\"]}]},{\"@type\":\"ImageObject\",\"inLanguage\":\"pt-BR\",\"@id\":\"https:\/\/proclass.com.br\/home\/2018\/06\/organizacao-para-mixagem-parte-1\/#primaryimage\",\"url\":\"https:\/\/proclass.com.br\/home\/wp-content\/uploads\/2018\/06\/Fig.-4-Color-Palette.png\",\"contentUrl\":\"https:\/\/proclass.com.br\/home\/wp-content\/uploads\/2018\/06\/Fig.-4-Color-Palette.png\",\"width\":583,\"height\":150,\"caption\":\"Fig. 4 - Color Palette\"},{\"@type\":\"BreadcrumbList\",\"@id\":\"https:\/\/proclass.com.br\/home\/2018\/06\/organizacao-para-mixagem-parte-1\/#breadcrumb\",\"itemListElement\":[{\"@type\":\"ListItem\",\"position\":1,\"name\":\"In\u00edcio\",\"item\":\"https:\/\/proclass.com.br\/home\/\"},{\"@type\":\"ListItem\",\"position\":2,\"name\":\"Organiza\u00e7\u00e3o para mixagem &#8211; Parte 1\"}]},{\"@type\":\"WebSite\",\"@id\":\"https:\/\/proclass.com.br\/home\/#website\",\"url\":\"https:\/\/proclass.com.br\/home\/\",\"name\":\"PROCLASS\",\"description\":\"CURSOS E TREINAMENTOS\",\"publisher\":{\"@id\":\"https:\/\/proclass.com.br\/home\/#organization\"},\"potentialAction\":[{\"@type\":\"SearchAction\",\"target\":{\"@type\":\"EntryPoint\",\"urlTemplate\":\"https:\/\/proclass.com.br\/home\/?s={search_term_string}\"},\"query-input\":{\"@type\":\"PropertyValueSpecification\",\"valueRequired\":true,\"valueName\":\"search_term_string\"}}],\"inLanguage\":\"pt-BR\"},{\"@type\":\"Organization\",\"@id\":\"https:\/\/proclass.com.br\/home\/#organization\",\"name\":\"PROCLASS\",\"url\":\"https:\/\/proclass.com.br\/home\/\",\"logo\":{\"@type\":\"ImageObject\",\"inLanguage\":\"pt-BR\",\"@id\":\"https:\/\/proclass.com.br\/home\/#\/schema\/logo\/image\/\",\"url\":\"https:\/\/proclass.com.br\/home\/wp-content\/uploads\/2023\/06\/CABECALHO-black_PROCLASS-2023.png\",\"contentUrl\":\"https:\/\/proclass.com.br\/home\/wp-content\/uploads\/2023\/06\/CABECALHO-black_PROCLASS-2023.png\",\"width\":2563,\"height\":911,\"caption\":\"PROCLASS\"},\"image\":{\"@id\":\"https:\/\/proclass.com.br\/home\/#\/schema\/logo\/image\/\"}},{\"@type\":\"Person\",\"@id\":\"https:\/\/proclass.com.br\/home\/#\/schema\/person\/f89e1eb93d5d32c0bb465c52f87f5a00\",\"name\":\"ProClass Treinamentos\",\"image\":{\"@type\":\"ImageObject\",\"inLanguage\":\"pt-BR\",\"@id\":\"https:\/\/proclass.com.br\/home\/#\/schema\/person\/image\/\",\"url\":\"https:\/\/secure.gravatar.com\/avatar\/3878d7a575c7ac355d2c778d5de04af08b7c5a7d9f19b2889f26cc7d80a6a832?s=96&d=blank&r=g\",\"contentUrl\":\"https:\/\/secure.gravatar.com\/avatar\/3878d7a575c7ac355d2c778d5de04af08b7c5a7d9f19b2889f26cc7d80a6a832?s=96&d=blank&r=g\",\"caption\":\"ProClass Treinamentos\"},\"url\":\"https:\/\/proclass.com.br\/home\/author\/proclass\/\"}]}<\/script>\n<!-- \/ Yoast SEO plugin. -->","yoast_head_json":{"title":"Organiza\u00e7\u00e3o para mixagem - Parte 1 - PROCLASS","robots":{"index":"index","follow":"follow","max-snippet":"max-snippet:-1","max-image-preview":"max-image-preview:large","max-video-preview":"max-video-preview:-1"},"canonical":"https:\/\/proclass.com.br\/home\/2018\/06\/organizacao-para-mixagem-parte-1\/","og_locale":"pt_BR","og_type":"article","og_title":"Organiza\u00e7\u00e3o para mixagem - Parte 1 - PROCLASS","og_description":"Artigo publicado na Backstage.\u00a0Para conhecer mais sobre a revista,\u00a0clique aqui. Para saber mais sobre treinamentos e certifica\u00e7\u00f5es oficiais em Waves, Pro Tools, Sibelius ou outros treinamentos em \u00e1udio,\u00a0clique aqui. Quanto menos perdido na sess\u00e3o, mais tempo para mixar. Este artigo \u00e9 uma sugest\u00e3o do leitor Vitor Machado. Quer sugerir um tema? Basta enviar um e-mailContinue reading &rarr;","og_url":"https:\/\/proclass.com.br\/home\/2018\/06\/organizacao-para-mixagem-parte-1\/","og_site_name":"PROCLASS","article_published_time":"2018-06-22T19:49:27+00:00","og_image":[{"width":583,"height":150,"url":"https:\/\/proclass.com.br\/home\/wp-content\/uploads\/2018\/06\/Fig.-4-Color-Palette.png","type":"image\/png"}],"author":"ProClass Treinamentos","twitter_card":"summary_large_image","twitter_misc":{"Escrito por":"ProClass Treinamentos","Est. tempo de leitura":"7 minutos"},"schema":{"@context":"https:\/\/schema.org","@graph":[{"@type":"Article","@id":"https:\/\/proclass.com.br\/home\/2018\/06\/organizacao-para-mixagem-parte-1\/#article","isPartOf":{"@id":"https:\/\/proclass.com.br\/home\/2018\/06\/organizacao-para-mixagem-parte-1\/"},"author":{"name":"ProClass Treinamentos","@id":"https:\/\/proclass.com.br\/home\/#\/schema\/person\/f89e1eb93d5d32c0bb465c52f87f5a00"},"headline":"Organiza\u00e7\u00e3o para mixagem &#8211; Parte 1","datePublished":"2018-06-22T19:49:27+00:00","mainEntityOfPage":{"@id":"https:\/\/proclass.com.br\/home\/2018\/06\/organizacao-para-mixagem-parte-1\/"},"wordCount":1468,"publisher":{"@id":"https:\/\/proclass.com.br\/home\/#organization"},"image":{"@id":"https:\/\/proclass.com.br\/home\/2018\/06\/organizacao-para-mixagem-parte-1\/#primaryimage"},"thumbnailUrl":"https:\/\/proclass.com.br\/home\/wp-content\/uploads\/2018\/06\/Fig.-4-Color-Palette.png","articleSection":["Artigos","Pro Tools"],"inLanguage":"pt-BR"},{"@type":"WebPage","@id":"https:\/\/proclass.com.br\/home\/2018\/06\/organizacao-para-mixagem-parte-1\/","url":"https:\/\/proclass.com.br\/home\/2018\/06\/organizacao-para-mixagem-parte-1\/","name":"Organiza\u00e7\u00e3o para mixagem - Parte 1 - PROCLASS","isPartOf":{"@id":"https:\/\/proclass.com.br\/home\/#website"},"primaryImageOfPage":{"@id":"https:\/\/proclass.com.br\/home\/2018\/06\/organizacao-para-mixagem-parte-1\/#primaryimage"},"image":{"@id":"https:\/\/proclass.com.br\/home\/2018\/06\/organizacao-para-mixagem-parte-1\/#primaryimage"},"thumbnailUrl":"https:\/\/proclass.com.br\/home\/wp-content\/uploads\/2018\/06\/Fig.-4-Color-Palette.png","datePublished":"2018-06-22T19:49:27+00:00","breadcrumb":{"@id":"https:\/\/proclass.com.br\/home\/2018\/06\/organizacao-para-mixagem-parte-1\/#breadcrumb"},"inLanguage":"pt-BR","potentialAction":[{"@type":"ReadAction","target":["https:\/\/proclass.com.br\/home\/2018\/06\/organizacao-para-mixagem-parte-1\/"]}]},{"@type":"ImageObject","inLanguage":"pt-BR","@id":"https:\/\/proclass.com.br\/home\/2018\/06\/organizacao-para-mixagem-parte-1\/#primaryimage","url":"https:\/\/proclass.com.br\/home\/wp-content\/uploads\/2018\/06\/Fig.-4-Color-Palette.png","contentUrl":"https:\/\/proclass.com.br\/home\/wp-content\/uploads\/2018\/06\/Fig.-4-Color-Palette.png","width":583,"height":150,"caption":"Fig. 4 - Color Palette"},{"@type":"BreadcrumbList","@id":"https:\/\/proclass.com.br\/home\/2018\/06\/organizacao-para-mixagem-parte-1\/#breadcrumb","itemListElement":[{"@type":"ListItem","position":1,"name":"In\u00edcio","item":"https:\/\/proclass.com.br\/home\/"},{"@type":"ListItem","position":2,"name":"Organiza\u00e7\u00e3o para mixagem &#8211; Parte 1"}]},{"@type":"WebSite","@id":"https:\/\/proclass.com.br\/home\/#website","url":"https:\/\/proclass.com.br\/home\/","name":"PROCLASS","description":"CURSOS E TREINAMENTOS","publisher":{"@id":"https:\/\/proclass.com.br\/home\/#organization"},"potentialAction":[{"@type":"SearchAction","target":{"@type":"EntryPoint","urlTemplate":"https:\/\/proclass.com.br\/home\/?s={search_term_string}"},"query-input":{"@type":"PropertyValueSpecification","valueRequired":true,"valueName":"search_term_string"}}],"inLanguage":"pt-BR"},{"@type":"Organization","@id":"https:\/\/proclass.com.br\/home\/#organization","name":"PROCLASS","url":"https:\/\/proclass.com.br\/home\/","logo":{"@type":"ImageObject","inLanguage":"pt-BR","@id":"https:\/\/proclass.com.br\/home\/#\/schema\/logo\/image\/","url":"https:\/\/proclass.com.br\/home\/wp-content\/uploads\/2023\/06\/CABECALHO-black_PROCLASS-2023.png","contentUrl":"https:\/\/proclass.com.br\/home\/wp-content\/uploads\/2023\/06\/CABECALHO-black_PROCLASS-2023.png","width":2563,"height":911,"caption":"PROCLASS"},"image":{"@id":"https:\/\/proclass.com.br\/home\/#\/schema\/logo\/image\/"}},{"@type":"Person","@id":"https:\/\/proclass.com.br\/home\/#\/schema\/person\/f89e1eb93d5d32c0bb465c52f87f5a00","name":"ProClass Treinamentos","image":{"@type":"ImageObject","inLanguage":"pt-BR","@id":"https:\/\/proclass.com.br\/home\/#\/schema\/person\/image\/","url":"https:\/\/secure.gravatar.com\/avatar\/3878d7a575c7ac355d2c778d5de04af08b7c5a7d9f19b2889f26cc7d80a6a832?s=96&d=blank&r=g","contentUrl":"https:\/\/secure.gravatar.com\/avatar\/3878d7a575c7ac355d2c778d5de04af08b7c5a7d9f19b2889f26cc7d80a6a832?s=96&d=blank&r=g","caption":"ProClass Treinamentos"},"url":"https:\/\/proclass.com.br\/home\/author\/proclass\/"}]}},"_links":{"self":[{"href":"https:\/\/proclass.com.br\/home\/wp-json\/wp\/v2\/posts\/9912","targetHints":{"allow":["GET"]}}],"collection":[{"href":"https:\/\/proclass.com.br\/home\/wp-json\/wp\/v2\/posts"}],"about":[{"href":"https:\/\/proclass.com.br\/home\/wp-json\/wp\/v2\/types\/post"}],"author":[{"embeddable":true,"href":"https:\/\/proclass.com.br\/home\/wp-json\/wp\/v2\/users\/4"}],"replies":[{"embeddable":true,"href":"https:\/\/proclass.com.br\/home\/wp-json\/wp\/v2\/comments?post=9912"}],"version-history":[{"count":0,"href":"https:\/\/proclass.com.br\/home\/wp-json\/wp\/v2\/posts\/9912\/revisions"}],"wp:featuredmedia":[{"embeddable":true,"href":"https:\/\/proclass.com.br\/home\/wp-json\/wp\/v2\/media\/9916"}],"wp:attachment":[{"href":"https:\/\/proclass.com.br\/home\/wp-json\/wp\/v2\/media?parent=9912"}],"wp:term":[{"taxonomy":"category","embeddable":true,"href":"https:\/\/proclass.com.br\/home\/wp-json\/wp\/v2\/categories?post=9912"},{"taxonomy":"post_tag","embeddable":true,"href":"https:\/\/proclass.com.br\/home\/wp-json\/wp\/v2\/tags?post=9912"}],"curies":[{"name":"wp","href":"https:\/\/api.w.org\/{rel}","templated":true}]}}