{"id":9902,"date":"2018-06-22T16:43:57","date_gmt":"2018-06-22T19:43:57","guid":{"rendered":"http:\/\/proclass.com.br\/home\/?p=9902"},"modified":"2018-06-22T16:43:57","modified_gmt":"2018-06-22T19:43:57","slug":"preparando-um-projeto-audiovisual","status":"publish","type":"post","link":"https:\/\/proclass.com.br\/home\/2018\/06\/preparando-um-projeto-audiovisual\/","title":{"rendered":"Preparando um projeto audiovisual"},"content":{"rendered":"<p><a href=\"http:\/\/proclass.com.br\/home\/wp-content\/uploads\/2015\/03\/logo_backstage.png\"><img decoding=\"async\" class=\"aligncenter wp-image-4341\" src=\"http:\/\/proclass.com.br\/home\/wp-content\/uploads\/2015\/03\/logo_backstage.png\" alt=\"logo_backstage\" width=\"364\" height=\"91\" srcset=\"https:\/\/proclass.com.br\/home\/wp-content\/uploads\/2015\/03\/logo_backstage.png 432w, https:\/\/proclass.com.br\/home\/wp-content\/uploads\/2015\/03\/logo_backstage-300x75.png 300w, https:\/\/proclass.com.br\/home\/wp-content\/uploads\/2015\/03\/logo_backstage-100x25.png 100w\" sizes=\"(max-width: 364px) 100vw, 364px\" \/><\/a><\/p>\n<p style=\"text-align: left;\">Artigo publicado na Backstage.\u00a0Para conhecer mais sobre a revista,\u00a0<a href=\"http:\/\/backstage.com.br\/\" target=\"_blank\" rel=\"noopener\">clique aqui.<\/a><\/p>\n<p style=\"text-align: left;\">Para saber mais sobre treinamentos e certifica\u00e7\u00f5es oficiais em Waves, Pro Tools, Sibelius ou outros treinamentos em \u00e1udio,\u00a0<a href=\"http:\/\/proclass.com.br\/home\/certificacoes\/waves\/waves-certification-program\/\" target=\"_blank\" rel=\"noopener\">clique aqui<\/a>.<\/p>\n<p class=\"p1\"><b><i>Fundamentos para trabalhos com video<\/i><\/b><\/p>\n<p class=\"p2\">Na \u00e1rea da m\u00fasica, o Pro Tools \u00e9 uma das ferramentas mais adotadas pelos est\u00fadios e produtores, mas, tamb\u00e9m divide uma fatia do mercado com outros softwares de produ\u00e7\u00e3o musical como o Logic Pro, Cubase, Ableton Live entre outros.<\/p>\n<p class=\"p2\">J\u00e1 no mercado de produ\u00e7\u00e3o sonora para v\u00eddeo, o Pro Tools reina soberano.<\/p>\n<p class=\"p2\">Seja na \u00e1rea de sonoplastia, dublagem, edi\u00e7\u00e3o de som direto ou mixagem para TV e cinema, as op\u00e7\u00f5es de intera\u00e7\u00e3o e compatibilidade com editores de v\u00eddeo, possibilidade expans\u00e3o, processamento externo e integra\u00e7\u00e3o de sistemas transformaram o Pro Tools em uma op\u00e7\u00e3o quase que \u00fanica em grandes produ\u00e7\u00f5es.<\/p>\n<p class=\"p2\">Com o mercado da m\u00fasica \u00e9 muito inst\u00e1vel, produtores musicais e engenheiros de som est\u00e3o cada vez mais se aventurando na produ\u00e7\u00e3o de som para v\u00eddeo, por\u00e9m, \u00e9 outro terreno, com outros termos, elementos e necessidades.<\/p>\n<p class=\"p2\">Se voc\u00ea \u00e9 uma destas pessoas, que se interessa em buscar espa\u00e7o neste nicho, este artigo \u00e9 um bom come\u00e7o para entender um pouco mais deste universo.<\/p>\n<p class=\"p1\"><b><i>Caracter\u00edsticas de um v\u00eddeo<\/i><\/b><\/p>\n<p class=\"p2\">Voc\u00ea que j\u00e1 trabalha\/estuda com \u00e1udio, deve conhecer termos como taxa de amostragem (sample rate) e quantiza\u00e7\u00e3o (bit depth).<\/p>\n<p class=\"p2\">V\u00eddeo tamb\u00e9m tem suas caracter\u00edsticas e voc\u00ea vai precisar saber em diversos momentos. A primeira caracter\u00edstica \u00e9 a velocidade em quadros por segundo (frame rate, ou simplesmente FPS). Representa quantas amostras de imagem s\u00e3o capturadas ou reproduzidas por segundo.<\/p>\n<p class=\"p2\">\u00c9 comum vermos velocidades de 23.976, 24, 25, 29.97, 30, 59.94 entre outros.<\/p>\n<p class=\"p2\">Esta \u00e9 uma informa\u00e7\u00e3o vital, pois a configura\u00e7\u00e3o errada resulta em \u00e1udio fora de sincronismo com v\u00eddeo.<\/p>\n<p class=\"p2\">N\u00e3o existe nada no Pro Tools que detecte e ajuste automaticamente sua sess\u00e3o. \u00c9 seu dever descobrir o frame rate e configurar a sess\u00e3o manualmente (veremos isso mais a frente).<\/p>\n<p class=\"p2\">Segunda caracter\u00edstica: formato do v\u00eddeo. Estamos falando das dimens\u00f5es do v\u00eddeo. SD, HD, Full HD, Ultra HD e 4K s\u00e3o alguns nomes que usamos, e todos est\u00e3o relacionados ao tamanho do v\u00eddeo em pixels. Por exemplo, o formato mais usado atualmente \u00e9 o Full HD, que tem dimens\u00f5es de 1920 X 1080 pixels.<\/p>\n<p class=\"p2\">A terceira caracter\u00edstica \u00e9 a compress\u00e3o (ou codifica\u00e7\u00e3o). Diferente do \u00e1udio, onde ningu\u00e9m pensaria em produzir algo profissional com material comprimido em MP3 ou AAC, o v\u00eddeo \u00e9 quase sempre comprimido com algum CODEC Lossy. Eis alguns comuns no mercado profissional: Avid DNxHD e DNxHR, H.264, XDCAM e Apple ProRes.<\/p>\n<p class=\"p2\">A quarta caracter\u00edstica \u00e9 o tipo de arquivo. Alguns exemplos bem conhecidos: .MOV, .AVI, .MP4 .MXF.<\/p>\n<p class=\"p2\">Por favor, n\u00e3o confundam o tipo de arquivo com a codifica\u00e7\u00e3o. Um arquivo .MXF pode ser codificado como XDCAM, mas tamb\u00e9m pode ser codificado como Avid DNxHD por exemplo.<\/p>\n<p class=\"p2\">Voc\u00ea precisa saber sobre formato de v\u00eddeo, compress\u00e3o e tipo de arquivo para explicar ao editor de v\u00eddeo como precisa receber seu v\u00eddeo. A compatibilidade destas caracter\u00edsticas com o Pro Tools s\u00e3o vari\u00e1veis de acordo com a vers\u00e3o. Portanto, consulte o site da Avid para saber mais sobre a compatibilidade da sua vers\u00e3o para trabalhos com v\u00eddeo.<\/p>\n<p class=\"p1\"><b><i>Informa\u00e7\u00e3o de Timecode<\/i><\/b><\/p>\n<p class=\"p2\">Supondo que voc\u00ea j\u00e1 recebeu o v\u00eddeo, est\u00e1 quase na hora de importar, mas ainda falta descobrirmos o Timecode do v\u00eddeo, pois o grid da sess\u00e3o deve estar alinhado a ele.<\/p>\n<p class=\"p2\">E o que \u00e9 o Timecode? \u00c9 uma informa\u00e7\u00e3o de tempo contida no v\u00eddeo, que informa a posi\u00e7\u00e3o absoluta durante o tempo.<\/p>\n<p class=\"p2\">Existem dois cen\u00e1rios: voc\u00ea pode recebe um v\u00eddeo comum, e neste caso, voc\u00ea deve perguntar ao editor em qual timecode o v\u00eddeo se inicia.<\/p>\n<p class=\"p2\">O segundo cen\u00e1rio, \u00e9 quando recebe um v\u00eddeo com timecode j\u00e1 impresso na tela. Neste caso voc\u00ea tem toda a informa\u00e7\u00e3o que precisa e fica mais f\u00e1cil de conferir tudo. Tendo abertura, \u00e9 sempre melhor pedir o timecode j\u00e1 impresso na tela.<\/p>\n<p class=\"p1\"><b><i>Configura\u00e7\u00f5es iniciais e importa\u00e7\u00e3o de v\u00eddeo<\/i><\/b><\/p>\n<p class=\"p2\">Ao criar sua sess\u00e3o, tenha em mente que enquanto o mercado de m\u00fasica trabalha com sample rates de 44.1kHz e seus m\u00faltiplos, o mercado de v\u00eddeo trabalha com 48kHz, 96kHz e 192kHz. Isso precisa ser definido logo de in\u00edcio e n\u00e3o tem como mudar depois.<\/p>\n<p class=\"p2\">Com rela\u00e7\u00e3o ao Bit Depth, voc\u00ea pode continuar trabalhando com 24 bits como em m\u00fasica, e mesmo se voc\u00ea configurou errado no in\u00edcio, \u00e9 poss\u00edvel alterar o bit depth da sess\u00e3o pelo menu Setup &gt; Session.<\/p>\n<p class=\"p2\">Antes de importar o v\u00eddeo, tamb\u00e9m \u00e9 bom j\u00e1 se adiantar e configurar o frame rate da sess\u00e3o, pois como falado anteriormente, n\u00e3o h\u00e1 nenhuma fun\u00e7\u00e3o no Pro Tools de \u201cauto-configura\u00e7\u00e3o\u201d do frame rate.<\/p>\n<p class=\"p2\">Fazemos isso atrav\u00e9s do menu Setup &gt; Session. L\u00e1 encontramos o campo de configura\u00e7\u00e3o de frame rate (fig. 1).<\/p>\n<div id=\"attachment_9903\" style=\"width: 511px\" class=\"wp-caption aligncenter\"><img fetchpriority=\"high\" decoding=\"async\" aria-describedby=\"caption-attachment-9903\" class=\" wp-image-9903\" src=\"http:\/\/proclass.com.br\/home\/wp-content\/uploads\/2018\/06\/fig.-1-session-setup.jpg\" alt=\"\" width=\"501\" height=\"170\" srcset=\"https:\/\/proclass.com.br\/home\/wp-content\/uploads\/2018\/06\/fig.-1-session-setup.jpg 548w, https:\/\/proclass.com.br\/home\/wp-content\/uploads\/2018\/06\/fig.-1-session-setup-300x102.jpg 300w\" sizes=\"(max-width: 501px) 100vw, 501px\" \/><p id=\"caption-attachment-9903\" class=\"wp-caption-text\">fig. 1 &#8211; session setup<\/p><\/div>\n<p class=\"p2\">Para importar, voc\u00ea pode usar menu File &gt; Import &gt; Video\u2026 e \u00e9 muito importante evitar afoba\u00e7\u00e3o na caixa de di\u00e1logo que vem em seguida (fig. 2).<\/p>\n<div id=\"attachment_9904\" style=\"width: 325px\" class=\"wp-caption aligncenter\"><img decoding=\"async\" aria-describedby=\"caption-attachment-9904\" class=\" wp-image-9904\" src=\"http:\/\/proclass.com.br\/home\/wp-content\/uploads\/2018\/06\/Fig.-2-Video-import-options.png\" alt=\"\" width=\"315\" height=\"336\" srcset=\"https:\/\/proclass.com.br\/home\/wp-content\/uploads\/2018\/06\/Fig.-2-Video-import-options.png 336w, https:\/\/proclass.com.br\/home\/wp-content\/uploads\/2018\/06\/Fig.-2-Video-import-options-282x300.png 282w\" sizes=\"(max-width: 315px) 100vw, 315px\" \/><p id=\"caption-attachment-9904\" class=\"wp-caption-text\">Fig. 2 &#8211; Video import options<\/p><\/div>\n<p class=\"p2\">Se o editor j\u00e1 te informou timecode inicial, voc\u00ea pode acessar o campo \u201cLocation\u201d e alterar da op\u00e7\u00e3o \u201cSession Start\u201d para \u201cSpot\u201d e j\u00e1 digitar o valor, assim, o v\u00eddeo j\u00e1 ser\u00e1 posicionado no local correto. Agora, se n\u00e3o souber, simplesmente escolha a op\u00e7\u00e3o (session start) e mais para frente vamos ver como coloca-lo no local correto com o timecode impresso.<\/p>\n<p class=\"p2\">Ainda na mesma caixa de di\u00e1logo, temos a op\u00e7\u00e3o \u201cimport audio from file\u201d que pode ser \u00fatil. Esta op\u00e7\u00e3o importa o \u00e1udio contido no v\u00eddeo, que muitas vezes cont\u00e9m uma vers\u00e3o \u201crascunho\u201d de sonoplastia e mixagem que o pr\u00f3prio editor de v\u00eddeo fez. Isso \u00e9 bom ter por perto como refer\u00eancia.<\/p>\n<p class=\"p2\">Antes de seguir em frente, \u00e9 ESSENCIAL conferir se o frame rate que voc\u00ea configurou est\u00e1 de acordo. Isso \u00e9 muito simples de verificar: na pista de v\u00eddeo, se a informa\u00e7\u00e3o de frame rate estiver em escrita branco, est\u00e1 tudo certo. Se estiver em vermelho, significa que a configura\u00e7\u00e3o est\u00e1 incorreta.<\/p>\n<p class=\"p1\"><b><i>Posicionando v\u00eddeos com Timecode impresso<\/i><\/b><\/p>\n<p class=\"p2\">J\u00e1 vimos que a velocidade do v\u00eddeo \u00e9 medida em frames por segundo. Ent\u00e3o faz sentido configurar o Grid e o Nudge tamb\u00e9m para esta op\u00e7\u00e3o neste primeiro momento.<\/p>\n<p class=\"p2\">Fazemos isso diretamente pela barra de ferramentas (fig. 3).<\/p>\n<div id=\"attachment_9905\" style=\"width: 509px\" class=\"wp-caption aligncenter\"><img loading=\"lazy\" decoding=\"async\" aria-describedby=\"caption-attachment-9905\" class=\" wp-image-9905\" src=\"http:\/\/proclass.com.br\/home\/wp-content\/uploads\/2018\/06\/Fig.-3-Ajustes-de-Grid-e-Nudge-1024x640.jpg\" alt=\"\" width=\"499\" height=\"312\" srcset=\"https:\/\/proclass.com.br\/home\/wp-content\/uploads\/2018\/06\/Fig.-3-Ajustes-de-Grid-e-Nudge-1024x640.jpg 1024w, https:\/\/proclass.com.br\/home\/wp-content\/uploads\/2018\/06\/Fig.-3-Ajustes-de-Grid-e-Nudge-300x188.jpg 300w, https:\/\/proclass.com.br\/home\/wp-content\/uploads\/2018\/06\/Fig.-3-Ajustes-de-Grid-e-Nudge-768x480.jpg 768w\" sizes=\"(max-width: 499px) 100vw, 499px\" \/><p id=\"caption-attachment-9905\" class=\"wp-caption-text\">Fig. 3 &#8211; Ajustes de Grid e Nudge<\/p><\/div>\n<p class=\"p2\">Agora vamos aprender a posicionar um v\u00eddeo com Timecode impresso. Para isso, basta parar o cursor de sele\u00e7\u00e3o em qualquer momento do clip de v\u00eddeo e anotar o timecode na tela (fig. 4).<\/p>\n<div id=\"attachment_9906\" style=\"width: 403px\" class=\"wp-caption aligncenter\"><img loading=\"lazy\" decoding=\"async\" aria-describedby=\"caption-attachment-9906\" class=\" wp-image-9906\" src=\"http:\/\/proclass.com.br\/home\/wp-content\/uploads\/2018\/06\/Fig.-4-Video-com-timecode-impresso.jpg\" alt=\"\" width=\"393\" height=\"309\" srcset=\"https:\/\/proclass.com.br\/home\/wp-content\/uploads\/2018\/06\/Fig.-4-Video-com-timecode-impresso.jpg 550w, https:\/\/proclass.com.br\/home\/wp-content\/uploads\/2018\/06\/Fig.-4-Video-com-timecode-impresso-300x236.jpg 300w\" sizes=\"(max-width: 393px) 100vw, 393px\" \/><p id=\"caption-attachment-9906\" class=\"wp-caption-text\">Fig. 4 &#8211; Video com timecode impresso<\/p><\/div>\n<p class=\"p2\">Ainda com o cursor no mesmo local, vamos criar um sync point, que \u00e9 uma marca verde (fig. 5) utilizada como ponto de refer\u00eancia em um clip.<\/p>\n<div id=\"attachment_9907\" style=\"width: 484px\" class=\"wp-caption aligncenter\"><img loading=\"lazy\" decoding=\"async\" aria-describedby=\"caption-attachment-9907\" class=\" wp-image-9907\" src=\"http:\/\/proclass.com.br\/home\/wp-content\/uploads\/2018\/06\/FIg.-5-Sync-Point.png\" alt=\"\" width=\"474\" height=\"263\" srcset=\"https:\/\/proclass.com.br\/home\/wp-content\/uploads\/2018\/06\/FIg.-5-Sync-Point.png 587w, https:\/\/proclass.com.br\/home\/wp-content\/uploads\/2018\/06\/FIg.-5-Sync-Point-300x166.png 300w\" sizes=\"(max-width: 474px) 100vw, 474px\" \/><p id=\"caption-attachment-9907\" class=\"wp-caption-text\">FIg. 5 &#8211; Sync Point<\/p><\/div>\n<p class=\"p2\">Para criar um Sync Point, vamos acessar o menu Clip &gt; Identify Sync Point (fig. 6).<\/p>\n<div id=\"attachment_9908\" style=\"width: 462px\" class=\"wp-caption aligncenter\"><img loading=\"lazy\" decoding=\"async\" aria-describedby=\"caption-attachment-9908\" class=\" wp-image-9908\" src=\"http:\/\/proclass.com.br\/home\/wp-content\/uploads\/2018\/06\/Fig.-6-Identify-Sync-Point.png\" alt=\"\" width=\"452\" height=\"394\" srcset=\"https:\/\/proclass.com.br\/home\/wp-content\/uploads\/2018\/06\/Fig.-6-Identify-Sync-Point.png 583w, https:\/\/proclass.com.br\/home\/wp-content\/uploads\/2018\/06\/Fig.-6-Identify-Sync-Point-300x261.png 300w\" sizes=\"(max-width: 452px) 100vw, 452px\" \/><p id=\"caption-attachment-9908\" class=\"wp-caption-text\">Fig. 6 &#8211; Identify Sync Point<\/p><\/div>\n<p class=\"p2\">Agora j\u00e1 temos tudo que precisamos. Ent\u00e3o vamos reposicionar o Clip de v\u00eddeo corretamente. Selecione o modo Spot (fig. 7), e clique com o Grabber no clip de v\u00eddeo.<\/p>\n<div id=\"attachment_9909\" style=\"width: 362px\" class=\"wp-caption aligncenter\"><img loading=\"lazy\" decoding=\"async\" aria-describedby=\"caption-attachment-9909\" class=\" wp-image-9909\" src=\"http:\/\/proclass.com.br\/home\/wp-content\/uploads\/2018\/06\/Fig.-7-Configurac\u0327a\u0303o-do-Spot-Mode-.png\" alt=\"\" width=\"352\" height=\"335\" srcset=\"https:\/\/proclass.com.br\/home\/wp-content\/uploads\/2018\/06\/Fig.-7-Configurac\u0327a\u0303o-do-Spot-Mode-.png 384w, https:\/\/proclass.com.br\/home\/wp-content\/uploads\/2018\/06\/Fig.-7-Configurac\u0327a\u0303o-do-Spot-Mode--300x285.png 300w\" sizes=\"(max-width: 352px) 100vw, 352px\" \/><p id=\"caption-attachment-9909\" class=\"wp-caption-text\">Fig. 7 &#8211; Configurac\u0327a\u0303o do Spot Mode<\/p><\/div>\n<p class=\"p2\">Na janela que se abre, primeiro altere o Time Scale para Timecode, digite o valor de timecode no campo Sync Point e apertar o OK. Simples assim, seu v\u00eddeo ser\u00e1 reposicionado.<\/p>\n<p class=\"p2\">Mais uma vez, n\u00e3o confie. CONFIRME. Para isso, posicione aleatoriamente o cursor de sele\u00e7\u00e3o em locais distintos do clip de v\u00eddeo, e veja se o valor de timecode do v\u00eddeo bate com o valor de timecode do Main Counter do Pro Tools (fig. 8).<\/p>\n<div id=\"attachment_9910\" style=\"width: 489px\" class=\"wp-caption aligncenter\"><img loading=\"lazy\" decoding=\"async\" aria-describedby=\"caption-attachment-9910\" class=\" wp-image-9910\" src=\"http:\/\/proclass.com.br\/home\/wp-content\/uploads\/2018\/06\/Fig.-8-Conferindo-Timecode-1024x576.jpg\" alt=\"\" width=\"479\" height=\"269\" srcset=\"https:\/\/proclass.com.br\/home\/wp-content\/uploads\/2018\/06\/Fig.-8-Conferindo-Timecode-1024x576.jpg 1024w, https:\/\/proclass.com.br\/home\/wp-content\/uploads\/2018\/06\/Fig.-8-Conferindo-Timecode-300x169.jpg 300w, https:\/\/proclass.com.br\/home\/wp-content\/uploads\/2018\/06\/Fig.-8-Conferindo-Timecode-768x432.jpg 768w, https:\/\/proclass.com.br\/home\/wp-content\/uploads\/2018\/06\/Fig.-8-Conferindo-Timecode.jpg 1280w\" sizes=\"(max-width: 479px) 100vw, 479px\" \/><p id=\"caption-attachment-9910\" class=\"wp-caption-text\">Fig. 8 &#8211; Conferindo Timecode<\/p><\/div>\n<p class=\"p2\">Fa\u00e7a isso principalmente no final do v\u00eddeo, pois pequenas diferen\u00e7as de sync acabam sendo mais percept\u00edveis conforme o v\u00eddeo se estende.<\/p>\n<p class=\"p2\">Com isso, terminamos todo o setup necess\u00e1rio e voc\u00ea estar\u00e1 pronto para iniciar sua produ\u00e7\u00e3o sonora.<\/p>\n<p class=\"p2\">Vamos ent\u00e3o ficando por aqui, mas seus estudos n\u00e3o\u2026 procure um curso especializado em Sonoplastia ou Sonoriza\u00e7\u00e3o para R\u00e1dio, TV e Cinema, e continue pesquisando sobre sonoplastia em geral, foley, bibliotecas de efeitos sonoros, edi\u00e7\u00e3o de som direto, Lip Syncing, restaura\u00e7\u00e3o de \u00e1udio, mixagem 5.1 e muito mais.<\/p>\n<p class=\"p2\">Estes s\u00e3o alguns dos muitos assuntos que fazem parte deste universo da produ\u00e7\u00e3o de som para v\u00eddeo.<\/p>\n<p class=\"p2\">Abra\u00e7os!<\/p>\n<p><i><a href=\"http:\/\/proclass.com.br\/home\/wp-content\/uploads\/2012\/08\/cris3x4-blog-proclass.jpg\"><img loading=\"lazy\" decoding=\"async\" class=\"alignleft wp-image-1057 size-full\" src=\"http:\/\/proclass.com.br\/home\/wp-content\/uploads\/2012\/08\/cris3x4-blog-proclass.jpg\" alt=\"cris3x4 blog proclass\" width=\"74\" height=\"99\" \/><\/a>Cristiano Moura \u00e9 produtor musical e instrutor certificado da Avid. Atualmente leciona cursos oficiais em Pro Tools, Waves, Sibelius e os treinamentos em mixagem na ProClass. Por meio da ProClass, oferece consultoria, treinamentos customizados em todo o Brasil.<\/i><\/p>\n","protected":false},"excerpt":{"rendered":"<p>Artigo publicado na Backstage.\u00a0Para conhecer mais sobre a revista,\u00a0clique aqui. Para saber mais sobre treinamentos e certifica\u00e7\u00f5es oficiais em Waves, Pro Tools, Sibelius ou outros treinamentos em \u00e1udio,\u00a0clique aqui. Fundamentos para trabalhos com video Na \u00e1rea da m\u00fasica, o Pro Tools \u00e9 uma das ferramentas mais adotadas pelos est\u00fadios e produtores, mas, tamb\u00e9m divide umaContinue reading &rarr;<\/p>\n","protected":false},"author":4,"featured_media":9905,"comment_status":"closed","ping_status":"closed","sticky":false,"template":"","format":"standard","meta":{"footnotes":""},"categories":[17,1000],"tags":[],"class_list":["post-9902","post","type-post","status-publish","format-standard","has-post-thumbnail","hentry","category-artigos","category-pro-tools-2","has-thumb"],"yoast_head":"<!-- This site is optimized with the Yoast SEO plugin v26.9 - https:\/\/yoast.com\/product\/yoast-seo-wordpress\/ -->\n<title>Preparando um projeto audiovisual - PROCLASS<\/title>\n<meta name=\"robots\" content=\"index, follow, max-snippet:-1, max-image-preview:large, max-video-preview:-1\" \/>\n<link rel=\"canonical\" href=\"https:\/\/proclass.com.br\/home\/2018\/06\/preparando-um-projeto-audiovisual\/\" \/>\n<meta property=\"og:locale\" content=\"pt_BR\" \/>\n<meta property=\"og:type\" content=\"article\" \/>\n<meta property=\"og:title\" content=\"Preparando um projeto audiovisual - PROCLASS\" \/>\n<meta property=\"og:description\" content=\"Artigo publicado na Backstage.\u00a0Para conhecer mais sobre a revista,\u00a0clique aqui. Para saber mais sobre treinamentos e certifica\u00e7\u00f5es oficiais em Waves, Pro Tools, Sibelius ou outros treinamentos em \u00e1udio,\u00a0clique aqui. Fundamentos para trabalhos com video Na \u00e1rea da m\u00fasica, o Pro Tools \u00e9 uma das ferramentas mais adotadas pelos est\u00fadios e produtores, mas, tamb\u00e9m divide umaContinue reading &rarr;\" \/>\n<meta property=\"og:url\" content=\"https:\/\/proclass.com.br\/home\/2018\/06\/preparando-um-projeto-audiovisual\/\" \/>\n<meta property=\"og:site_name\" content=\"PROCLASS\" \/>\n<meta property=\"article:published_time\" content=\"2018-06-22T19:43:57+00:00\" \/>\n<meta property=\"og:image\" content=\"https:\/\/proclass.com.br\/home\/wp-content\/uploads\/2018\/06\/Fig.-3-Ajustes-de-Grid-e-Nudge.jpg\" \/>\n\t<meta property=\"og:image:width\" content=\"2880\" \/>\n\t<meta property=\"og:image:height\" content=\"1800\" \/>\n\t<meta property=\"og:image:type\" content=\"image\/jpeg\" \/>\n<meta name=\"author\" content=\"ProClass Treinamentos\" \/>\n<meta name=\"twitter:card\" content=\"summary_large_image\" \/>\n<meta name=\"twitter:label1\" content=\"Escrito por\" \/>\n\t<meta name=\"twitter:data1\" content=\"ProClass Treinamentos\" \/>\n\t<meta name=\"twitter:label2\" content=\"Est. tempo de leitura\" \/>\n\t<meta name=\"twitter:data2\" content=\"8 minutos\" \/>\n<script type=\"application\/ld+json\" class=\"yoast-schema-graph\">{\"@context\":\"https:\/\/schema.org\",\"@graph\":[{\"@type\":\"Article\",\"@id\":\"https:\/\/proclass.com.br\/home\/2018\/06\/preparando-um-projeto-audiovisual\/#article\",\"isPartOf\":{\"@id\":\"https:\/\/proclass.com.br\/home\/2018\/06\/preparando-um-projeto-audiovisual\/\"},\"author\":{\"name\":\"ProClass Treinamentos\",\"@id\":\"https:\/\/proclass.com.br\/home\/#\/schema\/person\/f89e1eb93d5d32c0bb465c52f87f5a00\"},\"headline\":\"Preparando um projeto audiovisual\",\"datePublished\":\"2018-06-22T19:43:57+00:00\",\"mainEntityOfPage\":{\"@id\":\"https:\/\/proclass.com.br\/home\/2018\/06\/preparando-um-projeto-audiovisual\/\"},\"wordCount\":1554,\"publisher\":{\"@id\":\"https:\/\/proclass.com.br\/home\/#organization\"},\"image\":{\"@id\":\"https:\/\/proclass.com.br\/home\/2018\/06\/preparando-um-projeto-audiovisual\/#primaryimage\"},\"thumbnailUrl\":\"https:\/\/proclass.com.br\/home\/wp-content\/uploads\/2018\/06\/Fig.-3-Ajustes-de-Grid-e-Nudge.jpg\",\"articleSection\":[\"Artigos\",\"Pro Tools\"],\"inLanguage\":\"pt-BR\"},{\"@type\":\"WebPage\",\"@id\":\"https:\/\/proclass.com.br\/home\/2018\/06\/preparando-um-projeto-audiovisual\/\",\"url\":\"https:\/\/proclass.com.br\/home\/2018\/06\/preparando-um-projeto-audiovisual\/\",\"name\":\"Preparando um projeto audiovisual - PROCLASS\",\"isPartOf\":{\"@id\":\"https:\/\/proclass.com.br\/home\/#website\"},\"primaryImageOfPage\":{\"@id\":\"https:\/\/proclass.com.br\/home\/2018\/06\/preparando-um-projeto-audiovisual\/#primaryimage\"},\"image\":{\"@id\":\"https:\/\/proclass.com.br\/home\/2018\/06\/preparando-um-projeto-audiovisual\/#primaryimage\"},\"thumbnailUrl\":\"https:\/\/proclass.com.br\/home\/wp-content\/uploads\/2018\/06\/Fig.-3-Ajustes-de-Grid-e-Nudge.jpg\",\"datePublished\":\"2018-06-22T19:43:57+00:00\",\"breadcrumb\":{\"@id\":\"https:\/\/proclass.com.br\/home\/2018\/06\/preparando-um-projeto-audiovisual\/#breadcrumb\"},\"inLanguage\":\"pt-BR\",\"potentialAction\":[{\"@type\":\"ReadAction\",\"target\":[\"https:\/\/proclass.com.br\/home\/2018\/06\/preparando-um-projeto-audiovisual\/\"]}]},{\"@type\":\"ImageObject\",\"inLanguage\":\"pt-BR\",\"@id\":\"https:\/\/proclass.com.br\/home\/2018\/06\/preparando-um-projeto-audiovisual\/#primaryimage\",\"url\":\"https:\/\/proclass.com.br\/home\/wp-content\/uploads\/2018\/06\/Fig.-3-Ajustes-de-Grid-e-Nudge.jpg\",\"contentUrl\":\"https:\/\/proclass.com.br\/home\/wp-content\/uploads\/2018\/06\/Fig.-3-Ajustes-de-Grid-e-Nudge.jpg\",\"width\":2880,\"height\":1800,\"caption\":\"Fig. 3 - Ajustes de Grid e Nudge\"},{\"@type\":\"BreadcrumbList\",\"@id\":\"https:\/\/proclass.com.br\/home\/2018\/06\/preparando-um-projeto-audiovisual\/#breadcrumb\",\"itemListElement\":[{\"@type\":\"ListItem\",\"position\":1,\"name\":\"In\u00edcio\",\"item\":\"https:\/\/proclass.com.br\/home\/\"},{\"@type\":\"ListItem\",\"position\":2,\"name\":\"Preparando um projeto audiovisual\"}]},{\"@type\":\"WebSite\",\"@id\":\"https:\/\/proclass.com.br\/home\/#website\",\"url\":\"https:\/\/proclass.com.br\/home\/\",\"name\":\"PROCLASS\",\"description\":\"CURSOS E TREINAMENTOS\",\"publisher\":{\"@id\":\"https:\/\/proclass.com.br\/home\/#organization\"},\"potentialAction\":[{\"@type\":\"SearchAction\",\"target\":{\"@type\":\"EntryPoint\",\"urlTemplate\":\"https:\/\/proclass.com.br\/home\/?s={search_term_string}\"},\"query-input\":{\"@type\":\"PropertyValueSpecification\",\"valueRequired\":true,\"valueName\":\"search_term_string\"}}],\"inLanguage\":\"pt-BR\"},{\"@type\":\"Organization\",\"@id\":\"https:\/\/proclass.com.br\/home\/#organization\",\"name\":\"PROCLASS\",\"url\":\"https:\/\/proclass.com.br\/home\/\",\"logo\":{\"@type\":\"ImageObject\",\"inLanguage\":\"pt-BR\",\"@id\":\"https:\/\/proclass.com.br\/home\/#\/schema\/logo\/image\/\",\"url\":\"https:\/\/proclass.com.br\/home\/wp-content\/uploads\/2023\/06\/CABECALHO-black_PROCLASS-2023.png\",\"contentUrl\":\"https:\/\/proclass.com.br\/home\/wp-content\/uploads\/2023\/06\/CABECALHO-black_PROCLASS-2023.png\",\"width\":2563,\"height\":911,\"caption\":\"PROCLASS\"},\"image\":{\"@id\":\"https:\/\/proclass.com.br\/home\/#\/schema\/logo\/image\/\"}},{\"@type\":\"Person\",\"@id\":\"https:\/\/proclass.com.br\/home\/#\/schema\/person\/f89e1eb93d5d32c0bb465c52f87f5a00\",\"name\":\"ProClass Treinamentos\",\"image\":{\"@type\":\"ImageObject\",\"inLanguage\":\"pt-BR\",\"@id\":\"https:\/\/proclass.com.br\/home\/#\/schema\/person\/image\/\",\"url\":\"https:\/\/secure.gravatar.com\/avatar\/3878d7a575c7ac355d2c778d5de04af08b7c5a7d9f19b2889f26cc7d80a6a832?s=96&d=blank&r=g\",\"contentUrl\":\"https:\/\/secure.gravatar.com\/avatar\/3878d7a575c7ac355d2c778d5de04af08b7c5a7d9f19b2889f26cc7d80a6a832?s=96&d=blank&r=g\",\"caption\":\"ProClass Treinamentos\"},\"url\":\"https:\/\/proclass.com.br\/home\/author\/proclass\/\"}]}<\/script>\n<!-- \/ Yoast SEO plugin. -->","yoast_head_json":{"title":"Preparando um projeto audiovisual - PROCLASS","robots":{"index":"index","follow":"follow","max-snippet":"max-snippet:-1","max-image-preview":"max-image-preview:large","max-video-preview":"max-video-preview:-1"},"canonical":"https:\/\/proclass.com.br\/home\/2018\/06\/preparando-um-projeto-audiovisual\/","og_locale":"pt_BR","og_type":"article","og_title":"Preparando um projeto audiovisual - PROCLASS","og_description":"Artigo publicado na Backstage.\u00a0Para conhecer mais sobre a revista,\u00a0clique aqui. Para saber mais sobre treinamentos e certifica\u00e7\u00f5es oficiais em Waves, Pro Tools, Sibelius ou outros treinamentos em \u00e1udio,\u00a0clique aqui. Fundamentos para trabalhos com video Na \u00e1rea da m\u00fasica, o Pro Tools \u00e9 uma das ferramentas mais adotadas pelos est\u00fadios e produtores, mas, tamb\u00e9m divide umaContinue reading &rarr;","og_url":"https:\/\/proclass.com.br\/home\/2018\/06\/preparando-um-projeto-audiovisual\/","og_site_name":"PROCLASS","article_published_time":"2018-06-22T19:43:57+00:00","og_image":[{"width":2880,"height":1800,"url":"https:\/\/proclass.com.br\/home\/wp-content\/uploads\/2018\/06\/Fig.-3-Ajustes-de-Grid-e-Nudge.jpg","type":"image\/jpeg"}],"author":"ProClass Treinamentos","twitter_card":"summary_large_image","twitter_misc":{"Escrito por":"ProClass Treinamentos","Est. tempo de leitura":"8 minutos"},"schema":{"@context":"https:\/\/schema.org","@graph":[{"@type":"Article","@id":"https:\/\/proclass.com.br\/home\/2018\/06\/preparando-um-projeto-audiovisual\/#article","isPartOf":{"@id":"https:\/\/proclass.com.br\/home\/2018\/06\/preparando-um-projeto-audiovisual\/"},"author":{"name":"ProClass Treinamentos","@id":"https:\/\/proclass.com.br\/home\/#\/schema\/person\/f89e1eb93d5d32c0bb465c52f87f5a00"},"headline":"Preparando um projeto audiovisual","datePublished":"2018-06-22T19:43:57+00:00","mainEntityOfPage":{"@id":"https:\/\/proclass.com.br\/home\/2018\/06\/preparando-um-projeto-audiovisual\/"},"wordCount":1554,"publisher":{"@id":"https:\/\/proclass.com.br\/home\/#organization"},"image":{"@id":"https:\/\/proclass.com.br\/home\/2018\/06\/preparando-um-projeto-audiovisual\/#primaryimage"},"thumbnailUrl":"https:\/\/proclass.com.br\/home\/wp-content\/uploads\/2018\/06\/Fig.-3-Ajustes-de-Grid-e-Nudge.jpg","articleSection":["Artigos","Pro Tools"],"inLanguage":"pt-BR"},{"@type":"WebPage","@id":"https:\/\/proclass.com.br\/home\/2018\/06\/preparando-um-projeto-audiovisual\/","url":"https:\/\/proclass.com.br\/home\/2018\/06\/preparando-um-projeto-audiovisual\/","name":"Preparando um projeto audiovisual - PROCLASS","isPartOf":{"@id":"https:\/\/proclass.com.br\/home\/#website"},"primaryImageOfPage":{"@id":"https:\/\/proclass.com.br\/home\/2018\/06\/preparando-um-projeto-audiovisual\/#primaryimage"},"image":{"@id":"https:\/\/proclass.com.br\/home\/2018\/06\/preparando-um-projeto-audiovisual\/#primaryimage"},"thumbnailUrl":"https:\/\/proclass.com.br\/home\/wp-content\/uploads\/2018\/06\/Fig.-3-Ajustes-de-Grid-e-Nudge.jpg","datePublished":"2018-06-22T19:43:57+00:00","breadcrumb":{"@id":"https:\/\/proclass.com.br\/home\/2018\/06\/preparando-um-projeto-audiovisual\/#breadcrumb"},"inLanguage":"pt-BR","potentialAction":[{"@type":"ReadAction","target":["https:\/\/proclass.com.br\/home\/2018\/06\/preparando-um-projeto-audiovisual\/"]}]},{"@type":"ImageObject","inLanguage":"pt-BR","@id":"https:\/\/proclass.com.br\/home\/2018\/06\/preparando-um-projeto-audiovisual\/#primaryimage","url":"https:\/\/proclass.com.br\/home\/wp-content\/uploads\/2018\/06\/Fig.-3-Ajustes-de-Grid-e-Nudge.jpg","contentUrl":"https:\/\/proclass.com.br\/home\/wp-content\/uploads\/2018\/06\/Fig.-3-Ajustes-de-Grid-e-Nudge.jpg","width":2880,"height":1800,"caption":"Fig. 3 - Ajustes de Grid e Nudge"},{"@type":"BreadcrumbList","@id":"https:\/\/proclass.com.br\/home\/2018\/06\/preparando-um-projeto-audiovisual\/#breadcrumb","itemListElement":[{"@type":"ListItem","position":1,"name":"In\u00edcio","item":"https:\/\/proclass.com.br\/home\/"},{"@type":"ListItem","position":2,"name":"Preparando um projeto audiovisual"}]},{"@type":"WebSite","@id":"https:\/\/proclass.com.br\/home\/#website","url":"https:\/\/proclass.com.br\/home\/","name":"PROCLASS","description":"CURSOS E TREINAMENTOS","publisher":{"@id":"https:\/\/proclass.com.br\/home\/#organization"},"potentialAction":[{"@type":"SearchAction","target":{"@type":"EntryPoint","urlTemplate":"https:\/\/proclass.com.br\/home\/?s={search_term_string}"},"query-input":{"@type":"PropertyValueSpecification","valueRequired":true,"valueName":"search_term_string"}}],"inLanguage":"pt-BR"},{"@type":"Organization","@id":"https:\/\/proclass.com.br\/home\/#organization","name":"PROCLASS","url":"https:\/\/proclass.com.br\/home\/","logo":{"@type":"ImageObject","inLanguage":"pt-BR","@id":"https:\/\/proclass.com.br\/home\/#\/schema\/logo\/image\/","url":"https:\/\/proclass.com.br\/home\/wp-content\/uploads\/2023\/06\/CABECALHO-black_PROCLASS-2023.png","contentUrl":"https:\/\/proclass.com.br\/home\/wp-content\/uploads\/2023\/06\/CABECALHO-black_PROCLASS-2023.png","width":2563,"height":911,"caption":"PROCLASS"},"image":{"@id":"https:\/\/proclass.com.br\/home\/#\/schema\/logo\/image\/"}},{"@type":"Person","@id":"https:\/\/proclass.com.br\/home\/#\/schema\/person\/f89e1eb93d5d32c0bb465c52f87f5a00","name":"ProClass Treinamentos","image":{"@type":"ImageObject","inLanguage":"pt-BR","@id":"https:\/\/proclass.com.br\/home\/#\/schema\/person\/image\/","url":"https:\/\/secure.gravatar.com\/avatar\/3878d7a575c7ac355d2c778d5de04af08b7c5a7d9f19b2889f26cc7d80a6a832?s=96&d=blank&r=g","contentUrl":"https:\/\/secure.gravatar.com\/avatar\/3878d7a575c7ac355d2c778d5de04af08b7c5a7d9f19b2889f26cc7d80a6a832?s=96&d=blank&r=g","caption":"ProClass Treinamentos"},"url":"https:\/\/proclass.com.br\/home\/author\/proclass\/"}]}},"_links":{"self":[{"href":"https:\/\/proclass.com.br\/home\/wp-json\/wp\/v2\/posts\/9902","targetHints":{"allow":["GET"]}}],"collection":[{"href":"https:\/\/proclass.com.br\/home\/wp-json\/wp\/v2\/posts"}],"about":[{"href":"https:\/\/proclass.com.br\/home\/wp-json\/wp\/v2\/types\/post"}],"author":[{"embeddable":true,"href":"https:\/\/proclass.com.br\/home\/wp-json\/wp\/v2\/users\/4"}],"replies":[{"embeddable":true,"href":"https:\/\/proclass.com.br\/home\/wp-json\/wp\/v2\/comments?post=9902"}],"version-history":[{"count":0,"href":"https:\/\/proclass.com.br\/home\/wp-json\/wp\/v2\/posts\/9902\/revisions"}],"wp:featuredmedia":[{"embeddable":true,"href":"https:\/\/proclass.com.br\/home\/wp-json\/wp\/v2\/media\/9905"}],"wp:attachment":[{"href":"https:\/\/proclass.com.br\/home\/wp-json\/wp\/v2\/media?parent=9902"}],"wp:term":[{"taxonomy":"category","embeddable":true,"href":"https:\/\/proclass.com.br\/home\/wp-json\/wp\/v2\/categories?post=9902"},{"taxonomy":"post_tag","embeddable":true,"href":"https:\/\/proclass.com.br\/home\/wp-json\/wp\/v2\/tags?post=9902"}],"curies":[{"name":"wp","href":"https:\/\/api.w.org\/{rel}","templated":true}]}}