{"id":9886,"date":"2018-06-22T16:31:23","date_gmt":"2018-06-22T19:31:23","guid":{"rendered":"http:\/\/proclass.com.br\/home\/?p=9886"},"modified":"2018-06-22T16:31:23","modified_gmt":"2018-06-22T19:31:23","slug":"premium-plug-ins-para-pro-tools","status":"publish","type":"post","link":"https:\/\/proclass.com.br\/home\/2018\/06\/premium-plug-ins-para-pro-tools\/","title":{"rendered":"Premium Plug-ins para Pro Tools"},"content":{"rendered":"<p><a href=\"http:\/\/proclass.com.br\/home\/wp-content\/uploads\/2015\/03\/logo_backstage.png\"><img decoding=\"async\" class=\"aligncenter wp-image-4341\" src=\"http:\/\/proclass.com.br\/home\/wp-content\/uploads\/2015\/03\/logo_backstage.png\" alt=\"logo_backstage\" width=\"364\" height=\"91\" srcset=\"https:\/\/proclass.com.br\/home\/wp-content\/uploads\/2015\/03\/logo_backstage.png 432w, https:\/\/proclass.com.br\/home\/wp-content\/uploads\/2015\/03\/logo_backstage-300x75.png 300w, https:\/\/proclass.com.br\/home\/wp-content\/uploads\/2015\/03\/logo_backstage-100x25.png 100w\" sizes=\"(max-width: 364px) 100vw, 364px\" \/><\/a><\/p>\n<p style=\"text-align: left;\">Artigo publicado na Backstage.\u00a0Para conhecer mais sobre a revista,\u00a0<a href=\"http:\/\/backstage.com.br\/\" target=\"_blank\" rel=\"noopener\">clique aqui.<\/a><\/p>\n<p style=\"text-align: left;\">Para saber mais sobre treinamentos e certifica\u00e7\u00f5es oficiais em Waves, Pro Tools, Sibelius ou outros treinamentos em \u00e1udio,\u00a0<a href=\"http:\/\/proclass.com.br\/home\/certificacoes\/waves\/waves-certification-program\/\" target=\"_blank\" rel=\"noopener\">clique aqui<\/a>.<\/p>\n<p class=\"p1\"><b><i>Conhe\u00e7a a s\u00e9rie \u201cPro\u201d da Avid<\/i><\/b><\/p>\n<p class=\"p2\">Faz algum tempo, saiu uma nova linha de plug-ins para Pro Tools, que inclui o Pro Compressor, Pro Limiter, Pro Expander, Pro Multiband Dynamics e Pro Subharmonic.<\/p>\n<p class=\"p2\">Este lan\u00e7amento foi feito de forma sutil e sem muita propaganda, portanto acabou passando desapercebido por muita gente.<\/p>\n<p class=\"p2\">Neste artigo, vamos conhec\u00ea-los um pouco melhor e entender as diferen\u00e7as entre a s\u00e9rie \u201cPro\u201d (paga \u00e0 parte) e a suite de plug-ins j\u00e1 inclu\u00edda no Pro Tools.<\/p>\n<p class=\"p1\"><b><i>Pro Compressor vs. Dyn3 Compressor\/Limiter<\/i><\/b><\/p>\n<p class=\"p2\">O Pro Compressor (fig. 1) talvez seja um dos principais plug-ins da s\u00e9rie \u201cPro\u201d.<\/p>\n<div id=\"attachment_9887\" style=\"width: 475px\" class=\"wp-caption aligncenter\"><img fetchpriority=\"high\" decoding=\"async\" aria-describedby=\"caption-attachment-9887\" class=\" wp-image-9887\" src=\"http:\/\/proclass.com.br\/home\/wp-content\/uploads\/2018\/06\/Fig.-1-Pro-Compressor-1024x884.png\" alt=\"\" width=\"465\" height=\"402\" srcset=\"https:\/\/proclass.com.br\/home\/wp-content\/uploads\/2018\/06\/Fig.-1-Pro-Compressor-1024x884.png 1024w, https:\/\/proclass.com.br\/home\/wp-content\/uploads\/2018\/06\/Fig.-1-Pro-Compressor-300x259.png 300w, https:\/\/proclass.com.br\/home\/wp-content\/uploads\/2018\/06\/Fig.-1-Pro-Compressor-768x663.png 768w, https:\/\/proclass.com.br\/home\/wp-content\/uploads\/2018\/06\/Fig.-1-Pro-Compressor.png 1392w\" sizes=\"(max-width: 465px) 100vw, 465px\" \/><p id=\"caption-attachment-9887\" class=\"wp-caption-text\">Fig. 1 &#8211; Pro Compressor<\/p><\/div>\n<p class=\"p2\">N\u00e3o espere nada com colora\u00e7\u00e3o ou que emule compress\u00e3o anal\u00f3gica, pois n\u00e3o \u00e9 essa a proposta. Ele foi feito para ser sua escolha na hora de buscar uma compress\u00e3o \u201ctransparente\u201d, que possa trazer mais estabilidade ao som sem distor\u00e7\u00f5es ou altera\u00e7\u00f5es timbr\u00edsticas aparentes.<\/p>\n<p class=\"p2\">Seu grande diferencial s\u00e3o seus modos de detec\u00e7\u00e3o. Diferente da maioria dos compressores, ele possui v\u00e1rias configura\u00e7\u00f5es de regulagem do detector (fig. 1A).<\/p>\n<p class=\"p2\">A op\u00e7\u00e3o SMART vem como padr\u00e3o, para molda a detec\u00e7\u00e3o de acordo com o sinal, mas vale a pena explorar os outros modos.<\/p>\n<p class=\"p2\">A op\u00e7\u00e3o RMS que \u00e9 boa para usar em mixagens fechadas, ou grupos de instrumentos por exemplo.<\/p>\n<p class=\"p2\">AVG (average), que significa \u201cm\u00e9dia\u201d em ingl\u00eas, e \u00e9 bom em instrumentos que n\u00e3o tem ataque t\u00e3o r\u00e1pido, como vocais, sopros etc.<\/p>\n<p class=\"p2\">As op\u00e7\u00f5es PEAK e FAST s\u00e3o voltados aos instrumentos com ataque bem definido como uma bateria, percuss\u00e3o, guitarra funk ou um baixo com slap por exemplo.<\/p>\n<p class=\"p2\">\u00c0 parte disso, outra pequena preciosidade inclu\u00edda neste plug-in \u00e9 o bot\u00e3o de \u201cSolo Gain Reduction\u201d, que fica ao lado dos modos de detec\u00e7\u00e3o (fig. 1B), que \u00e9 uma \u00f3tima maneira de voc\u00ea entender mais sobre a atua\u00e7\u00e3o do seu compressor.<\/p>\n<p class=\"p2\">Mais abaixo, temos a se\u00e7\u00e3o de Sidechain, que tamb\u00e9m \u00e9 um pouco mais completa do que no Dyn3 Compressor\/Limiter, pois possui filtros peaking\/notch, que permitem com muita facilidade usar o Pro Compressor para atenuar baseado em uma faixa de frequ\u00eancia espec\u00edfica. Por exemplo em vocais, voc\u00ea poderia ajustar para o Pro Compressor atenuar de acordo com as baixas frequ\u00eancias para amenizar momentos que em o cantor emite com muita \u00eanfase palavras com \u201cp\u201d e \u201cb\u201d, que costumam gerar excessos.<\/p>\n<p class=\"p2\">Para finalizar, temos tamb\u00e9m o controle de \u201cMix\u201d, que tamb\u00e9m n\u00e3o existe no Dyn3. N\u00e3o \u00e9 nada muito fant\u00e1stico, mas \u00e9 um facilitador sempre que estiver pensando em fazer compress\u00e3o paralela.<\/p>\n<p class=\"p1\"><b><i>Pro Limiter vs. Maxim<\/i><\/b><\/p>\n<p class=\"p2\">O Pro Limiter (fig. 2) entra na categoria dos \u201cultra-maximizers\u201d, como o Maxim da Avid e L1, L2, e L3 da Waves.<\/p>\n<div id=\"attachment_9888\" style=\"width: 498px\" class=\"wp-caption aligncenter\"><img decoding=\"async\" aria-describedby=\"caption-attachment-9888\" class=\" wp-image-9888\" src=\"http:\/\/proclass.com.br\/home\/wp-content\/uploads\/2018\/06\/Fig.-2-Pro-Limiter-1024x940.png\" alt=\"\" width=\"488\" height=\"448\" srcset=\"https:\/\/proclass.com.br\/home\/wp-content\/uploads\/2018\/06\/Fig.-2-Pro-Limiter-1024x940.png 1024w, https:\/\/proclass.com.br\/home\/wp-content\/uploads\/2018\/06\/Fig.-2-Pro-Limiter-300x275.png 300w, https:\/\/proclass.com.br\/home\/wp-content\/uploads\/2018\/06\/Fig.-2-Pro-Limiter-768x705.png 768w, https:\/\/proclass.com.br\/home\/wp-content\/uploads\/2018\/06\/Fig.-2-Pro-Limiter.png 1192w\" sizes=\"(max-width: 488px) 100vw, 488px\" \/><p id=\"caption-attachment-9888\" class=\"wp-caption-text\">Fig. 2 &#8211; Pro Limiter<\/p><\/div>\n<p class=\"p2\">N\u00e3o h\u00e1 muito o que falar, a n\u00e3o ser a dura realidade\u2026 O Maxim, foi desenvolvido muitos anos atr\u00e1s, e distorce o sinal relativamente r\u00e1pido, por isso \u00e9 raramente usado hoje em dia como plug-in de masteriza\u00e7\u00e3o\/finaliza\u00e7\u00e3o em qualquer ambiente profissional.<\/p>\n<p class=\"p2\">O Pro Limiter veio ent\u00e3o para preencher esta lacuna no Pro Tools, ou seja, oferecer um Ultra-Maximizer com desenvolvimento mais moderno, capaz de limitar muito mais o sinal sem o lado negativo das distor\u00e7\u00f5es aparentes.<\/p>\n<p class=\"p2\">Por\u00e9m ele n\u00e3o para por ai, pois tamb\u00e9m possui os mesmos modos de detec\u00e7\u00e3o vistos no Pro Compressor.<\/p>\n<p class=\"p2\">Tamb\u00e9m est\u00e1 bem mais atualizado com rela\u00e7\u00e3o as medi\u00e7\u00f5es, pois nos dias de hoje, se fala muito mais em medi\u00e7\u00e3o de Loudness em LUFS e True Peak do que a medi\u00e7\u00e3o por picos.<\/p>\n<p class=\"p2\">Ele \u00e9 capaz de analisar Loudness de acordo com os todos os padr\u00f5es necess\u00e1rios (Fig. 2A), e ainda inclui um Audiosuite para analisar um trecho de \u00e1udio instantaneamente, sem precisar dar play no material de fato.<\/p>\n<p class=\"p2\">Para finalizar, temos o par\u00e2metro \u201cCharacter\u201d (fig. 2B), que gera uma satura\u00e7\u00e3o ao sinal, por\u00e9m diferente do Maxim, de forma controlada.<\/p>\n<p class=\"p1\"><b><i>Pro Expander vs. Dyn3 Expander\/Gate<\/i><\/b><\/p>\n<p class=\"p2\">O Expander \u00e9 um processador pouco conhecido, mas muito valioso. Sua id\u00e9ia b\u00e1sica \u00e9 atenuar sinais que est\u00e3o abaixo do Threshold e \u00e9 muito usado diminuir ru\u00eddos quando um instrumento n\u00e3o est\u00e1 sendo tocado por exemplo.<\/p>\n<p class=\"p2\">Com rela\u00e7\u00e3o ao Pro Expander, a primeira coisa a notar \u00e9 que temos tamb\u00e9m a nossa disposi\u00e7\u00e3o os modos de detec\u00e7\u00e3o vistos no Pro Compressor.<\/p>\n<p class=\"p2\">Por\u00e9m, repare que temos uma \u00faltima op\u00e7\u00e3o um pouco diferente, que \u00e9 o \u201cDuck\u201d (fig. 3A).<\/p>\n<div id=\"attachment_9889\" style=\"width: 493px\" class=\"wp-caption aligncenter\"><img loading=\"lazy\" decoding=\"async\" aria-describedby=\"caption-attachment-9889\" class=\" wp-image-9889\" src=\"http:\/\/proclass.com.br\/home\/wp-content\/uploads\/2018\/06\/Fig.-3-Pro-Expander-1024x884.png\" alt=\"\" width=\"483\" height=\"417\" srcset=\"https:\/\/proclass.com.br\/home\/wp-content\/uploads\/2018\/06\/Fig.-3-Pro-Expander-1024x884.png 1024w, https:\/\/proclass.com.br\/home\/wp-content\/uploads\/2018\/06\/Fig.-3-Pro-Expander-300x259.png 300w, https:\/\/proclass.com.br\/home\/wp-content\/uploads\/2018\/06\/Fig.-3-Pro-Expander-768x663.png 768w, https:\/\/proclass.com.br\/home\/wp-content\/uploads\/2018\/06\/Fig.-3-Pro-Expander.png 1392w\" sizes=\"(max-width: 483px) 100vw, 483px\" \/><p id=\"caption-attachment-9889\" class=\"wp-caption-text\">Fig. 3 &#8211; Pro Expander<\/p><\/div>\n<p class=\"p2\">O termo \u201cDuck\u201d, vale esclarecer que neste caso, n\u00e3o \u00e9 para ser traduzido como \u201cPato\u201d. \u201cDuck\u201d ou \u201cDucking\u201d neste caso, tem a ver com o conceito de \u201cabaixar\u201d.<\/p>\n<p class=\"p2\">A id\u00e9ia \u00e9 inserir o Pro Expander no canal com uma m\u00fasica de fundo, e atenuar a m\u00fasica sempre que uma voz (por exemplo uma narra\u00e7\u00e3o) entrar em a\u00e7\u00e3o.<\/p>\n<p class=\"p2\">Este \u00e9 um processo bem comum em trabalhos do mercado de r\u00e1dio e TV, mas o conceito pode ser tranquilamente aplicado em m\u00fasica, abaixando a base de uma guitarra na hora do solo por exemplo.<\/p>\n<p class=\"p2\">Para configurar, basta seguir os passos no Pro Expander:<\/p>\n<p class=\"p2\">1) Insira o Pro Expander no canal a ser atenuado<\/p>\n<p class=\"p2\">2) Escolha a op\u00e7\u00e3o \u201cDuck\u201d nos modos de detec\u00e7\u00e3o (Fig. 3A)<\/p>\n<p class=\"p2\">3) Escolha um \u201cBus\u201d como External Key Input (Fig. 3B)<\/p>\n<p class=\"p2\">4) Na \u00e1rea de Sidechain, procure a op\u00e7\u00e3o \u201cSource\u201d e altere para Ext-All (w\/LFE) (Fig. 3C)<\/p>\n<p class=\"p2\">Agora, no canal da voz, configure um Send Pre Fader para o mesmo Bus e coloque o fader em 0dB (fig. 4).<\/p>\n<div id=\"attachment_9890\" style=\"width: 524px\" class=\"wp-caption aligncenter\"><img loading=\"lazy\" decoding=\"async\" aria-describedby=\"caption-attachment-9890\" class=\" wp-image-9890\" src=\"http:\/\/proclass.com.br\/home\/wp-content\/uploads\/2018\/06\/Fig.-4-Configurac\u0327a\u0303o-Ducking-1024x760.png\" alt=\"\" width=\"514\" height=\"381\" srcset=\"https:\/\/proclass.com.br\/home\/wp-content\/uploads\/2018\/06\/Fig.-4-Configurac\u0327a\u0303o-Ducking-1024x760.png 1024w, https:\/\/proclass.com.br\/home\/wp-content\/uploads\/2018\/06\/Fig.-4-Configurac\u0327a\u0303o-Ducking-300x223.png 300w, https:\/\/proclass.com.br\/home\/wp-content\/uploads\/2018\/06\/Fig.-4-Configurac\u0327a\u0303o-Ducking-768x570.png 768w, https:\/\/proclass.com.br\/home\/wp-content\/uploads\/2018\/06\/Fig.-4-Configurac\u0327a\u0303o-Ducking.png 1896w\" sizes=\"(max-width: 514px) 100vw, 514px\" \/><p id=\"caption-attachment-9890\" class=\"wp-caption-text\">Fig. 4 &#8211; Configurac\u0327a\u0303o Ducking<\/p><\/div>\n<p class=\"p2\">A princ\u00edpio, a redu\u00e7\u00e3o de ganho ser\u00e1 muito dr\u00e1stica, mas voc\u00ea regular pelo par\u00e2metro \u201cDepth\u201d do Pro Expander (Fig. 3D).<\/p>\n<p class=\"p1\"><b><i>Pro SubHarmonic<\/i><\/b><\/p>\n<p class=\"p2\">N\u00e3o h\u00e1 nenhum plug-in similar na su\u00edte padr\u00e3o do Pro Tools que possa ser comparado com o Pro SubHarmonic (Fig. 5).<\/p>\n<div id=\"attachment_9891\" style=\"width: 508px\" class=\"wp-caption aligncenter\"><img loading=\"lazy\" decoding=\"async\" aria-describedby=\"caption-attachment-9891\" class=\" wp-image-9891\" src=\"http:\/\/proclass.com.br\/home\/wp-content\/uploads\/2018\/06\/Fig.-5-Pro-Subharmonic-1024x852.png\" alt=\"\" width=\"498\" height=\"415\" srcset=\"https:\/\/proclass.com.br\/home\/wp-content\/uploads\/2018\/06\/Fig.-5-Pro-Subharmonic-1024x852.png 1024w, https:\/\/proclass.com.br\/home\/wp-content\/uploads\/2018\/06\/Fig.-5-Pro-Subharmonic-300x250.png 300w, https:\/\/proclass.com.br\/home\/wp-content\/uploads\/2018\/06\/Fig.-5-Pro-Subharmonic-768x639.png 768w, https:\/\/proclass.com.br\/home\/wp-content\/uploads\/2018\/06\/Fig.-5-Pro-Subharmonic.png 1260w\" sizes=\"(max-width: 498px) 100vw, 498px\" \/><p id=\"caption-attachment-9891\" class=\"wp-caption-text\">Fig. 5 &#8211; Pro Subharmonic<\/p><\/div>\n<p class=\"p2\">Sabemos que um equalizador pode ser usado para acentuar baixas frequ\u00eancias existentes na fonte de sinal. Mas o que acontece se n\u00e3o houver nenhuma informa\u00e7\u00e3o de baixa frequ\u00eancia na fonte de sinal? Ou se usu\u00e1rio estiver em busca de algo mais impactante e \u00eanfatico que nem existe na fonte sonora?<\/p>\n<p class=\"p2\">\u00c9 nesta hora que o Pro SubHarmonic entra em a\u00e7\u00e3o. O que ele faz \u00e9 gerar artificialmente sinais de baixa frequ\u00eancia baseado na fonte sonora. Principalmente para o mercado audiovisual, onde terremotos, ventos, explos\u00f5es precisam usar e abusar do SubWoofer, o Pro SubHarmonic \u00e9 muito bem vindo.<\/p>\n<p class=\"p2\">No mercado musical, tamb\u00e9m n\u00e3o faltam situa\u00e7\u00f5es em que ele pode ser \u00fatil. Um caso muito recorrente \u00e9 de um bumbo que foi captado com muito \u201ckick\u201d e praticamente grave nenhum. Um equalizador talvez n\u00e3o resolva o problema como voc\u00ea quer.<\/p>\n<p class=\"p2\">Surdo de Samba e SubKick em Rap, mesmo que bem gravado, tamb\u00e9m podem ser beneficiados pelo Pro SubHarmonic.<\/p>\n<p class=\"p2\">Uma das coisas que chamam aten\u00e7\u00e3o positivamente s\u00e3o as possibilidades de regulagem.<\/p>\n<p class=\"p2\">Al\u00e9m de ser totalmente flex\u00edvel com rela\u00e7\u00e3o a sintonia e ganho de frequ\u00eancia e suas parciais, tamb\u00e9m permite colocar cada uma das frequ\u00eancias em \u201cSolo\u201d, que \u00e9 \u00f3timo para o usu\u00e1rio entender melhor que tipo de informa\u00e7\u00e3o ele est\u00e1 manipulando. Tamb\u00e9m possui um controle de Drive que funciona muito bem, controles de passa alta e passa baixa e regulagem de Mix.<\/p>\n<p class=\"p1\"><b><i>Pro Multiband Dynamics<\/i><\/b><\/p>\n<div id=\"attachment_9892\" style=\"width: 494px\" class=\"wp-caption aligncenter\"><img loading=\"lazy\" decoding=\"async\" aria-describedby=\"caption-attachment-9892\" class=\" wp-image-9892\" src=\"http:\/\/proclass.com.br\/home\/wp-content\/uploads\/2018\/06\/Fig.-6-Pro-Multiband-Dynamics-1024x894.png\" alt=\"\" width=\"484\" height=\"422\" srcset=\"https:\/\/proclass.com.br\/home\/wp-content\/uploads\/2018\/06\/Fig.-6-Pro-Multiband-Dynamics-1024x894.png 1024w, https:\/\/proclass.com.br\/home\/wp-content\/uploads\/2018\/06\/Fig.-6-Pro-Multiband-Dynamics-300x262.png 300w, https:\/\/proclass.com.br\/home\/wp-content\/uploads\/2018\/06\/Fig.-6-Pro-Multiband-Dynamics-768x671.png 768w, https:\/\/proclass.com.br\/home\/wp-content\/uploads\/2018\/06\/Fig.-6-Pro-Multiband-Dynamics.png 1532w\" sizes=\"(max-width: 484px) 100vw, 484px\" \/><p id=\"caption-attachment-9892\" class=\"wp-caption-text\">Fig. 6 &#8211; Pro Multiband Dynamics<\/p><\/div>\n<p class=\"p2\">Este \u00e9 mais um processador que n\u00e3o tem similar na su\u00edte padr\u00e3o do Pro Tools.<\/p>\n<p class=\"p2\">Possui 4 bandas distintas como a maioria dos compressores multibanda do mercado, por\u00e9m tem uma funcionalidade muito interessante: permite direcionar cada uma das bandas para um BUS diferente.<\/p>\n<p class=\"p2\">Isso \u00e9 muito bem vindo, pois o usu\u00e1rio pode ter as 4 bandas em canais auxiliares separados. Al\u00e9m de ficar muito mais confort\u00e1vel de regular ganho de cada faixa de frequ\u00eancia, o usu\u00e1rio ganha total flexibilidade para outros processamentos.<\/p>\n<p class=\"p2\">Por exemplo, voc\u00ea poderia colocar reverbera\u00e7\u00e3o apenas nas \u00e1reas m\u00e9dias, ou re-equalizar apenas os agudos ou saturar\/distorcer apenas os graves utilizando qualquer plug-in que venha a sua cabe\u00e7a.<\/p>\n<p class=\"p1\"><b><i>Conclus\u00e3o<\/i><\/b><\/p>\n<p class=\"p2\">Acho uma pena estes plug-ins n\u00e3o serem inclu\u00eddos na compra do Pro Tools, pois realmente foram uma grata surpresa.<\/p>\n<p class=\"p2\">A Avid n\u00e3o \u00e9 muito conhecida por desenvolver os principais plug-ins do mercado, ent\u00e3o logicamente, acaba havendo um pouco de preconceito do mercado. Mas para quem est\u00e1 disposto a investir em plug-ins, vale a pena deixar o preconceito de lado.<\/p>\n<p class=\"p2\">Percebe-se claramente que tem muitas op\u00e7\u00f5es baseadas em feedback dos usu\u00e1rios, e com certeza para quem usa Pro Tools, devem haver pacotes que fa\u00e7am valer a pena financeiramente o investimento, se comparado a compra de plug-ins de empresas terceirizadas.<\/p>\n<p class=\"p2\">Com isso, vamos ficando por aqui.<\/p>\n<p class=\"p2\">Abra\u00e7os e at\u00e9 o pr\u00f3ximo m\u00eas!<\/p>\n<p><i><a href=\"http:\/\/proclass.com.br\/home\/wp-content\/uploads\/2012\/08\/cris3x4-blog-proclass.jpg\"><img loading=\"lazy\" decoding=\"async\" class=\"alignleft wp-image-1057 size-full\" src=\"http:\/\/proclass.com.br\/home\/wp-content\/uploads\/2012\/08\/cris3x4-blog-proclass.jpg\" alt=\"cris3x4 blog proclass\" width=\"74\" height=\"99\" \/><\/a>Cristiano Moura \u00e9 produtor musical e instrutor certificado da Avid. Atualmente leciona cursos oficiais em Pro Tools, Waves, Sibelius e os treinamentos em mixagem na ProClass. Por meio da ProClass, oferece consultoria, treinamentos customizados em todo o Brasil.<\/i><\/p>\n","protected":false},"excerpt":{"rendered":"<p>Artigo publicado na Backstage.\u00a0Para conhecer mais sobre a revista,\u00a0clique aqui. Para saber mais sobre treinamentos e certifica\u00e7\u00f5es oficiais em Waves, Pro Tools, Sibelius ou outros treinamentos em \u00e1udio,\u00a0clique aqui. Conhe\u00e7a a s\u00e9rie \u201cPro\u201d da Avid Faz algum tempo, saiu uma nova linha de plug-ins para Pro Tools, que inclui o Pro Compressor, Pro Limiter, ProContinue reading &rarr;<\/p>\n","protected":false},"author":4,"featured_media":9887,"comment_status":"closed","ping_status":"closed","sticky":false,"template":"","format":"standard","meta":{"footnotes":""},"categories":[17,1000],"tags":[],"class_list":["post-9886","post","type-post","status-publish","format-standard","has-post-thumbnail","hentry","category-artigos","category-pro-tools-2","has-thumb"],"yoast_head":"<!-- This site is optimized with the Yoast SEO plugin v26.9 - https:\/\/yoast.com\/product\/yoast-seo-wordpress\/ -->\n<title>Premium Plug-ins para Pro Tools - PROCLASS<\/title>\n<meta name=\"robots\" content=\"index, follow, max-snippet:-1, max-image-preview:large, max-video-preview:-1\" \/>\n<link rel=\"canonical\" href=\"https:\/\/proclass.com.br\/home\/2018\/06\/premium-plug-ins-para-pro-tools\/\" \/>\n<meta property=\"og:locale\" content=\"pt_BR\" \/>\n<meta property=\"og:type\" content=\"article\" \/>\n<meta property=\"og:title\" content=\"Premium Plug-ins para Pro Tools - PROCLASS\" \/>\n<meta property=\"og:description\" content=\"Artigo publicado na Backstage.\u00a0Para conhecer mais sobre a revista,\u00a0clique aqui. Para saber mais sobre treinamentos e certifica\u00e7\u00f5es oficiais em Waves, Pro Tools, Sibelius ou outros treinamentos em \u00e1udio,\u00a0clique aqui. Conhe\u00e7a a s\u00e9rie \u201cPro\u201d da Avid Faz algum tempo, saiu uma nova linha de plug-ins para Pro Tools, que inclui o Pro Compressor, Pro Limiter, ProContinue reading &rarr;\" \/>\n<meta property=\"og:url\" content=\"https:\/\/proclass.com.br\/home\/2018\/06\/premium-plug-ins-para-pro-tools\/\" \/>\n<meta property=\"og:site_name\" content=\"PROCLASS\" \/>\n<meta property=\"article:published_time\" content=\"2018-06-22T19:31:23+00:00\" \/>\n<meta property=\"og:image\" content=\"https:\/\/proclass.com.br\/home\/wp-content\/uploads\/2018\/06\/Fig.-1-Pro-Compressor.png\" \/>\n\t<meta property=\"og:image:width\" content=\"1392\" \/>\n\t<meta property=\"og:image:height\" content=\"1202\" \/>\n\t<meta property=\"og:image:type\" content=\"image\/png\" \/>\n<meta name=\"author\" content=\"ProClass Treinamentos\" \/>\n<meta name=\"twitter:card\" content=\"summary_large_image\" \/>\n<meta name=\"twitter:label1\" content=\"Escrito por\" \/>\n\t<meta name=\"twitter:data1\" content=\"ProClass Treinamentos\" \/>\n\t<meta name=\"twitter:label2\" content=\"Est. tempo de leitura\" \/>\n\t<meta name=\"twitter:data2\" content=\"8 minutos\" \/>\n<script type=\"application\/ld+json\" class=\"yoast-schema-graph\">{\"@context\":\"https:\/\/schema.org\",\"@graph\":[{\"@type\":\"Article\",\"@id\":\"https:\/\/proclass.com.br\/home\/2018\/06\/premium-plug-ins-para-pro-tools\/#article\",\"isPartOf\":{\"@id\":\"https:\/\/proclass.com.br\/home\/2018\/06\/premium-plug-ins-para-pro-tools\/\"},\"author\":{\"name\":\"ProClass Treinamentos\",\"@id\":\"https:\/\/proclass.com.br\/home\/#\/schema\/person\/f89e1eb93d5d32c0bb465c52f87f5a00\"},\"headline\":\"Premium Plug-ins para Pro Tools\",\"datePublished\":\"2018-06-22T19:31:23+00:00\",\"mainEntityOfPage\":{\"@id\":\"https:\/\/proclass.com.br\/home\/2018\/06\/premium-plug-ins-para-pro-tools\/\"},\"wordCount\":1620,\"publisher\":{\"@id\":\"https:\/\/proclass.com.br\/home\/#organization\"},\"image\":{\"@id\":\"https:\/\/proclass.com.br\/home\/2018\/06\/premium-plug-ins-para-pro-tools\/#primaryimage\"},\"thumbnailUrl\":\"https:\/\/proclass.com.br\/home\/wp-content\/uploads\/2018\/06\/Fig.-1-Pro-Compressor.png\",\"articleSection\":[\"Artigos\",\"Pro Tools\"],\"inLanguage\":\"pt-BR\"},{\"@type\":\"WebPage\",\"@id\":\"https:\/\/proclass.com.br\/home\/2018\/06\/premium-plug-ins-para-pro-tools\/\",\"url\":\"https:\/\/proclass.com.br\/home\/2018\/06\/premium-plug-ins-para-pro-tools\/\",\"name\":\"Premium Plug-ins para Pro Tools - PROCLASS\",\"isPartOf\":{\"@id\":\"https:\/\/proclass.com.br\/home\/#website\"},\"primaryImageOfPage\":{\"@id\":\"https:\/\/proclass.com.br\/home\/2018\/06\/premium-plug-ins-para-pro-tools\/#primaryimage\"},\"image\":{\"@id\":\"https:\/\/proclass.com.br\/home\/2018\/06\/premium-plug-ins-para-pro-tools\/#primaryimage\"},\"thumbnailUrl\":\"https:\/\/proclass.com.br\/home\/wp-content\/uploads\/2018\/06\/Fig.-1-Pro-Compressor.png\",\"datePublished\":\"2018-06-22T19:31:23+00:00\",\"breadcrumb\":{\"@id\":\"https:\/\/proclass.com.br\/home\/2018\/06\/premium-plug-ins-para-pro-tools\/#breadcrumb\"},\"inLanguage\":\"pt-BR\",\"potentialAction\":[{\"@type\":\"ReadAction\",\"target\":[\"https:\/\/proclass.com.br\/home\/2018\/06\/premium-plug-ins-para-pro-tools\/\"]}]},{\"@type\":\"ImageObject\",\"inLanguage\":\"pt-BR\",\"@id\":\"https:\/\/proclass.com.br\/home\/2018\/06\/premium-plug-ins-para-pro-tools\/#primaryimage\",\"url\":\"https:\/\/proclass.com.br\/home\/wp-content\/uploads\/2018\/06\/Fig.-1-Pro-Compressor.png\",\"contentUrl\":\"https:\/\/proclass.com.br\/home\/wp-content\/uploads\/2018\/06\/Fig.-1-Pro-Compressor.png\",\"width\":1392,\"height\":1202,\"caption\":\"Fig. 1 - Pro Compressor\"},{\"@type\":\"BreadcrumbList\",\"@id\":\"https:\/\/proclass.com.br\/home\/2018\/06\/premium-plug-ins-para-pro-tools\/#breadcrumb\",\"itemListElement\":[{\"@type\":\"ListItem\",\"position\":1,\"name\":\"In\u00edcio\",\"item\":\"https:\/\/proclass.com.br\/home\/\"},{\"@type\":\"ListItem\",\"position\":2,\"name\":\"Premium Plug-ins para Pro Tools\"}]},{\"@type\":\"WebSite\",\"@id\":\"https:\/\/proclass.com.br\/home\/#website\",\"url\":\"https:\/\/proclass.com.br\/home\/\",\"name\":\"PROCLASS\",\"description\":\"CURSOS E TREINAMENTOS\",\"publisher\":{\"@id\":\"https:\/\/proclass.com.br\/home\/#organization\"},\"potentialAction\":[{\"@type\":\"SearchAction\",\"target\":{\"@type\":\"EntryPoint\",\"urlTemplate\":\"https:\/\/proclass.com.br\/home\/?s={search_term_string}\"},\"query-input\":{\"@type\":\"PropertyValueSpecification\",\"valueRequired\":true,\"valueName\":\"search_term_string\"}}],\"inLanguage\":\"pt-BR\"},{\"@type\":\"Organization\",\"@id\":\"https:\/\/proclass.com.br\/home\/#organization\",\"name\":\"PROCLASS\",\"url\":\"https:\/\/proclass.com.br\/home\/\",\"logo\":{\"@type\":\"ImageObject\",\"inLanguage\":\"pt-BR\",\"@id\":\"https:\/\/proclass.com.br\/home\/#\/schema\/logo\/image\/\",\"url\":\"https:\/\/proclass.com.br\/home\/wp-content\/uploads\/2023\/06\/CABECALHO-black_PROCLASS-2023.png\",\"contentUrl\":\"https:\/\/proclass.com.br\/home\/wp-content\/uploads\/2023\/06\/CABECALHO-black_PROCLASS-2023.png\",\"width\":2563,\"height\":911,\"caption\":\"PROCLASS\"},\"image\":{\"@id\":\"https:\/\/proclass.com.br\/home\/#\/schema\/logo\/image\/\"}},{\"@type\":\"Person\",\"@id\":\"https:\/\/proclass.com.br\/home\/#\/schema\/person\/f89e1eb93d5d32c0bb465c52f87f5a00\",\"name\":\"ProClass Treinamentos\",\"image\":{\"@type\":\"ImageObject\",\"inLanguage\":\"pt-BR\",\"@id\":\"https:\/\/proclass.com.br\/home\/#\/schema\/person\/image\/\",\"url\":\"https:\/\/secure.gravatar.com\/avatar\/3878d7a575c7ac355d2c778d5de04af08b7c5a7d9f19b2889f26cc7d80a6a832?s=96&d=blank&r=g\",\"contentUrl\":\"https:\/\/secure.gravatar.com\/avatar\/3878d7a575c7ac355d2c778d5de04af08b7c5a7d9f19b2889f26cc7d80a6a832?s=96&d=blank&r=g\",\"caption\":\"ProClass Treinamentos\"},\"url\":\"https:\/\/proclass.com.br\/home\/author\/proclass\/\"}]}<\/script>\n<!-- \/ Yoast SEO plugin. -->","yoast_head_json":{"title":"Premium Plug-ins para Pro Tools - PROCLASS","robots":{"index":"index","follow":"follow","max-snippet":"max-snippet:-1","max-image-preview":"max-image-preview:large","max-video-preview":"max-video-preview:-1"},"canonical":"https:\/\/proclass.com.br\/home\/2018\/06\/premium-plug-ins-para-pro-tools\/","og_locale":"pt_BR","og_type":"article","og_title":"Premium Plug-ins para Pro Tools - PROCLASS","og_description":"Artigo publicado na Backstage.\u00a0Para conhecer mais sobre a revista,\u00a0clique aqui. Para saber mais sobre treinamentos e certifica\u00e7\u00f5es oficiais em Waves, Pro Tools, Sibelius ou outros treinamentos em \u00e1udio,\u00a0clique aqui. Conhe\u00e7a a s\u00e9rie \u201cPro\u201d da Avid Faz algum tempo, saiu uma nova linha de plug-ins para Pro Tools, que inclui o Pro Compressor, Pro Limiter, ProContinue reading &rarr;","og_url":"https:\/\/proclass.com.br\/home\/2018\/06\/premium-plug-ins-para-pro-tools\/","og_site_name":"PROCLASS","article_published_time":"2018-06-22T19:31:23+00:00","og_image":[{"width":1392,"height":1202,"url":"https:\/\/proclass.com.br\/home\/wp-content\/uploads\/2018\/06\/Fig.-1-Pro-Compressor.png","type":"image\/png"}],"author":"ProClass Treinamentos","twitter_card":"summary_large_image","twitter_misc":{"Escrito por":"ProClass Treinamentos","Est. tempo de leitura":"8 minutos"},"schema":{"@context":"https:\/\/schema.org","@graph":[{"@type":"Article","@id":"https:\/\/proclass.com.br\/home\/2018\/06\/premium-plug-ins-para-pro-tools\/#article","isPartOf":{"@id":"https:\/\/proclass.com.br\/home\/2018\/06\/premium-plug-ins-para-pro-tools\/"},"author":{"name":"ProClass Treinamentos","@id":"https:\/\/proclass.com.br\/home\/#\/schema\/person\/f89e1eb93d5d32c0bb465c52f87f5a00"},"headline":"Premium Plug-ins para Pro Tools","datePublished":"2018-06-22T19:31:23+00:00","mainEntityOfPage":{"@id":"https:\/\/proclass.com.br\/home\/2018\/06\/premium-plug-ins-para-pro-tools\/"},"wordCount":1620,"publisher":{"@id":"https:\/\/proclass.com.br\/home\/#organization"},"image":{"@id":"https:\/\/proclass.com.br\/home\/2018\/06\/premium-plug-ins-para-pro-tools\/#primaryimage"},"thumbnailUrl":"https:\/\/proclass.com.br\/home\/wp-content\/uploads\/2018\/06\/Fig.-1-Pro-Compressor.png","articleSection":["Artigos","Pro Tools"],"inLanguage":"pt-BR"},{"@type":"WebPage","@id":"https:\/\/proclass.com.br\/home\/2018\/06\/premium-plug-ins-para-pro-tools\/","url":"https:\/\/proclass.com.br\/home\/2018\/06\/premium-plug-ins-para-pro-tools\/","name":"Premium Plug-ins para Pro Tools - PROCLASS","isPartOf":{"@id":"https:\/\/proclass.com.br\/home\/#website"},"primaryImageOfPage":{"@id":"https:\/\/proclass.com.br\/home\/2018\/06\/premium-plug-ins-para-pro-tools\/#primaryimage"},"image":{"@id":"https:\/\/proclass.com.br\/home\/2018\/06\/premium-plug-ins-para-pro-tools\/#primaryimage"},"thumbnailUrl":"https:\/\/proclass.com.br\/home\/wp-content\/uploads\/2018\/06\/Fig.-1-Pro-Compressor.png","datePublished":"2018-06-22T19:31:23+00:00","breadcrumb":{"@id":"https:\/\/proclass.com.br\/home\/2018\/06\/premium-plug-ins-para-pro-tools\/#breadcrumb"},"inLanguage":"pt-BR","potentialAction":[{"@type":"ReadAction","target":["https:\/\/proclass.com.br\/home\/2018\/06\/premium-plug-ins-para-pro-tools\/"]}]},{"@type":"ImageObject","inLanguage":"pt-BR","@id":"https:\/\/proclass.com.br\/home\/2018\/06\/premium-plug-ins-para-pro-tools\/#primaryimage","url":"https:\/\/proclass.com.br\/home\/wp-content\/uploads\/2018\/06\/Fig.-1-Pro-Compressor.png","contentUrl":"https:\/\/proclass.com.br\/home\/wp-content\/uploads\/2018\/06\/Fig.-1-Pro-Compressor.png","width":1392,"height":1202,"caption":"Fig. 1 - Pro Compressor"},{"@type":"BreadcrumbList","@id":"https:\/\/proclass.com.br\/home\/2018\/06\/premium-plug-ins-para-pro-tools\/#breadcrumb","itemListElement":[{"@type":"ListItem","position":1,"name":"In\u00edcio","item":"https:\/\/proclass.com.br\/home\/"},{"@type":"ListItem","position":2,"name":"Premium Plug-ins para Pro Tools"}]},{"@type":"WebSite","@id":"https:\/\/proclass.com.br\/home\/#website","url":"https:\/\/proclass.com.br\/home\/","name":"PROCLASS","description":"CURSOS E TREINAMENTOS","publisher":{"@id":"https:\/\/proclass.com.br\/home\/#organization"},"potentialAction":[{"@type":"SearchAction","target":{"@type":"EntryPoint","urlTemplate":"https:\/\/proclass.com.br\/home\/?s={search_term_string}"},"query-input":{"@type":"PropertyValueSpecification","valueRequired":true,"valueName":"search_term_string"}}],"inLanguage":"pt-BR"},{"@type":"Organization","@id":"https:\/\/proclass.com.br\/home\/#organization","name":"PROCLASS","url":"https:\/\/proclass.com.br\/home\/","logo":{"@type":"ImageObject","inLanguage":"pt-BR","@id":"https:\/\/proclass.com.br\/home\/#\/schema\/logo\/image\/","url":"https:\/\/proclass.com.br\/home\/wp-content\/uploads\/2023\/06\/CABECALHO-black_PROCLASS-2023.png","contentUrl":"https:\/\/proclass.com.br\/home\/wp-content\/uploads\/2023\/06\/CABECALHO-black_PROCLASS-2023.png","width":2563,"height":911,"caption":"PROCLASS"},"image":{"@id":"https:\/\/proclass.com.br\/home\/#\/schema\/logo\/image\/"}},{"@type":"Person","@id":"https:\/\/proclass.com.br\/home\/#\/schema\/person\/f89e1eb93d5d32c0bb465c52f87f5a00","name":"ProClass Treinamentos","image":{"@type":"ImageObject","inLanguage":"pt-BR","@id":"https:\/\/proclass.com.br\/home\/#\/schema\/person\/image\/","url":"https:\/\/secure.gravatar.com\/avatar\/3878d7a575c7ac355d2c778d5de04af08b7c5a7d9f19b2889f26cc7d80a6a832?s=96&d=blank&r=g","contentUrl":"https:\/\/secure.gravatar.com\/avatar\/3878d7a575c7ac355d2c778d5de04af08b7c5a7d9f19b2889f26cc7d80a6a832?s=96&d=blank&r=g","caption":"ProClass Treinamentos"},"url":"https:\/\/proclass.com.br\/home\/author\/proclass\/"}]}},"_links":{"self":[{"href":"https:\/\/proclass.com.br\/home\/wp-json\/wp\/v2\/posts\/9886","targetHints":{"allow":["GET"]}}],"collection":[{"href":"https:\/\/proclass.com.br\/home\/wp-json\/wp\/v2\/posts"}],"about":[{"href":"https:\/\/proclass.com.br\/home\/wp-json\/wp\/v2\/types\/post"}],"author":[{"embeddable":true,"href":"https:\/\/proclass.com.br\/home\/wp-json\/wp\/v2\/users\/4"}],"replies":[{"embeddable":true,"href":"https:\/\/proclass.com.br\/home\/wp-json\/wp\/v2\/comments?post=9886"}],"version-history":[{"count":0,"href":"https:\/\/proclass.com.br\/home\/wp-json\/wp\/v2\/posts\/9886\/revisions"}],"wp:featuredmedia":[{"embeddable":true,"href":"https:\/\/proclass.com.br\/home\/wp-json\/wp\/v2\/media\/9887"}],"wp:attachment":[{"href":"https:\/\/proclass.com.br\/home\/wp-json\/wp\/v2\/media?parent=9886"}],"wp:term":[{"taxonomy":"category","embeddable":true,"href":"https:\/\/proclass.com.br\/home\/wp-json\/wp\/v2\/categories?post=9886"},{"taxonomy":"post_tag","embeddable":true,"href":"https:\/\/proclass.com.br\/home\/wp-json\/wp\/v2\/tags?post=9886"}],"curies":[{"name":"wp","href":"https:\/\/api.w.org\/{rel}","templated":true}]}}