{"id":9879,"date":"2018-06-22T15:46:30","date_gmt":"2018-06-22T18:46:30","guid":{"rendered":"http:\/\/proclass.com.br\/home\/?p=9879"},"modified":"2018-06-22T16:32:42","modified_gmt":"2018-06-22T19:32:42","slug":"preparando-sua-sessao-para-pre-producao","status":"publish","type":"post","link":"https:\/\/proclass.com.br\/home\/2018\/06\/preparando-sua-sessao-para-pre-producao\/","title":{"rendered":"Preparando sua sess\u00e3o para pr\u00e9-produ\u00e7\u00e3o"},"content":{"rendered":"<p><a href=\"http:\/\/proclass.com.br\/home\/wp-content\/uploads\/2015\/03\/logo_backstage.png\"><img decoding=\"async\" class=\"aligncenter wp-image-4341\" src=\"http:\/\/proclass.com.br\/home\/wp-content\/uploads\/2015\/03\/logo_backstage.png\" alt=\"logo_backstage\" width=\"364\" height=\"91\" srcset=\"https:\/\/proclass.com.br\/home\/wp-content\/uploads\/2015\/03\/logo_backstage.png 432w, https:\/\/proclass.com.br\/home\/wp-content\/uploads\/2015\/03\/logo_backstage-300x75.png 300w, https:\/\/proclass.com.br\/home\/wp-content\/uploads\/2015\/03\/logo_backstage-100x25.png 100w\" sizes=\"(max-width: 364px) 100vw, 364px\" \/><\/a><\/p>\n<p style=\"text-align: left;\">Artigo publicado na Backstage.\u00a0Para conhecer mais sobre a revista,\u00a0<a href=\"http:\/\/backstage.com.br\/\" target=\"_blank\" rel=\"noopener\">clique aqui.<\/a><\/p>\n<p style=\"text-align: left;\">Para saber mais sobre treinamentos e certifica\u00e7\u00f5es oficiais em Waves, Pro Tools, Sibelius ou outros treinamentos em \u00e1udio,\u00a0<a href=\"http:\/\/proclass.com.br\/home\/certificacoes\/waves\/waves-certification-program\/\" target=\"_blank\" rel=\"noopener\">clique aqui<\/a>.<\/p>\n<p>&nbsp;<\/p>\n<p class=\"p1\"><b><i>Sugest\u00f5es para um template eficaz<\/i><\/b><\/p>\n<p class=\"p2\">A produ\u00e7\u00e3o musical em homestudios mudou muito nossa maneira de pensar e produzir em est\u00fadio. Um dos principais fatores \u00e9 que a figura do produtor musical e do t\u00e9cnico de som se fundiram. Ali\u00e1s, a fus\u00e3o do m\u00fasico + produtor + t\u00e9cnico tamb\u00e9m \u00e9 bem comum. Ou seja, uma mesma pessoa pode estar fazendo a fun\u00e7\u00e3o de tr\u00eas.<\/p>\n<p class=\"p2\">Certamente, se por um lado, produzir sua pr\u00f3pria m\u00fasica em casa \u00e9 muito confort\u00e1vel e um sonho para muita gente, o ac\u00famulo de fun\u00e7\u00e3o pode atrapalhar bastante o seu fluxo criativo.<\/p>\n<p class=\"p2\">Para tentar separar ao m\u00e1ximo cada um dos processos \u00e9 uma bela maneira de tentar se organizar mentalmente para produzir e ser criativo ao mesmo tempo.<\/p>\n<p class=\"p2\">Uma das principais \u00e9 criar uma sess\u00e3o pr\u00e9-configurada para suas produ\u00e7\u00f5es, para que, quando vier uma id\u00e9ia ou inspira\u00e7\u00e3o, voc\u00ea possa abrir o Pro Tools e come\u00e7ar a gravar com menor n\u00famero de clicks poss\u00edveis.<\/p>\n<p class=\"p1\"><b><i>As suas id\u00e9ias vem acompanhadas de instrumentos<\/i><\/b><\/p>\n<p class=\"p2\">Suas id\u00e9ias musicais geralmente nascem de um instrumento. Ou voc\u00ea senta no piano, pega o viol\u00e3o ou algum outro instrumento para compor.<\/p>\n<p class=\"p2\">E mesmo que voc\u00ea esteja apenas \u201ccantarolando\u201d uma id\u00e9ia musical mentalmente no \u00f4nibus, provavelmente ela est\u00e1 sendo imaginada na \u201cvoz\u201d de algum instrumento.<\/p>\n<p class=\"p2\">Ent\u00e3o \u00e9 bom pensar um pouco nisso.<\/p>\n<p class=\"p2\">1) Quais s\u00e3o os instrumentos que voc\u00ea costuma usar para compor?<\/p>\n<p class=\"p2\">2) Quando voc\u00ea come\u00e7a sua produ\u00e7\u00e3o, quais outros instrumentos voc\u00ea costuma gravar em seguida, logo ap\u00f3s a sua id\u00e9ia inicial?<\/p>\n<p class=\"p2\">Estes s\u00e3o os tracks e instrumentos que devem j\u00e1 estar preparado. Por exemplo, no meu caso (sou guitarrista), a minha id\u00e9ia inicial vem na guitarra, mas gosto de produzir uma levada b\u00e1sica na bateria logo de cara ao inv\u00e9s de usar o click.<\/p>\n<p class=\"p2\">Uma vez que a id\u00e9ia est\u00e1 registrada com guitarra + bateria, normalmente j\u00e1 fico na ansiedade de pelo menos colocar um baixo + teclado tempor\u00e1rio, s\u00f3 para poder sentir como a id\u00e9ia flui com os outros instrumentos.<\/p>\n<p class=\"p2\">Ent\u00e3o minha sess\u00e3o inicial (template) j\u00e1 abre com: 3 tracks de guitarra, bateria, Baixo e teclado.<\/p>\n<p class=\"p2\">E por que 3 canais de guitarra? Por que eu n\u00e3o sei se a id\u00e9ia que vai vir, vai ser de guitarra clean, ou uma base, ou mesmo uma linha mel\u00f3dica para um solo de abertura.<\/p>\n<p class=\"p2\">Como momentos de criatividade s\u00e3o raros e especiais, eu n\u00e3o quero nem perder tempo em inserir um efeito e pesquisar o som.<\/p>\n<p class=\"p2\">Ent\u00e3o tenho um track clean, um segundo j\u00e1 com distor\u00e7\u00e3o (crunch) e um terceiro com uma distor\u00e7\u00e3o mais forte j\u00e1 preparada.<\/p>\n<p class=\"p2\">No canal do baixo, j\u00e1 tenho um compressor aplicado e uma equaliza\u00e7\u00e3o b\u00e1sica.<\/p>\n<p class=\"p2\">Al\u00e9m disso, tenho 4 auxiliares j\u00e1 configurados. Reverb, Delay, Chorus e Phaser.<\/p>\n<p class=\"p2\">Por \u00faltimo, tenho um Master Fader tamb\u00e9m j\u00e1 preparado.<\/p>\n<p class=\"p2\">Ou seja, uma vez criada a sess\u00e3o, basta apertar REC no track que eu quero come\u00e7ar a gravar e partir para a execu\u00e7\u00e3o. (Figura 1)<\/p>\n<div id=\"attachment_9880\" style=\"width: 489px\" class=\"wp-caption aligncenter\"><img fetchpriority=\"high\" decoding=\"async\" aria-describedby=\"caption-attachment-9880\" class=\" wp-image-9880\" src=\"http:\/\/proclass.com.br\/home\/wp-content\/uploads\/2018\/06\/fig.-1-Tracks-Iniciais.png\" alt=\"\" width=\"479\" height=\"827\" srcset=\"https:\/\/proclass.com.br\/home\/wp-content\/uploads\/2018\/06\/fig.-1-Tracks-Iniciais.png 521w, https:\/\/proclass.com.br\/home\/wp-content\/uploads\/2018\/06\/fig.-1-Tracks-Iniciais-174x300.png 174w\" sizes=\"(max-width: 479px) 100vw, 479px\" \/><p id=\"caption-attachment-9880\" class=\"wp-caption-text\">fig. 1 &#8211; Tracks Iniciais<\/p><\/div>\n<p class=\"p1\"><b><i>Click<\/i><\/b><\/p>\n<p class=\"p2\">Apesar de ser r\u00e1pido abrir um Click Track, eu acho o som padr\u00e3o do click do Pro Tools extremamente ruim. Ent\u00e3o tamb\u00e9m j\u00e1 tenho meu click track aberto, com o timbre alterado para Marimba 2, que \u00e9 mais neutro (fig. 2).<\/p>\n<div id=\"attachment_9881\" style=\"width: 497px\" class=\"wp-caption aligncenter\"><img decoding=\"async\" aria-describedby=\"caption-attachment-9881\" class=\"size-full wp-image-9881\" src=\"http:\/\/proclass.com.br\/home\/wp-content\/uploads\/2018\/06\/Fig.-2-Click-com-Marimba.png\" alt=\"\" width=\"487\" height=\"334\" srcset=\"https:\/\/proclass.com.br\/home\/wp-content\/uploads\/2018\/06\/Fig.-2-Click-com-Marimba.png 487w, https:\/\/proclass.com.br\/home\/wp-content\/uploads\/2018\/06\/Fig.-2-Click-com-Marimba-300x206.png 300w\" sizes=\"(max-width: 487px) 100vw, 487px\" \/><p id=\"caption-attachment-9881\" class=\"wp-caption-text\">Fig. 2 &#8211; Click com Marimba<\/p><\/div>\n<p class=\"p1\"><b><i>Levadas pr\u00e9-programadas em playlists<\/i><\/b><\/p>\n<p class=\"p2\">Se voc\u00ea tem uma banda com um estilo j\u00e1 meio definido de m\u00fasica por exemplo, pop rock, talvez voc\u00ea possa ir um passo al\u00e9m e ter um track de bateria com algumas das principais levadas que o seu estilo costuma comportar.<\/p>\n<p class=\"p2\">Para isso, n\u00e3o utilizamos m\u00faltiplos tracks como alguns podem pensar. N\u00f3s vamos usar playlists. \u00c9 uma maneira de ter v\u00e1rias vers\u00f5es de uma execu\u00e7\u00e3o no mesmo track.<\/p>\n<p class=\"p2\">Para isso, crie sua primeira levada normalmente. Para criar um novo playlist, basta clicar na seta ao lado do nome da track (fig. 3) e escolher a op\u00e7\u00e3o new.<\/p>\n<div id=\"attachment_9882\" style=\"width: 330px\" class=\"wp-caption aligncenter\"><img loading=\"lazy\" decoding=\"async\" aria-describedby=\"caption-attachment-9882\" class=\"size-full wp-image-9882\" src=\"http:\/\/proclass.com.br\/home\/wp-content\/uploads\/2018\/06\/Fig.-3-Playlist-Selector.png\" alt=\"\" width=\"320\" height=\"408\" srcset=\"https:\/\/proclass.com.br\/home\/wp-content\/uploads\/2018\/06\/Fig.-3-Playlist-Selector.png 320w, https:\/\/proclass.com.br\/home\/wp-content\/uploads\/2018\/06\/Fig.-3-Playlist-Selector-235x300.png 235w\" sizes=\"(max-width: 320px) 100vw, 320px\" \/><p id=\"caption-attachment-9882\" class=\"wp-caption-text\">Fig. 3 &#8211; Playlist Selector<\/p><\/div>\n<p class=\"p2\">Com isso, a pista fica livre novamente e voc\u00ea pode registrar uma nova levada e depois \u00e9 s\u00f3 continuar repetindo o processo.<\/p>\n<p class=\"p2\">Para ver as playlists existentes, basta clicar novamente na mesma seta ao lado do nome do track para abrir a sele\u00e7\u00e3o playlists.<\/p>\n<p class=\"p1\"><b><i>Mandadas de fones<\/i><\/b><\/p>\n<p class=\"p2\">Se seu est\u00fadio de m\u00faltiplas mandadas de fones, sabe que este setup tamb\u00e9m toma um certo tempo para montar e configurar, ent\u00e3o tamb\u00e9m \u00e9 algo que voc\u00ea j\u00e1 pode ter preparado para economizar tempo.<\/p>\n<p class=\"p2\">Primeiramente, vale a pena j\u00e1 ter um I\/O configurado com nomes para n\u00e3o se confundir. Ao inv\u00e9s de ter que lembrar que a sa\u00edda 3\u20134 vai para o Fone 1 por exemplo, \u00e9 melhor renomear logo de uma vez a sa\u00edda 3\u20134 para \u201cFONE 1\u201d.<\/p>\n<p class=\"p2\">Fazemos isso pelo menu Setup &gt; I\/O. Na janela de di\u00e1logo que se abre, escolha a aba \u201coutput\u201d e altere os nome de acordo.<\/p>\n<p class=\"p2\">J\u00e1 no mixer do Pro Tools, n\u00e3o fique esperando o m\u00fasico te pedir para fazer a mandada de fone. J\u00e1 tenha todos os tracks preparados. Vamos fazer quatro passos para preparar da melhor forma poss\u00edvel.<\/p>\n<p class=\"p2\">Primeiramente, com o Alt pressionado, voc\u00ea pode criar um send em todos os canais de uma \u00fanica vez, e mante-los zerados at\u00e9 o m\u00fasico de fato pedir para abrir o sinal.<\/p>\n<p class=\"p2\">O segundo passo, \u00e9 alterar a visualiza\u00e7\u00e3o para Expanded Send (fig. 4). Esta visualiza\u00e7\u00e3o te d\u00e1 mais feedback visual de como est\u00e1 a configura\u00e7\u00e3o da mixagem, n\u00edveis em cada canal e VU.<\/p>\n<div id=\"attachment_9883\" style=\"width: 536px\" class=\"wp-caption aligncenter\"><img loading=\"lazy\" decoding=\"async\" aria-describedby=\"caption-attachment-9883\" class=\" wp-image-9883\" src=\"http:\/\/proclass.com.br\/home\/wp-content\/uploads\/2018\/06\/Fig-4-Expanded-Sends.png\" alt=\"\" width=\"526\" height=\"453\" srcset=\"https:\/\/proclass.com.br\/home\/wp-content\/uploads\/2018\/06\/Fig-4-Expanded-Sends.png 958w, https:\/\/proclass.com.br\/home\/wp-content\/uploads\/2018\/06\/Fig-4-Expanded-Sends-300x258.png 300w, https:\/\/proclass.com.br\/home\/wp-content\/uploads\/2018\/06\/Fig-4-Expanded-Sends-768x661.png 768w\" sizes=\"(max-width: 526px) 100vw, 526px\" \/><p id=\"caption-attachment-9883\" class=\"wp-caption-text\">Fig 4 &#8211; Expanded Sends<\/p><\/div>\n<p class=\"p2\">O terceiro passo \u00e9 alterar a configura\u00e7\u00e3o de todos os Sends para pre-fader. Em expanded send, isso \u00e9 muito f\u00e1cil. Basta pressionar o bot\u00e3o \u201cp\u201d com o Alt pressionado. (fig. 4).<\/p>\n<p class=\"p2\">O quarto e \u00faltimo passo \u00e9 criar um Master Fader da sa\u00edda de fone. Ele vai servir como um controle geral de tudo que est\u00e1 sendo enviado para os fones. Ele \u00e9 important\u00edssimo pois \u00e9 comum o sinal chegar muito forte e distorcer o sinal no fone. Sem este Master Fader, voc\u00ea teria que atenuar o n\u00edvel de cada canal e provavelmente ia acabar mexendo na propor\u00e7\u00e3o das tracks.<\/p>\n<p class=\"p1\"><b><i>Salvando seu template<\/i><\/b><\/p>\n<p class=\"p2\">Com tudo preparando, s\u00f3 falta salvar mesmo a sua configura\u00e7\u00e3o para que ela seja \u00fatil em outras oportunidades. Para isso, basta clicar no menu File &gt; Save as Template.<\/p>\n<p class=\"p2\">Com isso, sempre que quiser fazer uma sess\u00e3o com essa configura\u00e7\u00e3o basta ir em File&gt; Create New\u2026 e escolher a op\u00e7\u00e3o \u201cCreate From Template\u201d. (fig. 5).<\/p>\n<div id=\"attachment_9884\" style=\"width: 706px\" class=\"wp-caption aligncenter\"><img loading=\"lazy\" decoding=\"async\" aria-describedby=\"caption-attachment-9884\" class=\"size-full wp-image-9884\" src=\"http:\/\/proclass.com.br\/home\/wp-content\/uploads\/2018\/06\/Fig.-5-Create-From-Template.png\" alt=\"\" width=\"696\" height=\"716\" srcset=\"https:\/\/proclass.com.br\/home\/wp-content\/uploads\/2018\/06\/Fig.-5-Create-From-Template.png 696w, https:\/\/proclass.com.br\/home\/wp-content\/uploads\/2018\/06\/Fig.-5-Create-From-Template-292x300.png 292w\" sizes=\"(max-width: 696px) 100vw, 696px\" \/><p id=\"caption-attachment-9884\" class=\"wp-caption-text\">Fig. 5 &#8211; Create From Template<\/p><\/div>\n<p class=\"p2\">E \u00e9 isso ai. Agora voc\u00ea est\u00e1 preparado para deixar de lado a parte t\u00e9cnica e deixar sua concentra\u00e7\u00e3o totalmente voltada ao seu lado criativo.<\/p>\n<p class=\"p2\">Abra\u00e7os e at\u00e9 a pr\u00f3xima!<\/p>\n<p><i><a href=\"http:\/\/proclass.com.br\/home\/wp-content\/uploads\/2012\/08\/cris3x4-blog-proclass.jpg\"><img loading=\"lazy\" decoding=\"async\" class=\"alignleft wp-image-1057 size-full\" src=\"http:\/\/proclass.com.br\/home\/wp-content\/uploads\/2012\/08\/cris3x4-blog-proclass.jpg\" alt=\"cris3x4 blog proclass\" width=\"74\" height=\"99\" \/><\/a>Cristiano Moura \u00e9 produtor musical e instrutor certificado da Avid. Atualmente leciona cursos oficiais em Pro Tools, Waves, Sibelius e os treinamentos em mixagem na ProClass. Por meio da ProClass, oferece consultoria, treinamentos customizados em todo o Brasil.<\/i><\/p>\n","protected":false},"excerpt":{"rendered":"<p>Artigo publicado na Backstage.\u00a0Para conhecer mais sobre a revista,\u00a0clique aqui. Para saber mais sobre treinamentos e certifica\u00e7\u00f5es oficiais em Waves, Pro Tools, Sibelius ou outros treinamentos em \u00e1udio,\u00a0clique aqui. &nbsp; Sugest\u00f5es para um template eficaz A produ\u00e7\u00e3o musical em homestudios mudou muito nossa maneira de pensar e produzir em est\u00fadio. Um dos principais fatores \u00e9Continue reading &rarr;<\/p>\n","protected":false},"author":4,"featured_media":9880,"comment_status":"closed","ping_status":"closed","sticky":false,"template":"","format":"standard","meta":{"footnotes":""},"categories":[17,1000],"tags":[],"class_list":["post-9879","post","type-post","status-publish","format-standard","has-post-thumbnail","hentry","category-artigos","category-pro-tools-2","has-thumb"],"yoast_head":"<!-- This site is optimized with the Yoast SEO plugin v26.9 - https:\/\/yoast.com\/product\/yoast-seo-wordpress\/ -->\n<title>Preparando sua sess\u00e3o para pr\u00e9-produ\u00e7\u00e3o - PROCLASS<\/title>\n<meta name=\"robots\" content=\"index, follow, max-snippet:-1, max-image-preview:large, max-video-preview:-1\" \/>\n<link rel=\"canonical\" href=\"https:\/\/proclass.com.br\/home\/2018\/06\/preparando-sua-sessao-para-pre-producao\/\" \/>\n<meta property=\"og:locale\" content=\"pt_BR\" \/>\n<meta property=\"og:type\" content=\"article\" \/>\n<meta property=\"og:title\" content=\"Preparando sua sess\u00e3o para pr\u00e9-produ\u00e7\u00e3o - PROCLASS\" \/>\n<meta property=\"og:description\" content=\"Artigo publicado na Backstage.\u00a0Para conhecer mais sobre a revista,\u00a0clique aqui. Para saber mais sobre treinamentos e certifica\u00e7\u00f5es oficiais em Waves, Pro Tools, Sibelius ou outros treinamentos em \u00e1udio,\u00a0clique aqui. &nbsp; Sugest\u00f5es para um template eficaz A produ\u00e7\u00e3o musical em homestudios mudou muito nossa maneira de pensar e produzir em est\u00fadio. Um dos principais fatores \u00e9Continue reading &rarr;\" \/>\n<meta property=\"og:url\" content=\"https:\/\/proclass.com.br\/home\/2018\/06\/preparando-sua-sessao-para-pre-producao\/\" \/>\n<meta property=\"og:site_name\" content=\"PROCLASS\" \/>\n<meta property=\"article:published_time\" content=\"2018-06-22T18:46:30+00:00\" \/>\n<meta property=\"article:modified_time\" content=\"2018-06-22T19:32:42+00:00\" \/>\n<meta property=\"og:image\" content=\"https:\/\/proclass.com.br\/home\/wp-content\/uploads\/2018\/06\/fig.-1-Tracks-Iniciais.png\" \/>\n\t<meta property=\"og:image:width\" content=\"521\" \/>\n\t<meta property=\"og:image:height\" content=\"899\" \/>\n\t<meta property=\"og:image:type\" content=\"image\/png\" \/>\n<meta name=\"author\" content=\"ProClass Treinamentos\" \/>\n<meta name=\"twitter:card\" content=\"summary_large_image\" \/>\n<meta name=\"twitter:label1\" content=\"Escrito por\" \/>\n\t<meta name=\"twitter:data1\" content=\"ProClass Treinamentos\" \/>\n\t<meta name=\"twitter:label2\" content=\"Est. tempo de leitura\" \/>\n\t<meta name=\"twitter:data2\" content=\"6 minutos\" \/>\n<script type=\"application\/ld+json\" class=\"yoast-schema-graph\">{\"@context\":\"https:\/\/schema.org\",\"@graph\":[{\"@type\":\"Article\",\"@id\":\"https:\/\/proclass.com.br\/home\/2018\/06\/preparando-sua-sessao-para-pre-producao\/#article\",\"isPartOf\":{\"@id\":\"https:\/\/proclass.com.br\/home\/2018\/06\/preparando-sua-sessao-para-pre-producao\/\"},\"author\":{\"name\":\"ProClass Treinamentos\",\"@id\":\"https:\/\/proclass.com.br\/home\/#\/schema\/person\/f89e1eb93d5d32c0bb465c52f87f5a00\"},\"headline\":\"Preparando sua sess\u00e3o para pr\u00e9-produ\u00e7\u00e3o\",\"datePublished\":\"2018-06-22T18:46:30+00:00\",\"dateModified\":\"2018-06-22T19:32:42+00:00\",\"mainEntityOfPage\":{\"@id\":\"https:\/\/proclass.com.br\/home\/2018\/06\/preparando-sua-sessao-para-pre-producao\/\"},\"wordCount\":1266,\"publisher\":{\"@id\":\"https:\/\/proclass.com.br\/home\/#organization\"},\"image\":{\"@id\":\"https:\/\/proclass.com.br\/home\/2018\/06\/preparando-sua-sessao-para-pre-producao\/#primaryimage\"},\"thumbnailUrl\":\"https:\/\/proclass.com.br\/home\/wp-content\/uploads\/2018\/06\/fig.-1-Tracks-Iniciais.png\",\"articleSection\":[\"Artigos\",\"Pro Tools\"],\"inLanguage\":\"pt-BR\"},{\"@type\":\"WebPage\",\"@id\":\"https:\/\/proclass.com.br\/home\/2018\/06\/preparando-sua-sessao-para-pre-producao\/\",\"url\":\"https:\/\/proclass.com.br\/home\/2018\/06\/preparando-sua-sessao-para-pre-producao\/\",\"name\":\"Preparando sua sess\u00e3o para pr\u00e9-produ\u00e7\u00e3o - PROCLASS\",\"isPartOf\":{\"@id\":\"https:\/\/proclass.com.br\/home\/#website\"},\"primaryImageOfPage\":{\"@id\":\"https:\/\/proclass.com.br\/home\/2018\/06\/preparando-sua-sessao-para-pre-producao\/#primaryimage\"},\"image\":{\"@id\":\"https:\/\/proclass.com.br\/home\/2018\/06\/preparando-sua-sessao-para-pre-producao\/#primaryimage\"},\"thumbnailUrl\":\"https:\/\/proclass.com.br\/home\/wp-content\/uploads\/2018\/06\/fig.-1-Tracks-Iniciais.png\",\"datePublished\":\"2018-06-22T18:46:30+00:00\",\"dateModified\":\"2018-06-22T19:32:42+00:00\",\"breadcrumb\":{\"@id\":\"https:\/\/proclass.com.br\/home\/2018\/06\/preparando-sua-sessao-para-pre-producao\/#breadcrumb\"},\"inLanguage\":\"pt-BR\",\"potentialAction\":[{\"@type\":\"ReadAction\",\"target\":[\"https:\/\/proclass.com.br\/home\/2018\/06\/preparando-sua-sessao-para-pre-producao\/\"]}]},{\"@type\":\"ImageObject\",\"inLanguage\":\"pt-BR\",\"@id\":\"https:\/\/proclass.com.br\/home\/2018\/06\/preparando-sua-sessao-para-pre-producao\/#primaryimage\",\"url\":\"https:\/\/proclass.com.br\/home\/wp-content\/uploads\/2018\/06\/fig.-1-Tracks-Iniciais.png\",\"contentUrl\":\"https:\/\/proclass.com.br\/home\/wp-content\/uploads\/2018\/06\/fig.-1-Tracks-Iniciais.png\",\"width\":521,\"height\":899,\"caption\":\"fig. 1 - Tracks Iniciais\"},{\"@type\":\"BreadcrumbList\",\"@id\":\"https:\/\/proclass.com.br\/home\/2018\/06\/preparando-sua-sessao-para-pre-producao\/#breadcrumb\",\"itemListElement\":[{\"@type\":\"ListItem\",\"position\":1,\"name\":\"In\u00edcio\",\"item\":\"https:\/\/proclass.com.br\/home\/\"},{\"@type\":\"ListItem\",\"position\":2,\"name\":\"Preparando sua sess\u00e3o para pr\u00e9-produ\u00e7\u00e3o\"}]},{\"@type\":\"WebSite\",\"@id\":\"https:\/\/proclass.com.br\/home\/#website\",\"url\":\"https:\/\/proclass.com.br\/home\/\",\"name\":\"PROCLASS\",\"description\":\"CURSOS E TREINAMENTOS\",\"publisher\":{\"@id\":\"https:\/\/proclass.com.br\/home\/#organization\"},\"potentialAction\":[{\"@type\":\"SearchAction\",\"target\":{\"@type\":\"EntryPoint\",\"urlTemplate\":\"https:\/\/proclass.com.br\/home\/?s={search_term_string}\"},\"query-input\":{\"@type\":\"PropertyValueSpecification\",\"valueRequired\":true,\"valueName\":\"search_term_string\"}}],\"inLanguage\":\"pt-BR\"},{\"@type\":\"Organization\",\"@id\":\"https:\/\/proclass.com.br\/home\/#organization\",\"name\":\"PROCLASS\",\"url\":\"https:\/\/proclass.com.br\/home\/\",\"logo\":{\"@type\":\"ImageObject\",\"inLanguage\":\"pt-BR\",\"@id\":\"https:\/\/proclass.com.br\/home\/#\/schema\/logo\/image\/\",\"url\":\"https:\/\/proclass.com.br\/home\/wp-content\/uploads\/2023\/06\/CABECALHO-black_PROCLASS-2023.png\",\"contentUrl\":\"https:\/\/proclass.com.br\/home\/wp-content\/uploads\/2023\/06\/CABECALHO-black_PROCLASS-2023.png\",\"width\":2563,\"height\":911,\"caption\":\"PROCLASS\"},\"image\":{\"@id\":\"https:\/\/proclass.com.br\/home\/#\/schema\/logo\/image\/\"}},{\"@type\":\"Person\",\"@id\":\"https:\/\/proclass.com.br\/home\/#\/schema\/person\/f89e1eb93d5d32c0bb465c52f87f5a00\",\"name\":\"ProClass Treinamentos\",\"image\":{\"@type\":\"ImageObject\",\"inLanguage\":\"pt-BR\",\"@id\":\"https:\/\/proclass.com.br\/home\/#\/schema\/person\/image\/\",\"url\":\"https:\/\/secure.gravatar.com\/avatar\/3878d7a575c7ac355d2c778d5de04af08b7c5a7d9f19b2889f26cc7d80a6a832?s=96&d=blank&r=g\",\"contentUrl\":\"https:\/\/secure.gravatar.com\/avatar\/3878d7a575c7ac355d2c778d5de04af08b7c5a7d9f19b2889f26cc7d80a6a832?s=96&d=blank&r=g\",\"caption\":\"ProClass Treinamentos\"},\"url\":\"https:\/\/proclass.com.br\/home\/author\/proclass\/\"}]}<\/script>\n<!-- \/ Yoast SEO plugin. -->","yoast_head_json":{"title":"Preparando sua sess\u00e3o para pr\u00e9-produ\u00e7\u00e3o - PROCLASS","robots":{"index":"index","follow":"follow","max-snippet":"max-snippet:-1","max-image-preview":"max-image-preview:large","max-video-preview":"max-video-preview:-1"},"canonical":"https:\/\/proclass.com.br\/home\/2018\/06\/preparando-sua-sessao-para-pre-producao\/","og_locale":"pt_BR","og_type":"article","og_title":"Preparando sua sess\u00e3o para pr\u00e9-produ\u00e7\u00e3o - PROCLASS","og_description":"Artigo publicado na Backstage.\u00a0Para conhecer mais sobre a revista,\u00a0clique aqui. Para saber mais sobre treinamentos e certifica\u00e7\u00f5es oficiais em Waves, Pro Tools, Sibelius ou outros treinamentos em \u00e1udio,\u00a0clique aqui. &nbsp; Sugest\u00f5es para um template eficaz A produ\u00e7\u00e3o musical em homestudios mudou muito nossa maneira de pensar e produzir em est\u00fadio. Um dos principais fatores \u00e9Continue reading &rarr;","og_url":"https:\/\/proclass.com.br\/home\/2018\/06\/preparando-sua-sessao-para-pre-producao\/","og_site_name":"PROCLASS","article_published_time":"2018-06-22T18:46:30+00:00","article_modified_time":"2018-06-22T19:32:42+00:00","og_image":[{"width":521,"height":899,"url":"https:\/\/proclass.com.br\/home\/wp-content\/uploads\/2018\/06\/fig.-1-Tracks-Iniciais.png","type":"image\/png"}],"author":"ProClass Treinamentos","twitter_card":"summary_large_image","twitter_misc":{"Escrito por":"ProClass Treinamentos","Est. tempo de leitura":"6 minutos"},"schema":{"@context":"https:\/\/schema.org","@graph":[{"@type":"Article","@id":"https:\/\/proclass.com.br\/home\/2018\/06\/preparando-sua-sessao-para-pre-producao\/#article","isPartOf":{"@id":"https:\/\/proclass.com.br\/home\/2018\/06\/preparando-sua-sessao-para-pre-producao\/"},"author":{"name":"ProClass Treinamentos","@id":"https:\/\/proclass.com.br\/home\/#\/schema\/person\/f89e1eb93d5d32c0bb465c52f87f5a00"},"headline":"Preparando sua sess\u00e3o para pr\u00e9-produ\u00e7\u00e3o","datePublished":"2018-06-22T18:46:30+00:00","dateModified":"2018-06-22T19:32:42+00:00","mainEntityOfPage":{"@id":"https:\/\/proclass.com.br\/home\/2018\/06\/preparando-sua-sessao-para-pre-producao\/"},"wordCount":1266,"publisher":{"@id":"https:\/\/proclass.com.br\/home\/#organization"},"image":{"@id":"https:\/\/proclass.com.br\/home\/2018\/06\/preparando-sua-sessao-para-pre-producao\/#primaryimage"},"thumbnailUrl":"https:\/\/proclass.com.br\/home\/wp-content\/uploads\/2018\/06\/fig.-1-Tracks-Iniciais.png","articleSection":["Artigos","Pro Tools"],"inLanguage":"pt-BR"},{"@type":"WebPage","@id":"https:\/\/proclass.com.br\/home\/2018\/06\/preparando-sua-sessao-para-pre-producao\/","url":"https:\/\/proclass.com.br\/home\/2018\/06\/preparando-sua-sessao-para-pre-producao\/","name":"Preparando sua sess\u00e3o para pr\u00e9-produ\u00e7\u00e3o - PROCLASS","isPartOf":{"@id":"https:\/\/proclass.com.br\/home\/#website"},"primaryImageOfPage":{"@id":"https:\/\/proclass.com.br\/home\/2018\/06\/preparando-sua-sessao-para-pre-producao\/#primaryimage"},"image":{"@id":"https:\/\/proclass.com.br\/home\/2018\/06\/preparando-sua-sessao-para-pre-producao\/#primaryimage"},"thumbnailUrl":"https:\/\/proclass.com.br\/home\/wp-content\/uploads\/2018\/06\/fig.-1-Tracks-Iniciais.png","datePublished":"2018-06-22T18:46:30+00:00","dateModified":"2018-06-22T19:32:42+00:00","breadcrumb":{"@id":"https:\/\/proclass.com.br\/home\/2018\/06\/preparando-sua-sessao-para-pre-producao\/#breadcrumb"},"inLanguage":"pt-BR","potentialAction":[{"@type":"ReadAction","target":["https:\/\/proclass.com.br\/home\/2018\/06\/preparando-sua-sessao-para-pre-producao\/"]}]},{"@type":"ImageObject","inLanguage":"pt-BR","@id":"https:\/\/proclass.com.br\/home\/2018\/06\/preparando-sua-sessao-para-pre-producao\/#primaryimage","url":"https:\/\/proclass.com.br\/home\/wp-content\/uploads\/2018\/06\/fig.-1-Tracks-Iniciais.png","contentUrl":"https:\/\/proclass.com.br\/home\/wp-content\/uploads\/2018\/06\/fig.-1-Tracks-Iniciais.png","width":521,"height":899,"caption":"fig. 1 - Tracks Iniciais"},{"@type":"BreadcrumbList","@id":"https:\/\/proclass.com.br\/home\/2018\/06\/preparando-sua-sessao-para-pre-producao\/#breadcrumb","itemListElement":[{"@type":"ListItem","position":1,"name":"In\u00edcio","item":"https:\/\/proclass.com.br\/home\/"},{"@type":"ListItem","position":2,"name":"Preparando sua sess\u00e3o para pr\u00e9-produ\u00e7\u00e3o"}]},{"@type":"WebSite","@id":"https:\/\/proclass.com.br\/home\/#website","url":"https:\/\/proclass.com.br\/home\/","name":"PROCLASS","description":"CURSOS E TREINAMENTOS","publisher":{"@id":"https:\/\/proclass.com.br\/home\/#organization"},"potentialAction":[{"@type":"SearchAction","target":{"@type":"EntryPoint","urlTemplate":"https:\/\/proclass.com.br\/home\/?s={search_term_string}"},"query-input":{"@type":"PropertyValueSpecification","valueRequired":true,"valueName":"search_term_string"}}],"inLanguage":"pt-BR"},{"@type":"Organization","@id":"https:\/\/proclass.com.br\/home\/#organization","name":"PROCLASS","url":"https:\/\/proclass.com.br\/home\/","logo":{"@type":"ImageObject","inLanguage":"pt-BR","@id":"https:\/\/proclass.com.br\/home\/#\/schema\/logo\/image\/","url":"https:\/\/proclass.com.br\/home\/wp-content\/uploads\/2023\/06\/CABECALHO-black_PROCLASS-2023.png","contentUrl":"https:\/\/proclass.com.br\/home\/wp-content\/uploads\/2023\/06\/CABECALHO-black_PROCLASS-2023.png","width":2563,"height":911,"caption":"PROCLASS"},"image":{"@id":"https:\/\/proclass.com.br\/home\/#\/schema\/logo\/image\/"}},{"@type":"Person","@id":"https:\/\/proclass.com.br\/home\/#\/schema\/person\/f89e1eb93d5d32c0bb465c52f87f5a00","name":"ProClass Treinamentos","image":{"@type":"ImageObject","inLanguage":"pt-BR","@id":"https:\/\/proclass.com.br\/home\/#\/schema\/person\/image\/","url":"https:\/\/secure.gravatar.com\/avatar\/3878d7a575c7ac355d2c778d5de04af08b7c5a7d9f19b2889f26cc7d80a6a832?s=96&d=blank&r=g","contentUrl":"https:\/\/secure.gravatar.com\/avatar\/3878d7a575c7ac355d2c778d5de04af08b7c5a7d9f19b2889f26cc7d80a6a832?s=96&d=blank&r=g","caption":"ProClass Treinamentos"},"url":"https:\/\/proclass.com.br\/home\/author\/proclass\/"}]}},"_links":{"self":[{"href":"https:\/\/proclass.com.br\/home\/wp-json\/wp\/v2\/posts\/9879","targetHints":{"allow":["GET"]}}],"collection":[{"href":"https:\/\/proclass.com.br\/home\/wp-json\/wp\/v2\/posts"}],"about":[{"href":"https:\/\/proclass.com.br\/home\/wp-json\/wp\/v2\/types\/post"}],"author":[{"embeddable":true,"href":"https:\/\/proclass.com.br\/home\/wp-json\/wp\/v2\/users\/4"}],"replies":[{"embeddable":true,"href":"https:\/\/proclass.com.br\/home\/wp-json\/wp\/v2\/comments?post=9879"}],"version-history":[{"count":0,"href":"https:\/\/proclass.com.br\/home\/wp-json\/wp\/v2\/posts\/9879\/revisions"}],"wp:featuredmedia":[{"embeddable":true,"href":"https:\/\/proclass.com.br\/home\/wp-json\/wp\/v2\/media\/9880"}],"wp:attachment":[{"href":"https:\/\/proclass.com.br\/home\/wp-json\/wp\/v2\/media?parent=9879"}],"wp:term":[{"taxonomy":"category","embeddable":true,"href":"https:\/\/proclass.com.br\/home\/wp-json\/wp\/v2\/categories?post=9879"},{"taxonomy":"post_tag","embeddable":true,"href":"https:\/\/proclass.com.br\/home\/wp-json\/wp\/v2\/tags?post=9879"}],"curies":[{"name":"wp","href":"https:\/\/api.w.org\/{rel}","templated":true}]}}