{"id":9860,"date":"2018-06-22T15:04:11","date_gmt":"2018-06-22T18:04:11","guid":{"rendered":"http:\/\/proclass.com.br\/home\/?p=9860"},"modified":"2018-06-22T15:04:11","modified_gmt":"2018-06-22T18:04:11","slug":"conheca-o-novo-pro-tools-12-6","status":"publish","type":"post","link":"https:\/\/proclass.com.br\/home\/2018\/06\/conheca-o-novo-pro-tools-12-6\/","title":{"rendered":"Conhe\u00e7a o novo Pro Tools 12.6"},"content":{"rendered":"<p><a href=\"http:\/\/proclass.com.br\/home\/wp-content\/uploads\/2015\/03\/logo_backstage.png\"><img decoding=\"async\" class=\"aligncenter wp-image-4341\" src=\"http:\/\/proclass.com.br\/home\/wp-content\/uploads\/2015\/03\/logo_backstage.png\" alt=\"logo_backstage\" width=\"364\" height=\"91\" srcset=\"https:\/\/proclass.com.br\/home\/wp-content\/uploads\/2015\/03\/logo_backstage.png 432w, https:\/\/proclass.com.br\/home\/wp-content\/uploads\/2015\/03\/logo_backstage-300x75.png 300w, https:\/\/proclass.com.br\/home\/wp-content\/uploads\/2015\/03\/logo_backstage-100x25.png 100w\" sizes=\"(max-width: 364px) 100vw, 364px\" \/><\/a><\/p>\n<p style=\"text-align: left;\">Artigo publicado na Backstage.\u00a0Para conhecer mais sobre a revista,\u00a0<a href=\"http:\/\/backstage.com.br\/\" target=\"_blank\" rel=\"noopener\">clique aqui.<\/a><\/p>\n<p style=\"text-align: left;\">Para saber mais sobre treinamentos e certifica\u00e7\u00f5es oficiais em Waves, Pro Tools, Sibelius ou outros treinamentos em \u00e1udio,\u00a0<a href=\"http:\/\/proclass.com.br\/home\/certificacoes\/waves\/waves-certification-program\/\" target=\"_blank\" rel=\"noopener\">clique aqui<\/a>.<\/p>\n<p>&nbsp;<\/p>\n<p class=\"p1\"><b><i>Cheio de novidades, \u00e9 hora de repensar sua maneira de trabalhar<\/i><\/b><\/p>\n<p class=\"p2\">J\u00e1 aconteceu mais de uma vez no passado, da Avid lan\u00e7ar uma nova vers\u00e3o do Pro Tools que sequer era poss\u00edvel escrever um artigo, pois eram apenas fun\u00e7\u00f5es j\u00e1 conhecidas do Pro Tools HD que foram liberadas ou o simples incremento no n\u00famero de tracks, vozes etc. Mas havia pouca inova\u00e7\u00e3o, e os usu\u00e1rios protestaram.<\/p>\n<p class=\"p2\">Felizmente, parece que os usu\u00e1rios desta vez foram ouvidos. Anunciado na IBC de 2016 em Amsterdam, o Pro Tools 12.6 \u00e9 repleto de novidades, que resolve e simplifica diversos processos na produ\u00e7\u00e3o musical, mas principalmente na p\u00f3s-produ\u00e7\u00e3o de som para v\u00eddeo. Vamos ver abaixo com mais detalhes as principais.<\/p>\n<p class=\"p1\"><b><i>Clip Effects<\/i><\/b><\/p>\n<p class=\"p2\">No in\u00edcio do artigo, mencionei que chegou a hora de voc\u00ea repensar a sua maneira de trabalhar. E um dos grandes motivos \u00e9 esse. Com Clip Effects, boa parte da sua necessidade de automa\u00e7\u00e3o e processamento com Audiosuite vai ser eliminada.<\/p>\n<p class=\"p2\">Entenda um Clip Effect (fig. 1) como um processador em tempo real de equaliza\u00e7\u00e3o, compressor\/limiter e expander\/gate espetado em cada um dos seus clips individualmente.<\/p>\n<div id=\"attachment_9861\" style=\"width: 617px\" class=\"wp-caption aligncenter\"><img fetchpriority=\"high\" decoding=\"async\" aria-describedby=\"caption-attachment-9861\" class=\" wp-image-9861\" src=\"http:\/\/proclass.com.br\/home\/wp-content\/uploads\/2018\/06\/fig.-1-Clip-Effects-1024x254.png\" alt=\"\" width=\"607\" height=\"150\" srcset=\"https:\/\/proclass.com.br\/home\/wp-content\/uploads\/2018\/06\/fig.-1-Clip-Effects-1024x254.png 1024w, https:\/\/proclass.com.br\/home\/wp-content\/uploads\/2018\/06\/fig.-1-Clip-Effects-300x74.png 300w, https:\/\/proclass.com.br\/home\/wp-content\/uploads\/2018\/06\/fig.-1-Clip-Effects-768x190.png 768w, https:\/\/proclass.com.br\/home\/wp-content\/uploads\/2018\/06\/fig.-1-Clip-Effects.png 1280w\" sizes=\"(max-width: 607px) 100vw, 607px\" \/><p id=\"caption-attachment-9861\" class=\"wp-caption-text\">fig. 1 &#8211; Clip-Effects<\/p><\/div>\n<p class=\"p2\">Lembrando que j\u00e1 tinha a fun\u00e7\u00e3o clip gain, ent\u00e3o voc\u00ea tem ganho + Eq + Din\u00e2mica por clip. N\u00e3o \u00e9 exagero dizer que voc\u00ea tem mais poder de processamento na m\u00e3o por clip, do que muitas mesas de mixagens tem por canal.<\/p>\n<p class=\"p2\">Quando eu vi o an\u00fancio fiquei animado, mas ficou a d\u00favida se seria bem implementado. Por exemplo, ser\u00e1 que d\u00e1 para fazer copy\/paste? Tem atalhos para ativar e desativar os clip effects?<\/p>\n<p class=\"p2\">Mas realmente est\u00e1 tudo l\u00e1: voc\u00ea pode usar o atalho Alt\/Option+6 no teclado n\u00famero para mostrar ou esconder a janela de clip effects (fig. 1). Excelente escolha, pois j\u00e1 usamos o Alt\/Option+5 para abrir o Elastic Properties e Alt\/Option+4 para abrir o MIDI Real Time Properties. Tamb\u00e9m \u00e9 poss\u00edvel copiar\/colar, e o principal, pode trabalhar com v\u00e1rios clips ao mesmo tempo.<\/p>\n<p class=\"p2\">Por \u00faltimo, vale mencionar que os indicadores do clip effect (fig. 2).<\/p>\n<div id=\"attachment_9862\" style=\"width: 524px\" class=\"wp-caption aligncenter\"><img decoding=\"async\" aria-describedby=\"caption-attachment-9862\" class=\"wp-image-9862 \" src=\"http:\/\/proclass.com.br\/home\/wp-content\/uploads\/2018\/06\/fig.-2-Clip-Effects-Indicator-2-e1529690332540.png\" alt=\"\" width=\"514\" height=\"459\" srcset=\"https:\/\/proclass.com.br\/home\/wp-content\/uploads\/2018\/06\/fig.-2-Clip-Effects-Indicator-2-e1529690332540.png 799w, https:\/\/proclass.com.br\/home\/wp-content\/uploads\/2018\/06\/fig.-2-Clip-Effects-Indicator-2-e1529690332540-300x268.png 300w, https:\/\/proclass.com.br\/home\/wp-content\/uploads\/2018\/06\/fig.-2-Clip-Effects-Indicator-2-e1529690332540-768x685.png 768w\" sizes=\"(max-width: 514px) 100vw, 514px\" \/><p id=\"caption-attachment-9862\" class=\"wp-caption-text\">fig. 2 &#8211; Clip-Effects-Indicator-2<\/p><\/div>\n<p class=\"p2\">Agora vem a not\u00edcia ruim. Todos os usu\u00e1rios podem fazer playback, renderizar ou ativar\/desativar clip effects, por\u00e9m, somente usu\u00e1rios de Pro Tools HD podem editar clip effects.<\/p>\n<p class=\"p1\"><b><i>Layered Editing<\/i><\/b><\/p>\n<p class=\"p2\">Essa \u00e9 simples, mas depois que voc\u00ea acostuma, fica dif\u00edcil voltar atr\u00e1s.<\/p>\n<p class=\"p2\">Vamos supor que voc\u00ea tenha 4 frases e queira regravar apenas a segunda. Agora, imagine que depois de gravado, voc\u00ea decide que prefere mesmo a original.<\/p>\n<p class=\"p2\">At\u00e9 o momento, ao deletar o \u00faltimo clip gravado ficaria um buraco na timeline, e voc\u00ea precisaria usar o trim tool em algum clip vizinho para restaurar o clip anterior.<\/p>\n<p class=\"p2\">Com a fun\u00e7\u00e3o Layered Editing habilitada, quando se edita ou grava um clip em cima de outro, o clip original continua l\u00e1, em uma camada inferior.<\/p>\n<p class=\"p2\">Neste caso, ao deletar o clip rec\u00e9m gravado, o clip original \u00e9 exibido (Fig. 3).<\/p>\n<div id=\"attachment_9863\" style=\"width: 534px\" class=\"wp-caption aligncenter\"><img loading=\"lazy\" decoding=\"async\" aria-describedby=\"caption-attachment-9863\" class=\" wp-image-9863\" src=\"http:\/\/proclass.com.br\/home\/wp-content\/uploads\/2018\/06\/fig.-3-Layered-Editing-2-1280x701-1024x561.png\" alt=\"\" width=\"524\" height=\"287\" srcset=\"https:\/\/proclass.com.br\/home\/wp-content\/uploads\/2018\/06\/fig.-3-Layered-Editing-2-1280x701-1024x561.png 1024w, https:\/\/proclass.com.br\/home\/wp-content\/uploads\/2018\/06\/fig.-3-Layered-Editing-2-1280x701-300x164.png 300w, https:\/\/proclass.com.br\/home\/wp-content\/uploads\/2018\/06\/fig.-3-Layered-Editing-2-1280x701-768x421.png 768w, https:\/\/proclass.com.br\/home\/wp-content\/uploads\/2018\/06\/fig.-3-Layered-Editing-2-1280x701.png 1280w\" sizes=\"(max-width: 524px) 100vw, 524px\" \/><p id=\"caption-attachment-9863\" class=\"wp-caption-text\">fig. 3 &#8211; Layered-Editing-2-1280&#215;701<\/p><\/div>\n<p class=\"p2\">Em conjunto com a fun\u00e7\u00e3o Clip Transparency (fig. 4), introduzida na vers\u00e3o 12.3, fica muito mais simples de editar e alinhar um \u00e1udio em cima de outro, pois elimina completamente tanto a quest\u00e3o de \u201ctentativa e erro\u201d quanto os ajustes de trim necess\u00e1rios ap\u00f3s posicionar um clip em cima de outro.<\/p>\n<div id=\"attachment_9864\" style=\"width: 475px\" class=\"wp-caption aligncenter\"><img loading=\"lazy\" decoding=\"async\" aria-describedby=\"caption-attachment-9864\" class=\" wp-image-9864\" src=\"http:\/\/proclass.com.br\/home\/wp-content\/uploads\/2018\/06\/fig.-4-Clip-transparency.png\" alt=\"\" width=\"465\" height=\"311\" srcset=\"https:\/\/proclass.com.br\/home\/wp-content\/uploads\/2018\/06\/fig.-4-Clip-transparency.png 571w, https:\/\/proclass.com.br\/home\/wp-content\/uploads\/2018\/06\/fig.-4-Clip-transparency-300x201.png 300w, https:\/\/proclass.com.br\/home\/wp-content\/uploads\/2018\/06\/fig.-4-Clip-transparency-272x182.png 272w\" sizes=\"(max-width: 465px) 100vw, 465px\" \/><p id=\"caption-attachment-9864\" class=\"wp-caption-text\">fig. 4 &#8211; Clip transparency<\/p><\/div>\n<p class=\"p1\"><b><i>Melhorias no uso de playlists<\/i><\/b><\/p>\n<p class=\"p2\">Playlists \u00e9 sem d\u00favida uma das fun\u00e7\u00f5es que mais me ajuda na produ\u00e7\u00e3o de m\u00faltiplos takes. \u00c9 uma fun\u00e7\u00e3o t\u00e3o importante, que apesar deste assunto n\u00e3o fazer parte dos conte\u00fados do primeiro n\u00edvel de certifica\u00e7\u00e3o oficial Avid, n\u00f3s na ProClass sempre fazemos quest\u00e3o de abordar deste o primeiro dia de aula de grava\u00e7\u00e3o no Pro Tools.<\/p>\n<p class=\"p2\">Mesmo lidando com m\u00fasicos dos mais gabaritados, \u00e9 normal querer fazer diversos takes para tentar capturar a melhor performance poss\u00edvel. Mais normal ainda, \u00e9 todos terem algum defeito, e ai a edi\u00e7\u00e3o entra para construir o melhor dos melhores takes.<\/p>\n<p class=\"p2\">Agora, tracks que cont\u00e9m playlists alternativas ficam com a cor azul. Isso pode parecer bobagem se \u00e9 voc\u00ea que costuma gravar e editar seu material, mas para quem recebe uma sess\u00e3o j\u00e1 gravada para editar\/mixar, \u00e9 uma melhoria e tanto, pois antes, eu precisava ver de track em track, quais possuem takes alternativos. Em uma sess\u00e3o de 40\u201380 canais, faz diferen\u00e7a!<\/p>\n<p class=\"p2\">Tamb\u00e9m criaram a tecla de atalho Shift + seta para cima\/baixo para alternar entre as playlists (fig.5), que antes era feita via mouse.<\/p>\n<div id=\"attachment_9865\" style=\"width: 257px\" class=\"wp-caption aligncenter\"><img loading=\"lazy\" decoding=\"async\" aria-describedby=\"caption-attachment-9865\" class=\" wp-image-9865\" src=\"http:\/\/proclass.com.br\/home\/wp-content\/uploads\/2018\/06\/fig.-5-Playlist-Indicators-2.png\" alt=\"\" width=\"247\" height=\"318\" srcset=\"https:\/\/proclass.com.br\/home\/wp-content\/uploads\/2018\/06\/fig.-5-Playlist-Indicators-2.png 424w, https:\/\/proclass.com.br\/home\/wp-content\/uploads\/2018\/06\/fig.-5-Playlist-Indicators-2-233x300.png 233w\" sizes=\"(max-width: 247px) 100vw, 247px\" \/><p id=\"caption-attachment-9865\" class=\"wp-caption-text\">fig. 5 &#8211; Playlist-Indicators-2<\/p><\/div>\n<p class=\"p2\">A visualiza\u00e7\u00e3o de ver todas as playlists uma abaixo da outra ainda existe, mas sem d\u00favida os atalhos s\u00e3o muito bem vindos.<\/p>\n<p class=\"p1\"><b><i>A volta do \u201ccomplete production toolkit\u201d<\/i><\/b><\/p>\n<p class=\"p2\">O Complete Production Toolkit era uma op\u00e7\u00e3o comprada \u00e0 parte, que permitia algu\u00e9m com o Pro Tools convencional ter acesso a todas as ferramentas do Pro Tools HD.<\/p>\n<p class=\"p2\">Depois, a empresa mudou de id\u00e9ia, e teve a n\u00e3o-t\u00e3o-brilhante id\u00e9ia de cancelar esta op\u00e7\u00e3o. Com isso, para se ter acesso a mais tracks, trabalhar com surround, fun\u00e7\u00f5es avan\u00e7adas com v\u00eddeo, VCA Tracks, automa\u00e7\u00e3o avan\u00e7ada e muito mais, o usu\u00e1rio era obrigado a comprar algum hardware de Pro Tools|HD.<\/p>\n<p class=\"p2\">Demorou, mas aconteceu o mais sensato. A licen\u00e7a de Pro Tools HD volta a ser vendida separadamente, portanto usu\u00e1rios voltam a ter acesso a vers\u00e3o Pro Tools HD, mesmo sem ter o hardware.<\/p>\n<p class=\"p1\"><b><i>Conclus\u00e3o e coment\u00e1rios finais<\/i><\/b><\/p>\n<p class=\"p2\">Existem muitos outros avan\u00e7os e facilidades que n\u00e3o foram cobertas neste artigo mas que merecem a sua aten\u00e7\u00e3o, como por exemplo a op\u00e7\u00e3o de ajustar a curva de fades diretamente no clip com o smart tool, ou ainda, as melhorias na parte de informa\u00e7\u00f5es da sess\u00e3o, ent\u00e3o vale a pena dar uma olhada mais de perto.<\/p>\n<p class=\"p2\">Eu vejo que muitos usu\u00e1rios ainda est\u00e3o parados na vers\u00e3o 10 e alguns na vers\u00e3o 11, seja pelo acesso aos plug-ins ou pelo simples receio de fazer um upgrade \u201ca toa\u201d, pois os upgrades anteriores podiam n\u00e3o ser muito v\u00e1lidos.<\/p>\n<p class=\"p2\">Hoje, com o ac\u00famulo das melhorias da vers\u00e3o 12.1, 12.2, 12.3, 12.4 etc at\u00e9 a 12.6, acho que o upgrade se justifica para praticamente qualquer usu\u00e1rio, independente do campo de atua\u00e7\u00e3o.<\/p>\n<p class=\"p2\">Abra\u00e7os e at\u00e9 a pr\u00f3xima!<\/p>\n<p><i><a href=\"http:\/\/proclass.com.br\/home\/wp-content\/uploads\/2012\/08\/cris3x4-blog-proclass.jpg\"><img loading=\"lazy\" decoding=\"async\" class=\"alignleft wp-image-1057 size-full\" src=\"http:\/\/proclass.com.br\/home\/wp-content\/uploads\/2012\/08\/cris3x4-blog-proclass.jpg\" alt=\"cris3x4 blog proclass\" width=\"74\" height=\"99\" \/><\/a>Cristiano Moura \u00e9 produtor musical e instrutor certificado da Avid. Atualmente leciona cursos oficiais em Pro Tools, Waves, Sibelius e os treinamentos em mixagem na ProClass. Por meio da ProClass, oferece consultoria, treinamentos customizados em todo o Brasil.<\/i><\/p>\n","protected":false},"excerpt":{"rendered":"<p>Artigo publicado na Backstage.\u00a0Para conhecer mais sobre a revista,\u00a0clique aqui. Para saber mais sobre treinamentos e certifica\u00e7\u00f5es oficiais em Waves, Pro Tools, Sibelius ou outros treinamentos em \u00e1udio,\u00a0clique aqui. &nbsp; Cheio de novidades, \u00e9 hora de repensar sua maneira de trabalhar J\u00e1 aconteceu mais de uma vez no passado, da Avid lan\u00e7ar uma nova vers\u00e3oContinue reading &rarr;<\/p>\n","protected":false},"author":4,"featured_media":9864,"comment_status":"closed","ping_status":"closed","sticky":false,"template":"","format":"standard","meta":{"footnotes":""},"categories":[1],"tags":[],"class_list":["post-9860","post","type-post","status-publish","format-standard","has-post-thumbnail","hentry","category-novidades","has-thumb"],"yoast_head":"<!-- This site is optimized with the Yoast SEO plugin v26.9 - https:\/\/yoast.com\/product\/yoast-seo-wordpress\/ -->\n<title>Conhe\u00e7a o novo Pro Tools 12.6 - PROCLASS<\/title>\n<meta name=\"robots\" content=\"index, follow, max-snippet:-1, max-image-preview:large, max-video-preview:-1\" \/>\n<link rel=\"canonical\" href=\"https:\/\/proclass.com.br\/home\/2018\/06\/conheca-o-novo-pro-tools-12-6\/\" \/>\n<meta property=\"og:locale\" content=\"pt_BR\" \/>\n<meta property=\"og:type\" content=\"article\" \/>\n<meta property=\"og:title\" content=\"Conhe\u00e7a o novo Pro Tools 12.6 - PROCLASS\" \/>\n<meta property=\"og:description\" content=\"Artigo publicado na Backstage.\u00a0Para conhecer mais sobre a revista,\u00a0clique aqui. Para saber mais sobre treinamentos e certifica\u00e7\u00f5es oficiais em Waves, Pro Tools, Sibelius ou outros treinamentos em \u00e1udio,\u00a0clique aqui. &nbsp; Cheio de novidades, \u00e9 hora de repensar sua maneira de trabalhar J\u00e1 aconteceu mais de uma vez no passado, da Avid lan\u00e7ar uma nova vers\u00e3oContinue reading &rarr;\" \/>\n<meta property=\"og:url\" content=\"https:\/\/proclass.com.br\/home\/2018\/06\/conheca-o-novo-pro-tools-12-6\/\" \/>\n<meta property=\"og:site_name\" content=\"PROCLASS\" \/>\n<meta property=\"article:published_time\" content=\"2018-06-22T18:04:11+00:00\" \/>\n<meta property=\"og:image\" content=\"https:\/\/proclass.com.br\/home\/wp-content\/uploads\/2018\/06\/fig.-4-Clip-transparency.png\" \/>\n\t<meta property=\"og:image:width\" content=\"571\" \/>\n\t<meta property=\"og:image:height\" content=\"382\" \/>\n\t<meta property=\"og:image:type\" content=\"image\/png\" \/>\n<meta name=\"author\" content=\"ProClass Treinamentos\" \/>\n<meta name=\"twitter:card\" content=\"summary_large_image\" \/>\n<meta name=\"twitter:label1\" content=\"Escrito por\" \/>\n\t<meta name=\"twitter:data1\" content=\"ProClass Treinamentos\" \/>\n\t<meta name=\"twitter:label2\" content=\"Est. tempo de leitura\" \/>\n\t<meta name=\"twitter:data2\" content=\"6 minutos\" \/>\n<script type=\"application\/ld+json\" class=\"yoast-schema-graph\">{\"@context\":\"https:\/\/schema.org\",\"@graph\":[{\"@type\":\"Article\",\"@id\":\"https:\/\/proclass.com.br\/home\/2018\/06\/conheca-o-novo-pro-tools-12-6\/#article\",\"isPartOf\":{\"@id\":\"https:\/\/proclass.com.br\/home\/2018\/06\/conheca-o-novo-pro-tools-12-6\/\"},\"author\":{\"name\":\"ProClass Treinamentos\",\"@id\":\"https:\/\/proclass.com.br\/home\/#\/schema\/person\/f89e1eb93d5d32c0bb465c52f87f5a00\"},\"headline\":\"Conhe\u00e7a o novo Pro Tools 12.6\",\"datePublished\":\"2018-06-22T18:04:11+00:00\",\"mainEntityOfPage\":{\"@id\":\"https:\/\/proclass.com.br\/home\/2018\/06\/conheca-o-novo-pro-tools-12-6\/\"},\"wordCount\":1185,\"publisher\":{\"@id\":\"https:\/\/proclass.com.br\/home\/#organization\"},\"image\":{\"@id\":\"https:\/\/proclass.com.br\/home\/2018\/06\/conheca-o-novo-pro-tools-12-6\/#primaryimage\"},\"thumbnailUrl\":\"https:\/\/proclass.com.br\/home\/wp-content\/uploads\/2018\/06\/fig.-4-Clip-transparency.png\",\"articleSection\":[\"Novidades\"],\"inLanguage\":\"pt-BR\"},{\"@type\":\"WebPage\",\"@id\":\"https:\/\/proclass.com.br\/home\/2018\/06\/conheca-o-novo-pro-tools-12-6\/\",\"url\":\"https:\/\/proclass.com.br\/home\/2018\/06\/conheca-o-novo-pro-tools-12-6\/\",\"name\":\"Conhe\u00e7a o novo Pro Tools 12.6 - PROCLASS\",\"isPartOf\":{\"@id\":\"https:\/\/proclass.com.br\/home\/#website\"},\"primaryImageOfPage\":{\"@id\":\"https:\/\/proclass.com.br\/home\/2018\/06\/conheca-o-novo-pro-tools-12-6\/#primaryimage\"},\"image\":{\"@id\":\"https:\/\/proclass.com.br\/home\/2018\/06\/conheca-o-novo-pro-tools-12-6\/#primaryimage\"},\"thumbnailUrl\":\"https:\/\/proclass.com.br\/home\/wp-content\/uploads\/2018\/06\/fig.-4-Clip-transparency.png\",\"datePublished\":\"2018-06-22T18:04:11+00:00\",\"breadcrumb\":{\"@id\":\"https:\/\/proclass.com.br\/home\/2018\/06\/conheca-o-novo-pro-tools-12-6\/#breadcrumb\"},\"inLanguage\":\"pt-BR\",\"potentialAction\":[{\"@type\":\"ReadAction\",\"target\":[\"https:\/\/proclass.com.br\/home\/2018\/06\/conheca-o-novo-pro-tools-12-6\/\"]}]},{\"@type\":\"ImageObject\",\"inLanguage\":\"pt-BR\",\"@id\":\"https:\/\/proclass.com.br\/home\/2018\/06\/conheca-o-novo-pro-tools-12-6\/#primaryimage\",\"url\":\"https:\/\/proclass.com.br\/home\/wp-content\/uploads\/2018\/06\/fig.-4-Clip-transparency.png\",\"contentUrl\":\"https:\/\/proclass.com.br\/home\/wp-content\/uploads\/2018\/06\/fig.-4-Clip-transparency.png\",\"width\":571,\"height\":382,\"caption\":\"fig. 4 - Clip transparency\"},{\"@type\":\"BreadcrumbList\",\"@id\":\"https:\/\/proclass.com.br\/home\/2018\/06\/conheca-o-novo-pro-tools-12-6\/#breadcrumb\",\"itemListElement\":[{\"@type\":\"ListItem\",\"position\":1,\"name\":\"In\u00edcio\",\"item\":\"https:\/\/proclass.com.br\/home\/\"},{\"@type\":\"ListItem\",\"position\":2,\"name\":\"Conhe\u00e7a o novo Pro Tools 12.6\"}]},{\"@type\":\"WebSite\",\"@id\":\"https:\/\/proclass.com.br\/home\/#website\",\"url\":\"https:\/\/proclass.com.br\/home\/\",\"name\":\"PROCLASS\",\"description\":\"CURSOS E TREINAMENTOS\",\"publisher\":{\"@id\":\"https:\/\/proclass.com.br\/home\/#organization\"},\"potentialAction\":[{\"@type\":\"SearchAction\",\"target\":{\"@type\":\"EntryPoint\",\"urlTemplate\":\"https:\/\/proclass.com.br\/home\/?s={search_term_string}\"},\"query-input\":{\"@type\":\"PropertyValueSpecification\",\"valueRequired\":true,\"valueName\":\"search_term_string\"}}],\"inLanguage\":\"pt-BR\"},{\"@type\":\"Organization\",\"@id\":\"https:\/\/proclass.com.br\/home\/#organization\",\"name\":\"PROCLASS\",\"url\":\"https:\/\/proclass.com.br\/home\/\",\"logo\":{\"@type\":\"ImageObject\",\"inLanguage\":\"pt-BR\",\"@id\":\"https:\/\/proclass.com.br\/home\/#\/schema\/logo\/image\/\",\"url\":\"https:\/\/proclass.com.br\/home\/wp-content\/uploads\/2023\/06\/CABECALHO-black_PROCLASS-2023.png\",\"contentUrl\":\"https:\/\/proclass.com.br\/home\/wp-content\/uploads\/2023\/06\/CABECALHO-black_PROCLASS-2023.png\",\"width\":2563,\"height\":911,\"caption\":\"PROCLASS\"},\"image\":{\"@id\":\"https:\/\/proclass.com.br\/home\/#\/schema\/logo\/image\/\"}},{\"@type\":\"Person\",\"@id\":\"https:\/\/proclass.com.br\/home\/#\/schema\/person\/f89e1eb93d5d32c0bb465c52f87f5a00\",\"name\":\"ProClass Treinamentos\",\"image\":{\"@type\":\"ImageObject\",\"inLanguage\":\"pt-BR\",\"@id\":\"https:\/\/proclass.com.br\/home\/#\/schema\/person\/image\/\",\"url\":\"https:\/\/secure.gravatar.com\/avatar\/3878d7a575c7ac355d2c778d5de04af08b7c5a7d9f19b2889f26cc7d80a6a832?s=96&d=blank&r=g\",\"contentUrl\":\"https:\/\/secure.gravatar.com\/avatar\/3878d7a575c7ac355d2c778d5de04af08b7c5a7d9f19b2889f26cc7d80a6a832?s=96&d=blank&r=g\",\"caption\":\"ProClass Treinamentos\"},\"url\":\"https:\/\/proclass.com.br\/home\/author\/proclass\/\"}]}<\/script>\n<!-- \/ Yoast SEO plugin. -->","yoast_head_json":{"title":"Conhe\u00e7a o novo Pro Tools 12.6 - PROCLASS","robots":{"index":"index","follow":"follow","max-snippet":"max-snippet:-1","max-image-preview":"max-image-preview:large","max-video-preview":"max-video-preview:-1"},"canonical":"https:\/\/proclass.com.br\/home\/2018\/06\/conheca-o-novo-pro-tools-12-6\/","og_locale":"pt_BR","og_type":"article","og_title":"Conhe\u00e7a o novo Pro Tools 12.6 - PROCLASS","og_description":"Artigo publicado na Backstage.\u00a0Para conhecer mais sobre a revista,\u00a0clique aqui. Para saber mais sobre treinamentos e certifica\u00e7\u00f5es oficiais em Waves, Pro Tools, Sibelius ou outros treinamentos em \u00e1udio,\u00a0clique aqui. &nbsp; Cheio de novidades, \u00e9 hora de repensar sua maneira de trabalhar J\u00e1 aconteceu mais de uma vez no passado, da Avid lan\u00e7ar uma nova vers\u00e3oContinue reading &rarr;","og_url":"https:\/\/proclass.com.br\/home\/2018\/06\/conheca-o-novo-pro-tools-12-6\/","og_site_name":"PROCLASS","article_published_time":"2018-06-22T18:04:11+00:00","og_image":[{"width":571,"height":382,"url":"https:\/\/proclass.com.br\/home\/wp-content\/uploads\/2018\/06\/fig.-4-Clip-transparency.png","type":"image\/png"}],"author":"ProClass Treinamentos","twitter_card":"summary_large_image","twitter_misc":{"Escrito por":"ProClass Treinamentos","Est. tempo de leitura":"6 minutos"},"schema":{"@context":"https:\/\/schema.org","@graph":[{"@type":"Article","@id":"https:\/\/proclass.com.br\/home\/2018\/06\/conheca-o-novo-pro-tools-12-6\/#article","isPartOf":{"@id":"https:\/\/proclass.com.br\/home\/2018\/06\/conheca-o-novo-pro-tools-12-6\/"},"author":{"name":"ProClass Treinamentos","@id":"https:\/\/proclass.com.br\/home\/#\/schema\/person\/f89e1eb93d5d32c0bb465c52f87f5a00"},"headline":"Conhe\u00e7a o novo Pro Tools 12.6","datePublished":"2018-06-22T18:04:11+00:00","mainEntityOfPage":{"@id":"https:\/\/proclass.com.br\/home\/2018\/06\/conheca-o-novo-pro-tools-12-6\/"},"wordCount":1185,"publisher":{"@id":"https:\/\/proclass.com.br\/home\/#organization"},"image":{"@id":"https:\/\/proclass.com.br\/home\/2018\/06\/conheca-o-novo-pro-tools-12-6\/#primaryimage"},"thumbnailUrl":"https:\/\/proclass.com.br\/home\/wp-content\/uploads\/2018\/06\/fig.-4-Clip-transparency.png","articleSection":["Novidades"],"inLanguage":"pt-BR"},{"@type":"WebPage","@id":"https:\/\/proclass.com.br\/home\/2018\/06\/conheca-o-novo-pro-tools-12-6\/","url":"https:\/\/proclass.com.br\/home\/2018\/06\/conheca-o-novo-pro-tools-12-6\/","name":"Conhe\u00e7a o novo Pro Tools 12.6 - PROCLASS","isPartOf":{"@id":"https:\/\/proclass.com.br\/home\/#website"},"primaryImageOfPage":{"@id":"https:\/\/proclass.com.br\/home\/2018\/06\/conheca-o-novo-pro-tools-12-6\/#primaryimage"},"image":{"@id":"https:\/\/proclass.com.br\/home\/2018\/06\/conheca-o-novo-pro-tools-12-6\/#primaryimage"},"thumbnailUrl":"https:\/\/proclass.com.br\/home\/wp-content\/uploads\/2018\/06\/fig.-4-Clip-transparency.png","datePublished":"2018-06-22T18:04:11+00:00","breadcrumb":{"@id":"https:\/\/proclass.com.br\/home\/2018\/06\/conheca-o-novo-pro-tools-12-6\/#breadcrumb"},"inLanguage":"pt-BR","potentialAction":[{"@type":"ReadAction","target":["https:\/\/proclass.com.br\/home\/2018\/06\/conheca-o-novo-pro-tools-12-6\/"]}]},{"@type":"ImageObject","inLanguage":"pt-BR","@id":"https:\/\/proclass.com.br\/home\/2018\/06\/conheca-o-novo-pro-tools-12-6\/#primaryimage","url":"https:\/\/proclass.com.br\/home\/wp-content\/uploads\/2018\/06\/fig.-4-Clip-transparency.png","contentUrl":"https:\/\/proclass.com.br\/home\/wp-content\/uploads\/2018\/06\/fig.-4-Clip-transparency.png","width":571,"height":382,"caption":"fig. 4 - Clip transparency"},{"@type":"BreadcrumbList","@id":"https:\/\/proclass.com.br\/home\/2018\/06\/conheca-o-novo-pro-tools-12-6\/#breadcrumb","itemListElement":[{"@type":"ListItem","position":1,"name":"In\u00edcio","item":"https:\/\/proclass.com.br\/home\/"},{"@type":"ListItem","position":2,"name":"Conhe\u00e7a o novo Pro Tools 12.6"}]},{"@type":"WebSite","@id":"https:\/\/proclass.com.br\/home\/#website","url":"https:\/\/proclass.com.br\/home\/","name":"PROCLASS","description":"CURSOS E TREINAMENTOS","publisher":{"@id":"https:\/\/proclass.com.br\/home\/#organization"},"potentialAction":[{"@type":"SearchAction","target":{"@type":"EntryPoint","urlTemplate":"https:\/\/proclass.com.br\/home\/?s={search_term_string}"},"query-input":{"@type":"PropertyValueSpecification","valueRequired":true,"valueName":"search_term_string"}}],"inLanguage":"pt-BR"},{"@type":"Organization","@id":"https:\/\/proclass.com.br\/home\/#organization","name":"PROCLASS","url":"https:\/\/proclass.com.br\/home\/","logo":{"@type":"ImageObject","inLanguage":"pt-BR","@id":"https:\/\/proclass.com.br\/home\/#\/schema\/logo\/image\/","url":"https:\/\/proclass.com.br\/home\/wp-content\/uploads\/2023\/06\/CABECALHO-black_PROCLASS-2023.png","contentUrl":"https:\/\/proclass.com.br\/home\/wp-content\/uploads\/2023\/06\/CABECALHO-black_PROCLASS-2023.png","width":2563,"height":911,"caption":"PROCLASS"},"image":{"@id":"https:\/\/proclass.com.br\/home\/#\/schema\/logo\/image\/"}},{"@type":"Person","@id":"https:\/\/proclass.com.br\/home\/#\/schema\/person\/f89e1eb93d5d32c0bb465c52f87f5a00","name":"ProClass Treinamentos","image":{"@type":"ImageObject","inLanguage":"pt-BR","@id":"https:\/\/proclass.com.br\/home\/#\/schema\/person\/image\/","url":"https:\/\/secure.gravatar.com\/avatar\/3878d7a575c7ac355d2c778d5de04af08b7c5a7d9f19b2889f26cc7d80a6a832?s=96&d=blank&r=g","contentUrl":"https:\/\/secure.gravatar.com\/avatar\/3878d7a575c7ac355d2c778d5de04af08b7c5a7d9f19b2889f26cc7d80a6a832?s=96&d=blank&r=g","caption":"ProClass Treinamentos"},"url":"https:\/\/proclass.com.br\/home\/author\/proclass\/"}]}},"_links":{"self":[{"href":"https:\/\/proclass.com.br\/home\/wp-json\/wp\/v2\/posts\/9860","targetHints":{"allow":["GET"]}}],"collection":[{"href":"https:\/\/proclass.com.br\/home\/wp-json\/wp\/v2\/posts"}],"about":[{"href":"https:\/\/proclass.com.br\/home\/wp-json\/wp\/v2\/types\/post"}],"author":[{"embeddable":true,"href":"https:\/\/proclass.com.br\/home\/wp-json\/wp\/v2\/users\/4"}],"replies":[{"embeddable":true,"href":"https:\/\/proclass.com.br\/home\/wp-json\/wp\/v2\/comments?post=9860"}],"version-history":[{"count":0,"href":"https:\/\/proclass.com.br\/home\/wp-json\/wp\/v2\/posts\/9860\/revisions"}],"wp:featuredmedia":[{"embeddable":true,"href":"https:\/\/proclass.com.br\/home\/wp-json\/wp\/v2\/media\/9864"}],"wp:attachment":[{"href":"https:\/\/proclass.com.br\/home\/wp-json\/wp\/v2\/media?parent=9860"}],"wp:term":[{"taxonomy":"category","embeddable":true,"href":"https:\/\/proclass.com.br\/home\/wp-json\/wp\/v2\/categories?post=9860"},{"taxonomy":"post_tag","embeddable":true,"href":"https:\/\/proclass.com.br\/home\/wp-json\/wp\/v2\/tags?post=9860"}],"curies":[{"name":"wp","href":"https:\/\/api.w.org\/{rel}","templated":true}]}}