{"id":9821,"date":"2018-06-20T14:41:32","date_gmt":"2018-06-20T17:41:32","guid":{"rendered":"http:\/\/proclass.com.br\/home\/?p=9821"},"modified":"2018-06-20T14:41:32","modified_gmt":"2018-06-20T17:41:32","slug":"bug-defeito-ou-ma-utilizacao","status":"publish","type":"post","link":"https:\/\/proclass.com.br\/home\/2018\/06\/bug-defeito-ou-ma-utilizacao\/","title":{"rendered":"Bug, defeito ou m\u00e1 utiliza\u00e7\u00e3o?"},"content":{"rendered":"<p>&nbsp;<\/p>\n<p><a href=\"http:\/\/proclass.com.br\/home\/wp-content\/uploads\/2015\/03\/logo_backstage.png\"><img decoding=\"async\" class=\"aligncenter wp-image-4341\" src=\"http:\/\/proclass.com.br\/home\/wp-content\/uploads\/2015\/03\/logo_backstage.png\" alt=\"logo_backstage\" width=\"364\" height=\"91\" srcset=\"https:\/\/proclass.com.br\/home\/wp-content\/uploads\/2015\/03\/logo_backstage.png 432w, https:\/\/proclass.com.br\/home\/wp-content\/uploads\/2015\/03\/logo_backstage-300x75.png 300w, https:\/\/proclass.com.br\/home\/wp-content\/uploads\/2015\/03\/logo_backstage-100x25.png 100w\" sizes=\"(max-width: 364px) 100vw, 364px\" \/><\/a><\/p>\n<p style=\"text-align: left;\">Artigo publicado na Backstage.\u00a0Para conhecer mais sobre a revista,\u00a0<a href=\"http:\/\/backstage.com.br\/\" target=\"_blank\" rel=\"noopener\">clique aqui.<\/a><\/p>\n<p style=\"text-align: left;\">Para saber mais sobre treinamentos e certifica\u00e7\u00f5es oficiais em Waves, Pro Tools, Sibelius ou outros treinamentos em \u00e1udio,\u00a0<a href=\"http:\/\/proclass.com.br\/home\/certificacoes\/waves\/waves-certification-program\/\" target=\"_blank\" rel=\"noopener\">clique aqui<\/a>.<\/p>\n<p>&nbsp;<\/p>\n<p class=\"p1\"><b><i>Entenda algumas configura\u00e7\u00f5es que confundem iniciantes<\/i><\/b><\/p>\n<p class=\"p2\">Antes de ligar para o suporte ou formatar o seu computador, h\u00e1 algumas coisas que podem ser feitas para tentar solucionar um problema no Pro Tools.<\/p>\n<p class=\"p2\">Ali\u00e1s, muitas vezes nem h\u00e1 um problema de fato\u2026 \u00c9 comum o usu\u00e1rio ativar uma fun\u00e7\u00e3o sem querer com combina\u00e7\u00f5es de teclas ou cliques no mouse. E isto pode dar a impress\u00e3o de que o Pro Tools n\u00e3o est\u00e1 respondendo corretamente.<\/p>\n<p class=\"p2\">Neste artigo, vamos apontar algumas das principais situa\u00e7\u00f5es e configura\u00e7\u00f5es que confundem usu\u00e1rios quanto a opera\u00e7\u00e3o do Pro Tools.<\/p>\n<p class=\"p1\"><b><i>Comportamento do cursor de posi\u00e7\u00e3o<\/i><\/b><\/p>\n<p class=\"p2\">Quando interrompemos o playback, pode acontecer do cursor ficar estacionado no local, ou tamb\u00e9m pode acontecer dele voltar a posi\u00e7\u00e3o de origem, onde foi iniciado o playback.<\/p>\n<p class=\"p2\">O nome desta op\u00e7\u00e3o chama-se \u201cinsertion follows playback\u201d e acess\u00edvel pelo menu options ou pelo seu bot\u00e3o correspondente na barra de ferramentas (Fig. 1).<\/p>\n<div id=\"attachment_9822\" style=\"width: 436px\" class=\"wp-caption aligncenter\"><img fetchpriority=\"high\" decoding=\"async\" aria-describedby=\"caption-attachment-9822\" class=\" wp-image-9822\" src=\"http:\/\/proclass.com.br\/home\/wp-content\/uploads\/2018\/06\/Fig.-1-Insertion-Follows-Playback.png\" alt=\"\" width=\"426\" height=\"179\" srcset=\"https:\/\/proclass.com.br\/home\/wp-content\/uploads\/2018\/06\/Fig.-1-Insertion-Follows-Playback.png 538w, https:\/\/proclass.com.br\/home\/wp-content\/uploads\/2018\/06\/Fig.-1-Insertion-Follows-Playback-300x126.png 300w\" sizes=\"(max-width: 426px) 100vw, 426px\" \/><p id=\"caption-attachment-9822\" class=\"wp-caption-text\">Fig. 1 &#8211; Insertion Follows Playback<\/p><\/div>\n<p class=\"p2\">Agora algo muito comum de acontecer, \u00e9 de usu\u00e1rios terem a impress\u00e3o de que esta configura\u00e7\u00e3o est\u00e1 mudando sozinha\u2026 \u00c9 isto inicia toda uma especula\u00e7\u00e3o sobre a \u201cproced\u00eancia\u201d do Pro Tools, \u201cbugs\u201d, e configura\u00e7\u00e3o inadequada.<\/p>\n<p class=\"p2\">Na verdade, na maioria das vezes isso acontece por acidente, pois o atalho para desta configura\u00e7\u00e3o \u00e9 a letra \u201cN\u201d, que o usu\u00e1rio esbarra ao iniciar e interromper o playback com a barra de espa\u00e7o.<\/p>\n<p class=\"p2\">A segunda situa\u00e7\u00e3o que gera estranheza \u00e9 do usu\u00e1rio posicionar o cursor em algum lugar para fazer o playback, e o Pro Tools come\u00e7ar a tocar a sess\u00e3o de outro lugar diferente. E por que isso acontece?<\/p>\n<p class=\"p2\">\u00c9 uma mistura de fatores; erro na opera\u00e7\u00e3o do software e uma configura\u00e7\u00e3o.<\/p>\n<p class=\"p2\">Primeiramente, \u00e9 importante entender que local mais &#8220;correto\u201d, ou seja, \u201ca prova de erros\u201d, para clicar e posicionar o playback \u00e9 na r\u00e9gua de tempo, e n\u00e3o nas r\u00e9guas de andamento, compasso, markers ou nas pistas (fig. 2). Primeiro porque independe da ferramenta que voc\u00ea tem habilitado, e sem segundo porque nunca vai depender de configura\u00e7\u00e3o para funcionar corretamente.<\/p>\n<div id=\"attachment_9823\" style=\"width: 399px\" class=\"wp-caption aligncenter\"><img decoding=\"async\" aria-describedby=\"caption-attachment-9823\" class=\" wp-image-9823\" src=\"http:\/\/proclass.com.br\/home\/wp-content\/uploads\/2018\/06\/fig.-2-Re\u0301gua-de-tempo.png\" alt=\"\" width=\"389\" height=\"445\" srcset=\"https:\/\/proclass.com.br\/home\/wp-content\/uploads\/2018\/06\/fig.-2-Re\u0301gua-de-tempo.png 762w, https:\/\/proclass.com.br\/home\/wp-content\/uploads\/2018\/06\/fig.-2-Re\u0301gua-de-tempo-262x300.png 262w\" sizes=\"(max-width: 389px) 100vw, 389px\" \/><p id=\"caption-attachment-9823\" class=\"wp-caption-text\">fig. 2 &#8211; Re\u0301gua de tempo<\/p><\/div>\n<p class=\"p2\">Isso \u00e9 conceito geral, v\u00e1lido para qualquer outro software que envolva timeline, seja Pro Tools, Logic, Cubase ou mesmo softwares de v\u00eddeo como Avid Media Composer, Final Cut ou Premiere.<\/p>\n<p class=\"p2\">Aplicando apenas este conceito, o usu\u00e1rio dificilmente iria ter problemas do playback iniciando em um local diferente de onde foi o click.<\/p>\n<p class=\"p2\">Mas no Pro Tools, tamb\u00e9m \u00e9 poss\u00edvel clicar nas pistas para posicionar o cursor, e a bem da verdade, a maioria das pessoas usar este recurso. Mas neste caso, o usu\u00e1rio precisa usar obrigatoriamente o selector tool e precisa conhecer a fun\u00e7\u00e3o \u201cLink Timeline and Edit Selection (fig. 3).<\/p>\n<div id=\"attachment_9824\" style=\"width: 509px\" class=\"wp-caption aligncenter\"><img loading=\"lazy\" decoding=\"async\" aria-describedby=\"caption-attachment-9824\" class=\" wp-image-9824\" src=\"http:\/\/proclass.com.br\/home\/wp-content\/uploads\/2018\/06\/fig.-3-Link-Timeline-and-Edit-Selection-1024x849.png\" alt=\"\" width=\"499\" height=\"414\" srcset=\"https:\/\/proclass.com.br\/home\/wp-content\/uploads\/2018\/06\/fig.-3-Link-Timeline-and-Edit-Selection-1024x849.png 1024w, https:\/\/proclass.com.br\/home\/wp-content\/uploads\/2018\/06\/fig.-3-Link-Timeline-and-Edit-Selection-300x249.png 300w, https:\/\/proclass.com.br\/home\/wp-content\/uploads\/2018\/06\/fig.-3-Link-Timeline-and-Edit-Selection-768x637.png 768w, https:\/\/proclass.com.br\/home\/wp-content\/uploads\/2018\/06\/fig.-3-Link-Timeline-and-Edit-Selection.png 1394w\" sizes=\"(max-width: 499px) 100vw, 499px\" \/><p id=\"caption-attachment-9824\" class=\"wp-caption-text\">fig. 3 &#8211; Link Timeline and Edit Selection<\/p><\/div>\n<p class=\"p2\">Se ela estiver desativada, o usu\u00e1rio tem que <i>obrigatoriamente<\/i> clicar nas r\u00e9guas de tempo para posicionar o cursor para playback. Posicionar o cursor clicando nas pistas simplesmente n\u00e3o funciona.<\/p>\n<p class=\"p2\">Por \u00faltimo, o Pro Tools tamb\u00e9m tem um recurso chamado de \u201cpre roll\u201d que pode interferir no playback. Com ele acionado, faz com que o Pro Tools inicie um pouco antes de onde est\u00e1 o cursor. Ele \u00e9 acionado e configurado atrav\u00e9s da janela transport localizada no menu window. (Fig. 4).<\/p>\n<div id=\"attachment_9825\" style=\"width: 1034px\" class=\"wp-caption aligncenter\"><img loading=\"lazy\" decoding=\"async\" aria-describedby=\"caption-attachment-9825\" class=\"wp-image-9825 size-large\" src=\"http:\/\/proclass.com.br\/home\/wp-content\/uploads\/2018\/06\/Fig.-4-Pre-Roll-Habilitado-e1529516217695-1024x152.png\" alt=\"\" width=\"1024\" height=\"152\" srcset=\"https:\/\/proclass.com.br\/home\/wp-content\/uploads\/2018\/06\/Fig.-4-Pre-Roll-Habilitado-e1529516217695-1024x152.png 1024w, https:\/\/proclass.com.br\/home\/wp-content\/uploads\/2018\/06\/Fig.-4-Pre-Roll-Habilitado-e1529516217695-300x44.png 300w, https:\/\/proclass.com.br\/home\/wp-content\/uploads\/2018\/06\/Fig.-4-Pre-Roll-Habilitado-e1529516217695-768x114.png 768w, https:\/\/proclass.com.br\/home\/wp-content\/uploads\/2018\/06\/Fig.-4-Pre-Roll-Habilitado-e1529516217695.png 1639w\" sizes=\"(max-width: 1024px) 100vw, 1024px\" \/><p id=\"caption-attachment-9825\" class=\"wp-caption-text\">Fig. 4 &#8211; Pre Roll Habilitado<\/p><\/div>\n<p class=\"p1\"><b><i>O misterioso sumi\u00e7o da ferramenta de fade<\/i><\/b><\/p>\n<p class=\"p2\">Com o smart tool acionado, podemos fazer um fade in ou out ao posicionar o mouse no canto superior esquerdo, ou direito, respectivamente.<\/p>\n<p class=\"p2\">Por\u00e9m, algumas vezes a ferramenta n\u00e3o aparece (Fig. 5). Por que?<\/p>\n<div id=\"attachment_9826\" style=\"width: 439px\" class=\"wp-caption aligncenter\"><img loading=\"lazy\" decoding=\"async\" aria-describedby=\"caption-attachment-9826\" class=\" wp-image-9826\" src=\"http:\/\/proclass.com.br\/home\/wp-content\/uploads\/2018\/06\/Fig.-5-Fade-Tool-que-na\u0303o-aparece-989x1024.png\" alt=\"\" width=\"429\" height=\"444\" srcset=\"https:\/\/proclass.com.br\/home\/wp-content\/uploads\/2018\/06\/Fig.-5-Fade-Tool-que-na\u0303o-aparece-989x1024.png 989w, https:\/\/proclass.com.br\/home\/wp-content\/uploads\/2018\/06\/Fig.-5-Fade-Tool-que-na\u0303o-aparece-290x300.png 290w, https:\/\/proclass.com.br\/home\/wp-content\/uploads\/2018\/06\/Fig.-5-Fade-Tool-que-na\u0303o-aparece-768x795.png 768w, https:\/\/proclass.com.br\/home\/wp-content\/uploads\/2018\/06\/Fig.-5-Fade-Tool-que-na\u0303o-aparece.png 1229w\" sizes=\"(max-width: 429px) 100vw, 429px\" \/><p id=\"caption-attachment-9826\" class=\"wp-caption-text\">Fig. 5 &#8211; Fade Tool que na\u0303o aparece<\/p><\/div>\n<p class=\"p2\">Na verdade, o que acontece \u00e9 que j\u00e1 existe um fade no clip mas que o usu\u00e1rio n\u00e3o est\u00e1 vendo. Isso acontece quando o fade \u00e9 muito pequeno. Se voc\u00ea abrir bastante o zoom, vai conseguir reparar que ele est\u00e1 l\u00e1.<\/p>\n<p class=\"p2\">Neste caso, basta selecionar o clip e atrav\u00e9s do menu edit &gt; fades &gt; delete para retirar os fades j\u00e1 existentes. Este \u00e9 um comando pouco conhecido, que inclusive pode ser \u00fatil para apagar fades de diversos clips de uma \u00fanica vez.<\/p>\n<p class=\"p1\"><b><i>Audiosuite que n\u00e3o aplica o resultado<\/i><\/b><\/p>\n<p class=\"p2\">Pelo menu Audiosuite, podemos aplicar um processamento de \u00e1udio em um ou mais clips espec\u00edficos.<\/p>\n<p class=\"p2\">Por\u00e9m, o usu\u00e1rio seleciona o clip, faz a regulagem do plug-in e ao pressionar o bot\u00e3o render, nada muda. Onde est\u00e1 o erro?<\/p>\n<p class=\"p2\">A parte superior da janela de AudioSuite \u00e9 muito poderosa, por\u00e9m subutilizada. Em particular, temos o bot\u00e3o \u201cplaylist\u201d (fig. 6), que se tiver <i>desabilitado<\/i>, a vers\u00e3o processada vai para a clip list mas n\u00e3o substitui a vers\u00e3o original que est\u00e1 na timeline.<\/p>\n<div id=\"attachment_9827\" style=\"width: 536px\" class=\"wp-caption aligncenter\"><img loading=\"lazy\" decoding=\"async\" aria-describedby=\"caption-attachment-9827\" class=\" wp-image-9827\" src=\"http:\/\/proclass.com.br\/home\/wp-content\/uploads\/2018\/06\/Fig.-6-Func\u0327a\u0303o-Playlist-do-AudioSuite-1024x469.png\" alt=\"\" width=\"526\" height=\"241\" srcset=\"https:\/\/proclass.com.br\/home\/wp-content\/uploads\/2018\/06\/Fig.-6-Func\u0327a\u0303o-Playlist-do-AudioSuite-1024x469.png 1024w, https:\/\/proclass.com.br\/home\/wp-content\/uploads\/2018\/06\/Fig.-6-Func\u0327a\u0303o-Playlist-do-AudioSuite-300x137.png 300w, https:\/\/proclass.com.br\/home\/wp-content\/uploads\/2018\/06\/Fig.-6-Func\u0327a\u0303o-Playlist-do-AudioSuite-768x352.png 768w, https:\/\/proclass.com.br\/home\/wp-content\/uploads\/2018\/06\/Fig.-6-Func\u0327a\u0303o-Playlist-do-AudioSuite.png 1926w\" sizes=\"(max-width: 526px) 100vw, 526px\" \/><p id=\"caption-attachment-9827\" class=\"wp-caption-text\">Fig. 6 &#8211; Func\u0327a\u0303o Playlist do AudioSuite<\/p><\/div>\n<p class=\"p1\"><b><i>Loop Playback que n\u00e3o funciona<\/i><\/b><\/p>\n<p class=\"p2\">Podemos confirmar que o Loop Playback est\u00e1 acionado pelo menu Options ou pelo \u00edcone na janela de transport. (fig. 7).<\/p>\n<div id=\"attachment_9828\" style=\"width: 479px\" class=\"wp-caption aligncenter\"><img loading=\"lazy\" decoding=\"async\" aria-describedby=\"caption-attachment-9828\" class=\" wp-image-9828\" src=\"http:\/\/proclass.com.br\/home\/wp-content\/uploads\/2018\/06\/fig.-7-Loop-PLayback-Habilitado.png\" alt=\"\" width=\"469\" height=\"351\" srcset=\"https:\/\/proclass.com.br\/home\/wp-content\/uploads\/2018\/06\/fig.-7-Loop-PLayback-Habilitado.png 882w, https:\/\/proclass.com.br\/home\/wp-content\/uploads\/2018\/06\/fig.-7-Loop-PLayback-Habilitado-300x224.png 300w, https:\/\/proclass.com.br\/home\/wp-content\/uploads\/2018\/06\/fig.-7-Loop-PLayback-Habilitado-768x575.png 768w\" sizes=\"(max-width: 469px) 100vw, 469px\" \/><p id=\"caption-attachment-9828\" class=\"wp-caption-text\">fig. 7 &#8211; Loop Playback Habilitado<\/p><\/div>\n<p class=\"p2\">Ainda assim, pode acontecer dele n\u00e3o funcionar.<\/p>\n<p class=\"p2\">Muitas vezes no processo de sound design, ou avaliando apenas o ataque inicial de uma pe\u00e7a de bateria, o usu\u00e1rio faz uma sele\u00e7\u00e3o muito curta, e \u00e9 ai que mora o perigo.<\/p>\n<p class=\"p2\">O Loop Playback do Pro Tools \u00e9 limitado a 0,5 segundos. Se sua sele\u00e7\u00e3o for menos que isso, nada feito!<\/p>\n<p class=\"p1\"><b><i>Arquivos tocam no projeto, mas n\u00e3o est\u00e3o na pasta Audio Files<\/i><\/b><\/p>\n<p class=\"p2\">A pasta Audio Files, d\u00e1 a entender que concentra todos os arquivos de \u00e1udio da sess\u00e3o, mas na pr\u00e1tica n\u00e3o \u00e9 bem assim.<\/p>\n<p class=\"p2\">Quando importamos um arquivo pelo menu file &gt; Import &gt; Audio, podemos percebemos que na verdade o Pro Tools pode se comportar de duas maneiras (fig. 8).<\/p>\n<div id=\"attachment_9829\" style=\"width: 509px\" class=\"wp-caption aligncenter\"><img loading=\"lazy\" decoding=\"async\" aria-describedby=\"caption-attachment-9829\" class=\" wp-image-9829\" src=\"http:\/\/proclass.com.br\/home\/wp-content\/uploads\/2018\/06\/Fig.-8-Opc\u0327o\u0303es-de-Importac\u0327a\u0303o-1024x912.png\" alt=\"\" width=\"499\" height=\"445\" srcset=\"https:\/\/proclass.com.br\/home\/wp-content\/uploads\/2018\/06\/Fig.-8-Opc\u0327o\u0303es-de-Importac\u0327a\u0303o-1024x912.png 1024w, https:\/\/proclass.com.br\/home\/wp-content\/uploads\/2018\/06\/Fig.-8-Opc\u0327o\u0303es-de-Importac\u0327a\u0303o-300x267.png 300w, https:\/\/proclass.com.br\/home\/wp-content\/uploads\/2018\/06\/Fig.-8-Opc\u0327o\u0303es-de-Importac\u0327a\u0303o-768x684.png 768w\" sizes=\"(max-width: 499px) 100vw, 499px\" \/><p id=\"caption-attachment-9829\" class=\"wp-caption-text\">Fig. 8 &#8211; Opc\u0327o\u0303es de Importac\u0327a\u0303o<\/p><\/div>\n<p class=\"p2\">Ao clicar na fun\u00e7\u00e3o \u201cCopy\u201d, os arquivos ser\u00e3o de fato copiados para a pasta Audio Files (como esperado), mas a fun\u00e7\u00e3o \u201cAdd\u201d, n\u00e3o.<\/p>\n<p class=\"p2\">Com a fun\u00e7\u00e3o Add, o Pro Tools continua lendo os arquivos a partir do seu local de origem, o que gera uma discrep\u00e2ncia entre os arquivos contidos na sess\u00e3o e os arquivos contidos na pasta Audio Files.<\/p>\n<p class=\"p2\">A pergunta \u00e9: o Pro Tools efetua a fun\u00e7\u00e3o Add ou a fun\u00e7\u00e3o Copy quando arrastamos um arquivo diretamente do finder (mac) \/ window explorer (win)?<\/p>\n<p class=\"p2\">Por padr\u00e3o, O Pro Tools executa a fun\u00e7\u00e3o add sempre que poss\u00edvel. Ou seja, os arquivos N\u00c3O S\u00c3O COPIADOS para a pasta Audio Files.<\/p>\n<p class=\"p2\">Se o formato do arquivo n\u00e3o for nativo do Pro Tools (MP3 por exemplo), ou estiver em um Sample Rate diferente, ai o Pro Tools vai executar uma convers\u00e3o, e ai sim, este arquivo vai para a Pasta Audio Files.<\/p>\n<p class=\"p2\">Tamb\u00e9m \u00e9 poss\u00edvel mudar este comportamento atrav\u00e9s do menu Setup &gt; Prefer\u00eancias. Na aba \u201cprocessing\u201d, encontramos a op\u00e7\u00e3o \u201ccopy all files during import\u201d, que na pr\u00e1tica significa que agora, a fun\u00e7\u00e3o padr\u00e3o do Pro Tools vai ser efetuar a fun\u00e7\u00e3o Copy ao inv\u00e9s da fun\u00e7\u00e3o Add.<\/p>\n<p class=\"p2\">E com isso ficamos por aqui. Lembrou de mais alguma configura\u00e7\u00e3o que pregou uma pe\u00e7a em voc\u00ea algum dia na vida? Compartilhe conosco!<\/p>\n<p class=\"p2\">Abra\u00e7os,<\/p>\n<p><i><a href=\"http:\/\/proclass.com.br\/home\/wp-content\/uploads\/2012\/08\/cris3x4-blog-proclass.jpg\"><img loading=\"lazy\" decoding=\"async\" class=\"alignleft wp-image-1057 size-full\" src=\"http:\/\/proclass.com.br\/home\/wp-content\/uploads\/2012\/08\/cris3x4-blog-proclass.jpg\" alt=\"cris3x4 blog proclass\" width=\"74\" height=\"99\" \/><\/a>Cristiano Moura \u00e9 produtor musical e instrutor certificado da Avid. Atualmente leciona cursos oficiais em Pro Tools, Waves, Sibelius e os treinamentos em mixagem na ProClass. Por meio da ProClass, oferece consultoria, treinamentos customizados em todo o Brasil.<\/i><\/p>\n","protected":false},"excerpt":{"rendered":"<p>&nbsp; Artigo publicado na Backstage.\u00a0Para conhecer mais sobre a revista,\u00a0clique aqui. Para saber mais sobre treinamentos e certifica\u00e7\u00f5es oficiais em Waves, Pro Tools, Sibelius ou outros treinamentos em \u00e1udio,\u00a0clique aqui. &nbsp; Entenda algumas configura\u00e7\u00f5es que confundem iniciantes Antes de ligar para o suporte ou formatar o seu computador, h\u00e1 algumas coisas que podem ser feitasContinue reading &rarr;<\/p>\n","protected":false},"author":4,"featured_media":9825,"comment_status":"closed","ping_status":"closed","sticky":false,"template":"","format":"standard","meta":{"footnotes":""},"categories":[17,1000],"tags":[],"class_list":["post-9821","post","type-post","status-publish","format-standard","has-post-thumbnail","hentry","category-artigos","category-pro-tools-2","has-thumb"],"yoast_head":"<!-- This site is optimized with the Yoast SEO plugin v26.9 - https:\/\/yoast.com\/product\/yoast-seo-wordpress\/ -->\n<title>Bug, defeito ou m\u00e1 utiliza\u00e7\u00e3o? - PROCLASS<\/title>\n<meta name=\"robots\" content=\"index, follow, max-snippet:-1, max-image-preview:large, max-video-preview:-1\" \/>\n<link rel=\"canonical\" href=\"https:\/\/proclass.com.br\/home\/2018\/06\/bug-defeito-ou-ma-utilizacao\/\" \/>\n<meta property=\"og:locale\" content=\"pt_BR\" \/>\n<meta property=\"og:type\" content=\"article\" \/>\n<meta property=\"og:title\" content=\"Bug, defeito ou m\u00e1 utiliza\u00e7\u00e3o? - PROCLASS\" \/>\n<meta property=\"og:description\" content=\"&nbsp; Artigo publicado na Backstage.\u00a0Para conhecer mais sobre a revista,\u00a0clique aqui. Para saber mais sobre treinamentos e certifica\u00e7\u00f5es oficiais em Waves, Pro Tools, Sibelius ou outros treinamentos em \u00e1udio,\u00a0clique aqui. &nbsp; Entenda algumas configura\u00e7\u00f5es que confundem iniciantes Antes de ligar para o suporte ou formatar o seu computador, h\u00e1 algumas coisas que podem ser feitasContinue reading &rarr;\" \/>\n<meta property=\"og:url\" content=\"https:\/\/proclass.com.br\/home\/2018\/06\/bug-defeito-ou-ma-utilizacao\/\" \/>\n<meta property=\"og:site_name\" content=\"PROCLASS\" \/>\n<meta property=\"article:published_time\" content=\"2018-06-20T17:41:32+00:00\" \/>\n<meta property=\"og:image\" content=\"https:\/\/proclass.com.br\/home\/wp-content\/uploads\/2018\/06\/Fig.-4-Pre-Roll-Habilitado-e1529516217695.png\" \/>\n\t<meta property=\"og:image:width\" content=\"1639\" \/>\n\t<meta property=\"og:image:height\" content=\"243\" \/>\n\t<meta property=\"og:image:type\" content=\"image\/png\" \/>\n<meta name=\"author\" content=\"ProClass Treinamentos\" \/>\n<meta name=\"twitter:card\" content=\"summary_large_image\" \/>\n<meta name=\"twitter:label1\" content=\"Escrito por\" \/>\n\t<meta name=\"twitter:data1\" content=\"ProClass Treinamentos\" \/>\n\t<meta name=\"twitter:label2\" content=\"Est. tempo de leitura\" \/>\n\t<meta name=\"twitter:data2\" content=\"7 minutos\" \/>\n<script type=\"application\/ld+json\" class=\"yoast-schema-graph\">{\"@context\":\"https:\/\/schema.org\",\"@graph\":[{\"@type\":\"Article\",\"@id\":\"https:\/\/proclass.com.br\/home\/2018\/06\/bug-defeito-ou-ma-utilizacao\/#article\",\"isPartOf\":{\"@id\":\"https:\/\/proclass.com.br\/home\/2018\/06\/bug-defeito-ou-ma-utilizacao\/\"},\"author\":{\"name\":\"ProClass Treinamentos\",\"@id\":\"https:\/\/proclass.com.br\/home\/#\/schema\/person\/f89e1eb93d5d32c0bb465c52f87f5a00\"},\"headline\":\"Bug, defeito ou m\u00e1 utiliza\u00e7\u00e3o?\",\"datePublished\":\"2018-06-20T17:41:32+00:00\",\"mainEntityOfPage\":{\"@id\":\"https:\/\/proclass.com.br\/home\/2018\/06\/bug-defeito-ou-ma-utilizacao\/\"},\"wordCount\":1345,\"publisher\":{\"@id\":\"https:\/\/proclass.com.br\/home\/#organization\"},\"image\":{\"@id\":\"https:\/\/proclass.com.br\/home\/2018\/06\/bug-defeito-ou-ma-utilizacao\/#primaryimage\"},\"thumbnailUrl\":\"https:\/\/proclass.com.br\/home\/wp-content\/uploads\/2018\/06\/Fig.-4-Pre-Roll-Habilitado-e1529516217695.png\",\"articleSection\":[\"Artigos\",\"Pro Tools\"],\"inLanguage\":\"pt-BR\"},{\"@type\":\"WebPage\",\"@id\":\"https:\/\/proclass.com.br\/home\/2018\/06\/bug-defeito-ou-ma-utilizacao\/\",\"url\":\"https:\/\/proclass.com.br\/home\/2018\/06\/bug-defeito-ou-ma-utilizacao\/\",\"name\":\"Bug, defeito ou m\u00e1 utiliza\u00e7\u00e3o? - PROCLASS\",\"isPartOf\":{\"@id\":\"https:\/\/proclass.com.br\/home\/#website\"},\"primaryImageOfPage\":{\"@id\":\"https:\/\/proclass.com.br\/home\/2018\/06\/bug-defeito-ou-ma-utilizacao\/#primaryimage\"},\"image\":{\"@id\":\"https:\/\/proclass.com.br\/home\/2018\/06\/bug-defeito-ou-ma-utilizacao\/#primaryimage\"},\"thumbnailUrl\":\"https:\/\/proclass.com.br\/home\/wp-content\/uploads\/2018\/06\/Fig.-4-Pre-Roll-Habilitado-e1529516217695.png\",\"datePublished\":\"2018-06-20T17:41:32+00:00\",\"breadcrumb\":{\"@id\":\"https:\/\/proclass.com.br\/home\/2018\/06\/bug-defeito-ou-ma-utilizacao\/#breadcrumb\"},\"inLanguage\":\"pt-BR\",\"potentialAction\":[{\"@type\":\"ReadAction\",\"target\":[\"https:\/\/proclass.com.br\/home\/2018\/06\/bug-defeito-ou-ma-utilizacao\/\"]}]},{\"@type\":\"ImageObject\",\"inLanguage\":\"pt-BR\",\"@id\":\"https:\/\/proclass.com.br\/home\/2018\/06\/bug-defeito-ou-ma-utilizacao\/#primaryimage\",\"url\":\"https:\/\/proclass.com.br\/home\/wp-content\/uploads\/2018\/06\/Fig.-4-Pre-Roll-Habilitado-e1529516217695.png\",\"contentUrl\":\"https:\/\/proclass.com.br\/home\/wp-content\/uploads\/2018\/06\/Fig.-4-Pre-Roll-Habilitado-e1529516217695.png\",\"width\":1639,\"height\":243,\"caption\":\"Fig. 4 - Pre Roll Habilitado\"},{\"@type\":\"BreadcrumbList\",\"@id\":\"https:\/\/proclass.com.br\/home\/2018\/06\/bug-defeito-ou-ma-utilizacao\/#breadcrumb\",\"itemListElement\":[{\"@type\":\"ListItem\",\"position\":1,\"name\":\"In\u00edcio\",\"item\":\"https:\/\/proclass.com.br\/home\/\"},{\"@type\":\"ListItem\",\"position\":2,\"name\":\"Bug, defeito ou m\u00e1 utiliza\u00e7\u00e3o?\"}]},{\"@type\":\"WebSite\",\"@id\":\"https:\/\/proclass.com.br\/home\/#website\",\"url\":\"https:\/\/proclass.com.br\/home\/\",\"name\":\"PROCLASS\",\"description\":\"CURSOS E TREINAMENTOS\",\"publisher\":{\"@id\":\"https:\/\/proclass.com.br\/home\/#organization\"},\"potentialAction\":[{\"@type\":\"SearchAction\",\"target\":{\"@type\":\"EntryPoint\",\"urlTemplate\":\"https:\/\/proclass.com.br\/home\/?s={search_term_string}\"},\"query-input\":{\"@type\":\"PropertyValueSpecification\",\"valueRequired\":true,\"valueName\":\"search_term_string\"}}],\"inLanguage\":\"pt-BR\"},{\"@type\":\"Organization\",\"@id\":\"https:\/\/proclass.com.br\/home\/#organization\",\"name\":\"PROCLASS\",\"url\":\"https:\/\/proclass.com.br\/home\/\",\"logo\":{\"@type\":\"ImageObject\",\"inLanguage\":\"pt-BR\",\"@id\":\"https:\/\/proclass.com.br\/home\/#\/schema\/logo\/image\/\",\"url\":\"https:\/\/proclass.com.br\/home\/wp-content\/uploads\/2023\/06\/CABECALHO-black_PROCLASS-2023.png\",\"contentUrl\":\"https:\/\/proclass.com.br\/home\/wp-content\/uploads\/2023\/06\/CABECALHO-black_PROCLASS-2023.png\",\"width\":2563,\"height\":911,\"caption\":\"PROCLASS\"},\"image\":{\"@id\":\"https:\/\/proclass.com.br\/home\/#\/schema\/logo\/image\/\"}},{\"@type\":\"Person\",\"@id\":\"https:\/\/proclass.com.br\/home\/#\/schema\/person\/f89e1eb93d5d32c0bb465c52f87f5a00\",\"name\":\"ProClass Treinamentos\",\"image\":{\"@type\":\"ImageObject\",\"inLanguage\":\"pt-BR\",\"@id\":\"https:\/\/proclass.com.br\/home\/#\/schema\/person\/image\/\",\"url\":\"https:\/\/secure.gravatar.com\/avatar\/3878d7a575c7ac355d2c778d5de04af08b7c5a7d9f19b2889f26cc7d80a6a832?s=96&d=blank&r=g\",\"contentUrl\":\"https:\/\/secure.gravatar.com\/avatar\/3878d7a575c7ac355d2c778d5de04af08b7c5a7d9f19b2889f26cc7d80a6a832?s=96&d=blank&r=g\",\"caption\":\"ProClass Treinamentos\"},\"url\":\"https:\/\/proclass.com.br\/home\/author\/proclass\/\"}]}<\/script>\n<!-- \/ Yoast SEO plugin. -->","yoast_head_json":{"title":"Bug, defeito ou m\u00e1 utiliza\u00e7\u00e3o? - PROCLASS","robots":{"index":"index","follow":"follow","max-snippet":"max-snippet:-1","max-image-preview":"max-image-preview:large","max-video-preview":"max-video-preview:-1"},"canonical":"https:\/\/proclass.com.br\/home\/2018\/06\/bug-defeito-ou-ma-utilizacao\/","og_locale":"pt_BR","og_type":"article","og_title":"Bug, defeito ou m\u00e1 utiliza\u00e7\u00e3o? - PROCLASS","og_description":"&nbsp; Artigo publicado na Backstage.\u00a0Para conhecer mais sobre a revista,\u00a0clique aqui. Para saber mais sobre treinamentos e certifica\u00e7\u00f5es oficiais em Waves, Pro Tools, Sibelius ou outros treinamentos em \u00e1udio,\u00a0clique aqui. &nbsp; Entenda algumas configura\u00e7\u00f5es que confundem iniciantes Antes de ligar para o suporte ou formatar o seu computador, h\u00e1 algumas coisas que podem ser feitasContinue reading &rarr;","og_url":"https:\/\/proclass.com.br\/home\/2018\/06\/bug-defeito-ou-ma-utilizacao\/","og_site_name":"PROCLASS","article_published_time":"2018-06-20T17:41:32+00:00","og_image":[{"width":1639,"height":243,"url":"https:\/\/proclass.com.br\/home\/wp-content\/uploads\/2018\/06\/Fig.-4-Pre-Roll-Habilitado-e1529516217695.png","type":"image\/png"}],"author":"ProClass Treinamentos","twitter_card":"summary_large_image","twitter_misc":{"Escrito por":"ProClass Treinamentos","Est. tempo de leitura":"7 minutos"},"schema":{"@context":"https:\/\/schema.org","@graph":[{"@type":"Article","@id":"https:\/\/proclass.com.br\/home\/2018\/06\/bug-defeito-ou-ma-utilizacao\/#article","isPartOf":{"@id":"https:\/\/proclass.com.br\/home\/2018\/06\/bug-defeito-ou-ma-utilizacao\/"},"author":{"name":"ProClass Treinamentos","@id":"https:\/\/proclass.com.br\/home\/#\/schema\/person\/f89e1eb93d5d32c0bb465c52f87f5a00"},"headline":"Bug, defeito ou m\u00e1 utiliza\u00e7\u00e3o?","datePublished":"2018-06-20T17:41:32+00:00","mainEntityOfPage":{"@id":"https:\/\/proclass.com.br\/home\/2018\/06\/bug-defeito-ou-ma-utilizacao\/"},"wordCount":1345,"publisher":{"@id":"https:\/\/proclass.com.br\/home\/#organization"},"image":{"@id":"https:\/\/proclass.com.br\/home\/2018\/06\/bug-defeito-ou-ma-utilizacao\/#primaryimage"},"thumbnailUrl":"https:\/\/proclass.com.br\/home\/wp-content\/uploads\/2018\/06\/Fig.-4-Pre-Roll-Habilitado-e1529516217695.png","articleSection":["Artigos","Pro Tools"],"inLanguage":"pt-BR"},{"@type":"WebPage","@id":"https:\/\/proclass.com.br\/home\/2018\/06\/bug-defeito-ou-ma-utilizacao\/","url":"https:\/\/proclass.com.br\/home\/2018\/06\/bug-defeito-ou-ma-utilizacao\/","name":"Bug, defeito ou m\u00e1 utiliza\u00e7\u00e3o? - PROCLASS","isPartOf":{"@id":"https:\/\/proclass.com.br\/home\/#website"},"primaryImageOfPage":{"@id":"https:\/\/proclass.com.br\/home\/2018\/06\/bug-defeito-ou-ma-utilizacao\/#primaryimage"},"image":{"@id":"https:\/\/proclass.com.br\/home\/2018\/06\/bug-defeito-ou-ma-utilizacao\/#primaryimage"},"thumbnailUrl":"https:\/\/proclass.com.br\/home\/wp-content\/uploads\/2018\/06\/Fig.-4-Pre-Roll-Habilitado-e1529516217695.png","datePublished":"2018-06-20T17:41:32+00:00","breadcrumb":{"@id":"https:\/\/proclass.com.br\/home\/2018\/06\/bug-defeito-ou-ma-utilizacao\/#breadcrumb"},"inLanguage":"pt-BR","potentialAction":[{"@type":"ReadAction","target":["https:\/\/proclass.com.br\/home\/2018\/06\/bug-defeito-ou-ma-utilizacao\/"]}]},{"@type":"ImageObject","inLanguage":"pt-BR","@id":"https:\/\/proclass.com.br\/home\/2018\/06\/bug-defeito-ou-ma-utilizacao\/#primaryimage","url":"https:\/\/proclass.com.br\/home\/wp-content\/uploads\/2018\/06\/Fig.-4-Pre-Roll-Habilitado-e1529516217695.png","contentUrl":"https:\/\/proclass.com.br\/home\/wp-content\/uploads\/2018\/06\/Fig.-4-Pre-Roll-Habilitado-e1529516217695.png","width":1639,"height":243,"caption":"Fig. 4 - Pre Roll Habilitado"},{"@type":"BreadcrumbList","@id":"https:\/\/proclass.com.br\/home\/2018\/06\/bug-defeito-ou-ma-utilizacao\/#breadcrumb","itemListElement":[{"@type":"ListItem","position":1,"name":"In\u00edcio","item":"https:\/\/proclass.com.br\/home\/"},{"@type":"ListItem","position":2,"name":"Bug, defeito ou m\u00e1 utiliza\u00e7\u00e3o?"}]},{"@type":"WebSite","@id":"https:\/\/proclass.com.br\/home\/#website","url":"https:\/\/proclass.com.br\/home\/","name":"PROCLASS","description":"CURSOS E TREINAMENTOS","publisher":{"@id":"https:\/\/proclass.com.br\/home\/#organization"},"potentialAction":[{"@type":"SearchAction","target":{"@type":"EntryPoint","urlTemplate":"https:\/\/proclass.com.br\/home\/?s={search_term_string}"},"query-input":{"@type":"PropertyValueSpecification","valueRequired":true,"valueName":"search_term_string"}}],"inLanguage":"pt-BR"},{"@type":"Organization","@id":"https:\/\/proclass.com.br\/home\/#organization","name":"PROCLASS","url":"https:\/\/proclass.com.br\/home\/","logo":{"@type":"ImageObject","inLanguage":"pt-BR","@id":"https:\/\/proclass.com.br\/home\/#\/schema\/logo\/image\/","url":"https:\/\/proclass.com.br\/home\/wp-content\/uploads\/2023\/06\/CABECALHO-black_PROCLASS-2023.png","contentUrl":"https:\/\/proclass.com.br\/home\/wp-content\/uploads\/2023\/06\/CABECALHO-black_PROCLASS-2023.png","width":2563,"height":911,"caption":"PROCLASS"},"image":{"@id":"https:\/\/proclass.com.br\/home\/#\/schema\/logo\/image\/"}},{"@type":"Person","@id":"https:\/\/proclass.com.br\/home\/#\/schema\/person\/f89e1eb93d5d32c0bb465c52f87f5a00","name":"ProClass Treinamentos","image":{"@type":"ImageObject","inLanguage":"pt-BR","@id":"https:\/\/proclass.com.br\/home\/#\/schema\/person\/image\/","url":"https:\/\/secure.gravatar.com\/avatar\/3878d7a575c7ac355d2c778d5de04af08b7c5a7d9f19b2889f26cc7d80a6a832?s=96&d=blank&r=g","contentUrl":"https:\/\/secure.gravatar.com\/avatar\/3878d7a575c7ac355d2c778d5de04af08b7c5a7d9f19b2889f26cc7d80a6a832?s=96&d=blank&r=g","caption":"ProClass Treinamentos"},"url":"https:\/\/proclass.com.br\/home\/author\/proclass\/"}]}},"_links":{"self":[{"href":"https:\/\/proclass.com.br\/home\/wp-json\/wp\/v2\/posts\/9821","targetHints":{"allow":["GET"]}}],"collection":[{"href":"https:\/\/proclass.com.br\/home\/wp-json\/wp\/v2\/posts"}],"about":[{"href":"https:\/\/proclass.com.br\/home\/wp-json\/wp\/v2\/types\/post"}],"author":[{"embeddable":true,"href":"https:\/\/proclass.com.br\/home\/wp-json\/wp\/v2\/users\/4"}],"replies":[{"embeddable":true,"href":"https:\/\/proclass.com.br\/home\/wp-json\/wp\/v2\/comments?post=9821"}],"version-history":[{"count":0,"href":"https:\/\/proclass.com.br\/home\/wp-json\/wp\/v2\/posts\/9821\/revisions"}],"wp:featuredmedia":[{"embeddable":true,"href":"https:\/\/proclass.com.br\/home\/wp-json\/wp\/v2\/media\/9825"}],"wp:attachment":[{"href":"https:\/\/proclass.com.br\/home\/wp-json\/wp\/v2\/media?parent=9821"}],"wp:term":[{"taxonomy":"category","embeddable":true,"href":"https:\/\/proclass.com.br\/home\/wp-json\/wp\/v2\/categories?post=9821"},{"taxonomy":"post_tag","embeddable":true,"href":"https:\/\/proclass.com.br\/home\/wp-json\/wp\/v2\/tags?post=9821"}],"curies":[{"name":"wp","href":"https:\/\/api.w.org\/{rel}","templated":true}]}}