{"id":981,"date":"2011-07-05T23:25:35","date_gmt":"2011-07-06T02:25:35","guid":{"rendered":"http:\/\/proclass.com.br\/home\/?p=981"},"modified":"2012-08-23T23:28:06","modified_gmt":"2012-08-24T02:28:06","slug":"workshop-de-notacao-musical-da-proclass-comentado-internacionalmente-no-blog-oficial-da-sibelius","status":"publish","type":"post","link":"https:\/\/proclass.com.br\/home\/2011\/07\/workshop-de-notacao-musical-da-proclass-comentado-internacionalmente-no-blog-oficial-da-sibelius\/","title":{"rendered":"Workshop de Nota\u00e7\u00e3o Musical da ProClass comentado internacionalmente no blog oficial da Sibelius"},"content":{"rendered":"<div style=\"text-align: justify;\"><a href=\"http:\/\/www.sibeliusblog.com\/news\/see-sibelius-in-person-at-proclass-school-in-brazil\/\">Confira o post original aqui!<\/a><\/div>\n<div style=\"text-align: justify;\">No <strong>pr\u00f3ximo s\u00e1bado<\/strong>, dia 10\/07, o produtor musical e tamb\u00e9m nosso colaborador <a href=\"http:\/\/www.cristianomoura.com\/eng\/html\/home.html\"><strong>Cristiano Moura<\/strong><\/a> ministrar\u00e1 o primeiro workshop do m\u00eas de Julho na ProClass: <strong>Nota\u00e7\u00e3o Musical via software:<\/strong> <strong>Sibelius 6<\/strong>.<!--more--><\/div>\n<div style=\"text-align: justify;\"><\/div>\n<div style=\"text-align: justify;\"><img fetchpriority=\"high\" decoding=\"async\" class=\"alignleft size-medium wp-image-982\" title=\"Sibelius Blog\" src=\"http:\/\/proclass.com.br\/home\/wp-content\/uploads\/2012\/08\/Sibelius-Blog-300x177.png\" alt=\"\" width=\"300\" height=\"177\" srcset=\"https:\/\/proclass.com.br\/home\/wp-content\/uploads\/2012\/08\/Sibelius-Blog-300x177.png 300w, https:\/\/proclass.com.br\/home\/wp-content\/uploads\/2012\/08\/Sibelius-Blog.png 400w\" sizes=\"(max-width: 300px) 100vw, 300px\" \/>Usado pela grande maioria dos arranjadores, m\u00fasicos e produtores mundo afora, o <strong>Sibelius<\/strong> vem ganhando cada vez mais espa\u00e7o no Brasil devido \u00e0 integra\u00e7\u00e3o com o <strong>Pro Tools 8 <\/strong>e sua r\u00e1pida curva de aprendizado. Assim, como n\u00e3o poderia ser diferente, a <strong>ProClass<\/strong> elegeu\u00a0este software para inaugurar seus cursos voltados \u00e0 \u00e1rea da m\u00fasica. Al\u00e9m de todos os recursos que um treinamento em software proporciona, a inten\u00e7\u00e3o \u00e9 a cria\u00e7\u00e3o de cursos de m\u00fasica utilizando softwares como apoio, ou seja, na <strong>ProClass<\/strong> voc\u00ea encontra tudo: <strong>aprendizado<\/strong> com foco nos recursos no <strong>software<\/strong> e aprendizado com o foco no conte\u00fado musical, com apoio de software.<\/div>\n<div style=\"text-align: justify;\"><\/div>\n<div style=\"text-align: justify;\"><strong>Cristiano Moura<\/strong> trabalha com <strong>Sibelius<\/strong> h\u00e1 muitos anos e participou da cria\u00e7\u00e3o do material did\u00e1tico do <em>software<\/em> ao lado dos fabricantes. Em 2010, juntou-se \u00e0 equipe da <strong>ProClass<\/strong> para a promo\u00e7\u00e3o dos novos cursos que em breve ser\u00e3o divulgados. A empresa <strong>Sibelius<\/strong> \u00e9 parte da <strong>Avid<\/strong> e a <strong>ProClass<\/strong>, como <a href=\"http:\/\/www.avid.com\/US\/support\/training\/partner\"><strong>Avid Training Partner<\/strong><\/a>, trabalha diretamente com o fabricante\u00a0 no sentido de proporcionar a melhor experi\u00eancia de aprendizado, adaptada \u00e0 realidade brasileira, aliada a todo o <em>know-how<\/em> adquirido com esse trabalho em parceria\u00a0com a sua equipe. Ao contr\u00e1rio dos cursos de Pro Tools, ainda n\u00e3o h\u00e1 uma padroniza\u00e7\u00e3o da Avid para certifica\u00e7\u00f5es internacionais de Sibelius. No entanto, aprender com o suporte do fabricante em uma escola reconhecida pelo mesmo sem d\u00favida \u00e9 a melhor das op\u00e7\u00f5es!<\/div>\n<div style=\"text-align: justify;\"><\/div>\n<div style=\"text-align: justify;\">Por enquanto, a melhor forma de conferir essa parceria, ajudar a contribuir na cria\u00e7\u00e3o dos novos cursos e ganhar descontos imperd\u00edveis \u00e9 participar do <strong>workshop de s\u00e1bado<\/strong>. <a href=\"mailto:info@proclass.com.br?subject=Solicito_Vaga_Workshop_SIBELIUS\">Envie um e-mail para a <strong>ProClass<\/strong> para disputar uma vaga<\/a>.<\/div>\n<div style=\"text-align: justify;\">Confira o que Cristiano postou em seu Blog \u201c<a href=\"http:\/\/bouncetodisk.cristianomoura.com\/workshop-gratuito-sobre-sibelius-6\/\">Bounce to Disk<\/a>\u201c.<\/div>\n<div style=\"text-align: justify;\">At\u00e9 S\u00e1bado!<\/div>\n","protected":false},"excerpt":{"rendered":"<p>Confira o post original aqui! No pr\u00f3ximo s\u00e1bado, dia 10\/07, o produtor musical e tamb\u00e9m nosso colaborador Cristiano Moura ministrar\u00e1 o primeiro workshop do m\u00eas de Julho na ProClass: Nota\u00e7\u00e3o Musical via software: Sibelius 6.<\/p>\n","protected":false},"author":4,"featured_media":0,"comment_status":"open","ping_status":"open","sticky":false,"template":"","format":"standard","meta":{"footnotes":""},"categories":[13],"tags":[190,87,191,187,189,193,195,35,29,196],"class_list":["post-981","post","type-post","status-publish","format-standard","hentry","category-noticias","tag-aliada","tag-autom","tag-avid-training","tag-colaborador","tag-curva","tag-devido","tag-novos","tag-pro-tools","tag-tamb","tag-training-partner","no-thumb"],"yoast_head":"<!-- This site is optimized with the Yoast SEO plugin v26.9 - https:\/\/yoast.com\/product\/yoast-seo-wordpress\/ -->\n<title>Workshop de Nota\u00e7\u00e3o Musical da ProClass comentado internacionalmente no blog oficial da Sibelius - PROCLASS<\/title>\n<meta name=\"robots\" content=\"index, follow, max-snippet:-1, max-image-preview:large, max-video-preview:-1\" \/>\n<link rel=\"canonical\" href=\"https:\/\/proclass.com.br\/home\/2011\/07\/workshop-de-notacao-musical-da-proclass-comentado-internacionalmente-no-blog-oficial-da-sibelius\/\" \/>\n<meta property=\"og:locale\" content=\"pt_BR\" \/>\n<meta property=\"og:type\" content=\"article\" \/>\n<meta property=\"og:title\" content=\"Workshop de Nota\u00e7\u00e3o Musical da ProClass comentado internacionalmente no blog oficial da Sibelius - PROCLASS\" \/>\n<meta property=\"og:description\" content=\"Confira o post original aqui! No pr\u00f3ximo s\u00e1bado, dia 10\/07, o produtor musical e tamb\u00e9m nosso colaborador Cristiano Moura ministrar\u00e1 o primeiro workshop do m\u00eas de Julho na ProClass: Nota\u00e7\u00e3o Musical via software: Sibelius 6.\" \/>\n<meta property=\"og:url\" content=\"https:\/\/proclass.com.br\/home\/2011\/07\/workshop-de-notacao-musical-da-proclass-comentado-internacionalmente-no-blog-oficial-da-sibelius\/\" \/>\n<meta property=\"og:site_name\" content=\"PROCLASS\" \/>\n<meta property=\"article:published_time\" content=\"2011-07-06T02:25:35+00:00\" \/>\n<meta property=\"article:modified_time\" content=\"2012-08-24T02:28:06+00:00\" \/>\n<meta property=\"og:image\" content=\"https:\/\/proclass.com.br\/home\/wp-content\/uploads\/2012\/08\/Sibelius-Blog.png\" \/>\n\t<meta property=\"og:image:width\" content=\"400\" \/>\n\t<meta property=\"og:image:height\" content=\"237\" \/>\n\t<meta property=\"og:image:type\" content=\"image\/png\" \/>\n<meta name=\"author\" content=\"ProClass Treinamentos\" \/>\n<meta name=\"twitter:card\" content=\"summary_large_image\" \/>\n<meta name=\"twitter:label1\" content=\"Escrito por\" \/>\n\t<meta name=\"twitter:data1\" content=\"ProClass Treinamentos\" \/>\n\t<meta name=\"twitter:label2\" content=\"Est. tempo de leitura\" \/>\n\t<meta name=\"twitter:data2\" content=\"2 minutos\" \/>\n<script type=\"application\/ld+json\" class=\"yoast-schema-graph\">{\"@context\":\"https:\/\/schema.org\",\"@graph\":[{\"@type\":\"Article\",\"@id\":\"https:\/\/proclass.com.br\/home\/2011\/07\/workshop-de-notacao-musical-da-proclass-comentado-internacionalmente-no-blog-oficial-da-sibelius\/#article\",\"isPartOf\":{\"@id\":\"https:\/\/proclass.com.br\/home\/2011\/07\/workshop-de-notacao-musical-da-proclass-comentado-internacionalmente-no-blog-oficial-da-sibelius\/\"},\"author\":{\"name\":\"ProClass Treinamentos\",\"@id\":\"https:\/\/proclass.com.br\/home\/#\/schema\/person\/f89e1eb93d5d32c0bb465c52f87f5a00\"},\"headline\":\"Workshop de Nota\u00e7\u00e3o Musical da ProClass comentado internacionalmente no blog oficial da Sibelius\",\"datePublished\":\"2011-07-06T02:25:35+00:00\",\"dateModified\":\"2012-08-24T02:28:06+00:00\",\"mainEntityOfPage\":{\"@id\":\"https:\/\/proclass.com.br\/home\/2011\/07\/workshop-de-notacao-musical-da-proclass-comentado-internacionalmente-no-blog-oficial-da-sibelius\/\"},\"wordCount\":349,\"commentCount\":0,\"publisher\":{\"@id\":\"https:\/\/proclass.com.br\/home\/#organization\"},\"image\":{\"@id\":\"https:\/\/proclass.com.br\/home\/2011\/07\/workshop-de-notacao-musical-da-proclass-comentado-internacionalmente-no-blog-oficial-da-sibelius\/#primaryimage\"},\"thumbnailUrl\":\"http:\/\/proclass.com.br\/home\/wp-content\/uploads\/2012\/08\/Sibelius-Blog-300x177.png\",\"keywords\":[\"aliada\",\"autom\",\"avid training\",\"colaborador\",\"curva\",\"devido\",\"novos\",\"pro tools\",\"tamb\",\"training partner\"],\"articleSection\":[\"Not\u00edcias\"],\"inLanguage\":\"pt-BR\",\"potentialAction\":[{\"@type\":\"CommentAction\",\"name\":\"Comment\",\"target\":[\"https:\/\/proclass.com.br\/home\/2011\/07\/workshop-de-notacao-musical-da-proclass-comentado-internacionalmente-no-blog-oficial-da-sibelius\/#respond\"]}]},{\"@type\":\"WebPage\",\"@id\":\"https:\/\/proclass.com.br\/home\/2011\/07\/workshop-de-notacao-musical-da-proclass-comentado-internacionalmente-no-blog-oficial-da-sibelius\/\",\"url\":\"https:\/\/proclass.com.br\/home\/2011\/07\/workshop-de-notacao-musical-da-proclass-comentado-internacionalmente-no-blog-oficial-da-sibelius\/\",\"name\":\"Workshop de Nota\u00e7\u00e3o Musical da ProClass comentado internacionalmente no blog oficial da Sibelius - PROCLASS\",\"isPartOf\":{\"@id\":\"https:\/\/proclass.com.br\/home\/#website\"},\"primaryImageOfPage\":{\"@id\":\"https:\/\/proclass.com.br\/home\/2011\/07\/workshop-de-notacao-musical-da-proclass-comentado-internacionalmente-no-blog-oficial-da-sibelius\/#primaryimage\"},\"image\":{\"@id\":\"https:\/\/proclass.com.br\/home\/2011\/07\/workshop-de-notacao-musical-da-proclass-comentado-internacionalmente-no-blog-oficial-da-sibelius\/#primaryimage\"},\"thumbnailUrl\":\"http:\/\/proclass.com.br\/home\/wp-content\/uploads\/2012\/08\/Sibelius-Blog-300x177.png\",\"datePublished\":\"2011-07-06T02:25:35+00:00\",\"dateModified\":\"2012-08-24T02:28:06+00:00\",\"breadcrumb\":{\"@id\":\"https:\/\/proclass.com.br\/home\/2011\/07\/workshop-de-notacao-musical-da-proclass-comentado-internacionalmente-no-blog-oficial-da-sibelius\/#breadcrumb\"},\"inLanguage\":\"pt-BR\",\"potentialAction\":[{\"@type\":\"ReadAction\",\"target\":[\"https:\/\/proclass.com.br\/home\/2011\/07\/workshop-de-notacao-musical-da-proclass-comentado-internacionalmente-no-blog-oficial-da-sibelius\/\"]}]},{\"@type\":\"ImageObject\",\"inLanguage\":\"pt-BR\",\"@id\":\"https:\/\/proclass.com.br\/home\/2011\/07\/workshop-de-notacao-musical-da-proclass-comentado-internacionalmente-no-blog-oficial-da-sibelius\/#primaryimage\",\"url\":\"https:\/\/proclass.com.br\/home\/wp-content\/uploads\/2012\/08\/Sibelius-Blog.png\",\"contentUrl\":\"https:\/\/proclass.com.br\/home\/wp-content\/uploads\/2012\/08\/Sibelius-Blog.png\",\"width\":\"400\",\"height\":\"237\"},{\"@type\":\"BreadcrumbList\",\"@id\":\"https:\/\/proclass.com.br\/home\/2011\/07\/workshop-de-notacao-musical-da-proclass-comentado-internacionalmente-no-blog-oficial-da-sibelius\/#breadcrumb\",\"itemListElement\":[{\"@type\":\"ListItem\",\"position\":1,\"name\":\"In\u00edcio\",\"item\":\"https:\/\/proclass.com.br\/home\/\"},{\"@type\":\"ListItem\",\"position\":2,\"name\":\"Workshop de Nota\u00e7\u00e3o Musical da ProClass comentado internacionalmente no blog oficial da Sibelius\"}]},{\"@type\":\"WebSite\",\"@id\":\"https:\/\/proclass.com.br\/home\/#website\",\"url\":\"https:\/\/proclass.com.br\/home\/\",\"name\":\"PROCLASS\",\"description\":\"CURSOS E TREINAMENTOS\",\"publisher\":{\"@id\":\"https:\/\/proclass.com.br\/home\/#organization\"},\"potentialAction\":[{\"@type\":\"SearchAction\",\"target\":{\"@type\":\"EntryPoint\",\"urlTemplate\":\"https:\/\/proclass.com.br\/home\/?s={search_term_string}\"},\"query-input\":{\"@type\":\"PropertyValueSpecification\",\"valueRequired\":true,\"valueName\":\"search_term_string\"}}],\"inLanguage\":\"pt-BR\"},{\"@type\":\"Organization\",\"@id\":\"https:\/\/proclass.com.br\/home\/#organization\",\"name\":\"PROCLASS\",\"url\":\"https:\/\/proclass.com.br\/home\/\",\"logo\":{\"@type\":\"ImageObject\",\"inLanguage\":\"pt-BR\",\"@id\":\"https:\/\/proclass.com.br\/home\/#\/schema\/logo\/image\/\",\"url\":\"https:\/\/proclass.com.br\/home\/wp-content\/uploads\/2023\/06\/CABECALHO-black_PROCLASS-2023.png\",\"contentUrl\":\"https:\/\/proclass.com.br\/home\/wp-content\/uploads\/2023\/06\/CABECALHO-black_PROCLASS-2023.png\",\"width\":2563,\"height\":911,\"caption\":\"PROCLASS\"},\"image\":{\"@id\":\"https:\/\/proclass.com.br\/home\/#\/schema\/logo\/image\/\"}},{\"@type\":\"Person\",\"@id\":\"https:\/\/proclass.com.br\/home\/#\/schema\/person\/f89e1eb93d5d32c0bb465c52f87f5a00\",\"name\":\"ProClass Treinamentos\",\"image\":{\"@type\":\"ImageObject\",\"inLanguage\":\"pt-BR\",\"@id\":\"https:\/\/proclass.com.br\/home\/#\/schema\/person\/image\/\",\"url\":\"https:\/\/secure.gravatar.com\/avatar\/3878d7a575c7ac355d2c778d5de04af08b7c5a7d9f19b2889f26cc7d80a6a832?s=96&d=blank&r=g\",\"contentUrl\":\"https:\/\/secure.gravatar.com\/avatar\/3878d7a575c7ac355d2c778d5de04af08b7c5a7d9f19b2889f26cc7d80a6a832?s=96&d=blank&r=g\",\"caption\":\"ProClass Treinamentos\"},\"url\":\"https:\/\/proclass.com.br\/home\/author\/proclass\/\"}]}<\/script>\n<!-- \/ Yoast SEO plugin. -->","yoast_head_json":{"title":"Workshop de Nota\u00e7\u00e3o Musical da ProClass comentado internacionalmente no blog oficial da Sibelius - PROCLASS","robots":{"index":"index","follow":"follow","max-snippet":"max-snippet:-1","max-image-preview":"max-image-preview:large","max-video-preview":"max-video-preview:-1"},"canonical":"https:\/\/proclass.com.br\/home\/2011\/07\/workshop-de-notacao-musical-da-proclass-comentado-internacionalmente-no-blog-oficial-da-sibelius\/","og_locale":"pt_BR","og_type":"article","og_title":"Workshop de Nota\u00e7\u00e3o Musical da ProClass comentado internacionalmente no blog oficial da Sibelius - PROCLASS","og_description":"Confira o post original aqui! No pr\u00f3ximo s\u00e1bado, dia 10\/07, o produtor musical e tamb\u00e9m nosso colaborador Cristiano Moura ministrar\u00e1 o primeiro workshop do m\u00eas de Julho na ProClass: Nota\u00e7\u00e3o Musical via software: Sibelius 6.","og_url":"https:\/\/proclass.com.br\/home\/2011\/07\/workshop-de-notacao-musical-da-proclass-comentado-internacionalmente-no-blog-oficial-da-sibelius\/","og_site_name":"PROCLASS","article_published_time":"2011-07-06T02:25:35+00:00","article_modified_time":"2012-08-24T02:28:06+00:00","og_image":[{"width":400,"height":237,"url":"https:\/\/proclass.com.br\/home\/wp-content\/uploads\/2012\/08\/Sibelius-Blog.png","type":"image\/png"}],"author":"ProClass Treinamentos","twitter_card":"summary_large_image","twitter_misc":{"Escrito por":"ProClass Treinamentos","Est. tempo de leitura":"2 minutos"},"schema":{"@context":"https:\/\/schema.org","@graph":[{"@type":"Article","@id":"https:\/\/proclass.com.br\/home\/2011\/07\/workshop-de-notacao-musical-da-proclass-comentado-internacionalmente-no-blog-oficial-da-sibelius\/#article","isPartOf":{"@id":"https:\/\/proclass.com.br\/home\/2011\/07\/workshop-de-notacao-musical-da-proclass-comentado-internacionalmente-no-blog-oficial-da-sibelius\/"},"author":{"name":"ProClass Treinamentos","@id":"https:\/\/proclass.com.br\/home\/#\/schema\/person\/f89e1eb93d5d32c0bb465c52f87f5a00"},"headline":"Workshop de Nota\u00e7\u00e3o Musical da ProClass comentado internacionalmente no blog oficial da Sibelius","datePublished":"2011-07-06T02:25:35+00:00","dateModified":"2012-08-24T02:28:06+00:00","mainEntityOfPage":{"@id":"https:\/\/proclass.com.br\/home\/2011\/07\/workshop-de-notacao-musical-da-proclass-comentado-internacionalmente-no-blog-oficial-da-sibelius\/"},"wordCount":349,"commentCount":0,"publisher":{"@id":"https:\/\/proclass.com.br\/home\/#organization"},"image":{"@id":"https:\/\/proclass.com.br\/home\/2011\/07\/workshop-de-notacao-musical-da-proclass-comentado-internacionalmente-no-blog-oficial-da-sibelius\/#primaryimage"},"thumbnailUrl":"http:\/\/proclass.com.br\/home\/wp-content\/uploads\/2012\/08\/Sibelius-Blog-300x177.png","keywords":["aliada","autom","avid training","colaborador","curva","devido","novos","pro tools","tamb","training partner"],"articleSection":["Not\u00edcias"],"inLanguage":"pt-BR","potentialAction":[{"@type":"CommentAction","name":"Comment","target":["https:\/\/proclass.com.br\/home\/2011\/07\/workshop-de-notacao-musical-da-proclass-comentado-internacionalmente-no-blog-oficial-da-sibelius\/#respond"]}]},{"@type":"WebPage","@id":"https:\/\/proclass.com.br\/home\/2011\/07\/workshop-de-notacao-musical-da-proclass-comentado-internacionalmente-no-blog-oficial-da-sibelius\/","url":"https:\/\/proclass.com.br\/home\/2011\/07\/workshop-de-notacao-musical-da-proclass-comentado-internacionalmente-no-blog-oficial-da-sibelius\/","name":"Workshop de Nota\u00e7\u00e3o Musical da ProClass comentado internacionalmente no blog oficial da Sibelius - PROCLASS","isPartOf":{"@id":"https:\/\/proclass.com.br\/home\/#website"},"primaryImageOfPage":{"@id":"https:\/\/proclass.com.br\/home\/2011\/07\/workshop-de-notacao-musical-da-proclass-comentado-internacionalmente-no-blog-oficial-da-sibelius\/#primaryimage"},"image":{"@id":"https:\/\/proclass.com.br\/home\/2011\/07\/workshop-de-notacao-musical-da-proclass-comentado-internacionalmente-no-blog-oficial-da-sibelius\/#primaryimage"},"thumbnailUrl":"http:\/\/proclass.com.br\/home\/wp-content\/uploads\/2012\/08\/Sibelius-Blog-300x177.png","datePublished":"2011-07-06T02:25:35+00:00","dateModified":"2012-08-24T02:28:06+00:00","breadcrumb":{"@id":"https:\/\/proclass.com.br\/home\/2011\/07\/workshop-de-notacao-musical-da-proclass-comentado-internacionalmente-no-blog-oficial-da-sibelius\/#breadcrumb"},"inLanguage":"pt-BR","potentialAction":[{"@type":"ReadAction","target":["https:\/\/proclass.com.br\/home\/2011\/07\/workshop-de-notacao-musical-da-proclass-comentado-internacionalmente-no-blog-oficial-da-sibelius\/"]}]},{"@type":"ImageObject","inLanguage":"pt-BR","@id":"https:\/\/proclass.com.br\/home\/2011\/07\/workshop-de-notacao-musical-da-proclass-comentado-internacionalmente-no-blog-oficial-da-sibelius\/#primaryimage","url":"https:\/\/proclass.com.br\/home\/wp-content\/uploads\/2012\/08\/Sibelius-Blog.png","contentUrl":"https:\/\/proclass.com.br\/home\/wp-content\/uploads\/2012\/08\/Sibelius-Blog.png","width":"400","height":"237"},{"@type":"BreadcrumbList","@id":"https:\/\/proclass.com.br\/home\/2011\/07\/workshop-de-notacao-musical-da-proclass-comentado-internacionalmente-no-blog-oficial-da-sibelius\/#breadcrumb","itemListElement":[{"@type":"ListItem","position":1,"name":"In\u00edcio","item":"https:\/\/proclass.com.br\/home\/"},{"@type":"ListItem","position":2,"name":"Workshop de Nota\u00e7\u00e3o Musical da ProClass comentado internacionalmente no blog oficial da Sibelius"}]},{"@type":"WebSite","@id":"https:\/\/proclass.com.br\/home\/#website","url":"https:\/\/proclass.com.br\/home\/","name":"PROCLASS","description":"CURSOS E TREINAMENTOS","publisher":{"@id":"https:\/\/proclass.com.br\/home\/#organization"},"potentialAction":[{"@type":"SearchAction","target":{"@type":"EntryPoint","urlTemplate":"https:\/\/proclass.com.br\/home\/?s={search_term_string}"},"query-input":{"@type":"PropertyValueSpecification","valueRequired":true,"valueName":"search_term_string"}}],"inLanguage":"pt-BR"},{"@type":"Organization","@id":"https:\/\/proclass.com.br\/home\/#organization","name":"PROCLASS","url":"https:\/\/proclass.com.br\/home\/","logo":{"@type":"ImageObject","inLanguage":"pt-BR","@id":"https:\/\/proclass.com.br\/home\/#\/schema\/logo\/image\/","url":"https:\/\/proclass.com.br\/home\/wp-content\/uploads\/2023\/06\/CABECALHO-black_PROCLASS-2023.png","contentUrl":"https:\/\/proclass.com.br\/home\/wp-content\/uploads\/2023\/06\/CABECALHO-black_PROCLASS-2023.png","width":2563,"height":911,"caption":"PROCLASS"},"image":{"@id":"https:\/\/proclass.com.br\/home\/#\/schema\/logo\/image\/"}},{"@type":"Person","@id":"https:\/\/proclass.com.br\/home\/#\/schema\/person\/f89e1eb93d5d32c0bb465c52f87f5a00","name":"ProClass Treinamentos","image":{"@type":"ImageObject","inLanguage":"pt-BR","@id":"https:\/\/proclass.com.br\/home\/#\/schema\/person\/image\/","url":"https:\/\/secure.gravatar.com\/avatar\/3878d7a575c7ac355d2c778d5de04af08b7c5a7d9f19b2889f26cc7d80a6a832?s=96&d=blank&r=g","contentUrl":"https:\/\/secure.gravatar.com\/avatar\/3878d7a575c7ac355d2c778d5de04af08b7c5a7d9f19b2889f26cc7d80a6a832?s=96&d=blank&r=g","caption":"ProClass Treinamentos"},"url":"https:\/\/proclass.com.br\/home\/author\/proclass\/"}]}},"_links":{"self":[{"href":"https:\/\/proclass.com.br\/home\/wp-json\/wp\/v2\/posts\/981","targetHints":{"allow":["GET"]}}],"collection":[{"href":"https:\/\/proclass.com.br\/home\/wp-json\/wp\/v2\/posts"}],"about":[{"href":"https:\/\/proclass.com.br\/home\/wp-json\/wp\/v2\/types\/post"}],"author":[{"embeddable":true,"href":"https:\/\/proclass.com.br\/home\/wp-json\/wp\/v2\/users\/4"}],"replies":[{"embeddable":true,"href":"https:\/\/proclass.com.br\/home\/wp-json\/wp\/v2\/comments?post=981"}],"version-history":[{"count":0,"href":"https:\/\/proclass.com.br\/home\/wp-json\/wp\/v2\/posts\/981\/revisions"}],"wp:attachment":[{"href":"https:\/\/proclass.com.br\/home\/wp-json\/wp\/v2\/media?parent=981"}],"wp:term":[{"taxonomy":"category","embeddable":true,"href":"https:\/\/proclass.com.br\/home\/wp-json\/wp\/v2\/categories?post=981"},{"taxonomy":"post_tag","embeddable":true,"href":"https:\/\/proclass.com.br\/home\/wp-json\/wp\/v2\/tags?post=981"}],"curies":[{"name":"wp","href":"https:\/\/api.w.org\/{rel}","templated":true}]}}