{"id":9784,"date":"2018-06-18T17:38:34","date_gmt":"2018-06-18T20:38:34","guid":{"rendered":"http:\/\/proclass.com.br\/home\/?p=9784"},"modified":"2018-06-18T17:38:34","modified_gmt":"2018-06-18T20:38:34","slug":"track-groups-subgroups-e-vca-master","status":"publish","type":"post","link":"https:\/\/proclass.com.br\/home\/2018\/06\/track-groups-subgroups-e-vca-master\/","title":{"rendered":"Track Groups, Subgroups e VCA Master"},"content":{"rendered":"<p>&nbsp;<\/p>\n<p><a href=\"http:\/\/proclass.com.br\/home\/wp-content\/uploads\/2015\/03\/logo_backstage.png\"><img decoding=\"async\" class=\"aligncenter wp-image-4341\" src=\"http:\/\/proclass.com.br\/home\/wp-content\/uploads\/2015\/03\/logo_backstage.png\" alt=\"logo_backstage\" width=\"364\" height=\"91\" srcset=\"https:\/\/proclass.com.br\/home\/wp-content\/uploads\/2015\/03\/logo_backstage.png 432w, https:\/\/proclass.com.br\/home\/wp-content\/uploads\/2015\/03\/logo_backstage-300x75.png 300w, https:\/\/proclass.com.br\/home\/wp-content\/uploads\/2015\/03\/logo_backstage-100x25.png 100w\" sizes=\"(max-width: 364px) 100vw, 364px\" \/><\/a><\/p>\n<p style=\"text-align: left;\">Artigo publicado na Backstage.\u00a0Para conhecer mais sobre a revista,\u00a0<a href=\"http:\/\/backstage.com.br\/\" target=\"_blank\" rel=\"noopener\">clique aqui.<\/a><\/p>\n<p style=\"text-align: left;\">Para saber mais sobre treinamentos e certifica\u00e7\u00f5es oficiais em Waves, Pro Tools, Sibelius ou outros treinamentos em \u00e1udio,\u00a0<a href=\"http:\/\/proclass.com.br\/home\/certificacoes\/waves\/waves-certification-program\/\" target=\"_blank\" rel=\"noopener\">clique aqui<\/a>.<\/p>\n<p>&nbsp;<\/p>\n<p class=\"p1\"><b><i>Fun\u00e7\u00f5es semelhantes, mas cada uma com sua vantagem<\/i><\/b><\/p>\n<p class=\"p2\">Pistas semelhantes por muitas vezes merecem o mesmo tratamento sonoro e \u00e9 natural tamb\u00e9m precisarmos executar fun\u00e7\u00f5es similares como MUTE, SOLO, HIDE etc.<\/p>\n<p class=\"p2\">O Pro Tools oferece essencialmente duas fun\u00e7\u00f5es para trabalhar com v\u00e1rias pistas em conjunto. A primeira \u00e9 com a fun\u00e7\u00e3o Track &gt; Group e a segunda \u00e9 endere\u00e7ando pistas para um Aux Input Track e controlando todos os sinais por l\u00e1.<\/p>\n<p class=\"p2\">Todas s\u00e3o \u00fateis, mas a utiliza\u00e7\u00e3o de uma ou outra n\u00e3o \u00e9 dependente de gosto pessoal. Cada uma possui sua caracter\u00edstica pr\u00f3pria, suas vantagens e desvantagens.<\/p>\n<p class=\"p2\">Neste artigo, vamos falar sobre diversas necessidades e onde cada m\u00e9todo se encaixa melhor.<\/p>\n<p class=\"p1\"><b><i>Um simples ajuste global de volume<\/i><\/b><\/p>\n<p class=\"p2\">Em um exemplo inicial, vamos imaginar um contrabaixo que foi gravado em duas pistas. Uma carrega o sinal direto de linha e a outra pista carrega o sinal microfonado.<\/p>\n<p class=\"p2\">Se na mixagem, decide-se fazer uma mistura com os dois sinais, faz todo o sentido que o mixador fa\u00e7a o ajuste ao seu gosto e depois mantenha este equil\u00edbrio.<\/p>\n<p class=\"p2\">Neste momento, tanto a fun\u00e7\u00e3o track group (atalho Command+G no mac e CTRL+G no win) quando a id\u00e9ia de fazer um endere\u00e7amento para um track auxiliar s\u00e3o bem vindas e n\u00e3o h\u00e1 muita vantagem ou desvantagem. O problema come\u00e7a quando come\u00e7amos a inserir plug-ins e fazer sends para efeitos.<\/p>\n<p class=\"p1\"><b><i>Subgrupos para processar v\u00e1rias pistas com um plug-in<\/i><\/b><\/p>\n<p class=\"p2\">Ainda no exemplo anterior, o equil\u00edbrio sonoro foi definido no fader de cada canal mas agora o mixador resolve que vale a pena distorcer um pouco o contrabaixo.<\/p>\n<p class=\"p2\">O problema \u00e9 que ele tem dois canais e o que ele busca \u00e9 distorcer de forma \u00fanica o conjunto de sinais.<\/p>\n<p class=\"p2\">Para este caso, a fun\u00e7\u00e3o track group n\u00e3o serve pois ela s\u00f3 serve para interligar comandos de fader, mute, solo etc, mas n\u00e3o para unir dois sinais. Para somar os sinais, \u00e9 essencial endere\u00e7ar cada canal via BUS para um canal auxiliar, e \u00e9 neste canal auxiliar que o distorcedor deve ser inserido (fig. 1).<\/p>\n<div id=\"attachment_9785\" style=\"width: 467px\" class=\"wp-caption aligncenter\"><img fetchpriority=\"high\" decoding=\"async\" aria-describedby=\"caption-attachment-9785\" class=\"wp-image-9785\" src=\"http:\/\/proclass.com.br\/home\/wp-content\/uploads\/2018\/06\/fig.-1-Dos-canais-enderac\u0327os-para-um-Aux-Input-com-um-plug-in-no-insert.png\" alt=\"\" width=\"457\" height=\"462\" srcset=\"https:\/\/proclass.com.br\/home\/wp-content\/uploads\/2018\/06\/fig.-1-Dos-canais-enderac\u0327os-para-um-Aux-Input-com-um-plug-in-no-insert.png 856w, https:\/\/proclass.com.br\/home\/wp-content\/uploads\/2018\/06\/fig.-1-Dos-canais-enderac\u0327os-para-um-Aux-Input-com-um-plug-in-no-insert-297x300.png 297w, https:\/\/proclass.com.br\/home\/wp-content\/uploads\/2018\/06\/fig.-1-Dos-canais-enderac\u0327os-para-um-Aux-Input-com-um-plug-in-no-insert-768x776.png 768w\" sizes=\"(max-width: 457px) 100vw, 457px\" \/><p id=\"caption-attachment-9785\" class=\"wp-caption-text\">fig. 1 &#8211; Dos canais enderec\u0327ados para um Aux Input com um plug-in no insert<\/p><\/div>\n<p>&nbsp;<\/p>\n<p class=\"p1\"><b><i>Ajustes de ganho entre canais individuais e subgrupos<\/i><\/b><\/p>\n<p class=\"p2\">Hora de pensar no fluxo do sinal. Leve em considera\u00e7\u00e3o que temos um fader de volume nos canais individuais (que podem ser agrupados) e temos tamb\u00e9m um fader de volume no canal auxiliar (que tem um distorcedor inserido).<\/p>\n<p class=\"p2\">Agora, se o mixador decide aumentar o sinal do contrabaixo na mix, onde \u00e9 melhor aumentar? Nos canais individuais ou no canal auxiliar?<\/p>\n<p class=\"p2\">Se ele est\u00e1 satisfeito com a sonoridade e quer simplesmente ouvir o baixo mais alto na mix, o ideal \u00e9 usar o fader do canal auxiliar, pois como ele \u00e9 o \u00faltimo controle de ganho da cadeia, n\u00e3o vai afetar o timbre.<\/p>\n<p class=\"p2\">Agora, \u00e9 importante reconhecer que aumentar o ganho no fader individual tamb\u00e9m \u00e9 muito \u00fatil.<\/p>\n<p class=\"p2\">Ao aumentar os canais individuais, o mixador est\u00e1 na realidade enviando cada vez mais sinal para a entrada do distorcedor e neste caso, o contrabaixo vai soar mais distorcido.<\/p>\n<p class=\"p2\">\u00c9 bem verdade que para soar mais distorcido, o mixador poderia simplesmente aumentar o controle de distor\u00e7\u00e3o do plug-in mas saturar a entrada do plug-in tem efeito diferente de aumentar a distor\u00e7\u00e3o no plug-in, principalmente nos plug-ins de guitarra e baixo.<\/p>\n<p class=\"p1\"><b><i>Aumentando o volume quando tem sends envolvidos<\/i><\/b><\/p>\n<p class=\"p2\">Aqui temos um caso complicado, e vamos usar a bateria como exemplo desta vez para deixar mais complicado ainda.<\/p>\n<p class=\"p2\">Temos os canais individuais da bateria, e todos est\u00e3o endere\u00e7ados para um auxiliar como no caso anterior. Tamb\u00e9m como no caso anterior, temos um plug-in no insert do auxiliar, mas desta vez \u00e9 um equalizador acrescentando um pouco de agudo de forma geral na submixagem da bateria.<\/p>\n<p class=\"p2\">A novidade s\u00e3o os sends que foram feitos, onde apenas o sinal da caixa e tons foram endere\u00e7ados para um reverberador em um outro canal auxiliar (fig. 2).<\/p>\n<div id=\"attachment_9786\" style=\"width: 462px\" class=\"wp-caption aligncenter\"><img decoding=\"async\" aria-describedby=\"caption-attachment-9786\" class=\"wp-image-9786\" src=\"http:\/\/proclass.com.br\/home\/wp-content\/uploads\/2018\/06\/fig.-2-bateria-do-subgrupo-e-mandadas-de-efeito-1024x637.png\" alt=\"\" width=\"452\" height=\"281\" srcset=\"https:\/\/proclass.com.br\/home\/wp-content\/uploads\/2018\/06\/fig.-2-bateria-do-subgrupo-e-mandadas-de-efeito-1024x637.png 1024w, https:\/\/proclass.com.br\/home\/wp-content\/uploads\/2018\/06\/fig.-2-bateria-do-subgrupo-e-mandadas-de-efeito-300x187.png 300w, https:\/\/proclass.com.br\/home\/wp-content\/uploads\/2018\/06\/fig.-2-bateria-do-subgrupo-e-mandadas-de-efeito-768x478.png 768w, https:\/\/proclass.com.br\/home\/wp-content\/uploads\/2018\/06\/fig.-2-bateria-do-subgrupo-e-mandadas-de-efeito.png 1515w\" sizes=\"(max-width: 452px) 100vw, 452px\" \/><p id=\"caption-attachment-9786\" class=\"wp-caption-text\">fig. 2 bateria do subgrupo e mandadas de efeito<\/p><\/div>\n<p class=\"p2\">Novamente, vale pensar juntos. Se o mixador quer ouvir a bateria mais alta na mix, o ideal aumentar o sinal das pistas individuais ou no auxiliar onde a bateria est\u00e1 subagrupada?<\/p>\n<p class=\"p2\">Por conta dos sends no canal da caixa e tons, n\u00e3o podemos seguir o caminho mais simples do caso anterior, simplesmente subindo o fader do canal auxiliar, pois desta forma, os sends n\u00e3o ser\u00e3o compensados da mesma forma e o equil\u00edbrio entre o sinal limpo e sinal reverberado ser\u00e1 alterado.<\/p>\n<p class=\"p2\">A melhor op\u00e7\u00e3o ent\u00e3o seria fazer um track group com todos os elementos da bateria e levantar o fader em algum canal do grupo. Com os sends configurados como post-fader, \u00e9 a maneira que temos para aumentar o sinal das pe\u00e7as individuais e tamb\u00e9m a quantidade de sinal enviada ao reverberador.<\/p>\n<p class=\"p1\"><b><i>VCA Master, qual sua fun\u00e7\u00e3o?<\/i><\/b><\/p>\n<p class=\"p2\">O VCA Master \u00e9 uma fun\u00e7\u00e3o antiga para usu\u00e1rios de Pro Tools HD, mas que j\u00e1 est\u00e1 dispon\u00edveis para todos os usu\u00e1rios a partir da vers\u00e3o 12.2 do Pro Tools.<\/p>\n<p class=\"p2\">Ele funciona como uma extens\u00e3o do track group. \u00c9 uma maneira mais conveniente de controlar estes grupos e fazer automa\u00e7\u00f5es.<\/p>\n<p class=\"p2\">Ent\u00e3o primeiramente temos que criar uma VCA Master e associa-lo a algum grupo (fig. 3).<\/p>\n<div id=\"attachment_9787\" style=\"width: 528px\" class=\"wp-caption aligncenter\"><img loading=\"lazy\" decoding=\"async\" aria-describedby=\"caption-attachment-9787\" class=\"wp-image-9787\" src=\"http:\/\/proclass.com.br\/home\/wp-content\/uploads\/2018\/06\/fig.-3-VCA-Master-associado-ao-track-group-da-bateria.png\" alt=\"\" width=\"518\" height=\"558\" srcset=\"https:\/\/proclass.com.br\/home\/wp-content\/uploads\/2018\/06\/fig.-3-VCA-Master-associado-ao-track-group-da-bateria.png 884w, https:\/\/proclass.com.br\/home\/wp-content\/uploads\/2018\/06\/fig.-3-VCA-Master-associado-ao-track-group-da-bateria-279x300.png 279w, https:\/\/proclass.com.br\/home\/wp-content\/uploads\/2018\/06\/fig.-3-VCA-Master-associado-ao-track-group-da-bateria-768x827.png 768w\" sizes=\"(max-width: 518px) 100vw, 518px\" \/><p id=\"caption-attachment-9787\" class=\"wp-caption-text\">fig. 3 &#8211; VCA Master associado ao track group da bateria<\/p><\/div>\n<p class=\"p2\">Uma vez associado, o usu\u00e1rio tem o melhor dos dois mundos. os faders dos canais individuais podem ser ajustados de forma independente e o fader do VCA master pode ser usado para ajustar todos os faders do grupo de uma vez.<\/p>\n<p class=\"p2\">Al\u00e9m disso, se o mixador quiser fazer uma automa\u00e7\u00e3o de volume na bateria, lembre-se de que se tivermos sends envolvidos, n\u00e3o devemos usar o fader do canal auxiliar.<\/p>\n<p class=\"p2\">Para n\u00e3o precisar fazer automa\u00e7\u00e3o em todos os canais individuais, o mixador pode utilizar o VCA master para tal, mantendo o conforto de trabalhar em apenas uma pista, mas que transporta dos resultados para os canais individuais.<\/p>\n<p class=\"p2\">E com isso, vamos ficar por aqui. N\u00e3o deixem de escrever com mais sugest\u00f5es para as pr\u00f3ximas edi\u00e7\u00f5es.<\/p>\n<p class=\"p2\">Abra\u00e7os!<\/p>\n<p><i><a href=\"http:\/\/proclass.com.br\/home\/wp-content\/uploads\/2012\/08\/cris3x4-blog-proclass.jpg\"><img loading=\"lazy\" decoding=\"async\" class=\"alignleft wp-image-1057 size-full\" src=\"http:\/\/proclass.com.br\/home\/wp-content\/uploads\/2012\/08\/cris3x4-blog-proclass.jpg\" alt=\"cris3x4 blog proclass\" width=\"74\" height=\"99\" \/><\/a>Cristiano Moura \u00e9 produtor musical e instrutor certificado da Avid. Atualmente leciona cursos oficiais em Pro Tools, Waves, Sibelius e os treinamentos em mixagem na ProClass. Por meio da ProClass, oferece consultoria, treinamentos customizados em todo o Brasil.<\/i><\/p>\n","protected":false},"excerpt":{"rendered":"<p>&nbsp; Artigo publicado na Backstage.\u00a0Para conhecer mais sobre a revista,\u00a0clique aqui. Para saber mais sobre treinamentos e certifica\u00e7\u00f5es oficiais em Waves, Pro Tools, Sibelius ou outros treinamentos em \u00e1udio,\u00a0clique aqui. &nbsp; Fun\u00e7\u00f5es semelhantes, mas cada uma com sua vantagem Pistas semelhantes por muitas vezes merecem o mesmo tratamento sonoro e \u00e9 natural tamb\u00e9m precisarmos executarContinue reading &rarr;<\/p>\n","protected":false},"author":4,"featured_media":9787,"comment_status":"closed","ping_status":"closed","sticky":false,"template":"","format":"standard","meta":{"footnotes":""},"categories":[17,1000],"tags":[],"class_list":["post-9784","post","type-post","status-publish","format-standard","has-post-thumbnail","hentry","category-artigos","category-pro-tools-2","has-thumb"],"yoast_head":"<!-- This site is optimized with the Yoast SEO plugin v26.9 - https:\/\/yoast.com\/product\/yoast-seo-wordpress\/ -->\n<title>Track Groups, Subgroups e VCA Master - PROCLASS<\/title>\n<meta name=\"robots\" content=\"index, follow, max-snippet:-1, max-image-preview:large, max-video-preview:-1\" \/>\n<link rel=\"canonical\" href=\"https:\/\/proclass.com.br\/home\/2018\/06\/track-groups-subgroups-e-vca-master\/\" \/>\n<meta property=\"og:locale\" content=\"pt_BR\" \/>\n<meta property=\"og:type\" content=\"article\" \/>\n<meta property=\"og:title\" content=\"Track Groups, Subgroups e VCA Master - PROCLASS\" \/>\n<meta property=\"og:description\" content=\"&nbsp; Artigo publicado na Backstage.\u00a0Para conhecer mais sobre a revista,\u00a0clique aqui. Para saber mais sobre treinamentos e certifica\u00e7\u00f5es oficiais em Waves, Pro Tools, Sibelius ou outros treinamentos em \u00e1udio,\u00a0clique aqui. &nbsp; Fun\u00e7\u00f5es semelhantes, mas cada uma com sua vantagem Pistas semelhantes por muitas vezes merecem o mesmo tratamento sonoro e \u00e9 natural tamb\u00e9m precisarmos executarContinue reading &rarr;\" \/>\n<meta property=\"og:url\" content=\"https:\/\/proclass.com.br\/home\/2018\/06\/track-groups-subgroups-e-vca-master\/\" \/>\n<meta property=\"og:site_name\" content=\"PROCLASS\" \/>\n<meta property=\"article:published_time\" content=\"2018-06-18T20:38:34+00:00\" \/>\n<meta property=\"og:image\" content=\"https:\/\/proclass.com.br\/home\/wp-content\/uploads\/2018\/06\/fig.-3-VCA-Master-associado-ao-track-group-da-bateria.png\" \/>\n\t<meta property=\"og:image:width\" content=\"884\" \/>\n\t<meta property=\"og:image:height\" content=\"952\" \/>\n\t<meta property=\"og:image:type\" content=\"image\/png\" \/>\n<meta name=\"author\" content=\"ProClass Treinamentos\" \/>\n<meta name=\"twitter:card\" content=\"summary_large_image\" \/>\n<meta name=\"twitter:label1\" content=\"Escrito por\" \/>\n\t<meta name=\"twitter:data1\" content=\"ProClass Treinamentos\" \/>\n\t<meta name=\"twitter:label2\" content=\"Est. tempo de leitura\" \/>\n\t<meta name=\"twitter:data2\" content=\"6 minutos\" \/>\n<script type=\"application\/ld+json\" class=\"yoast-schema-graph\">{\"@context\":\"https:\/\/schema.org\",\"@graph\":[{\"@type\":\"Article\",\"@id\":\"https:\/\/proclass.com.br\/home\/2018\/06\/track-groups-subgroups-e-vca-master\/#article\",\"isPartOf\":{\"@id\":\"https:\/\/proclass.com.br\/home\/2018\/06\/track-groups-subgroups-e-vca-master\/\"},\"author\":{\"name\":\"ProClass Treinamentos\",\"@id\":\"https:\/\/proclass.com.br\/home\/#\/schema\/person\/f89e1eb93d5d32c0bb465c52f87f5a00\"},\"headline\":\"Track Groups, Subgroups e VCA Master\",\"datePublished\":\"2018-06-18T20:38:34+00:00\",\"mainEntityOfPage\":{\"@id\":\"https:\/\/proclass.com.br\/home\/2018\/06\/track-groups-subgroups-e-vca-master\/\"},\"wordCount\":1142,\"publisher\":{\"@id\":\"https:\/\/proclass.com.br\/home\/#organization\"},\"image\":{\"@id\":\"https:\/\/proclass.com.br\/home\/2018\/06\/track-groups-subgroups-e-vca-master\/#primaryimage\"},\"thumbnailUrl\":\"https:\/\/proclass.com.br\/home\/wp-content\/uploads\/2018\/06\/fig.-3-VCA-Master-associado-ao-track-group-da-bateria.png\",\"articleSection\":[\"Artigos\",\"Pro Tools\"],\"inLanguage\":\"pt-BR\"},{\"@type\":\"WebPage\",\"@id\":\"https:\/\/proclass.com.br\/home\/2018\/06\/track-groups-subgroups-e-vca-master\/\",\"url\":\"https:\/\/proclass.com.br\/home\/2018\/06\/track-groups-subgroups-e-vca-master\/\",\"name\":\"Track Groups, Subgroups e VCA Master - PROCLASS\",\"isPartOf\":{\"@id\":\"https:\/\/proclass.com.br\/home\/#website\"},\"primaryImageOfPage\":{\"@id\":\"https:\/\/proclass.com.br\/home\/2018\/06\/track-groups-subgroups-e-vca-master\/#primaryimage\"},\"image\":{\"@id\":\"https:\/\/proclass.com.br\/home\/2018\/06\/track-groups-subgroups-e-vca-master\/#primaryimage\"},\"thumbnailUrl\":\"https:\/\/proclass.com.br\/home\/wp-content\/uploads\/2018\/06\/fig.-3-VCA-Master-associado-ao-track-group-da-bateria.png\",\"datePublished\":\"2018-06-18T20:38:34+00:00\",\"breadcrumb\":{\"@id\":\"https:\/\/proclass.com.br\/home\/2018\/06\/track-groups-subgroups-e-vca-master\/#breadcrumb\"},\"inLanguage\":\"pt-BR\",\"potentialAction\":[{\"@type\":\"ReadAction\",\"target\":[\"https:\/\/proclass.com.br\/home\/2018\/06\/track-groups-subgroups-e-vca-master\/\"]}]},{\"@type\":\"ImageObject\",\"inLanguage\":\"pt-BR\",\"@id\":\"https:\/\/proclass.com.br\/home\/2018\/06\/track-groups-subgroups-e-vca-master\/#primaryimage\",\"url\":\"https:\/\/proclass.com.br\/home\/wp-content\/uploads\/2018\/06\/fig.-3-VCA-Master-associado-ao-track-group-da-bateria.png\",\"contentUrl\":\"https:\/\/proclass.com.br\/home\/wp-content\/uploads\/2018\/06\/fig.-3-VCA-Master-associado-ao-track-group-da-bateria.png\",\"width\":884,\"height\":952},{\"@type\":\"BreadcrumbList\",\"@id\":\"https:\/\/proclass.com.br\/home\/2018\/06\/track-groups-subgroups-e-vca-master\/#breadcrumb\",\"itemListElement\":[{\"@type\":\"ListItem\",\"position\":1,\"name\":\"In\u00edcio\",\"item\":\"https:\/\/proclass.com.br\/home\/\"},{\"@type\":\"ListItem\",\"position\":2,\"name\":\"Track Groups, Subgroups e VCA Master\"}]},{\"@type\":\"WebSite\",\"@id\":\"https:\/\/proclass.com.br\/home\/#website\",\"url\":\"https:\/\/proclass.com.br\/home\/\",\"name\":\"PROCLASS\",\"description\":\"CURSOS E TREINAMENTOS\",\"publisher\":{\"@id\":\"https:\/\/proclass.com.br\/home\/#organization\"},\"potentialAction\":[{\"@type\":\"SearchAction\",\"target\":{\"@type\":\"EntryPoint\",\"urlTemplate\":\"https:\/\/proclass.com.br\/home\/?s={search_term_string}\"},\"query-input\":{\"@type\":\"PropertyValueSpecification\",\"valueRequired\":true,\"valueName\":\"search_term_string\"}}],\"inLanguage\":\"pt-BR\"},{\"@type\":\"Organization\",\"@id\":\"https:\/\/proclass.com.br\/home\/#organization\",\"name\":\"PROCLASS\",\"url\":\"https:\/\/proclass.com.br\/home\/\",\"logo\":{\"@type\":\"ImageObject\",\"inLanguage\":\"pt-BR\",\"@id\":\"https:\/\/proclass.com.br\/home\/#\/schema\/logo\/image\/\",\"url\":\"https:\/\/proclass.com.br\/home\/wp-content\/uploads\/2023\/06\/CABECALHO-black_PROCLASS-2023.png\",\"contentUrl\":\"https:\/\/proclass.com.br\/home\/wp-content\/uploads\/2023\/06\/CABECALHO-black_PROCLASS-2023.png\",\"width\":2563,\"height\":911,\"caption\":\"PROCLASS\"},\"image\":{\"@id\":\"https:\/\/proclass.com.br\/home\/#\/schema\/logo\/image\/\"}},{\"@type\":\"Person\",\"@id\":\"https:\/\/proclass.com.br\/home\/#\/schema\/person\/f89e1eb93d5d32c0bb465c52f87f5a00\",\"name\":\"ProClass Treinamentos\",\"image\":{\"@type\":\"ImageObject\",\"inLanguage\":\"pt-BR\",\"@id\":\"https:\/\/proclass.com.br\/home\/#\/schema\/person\/image\/\",\"url\":\"https:\/\/secure.gravatar.com\/avatar\/3878d7a575c7ac355d2c778d5de04af08b7c5a7d9f19b2889f26cc7d80a6a832?s=96&d=blank&r=g\",\"contentUrl\":\"https:\/\/secure.gravatar.com\/avatar\/3878d7a575c7ac355d2c778d5de04af08b7c5a7d9f19b2889f26cc7d80a6a832?s=96&d=blank&r=g\",\"caption\":\"ProClass Treinamentos\"},\"url\":\"https:\/\/proclass.com.br\/home\/author\/proclass\/\"}]}<\/script>\n<!-- \/ Yoast SEO plugin. -->","yoast_head_json":{"title":"Track Groups, Subgroups e VCA Master - PROCLASS","robots":{"index":"index","follow":"follow","max-snippet":"max-snippet:-1","max-image-preview":"max-image-preview:large","max-video-preview":"max-video-preview:-1"},"canonical":"https:\/\/proclass.com.br\/home\/2018\/06\/track-groups-subgroups-e-vca-master\/","og_locale":"pt_BR","og_type":"article","og_title":"Track Groups, Subgroups e VCA Master - PROCLASS","og_description":"&nbsp; Artigo publicado na Backstage.\u00a0Para conhecer mais sobre a revista,\u00a0clique aqui. Para saber mais sobre treinamentos e certifica\u00e7\u00f5es oficiais em Waves, Pro Tools, Sibelius ou outros treinamentos em \u00e1udio,\u00a0clique aqui. &nbsp; Fun\u00e7\u00f5es semelhantes, mas cada uma com sua vantagem Pistas semelhantes por muitas vezes merecem o mesmo tratamento sonoro e \u00e9 natural tamb\u00e9m precisarmos executarContinue reading &rarr;","og_url":"https:\/\/proclass.com.br\/home\/2018\/06\/track-groups-subgroups-e-vca-master\/","og_site_name":"PROCLASS","article_published_time":"2018-06-18T20:38:34+00:00","og_image":[{"width":884,"height":952,"url":"https:\/\/proclass.com.br\/home\/wp-content\/uploads\/2018\/06\/fig.-3-VCA-Master-associado-ao-track-group-da-bateria.png","type":"image\/png"}],"author":"ProClass Treinamentos","twitter_card":"summary_large_image","twitter_misc":{"Escrito por":"ProClass Treinamentos","Est. tempo de leitura":"6 minutos"},"schema":{"@context":"https:\/\/schema.org","@graph":[{"@type":"Article","@id":"https:\/\/proclass.com.br\/home\/2018\/06\/track-groups-subgroups-e-vca-master\/#article","isPartOf":{"@id":"https:\/\/proclass.com.br\/home\/2018\/06\/track-groups-subgroups-e-vca-master\/"},"author":{"name":"ProClass Treinamentos","@id":"https:\/\/proclass.com.br\/home\/#\/schema\/person\/f89e1eb93d5d32c0bb465c52f87f5a00"},"headline":"Track Groups, Subgroups e VCA Master","datePublished":"2018-06-18T20:38:34+00:00","mainEntityOfPage":{"@id":"https:\/\/proclass.com.br\/home\/2018\/06\/track-groups-subgroups-e-vca-master\/"},"wordCount":1142,"publisher":{"@id":"https:\/\/proclass.com.br\/home\/#organization"},"image":{"@id":"https:\/\/proclass.com.br\/home\/2018\/06\/track-groups-subgroups-e-vca-master\/#primaryimage"},"thumbnailUrl":"https:\/\/proclass.com.br\/home\/wp-content\/uploads\/2018\/06\/fig.-3-VCA-Master-associado-ao-track-group-da-bateria.png","articleSection":["Artigos","Pro Tools"],"inLanguage":"pt-BR"},{"@type":"WebPage","@id":"https:\/\/proclass.com.br\/home\/2018\/06\/track-groups-subgroups-e-vca-master\/","url":"https:\/\/proclass.com.br\/home\/2018\/06\/track-groups-subgroups-e-vca-master\/","name":"Track Groups, Subgroups e VCA Master - PROCLASS","isPartOf":{"@id":"https:\/\/proclass.com.br\/home\/#website"},"primaryImageOfPage":{"@id":"https:\/\/proclass.com.br\/home\/2018\/06\/track-groups-subgroups-e-vca-master\/#primaryimage"},"image":{"@id":"https:\/\/proclass.com.br\/home\/2018\/06\/track-groups-subgroups-e-vca-master\/#primaryimage"},"thumbnailUrl":"https:\/\/proclass.com.br\/home\/wp-content\/uploads\/2018\/06\/fig.-3-VCA-Master-associado-ao-track-group-da-bateria.png","datePublished":"2018-06-18T20:38:34+00:00","breadcrumb":{"@id":"https:\/\/proclass.com.br\/home\/2018\/06\/track-groups-subgroups-e-vca-master\/#breadcrumb"},"inLanguage":"pt-BR","potentialAction":[{"@type":"ReadAction","target":["https:\/\/proclass.com.br\/home\/2018\/06\/track-groups-subgroups-e-vca-master\/"]}]},{"@type":"ImageObject","inLanguage":"pt-BR","@id":"https:\/\/proclass.com.br\/home\/2018\/06\/track-groups-subgroups-e-vca-master\/#primaryimage","url":"https:\/\/proclass.com.br\/home\/wp-content\/uploads\/2018\/06\/fig.-3-VCA-Master-associado-ao-track-group-da-bateria.png","contentUrl":"https:\/\/proclass.com.br\/home\/wp-content\/uploads\/2018\/06\/fig.-3-VCA-Master-associado-ao-track-group-da-bateria.png","width":884,"height":952},{"@type":"BreadcrumbList","@id":"https:\/\/proclass.com.br\/home\/2018\/06\/track-groups-subgroups-e-vca-master\/#breadcrumb","itemListElement":[{"@type":"ListItem","position":1,"name":"In\u00edcio","item":"https:\/\/proclass.com.br\/home\/"},{"@type":"ListItem","position":2,"name":"Track Groups, Subgroups e VCA Master"}]},{"@type":"WebSite","@id":"https:\/\/proclass.com.br\/home\/#website","url":"https:\/\/proclass.com.br\/home\/","name":"PROCLASS","description":"CURSOS E TREINAMENTOS","publisher":{"@id":"https:\/\/proclass.com.br\/home\/#organization"},"potentialAction":[{"@type":"SearchAction","target":{"@type":"EntryPoint","urlTemplate":"https:\/\/proclass.com.br\/home\/?s={search_term_string}"},"query-input":{"@type":"PropertyValueSpecification","valueRequired":true,"valueName":"search_term_string"}}],"inLanguage":"pt-BR"},{"@type":"Organization","@id":"https:\/\/proclass.com.br\/home\/#organization","name":"PROCLASS","url":"https:\/\/proclass.com.br\/home\/","logo":{"@type":"ImageObject","inLanguage":"pt-BR","@id":"https:\/\/proclass.com.br\/home\/#\/schema\/logo\/image\/","url":"https:\/\/proclass.com.br\/home\/wp-content\/uploads\/2023\/06\/CABECALHO-black_PROCLASS-2023.png","contentUrl":"https:\/\/proclass.com.br\/home\/wp-content\/uploads\/2023\/06\/CABECALHO-black_PROCLASS-2023.png","width":2563,"height":911,"caption":"PROCLASS"},"image":{"@id":"https:\/\/proclass.com.br\/home\/#\/schema\/logo\/image\/"}},{"@type":"Person","@id":"https:\/\/proclass.com.br\/home\/#\/schema\/person\/f89e1eb93d5d32c0bb465c52f87f5a00","name":"ProClass Treinamentos","image":{"@type":"ImageObject","inLanguage":"pt-BR","@id":"https:\/\/proclass.com.br\/home\/#\/schema\/person\/image\/","url":"https:\/\/secure.gravatar.com\/avatar\/3878d7a575c7ac355d2c778d5de04af08b7c5a7d9f19b2889f26cc7d80a6a832?s=96&d=blank&r=g","contentUrl":"https:\/\/secure.gravatar.com\/avatar\/3878d7a575c7ac355d2c778d5de04af08b7c5a7d9f19b2889f26cc7d80a6a832?s=96&d=blank&r=g","caption":"ProClass Treinamentos"},"url":"https:\/\/proclass.com.br\/home\/author\/proclass\/"}]}},"_links":{"self":[{"href":"https:\/\/proclass.com.br\/home\/wp-json\/wp\/v2\/posts\/9784","targetHints":{"allow":["GET"]}}],"collection":[{"href":"https:\/\/proclass.com.br\/home\/wp-json\/wp\/v2\/posts"}],"about":[{"href":"https:\/\/proclass.com.br\/home\/wp-json\/wp\/v2\/types\/post"}],"author":[{"embeddable":true,"href":"https:\/\/proclass.com.br\/home\/wp-json\/wp\/v2\/users\/4"}],"replies":[{"embeddable":true,"href":"https:\/\/proclass.com.br\/home\/wp-json\/wp\/v2\/comments?post=9784"}],"version-history":[{"count":0,"href":"https:\/\/proclass.com.br\/home\/wp-json\/wp\/v2\/posts\/9784\/revisions"}],"wp:featuredmedia":[{"embeddable":true,"href":"https:\/\/proclass.com.br\/home\/wp-json\/wp\/v2\/media\/9787"}],"wp:attachment":[{"href":"https:\/\/proclass.com.br\/home\/wp-json\/wp\/v2\/media?parent=9784"}],"wp:term":[{"taxonomy":"category","embeddable":true,"href":"https:\/\/proclass.com.br\/home\/wp-json\/wp\/v2\/categories?post=9784"},{"taxonomy":"post_tag","embeddable":true,"href":"https:\/\/proclass.com.br\/home\/wp-json\/wp\/v2\/tags?post=9784"}],"curies":[{"name":"wp","href":"https:\/\/api.w.org\/{rel}","templated":true}]}}