{"id":9578,"date":"2018-04-25T19:20:31","date_gmt":"2018-04-25T22:20:31","guid":{"rendered":"http:\/\/proclass.com.br\/home\/?p=9578"},"modified":"2020-12-16T15:45:27","modified_gmt":"2020-12-16T18:45:27","slug":"pro-tools-e-macos-high-sierra-configuracoes-de-otimizacao","status":"publish","type":"post","link":"https:\/\/proclass.com.br\/home\/2018\/04\/pro-tools-e-macos-high-sierra-configuracoes-de-otimizacao\/","title":{"rendered":"Pro Tools e macOS High Sierra &#8211; Configura\u00e7\u00f5es de otimiza\u00e7\u00e3o"},"content":{"rendered":"\t\t<div data-elementor-type=\"wp-post\" data-elementor-id=\"9578\" class=\"elementor elementor-9578\" data-elementor-post-type=\"post\">\n\t\t\t\t\t\t<section class=\"elementor-section elementor-top-section elementor-element elementor-element-639643c9 elementor-section-boxed elementor-section-height-default elementor-section-height-default\" data-id=\"639643c9\" data-element_type=\"section\">\n\t\t\t\t\t\t<div class=\"elementor-container elementor-column-gap-default\">\n\t\t\t\t\t<div class=\"elementor-column elementor-col-100 elementor-top-column elementor-element elementor-element-69ff9eb7\" data-id=\"69ff9eb7\" data-element_type=\"column\">\n\t\t\t<div class=\"elementor-widget-wrap elementor-element-populated\">\n\t\t\t\t\t\t<div class=\"elementor-element elementor-element-5a7e131 elementor-widget elementor-widget-text-editor\" data-id=\"5a7e131\" data-element_type=\"widget\" data-widget_type=\"text-editor.default\">\n\t\t\t\t<div class=\"elementor-widget-container\">\n\t\t\t\t\t\t\t\t\t<h3>Problemas comuns que este texto pode solucionar:<\/h3>\nPro Tools software ou hardware drivers falham durante a instala\u00e7\u00e3o\nPro Tools n\u00e3o inicia\nNenhum LED de energia acende em uma interface Avid conectada via USB\nV\u00e1rios erros AAE (-1115, -1146, -5000, -6085, -6086, -6093, -6097, -6101, -9060, -9131, -9073, -9093, -9128 , -9129)\nBaixa performance do Pro Tools (sobrecarregamento do sistema mesmo com poucos plug-ins ou pistas)\n\nPro Tools pode ser prejudicado por configura\u00e7\u00f5es do sistema e outros softwares e hardwares instalados no seu computador. Para o melhor desempenho poss\u00edvel, \u00e9 recomend\u00e1vel que voc\u00ea fa\u00e7a o seguinte:\n<h3>&gt;Otimiza\u00e7\u00f5es<\/h3>\n<ul>\n \t<li>Otimiza\u00e7\u00f5es Necess\u00e1rias<\/li>\n \t<li>Abrindo as Prefer\u00eancias do Sistema<\/li>\n \t<li>Otimize o Economizador de Energia<\/li>\n \t<li>Desativar o Wi-Fi<\/li>\n \t<li>Desativar redes FireWire<\/li>\n \t<li>Desativar a prote\u00e7\u00e3o do FileVault<\/li>\n \t<li>Atualizar Drivers iLok<\/li>\n \t<li>Desativar Atualiza\u00e7\u00f5es Autom\u00e1ticas<\/li>\n \t<li>Desativar App Nap<\/li>\n<\/ul>\n<h3>.Otimiza\u00e7\u00f5es opcionais<\/h3>\n<ul>\n \t<li>N\u00e3o ouvir entrada ou sa\u00edda\n<ul>\n \t<li><span class=\"Apple-converted-space\">&nbsp;&nbsp; <\/span>Configura\u00e7\u00e3o de I\/O padr\u00e3o<\/li>\n \t<li><span class=\"Apple-converted-space\">&nbsp;&nbsp; <\/span>Criar nova sess\u00e3o com mix est\u00e9reo<\/li>\n<\/ul>\n<\/li>\n \t<li>Ativar a indexa\u00e7\u00e3o do Spotlight<\/li>\n \t<li>Desativar o Sensor de movimento repentino (somente para laptops)<\/li>\n \t<li>Desativar a troca autom\u00e1tica de gr\u00e1ficos (somente para laptops)<\/li>\n<\/ul>\n<h3>&gt;Solu\u00e7\u00e3o de problemas<\/h3>\n<ul>\n \t<li>Excluindo Arquivos de Prefer\u00eancia, \u00c1rea de Trabalho e WaveCache do Pro Tools<\/li>\n \t<li>Desinstalar e reinstalar o Pro Tools<\/li>\n \t<li>Nova conta de usu\u00e1rio<\/li>\n \t<li>Remover itens de login<\/li>\n \t<li>Remover itens de inicializa\u00e7\u00e3o<\/li>\n \t<li>Verificar a compatibilidade do plug-in<\/li>\n<\/ul>\n&nbsp;\n<h1>Otimiza\u00e7\u00f5es<\/h1>\n<h3>&gt;Abrindo as Prefer\u00eancias do Sistema<\/h3>\n<ol>\n \t<li>Para acessar as Prefer\u00eancias do Sistema no macOS, fa\u00e7a o seguinte:<\/li>\n \t<li>Clique no menu Apple no canto superior esquerdo da tela<\/li>\n \t<li>Escolha Prefer\u00eancias do Sistema<\/li>\n<\/ol>\n<h3><\/h3>\n<h3>&gt;Otimize o Economizador de Energia<\/h3>\nEssa otimiza\u00e7\u00e3o libera recursos do sistema, al\u00e9m de impedir que o computador entre no modo de suspens\u00e3o ou espera, o que pode causar falhas de \u00e1udio com o software e hardware Pro Tools.\n<ol>\n \t<li>Abra as Prefer\u00eancias do Sistema.<\/li>\n \t<li>Clique em &#8220;Economizador de energia&#8221;.<\/li>\n \t<li>Siga um destes procedimentos (a op\u00e7\u00e3o dispon\u00edvel depende do modelo do seu computador).<\/li>\n \t<li><span class=\"Apple-converted-space\">&nbsp;&nbsp; <\/span>Se presente, defina o controle deslizante &#8216;Suspens\u00e3o do computador&#8217; para &#8216;Nunca&#8217;<\/li>\n \t<li><span class=\"Apple-converted-space\">&nbsp;&nbsp; <\/span>Caso contr\u00e1rio, marque a caixa que diz &#8220;Evitar que o computador durma automaticamente<span class=\"Apple-converted-space\">&nbsp; &nbsp; &nbsp; <\/span>quando a tela estiver desligada&#8221;.<\/li>\n \t<li>Desmarque a caixa &#8220;Colocar discos r\u00edgidos para dormir quando poss\u00edvel&#8221;.<\/li>\n \t<li>Desmarque a caixa &#8220;Ativar Power Nap&#8221;<\/li>\n \t<li>de volta ao topo<\/li>\n<\/ol>\n<h3><\/h3>\n<h3>&gt;Desativar o Wi-Fi<\/h3>\nSe o seu computador estiver equipado com Bluetooth sem fio e \/ ou Wi-Fi, talvez seja necess\u00e1rio desativ\u00e1-lo para que o Pro Tools funcione corretamente. Al\u00e9m de liberar recursos do sistema, desabilit\u00e1-los pode ajudar a resolver os erros da DAE -6085, -6086 e -6101.\n<ol>\n \t<li>Abra as Prefer\u00eancias do Sistema.<\/li>\n \t<li>Clique em &#8220;Rede&#8221;.<\/li>\n \t<li>Na barra lateral esquerda, clique em Wi-Fi.<\/li>\n \t<li>Clique no bot\u00e3o que diz Desligar o Wi-Fi.<\/li>\n<\/ol>\n<h3><\/h3>\n<h3>&gt;Desativar redes FireWire (somente dispositivos FireWire)<\/h3>\nEssa otimiza\u00e7\u00e3o pode ajudar a liberar largura de banda no barramento firewire e permitir que os dispositivos FireWire da Digidesign funcionem com mais efici\u00eancia.\n<ol>\n \t<li>Abra as Prefer\u00eancias do Sistema.<\/li>\n \t<li>Clique em &#8220;Rede&#8221;.<\/li>\n \t<li>Na barra lateral esquerda, clique em FireWire \/ Built-In FireWire \/ Thunderbolt FireWire (pode n\u00e3o estar presente dependendo do modelo do computador).<\/li>\n \t<li>Clique no menu suspenso para &#8216;Configurar IPv4&#8217; e escolha Desligado.<\/li>\n \t<li>Clique em Aplicar e reinicie o seu computador.<\/li>\n<\/ol>\n&nbsp;\n<h3>&gt;Desativar a prote\u00e7\u00e3o do FileVault<\/h3>\nEssa otimiza\u00e7\u00e3o permitir\u00e1 que seu disco r\u00edgido funcione de maneira mais eficiente com o Pro Tools e pode impedir que o DAE Error -9035 ocorra.\n<ol>\n \t<li>Abra as Prefer\u00eancias do Sistema.<\/li>\n \t<li>Clique em &#8220;Seguran\u00e7a e Privacidade&#8221;.<\/li>\n \t<li>Clique na aba &#8216;FileVault&#8217;.<\/li>\n \t<li>Nessa janela, localize onde est\u00e1: &#8216;A prote\u00e7\u00e3o do FileVault \u00e9 (ligado \/ desligado) para o disco r\u00edgido &#8230;&#8217;.<\/li>\n \t<li>Se o FileVault estiver ativado, clique no bot\u00e3o para &#8220;Desativar o FileVault\u201d.<\/li>\n<\/ol>\n<h3><\/h3>\n<h3>&gt;Atualizar Drivers iLok<\/h3>\nIsso pode ajudar a resolver problemas ao iniciar o Pro Tools e alguns problemas de autoriza\u00e7\u00e3o de plug-in.\n<ol>\n \t<li>Visite o site da iLok (<a href=\"https:\/\/www.ilok.com\/#!home\">https:\/\/www.ilok.com\/#!home<\/a>)<\/li>\n \t<li>Baixe e instale o Gerenciador de Licen\u00e7as do iLok.<\/li>\n<\/ol>\n<h3><\/h3>\n<h3>&gt;Atualiza\u00e7\u00f5es autom\u00e1ticas<\/h3>\nAlgumas atualiza\u00e7\u00f5es no seu software Mac podem causar conflitos com o Pro Tools. Portanto, sugere-se desativar a funcionalidade de atualiza\u00e7\u00e3o autom\u00e1tica no sistema operacional. Se houver uma atualiza\u00e7\u00e3o que voc\u00ea precisa, voc\u00ea pode atualizar manualmente o seu software Mac meu clicando no menu da Apple no canto superior esquerdo da tela e escolha Atualiza\u00e7\u00e3o de Software.\n<ol>\n \t<li>Abra as Prefer\u00eancias do Sistema.<\/li>\n \t<li>Clique em &#8216;App Store&#8217;.<\/li>\n \t<li>Certifique-se de que a caixa &#8220;Verificar automaticamente se h\u00e1 atualiza\u00e7\u00f5es&#8221; est\u00e1 desmarcada.<\/li>\n<\/ol>\n<h3><\/h3>\n<h3>&gt;Desativar App Nap<\/h3>\nO App Nap pode afetar negativamente o EuControl, causando atrasos no tempo de resposta ao alterar par\u00e2metros em uma superf\u00edcie de controle. Isso ocorre porque o sistema operacional parece ver esse aplicativo como &#8220;inativo&#8221;, pois est\u00e1 oculto. Se voc\u00ea estiver usando uma superf\u00edcie EuCon, como um Aritst Mix ou S6, \u00e9 recomend\u00e1vel desativar o App Nap:\n<ol>\n \t<li>V\u00e1 para a pasta Aplicativos.<\/li>\n \t<li>V\u00e1 para a pasta Euphonix.<\/li>\n \t<li>Clique com o bot\u00e3o direito ou controle + clique no aplicativo EuControl e escolha Obter Informa\u00e7\u00f5es.<\/li>\n \t<li>Na janela EuControl Info, em Geral, voc\u00ea ver\u00e1 uma op\u00e7\u00e3o para evitar o App Nap.<\/li>\n \t<li>Note que App Nap est\u00e1 permanentemente desativado no Pro Tools vers\u00e3o 12.8 e superior, assim voc\u00ea n\u00e3o ver\u00e1 a op\u00e7\u00e3o para evitar App Nap<\/li>\n<\/ol>\n&nbsp;\n<h3>&gt;N\u00e3o ouvir entrada ou sa\u00edda<\/h3>\nSe voc\u00ea n\u00e3o conseguir entrar ou ouvir a sa\u00edda do Pro Tools, as seguintes solu\u00e7\u00f5es poder\u00e3o resolver o problema.\n\nConfirme se &nbsp;o Playback Engine est\u00e1 configurado corretamente\n<ol>\n \t<li>Clique no menu de Setup.<\/li>\n \t<li>Clique em Playback Engine.<\/li>\n \t<li>Certifique-se de que sua interface de \u00e1udio esteja selecionada como Playback Engine.<\/li>\n<\/ol>\n<h3><\/h3>\n<h3>-N\u00e3o ouvir entrada ou sa\u00edda<\/h3>\nSe voc\u00ea n\u00e3o conseguir ouvir a sa\u00edda do Pro Tools, as etapas de solu\u00e7\u00e3o de problemas a seguir poder\u00e3o corrigir o problema.\n\n<strong>Configura\u00e7\u00e3o de I \/ O padr\u00e3o:<\/strong>\n<ol>\n \t<li>Abra uma sess\u00e3o do Pro Tools.<\/li>\n \t<li>Clique no menu Setup.<\/li>\n \t<li>Clique em I \/ O.<\/li>\n \t<li>Por padr\u00e3o, voc\u00ea estar\u00e1 na aba OUTPUT. Clique no bot\u00e3o DEFAULT no canto inferior esquerdo.<\/li>\n \t<li>Clique na aba INPUT e depois no bot\u00e3o DEFAULT novamente.<\/li>\n \t<li>Clique na aba Bus e depois no bot\u00e3o DEFAULT novamente.<\/li>\n \t<li>Clique em OK para salvar essas altera\u00e7\u00f5es.<\/li>\n \t<li>Os caminhos de entrada e sa\u00edda da sua interface de \u00e1udio devem agora ser definidos para as configura\u00e7\u00f5es padr\u00e3o da sua interface de \u00e1udio.<\/li>\n \t<li>Verifique novamente suas configura\u00e7\u00f5es de entrada e sa\u00edda na janela Mix do Pro Tools para verificar se est\u00e3o endere\u00e7adas corretamente e teste novamente.<\/li>\n<\/ol>\n&nbsp;\n<h3>&gt; Criar nova sess\u00e3o com configura\u00e7\u00f5es de I\/O setting &nbsp;Stereo Mix:<\/h3>\n<ol>\n \t<li>Inicie o Pro Tools.<\/li>\n \t<li>Pelo menu File &gt; escolha Criar sess\u00e3o em branco.<\/li>\n \t<li>Para as configura\u00e7\u00f5es de I\/O Settings, escolha a op\u00e7\u00e3o <strong>Stereo Mix.<\/strong><\/li>\n \t<li>Clique OK.<\/li>\n<\/ol>\nA sess\u00e3o ser\u00e1 agora criada com as configura\u00e7\u00f5es padr\u00e3o de I\/O para sua interface de \u00e1udio. Fa\u00e7a um teste de grava\u00e7\u00e3o ou importe algum \u00e1udio e veja se o problema persiste.\n\nSe desejar, voc\u00ea pode renomear os caminhos de I\/O para como eles foram definidos antes, desde que tudo esteja funcionando corretamente. No menu Setup &gt; I\/O&#8230;, clique duas vezes no nome do nome que voc\u00ea deseja renomear, digite o novo nome.\n<h3><\/h3>\n<h3>&gt;Ativar a indexa\u00e7\u00e3o do Spotlight<\/h3>\nO Pro Tools 12 e superior depende da indexa\u00e7\u00e3o do Spotlight para opera\u00e7\u00f5es de pesquisa de banco de dados do Espa\u00e7o de Trabalho. Portanto, \u00e9 sugerido que o Spotlight tenha permiss\u00e3o para acessar todas as unidades montadas. Este ser\u00e1 o padr\u00e3o no El Capitan, mas para ter certeza de que nada est\u00e1 oculto no Spotlight, siga estas etapas:\n<ol>\n \t<li>Abra as Prefer\u00eancias do Sistema.<\/li>\n \t<li>Clique em &#8220;Spotlight&#8221;.<\/li>\n \t<li>Clique na guia Privacidade.<\/li>\n \t<li>Certifique-se de que nenhuma unidade apare\u00e7a nesta lista. Deve estar vazio.<\/li>\n \t<li>Se alguma unidade aparecer, destaque cada uma delas e clique no bot\u00e3o menos (-) abaixo da lista para remov\u00ea-las.<\/li>\n \t<li>Quando o Spotlight est\u00e1 ativado, passes longos de grava\u00e7\u00e3o (mais de 50 minutos) podem parar de gravar ap\u00f3s 50 minutos. Considere desabilitar o Spotlight para sess\u00f5es de grava\u00e7\u00e3o longas e reative-o quando terminar a grava\u00e7\u00e3o.<\/li>\n<\/ol>\n&nbsp;\n<h3>&gt;Desativar Sensor de movimento repentino (somente para laptops e n\u00e3o dispon\u00edvel em todos os modelos)<\/h3>\n-Se voc\u00ea estiver gravando em um ambiente barulhento, essa otimiza\u00e7\u00e3o impedir\u00e1 que o Sudden Motion Sensor seja ativado e exiba um erro -9073 no Pro Tools.\n<ol>\n \t<li>Clique duas vezes no \u00edcone do Macintosh HD em sua \u00e1rea de trabalho. (Esta seria a sua unidade do sistema se voc\u00ea a renomeou para outra coisa.)<\/li>\n \t<li>V\u00e1 para a pasta Aplicativos.<\/li>\n \t<li>V\u00e1 para a pasta Utilities.<\/li>\n \t<li>Clique duas vezes no terminal.<\/li>\n \t<li>Digite sudo pmset -a sms 0 e pressione Return. (Digitando &#8216;0&#8217; desativa.)<\/li>\n \t<li>Digite seu administrador quando solicitado.<\/li>\n \t<li>Digite sudo pmset -g para verificar se isso foi aplicado.<\/li>\n \t<li>-Para reativar o sensor de movimento repentino:<\/li>\n \t<li>Volte para o Terminal seguindo as etapas acima.<\/li>\n \t<li>Digite sudo pmset -a sms 1 e pressione Return. (Digitando &#8216;1&#8217; reativa.)<\/li>\n \t<li>Digite seu administrador quando solicitado.<\/li>\n \t<li>Digite sudo pmset -g para verificar se isso foi aplicado.<\/li>\n<\/ol>\n<h3><\/h3>\n<h3>&gt;Desativar Automatic Graphics Switching (somente para laptops e n\u00e3o est\u00e1 dispon\u00edvel em todos os modelos)<\/h3>\nIsso impedir\u00e1 que o sistema operacional alterne entre os processadores gr\u00e1ficos para economizar energia, o que pode causar erros durante a reprodu\u00e7\u00e3o ou a grava\u00e7\u00e3o.\n<ol>\n \t<li>Abra as Prefer\u00eancias do Sistema.<\/li>\n \t<li>V\u00e1 para Energy Saver.<\/li>\n \t<li>Desmarque a troca autom\u00e1tica de gr\u00e1ficos.<\/li>\n<\/ol>\n&nbsp;\n<h3>&gt;Excluindo Arquivos de Prefer\u00eancia, \u00c1rea de Trabalho e WaveCache do Pro Tools<\/h3>\nEstas s\u00e3o etapas importantes para resolver v\u00e1rios problemas, como erros de asser\u00e7\u00e3o, problemas gr\u00e1ficos ou de exibi\u00e7\u00e3o e outros problemas intermitentes n\u00e3o especificamente relacionados a hardware ou compatibilidade. Certifique-se de sair do Pro Tools antes de excluir esses arquivos e reinicie o computador posteriormente. Os arquivos ser\u00e3o recriados na pr\u00f3xima vez que o Pro Tools for iniciado.\n\n&nbsp;\n<h3>&gt;Prefer\u00eancias do Pro Tools<\/h3>\nEste procedimento ir\u00e1 redefinir as prefer\u00eancias do Pro Tools para um estado padr\u00e3o. Tente isso para corrigir o comportamento estranho ou err\u00e1tico no aplicativo:\n\nV\u00e1 para a pasta ~ \/ Library \/ Preferences \/ Avid \/ Pro Tools\n<ul>\n \t<li><span class=\"Apple-converted-space\">&nbsp;&nbsp; <\/span>No Finder, clique no menu Ir na barra de menu.<\/li>\n \t<li><span class=\"Apple-converted-space\">&nbsp;&nbsp; <\/span>Selecione Ir para a pasta.<\/li>\n \t<li><span class=\"Apple-converted-space\">&nbsp;&nbsp; <\/span>Digite o seguinte: ~ \/ Library \/ Preferences \/ Avid \/ Pro Tools e clique em Ir.<\/li>\n<\/ul>\nExclua todos os arquivos nesta pasta, incluindo:\n<ul>\n \t<li><span class=\"Apple-converted-space\">&nbsp;&nbsp; <\/span>AvidListFile.txt<\/li>\n \t<li><span class=\"Apple-converted-space\">&nbsp;&nbsp; <\/span>DSIPrefs<\/li>\n \t<li><span class=\"Apple-converted-space\">&nbsp;&nbsp; <\/span>InstaladoAAXPlugins<\/li>\n \t<li><span class=\"Apple-converted-space\">&nbsp;&nbsp; <\/span>\u00daltimo Used.pio<\/li>\n \t<li><span class=\"Apple-converted-space\">&nbsp;&nbsp; <\/span>Pro Tools Prefs<\/li>\n \t<li><span class=\"Apple-converted-space\">&nbsp;&nbsp; <\/span>updater.properties<\/li>\n<\/ul>\n<h3><\/h3>\n<h3>&gt;Arquivos de banco de dados do Pro Tools Workspace<\/h3>\nTente exclu\u00ed-los se voc\u00ea tiver problemas com base em arquivos, como problemas na pesquisa de arquivos de \u00e1udio no Espa\u00e7o de trabalho.\n\nIr para pasta \/ Usu\u00e1rios \/ Compartilhados \/ Pro Tools\n<ul>\n \t<li><span class=\"Apple-converted-space\">&nbsp;&nbsp; <\/span>No Finder, clique no menu Ir na barra de menu.<\/li>\n \t<li><span class=\"Apple-converted-space\">&nbsp;&nbsp; <\/span>Selecione Ir para a pasta.<\/li>\n \t<li><span class=\"Apple-converted-space\">&nbsp;&nbsp; <\/span>Digite o seguinte: \/ Users \/ Shared \/ Pro Tools e clique em Ir.<\/li>\n<\/ul>\nExclua a pasta Pro Tools, que cont\u00e9m os dois arquivos a seguir:\n<ul>\n \t<li><span class=\"Apple-converted-space\">&nbsp;&nbsp; <\/span>Workspace.wksp<\/li>\n \t<li><span class=\"Apple-converted-space\">&nbsp;&nbsp; <\/span>WaveCache.wfm<\/li>\n<\/ul>\nNota: Excluir o arquivo do espa\u00e7o de trabalho tamb\u00e9m excluir\u00e1 quaisquer cat\u00e1logos criados pelo usu\u00e1rio.\n<h3><\/h3>\n<h3>&gt;Desinstalar e reinstalar o Pro Tools<\/h3>\nDesinstalar e reinstalar o Pro Tools pode ajudar a resolver problemas com instala\u00e7\u00f5es corrompidas ou com falhas. Para desinstalar o Pro Tools 12 ou posterior, siga as instru\u00e7\u00f5es neste artigo:\n\n<strong>Como desinstalar manualmente o Pro Tools 11 (ou superior)<\/strong>\n\nPro Tools no Mac mudou para um pacote (arquivos contidos no aplicativo) com a vers\u00e3o 11.0, portanto, um desinstalador n\u00e3o est\u00e1 inclu\u00eddo.\n\nA desinstala\u00e7\u00e3o do Pro Tools 11 (e superior) no Mac \u00e9 feita por meio da lixeira do aplicativo Pro Tools. Existem arquivos associados, como plug-ins e prefer\u00eancias, mas n\u00e3o h\u00e1 problemas conhecidos em deixar esses arquivos em um sistema.\n\nSe reverter para uma vers\u00e3o anterior do Pro Tools (por exemplo, 12.0 para 11.3.1), basta mover os seguintes arquivos para a lixeira para remover manualmente o Pro Tools de um sistema Mac:\n<ul>\n \t<li>Mac HD \/ Aplica\u00e7\u00f5es \/ Pro Tools (app)<\/li>\n \t<li>Mac HD \/ Biblioteca \/ \u00c1udio \/ MIDI Patch Names \/ Avid (pasta)<\/li>\n \t<li>Mac HD \/ Biblioteca \/ Suporte a aplicativos \/ Software Propellerhead \/ Rex (pasta)<\/li>\n \t<li>Mac HD \/ Biblioteca \/ Suporte a Aplicativos \/ Avid \/ Audio (folder)<\/li>\n \t<li>Mac HD \/ Usu\u00e1rios \/ home \/ Library \/ Preferences \/ Avid \/ Pro Tools (pasta)<\/li>\n<\/ul>\n<strong>NOTAS:<\/strong>\n\n&#8211; A pasta Audio cont\u00e9m &#8220;Plug-In Settings&#8221;, &#8220;Plug-Ins&#8221; e &#8220;Plug-Ins (Unused)&#8221;\n\n&#8211; A maioria dos plug-ins de terceiros tamb\u00e9m s\u00e3o instalados nesta pasta &#8220;Plug-Ins&#8221;. Por favor, fa\u00e7a backup das pastas ou simplesmente v\u00e1 para a sua \u00e1rea de trabalho, se necess\u00e1rio.\n\n<strong>Como desinstalar manualmente o Pro Tools 10 e Pro Tools Express no Mac OS X Mavericks 10.9.x<\/strong>\n\nComo os desinstaladores Pro Tools 10 e Pro Tools Express n\u00e3o funcionam no Mac OS X Mavericks 10.9, siga as instru\u00e7\u00f5es abaixo se precisar remover o Pro Tools do seu sistema.\n\nNOTA: Isso remover\u00e1 todos os arquivos do 10 Pro Tools. Se voc\u00ea quiser manter seus arquivos salvos pelo usu\u00e1rio, fa\u00e7a o backup das seguintes pastas:\n<ul>\n \t<li>\/ Aplicativos \/ Avid \/ Pro Tools \/ IO Settings<\/li>\n \t<li>\/ Aplicativos \/ Avid \/ Pro Tools \/ Plug-In Maps<\/li>\n \t<li>\/ Aplicativos \/ Avid \/ Pro Tools \/ Modelos de sess\u00e3o<\/li>\n \t<li>\/ Library \/ Application Support \/ \u00c1vido \/ \u00c1udio \/ Plug-Ins (plug-ins AAX instalados. N\u00c3O elimine se o Pro Tools 11 estiver co-instalado.)<\/li>\n \t<li>\/ Library \/ Application Support \/ Configura\u00e7\u00f5es do Digidesign \/ Plug-In (predefini\u00e7\u00f5es para plug-ins instalados)<\/li>\n<\/ul>\n<h3>Para remover manualmente o Pro Tools 10, exclua os seguintes arquivos e pastas:<\/h3>\n<ul>\n \t<li>\/ Aplica\u00e7\u00f5es \/ Avid<\/li>\n \t<li>\/ Library \/ Application Support \/ Avid (Isso tamb\u00e9m excluir\u00e1 plug-ins AAX instalados. Consulte acima.)<\/li>\n \t<li>\/ Library \/ Application Support \/ Digidesign (Isso tamb\u00e9m excluir\u00e1 os plug-ins RTAS instalados.)<\/li>\n \t<li>\/ Biblioteca \/ Suporte a aplicativos \/ Software Propellerhead \/ REX<\/li>\n \t<li>\/ Biblioteca \/ \u00c1udio \/ Dispositivos MIDI \/ Digidesign Device List.middev<\/li>\n \t<li>\/ Biblioteca \/ \u00c1udio \/ Drivers MIDI \/ DigidesignDioMidiDriver.plugin<\/li>\n \t<li>\/ Library \/ Audio \/ MIDI Patch Names \/ Avid<\/li>\n \t<li>\/ Biblioteca \/ \u00c1udio \/ Plug-ins \/ HAL \/ Avid CoreAudio.plugin<\/li>\n \t<li>\/Library\/Frameworks\/AFnd.framework<\/li>\n \t<li>\/Library\/Frameworks\/CFnd.framework<\/li>\n \t<li>\/Library\/Frameworks\/DAE.framework<\/li>\n \t<li>\/Library\/Frameworks\/DFW.framework<\/li>\n \t<li>\/Library\/Frameworks\/DHS.framework<\/li>\n \t<li>\/Library\/Frameworks\/DigiPlatformSupport.framework<\/li>\n \t<li>\/Library\/Frameworks\/DirectIO.framework<\/li>\n \t<li>\/Library\/Frameworks\/DSI.framework<\/li>\n \t<li>\/Library\/Frameworks\/DSPManager.framework<\/li>\n \t<li>\/Library\/Frameworks\/DUI.framework<\/li>\n \t<li>\/System\/Library\/Extensions\/DigiDal.kext<\/li>\n \t<li>\/ Users \/ [User Name] \/Library\/Preferences\/com.digidesign\u2026 (Exclua todos os arquivos com este prefixo.)<\/li>\n \t<li>\/ Users \/ [Nome do usu\u00e1rio] \/ Library \/ Preferences \/ DAE Prefs<\/li>\n \t<li>\/ Users \/ [nome do usu\u00e1rio] \/Library\/Preferences\/DigiSetup.OSX<\/li>\n \t<li>\/ Users \/ [Nome do usu\u00e1rio] \/ Library \/ Preferences \/ Pro Tools Prefs<\/li>\n \t<li>Nota: O Avid n\u00e3o aceita o uso do Pro Tools 12.8.2 ou anterior com o Mac OS X 10.13. Al\u00e9m disso, o desinstalador do Pro Tools 10.3.10 e anterior n\u00e3o funcionar\u00e1 no Mac OS X 10.13 (High Sierra). Se voc\u00ea instalou o Pro Tools 10.3.x, voc\u00ea pode seguir o link acima para obter instru\u00e7\u00f5es sobre como desinstalar manualmente o software.<\/li>\n<\/ul>\n<span class=\"Apple-converted-space\">&nbsp;<\/span>\n<h3>&gt;Nova conta de usu\u00e1rio<\/h3>\nEsta solu\u00e7\u00e3o de problemas pode ajudar com problemas ao iniciar o Pro Tools. Problemas dentro e fora do Pro Tools podem ser causados \u200b\u200bpor prefer\u00eancias conflitantes de outros aplicativos. Uma nova conta de usu\u00e1rio n\u00e3o conter\u00e1 prefer\u00eancias de aplicativo de usu\u00e1rio no in\u00edcio, fornecendo um novo come\u00e7o.\n<ol>\n \t<li>Abra as Prefer\u00eancias do Sistema.<\/li>\n \t<li>Clique em &#8220;Usu\u00e1rios e grupos&#8221;.<\/li>\n \t<li>Clique no bot\u00e3o Bloquear para autenticar e digite sua senha.<\/li>\n \t<li>Clique no &#8216;+&#8217; abaixo da lista de usu\u00e1rios.<\/li>\n \t<li>Defina o tipo &#8220;Nova conta&#8221; como &#8220;Administrador&#8221;.<\/li>\n \t<li>D\u00ea a esse novo usu\u00e1rio qualquer nome e senha desejados.<\/li>\n \t<li>Clique em &#8220;Criar conta&#8221;.<\/li>\n \t<li>Em seguida, fa\u00e7a login nessa nova conta e execute o Pro Tools.<\/li>\n \t<li>V\u00e1 para o menu Apple e escolha &#8216;Log Out (Username)&#8217;.<\/li>\n \t<li>Aguarde a tela de login e fa\u00e7a login como o novo usu\u00e1rio.<\/li>\n \t<li>Inicie o Pro Tools.<\/li>\n<\/ol>\n<h3><\/h3>\n<h3>&gt;Remover itens de login<\/h3>\nItens de login s\u00e3o aplicativos que ser\u00e3o iniciados automaticamente ao fazer login em uma conta de usu\u00e1rio. Remova itens de login desnecess\u00e1rios para reduzir fontes de poss\u00edveis conflitos com o Pro Tools.\n<ol>\n \t<li>Abra as Prefer\u00eancias do Sistema.<\/li>\n \t<li>Clique em &#8220;Usu\u00e1rios e grupos&#8221;.<\/li>\n \t<li>Selecione a conta na qual voc\u00ea est\u00e1 logado no lado esquerdo.<\/li>\n \t<li>Clique em Itens de Login.<\/li>\n \t<li>Percorra a lista e selecione cada item, um de cada vez, e clique em &#8216;-&#8216; abaixo da lista para remover o item (contanto que voc\u00ea n\u00e3o precise dele para iniciar no login).<\/li>\n<\/ol>\n<h3><\/h3>\n<h3>&gt;Remover itens de inicializa\u00e7\u00e3o<\/h3>\nOs Itens de Inicializa\u00e7\u00e3o s\u00e3o semelhantes aos Itens de Login, mas iniciam na primeira inicializa\u00e7\u00e3o do computador, independentemente da conta de usu\u00e1rio que est\u00e1 sendo utilizada. Para remover itens de inicializa\u00e7\u00e3o desnecess\u00e1rios\n<ol>\n \t<li>Abra seu Macintosh HD.<\/li>\n \t<li>V\u00e1 para a pasta da biblioteca.<\/li>\n \t<li>V\u00e1 para a pasta StartupItems.<\/li>\n \t<li>Exclua qualquer item desnecess\u00e1rio.<\/li>\n<\/ol>\nOBSERVA\u00c7\u00c3O: Embora o sistema operacional n\u00e3o dependa de nada nessa pasta para operar, verifique a funcionalidade de quaisquer Itens de inicializa\u00e7\u00e3o desconhecidos antes de exclu\u00ed-los, para garantir que voc\u00ea n\u00e3o esteja perdendo nenhuma funcionalidade essencial.\n<h3><\/h3>\n<h3>&gt;Verificar compatibilidade do plug-in<\/h3>\nCertifique-se de que todos os plug-ins sejam compat\u00edveis com a vers\u00e3o do Pro Tools instalada em seu sistema. Verifique com programadores de terceiros para suas vers\u00f5es mais atualizadas.\n\n<strong>Para encontrar a vers\u00e3o de um plug-in instalado:<\/strong>\n\nIr para pasta \/ biblioteca \/ suporte a aplicativos \/ Avid \/ Audio \/ Plug-Ins\n<ul>\n \t<li><span class=\"Apple-converted-space\">&nbsp;&nbsp; <\/span>No Finder, clique no menu Ir na barra de menu.<\/li>\n \t<li><span class=\"Apple-converted-space\">&nbsp;&nbsp; <\/span>Selecione Ir para a pasta.<\/li>\n \t<li><span class=\"Apple-converted-space\">&nbsp;&nbsp; <\/span>Digite o seguinte: \/ Library \/ Application Support \/ Avid \/ Audio \/ Plug-Ins e clique em Ir.<\/li>\n<\/ul>\nClique uma vez no plug-in que voc\u00ea deseja verificar a vers\u00e3o do.\n<ul>\n \t<li>V\u00e1 para o menu Arquivo e escolha Obter informa\u00e7\u00f5es<\/li>\n \t<li>Na se\u00e7\u00e3o Geral, verifique o n\u00famero da vers\u00e3o.<\/li>\n \t<li>Nota: Somente plug-ins AAX de 64 bits funcionar\u00e3o no Pro Tools 12 ou posterior. Verifique com o fabricante do plug-in para ver se eles t\u00eam a vers\u00e3o AAX de 64 bits dispon\u00edvel.<\/li>\n<\/ul>\n<strong>Fonte: Avid.com<\/strong>\n\n&nbsp;\n\n&nbsp;\t\t\t\t\t\t\t\t<\/div>\n\t\t\t\t<\/div>\n\t\t\t\t\t<\/div>\n\t\t<\/div>\n\t\t\t\t\t<\/div>\n\t\t<\/section>\n\t\t\t\t<section class=\"elementor-section elementor-top-section elementor-element elementor-element-b89b80c elementor-section-height-min-height elementor-section-boxed elementor-section-height-default elementor-section-items-middle\" data-id=\"b89b80c\" data-element_type=\"section\" data-settings=\"{&quot;background_background&quot;:&quot;none&quot;}\">\n\t\t\t\t\t\t<div class=\"elementor-container elementor-column-gap-default\">\n\t\t\t\t\t<div class=\"elementor-column elementor-col-100 elementor-top-column elementor-element elementor-element-2f0b694\" data-id=\"2f0b694\" data-element_type=\"column\">\n\t\t\t<div class=\"elementor-widget-wrap elementor-element-populated\">\n\t\t\t\t\t\t<div class=\"elementor-element elementor-element-2eb6568 elementor-widget elementor-widget-heading\" data-id=\"2eb6568\" data-element_type=\"widget\" data-widget_type=\"heading.default\">\n\t\t\t\t<div class=\"elementor-widget-container\">\n\t\t\t\t\t<h5 class=\"elementor-heading-title elementor-size-xl\">Conhe\u00e7a o Curso de Pro Tools Online Oficial Avid\u200b<\/h5>\t\t\t\t<\/div>\n\t\t\t\t<\/div>\n\t\t\t\t<div class=\"elementor-element elementor-element-5fcdf16 elementor-widget elementor-widget-video\" data-id=\"5fcdf16\" data-element_type=\"widget\" data-settings=\"{&quot;show_image_overlay&quot;:&quot;yes&quot;,&quot;image_overlay&quot;:{&quot;url&quot;:&quot;https:\\\/\\\/proclass.com.br\\\/home\\\/wp-content\\\/uploads\\\/2020\\\/05\\\/Imagem-Abertura-site-PRO-TOOLS-Online.png&quot;,&quot;id&quot;:14316,&quot;size&quot;:&quot;&quot;},&quot;youtube_url&quot;:&quot;https:\\\/\\\/youtu.be\\\/jIOvMbM75gI&quot;,&quot;video_type&quot;:&quot;youtube&quot;,&quot;controls&quot;:&quot;yes&quot;}\" data-widget_type=\"video.default\">\n\t\t\t\t<div class=\"elementor-widget-container\">\n\t\t\t\t\t\t\t<div class=\"elementor-wrapper elementor-open-inline\">\n\t\t\t<div class=\"elementor-video\"><\/div>\t\t\t\t<div class=\"elementor-custom-embed-image-overlay\" style=\"background-image: url(https:\/\/proclass.com.br\/home\/wp-content\/uploads\/2020\/05\/Imagem-Abertura-site-PRO-TOOLS-Online.png);\">\n\t\t\t\t\t\t\t\t\t\t\t\t\t\t<\/div>\n\t\t\t\t\t<\/div>\n\t\t\t\t\t\t<\/div>\n\t\t\t\t<\/div>\n\t\t\t\t<div class=\"elementor-element elementor-element-b80c3b6 elementor-arrows-position-inside elementor-pagination-position-outside elementor-widget elementor-widget-image-carousel\" data-id=\"b80c3b6\" data-element_type=\"widget\" data-settings=\"{&quot;navigation&quot;:&quot;both&quot;,&quot;autoplay&quot;:&quot;yes&quot;,&quot;pause_on_hover&quot;:&quot;yes&quot;,&quot;pause_on_interaction&quot;:&quot;yes&quot;,&quot;autoplay_speed&quot;:5000,&quot;infinite&quot;:&quot;yes&quot;,&quot;speed&quot;:500}\" data-widget_type=\"image-carousel.default\">\n\t\t\t\t<div class=\"elementor-widget-container\">\n\t\t\t\t\t\t\t<div class=\"elementor-image-carousel-wrapper swiper\" role=\"region\" aria-roledescription=\"carousel\" aria-label=\"Carrossel de imagens\" dir=\"ltr\">\n\t\t\t<div class=\"elementor-image-carousel swiper-wrapper\" aria-live=\"off\">\n\t\t\t\t\t\t\t\t<div class=\"swiper-slide\" role=\"group\" aria-roledescription=\"slide\" aria-label=\"1 de 3\"><figure class=\"swiper-slide-inner\"><img decoding=\"async\" class=\"swiper-slide-image\" src=\"https:\/\/proclass.com.br\/home\/wp-content\/uploads\/2018\/01\/geidson150.jpg\" alt=\"&quot;Foi uma grande oportunidade de ter contato direto com os melhores profissionais, compartilhando conhecimento e experi\u00eancia. Foi excelente! Recomendo&quot; Geidson Eller - Sonoplasta na EBC\" \/><figcaption class=\"elementor-image-carousel-caption\">\"Foi uma grande oportunidade de ter contato direto com os melhores profissionais, compartilhando conhecimento e experi\u00eancia. Foi excelente! Recomendo\" <\/br><i>Geidson Eller - Sonoplasta na EBC<\/i><\/figcaption><\/figure><\/div><div class=\"swiper-slide\" role=\"group\" aria-roledescription=\"slide\" aria-label=\"2 de 3\"><figure class=\"swiper-slide-inner\"><img decoding=\"async\" class=\"swiper-slide-image\" src=\"https:\/\/proclass.com.br\/home\/wp-content\/uploads\/2018\/01\/julia-passos-150x150.jpg\" alt=\"&quot;A qualidade das aulas \u00e9 incr\u00edvel, e o dom\u00ednio do conte\u00fado por parte do instrutor torna a aula mais din\u00e2mica e f\u00e1cil de aprender&quot; J\u00falia Passos  - Musicista\" \/><figcaption class=\"elementor-image-carousel-caption\">\"A qualidade das aulas \u00e9 incr\u00edvel, e o dom\u00ednio do conte\u00fado por parte do instrutor torna a aula mais din\u00e2mica e f\u00e1cil de aprender\"<\/br><i> J\u00falia Passos  - Musicista<\/i><\/figcaption><\/figure><\/div><div class=\"swiper-slide\" role=\"group\" aria-roledescription=\"slide\" aria-label=\"3 de 3\"><figure class=\"swiper-slide-inner\"><img decoding=\"async\" class=\"swiper-slide-image\" src=\"https:\/\/proclass.com.br\/home\/wp-content\/uploads\/2018\/02\/Natalia-Rodrigues-150x150.jpg\" alt=\"&quot;Material completo, atendimento maravilhoso, instrutor capacitado, metodologia excelente&quot; -  Natalia Rodrigues  - Engenheira de Som\" \/><figcaption class=\"elementor-image-carousel-caption\">\"Material completo, atendimento maravilhoso, instrutor capacitado, metodologia excelente\" - <\/br><i> Natalia Rodrigues  - Engenheira de Som<\/i><\/figcaption><\/figure><\/div>\t\t\t<\/div>\n\t\t\t\t\t\t\t\t\t\t\t\t<div class=\"elementor-swiper-button elementor-swiper-button-prev\" role=\"button\" tabindex=\"0\">\n\t\t\t\t\t\t<i aria-hidden=\"true\" class=\"eicon-chevron-left\"><\/i>\t\t\t\t\t<\/div>\n\t\t\t\t\t<div class=\"elementor-swiper-button elementor-swiper-button-next\" role=\"button\" tabindex=\"0\">\n\t\t\t\t\t\t<i aria-hidden=\"true\" class=\"eicon-chevron-right\"><\/i>\t\t\t\t\t<\/div>\n\t\t\t\t\n\t\t\t\t\t\t\t\t\t<div class=\"swiper-pagination\"><\/div>\n\t\t\t\t\t\t\t\t\t<\/div>\n\t\t\t\t\t\t<\/div>\n\t\t\t\t<\/div>\n\t\t\t\t\t<\/div>\n\t\t<\/div>\n\t\t\t\t\t<\/div>\n\t\t<\/section>\n\t\t\t\t<section class=\"elementor-section elementor-top-section elementor-element elementor-element-9f72e56 elementor-section-boxed elementor-section-height-default elementor-section-height-default\" data-id=\"9f72e56\" data-element_type=\"section\">\n\t\t\t\t\t\t<div class=\"elementor-container elementor-column-gap-default\">\n\t\t\t\t\t<div class=\"elementor-column elementor-col-100 elementor-top-column elementor-element elementor-element-b589957\" data-id=\"b589957\" data-element_type=\"column\">\n\t\t\t<div class=\"elementor-widget-wrap elementor-element-populated\">\n\t\t\t\t\t\t<div class=\"elementor-element elementor-element-c37d9a7 elementor-widget elementor-widget-wp-widget-sow-price-table\" data-id=\"c37d9a7\" data-element_type=\"widget\" data-widget_type=\"wp-widget-sow-price-table.default\">\n\t\t\t\t<div class=\"elementor-widget-container\">\n\t\t\t\t\t<div\n\t\t\t\n\t\t\tclass=\"so-widget-sow-price-table so-widget-sow-price-table-atom-39cee9c21f03\"\n\t\t\t\n\t\t>\n\n<div class=\"ow-pt-columns-atom sow-equalize-row-heights\">\n\n\t\t\t<div class=\"ow-pt-column ow-pt-first ow-pt-even\"\n\t\t\tstyle=\"width: 33.333%\">\n\t\t\t<div class=\"ow-pt-title\">\n\t\t\t\tPT 101\t\t\t\t\t\t\t\t\t<div class=\"ow-pt-subtitle\">\n\t\t\t\t\t\tVis\u00e3o geral do Pro Tools\t\t\t\t\t<\/div>\n\t\t\t\t\t\t\t<\/div>\n\n\t\t\t<div class=\"ow-pt-details\">\n\t\t\t\t<div class=\"ow-pt-price\">\n\t\t\t\t\t10X de R$29,70\t\t\t\t<\/div>\n\t\t\t\t\t\t\t\t<div class=\"ow-pt-per\">valor \u00e0 vista R$297,00<\/div>\n\t\t\t<\/div>\n\n\t\t\t\n\t\t\t<div class=\"ow-pt-features\">\n\t\t\t\t\t\t\t\t\t<div class=\"ow-pt-feature ow-pt-feature-even ow-pt-feature-index-0\" title=\"\">\n\n\t\t\t\t\t\t\t\t\t\t\t\t<div class=\"sow-feature-text\">\n\t\t\t\t\t\t\t<p>\n\t\t\t\t\t\t\t\tVis\u00e3o geral do software\t\t\t\t\t\t\t<\/p>\n\t\t\t\t\t\t<\/div>\n\t\t\t\t\t<\/div>\n\t\t\t\t\t\t\t\t\t<div class=\"ow-pt-feature ow-pt-feature-odd ow-pt-feature-index-1\" title=\"\">\n\n\t\t\t\t\t\t\t\t\t\t\t\t<div class=\"sow-feature-text\">\n\t\t\t\t\t\t\t<p>\n\t\t\t\t\t\t\t\tEdi\u00e7\u00e3o essencial de Audio e MIDI \t\t\t\t\t\t\t<\/p>\n\t\t\t\t\t\t<\/div>\n\t\t\t\t\t<\/div>\n\t\t\t\t\t\t\t\t\t<div class=\"ow-pt-feature ow-pt-feature-even ow-pt-feature-index-2\" title=\"\">\n\n\t\t\t\t\t\t\t\t\t\t\t\t<div class=\"sow-feature-text\">\n\t\t\t\t\t\t\t<p>\n\t\t\t\t\t\t\t\tGrava\u00e7\u00e3o de \u00e1udio e MIDI\t\t\t\t\t\t\t<\/p>\n\t\t\t\t\t\t<\/div>\n\t\t\t\t\t<\/div>\n\t\t\t\t\t\t\t\t\t<div class=\"ow-pt-feature ow-pt-feature-odd ow-pt-feature-index-3\" title=\"\">\n\n\t\t\t\t\t\t\t\t\t\t\t\t<div class=\"sow-feature-text\">\n\t\t\t\t\t\t\t<p>\n\t\t\t\t\t\t\t\tPrinc\u00edpios de Mixagem\t\t\t\t\t\t\t<\/p>\n\t\t\t\t\t\t<\/div>\n\t\t\t\t\t<\/div>\n\t\t\t\t\t\t\t\t\t<div class=\"ow-pt-feature ow-pt-feature-even ow-pt-feature-index-4\" title=\"\">\n\n\t\t\t\t\t\t\t\t\t\t\t\t<div class=\"sow-feature-text\">\n\t\t\t\t\t\t\t<p>\n\t\t\t\t\t\t\t\tFinaliza\u00e7\u00e3o e Backup\t\t\t\t\t\t\t<\/p>\n\t\t\t\t\t\t<\/div>\n\t\t\t\t\t<\/div>\n\t\t\t\t\t\t\t\t\t<div class=\"ow-pt-feature ow-pt-feature-odd ow-pt-feature-index-5\" title=\"\">\n\n\t\t\t\t\t\t\t\t\t\t\t\t<div class=\"sow-feature-text\">\n\t\t\t\t\t\t\t<p>\n\t\t\t\t\t\t\t\tCertificado emitido pela ProClass\t\t\t\t\t\t\t<\/p>\n\t\t\t\t\t\t<\/div>\n\t\t\t\t\t<\/div>\n\t\t\t\t\t\t\t\t\t<div class=\"ow-pt-feature ow-pt-feature-even ow-pt-feature-index-6\" title=\"\">\n\n\t\t\t\t\t\t\t\t\t\t\t\t<div class=\"sow-feature-text\">\n\t\t\t\t\t\t\t<p>\n\t\t\t\t\t\t\t\tMaterial dispon\u00edvel por 4 meses\t\t\t\t\t\t\t<\/p>\n\t\t\t\t\t\t<\/div>\n\t\t\t\t\t<\/div>\n\t\t\t\t\t\t\t<\/div>\n\n\t\t\t\t\t\t\t<div class=\"ow-pt-button\">\n\t\t\t\t\t<a\n\t\t\t\t\t\thref=\"https:\/\/pay.hotmart.com\/K6250115E?off=0fhp7h5s\"\n\t\t\t\t\t\tclass=\"ow-pt-link\" \t\t\t\t\t>Fazer Inscri\u00e7\u00e3o<\/a>\n\t\t\t\t<\/div>\n\t\t\t\t\t<\/div>\n\t\t\t\t<div class=\"ow-pt-column ow-pt-odd\"\n\t\t\tstyle=\"width: 33.333%\">\n\t\t\t<div class=\"ow-pt-title\">\n\t\t\t\tPT 110\t\t\t\t\t\t\t\t\t<div class=\"ow-pt-subtitle\">\n\t\t\t\t\t\tVis\u00e3o expandida do Pro Tools\t\t\t\t\t<\/div>\n\t\t\t\t\t\t\t<\/div>\n\n\t\t\t<div class=\"ow-pt-details\">\n\t\t\t\t<div class=\"ow-pt-price\">\n\t\t\t\t\t10X de R$69,70\t\t\t\t<\/div>\n\t\t\t\t\t\t\t\t<div class=\"ow-pt-per\">valor \u00e0 vista R$697,00<\/div>\n\t\t\t<\/div>\n\n\t\t\t\n\t\t\t<div class=\"ow-pt-features\">\n\t\t\t\t\t\t\t\t\t<div class=\"ow-pt-feature ow-pt-feature-even ow-pt-feature-index-0\" title=\"\">\n\n\t\t\t\t\t\t\t\t\t\t\t\t<div class=\"sow-feature-text\">\n\t\t\t\t\t\t\t<p>\n\t\t\t\t\t\t\t\tConfigura\u00e7\u00f5es de sistema\t\t\t\t\t\t\t<\/p>\n\t\t\t\t\t\t<\/div>\n\t\t\t\t\t<\/div>\n\t\t\t\t\t\t\t\t\t<div class=\"ow-pt-feature ow-pt-feature-odd ow-pt-feature-index-1\" title=\"\">\n\n\t\t\t\t\t\t\t\t\t\t\t\t<div class=\"sow-feature-text\">\n\t\t\t\t\t\t\t<p>\n\t\t\t\t\t\t\t\tT\u00e9cnicas de edi\u00e7\u00e3o avan\u00e7ada\t\t\t\t\t\t\t<\/p>\n\t\t\t\t\t\t<\/div>\n\t\t\t\t\t<\/div>\n\t\t\t\t\t\t\t\t\t<div class=\"ow-pt-feature ow-pt-feature-even ow-pt-feature-index-2\" title=\"\">\n\n\t\t\t\t\t\t\t\t\t\t\t\t<div class=\"sow-feature-text\">\n\t\t\t\t\t\t\t<p>\n\t\t\t\t\t\t\t\tProdu\u00e7\u00e3o avan\u00e7ada com MIDI\t\t\t\t\t\t\t<\/p>\n\t\t\t\t\t\t<\/div>\n\t\t\t\t\t<\/div>\n\t\t\t\t\t\t\t\t\t<div class=\"ow-pt-feature ow-pt-feature-odd ow-pt-feature-index-3\" title=\"\">\n\n\t\t\t\t\t\t\t\t\t\t\t\t<div class=\"sow-feature-text\">\n\t\t\t\t\t\t\t<p>\n\t\t\t\t\t\t\t\tOp\u00e7\u00f5es avan\u00e7adas de grava\u00e7\u00e3o\t\t\t\t\t\t\t<\/p>\n\t\t\t\t\t\t<\/div>\n\t\t\t\t\t<\/div>\n\t\t\t\t\t\t\t\t\t<div class=\"ow-pt-feature ow-pt-feature-even ow-pt-feature-index-4\" title=\"\">\n\n\t\t\t\t\t\t\t\t\t\t\t\t<div class=\"sow-feature-text\">\n\t\t\t\t\t\t\t<p>\n\t\t\t\t\t\t\t\tT\u00e9cnicas de mixagem com m\u00faltiplas pistas: Submix, automa\u00e7\u00e3o, Plug-ins...\t\t\t\t\t\t\t<\/p>\n\t\t\t\t\t\t<\/div>\n\t\t\t\t\t<\/div>\n\t\t\t\t\t\t\t\t\t<div class=\"ow-pt-feature ow-pt-feature-odd ow-pt-feature-index-5\" title=\"\">\n\n\t\t\t\t\t\t\t\t\t\t\t\t<div class=\"sow-feature-text\">\n\t\t\t\t\t\t\t<p>\n\t\t\t\t\t\t\t\tVis\u00e3o aprofundada das op\u00e7\u00f5es de automa\u00e7\u00e3o\t\t\t\t\t\t\t<\/p>\n\t\t\t\t\t\t<\/div>\n\t\t\t\t\t<\/div>\n\t\t\t\t\t\t\t\t\t<div class=\"ow-pt-feature ow-pt-feature-even ow-pt-feature-index-6\" title=\"\">\n\n\t\t\t\t\t\t\t\t\t\t\t\t<div class=\"sow-feature-text\">\n\t\t\t\t\t\t\t<p>\n\t\t\t\t\t\t\t\tMaterial dispon\u00edvel por 4 meses\t\t\t\t\t\t\t<\/p>\n\t\t\t\t\t\t<\/div>\n\t\t\t\t\t<\/div>\n\t\t\t\t\t\t\t<\/div>\n\n\t\t\t\t\t\t\t<div class=\"ow-pt-button\">\n\t\t\t\t\t<a\n\t\t\t\t\t\thref=\"https:\/\/pay.hotmart.com\/K6250115E?off=5wxoa526\"\n\t\t\t\t\t\tclass=\"ow-pt-link\" \t\t\t\t\t>Fazer Inscri\u00e7\u00e3o<\/a>\n\t\t\t\t<\/div>\n\t\t\t\t\t<\/div>\n\t\t\t\t<div class=\"ow-pt-column ow-pt-last ow-pt-featured ow-pt-even\"\n\t\t\tstyle=\"width: 33.333%\">\n\t\t\t<div class=\"ow-pt-title\">\n\t\t\t\tPT 101 + 110\t\t\t\t\t\t\t\t\t<div class=\"ow-pt-subtitle\">\n\t\t\t\t\t\tTodo o conte\u00fado + videoconfer\u00eancias com o instrutor\t\t\t\t\t<\/div>\n\t\t\t\t\t\t\t<\/div>\n\n\t\t\t<div class=\"ow-pt-details\">\n\t\t\t\t<div class=\"ow-pt-price\">\n\t\t\t\t\t10X de R$99,70\t\t\t\t<\/div>\n\t\t\t\t\t\t\t\t<div class=\"ow-pt-per\">valor \u00e0 vista R$997,00<\/div>\n\t\t\t<\/div>\n\n\t\t\t\n\t\t\t<div class=\"ow-pt-features\">\n\t\t\t\t\t\t\t\t\t<div class=\"ow-pt-feature ow-pt-feature-even ow-pt-feature-index-0\" title=\"\">\n\n\t\t\t\t\t\t\t\t\t\t\t\t<div class=\"sow-feature-text\">\n\t\t\t\t\t\t\t<p>\n\t\t\t\t\t\t\t\tTodo o conte\u00fado do PT 101\t\t\t\t\t\t\t<\/p>\n\t\t\t\t\t\t<\/div>\n\t\t\t\t\t<\/div>\n\t\t\t\t\t\t\t\t\t<div class=\"ow-pt-feature ow-pt-feature-odd ow-pt-feature-index-1\" title=\"\">\n\n\t\t\t\t\t\t\t\t\t\t\t\t<div class=\"sow-feature-text\">\n\t\t\t\t\t\t\t<p>\n\t\t\t\t\t\t\t\tTodo o conte\u00fado do PT 110\t\t\t\t\t\t\t<\/p>\n\t\t\t\t\t\t<\/div>\n\t\t\t\t\t<\/div>\n\t\t\t\t\t\t\t\t\t<div class=\"ow-pt-feature ow-pt-feature-even ow-pt-feature-index-2\" title=\"\">\n\n\t\t\t\t\t\t\t\t\t\t\t\t<div class=\"sow-feature-text\">\n\t\t\t\t\t\t\t<p>\n\t\t\t\t\t\t\t\t4 encontros de 2h em particular por v\u00eddeoconfer\u00eancia com o instrutor, no hor\u00e1rio da sua prefer\u00eancia, para apresentar seus exerc\u00edcios e sanar d\u00favidas\t\t\t\t\t\t\t<\/p>\n\t\t\t\t\t\t<\/div>\n\t\t\t\t\t<\/div>\n\t\t\t\t\t\t\t\t\t<div class=\"ow-pt-feature ow-pt-feature-odd ow-pt-feature-index-3\" title=\"\">\n\n\t\t\t\t\t\t\t\t\t\t\t\t<div class=\"sow-feature-text\">\n\t\t\t\t\t\t\t<p>\n\t\t\t\t\t\t\t\tAl\u00e9m do certificado emitido pela ProClass, inclui prepara\u00e7\u00e3o para prestar o exame de certifica\u00e7\u00e3o oficial Avid (exames pagos \u00e0 parte)\t\t\t\t\t\t\t<\/p>\n\t\t\t\t\t\t<\/div>\n\t\t\t\t\t<\/div>\n\t\t\t\t\t\t\t\t\t<div class=\"ow-pt-feature ow-pt-feature-even ow-pt-feature-index-4\" title=\"\">\n\n\t\t\t\t\t\t\t\t\t\t\t\t<div class=\"sow-feature-text\">\n\t\t\t\t\t\t\t<p>\n\t\t\t\t\t\t\t\tMaterial dispon\u00edvel por 8 meses\t\t\t\t\t\t\t<\/p>\n\t\t\t\t\t\t<\/div>\n\t\t\t\t\t<\/div>\n\t\t\t\t\t\t\t<\/div>\n\n\t\t\t\t\t\t\t<div class=\"ow-pt-button\">\n\t\t\t\t\t<a\n\t\t\t\t\t\thref=\"https:\/\/pay.hotmart.com\/K6250115E?off=16dge42d\"\n\t\t\t\t\t\tclass=\"ow-pt-link\" \t\t\t\t\t>Fazer Inscri\u00e7\u00e3o<\/a>\n\t\t\t\t<\/div>\n\t\t\t\t\t<\/div>\n\t\t<\/div>\n<\/div>\t\t\t\t<\/div>\n\t\t\t\t<\/div>\n\t\t\t\t\t<\/div>\n\t\t<\/div>\n\t\t\t\t\t<\/div>\n\t\t<\/section>\n\t\t\t\t<section class=\"elementor-section elementor-top-section elementor-element elementor-element-6ecd62b elementor-section-boxed elementor-section-height-default elementor-section-height-default\" data-id=\"6ecd62b\" data-element_type=\"section\">\n\t\t\t\t\t\t<div class=\"elementor-container elementor-column-gap-default\">\n\t\t\t\t\t<div class=\"elementor-column elementor-col-100 elementor-top-column elementor-element elementor-element-89e3e17\" data-id=\"89e3e17\" data-element_type=\"column\">\n\t\t\t<div class=\"elementor-widget-wrap elementor-element-populated\">\n\t\t\t\t\t\t<div class=\"elementor-element elementor-element-1798782 elementor-widget elementor-widget-toggle\" data-id=\"1798782\" data-element_type=\"widget\" data-widget_type=\"toggle.default\">\n\t\t\t\t<div class=\"elementor-widget-container\">\n\t\t\t\t\t\t\t<div class=\"elementor-toggle\">\n\t\t\t\t\t\t\t<div class=\"elementor-toggle-item\">\n\t\t\t\t\t<div id=\"elementor-tab-title-2471\" class=\"elementor-tab-title\" data-tab=\"1\" role=\"button\" aria-controls=\"elementor-tab-content-2471\" aria-expanded=\"false\">\n\t\t\t\t\t\t\t\t\t\t\t\t<span class=\"elementor-toggle-icon elementor-toggle-icon-left\" aria-hidden=\"true\">\n\t\t\t\t\t\t\t\t\t\t\t\t\t\t\t<span class=\"elementor-toggle-icon-closed\"><i class=\"fas fa-caret-right\"><\/i><\/span>\n\t\t\t\t\t\t\t\t<span class=\"elementor-toggle-icon-opened\"><i class=\"elementor-toggle-icon-opened fas fa-caret-up\"><\/i><\/span>\n\t\t\t\t\t\t\t\t\t\t\t\t\t<\/span>\n\t\t\t\t\t\t\t\t\t\t\t\t<a class=\"elementor-toggle-title\" tabindex=\"0\">P\u00fablico alvo e objetivos<\/a>\n\t\t\t\t\t<\/div>\n\n\t\t\t\t\t<div id=\"elementor-tab-content-2471\" class=\"elementor-tab-content elementor-clearfix\" data-tab=\"1\" role=\"region\" aria-labelledby=\"elementor-tab-title-2471\"><p>\n<table id=\"tablepress-14\" class=\"tablepress tablepress-id-14\">\n<thead>\n<tr class=\"row-1\">\n\t<td class=\"column-1\"><\/td><th class=\"column-2\">PT 101 &#8211; Fundamentos I<\/th><th class=\"column-3\">PT 110 &#8211; Fundamentos II<\/th>\n<\/tr>\n<\/thead>\n<tbody class=\"row-striping row-hover\">\n<tr class=\"row-2\">\n\t<td class=\"column-1\"><\/td><td class=\"column-2\">Voltado ao p\u00fablico que busca a vis\u00e3o fundamental dos aspectos de produ\u00e7\u00e3o de \u00e1udio para m\u00fasica, TV ou Cinema<\/td><td class=\"column-3\">Voltado ao p\u00fablico que pretende atuar profissionalmente em est\u00fadios de m\u00fasica, sonoplastia e dublagem etc.<\/td>\n<\/tr>\n<tr class=\"row-3\">\n\t<td class=\"column-1\"><\/td><td class=\"column-2\"><\/td><td class=\"column-3\"><\/td>\n<\/tr>\n<tr class=\"row-4\">\n\t<td class=\"column-1\"><\/td><td class=\"column-2\">Compreender a interface e as etapas de uma produ\u00e7\u00e3o do in\u00edcio ao fim<\/td><td class=\"column-3\">Saber configurar o Pro Tools corretamente<\/td>\n<\/tr>\n<tr class=\"row-5\">\n\t<td class=\"column-1\"><\/td><td class=\"column-2\">Ser capaz de executar tarefas essenciais de grava\u00e7\u00e3o, edi\u00e7\u00e3o e mixagem <\/td><td class=\"column-3\">Dominar t\u00e9cnicas e recursos para agilizar processos edi\u00e7\u00e3o<\/td>\n<\/tr>\n<tr class=\"row-6\">\n\t<td class=\"column-1\"><\/td><td class=\"column-2\">Entender as diferen\u00e7as entre os diferentes tipos de Pro Tools<\/td><td class=\"column-3\">Conhecer e aplicar t\u00e9cnicas diversas de produ\u00e7\u00e3o e edi\u00e7\u00e3o MIDI<\/td>\n<\/tr>\n<tr class=\"row-7\">\n\t<td class=\"column-1\"><\/td><td class=\"column-2\"><\/td><td class=\"column-3\">Conseguir organizar uma mixagem com diversos canais em etapas<\/td>\n<\/tr>\n<\/tbody>\n<\/table>\n<!-- #tablepress-14 from cache --><\/p><\/div>\n\t\t\t\t<\/div>\n\t\t\t\t\t\t\t<div class=\"elementor-toggle-item\">\n\t\t\t\t\t<div id=\"elementor-tab-title-2472\" class=\"elementor-tab-title\" data-tab=\"2\" role=\"button\" aria-controls=\"elementor-tab-content-2472\" aria-expanded=\"false\">\n\t\t\t\t\t\t\t\t\t\t\t\t<span class=\"elementor-toggle-icon elementor-toggle-icon-left\" aria-hidden=\"true\">\n\t\t\t\t\t\t\t\t\t\t\t\t\t\t\t<span class=\"elementor-toggle-icon-closed\"><i class=\"fas fa-caret-right\"><\/i><\/span>\n\t\t\t\t\t\t\t\t<span class=\"elementor-toggle-icon-opened\"><i class=\"elementor-toggle-icon-opened fas fa-caret-up\"><\/i><\/span>\n\t\t\t\t\t\t\t\t\t\t\t\t\t<\/span>\n\t\t\t\t\t\t\t\t\t\t\t\t<a class=\"elementor-toggle-title\" tabindex=\"0\">Conte\u00fados<\/a>\n\t\t\t\t\t<\/div>\n\n\t\t\t\t\t<div id=\"elementor-tab-content-2472\" class=\"elementor-tab-content elementor-clearfix\" data-tab=\"2\" role=\"region\" aria-labelledby=\"elementor-tab-title-2472\"><p>\n<table id=\"tablepress-15\" class=\"tablepress tablepress-id-15\">\n<thead>\n<tr class=\"row-1\">\n\t<td class=\"column-1\"><\/td><th class=\"column-2\">PT 101 &#8211; Fundamentos I<\/th><th class=\"column-3\">PT 110 &#8211; Fundamentos II<\/th>\n<\/tr>\n<\/thead>\n<tbody class=\"row-striping row-hover\">\n<tr class=\"row-2\">\n\t<td class=\"column-1\"><\/td><td class=\"column-2\"><\/td><td class=\"column-3\"><\/td>\n<\/tr>\n<tr class=\"row-3\">\n\t<td class=\"column-1\"><\/td><td class=\"column-2\">Fundamentos do \u00e1udio digital<\/td><td class=\"column-3\">Playback Engine e I\/O Setup<\/td>\n<\/tr>\n<tr class=\"row-4\">\n\t<td class=\"column-1\"><\/td><td class=\"column-2\">Cria\u00e7\u00e3o de sess\u00e3o e sua vis\u00e3o do HD<\/td><td class=\"column-3\">Edi\u00e7\u00e3o com Elastic Audio<\/td>\n<\/tr>\n<tr class=\"row-5\">\n\t<td class=\"column-1\"><\/td><td class=\"column-2\">Grava\u00e7\u00e3o de \u00c1udio essencial<\/td><td class=\"column-3\">T\u00e9cnicas de punch in manual e autom\u00e1tico<\/td>\n<\/tr>\n<tr class=\"row-6\">\n\t<td class=\"column-1\"><\/td><td class=\"column-2\">Trim, Selector e Grabber Tool<\/td><td class=\"column-3\">Edi\u00e7\u00e3o com MIDI Editor<\/td>\n<\/tr>\n<tr class=\"row-7\">\n\t<td class=\"column-1\"><\/td><td class=\"column-2\">Slip, Grid, Shuffle e Spot mode<\/td><td class=\"column-3\">Real time Properties<\/td>\n<\/tr>\n<tr class=\"row-8\">\n\t<td class=\"column-1\"><\/td><td class=\"column-2\">Importa\u00e7\u00e3o de \u00e1udio via Workspace<\/td><td class=\"column-3\">Manuseio de Loops via Workspace<\/td>\n<\/tr>\n<tr class=\"row-9\">\n\t<td class=\"column-1\"><\/td><td class=\"column-2\">Fundamentos de v\u00eddeo<\/td><td class=\"column-3\">Import Session Data<\/td>\n<\/tr>\n<tr class=\"row-10\">\n\t<td class=\"column-1\"><\/td><td class=\"column-2\">Link Timeline e Edit Selection, Tab to transients<\/td><td class=\"column-3\">Quantize &#8211; vis\u00e3o aprofundada<\/td>\n<\/tr>\n<tr class=\"row-11\">\n\t<td class=\"column-1\"><\/td><td class=\"column-2\">Nudge<\/td><td class=\"column-3\">Clip Loop, Group<\/td>\n<\/tr>\n<tr class=\"row-12\">\n\t<td class=\"column-1\"><\/td><td class=\"column-2\">Inser\u00e7\u00e3o de efeitos<\/td><td class=\"column-3\">Efeitos em s\u00e9rie e paralelo<\/td>\n<\/tr>\n<tr class=\"row-13\">\n\t<td class=\"column-1\"><\/td><td class=\"column-2\">Bounce to Disk e Bounce to Tracks<\/td><td class=\"column-3\">Track Groups<\/td>\n<\/tr>\n<tr class=\"row-14\">\n\t<td class=\"column-1\"><\/td><td class=\"column-2\">Automa\u00e7\u00e3o essencial<\/td><td class=\"column-3\">Propriedades de automa\u00e7\u00e3o avan\u00e7ada<\/td>\n<\/tr>\n<tr class=\"row-15\">\n\t<td class=\"column-1\"><\/td><td class=\"column-2\">Finaliza\u00e7\u00e3o e Backups<\/td><td class=\"column-3\">Organiza\u00e7\u00e3o de Mixagem<\/td>\n<\/tr>\n<tr class=\"row-16\">\n\t<td class=\"column-1\"><\/td><td class=\"column-2\"><\/td><td class=\"column-3\">Layered Editing<\/td>\n<\/tr>\n<tr class=\"row-17\">\n\t<td class=\"column-1\"><\/td><td class=\"column-2\"><\/td><td class=\"column-3\">Master Fader<\/td>\n<\/tr>\n<\/tbody>\n<\/table>\n<!-- #tablepress-15 from cache --><\/p><\/div>\n\t\t\t\t<\/div>\n\t\t\t\t\t\t\t\t<\/div>\n\t\t\t\t\t\t<\/div>\n\t\t\t\t<\/div>\n\t\t\t\t\t<\/div>\n\t\t<\/div>\n\t\t\t\t\t<\/div>\n\t\t<\/section>\n\t\t\t\t<section class=\"elementor-section elementor-top-section elementor-element elementor-element-9f4f0b5 elementor-section-height-min-height elementor-section-content-middle elementor-section-boxed elementor-section-height-default elementor-section-items-middle\" data-id=\"9f4f0b5\" data-element_type=\"section\" data-settings=\"{&quot;background_background&quot;:&quot;classic&quot;}\">\n\t\t\t\t\t\t<div class=\"elementor-container elementor-column-gap-default\">\n\t\t\t\t\t<div class=\"elementor-column elementor-col-100 elementor-top-column elementor-element elementor-element-2c63baf\" data-id=\"2c63baf\" data-element_type=\"column\">\n\t\t\t<div class=\"elementor-widget-wrap elementor-element-populated\">\n\t\t\t\t\t\t<div class=\"elementor-element elementor-element-279ad85 elementor-widget-divider--view-line elementor-widget elementor-widget-divider\" data-id=\"279ad85\" data-element_type=\"widget\" data-widget_type=\"divider.default\">\n\t\t\t\t<div class=\"elementor-widget-container\">\n\t\t\t\t\t\t\t<div class=\"elementor-divider\">\n\t\t\t<span class=\"elementor-divider-separator\">\n\t\t\t\t\t\t<\/span>\n\t\t<\/div>\n\t\t\t\t\t\t<\/div>\n\t\t\t\t<\/div>\n\t\t\t\t<div class=\"elementor-element elementor-element-d0764da elementor-widget elementor-widget-heading\" data-id=\"d0764da\" data-element_type=\"widget\" data-widget_type=\"heading.default\">\n\t\t\t\t<div class=\"elementor-widget-container\">\n\t\t\t\t\t<h3 class=\"elementor-heading-title elementor-size-large\">Para quem \u00e9 o curso?<\/h3>\t\t\t\t<\/div>\n\t\t\t\t<\/div>\n\t\t\t\t<div class=\"elementor-element elementor-element-76f87c3 elementor-widget elementor-widget-text-editor\" data-id=\"76f87c3\" data-element_type=\"widget\" data-widget_type=\"text-editor.default\">\n\t\t\t\t<div class=\"elementor-widget-container\">\n\t\t\t\t\t\t\t\t\t<p style=\"font-family: Roboto, sans-serif; font-size: 17px; font-style: normal;\">O PT 101 \u00e9 voltado para iniciantes, para\u00a0<span style=\"font-size: 17px;\">quem utiliza outros softwares ou busca uma reciclagem.\u00a0<\/span><span style=\"font-family: Roboto, sans-serif; font-size: 17px; font-style: normal;\">N\u00e3o \u00e9 necess\u00e1rio ter experi\u00eancia pr\u00e9via. Voc\u00ea deve ter conhecimento b\u00e1sico da utiliza\u00e7\u00e3o do computador, n\u00e3o importa se em Mac ou PC.\u00a0<\/span><\/p><p style=\"font-family: Roboto, sans-serif; font-size: 17px; font-style: normal;\"><span style=\"font-size: 17px;\">O PT 110 \u00e9 voltado para quem j\u00e1 conhece os fundamentos e o dia-a-dia no Pro Tools, mas precisa dominar suas configura\u00e7\u00f5es para projetos de maior porte, e estar preparado para fluxos de trabalho mais complexos de \u00e1udio ou MIDI. Tamb\u00e9m \u00e9 essencial para quem pretende conquistar a certifica\u00e7\u00e3o oficial Avid.\u00a0<\/span><\/p><p style=\"font-family: Roboto, sans-serif; font-size: 17px; font-style: normal;\"><span style=\"font-size: 17px;\">Sonoplastas, Mixadores, T\u00e9cnicos de som, ou qualquer pessoa que queira utilizar o Pro Tools para produ\u00e7\u00e3o musical ou sonoriza\u00e7\u00e3o de v\u00eddeos.\u00a0<\/span><\/p><p><u style=\"font-family: inherit; font-style: inherit;\">Aten\u00e7\u00e3o: o acesso ao conte\u00fado deste curso tem dura\u00e7\u00e3o limitada! Dispon\u00edvel por 4 meses.<\/u><\/p>\t\t\t\t\t\t\t\t<\/div>\n\t\t\t\t<\/div>\n\t\t\t\t\t<\/div>\n\t\t<\/div>\n\t\t\t\t\t<\/div>\n\t\t<\/section>\n\t\t\t\t<section class=\"elementor-section elementor-top-section elementor-element elementor-element-cbdecd8 elementor-section-height-min-height elementor-section-content-middle elementor-section-boxed elementor-section-height-default elementor-section-items-middle\" data-id=\"cbdecd8\" data-element_type=\"section\" data-settings=\"{&quot;background_background&quot;:&quot;classic&quot;}\">\n\t\t\t\t\t\t<div class=\"elementor-container elementor-column-gap-default\">\n\t\t\t\t\t<div class=\"elementor-column elementor-col-50 elementor-top-column elementor-element elementor-element-ba3bb25\" data-id=\"ba3bb25\" data-element_type=\"column\">\n\t\t\t<div class=\"elementor-widget-wrap elementor-element-populated\">\n\t\t\t\t\t\t<div class=\"elementor-element elementor-element-b74bf91 elementor-widget-divider--view-line elementor-widget elementor-widget-divider\" data-id=\"b74bf91\" data-element_type=\"widget\" data-widget_type=\"divider.default\">\n\t\t\t\t<div class=\"elementor-widget-container\">\n\t\t\t\t\t\t\t<div class=\"elementor-divider\">\n\t\t\t<span class=\"elementor-divider-separator\">\n\t\t\t\t\t\t<\/span>\n\t\t<\/div>\n\t\t\t\t\t\t<\/div>\n\t\t\t\t<\/div>\n\t\t\t\t<div class=\"elementor-element elementor-element-a6dd669 elementor-widget elementor-widget-heading\" data-id=\"a6dd669\" data-element_type=\"widget\" data-widget_type=\"heading.default\">\n\t\t\t\t<div class=\"elementor-widget-container\">\n\t\t\t\t\t<h3 class=\"elementor-heading-title elementor-size-large\"><span class=\"elementor-heading-title elementor-size-large elementor-inline-editing pen\" data-elementor-setting-key=\"title\" data-pen-placeholder=\"Digite aqui...\" style=\"font-style: normal;clear: both\">Conquiste a certifica\u00e7\u00e3o oficial sem sair de casa!<\/span><\/h3>\t\t\t\t<\/div>\n\t\t\t\t<\/div>\n\t\t\t\t<div class=\"elementor-element elementor-element-9960b3e elementor-widget elementor-widget-text-editor\" data-id=\"9960b3e\" data-element_type=\"widget\" data-widget_type=\"text-editor.default\">\n\t\t\t\t<div class=\"elementor-widget-container\">\n\t\t\t\t\t\t\t\t\t<p>Em 2005, a ProClass trouxe pela primeira vez ao Brasil os cursos oficiais de certifica\u00e7\u00e3o internacional e \u00e9 uma das principais refer\u00eancias no mundo quando o assunto \u00e9 Pro Tools, pois \u00e9 uma das poucas do mundo credenciadas pela Avid a oferecer todos os n\u00edveis de treinamentos<\/p><p><span style=\"font-weight: bold; font-family: Roboto, sans-serif; font-size: 17px; font-style: normal;\">Importante: A certifica\u00e7\u00e3o oficial \u00e9 paga a parte e excepcionalmente por conta do COVID-19, poder\u00e1 ser realizada em sua pr\u00f3pria casa.\u00a0<\/span><span style=\"font-family: Roboto, sans-serif; font-size: 17px; font-style: normal;\">Mas fique tranquilo, quem optar por n\u00e3o fazer a certifica\u00e7\u00e3o oficial, recebe o diploma da ProClass. Basta enviar seus projetos finalizados.<\/span><\/p><p>\u00a0<\/p>\t\t\t\t\t\t\t\t<\/div>\n\t\t\t\t<\/div>\n\t\t\t\t\t<\/div>\n\t\t<\/div>\n\t\t\t\t<div class=\"elementor-column elementor-col-50 elementor-top-column elementor-element elementor-element-0108415\" data-id=\"0108415\" data-element_type=\"column\">\n\t\t\t<div class=\"elementor-widget-wrap elementor-element-populated\">\n\t\t\t\t\t\t<div class=\"elementor-element elementor-element-3ab01b2 elementor-widget elementor-widget-image\" data-id=\"3ab01b2\" data-element_type=\"widget\" data-widget_type=\"image.default\">\n\t\t\t\t<div class=\"elementor-widget-container\">\n\t\t\t\t\t\t\t\t\t\t\t\t\t\t\t<img fetchpriority=\"high\" decoding=\"async\" width=\"586\" height=\"441\" src=\"https:\/\/proclass.com.br\/home\/wp-content\/uploads\/2020\/05\/certificado-novo-de-pro-tools-crop.jpg\" class=\"attachment-large size-large wp-image-14321\" alt=\"\" srcset=\"https:\/\/proclass.com.br\/home\/wp-content\/uploads\/2020\/05\/certificado-novo-de-pro-tools-crop.jpg 586w, https:\/\/proclass.com.br\/home\/wp-content\/uploads\/2020\/05\/certificado-novo-de-pro-tools-crop-300x226.jpg 300w\" sizes=\"(max-width: 586px) 100vw, 586px\" \/>\t\t\t\t\t\t\t\t\t\t\t\t\t\t\t<\/div>\n\t\t\t\t<\/div>\n\t\t\t\t<div class=\"elementor-element elementor-element-0365432 elementor-widget elementor-widget-image\" data-id=\"0365432\" data-element_type=\"widget\" data-widget_type=\"image.default\">\n\t\t\t\t<div class=\"elementor-widget-container\">\n\t\t\t\t\t\t\t\t\t\t\t\t\t\t\t<img decoding=\"async\" width=\"1207\" height=\"152\" src=\"https:\/\/proclass.com.br\/home\/wp-content\/uploads\/2012\/08\/ALP_Professional-transparent.png\" class=\"attachment-full size-full wp-image-7605\" alt=\"\" srcset=\"https:\/\/proclass.com.br\/home\/wp-content\/uploads\/2012\/08\/ALP_Professional-transparent.png 1207w, https:\/\/proclass.com.br\/home\/wp-content\/uploads\/2012\/08\/ALP_Professional-transparent-300x38.png 300w, https:\/\/proclass.com.br\/home\/wp-content\/uploads\/2012\/08\/ALP_Professional-transparent-768x97.png 768w, https:\/\/proclass.com.br\/home\/wp-content\/uploads\/2012\/08\/ALP_Professional-transparent-1024x129.png 1024w\" sizes=\"(max-width: 1207px) 100vw, 1207px\" \/>\t\t\t\t\t\t\t\t\t\t\t\t\t\t\t<\/div>\n\t\t\t\t<\/div>\n\t\t\t\t\t<\/div>\n\t\t<\/div>\n\t\t\t\t\t<\/div>\n\t\t<\/section>\n\t\t\t\t<section class=\"elementor-section elementor-top-section elementor-element elementor-element-0124994 elementor-section-boxed elementor-section-height-default elementor-section-height-default\" data-id=\"0124994\" data-element_type=\"section\">\n\t\t\t\t\t\t<div class=\"elementor-container elementor-column-gap-default\">\n\t\t\t\t\t<div class=\"elementor-column elementor-col-100 elementor-top-column elementor-element elementor-element-a527d87\" data-id=\"a527d87\" data-element_type=\"column\">\n\t\t\t<div class=\"elementor-widget-wrap elementor-element-populated\">\n\t\t\t\t\t\t<div class=\"elementor-element elementor-element-f191e74 elementor-widget elementor-widget-image\" data-id=\"f191e74\" data-element_type=\"widget\" data-widget_type=\"image.default\">\n\t\t\t\t<div class=\"elementor-widget-container\">\n\t\t\t\t\t\t\t\t\t\t\t\t\t\t\t<img decoding=\"async\" width=\"600\" height=\"300\" src=\"https:\/\/proclass.com.br\/home\/wp-content\/uploads\/2018\/01\/stacks-image-6eb9aed.jpg\" class=\"attachment-full size-full wp-image-8211\" alt=\"\" srcset=\"https:\/\/proclass.com.br\/home\/wp-content\/uploads\/2018\/01\/stacks-image-6eb9aed.jpg 600w, https:\/\/proclass.com.br\/home\/wp-content\/uploads\/2018\/01\/stacks-image-6eb9aed-300x150.jpg 300w\" sizes=\"(max-width: 600px) 100vw, 600px\" \/>\t\t\t\t\t\t\t\t\t\t\t\t\t\t\t<\/div>\n\t\t\t\t<\/div>\n\t\t\t\t\t<\/div>\n\t\t<\/div>\n\t\t\t\t\t<\/div>\n\t\t<\/section>\n\t\t\t\t<section class=\"elementor-section elementor-top-section elementor-element elementor-element-a8c7b56 elementor-section-height-min-height elementor-section-content-middle elementor-section-boxed elementor-section-height-default elementor-section-items-middle\" data-id=\"a8c7b56\" data-element_type=\"section\" data-settings=\"{&quot;background_background&quot;:&quot;classic&quot;}\">\n\t\t\t\t\t\t<div class=\"elementor-container elementor-column-gap-default\">\n\t\t\t\t\t<div class=\"elementor-column elementor-col-50 elementor-top-column elementor-element elementor-element-d1bab2d\" data-id=\"d1bab2d\" data-element_type=\"column\">\n\t\t\t<div class=\"elementor-widget-wrap elementor-element-populated\">\n\t\t\t\t\t\t<div class=\"elementor-element elementor-element-7660495 elementor-widget-divider--view-line elementor-widget elementor-widget-divider\" data-id=\"7660495\" data-element_type=\"widget\" data-widget_type=\"divider.default\">\n\t\t\t\t<div class=\"elementor-widget-container\">\n\t\t\t\t\t\t\t<div class=\"elementor-divider\">\n\t\t\t<span class=\"elementor-divider-separator\">\n\t\t\t\t\t\t<\/span>\n\t\t<\/div>\n\t\t\t\t\t\t<\/div>\n\t\t\t\t<\/div>\n\t\t\t\t<div class=\"elementor-element elementor-element-2176724 elementor-widget elementor-widget-heading\" data-id=\"2176724\" data-element_type=\"widget\" data-widget_type=\"heading.default\">\n\t\t\t\t<div class=\"elementor-widget-container\">\n\t\t\t\t\t<h3 class=\"elementor-heading-title elementor-size-large\">Comece a estudar agora mesmo!<\/h3>\t\t\t\t<\/div>\n\t\t\t\t<\/div>\n\t\t\t\t<div class=\"elementor-element elementor-element-4799b4a elementor-widget elementor-widget-text-editor\" data-id=\"4799b4a\" data-element_type=\"widget\" data-widget_type=\"text-editor.default\">\n\t\t\t\t<div class=\"elementor-widget-container\">\n\t\t\t\t\t\t\t\t\t<p><span style=\"font-family: Roboto, sans-serif; font-size: 17px; font-style: normal; font-weight: 300; background-color: #f4f4f4;\">Assim que o pagamento \u00e9 confirmado, o material \u00e9 liberado e voc\u00ea j\u00e1 pode come\u00e7ar a estudar. Pode ser no tablet, no computador, e o melhor: na hora que voc\u00ea quiser!<\/span><\/p>\t\t\t\t\t\t\t\t<\/div>\n\t\t\t\t<\/div>\n\t\t\t\t\t<\/div>\n\t\t<\/div>\n\t\t\t\t<div class=\"elementor-column elementor-col-50 elementor-top-column elementor-element elementor-element-fa4a26c\" data-id=\"fa4a26c\" data-element_type=\"column\">\n\t\t\t<div class=\"elementor-widget-wrap elementor-element-populated\">\n\t\t\t\t\t\t<div class=\"elementor-element elementor-element-7172ba8 elementor-widget elementor-widget-image\" data-id=\"7172ba8\" data-element_type=\"widget\" data-widget_type=\"image.default\">\n\t\t\t\t<div class=\"elementor-widget-container\">\n\t\t\t\t\t\t\t\t\t\t\t\t\t\t\t<img loading=\"lazy\" decoding=\"async\" width=\"1024\" height=\"1024\" src=\"https:\/\/proclass.com.br\/home\/wp-content\/uploads\/2020\/05\/Icones-site-PC__Pro-Tools-1024x1024.png\" class=\"attachment-large size-large wp-image-14317\" alt=\"\" srcset=\"https:\/\/proclass.com.br\/home\/wp-content\/uploads\/2020\/05\/Icones-site-PC__Pro-Tools-1024x1024.png 1024w, https:\/\/proclass.com.br\/home\/wp-content\/uploads\/2020\/05\/Icones-site-PC__Pro-Tools-150x150.png 150w, https:\/\/proclass.com.br\/home\/wp-content\/uploads\/2020\/05\/Icones-site-PC__Pro-Tools-300x300.png 300w, https:\/\/proclass.com.br\/home\/wp-content\/uploads\/2020\/05\/Icones-site-PC__Pro-Tools-768x768.png 768w, https:\/\/proclass.com.br\/home\/wp-content\/uploads\/2020\/05\/Icones-site-PC__Pro-Tools.png 1080w\" sizes=\"(max-width: 1024px) 100vw, 1024px\" \/>\t\t\t\t\t\t\t\t\t\t\t\t\t\t\t<\/div>\n\t\t\t\t<\/div>\n\t\t\t\t\t<\/div>\n\t\t<\/div>\n\t\t\t\t\t<\/div>\n\t\t<\/section>\n\t\t\t\t<section class=\"elementor-section elementor-top-section elementor-element elementor-element-74be2e9 elementor-section-height-min-height elementor-section-content-middle elementor-section-boxed elementor-section-height-default elementor-section-items-middle\" data-id=\"74be2e9\" data-element_type=\"section\" data-settings=\"{&quot;background_background&quot;:&quot;classic&quot;}\">\n\t\t\t\t\t\t<div class=\"elementor-container elementor-column-gap-default\">\n\t\t\t\t\t<div class=\"elementor-column elementor-col-50 elementor-top-column elementor-element elementor-element-530adfd\" data-id=\"530adfd\" data-element_type=\"column\">\n\t\t\t<div class=\"elementor-widget-wrap elementor-element-populated\">\n\t\t\t\t\t\t<div class=\"elementor-element elementor-element-9a13f02 elementor-widget-divider--view-line elementor-widget elementor-widget-divider\" data-id=\"9a13f02\" data-element_type=\"widget\" data-widget_type=\"divider.default\">\n\t\t\t\t<div class=\"elementor-widget-container\">\n\t\t\t\t\t\t\t<div class=\"elementor-divider\">\n\t\t\t<span class=\"elementor-divider-separator\">\n\t\t\t\t\t\t<\/span>\n\t\t<\/div>\n\t\t\t\t\t\t<\/div>\n\t\t\t\t<\/div>\n\t\t\t\t<div class=\"elementor-element elementor-element-2e5e0b8 elementor-widget elementor-widget-heading\" data-id=\"2e5e0b8\" data-element_type=\"widget\" data-widget_type=\"heading.default\">\n\t\t\t\t<div class=\"elementor-widget-container\">\n\t\t\t\t\t<h3 class=\"elementor-heading-title elementor-size-large\">Exerc\u00edcios pr\u00e1ticos <br>para download<\/h3>\t\t\t\t<\/div>\n\t\t\t\t<\/div>\n\t\t\t\t<div class=\"elementor-element elementor-element-9cb2ff2 elementor-widget elementor-widget-text-editor\" data-id=\"9cb2ff2\" data-element_type=\"widget\" data-widget_type=\"text-editor.default\">\n\t\t\t\t<div class=\"elementor-widget-container\">\n\t\t\t\t\t\t\t\t\t<p><span style=\"font-family: Roboto, sans-serif; font-size: 17px; font-style: normal; font-weight: 300;\">Ao longo do curso voc\u00ea vai receber material pr\u00e1tico para download, enviar a sess\u00e3o de Pro Tools de volta para o instrutor, e receber feedback sobre o exerc\u00edcio enviado.<\/span><\/p>\t\t\t\t\t\t\t\t<\/div>\n\t\t\t\t<\/div>\n\t\t\t\t\t<\/div>\n\t\t<\/div>\n\t\t\t\t<div class=\"elementor-column elementor-col-50 elementor-top-column elementor-element elementor-element-5ceb4c5\" data-id=\"5ceb4c5\" data-element_type=\"column\">\n\t\t\t<div class=\"elementor-widget-wrap elementor-element-populated\">\n\t\t\t\t\t\t<div class=\"elementor-element elementor-element-e077b10 elementor-widget elementor-widget-image\" data-id=\"e077b10\" data-element_type=\"widget\" data-widget_type=\"image.default\">\n\t\t\t\t<div class=\"elementor-widget-container\">\n\t\t\t\t\t\t\t\t\t\t\t\t\t\t\t<img loading=\"lazy\" decoding=\"async\" width=\"1024\" height=\"552\" src=\"https:\/\/proclass.com.br\/home\/wp-content\/uploads\/2020\/05\/imagem-pro-tools-exericios-praticos--1024x552.png\" class=\"attachment-large size-large wp-image-14318\" alt=\"\" srcset=\"https:\/\/proclass.com.br\/home\/wp-content\/uploads\/2020\/05\/imagem-pro-tools-exericios-praticos--1024x552.png 1024w, https:\/\/proclass.com.br\/home\/wp-content\/uploads\/2020\/05\/imagem-pro-tools-exericios-praticos--300x162.png 300w, https:\/\/proclass.com.br\/home\/wp-content\/uploads\/2020\/05\/imagem-pro-tools-exericios-praticos--768x414.png 768w, https:\/\/proclass.com.br\/home\/wp-content\/uploads\/2020\/05\/imagem-pro-tools-exericios-praticos-.png 1331w\" sizes=\"(max-width: 1024px) 100vw, 1024px\" \/>\t\t\t\t\t\t\t\t\t\t\t\t\t\t\t<\/div>\n\t\t\t\t<\/div>\n\t\t\t\t\t<\/div>\n\t\t<\/div>\n\t\t\t\t\t<\/div>\n\t\t<\/section>\n\t\t\t\t<section class=\"elementor-section elementor-top-section elementor-element elementor-element-bfb0411 elementor-section-height-min-height elementor-section-boxed elementor-section-height-default elementor-section-items-middle\" data-id=\"bfb0411\" data-element_type=\"section\" data-settings=\"{&quot;background_background&quot;:&quot;classic&quot;}\">\n\t\t\t\t\t\t<div class=\"elementor-container elementor-column-gap-default\">\n\t\t\t\t\t<div class=\"elementor-column elementor-col-100 elementor-top-column elementor-element elementor-element-35cc6d2\" data-id=\"35cc6d2\" data-element_type=\"column\">\n\t\t\t<div class=\"elementor-widget-wrap elementor-element-populated\">\n\t\t\t\t\t\t<div class=\"elementor-element elementor-element-95f4044 elementor-widget elementor-widget-heading\" data-id=\"95f4044\" data-element_type=\"widget\" data-widget_type=\"heading.default\">\n\t\t\t\t<div class=\"elementor-widget-container\">\n\t\t\t\t\t<h3 class=\"elementor-heading-title elementor-size-large\">O Instrutor<\/h3>\t\t\t\t<\/div>\n\t\t\t\t<\/div>\n\t\t\t\t<section class=\"elementor-section elementor-inner-section elementor-element elementor-element-d305f53 elementor-reverse-mobile elementor-section-boxed elementor-section-height-default elementor-section-height-default\" data-id=\"d305f53\" data-element_type=\"section\">\n\t\t\t\t\t\t<div class=\"elementor-container elementor-column-gap-default\">\n\t\t\t\t\t<div class=\"elementor-column elementor-col-50 elementor-inner-column elementor-element elementor-element-f194e28\" data-id=\"f194e28\" data-element_type=\"column\">\n\t\t\t<div class=\"elementor-widget-wrap elementor-element-populated\">\n\t\t\t\t\t\t<div class=\"elementor-element elementor-element-7c91476 elementor-widget elementor-widget-heading\" data-id=\"7c91476\" data-element_type=\"widget\" data-widget_type=\"heading.default\">\n\t\t\t\t<div class=\"elementor-widget-container\">\n\t\t\t\t\t<h2 class=\"elementor-heading-title elementor-size-large\">Cristiano de Abreu<\/h2>\t\t\t\t<\/div>\n\t\t\t\t<\/div>\n\t\t\t\t<div class=\"elementor-element elementor-element-4740380 elementor-widget elementor-widget-text-editor\" data-id=\"4740380\" data-element_type=\"widget\" data-widget_type=\"text-editor.default\">\n\t\t\t\t<div class=\"elementor-widget-container\">\n\t\t\t\t\t\t\t\t\t<p>Formado em licenciatura em m\u00fasica pela UNIRIO, \u00e9 instrutor de Pro Tools certificado oficialmente pela Avid e possui o n\u00edvel mais elevado de certifica\u00e7\u00e3o: Pro Tools Expert Post.<\/p><p>Atualmente \u00e9 Editor de Som para TV e Cinema, e assina diversos longas metragens como A Falta Que Nos Move, Positivas, O Samba Que Mora em Mim, Sudoeste, Unic\u00f3rnio; s\u00e9ries televisivas como Preamar (HBO), Hei De Torcer (ESPN), O Infiltrado (History Channel).<\/p><p>Certifica\u00e7\u00f5es Oficiais: Pro Tools Expert Post, ACSR 400- Certifica\u00e7\u00e3o Oficial de Suporte em Pro Tools, Pro Tools Operator Music, Pro Tools Certified Instructor, Avid Media Composer Professional.<\/p><p><style type=\"text\/css\">\np.p1 {margin: 0.0px 0.0px 0.0px 0.0px; font: 16.0px Georgia; color: #323333; -webkit-text-stroke: #323333}<br \/>span.s1 {font-kerning: none}<br \/><\/style><\/p>\t\t\t\t\t\t\t\t<\/div>\n\t\t\t\t<\/div>\n\t\t\t\t\t<\/div>\n\t\t<\/div>\n\t\t\t\t<div class=\"elementor-column elementor-col-50 elementor-inner-column elementor-element elementor-element-ec17071\" data-id=\"ec17071\" data-element_type=\"column\" data-settings=\"{&quot;animation&quot;:&quot;none&quot;}\">\n\t\t\t<div class=\"elementor-widget-wrap elementor-element-populated\">\n\t\t\t\t\t\t<div class=\"elementor-element elementor-element-cea4311 elementor-widget elementor-widget-image\" data-id=\"cea4311\" data-element_type=\"widget\" data-widget_type=\"image.default\">\n\t\t\t\t<div class=\"elementor-widget-container\">\n\t\t\t\t\t\t\t\t\t\t\t\t\t\t\t<img decoding=\"async\" src=\"https:\/\/proclass.com.br\/home\/wp-content\/uploads\/elementor\/thumbs\/cristiano-de-abreu-01-qlgiq3il7weqy88t8u2uo3sv224qsnrysb0eahujd4.jpeg\" title=\"cristiano de abreu 01\" alt=\"cristiano de abreu 01\" loading=\"lazy\" \/>\t\t\t\t\t\t\t\t\t\t\t\t\t\t\t<\/div>\n\t\t\t\t<\/div>\n\t\t\t\t\t<\/div>\n\t\t<\/div>\n\t\t\t\t\t<\/div>\n\t\t<\/section>\n\t\t\t\t\t<\/div>\n\t\t<\/div>\n\t\t\t\t\t<\/div>\n\t\t<\/section>\n\t\t\t\t<section class=\"elementor-section elementor-top-section elementor-element elementor-element-83d9eb8 elementor-section-boxed elementor-section-height-default elementor-section-height-default\" data-id=\"83d9eb8\" data-element_type=\"section\">\n\t\t\t\t\t\t<div class=\"elementor-container elementor-column-gap-default\">\n\t\t\t\t\t<div class=\"elementor-column elementor-col-50 elementor-top-column elementor-element elementor-element-00b38da\" data-id=\"00b38da\" data-element_type=\"column\">\n\t\t\t<div class=\"elementor-widget-wrap elementor-element-populated\">\n\t\t\t\t\t\t<div class=\"elementor-element elementor-element-bc5b169 elementor-widget elementor-widget-image\" data-id=\"bc5b169\" data-element_type=\"widget\" data-widget_type=\"image.default\">\n\t\t\t\t<div class=\"elementor-widget-container\">\n\t\t\t\t\t\t\t\t\t\t\t\t\t\t\t\t<a href=\"https:\/\/wa.me\/5521976157922\">\n\t\t\t\t\t\t\t<img loading=\"lazy\" decoding=\"async\" width=\"717\" height=\"783\" src=\"https:\/\/proclass.com.br\/home\/wp-content\/uploads\/2020\/05\/WhatsApp.jpeg\" class=\"attachment-large size-large wp-image-14286\" alt=\"\" srcset=\"https:\/\/proclass.com.br\/home\/wp-content\/uploads\/2020\/05\/WhatsApp.jpeg 717w, https:\/\/proclass.com.br\/home\/wp-content\/uploads\/2020\/05\/WhatsApp-275x300.jpeg 275w\" sizes=\"(max-width: 717px) 100vw, 717px\" \/>\t\t\t\t\t\t\t\t<\/a>\n\t\t\t\t\t\t\t\t\t\t\t\t\t\t\t<\/div>\n\t\t\t\t<\/div>\n\t\t\t\t\t<\/div>\n\t\t<\/div>\n\t\t\t\t<div class=\"elementor-column elementor-col-50 elementor-top-column elementor-element elementor-element-5af838d\" data-id=\"5af838d\" data-element_type=\"column\">\n\t\t\t<div class=\"elementor-widget-wrap elementor-element-populated\">\n\t\t\t\t\t\t<div class=\"elementor-element elementor-element-6f9e812 elementor-widget elementor-widget-image\" data-id=\"6f9e812\" data-element_type=\"widget\" data-widget_type=\"image.default\">\n\t\t\t\t<div class=\"elementor-widget-container\">\n\t\t\t\t\t\t\t\t\t\t\t\t\t\t\t\t<a href=\"mailto:info@proclass.com.br\">\n\t\t\t\t\t\t\t<img loading=\"lazy\" decoding=\"async\" width=\"721\" height=\"794\" src=\"https:\/\/proclass.com.br\/home\/wp-content\/uploads\/2020\/05\/Email.jpeg\" class=\"attachment-large size-large wp-image-14287\" alt=\"\" srcset=\"https:\/\/proclass.com.br\/home\/wp-content\/uploads\/2020\/05\/Email.jpeg 721w, https:\/\/proclass.com.br\/home\/wp-content\/uploads\/2020\/05\/Email-272x300.jpeg 272w\" sizes=\"(max-width: 721px) 100vw, 721px\" \/>\t\t\t\t\t\t\t\t<\/a>\n\t\t\t\t\t\t\t\t\t\t\t\t\t\t\t<\/div>\n\t\t\t\t<\/div>\n\t\t\t\t\t<\/div>\n\t\t<\/div>\n\t\t\t\t\t<\/div>\n\t\t<\/section>\n\t\t\t\t<section class=\"elementor-section elementor-top-section elementor-element elementor-element-94a446f elementor-section-boxed elementor-section-height-default elementor-section-height-default\" data-id=\"94a446f\" data-element_type=\"section\" data-settings=\"{&quot;background_background&quot;:&quot;classic&quot;}\">\n\t\t\t\t\t\t\t<div class=\"elementor-background-overlay\"><\/div>\n\t\t\t\t\t\t\t<div class=\"elementor-container elementor-column-gap-default\">\n\t\t\t\t\t<div class=\"elementor-column elementor-col-50 elementor-top-column elementor-element elementor-element-77a68c9\" data-id=\"77a68c9\" data-element_type=\"column\">\n\t\t\t<div class=\"elementor-widget-wrap elementor-element-populated\">\n\t\t\t\t\t\t<div class=\"elementor-element elementor-element-be03894 elementor-widget elementor-widget-video\" data-id=\"be03894\" data-element_type=\"widget\" data-settings=\"{&quot;show_image_overlay&quot;:&quot;no&quot;,&quot;youtube_url&quot;:&quot;https:\\\/\\\/youtu.be\\\/GXF8iZIJyPw&quot;,&quot;video_type&quot;:&quot;youtube&quot;,&quot;controls&quot;:&quot;yes&quot;}\" data-widget_type=\"video.default\">\n\t\t\t\t<div class=\"elementor-widget-container\">\n\t\t\t\t\t\t\t<div class=\"elementor-wrapper elementor-open-inline\">\n\t\t\t<div class=\"elementor-video\"><\/div>\t\t<\/div>\n\t\t\t\t\t\t<\/div>\n\t\t\t\t<\/div>\n\t\t\t\t\t<\/div>\n\t\t<\/div>\n\t\t\t\t<div class=\"elementor-column elementor-col-50 elementor-top-column elementor-element elementor-element-d19aad4\" data-id=\"d19aad4\" data-element_type=\"column\">\n\t\t\t<div class=\"elementor-widget-wrap elementor-element-populated\">\n\t\t\t\t\t\t<div class=\"elementor-element elementor-element-b2ee4ee elementor-widget elementor-widget-heading\" data-id=\"b2ee4ee\" data-element_type=\"widget\" data-widget_type=\"heading.default\">\n\t\t\t\t<div class=\"elementor-widget-container\">\n\t\t\t\t\t<h2 class=\"elementor-heading-title elementor-size-large\"><span style=\"font-weight: normal\">ProClass<\/span><\/h2>\t\t\t\t<\/div>\n\t\t\t\t<\/div>\n\t\t\t\t<div class=\"elementor-element elementor-element-5e3e5fb elementor-widget elementor-widget-text-editor\" data-id=\"5e3e5fb\" data-element_type=\"widget\" data-widget_type=\"text-editor.default\">\n\t\t\t\t<div class=\"elementor-widget-container\">\n\t\t\t\t\t\t\t\t\t<p><strong>A ProClass foi a primeira escola a trazer para o Brasil os cursos internacionais com Certifica\u00e7\u00e3o Oficial emitida pela Avid.\u00a0<\/strong><\/p><p><strong>Assista o v\u00eddeo e saiba mais sobre a\u00a0 ProClass!<\/strong><\/p>\t\t\t\t\t\t\t\t<\/div>\n\t\t\t\t<\/div>\n\t\t\t\t\t<\/div>\n\t\t<\/div>\n\t\t\t\t\t<\/div>\n\t\t<\/section>\n\t\t\t\t<\/div>\n\t\t","protected":false},"excerpt":{"rendered":"<p>Problemas comuns que este texto pode solucionar: Pro Tools software ou hardware drivers falham durante a instala\u00e7\u00e3o Pro Tools n\u00e3o inicia Nenhum LED de energia acende em uma interface Avid conectada via USB V\u00e1rios erros AAE (-1115, -1146, -5000, -6085, -6086, -6093, -6097, -6101, -9060, -9131, -9073, -9093, -9128 , -9129) Baixa performance do ProContinue reading &rarr;<\/p>\n","protected":false},"author":4,"featured_media":0,"comment_status":"closed","ping_status":"closed","sticky":false,"template":"","format":"standard","meta":{"footnotes":""},"categories":[17,1000],"tags":[],"class_list":["post-9578","post","type-post","status-publish","format-standard","hentry","category-artigos","category-pro-tools-2","no-thumb"],"yoast_head":"<!-- This site is optimized with the Yoast SEO plugin v26.9 - https:\/\/yoast.com\/product\/yoast-seo-wordpress\/ -->\n<title>Pro Tools e macOS High Sierra - Configura\u00e7\u00f5es de otimiza\u00e7\u00e3o - PROCLASS<\/title>\n<meta name=\"robots\" content=\"index, follow, max-snippet:-1, max-image-preview:large, max-video-preview:-1\" \/>\n<link rel=\"canonical\" href=\"https:\/\/proclass.com.br\/home\/2018\/04\/pro-tools-e-macos-high-sierra-configuracoes-de-otimizacao\/\" \/>\n<meta property=\"og:locale\" content=\"pt_BR\" \/>\n<meta property=\"og:type\" content=\"article\" \/>\n<meta property=\"og:title\" content=\"Pro Tools e macOS High Sierra - Configura\u00e7\u00f5es de otimiza\u00e7\u00e3o - PROCLASS\" \/>\n<meta property=\"og:description\" content=\"Problemas comuns que este texto pode solucionar: Pro Tools software ou hardware drivers falham durante a instala\u00e7\u00e3o Pro Tools n\u00e3o inicia Nenhum LED de energia acende em uma interface Avid conectada via USB V\u00e1rios erros AAE (-1115, -1146, -5000, -6085, -6086, -6093, -6097, -6101, -9060, -9131, -9073, -9093, -9128 , -9129) Baixa performance do ProContinue reading &rarr;\" \/>\n<meta property=\"og:url\" content=\"https:\/\/proclass.com.br\/home\/2018\/04\/pro-tools-e-macos-high-sierra-configuracoes-de-otimizacao\/\" \/>\n<meta property=\"og:site_name\" content=\"PROCLASS\" \/>\n<meta property=\"article:published_time\" content=\"2018-04-25T22:20:31+00:00\" \/>\n<meta property=\"article:modified_time\" content=\"2020-12-16T18:45:27+00:00\" \/>\n<meta property=\"og:image\" content=\"https:\/\/proclass.com.br\/home\/wp-content\/uploads\/2018\/01\/geidson150.jpg\" \/>\n<meta name=\"author\" content=\"ProClass Treinamentos\" \/>\n<meta name=\"twitter:card\" content=\"summary_large_image\" \/>\n<meta name=\"twitter:label1\" content=\"Escrito por\" \/>\n\t<meta name=\"twitter:data1\" content=\"ProClass Treinamentos\" \/>\n\t<meta name=\"twitter:label2\" content=\"Est. tempo de leitura\" \/>\n\t<meta name=\"twitter:data2\" content=\"18 minutos\" \/>\n<script type=\"application\/ld+json\" class=\"yoast-schema-graph\">{\"@context\":\"https:\/\/schema.org\",\"@graph\":[{\"@type\":\"Article\",\"@id\":\"https:\/\/proclass.com.br\/home\/2018\/04\/pro-tools-e-macos-high-sierra-configuracoes-de-otimizacao\/#article\",\"isPartOf\":{\"@id\":\"https:\/\/proclass.com.br\/home\/2018\/04\/pro-tools-e-macos-high-sierra-configuracoes-de-otimizacao\/\"},\"author\":{\"name\":\"ProClass Treinamentos\",\"@id\":\"https:\/\/proclass.com.br\/home\/#\/schema\/person\/f89e1eb93d5d32c0bb465c52f87f5a00\"},\"headline\":\"Pro Tools e macOS High Sierra &#8211; Configura\u00e7\u00f5es de otimiza\u00e7\u00e3o\",\"datePublished\":\"2018-04-25T22:20:31+00:00\",\"dateModified\":\"2020-12-16T18:45:27+00:00\",\"mainEntityOfPage\":{\"@id\":\"https:\/\/proclass.com.br\/home\/2018\/04\/pro-tools-e-macos-high-sierra-configuracoes-de-otimizacao\/\"},\"wordCount\":3604,\"publisher\":{\"@id\":\"https:\/\/proclass.com.br\/home\/#organization\"},\"image\":{\"@id\":\"https:\/\/proclass.com.br\/home\/2018\/04\/pro-tools-e-macos-high-sierra-configuracoes-de-otimizacao\/#primaryimage\"},\"thumbnailUrl\":\"https:\/\/proclass.com.br\/home\/wp-content\/uploads\/2018\/01\/geidson150.jpg\",\"articleSection\":[\"Artigos\",\"Pro Tools\"],\"inLanguage\":\"pt-BR\"},{\"@type\":\"WebPage\",\"@id\":\"https:\/\/proclass.com.br\/home\/2018\/04\/pro-tools-e-macos-high-sierra-configuracoes-de-otimizacao\/\",\"url\":\"https:\/\/proclass.com.br\/home\/2018\/04\/pro-tools-e-macos-high-sierra-configuracoes-de-otimizacao\/\",\"name\":\"Pro Tools e macOS High Sierra - Configura\u00e7\u00f5es de otimiza\u00e7\u00e3o - PROCLASS\",\"isPartOf\":{\"@id\":\"https:\/\/proclass.com.br\/home\/#website\"},\"primaryImageOfPage\":{\"@id\":\"https:\/\/proclass.com.br\/home\/2018\/04\/pro-tools-e-macos-high-sierra-configuracoes-de-otimizacao\/#primaryimage\"},\"image\":{\"@id\":\"https:\/\/proclass.com.br\/home\/2018\/04\/pro-tools-e-macos-high-sierra-configuracoes-de-otimizacao\/#primaryimage\"},\"thumbnailUrl\":\"https:\/\/proclass.com.br\/home\/wp-content\/uploads\/2018\/01\/geidson150.jpg\",\"datePublished\":\"2018-04-25T22:20:31+00:00\",\"dateModified\":\"2020-12-16T18:45:27+00:00\",\"breadcrumb\":{\"@id\":\"https:\/\/proclass.com.br\/home\/2018\/04\/pro-tools-e-macos-high-sierra-configuracoes-de-otimizacao\/#breadcrumb\"},\"inLanguage\":\"pt-BR\",\"potentialAction\":[{\"@type\":\"ReadAction\",\"target\":[\"https:\/\/proclass.com.br\/home\/2018\/04\/pro-tools-e-macos-high-sierra-configuracoes-de-otimizacao\/\"]}]},{\"@type\":\"ImageObject\",\"inLanguage\":\"pt-BR\",\"@id\":\"https:\/\/proclass.com.br\/home\/2018\/04\/pro-tools-e-macos-high-sierra-configuracoes-de-otimizacao\/#primaryimage\",\"url\":\"https:\/\/proclass.com.br\/home\/wp-content\/uploads\/2018\/01\/geidson150.jpg\",\"contentUrl\":\"https:\/\/proclass.com.br\/home\/wp-content\/uploads\/2018\/01\/geidson150.jpg\",\"width\":150,\"height\":150,\"caption\":\"\\\"Foi uma grande oportunidade de ter contato direto com os melhores profissionais, compartilhando conhecimento e experi\u00eancia. Foi excelente! Recomendo\\\" Geidson Eller - Sonoplasta na EBC\"},{\"@type\":\"BreadcrumbList\",\"@id\":\"https:\/\/proclass.com.br\/home\/2018\/04\/pro-tools-e-macos-high-sierra-configuracoes-de-otimizacao\/#breadcrumb\",\"itemListElement\":[{\"@type\":\"ListItem\",\"position\":1,\"name\":\"In\u00edcio\",\"item\":\"https:\/\/proclass.com.br\/home\/\"},{\"@type\":\"ListItem\",\"position\":2,\"name\":\"Pro Tools e macOS High Sierra &#8211; Configura\u00e7\u00f5es de otimiza\u00e7\u00e3o\"}]},{\"@type\":\"WebSite\",\"@id\":\"https:\/\/proclass.com.br\/home\/#website\",\"url\":\"https:\/\/proclass.com.br\/home\/\",\"name\":\"PROCLASS\",\"description\":\"CURSOS E TREINAMENTOS\",\"publisher\":{\"@id\":\"https:\/\/proclass.com.br\/home\/#organization\"},\"potentialAction\":[{\"@type\":\"SearchAction\",\"target\":{\"@type\":\"EntryPoint\",\"urlTemplate\":\"https:\/\/proclass.com.br\/home\/?s={search_term_string}\"},\"query-input\":{\"@type\":\"PropertyValueSpecification\",\"valueRequired\":true,\"valueName\":\"search_term_string\"}}],\"inLanguage\":\"pt-BR\"},{\"@type\":\"Organization\",\"@id\":\"https:\/\/proclass.com.br\/home\/#organization\",\"name\":\"PROCLASS\",\"url\":\"https:\/\/proclass.com.br\/home\/\",\"logo\":{\"@type\":\"ImageObject\",\"inLanguage\":\"pt-BR\",\"@id\":\"https:\/\/proclass.com.br\/home\/#\/schema\/logo\/image\/\",\"url\":\"https:\/\/proclass.com.br\/home\/wp-content\/uploads\/2023\/06\/CABECALHO-black_PROCLASS-2023.png\",\"contentUrl\":\"https:\/\/proclass.com.br\/home\/wp-content\/uploads\/2023\/06\/CABECALHO-black_PROCLASS-2023.png\",\"width\":2563,\"height\":911,\"caption\":\"PROCLASS\"},\"image\":{\"@id\":\"https:\/\/proclass.com.br\/home\/#\/schema\/logo\/image\/\"}},{\"@type\":\"Person\",\"@id\":\"https:\/\/proclass.com.br\/home\/#\/schema\/person\/f89e1eb93d5d32c0bb465c52f87f5a00\",\"name\":\"ProClass Treinamentos\",\"image\":{\"@type\":\"ImageObject\",\"inLanguage\":\"pt-BR\",\"@id\":\"https:\/\/proclass.com.br\/home\/#\/schema\/person\/image\/\",\"url\":\"https:\/\/secure.gravatar.com\/avatar\/3878d7a575c7ac355d2c778d5de04af08b7c5a7d9f19b2889f26cc7d80a6a832?s=96&d=blank&r=g\",\"contentUrl\":\"https:\/\/secure.gravatar.com\/avatar\/3878d7a575c7ac355d2c778d5de04af08b7c5a7d9f19b2889f26cc7d80a6a832?s=96&d=blank&r=g\",\"caption\":\"ProClass Treinamentos\"},\"url\":\"https:\/\/proclass.com.br\/home\/author\/proclass\/\"}]}<\/script>\n<!-- \/ Yoast SEO plugin. -->","yoast_head_json":{"title":"Pro Tools e macOS High Sierra - Configura\u00e7\u00f5es de otimiza\u00e7\u00e3o - PROCLASS","robots":{"index":"index","follow":"follow","max-snippet":"max-snippet:-1","max-image-preview":"max-image-preview:large","max-video-preview":"max-video-preview:-1"},"canonical":"https:\/\/proclass.com.br\/home\/2018\/04\/pro-tools-e-macos-high-sierra-configuracoes-de-otimizacao\/","og_locale":"pt_BR","og_type":"article","og_title":"Pro Tools e macOS High Sierra - Configura\u00e7\u00f5es de otimiza\u00e7\u00e3o - PROCLASS","og_description":"Problemas comuns que este texto pode solucionar: Pro Tools software ou hardware drivers falham durante a instala\u00e7\u00e3o Pro Tools n\u00e3o inicia Nenhum LED de energia acende em uma interface Avid conectada via USB V\u00e1rios erros AAE (-1115, -1146, -5000, -6085, -6086, -6093, -6097, -6101, -9060, -9131, -9073, -9093, -9128 , -9129) Baixa performance do ProContinue reading &rarr;","og_url":"https:\/\/proclass.com.br\/home\/2018\/04\/pro-tools-e-macos-high-sierra-configuracoes-de-otimizacao\/","og_site_name":"PROCLASS","article_published_time":"2018-04-25T22:20:31+00:00","article_modified_time":"2020-12-16T18:45:27+00:00","og_image":[{"url":"https:\/\/proclass.com.br\/home\/wp-content\/uploads\/2018\/01\/geidson150.jpg","type":"","width":"","height":""}],"author":"ProClass Treinamentos","twitter_card":"summary_large_image","twitter_misc":{"Escrito por":"ProClass Treinamentos","Est. tempo de leitura":"18 minutos"},"schema":{"@context":"https:\/\/schema.org","@graph":[{"@type":"Article","@id":"https:\/\/proclass.com.br\/home\/2018\/04\/pro-tools-e-macos-high-sierra-configuracoes-de-otimizacao\/#article","isPartOf":{"@id":"https:\/\/proclass.com.br\/home\/2018\/04\/pro-tools-e-macos-high-sierra-configuracoes-de-otimizacao\/"},"author":{"name":"ProClass Treinamentos","@id":"https:\/\/proclass.com.br\/home\/#\/schema\/person\/f89e1eb93d5d32c0bb465c52f87f5a00"},"headline":"Pro Tools e macOS High Sierra &#8211; Configura\u00e7\u00f5es de otimiza\u00e7\u00e3o","datePublished":"2018-04-25T22:20:31+00:00","dateModified":"2020-12-16T18:45:27+00:00","mainEntityOfPage":{"@id":"https:\/\/proclass.com.br\/home\/2018\/04\/pro-tools-e-macos-high-sierra-configuracoes-de-otimizacao\/"},"wordCount":3604,"publisher":{"@id":"https:\/\/proclass.com.br\/home\/#organization"},"image":{"@id":"https:\/\/proclass.com.br\/home\/2018\/04\/pro-tools-e-macos-high-sierra-configuracoes-de-otimizacao\/#primaryimage"},"thumbnailUrl":"https:\/\/proclass.com.br\/home\/wp-content\/uploads\/2018\/01\/geidson150.jpg","articleSection":["Artigos","Pro Tools"],"inLanguage":"pt-BR"},{"@type":"WebPage","@id":"https:\/\/proclass.com.br\/home\/2018\/04\/pro-tools-e-macos-high-sierra-configuracoes-de-otimizacao\/","url":"https:\/\/proclass.com.br\/home\/2018\/04\/pro-tools-e-macos-high-sierra-configuracoes-de-otimizacao\/","name":"Pro Tools e macOS High Sierra - Configura\u00e7\u00f5es de otimiza\u00e7\u00e3o - PROCLASS","isPartOf":{"@id":"https:\/\/proclass.com.br\/home\/#website"},"primaryImageOfPage":{"@id":"https:\/\/proclass.com.br\/home\/2018\/04\/pro-tools-e-macos-high-sierra-configuracoes-de-otimizacao\/#primaryimage"},"image":{"@id":"https:\/\/proclass.com.br\/home\/2018\/04\/pro-tools-e-macos-high-sierra-configuracoes-de-otimizacao\/#primaryimage"},"thumbnailUrl":"https:\/\/proclass.com.br\/home\/wp-content\/uploads\/2018\/01\/geidson150.jpg","datePublished":"2018-04-25T22:20:31+00:00","dateModified":"2020-12-16T18:45:27+00:00","breadcrumb":{"@id":"https:\/\/proclass.com.br\/home\/2018\/04\/pro-tools-e-macos-high-sierra-configuracoes-de-otimizacao\/#breadcrumb"},"inLanguage":"pt-BR","potentialAction":[{"@type":"ReadAction","target":["https:\/\/proclass.com.br\/home\/2018\/04\/pro-tools-e-macos-high-sierra-configuracoes-de-otimizacao\/"]}]},{"@type":"ImageObject","inLanguage":"pt-BR","@id":"https:\/\/proclass.com.br\/home\/2018\/04\/pro-tools-e-macos-high-sierra-configuracoes-de-otimizacao\/#primaryimage","url":"https:\/\/proclass.com.br\/home\/wp-content\/uploads\/2018\/01\/geidson150.jpg","contentUrl":"https:\/\/proclass.com.br\/home\/wp-content\/uploads\/2018\/01\/geidson150.jpg","width":150,"height":150,"caption":"\"Foi uma grande oportunidade de ter contato direto com os melhores profissionais, compartilhando conhecimento e experi\u00eancia. Foi excelente! Recomendo\" Geidson Eller - Sonoplasta na EBC"},{"@type":"BreadcrumbList","@id":"https:\/\/proclass.com.br\/home\/2018\/04\/pro-tools-e-macos-high-sierra-configuracoes-de-otimizacao\/#breadcrumb","itemListElement":[{"@type":"ListItem","position":1,"name":"In\u00edcio","item":"https:\/\/proclass.com.br\/home\/"},{"@type":"ListItem","position":2,"name":"Pro Tools e macOS High Sierra &#8211; Configura\u00e7\u00f5es de otimiza\u00e7\u00e3o"}]},{"@type":"WebSite","@id":"https:\/\/proclass.com.br\/home\/#website","url":"https:\/\/proclass.com.br\/home\/","name":"PROCLASS","description":"CURSOS E TREINAMENTOS","publisher":{"@id":"https:\/\/proclass.com.br\/home\/#organization"},"potentialAction":[{"@type":"SearchAction","target":{"@type":"EntryPoint","urlTemplate":"https:\/\/proclass.com.br\/home\/?s={search_term_string}"},"query-input":{"@type":"PropertyValueSpecification","valueRequired":true,"valueName":"search_term_string"}}],"inLanguage":"pt-BR"},{"@type":"Organization","@id":"https:\/\/proclass.com.br\/home\/#organization","name":"PROCLASS","url":"https:\/\/proclass.com.br\/home\/","logo":{"@type":"ImageObject","inLanguage":"pt-BR","@id":"https:\/\/proclass.com.br\/home\/#\/schema\/logo\/image\/","url":"https:\/\/proclass.com.br\/home\/wp-content\/uploads\/2023\/06\/CABECALHO-black_PROCLASS-2023.png","contentUrl":"https:\/\/proclass.com.br\/home\/wp-content\/uploads\/2023\/06\/CABECALHO-black_PROCLASS-2023.png","width":2563,"height":911,"caption":"PROCLASS"},"image":{"@id":"https:\/\/proclass.com.br\/home\/#\/schema\/logo\/image\/"}},{"@type":"Person","@id":"https:\/\/proclass.com.br\/home\/#\/schema\/person\/f89e1eb93d5d32c0bb465c52f87f5a00","name":"ProClass Treinamentos","image":{"@type":"ImageObject","inLanguage":"pt-BR","@id":"https:\/\/proclass.com.br\/home\/#\/schema\/person\/image\/","url":"https:\/\/secure.gravatar.com\/avatar\/3878d7a575c7ac355d2c778d5de04af08b7c5a7d9f19b2889f26cc7d80a6a832?s=96&d=blank&r=g","contentUrl":"https:\/\/secure.gravatar.com\/avatar\/3878d7a575c7ac355d2c778d5de04af08b7c5a7d9f19b2889f26cc7d80a6a832?s=96&d=blank&r=g","caption":"ProClass Treinamentos"},"url":"https:\/\/proclass.com.br\/home\/author\/proclass\/"}]}},"_links":{"self":[{"href":"https:\/\/proclass.com.br\/home\/wp-json\/wp\/v2\/posts\/9578","targetHints":{"allow":["GET"]}}],"collection":[{"href":"https:\/\/proclass.com.br\/home\/wp-json\/wp\/v2\/posts"}],"about":[{"href":"https:\/\/proclass.com.br\/home\/wp-json\/wp\/v2\/types\/post"}],"author":[{"embeddable":true,"href":"https:\/\/proclass.com.br\/home\/wp-json\/wp\/v2\/users\/4"}],"replies":[{"embeddable":true,"href":"https:\/\/proclass.com.br\/home\/wp-json\/wp\/v2\/comments?post=9578"}],"version-history":[{"count":0,"href":"https:\/\/proclass.com.br\/home\/wp-json\/wp\/v2\/posts\/9578\/revisions"}],"wp:attachment":[{"href":"https:\/\/proclass.com.br\/home\/wp-json\/wp\/v2\/media?parent=9578"}],"wp:term":[{"taxonomy":"category","embeddable":true,"href":"https:\/\/proclass.com.br\/home\/wp-json\/wp\/v2\/categories?post=9578"},{"taxonomy":"post_tag","embeddable":true,"href":"https:\/\/proclass.com.br\/home\/wp-json\/wp\/v2\/tags?post=9578"}],"curies":[{"name":"wp","href":"https:\/\/api.w.org\/{rel}","templated":true}]}}