{"id":9570,"date":"2018-04-25T18:53:26","date_gmt":"2018-04-25T21:53:26","guid":{"rendered":"http:\/\/proclass.com.br\/home\/?p=9570"},"modified":"2020-12-16T15:22:48","modified_gmt":"2020-12-16T18:22:48","slug":"pro-tools-e-windows-10-configuracoes-de-otimizacao","status":"publish","type":"post","link":"https:\/\/proclass.com.br\/home\/2018\/04\/pro-tools-e-windows-10-configuracoes-de-otimizacao\/","title":{"rendered":"Pro Tools e Windows 10 &#8211; Configura\u00e7\u00f5es de otimiza\u00e7\u00e3o"},"content":{"rendered":"\t\t<div data-elementor-type=\"wp-post\" data-elementor-id=\"9570\" class=\"elementor elementor-9570\" data-elementor-post-type=\"post\">\n\t\t\t\t\t\t<section class=\"elementor-section elementor-top-section elementor-element elementor-element-64f16a16 elementor-section-boxed elementor-section-height-default elementor-section-height-default\" data-id=\"64f16a16\" data-element_type=\"section\">\n\t\t\t\t\t\t<div class=\"elementor-container elementor-column-gap-default\">\n\t\t\t\t\t<div class=\"elementor-column elementor-col-100 elementor-top-column elementor-element elementor-element-336bd4b2\" data-id=\"336bd4b2\" data-element_type=\"column\">\n\t\t\t<div class=\"elementor-widget-wrap elementor-element-populated\">\n\t\t\t\t\t\t<div class=\"elementor-element elementor-element-6ecc71fa elementor-widget elementor-widget-text-editor\" data-id=\"6ecc71fa\" data-element_type=\"widget\" data-widget_type=\"text-editor.default\">\n\t\t\t\t<div class=\"elementor-widget-container\">\n\t\t\t\t\t\t\t\t\t<h3>Problemas comuns que este texto pode solucionar:<\/h3><p>Pro Tools software ou hardware drivers falham durante a instala\u00e7\u00e3o<br \/>Pro Tools n\u00e3o inicia<br \/>Nenhum LED de energia acende em uma interface Avid conectada via USB<br \/>V\u00e1rios erros AAE (-1115, -1146, -5000, -6085, -6086, -6093, -6097, -6101, -9060, -9131, -9073, -9093, -9128 , -9129)<br \/>Baixa performance do Pro Tools (sobrecarregamento do sistema mesmo com poucos plug-ins ou pistas)<\/p><p>O Pro Tools pode ser prejudicado pelas configura\u00e7\u00f5es do sistema e por outros drivers de software e hardware instalados no seu computador. Para um melhor desempenho, \u00e9 recomend\u00e1vel que voc\u00ea execute as seguintes etapas:<\/p><h3>&gt;Otimiza\u00e7\u00f5es<\/h3><ul><li>Atualizar Driver de Gr\u00e1ficos<\/li><li>Atualizar Drivers do Adaptador de Rede<\/li><li>Desativar o Turbo Boost e o C-State Transition (BIOS)<\/li><li>Ajustar as op\u00e7\u00f5es de energia<\/li><li>Executar como administrador<\/li><li>Otimiza\u00e7\u00f5es de disco r\u00edgido<\/li><li>Instalar os drivers de dispositivos mais recentes<\/li><li>Ajustar o agendamento do processador<\/li><li>Desativar o Hyper-Threading<\/li><\/ul><p>Se voc\u00ea tiver realizado todas as otimiza\u00e7\u00f5es acima e ainda estiver com problemas, ao final do texto voc\u00ea tamb\u00e9m encontrar\u00e1 informa\u00e7\u00f5es sobre etapas de solu\u00e7\u00f5es de problemas:<\/p><h3>&gt;Solu\u00e7\u00e3o de problemas<\/h3><ul><li>N\u00e3o est\u00e1 ouvindo entrada ou sa\u00edda<ul><li>Configura\u00e7\u00e3o de I \/ O padr\u00e3o<\/li><li>Criar nova sess\u00e3o com o I\/O Setting &#8220;Stereo Mix&#8221;<\/li><\/ul><\/li><li>Excluir bancos de dados e prefer\u00eancias do Pro Tools<\/li><li>Desativar adaptadores de rede<\/li><li>Desativar itens de inicializa\u00e7\u00e3o do sistema<\/li><li>Ativar o controlador Legacy FireWire (somente interfaces FireWire)<\/li><li>Desativar o controle de conta do usu\u00e1rio<\/li><li>Desativar a bateria do m\u00e9todo de controle compat\u00edvel com ACPI da Microsoft<\/li><li>Instale os drivers iLok \/ PACE<\/li><li>Crie uma nova conta de usu\u00e1rio<\/li><li>Ativar DEP<\/li><li>Outras configura\u00e7\u00f5es<\/li><\/ul><h1>&gt;Otimiza\u00e7\u00f5es<\/h1><h3>Atualizar Driver de Gr\u00e1ficos<\/h3><p>Em muitos casos, os drivers de gr\u00e1ficos desatualizados n\u00e3o utilizar\u00e3o efetivamente a GPU (Graphics Processing Unit) e, em vez disso, sobrecarregar\u00e3o o processador do computador, roubando recursos valiosos do Pro Tools e causando uma redu\u00e7\u00e3o no desempenho. Portanto, para um desempenho ideal, \u00e9 necess\u00e1rio que os drivers gr\u00e1ficos sejam atualizados.<\/p><p>Quase todos os computadores usam um controlador gr\u00e1fico (ou placa gr\u00e1fica) da Nvidia, AMD \/ ATI ou Intel. Para encontrar a marca e o modelo do seu controlador gr\u00e1fico, fa\u00e7a o seguinte:<\/p><ol><li>Clique no bot\u00e3o Iniciar do Windows para abrir o menu Iniciar.<\/li><li>Digite Gerenciador de Dispositivos e pressione enter.<\/li><li>Clique no tri\u00e2ngulo ao lado de Adaptadores de exibi\u00e7\u00e3o.<\/li><li>Seu modelo de placa gr\u00e1fica aparecer\u00e1 diretamente abaixo.<\/li><li>Clique duas vezes nesse item para visualizar suas propriedades.<\/li><li>Na guia Geral, anote o modelo (mostrado na parte superior da janela) e o fabricante.<\/li><li>Selecione a guia Driver.<\/li><li>Anote a vers\u00e3o e a data do driver.<\/li><li>Para encontrar o driver mais recente para seu Controlador gr\u00e1fico, acesse o site do fabricante apropriado:<\/li><\/ol><h3>&gt;Atualizar driver do adaptador de rede<\/h3><p>Os drivers do adaptador de rede pode afetar gravemente o desempenho do sistema. Drivers desatualizados podem fazer com que os controladores Ethernet consumam desnecessariamente recursos de processamento vitais, limitando o uso de plug-ins e a contagem de faixas e gerando erros de AAE durante a reprodu\u00e7\u00e3o e a transfer\u00eancia de registros. Portanto, \u00e9 recomend\u00e1vel manter esses drivers atualizados o tempo todo.<\/p><ol><li>Clique no bot\u00e3o Iniciar do Windows para abrir o menu Iniciar.<\/li><li>Digite Gerenciador de Dispositivos e pressione enter.<\/li><li>Clique no tri\u00e2ngulo ao lado de Adaptadores de Rede.<\/li><li>Adaptadores de rede v\u00eam de uma variedade de fabricantes. Em muitos casos, eles s\u00e3o embutidos na placa-m\u00e3e do computador, mas \u00e0s vezes s\u00e3o instalados como placas PCI ou PCIe opcionais no chassi do computador.<\/li><li>Localize e instale os drivers mais atuais para seus adaptadores de rede acessando o site do fabricante do adaptador.<\/li><li>Geralmente haver\u00e1 mais de um adaptador de rede listado no gerenciador de dispositivos. Tente e atualize todos os drivers de adaptador de rede para as vers\u00f5es mais recentes.<\/li><\/ol><h3>&gt; Desativar o Turbo Boost e o C-State Transition (BIOS)<\/h3><p>Essas configura\u00e7\u00f5es n\u00e3o est\u00e3o dispon\u00edveis em todos os computadores, mas \u00e9 muito importante desativ\u00e1-las, se poss\u00edvel. Turbo Boost e C-State Transition afetam a maneira como a velocidade do clock do processador \u00e9 gerenciada. Quando um desses estiver ativado, o processador mudar\u00e1 dinamicamente a velocidade, dependendo da atividade de computa\u00e7\u00e3o. Essa limita\u00e7\u00e3o pode causar erros no Pro Tools. Voc\u00ea precisar\u00e1 acessar a configura\u00e7\u00e3o do BIOS do seu computador para alterar essas configura\u00e7\u00f5es.<\/p><p>Consulte o fabricante do computador ou da placa-m\u00e3e para determinar se alguma dessas configura\u00e7\u00f5es est\u00e1 dispon\u00edvel em seu sistema e saiba como desativ\u00e1-las em caso afirmativo.<\/p><h3>&gt;Ajustar as op\u00e7\u00f5es de energia<\/h3><p>Essa otimiza\u00e7\u00e3o impede que o computador entre no modo de suspens\u00e3o, o que pode causar problemas de reprodu\u00e7\u00e3o nas interfaces de \u00e1udio. Isso tamb\u00e9m impede que os discos r\u00edgidos entrem no modo de suspens\u00e3o e desativa a suspens\u00e3o seletiva de USB, o que pode causar estalos e cliques durante a grava\u00e7\u00e3o e a reprodu\u00e7\u00e3o com interfaces USB quando ativada.<\/p><ol><li>Abra o menu Iniciar, digite Painel de Controle e pressione Enter.<\/li><li>Na visualiza\u00e7\u00e3o \u00cdcones grandes, clique em Op\u00e7\u00f5es de energia.<\/li><li>Selecione o plano de energia de alto desempenho. Clique no link Alterar configura\u00e7\u00f5es do plano.<\/li><li>Defina o tempo de espera da tela como Nunca.<\/li><li>Defina o tempo de inatividade do computador para Nunca.<\/li><li>Clique no link Alterar configura\u00e7\u00f5es avan\u00e7adas de energia.<\/li><li>Clique no sinal + ao lado de Disco R\u00edgido.<\/li><li>Clique no sinal + ao lado de Desligar o disco r\u00edgido depois.<\/li><li>Clique na caixa de valor; o campo de entrada de texto agora estar\u00e1 acess\u00edvel.<\/li><li>No campo de entrada de texto, digite nunca.<\/li><li>Clique no sinal + ao lado de configura\u00e7\u00f5es USB.<\/li><li>Clique no sinal + ao lado de USB selective suspend setting.<\/li><li>Clique duas vezes onde diz Ativado e clique em Desativado.<\/li><li>Clique no sinal + ao lado de Gerenciamento de energia do processador.<\/li><li>Clique no sinal + ao lado de Estado m\u00ednimo do processador.<\/li><li>Digite 100 no campo de entrada de texto Setting (%).<\/li><li>Clique em Aplicar e depois em OK.<\/li><li>Clique em Salvar altera\u00e7\u00f5es.<\/li><li>Feche a janela Op\u00e7\u00f5es de energia<\/li><\/ol><h3>&gt;Complementar: Desativar o gerenciamento de energia USB (apenas interfaces USB)<\/h3><p>Essa otimiza\u00e7\u00e3o libera a largura de banda no barramento USB e pode ajudar a resolver problemas com o reconhecimento do dispositivo e a instala\u00e7\u00e3o do driver.<\/p><ol><li>Clique no bot\u00e3o Iniciar do Windows para abrir o menu Iniciar.<\/li><li>Digite Gerenciador de Dispositivos e pressione enter.<\/li><li>Na janela do Gerenciador de Dispositivos, clique duas vezes em Controladores Universal Serial Bus.<\/li><li>Clique duas vezes no primeiro item do USB Root Hub.<\/li><li>Clique na guia Gerenciamento de energia.<\/li><li>Desmarque a caixa que diz Permitir que o computador desligue este dispositivo para economizar energia e clique em OK.<\/li><li>Repita este processo para todos os outros itens do USB Root Hub.<\/li><\/ol><h3>&gt;Desativar o Hyper-Threading<\/h3><p>Essa otimiza\u00e7\u00e3o impede o processador Hyper-Threading, que pode causar erros de CPU no Pro Tools. Observe que alguns outros aplicativos, incluindo o Media Composer, podem funcionar melhor com o Hyper-Threading ativado. As configura\u00e7\u00f5es do Hyper-Threading s\u00e3o encontradas no BIOS e variam de acordo com o modelo do computador e a vers\u00e3o do BIOS. Consulte o fabricante do computador ou da placa-m\u00e3e para determinar se essas configura\u00e7\u00f5es est\u00e3o dispon\u00edveis no sistema e saiba como desativ\u00e1-las.<\/p><h3>&gt;Executar como administrador<\/h3><p>Isso pode ajudar com v\u00e1rios problemas de lan\u00e7amento, bem como com uma variedade de problemas de MIDI (ou seja, sem sa\u00edda MIDI ou comunica\u00e7\u00e3o de superf\u00edcie de controle) e usando o driver de hardware Avid \/ Digidesign em DAWs de terceiros.<\/p><ol><li>Clique com o bot\u00e3o direito do mouse no \u00edcone do Pro Tools na sua \u00e1rea de trabalho.<\/li><li>Se estiver usando um DAW de terceiros, clique com o bot\u00e3o direito do mouse no \u00edcone do aplicativo.<\/li><li>Escolha Propriedades.<\/li><li>Clique na guia Compatibilidade.<\/li><li>Marque a caixa que diz Executar este programa como administrador.<\/li><li>Clique em Aplicar e, em seguida, em OK.<\/li><\/ol><h3>&gt;Otimiza\u00e7\u00f5es de disco r\u00edgido<\/h3><p>Essa otimiza\u00e7\u00e3o permite que seus discos r\u00edgidos funcionem de maneira mais eficiente ao gravar e reproduzir arquivos de \u00e1udio, e \u00e0s vezes pode resolver o Erro DAE -9073.<\/p><ol><li>Abra o menu Iniciar e clique no Gerenciador de Arquivos.<\/li><li>Clique neste PC na coluna da esquerda.<\/li><li>Clique com o bot\u00e3o direito do mouse na primeira unidade que voc\u00ea pretende usar para armazenamento de \u00e1udio.<\/li><li>Escolha Propriedades.<\/li><li>Se marcado, desmarque Compactar esta unidade para economizar espa\u00e7o em disco.<\/li><li>Se marcado, desmarque Permitir que arquivos nesta unidade tenham o conte\u00fado indexado.<\/li><li>Clique em Aplicar e, em seguida, em OK.<\/li><li>Repita o processo para cada uma das suas unidades de \u00e1udio.<\/li><\/ol><h3>&gt;Instalar os drivers de dispositivos mais recentes<\/h3><p>Para garantir compatibilidade m\u00e1xima com o Pro Tools, \u00e9 importante instalar os drivers mais recentes dispon\u00edveis para sua interface de \u00e1udio.<\/p><p>Se voc\u00ea tiver uma interface Avid \/ Digidesign, visite <a href=\"http:\/\/avid.com\/drivers\">http:\/\/avid.com\/drivers<\/a> para baixar os drivers mais recentes compat\u00edveis com o Pro Tools.<\/p><p>Para interfaces de terceiros, visite o site do fabricante para baixar os drivers mais recentes dispon\u00edveis para sua interface de \u00e1udio.<\/p><p><span class=\"Apple-converted-space\">\u00a0<\/span><\/p><h3>&gt;Ajustar o agendamento do processador<\/h3><ol><li>Essa otimiza\u00e7\u00e3o permite que o computador execute o Pro Tools com mais efici\u00eancia.<\/li><li>Clique no menu Iniciar, digite Sistema e pressione Enter.<\/li><li>Escolha Configura\u00e7\u00f5es Avan\u00e7adas do Sistema.<\/li><li>Na se\u00e7\u00e3o Desempenho, clique no bot\u00e3o Configura\u00e7\u00f5es.<\/li><li>Na janela Op\u00e7\u00f5es de desempenho, clique na guia Avan\u00e7ado.<\/li><li>Na se\u00e7\u00e3o Agendamento do Processador, selecione a op\u00e7\u00e3o Servi\u00e7os em Segundo Plano.<\/li><li>Clique em Aplicar e, em seguida, em OK para fechar a janela Op\u00e7\u00f5es de desempenho.<\/li><li>Clique em OK para fechar a janela Propriedades do sistema.<\/li><li>Reinicie o computador para que as altera\u00e7\u00f5es entrem em vigor.<\/li><\/ol><h1>&gt;Solu\u00e7\u00e3o de problemas<\/h1><h3>-N\u00e3o ouvir entrada ou sa\u00edda<\/h3><p>Se voc\u00ea n\u00e3o conseguir ouvir a sa\u00edda do Pro Tools, as etapas de solu\u00e7\u00e3o de problemas a seguir poder\u00e3o corrigir o problema.<\/p><p><strong>Configura\u00e7\u00e3o de I \/ O padr\u00e3o:<\/strong><\/p><ol><li>Abra uma sess\u00e3o do Pro Tools.<\/li><li>Clique no menu Setup.<\/li><li>Clique em I \/ O.<\/li><li>Por padr\u00e3o, voc\u00ea estar\u00e1 na aba OUTPUT. Clique no bot\u00e3o DEFAULT no canto inferior esquerdo.<\/li><li>Clique na aba INPUT e depois no bot\u00e3o DEFAULT novamente.<\/li><li>Clique na aba Bus e depois no bot\u00e3o DEFAULT novamente.<\/li><li>Clique em OK para salvar essas altera\u00e7\u00f5es.<\/li><li>Os caminhos de entrada e sa\u00edda da sua interface de \u00e1udio devem agora ser definidos para as configura\u00e7\u00f5es padr\u00e3o da sua interface de \u00e1udio.<\/li><li>Verifique novamente suas configura\u00e7\u00f5es de entrada e sa\u00edda na janela Mix do Pro Tools para verificar se est\u00e3o endere\u00e7adas corretamente e teste novamente.<\/li><\/ol><h3>&gt; Criar nova sess\u00e3o com configura\u00e7\u00f5es de I\/O setting \u00a0Stereo Mix:<\/h3><ol><li>Inicie o Pro Tools.<\/li><li>Pelo menu File &gt; escolha Criar sess\u00e3o em branco.<\/li><li>Para as configura\u00e7\u00f5es de I\/O Settings, escolha a op\u00e7\u00e3o <strong>Stereo Mix.<\/strong><\/li><li>Clique OK.<\/li><\/ol><p>A sess\u00e3o ser\u00e1 agora criada com as configura\u00e7\u00f5es padr\u00e3o de I\/O para sua interface de \u00e1udio. Fa\u00e7a um teste de grava\u00e7\u00e3o ou importe algum \u00e1udio e veja se o problema persiste.<\/p><p>Se desejar, voc\u00ea pode renomear os caminhos de I\/O para como eles foram definidos antes, desde que tudo esteja funcionando corretamente. No menu Setup &gt; I\/O&#8230;, clique duas vezes no nome do nome que voc\u00ea deseja renomear, digite o novo nome.<\/p><h3>\u00a0<\/h3><h3>&gt;Excluir bancos de dados e prefer\u00eancias do Pro Tools<\/h3><p>Para excluir arquivos de prefer\u00eancias do Pro Tools 12 e superiores no Windows 10:<\/p><ol><li>Clique no menu Iniciar do Windows.<\/li><li>Clique em File Explorer.<\/li><li>Clique neste PC na coluna da esquerda.<\/li><li>Clique duas vezes na unidade C :.<\/li><li>Abra a pasta Usu\u00e1rios.<\/li><li>Abra a pasta do nome da sua conta de usu\u00e1rio atual.<\/li><li>Abra a pasta AppData. OBSERVA\u00c7\u00c3O: Se a pasta AppData n\u00e3o estiver sendo exibida, clique na guia Exibir na parte superior da janela e selecione Itens ocultos acima Mostrar \/ ocultar.<\/li><li>Abra a pasta Roaming.<\/li><li>Abra a pasta Avid<\/li><li>Abra a pasta Pro ToolsSelecione todos os arquivos nesta pasta e exclua-os.<\/li><li>Reinicie o computador.<\/li><\/ol><h3>&gt;Para excluir os arquivos Workspace e Wavecache do Pro Tools 12 e superiores no Windows 10:<\/h3><p>Tente exclu\u00ed-los se voc\u00ea tiver problemas com base em arquivos, como problemas na pesquisa de arquivos de \u00e1udio na \u00e1rea de trabalho ou problemas ao desenhar formas de onda.<\/p><ol><li>Clique no bot\u00e3o Iniciar do Windows.<\/li><li>Clique em File Explorer.<\/li><li>Clique neste PC.<\/li><li>Abra a unidade C: \\.<\/li><li>V\u00e1 para a pasta Usu\u00e1rios.<\/li><li>V\u00e1 para a pasta P\u00fablica.<\/li><li>Exclua a pasta Pro Tools, que cont\u00e9m os seguintes arquivos:<\/li><li>Workspace.wksp<\/li><li>WaveCache.wfm<\/li><\/ol><h3>&gt;Desativar adaptadores de rede<\/h3><p>Se voc\u00ea atualizou os drivers do seu adaptador de rede e ainda encontrar erros de AAE durante a reprodu\u00e7\u00e3o ou o registro, tente desabilitar completamente os adaptadores de rede. Al\u00e9m de liberar recursos do sistema, desabilitar os adaptadores de rede \u00e0s vezes pode aliviar alguns erros de AAE.<\/p><ol><li>Abra o menu Iniciar, digite Gerenciador de dispositivos e pressione Enter.<\/li><li>Na janela Gerenciador de dispositivos, clique duas vezes em Adaptadores de rede.<\/li><li>Clique com o bot\u00e3o direito do mouse no adaptador de rede que voc\u00ea deseja desativar e escolha Desativar.<\/li><li>Feche a janela do Gerenciador de Dispositivos.<\/li><\/ol><p><span class=\"Apple-converted-space\">\u00a0<\/span><\/p><h3>&gt;Desativar itens de inicializa\u00e7\u00e3o do sistema<\/h3><p>Al\u00e9m de liberar recursos do sistema, isso pode resolver conflitos com outros aplicativos que s\u00e3o iniciados automaticamente quando voc\u00ea inicializa o computador.<\/p><ol><li>Clique no bot\u00e3o Iniciar do Windows.<\/li><li>Digite msconfig e pressione Enter.<\/li><li>O utilit\u00e1rio de configura\u00e7\u00e3o do sistema \u00e9 aberto. Na guia Geral, escolha Inicializa\u00e7\u00e3o seletiva.<\/li><li>Desmarque a op\u00e7\u00e3o Carregar itens de inicializa\u00e7\u00e3o.<\/li><li>V\u00e1 para a guia Servi\u00e7os e marque a op\u00e7\u00e3o para Ocultar todos os servi\u00e7os da Microsoft.<\/li><li>Clique em Desativar tudo.<\/li><li>Clique na coluna rotulada Fabricante para classificar itens por fabricante.<\/li><li>Localize todos os itens com Avid, Digidesign ou PACE listados como o fabricante.<\/li><li>Verifique-os e clique em Aplicar.<\/li><li>Feche o utilit\u00e1rio de configura\u00e7\u00e3o do sistema.<\/li><li>Reinicie o computador.<\/li><\/ol><p>Voc\u00ea pode reverter para as configura\u00e7\u00f5es originais executando msconfig e escolhendo Inicializa\u00e7\u00e3o normal.<\/p><h3>&gt;Ativar o driver do controlador FireWire herdado (somente interfaces FireWire)<\/h3><p>Isso mudar\u00e1 o controlador FireWire em seu sistema para o controlador legado usado anteriormente no Windows XP e no Vista. Em alguns casos, o controlador herdado melhora o desempenho do FireWire no Windows 10 e pode resolver muitos problemas do Pro Tools, como erros de AAE, congelamentos, pops e cliques.<\/p><ol><li>Clique no bot\u00e3o Iniciar do Windows, digite Gerenciador de dispositivos e pressione Enter.<\/li><li>Na janela Gerenciador de dispositivos, clique duas vezes nos controladores de host do IEEE 1394 Bus.<\/li><li>Clique duas vezes no controlador (ou porta) ao qual sua interface FireWire est\u00e1 conectada.<\/li><li>Clique na guia Driver.<\/li><li>Clique em Atualizar Driver.<\/li><li>Escolha Procurar meu computador para software de driver.<\/li><li>Escolha Deixe-me escolher em uma lista de drivers de dispositivo no meu computador.<\/li><li>Escolha 1394 OHCI Compliant Host Controller (Legacy).<\/li><li>Reinicie o computador.<\/li><\/ol><p>Se o driver FireWire legado estiver faltando nas op\u00e7\u00f5es, mais instru\u00e7\u00f5es est\u00e3o dispon\u00edveis neste artigo da Microsoft.<\/p><p><span class=\"Apple-converted-space\">\u00a0<\/span><\/p><h3>&gt;Desativar o Controle de Conta de Usu\u00e1rio<\/h3><p>Desativar o UAC pode ajudar com o erro \u201cSession must be on an audio record volume&#8221;\u00a0e v\u00e1rios outros problemas ao iniciar o Pro Tools.<\/p><ol><li>Clique no bot\u00e3o Iniciar do Windows, digite Painel de Controle e pressione Enter.<\/li><li>No \u00edcone grande, clique em Exibir, clique em Contas de usu\u00e1rio.<\/li><li>Clique em Alterar configura\u00e7\u00f5es de controle de conta de usu\u00e1rio.<\/li><li>Defina para Nunca notificar.<\/li><li>Clique OK.<\/li><li>Reinicie o computador.<\/li><\/ol><h3>\u00a0<\/h3><h3>&gt;Desativar bateria de m\u00e9todo de controle compat\u00edvel com ACPI da Microsoft (somente notebooks)<\/h3><p>Isso desativar\u00e1 a funcionalidade de gerenciamento de bateria no Windows. Isso pode ajudar a aliviar a reprodu\u00e7\u00e3o e gravar erros e melhorar o desempenho, mesmo quando o laptop \u00e9 alimentado por uma tomada. Observe que isso geralmente desativar\u00e1 os alertas de bateria e o medidor de carga no Windows, por isso, \u00e9 uma boa ideia ativar essa op\u00e7\u00e3o novamente quando n\u00e3o estiver usando o Pro Tools.<\/p><ol><li>Clique no bot\u00e3o Iniciar do Windows, digite Gerenciador de dispositivos e pressione Enter.<\/li><li>Na janela Gerenciador de dispositivos e clique duas vezes em Baterias.<\/li><li>Clique com o bot\u00e3o direito do mouse em Bateria de m\u00e9todo de controle compat\u00edvel com ACPI da Microsoft e escolha Desativar.<\/li><li>Feche a janela do Gerenciador de Dispositivos.<\/li><\/ol><h3>&gt;Instale os drivers iLok \/ PACE<\/h3><p>A instala\u00e7\u00e3o de drivers iLok atualizados pode ajudar com quaisquer erros relacionados ao iLok \/ PACE durante a inicializa\u00e7\u00e3o do Pro Tools. Tamb\u00e9m \u00e9 uma boa ideia atualizar os drivers se voc\u00ea estiver tendo problemas de autoriza\u00e7\u00e3o com qualquer plug-in autorizado pelo iLok.<\/p><p>Fa\u00e7a o download e instale o instalador mais recente do Suporte de Licen\u00e7a do iLok.com.<\/p><h3>\u00a0<\/h3><h3>&gt;Crie uma nova conta de usu\u00e1rio<\/h3><p>Isso pode ser \u00fatil se houver prefer\u00eancias de usu\u00e1rio conflitantes ou corrompidas, causando problemas no Pro Tools. Em muitos casos, \u00e9 extremamente dif\u00edcil identificar o que exatamente est\u00e1 causando o problema devido ao n\u00famero de aplicativos instalados no sistema. Nesses casos, a cria\u00e7\u00e3o de uma nova conta de usu\u00e1rio ser\u00e1 livre dessas prefer\u00eancias conflitantes e permitir\u00e1 que o Pro Tools seja executado sem conflitos.<\/p><ol><li>Clique no bot\u00e3o Iniciar do Windows, digite Painel de Controle e pressione Enter.<\/li><li>Na exibi\u00e7\u00e3o \u00cdcones Grandes, clique em Contas de Usu\u00e1rio e, em seguida, clique em Gerenciar outra conta.<\/li><li>Clique em Adicionar um novo usu\u00e1rio nas configura\u00e7\u00f5es do PC.<\/li><li>Clique em Adicionar outra pessoa a este PC em Outros usu\u00e1rios.<\/li><li>Clique em Eu n\u00e3o tenho as informa\u00e7\u00f5es de login dessa pessoa.<\/li><li>Clique em Adicionar um usu\u00e1rio sem uma conta da Microsoft.<\/li><li>Digite um nome e uma senha para a conta e clique em Avan\u00e7ar.<\/li><li>Clique no novo nome da conta e clique em Alterar tipo de conta.<\/li><li>Altere o tipo de conta para Administrador e clique em OK.<\/li><li>Para entrar na nova conta de usu\u00e1rio:<\/li><li>Pressione ctrl + alt + delete.<\/li><li>Escolha logoff.<\/li><li>Escolha a nova conta que voc\u00ea acabou de criar.<\/li><li>Inicie o Pro Tools no menu Iniciar.<\/li><\/ol><p><span class=\"Apple-converted-space\">\u00a0<\/span><\/p><h3>&gt;Ativar DEP<\/h3><p>Essa solu\u00e7\u00e3o de problemas pode, \u00e0s vezes, ajudar a resolver problemas de instala\u00e7\u00e3o e inicializa\u00e7\u00e3o do software Pro Tools. Se voc\u00ea desativou isso por algum motivo, \u00e9 recomend\u00e1vel reativ\u00e1-lo.<\/p><ol><li>Abra o menu Iniciar e digite cmd, mas n\u00e3o pressione Enter. O prompt de comando deve estar vis\u00edvel na melhor correspond\u00eancia.<\/li><li>Clique com o bot\u00e3o direito do mouse em Prompt de Comando e escolha Executar como administrador.<\/li><li>Clique no bot\u00e3o Sim se pedir permiss\u00e3o.<\/li><li>Digite ou copie e cole na janela do prompt de comando: bcdedit.exe \/ set {current} nx OptIn<\/li><li>Pressione Enter e voc\u00ea ver\u00e1 a confirma\u00e7\u00e3o: Opera\u00e7\u00e3o conclu\u00edda com sucesso.<\/li><li>Reinicie o computador e o DEP deve estar ligado para todo o sistema.<\/li><\/ol><h3>&gt;Outras configura\u00e7\u00f5es<\/h3><ul><li>Evite conectar interfaces Avid a hubs USB \/ FireWire na maioria dos casos.<\/li><li>Remova CDs ou DVDs de qualquer unidade \u00f3ptica antes de iniciar o Pro Tools.<\/li><li>Evite executar programas desnecess\u00e1rios ao mesmo tempo que o Pro Tools.<\/li><li>Desative todos os utilit\u00e1rios de software que s\u00e3o executados em segundo plano, como o Windows Messenger, calend\u00e1rios e programas de manuten\u00e7\u00e3o de disco. Veja Desativando Itens de Inicializa\u00e7\u00e3o do Sistema acima.<\/li><li>Desative todos os dispositivos USB n\u00e3o essenciais enquanto estiver executando o Pro Tools.<\/li><li>Se a sua placa de v\u00eddeo for compat\u00edvel, ative o Bus Mastering no Painel de Controle do fabricante.<\/li><\/ul><p><strong>Fonte: Avid.com<\/strong><\/p>\t\t\t\t\t\t\t\t<\/div>\n\t\t\t\t<\/div>\n\t\t\t\t\t<\/div>\n\t\t<\/div>\n\t\t\t\t\t<\/div>\n\t\t<\/section>\n\t\t\t\t<section class=\"elementor-section elementor-top-section elementor-element elementor-element-3cffd31 elementor-section-height-min-height elementor-section-boxed elementor-section-height-default elementor-section-items-middle\" data-id=\"3cffd31\" data-element_type=\"section\" data-settings=\"{&quot;background_background&quot;:&quot;none&quot;}\">\n\t\t\t\t\t\t<div class=\"elementor-container elementor-column-gap-default\">\n\t\t\t\t\t<div class=\"elementor-column elementor-col-100 elementor-top-column elementor-element elementor-element-6975738\" data-id=\"6975738\" data-element_type=\"column\">\n\t\t\t<div class=\"elementor-widget-wrap elementor-element-populated\">\n\t\t\t\t\t\t<div class=\"elementor-element elementor-element-56fa79b elementor-widget elementor-widget-text-editor\" data-id=\"56fa79b\" data-element_type=\"widget\" data-widget_type=\"text-editor.default\">\n\t\t\t\t<div class=\"elementor-widget-container\">\n\t\t\t\t\t\t\t\t\t<h1 style=\"text-align: center;\"><span style=\"color: #800080;\"><span class=\"elementor-heading-title elementor-size-default elementor-inline-editing pen\" data-elementor-setting-key=\"title\" data-pen-placeholder=\"Digite aqui...\">Conhe\u00e7a o curso de Pro Tools Online Oficial Avid <\/span>\u200b<\/span><\/h1>\t\t\t\t\t\t\t\t<\/div>\n\t\t\t\t<\/div>\n\t\t\t\t<div class=\"elementor-element elementor-element-e823369 elementor-widget elementor-widget-video\" data-id=\"e823369\" data-element_type=\"widget\" data-settings=\"{&quot;show_image_overlay&quot;:&quot;yes&quot;,&quot;image_overlay&quot;:{&quot;url&quot;:&quot;https:\\\/\\\/proclass.com.br\\\/home\\\/wp-content\\\/uploads\\\/2020\\\/05\\\/Imagem-Abertura-site-PRO-TOOLS-Online.png&quot;,&quot;id&quot;:14316,&quot;size&quot;:&quot;&quot;},&quot;youtube_url&quot;:&quot;https:\\\/\\\/youtu.be\\\/jIOvMbM75gI&quot;,&quot;video_type&quot;:&quot;youtube&quot;,&quot;controls&quot;:&quot;yes&quot;}\" data-widget_type=\"video.default\">\n\t\t\t\t<div class=\"elementor-widget-container\">\n\t\t\t\t\t\t\t<div class=\"elementor-wrapper elementor-open-inline\">\n\t\t\t<div class=\"elementor-video\"><\/div>\t\t\t\t<div class=\"elementor-custom-embed-image-overlay\" style=\"background-image: url(https:\/\/proclass.com.br\/home\/wp-content\/uploads\/2020\/05\/Imagem-Abertura-site-PRO-TOOLS-Online.png);\">\n\t\t\t\t\t\t\t\t\t\t\t\t\t\t<\/div>\n\t\t\t\t\t<\/div>\n\t\t\t\t\t\t<\/div>\n\t\t\t\t<\/div>\n\t\t\t\t<div class=\"elementor-element elementor-element-d6c4ee6 elementor-arrows-position-inside elementor-pagination-position-outside elementor-widget elementor-widget-image-carousel\" data-id=\"d6c4ee6\" data-element_type=\"widget\" data-settings=\"{&quot;navigation&quot;:&quot;both&quot;,&quot;autoplay&quot;:&quot;yes&quot;,&quot;pause_on_hover&quot;:&quot;yes&quot;,&quot;pause_on_interaction&quot;:&quot;yes&quot;,&quot;autoplay_speed&quot;:5000,&quot;infinite&quot;:&quot;yes&quot;,&quot;speed&quot;:500}\" data-widget_type=\"image-carousel.default\">\n\t\t\t\t<div class=\"elementor-widget-container\">\n\t\t\t\t\t\t\t<div class=\"elementor-image-carousel-wrapper swiper\" role=\"region\" aria-roledescription=\"carousel\" aria-label=\"Carrossel de imagens\" dir=\"ltr\">\n\t\t\t<div class=\"elementor-image-carousel swiper-wrapper\" aria-live=\"off\">\n\t\t\t\t\t\t\t\t<div class=\"swiper-slide\" role=\"group\" aria-roledescription=\"slide\" aria-label=\"1 de 3\"><figure class=\"swiper-slide-inner\"><img decoding=\"async\" class=\"swiper-slide-image\" src=\"https:\/\/proclass.com.br\/home\/wp-content\/uploads\/2018\/01\/geidson150.jpg\" alt=\"&quot;Foi uma grande oportunidade de ter contato direto com os melhores profissionais, compartilhando conhecimento e experi\u00eancia. Foi excelente! Recomendo&quot; Geidson Eller - Sonoplasta na EBC\" \/><figcaption class=\"elementor-image-carousel-caption\">\"Foi uma grande oportunidade de ter contato direto com os melhores profissionais, compartilhando conhecimento e experi\u00eancia. Foi excelente! Recomendo\" <\/br><i>Geidson Eller - Sonoplasta na EBC<\/i><\/figcaption><\/figure><\/div><div class=\"swiper-slide\" role=\"group\" aria-roledescription=\"slide\" aria-label=\"2 de 3\"><figure class=\"swiper-slide-inner\"><img decoding=\"async\" class=\"swiper-slide-image\" src=\"https:\/\/proclass.com.br\/home\/wp-content\/uploads\/2018\/01\/julia-passos-150x150.jpg\" alt=\"&quot;A qualidade das aulas \u00e9 incr\u00edvel, e o dom\u00ednio do conte\u00fado por parte do instrutor torna a aula mais din\u00e2mica e f\u00e1cil de aprender&quot; J\u00falia Passos  - Musicista\" \/><figcaption class=\"elementor-image-carousel-caption\">\"A qualidade das aulas \u00e9 incr\u00edvel, e o dom\u00ednio do conte\u00fado por parte do instrutor torna a aula mais din\u00e2mica e f\u00e1cil de aprender\"<\/br><i> J\u00falia Passos  - Musicista<\/i><\/figcaption><\/figure><\/div><div class=\"swiper-slide\" role=\"group\" aria-roledescription=\"slide\" aria-label=\"3 de 3\"><figure class=\"swiper-slide-inner\"><img decoding=\"async\" class=\"swiper-slide-image\" src=\"https:\/\/proclass.com.br\/home\/wp-content\/uploads\/2018\/02\/Natalia-Rodrigues-150x150.jpg\" alt=\"&quot;Material completo, atendimento maravilhoso, instrutor capacitado, metodologia excelente&quot; -  Natalia Rodrigues  - Engenheira de Som\" \/><figcaption class=\"elementor-image-carousel-caption\">\"Material completo, atendimento maravilhoso, instrutor capacitado, metodologia excelente\" - <\/br><i> Natalia Rodrigues  - Engenheira de Som<\/i><\/figcaption><\/figure><\/div>\t\t\t<\/div>\n\t\t\t\t\t\t\t\t\t\t\t\t<div class=\"elementor-swiper-button elementor-swiper-button-prev\" role=\"button\" tabindex=\"0\">\n\t\t\t\t\t\t<i aria-hidden=\"true\" class=\"eicon-chevron-left\"><\/i>\t\t\t\t\t<\/div>\n\t\t\t\t\t<div class=\"elementor-swiper-button elementor-swiper-button-next\" role=\"button\" tabindex=\"0\">\n\t\t\t\t\t\t<i aria-hidden=\"true\" class=\"eicon-chevron-right\"><\/i>\t\t\t\t\t<\/div>\n\t\t\t\t\n\t\t\t\t\t\t\t\t\t<div class=\"swiper-pagination\"><\/div>\n\t\t\t\t\t\t\t\t\t<\/div>\n\t\t\t\t\t\t<\/div>\n\t\t\t\t<\/div>\n\t\t\t\t\t<\/div>\n\t\t<\/div>\n\t\t\t\t\t<\/div>\n\t\t<\/section>\n\t\t\t\t<section class=\"elementor-section elementor-top-section elementor-element elementor-element-2f6aa24 elementor-section-boxed elementor-section-height-default elementor-section-height-default\" data-id=\"2f6aa24\" data-element_type=\"section\">\n\t\t\t\t\t\t<div class=\"elementor-container elementor-column-gap-default\">\n\t\t\t\t\t<div class=\"elementor-column elementor-col-100 elementor-top-column elementor-element elementor-element-288ebe0\" data-id=\"288ebe0\" data-element_type=\"column\">\n\t\t\t<div class=\"elementor-widget-wrap elementor-element-populated\">\n\t\t\t\t\t\t<div class=\"elementor-element elementor-element-4e0a690 elementor-widget elementor-widget-wp-widget-sow-price-table\" data-id=\"4e0a690\" data-element_type=\"widget\" data-widget_type=\"wp-widget-sow-price-table.default\">\n\t\t\t\t<div class=\"elementor-widget-container\">\n\t\t\t\t\t<div\n\t\t\t\n\t\t\tclass=\"so-widget-sow-price-table so-widget-sow-price-table-atom-39cee9c21f03\"\n\t\t\t\n\t\t>\n\n<div class=\"ow-pt-columns-atom sow-equalize-row-heights\">\n\n\t\t\t<div class=\"ow-pt-column ow-pt-first ow-pt-even\"\n\t\t\tstyle=\"width: 33.333%\">\n\t\t\t<div class=\"ow-pt-title\">\n\t\t\t\tPT 101\t\t\t\t\t\t\t\t\t<div class=\"ow-pt-subtitle\">\n\t\t\t\t\t\tVis\u00e3o geral do Pro Tools\t\t\t\t\t<\/div>\n\t\t\t\t\t\t\t<\/div>\n\n\t\t\t<div class=\"ow-pt-details\">\n\t\t\t\t<div class=\"ow-pt-price\">\n\t\t\t\t\t10X de R$29,70\t\t\t\t<\/div>\n\t\t\t\t\t\t\t\t<div class=\"ow-pt-per\">valor \u00e0 vista R$297,00<\/div>\n\t\t\t<\/div>\n\n\t\t\t\n\t\t\t<div class=\"ow-pt-features\">\n\t\t\t\t\t\t\t\t\t<div class=\"ow-pt-feature ow-pt-feature-even ow-pt-feature-index-0\" title=\"\">\n\n\t\t\t\t\t\t\t\t\t\t\t\t<div class=\"sow-feature-text\">\n\t\t\t\t\t\t\t<p>\n\t\t\t\t\t\t\t\tVis\u00e3o geral do software\t\t\t\t\t\t\t<\/p>\n\t\t\t\t\t\t<\/div>\n\t\t\t\t\t<\/div>\n\t\t\t\t\t\t\t\t\t<div class=\"ow-pt-feature ow-pt-feature-odd ow-pt-feature-index-1\" title=\"\">\n\n\t\t\t\t\t\t\t\t\t\t\t\t<div class=\"sow-feature-text\">\n\t\t\t\t\t\t\t<p>\n\t\t\t\t\t\t\t\tEdi\u00e7\u00e3o essencial de Audio e MIDI \t\t\t\t\t\t\t<\/p>\n\t\t\t\t\t\t<\/div>\n\t\t\t\t\t<\/div>\n\t\t\t\t\t\t\t\t\t<div class=\"ow-pt-feature ow-pt-feature-even ow-pt-feature-index-2\" title=\"\">\n\n\t\t\t\t\t\t\t\t\t\t\t\t<div class=\"sow-feature-text\">\n\t\t\t\t\t\t\t<p>\n\t\t\t\t\t\t\t\tGrava\u00e7\u00e3o de \u00e1udio e MIDI\t\t\t\t\t\t\t<\/p>\n\t\t\t\t\t\t<\/div>\n\t\t\t\t\t<\/div>\n\t\t\t\t\t\t\t\t\t<div class=\"ow-pt-feature ow-pt-feature-odd ow-pt-feature-index-3\" title=\"\">\n\n\t\t\t\t\t\t\t\t\t\t\t\t<div class=\"sow-feature-text\">\n\t\t\t\t\t\t\t<p>\n\t\t\t\t\t\t\t\tPrinc\u00edpios de Mixagem\t\t\t\t\t\t\t<\/p>\n\t\t\t\t\t\t<\/div>\n\t\t\t\t\t<\/div>\n\t\t\t\t\t\t\t\t\t<div class=\"ow-pt-feature ow-pt-feature-even ow-pt-feature-index-4\" title=\"\">\n\n\t\t\t\t\t\t\t\t\t\t\t\t<div class=\"sow-feature-text\">\n\t\t\t\t\t\t\t<p>\n\t\t\t\t\t\t\t\tFinaliza\u00e7\u00e3o e Backup\t\t\t\t\t\t\t<\/p>\n\t\t\t\t\t\t<\/div>\n\t\t\t\t\t<\/div>\n\t\t\t\t\t\t\t\t\t<div class=\"ow-pt-feature ow-pt-feature-odd ow-pt-feature-index-5\" title=\"\">\n\n\t\t\t\t\t\t\t\t\t\t\t\t<div class=\"sow-feature-text\">\n\t\t\t\t\t\t\t<p>\n\t\t\t\t\t\t\t\tCertificado emitido pela ProClass\t\t\t\t\t\t\t<\/p>\n\t\t\t\t\t\t<\/div>\n\t\t\t\t\t<\/div>\n\t\t\t\t\t\t\t\t\t<div class=\"ow-pt-feature ow-pt-feature-even ow-pt-feature-index-6\" title=\"\">\n\n\t\t\t\t\t\t\t\t\t\t\t\t<div class=\"sow-feature-text\">\n\t\t\t\t\t\t\t<p>\n\t\t\t\t\t\t\t\tMaterial dispon\u00edvel por 4 meses\t\t\t\t\t\t\t<\/p>\n\t\t\t\t\t\t<\/div>\n\t\t\t\t\t<\/div>\n\t\t\t\t\t\t\t<\/div>\n\n\t\t\t\t\t\t\t<div class=\"ow-pt-button\">\n\t\t\t\t\t<a\n\t\t\t\t\t\thref=\"https:\/\/pay.hotmart.com\/K6250115E?off=0fhp7h5s\"\n\t\t\t\t\t\tclass=\"ow-pt-link\" \t\t\t\t\t>Fazer Inscri\u00e7\u00e3o<\/a>\n\t\t\t\t<\/div>\n\t\t\t\t\t<\/div>\n\t\t\t\t<div class=\"ow-pt-column ow-pt-odd\"\n\t\t\tstyle=\"width: 33.333%\">\n\t\t\t<div class=\"ow-pt-title\">\n\t\t\t\tPT 110\t\t\t\t\t\t\t\t\t<div class=\"ow-pt-subtitle\">\n\t\t\t\t\t\tVis\u00e3o expandida do Pro Tools\t\t\t\t\t<\/div>\n\t\t\t\t\t\t\t<\/div>\n\n\t\t\t<div class=\"ow-pt-details\">\n\t\t\t\t<div class=\"ow-pt-price\">\n\t\t\t\t\t10X de R$69,70\t\t\t\t<\/div>\n\t\t\t\t\t\t\t\t<div class=\"ow-pt-per\">valor \u00e0 vista R$697,00<\/div>\n\t\t\t<\/div>\n\n\t\t\t\n\t\t\t<div class=\"ow-pt-features\">\n\t\t\t\t\t\t\t\t\t<div class=\"ow-pt-feature ow-pt-feature-even ow-pt-feature-index-0\" title=\"\">\n\n\t\t\t\t\t\t\t\t\t\t\t\t<div class=\"sow-feature-text\">\n\t\t\t\t\t\t\t<p>\n\t\t\t\t\t\t\t\tConfigura\u00e7\u00f5es de sistema\t\t\t\t\t\t\t<\/p>\n\t\t\t\t\t\t<\/div>\n\t\t\t\t\t<\/div>\n\t\t\t\t\t\t\t\t\t<div class=\"ow-pt-feature ow-pt-feature-odd ow-pt-feature-index-1\" title=\"\">\n\n\t\t\t\t\t\t\t\t\t\t\t\t<div class=\"sow-feature-text\">\n\t\t\t\t\t\t\t<p>\n\t\t\t\t\t\t\t\tT\u00e9cnicas de edi\u00e7\u00e3o avan\u00e7ada\t\t\t\t\t\t\t<\/p>\n\t\t\t\t\t\t<\/div>\n\t\t\t\t\t<\/div>\n\t\t\t\t\t\t\t\t\t<div class=\"ow-pt-feature ow-pt-feature-even ow-pt-feature-index-2\" title=\"\">\n\n\t\t\t\t\t\t\t\t\t\t\t\t<div class=\"sow-feature-text\">\n\t\t\t\t\t\t\t<p>\n\t\t\t\t\t\t\t\tProdu\u00e7\u00e3o avan\u00e7ada com MIDI\t\t\t\t\t\t\t<\/p>\n\t\t\t\t\t\t<\/div>\n\t\t\t\t\t<\/div>\n\t\t\t\t\t\t\t\t\t<div class=\"ow-pt-feature ow-pt-feature-odd ow-pt-feature-index-3\" title=\"\">\n\n\t\t\t\t\t\t\t\t\t\t\t\t<div class=\"sow-feature-text\">\n\t\t\t\t\t\t\t<p>\n\t\t\t\t\t\t\t\tOp\u00e7\u00f5es avan\u00e7adas de grava\u00e7\u00e3o\t\t\t\t\t\t\t<\/p>\n\t\t\t\t\t\t<\/div>\n\t\t\t\t\t<\/div>\n\t\t\t\t\t\t\t\t\t<div class=\"ow-pt-feature ow-pt-feature-even ow-pt-feature-index-4\" title=\"\">\n\n\t\t\t\t\t\t\t\t\t\t\t\t<div class=\"sow-feature-text\">\n\t\t\t\t\t\t\t<p>\n\t\t\t\t\t\t\t\tT\u00e9cnicas de mixagem com m\u00faltiplas pistas: Submix, automa\u00e7\u00e3o, Plug-ins...\t\t\t\t\t\t\t<\/p>\n\t\t\t\t\t\t<\/div>\n\t\t\t\t\t<\/div>\n\t\t\t\t\t\t\t\t\t<div class=\"ow-pt-feature ow-pt-feature-odd ow-pt-feature-index-5\" title=\"\">\n\n\t\t\t\t\t\t\t\t\t\t\t\t<div class=\"sow-feature-text\">\n\t\t\t\t\t\t\t<p>\n\t\t\t\t\t\t\t\tVis\u00e3o aprofundada das op\u00e7\u00f5es de automa\u00e7\u00e3o\t\t\t\t\t\t\t<\/p>\n\t\t\t\t\t\t<\/div>\n\t\t\t\t\t<\/div>\n\t\t\t\t\t\t\t\t\t<div class=\"ow-pt-feature ow-pt-feature-even ow-pt-feature-index-6\" title=\"\">\n\n\t\t\t\t\t\t\t\t\t\t\t\t<div class=\"sow-feature-text\">\n\t\t\t\t\t\t\t<p>\n\t\t\t\t\t\t\t\tMaterial dispon\u00edvel por 4 meses\t\t\t\t\t\t\t<\/p>\n\t\t\t\t\t\t<\/div>\n\t\t\t\t\t<\/div>\n\t\t\t\t\t\t\t<\/div>\n\n\t\t\t\t\t\t\t<div class=\"ow-pt-button\">\n\t\t\t\t\t<a\n\t\t\t\t\t\thref=\"https:\/\/pay.hotmart.com\/K6250115E?off=5wxoa526\"\n\t\t\t\t\t\tclass=\"ow-pt-link\" \t\t\t\t\t>Fazer Inscri\u00e7\u00e3o<\/a>\n\t\t\t\t<\/div>\n\t\t\t\t\t<\/div>\n\t\t\t\t<div class=\"ow-pt-column ow-pt-last ow-pt-featured ow-pt-even\"\n\t\t\tstyle=\"width: 33.333%\">\n\t\t\t<div class=\"ow-pt-title\">\n\t\t\t\tPT 101 + 110\t\t\t\t\t\t\t\t\t<div class=\"ow-pt-subtitle\">\n\t\t\t\t\t\tTodo o conte\u00fado + videoconfer\u00eancias com o instrutor\t\t\t\t\t<\/div>\n\t\t\t\t\t\t\t<\/div>\n\n\t\t\t<div class=\"ow-pt-details\">\n\t\t\t\t<div class=\"ow-pt-price\">\n\t\t\t\t\t10X de R$99,70\t\t\t\t<\/div>\n\t\t\t\t\t\t\t\t<div class=\"ow-pt-per\">valor \u00e0 vista R$997,00<\/div>\n\t\t\t<\/div>\n\n\t\t\t\n\t\t\t<div class=\"ow-pt-features\">\n\t\t\t\t\t\t\t\t\t<div class=\"ow-pt-feature ow-pt-feature-even ow-pt-feature-index-0\" title=\"\">\n\n\t\t\t\t\t\t\t\t\t\t\t\t<div class=\"sow-feature-text\">\n\t\t\t\t\t\t\t<p>\n\t\t\t\t\t\t\t\tTodo o conte\u00fado do PT 101\t\t\t\t\t\t\t<\/p>\n\t\t\t\t\t\t<\/div>\n\t\t\t\t\t<\/div>\n\t\t\t\t\t\t\t\t\t<div class=\"ow-pt-feature ow-pt-feature-odd ow-pt-feature-index-1\" title=\"\">\n\n\t\t\t\t\t\t\t\t\t\t\t\t<div class=\"sow-feature-text\">\n\t\t\t\t\t\t\t<p>\n\t\t\t\t\t\t\t\tTodo o conte\u00fado do PT 110\t\t\t\t\t\t\t<\/p>\n\t\t\t\t\t\t<\/div>\n\t\t\t\t\t<\/div>\n\t\t\t\t\t\t\t\t\t<div class=\"ow-pt-feature ow-pt-feature-even ow-pt-feature-index-2\" title=\"\">\n\n\t\t\t\t\t\t\t\t\t\t\t\t<div class=\"sow-feature-text\">\n\t\t\t\t\t\t\t<p>\n\t\t\t\t\t\t\t\t4 encontros de 2h em particular por v\u00eddeoconfer\u00eancia com o instrutor, no hor\u00e1rio da sua prefer\u00eancia, para apresentar seus exerc\u00edcios e sanar d\u00favidas\t\t\t\t\t\t\t<\/p>\n\t\t\t\t\t\t<\/div>\n\t\t\t\t\t<\/div>\n\t\t\t\t\t\t\t\t\t<div class=\"ow-pt-feature ow-pt-feature-odd ow-pt-feature-index-3\" title=\"\">\n\n\t\t\t\t\t\t\t\t\t\t\t\t<div class=\"sow-feature-text\">\n\t\t\t\t\t\t\t<p>\n\t\t\t\t\t\t\t\tAl\u00e9m do certificado emitido pela ProClass, inclui prepara\u00e7\u00e3o para prestar o exame de certifica\u00e7\u00e3o oficial Avid (exames pagos \u00e0 parte)\t\t\t\t\t\t\t<\/p>\n\t\t\t\t\t\t<\/div>\n\t\t\t\t\t<\/div>\n\t\t\t\t\t\t\t\t\t<div class=\"ow-pt-feature ow-pt-feature-even ow-pt-feature-index-4\" title=\"\">\n\n\t\t\t\t\t\t\t\t\t\t\t\t<div class=\"sow-feature-text\">\n\t\t\t\t\t\t\t<p>\n\t\t\t\t\t\t\t\tMaterial dispon\u00edvel por 8 meses\t\t\t\t\t\t\t<\/p>\n\t\t\t\t\t\t<\/div>\n\t\t\t\t\t<\/div>\n\t\t\t\t\t\t\t<\/div>\n\n\t\t\t\t\t\t\t<div class=\"ow-pt-button\">\n\t\t\t\t\t<a\n\t\t\t\t\t\thref=\"https:\/\/pay.hotmart.com\/K6250115E?off=16dge42d\"\n\t\t\t\t\t\tclass=\"ow-pt-link\" \t\t\t\t\t>Fazer Inscri\u00e7\u00e3o<\/a>\n\t\t\t\t<\/div>\n\t\t\t\t\t<\/div>\n\t\t<\/div>\n<\/div>\t\t\t\t<\/div>\n\t\t\t\t<\/div>\n\t\t\t\t\t<\/div>\n\t\t<\/div>\n\t\t\t\t\t<\/div>\n\t\t<\/section>\n\t\t\t\t<section class=\"elementor-section elementor-top-section elementor-element elementor-element-ac400cb elementor-section-boxed elementor-section-height-default elementor-section-height-default\" data-id=\"ac400cb\" data-element_type=\"section\">\n\t\t\t\t\t\t<div class=\"elementor-container elementor-column-gap-default\">\n\t\t\t\t\t<div class=\"elementor-column elementor-col-100 elementor-top-column elementor-element elementor-element-db230e0\" data-id=\"db230e0\" data-element_type=\"column\">\n\t\t\t<div class=\"elementor-widget-wrap elementor-element-populated\">\n\t\t\t\t\t\t<div class=\"elementor-element elementor-element-9b1f37d elementor-widget elementor-widget-heading\" data-id=\"9b1f37d\" data-element_type=\"widget\" data-widget_type=\"heading.default\">\n\t\t\t\t<div class=\"elementor-widget-container\">\n\t\t\t\t\t<h3 class=\"elementor-heading-title elementor-size-large\">Conte\u00fados detalhados<\/h3>\t\t\t\t<\/div>\n\t\t\t\t<\/div>\n\t\t\t\t<div class=\"elementor-element elementor-element-a7844d6 elementor-widget elementor-widget-toggle\" data-id=\"a7844d6\" data-element_type=\"widget\" data-widget_type=\"toggle.default\">\n\t\t\t\t<div class=\"elementor-widget-container\">\n\t\t\t\t\t\t\t<div class=\"elementor-toggle\">\n\t\t\t\t\t\t\t<div class=\"elementor-toggle-item\">\n\t\t\t\t\t<div id=\"elementor-tab-title-1751\" class=\"elementor-tab-title\" data-tab=\"1\" role=\"button\" aria-controls=\"elementor-tab-content-1751\" aria-expanded=\"false\">\n\t\t\t\t\t\t\t\t\t\t\t\t<span class=\"elementor-toggle-icon elementor-toggle-icon-left\" aria-hidden=\"true\">\n\t\t\t\t\t\t\t\t\t\t\t\t\t\t\t<span class=\"elementor-toggle-icon-closed\"><i class=\"fas fa-caret-right\"><\/i><\/span>\n\t\t\t\t\t\t\t\t<span class=\"elementor-toggle-icon-opened\"><i class=\"elementor-toggle-icon-opened fas fa-caret-up\"><\/i><\/span>\n\t\t\t\t\t\t\t\t\t\t\t\t\t<\/span>\n\t\t\t\t\t\t\t\t\t\t\t\t<a class=\"elementor-toggle-title\" tabindex=\"0\">P\u00fablico alvo e objetivos<\/a>\n\t\t\t\t\t<\/div>\n\n\t\t\t\t\t<div id=\"elementor-tab-content-1751\" class=\"elementor-tab-content elementor-clearfix\" data-tab=\"1\" role=\"region\" aria-labelledby=\"elementor-tab-title-1751\"><p>\n<table id=\"tablepress-14\" class=\"tablepress tablepress-id-14\">\n<thead>\n<tr class=\"row-1\">\n\t<td class=\"column-1\"><\/td><th class=\"column-2\">PT 101 &#8211; Fundamentos I<\/th><th class=\"column-3\">PT 110 &#8211; Fundamentos II<\/th>\n<\/tr>\n<\/thead>\n<tbody class=\"row-striping row-hover\">\n<tr class=\"row-2\">\n\t<td class=\"column-1\"><\/td><td class=\"column-2\">Voltado ao p\u00fablico que busca a vis\u00e3o fundamental dos aspectos de produ\u00e7\u00e3o de \u00e1udio para m\u00fasica, TV ou Cinema<\/td><td class=\"column-3\">Voltado ao p\u00fablico que pretende atuar profissionalmente em est\u00fadios de m\u00fasica, sonoplastia e dublagem etc.<\/td>\n<\/tr>\n<tr class=\"row-3\">\n\t<td class=\"column-1\"><\/td><td class=\"column-2\"><\/td><td class=\"column-3\"><\/td>\n<\/tr>\n<tr class=\"row-4\">\n\t<td class=\"column-1\"><\/td><td class=\"column-2\">Compreender a interface e as etapas de uma produ\u00e7\u00e3o do in\u00edcio ao fim<\/td><td class=\"column-3\">Saber configurar o Pro Tools corretamente<\/td>\n<\/tr>\n<tr class=\"row-5\">\n\t<td class=\"column-1\"><\/td><td class=\"column-2\">Ser capaz de executar tarefas essenciais de grava\u00e7\u00e3o, edi\u00e7\u00e3o e mixagem <\/td><td class=\"column-3\">Dominar t\u00e9cnicas e recursos para agilizar processos edi\u00e7\u00e3o<\/td>\n<\/tr>\n<tr class=\"row-6\">\n\t<td class=\"column-1\"><\/td><td class=\"column-2\">Entender as diferen\u00e7as entre os diferentes tipos de Pro Tools<\/td><td class=\"column-3\">Conhecer e aplicar t\u00e9cnicas diversas de produ\u00e7\u00e3o e edi\u00e7\u00e3o MIDI<\/td>\n<\/tr>\n<tr class=\"row-7\">\n\t<td class=\"column-1\"><\/td><td class=\"column-2\"><\/td><td class=\"column-3\">Conseguir organizar uma mixagem com diversos canais em etapas<\/td>\n<\/tr>\n<\/tbody>\n<\/table>\n<!-- #tablepress-14 from cache --><\/p><\/div>\n\t\t\t\t<\/div>\n\t\t\t\t\t\t\t<div class=\"elementor-toggle-item\">\n\t\t\t\t\t<div id=\"elementor-tab-title-1752\" class=\"elementor-tab-title\" data-tab=\"2\" role=\"button\" aria-controls=\"elementor-tab-content-1752\" aria-expanded=\"false\">\n\t\t\t\t\t\t\t\t\t\t\t\t<span class=\"elementor-toggle-icon elementor-toggle-icon-left\" aria-hidden=\"true\">\n\t\t\t\t\t\t\t\t\t\t\t\t\t\t\t<span class=\"elementor-toggle-icon-closed\"><i class=\"fas fa-caret-right\"><\/i><\/span>\n\t\t\t\t\t\t\t\t<span class=\"elementor-toggle-icon-opened\"><i class=\"elementor-toggle-icon-opened fas fa-caret-up\"><\/i><\/span>\n\t\t\t\t\t\t\t\t\t\t\t\t\t<\/span>\n\t\t\t\t\t\t\t\t\t\t\t\t<a class=\"elementor-toggle-title\" tabindex=\"0\">Conte\u00fados<\/a>\n\t\t\t\t\t<\/div>\n\n\t\t\t\t\t<div id=\"elementor-tab-content-1752\" class=\"elementor-tab-content elementor-clearfix\" data-tab=\"2\" role=\"region\" aria-labelledby=\"elementor-tab-title-1752\"><p>\n<table id=\"tablepress-15\" class=\"tablepress tablepress-id-15\">\n<thead>\n<tr class=\"row-1\">\n\t<td class=\"column-1\"><\/td><th class=\"column-2\">PT 101 &#8211; Fundamentos I<\/th><th class=\"column-3\">PT 110 &#8211; Fundamentos II<\/th>\n<\/tr>\n<\/thead>\n<tbody class=\"row-striping row-hover\">\n<tr class=\"row-2\">\n\t<td class=\"column-1\"><\/td><td class=\"column-2\"><\/td><td class=\"column-3\"><\/td>\n<\/tr>\n<tr class=\"row-3\">\n\t<td class=\"column-1\"><\/td><td class=\"column-2\">Fundamentos do \u00e1udio digital<\/td><td class=\"column-3\">Playback Engine e I\/O Setup<\/td>\n<\/tr>\n<tr class=\"row-4\">\n\t<td class=\"column-1\"><\/td><td class=\"column-2\">Cria\u00e7\u00e3o de sess\u00e3o e sua vis\u00e3o do HD<\/td><td class=\"column-3\">Edi\u00e7\u00e3o com Elastic Audio<\/td>\n<\/tr>\n<tr class=\"row-5\">\n\t<td class=\"column-1\"><\/td><td class=\"column-2\">Grava\u00e7\u00e3o de \u00c1udio essencial<\/td><td class=\"column-3\">T\u00e9cnicas de punch in manual e autom\u00e1tico<\/td>\n<\/tr>\n<tr class=\"row-6\">\n\t<td class=\"column-1\"><\/td><td class=\"column-2\">Trim, Selector e Grabber Tool<\/td><td class=\"column-3\">Edi\u00e7\u00e3o com MIDI Editor<\/td>\n<\/tr>\n<tr class=\"row-7\">\n\t<td class=\"column-1\"><\/td><td class=\"column-2\">Slip, Grid, Shuffle e Spot mode<\/td><td class=\"column-3\">Real time Properties<\/td>\n<\/tr>\n<tr class=\"row-8\">\n\t<td class=\"column-1\"><\/td><td class=\"column-2\">Importa\u00e7\u00e3o de \u00e1udio via Workspace<\/td><td class=\"column-3\">Manuseio de Loops via Workspace<\/td>\n<\/tr>\n<tr class=\"row-9\">\n\t<td class=\"column-1\"><\/td><td class=\"column-2\">Fundamentos de v\u00eddeo<\/td><td class=\"column-3\">Import Session Data<\/td>\n<\/tr>\n<tr class=\"row-10\">\n\t<td class=\"column-1\"><\/td><td class=\"column-2\">Link Timeline e Edit Selection, Tab to transients<\/td><td class=\"column-3\">Quantize &#8211; vis\u00e3o aprofundada<\/td>\n<\/tr>\n<tr class=\"row-11\">\n\t<td class=\"column-1\"><\/td><td class=\"column-2\">Nudge<\/td><td class=\"column-3\">Clip Loop, Group<\/td>\n<\/tr>\n<tr class=\"row-12\">\n\t<td class=\"column-1\"><\/td><td class=\"column-2\">Inser\u00e7\u00e3o de efeitos<\/td><td class=\"column-3\">Efeitos em s\u00e9rie e paralelo<\/td>\n<\/tr>\n<tr class=\"row-13\">\n\t<td class=\"column-1\"><\/td><td class=\"column-2\">Bounce to Disk e Bounce to Tracks<\/td><td class=\"column-3\">Track Groups<\/td>\n<\/tr>\n<tr class=\"row-14\">\n\t<td class=\"column-1\"><\/td><td class=\"column-2\">Automa\u00e7\u00e3o essencial<\/td><td class=\"column-3\">Propriedades de automa\u00e7\u00e3o avan\u00e7ada<\/td>\n<\/tr>\n<tr class=\"row-15\">\n\t<td class=\"column-1\"><\/td><td class=\"column-2\">Finaliza\u00e7\u00e3o e Backups<\/td><td class=\"column-3\">Organiza\u00e7\u00e3o de Mixagem<\/td>\n<\/tr>\n<tr class=\"row-16\">\n\t<td class=\"column-1\"><\/td><td class=\"column-2\"><\/td><td class=\"column-3\">Layered Editing<\/td>\n<\/tr>\n<tr class=\"row-17\">\n\t<td class=\"column-1\"><\/td><td class=\"column-2\"><\/td><td class=\"column-3\">Master Fader<\/td>\n<\/tr>\n<\/tbody>\n<\/table>\n<!-- #tablepress-15 from cache --><\/p><\/div>\n\t\t\t\t<\/div>\n\t\t\t\t\t\t\t\t<\/div>\n\t\t\t\t\t\t<\/div>\n\t\t\t\t<\/div>\n\t\t\t\t\t<\/div>\n\t\t<\/div>\n\t\t\t\t\t<\/div>\n\t\t<\/section>\n\t\t\t\t<section class=\"elementor-section elementor-top-section elementor-element elementor-element-5127e93 elementor-section-height-min-height elementor-section-content-middle elementor-section-boxed elementor-section-height-default elementor-section-items-middle\" data-id=\"5127e93\" data-element_type=\"section\" data-settings=\"{&quot;background_background&quot;:&quot;classic&quot;}\">\n\t\t\t\t\t\t<div class=\"elementor-container elementor-column-gap-default\">\n\t\t\t\t\t<div class=\"elementor-column elementor-col-100 elementor-top-column elementor-element elementor-element-863d28d\" data-id=\"863d28d\" data-element_type=\"column\">\n\t\t\t<div class=\"elementor-widget-wrap elementor-element-populated\">\n\t\t\t\t\t\t<div class=\"elementor-element elementor-element-88ad56d elementor-widget-divider--view-line elementor-widget elementor-widget-divider\" data-id=\"88ad56d\" data-element_type=\"widget\" data-widget_type=\"divider.default\">\n\t\t\t\t<div class=\"elementor-widget-container\">\n\t\t\t\t\t\t\t<div class=\"elementor-divider\">\n\t\t\t<span class=\"elementor-divider-separator\">\n\t\t\t\t\t\t<\/span>\n\t\t<\/div>\n\t\t\t\t\t\t<\/div>\n\t\t\t\t<\/div>\n\t\t\t\t<div class=\"elementor-element elementor-element-a63ad7f elementor-widget elementor-widget-heading\" data-id=\"a63ad7f\" data-element_type=\"widget\" data-widget_type=\"heading.default\">\n\t\t\t\t<div class=\"elementor-widget-container\">\n\t\t\t\t\t<h3 class=\"elementor-heading-title elementor-size-large\">Para quem \u00e9 o curso?<\/h3>\t\t\t\t<\/div>\n\t\t\t\t<\/div>\n\t\t\t\t<div class=\"elementor-element elementor-element-8513b92 elementor-widget elementor-widget-text-editor\" data-id=\"8513b92\" data-element_type=\"widget\" data-widget_type=\"text-editor.default\">\n\t\t\t\t<div class=\"elementor-widget-container\">\n\t\t\t\t\t\t\t\t\t<p style=\"font-family: Roboto, sans-serif; font-size: 17px; font-style: normal;\">O PT 101 \u00e9 voltado para iniciantes, para\u00a0<span style=\"font-size: 17px;\">quem utiliza outros softwares ou busca uma reciclagem.\u00a0<\/span><span style=\"font-family: Roboto, sans-serif; font-size: 17px; font-style: normal;\">N\u00e3o \u00e9 necess\u00e1rio ter experi\u00eancia pr\u00e9via. Voc\u00ea deve ter conhecimento b\u00e1sico da utiliza\u00e7\u00e3o do computador, n\u00e3o importa se em Mac ou PC.\u00a0<\/span><\/p><p style=\"font-family: Roboto, sans-serif; font-size: 17px; font-style: normal;\"><span style=\"font-size: 17px;\">O PT 110 \u00e9 voltado para quem j\u00e1 conhece os fundamentos e o dia-a-dia no Pro Tools, mas precisa dominar suas configura\u00e7\u00f5es para projetos de maior porte, e estar preparado para fluxos de trabalho mais complexos de \u00e1udio ou MIDI. Tamb\u00e9m \u00e9 essencial para quem pretende conquistar a certifica\u00e7\u00e3o oficial Avid.\u00a0<\/span><\/p><p style=\"font-family: Roboto, sans-serif; font-size: 17px; font-style: normal;\"><span style=\"font-size: 17px;\">Sonoplastas, Mixadores, T\u00e9cnicos de som, ou qualquer pessoa que queira utilizar o Pro Tools para produ\u00e7\u00e3o musical ou sonoriza\u00e7\u00e3o de v\u00eddeos.\u00a0<\/span><\/p><p><u style=\"font-family: inherit; font-style: inherit;\">Aten\u00e7\u00e3o: o acesso ao conte\u00fado deste curso tem dura\u00e7\u00e3o limitada! Dispon\u00edvel por 4 meses.<\/u><\/p>\t\t\t\t\t\t\t\t<\/div>\n\t\t\t\t<\/div>\n\t\t\t\t\t<\/div>\n\t\t<\/div>\n\t\t\t\t\t<\/div>\n\t\t<\/section>\n\t\t\t\t<section class=\"elementor-section elementor-top-section elementor-element elementor-element-1c123c4 elementor-section-height-min-height elementor-section-content-middle elementor-section-boxed elementor-section-height-default elementor-section-items-middle\" data-id=\"1c123c4\" data-element_type=\"section\" data-settings=\"{&quot;background_background&quot;:&quot;classic&quot;}\">\n\t\t\t\t\t\t<div class=\"elementor-container elementor-column-gap-default\">\n\t\t\t\t\t<div class=\"elementor-column elementor-col-50 elementor-top-column elementor-element elementor-element-e4205a1\" data-id=\"e4205a1\" data-element_type=\"column\">\n\t\t\t<div class=\"elementor-widget-wrap elementor-element-populated\">\n\t\t\t\t\t\t<div class=\"elementor-element elementor-element-4ebfce1 elementor-widget-divider--view-line elementor-widget elementor-widget-divider\" data-id=\"4ebfce1\" data-element_type=\"widget\" data-widget_type=\"divider.default\">\n\t\t\t\t<div class=\"elementor-widget-container\">\n\t\t\t\t\t\t\t<div class=\"elementor-divider\">\n\t\t\t<span class=\"elementor-divider-separator\">\n\t\t\t\t\t\t<\/span>\n\t\t<\/div>\n\t\t\t\t\t\t<\/div>\n\t\t\t\t<\/div>\n\t\t\t\t<div class=\"elementor-element elementor-element-884c59c elementor-widget elementor-widget-heading\" data-id=\"884c59c\" data-element_type=\"widget\" data-widget_type=\"heading.default\">\n\t\t\t\t<div class=\"elementor-widget-container\">\n\t\t\t\t\t<h3 class=\"elementor-heading-title elementor-size-large\"><span class=\"elementor-heading-title elementor-size-large elementor-inline-editing pen\" data-elementor-setting-key=\"title\" data-pen-placeholder=\"Digite aqui...\" style=\"font-style: normal;clear: both\">Conquiste a certifica\u00e7\u00e3o oficial sem sair de casa!<\/span><\/h3>\t\t\t\t<\/div>\n\t\t\t\t<\/div>\n\t\t\t\t<div class=\"elementor-element elementor-element-df14920 elementor-widget elementor-widget-text-editor\" data-id=\"df14920\" data-element_type=\"widget\" data-widget_type=\"text-editor.default\">\n\t\t\t\t<div class=\"elementor-widget-container\">\n\t\t\t\t\t\t\t\t\t<p>Em 2005, a ProClass trouxe pela primeira vez ao Brasil os cursos oficiais de certifica\u00e7\u00e3o internacional e \u00e9 uma das principais refer\u00eancias no mundo quando o assunto \u00e9 Pro Tools, pois \u00e9 uma das poucas do mundo credenciadas pela Avid a oferecer todos os n\u00edveis de treinamentos<\/p><p><span style=\"font-weight: bold; font-family: Roboto, sans-serif; font-size: 17px; font-style: normal;\">Importante: A certifica\u00e7\u00e3o oficial \u00e9 paga a parte e excepcionalmente por conta do COVID-19, poder\u00e1 ser realizada em sua pr\u00f3pria casa.\u00a0<\/span><span style=\"font-family: Roboto, sans-serif; font-size: 17px; font-style: normal;\">Mas fique tranquilo, quem optar por n\u00e3o fazer a certifica\u00e7\u00e3o oficial, recebe o diploma da ProClass. Basta enviar seus projetos finalizados.<\/span><\/p><p>\u00a0<\/p>\t\t\t\t\t\t\t\t<\/div>\n\t\t\t\t<\/div>\n\t\t\t\t\t<\/div>\n\t\t<\/div>\n\t\t\t\t<div class=\"elementor-column elementor-col-50 elementor-top-column elementor-element elementor-element-1579714\" data-id=\"1579714\" data-element_type=\"column\">\n\t\t\t<div class=\"elementor-widget-wrap elementor-element-populated\">\n\t\t\t\t\t\t<div class=\"elementor-element elementor-element-48a230b elementor-widget elementor-widget-image\" data-id=\"48a230b\" data-element_type=\"widget\" data-widget_type=\"image.default\">\n\t\t\t\t<div class=\"elementor-widget-container\">\n\t\t\t\t\t\t\t\t\t\t\t\t\t\t\t<img fetchpriority=\"high\" decoding=\"async\" width=\"586\" height=\"441\" src=\"https:\/\/proclass.com.br\/home\/wp-content\/uploads\/2020\/05\/certificado-novo-de-pro-tools-crop.jpg\" class=\"attachment-large size-large wp-image-14321\" alt=\"\" srcset=\"https:\/\/proclass.com.br\/home\/wp-content\/uploads\/2020\/05\/certificado-novo-de-pro-tools-crop.jpg 586w, https:\/\/proclass.com.br\/home\/wp-content\/uploads\/2020\/05\/certificado-novo-de-pro-tools-crop-300x226.jpg 300w\" sizes=\"(max-width: 586px) 100vw, 586px\" \/>\t\t\t\t\t\t\t\t\t\t\t\t\t\t\t<\/div>\n\t\t\t\t<\/div>\n\t\t\t\t<div class=\"elementor-element elementor-element-94b5dec elementor-widget elementor-widget-image\" data-id=\"94b5dec\" data-element_type=\"widget\" data-widget_type=\"image.default\">\n\t\t\t\t<div class=\"elementor-widget-container\">\n\t\t\t\t\t\t\t\t\t\t\t\t\t\t\t<img decoding=\"async\" width=\"1207\" height=\"152\" src=\"https:\/\/proclass.com.br\/home\/wp-content\/uploads\/2012\/08\/ALP_Professional-transparent.png\" class=\"attachment-full size-full wp-image-7605\" alt=\"\" srcset=\"https:\/\/proclass.com.br\/home\/wp-content\/uploads\/2012\/08\/ALP_Professional-transparent.png 1207w, https:\/\/proclass.com.br\/home\/wp-content\/uploads\/2012\/08\/ALP_Professional-transparent-300x38.png 300w, https:\/\/proclass.com.br\/home\/wp-content\/uploads\/2012\/08\/ALP_Professional-transparent-768x97.png 768w, https:\/\/proclass.com.br\/home\/wp-content\/uploads\/2012\/08\/ALP_Professional-transparent-1024x129.png 1024w\" sizes=\"(max-width: 1207px) 100vw, 1207px\" \/>\t\t\t\t\t\t\t\t\t\t\t\t\t\t\t<\/div>\n\t\t\t\t<\/div>\n\t\t\t\t\t<\/div>\n\t\t<\/div>\n\t\t\t\t\t<\/div>\n\t\t<\/section>\n\t\t\t\t<section class=\"elementor-section elementor-top-section elementor-element elementor-element-b6a40ef elementor-section-height-min-height elementor-section-content-middle elementor-reverse-mobile elementor-section-boxed elementor-section-height-default elementor-section-items-middle\" data-id=\"b6a40ef\" data-element_type=\"section\" data-settings=\"{&quot;background_background&quot;:&quot;none&quot;}\">\n\t\t\t\t\t\t<div class=\"elementor-container elementor-column-gap-default\">\n\t\t\t\t\t<div class=\"elementor-column elementor-col-50 elementor-top-column elementor-element elementor-element-a9dd1e4\" data-id=\"a9dd1e4\" data-element_type=\"column\">\n\t\t\t<div class=\"elementor-widget-wrap elementor-element-populated\">\n\t\t\t\t\t\t<div class=\"elementor-element elementor-element-7a55db0 elementor-widget elementor-widget-image\" data-id=\"7a55db0\" data-element_type=\"widget\" data-widget_type=\"image.default\">\n\t\t\t\t<div class=\"elementor-widget-container\">\n\t\t\t\t\t\t\t\t\t\t\t\t\t\t\t<img decoding=\"async\" width=\"600\" height=\"300\" src=\"https:\/\/proclass.com.br\/home\/wp-content\/uploads\/2018\/01\/stacks-image-6eb9aed.jpg\" class=\"attachment-full size-full wp-image-8211\" alt=\"\" srcset=\"https:\/\/proclass.com.br\/home\/wp-content\/uploads\/2018\/01\/stacks-image-6eb9aed.jpg 600w, https:\/\/proclass.com.br\/home\/wp-content\/uploads\/2018\/01\/stacks-image-6eb9aed-300x150.jpg 300w\" sizes=\"(max-width: 600px) 100vw, 600px\" \/>\t\t\t\t\t\t\t\t\t\t\t\t\t\t\t<\/div>\n\t\t\t\t<\/div>\n\t\t\t\t\t<\/div>\n\t\t<\/div>\n\t\t\t\t<div class=\"elementor-column elementor-col-50 elementor-top-column elementor-element elementor-element-d82c39a\" data-id=\"d82c39a\" data-element_type=\"column\">\n\t\t\t<div class=\"elementor-widget-wrap elementor-element-populated\">\n\t\t\t\t\t\t<div class=\"elementor-element elementor-element-e064b33 elementor-widget-divider--view-line elementor-widget elementor-widget-divider\" data-id=\"e064b33\" data-element_type=\"widget\" data-widget_type=\"divider.default\">\n\t\t\t\t<div class=\"elementor-widget-container\">\n\t\t\t\t\t\t\t<div class=\"elementor-divider\">\n\t\t\t<span class=\"elementor-divider-separator\">\n\t\t\t\t\t\t<\/span>\n\t\t<\/div>\n\t\t\t\t\t\t<\/div>\n\t\t\t\t<\/div>\n\t\t\t\t<div class=\"elementor-element elementor-element-1cde732 elementor-widget elementor-widget-heading\" data-id=\"1cde732\" data-element_type=\"widget\" data-widget_type=\"heading.default\">\n\t\t\t\t<div class=\"elementor-widget-container\">\n\t\t\t\t\t<h3 class=\"elementor-heading-title elementor-size-large\">Feedback constante com instrutores certificados<\/h3>\t\t\t\t<\/div>\n\t\t\t\t<\/div>\n\t\t\t\t<div class=\"elementor-element elementor-element-16c3412 elementor-widget elementor-widget-text-editor\" data-id=\"16c3412\" data-element_type=\"widget\" data-widget_type=\"text-editor.default\">\n\t\t\t\t<div class=\"elementor-widget-container\">\n\t\t\t\t\t\t\t\t\t<p>Nossos instrutores possuem rar\u00edssima certifica\u00e7\u00e3o oficial Pro Tools Expert Post e Music. Um dos poucos instrutores do mundo com certifica\u00e7\u00e3o oficial nos n\u00edveis mais avan\u00e7ados em Pro Tools. Voc\u00ea poder\u00e1 entrar em contato diretamente para tirar qualquer d\u00favida sobre os assuntos da aula.\u00a0<\/p>\t\t\t\t\t\t\t\t<\/div>\n\t\t\t\t<\/div>\n\t\t\t\t\t<\/div>\n\t\t<\/div>\n\t\t\t\t\t<\/div>\n\t\t<\/section>\n\t\t\t\t<section class=\"elementor-section elementor-top-section elementor-element elementor-element-2bd8c63 elementor-section-height-min-height elementor-section-content-middle elementor-section-boxed elementor-section-height-default elementor-section-items-middle\" data-id=\"2bd8c63\" data-element_type=\"section\" data-settings=\"{&quot;background_background&quot;:&quot;classic&quot;}\">\n\t\t\t\t\t\t<div class=\"elementor-container elementor-column-gap-default\">\n\t\t\t\t\t<div class=\"elementor-column elementor-col-50 elementor-top-column elementor-element elementor-element-a2be741\" data-id=\"a2be741\" data-element_type=\"column\">\n\t\t\t<div class=\"elementor-widget-wrap elementor-element-populated\">\n\t\t\t\t\t\t<div class=\"elementor-element elementor-element-4dc348d elementor-widget-divider--view-line elementor-widget elementor-widget-divider\" data-id=\"4dc348d\" data-element_type=\"widget\" data-widget_type=\"divider.default\">\n\t\t\t\t<div class=\"elementor-widget-container\">\n\t\t\t\t\t\t\t<div class=\"elementor-divider\">\n\t\t\t<span class=\"elementor-divider-separator\">\n\t\t\t\t\t\t<\/span>\n\t\t<\/div>\n\t\t\t\t\t\t<\/div>\n\t\t\t\t<\/div>\n\t\t\t\t<div class=\"elementor-element elementor-element-96de2b4 elementor-widget elementor-widget-heading\" data-id=\"96de2b4\" data-element_type=\"widget\" data-widget_type=\"heading.default\">\n\t\t\t\t<div class=\"elementor-widget-container\">\n\t\t\t\t\t<h3 class=\"elementor-heading-title elementor-size-large\">Comece a estudar agora mesmo!<\/h3>\t\t\t\t<\/div>\n\t\t\t\t<\/div>\n\t\t\t\t<div class=\"elementor-element elementor-element-8a320d5 elementor-widget elementor-widget-text-editor\" data-id=\"8a320d5\" data-element_type=\"widget\" data-widget_type=\"text-editor.default\">\n\t\t\t\t<div class=\"elementor-widget-container\">\n\t\t\t\t\t\t\t\t\t<p><span style=\"font-family: Roboto, sans-serif; font-size: 17px; font-style: normal; font-weight: 300; background-color: #f4f4f4;\">Assim que o pagamento \u00e9 confirmado, o material \u00e9 liberado e voc\u00ea j\u00e1 pode come\u00e7ar a estudar. Pode ser no tablet, no computador, e o melhor: na hora que voc\u00ea quiser!<\/span><\/p>\t\t\t\t\t\t\t\t<\/div>\n\t\t\t\t<\/div>\n\t\t\t\t\t<\/div>\n\t\t<\/div>\n\t\t\t\t<div class=\"elementor-column elementor-col-50 elementor-top-column elementor-element elementor-element-f8d0644\" data-id=\"f8d0644\" data-element_type=\"column\">\n\t\t\t<div class=\"elementor-widget-wrap elementor-element-populated\">\n\t\t\t\t\t\t<div class=\"elementor-element elementor-element-089df85 elementor-widget elementor-widget-image\" data-id=\"089df85\" data-element_type=\"widget\" data-widget_type=\"image.default\">\n\t\t\t\t<div class=\"elementor-widget-container\">\n\t\t\t\t\t\t\t\t\t\t\t\t\t\t\t<img loading=\"lazy\" decoding=\"async\" width=\"1024\" height=\"1024\" src=\"https:\/\/proclass.com.br\/home\/wp-content\/uploads\/2020\/05\/Icones-site-PC__Pro-Tools-1024x1024.png\" class=\"attachment-large size-large wp-image-14317\" alt=\"\" srcset=\"https:\/\/proclass.com.br\/home\/wp-content\/uploads\/2020\/05\/Icones-site-PC__Pro-Tools-1024x1024.png 1024w, https:\/\/proclass.com.br\/home\/wp-content\/uploads\/2020\/05\/Icones-site-PC__Pro-Tools-150x150.png 150w, https:\/\/proclass.com.br\/home\/wp-content\/uploads\/2020\/05\/Icones-site-PC__Pro-Tools-300x300.png 300w, https:\/\/proclass.com.br\/home\/wp-content\/uploads\/2020\/05\/Icones-site-PC__Pro-Tools-768x768.png 768w, https:\/\/proclass.com.br\/home\/wp-content\/uploads\/2020\/05\/Icones-site-PC__Pro-Tools.png 1080w\" sizes=\"(max-width: 1024px) 100vw, 1024px\" \/>\t\t\t\t\t\t\t\t\t\t\t\t\t\t\t<\/div>\n\t\t\t\t<\/div>\n\t\t\t\t\t<\/div>\n\t\t<\/div>\n\t\t\t\t\t<\/div>\n\t\t<\/section>\n\t\t\t\t<section class=\"elementor-section elementor-top-section elementor-element elementor-element-c9f4122 elementor-section-height-min-height elementor-section-content-middle elementor-section-boxed elementor-section-height-default elementor-section-items-middle\" data-id=\"c9f4122\" data-element_type=\"section\" data-settings=\"{&quot;background_background&quot;:&quot;classic&quot;}\">\n\t\t\t\t\t\t<div class=\"elementor-container elementor-column-gap-default\">\n\t\t\t\t\t<div class=\"elementor-column elementor-col-50 elementor-top-column elementor-element elementor-element-c39413a\" data-id=\"c39413a\" data-element_type=\"column\">\n\t\t\t<div class=\"elementor-widget-wrap elementor-element-populated\">\n\t\t\t\t\t\t<div class=\"elementor-element elementor-element-f2d631a elementor-widget-divider--view-line elementor-widget elementor-widget-divider\" data-id=\"f2d631a\" data-element_type=\"widget\" data-widget_type=\"divider.default\">\n\t\t\t\t<div class=\"elementor-widget-container\">\n\t\t\t\t\t\t\t<div class=\"elementor-divider\">\n\t\t\t<span class=\"elementor-divider-separator\">\n\t\t\t\t\t\t<\/span>\n\t\t<\/div>\n\t\t\t\t\t\t<\/div>\n\t\t\t\t<\/div>\n\t\t\t\t<div class=\"elementor-element elementor-element-7ebfaf4 elementor-widget elementor-widget-heading\" data-id=\"7ebfaf4\" data-element_type=\"widget\" data-widget_type=\"heading.default\">\n\t\t\t\t<div class=\"elementor-widget-container\">\n\t\t\t\t\t<h3 class=\"elementor-heading-title elementor-size-large\">Exerc\u00edcios pr\u00e1ticos <br>para download<\/h3>\t\t\t\t<\/div>\n\t\t\t\t<\/div>\n\t\t\t\t<div class=\"elementor-element elementor-element-b8191da elementor-widget elementor-widget-text-editor\" data-id=\"b8191da\" data-element_type=\"widget\" data-widget_type=\"text-editor.default\">\n\t\t\t\t<div class=\"elementor-widget-container\">\n\t\t\t\t\t\t\t\t\t<p><span style=\"font-family: Roboto, sans-serif; font-size: 17px; font-style: normal; font-weight: 300;\">Ao longo do curso voc\u00ea vai receber material pr\u00e1tico para download, enviar a sess\u00e3o de Pro Tools de volta para o instrutor, e receber feedback sobre o exerc\u00edcio enviado.<\/span><\/p>\t\t\t\t\t\t\t\t<\/div>\n\t\t\t\t<\/div>\n\t\t\t\t\t<\/div>\n\t\t<\/div>\n\t\t\t\t<div class=\"elementor-column elementor-col-50 elementor-top-column elementor-element elementor-element-0475dd4\" data-id=\"0475dd4\" data-element_type=\"column\">\n\t\t\t<div class=\"elementor-widget-wrap elementor-element-populated\">\n\t\t\t\t\t\t<div class=\"elementor-element elementor-element-f62d3de elementor-widget elementor-widget-image\" data-id=\"f62d3de\" data-element_type=\"widget\" data-widget_type=\"image.default\">\n\t\t\t\t<div class=\"elementor-widget-container\">\n\t\t\t\t\t\t\t\t\t\t\t\t\t\t\t<img loading=\"lazy\" decoding=\"async\" width=\"1024\" height=\"552\" src=\"https:\/\/proclass.com.br\/home\/wp-content\/uploads\/2020\/05\/imagem-pro-tools-exericios-praticos--1024x552.png\" class=\"attachment-large size-large wp-image-14318\" alt=\"\" srcset=\"https:\/\/proclass.com.br\/home\/wp-content\/uploads\/2020\/05\/imagem-pro-tools-exericios-praticos--1024x552.png 1024w, https:\/\/proclass.com.br\/home\/wp-content\/uploads\/2020\/05\/imagem-pro-tools-exericios-praticos--300x162.png 300w, https:\/\/proclass.com.br\/home\/wp-content\/uploads\/2020\/05\/imagem-pro-tools-exericios-praticos--768x414.png 768w, https:\/\/proclass.com.br\/home\/wp-content\/uploads\/2020\/05\/imagem-pro-tools-exericios-praticos-.png 1331w\" sizes=\"(max-width: 1024px) 100vw, 1024px\" \/>\t\t\t\t\t\t\t\t\t\t\t\t\t\t\t<\/div>\n\t\t\t\t<\/div>\n\t\t\t\t\t<\/div>\n\t\t<\/div>\n\t\t\t\t\t<\/div>\n\t\t<\/section>\n\t\t\t\t<section class=\"elementor-section elementor-top-section elementor-element elementor-element-ed6b6f5 elementor-section-height-min-height elementor-section-boxed elementor-section-height-default elementor-section-items-middle\" data-id=\"ed6b6f5\" data-element_type=\"section\" data-settings=\"{&quot;background_background&quot;:&quot;classic&quot;}\">\n\t\t\t\t\t\t<div class=\"elementor-container elementor-column-gap-default\">\n\t\t\t\t\t<div class=\"elementor-column elementor-col-100 elementor-top-column elementor-element elementor-element-4187e0b\" data-id=\"4187e0b\" data-element_type=\"column\">\n\t\t\t<div class=\"elementor-widget-wrap elementor-element-populated\">\n\t\t\t\t\t\t<div class=\"elementor-element elementor-element-ae4415c elementor-widget elementor-widget-heading\" data-id=\"ae4415c\" data-element_type=\"widget\" data-widget_type=\"heading.default\">\n\t\t\t\t<div class=\"elementor-widget-container\">\n\t\t\t\t\t<h3 class=\"elementor-heading-title elementor-size-large\">O Instrutor<\/h3>\t\t\t\t<\/div>\n\t\t\t\t<\/div>\n\t\t\t\t<section class=\"elementor-section elementor-inner-section elementor-element elementor-element-c9af31c elementor-reverse-mobile elementor-section-boxed elementor-section-height-default elementor-section-height-default\" data-id=\"c9af31c\" data-element_type=\"section\">\n\t\t\t\t\t\t<div class=\"elementor-container elementor-column-gap-default\">\n\t\t\t\t\t<div class=\"elementor-column elementor-col-50 elementor-inner-column elementor-element elementor-element-c718cb2\" data-id=\"c718cb2\" data-element_type=\"column\">\n\t\t\t<div class=\"elementor-widget-wrap elementor-element-populated\">\n\t\t\t\t\t\t<div class=\"elementor-element elementor-element-8065d94 elementor-widget elementor-widget-heading\" data-id=\"8065d94\" data-element_type=\"widget\" data-widget_type=\"heading.default\">\n\t\t\t\t<div class=\"elementor-widget-container\">\n\t\t\t\t\t<h2 class=\"elementor-heading-title elementor-size-large\">Cristiano de Abreu<\/h2>\t\t\t\t<\/div>\n\t\t\t\t<\/div>\n\t\t\t\t<div class=\"elementor-element elementor-element-49d4ebf elementor-widget elementor-widget-text-editor\" data-id=\"49d4ebf\" data-element_type=\"widget\" data-widget_type=\"text-editor.default\">\n\t\t\t\t<div class=\"elementor-widget-container\">\n\t\t\t\t\t\t\t\t\t<p>Formado em licenciatura em m\u00fasica pela UNIRIO, \u00e9 instrutor de Pro Tools certificado oficialmente pela Avid e possui o n\u00edvel mais elevado de certifica\u00e7\u00e3o: Pro Tools Expert Post.<\/p><p>Atualmente \u00e9 Editor de Som para TV e Cinema, e assina diversos longas metragens como A Falta Que Nos Move, Positivas, O Samba Que Mora em Mim, Sudoeste, Unic\u00f3rnio; s\u00e9ries televisivas como Preamar (HBO), Hei De Torcer (ESPN), O Infiltrado (History Channel).<\/p><p>Certifica\u00e7\u00f5es Oficiais: Pro Tools Expert Post, ACSR 400- Certifica\u00e7\u00e3o Oficial de Suporte em Pro Tools, Pro Tools Operator Music, Pro Tools Certified Instructor, Avid Media Composer Professional.<\/p><p><style type=\"text\/css\">\np.p1 {margin: 0.0px 0.0px 0.0px 0.0px; font: 16.0px Georgia; color: #323333; -webkit-text-stroke: #323333}<br \/>span.s1 {font-kerning: none}<br \/><\/style><\/p>\t\t\t\t\t\t\t\t<\/div>\n\t\t\t\t<\/div>\n\t\t\t\t\t<\/div>\n\t\t<\/div>\n\t\t\t\t<div class=\"elementor-column elementor-col-50 elementor-inner-column elementor-element elementor-element-ea3b0cb\" data-id=\"ea3b0cb\" data-element_type=\"column\" data-settings=\"{&quot;animation&quot;:&quot;none&quot;}\">\n\t\t\t<div class=\"elementor-widget-wrap elementor-element-populated\">\n\t\t\t\t\t\t<div class=\"elementor-element elementor-element-9e54fe0 elementor-widget elementor-widget-image\" data-id=\"9e54fe0\" data-element_type=\"widget\" data-widget_type=\"image.default\">\n\t\t\t\t<div class=\"elementor-widget-container\">\n\t\t\t\t\t\t\t\t\t\t\t\t\t\t\t<img decoding=\"async\" src=\"https:\/\/proclass.com.br\/home\/wp-content\/uploads\/elementor\/thumbs\/cristiano-de-abreu-01-qlgiq3il7weqy88t8u2uo3sv224qsnrysb0eahujd4.jpeg\" title=\"cristiano de abreu 01\" alt=\"cristiano de abreu 01\" loading=\"lazy\" \/>\t\t\t\t\t\t\t\t\t\t\t\t\t\t\t<\/div>\n\t\t\t\t<\/div>\n\t\t\t\t\t<\/div>\n\t\t<\/div>\n\t\t\t\t\t<\/div>\n\t\t<\/section>\n\t\t\t\t\t<\/div>\n\t\t<\/div>\n\t\t\t\t\t<\/div>\n\t\t<\/section>\n\t\t\t\t<section class=\"elementor-section elementor-top-section elementor-element elementor-element-03e9286 elementor-section-boxed elementor-section-height-default elementor-section-height-default\" data-id=\"03e9286\" data-element_type=\"section\">\n\t\t\t\t\t\t<div class=\"elementor-container elementor-column-gap-default\">\n\t\t\t\t\t<div class=\"elementor-column elementor-col-50 elementor-top-column elementor-element elementor-element-e310659\" data-id=\"e310659\" data-element_type=\"column\">\n\t\t\t<div class=\"elementor-widget-wrap elementor-element-populated\">\n\t\t\t\t\t\t<div class=\"elementor-element elementor-element-a86ff29 elementor-widget elementor-widget-image\" data-id=\"a86ff29\" data-element_type=\"widget\" data-widget_type=\"image.default\">\n\t\t\t\t<div class=\"elementor-widget-container\">\n\t\t\t\t\t\t\t\t\t\t\t\t\t\t\t\t<a href=\"https:\/\/wa.me\/5521976157922\">\n\t\t\t\t\t\t\t<img loading=\"lazy\" decoding=\"async\" width=\"717\" height=\"783\" src=\"https:\/\/proclass.com.br\/home\/wp-content\/uploads\/2020\/05\/WhatsApp.jpeg\" class=\"attachment-large size-large wp-image-14286\" alt=\"\" srcset=\"https:\/\/proclass.com.br\/home\/wp-content\/uploads\/2020\/05\/WhatsApp.jpeg 717w, https:\/\/proclass.com.br\/home\/wp-content\/uploads\/2020\/05\/WhatsApp-275x300.jpeg 275w\" sizes=\"(max-width: 717px) 100vw, 717px\" \/>\t\t\t\t\t\t\t\t<\/a>\n\t\t\t\t\t\t\t\t\t\t\t\t\t\t\t<\/div>\n\t\t\t\t<\/div>\n\t\t\t\t\t<\/div>\n\t\t<\/div>\n\t\t\t\t<div class=\"elementor-column elementor-col-50 elementor-top-column elementor-element elementor-element-14d068b\" data-id=\"14d068b\" data-element_type=\"column\">\n\t\t\t<div class=\"elementor-widget-wrap elementor-element-populated\">\n\t\t\t\t\t\t<div class=\"elementor-element elementor-element-5d9fa95 elementor-widget elementor-widget-image\" data-id=\"5d9fa95\" data-element_type=\"widget\" data-widget_type=\"image.default\">\n\t\t\t\t<div class=\"elementor-widget-container\">\n\t\t\t\t\t\t\t\t\t\t\t\t\t\t\t\t<a href=\"mailto:info@proclass.com.br\">\n\t\t\t\t\t\t\t<img loading=\"lazy\" decoding=\"async\" width=\"721\" height=\"794\" src=\"https:\/\/proclass.com.br\/home\/wp-content\/uploads\/2020\/05\/Email.jpeg\" class=\"attachment-large size-large wp-image-14287\" alt=\"\" srcset=\"https:\/\/proclass.com.br\/home\/wp-content\/uploads\/2020\/05\/Email.jpeg 721w, https:\/\/proclass.com.br\/home\/wp-content\/uploads\/2020\/05\/Email-272x300.jpeg 272w\" sizes=\"(max-width: 721px) 100vw, 721px\" \/>\t\t\t\t\t\t\t\t<\/a>\n\t\t\t\t\t\t\t\t\t\t\t\t\t\t\t<\/div>\n\t\t\t\t<\/div>\n\t\t\t\t\t<\/div>\n\t\t<\/div>\n\t\t\t\t\t<\/div>\n\t\t<\/section>\n\t\t\t\t<section class=\"elementor-section elementor-top-section elementor-element elementor-element-21f746d elementor-section-boxed elementor-section-height-default elementor-section-height-default\" data-id=\"21f746d\" data-element_type=\"section\" data-settings=\"{&quot;background_background&quot;:&quot;classic&quot;}\">\n\t\t\t\t\t\t\t<div class=\"elementor-background-overlay\"><\/div>\n\t\t\t\t\t\t\t<div class=\"elementor-container elementor-column-gap-default\">\n\t\t\t\t\t<div class=\"elementor-column elementor-col-50 elementor-top-column elementor-element elementor-element-c24eac1\" data-id=\"c24eac1\" data-element_type=\"column\">\n\t\t\t<div class=\"elementor-widget-wrap elementor-element-populated\">\n\t\t\t\t\t\t<div class=\"elementor-element elementor-element-d5c9f3e elementor-widget elementor-widget-video\" data-id=\"d5c9f3e\" data-element_type=\"widget\" data-settings=\"{&quot;show_image_overlay&quot;:&quot;no&quot;,&quot;youtube_url&quot;:&quot;https:\\\/\\\/youtu.be\\\/GXF8iZIJyPw&quot;,&quot;video_type&quot;:&quot;youtube&quot;,&quot;controls&quot;:&quot;yes&quot;}\" data-widget_type=\"video.default\">\n\t\t\t\t<div class=\"elementor-widget-container\">\n\t\t\t\t\t\t\t<div class=\"elementor-wrapper elementor-open-inline\">\n\t\t\t<div class=\"elementor-video\"><\/div>\t\t<\/div>\n\t\t\t\t\t\t<\/div>\n\t\t\t\t<\/div>\n\t\t\t\t\t<\/div>\n\t\t<\/div>\n\t\t\t\t<div class=\"elementor-column elementor-col-50 elementor-top-column elementor-element elementor-element-0a0fbdb\" data-id=\"0a0fbdb\" data-element_type=\"column\">\n\t\t\t<div class=\"elementor-widget-wrap elementor-element-populated\">\n\t\t\t\t\t\t<div class=\"elementor-element elementor-element-3c2d0e8 elementor-widget elementor-widget-heading\" data-id=\"3c2d0e8\" data-element_type=\"widget\" data-widget_type=\"heading.default\">\n\t\t\t\t<div class=\"elementor-widget-container\">\n\t\t\t\t\t<h2 class=\"elementor-heading-title elementor-size-large\"><span style=\"font-weight: normal\">ProClass<\/span><\/h2>\t\t\t\t<\/div>\n\t\t\t\t<\/div>\n\t\t\t\t<div class=\"elementor-element elementor-element-dd1bdfd elementor-widget elementor-widget-text-editor\" data-id=\"dd1bdfd\" data-element_type=\"widget\" data-widget_type=\"text-editor.default\">\n\t\t\t\t<div class=\"elementor-widget-container\">\n\t\t\t\t\t\t\t\t\t<p><strong>A ProClass foi a primeira escola a trazer para o Brasil os cursos internacionais com Certifica\u00e7\u00e3o Oficial emitida pela Avid.\u00a0<\/strong><\/p><p><strong>Assista o v\u00eddeo e saiba mais sobre a\u00a0 ProClass!<\/strong><\/p>\t\t\t\t\t\t\t\t<\/div>\n\t\t\t\t<\/div>\n\t\t\t\t\t<\/div>\n\t\t<\/div>\n\t\t\t\t\t<\/div>\n\t\t<\/section>\n\t\t\t\t<\/div>\n\t\t","protected":false},"excerpt":{"rendered":"<p>Problemas comuns que este texto pode solucionar: Pro Tools software ou hardware drivers falham durante a instala\u00e7\u00e3oPro Tools n\u00e3o iniciaNenhum LED de energia acende em uma interface Avid conectada via USBV\u00e1rios erros AAE (-1115, -1146, -5000, -6085, -6086, -6093, -6097, -6101, -9060, -9131, -9073, -9093, -9128 , -9129)Baixa performance do Pro Tools (sobrecarregamento do sistemaContinue reading &rarr;<\/p>\n","protected":false},"author":4,"featured_media":0,"comment_status":"closed","ping_status":"closed","sticky":false,"template":"","format":"standard","meta":{"footnotes":""},"categories":[17,1000],"tags":[1106,1107,1108,1109,1110,1111,1112,1113,1115,1116,1117,1118,1114,1105,1098,1102,1100,1099,1119,1122,1101,1103,1104,1121,1120],"class_list":["post-9570","post","type-post","status-publish","format-standard","hentry","category-artigos","category-pro-tools-2","tag-aae-error-1146","tag-aae-error-5000","tag-aae-error-6085","tag-aae-error-6086","tag-aae-error-6093","tag-aae-error-6097","tag-aae-error-6101","tag-aae-error-9060","tag-aae-error-9073","tag-aae-error-9093","tag-aae-error-9128","tag-aae-error-9129","tag-aae-error-9131","tag-aae-error-1115","tag-erro-pro-tools","tag-nao-consigo-instalar-o-pro-tools","tag-pro-tools-crash","tag-pro-tools-error","tag-pro-tools-lento","tag-pro-tools-lerdo","tag-pro-tools-nao-funciona","tag-pro-tools-nao-inicia","tag-pro-tools-nao-reconhece-interface","tag-pro-tools-trava","tag-pro-tools-travando","no-thumb"],"yoast_head":"<!-- This site is optimized with the Yoast SEO plugin v26.9 - https:\/\/yoast.com\/product\/yoast-seo-wordpress\/ -->\n<title>Pro Tools e Windows 10 - Configura\u00e7\u00f5es de otimiza\u00e7\u00e3o - PROCLASS<\/title>\n<meta name=\"robots\" content=\"index, follow, max-snippet:-1, max-image-preview:large, max-video-preview:-1\" \/>\n<link rel=\"canonical\" href=\"https:\/\/proclass.com.br\/home\/2018\/04\/pro-tools-e-windows-10-configuracoes-de-otimizacao\/\" \/>\n<meta property=\"og:locale\" content=\"pt_BR\" \/>\n<meta property=\"og:type\" content=\"article\" \/>\n<meta property=\"og:title\" content=\"Pro Tools e Windows 10 - Configura\u00e7\u00f5es de otimiza\u00e7\u00e3o - PROCLASS\" \/>\n<meta property=\"og:description\" content=\"Problemas comuns que este texto pode solucionar: Pro Tools software ou hardware drivers falham durante a instala\u00e7\u00e3oPro Tools n\u00e3o iniciaNenhum LED de energia acende em uma interface Avid conectada via USBV\u00e1rios erros AAE (-1115, -1146, -5000, -6085, -6086, -6093, -6097, -6101, -9060, -9131, -9073, -9093, -9128 , -9129)Baixa performance do Pro Tools (sobrecarregamento do sistemaContinue reading &rarr;\" \/>\n<meta property=\"og:url\" content=\"https:\/\/proclass.com.br\/home\/2018\/04\/pro-tools-e-windows-10-configuracoes-de-otimizacao\/\" \/>\n<meta property=\"og:site_name\" content=\"PROCLASS\" \/>\n<meta property=\"article:published_time\" content=\"2018-04-25T21:53:26+00:00\" \/>\n<meta property=\"article:modified_time\" content=\"2020-12-16T18:22:48+00:00\" \/>\n<meta property=\"og:image\" content=\"https:\/\/proclass.com.br\/home\/wp-content\/uploads\/2018\/01\/geidson150.jpg\" \/>\n<meta name=\"author\" content=\"ProClass Treinamentos\" \/>\n<meta name=\"twitter:card\" content=\"summary_large_image\" \/>\n<meta name=\"twitter:label1\" content=\"Escrito por\" \/>\n\t<meta name=\"twitter:data1\" content=\"ProClass Treinamentos\" \/>\n\t<meta name=\"twitter:label2\" content=\"Est. tempo de leitura\" \/>\n\t<meta name=\"twitter:data2\" content=\"20 minutos\" \/>\n<script type=\"application\/ld+json\" class=\"yoast-schema-graph\">{\"@context\":\"https:\/\/schema.org\",\"@graph\":[{\"@type\":\"Article\",\"@id\":\"https:\/\/proclass.com.br\/home\/2018\/04\/pro-tools-e-windows-10-configuracoes-de-otimizacao\/#article\",\"isPartOf\":{\"@id\":\"https:\/\/proclass.com.br\/home\/2018\/04\/pro-tools-e-windows-10-configuracoes-de-otimizacao\/\"},\"author\":{\"name\":\"ProClass Treinamentos\",\"@id\":\"https:\/\/proclass.com.br\/home\/#\/schema\/person\/f89e1eb93d5d32c0bb465c52f87f5a00\"},\"headline\":\"Pro Tools e Windows 10 &#8211; Configura\u00e7\u00f5es de otimiza\u00e7\u00e3o\",\"datePublished\":\"2018-04-25T21:53:26+00:00\",\"dateModified\":\"2020-12-16T18:22:48+00:00\",\"mainEntityOfPage\":{\"@id\":\"https:\/\/proclass.com.br\/home\/2018\/04\/pro-tools-e-windows-10-configuracoes-de-otimizacao\/\"},\"wordCount\":3956,\"publisher\":{\"@id\":\"https:\/\/proclass.com.br\/home\/#organization\"},\"image\":{\"@id\":\"https:\/\/proclass.com.br\/home\/2018\/04\/pro-tools-e-windows-10-configuracoes-de-otimizacao\/#primaryimage\"},\"thumbnailUrl\":\"https:\/\/proclass.com.br\/home\/wp-content\/uploads\/2018\/01\/geidson150.jpg\",\"keywords\":[\"AAE error - 1146\",\"AAE error - 5000\",\"AAE error - 6085\",\"AAE error - 6086\",\"AAE error - 6093\",\"AAE error - 6097\",\"AAE error - 6101\",\"AAE error - 9060\",\"AAE error - 9073\",\"AAE error - 9093\",\"AAE error - 9128\",\"AAE error - 9129\",\"AAE error - 9131\",\"AAE error -1115\",\"erro pro tools\",\"n\u00e3o consigo instalar o pro tools\",\"pro tools crash\",\"pro tools error\",\"pro tools lento\",\"pro tools lerdo\",\"pro tools n\u00e3o funciona\",\"Pro Tools n\u00e3o inicia\",\"pro tools n\u00e3o reconhece interface\",\"pro tools trava\",\"pro tools travando\"],\"articleSection\":[\"Artigos\",\"Pro Tools\"],\"inLanguage\":\"pt-BR\"},{\"@type\":\"WebPage\",\"@id\":\"https:\/\/proclass.com.br\/home\/2018\/04\/pro-tools-e-windows-10-configuracoes-de-otimizacao\/\",\"url\":\"https:\/\/proclass.com.br\/home\/2018\/04\/pro-tools-e-windows-10-configuracoes-de-otimizacao\/\",\"name\":\"Pro Tools e Windows 10 - Configura\u00e7\u00f5es de otimiza\u00e7\u00e3o - PROCLASS\",\"isPartOf\":{\"@id\":\"https:\/\/proclass.com.br\/home\/#website\"},\"primaryImageOfPage\":{\"@id\":\"https:\/\/proclass.com.br\/home\/2018\/04\/pro-tools-e-windows-10-configuracoes-de-otimizacao\/#primaryimage\"},\"image\":{\"@id\":\"https:\/\/proclass.com.br\/home\/2018\/04\/pro-tools-e-windows-10-configuracoes-de-otimizacao\/#primaryimage\"},\"thumbnailUrl\":\"https:\/\/proclass.com.br\/home\/wp-content\/uploads\/2018\/01\/geidson150.jpg\",\"datePublished\":\"2018-04-25T21:53:26+00:00\",\"dateModified\":\"2020-12-16T18:22:48+00:00\",\"breadcrumb\":{\"@id\":\"https:\/\/proclass.com.br\/home\/2018\/04\/pro-tools-e-windows-10-configuracoes-de-otimizacao\/#breadcrumb\"},\"inLanguage\":\"pt-BR\",\"potentialAction\":[{\"@type\":\"ReadAction\",\"target\":[\"https:\/\/proclass.com.br\/home\/2018\/04\/pro-tools-e-windows-10-configuracoes-de-otimizacao\/\"]}]},{\"@type\":\"ImageObject\",\"inLanguage\":\"pt-BR\",\"@id\":\"https:\/\/proclass.com.br\/home\/2018\/04\/pro-tools-e-windows-10-configuracoes-de-otimizacao\/#primaryimage\",\"url\":\"https:\/\/proclass.com.br\/home\/wp-content\/uploads\/2018\/01\/geidson150.jpg\",\"contentUrl\":\"https:\/\/proclass.com.br\/home\/wp-content\/uploads\/2018\/01\/geidson150.jpg\",\"width\":150,\"height\":150,\"caption\":\"\\\"Foi uma grande oportunidade de ter contato direto com os melhores profissionais, compartilhando conhecimento e experi\u00eancia. Foi excelente! Recomendo\\\" Geidson Eller - Sonoplasta na EBC\"},{\"@type\":\"BreadcrumbList\",\"@id\":\"https:\/\/proclass.com.br\/home\/2018\/04\/pro-tools-e-windows-10-configuracoes-de-otimizacao\/#breadcrumb\",\"itemListElement\":[{\"@type\":\"ListItem\",\"position\":1,\"name\":\"In\u00edcio\",\"item\":\"https:\/\/proclass.com.br\/home\/\"},{\"@type\":\"ListItem\",\"position\":2,\"name\":\"Pro Tools e Windows 10 &#8211; Configura\u00e7\u00f5es de otimiza\u00e7\u00e3o\"}]},{\"@type\":\"WebSite\",\"@id\":\"https:\/\/proclass.com.br\/home\/#website\",\"url\":\"https:\/\/proclass.com.br\/home\/\",\"name\":\"PROCLASS\",\"description\":\"CURSOS E TREINAMENTOS\",\"publisher\":{\"@id\":\"https:\/\/proclass.com.br\/home\/#organization\"},\"potentialAction\":[{\"@type\":\"SearchAction\",\"target\":{\"@type\":\"EntryPoint\",\"urlTemplate\":\"https:\/\/proclass.com.br\/home\/?s={search_term_string}\"},\"query-input\":{\"@type\":\"PropertyValueSpecification\",\"valueRequired\":true,\"valueName\":\"search_term_string\"}}],\"inLanguage\":\"pt-BR\"},{\"@type\":\"Organization\",\"@id\":\"https:\/\/proclass.com.br\/home\/#organization\",\"name\":\"PROCLASS\",\"url\":\"https:\/\/proclass.com.br\/home\/\",\"logo\":{\"@type\":\"ImageObject\",\"inLanguage\":\"pt-BR\",\"@id\":\"https:\/\/proclass.com.br\/home\/#\/schema\/logo\/image\/\",\"url\":\"https:\/\/proclass.com.br\/home\/wp-content\/uploads\/2023\/06\/CABECALHO-black_PROCLASS-2023.png\",\"contentUrl\":\"https:\/\/proclass.com.br\/home\/wp-content\/uploads\/2023\/06\/CABECALHO-black_PROCLASS-2023.png\",\"width\":2563,\"height\":911,\"caption\":\"PROCLASS\"},\"image\":{\"@id\":\"https:\/\/proclass.com.br\/home\/#\/schema\/logo\/image\/\"}},{\"@type\":\"Person\",\"@id\":\"https:\/\/proclass.com.br\/home\/#\/schema\/person\/f89e1eb93d5d32c0bb465c52f87f5a00\",\"name\":\"ProClass Treinamentos\",\"image\":{\"@type\":\"ImageObject\",\"inLanguage\":\"pt-BR\",\"@id\":\"https:\/\/proclass.com.br\/home\/#\/schema\/person\/image\/\",\"url\":\"https:\/\/secure.gravatar.com\/avatar\/3878d7a575c7ac355d2c778d5de04af08b7c5a7d9f19b2889f26cc7d80a6a832?s=96&d=blank&r=g\",\"contentUrl\":\"https:\/\/secure.gravatar.com\/avatar\/3878d7a575c7ac355d2c778d5de04af08b7c5a7d9f19b2889f26cc7d80a6a832?s=96&d=blank&r=g\",\"caption\":\"ProClass Treinamentos\"},\"url\":\"https:\/\/proclass.com.br\/home\/author\/proclass\/\"}]}<\/script>\n<!-- \/ Yoast SEO plugin. -->","yoast_head_json":{"title":"Pro Tools e Windows 10 - Configura\u00e7\u00f5es de otimiza\u00e7\u00e3o - PROCLASS","robots":{"index":"index","follow":"follow","max-snippet":"max-snippet:-1","max-image-preview":"max-image-preview:large","max-video-preview":"max-video-preview:-1"},"canonical":"https:\/\/proclass.com.br\/home\/2018\/04\/pro-tools-e-windows-10-configuracoes-de-otimizacao\/","og_locale":"pt_BR","og_type":"article","og_title":"Pro Tools e Windows 10 - Configura\u00e7\u00f5es de otimiza\u00e7\u00e3o - PROCLASS","og_description":"Problemas comuns que este texto pode solucionar: Pro Tools software ou hardware drivers falham durante a instala\u00e7\u00e3oPro Tools n\u00e3o iniciaNenhum LED de energia acende em uma interface Avid conectada via USBV\u00e1rios erros AAE (-1115, -1146, -5000, -6085, -6086, -6093, -6097, -6101, -9060, -9131, -9073, -9093, -9128 , -9129)Baixa performance do Pro Tools (sobrecarregamento do sistemaContinue reading &rarr;","og_url":"https:\/\/proclass.com.br\/home\/2018\/04\/pro-tools-e-windows-10-configuracoes-de-otimizacao\/","og_site_name":"PROCLASS","article_published_time":"2018-04-25T21:53:26+00:00","article_modified_time":"2020-12-16T18:22:48+00:00","og_image":[{"url":"https:\/\/proclass.com.br\/home\/wp-content\/uploads\/2018\/01\/geidson150.jpg","type":"","width":"","height":""}],"author":"ProClass Treinamentos","twitter_card":"summary_large_image","twitter_misc":{"Escrito por":"ProClass Treinamentos","Est. tempo de leitura":"20 minutos"},"schema":{"@context":"https:\/\/schema.org","@graph":[{"@type":"Article","@id":"https:\/\/proclass.com.br\/home\/2018\/04\/pro-tools-e-windows-10-configuracoes-de-otimizacao\/#article","isPartOf":{"@id":"https:\/\/proclass.com.br\/home\/2018\/04\/pro-tools-e-windows-10-configuracoes-de-otimizacao\/"},"author":{"name":"ProClass Treinamentos","@id":"https:\/\/proclass.com.br\/home\/#\/schema\/person\/f89e1eb93d5d32c0bb465c52f87f5a00"},"headline":"Pro Tools e Windows 10 &#8211; Configura\u00e7\u00f5es de otimiza\u00e7\u00e3o","datePublished":"2018-04-25T21:53:26+00:00","dateModified":"2020-12-16T18:22:48+00:00","mainEntityOfPage":{"@id":"https:\/\/proclass.com.br\/home\/2018\/04\/pro-tools-e-windows-10-configuracoes-de-otimizacao\/"},"wordCount":3956,"publisher":{"@id":"https:\/\/proclass.com.br\/home\/#organization"},"image":{"@id":"https:\/\/proclass.com.br\/home\/2018\/04\/pro-tools-e-windows-10-configuracoes-de-otimizacao\/#primaryimage"},"thumbnailUrl":"https:\/\/proclass.com.br\/home\/wp-content\/uploads\/2018\/01\/geidson150.jpg","keywords":["AAE error - 1146","AAE error - 5000","AAE error - 6085","AAE error - 6086","AAE error - 6093","AAE error - 6097","AAE error - 6101","AAE error - 9060","AAE error - 9073","AAE error - 9093","AAE error - 9128","AAE error - 9129","AAE error - 9131","AAE error -1115","erro pro tools","n\u00e3o consigo instalar o pro tools","pro tools crash","pro tools error","pro tools lento","pro tools lerdo","pro tools n\u00e3o funciona","Pro Tools n\u00e3o inicia","pro tools n\u00e3o reconhece interface","pro tools trava","pro tools travando"],"articleSection":["Artigos","Pro Tools"],"inLanguage":"pt-BR"},{"@type":"WebPage","@id":"https:\/\/proclass.com.br\/home\/2018\/04\/pro-tools-e-windows-10-configuracoes-de-otimizacao\/","url":"https:\/\/proclass.com.br\/home\/2018\/04\/pro-tools-e-windows-10-configuracoes-de-otimizacao\/","name":"Pro Tools e Windows 10 - Configura\u00e7\u00f5es de otimiza\u00e7\u00e3o - PROCLASS","isPartOf":{"@id":"https:\/\/proclass.com.br\/home\/#website"},"primaryImageOfPage":{"@id":"https:\/\/proclass.com.br\/home\/2018\/04\/pro-tools-e-windows-10-configuracoes-de-otimizacao\/#primaryimage"},"image":{"@id":"https:\/\/proclass.com.br\/home\/2018\/04\/pro-tools-e-windows-10-configuracoes-de-otimizacao\/#primaryimage"},"thumbnailUrl":"https:\/\/proclass.com.br\/home\/wp-content\/uploads\/2018\/01\/geidson150.jpg","datePublished":"2018-04-25T21:53:26+00:00","dateModified":"2020-12-16T18:22:48+00:00","breadcrumb":{"@id":"https:\/\/proclass.com.br\/home\/2018\/04\/pro-tools-e-windows-10-configuracoes-de-otimizacao\/#breadcrumb"},"inLanguage":"pt-BR","potentialAction":[{"@type":"ReadAction","target":["https:\/\/proclass.com.br\/home\/2018\/04\/pro-tools-e-windows-10-configuracoes-de-otimizacao\/"]}]},{"@type":"ImageObject","inLanguage":"pt-BR","@id":"https:\/\/proclass.com.br\/home\/2018\/04\/pro-tools-e-windows-10-configuracoes-de-otimizacao\/#primaryimage","url":"https:\/\/proclass.com.br\/home\/wp-content\/uploads\/2018\/01\/geidson150.jpg","contentUrl":"https:\/\/proclass.com.br\/home\/wp-content\/uploads\/2018\/01\/geidson150.jpg","width":150,"height":150,"caption":"\"Foi uma grande oportunidade de ter contato direto com os melhores profissionais, compartilhando conhecimento e experi\u00eancia. Foi excelente! Recomendo\" Geidson Eller - Sonoplasta na EBC"},{"@type":"BreadcrumbList","@id":"https:\/\/proclass.com.br\/home\/2018\/04\/pro-tools-e-windows-10-configuracoes-de-otimizacao\/#breadcrumb","itemListElement":[{"@type":"ListItem","position":1,"name":"In\u00edcio","item":"https:\/\/proclass.com.br\/home\/"},{"@type":"ListItem","position":2,"name":"Pro Tools e Windows 10 &#8211; Configura\u00e7\u00f5es de otimiza\u00e7\u00e3o"}]},{"@type":"WebSite","@id":"https:\/\/proclass.com.br\/home\/#website","url":"https:\/\/proclass.com.br\/home\/","name":"PROCLASS","description":"CURSOS E TREINAMENTOS","publisher":{"@id":"https:\/\/proclass.com.br\/home\/#organization"},"potentialAction":[{"@type":"SearchAction","target":{"@type":"EntryPoint","urlTemplate":"https:\/\/proclass.com.br\/home\/?s={search_term_string}"},"query-input":{"@type":"PropertyValueSpecification","valueRequired":true,"valueName":"search_term_string"}}],"inLanguage":"pt-BR"},{"@type":"Organization","@id":"https:\/\/proclass.com.br\/home\/#organization","name":"PROCLASS","url":"https:\/\/proclass.com.br\/home\/","logo":{"@type":"ImageObject","inLanguage":"pt-BR","@id":"https:\/\/proclass.com.br\/home\/#\/schema\/logo\/image\/","url":"https:\/\/proclass.com.br\/home\/wp-content\/uploads\/2023\/06\/CABECALHO-black_PROCLASS-2023.png","contentUrl":"https:\/\/proclass.com.br\/home\/wp-content\/uploads\/2023\/06\/CABECALHO-black_PROCLASS-2023.png","width":2563,"height":911,"caption":"PROCLASS"},"image":{"@id":"https:\/\/proclass.com.br\/home\/#\/schema\/logo\/image\/"}},{"@type":"Person","@id":"https:\/\/proclass.com.br\/home\/#\/schema\/person\/f89e1eb93d5d32c0bb465c52f87f5a00","name":"ProClass Treinamentos","image":{"@type":"ImageObject","inLanguage":"pt-BR","@id":"https:\/\/proclass.com.br\/home\/#\/schema\/person\/image\/","url":"https:\/\/secure.gravatar.com\/avatar\/3878d7a575c7ac355d2c778d5de04af08b7c5a7d9f19b2889f26cc7d80a6a832?s=96&d=blank&r=g","contentUrl":"https:\/\/secure.gravatar.com\/avatar\/3878d7a575c7ac355d2c778d5de04af08b7c5a7d9f19b2889f26cc7d80a6a832?s=96&d=blank&r=g","caption":"ProClass Treinamentos"},"url":"https:\/\/proclass.com.br\/home\/author\/proclass\/"}]}},"_links":{"self":[{"href":"https:\/\/proclass.com.br\/home\/wp-json\/wp\/v2\/posts\/9570","targetHints":{"allow":["GET"]}}],"collection":[{"href":"https:\/\/proclass.com.br\/home\/wp-json\/wp\/v2\/posts"}],"about":[{"href":"https:\/\/proclass.com.br\/home\/wp-json\/wp\/v2\/types\/post"}],"author":[{"embeddable":true,"href":"https:\/\/proclass.com.br\/home\/wp-json\/wp\/v2\/users\/4"}],"replies":[{"embeddable":true,"href":"https:\/\/proclass.com.br\/home\/wp-json\/wp\/v2\/comments?post=9570"}],"version-history":[{"count":0,"href":"https:\/\/proclass.com.br\/home\/wp-json\/wp\/v2\/posts\/9570\/revisions"}],"wp:attachment":[{"href":"https:\/\/proclass.com.br\/home\/wp-json\/wp\/v2\/media?parent=9570"}],"wp:term":[{"taxonomy":"category","embeddable":true,"href":"https:\/\/proclass.com.br\/home\/wp-json\/wp\/v2\/categories?post=9570"},{"taxonomy":"post_tag","embeddable":true,"href":"https:\/\/proclass.com.br\/home\/wp-json\/wp\/v2\/tags?post=9570"}],"curies":[{"name":"wp","href":"https:\/\/api.w.org\/{rel}","templated":true}]}}