{"id":956,"date":"2011-06-01T23:06:24","date_gmt":"2011-06-02T02:06:24","guid":{"rendered":"http:\/\/proclass.com.br\/home\/?p=956"},"modified":"2012-08-23T23:08:41","modified_gmt":"2012-08-24T02:08:41","slug":"cursos-intensivos-de-pro-tools-nas-ferias-de-julho","status":"publish","type":"post","link":"https:\/\/proclass.com.br\/home\/2011\/06\/cursos-intensivos-de-pro-tools-nas-ferias-de-julho\/","title":{"rendered":"Cursos intensivos de Pro Tools nas f\u00e9rias de julho"},"content":{"rendered":"<div style=\"text-align: justify;\">Acesse: <a href=\"http:\/\/www.proclass.com.br\/\">www.proclass.com.br<\/a><\/div>\n<div style=\"text-align: justify;\">As f\u00e9rias de julho est\u00e3o chegando e, a cada dia, recebemos mais pedidos para cursos intensivos de Pro Tools. Ent\u00e3o essa \u00e9 a hora! Voc\u00ea que n\u00e3o tem tanto tempo para um curso regular, que \u00e9 de outro estado ou que quer resultados r\u00e1pidos, agora chegou a sua vez! Duas certifica\u00e7\u00f5es oficiais em Pro Tools em apenas uma 1 semana! 6 vagas por turma. E descontos al\u00e9m das promo\u00e7\u00f5es normais!<!--more--><\/div>\n<div style=\"text-align: justify;\"><\/div>\n<div style=\"text-align: justify;\"><img decoding=\"async\" class=\" wp-image-957 alignnone\" title=\"intensivo\" src=\"http:\/\/proclass.com.br\/home\/wp-content\/uploads\/2012\/08\/intensivo.jpg\" alt=\"\" width=\"316\" height=\"100\" srcset=\"https:\/\/proclass.com.br\/home\/wp-content\/uploads\/2012\/08\/intensivo.jpg 316w, https:\/\/proclass.com.br\/home\/wp-content\/uploads\/2012\/08\/intensivo-300x94.jpg 300w\" sizes=\"(max-width: 316px) 100vw, 316px\" \/><\/div>\n<div style=\"text-align: justify;\"><\/div>\n<div style=\"text-align: justify;\"><strong>Inscri\u00e7\u00f5es abertas para as pr\u00f3ximas turmas:<\/strong><\/div>\n<div style=\"text-align: justify;\"><strong>Data<\/strong>: Semana de 12\/07 a 16\/07<\/div>\n<div style=\"text-align: justify;\"><strong>Pro Tools 101<\/strong>: seg. 10:00 \u00e0s 17:00, ter. 10:00 \u00e0s 17:00, qua. 10:00 \u00e0s 13:00<\/div>\n<div style=\"text-align: justify;\"><strong>Pro Tools 110<\/strong>: qua. 14:00 \u00e0s 17:00, qui. 10:00 \u00e0s 17:00, sex. 10:00 \u00e0s 17:00<\/div>\n<div style=\"text-align: justify;\"><strong>Dura\u00e7\u00e3o<\/strong>: 15 horas cada<\/div>\n<div style=\"text-align: justify;\"><strong>Instrutor<\/strong>: Norbert Weiher<\/div>\n<div style=\"text-align: justify;\"><strong>Data<\/strong>: Semana de 19\/07 a 23\/07<\/div>\n<div style=\"text-align: justify;\"><strong>Pro Tools 101<\/strong>: seg. 10:00 \u00e0s 17:00, ter. 10:00 \u00e0s 17:00, qua. 10:00 \u00e0s 13:00<\/div>\n<div style=\"text-align: justify;\"><strong>Pro Tools 110<\/strong>: qua. 14:00 \u00e0s 17:00, qui. 10:00 \u00e0s 17:00, sex. 10:00 \u00e0s 17:00<\/div>\n<div style=\"text-align: justify;\"><strong>Dura\u00e7\u00e3o<\/strong>: 15 horas cada<\/div>\n<div style=\"text-align: justify;\"><strong>Instrutor<\/strong>: Julius Britto<\/div>\n<div style=\"text-align: justify;\"><strong>Data<\/strong>: Semana de 26\/07 a 30\/07<\/div>\n<div style=\"text-align: justify;\"><strong>Pro Tools 101<\/strong>: seg. 10:00 \u00e0s 17:00, ter. 10:00 \u00e0s 17:00, qua. 10:00 \u00e0s 13:00<\/div>\n<div style=\"text-align: justify;\"><strong>Pro Tools 110<\/strong>: qua. 14:00 \u00e0s 17:00, qui. 10:00 \u00e0s 17:00, sex. 10:00 \u00e0s 17:00<\/div>\n<div style=\"text-align: justify;\"><strong>Dura\u00e7\u00e3o<\/strong>: 15 horas cada<\/div>\n<div style=\"text-align: justify;\"><strong>Instrutor<\/strong>: Julius Britto<\/div>\n<div style=\"text-align: justify;\"><strong>Pr\u00e9-requisito<\/strong>: Para o Pro Tools 101, n\u00e3o h\u00e1 pr\u00e9-requisito. Para o Pro Tools 110, o pr\u00e9-requisito \u00e9 o Pro Tool 101.<\/div>\n<div style=\"text-align: justify;\">Desej\u00e1vel conhecimento b\u00e1sico em \u00e1udio e inform\u00e1tica.<\/div>\n<div style=\"text-align: justify;\"><strong>Certificado<\/strong>: Avid Worldwide Training (Digidesign Training and Education Program) \u2013 PROCLASS<\/div>\n<div style=\"text-align: justify;\"><strong>Material did\u00e1tico<\/strong>: Livro e exerc\u00edcios fornecidos pelo fabricante.<\/div>\n<div style=\"text-align: justify;\"><strong>Vagas<\/strong>: 6 por turma.<\/div>\n<div style=\"text-align: justify;\">Saiba mais detalhes em <strong><a href=\"http:\/\/www.proclass.com.br\/\">www.proclass.com.br<\/a><\/strong>, na aba \u2018Cursos\u2019 ou pelo e-mail <strong><a href=\"mailto:info@proclass.com.br\">info@proclass.com.br<\/a><\/strong>.<\/div>\n","protected":false},"excerpt":{"rendered":"<p>Acesse: www.proclass.com.br As f\u00e9rias de julho est\u00e3o chegando e, a cada dia, recebemos mais pedidos para cursos intensivos de Pro Tools. Ent\u00e3o essa \u00e9 a hora! Voc\u00ea que n\u00e3o tem tanto tempo para um curso regular, que \u00e9 de outro estado ou que quer resultados r\u00e1pidos, agora chegou a sua vez! Duas certifica\u00e7\u00f5es oficiais emContinue reading &rarr;<\/p>\n","protected":false},"author":4,"featured_media":0,"comment_status":"open","ping_status":"open","sticky":false,"template":"","format":"standard","meta":{"footnotes":""},"categories":[13],"tags":[131,87,152,151,147,148,35,150,153,145],"class_list":["post-956","post","type-post","status-publish","format-standard","hentry","category-noticias","tag-agora","tag-autom","tag-cada-dia","tag-duas","tag-education-program","tag-pro-tool","tag-pro-tools","tag-requisito","tag-tempo","tag-worldwide-training","no-thumb"],"yoast_head":"<!-- This site is optimized with the Yoast SEO plugin v26.9 - https:\/\/yoast.com\/product\/yoast-seo-wordpress\/ -->\n<title>Cursos intensivos de Pro Tools nas f\u00e9rias de julho - PROCLASS<\/title>\n<meta name=\"robots\" content=\"index, follow, max-snippet:-1, max-image-preview:large, max-video-preview:-1\" \/>\n<link rel=\"canonical\" href=\"https:\/\/proclass.com.br\/home\/2011\/06\/cursos-intensivos-de-pro-tools-nas-ferias-de-julho\/\" \/>\n<meta property=\"og:locale\" content=\"pt_BR\" \/>\n<meta property=\"og:type\" content=\"article\" \/>\n<meta property=\"og:title\" content=\"Cursos intensivos de Pro Tools nas f\u00e9rias de julho - PROCLASS\" \/>\n<meta property=\"og:description\" content=\"Acesse: www.proclass.com.br As f\u00e9rias de julho est\u00e3o chegando e, a cada dia, recebemos mais pedidos para cursos intensivos de Pro Tools. Ent\u00e3o essa \u00e9 a hora! Voc\u00ea que n\u00e3o tem tanto tempo para um curso regular, que \u00e9 de outro estado ou que quer resultados r\u00e1pidos, agora chegou a sua vez! Duas certifica\u00e7\u00f5es oficiais emContinue reading &rarr;\" \/>\n<meta property=\"og:url\" content=\"https:\/\/proclass.com.br\/home\/2011\/06\/cursos-intensivos-de-pro-tools-nas-ferias-de-julho\/\" \/>\n<meta property=\"og:site_name\" content=\"PROCLASS\" \/>\n<meta property=\"article:published_time\" content=\"2011-06-02T02:06:24+00:00\" \/>\n<meta property=\"article:modified_time\" content=\"2012-08-24T02:08:41+00:00\" \/>\n<meta property=\"og:image\" content=\"https:\/\/proclass.com.br\/home\/wp-content\/uploads\/2012\/08\/intensivo.jpg\" \/>\n\t<meta property=\"og:image:width\" content=\"316\" \/>\n\t<meta property=\"og:image:height\" content=\"100\" \/>\n\t<meta property=\"og:image:type\" content=\"image\/jpeg\" \/>\n<meta name=\"author\" content=\"ProClass Treinamentos\" \/>\n<meta name=\"twitter:card\" content=\"summary_large_image\" \/>\n<meta name=\"twitter:label1\" content=\"Escrito por\" \/>\n\t<meta name=\"twitter:data1\" content=\"ProClass Treinamentos\" \/>\n\t<meta name=\"twitter:label2\" content=\"Est. tempo de leitura\" \/>\n\t<meta name=\"twitter:data2\" content=\"1 minuto\" \/>\n<script type=\"application\/ld+json\" class=\"yoast-schema-graph\">{\"@context\":\"https:\/\/schema.org\",\"@graph\":[{\"@type\":\"Article\",\"@id\":\"https:\/\/proclass.com.br\/home\/2011\/06\/cursos-intensivos-de-pro-tools-nas-ferias-de-julho\/#article\",\"isPartOf\":{\"@id\":\"https:\/\/proclass.com.br\/home\/2011\/06\/cursos-intensivos-de-pro-tools-nas-ferias-de-julho\/\"},\"author\":{\"name\":\"ProClass Treinamentos\",\"@id\":\"https:\/\/proclass.com.br\/home\/#\/schema\/person\/f89e1eb93d5d32c0bb465c52f87f5a00\"},\"headline\":\"Cursos intensivos de Pro Tools nas f\u00e9rias de julho\",\"datePublished\":\"2011-06-02T02:06:24+00:00\",\"dateModified\":\"2012-08-24T02:08:41+00:00\",\"mainEntityOfPage\":{\"@id\":\"https:\/\/proclass.com.br\/home\/2011\/06\/cursos-intensivos-de-pro-tools-nas-ferias-de-julho\/\"},\"wordCount\":250,\"commentCount\":0,\"publisher\":{\"@id\":\"https:\/\/proclass.com.br\/home\/#organization\"},\"image\":{\"@id\":\"https:\/\/proclass.com.br\/home\/2011\/06\/cursos-intensivos-de-pro-tools-nas-ferias-de-julho\/#primaryimage\"},\"thumbnailUrl\":\"http:\/\/proclass.com.br\/home\/wp-content\/uploads\/2012\/08\/intensivo.jpg\",\"keywords\":[\"agora\",\"autom\",\"cada dia\",\"duas\",\"education program\",\"pro tool\",\"pro tools\",\"requisito\",\"tempo\",\"worldwide training\"],\"articleSection\":[\"Not\u00edcias\"],\"inLanguage\":\"pt-BR\",\"potentialAction\":[{\"@type\":\"CommentAction\",\"name\":\"Comment\",\"target\":[\"https:\/\/proclass.com.br\/home\/2011\/06\/cursos-intensivos-de-pro-tools-nas-ferias-de-julho\/#respond\"]}]},{\"@type\":\"WebPage\",\"@id\":\"https:\/\/proclass.com.br\/home\/2011\/06\/cursos-intensivos-de-pro-tools-nas-ferias-de-julho\/\",\"url\":\"https:\/\/proclass.com.br\/home\/2011\/06\/cursos-intensivos-de-pro-tools-nas-ferias-de-julho\/\",\"name\":\"Cursos intensivos de Pro Tools nas f\u00e9rias de julho - PROCLASS\",\"isPartOf\":{\"@id\":\"https:\/\/proclass.com.br\/home\/#website\"},\"primaryImageOfPage\":{\"@id\":\"https:\/\/proclass.com.br\/home\/2011\/06\/cursos-intensivos-de-pro-tools-nas-ferias-de-julho\/#primaryimage\"},\"image\":{\"@id\":\"https:\/\/proclass.com.br\/home\/2011\/06\/cursos-intensivos-de-pro-tools-nas-ferias-de-julho\/#primaryimage\"},\"thumbnailUrl\":\"http:\/\/proclass.com.br\/home\/wp-content\/uploads\/2012\/08\/intensivo.jpg\",\"datePublished\":\"2011-06-02T02:06:24+00:00\",\"dateModified\":\"2012-08-24T02:08:41+00:00\",\"breadcrumb\":{\"@id\":\"https:\/\/proclass.com.br\/home\/2011\/06\/cursos-intensivos-de-pro-tools-nas-ferias-de-julho\/#breadcrumb\"},\"inLanguage\":\"pt-BR\",\"potentialAction\":[{\"@type\":\"ReadAction\",\"target\":[\"https:\/\/proclass.com.br\/home\/2011\/06\/cursos-intensivos-de-pro-tools-nas-ferias-de-julho\/\"]}]},{\"@type\":\"ImageObject\",\"inLanguage\":\"pt-BR\",\"@id\":\"https:\/\/proclass.com.br\/home\/2011\/06\/cursos-intensivos-de-pro-tools-nas-ferias-de-julho\/#primaryimage\",\"url\":\"https:\/\/proclass.com.br\/home\/wp-content\/uploads\/2012\/08\/intensivo.jpg\",\"contentUrl\":\"https:\/\/proclass.com.br\/home\/wp-content\/uploads\/2012\/08\/intensivo.jpg\",\"width\":\"316\",\"height\":\"100\"},{\"@type\":\"BreadcrumbList\",\"@id\":\"https:\/\/proclass.com.br\/home\/2011\/06\/cursos-intensivos-de-pro-tools-nas-ferias-de-julho\/#breadcrumb\",\"itemListElement\":[{\"@type\":\"ListItem\",\"position\":1,\"name\":\"In\u00edcio\",\"item\":\"https:\/\/proclass.com.br\/home\/\"},{\"@type\":\"ListItem\",\"position\":2,\"name\":\"Cursos intensivos de Pro Tools nas f\u00e9rias de julho\"}]},{\"@type\":\"WebSite\",\"@id\":\"https:\/\/proclass.com.br\/home\/#website\",\"url\":\"https:\/\/proclass.com.br\/home\/\",\"name\":\"PROCLASS\",\"description\":\"CURSOS E TREINAMENTOS\",\"publisher\":{\"@id\":\"https:\/\/proclass.com.br\/home\/#organization\"},\"potentialAction\":[{\"@type\":\"SearchAction\",\"target\":{\"@type\":\"EntryPoint\",\"urlTemplate\":\"https:\/\/proclass.com.br\/home\/?s={search_term_string}\"},\"query-input\":{\"@type\":\"PropertyValueSpecification\",\"valueRequired\":true,\"valueName\":\"search_term_string\"}}],\"inLanguage\":\"pt-BR\"},{\"@type\":\"Organization\",\"@id\":\"https:\/\/proclass.com.br\/home\/#organization\",\"name\":\"PROCLASS\",\"url\":\"https:\/\/proclass.com.br\/home\/\",\"logo\":{\"@type\":\"ImageObject\",\"inLanguage\":\"pt-BR\",\"@id\":\"https:\/\/proclass.com.br\/home\/#\/schema\/logo\/image\/\",\"url\":\"https:\/\/proclass.com.br\/home\/wp-content\/uploads\/2023\/06\/CABECALHO-black_PROCLASS-2023.png\",\"contentUrl\":\"https:\/\/proclass.com.br\/home\/wp-content\/uploads\/2023\/06\/CABECALHO-black_PROCLASS-2023.png\",\"width\":2563,\"height\":911,\"caption\":\"PROCLASS\"},\"image\":{\"@id\":\"https:\/\/proclass.com.br\/home\/#\/schema\/logo\/image\/\"}},{\"@type\":\"Person\",\"@id\":\"https:\/\/proclass.com.br\/home\/#\/schema\/person\/f89e1eb93d5d32c0bb465c52f87f5a00\",\"name\":\"ProClass Treinamentos\",\"image\":{\"@type\":\"ImageObject\",\"inLanguage\":\"pt-BR\",\"@id\":\"https:\/\/proclass.com.br\/home\/#\/schema\/person\/image\/\",\"url\":\"https:\/\/secure.gravatar.com\/avatar\/3878d7a575c7ac355d2c778d5de04af08b7c5a7d9f19b2889f26cc7d80a6a832?s=96&d=blank&r=g\",\"contentUrl\":\"https:\/\/secure.gravatar.com\/avatar\/3878d7a575c7ac355d2c778d5de04af08b7c5a7d9f19b2889f26cc7d80a6a832?s=96&d=blank&r=g\",\"caption\":\"ProClass Treinamentos\"},\"url\":\"https:\/\/proclass.com.br\/home\/author\/proclass\/\"}]}<\/script>\n<!-- \/ Yoast SEO plugin. -->","yoast_head_json":{"title":"Cursos intensivos de Pro Tools nas f\u00e9rias de julho - PROCLASS","robots":{"index":"index","follow":"follow","max-snippet":"max-snippet:-1","max-image-preview":"max-image-preview:large","max-video-preview":"max-video-preview:-1"},"canonical":"https:\/\/proclass.com.br\/home\/2011\/06\/cursos-intensivos-de-pro-tools-nas-ferias-de-julho\/","og_locale":"pt_BR","og_type":"article","og_title":"Cursos intensivos de Pro Tools nas f\u00e9rias de julho - PROCLASS","og_description":"Acesse: www.proclass.com.br As f\u00e9rias de julho est\u00e3o chegando e, a cada dia, recebemos mais pedidos para cursos intensivos de Pro Tools. Ent\u00e3o essa \u00e9 a hora! Voc\u00ea que n\u00e3o tem tanto tempo para um curso regular, que \u00e9 de outro estado ou que quer resultados r\u00e1pidos, agora chegou a sua vez! Duas certifica\u00e7\u00f5es oficiais emContinue reading &rarr;","og_url":"https:\/\/proclass.com.br\/home\/2011\/06\/cursos-intensivos-de-pro-tools-nas-ferias-de-julho\/","og_site_name":"PROCLASS","article_published_time":"2011-06-02T02:06:24+00:00","article_modified_time":"2012-08-24T02:08:41+00:00","og_image":[{"width":316,"height":100,"url":"https:\/\/proclass.com.br\/home\/wp-content\/uploads\/2012\/08\/intensivo.jpg","type":"image\/jpeg"}],"author":"ProClass Treinamentos","twitter_card":"summary_large_image","twitter_misc":{"Escrito por":"ProClass Treinamentos","Est. tempo de leitura":"1 minuto"},"schema":{"@context":"https:\/\/schema.org","@graph":[{"@type":"Article","@id":"https:\/\/proclass.com.br\/home\/2011\/06\/cursos-intensivos-de-pro-tools-nas-ferias-de-julho\/#article","isPartOf":{"@id":"https:\/\/proclass.com.br\/home\/2011\/06\/cursos-intensivos-de-pro-tools-nas-ferias-de-julho\/"},"author":{"name":"ProClass Treinamentos","@id":"https:\/\/proclass.com.br\/home\/#\/schema\/person\/f89e1eb93d5d32c0bb465c52f87f5a00"},"headline":"Cursos intensivos de Pro Tools nas f\u00e9rias de julho","datePublished":"2011-06-02T02:06:24+00:00","dateModified":"2012-08-24T02:08:41+00:00","mainEntityOfPage":{"@id":"https:\/\/proclass.com.br\/home\/2011\/06\/cursos-intensivos-de-pro-tools-nas-ferias-de-julho\/"},"wordCount":250,"commentCount":0,"publisher":{"@id":"https:\/\/proclass.com.br\/home\/#organization"},"image":{"@id":"https:\/\/proclass.com.br\/home\/2011\/06\/cursos-intensivos-de-pro-tools-nas-ferias-de-julho\/#primaryimage"},"thumbnailUrl":"http:\/\/proclass.com.br\/home\/wp-content\/uploads\/2012\/08\/intensivo.jpg","keywords":["agora","autom","cada dia","duas","education program","pro tool","pro tools","requisito","tempo","worldwide training"],"articleSection":["Not\u00edcias"],"inLanguage":"pt-BR","potentialAction":[{"@type":"CommentAction","name":"Comment","target":["https:\/\/proclass.com.br\/home\/2011\/06\/cursos-intensivos-de-pro-tools-nas-ferias-de-julho\/#respond"]}]},{"@type":"WebPage","@id":"https:\/\/proclass.com.br\/home\/2011\/06\/cursos-intensivos-de-pro-tools-nas-ferias-de-julho\/","url":"https:\/\/proclass.com.br\/home\/2011\/06\/cursos-intensivos-de-pro-tools-nas-ferias-de-julho\/","name":"Cursos intensivos de Pro Tools nas f\u00e9rias de julho - PROCLASS","isPartOf":{"@id":"https:\/\/proclass.com.br\/home\/#website"},"primaryImageOfPage":{"@id":"https:\/\/proclass.com.br\/home\/2011\/06\/cursos-intensivos-de-pro-tools-nas-ferias-de-julho\/#primaryimage"},"image":{"@id":"https:\/\/proclass.com.br\/home\/2011\/06\/cursos-intensivos-de-pro-tools-nas-ferias-de-julho\/#primaryimage"},"thumbnailUrl":"http:\/\/proclass.com.br\/home\/wp-content\/uploads\/2012\/08\/intensivo.jpg","datePublished":"2011-06-02T02:06:24+00:00","dateModified":"2012-08-24T02:08:41+00:00","breadcrumb":{"@id":"https:\/\/proclass.com.br\/home\/2011\/06\/cursos-intensivos-de-pro-tools-nas-ferias-de-julho\/#breadcrumb"},"inLanguage":"pt-BR","potentialAction":[{"@type":"ReadAction","target":["https:\/\/proclass.com.br\/home\/2011\/06\/cursos-intensivos-de-pro-tools-nas-ferias-de-julho\/"]}]},{"@type":"ImageObject","inLanguage":"pt-BR","@id":"https:\/\/proclass.com.br\/home\/2011\/06\/cursos-intensivos-de-pro-tools-nas-ferias-de-julho\/#primaryimage","url":"https:\/\/proclass.com.br\/home\/wp-content\/uploads\/2012\/08\/intensivo.jpg","contentUrl":"https:\/\/proclass.com.br\/home\/wp-content\/uploads\/2012\/08\/intensivo.jpg","width":"316","height":"100"},{"@type":"BreadcrumbList","@id":"https:\/\/proclass.com.br\/home\/2011\/06\/cursos-intensivos-de-pro-tools-nas-ferias-de-julho\/#breadcrumb","itemListElement":[{"@type":"ListItem","position":1,"name":"In\u00edcio","item":"https:\/\/proclass.com.br\/home\/"},{"@type":"ListItem","position":2,"name":"Cursos intensivos de Pro Tools nas f\u00e9rias de julho"}]},{"@type":"WebSite","@id":"https:\/\/proclass.com.br\/home\/#website","url":"https:\/\/proclass.com.br\/home\/","name":"PROCLASS","description":"CURSOS E TREINAMENTOS","publisher":{"@id":"https:\/\/proclass.com.br\/home\/#organization"},"potentialAction":[{"@type":"SearchAction","target":{"@type":"EntryPoint","urlTemplate":"https:\/\/proclass.com.br\/home\/?s={search_term_string}"},"query-input":{"@type":"PropertyValueSpecification","valueRequired":true,"valueName":"search_term_string"}}],"inLanguage":"pt-BR"},{"@type":"Organization","@id":"https:\/\/proclass.com.br\/home\/#organization","name":"PROCLASS","url":"https:\/\/proclass.com.br\/home\/","logo":{"@type":"ImageObject","inLanguage":"pt-BR","@id":"https:\/\/proclass.com.br\/home\/#\/schema\/logo\/image\/","url":"https:\/\/proclass.com.br\/home\/wp-content\/uploads\/2023\/06\/CABECALHO-black_PROCLASS-2023.png","contentUrl":"https:\/\/proclass.com.br\/home\/wp-content\/uploads\/2023\/06\/CABECALHO-black_PROCLASS-2023.png","width":2563,"height":911,"caption":"PROCLASS"},"image":{"@id":"https:\/\/proclass.com.br\/home\/#\/schema\/logo\/image\/"}},{"@type":"Person","@id":"https:\/\/proclass.com.br\/home\/#\/schema\/person\/f89e1eb93d5d32c0bb465c52f87f5a00","name":"ProClass Treinamentos","image":{"@type":"ImageObject","inLanguage":"pt-BR","@id":"https:\/\/proclass.com.br\/home\/#\/schema\/person\/image\/","url":"https:\/\/secure.gravatar.com\/avatar\/3878d7a575c7ac355d2c778d5de04af08b7c5a7d9f19b2889f26cc7d80a6a832?s=96&d=blank&r=g","contentUrl":"https:\/\/secure.gravatar.com\/avatar\/3878d7a575c7ac355d2c778d5de04af08b7c5a7d9f19b2889f26cc7d80a6a832?s=96&d=blank&r=g","caption":"ProClass Treinamentos"},"url":"https:\/\/proclass.com.br\/home\/author\/proclass\/"}]}},"_links":{"self":[{"href":"https:\/\/proclass.com.br\/home\/wp-json\/wp\/v2\/posts\/956","targetHints":{"allow":["GET"]}}],"collection":[{"href":"https:\/\/proclass.com.br\/home\/wp-json\/wp\/v2\/posts"}],"about":[{"href":"https:\/\/proclass.com.br\/home\/wp-json\/wp\/v2\/types\/post"}],"author":[{"embeddable":true,"href":"https:\/\/proclass.com.br\/home\/wp-json\/wp\/v2\/users\/4"}],"replies":[{"embeddable":true,"href":"https:\/\/proclass.com.br\/home\/wp-json\/wp\/v2\/comments?post=956"}],"version-history":[{"count":0,"href":"https:\/\/proclass.com.br\/home\/wp-json\/wp\/v2\/posts\/956\/revisions"}],"wp:attachment":[{"href":"https:\/\/proclass.com.br\/home\/wp-json\/wp\/v2\/media?parent=956"}],"wp:term":[{"taxonomy":"category","embeddable":true,"href":"https:\/\/proclass.com.br\/home\/wp-json\/wp\/v2\/categories?post=956"},{"taxonomy":"post_tag","embeddable":true,"href":"https:\/\/proclass.com.br\/home\/wp-json\/wp\/v2\/tags?post=956"}],"curies":[{"name":"wp","href":"https:\/\/api.w.org\/{rel}","templated":true}]}}