{"id":952,"date":"2011-06-01T23:03:59","date_gmt":"2011-06-02T02:03:59","guid":{"rendered":"http:\/\/proclass.com.br\/home\/?p=952"},"modified":"2012-08-23T23:06:13","modified_gmt":"2012-08-24T02:06:13","slug":"mensagem-do-tecnico-de-p-a-e-produtor-jota-souza","status":"publish","type":"post","link":"https:\/\/proclass.com.br\/home\/2011\/06\/mensagem-do-tecnico-de-p-a-e-produtor-jota-souza\/","title":{"rendered":"Mensagem do t\u00e9cnico de P.A. e produtor Jota Souza"},"content":{"rendered":"<div style=\"text-align: justify;\">Na nossa \u00faltima turma de Pro Tools 101, tivemos a presen\u00e7a de Jota Souza. Experiente t\u00e9cnico de P.A. e produtor, Jota nos enviou o seguinte depoimento sobre nossa escola:J\u00e1 trabalhei como t\u00e9cnico de P.A para v\u00e1rios art\u00edstas conhecidos, como Toninho Horta, Ed Mota, Jota Quest e Odete Ernest Dias (o trabalho que achei mais interesssante que j\u00e1 fiz) entre outros.<!--more--><\/p>\n<\/div>\n<p style=\"text-align: justify;\">Quando comecei a trabalhar como produtor, comprei uma placa de som que trabalha com o Pro Tools e tamb\u00e9m senti a necessidade de me comunicar mais tecnicamente com a equipe. Foi a\u00ed que resolvi fazer um curso de Pro Tools. Entrei em contato com a Ground Control e descobri que eles n\u00e3o estavam mais oferecendo os cursos de Pro Tools. Eles ent\u00e3o encaminharam o meu e-mail para a Proclass. Logo ap\u00f3s, voc\u00eas me enviaram um e-mail me convidando para conhecer a escola.<\/p>\n<p>O contato que eu tinha com o Pro Tools antes de fazer o curso era superficial e di\u00e1rio, mas, como n\u00e3o tinha o interesse em aprender, ficava s\u00f3 no \u201crec\u201d e \u201cplay\u201d.<\/p>\n<p style=\"text-align: justify;\">Eu percebi uma mudan\u00e7a muito grande depois que comecei a fazer o curso de Pro Tools no m\u00f3dulo 101. Voc\u00ea come\u00e7a a entender o software, o que ele realmente faz e o que voc\u00ea tem que fazer para o seu desempenho melhorar utilizando o software. Fazer o curso me aproximou das necessidades do mercado de hoje al\u00e9m de poder otimizar a produ\u00e7\u00e3o com agilidade e diminuir os custos, porque estarei fazendo as coisas com uma velocidade maior.<\/p>\n<p><img fetchpriority=\"high\" decoding=\"async\" class=\"alignleft size-full wp-image-953\" title=\"Jota souza\" src=\"http:\/\/proclass.com.br\/home\/wp-content\/uploads\/2012\/08\/Jota-souza.jpg\" alt=\"\" width=\"330\" height=\"330\" srcset=\"https:\/\/proclass.com.br\/home\/wp-content\/uploads\/2012\/08\/Jota-souza.jpg 330w, https:\/\/proclass.com.br\/home\/wp-content\/uploads\/2012\/08\/Jota-souza-150x150.jpg 150w, https:\/\/proclass.com.br\/home\/wp-content\/uploads\/2012\/08\/Jota-souza-300x300.jpg 300w\" sizes=\"(max-width: 330px) 100vw, 330px\" \/>O fato de a ProClass ser uma empresa que d\u00e1 a certifica\u00e7\u00e3o oficial internacional da Avid\/digidesign faz toda a diferen\u00e7a! A Digidesign \u00e9 a empresa mais reconhecida do mercado de \u00e1udio e ter uma certifica\u00e7\u00e3o da Digidesign \u00e9 o que faz a diferen\u00e7a, voc\u00ea abre os caminhos para trabalhar com o Pro Tools (o que no momento n\u00e3o \u00e9 o meu caso, mas pode ser o caso de muitas pessoas).<\/p>\n<p style=\"text-align: justify;\">Gostei muito da Proclass. \u00c9 uma empresa bem estruturada, a intera\u00e7\u00e3o do professor com o aluno usando o tel\u00e3o foi uma \u00f3tima ideia! Espero que voc\u00eas em breve possam dar os outros m\u00f3dulos do Pro Tools como o n\u00edvel 201 e 210 e se aparecer um curso de Reason pode contar com a minha presen\u00e7a!<\/p>\n","protected":false},"excerpt":{"rendered":"<p>Na nossa \u00faltima turma de Pro Tools 101, tivemos a presen\u00e7a de Jota Souza. Experiente t\u00e9cnico de P.A. e produtor, Jota nos enviou o seguinte depoimento sobre nossa escola:J\u00e1 trabalhei como t\u00e9cnico de P.A para v\u00e1rios art\u00edstas conhecidos, como Toninho Horta, Ed Mota, Jota Quest e Odete Ernest Dias (o trabalho que achei mais interesssanteContinue reading &rarr;<\/p>\n","protected":false},"author":4,"featured_media":945,"comment_status":"open","ping_status":"open","sticky":false,"template":"","format":"standard","meta":{"footnotes":""},"categories":[10,13],"tags":[87,89,125,88,139,137,143,141,142,140],"class_list":["post-952","post","type-post","status-publish","format-standard","has-post-thumbnail","hentry","category-depoimentos","category-noticias","tag-autom","tag-digidesign","tag-e-mail","tag-ground-control","tag-meu-caso","tag-os-caminhos","tag-presen","tag-produ","tag-que-voc","tag-souza","has-thumb"],"yoast_head":"<!-- This site is optimized with the Yoast SEO plugin v26.9 - https:\/\/yoast.com\/product\/yoast-seo-wordpress\/ -->\n<title>Mensagem do t\u00e9cnico de P.A. e produtor Jota Souza - PROCLASS<\/title>\n<meta name=\"robots\" content=\"index, follow, max-snippet:-1, max-image-preview:large, max-video-preview:-1\" \/>\n<link rel=\"canonical\" href=\"https:\/\/proclass.com.br\/home\/2011\/06\/mensagem-do-tecnico-de-p-a-e-produtor-jota-souza\/\" \/>\n<meta property=\"og:locale\" content=\"pt_BR\" \/>\n<meta property=\"og:type\" content=\"article\" \/>\n<meta property=\"og:title\" content=\"Mensagem do t\u00e9cnico de P.A. e produtor Jota Souza - PROCLASS\" \/>\n<meta property=\"og:description\" content=\"Na nossa \u00faltima turma de Pro Tools 101, tivemos a presen\u00e7a de Jota Souza. Experiente t\u00e9cnico de P.A. e produtor, Jota nos enviou o seguinte depoimento sobre nossa escola:J\u00e1 trabalhei como t\u00e9cnico de P.A para v\u00e1rios art\u00edstas conhecidos, como Toninho Horta, Ed Mota, Jota Quest e Odete Ernest Dias (o trabalho que achei mais interesssanteContinue reading &rarr;\" \/>\n<meta property=\"og:url\" content=\"https:\/\/proclass.com.br\/home\/2011\/06\/mensagem-do-tecnico-de-p-a-e-produtor-jota-souza\/\" \/>\n<meta property=\"og:site_name\" content=\"PROCLASS\" \/>\n<meta property=\"article:published_time\" content=\"2011-06-02T02:03:59+00:00\" \/>\n<meta property=\"article:modified_time\" content=\"2012-08-24T02:06:13+00:00\" \/>\n<meta property=\"og:image\" content=\"https:\/\/proclass.com.br\/home\/wp-content\/uploads\/2012\/08\/depoimentos-240x163.jpg\" \/>\n\t<meta property=\"og:image:width\" content=\"240\" \/>\n\t<meta property=\"og:image:height\" content=\"163\" \/>\n\t<meta property=\"og:image:type\" content=\"image\/jpeg\" \/>\n<meta name=\"author\" content=\"ProClass Treinamentos\" \/>\n<meta name=\"twitter:card\" content=\"summary_large_image\" \/>\n<meta name=\"twitter:label1\" content=\"Escrito por\" \/>\n\t<meta name=\"twitter:data1\" content=\"ProClass Treinamentos\" \/>\n\t<meta name=\"twitter:label2\" content=\"Est. tempo de leitura\" \/>\n\t<meta name=\"twitter:data2\" content=\"2 minutos\" \/>\n<script type=\"application\/ld+json\" class=\"yoast-schema-graph\">{\"@context\":\"https:\/\/schema.org\",\"@graph\":[{\"@type\":\"Article\",\"@id\":\"https:\/\/proclass.com.br\/home\/2011\/06\/mensagem-do-tecnico-de-p-a-e-produtor-jota-souza\/#article\",\"isPartOf\":{\"@id\":\"https:\/\/proclass.com.br\/home\/2011\/06\/mensagem-do-tecnico-de-p-a-e-produtor-jota-souza\/\"},\"author\":{\"name\":\"ProClass Treinamentos\",\"@id\":\"https:\/\/proclass.com.br\/home\/#\/schema\/person\/f89e1eb93d5d32c0bb465c52f87f5a00\"},\"headline\":\"Mensagem do t\u00e9cnico de P.A. e produtor Jota Souza\",\"datePublished\":\"2011-06-02T02:03:59+00:00\",\"dateModified\":\"2012-08-24T02:06:13+00:00\",\"mainEntityOfPage\":{\"@id\":\"https:\/\/proclass.com.br\/home\/2011\/06\/mensagem-do-tecnico-de-p-a-e-produtor-jota-souza\/\"},\"wordCount\":411,\"commentCount\":0,\"publisher\":{\"@id\":\"https:\/\/proclass.com.br\/home\/#organization\"},\"image\":{\"@id\":\"https:\/\/proclass.com.br\/home\/2011\/06\/mensagem-do-tecnico-de-p-a-e-produtor-jota-souza\/#primaryimage\"},\"thumbnailUrl\":\"https:\/\/proclass.com.br\/home\/wp-content\/uploads\/2012\/08\/depoimentos-240x163.jpg\",\"keywords\":[\"autom\",\"digidesign\",\"e mail\",\"ground control\",\"meu caso\",\"os caminhos\",\"presen\",\"produ\",\"que voc\",\"souza\"],\"articleSection\":[\"Depoimentos\",\"Not\u00edcias\"],\"inLanguage\":\"pt-BR\",\"potentialAction\":[{\"@type\":\"CommentAction\",\"name\":\"Comment\",\"target\":[\"https:\/\/proclass.com.br\/home\/2011\/06\/mensagem-do-tecnico-de-p-a-e-produtor-jota-souza\/#respond\"]}]},{\"@type\":\"WebPage\",\"@id\":\"https:\/\/proclass.com.br\/home\/2011\/06\/mensagem-do-tecnico-de-p-a-e-produtor-jota-souza\/\",\"url\":\"https:\/\/proclass.com.br\/home\/2011\/06\/mensagem-do-tecnico-de-p-a-e-produtor-jota-souza\/\",\"name\":\"Mensagem do t\u00e9cnico de P.A. e produtor Jota Souza - PROCLASS\",\"isPartOf\":{\"@id\":\"https:\/\/proclass.com.br\/home\/#website\"},\"primaryImageOfPage\":{\"@id\":\"https:\/\/proclass.com.br\/home\/2011\/06\/mensagem-do-tecnico-de-p-a-e-produtor-jota-souza\/#primaryimage\"},\"image\":{\"@id\":\"https:\/\/proclass.com.br\/home\/2011\/06\/mensagem-do-tecnico-de-p-a-e-produtor-jota-souza\/#primaryimage\"},\"thumbnailUrl\":\"https:\/\/proclass.com.br\/home\/wp-content\/uploads\/2012\/08\/depoimentos-240x163.jpg\",\"datePublished\":\"2011-06-02T02:03:59+00:00\",\"dateModified\":\"2012-08-24T02:06:13+00:00\",\"breadcrumb\":{\"@id\":\"https:\/\/proclass.com.br\/home\/2011\/06\/mensagem-do-tecnico-de-p-a-e-produtor-jota-souza\/#breadcrumb\"},\"inLanguage\":\"pt-BR\",\"potentialAction\":[{\"@type\":\"ReadAction\",\"target\":[\"https:\/\/proclass.com.br\/home\/2011\/06\/mensagem-do-tecnico-de-p-a-e-produtor-jota-souza\/\"]}]},{\"@type\":\"ImageObject\",\"inLanguage\":\"pt-BR\",\"@id\":\"https:\/\/proclass.com.br\/home\/2011\/06\/mensagem-do-tecnico-de-p-a-e-produtor-jota-souza\/#primaryimage\",\"url\":\"https:\/\/proclass.com.br\/home\/wp-content\/uploads\/2012\/08\/depoimentos-240x163.jpg\",\"contentUrl\":\"https:\/\/proclass.com.br\/home\/wp-content\/uploads\/2012\/08\/depoimentos-240x163.jpg\",\"width\":\"240\",\"height\":\"163\"},{\"@type\":\"BreadcrumbList\",\"@id\":\"https:\/\/proclass.com.br\/home\/2011\/06\/mensagem-do-tecnico-de-p-a-e-produtor-jota-souza\/#breadcrumb\",\"itemListElement\":[{\"@type\":\"ListItem\",\"position\":1,\"name\":\"In\u00edcio\",\"item\":\"https:\/\/proclass.com.br\/home\/\"},{\"@type\":\"ListItem\",\"position\":2,\"name\":\"Mensagem do t\u00e9cnico de P.A. e produtor Jota Souza\"}]},{\"@type\":\"WebSite\",\"@id\":\"https:\/\/proclass.com.br\/home\/#website\",\"url\":\"https:\/\/proclass.com.br\/home\/\",\"name\":\"PROCLASS\",\"description\":\"CURSOS E TREINAMENTOS\",\"publisher\":{\"@id\":\"https:\/\/proclass.com.br\/home\/#organization\"},\"potentialAction\":[{\"@type\":\"SearchAction\",\"target\":{\"@type\":\"EntryPoint\",\"urlTemplate\":\"https:\/\/proclass.com.br\/home\/?s={search_term_string}\"},\"query-input\":{\"@type\":\"PropertyValueSpecification\",\"valueRequired\":true,\"valueName\":\"search_term_string\"}}],\"inLanguage\":\"pt-BR\"},{\"@type\":\"Organization\",\"@id\":\"https:\/\/proclass.com.br\/home\/#organization\",\"name\":\"PROCLASS\",\"url\":\"https:\/\/proclass.com.br\/home\/\",\"logo\":{\"@type\":\"ImageObject\",\"inLanguage\":\"pt-BR\",\"@id\":\"https:\/\/proclass.com.br\/home\/#\/schema\/logo\/image\/\",\"url\":\"https:\/\/proclass.com.br\/home\/wp-content\/uploads\/2023\/06\/CABECALHO-black_PROCLASS-2023.png\",\"contentUrl\":\"https:\/\/proclass.com.br\/home\/wp-content\/uploads\/2023\/06\/CABECALHO-black_PROCLASS-2023.png\",\"width\":2563,\"height\":911,\"caption\":\"PROCLASS\"},\"image\":{\"@id\":\"https:\/\/proclass.com.br\/home\/#\/schema\/logo\/image\/\"}},{\"@type\":\"Person\",\"@id\":\"https:\/\/proclass.com.br\/home\/#\/schema\/person\/f89e1eb93d5d32c0bb465c52f87f5a00\",\"name\":\"ProClass Treinamentos\",\"image\":{\"@type\":\"ImageObject\",\"inLanguage\":\"pt-BR\",\"@id\":\"https:\/\/proclass.com.br\/home\/#\/schema\/person\/image\/\",\"url\":\"https:\/\/secure.gravatar.com\/avatar\/3878d7a575c7ac355d2c778d5de04af08b7c5a7d9f19b2889f26cc7d80a6a832?s=96&d=blank&r=g\",\"contentUrl\":\"https:\/\/secure.gravatar.com\/avatar\/3878d7a575c7ac355d2c778d5de04af08b7c5a7d9f19b2889f26cc7d80a6a832?s=96&d=blank&r=g\",\"caption\":\"ProClass Treinamentos\"},\"url\":\"https:\/\/proclass.com.br\/home\/author\/proclass\/\"}]}<\/script>\n<!-- \/ Yoast SEO plugin. -->","yoast_head_json":{"title":"Mensagem do t\u00e9cnico de P.A. e produtor Jota Souza - PROCLASS","robots":{"index":"index","follow":"follow","max-snippet":"max-snippet:-1","max-image-preview":"max-image-preview:large","max-video-preview":"max-video-preview:-1"},"canonical":"https:\/\/proclass.com.br\/home\/2011\/06\/mensagem-do-tecnico-de-p-a-e-produtor-jota-souza\/","og_locale":"pt_BR","og_type":"article","og_title":"Mensagem do t\u00e9cnico de P.A. e produtor Jota Souza - PROCLASS","og_description":"Na nossa \u00faltima turma de Pro Tools 101, tivemos a presen\u00e7a de Jota Souza. Experiente t\u00e9cnico de P.A. e produtor, Jota nos enviou o seguinte depoimento sobre nossa escola:J\u00e1 trabalhei como t\u00e9cnico de P.A para v\u00e1rios art\u00edstas conhecidos, como Toninho Horta, Ed Mota, Jota Quest e Odete Ernest Dias (o trabalho que achei mais interesssanteContinue reading &rarr;","og_url":"https:\/\/proclass.com.br\/home\/2011\/06\/mensagem-do-tecnico-de-p-a-e-produtor-jota-souza\/","og_site_name":"PROCLASS","article_published_time":"2011-06-02T02:03:59+00:00","article_modified_time":"2012-08-24T02:06:13+00:00","og_image":[{"width":240,"height":163,"url":"https:\/\/proclass.com.br\/home\/wp-content\/uploads\/2012\/08\/depoimentos-240x163.jpg","type":"image\/jpeg"}],"author":"ProClass Treinamentos","twitter_card":"summary_large_image","twitter_misc":{"Escrito por":"ProClass Treinamentos","Est. tempo de leitura":"2 minutos"},"schema":{"@context":"https:\/\/schema.org","@graph":[{"@type":"Article","@id":"https:\/\/proclass.com.br\/home\/2011\/06\/mensagem-do-tecnico-de-p-a-e-produtor-jota-souza\/#article","isPartOf":{"@id":"https:\/\/proclass.com.br\/home\/2011\/06\/mensagem-do-tecnico-de-p-a-e-produtor-jota-souza\/"},"author":{"name":"ProClass Treinamentos","@id":"https:\/\/proclass.com.br\/home\/#\/schema\/person\/f89e1eb93d5d32c0bb465c52f87f5a00"},"headline":"Mensagem do t\u00e9cnico de P.A. e produtor Jota Souza","datePublished":"2011-06-02T02:03:59+00:00","dateModified":"2012-08-24T02:06:13+00:00","mainEntityOfPage":{"@id":"https:\/\/proclass.com.br\/home\/2011\/06\/mensagem-do-tecnico-de-p-a-e-produtor-jota-souza\/"},"wordCount":411,"commentCount":0,"publisher":{"@id":"https:\/\/proclass.com.br\/home\/#organization"},"image":{"@id":"https:\/\/proclass.com.br\/home\/2011\/06\/mensagem-do-tecnico-de-p-a-e-produtor-jota-souza\/#primaryimage"},"thumbnailUrl":"https:\/\/proclass.com.br\/home\/wp-content\/uploads\/2012\/08\/depoimentos-240x163.jpg","keywords":["autom","digidesign","e mail","ground control","meu caso","os caminhos","presen","produ","que voc","souza"],"articleSection":["Depoimentos","Not\u00edcias"],"inLanguage":"pt-BR","potentialAction":[{"@type":"CommentAction","name":"Comment","target":["https:\/\/proclass.com.br\/home\/2011\/06\/mensagem-do-tecnico-de-p-a-e-produtor-jota-souza\/#respond"]}]},{"@type":"WebPage","@id":"https:\/\/proclass.com.br\/home\/2011\/06\/mensagem-do-tecnico-de-p-a-e-produtor-jota-souza\/","url":"https:\/\/proclass.com.br\/home\/2011\/06\/mensagem-do-tecnico-de-p-a-e-produtor-jota-souza\/","name":"Mensagem do t\u00e9cnico de P.A. e produtor Jota Souza - PROCLASS","isPartOf":{"@id":"https:\/\/proclass.com.br\/home\/#website"},"primaryImageOfPage":{"@id":"https:\/\/proclass.com.br\/home\/2011\/06\/mensagem-do-tecnico-de-p-a-e-produtor-jota-souza\/#primaryimage"},"image":{"@id":"https:\/\/proclass.com.br\/home\/2011\/06\/mensagem-do-tecnico-de-p-a-e-produtor-jota-souza\/#primaryimage"},"thumbnailUrl":"https:\/\/proclass.com.br\/home\/wp-content\/uploads\/2012\/08\/depoimentos-240x163.jpg","datePublished":"2011-06-02T02:03:59+00:00","dateModified":"2012-08-24T02:06:13+00:00","breadcrumb":{"@id":"https:\/\/proclass.com.br\/home\/2011\/06\/mensagem-do-tecnico-de-p-a-e-produtor-jota-souza\/#breadcrumb"},"inLanguage":"pt-BR","potentialAction":[{"@type":"ReadAction","target":["https:\/\/proclass.com.br\/home\/2011\/06\/mensagem-do-tecnico-de-p-a-e-produtor-jota-souza\/"]}]},{"@type":"ImageObject","inLanguage":"pt-BR","@id":"https:\/\/proclass.com.br\/home\/2011\/06\/mensagem-do-tecnico-de-p-a-e-produtor-jota-souza\/#primaryimage","url":"https:\/\/proclass.com.br\/home\/wp-content\/uploads\/2012\/08\/depoimentos-240x163.jpg","contentUrl":"https:\/\/proclass.com.br\/home\/wp-content\/uploads\/2012\/08\/depoimentos-240x163.jpg","width":"240","height":"163"},{"@type":"BreadcrumbList","@id":"https:\/\/proclass.com.br\/home\/2011\/06\/mensagem-do-tecnico-de-p-a-e-produtor-jota-souza\/#breadcrumb","itemListElement":[{"@type":"ListItem","position":1,"name":"In\u00edcio","item":"https:\/\/proclass.com.br\/home\/"},{"@type":"ListItem","position":2,"name":"Mensagem do t\u00e9cnico de P.A. e produtor Jota Souza"}]},{"@type":"WebSite","@id":"https:\/\/proclass.com.br\/home\/#website","url":"https:\/\/proclass.com.br\/home\/","name":"PROCLASS","description":"CURSOS E TREINAMENTOS","publisher":{"@id":"https:\/\/proclass.com.br\/home\/#organization"},"potentialAction":[{"@type":"SearchAction","target":{"@type":"EntryPoint","urlTemplate":"https:\/\/proclass.com.br\/home\/?s={search_term_string}"},"query-input":{"@type":"PropertyValueSpecification","valueRequired":true,"valueName":"search_term_string"}}],"inLanguage":"pt-BR"},{"@type":"Organization","@id":"https:\/\/proclass.com.br\/home\/#organization","name":"PROCLASS","url":"https:\/\/proclass.com.br\/home\/","logo":{"@type":"ImageObject","inLanguage":"pt-BR","@id":"https:\/\/proclass.com.br\/home\/#\/schema\/logo\/image\/","url":"https:\/\/proclass.com.br\/home\/wp-content\/uploads\/2023\/06\/CABECALHO-black_PROCLASS-2023.png","contentUrl":"https:\/\/proclass.com.br\/home\/wp-content\/uploads\/2023\/06\/CABECALHO-black_PROCLASS-2023.png","width":2563,"height":911,"caption":"PROCLASS"},"image":{"@id":"https:\/\/proclass.com.br\/home\/#\/schema\/logo\/image\/"}},{"@type":"Person","@id":"https:\/\/proclass.com.br\/home\/#\/schema\/person\/f89e1eb93d5d32c0bb465c52f87f5a00","name":"ProClass Treinamentos","image":{"@type":"ImageObject","inLanguage":"pt-BR","@id":"https:\/\/proclass.com.br\/home\/#\/schema\/person\/image\/","url":"https:\/\/secure.gravatar.com\/avatar\/3878d7a575c7ac355d2c778d5de04af08b7c5a7d9f19b2889f26cc7d80a6a832?s=96&d=blank&r=g","contentUrl":"https:\/\/secure.gravatar.com\/avatar\/3878d7a575c7ac355d2c778d5de04af08b7c5a7d9f19b2889f26cc7d80a6a832?s=96&d=blank&r=g","caption":"ProClass Treinamentos"},"url":"https:\/\/proclass.com.br\/home\/author\/proclass\/"}]}},"_links":{"self":[{"href":"https:\/\/proclass.com.br\/home\/wp-json\/wp\/v2\/posts\/952","targetHints":{"allow":["GET"]}}],"collection":[{"href":"https:\/\/proclass.com.br\/home\/wp-json\/wp\/v2\/posts"}],"about":[{"href":"https:\/\/proclass.com.br\/home\/wp-json\/wp\/v2\/types\/post"}],"author":[{"embeddable":true,"href":"https:\/\/proclass.com.br\/home\/wp-json\/wp\/v2\/users\/4"}],"replies":[{"embeddable":true,"href":"https:\/\/proclass.com.br\/home\/wp-json\/wp\/v2\/comments?post=952"}],"version-history":[{"count":0,"href":"https:\/\/proclass.com.br\/home\/wp-json\/wp\/v2\/posts\/952\/revisions"}],"wp:featuredmedia":[{"embeddable":true,"href":"https:\/\/proclass.com.br\/home\/wp-json\/wp\/v2\/media\/945"}],"wp:attachment":[{"href":"https:\/\/proclass.com.br\/home\/wp-json\/wp\/v2\/media?parent=952"}],"wp:term":[{"taxonomy":"category","embeddable":true,"href":"https:\/\/proclass.com.br\/home\/wp-json\/wp\/v2\/categories?post=952"},{"taxonomy":"post_tag","embeddable":true,"href":"https:\/\/proclass.com.br\/home\/wp-json\/wp\/v2\/tags?post=952"}],"curies":[{"name":"wp","href":"https:\/\/api.w.org\/{rel}","templated":true}]}}