{"id":947,"date":"2011-04-09T23:00:17","date_gmt":"2011-04-10T02:00:17","guid":{"rendered":"http:\/\/proclass.com.br\/home\/?p=947"},"modified":"2012-08-23T23:02:38","modified_gmt":"2012-08-24T02:02:38","slug":"depoimento-do-aluno-julio-oliveira","status":"publish","type":"post","link":"https:\/\/proclass.com.br\/home\/2011\/04\/depoimento-do-aluno-julio-oliveira\/","title":{"rendered":"Depoimento do aluno J\u00falio Oliveira"},"content":{"rendered":"<p style=\"text-align: justify;\">Acabamos de receber mais um depoimento de um aluno que acaba de se formar no curso Pro Tools 110. Sua experi\u00eancia internacional no Musicians Institute (MI) na California pode dar uma nova perspectiva sobre a infra-estrutura e os cursos oferecidos aqui na ProClass.<\/p>\n<p style=\"text-align: justify;\">No meio do ano passado, estive em Los Angeles, Calif\u00f3rnia, nos Estados Unidos, para fazer um summer shot (curso de ver\u00e3o) no Musicians Institute. Durante o curso fiquei impressionado com a infra-estrutura do curso. Al\u00e9m de um \u00f3timo professor lecionando, eram cerca de 20 computadores (Mac\u2019s) na sala de aula, cada um equipado com uma Mbox 2, controlador M-Audio e fones. A pontualidade e a dedica\u00e7\u00e3o do instrutor tamb\u00e9m eram de impressionar, quando comparados aos professores que eu tinha aqui no Brasil.<!--more--><\/p>\n<p style=\"text-align: justify;\">Quando voltei para o pa\u00eds, pensei que n\u00e3o acharia um curso t\u00e3o bom e com uma estrutura t\u00e3o boa quanto ao do MI. J\u00e1 conhecia a Ground Control, na Urca, mas s\u00f3 por nome, e tinha interesse de fazer o curso, mas n\u00e3o fazia id\u00e9ia da estrutura do curso.<\/p>\n<p style=\"text-align: justify;\">Entrei na Proclass com o intuito de come\u00e7ar a me especializar em Pro Tools. Tive uma grande surpresa. Toda a estrutura da Proclass, desde a recep\u00e7\u00e3o at\u00e9 as aulas pr\u00f3priamente ditas eram MUITO boas!<\/p>\n<p style=\"text-align: justify;\">O instrutor com quem tive aula, Julius, era exelente, sempre pontual, um profissional experiente, que j\u00e1 atua na \u00e1rea h\u00e1 um bom tempo, que sabia tudo o que tava falando, respondia todas \u00e0s perguntas, de todos os alunos, pontual, e n\u00e3o fazia as aulas serem massantes e densas! As aulas sempre foram muito interessantes e proveitosas!<\/p>\n<p style=\"text-align: justify;\">A secret\u00e1ria Amanda\u2026 \u00d3tima pessoa, muito respons\u00e1vel com tudo e dedicada, mandando recados por e-mail, organizando toda aquela estrutura da Proclass, fazendo com que tudo fluisse muito bem! Al\u00e9m de fazer um \u00f3timo cafe nos intervalos das aulas\u2026 hehehe.<\/p>\n<p style=\"text-align: justify;\">A ger\u00eancia tamb\u00e9m, por Rodrigo e Filipe\u2026 Impec\u00e1vel.<\/p>\n<p style=\"text-align: justify;\"><img fetchpriority=\"high\" decoding=\"async\" class=\"alignleft size-full wp-image-948\" title=\"julio oliveira\" src=\"http:\/\/proclass.com.br\/home\/wp-content\/uploads\/2012\/08\/julio-oliveira.png\" alt=\"\" width=\"320\" height=\"304\" srcset=\"https:\/\/proclass.com.br\/home\/wp-content\/uploads\/2012\/08\/julio-oliveira.png 320w, https:\/\/proclass.com.br\/home\/wp-content\/uploads\/2012\/08\/julio-oliveira-300x285.png 300w\" sizes=\"(max-width: 320px) 100vw, 320px\" \/>A infra-estrutura do curso\u2026 impressionantemente IGUAL ao do MI, diria at\u00e9 melhor!! Um Mac por pessoa, Mbox 2, controladores M-Audio, fones de ouvido, projetor e tel\u00e3o para o instrutor utilizar nas aulas!! Sala muito confortavel, ar condicionado, dimmer para os alunos terem uma melhor vizualiza\u00e7\u00e3o do conte\u00fado no tel\u00e3o. Enfim, poderia resumir a Proclass em um ambiente muito confort\u00e1vel, descontra\u00eddo e ao mesmo tempo s\u00e9rio.<\/p>\n<p style=\"text-align: justify;\">Eu entrei com o intuito de come\u00e7ar a entender melhor o Pro Tools, e acabei saindo sabendo praticamente TUDO do software! Com certeza \u00e9 o melhor investimento para quem quer se tornar um profissional na \u00e1rea!!!!<\/p>\n<p style=\"text-align: justify;\">de: J\u00falio Oliveira<br \/>\npara: ProClass<\/p>\n","protected":false},"excerpt":{"rendered":"<p>Acabamos de receber mais um depoimento de um aluno que acaba de se formar no curso Pro Tools 110. Sua experi\u00eancia internacional no Musicians Institute (MI) na California pode dar uma nova perspectiva sobre a infra-estrutura e os cursos oferecidos aqui na ProClass. No meio do ano passado, estive em Los Angeles, Calif\u00f3rnia, nos EstadosContinue reading &rarr;<\/p>\n","protected":false},"author":4,"featured_media":945,"comment_status":"open","ping_status":"open","sticky":false,"template":"","format":"standard","meta":{"footnotes":""},"categories":[1],"tags":[80,100,87,126,125,123,120,117,124,119],"class_list":["post-947","post","type-post","status-publish","format-standard","has-post-thumbnail","hentry","category-novidades","tag-aluno","tag-aulas","tag-autom","tag-computadores","tag-e-mail","tag-eram","tag-exelente","tag-mbox-2","tag-musicians-institute","tag-serem","has-thumb"],"yoast_head":"<!-- This site is optimized with the Yoast SEO plugin v26.9 - https:\/\/yoast.com\/product\/yoast-seo-wordpress\/ -->\n<title>Depoimento do aluno J\u00falio Oliveira - PROCLASS<\/title>\n<meta name=\"robots\" content=\"index, follow, max-snippet:-1, max-image-preview:large, max-video-preview:-1\" \/>\n<link rel=\"canonical\" href=\"https:\/\/proclass.com.br\/home\/2011\/04\/depoimento-do-aluno-julio-oliveira\/\" \/>\n<meta property=\"og:locale\" content=\"pt_BR\" \/>\n<meta property=\"og:type\" content=\"article\" \/>\n<meta property=\"og:title\" content=\"Depoimento do aluno J\u00falio Oliveira - PROCLASS\" \/>\n<meta property=\"og:description\" content=\"Acabamos de receber mais um depoimento de um aluno que acaba de se formar no curso Pro Tools 110. Sua experi\u00eancia internacional no Musicians Institute (MI) na California pode dar uma nova perspectiva sobre a infra-estrutura e os cursos oferecidos aqui na ProClass. No meio do ano passado, estive em Los Angeles, Calif\u00f3rnia, nos EstadosContinue reading &rarr;\" \/>\n<meta property=\"og:url\" content=\"https:\/\/proclass.com.br\/home\/2011\/04\/depoimento-do-aluno-julio-oliveira\/\" \/>\n<meta property=\"og:site_name\" content=\"PROCLASS\" \/>\n<meta property=\"article:published_time\" content=\"2011-04-10T02:00:17+00:00\" \/>\n<meta property=\"article:modified_time\" content=\"2012-08-24T02:02:38+00:00\" \/>\n<meta property=\"og:image\" content=\"https:\/\/proclass.com.br\/home\/wp-content\/uploads\/2012\/08\/depoimentos-240x163.jpg\" \/>\n\t<meta property=\"og:image:width\" content=\"240\" \/>\n\t<meta property=\"og:image:height\" content=\"163\" \/>\n\t<meta property=\"og:image:type\" content=\"image\/jpeg\" \/>\n<meta name=\"author\" content=\"ProClass Treinamentos\" \/>\n<meta name=\"twitter:card\" content=\"summary_large_image\" \/>\n<meta name=\"twitter:label1\" content=\"Escrito por\" \/>\n\t<meta name=\"twitter:data1\" content=\"ProClass Treinamentos\" \/>\n\t<meta name=\"twitter:label2\" content=\"Est. tempo de leitura\" \/>\n\t<meta name=\"twitter:data2\" content=\"2 minutos\" \/>\n<script type=\"application\/ld+json\" class=\"yoast-schema-graph\">{\"@context\":\"https:\/\/schema.org\",\"@graph\":[{\"@type\":\"Article\",\"@id\":\"https:\/\/proclass.com.br\/home\/2011\/04\/depoimento-do-aluno-julio-oliveira\/#article\",\"isPartOf\":{\"@id\":\"https:\/\/proclass.com.br\/home\/2011\/04\/depoimento-do-aluno-julio-oliveira\/\"},\"author\":{\"name\":\"ProClass Treinamentos\",\"@id\":\"https:\/\/proclass.com.br\/home\/#\/schema\/person\/f89e1eb93d5d32c0bb465c52f87f5a00\"},\"headline\":\"Depoimento do aluno J\u00falio Oliveira\",\"datePublished\":\"2011-04-10T02:00:17+00:00\",\"dateModified\":\"2012-08-24T02:02:38+00:00\",\"mainEntityOfPage\":{\"@id\":\"https:\/\/proclass.com.br\/home\/2011\/04\/depoimento-do-aluno-julio-oliveira\/\"},\"wordCount\":450,\"commentCount\":0,\"publisher\":{\"@id\":\"https:\/\/proclass.com.br\/home\/#organization\"},\"image\":{\"@id\":\"https:\/\/proclass.com.br\/home\/2011\/04\/depoimento-do-aluno-julio-oliveira\/#primaryimage\"},\"thumbnailUrl\":\"https:\/\/proclass.com.br\/home\/wp-content\/uploads\/2012\/08\/depoimentos-240x163.jpg\",\"keywords\":[\"aluno\",\"aulas\",\"autom\",\"computadores\",\"e mail\",\"eram\",\"exelente\",\"mbox 2\",\"musicians institute\",\"serem\"],\"articleSection\":[\"Novidades\"],\"inLanguage\":\"pt-BR\",\"potentialAction\":[{\"@type\":\"CommentAction\",\"name\":\"Comment\",\"target\":[\"https:\/\/proclass.com.br\/home\/2011\/04\/depoimento-do-aluno-julio-oliveira\/#respond\"]}]},{\"@type\":\"WebPage\",\"@id\":\"https:\/\/proclass.com.br\/home\/2011\/04\/depoimento-do-aluno-julio-oliveira\/\",\"url\":\"https:\/\/proclass.com.br\/home\/2011\/04\/depoimento-do-aluno-julio-oliveira\/\",\"name\":\"Depoimento do aluno J\u00falio Oliveira - PROCLASS\",\"isPartOf\":{\"@id\":\"https:\/\/proclass.com.br\/home\/#website\"},\"primaryImageOfPage\":{\"@id\":\"https:\/\/proclass.com.br\/home\/2011\/04\/depoimento-do-aluno-julio-oliveira\/#primaryimage\"},\"image\":{\"@id\":\"https:\/\/proclass.com.br\/home\/2011\/04\/depoimento-do-aluno-julio-oliveira\/#primaryimage\"},\"thumbnailUrl\":\"https:\/\/proclass.com.br\/home\/wp-content\/uploads\/2012\/08\/depoimentos-240x163.jpg\",\"datePublished\":\"2011-04-10T02:00:17+00:00\",\"dateModified\":\"2012-08-24T02:02:38+00:00\",\"breadcrumb\":{\"@id\":\"https:\/\/proclass.com.br\/home\/2011\/04\/depoimento-do-aluno-julio-oliveira\/#breadcrumb\"},\"inLanguage\":\"pt-BR\",\"potentialAction\":[{\"@type\":\"ReadAction\",\"target\":[\"https:\/\/proclass.com.br\/home\/2011\/04\/depoimento-do-aluno-julio-oliveira\/\"]}]},{\"@type\":\"ImageObject\",\"inLanguage\":\"pt-BR\",\"@id\":\"https:\/\/proclass.com.br\/home\/2011\/04\/depoimento-do-aluno-julio-oliveira\/#primaryimage\",\"url\":\"https:\/\/proclass.com.br\/home\/wp-content\/uploads\/2012\/08\/depoimentos-240x163.jpg\",\"contentUrl\":\"https:\/\/proclass.com.br\/home\/wp-content\/uploads\/2012\/08\/depoimentos-240x163.jpg\",\"width\":\"240\",\"height\":\"163\"},{\"@type\":\"BreadcrumbList\",\"@id\":\"https:\/\/proclass.com.br\/home\/2011\/04\/depoimento-do-aluno-julio-oliveira\/#breadcrumb\",\"itemListElement\":[{\"@type\":\"ListItem\",\"position\":1,\"name\":\"In\u00edcio\",\"item\":\"https:\/\/proclass.com.br\/home\/\"},{\"@type\":\"ListItem\",\"position\":2,\"name\":\"Depoimento do aluno J\u00falio Oliveira\"}]},{\"@type\":\"WebSite\",\"@id\":\"https:\/\/proclass.com.br\/home\/#website\",\"url\":\"https:\/\/proclass.com.br\/home\/\",\"name\":\"PROCLASS\",\"description\":\"CURSOS E TREINAMENTOS\",\"publisher\":{\"@id\":\"https:\/\/proclass.com.br\/home\/#organization\"},\"potentialAction\":[{\"@type\":\"SearchAction\",\"target\":{\"@type\":\"EntryPoint\",\"urlTemplate\":\"https:\/\/proclass.com.br\/home\/?s={search_term_string}\"},\"query-input\":{\"@type\":\"PropertyValueSpecification\",\"valueRequired\":true,\"valueName\":\"search_term_string\"}}],\"inLanguage\":\"pt-BR\"},{\"@type\":\"Organization\",\"@id\":\"https:\/\/proclass.com.br\/home\/#organization\",\"name\":\"PROCLASS\",\"url\":\"https:\/\/proclass.com.br\/home\/\",\"logo\":{\"@type\":\"ImageObject\",\"inLanguage\":\"pt-BR\",\"@id\":\"https:\/\/proclass.com.br\/home\/#\/schema\/logo\/image\/\",\"url\":\"https:\/\/proclass.com.br\/home\/wp-content\/uploads\/2023\/06\/CABECALHO-black_PROCLASS-2023.png\",\"contentUrl\":\"https:\/\/proclass.com.br\/home\/wp-content\/uploads\/2023\/06\/CABECALHO-black_PROCLASS-2023.png\",\"width\":2563,\"height\":911,\"caption\":\"PROCLASS\"},\"image\":{\"@id\":\"https:\/\/proclass.com.br\/home\/#\/schema\/logo\/image\/\"}},{\"@type\":\"Person\",\"@id\":\"https:\/\/proclass.com.br\/home\/#\/schema\/person\/f89e1eb93d5d32c0bb465c52f87f5a00\",\"name\":\"ProClass Treinamentos\",\"image\":{\"@type\":\"ImageObject\",\"inLanguage\":\"pt-BR\",\"@id\":\"https:\/\/proclass.com.br\/home\/#\/schema\/person\/image\/\",\"url\":\"https:\/\/secure.gravatar.com\/avatar\/3878d7a575c7ac355d2c778d5de04af08b7c5a7d9f19b2889f26cc7d80a6a832?s=96&d=blank&r=g\",\"contentUrl\":\"https:\/\/secure.gravatar.com\/avatar\/3878d7a575c7ac355d2c778d5de04af08b7c5a7d9f19b2889f26cc7d80a6a832?s=96&d=blank&r=g\",\"caption\":\"ProClass Treinamentos\"},\"url\":\"https:\/\/proclass.com.br\/home\/author\/proclass\/\"}]}<\/script>\n<!-- \/ Yoast SEO plugin. -->","yoast_head_json":{"title":"Depoimento do aluno J\u00falio Oliveira - PROCLASS","robots":{"index":"index","follow":"follow","max-snippet":"max-snippet:-1","max-image-preview":"max-image-preview:large","max-video-preview":"max-video-preview:-1"},"canonical":"https:\/\/proclass.com.br\/home\/2011\/04\/depoimento-do-aluno-julio-oliveira\/","og_locale":"pt_BR","og_type":"article","og_title":"Depoimento do aluno J\u00falio Oliveira - PROCLASS","og_description":"Acabamos de receber mais um depoimento de um aluno que acaba de se formar no curso Pro Tools 110. Sua experi\u00eancia internacional no Musicians Institute (MI) na California pode dar uma nova perspectiva sobre a infra-estrutura e os cursos oferecidos aqui na ProClass. No meio do ano passado, estive em Los Angeles, Calif\u00f3rnia, nos EstadosContinue reading &rarr;","og_url":"https:\/\/proclass.com.br\/home\/2011\/04\/depoimento-do-aluno-julio-oliveira\/","og_site_name":"PROCLASS","article_published_time":"2011-04-10T02:00:17+00:00","article_modified_time":"2012-08-24T02:02:38+00:00","og_image":[{"width":240,"height":163,"url":"https:\/\/proclass.com.br\/home\/wp-content\/uploads\/2012\/08\/depoimentos-240x163.jpg","type":"image\/jpeg"}],"author":"ProClass Treinamentos","twitter_card":"summary_large_image","twitter_misc":{"Escrito por":"ProClass Treinamentos","Est. tempo de leitura":"2 minutos"},"schema":{"@context":"https:\/\/schema.org","@graph":[{"@type":"Article","@id":"https:\/\/proclass.com.br\/home\/2011\/04\/depoimento-do-aluno-julio-oliveira\/#article","isPartOf":{"@id":"https:\/\/proclass.com.br\/home\/2011\/04\/depoimento-do-aluno-julio-oliveira\/"},"author":{"name":"ProClass Treinamentos","@id":"https:\/\/proclass.com.br\/home\/#\/schema\/person\/f89e1eb93d5d32c0bb465c52f87f5a00"},"headline":"Depoimento do aluno J\u00falio Oliveira","datePublished":"2011-04-10T02:00:17+00:00","dateModified":"2012-08-24T02:02:38+00:00","mainEntityOfPage":{"@id":"https:\/\/proclass.com.br\/home\/2011\/04\/depoimento-do-aluno-julio-oliveira\/"},"wordCount":450,"commentCount":0,"publisher":{"@id":"https:\/\/proclass.com.br\/home\/#organization"},"image":{"@id":"https:\/\/proclass.com.br\/home\/2011\/04\/depoimento-do-aluno-julio-oliveira\/#primaryimage"},"thumbnailUrl":"https:\/\/proclass.com.br\/home\/wp-content\/uploads\/2012\/08\/depoimentos-240x163.jpg","keywords":["aluno","aulas","autom","computadores","e mail","eram","exelente","mbox 2","musicians institute","serem"],"articleSection":["Novidades"],"inLanguage":"pt-BR","potentialAction":[{"@type":"CommentAction","name":"Comment","target":["https:\/\/proclass.com.br\/home\/2011\/04\/depoimento-do-aluno-julio-oliveira\/#respond"]}]},{"@type":"WebPage","@id":"https:\/\/proclass.com.br\/home\/2011\/04\/depoimento-do-aluno-julio-oliveira\/","url":"https:\/\/proclass.com.br\/home\/2011\/04\/depoimento-do-aluno-julio-oliveira\/","name":"Depoimento do aluno J\u00falio Oliveira - PROCLASS","isPartOf":{"@id":"https:\/\/proclass.com.br\/home\/#website"},"primaryImageOfPage":{"@id":"https:\/\/proclass.com.br\/home\/2011\/04\/depoimento-do-aluno-julio-oliveira\/#primaryimage"},"image":{"@id":"https:\/\/proclass.com.br\/home\/2011\/04\/depoimento-do-aluno-julio-oliveira\/#primaryimage"},"thumbnailUrl":"https:\/\/proclass.com.br\/home\/wp-content\/uploads\/2012\/08\/depoimentos-240x163.jpg","datePublished":"2011-04-10T02:00:17+00:00","dateModified":"2012-08-24T02:02:38+00:00","breadcrumb":{"@id":"https:\/\/proclass.com.br\/home\/2011\/04\/depoimento-do-aluno-julio-oliveira\/#breadcrumb"},"inLanguage":"pt-BR","potentialAction":[{"@type":"ReadAction","target":["https:\/\/proclass.com.br\/home\/2011\/04\/depoimento-do-aluno-julio-oliveira\/"]}]},{"@type":"ImageObject","inLanguage":"pt-BR","@id":"https:\/\/proclass.com.br\/home\/2011\/04\/depoimento-do-aluno-julio-oliveira\/#primaryimage","url":"https:\/\/proclass.com.br\/home\/wp-content\/uploads\/2012\/08\/depoimentos-240x163.jpg","contentUrl":"https:\/\/proclass.com.br\/home\/wp-content\/uploads\/2012\/08\/depoimentos-240x163.jpg","width":"240","height":"163"},{"@type":"BreadcrumbList","@id":"https:\/\/proclass.com.br\/home\/2011\/04\/depoimento-do-aluno-julio-oliveira\/#breadcrumb","itemListElement":[{"@type":"ListItem","position":1,"name":"In\u00edcio","item":"https:\/\/proclass.com.br\/home\/"},{"@type":"ListItem","position":2,"name":"Depoimento do aluno J\u00falio Oliveira"}]},{"@type":"WebSite","@id":"https:\/\/proclass.com.br\/home\/#website","url":"https:\/\/proclass.com.br\/home\/","name":"PROCLASS","description":"CURSOS E TREINAMENTOS","publisher":{"@id":"https:\/\/proclass.com.br\/home\/#organization"},"potentialAction":[{"@type":"SearchAction","target":{"@type":"EntryPoint","urlTemplate":"https:\/\/proclass.com.br\/home\/?s={search_term_string}"},"query-input":{"@type":"PropertyValueSpecification","valueRequired":true,"valueName":"search_term_string"}}],"inLanguage":"pt-BR"},{"@type":"Organization","@id":"https:\/\/proclass.com.br\/home\/#organization","name":"PROCLASS","url":"https:\/\/proclass.com.br\/home\/","logo":{"@type":"ImageObject","inLanguage":"pt-BR","@id":"https:\/\/proclass.com.br\/home\/#\/schema\/logo\/image\/","url":"https:\/\/proclass.com.br\/home\/wp-content\/uploads\/2023\/06\/CABECALHO-black_PROCLASS-2023.png","contentUrl":"https:\/\/proclass.com.br\/home\/wp-content\/uploads\/2023\/06\/CABECALHO-black_PROCLASS-2023.png","width":2563,"height":911,"caption":"PROCLASS"},"image":{"@id":"https:\/\/proclass.com.br\/home\/#\/schema\/logo\/image\/"}},{"@type":"Person","@id":"https:\/\/proclass.com.br\/home\/#\/schema\/person\/f89e1eb93d5d32c0bb465c52f87f5a00","name":"ProClass Treinamentos","image":{"@type":"ImageObject","inLanguage":"pt-BR","@id":"https:\/\/proclass.com.br\/home\/#\/schema\/person\/image\/","url":"https:\/\/secure.gravatar.com\/avatar\/3878d7a575c7ac355d2c778d5de04af08b7c5a7d9f19b2889f26cc7d80a6a832?s=96&d=blank&r=g","contentUrl":"https:\/\/secure.gravatar.com\/avatar\/3878d7a575c7ac355d2c778d5de04af08b7c5a7d9f19b2889f26cc7d80a6a832?s=96&d=blank&r=g","caption":"ProClass Treinamentos"},"url":"https:\/\/proclass.com.br\/home\/author\/proclass\/"}]}},"_links":{"self":[{"href":"https:\/\/proclass.com.br\/home\/wp-json\/wp\/v2\/posts\/947","targetHints":{"allow":["GET"]}}],"collection":[{"href":"https:\/\/proclass.com.br\/home\/wp-json\/wp\/v2\/posts"}],"about":[{"href":"https:\/\/proclass.com.br\/home\/wp-json\/wp\/v2\/types\/post"}],"author":[{"embeddable":true,"href":"https:\/\/proclass.com.br\/home\/wp-json\/wp\/v2\/users\/4"}],"replies":[{"embeddable":true,"href":"https:\/\/proclass.com.br\/home\/wp-json\/wp\/v2\/comments?post=947"}],"version-history":[{"count":0,"href":"https:\/\/proclass.com.br\/home\/wp-json\/wp\/v2\/posts\/947\/revisions"}],"wp:featuredmedia":[{"embeddable":true,"href":"https:\/\/proclass.com.br\/home\/wp-json\/wp\/v2\/media\/945"}],"wp:attachment":[{"href":"https:\/\/proclass.com.br\/home\/wp-json\/wp\/v2\/media?parent=947"}],"wp:term":[{"taxonomy":"category","embeddable":true,"href":"https:\/\/proclass.com.br\/home\/wp-json\/wp\/v2\/categories?post=947"},{"taxonomy":"post_tag","embeddable":true,"href":"https:\/\/proclass.com.br\/home\/wp-json\/wp\/v2\/tags?post=947"}],"curies":[{"name":"wp","href":"https:\/\/api.w.org\/{rel}","templated":true}]}}