{"id":942,"date":"2011-03-27T22:53:55","date_gmt":"2011-03-28T01:53:55","guid":{"rendered":"http:\/\/proclass.com.br\/home\/?p=942"},"modified":"2012-08-23T22:59:23","modified_gmt":"2012-08-24T01:59:23","slug":"mensagem-do-produtor-musical-carlos-beni-borja","status":"publish","type":"post","link":"https:\/\/proclass.com.br\/home\/2011\/03\/mensagem-do-produtor-musical-carlos-beni-borja\/","title":{"rendered":"Mensagem do produtor musical Carlos Beni Borja"},"content":{"rendered":"<div style=\"text-align: justify;\">Recentemente, tivemos, entre nossos alunos, o produtor musical <strong>Carlos Beni Borja<\/strong>. Ele nos enviou o seguinte e-mail para que coloc\u00e1ssemos em nosso site. N\u00f3s da ProClass nos sentimos realmente orgulhosos que algu\u00e9m com um hist\u00f3rico t\u00e3o grande de contribui\u00e7\u00f5es \u00e0 MPB pudesse confiar na nossa escola. Obrigado!<!--more--><\/div>\n<div style=\"text-align: justify;\"><\/div>\n<blockquote>\n<div style=\"text-align: justify;\"><em>Aos amigos da ProClass,<\/em><\/div>\n<div style=\"text-align: justify;\"><em>Trabalho como produtor desde o s\u00e9culo passado (1985, pra ser mais exato). O primeiro disco em que usei intensivamente o Pro Tools foi o <strong>Farofa Carioca<\/strong> em 98. De l\u00e1 pra c\u00e1, produzi in\u00fameras outras grava\u00e7\u00f5es com Pro Tools, sempre tendo um engenheiro ao lado.<\/em><\/div>\n<div style=\"text-align: justify;\"><em>O primeiro sistema de Pro Tools que operei foi o 6.5 com interface 001, com o qual, junto com o engenheiro Alberto Vaz, gravei, editei e mixei quatro discos. No final de 2009, depois de uns anos sem est\u00fadio pr\u00f3prio, comprei um Pro Tools 8 com interface 003.<\/em><\/div>\n<div style=\"text-align: justify;\"><em>Descobri com surpresa que a vers\u00e3o 8 era muito diferente da que eu estava acostumado. Depois de apanhar muito e encher o saco dos amigos perguntando dicas, resolvi que afinal era melhor fazer um curso.<\/em><\/div>\n<div style=\"text-align: justify;\"><em>Se era pra fazer curso, pensei que o melhor seria fazer um que tivesse certifica\u00e7\u00e3o oficial, assim se o curso n\u00e3o fosse muito produtivo, ainda assim alguma coisa \u2013 o diploma \u2013 resultaria de bom nele.<\/em><\/div>\n<div style=\"text-align: justify;\"><em>O site da Digidesign me apresentou \u00e0 ProClass, que naquele momento oferecia apenas o curso Pro Tools 101, n\u00e3o o de atualiza\u00e7\u00e3o da vers\u00e3o 8, que era o que me parecia mais adequado. Diversos amigos, me disseram que seria uma perda de tempo, que eu gastaria dinheiro a toa, afinal eu j\u00e1 tinha experi\u00eancia com o programa, que para algu\u00e9m como eu um curso b\u00e1sico seria de pouca utilidade. Apesar disso fiz o curso.<\/em><\/div>\n<div style=\"text-align: justify;\"><em>Agora, de volta ao est\u00fadio, vejo que n\u00e3o poderia ter tomado decis\u00e3o mais acertada. A vis\u00e3o geral do programa que o Pro Tools 101 me deu facilita minha vida enormemente.\u00a0<\/em><\/div>\n<div style=\"text-align: justify;\"><em>Na ProClass encontrei n\u00e3o apenas um ambiente agrad\u00e1vel de conviv\u00eancia, mas um grupo de pessoas que leva o ensino realmente a s\u00e9rio. Mais do que um diploma para pendurar na parede, ganhei um conhecimento que todo dia se mostra \u00fatil. \u00a0<\/em><\/div>\n<div style=\"text-align: justify;\"><em>Um aviso importante aos leitores: N\u00e3o ganhei nada pra dizer isso, nem um m\u00edsero descontinho, s\u00f3 escrevo esse depoimento porque me faz feliz elogiar quem se esfor\u00e7a pra fazer as coisas bem feito.<\/em><\/div>\n<div style=\"text-align: justify;\"><em>um grande abra\u00e7o,<\/em><\/div>\n<div style=\"text-align: justify;\"><em>Beni<\/em><\/div>\n<div style=\"text-align: justify;\"><em>P.S. Em breve nos veremos no Pro Tools 110.<\/em><\/div>\n<\/blockquote>\n<div style=\"text-align: justify;\"><\/div>\n<div style=\"text-align: justify;\"><strong><img fetchpriority=\"high\" decoding=\"async\" class=\"alignleft size-full wp-image-944\" title=\"carlos beni borja\" src=\"http:\/\/proclass.com.br\/home\/wp-content\/uploads\/2012\/08\/carlos-beni-borja.jpg\" alt=\"\" width=\"320\" height=\"320\" srcset=\"https:\/\/proclass.com.br\/home\/wp-content\/uploads\/2012\/08\/carlos-beni-borja.jpg 320w, https:\/\/proclass.com.br\/home\/wp-content\/uploads\/2012\/08\/carlos-beni-borja-150x150.jpg 150w, https:\/\/proclass.com.br\/home\/wp-content\/uploads\/2012\/08\/carlos-beni-borja-300x300.jpg 300w\" sizes=\"(max-width: 320px) 100vw, 320px\" \/>Carlos Beni Borja<\/strong> \u00e9 compositor, produtor, m\u00fasico, diretor art\u00edstico e produtor musical . Dentre suas composi\u00e7\u00f5es se destacam <strong>Fixa\u00e7\u00e3o<\/strong>, m\u00fasica mais executada em emissoras de r\u00e1dios no Brasil no ano de 1984 e sucesso do <strong>Kid Abelha<\/strong> (banda da qual j\u00e1 fez parte como baterista); e <strong>Vento Ventania<\/strong>, sucesso do Biquini Cavad\u00e3o e m\u00fasica mais executada em emissoras de r\u00e1dios no Brasil no ano de 1995. Trabalhou como produtor para as companhias <strong>Universal Music, Sony Music, BMG, EMI Music e Warner<\/strong>. Produziu discos de v\u00e1rios artistas e grupos; entre eles <strong>Farofa Carioca, Leoni, BiquiniCavad\u00e3o ,Picassos Falsos, Celso Blues Boy e Fernanda Abreu<\/strong>.<\/div>\n","protected":false},"excerpt":{"rendered":"<p>Recentemente, tivemos, entre nossos alunos, o produtor musical Carlos Beni Borja. Ele nos enviou o seguinte e-mail para que coloc\u00e1ssemos em nosso site. N\u00f3s da ProClass nos sentimos realmente orgulhosos que algu\u00e9m com um hist\u00f3rico t\u00e3o grande de contribui\u00e7\u00f5es \u00e0 MPB pudesse confiar na nossa escola. Obrigado!<\/p>\n","protected":false},"author":4,"featured_media":945,"comment_status":"open","ping_status":"open","sticky":false,"template":"","format":"standard","meta":{"footnotes":""},"categories":[10,1],"tags":[107,116,87,108,111,115,60,113,114,109],"class_list":["post-942","post","type-post","status-publish","format-standard","has-post-thumbnail","hentry","category-depoimentos","category-novidades","tag-ainda-assim","tag-alunos","tag-autom","tag-beni","tag-carioca","tag-de-bom","tag-experi","tag-farofa","tag-nele","tag-usei","has-thumb"],"yoast_head":"<!-- This site is optimized with the Yoast SEO plugin v26.9 - https:\/\/yoast.com\/product\/yoast-seo-wordpress\/ -->\n<title>Mensagem do produtor musical Carlos Beni Borja - PROCLASS<\/title>\n<meta name=\"robots\" content=\"index, follow, max-snippet:-1, max-image-preview:large, max-video-preview:-1\" \/>\n<link rel=\"canonical\" href=\"https:\/\/proclass.com.br\/home\/2011\/03\/mensagem-do-produtor-musical-carlos-beni-borja\/\" \/>\n<meta property=\"og:locale\" content=\"pt_BR\" \/>\n<meta property=\"og:type\" content=\"article\" \/>\n<meta property=\"og:title\" content=\"Mensagem do produtor musical Carlos Beni Borja - PROCLASS\" \/>\n<meta property=\"og:description\" content=\"Recentemente, tivemos, entre nossos alunos, o produtor musical Carlos Beni Borja. Ele nos enviou o seguinte e-mail para que coloc\u00e1ssemos em nosso site. N\u00f3s da ProClass nos sentimos realmente orgulhosos que algu\u00e9m com um hist\u00f3rico t\u00e3o grande de contribui\u00e7\u00f5es \u00e0 MPB pudesse confiar na nossa escola. Obrigado!\" \/>\n<meta property=\"og:url\" content=\"https:\/\/proclass.com.br\/home\/2011\/03\/mensagem-do-produtor-musical-carlos-beni-borja\/\" \/>\n<meta property=\"og:site_name\" content=\"PROCLASS\" \/>\n<meta property=\"article:published_time\" content=\"2011-03-28T01:53:55+00:00\" \/>\n<meta property=\"article:modified_time\" content=\"2012-08-24T01:59:23+00:00\" \/>\n<meta property=\"og:image\" content=\"https:\/\/proclass.com.br\/home\/wp-content\/uploads\/2012\/08\/depoimentos-240x163.jpg\" \/>\n\t<meta property=\"og:image:width\" content=\"240\" \/>\n\t<meta property=\"og:image:height\" content=\"163\" \/>\n\t<meta property=\"og:image:type\" content=\"image\/jpeg\" \/>\n<meta name=\"author\" content=\"ProClass Treinamentos\" \/>\n<meta name=\"twitter:card\" content=\"summary_large_image\" \/>\n<meta name=\"twitter:label1\" content=\"Escrito por\" \/>\n\t<meta name=\"twitter:data1\" content=\"ProClass Treinamentos\" \/>\n\t<meta name=\"twitter:label2\" content=\"Est. tempo de leitura\" \/>\n\t<meta name=\"twitter:data2\" content=\"3 minutos\" \/>\n<script type=\"application\/ld+json\" class=\"yoast-schema-graph\">{\"@context\":\"https:\/\/schema.org\",\"@graph\":[{\"@type\":\"Article\",\"@id\":\"https:\/\/proclass.com.br\/home\/2011\/03\/mensagem-do-produtor-musical-carlos-beni-borja\/#article\",\"isPartOf\":{\"@id\":\"https:\/\/proclass.com.br\/home\/2011\/03\/mensagem-do-produtor-musical-carlos-beni-borja\/\"},\"author\":{\"name\":\"ProClass Treinamentos\",\"@id\":\"https:\/\/proclass.com.br\/home\/#\/schema\/person\/f89e1eb93d5d32c0bb465c52f87f5a00\"},\"headline\":\"Mensagem do produtor musical Carlos Beni Borja\",\"datePublished\":\"2011-03-28T01:53:55+00:00\",\"dateModified\":\"2012-08-24T01:59:23+00:00\",\"mainEntityOfPage\":{\"@id\":\"https:\/\/proclass.com.br\/home\/2011\/03\/mensagem-do-produtor-musical-carlos-beni-borja\/\"},\"wordCount\":538,\"commentCount\":0,\"publisher\":{\"@id\":\"https:\/\/proclass.com.br\/home\/#organization\"},\"image\":{\"@id\":\"https:\/\/proclass.com.br\/home\/2011\/03\/mensagem-do-produtor-musical-carlos-beni-borja\/#primaryimage\"},\"thumbnailUrl\":\"https:\/\/proclass.com.br\/home\/wp-content\/uploads\/2012\/08\/depoimentos-240x163.jpg\",\"keywords\":[\"ainda assim\",\"alunos\",\"autom\",\"beni\",\"carioca\",\"de bom\",\"experi\",\"farofa\",\"nele\",\"usei\"],\"articleSection\":[\"Depoimentos\",\"Novidades\"],\"inLanguage\":\"pt-BR\",\"potentialAction\":[{\"@type\":\"CommentAction\",\"name\":\"Comment\",\"target\":[\"https:\/\/proclass.com.br\/home\/2011\/03\/mensagem-do-produtor-musical-carlos-beni-borja\/#respond\"]}]},{\"@type\":\"WebPage\",\"@id\":\"https:\/\/proclass.com.br\/home\/2011\/03\/mensagem-do-produtor-musical-carlos-beni-borja\/\",\"url\":\"https:\/\/proclass.com.br\/home\/2011\/03\/mensagem-do-produtor-musical-carlos-beni-borja\/\",\"name\":\"Mensagem do produtor musical Carlos Beni Borja - PROCLASS\",\"isPartOf\":{\"@id\":\"https:\/\/proclass.com.br\/home\/#website\"},\"primaryImageOfPage\":{\"@id\":\"https:\/\/proclass.com.br\/home\/2011\/03\/mensagem-do-produtor-musical-carlos-beni-borja\/#primaryimage\"},\"image\":{\"@id\":\"https:\/\/proclass.com.br\/home\/2011\/03\/mensagem-do-produtor-musical-carlos-beni-borja\/#primaryimage\"},\"thumbnailUrl\":\"https:\/\/proclass.com.br\/home\/wp-content\/uploads\/2012\/08\/depoimentos-240x163.jpg\",\"datePublished\":\"2011-03-28T01:53:55+00:00\",\"dateModified\":\"2012-08-24T01:59:23+00:00\",\"breadcrumb\":{\"@id\":\"https:\/\/proclass.com.br\/home\/2011\/03\/mensagem-do-produtor-musical-carlos-beni-borja\/#breadcrumb\"},\"inLanguage\":\"pt-BR\",\"potentialAction\":[{\"@type\":\"ReadAction\",\"target\":[\"https:\/\/proclass.com.br\/home\/2011\/03\/mensagem-do-produtor-musical-carlos-beni-borja\/\"]}]},{\"@type\":\"ImageObject\",\"inLanguage\":\"pt-BR\",\"@id\":\"https:\/\/proclass.com.br\/home\/2011\/03\/mensagem-do-produtor-musical-carlos-beni-borja\/#primaryimage\",\"url\":\"https:\/\/proclass.com.br\/home\/wp-content\/uploads\/2012\/08\/depoimentos-240x163.jpg\",\"contentUrl\":\"https:\/\/proclass.com.br\/home\/wp-content\/uploads\/2012\/08\/depoimentos-240x163.jpg\",\"width\":\"240\",\"height\":\"163\"},{\"@type\":\"BreadcrumbList\",\"@id\":\"https:\/\/proclass.com.br\/home\/2011\/03\/mensagem-do-produtor-musical-carlos-beni-borja\/#breadcrumb\",\"itemListElement\":[{\"@type\":\"ListItem\",\"position\":1,\"name\":\"In\u00edcio\",\"item\":\"https:\/\/proclass.com.br\/home\/\"},{\"@type\":\"ListItem\",\"position\":2,\"name\":\"Mensagem do produtor musical Carlos Beni Borja\"}]},{\"@type\":\"WebSite\",\"@id\":\"https:\/\/proclass.com.br\/home\/#website\",\"url\":\"https:\/\/proclass.com.br\/home\/\",\"name\":\"PROCLASS\",\"description\":\"CURSOS E TREINAMENTOS\",\"publisher\":{\"@id\":\"https:\/\/proclass.com.br\/home\/#organization\"},\"potentialAction\":[{\"@type\":\"SearchAction\",\"target\":{\"@type\":\"EntryPoint\",\"urlTemplate\":\"https:\/\/proclass.com.br\/home\/?s={search_term_string}\"},\"query-input\":{\"@type\":\"PropertyValueSpecification\",\"valueRequired\":true,\"valueName\":\"search_term_string\"}}],\"inLanguage\":\"pt-BR\"},{\"@type\":\"Organization\",\"@id\":\"https:\/\/proclass.com.br\/home\/#organization\",\"name\":\"PROCLASS\",\"url\":\"https:\/\/proclass.com.br\/home\/\",\"logo\":{\"@type\":\"ImageObject\",\"inLanguage\":\"pt-BR\",\"@id\":\"https:\/\/proclass.com.br\/home\/#\/schema\/logo\/image\/\",\"url\":\"https:\/\/proclass.com.br\/home\/wp-content\/uploads\/2023\/06\/CABECALHO-black_PROCLASS-2023.png\",\"contentUrl\":\"https:\/\/proclass.com.br\/home\/wp-content\/uploads\/2023\/06\/CABECALHO-black_PROCLASS-2023.png\",\"width\":2563,\"height\":911,\"caption\":\"PROCLASS\"},\"image\":{\"@id\":\"https:\/\/proclass.com.br\/home\/#\/schema\/logo\/image\/\"}},{\"@type\":\"Person\",\"@id\":\"https:\/\/proclass.com.br\/home\/#\/schema\/person\/f89e1eb93d5d32c0bb465c52f87f5a00\",\"name\":\"ProClass Treinamentos\",\"image\":{\"@type\":\"ImageObject\",\"inLanguage\":\"pt-BR\",\"@id\":\"https:\/\/proclass.com.br\/home\/#\/schema\/person\/image\/\",\"url\":\"https:\/\/secure.gravatar.com\/avatar\/3878d7a575c7ac355d2c778d5de04af08b7c5a7d9f19b2889f26cc7d80a6a832?s=96&d=blank&r=g\",\"contentUrl\":\"https:\/\/secure.gravatar.com\/avatar\/3878d7a575c7ac355d2c778d5de04af08b7c5a7d9f19b2889f26cc7d80a6a832?s=96&d=blank&r=g\",\"caption\":\"ProClass Treinamentos\"},\"url\":\"https:\/\/proclass.com.br\/home\/author\/proclass\/\"}]}<\/script>\n<!-- \/ Yoast SEO plugin. -->","yoast_head_json":{"title":"Mensagem do produtor musical Carlos Beni Borja - PROCLASS","robots":{"index":"index","follow":"follow","max-snippet":"max-snippet:-1","max-image-preview":"max-image-preview:large","max-video-preview":"max-video-preview:-1"},"canonical":"https:\/\/proclass.com.br\/home\/2011\/03\/mensagem-do-produtor-musical-carlos-beni-borja\/","og_locale":"pt_BR","og_type":"article","og_title":"Mensagem do produtor musical Carlos Beni Borja - PROCLASS","og_description":"Recentemente, tivemos, entre nossos alunos, o produtor musical Carlos Beni Borja. Ele nos enviou o seguinte e-mail para que coloc\u00e1ssemos em nosso site. N\u00f3s da ProClass nos sentimos realmente orgulhosos que algu\u00e9m com um hist\u00f3rico t\u00e3o grande de contribui\u00e7\u00f5es \u00e0 MPB pudesse confiar na nossa escola. Obrigado!","og_url":"https:\/\/proclass.com.br\/home\/2011\/03\/mensagem-do-produtor-musical-carlos-beni-borja\/","og_site_name":"PROCLASS","article_published_time":"2011-03-28T01:53:55+00:00","article_modified_time":"2012-08-24T01:59:23+00:00","og_image":[{"width":240,"height":163,"url":"https:\/\/proclass.com.br\/home\/wp-content\/uploads\/2012\/08\/depoimentos-240x163.jpg","type":"image\/jpeg"}],"author":"ProClass Treinamentos","twitter_card":"summary_large_image","twitter_misc":{"Escrito por":"ProClass Treinamentos","Est. tempo de leitura":"3 minutos"},"schema":{"@context":"https:\/\/schema.org","@graph":[{"@type":"Article","@id":"https:\/\/proclass.com.br\/home\/2011\/03\/mensagem-do-produtor-musical-carlos-beni-borja\/#article","isPartOf":{"@id":"https:\/\/proclass.com.br\/home\/2011\/03\/mensagem-do-produtor-musical-carlos-beni-borja\/"},"author":{"name":"ProClass Treinamentos","@id":"https:\/\/proclass.com.br\/home\/#\/schema\/person\/f89e1eb93d5d32c0bb465c52f87f5a00"},"headline":"Mensagem do produtor musical Carlos Beni Borja","datePublished":"2011-03-28T01:53:55+00:00","dateModified":"2012-08-24T01:59:23+00:00","mainEntityOfPage":{"@id":"https:\/\/proclass.com.br\/home\/2011\/03\/mensagem-do-produtor-musical-carlos-beni-borja\/"},"wordCount":538,"commentCount":0,"publisher":{"@id":"https:\/\/proclass.com.br\/home\/#organization"},"image":{"@id":"https:\/\/proclass.com.br\/home\/2011\/03\/mensagem-do-produtor-musical-carlos-beni-borja\/#primaryimage"},"thumbnailUrl":"https:\/\/proclass.com.br\/home\/wp-content\/uploads\/2012\/08\/depoimentos-240x163.jpg","keywords":["ainda assim","alunos","autom","beni","carioca","de bom","experi","farofa","nele","usei"],"articleSection":["Depoimentos","Novidades"],"inLanguage":"pt-BR","potentialAction":[{"@type":"CommentAction","name":"Comment","target":["https:\/\/proclass.com.br\/home\/2011\/03\/mensagem-do-produtor-musical-carlos-beni-borja\/#respond"]}]},{"@type":"WebPage","@id":"https:\/\/proclass.com.br\/home\/2011\/03\/mensagem-do-produtor-musical-carlos-beni-borja\/","url":"https:\/\/proclass.com.br\/home\/2011\/03\/mensagem-do-produtor-musical-carlos-beni-borja\/","name":"Mensagem do produtor musical Carlos Beni Borja - PROCLASS","isPartOf":{"@id":"https:\/\/proclass.com.br\/home\/#website"},"primaryImageOfPage":{"@id":"https:\/\/proclass.com.br\/home\/2011\/03\/mensagem-do-produtor-musical-carlos-beni-borja\/#primaryimage"},"image":{"@id":"https:\/\/proclass.com.br\/home\/2011\/03\/mensagem-do-produtor-musical-carlos-beni-borja\/#primaryimage"},"thumbnailUrl":"https:\/\/proclass.com.br\/home\/wp-content\/uploads\/2012\/08\/depoimentos-240x163.jpg","datePublished":"2011-03-28T01:53:55+00:00","dateModified":"2012-08-24T01:59:23+00:00","breadcrumb":{"@id":"https:\/\/proclass.com.br\/home\/2011\/03\/mensagem-do-produtor-musical-carlos-beni-borja\/#breadcrumb"},"inLanguage":"pt-BR","potentialAction":[{"@type":"ReadAction","target":["https:\/\/proclass.com.br\/home\/2011\/03\/mensagem-do-produtor-musical-carlos-beni-borja\/"]}]},{"@type":"ImageObject","inLanguage":"pt-BR","@id":"https:\/\/proclass.com.br\/home\/2011\/03\/mensagem-do-produtor-musical-carlos-beni-borja\/#primaryimage","url":"https:\/\/proclass.com.br\/home\/wp-content\/uploads\/2012\/08\/depoimentos-240x163.jpg","contentUrl":"https:\/\/proclass.com.br\/home\/wp-content\/uploads\/2012\/08\/depoimentos-240x163.jpg","width":"240","height":"163"},{"@type":"BreadcrumbList","@id":"https:\/\/proclass.com.br\/home\/2011\/03\/mensagem-do-produtor-musical-carlos-beni-borja\/#breadcrumb","itemListElement":[{"@type":"ListItem","position":1,"name":"In\u00edcio","item":"https:\/\/proclass.com.br\/home\/"},{"@type":"ListItem","position":2,"name":"Mensagem do produtor musical Carlos Beni Borja"}]},{"@type":"WebSite","@id":"https:\/\/proclass.com.br\/home\/#website","url":"https:\/\/proclass.com.br\/home\/","name":"PROCLASS","description":"CURSOS E TREINAMENTOS","publisher":{"@id":"https:\/\/proclass.com.br\/home\/#organization"},"potentialAction":[{"@type":"SearchAction","target":{"@type":"EntryPoint","urlTemplate":"https:\/\/proclass.com.br\/home\/?s={search_term_string}"},"query-input":{"@type":"PropertyValueSpecification","valueRequired":true,"valueName":"search_term_string"}}],"inLanguage":"pt-BR"},{"@type":"Organization","@id":"https:\/\/proclass.com.br\/home\/#organization","name":"PROCLASS","url":"https:\/\/proclass.com.br\/home\/","logo":{"@type":"ImageObject","inLanguage":"pt-BR","@id":"https:\/\/proclass.com.br\/home\/#\/schema\/logo\/image\/","url":"https:\/\/proclass.com.br\/home\/wp-content\/uploads\/2023\/06\/CABECALHO-black_PROCLASS-2023.png","contentUrl":"https:\/\/proclass.com.br\/home\/wp-content\/uploads\/2023\/06\/CABECALHO-black_PROCLASS-2023.png","width":2563,"height":911,"caption":"PROCLASS"},"image":{"@id":"https:\/\/proclass.com.br\/home\/#\/schema\/logo\/image\/"}},{"@type":"Person","@id":"https:\/\/proclass.com.br\/home\/#\/schema\/person\/f89e1eb93d5d32c0bb465c52f87f5a00","name":"ProClass Treinamentos","image":{"@type":"ImageObject","inLanguage":"pt-BR","@id":"https:\/\/proclass.com.br\/home\/#\/schema\/person\/image\/","url":"https:\/\/secure.gravatar.com\/avatar\/3878d7a575c7ac355d2c778d5de04af08b7c5a7d9f19b2889f26cc7d80a6a832?s=96&d=blank&r=g","contentUrl":"https:\/\/secure.gravatar.com\/avatar\/3878d7a575c7ac355d2c778d5de04af08b7c5a7d9f19b2889f26cc7d80a6a832?s=96&d=blank&r=g","caption":"ProClass Treinamentos"},"url":"https:\/\/proclass.com.br\/home\/author\/proclass\/"}]}},"_links":{"self":[{"href":"https:\/\/proclass.com.br\/home\/wp-json\/wp\/v2\/posts\/942","targetHints":{"allow":["GET"]}}],"collection":[{"href":"https:\/\/proclass.com.br\/home\/wp-json\/wp\/v2\/posts"}],"about":[{"href":"https:\/\/proclass.com.br\/home\/wp-json\/wp\/v2\/types\/post"}],"author":[{"embeddable":true,"href":"https:\/\/proclass.com.br\/home\/wp-json\/wp\/v2\/users\/4"}],"replies":[{"embeddable":true,"href":"https:\/\/proclass.com.br\/home\/wp-json\/wp\/v2\/comments?post=942"}],"version-history":[{"count":0,"href":"https:\/\/proclass.com.br\/home\/wp-json\/wp\/v2\/posts\/942\/revisions"}],"wp:featuredmedia":[{"embeddable":true,"href":"https:\/\/proclass.com.br\/home\/wp-json\/wp\/v2\/media\/945"}],"wp:attachment":[{"href":"https:\/\/proclass.com.br\/home\/wp-json\/wp\/v2\/media?parent=942"}],"wp:term":[{"taxonomy":"category","embeddable":true,"href":"https:\/\/proclass.com.br\/home\/wp-json\/wp\/v2\/categories?post=942"},{"taxonomy":"post_tag","embeddable":true,"href":"https:\/\/proclass.com.br\/home\/wp-json\/wp\/v2\/tags?post=942"}],"curies":[{"name":"wp","href":"https:\/\/api.w.org\/{rel}","templated":true}]}}