{"id":939,"date":"2011-02-19T22:51:22","date_gmt":"2011-02-20T01:51:22","guid":{"rendered":"http:\/\/proclass.com.br\/home\/?p=939"},"modified":"2012-08-23T22:55:43","modified_gmt":"2012-08-24T01:55:43","slug":"curso-pro-tools-101-com-turmas-abertas","status":"publish","type":"post","link":"https:\/\/proclass.com.br\/home\/2011\/02\/curso-pro-tools-101-com-turmas-abertas\/","title":{"rendered":"Curso Pro Tools 101 com turmas abertas!"},"content":{"rendered":"<p style=\"text-align: justify;\"><span style=\"font-size: large;\"><strong>O que \u00e9 o curso Pro Tools 101?<\/strong><\/span><\/p>\n<p style=\"text-align: justify;\"><strong>Pro Tools 101 \u2013 Introdu\u00e7\u00e3o ao Pro Tools<\/strong>, \u00e9 o primeiro curso do programa internacional de treinamentos da oficial da Digidesign.<\/p>\n<p style=\"text-align: justify;\">Saiba mais sobre o programa completo em:<br \/>\n<a href=\"http:\/\/www.digidesign.com\/index.cfm?navid=42&amp;langid=100&amp;categoryid=27\">http:\/\/www.digidesign.com\/index.cfm?navid=42&amp;langid=100&amp;categoryid=27<\/a><\/p>\n<p style=\"text-align: justify;\"><strong>Conte\u00fado<\/strong>: os cursos 101 e 110 abordam os sistemas Pro Tools LE e M-Powered. Ao final deles, o aluno aprovado estar\u00e1 capacitado a operar esses sistemas e come\u00e7ar a trilhar os detalhes do Pro Tools HD. O curso aborda configura\u00e7\u00f5es, grava\u00e7\u00e3o, edi\u00e7\u00e3o, mixagem, plug-ins, MIDI e exerc\u00edcios pr\u00e1ticos para m\u00fasica, TV e cinema.<!--more--><\/p>\n<p style=\"text-align: justify;\"><strong>Dura\u00e7\u00e3o<\/strong>: 30 horas.<\/p>\n<div><img fetchpriority=\"high\" decoding=\"async\" class=\"alignleft\" title=\"pro-tools-dec14-f_64105\" src=\"http:\/\/proclass.com.br\/home\/wp-content\/uploads\/2012\/08\/pro-tools-dec14-f_64105.jpg\" alt=\"\" width=\"400\" height=\"326\" \/><\/div>\n<p style=\"text-align: justify;\"><strong>Certifica\u00e7\u00e3o<\/strong>: ao final do curso, com aprova\u00e7\u00e3o, o estudante obt\u00e9m o certificado oficial do fabricante no m\u00f3dulo 101, que o capacita a cursar os demais m\u00f3dulos em qualquer escola credenciada do mundo. A ProClass ajuda a encaminhar outras escolas de qualidade no mundo caso haja interesse do aluno.<\/p>\n<p style=\"text-align: justify;\"><strong>Avalia\u00e7\u00e3o<\/strong>: prova m\u00faltipla-escolha (necess\u00e1rio 90% de rendimento)<\/p>\n<div style=\"text-align: justify;\"><span style=\"text-decoration: underline;\"><strong>FAQ:<\/strong><\/span><\/div>\n<div style=\"text-align: justify;\"><\/div>\n<div style=\"text-align: justify;\"><strong>1. J\u00e1 uso Pro Tools h\u00e1 muito tempo e tenho experi\u00eancia. Preciso fazer o m\u00f3dulo 101?<\/strong><\/div>\n<div style=\"text-align: justify;\"><strong><em>ProClass<\/em>: <\/strong><em>o m\u00f3dulo 101 \u00e9 pr\u00e9-requisito ou recomenda\u00e7\u00e3o para todos os demais cursos de certifica\u00e7\u00e3o da Digidesign. Se voc\u00ea \u00e9 um profissional com experi\u00eancia em Pro Tools e deseja obter as certifica\u00e7\u00f5es, pode ter a certeza que a abordagem dos t\u00f3picos, a vers\u00e3o sempre atualizada do software utilizada nas aulas, a troca de experi\u00eancias com os nossos instrutores e o exame com alto grau de dificuldade, mesmo no curso introdut\u00f3rio, agregar\u00e3o valor ao seu conhecimento pr\u00e9vio.\u00a0 Lembrando\u2026 os cursos 101 e 110 abordam o conte\u00fado completo para Pro Tools LE. Converse com nossos instrutores e diretores para maiores detalhes!<\/em><\/div>\n<div style=\"text-align: justify;\"><\/div>\n<div style=\"text-align: justify;\"><strong>2. O que esse curso acrescenta \u00e0 minha carreira?<\/strong><\/div>\n<div style=\"text-align: justify;\"><strong><em>ProClass<\/em>: <\/strong><em>ter a certifica\u00e7\u00e3o oficial do fabricante em sua ferramenta de trabalho \u00e9 um sinal muito importante de dedica\u00e7\u00e3o do profissional. Aliado a um curr\u00edculo de qualidade, experi\u00eancia e forma\u00e7\u00e3o acad\u00eamica, as chances de evolu\u00e7\u00e3o na carreira s\u00e3o grandes. Al\u00e9m disso, o fato do curso ser reconehcido internacionalmente abre possibilidades interessantes tanto aos iniciantes quanto aos profissionais mais experientes.<\/em><\/div>\n<div style=\"text-align: justify;\"><strong>3. Quais s\u00e3o os pr\u00e9-requisitos?<\/strong><\/div>\n<div style=\"text-align: justify;\"><strong><em>ProClass<\/em>: <\/strong><em>n\u00e3o h\u00e1 pr\u00e9-requisito oficial. \u00c9 recomendado conhecimento pr\u00e9vio b\u00e1sico em processos de \u00e1udio (o que \u00e9 grava\u00e7\u00e3o, o que \u00e9 mixagem, o que \u00e9 edi\u00e7\u00e3o, para que seve um microfone, etc) e inform\u00e1tica. <\/em><\/div>\n<div style=\"text-align: justify;\"><\/div>\n<div style=\"text-align: justify;\"><strong>4. Do que tratam os demais m\u00f3dulos?<\/strong><\/div>\n<div style=\"text-align: justify;\"><strong><em>ProClass<\/em>: <\/strong><em>o curso Pro Tools 110, tamb\u00e9m dispon\u00edvel na ProClass, aborda os fundamentos em Pro Tools, aprofundando os conhecimentos do m\u00f3dulo 101 com mais exerc\u00edcios e assuntos de maior complexidade como Elastic Audio, configura\u00e7\u00f5es avan\u00e7adas, loops, Beat Detective, gerenciamento de arquivos, DigiBase, MIDI avan\u00e7ado e instrumentos virtuais. Os demais m\u00f3dulos abordam o Pro Tools HD. As certifica\u00e7\u00f5es operator e expert s\u00e3o divididas em M\u00fasica e P\u00f3s-Produ\u00e7\u00e3o e fornecidas \u00e0queles aprovados respectivamente nos cursos 210 e 310. <\/em><\/div>\n<div style=\"text-align: justify;\"><strong>5. Qual \u00e9 o material did\u00e1tico do curso?<\/strong><\/div>\n<div style=\"text-align: justify;\"><strong><em>ProClass<\/em>: <\/strong><em>apostilas oficiais da Digidesign e DVD com exerc\u00edcios. Em aula, a ProClass fornece exerc\u00edcios extra e simula\u00e7\u00f5es de situa\u00e7\u00f5es pr\u00e1ticas em aulas com 1 aluno por computador. <\/em><\/div>\n<div style=\"text-align: justify;\"><strong>6. Qual \u00e9 a dura\u00e7\u00e3o do curso?<\/strong><\/div>\n<div style=\"text-align: justify;\"><strong><em>ProClass<\/em>: <\/strong><em>a ProClass tem o padr\u00e3o de oferecer os cursos 101 e 110 em 30 horas. Am alguns casos, s\u00e3o oferecidos cursos intensivos de menor dura\u00e7\u00e3o.\u00a0 <\/em><\/div>\n<div style=\"text-align: justify;\"><strong>7. Quem s\u00e3o os instrutores?<\/strong><\/div>\n<div style=\"text-align: justify;\">\u00a0<strong><em>ProClass<\/em>: <\/strong><em>todos os nossos instrutores s\u00e3o certificados pela Digidesign.<\/em><\/div>\n<div style=\"text-align: justify;\"><strong>8. A ProClass s\u00f3 fornece as certifica\u00e7\u00f5es da Digidesign e cursos de Pro Tools?<\/strong><\/div>\n<p style=\"text-align: justify;\"><strong><em>ProClass<\/em>: <\/strong><em>n\u00e3o. A ProClass tamb\u00e9m oferece cursos pr\u00f3prios em outros temas que n\u00e3o envolvem Pro Tools. Come\u00e7amos as atividades as certifica\u00e7\u00f5es da Digi e em breve traremos mais novidades.\u00a0 A ProClass \u00e9 um centro de treinamentos em m\u00eddia e tecnologia. <\/em><\/p>\n<p style=\"text-align: justify;\">Acompanhem nosso blog e fiquem \u00e0 vontade para postar coment\u00e1rios!<\/p>\n<p style=\"text-align: justify;\">Mais informa\u00e7\u00f5es:<br \/>\ninfo@proclass.com.br<br \/>\n(21) 2224-9278<\/p>\n","protected":false},"excerpt":{"rendered":"<p>O que \u00e9 o curso Pro Tools 101? Pro Tools 101 \u2013 Introdu\u00e7\u00e3o ao Pro Tools, \u00e9 o primeiro curso do programa internacional de treinamentos da oficial da Digidesign. Saiba mais sobre o programa completo em: http:\/\/www.digidesign.com\/index.cfm?navid=42&amp;langid=100&amp;categoryid=27 Conte\u00fado: os cursos 101 e 110 abordam os sistemas Pro Tools LE e M-Powered. Ao final deles, oContinue reading &rarr;<\/p>\n","protected":false},"author":4,"featured_media":0,"comment_status":"open","ping_status":"open","sticky":false,"template":"","format":"standard","meta":{"footnotes":""},"categories":[1],"tags":[80,100,87,66,105,106,89,60,102,35],"class_list":["post-939","post","type-post","status-publish","format-standard","hentry","category-novidades","tag-aluno","tag-aulas","tag-autom","tag-conte","tag-converse","tag-demais","tag-digidesign","tag-experi","tag-muito-tempo","tag-pro-tools","no-thumb"],"yoast_head":"<!-- This site is optimized with the Yoast SEO plugin v26.9 - https:\/\/yoast.com\/product\/yoast-seo-wordpress\/ -->\n<title>Curso Pro Tools 101 com turmas abertas! - PROCLASS<\/title>\n<meta name=\"robots\" content=\"index, follow, max-snippet:-1, max-image-preview:large, max-video-preview:-1\" \/>\n<link rel=\"canonical\" href=\"https:\/\/proclass.com.br\/home\/2011\/02\/curso-pro-tools-101-com-turmas-abertas\/\" \/>\n<meta property=\"og:locale\" content=\"pt_BR\" \/>\n<meta property=\"og:type\" content=\"article\" \/>\n<meta property=\"og:title\" content=\"Curso Pro Tools 101 com turmas abertas! - PROCLASS\" \/>\n<meta property=\"og:description\" content=\"O que \u00e9 o curso Pro Tools 101? Pro Tools 101 \u2013 Introdu\u00e7\u00e3o ao Pro Tools, \u00e9 o primeiro curso do programa internacional de treinamentos da oficial da Digidesign. Saiba mais sobre o programa completo em: http:\/\/www.digidesign.com\/index.cfm?navid=42&amp;langid=100&amp;categoryid=27 Conte\u00fado: os cursos 101 e 110 abordam os sistemas Pro Tools LE e M-Powered. Ao final deles, oContinue reading &rarr;\" \/>\n<meta property=\"og:url\" content=\"https:\/\/proclass.com.br\/home\/2011\/02\/curso-pro-tools-101-com-turmas-abertas\/\" \/>\n<meta property=\"og:site_name\" content=\"PROCLASS\" \/>\n<meta property=\"article:published_time\" content=\"2011-02-20T01:51:22+00:00\" \/>\n<meta property=\"article:modified_time\" content=\"2012-08-24T01:55:43+00:00\" \/>\n<meta property=\"og:image\" content=\"http:\/\/proclass.com.br\/home\/wp-content\/uploads\/2012\/08\/pro-tools-dec14-f_64105.jpg\" \/>\n<meta name=\"author\" content=\"ProClass Treinamentos\" \/>\n<meta name=\"twitter:card\" content=\"summary_large_image\" \/>\n<meta name=\"twitter:label1\" content=\"Escrito por\" \/>\n\t<meta name=\"twitter:data1\" content=\"ProClass Treinamentos\" \/>\n\t<meta name=\"twitter:label2\" content=\"Est. tempo de leitura\" \/>\n\t<meta name=\"twitter:data2\" content=\"3 minutos\" \/>\n<script type=\"application\/ld+json\" class=\"yoast-schema-graph\">{\"@context\":\"https:\/\/schema.org\",\"@graph\":[{\"@type\":\"Article\",\"@id\":\"https:\/\/proclass.com.br\/home\/2011\/02\/curso-pro-tools-101-com-turmas-abertas\/#article\",\"isPartOf\":{\"@id\":\"https:\/\/proclass.com.br\/home\/2011\/02\/curso-pro-tools-101-com-turmas-abertas\/\"},\"author\":{\"name\":\"ProClass Treinamentos\",\"@id\":\"https:\/\/proclass.com.br\/home\/#\/schema\/person\/f89e1eb93d5d32c0bb465c52f87f5a00\"},\"headline\":\"Curso Pro Tools 101 com turmas abertas!\",\"datePublished\":\"2011-02-20T01:51:22+00:00\",\"dateModified\":\"2012-08-24T01:55:43+00:00\",\"mainEntityOfPage\":{\"@id\":\"https:\/\/proclass.com.br\/home\/2011\/02\/curso-pro-tools-101-com-turmas-abertas\/\"},\"wordCount\":669,\"commentCount\":0,\"publisher\":{\"@id\":\"https:\/\/proclass.com.br\/home\/#organization\"},\"image\":{\"@id\":\"https:\/\/proclass.com.br\/home\/2011\/02\/curso-pro-tools-101-com-turmas-abertas\/#primaryimage\"},\"thumbnailUrl\":\"http:\/\/proclass.com.br\/home\/wp-content\/uploads\/2012\/08\/pro-tools-dec14-f_64105.jpg\",\"keywords\":[\"aluno\",\"aulas\",\"autom\",\"conte\",\"converse\",\"demais\",\"digidesign\",\"experi\",\"muito tempo\",\"pro tools\"],\"articleSection\":[\"Novidades\"],\"inLanguage\":\"pt-BR\",\"potentialAction\":[{\"@type\":\"CommentAction\",\"name\":\"Comment\",\"target\":[\"https:\/\/proclass.com.br\/home\/2011\/02\/curso-pro-tools-101-com-turmas-abertas\/#respond\"]}]},{\"@type\":\"WebPage\",\"@id\":\"https:\/\/proclass.com.br\/home\/2011\/02\/curso-pro-tools-101-com-turmas-abertas\/\",\"url\":\"https:\/\/proclass.com.br\/home\/2011\/02\/curso-pro-tools-101-com-turmas-abertas\/\",\"name\":\"Curso Pro Tools 101 com turmas abertas! - PROCLASS\",\"isPartOf\":{\"@id\":\"https:\/\/proclass.com.br\/home\/#website\"},\"primaryImageOfPage\":{\"@id\":\"https:\/\/proclass.com.br\/home\/2011\/02\/curso-pro-tools-101-com-turmas-abertas\/#primaryimage\"},\"image\":{\"@id\":\"https:\/\/proclass.com.br\/home\/2011\/02\/curso-pro-tools-101-com-turmas-abertas\/#primaryimage\"},\"thumbnailUrl\":\"http:\/\/proclass.com.br\/home\/wp-content\/uploads\/2012\/08\/pro-tools-dec14-f_64105.jpg\",\"datePublished\":\"2011-02-20T01:51:22+00:00\",\"dateModified\":\"2012-08-24T01:55:43+00:00\",\"breadcrumb\":{\"@id\":\"https:\/\/proclass.com.br\/home\/2011\/02\/curso-pro-tools-101-com-turmas-abertas\/#breadcrumb\"},\"inLanguage\":\"pt-BR\",\"potentialAction\":[{\"@type\":\"ReadAction\",\"target\":[\"https:\/\/proclass.com.br\/home\/2011\/02\/curso-pro-tools-101-com-turmas-abertas\/\"]}]},{\"@type\":\"ImageObject\",\"inLanguage\":\"pt-BR\",\"@id\":\"https:\/\/proclass.com.br\/home\/2011\/02\/curso-pro-tools-101-com-turmas-abertas\/#primaryimage\",\"url\":\"https:\/\/proclass.com.br\/home\/wp-content\/uploads\/2012\/08\/pro-tools-dec14-f_64105.jpg\",\"contentUrl\":\"https:\/\/proclass.com.br\/home\/wp-content\/uploads\/2012\/08\/pro-tools-dec14-f_64105.jpg\",\"width\":\"400\",\"height\":\"326\"},{\"@type\":\"BreadcrumbList\",\"@id\":\"https:\/\/proclass.com.br\/home\/2011\/02\/curso-pro-tools-101-com-turmas-abertas\/#breadcrumb\",\"itemListElement\":[{\"@type\":\"ListItem\",\"position\":1,\"name\":\"In\u00edcio\",\"item\":\"https:\/\/proclass.com.br\/home\/\"},{\"@type\":\"ListItem\",\"position\":2,\"name\":\"Curso Pro Tools 101 com turmas abertas!\"}]},{\"@type\":\"WebSite\",\"@id\":\"https:\/\/proclass.com.br\/home\/#website\",\"url\":\"https:\/\/proclass.com.br\/home\/\",\"name\":\"PROCLASS\",\"description\":\"CURSOS E TREINAMENTOS\",\"publisher\":{\"@id\":\"https:\/\/proclass.com.br\/home\/#organization\"},\"potentialAction\":[{\"@type\":\"SearchAction\",\"target\":{\"@type\":\"EntryPoint\",\"urlTemplate\":\"https:\/\/proclass.com.br\/home\/?s={search_term_string}\"},\"query-input\":{\"@type\":\"PropertyValueSpecification\",\"valueRequired\":true,\"valueName\":\"search_term_string\"}}],\"inLanguage\":\"pt-BR\"},{\"@type\":\"Organization\",\"@id\":\"https:\/\/proclass.com.br\/home\/#organization\",\"name\":\"PROCLASS\",\"url\":\"https:\/\/proclass.com.br\/home\/\",\"logo\":{\"@type\":\"ImageObject\",\"inLanguage\":\"pt-BR\",\"@id\":\"https:\/\/proclass.com.br\/home\/#\/schema\/logo\/image\/\",\"url\":\"https:\/\/proclass.com.br\/home\/wp-content\/uploads\/2023\/06\/CABECALHO-black_PROCLASS-2023.png\",\"contentUrl\":\"https:\/\/proclass.com.br\/home\/wp-content\/uploads\/2023\/06\/CABECALHO-black_PROCLASS-2023.png\",\"width\":2563,\"height\":911,\"caption\":\"PROCLASS\"},\"image\":{\"@id\":\"https:\/\/proclass.com.br\/home\/#\/schema\/logo\/image\/\"}},{\"@type\":\"Person\",\"@id\":\"https:\/\/proclass.com.br\/home\/#\/schema\/person\/f89e1eb93d5d32c0bb465c52f87f5a00\",\"name\":\"ProClass Treinamentos\",\"image\":{\"@type\":\"ImageObject\",\"inLanguage\":\"pt-BR\",\"@id\":\"https:\/\/proclass.com.br\/home\/#\/schema\/person\/image\/\",\"url\":\"https:\/\/secure.gravatar.com\/avatar\/3878d7a575c7ac355d2c778d5de04af08b7c5a7d9f19b2889f26cc7d80a6a832?s=96&d=blank&r=g\",\"contentUrl\":\"https:\/\/secure.gravatar.com\/avatar\/3878d7a575c7ac355d2c778d5de04af08b7c5a7d9f19b2889f26cc7d80a6a832?s=96&d=blank&r=g\",\"caption\":\"ProClass Treinamentos\"},\"url\":\"https:\/\/proclass.com.br\/home\/author\/proclass\/\"}]}<\/script>\n<!-- \/ Yoast SEO plugin. -->","yoast_head_json":{"title":"Curso Pro Tools 101 com turmas abertas! - PROCLASS","robots":{"index":"index","follow":"follow","max-snippet":"max-snippet:-1","max-image-preview":"max-image-preview:large","max-video-preview":"max-video-preview:-1"},"canonical":"https:\/\/proclass.com.br\/home\/2011\/02\/curso-pro-tools-101-com-turmas-abertas\/","og_locale":"pt_BR","og_type":"article","og_title":"Curso Pro Tools 101 com turmas abertas! - PROCLASS","og_description":"O que \u00e9 o curso Pro Tools 101? Pro Tools 101 \u2013 Introdu\u00e7\u00e3o ao Pro Tools, \u00e9 o primeiro curso do programa internacional de treinamentos da oficial da Digidesign. Saiba mais sobre o programa completo em: http:\/\/www.digidesign.com\/index.cfm?navid=42&amp;langid=100&amp;categoryid=27 Conte\u00fado: os cursos 101 e 110 abordam os sistemas Pro Tools LE e M-Powered. Ao final deles, oContinue reading &rarr;","og_url":"https:\/\/proclass.com.br\/home\/2011\/02\/curso-pro-tools-101-com-turmas-abertas\/","og_site_name":"PROCLASS","article_published_time":"2011-02-20T01:51:22+00:00","article_modified_time":"2012-08-24T01:55:43+00:00","og_image":[{"url":"http:\/\/proclass.com.br\/home\/wp-content\/uploads\/2012\/08\/pro-tools-dec14-f_64105.jpg","type":"","width":"","height":""}],"author":"ProClass Treinamentos","twitter_card":"summary_large_image","twitter_misc":{"Escrito por":"ProClass Treinamentos","Est. tempo de leitura":"3 minutos"},"schema":{"@context":"https:\/\/schema.org","@graph":[{"@type":"Article","@id":"https:\/\/proclass.com.br\/home\/2011\/02\/curso-pro-tools-101-com-turmas-abertas\/#article","isPartOf":{"@id":"https:\/\/proclass.com.br\/home\/2011\/02\/curso-pro-tools-101-com-turmas-abertas\/"},"author":{"name":"ProClass Treinamentos","@id":"https:\/\/proclass.com.br\/home\/#\/schema\/person\/f89e1eb93d5d32c0bb465c52f87f5a00"},"headline":"Curso Pro Tools 101 com turmas abertas!","datePublished":"2011-02-20T01:51:22+00:00","dateModified":"2012-08-24T01:55:43+00:00","mainEntityOfPage":{"@id":"https:\/\/proclass.com.br\/home\/2011\/02\/curso-pro-tools-101-com-turmas-abertas\/"},"wordCount":669,"commentCount":0,"publisher":{"@id":"https:\/\/proclass.com.br\/home\/#organization"},"image":{"@id":"https:\/\/proclass.com.br\/home\/2011\/02\/curso-pro-tools-101-com-turmas-abertas\/#primaryimage"},"thumbnailUrl":"http:\/\/proclass.com.br\/home\/wp-content\/uploads\/2012\/08\/pro-tools-dec14-f_64105.jpg","keywords":["aluno","aulas","autom","conte","converse","demais","digidesign","experi","muito tempo","pro tools"],"articleSection":["Novidades"],"inLanguage":"pt-BR","potentialAction":[{"@type":"CommentAction","name":"Comment","target":["https:\/\/proclass.com.br\/home\/2011\/02\/curso-pro-tools-101-com-turmas-abertas\/#respond"]}]},{"@type":"WebPage","@id":"https:\/\/proclass.com.br\/home\/2011\/02\/curso-pro-tools-101-com-turmas-abertas\/","url":"https:\/\/proclass.com.br\/home\/2011\/02\/curso-pro-tools-101-com-turmas-abertas\/","name":"Curso Pro Tools 101 com turmas abertas! - PROCLASS","isPartOf":{"@id":"https:\/\/proclass.com.br\/home\/#website"},"primaryImageOfPage":{"@id":"https:\/\/proclass.com.br\/home\/2011\/02\/curso-pro-tools-101-com-turmas-abertas\/#primaryimage"},"image":{"@id":"https:\/\/proclass.com.br\/home\/2011\/02\/curso-pro-tools-101-com-turmas-abertas\/#primaryimage"},"thumbnailUrl":"http:\/\/proclass.com.br\/home\/wp-content\/uploads\/2012\/08\/pro-tools-dec14-f_64105.jpg","datePublished":"2011-02-20T01:51:22+00:00","dateModified":"2012-08-24T01:55:43+00:00","breadcrumb":{"@id":"https:\/\/proclass.com.br\/home\/2011\/02\/curso-pro-tools-101-com-turmas-abertas\/#breadcrumb"},"inLanguage":"pt-BR","potentialAction":[{"@type":"ReadAction","target":["https:\/\/proclass.com.br\/home\/2011\/02\/curso-pro-tools-101-com-turmas-abertas\/"]}]},{"@type":"ImageObject","inLanguage":"pt-BR","@id":"https:\/\/proclass.com.br\/home\/2011\/02\/curso-pro-tools-101-com-turmas-abertas\/#primaryimage","url":"https:\/\/proclass.com.br\/home\/wp-content\/uploads\/2012\/08\/pro-tools-dec14-f_64105.jpg","contentUrl":"https:\/\/proclass.com.br\/home\/wp-content\/uploads\/2012\/08\/pro-tools-dec14-f_64105.jpg","width":"400","height":"326"},{"@type":"BreadcrumbList","@id":"https:\/\/proclass.com.br\/home\/2011\/02\/curso-pro-tools-101-com-turmas-abertas\/#breadcrumb","itemListElement":[{"@type":"ListItem","position":1,"name":"In\u00edcio","item":"https:\/\/proclass.com.br\/home\/"},{"@type":"ListItem","position":2,"name":"Curso Pro Tools 101 com turmas abertas!"}]},{"@type":"WebSite","@id":"https:\/\/proclass.com.br\/home\/#website","url":"https:\/\/proclass.com.br\/home\/","name":"PROCLASS","description":"CURSOS E TREINAMENTOS","publisher":{"@id":"https:\/\/proclass.com.br\/home\/#organization"},"potentialAction":[{"@type":"SearchAction","target":{"@type":"EntryPoint","urlTemplate":"https:\/\/proclass.com.br\/home\/?s={search_term_string}"},"query-input":{"@type":"PropertyValueSpecification","valueRequired":true,"valueName":"search_term_string"}}],"inLanguage":"pt-BR"},{"@type":"Organization","@id":"https:\/\/proclass.com.br\/home\/#organization","name":"PROCLASS","url":"https:\/\/proclass.com.br\/home\/","logo":{"@type":"ImageObject","inLanguage":"pt-BR","@id":"https:\/\/proclass.com.br\/home\/#\/schema\/logo\/image\/","url":"https:\/\/proclass.com.br\/home\/wp-content\/uploads\/2023\/06\/CABECALHO-black_PROCLASS-2023.png","contentUrl":"https:\/\/proclass.com.br\/home\/wp-content\/uploads\/2023\/06\/CABECALHO-black_PROCLASS-2023.png","width":2563,"height":911,"caption":"PROCLASS"},"image":{"@id":"https:\/\/proclass.com.br\/home\/#\/schema\/logo\/image\/"}},{"@type":"Person","@id":"https:\/\/proclass.com.br\/home\/#\/schema\/person\/f89e1eb93d5d32c0bb465c52f87f5a00","name":"ProClass Treinamentos","image":{"@type":"ImageObject","inLanguage":"pt-BR","@id":"https:\/\/proclass.com.br\/home\/#\/schema\/person\/image\/","url":"https:\/\/secure.gravatar.com\/avatar\/3878d7a575c7ac355d2c778d5de04af08b7c5a7d9f19b2889f26cc7d80a6a832?s=96&d=blank&r=g","contentUrl":"https:\/\/secure.gravatar.com\/avatar\/3878d7a575c7ac355d2c778d5de04af08b7c5a7d9f19b2889f26cc7d80a6a832?s=96&d=blank&r=g","caption":"ProClass Treinamentos"},"url":"https:\/\/proclass.com.br\/home\/author\/proclass\/"}]}},"_links":{"self":[{"href":"https:\/\/proclass.com.br\/home\/wp-json\/wp\/v2\/posts\/939","targetHints":{"allow":["GET"]}}],"collection":[{"href":"https:\/\/proclass.com.br\/home\/wp-json\/wp\/v2\/posts"}],"about":[{"href":"https:\/\/proclass.com.br\/home\/wp-json\/wp\/v2\/types\/post"}],"author":[{"embeddable":true,"href":"https:\/\/proclass.com.br\/home\/wp-json\/wp\/v2\/users\/4"}],"replies":[{"embeddable":true,"href":"https:\/\/proclass.com.br\/home\/wp-json\/wp\/v2\/comments?post=939"}],"version-history":[{"count":0,"href":"https:\/\/proclass.com.br\/home\/wp-json\/wp\/v2\/posts\/939\/revisions"}],"wp:attachment":[{"href":"https:\/\/proclass.com.br\/home\/wp-json\/wp\/v2\/media?parent=939"}],"wp:term":[{"taxonomy":"category","embeddable":true,"href":"https:\/\/proclass.com.br\/home\/wp-json\/wp\/v2\/categories?post=939"},{"taxonomy":"post_tag","embeddable":true,"href":"https:\/\/proclass.com.br\/home\/wp-json\/wp\/v2\/tags?post=939"}],"curies":[{"name":"wp","href":"https:\/\/api.w.org\/{rel}","templated":true}]}}