{"id":937,"date":"2011-01-15T22:50:18","date_gmt":"2011-01-16T01:50:18","guid":{"rendered":"http:\/\/proclass.com.br\/home\/?p=937"},"modified":"2012-08-23T22:51:09","modified_gmt":"2012-08-24T01:51:09","slug":"namm-show-acompanhe-as-noticias-no-overdubbing","status":"publish","type":"post","link":"https:\/\/proclass.com.br\/home\/2011\/01\/namm-show-acompanhe-as-noticias-no-overdubbing\/","title":{"rendered":"NAMM show \u2013 Acompanhe as not\u00edcias no overdubbing"},"content":{"rendered":"<p style=\"text-align: justify;\">O NAMM show, maior evento de m\u00fasica do ano, est\u00e1 acontecendo em Anaheim \/CA (EUA). O evento \u00e9 um trade show somente aberto a empresas.<\/p>\n<p style=\"text-align: justify;\">Estou tendo o privil\u00e9gio de participar e aqui segue a dica para quem quer acompanhar as novidades \u00e0 dist\u00e2ncia: o blog overdubbing, do jornal O Globo, est\u00e1 cobrindo o evento com not\u00edcias fresquinhas da feira:<\/p>\n<p style=\"text-align: justify;\"><a href=\"http:\/\/oglobo.globo.com\/blogs\/overdubbing\/\">http:\/\/oglobo.globo.com\/blogs\/overdubbing\/<\/a><\/p>\n<p style=\"text-align: justify;\">Abra\u00e7os!<\/p>\n","protected":false},"excerpt":{"rendered":"<p>O NAMM show, maior evento de m\u00fasica do ano, est\u00e1 acontecendo em Anaheim \/CA (EUA). O evento \u00e9 um trade show somente aberto a empresas. Estou tendo o privil\u00e9gio de participar e aqui segue a dica para quem quer acompanhar as novidades \u00e0 dist\u00e2ncia: o blog overdubbing, do jornal O Globo, est\u00e1 cobrindo o eventoContinue reading &rarr;<\/p>\n","protected":false},"author":4,"featured_media":0,"comment_status":"open","ping_status":"open","sticky":false,"template":"","format":"standard","meta":{"footnotes":""},"categories":[1],"tags":[95,87,99,94,98,93,92,25,96,97],"class_list":["post-937","post","type-post","status-publish","format-standard","hentry","category-novidades","tag-anaheim","tag-autom","tag-blog","tag-evento","tag-feira","tag-jornal-o-globo","tag-namm-show","tag-novidades-2","tag-para-quem","tag-somente","no-thumb"],"yoast_head":"<!-- This site is optimized with the Yoast SEO plugin v26.9 - https:\/\/yoast.com\/product\/yoast-seo-wordpress\/ -->\n<title>NAMM show \u2013 Acompanhe as not\u00edcias no overdubbing - PROCLASS<\/title>\n<meta name=\"robots\" content=\"index, follow, max-snippet:-1, max-image-preview:large, max-video-preview:-1\" \/>\n<link rel=\"canonical\" href=\"https:\/\/proclass.com.br\/home\/2011\/01\/namm-show-acompanhe-as-noticias-no-overdubbing\/\" \/>\n<meta property=\"og:locale\" content=\"pt_BR\" \/>\n<meta property=\"og:type\" content=\"article\" \/>\n<meta property=\"og:title\" content=\"NAMM show \u2013 Acompanhe as not\u00edcias no overdubbing - PROCLASS\" \/>\n<meta property=\"og:description\" content=\"O NAMM show, maior evento de m\u00fasica do ano, est\u00e1 acontecendo em Anaheim \/CA (EUA). O evento \u00e9 um trade show somente aberto a empresas. Estou tendo o privil\u00e9gio de participar e aqui segue a dica para quem quer acompanhar as novidades \u00e0 dist\u00e2ncia: o blog overdubbing, do jornal O Globo, est\u00e1 cobrindo o eventoContinue reading &rarr;\" \/>\n<meta property=\"og:url\" content=\"https:\/\/proclass.com.br\/home\/2011\/01\/namm-show-acompanhe-as-noticias-no-overdubbing\/\" \/>\n<meta property=\"og:site_name\" content=\"PROCLASS\" \/>\n<meta property=\"article:published_time\" content=\"2011-01-16T01:50:18+00:00\" \/>\n<meta property=\"article:modified_time\" content=\"2012-08-24T01:51:09+00:00\" \/>\n<meta name=\"author\" content=\"ProClass Treinamentos\" \/>\n<meta name=\"twitter:card\" content=\"summary_large_image\" \/>\n<meta name=\"twitter:label1\" content=\"Escrito por\" \/>\n\t<meta name=\"twitter:data1\" content=\"ProClass Treinamentos\" \/>\n<script type=\"application\/ld+json\" class=\"yoast-schema-graph\">{\"@context\":\"https:\/\/schema.org\",\"@graph\":[{\"@type\":\"Article\",\"@id\":\"https:\/\/proclass.com.br\/home\/2011\/01\/namm-show-acompanhe-as-noticias-no-overdubbing\/#article\",\"isPartOf\":{\"@id\":\"https:\/\/proclass.com.br\/home\/2011\/01\/namm-show-acompanhe-as-noticias-no-overdubbing\/\"},\"author\":{\"name\":\"ProClass Treinamentos\",\"@id\":\"https:\/\/proclass.com.br\/home\/#\/schema\/person\/f89e1eb93d5d32c0bb465c52f87f5a00\"},\"headline\":\"NAMM show \u2013 Acompanhe as not\u00edcias no overdubbing\",\"datePublished\":\"2011-01-16T01:50:18+00:00\",\"dateModified\":\"2012-08-24T01:51:09+00:00\",\"mainEntityOfPage\":{\"@id\":\"https:\/\/proclass.com.br\/home\/2011\/01\/namm-show-acompanhe-as-noticias-no-overdubbing\/\"},\"wordCount\":78,\"commentCount\":0,\"publisher\":{\"@id\":\"https:\/\/proclass.com.br\/home\/#organization\"},\"keywords\":[\"anaheim\",\"autom\",\"blog\",\"evento\",\"feira\",\"jornal o globo\",\"namm show\",\"novidades\",\"para quem\",\"somente\"],\"articleSection\":[\"Novidades\"],\"inLanguage\":\"pt-BR\",\"potentialAction\":[{\"@type\":\"CommentAction\",\"name\":\"Comment\",\"target\":[\"https:\/\/proclass.com.br\/home\/2011\/01\/namm-show-acompanhe-as-noticias-no-overdubbing\/#respond\"]}]},{\"@type\":\"WebPage\",\"@id\":\"https:\/\/proclass.com.br\/home\/2011\/01\/namm-show-acompanhe-as-noticias-no-overdubbing\/\",\"url\":\"https:\/\/proclass.com.br\/home\/2011\/01\/namm-show-acompanhe-as-noticias-no-overdubbing\/\",\"name\":\"NAMM show \u2013 Acompanhe as not\u00edcias no overdubbing - PROCLASS\",\"isPartOf\":{\"@id\":\"https:\/\/proclass.com.br\/home\/#website\"},\"datePublished\":\"2011-01-16T01:50:18+00:00\",\"dateModified\":\"2012-08-24T01:51:09+00:00\",\"breadcrumb\":{\"@id\":\"https:\/\/proclass.com.br\/home\/2011\/01\/namm-show-acompanhe-as-noticias-no-overdubbing\/#breadcrumb\"},\"inLanguage\":\"pt-BR\",\"potentialAction\":[{\"@type\":\"ReadAction\",\"target\":[\"https:\/\/proclass.com.br\/home\/2011\/01\/namm-show-acompanhe-as-noticias-no-overdubbing\/\"]}]},{\"@type\":\"BreadcrumbList\",\"@id\":\"https:\/\/proclass.com.br\/home\/2011\/01\/namm-show-acompanhe-as-noticias-no-overdubbing\/#breadcrumb\",\"itemListElement\":[{\"@type\":\"ListItem\",\"position\":1,\"name\":\"In\u00edcio\",\"item\":\"https:\/\/proclass.com.br\/home\/\"},{\"@type\":\"ListItem\",\"position\":2,\"name\":\"NAMM show \u2013 Acompanhe as not\u00edcias no overdubbing\"}]},{\"@type\":\"WebSite\",\"@id\":\"https:\/\/proclass.com.br\/home\/#website\",\"url\":\"https:\/\/proclass.com.br\/home\/\",\"name\":\"PROCLASS\",\"description\":\"CURSOS E TREINAMENTOS\",\"publisher\":{\"@id\":\"https:\/\/proclass.com.br\/home\/#organization\"},\"potentialAction\":[{\"@type\":\"SearchAction\",\"target\":{\"@type\":\"EntryPoint\",\"urlTemplate\":\"https:\/\/proclass.com.br\/home\/?s={search_term_string}\"},\"query-input\":{\"@type\":\"PropertyValueSpecification\",\"valueRequired\":true,\"valueName\":\"search_term_string\"}}],\"inLanguage\":\"pt-BR\"},{\"@type\":\"Organization\",\"@id\":\"https:\/\/proclass.com.br\/home\/#organization\",\"name\":\"PROCLASS\",\"url\":\"https:\/\/proclass.com.br\/home\/\",\"logo\":{\"@type\":\"ImageObject\",\"inLanguage\":\"pt-BR\",\"@id\":\"https:\/\/proclass.com.br\/home\/#\/schema\/logo\/image\/\",\"url\":\"https:\/\/proclass.com.br\/home\/wp-content\/uploads\/2023\/06\/CABECALHO-black_PROCLASS-2023.png\",\"contentUrl\":\"https:\/\/proclass.com.br\/home\/wp-content\/uploads\/2023\/06\/CABECALHO-black_PROCLASS-2023.png\",\"width\":2563,\"height\":911,\"caption\":\"PROCLASS\"},\"image\":{\"@id\":\"https:\/\/proclass.com.br\/home\/#\/schema\/logo\/image\/\"}},{\"@type\":\"Person\",\"@id\":\"https:\/\/proclass.com.br\/home\/#\/schema\/person\/f89e1eb93d5d32c0bb465c52f87f5a00\",\"name\":\"ProClass Treinamentos\",\"image\":{\"@type\":\"ImageObject\",\"inLanguage\":\"pt-BR\",\"@id\":\"https:\/\/proclass.com.br\/home\/#\/schema\/person\/image\/\",\"url\":\"https:\/\/secure.gravatar.com\/avatar\/3878d7a575c7ac355d2c778d5de04af08b7c5a7d9f19b2889f26cc7d80a6a832?s=96&d=blank&r=g\",\"contentUrl\":\"https:\/\/secure.gravatar.com\/avatar\/3878d7a575c7ac355d2c778d5de04af08b7c5a7d9f19b2889f26cc7d80a6a832?s=96&d=blank&r=g\",\"caption\":\"ProClass Treinamentos\"},\"url\":\"https:\/\/proclass.com.br\/home\/author\/proclass\/\"}]}<\/script>\n<!-- \/ Yoast SEO plugin. -->","yoast_head_json":{"title":"NAMM show \u2013 Acompanhe as not\u00edcias no overdubbing - PROCLASS","robots":{"index":"index","follow":"follow","max-snippet":"max-snippet:-1","max-image-preview":"max-image-preview:large","max-video-preview":"max-video-preview:-1"},"canonical":"https:\/\/proclass.com.br\/home\/2011\/01\/namm-show-acompanhe-as-noticias-no-overdubbing\/","og_locale":"pt_BR","og_type":"article","og_title":"NAMM show \u2013 Acompanhe as not\u00edcias no overdubbing - PROCLASS","og_description":"O NAMM show, maior evento de m\u00fasica do ano, est\u00e1 acontecendo em Anaheim \/CA (EUA). O evento \u00e9 um trade show somente aberto a empresas. Estou tendo o privil\u00e9gio de participar e aqui segue a dica para quem quer acompanhar as novidades \u00e0 dist\u00e2ncia: o blog overdubbing, do jornal O Globo, est\u00e1 cobrindo o eventoContinue reading &rarr;","og_url":"https:\/\/proclass.com.br\/home\/2011\/01\/namm-show-acompanhe-as-noticias-no-overdubbing\/","og_site_name":"PROCLASS","article_published_time":"2011-01-16T01:50:18+00:00","article_modified_time":"2012-08-24T01:51:09+00:00","author":"ProClass Treinamentos","twitter_card":"summary_large_image","twitter_misc":{"Escrito por":"ProClass Treinamentos"},"schema":{"@context":"https:\/\/schema.org","@graph":[{"@type":"Article","@id":"https:\/\/proclass.com.br\/home\/2011\/01\/namm-show-acompanhe-as-noticias-no-overdubbing\/#article","isPartOf":{"@id":"https:\/\/proclass.com.br\/home\/2011\/01\/namm-show-acompanhe-as-noticias-no-overdubbing\/"},"author":{"name":"ProClass Treinamentos","@id":"https:\/\/proclass.com.br\/home\/#\/schema\/person\/f89e1eb93d5d32c0bb465c52f87f5a00"},"headline":"NAMM show \u2013 Acompanhe as not\u00edcias no overdubbing","datePublished":"2011-01-16T01:50:18+00:00","dateModified":"2012-08-24T01:51:09+00:00","mainEntityOfPage":{"@id":"https:\/\/proclass.com.br\/home\/2011\/01\/namm-show-acompanhe-as-noticias-no-overdubbing\/"},"wordCount":78,"commentCount":0,"publisher":{"@id":"https:\/\/proclass.com.br\/home\/#organization"},"keywords":["anaheim","autom","blog","evento","feira","jornal o globo","namm show","novidades","para quem","somente"],"articleSection":["Novidades"],"inLanguage":"pt-BR","potentialAction":[{"@type":"CommentAction","name":"Comment","target":["https:\/\/proclass.com.br\/home\/2011\/01\/namm-show-acompanhe-as-noticias-no-overdubbing\/#respond"]}]},{"@type":"WebPage","@id":"https:\/\/proclass.com.br\/home\/2011\/01\/namm-show-acompanhe-as-noticias-no-overdubbing\/","url":"https:\/\/proclass.com.br\/home\/2011\/01\/namm-show-acompanhe-as-noticias-no-overdubbing\/","name":"NAMM show \u2013 Acompanhe as not\u00edcias no overdubbing - PROCLASS","isPartOf":{"@id":"https:\/\/proclass.com.br\/home\/#website"},"datePublished":"2011-01-16T01:50:18+00:00","dateModified":"2012-08-24T01:51:09+00:00","breadcrumb":{"@id":"https:\/\/proclass.com.br\/home\/2011\/01\/namm-show-acompanhe-as-noticias-no-overdubbing\/#breadcrumb"},"inLanguage":"pt-BR","potentialAction":[{"@type":"ReadAction","target":["https:\/\/proclass.com.br\/home\/2011\/01\/namm-show-acompanhe-as-noticias-no-overdubbing\/"]}]},{"@type":"BreadcrumbList","@id":"https:\/\/proclass.com.br\/home\/2011\/01\/namm-show-acompanhe-as-noticias-no-overdubbing\/#breadcrumb","itemListElement":[{"@type":"ListItem","position":1,"name":"In\u00edcio","item":"https:\/\/proclass.com.br\/home\/"},{"@type":"ListItem","position":2,"name":"NAMM show \u2013 Acompanhe as not\u00edcias no overdubbing"}]},{"@type":"WebSite","@id":"https:\/\/proclass.com.br\/home\/#website","url":"https:\/\/proclass.com.br\/home\/","name":"PROCLASS","description":"CURSOS E TREINAMENTOS","publisher":{"@id":"https:\/\/proclass.com.br\/home\/#organization"},"potentialAction":[{"@type":"SearchAction","target":{"@type":"EntryPoint","urlTemplate":"https:\/\/proclass.com.br\/home\/?s={search_term_string}"},"query-input":{"@type":"PropertyValueSpecification","valueRequired":true,"valueName":"search_term_string"}}],"inLanguage":"pt-BR"},{"@type":"Organization","@id":"https:\/\/proclass.com.br\/home\/#organization","name":"PROCLASS","url":"https:\/\/proclass.com.br\/home\/","logo":{"@type":"ImageObject","inLanguage":"pt-BR","@id":"https:\/\/proclass.com.br\/home\/#\/schema\/logo\/image\/","url":"https:\/\/proclass.com.br\/home\/wp-content\/uploads\/2023\/06\/CABECALHO-black_PROCLASS-2023.png","contentUrl":"https:\/\/proclass.com.br\/home\/wp-content\/uploads\/2023\/06\/CABECALHO-black_PROCLASS-2023.png","width":2563,"height":911,"caption":"PROCLASS"},"image":{"@id":"https:\/\/proclass.com.br\/home\/#\/schema\/logo\/image\/"}},{"@type":"Person","@id":"https:\/\/proclass.com.br\/home\/#\/schema\/person\/f89e1eb93d5d32c0bb465c52f87f5a00","name":"ProClass Treinamentos","image":{"@type":"ImageObject","inLanguage":"pt-BR","@id":"https:\/\/proclass.com.br\/home\/#\/schema\/person\/image\/","url":"https:\/\/secure.gravatar.com\/avatar\/3878d7a575c7ac355d2c778d5de04af08b7c5a7d9f19b2889f26cc7d80a6a832?s=96&d=blank&r=g","contentUrl":"https:\/\/secure.gravatar.com\/avatar\/3878d7a575c7ac355d2c778d5de04af08b7c5a7d9f19b2889f26cc7d80a6a832?s=96&d=blank&r=g","caption":"ProClass Treinamentos"},"url":"https:\/\/proclass.com.br\/home\/author\/proclass\/"}]}},"_links":{"self":[{"href":"https:\/\/proclass.com.br\/home\/wp-json\/wp\/v2\/posts\/937","targetHints":{"allow":["GET"]}}],"collection":[{"href":"https:\/\/proclass.com.br\/home\/wp-json\/wp\/v2\/posts"}],"about":[{"href":"https:\/\/proclass.com.br\/home\/wp-json\/wp\/v2\/types\/post"}],"author":[{"embeddable":true,"href":"https:\/\/proclass.com.br\/home\/wp-json\/wp\/v2\/users\/4"}],"replies":[{"embeddable":true,"href":"https:\/\/proclass.com.br\/home\/wp-json\/wp\/v2\/comments?post=937"}],"version-history":[{"count":0,"href":"https:\/\/proclass.com.br\/home\/wp-json\/wp\/v2\/posts\/937\/revisions"}],"wp:attachment":[{"href":"https:\/\/proclass.com.br\/home\/wp-json\/wp\/v2\/media?parent=937"}],"wp:term":[{"taxonomy":"category","embeddable":true,"href":"https:\/\/proclass.com.br\/home\/wp-json\/wp\/v2\/categories?post=937"},{"taxonomy":"post_tag","embeddable":true,"href":"https:\/\/proclass.com.br\/home\/wp-json\/wp\/v2\/tags?post=937"}],"curies":[{"name":"wp","href":"https:\/\/api.w.org\/{rel}","templated":true}]}}