{"id":5088,"date":"2015-09-02T12:01:35","date_gmt":"2015-09-02T15:01:35","guid":{"rendered":"http:\/\/proclass.com.br\/home\/?p=5088"},"modified":"2018-06-27T23:21:34","modified_gmt":"2018-06-28T02:21:34","slug":"trabalhando-em-tracks-fechados","status":"publish","type":"post","link":"https:\/\/proclass.com.br\/home\/2015\/09\/trabalhando-em-tracks-fechados\/","title":{"rendered":"Waves Center &#8211; Trabalhando em tracks &#8220;fechados&#8221;"},"content":{"rendered":"<p><a href=\"http:\/\/musitec.com.br\"><img decoding=\"async\" class=\" aligncenter\" title=\"Audio Musica e Tecnologia Logo\" src=\"http:\/\/proclass.com.br\/home\/wp-content\/uploads\/2012\/11\/Audio-Musica-e-Tecnologia-Logo-300x80.jpg\" alt=\"\" width=\"300\" height=\"80\" \/><\/a><\/p>\n<p class=\"p1\">Artigo publicado na <strong>Revista \u00c1udio, M\u00fasica &amp; Tecnologia<\/strong>.\u00a0Para conhecer mais sobre a revista,\u00a0<a href=\"http:\/\/musitec.com.br\" target=\"_blank\">clique aqui.<\/a><\/p>\n<p>\u00a0Para saber mais sobre treinamentos e certifica\u00e7\u00f5es em <strong>Avid Media Composer<\/strong>,\u00a0<a href=\"http:\/\/proclass.com.br\/home\/cursos\/avid-media-composer\/\" target=\"_blank\">clique aqui<\/a><\/p>\n<hr \/>\n<p>&nbsp;<\/p>\n<p class=\"p1\"><b>Manipula\u00e7\u00e3o em backing tracks e loops com Waves<\/b><\/p>\n<p class=\"p1\"><b>Introdu\u00e7\u00e3o<\/b><\/p>\n<p class=\"p2\">Muitas vezes, nos encontramos numa situa\u00e7\u00e3o onde o cliente quer usar um playback j\u00e1 mixado como ponto de partida para uma produ\u00e7\u00e3o ou um loop j\u00e1 consolidado em L\/R.<\/p>\n<p class=\"p2\">O ideal seria sempre receber a sess\u00e3o aberta, mas nem sempre \u00e9 o que acontece e problema \u00e9 que sem a sess\u00e3o aberta as possibilidades para incluir estes elementos numa mix s\u00e3o bem limitadas.<\/p>\n<p class=\"p2\">Seguindo nossa s\u00e9rie de artigos sobre plug-ins Waves, vamos falar sobre alguns plug-ins que permitem um certo n\u00edvel de controle de um \u00e1udio j\u00e1 mixado em L\/R.<\/p>\n<p class=\"p3\"><b>Waves Center<\/b><\/p>\n<p class=\"p2\">Este plug-in permite que o usu\u00e1rio tenha flexibilidade no material que foi mixado com o pan no centro e o que foi mixado com o pan aberto para esquerda ou direita.<\/p>\n<p class=\"p2\">Os faders principais, servem para regular o n\u00edvel de sinal o centro (center) e L\/R (sides). No caso de um playback j\u00e1 fechado em L\/R, estes controle podem ser suficientes para abrir um pouco de &#8220;espa\u00e7o&#8221; na parte central da mix para que seja poss\u00edvel acrescentar uma voz ou qualquer outro instrumento centralizado no pan.<\/p>\n<p class=\"p2\">Mas o plug-in pode ir muito al\u00e9m. Na parte superior (fig. 1), o usu\u00e1rio pode afetar a equaliza\u00e7\u00e3o desta informa\u00e7\u00e3o que est\u00e1 no centro e nos lados. Retirar um pouco de graves (low) nas laterais pode ajudar a &#8220;limpar&#8221; e trazer clareza \u00e0 mixagem. De forma inversa, acrescentar agudos (high) nas laterais tamb\u00e9m s\u00e3o bem vindos na maioria das vezes.<\/p>\n<div id=\"attachment_5092\" style=\"width: 212px\" class=\"wp-caption aligncenter\"><a href=\"http:\/\/proclass.com.br\/home\/wp-content\/uploads\/2015\/08\/Fig.-1-Center1.png\"><img fetchpriority=\"high\" decoding=\"async\" aria-describedby=\"caption-attachment-5092\" class=\"size-medium wp-image-5092\" src=\"http:\/\/proclass.com.br\/home\/wp-content\/uploads\/2015\/08\/Fig.-1-Center1-202x300.png\" alt=\"Fig. 1 - Center\" width=\"202\" height=\"300\" srcset=\"https:\/\/proclass.com.br\/home\/wp-content\/uploads\/2015\/08\/Fig.-1-Center1-202x300.png 202w, https:\/\/proclass.com.br\/home\/wp-content\/uploads\/2015\/08\/Fig.-1-Center1-690x1024.png 690w, https:\/\/proclass.com.br\/home\/wp-content\/uploads\/2015\/08\/Fig.-1-Center1.png 948w\" sizes=\"(max-width: 202px) 100vw, 202px\" \/><\/a><p id=\"caption-attachment-5092\" class=\"wp-caption-text\">Fig. 1 &#8211; Center<\/p><\/div>\n<p><!--more--><\/p>\n<p class=\"p2\">O bot\u00e3o &#8220;punch&#8221; controla os picos sonoros (transientes), e dependendo do material pode ser interessante aliviar o centro e trazer para as laterais.<\/p>\n<p class=\"p2\">Em resumo, a id\u00e9ia deste plug-in \u00e9 possibilitar ao usu\u00e1rio redistribuir o equil\u00edbrio entre a informa\u00e7\u00e3o central e lateral para para abrir espa\u00e7o, destacar ou atenuar algum elemento baseado em sua posi\u00e7\u00e3o estereof\u00f4nica.<\/p>\n<p class=\"p1\"><b>Waves Shoeps 73<\/b><\/p>\n<p class=\"p2\">Este plug-in \u00e9 um equalizador que emula a equaliza\u00e7\u00e3o da lend\u00e1ria Neve 1073, mas neste artigo, nosso foco ser\u00e1 numa fun\u00e7\u00e3o que na realidade nem consta no hardware original. A Waves implementou nele o sistema MS Matrix, que permite que o usu\u00e1rio aplique equaliza\u00e7\u00f5es independentes para o MID (centro) e Sides (laterais) e por isso, \u00e9 um perfeito companheiro para o Center.<\/p>\n<p class=\"p2\">Para habilitar esta fun\u00e7\u00e3o, acesse o campo &#8220;EQ Mode&#8221; e altere a posi\u00e7\u00e3o da chave para MS (fig. 2) e repare o indicador &#8220;M&#8221; no lado esquerdo e &#8220;S&#8221; no lado direito. Como voc\u00eas devem imaginar, agora, os controles de equaliza\u00e7\u00e3o do lado esquerdo afetam apenas o centro e os controles do lado direito afetam apenas o extremo campo esquerdo e direito.<\/p>\n<div id=\"attachment_5093\" style=\"width: 282px\" class=\"wp-caption aligncenter\"><a href=\"http:\/\/proclass.com.br\/home\/wp-content\/uploads\/2015\/08\/Fig.-2-Schoeps-73-em-MS-Mode.png\"><img decoding=\"async\" aria-describedby=\"caption-attachment-5093\" class=\"size-medium wp-image-5093\" src=\"http:\/\/proclass.com.br\/home\/wp-content\/uploads\/2015\/08\/Fig.-2-Schoeps-73-em-MS-Mode-272x300.png\" alt=\"Fig. 2 - Schoeps 73 em MS Mode\" width=\"272\" height=\"300\" srcset=\"https:\/\/proclass.com.br\/home\/wp-content\/uploads\/2015\/08\/Fig.-2-Schoeps-73-em-MS-Mode-272x300.png 272w, https:\/\/proclass.com.br\/home\/wp-content\/uploads\/2015\/08\/Fig.-2-Schoeps-73-em-MS-Mode-928x1024.png 928w, https:\/\/proclass.com.br\/home\/wp-content\/uploads\/2015\/08\/Fig.-2-Schoeps-73-em-MS-Mode.png 1234w\" sizes=\"(max-width: 272px) 100vw, 272px\" \/><\/a><p id=\"caption-attachment-5093\" class=\"wp-caption-text\">Fig. 2 &#8211; Schoeps 73 em MS Mode<\/p><\/div>\n<p>&nbsp;<\/p>\n<p class=\"p2\">\u00c9 mais uma maneira de dar flexibilidade, &#8220;abrir espa\u00e7o&#8221; no arquivo est\u00e9reo mixado e coloc\u00e1-lo em contexto com as outras pistas do projeto.<\/p>\n<p class=\"p1\"><b>S1 Stereo Imager<\/b><\/p>\n<p class=\"p2\">Este plug-in permite ao usu\u00e1rio &#8220;expandir&#8221; a imagem est\u00e9reo atrav\u00e9s do par\u00e2metro &#8220;Width&#8221; (fig. 3). Ou seja, as informa\u00e7\u00f5es laterais se afastam do centro, aumentando a sensa\u00e7\u00e3o do campo estereof\u00f4nico.<\/p>\n<div id=\"attachment_5091\" style=\"width: 310px\" class=\"wp-caption aligncenter\"><a href=\"http:\/\/proclass.com.br\/home\/wp-content\/uploads\/2015\/08\/Fig.-3-S1-Stereo-Imager1.png\"><img loading=\"lazy\" decoding=\"async\" aria-describedby=\"caption-attachment-5091\" class=\"size-medium wp-image-5091\" src=\"http:\/\/proclass.com.br\/home\/wp-content\/uploads\/2015\/08\/Fig.-3-S1-Stereo-Imager1-300x244.png\" alt=\"Fig. 3 - S1 Stereo Imager\" width=\"300\" height=\"244\" srcset=\"https:\/\/proclass.com.br\/home\/wp-content\/uploads\/2015\/08\/Fig.-3-S1-Stereo-Imager1-300x244.png 300w, https:\/\/proclass.com.br\/home\/wp-content\/uploads\/2015\/08\/Fig.-3-S1-Stereo-Imager1-1024x832.png 1024w, https:\/\/proclass.com.br\/home\/wp-content\/uploads\/2015\/08\/Fig.-3-S1-Stereo-Imager1.png 1076w\" sizes=\"(max-width: 300px) 100vw, 300px\" \/><\/a><p id=\"caption-attachment-5091\" class=\"wp-caption-text\">Fig. 3 &#8211; S1 Stereo Imager<\/p><\/div>\n<p class=\"p2\">H\u00e1 de se ter cuidado com exageros, pois em \u00e1udio, n\u00e3o existe &#8220;ganha-ganha&#8221;. Voc\u00ea sempre ganha por um lado, mas perde por outro. Falando de forma &#8220;n\u00e3o-t\u00e9cnica&#8221;, \u00e9 importante entender que este tipo de efeito \u00e9 atingido deslocando e invertendo a fase de componentes do \u00e1udio isso pode ser prejudicial caso o \u00e1udio seja convertido para mono. Ao usar este plug-in, vale a pena confirmar sua mixagem em mono e ver se ainda est\u00e1 com o equil\u00edbrio similar a mixagem em est\u00e9reo.<\/p>\n<p class=\"p2\">E por hoje \u00e9 isso. Lembrando que s\u00e3o apenas sugest\u00f5es e pontos de partida. O estudo do \u00e1udio com artigos, cursos, tutoriais e livros s\u00e3o importantes como um ponto de partida, mas o ciclo e o estudo s\u00f3 pode ser considerado completo ap\u00f3s um certo n\u00famero de &#8220;horas de v\u00f4o&#8221;. Fa\u00e7a seus experimentos, exercite seu ouvido e senso cr\u00edtico.<\/p>\n<p class=\"p2\">Vamos ficando por aqui. Novamente, fiquem \u00e0 vontade para entrar em contato via e-mail sugerindo novos artigos e temas.<\/p>\n<p class=\"p2\">Abra\u00e7os,<\/p>\n<hr \/>\n<div><i><a href=\"http:\/\/proclass.com.br\/home\/wp-content\/uploads\/2012\/08\/cris3x4-blog-proclass.jpg\"><img loading=\"lazy\" decoding=\"async\" class=\" size-full wp-image-1057 alignleft\" src=\"http:\/\/proclass.com.br\/home\/wp-content\/uploads\/2012\/08\/cris3x4-blog-proclass.jpg\" alt=\"cris3x4 blog proclass\" width=\"74\" height=\"99\" \/><\/a>\u00a0Cristiano Moura \u00e9 instrutor certificado oficialmente pela Avid. Por meio da ProClass, \u00a0oferece consultoria, treinamentos\u00a0customizados al\u00e9m de lecionar cursos oficiais em Avid \u00a0Media Composer.<\/i><\/div>\n<p>&nbsp;<\/p>\n","protected":false},"excerpt":{"rendered":"<p>Artigo publicado na Revista \u00c1udio, M\u00fasica &amp; Tecnologia.\u00a0Para conhecer mais sobre a revista,\u00a0clique aqui. \u00a0Para saber mais sobre treinamentos e certifica\u00e7\u00f5es em Avid Media Composer,\u00a0clique aqui &nbsp; Manipula\u00e7\u00e3o em backing tracks e loops com Waves Introdu\u00e7\u00e3o Muitas vezes, nos encontramos numa situa\u00e7\u00e3o onde o cliente quer usar um playback j\u00e1 mixado como ponto de partidaContinue reading &rarr;<\/p>\n","protected":false},"author":4,"featured_media":0,"comment_status":"closed","ping_status":"closed","sticky":false,"template":"","format":"standard","meta":{"footnotes":""},"categories":[17,13,1,1070],"tags":[],"class_list":["post-5088","post","type-post","status-publish","format-standard","hentry","category-artigos","category-noticias","category-novidades","category-waves","no-thumb"],"yoast_head":"<!-- This site is optimized with the Yoast SEO plugin v26.9 - https:\/\/yoast.com\/product\/yoast-seo-wordpress\/ -->\n<title>Waves Center - Trabalhando em tracks &quot;fechados&quot; - PROCLASS<\/title>\n<meta name=\"robots\" content=\"index, follow, max-snippet:-1, max-image-preview:large, max-video-preview:-1\" \/>\n<link rel=\"canonical\" href=\"https:\/\/proclass.com.br\/home\/2015\/09\/trabalhando-em-tracks-fechados\/\" \/>\n<meta property=\"og:locale\" content=\"pt_BR\" \/>\n<meta property=\"og:type\" content=\"article\" \/>\n<meta property=\"og:title\" content=\"Waves Center - Trabalhando em tracks &quot;fechados&quot; - PROCLASS\" \/>\n<meta property=\"og:description\" content=\"Artigo publicado na Revista \u00c1udio, M\u00fasica &amp; Tecnologia.\u00a0Para conhecer mais sobre a revista,\u00a0clique aqui. \u00a0Para saber mais sobre treinamentos e certifica\u00e7\u00f5es em Avid Media Composer,\u00a0clique aqui &nbsp; Manipula\u00e7\u00e3o em backing tracks e loops com Waves Introdu\u00e7\u00e3o Muitas vezes, nos encontramos numa situa\u00e7\u00e3o onde o cliente quer usar um playback j\u00e1 mixado como ponto de partidaContinue reading &rarr;\" \/>\n<meta property=\"og:url\" content=\"https:\/\/proclass.com.br\/home\/2015\/09\/trabalhando-em-tracks-fechados\/\" \/>\n<meta property=\"og:site_name\" content=\"PROCLASS\" \/>\n<meta property=\"article:published_time\" content=\"2015-09-02T15:01:35+00:00\" \/>\n<meta property=\"article:modified_time\" content=\"2018-06-28T02:21:34+00:00\" \/>\n<meta property=\"og:image\" content=\"http:\/\/proclass.com.br\/home\/wp-content\/uploads\/2012\/11\/Audio-Musica-e-Tecnologia-Logo-300x80.jpg\" \/>\n<meta name=\"author\" content=\"ProClass Treinamentos\" \/>\n<meta name=\"twitter:card\" content=\"summary_large_image\" \/>\n<meta name=\"twitter:label1\" content=\"Escrito por\" \/>\n\t<meta name=\"twitter:data1\" content=\"ProClass Treinamentos\" \/>\n\t<meta name=\"twitter:label2\" content=\"Est. tempo de leitura\" \/>\n\t<meta name=\"twitter:data2\" content=\"4 minutos\" \/>\n<script type=\"application\/ld+json\" class=\"yoast-schema-graph\">{\"@context\":\"https:\/\/schema.org\",\"@graph\":[{\"@type\":\"Article\",\"@id\":\"https:\/\/proclass.com.br\/home\/2015\/09\/trabalhando-em-tracks-fechados\/#article\",\"isPartOf\":{\"@id\":\"https:\/\/proclass.com.br\/home\/2015\/09\/trabalhando-em-tracks-fechados\/\"},\"author\":{\"name\":\"ProClass Treinamentos\",\"@id\":\"https:\/\/proclass.com.br\/home\/#\/schema\/person\/f89e1eb93d5d32c0bb465c52f87f5a00\"},\"headline\":\"Waves Center &#8211; Trabalhando em tracks &#8220;fechados&#8221;\",\"datePublished\":\"2015-09-02T15:01:35+00:00\",\"dateModified\":\"2018-06-28T02:21:34+00:00\",\"mainEntityOfPage\":{\"@id\":\"https:\/\/proclass.com.br\/home\/2015\/09\/trabalhando-em-tracks-fechados\/\"},\"wordCount\":796,\"publisher\":{\"@id\":\"https:\/\/proclass.com.br\/home\/#organization\"},\"image\":{\"@id\":\"https:\/\/proclass.com.br\/home\/2015\/09\/trabalhando-em-tracks-fechados\/#primaryimage\"},\"thumbnailUrl\":\"http:\/\/proclass.com.br\/home\/wp-content\/uploads\/2012\/11\/Audio-Musica-e-Tecnologia-Logo-300x80.jpg\",\"articleSection\":[\"Artigos\",\"Not\u00edcias\",\"Novidades\",\"Waves\"],\"inLanguage\":\"pt-BR\"},{\"@type\":\"WebPage\",\"@id\":\"https:\/\/proclass.com.br\/home\/2015\/09\/trabalhando-em-tracks-fechados\/\",\"url\":\"https:\/\/proclass.com.br\/home\/2015\/09\/trabalhando-em-tracks-fechados\/\",\"name\":\"Waves Center - Trabalhando em tracks \\\"fechados\\\" - PROCLASS\",\"isPartOf\":{\"@id\":\"https:\/\/proclass.com.br\/home\/#website\"},\"primaryImageOfPage\":{\"@id\":\"https:\/\/proclass.com.br\/home\/2015\/09\/trabalhando-em-tracks-fechados\/#primaryimage\"},\"image\":{\"@id\":\"https:\/\/proclass.com.br\/home\/2015\/09\/trabalhando-em-tracks-fechados\/#primaryimage\"},\"thumbnailUrl\":\"http:\/\/proclass.com.br\/home\/wp-content\/uploads\/2012\/11\/Audio-Musica-e-Tecnologia-Logo-300x80.jpg\",\"datePublished\":\"2015-09-02T15:01:35+00:00\",\"dateModified\":\"2018-06-28T02:21:34+00:00\",\"breadcrumb\":{\"@id\":\"https:\/\/proclass.com.br\/home\/2015\/09\/trabalhando-em-tracks-fechados\/#breadcrumb\"},\"inLanguage\":\"pt-BR\",\"potentialAction\":[{\"@type\":\"ReadAction\",\"target\":[\"https:\/\/proclass.com.br\/home\/2015\/09\/trabalhando-em-tracks-fechados\/\"]}]},{\"@type\":\"ImageObject\",\"inLanguage\":\"pt-BR\",\"@id\":\"https:\/\/proclass.com.br\/home\/2015\/09\/trabalhando-em-tracks-fechados\/#primaryimage\",\"url\":\"https:\/\/proclass.com.br\/home\/wp-content\/uploads\/2012\/11\/Audio-Musica-e-Tecnologia-Logo.jpg\",\"contentUrl\":\"https:\/\/proclass.com.br\/home\/wp-content\/uploads\/2012\/11\/Audio-Musica-e-Tecnologia-Logo.jpg\",\"width\":\"1000\",\"height\":\"269\"},{\"@type\":\"BreadcrumbList\",\"@id\":\"https:\/\/proclass.com.br\/home\/2015\/09\/trabalhando-em-tracks-fechados\/#breadcrumb\",\"itemListElement\":[{\"@type\":\"ListItem\",\"position\":1,\"name\":\"In\u00edcio\",\"item\":\"https:\/\/proclass.com.br\/home\/\"},{\"@type\":\"ListItem\",\"position\":2,\"name\":\"Waves Center &#8211; Trabalhando em tracks &#8220;fechados&#8221;\"}]},{\"@type\":\"WebSite\",\"@id\":\"https:\/\/proclass.com.br\/home\/#website\",\"url\":\"https:\/\/proclass.com.br\/home\/\",\"name\":\"PROCLASS\",\"description\":\"CURSOS E TREINAMENTOS\",\"publisher\":{\"@id\":\"https:\/\/proclass.com.br\/home\/#organization\"},\"potentialAction\":[{\"@type\":\"SearchAction\",\"target\":{\"@type\":\"EntryPoint\",\"urlTemplate\":\"https:\/\/proclass.com.br\/home\/?s={search_term_string}\"},\"query-input\":{\"@type\":\"PropertyValueSpecification\",\"valueRequired\":true,\"valueName\":\"search_term_string\"}}],\"inLanguage\":\"pt-BR\"},{\"@type\":\"Organization\",\"@id\":\"https:\/\/proclass.com.br\/home\/#organization\",\"name\":\"PROCLASS\",\"url\":\"https:\/\/proclass.com.br\/home\/\",\"logo\":{\"@type\":\"ImageObject\",\"inLanguage\":\"pt-BR\",\"@id\":\"https:\/\/proclass.com.br\/home\/#\/schema\/logo\/image\/\",\"url\":\"https:\/\/proclass.com.br\/home\/wp-content\/uploads\/2023\/06\/CABECALHO-black_PROCLASS-2023.png\",\"contentUrl\":\"https:\/\/proclass.com.br\/home\/wp-content\/uploads\/2023\/06\/CABECALHO-black_PROCLASS-2023.png\",\"width\":2563,\"height\":911,\"caption\":\"PROCLASS\"},\"image\":{\"@id\":\"https:\/\/proclass.com.br\/home\/#\/schema\/logo\/image\/\"}},{\"@type\":\"Person\",\"@id\":\"https:\/\/proclass.com.br\/home\/#\/schema\/person\/f89e1eb93d5d32c0bb465c52f87f5a00\",\"name\":\"ProClass Treinamentos\",\"image\":{\"@type\":\"ImageObject\",\"inLanguage\":\"pt-BR\",\"@id\":\"https:\/\/proclass.com.br\/home\/#\/schema\/person\/image\/\",\"url\":\"https:\/\/secure.gravatar.com\/avatar\/3878d7a575c7ac355d2c778d5de04af08b7c5a7d9f19b2889f26cc7d80a6a832?s=96&d=blank&r=g\",\"contentUrl\":\"https:\/\/secure.gravatar.com\/avatar\/3878d7a575c7ac355d2c778d5de04af08b7c5a7d9f19b2889f26cc7d80a6a832?s=96&d=blank&r=g\",\"caption\":\"ProClass Treinamentos\"},\"url\":\"https:\/\/proclass.com.br\/home\/author\/proclass\/\"}]}<\/script>\n<!-- \/ Yoast SEO plugin. -->","yoast_head_json":{"title":"Waves Center - Trabalhando em tracks \"fechados\" - PROCLASS","robots":{"index":"index","follow":"follow","max-snippet":"max-snippet:-1","max-image-preview":"max-image-preview:large","max-video-preview":"max-video-preview:-1"},"canonical":"https:\/\/proclass.com.br\/home\/2015\/09\/trabalhando-em-tracks-fechados\/","og_locale":"pt_BR","og_type":"article","og_title":"Waves Center - Trabalhando em tracks \"fechados\" - PROCLASS","og_description":"Artigo publicado na Revista \u00c1udio, M\u00fasica &amp; Tecnologia.\u00a0Para conhecer mais sobre a revista,\u00a0clique aqui. \u00a0Para saber mais sobre treinamentos e certifica\u00e7\u00f5es em Avid Media Composer,\u00a0clique aqui &nbsp; Manipula\u00e7\u00e3o em backing tracks e loops com Waves Introdu\u00e7\u00e3o Muitas vezes, nos encontramos numa situa\u00e7\u00e3o onde o cliente quer usar um playback j\u00e1 mixado como ponto de partidaContinue reading &rarr;","og_url":"https:\/\/proclass.com.br\/home\/2015\/09\/trabalhando-em-tracks-fechados\/","og_site_name":"PROCLASS","article_published_time":"2015-09-02T15:01:35+00:00","article_modified_time":"2018-06-28T02:21:34+00:00","og_image":[{"url":"http:\/\/proclass.com.br\/home\/wp-content\/uploads\/2012\/11\/Audio-Musica-e-Tecnologia-Logo-300x80.jpg","type":"","width":"","height":""}],"author":"ProClass Treinamentos","twitter_card":"summary_large_image","twitter_misc":{"Escrito por":"ProClass Treinamentos","Est. tempo de leitura":"4 minutos"},"schema":{"@context":"https:\/\/schema.org","@graph":[{"@type":"Article","@id":"https:\/\/proclass.com.br\/home\/2015\/09\/trabalhando-em-tracks-fechados\/#article","isPartOf":{"@id":"https:\/\/proclass.com.br\/home\/2015\/09\/trabalhando-em-tracks-fechados\/"},"author":{"name":"ProClass Treinamentos","@id":"https:\/\/proclass.com.br\/home\/#\/schema\/person\/f89e1eb93d5d32c0bb465c52f87f5a00"},"headline":"Waves Center &#8211; Trabalhando em tracks &#8220;fechados&#8221;","datePublished":"2015-09-02T15:01:35+00:00","dateModified":"2018-06-28T02:21:34+00:00","mainEntityOfPage":{"@id":"https:\/\/proclass.com.br\/home\/2015\/09\/trabalhando-em-tracks-fechados\/"},"wordCount":796,"publisher":{"@id":"https:\/\/proclass.com.br\/home\/#organization"},"image":{"@id":"https:\/\/proclass.com.br\/home\/2015\/09\/trabalhando-em-tracks-fechados\/#primaryimage"},"thumbnailUrl":"http:\/\/proclass.com.br\/home\/wp-content\/uploads\/2012\/11\/Audio-Musica-e-Tecnologia-Logo-300x80.jpg","articleSection":["Artigos","Not\u00edcias","Novidades","Waves"],"inLanguage":"pt-BR"},{"@type":"WebPage","@id":"https:\/\/proclass.com.br\/home\/2015\/09\/trabalhando-em-tracks-fechados\/","url":"https:\/\/proclass.com.br\/home\/2015\/09\/trabalhando-em-tracks-fechados\/","name":"Waves Center - Trabalhando em tracks \"fechados\" - PROCLASS","isPartOf":{"@id":"https:\/\/proclass.com.br\/home\/#website"},"primaryImageOfPage":{"@id":"https:\/\/proclass.com.br\/home\/2015\/09\/trabalhando-em-tracks-fechados\/#primaryimage"},"image":{"@id":"https:\/\/proclass.com.br\/home\/2015\/09\/trabalhando-em-tracks-fechados\/#primaryimage"},"thumbnailUrl":"http:\/\/proclass.com.br\/home\/wp-content\/uploads\/2012\/11\/Audio-Musica-e-Tecnologia-Logo-300x80.jpg","datePublished":"2015-09-02T15:01:35+00:00","dateModified":"2018-06-28T02:21:34+00:00","breadcrumb":{"@id":"https:\/\/proclass.com.br\/home\/2015\/09\/trabalhando-em-tracks-fechados\/#breadcrumb"},"inLanguage":"pt-BR","potentialAction":[{"@type":"ReadAction","target":["https:\/\/proclass.com.br\/home\/2015\/09\/trabalhando-em-tracks-fechados\/"]}]},{"@type":"ImageObject","inLanguage":"pt-BR","@id":"https:\/\/proclass.com.br\/home\/2015\/09\/trabalhando-em-tracks-fechados\/#primaryimage","url":"https:\/\/proclass.com.br\/home\/wp-content\/uploads\/2012\/11\/Audio-Musica-e-Tecnologia-Logo.jpg","contentUrl":"https:\/\/proclass.com.br\/home\/wp-content\/uploads\/2012\/11\/Audio-Musica-e-Tecnologia-Logo.jpg","width":"1000","height":"269"},{"@type":"BreadcrumbList","@id":"https:\/\/proclass.com.br\/home\/2015\/09\/trabalhando-em-tracks-fechados\/#breadcrumb","itemListElement":[{"@type":"ListItem","position":1,"name":"In\u00edcio","item":"https:\/\/proclass.com.br\/home\/"},{"@type":"ListItem","position":2,"name":"Waves Center &#8211; Trabalhando em tracks &#8220;fechados&#8221;"}]},{"@type":"WebSite","@id":"https:\/\/proclass.com.br\/home\/#website","url":"https:\/\/proclass.com.br\/home\/","name":"PROCLASS","description":"CURSOS E TREINAMENTOS","publisher":{"@id":"https:\/\/proclass.com.br\/home\/#organization"},"potentialAction":[{"@type":"SearchAction","target":{"@type":"EntryPoint","urlTemplate":"https:\/\/proclass.com.br\/home\/?s={search_term_string}"},"query-input":{"@type":"PropertyValueSpecification","valueRequired":true,"valueName":"search_term_string"}}],"inLanguage":"pt-BR"},{"@type":"Organization","@id":"https:\/\/proclass.com.br\/home\/#organization","name":"PROCLASS","url":"https:\/\/proclass.com.br\/home\/","logo":{"@type":"ImageObject","inLanguage":"pt-BR","@id":"https:\/\/proclass.com.br\/home\/#\/schema\/logo\/image\/","url":"https:\/\/proclass.com.br\/home\/wp-content\/uploads\/2023\/06\/CABECALHO-black_PROCLASS-2023.png","contentUrl":"https:\/\/proclass.com.br\/home\/wp-content\/uploads\/2023\/06\/CABECALHO-black_PROCLASS-2023.png","width":2563,"height":911,"caption":"PROCLASS"},"image":{"@id":"https:\/\/proclass.com.br\/home\/#\/schema\/logo\/image\/"}},{"@type":"Person","@id":"https:\/\/proclass.com.br\/home\/#\/schema\/person\/f89e1eb93d5d32c0bb465c52f87f5a00","name":"ProClass Treinamentos","image":{"@type":"ImageObject","inLanguage":"pt-BR","@id":"https:\/\/proclass.com.br\/home\/#\/schema\/person\/image\/","url":"https:\/\/secure.gravatar.com\/avatar\/3878d7a575c7ac355d2c778d5de04af08b7c5a7d9f19b2889f26cc7d80a6a832?s=96&d=blank&r=g","contentUrl":"https:\/\/secure.gravatar.com\/avatar\/3878d7a575c7ac355d2c778d5de04af08b7c5a7d9f19b2889f26cc7d80a6a832?s=96&d=blank&r=g","caption":"ProClass Treinamentos"},"url":"https:\/\/proclass.com.br\/home\/author\/proclass\/"}]}},"_links":{"self":[{"href":"https:\/\/proclass.com.br\/home\/wp-json\/wp\/v2\/posts\/5088","targetHints":{"allow":["GET"]}}],"collection":[{"href":"https:\/\/proclass.com.br\/home\/wp-json\/wp\/v2\/posts"}],"about":[{"href":"https:\/\/proclass.com.br\/home\/wp-json\/wp\/v2\/types\/post"}],"author":[{"embeddable":true,"href":"https:\/\/proclass.com.br\/home\/wp-json\/wp\/v2\/users\/4"}],"replies":[{"embeddable":true,"href":"https:\/\/proclass.com.br\/home\/wp-json\/wp\/v2\/comments?post=5088"}],"version-history":[{"count":0,"href":"https:\/\/proclass.com.br\/home\/wp-json\/wp\/v2\/posts\/5088\/revisions"}],"wp:attachment":[{"href":"https:\/\/proclass.com.br\/home\/wp-json\/wp\/v2\/media?parent=5088"}],"wp:term":[{"taxonomy":"category","embeddable":true,"href":"https:\/\/proclass.com.br\/home\/wp-json\/wp\/v2\/categories?post=5088"},{"taxonomy":"post_tag","embeddable":true,"href":"https:\/\/proclass.com.br\/home\/wp-json\/wp\/v2\/tags?post=5088"}],"curies":[{"name":"wp","href":"https:\/\/api.w.org\/{rel}","templated":true}]}}