{"id":5082,"date":"2015-09-02T12:04:06","date_gmt":"2015-09-02T15:04:06","guid":{"rendered":"http:\/\/proclass.com.br\/home\/?p=5082"},"modified":"2015-09-02T12:04:06","modified_gmt":"2015-09-02T15:04:06","slug":"waves-reinassence-verb","status":"publish","type":"post","link":"https:\/\/proclass.com.br\/home\/2015\/09\/waves-reinassence-verb\/","title":{"rendered":"Waves Reinassence Verb"},"content":{"rendered":"<p><a href=\"http:\/\/musitec.com.br\"><img decoding=\"async\" class=\" aligncenter\" title=\"Audio Musica e Tecnologia Logo\" src=\"http:\/\/proclass.com.br\/home\/wp-content\/uploads\/2012\/11\/Audio-Musica-e-Tecnologia-Logo-300x80.jpg\" alt=\"\" width=\"300\" height=\"80\" \/><\/a><\/p>\n<p class=\"p1\">Artigo publicado na <strong>Revista \u00c1udio, M\u00fasica &amp; Tecnologia<\/strong>.\u00a0Para conhecer mais sobre a revista,\u00a0<a href=\"http:\/\/musitec.com.br\" target=\"_blank\">clique aqui.<\/a><\/p>\n<p>\u00a0Para saber mais sobre treinamentos e certifica\u00e7\u00f5es em <strong>Avid Media Composer<\/strong>,\u00a0<a href=\"http:\/\/proclass.com.br\/home\/cursos\/avid-media-composer\/\" target=\"_blank\">clique aqui<\/a><\/p>\n<hr \/>\n<p>&nbsp;<\/p>\n<p class=\"p1\"><b>Reverbera\u00e7\u00e3o para todos os gostos<\/b><\/p>\n<p class=\"p2\">O Trueverb e Reinassence Verb (tamb\u00e9m conhecido como Rverb) s\u00e3o os reverberadores mais antigos da Waves, e quando as produ\u00e7\u00f5es come\u00e7aram a migrar a mixagem para dentro do computador foram usados largamente em produ\u00e7\u00f5es de pequeno e m\u00e9dio porte, pois eram um dos \u00fanicos plug-ins nativos capazes a fazer frente aos plug-ins baseados em DSP (TDM) como os da Universal Audio, Lexicon (fig.1) e T.C. Eletronic.<\/p>\n<div id=\"attachment_5083\" style=\"width: 310px\" class=\"wp-caption aligncenter\"><a href=\"http:\/\/proclass.com.br\/home\/wp-content\/uploads\/2015\/08\/fig.-1-lexiverb.gif\"><img fetchpriority=\"high\" decoding=\"async\" aria-describedby=\"caption-attachment-5083\" class=\"size-medium wp-image-5083\" src=\"http:\/\/proclass.com.br\/home\/wp-content\/uploads\/2015\/08\/fig.-1-lexiverb-300x277.gif\" alt=\"fig. 1 - lexiverb\" width=\"300\" height=\"277\" \/><\/a><p id=\"caption-attachment-5083\" class=\"wp-caption-text\">fig. 1 &#8211; lexiverb<\/p><\/div>\n<p>&nbsp;<\/p>\n<p class=\"p2\">Neste artigo n\u00e3o vamos abordar os par\u00e2metros similares aos encontrados em outros reverberadores. Vamos concentrar em conhecer mais sobre suas caracter\u00edsticas exclusivas e\/ou pouco difundidas.<\/p>\n<p class=\"p2\"><!--more--><\/p>\n<p class=\"p1\"><b>Tipos de Reverb<\/b><\/p>\n<p class=\"p2\">O Rverb oferece os principais tipos de simula\u00e7\u00e3o de reverb como Hall, Church, Room, Plate e Chamber. Repare que existe o Hall 1 e Hall 2 (fig. 2), onde o Hall 2 \u00e9 mais m\u00e9dio do que o Hall 1. \u00c9 importante esta segunda op\u00e7\u00e3o, pois quando usado em mixagens muito complexas, um reverb muito grave tende a embolar muito e o Hall 2 se torna uma op\u00e7\u00e3o mais adequada.<\/p>\n<div id=\"attachment_5086\" style=\"width: 310px\" class=\"wp-caption aligncenter\"><a href=\"http:\/\/proclass.com.br\/home\/wp-content\/uploads\/2015\/08\/Fig.-2-Tipos-de-Reverb.png\"><img decoding=\"async\" aria-describedby=\"caption-attachment-5086\" class=\"size-medium wp-image-5086\" src=\"http:\/\/proclass.com.br\/home\/wp-content\/uploads\/2015\/08\/Fig.-2-Tipos-de-Reverb-300x189.png\" alt=\"Fig. 2 - Tipos de Reverb\" width=\"300\" height=\"189\" srcset=\"https:\/\/proclass.com.br\/home\/wp-content\/uploads\/2015\/08\/Fig.-2-Tipos-de-Reverb-300x189.png 300w, https:\/\/proclass.com.br\/home\/wp-content\/uploads\/2015\/08\/Fig.-2-Tipos-de-Reverb-1024x646.png 1024w, https:\/\/proclass.com.br\/home\/wp-content\/uploads\/2015\/08\/Fig.-2-Tipos-de-Reverb.png 1272w\" sizes=\"(max-width: 300px) 100vw, 300px\" \/><\/a><p id=\"caption-attachment-5086\" class=\"wp-caption-text\">Fig. 2 &#8211; Tipos de Reverb<\/p><\/div>\n<p>&nbsp;<\/p>\n<p class=\"p2\">Mas o que destaca o Rverb s\u00e3o seus tipos incomuns: Non-Linear, Reverse, Gated Reverb, Echoverb e Resoverb. O reverse usa o recurso do Pre Delay negativo (visto mais abaixo) enquanto Gated usa o recurso do Decay n\u00e3o linear (tamb\u00e9m visto mais abaixo). O Echoverb \u00e9 um reverb com poucas reflex\u00f5es e densidade. Simula a textura de um reverb de mola (spring) e serve mais para compor um timbre do que efetivamente soar como uma ambi\u00eancia.<\/p>\n<p class=\"p2\">Outro que n\u00e3o tem compromisso em soar como um reverb denso e grandioso \u00e9 o Resoverb. Ele tem dist\u00e2ncias equivalentes entre as primeiras reflex\u00f5es (fig. 3)e uma sonoridade bem at\u00edpica. Excelente com guitarras e sintetizadores.<\/p>\n<div id=\"attachment_5085\" style=\"width: 310px\" class=\"wp-caption aligncenter\"><a href=\"http:\/\/proclass.com.br\/home\/wp-content\/uploads\/2015\/08\/Fig.-3-Primeiras-Reflex\u00e7\u00f5es-no-Resoverb.png\"><img loading=\"lazy\" decoding=\"async\" aria-describedby=\"caption-attachment-5085\" class=\"size-medium wp-image-5085\" src=\"http:\/\/proclass.com.br\/home\/wp-content\/uploads\/2015\/08\/Fig.-3-Primeiras-Reflex\u00e7\u00f5es-no-Resoverb-300x146.png\" alt=\"Fig. 3 - Primeiras Reflex\u00e7\u00f5es no Resoverb\" width=\"300\" height=\"146\" srcset=\"https:\/\/proclass.com.br\/home\/wp-content\/uploads\/2015\/08\/Fig.-3-Primeiras-Reflex\u00e7\u00f5es-no-Resoverb-300x146.png 300w, https:\/\/proclass.com.br\/home\/wp-content\/uploads\/2015\/08\/Fig.-3-Primeiras-Reflex\u00e7\u00f5es-no-Resoverb.png 518w\" sizes=\"(max-width: 300px) 100vw, 300px\" \/><\/a><p id=\"caption-attachment-5085\" class=\"wp-caption-text\">Fig. 3 &#8211; Primeiras Reflex\u00e7\u00f5es no Resoverb<\/p><\/div>\n<p class=\"p1\"><b>Pre delay<\/b><\/p>\n<p class=\"p2\">Este par\u00e2metro \u00e9 encontrado na maioria dos reverberadores, mas o RVerb possui um recurso extra. Ao regular o Pre Delay com um valor negativo (fig. 4) o sinal original (dry) \u00e9 atrasado. \u00c9 um interessante efeito, onde a reverbera\u00e7\u00e3o pode acontecer antes do pr\u00f3prio sinal.<\/p>\n<div id=\"attachment_5084\" style=\"width: 310px\" class=\"wp-caption aligncenter\"><a href=\"http:\/\/proclass.com.br\/home\/wp-content\/uploads\/2015\/08\/Fig-4-Pre-Delay-Negativo.png\"><img loading=\"lazy\" decoding=\"async\" aria-describedby=\"caption-attachment-5084\" class=\"size-medium wp-image-5084\" src=\"http:\/\/proclass.com.br\/home\/wp-content\/uploads\/2015\/08\/Fig-4-Pre-Delay-Negativo-300x103.png\" alt=\"Fig 4 - Pre Delay Negativo\" width=\"300\" height=\"103\" srcset=\"https:\/\/proclass.com.br\/home\/wp-content\/uploads\/2015\/08\/Fig-4-Pre-Delay-Negativo-300x103.png 300w, https:\/\/proclass.com.br\/home\/wp-content\/uploads\/2015\/08\/Fig-4-Pre-Delay-Negativo.png 676w\" sizes=\"(max-width: 300px) 100vw, 300px\" \/><\/a><p id=\"caption-attachment-5084\" class=\"wp-caption-text\">Fig 4 &#8211; Pre Delay Negativo<\/p><\/div>\n<p class=\"p1\"><b>Decay<\/b><\/p>\n<p class=\"p2\">Normalmente este par\u00e2metro refere-se ao tempo de decaimento do reverb, mas no RVerb esta caracter\u00edstica \u00e9 controlada pelo par\u00e2metro &#8220;Time&#8221;.<\/p>\n<p class=\"p2\">No Rverb, o &#8220;Decay&#8221; controla a curva de decaimento do reverb. Quando o m\u00e1ximo o decaimento \u00e9 considerado &#8220;linear&#8221;, e quanto menor o valor, mais forte \u00e9 o decaimento. Isso permite uma reverbera\u00e7\u00e3o rica, por\u00e9m sem ser longa.<\/p>\n<p class=\"p1\"><b>Extras<\/b><\/p>\n<p class=\"p2\">O Reverb damping funciona de maneira bem simples. S\u00e3o duas curvas que representam o decaimento das frequ\u00eancias altas e baixas. Al\u00e9m disso, \u00e9 muito bem vindo a equaliza\u00e7\u00e3o diretamente no reverb. Sabemos que hoje n\u00e3o h\u00e1 muito problema em inserir um equalizador depois do reverb, mas n\u00e3o deixa de ser conveniente ter um controle geral diretamente no plug-in.<\/p>\n<p class=\"p2\">Hoje ficamos por aqui!<\/p>\n<p class=\"p2\">Abra\u00e7os e at\u00e9 a pr\u00f3xima.<\/p>\n<hr \/>\n<div><i><a href=\"http:\/\/proclass.com.br\/home\/wp-content\/uploads\/2012\/08\/cris3x4-blog-proclass.jpg\"><img loading=\"lazy\" decoding=\"async\" class=\" size-full wp-image-1057 alignleft\" src=\"http:\/\/proclass.com.br\/home\/wp-content\/uploads\/2012\/08\/cris3x4-blog-proclass.jpg\" alt=\"cris3x4 blog proclass\" width=\"74\" height=\"99\" \/><\/a>\u00a0Cristiano Moura \u00e9 instrutor certificado oficialmente pela Avid. Por meio da ProClass, \u00a0oferece consultoria, treinamentos\u00a0customizados al\u00e9m de lecionar cursos oficiais em Avid \u00a0Media Composer.<\/i><\/div>\n<p>&nbsp;<\/p>\n","protected":false},"excerpt":{"rendered":"<p>Artigo publicado na Revista \u00c1udio, M\u00fasica &amp; Tecnologia.\u00a0Para conhecer mais sobre a revista,\u00a0clique aqui. \u00a0Para saber mais sobre treinamentos e certifica\u00e7\u00f5es em Avid Media Composer,\u00a0clique aqui &nbsp; Reverbera\u00e7\u00e3o para todos os gostos O Trueverb e Reinassence Verb (tamb\u00e9m conhecido como Rverb) s\u00e3o os reverberadores mais antigos da Waves, e quando as produ\u00e7\u00f5es come\u00e7aram a migrarContinue reading &rarr;<\/p>\n","protected":false},"author":4,"featured_media":0,"comment_status":"closed","ping_status":"closed","sticky":false,"template":"","format":"standard","meta":{"footnotes":""},"categories":[17,13,1,1070],"tags":[],"class_list":["post-5082","post","type-post","status-publish","format-standard","hentry","category-artigos","category-noticias","category-novidades","category-waves","no-thumb"],"yoast_head":"<!-- This site is optimized with the Yoast SEO plugin v26.9 - https:\/\/yoast.com\/product\/yoast-seo-wordpress\/ -->\n<title>Waves Reinassence Verb - PROCLASS<\/title>\n<meta name=\"robots\" content=\"index, follow, max-snippet:-1, max-image-preview:large, max-video-preview:-1\" \/>\n<link rel=\"canonical\" href=\"https:\/\/proclass.com.br\/home\/2015\/09\/waves-reinassence-verb\/\" \/>\n<meta property=\"og:locale\" content=\"pt_BR\" \/>\n<meta property=\"og:type\" content=\"article\" \/>\n<meta property=\"og:title\" content=\"Waves Reinassence Verb - PROCLASS\" \/>\n<meta property=\"og:description\" content=\"Artigo publicado na Revista \u00c1udio, M\u00fasica &amp; Tecnologia.\u00a0Para conhecer mais sobre a revista,\u00a0clique aqui. \u00a0Para saber mais sobre treinamentos e certifica\u00e7\u00f5es em Avid Media Composer,\u00a0clique aqui &nbsp; Reverbera\u00e7\u00e3o para todos os gostos O Trueverb e Reinassence Verb (tamb\u00e9m conhecido como Rverb) s\u00e3o os reverberadores mais antigos da Waves, e quando as produ\u00e7\u00f5es come\u00e7aram a migrarContinue reading &rarr;\" \/>\n<meta property=\"og:url\" content=\"https:\/\/proclass.com.br\/home\/2015\/09\/waves-reinassence-verb\/\" \/>\n<meta property=\"og:site_name\" content=\"PROCLASS\" \/>\n<meta property=\"article:published_time\" content=\"2015-09-02T15:04:06+00:00\" \/>\n<meta property=\"og:image\" content=\"http:\/\/proclass.com.br\/home\/wp-content\/uploads\/2012\/11\/Audio-Musica-e-Tecnologia-Logo-300x80.jpg\" \/>\n<meta name=\"author\" content=\"ProClass Treinamentos\" \/>\n<meta name=\"twitter:card\" content=\"summary_large_image\" \/>\n<meta name=\"twitter:label1\" content=\"Escrito por\" \/>\n\t<meta name=\"twitter:data1\" content=\"ProClass Treinamentos\" \/>\n\t<meta name=\"twitter:label2\" content=\"Est. tempo de leitura\" \/>\n\t<meta name=\"twitter:data2\" content=\"3 minutos\" \/>\n<script type=\"application\/ld+json\" class=\"yoast-schema-graph\">{\"@context\":\"https:\/\/schema.org\",\"@graph\":[{\"@type\":\"Article\",\"@id\":\"https:\/\/proclass.com.br\/home\/2015\/09\/waves-reinassence-verb\/#article\",\"isPartOf\":{\"@id\":\"https:\/\/proclass.com.br\/home\/2015\/09\/waves-reinassence-verb\/\"},\"author\":{\"name\":\"ProClass Treinamentos\",\"@id\":\"https:\/\/proclass.com.br\/home\/#\/schema\/person\/f89e1eb93d5d32c0bb465c52f87f5a00\"},\"headline\":\"Waves Reinassence Verb\",\"datePublished\":\"2015-09-02T15:04:06+00:00\",\"mainEntityOfPage\":{\"@id\":\"https:\/\/proclass.com.br\/home\/2015\/09\/waves-reinassence-verb\/\"},\"wordCount\":588,\"publisher\":{\"@id\":\"https:\/\/proclass.com.br\/home\/#organization\"},\"image\":{\"@id\":\"https:\/\/proclass.com.br\/home\/2015\/09\/waves-reinassence-verb\/#primaryimage\"},\"thumbnailUrl\":\"http:\/\/proclass.com.br\/home\/wp-content\/uploads\/2012\/11\/Audio-Musica-e-Tecnologia-Logo-300x80.jpg\",\"articleSection\":[\"Artigos\",\"Not\u00edcias\",\"Novidades\",\"Waves\"],\"inLanguage\":\"pt-BR\"},{\"@type\":\"WebPage\",\"@id\":\"https:\/\/proclass.com.br\/home\/2015\/09\/waves-reinassence-verb\/\",\"url\":\"https:\/\/proclass.com.br\/home\/2015\/09\/waves-reinassence-verb\/\",\"name\":\"Waves Reinassence Verb - PROCLASS\",\"isPartOf\":{\"@id\":\"https:\/\/proclass.com.br\/home\/#website\"},\"primaryImageOfPage\":{\"@id\":\"https:\/\/proclass.com.br\/home\/2015\/09\/waves-reinassence-verb\/#primaryimage\"},\"image\":{\"@id\":\"https:\/\/proclass.com.br\/home\/2015\/09\/waves-reinassence-verb\/#primaryimage\"},\"thumbnailUrl\":\"http:\/\/proclass.com.br\/home\/wp-content\/uploads\/2012\/11\/Audio-Musica-e-Tecnologia-Logo-300x80.jpg\",\"datePublished\":\"2015-09-02T15:04:06+00:00\",\"breadcrumb\":{\"@id\":\"https:\/\/proclass.com.br\/home\/2015\/09\/waves-reinassence-verb\/#breadcrumb\"},\"inLanguage\":\"pt-BR\",\"potentialAction\":[{\"@type\":\"ReadAction\",\"target\":[\"https:\/\/proclass.com.br\/home\/2015\/09\/waves-reinassence-verb\/\"]}]},{\"@type\":\"ImageObject\",\"inLanguage\":\"pt-BR\",\"@id\":\"https:\/\/proclass.com.br\/home\/2015\/09\/waves-reinassence-verb\/#primaryimage\",\"url\":\"https:\/\/proclass.com.br\/home\/wp-content\/uploads\/2012\/11\/Audio-Musica-e-Tecnologia-Logo.jpg\",\"contentUrl\":\"https:\/\/proclass.com.br\/home\/wp-content\/uploads\/2012\/11\/Audio-Musica-e-Tecnologia-Logo.jpg\",\"width\":\"1000\",\"height\":\"269\"},{\"@type\":\"BreadcrumbList\",\"@id\":\"https:\/\/proclass.com.br\/home\/2015\/09\/waves-reinassence-verb\/#breadcrumb\",\"itemListElement\":[{\"@type\":\"ListItem\",\"position\":1,\"name\":\"In\u00edcio\",\"item\":\"https:\/\/proclass.com.br\/home\/\"},{\"@type\":\"ListItem\",\"position\":2,\"name\":\"Waves Reinassence Verb\"}]},{\"@type\":\"WebSite\",\"@id\":\"https:\/\/proclass.com.br\/home\/#website\",\"url\":\"https:\/\/proclass.com.br\/home\/\",\"name\":\"PROCLASS\",\"description\":\"CURSOS E TREINAMENTOS\",\"publisher\":{\"@id\":\"https:\/\/proclass.com.br\/home\/#organization\"},\"potentialAction\":[{\"@type\":\"SearchAction\",\"target\":{\"@type\":\"EntryPoint\",\"urlTemplate\":\"https:\/\/proclass.com.br\/home\/?s={search_term_string}\"},\"query-input\":{\"@type\":\"PropertyValueSpecification\",\"valueRequired\":true,\"valueName\":\"search_term_string\"}}],\"inLanguage\":\"pt-BR\"},{\"@type\":\"Organization\",\"@id\":\"https:\/\/proclass.com.br\/home\/#organization\",\"name\":\"PROCLASS\",\"url\":\"https:\/\/proclass.com.br\/home\/\",\"logo\":{\"@type\":\"ImageObject\",\"inLanguage\":\"pt-BR\",\"@id\":\"https:\/\/proclass.com.br\/home\/#\/schema\/logo\/image\/\",\"url\":\"https:\/\/proclass.com.br\/home\/wp-content\/uploads\/2023\/06\/CABECALHO-black_PROCLASS-2023.png\",\"contentUrl\":\"https:\/\/proclass.com.br\/home\/wp-content\/uploads\/2023\/06\/CABECALHO-black_PROCLASS-2023.png\",\"width\":2563,\"height\":911,\"caption\":\"PROCLASS\"},\"image\":{\"@id\":\"https:\/\/proclass.com.br\/home\/#\/schema\/logo\/image\/\"}},{\"@type\":\"Person\",\"@id\":\"https:\/\/proclass.com.br\/home\/#\/schema\/person\/f89e1eb93d5d32c0bb465c52f87f5a00\",\"name\":\"ProClass Treinamentos\",\"image\":{\"@type\":\"ImageObject\",\"inLanguage\":\"pt-BR\",\"@id\":\"https:\/\/proclass.com.br\/home\/#\/schema\/person\/image\/\",\"url\":\"https:\/\/secure.gravatar.com\/avatar\/3878d7a575c7ac355d2c778d5de04af08b7c5a7d9f19b2889f26cc7d80a6a832?s=96&d=blank&r=g\",\"contentUrl\":\"https:\/\/secure.gravatar.com\/avatar\/3878d7a575c7ac355d2c778d5de04af08b7c5a7d9f19b2889f26cc7d80a6a832?s=96&d=blank&r=g\",\"caption\":\"ProClass Treinamentos\"},\"url\":\"https:\/\/proclass.com.br\/home\/author\/proclass\/\"}]}<\/script>\n<!-- \/ Yoast SEO plugin. -->","yoast_head_json":{"title":"Waves Reinassence Verb - PROCLASS","robots":{"index":"index","follow":"follow","max-snippet":"max-snippet:-1","max-image-preview":"max-image-preview:large","max-video-preview":"max-video-preview:-1"},"canonical":"https:\/\/proclass.com.br\/home\/2015\/09\/waves-reinassence-verb\/","og_locale":"pt_BR","og_type":"article","og_title":"Waves Reinassence Verb - PROCLASS","og_description":"Artigo publicado na Revista \u00c1udio, M\u00fasica &amp; Tecnologia.\u00a0Para conhecer mais sobre a revista,\u00a0clique aqui. \u00a0Para saber mais sobre treinamentos e certifica\u00e7\u00f5es em Avid Media Composer,\u00a0clique aqui &nbsp; Reverbera\u00e7\u00e3o para todos os gostos O Trueverb e Reinassence Verb (tamb\u00e9m conhecido como Rverb) s\u00e3o os reverberadores mais antigos da Waves, e quando as produ\u00e7\u00f5es come\u00e7aram a migrarContinue reading &rarr;","og_url":"https:\/\/proclass.com.br\/home\/2015\/09\/waves-reinassence-verb\/","og_site_name":"PROCLASS","article_published_time":"2015-09-02T15:04:06+00:00","og_image":[{"url":"http:\/\/proclass.com.br\/home\/wp-content\/uploads\/2012\/11\/Audio-Musica-e-Tecnologia-Logo-300x80.jpg","type":"","width":"","height":""}],"author":"ProClass Treinamentos","twitter_card":"summary_large_image","twitter_misc":{"Escrito por":"ProClass Treinamentos","Est. tempo de leitura":"3 minutos"},"schema":{"@context":"https:\/\/schema.org","@graph":[{"@type":"Article","@id":"https:\/\/proclass.com.br\/home\/2015\/09\/waves-reinassence-verb\/#article","isPartOf":{"@id":"https:\/\/proclass.com.br\/home\/2015\/09\/waves-reinassence-verb\/"},"author":{"name":"ProClass Treinamentos","@id":"https:\/\/proclass.com.br\/home\/#\/schema\/person\/f89e1eb93d5d32c0bb465c52f87f5a00"},"headline":"Waves Reinassence Verb","datePublished":"2015-09-02T15:04:06+00:00","mainEntityOfPage":{"@id":"https:\/\/proclass.com.br\/home\/2015\/09\/waves-reinassence-verb\/"},"wordCount":588,"publisher":{"@id":"https:\/\/proclass.com.br\/home\/#organization"},"image":{"@id":"https:\/\/proclass.com.br\/home\/2015\/09\/waves-reinassence-verb\/#primaryimage"},"thumbnailUrl":"http:\/\/proclass.com.br\/home\/wp-content\/uploads\/2012\/11\/Audio-Musica-e-Tecnologia-Logo-300x80.jpg","articleSection":["Artigos","Not\u00edcias","Novidades","Waves"],"inLanguage":"pt-BR"},{"@type":"WebPage","@id":"https:\/\/proclass.com.br\/home\/2015\/09\/waves-reinassence-verb\/","url":"https:\/\/proclass.com.br\/home\/2015\/09\/waves-reinassence-verb\/","name":"Waves Reinassence Verb - PROCLASS","isPartOf":{"@id":"https:\/\/proclass.com.br\/home\/#website"},"primaryImageOfPage":{"@id":"https:\/\/proclass.com.br\/home\/2015\/09\/waves-reinassence-verb\/#primaryimage"},"image":{"@id":"https:\/\/proclass.com.br\/home\/2015\/09\/waves-reinassence-verb\/#primaryimage"},"thumbnailUrl":"http:\/\/proclass.com.br\/home\/wp-content\/uploads\/2012\/11\/Audio-Musica-e-Tecnologia-Logo-300x80.jpg","datePublished":"2015-09-02T15:04:06+00:00","breadcrumb":{"@id":"https:\/\/proclass.com.br\/home\/2015\/09\/waves-reinassence-verb\/#breadcrumb"},"inLanguage":"pt-BR","potentialAction":[{"@type":"ReadAction","target":["https:\/\/proclass.com.br\/home\/2015\/09\/waves-reinassence-verb\/"]}]},{"@type":"ImageObject","inLanguage":"pt-BR","@id":"https:\/\/proclass.com.br\/home\/2015\/09\/waves-reinassence-verb\/#primaryimage","url":"https:\/\/proclass.com.br\/home\/wp-content\/uploads\/2012\/11\/Audio-Musica-e-Tecnologia-Logo.jpg","contentUrl":"https:\/\/proclass.com.br\/home\/wp-content\/uploads\/2012\/11\/Audio-Musica-e-Tecnologia-Logo.jpg","width":"1000","height":"269"},{"@type":"BreadcrumbList","@id":"https:\/\/proclass.com.br\/home\/2015\/09\/waves-reinassence-verb\/#breadcrumb","itemListElement":[{"@type":"ListItem","position":1,"name":"In\u00edcio","item":"https:\/\/proclass.com.br\/home\/"},{"@type":"ListItem","position":2,"name":"Waves Reinassence Verb"}]},{"@type":"WebSite","@id":"https:\/\/proclass.com.br\/home\/#website","url":"https:\/\/proclass.com.br\/home\/","name":"PROCLASS","description":"CURSOS E TREINAMENTOS","publisher":{"@id":"https:\/\/proclass.com.br\/home\/#organization"},"potentialAction":[{"@type":"SearchAction","target":{"@type":"EntryPoint","urlTemplate":"https:\/\/proclass.com.br\/home\/?s={search_term_string}"},"query-input":{"@type":"PropertyValueSpecification","valueRequired":true,"valueName":"search_term_string"}}],"inLanguage":"pt-BR"},{"@type":"Organization","@id":"https:\/\/proclass.com.br\/home\/#organization","name":"PROCLASS","url":"https:\/\/proclass.com.br\/home\/","logo":{"@type":"ImageObject","inLanguage":"pt-BR","@id":"https:\/\/proclass.com.br\/home\/#\/schema\/logo\/image\/","url":"https:\/\/proclass.com.br\/home\/wp-content\/uploads\/2023\/06\/CABECALHO-black_PROCLASS-2023.png","contentUrl":"https:\/\/proclass.com.br\/home\/wp-content\/uploads\/2023\/06\/CABECALHO-black_PROCLASS-2023.png","width":2563,"height":911,"caption":"PROCLASS"},"image":{"@id":"https:\/\/proclass.com.br\/home\/#\/schema\/logo\/image\/"}},{"@type":"Person","@id":"https:\/\/proclass.com.br\/home\/#\/schema\/person\/f89e1eb93d5d32c0bb465c52f87f5a00","name":"ProClass Treinamentos","image":{"@type":"ImageObject","inLanguage":"pt-BR","@id":"https:\/\/proclass.com.br\/home\/#\/schema\/person\/image\/","url":"https:\/\/secure.gravatar.com\/avatar\/3878d7a575c7ac355d2c778d5de04af08b7c5a7d9f19b2889f26cc7d80a6a832?s=96&d=blank&r=g","contentUrl":"https:\/\/secure.gravatar.com\/avatar\/3878d7a575c7ac355d2c778d5de04af08b7c5a7d9f19b2889f26cc7d80a6a832?s=96&d=blank&r=g","caption":"ProClass Treinamentos"},"url":"https:\/\/proclass.com.br\/home\/author\/proclass\/"}]}},"_links":{"self":[{"href":"https:\/\/proclass.com.br\/home\/wp-json\/wp\/v2\/posts\/5082","targetHints":{"allow":["GET"]}}],"collection":[{"href":"https:\/\/proclass.com.br\/home\/wp-json\/wp\/v2\/posts"}],"about":[{"href":"https:\/\/proclass.com.br\/home\/wp-json\/wp\/v2\/types\/post"}],"author":[{"embeddable":true,"href":"https:\/\/proclass.com.br\/home\/wp-json\/wp\/v2\/users\/4"}],"replies":[{"embeddable":true,"href":"https:\/\/proclass.com.br\/home\/wp-json\/wp\/v2\/comments?post=5082"}],"version-history":[{"count":0,"href":"https:\/\/proclass.com.br\/home\/wp-json\/wp\/v2\/posts\/5082\/revisions"}],"wp:attachment":[{"href":"https:\/\/proclass.com.br\/home\/wp-json\/wp\/v2\/media?parent=5082"}],"wp:term":[{"taxonomy":"category","embeddable":true,"href":"https:\/\/proclass.com.br\/home\/wp-json\/wp\/v2\/categories?post=5082"},{"taxonomy":"post_tag","embeddable":true,"href":"https:\/\/proclass.com.br\/home\/wp-json\/wp\/v2\/tags?post=5082"}],"curies":[{"name":"wp","href":"https:\/\/api.w.org\/{rel}","templated":true}]}}