{"id":5080,"date":"2015-09-02T12:04:46","date_gmt":"2015-09-02T15:04:46","guid":{"rendered":"http:\/\/proclass.com.br\/home\/?p=5080"},"modified":"2018-06-27T23:29:12","modified_gmt":"2018-06-28T02:29:12","slug":"waves-vintage-aural-exciter","status":"publish","type":"post","link":"https:\/\/proclass.com.br\/home\/2015\/09\/waves-vintage-aural-exciter\/","title":{"rendered":"Waves Vintage Aural Exciter"},"content":{"rendered":"<p><a href=\"http:\/\/musitec.com.br\"><img decoding=\"async\" class=\" aligncenter\" title=\"Audio Musica e Tecnologia Logo\" src=\"http:\/\/proclass.com.br\/home\/wp-content\/uploads\/2012\/11\/Audio-Musica-e-Tecnologia-Logo-300x80.jpg\" alt=\"\" width=\"300\" height=\"80\" \/><\/a><\/p>\n<p class=\"p1\">Artigo publicado na <strong>Revista \u00c1udio, M\u00fasica &amp; Tecnologia<\/strong>.\u00a0Para conhecer mais sobre a revista,\u00a0<a href=\"http:\/\/musitec.com.br\" target=\"_blank\" rel=\"noopener\">clique aqui.<\/a><\/p>\n<p>\u00a0Para saber mais sobre treinamentos e certifica\u00e7\u00f5es em <strong>Avid Media Composer<\/strong>,\u00a0<a href=\"http:\/\/proclass.com.br\/home\/cursos\/avid-media-composer\/\" target=\"_blank\" rel=\"noopener\">clique aqui<\/a><\/p>\n<hr \/>\n<p>&nbsp;<\/p>\n<p class=\"p1\"><b>O curioso processador que tem at\u00e9 cr\u00e9dito em discos<\/b><\/p>\n<p class=\"p2\">Neste m\u00eas, convidamos Katia Dotto para falar sobre suas experi\u00eancias com o Aural Exciter.<\/p>\n<p class=\"p2\">Ol\u00e1 pessoal, sou cantora, musicista e compositora, trabalho com grava\u00e7\u00e3o, mixagem e produ\u00e7\u00e3o de artistas no meu est\u00fadio. Tamb\u00e9m sou certificada pela Avid como Pro Tools Expert Certified, e leciono cursos de Pro Tools e Mixagem na ProClass. Desde que essa nova era tecnol\u00f3gica possibilitou termos nosso pr\u00f3prio equipamento em casa ou em um pequeno estudio, penso que muitos leitores, possam se identificar com a minha trajet\u00f3ria, porque acabei me apaixonando pelo mundo da grava\u00e7\u00e3o e da mixagem enquanto ainda na carreira de musicista e cantora solo e hoje em dia tenho passado mais tempo com outros artistas no est\u00fadio do que no palco.<\/p>\n<p class=\"p1\"><b>O misterioso Aphex Aural Exciter<\/b><\/p>\n<p class=\"p2\">O Aphex Aural Exciter surgiu em meados da d\u00e9cada de 70 nos Estados Unidos e esteve presente nas grava\u00e7\u00f5es de maioria dos grandes artistas da \u00e9poca, por causa da sua habilidade em real\u00e7ar a presen\u00e7a, o brilho e a claridade em vocais e instrumentos tanto ac\u00fasticos quanto el\u00e9tricos. Uma curiosidade sobre o Aural Exciter \u00e9 que muitas vezes no in\u00edcio de sua apari\u00e7\u00e3o no mercado, eram dados os devidos cr\u00e9ditos na ficha t\u00e9cnica dos discos em que era usado como por exemplo \u201cEsse disco foi mixado usando o sistema Aphex Aural Exciter\u201d ou as vezes era at\u00e9 \u201ccategorizado\u201d como um m\u00fasico de grava\u00e7\u00e3o, tamanho era o mist\u00e9rio que cercava sua tecnologia, e pra quem ainda n\u00e3o conhecia o Aural Exciter, alguns achavam que era algum tipo de \u201cpegadinha\u201d, como conta o pr\u00f3prio Val Garay que foi um dos principais divulgadores do Aphex Aural Exciter.<\/p>\n<p class=\"p2\"><!--more--><\/p>\n<p class=\"p2\">Uma pergunta comum \u00e9: Porque usar o Aphex Aural Exciter e n\u00e3o simplesmente um equalizador?<\/p>\n<p class=\"p2\">Bem, primeiro porque a claridade e presen\u00e7a que ele traz n\u00e3o se consegue com nenhum equalizador, em segundo lugar porque o Aural Exciter tamb\u00e9m cria uma sensa\u00e7\u00e3o de que este \u201cbrilho\u201d vai um pouco al\u00e9m do nosso panorama L\/R, quase como se ele posicionasse o instrumento al\u00e9m de nossas caixas, e acho que s\u00e3o essas caracter\u00edsticas que o tornaram t\u00e3o popular at\u00e9 os dias de hoje.<\/p>\n<p class=\"p2\">Esta vers\u00e3o do plug-in da Waves foi desenvolvida a partir de uma das \u00fanicas unidades valvuladas (\u201ctube-powered\u201d) produzidas, porque existiam poucos modelos valvulados no mercado e sua vers\u00e3o mais comum era a vers\u00e3o solid-state. O modelo usado pela Waves para criar o plug-in foi o 402. Apesar de hoje em dia o circuito do Aural Exciter ter sido licenciado por outros fabricantes e existirem modelos similares, os modelos da Aphex continuam sendo padr\u00e3o de refer\u00eancia em todo mundo.<\/p>\n<p class=\"p1\"><b>Par\u00e2metros: modos de opera\u00e7\u00e3o<\/b><\/p>\n<p class=\"p2\">O Aural Exciter possui 4 modos de opera\u00e7\u00e3o:<\/p>\n<ol class=\"ol1\">\n<li class=\"li3\">BP<\/li>\n<li class=\"li3\">MIX1<\/li>\n<li class=\"li3\">MIX2<\/li>\n<li class=\"li3\">AX<\/li>\n<\/ol>\n<p class=\"p2\">BP \u00e9 o Bypass, onde o sinal passa sem processamento. Por\u00e9m, \u00e9 importante saber que ele n\u00e3o se comporta como um bypass \u201cpuro\u201d ou true-bypass, pois o plug-in emula exatamente a sua vers\u00e3o f\u00edsica, onde mesmo em bypass ele modifica do som.<\/p>\n<p class=\"p2\">Com rela\u00e7\u00e3o aos modos de &#8220;MIX&#8221;, vamos come\u00e7ar com o &#8220;MIX2&#8221;. Ele se comporta como a fun\u00e7\u00e3o &#8220;Mix&#8221; do hardware, projetado para ser fisicamente ligado no insert do canal, e n\u00e3o como send\/return. Para controlar a intensidade do efeito, usa-se o bot\u00e3o &#8220;AX Mix&#8221;.<\/p>\n<p class=\"p2\">J\u00e1 o modo AX foi projetado para ser utilizado em paralelo (send\/return), por meio de um Aux Send e o efeito inserido num track auxiliar (return). Desta maneira, o usu\u00e1rio pode equilibrar a rela\u00e7\u00e3o entre som direto e som processado por meio do Aux Send. Inclusive, note que bot\u00e3o &#8220;AX Mix&#8221; fica inutiliz\u00e1vel, uma vez q o plug-in s\u00f3 reproduz o som modificado.<\/p>\n<p class=\"p1\"><b>Em a\u00e7\u00e3o<\/b><\/p>\n<p class=\"p2\">Quando usado no modo MIX2, me parece que as melhores caracter\u00edsticas do Aphex Aural desaparecem, e o som fica inclusive mais velado nos viol\u00f5es, ganhando at\u00e9 um pouco de corpo. Como sempre, tudo depende da sua necessidade e sem d\u00favida ele tem sua utilidade. N\u00e3o \u00e9 por coincid\u00eancia que Val Garay comenta em suas entrevistas que prefere utilizar o Aural Exciter no modo AX, colocando-o em send\/return.<\/p>\n<p class=\"p2\">Nos links a seguir, voc\u00ea pode ouvir alguns dos testes realizados com o material da banda RockTed (.<\/p>\n<p class=\"p4\">Musica Completa:<\/p>\n<p class=\"p5\"><span class=\"s1\"><a href=\"https:\/\/soundcloud.com\/katia-dotto-1\/temporal-master-by-amabile\">https:\/\/soundcloud.com\/katia-dotto-1\/temporal-master-by-amabile<\/a><\/span><\/p>\n<p class=\"p4\">Violao sem Aural:<\/p>\n<p class=\"p5\"><span class=\"s1\"><a href=\"https:\/\/soundcloud.com\/katia-dotto-1\/violao-sem-aural\">https:\/\/soundcloud.com\/katia-dotto-1\/violao-sem-aural<\/a><\/span><\/p>\n<p class=\"p4\">Violao com Aural:<\/p>\n<p class=\"p5\"><span class=\"s1\"><a href=\"https:\/\/soundcloud.com\/katia-dotto-1\/violao-com-aural\">https:\/\/soundcloud.com\/katia-dotto-1\/violao-com-aural<\/a><\/span><\/p>\n<p class=\"p4\">Panderola sem Aural:<\/p>\n<p class=\"p5\"><span class=\"s1\"><a href=\"https:\/\/soundcloud.com\/katia-dotto-1\/panderola-sem-aural\">https:\/\/soundcloud.com\/katia-dotto-1\/panderola-sem-aural<\/a><\/span><\/p>\n<p class=\"p4\">Panderola com Aural:<\/p>\n<p class=\"p5\"><span class=\"s1\"><a href=\"https:\/\/soundcloud.com\/katia-dotto-1\/panderola-com-aural\">https:\/\/soundcloud.com\/katia-dotto-1\/panderola-com-aural<\/a><\/span><\/p>\n<p class=\"p1\"><b>Modo exclusivo do plug-in<\/b><\/p>\n<p class=\"p2\">Como visto acima, o comportamento do processador no modo MIX2 e no modo AX produzem resultados bem diferentes. Por conta disso, a Waves resolveu o \u00fatil com o agrad\u00e1vel e criar o &#8220;MIX1&#8221;, par\u00e2metro que n\u00e3o existe originalmente no hardware.<\/p>\n<p class=\"p2\">A finalidade \u00e9 de obter o som do hardware usado em AX Mode, por\u00e9m com a praticidade de us\u00e1-lo como insert direto no canal.<\/p>\n<p class=\"p2\">Na minha mais recente mixagem usei o Aphex Aural Exciter em 2 instrumentos, no viol\u00e3o e na pandeirola, e em ambos usei exatamente este modo (figura 2), colocando o plug-in diretamente no canal do instrumentos (no caso do viol\u00e3o criei um auxiliar somente pra somar os microfones usados).<\/p>\n<p class=\"p1\"><b>Par\u00e2metros coadjuvantes<\/b><\/p>\n<p class=\"p2\">A direita da interface do plugin temos o bot\u00e3o Mains, que funciona para eliminar hummings baseados na fonte de energia usada nos modelos originais. Funciona com um filtro passa-alta.<\/p>\n<p class=\"p2\">Para deixar a emula\u00e7\u00e3o mais fiel, a Waves tamb\u00e9m incluiu o par\u00e2metro &#8220;Noise&#8221;, que controla a quantidade de ru\u00eddo que havia no modelo original. A vantagem na vers\u00e3o plug-in \u00e9 poder ajustar isso ao seu gosto ou deslig\u00e1-lo completamente.<\/p>\n<p class=\"p8\"><b>Conclus\u00e3o<\/b><\/p>\n<p class=\"p2\">uso do equalizador para puxar frequ\u00eancias altas \u00e9 bem comum, e o resultado acaba as vezes n\u00e3o sendo o esperado. Ao inv\u00e9s de brilho, o timbre fica estridente, &#8220;ardido&#8221; etc.<\/p>\n<p class=\"p2\">Se voc\u00ea busca real\u00e7ar as qualidades agudas de um instrumento ou voz, ou destacar um instrumento com informa\u00e7\u00f5es de alta frequ\u00eancia, experimente da pr\u00f3xima vez o Aural Exciter como alternativa ao equalizador.<\/p>\n<p class=\"p2\">At\u00e9 a pr\u00f3xima!<\/p>\n","protected":false},"excerpt":{"rendered":"<p>Artigo publicado na Revista \u00c1udio, M\u00fasica &amp; Tecnologia.\u00a0Para conhecer mais sobre a revista,\u00a0clique aqui. \u00a0Para saber mais sobre treinamentos e certifica\u00e7\u00f5es em Avid Media Composer,\u00a0clique aqui &nbsp; O curioso processador que tem at\u00e9 cr\u00e9dito em discos Neste m\u00eas, convidamos Katia Dotto para falar sobre suas experi\u00eancias com o Aural Exciter. Ol\u00e1 pessoal, sou cantora, musicistaContinue reading &rarr;<\/p>\n","protected":false},"author":4,"featured_media":0,"comment_status":"closed","ping_status":"closed","sticky":false,"template":"","format":"standard","meta":{"footnotes":""},"categories":[17,1070],"tags":[],"class_list":["post-5080","post","type-post","status-publish","format-standard","hentry","category-artigos","category-waves","no-thumb"],"yoast_head":"<!-- This site is optimized with the Yoast SEO plugin v26.9 - https:\/\/yoast.com\/product\/yoast-seo-wordpress\/ -->\n<title>Waves Vintage Aural Exciter - PROCLASS<\/title>\n<meta name=\"robots\" content=\"index, follow, max-snippet:-1, max-image-preview:large, max-video-preview:-1\" \/>\n<link rel=\"canonical\" href=\"https:\/\/proclass.com.br\/home\/2015\/09\/waves-vintage-aural-exciter\/\" \/>\n<meta property=\"og:locale\" content=\"pt_BR\" \/>\n<meta property=\"og:type\" content=\"article\" \/>\n<meta property=\"og:title\" content=\"Waves Vintage Aural Exciter - PROCLASS\" \/>\n<meta property=\"og:description\" content=\"Artigo publicado na Revista \u00c1udio, M\u00fasica &amp; Tecnologia.\u00a0Para conhecer mais sobre a revista,\u00a0clique aqui. \u00a0Para saber mais sobre treinamentos e certifica\u00e7\u00f5es em Avid Media Composer,\u00a0clique aqui &nbsp; O curioso processador que tem at\u00e9 cr\u00e9dito em discos Neste m\u00eas, convidamos Katia Dotto para falar sobre suas experi\u00eancias com o Aural Exciter. Ol\u00e1 pessoal, sou cantora, musicistaContinue reading &rarr;\" \/>\n<meta property=\"og:url\" content=\"https:\/\/proclass.com.br\/home\/2015\/09\/waves-vintage-aural-exciter\/\" \/>\n<meta property=\"og:site_name\" content=\"PROCLASS\" \/>\n<meta property=\"article:published_time\" content=\"2015-09-02T15:04:46+00:00\" \/>\n<meta property=\"article:modified_time\" content=\"2018-06-28T02:29:12+00:00\" \/>\n<meta property=\"og:image\" content=\"http:\/\/proclass.com.br\/home\/wp-content\/uploads\/2012\/11\/Audio-Musica-e-Tecnologia-Logo-300x80.jpg\" \/>\n<meta name=\"author\" content=\"ProClass Treinamentos\" \/>\n<meta name=\"twitter:card\" content=\"summary_large_image\" \/>\n<meta name=\"twitter:label1\" content=\"Escrito por\" \/>\n\t<meta name=\"twitter:data1\" content=\"ProClass Treinamentos\" \/>\n\t<meta name=\"twitter:label2\" content=\"Est. tempo de leitura\" \/>\n\t<meta name=\"twitter:data2\" content=\"5 minutos\" \/>\n<script type=\"application\/ld+json\" class=\"yoast-schema-graph\">{\"@context\":\"https:\/\/schema.org\",\"@graph\":[{\"@type\":\"Article\",\"@id\":\"https:\/\/proclass.com.br\/home\/2015\/09\/waves-vintage-aural-exciter\/#article\",\"isPartOf\":{\"@id\":\"https:\/\/proclass.com.br\/home\/2015\/09\/waves-vintage-aural-exciter\/\"},\"author\":{\"name\":\"ProClass Treinamentos\",\"@id\":\"https:\/\/proclass.com.br\/home\/#\/schema\/person\/f89e1eb93d5d32c0bb465c52f87f5a00\"},\"headline\":\"Waves Vintage Aural Exciter\",\"datePublished\":\"2015-09-02T15:04:46+00:00\",\"dateModified\":\"2018-06-28T02:29:12+00:00\",\"mainEntityOfPage\":{\"@id\":\"https:\/\/proclass.com.br\/home\/2015\/09\/waves-vintage-aural-exciter\/\"},\"wordCount\":1092,\"publisher\":{\"@id\":\"https:\/\/proclass.com.br\/home\/#organization\"},\"image\":{\"@id\":\"https:\/\/proclass.com.br\/home\/2015\/09\/waves-vintage-aural-exciter\/#primaryimage\"},\"thumbnailUrl\":\"http:\/\/proclass.com.br\/home\/wp-content\/uploads\/2012\/11\/Audio-Musica-e-Tecnologia-Logo-300x80.jpg\",\"articleSection\":[\"Artigos\",\"Waves\"],\"inLanguage\":\"pt-BR\"},{\"@type\":\"WebPage\",\"@id\":\"https:\/\/proclass.com.br\/home\/2015\/09\/waves-vintage-aural-exciter\/\",\"url\":\"https:\/\/proclass.com.br\/home\/2015\/09\/waves-vintage-aural-exciter\/\",\"name\":\"Waves Vintage Aural Exciter - PROCLASS\",\"isPartOf\":{\"@id\":\"https:\/\/proclass.com.br\/home\/#website\"},\"primaryImageOfPage\":{\"@id\":\"https:\/\/proclass.com.br\/home\/2015\/09\/waves-vintage-aural-exciter\/#primaryimage\"},\"image\":{\"@id\":\"https:\/\/proclass.com.br\/home\/2015\/09\/waves-vintage-aural-exciter\/#primaryimage\"},\"thumbnailUrl\":\"http:\/\/proclass.com.br\/home\/wp-content\/uploads\/2012\/11\/Audio-Musica-e-Tecnologia-Logo-300x80.jpg\",\"datePublished\":\"2015-09-02T15:04:46+00:00\",\"dateModified\":\"2018-06-28T02:29:12+00:00\",\"breadcrumb\":{\"@id\":\"https:\/\/proclass.com.br\/home\/2015\/09\/waves-vintage-aural-exciter\/#breadcrumb\"},\"inLanguage\":\"pt-BR\",\"potentialAction\":[{\"@type\":\"ReadAction\",\"target\":[\"https:\/\/proclass.com.br\/home\/2015\/09\/waves-vintage-aural-exciter\/\"]}]},{\"@type\":\"ImageObject\",\"inLanguage\":\"pt-BR\",\"@id\":\"https:\/\/proclass.com.br\/home\/2015\/09\/waves-vintage-aural-exciter\/#primaryimage\",\"url\":\"https:\/\/proclass.com.br\/home\/wp-content\/uploads\/2012\/11\/Audio-Musica-e-Tecnologia-Logo.jpg\",\"contentUrl\":\"https:\/\/proclass.com.br\/home\/wp-content\/uploads\/2012\/11\/Audio-Musica-e-Tecnologia-Logo.jpg\",\"width\":\"1000\",\"height\":\"269\"},{\"@type\":\"BreadcrumbList\",\"@id\":\"https:\/\/proclass.com.br\/home\/2015\/09\/waves-vintage-aural-exciter\/#breadcrumb\",\"itemListElement\":[{\"@type\":\"ListItem\",\"position\":1,\"name\":\"In\u00edcio\",\"item\":\"https:\/\/proclass.com.br\/home\/\"},{\"@type\":\"ListItem\",\"position\":2,\"name\":\"Waves Vintage Aural Exciter\"}]},{\"@type\":\"WebSite\",\"@id\":\"https:\/\/proclass.com.br\/home\/#website\",\"url\":\"https:\/\/proclass.com.br\/home\/\",\"name\":\"PROCLASS\",\"description\":\"CURSOS E TREINAMENTOS\",\"publisher\":{\"@id\":\"https:\/\/proclass.com.br\/home\/#organization\"},\"potentialAction\":[{\"@type\":\"SearchAction\",\"target\":{\"@type\":\"EntryPoint\",\"urlTemplate\":\"https:\/\/proclass.com.br\/home\/?s={search_term_string}\"},\"query-input\":{\"@type\":\"PropertyValueSpecification\",\"valueRequired\":true,\"valueName\":\"search_term_string\"}}],\"inLanguage\":\"pt-BR\"},{\"@type\":\"Organization\",\"@id\":\"https:\/\/proclass.com.br\/home\/#organization\",\"name\":\"PROCLASS\",\"url\":\"https:\/\/proclass.com.br\/home\/\",\"logo\":{\"@type\":\"ImageObject\",\"inLanguage\":\"pt-BR\",\"@id\":\"https:\/\/proclass.com.br\/home\/#\/schema\/logo\/image\/\",\"url\":\"https:\/\/proclass.com.br\/home\/wp-content\/uploads\/2023\/06\/CABECALHO-black_PROCLASS-2023.png\",\"contentUrl\":\"https:\/\/proclass.com.br\/home\/wp-content\/uploads\/2023\/06\/CABECALHO-black_PROCLASS-2023.png\",\"width\":2563,\"height\":911,\"caption\":\"PROCLASS\"},\"image\":{\"@id\":\"https:\/\/proclass.com.br\/home\/#\/schema\/logo\/image\/\"}},{\"@type\":\"Person\",\"@id\":\"https:\/\/proclass.com.br\/home\/#\/schema\/person\/f89e1eb93d5d32c0bb465c52f87f5a00\",\"name\":\"ProClass Treinamentos\",\"image\":{\"@type\":\"ImageObject\",\"inLanguage\":\"pt-BR\",\"@id\":\"https:\/\/proclass.com.br\/home\/#\/schema\/person\/image\/\",\"url\":\"https:\/\/secure.gravatar.com\/avatar\/3878d7a575c7ac355d2c778d5de04af08b7c5a7d9f19b2889f26cc7d80a6a832?s=96&d=blank&r=g\",\"contentUrl\":\"https:\/\/secure.gravatar.com\/avatar\/3878d7a575c7ac355d2c778d5de04af08b7c5a7d9f19b2889f26cc7d80a6a832?s=96&d=blank&r=g\",\"caption\":\"ProClass Treinamentos\"},\"url\":\"https:\/\/proclass.com.br\/home\/author\/proclass\/\"}]}<\/script>\n<!-- \/ Yoast SEO plugin. -->","yoast_head_json":{"title":"Waves Vintage Aural Exciter - PROCLASS","robots":{"index":"index","follow":"follow","max-snippet":"max-snippet:-1","max-image-preview":"max-image-preview:large","max-video-preview":"max-video-preview:-1"},"canonical":"https:\/\/proclass.com.br\/home\/2015\/09\/waves-vintage-aural-exciter\/","og_locale":"pt_BR","og_type":"article","og_title":"Waves Vintage Aural Exciter - PROCLASS","og_description":"Artigo publicado na Revista \u00c1udio, M\u00fasica &amp; Tecnologia.\u00a0Para conhecer mais sobre a revista,\u00a0clique aqui. \u00a0Para saber mais sobre treinamentos e certifica\u00e7\u00f5es em Avid Media Composer,\u00a0clique aqui &nbsp; O curioso processador que tem at\u00e9 cr\u00e9dito em discos Neste m\u00eas, convidamos Katia Dotto para falar sobre suas experi\u00eancias com o Aural Exciter. Ol\u00e1 pessoal, sou cantora, musicistaContinue reading &rarr;","og_url":"https:\/\/proclass.com.br\/home\/2015\/09\/waves-vintage-aural-exciter\/","og_site_name":"PROCLASS","article_published_time":"2015-09-02T15:04:46+00:00","article_modified_time":"2018-06-28T02:29:12+00:00","og_image":[{"url":"http:\/\/proclass.com.br\/home\/wp-content\/uploads\/2012\/11\/Audio-Musica-e-Tecnologia-Logo-300x80.jpg","type":"","width":"","height":""}],"author":"ProClass Treinamentos","twitter_card":"summary_large_image","twitter_misc":{"Escrito por":"ProClass Treinamentos","Est. tempo de leitura":"5 minutos"},"schema":{"@context":"https:\/\/schema.org","@graph":[{"@type":"Article","@id":"https:\/\/proclass.com.br\/home\/2015\/09\/waves-vintage-aural-exciter\/#article","isPartOf":{"@id":"https:\/\/proclass.com.br\/home\/2015\/09\/waves-vintage-aural-exciter\/"},"author":{"name":"ProClass Treinamentos","@id":"https:\/\/proclass.com.br\/home\/#\/schema\/person\/f89e1eb93d5d32c0bb465c52f87f5a00"},"headline":"Waves Vintage Aural Exciter","datePublished":"2015-09-02T15:04:46+00:00","dateModified":"2018-06-28T02:29:12+00:00","mainEntityOfPage":{"@id":"https:\/\/proclass.com.br\/home\/2015\/09\/waves-vintage-aural-exciter\/"},"wordCount":1092,"publisher":{"@id":"https:\/\/proclass.com.br\/home\/#organization"},"image":{"@id":"https:\/\/proclass.com.br\/home\/2015\/09\/waves-vintage-aural-exciter\/#primaryimage"},"thumbnailUrl":"http:\/\/proclass.com.br\/home\/wp-content\/uploads\/2012\/11\/Audio-Musica-e-Tecnologia-Logo-300x80.jpg","articleSection":["Artigos","Waves"],"inLanguage":"pt-BR"},{"@type":"WebPage","@id":"https:\/\/proclass.com.br\/home\/2015\/09\/waves-vintage-aural-exciter\/","url":"https:\/\/proclass.com.br\/home\/2015\/09\/waves-vintage-aural-exciter\/","name":"Waves Vintage Aural Exciter - PROCLASS","isPartOf":{"@id":"https:\/\/proclass.com.br\/home\/#website"},"primaryImageOfPage":{"@id":"https:\/\/proclass.com.br\/home\/2015\/09\/waves-vintage-aural-exciter\/#primaryimage"},"image":{"@id":"https:\/\/proclass.com.br\/home\/2015\/09\/waves-vintage-aural-exciter\/#primaryimage"},"thumbnailUrl":"http:\/\/proclass.com.br\/home\/wp-content\/uploads\/2012\/11\/Audio-Musica-e-Tecnologia-Logo-300x80.jpg","datePublished":"2015-09-02T15:04:46+00:00","dateModified":"2018-06-28T02:29:12+00:00","breadcrumb":{"@id":"https:\/\/proclass.com.br\/home\/2015\/09\/waves-vintage-aural-exciter\/#breadcrumb"},"inLanguage":"pt-BR","potentialAction":[{"@type":"ReadAction","target":["https:\/\/proclass.com.br\/home\/2015\/09\/waves-vintage-aural-exciter\/"]}]},{"@type":"ImageObject","inLanguage":"pt-BR","@id":"https:\/\/proclass.com.br\/home\/2015\/09\/waves-vintage-aural-exciter\/#primaryimage","url":"https:\/\/proclass.com.br\/home\/wp-content\/uploads\/2012\/11\/Audio-Musica-e-Tecnologia-Logo.jpg","contentUrl":"https:\/\/proclass.com.br\/home\/wp-content\/uploads\/2012\/11\/Audio-Musica-e-Tecnologia-Logo.jpg","width":"1000","height":"269"},{"@type":"BreadcrumbList","@id":"https:\/\/proclass.com.br\/home\/2015\/09\/waves-vintage-aural-exciter\/#breadcrumb","itemListElement":[{"@type":"ListItem","position":1,"name":"In\u00edcio","item":"https:\/\/proclass.com.br\/home\/"},{"@type":"ListItem","position":2,"name":"Waves Vintage Aural Exciter"}]},{"@type":"WebSite","@id":"https:\/\/proclass.com.br\/home\/#website","url":"https:\/\/proclass.com.br\/home\/","name":"PROCLASS","description":"CURSOS E TREINAMENTOS","publisher":{"@id":"https:\/\/proclass.com.br\/home\/#organization"},"potentialAction":[{"@type":"SearchAction","target":{"@type":"EntryPoint","urlTemplate":"https:\/\/proclass.com.br\/home\/?s={search_term_string}"},"query-input":{"@type":"PropertyValueSpecification","valueRequired":true,"valueName":"search_term_string"}}],"inLanguage":"pt-BR"},{"@type":"Organization","@id":"https:\/\/proclass.com.br\/home\/#organization","name":"PROCLASS","url":"https:\/\/proclass.com.br\/home\/","logo":{"@type":"ImageObject","inLanguage":"pt-BR","@id":"https:\/\/proclass.com.br\/home\/#\/schema\/logo\/image\/","url":"https:\/\/proclass.com.br\/home\/wp-content\/uploads\/2023\/06\/CABECALHO-black_PROCLASS-2023.png","contentUrl":"https:\/\/proclass.com.br\/home\/wp-content\/uploads\/2023\/06\/CABECALHO-black_PROCLASS-2023.png","width":2563,"height":911,"caption":"PROCLASS"},"image":{"@id":"https:\/\/proclass.com.br\/home\/#\/schema\/logo\/image\/"}},{"@type":"Person","@id":"https:\/\/proclass.com.br\/home\/#\/schema\/person\/f89e1eb93d5d32c0bb465c52f87f5a00","name":"ProClass Treinamentos","image":{"@type":"ImageObject","inLanguage":"pt-BR","@id":"https:\/\/proclass.com.br\/home\/#\/schema\/person\/image\/","url":"https:\/\/secure.gravatar.com\/avatar\/3878d7a575c7ac355d2c778d5de04af08b7c5a7d9f19b2889f26cc7d80a6a832?s=96&d=blank&r=g","contentUrl":"https:\/\/secure.gravatar.com\/avatar\/3878d7a575c7ac355d2c778d5de04af08b7c5a7d9f19b2889f26cc7d80a6a832?s=96&d=blank&r=g","caption":"ProClass Treinamentos"},"url":"https:\/\/proclass.com.br\/home\/author\/proclass\/"}]}},"_links":{"self":[{"href":"https:\/\/proclass.com.br\/home\/wp-json\/wp\/v2\/posts\/5080","targetHints":{"allow":["GET"]}}],"collection":[{"href":"https:\/\/proclass.com.br\/home\/wp-json\/wp\/v2\/posts"}],"about":[{"href":"https:\/\/proclass.com.br\/home\/wp-json\/wp\/v2\/types\/post"}],"author":[{"embeddable":true,"href":"https:\/\/proclass.com.br\/home\/wp-json\/wp\/v2\/users\/4"}],"replies":[{"embeddable":true,"href":"https:\/\/proclass.com.br\/home\/wp-json\/wp\/v2\/comments?post=5080"}],"version-history":[{"count":0,"href":"https:\/\/proclass.com.br\/home\/wp-json\/wp\/v2\/posts\/5080\/revisions"}],"wp:attachment":[{"href":"https:\/\/proclass.com.br\/home\/wp-json\/wp\/v2\/media?parent=5080"}],"wp:term":[{"taxonomy":"category","embeddable":true,"href":"https:\/\/proclass.com.br\/home\/wp-json\/wp\/v2\/categories?post=5080"},{"taxonomy":"post_tag","embeddable":true,"href":"https:\/\/proclass.com.br\/home\/wp-json\/wp\/v2\/tags?post=5080"}],"curies":[{"name":"wp","href":"https:\/\/api.w.org\/{rel}","templated":true}]}}