{"id":5066,"date":"2015-09-02T12:12:26","date_gmt":"2015-09-02T15:12:26","guid":{"rendered":"http:\/\/proclass.com.br\/home\/?p=5066"},"modified":"2015-09-02T12:12:26","modified_gmt":"2015-09-02T15:12:26","slug":"supertap-delay","status":"publish","type":"post","link":"https:\/\/proclass.com.br\/home\/2015\/09\/supertap-delay\/","title":{"rendered":"SuperTap Delay"},"content":{"rendered":"<p><a href=\"http:\/\/musitec.com.br\"><img decoding=\"async\" class=\" aligncenter\" title=\"Audio Musica e Tecnologia Logo\" src=\"http:\/\/proclass.com.br\/home\/wp-content\/uploads\/2012\/11\/Audio-Musica-e-Tecnologia-Logo-300x80.jpg\" alt=\"\" width=\"300\" height=\"80\" \/><\/a><\/p>\n<p class=\"p1\">Artigo publicado na <strong>Revista \u00c1udio, M\u00fasica &amp; Tecnologia<\/strong>.\u00a0Para conhecer mais sobre a revista,\u00a0<a href=\"http:\/\/musitec.com.br\" target=\"_blank\">clique aqui.<\/a><\/p>\n<p>\u00a0Para saber mais sobre treinamentos e certifica\u00e7\u00f5es em <strong>Avid Media Composer<\/strong>,\u00a0<a href=\"http:\/\/proclass.com.br\/home\/cursos\/avid-media-composer\/\" target=\"_blank\">clique aqui<\/a><\/p>\n<hr \/>\n<p>&nbsp;<\/p>\n<p class=\"p1\">O SuperTap Delay \u00e9 um produto extremamente vers\u00e1til que permite ao usu\u00e1rio ir muito al\u00e9m de uma simples repeti\u00e7\u00e3o de um som. Ao total, \u00e9 poss\u00edvel regular at\u00e9 6 delays com equaliza\u00e7\u00e3o independenpente, com feedback e modula\u00e7\u00e3o numa interface que permite ajustes de forma muito interessante.<\/p>\n<p class=\"p1\">Neste artigo, vamos ver um pouco mais sobre cada setor deste plug-in.<\/p>\n<p class=\"p2\"><b>Ajustando a posi\u00e7\u00e3o no espa\u00e7o<\/b><\/p>\n<p class=\"p1\">Como dito anteriormente, \u00e9 poss\u00edvel ter at\u00e9 seis &#8220;delays&#8221; e s\u00e3o representados pelos c\u00edrculos coloridos no gr\u00e1fico do lado esquerdo superior. (fig. 1).<\/p>\n<div id=\"attachment_5425\" style=\"width: 310px\" class=\"wp-caption aligncenter\"><a href=\"http:\/\/proclass.com.br\/home\/wp-content\/uploads\/2015\/08\/fig.-1-gr\u00e1fico-interativo-para-ajustes-de-ganho-e-pan1.jpg\"><img fetchpriority=\"high\" decoding=\"async\" aria-describedby=\"caption-attachment-5425\" class=\"wp-image-5425 size-medium\" src=\"http:\/\/proclass.com.br\/home\/wp-content\/uploads\/2015\/08\/fig.-1-gr\u00e1fico-interativo-para-ajustes-de-ganho-e-pan1-300x234.jpg\" alt=\"fig. 1 - gr\u00e1fico interativo para ajustes de ganho e pan\" width=\"300\" height=\"234\" srcset=\"https:\/\/proclass.com.br\/home\/wp-content\/uploads\/2015\/08\/fig.-1-gr\u00e1fico-interativo-para-ajustes-de-ganho-e-pan1-300x234.jpg 300w, https:\/\/proclass.com.br\/home\/wp-content\/uploads\/2015\/08\/fig.-1-gr\u00e1fico-interativo-para-ajustes-de-ganho-e-pan1.jpg 700w\" sizes=\"(max-width: 300px) 100vw, 300px\" \/><\/a><p id=\"caption-attachment-5425\" class=\"wp-caption-text\">fig. 1 &#8211; gr\u00e1fico interativo para ajustes de ganho e pan<\/p><\/div>\n<p><!--more--><\/p>\n<p class=\"p1\">A seta da figura 1 representa o sinal original\/direto, e ao clicar e arrastar qualquer um dos c\u00edrculos, o usu\u00e1rio pode configurar o ganho ou panorama do delay em quest\u00e3o. Quanto mais para cima, maior o ganho. Esquerda e direita representam a posi\u00e7\u00e3o do delay no espa\u00e7o estereof\u00f4nico.<\/p>\n<p class=\"p1\">Repare que os controles &#8220;gain&#8221; e &#8220;rotate&#8221; logo abaixo do gr\u00e1fico est\u00e3o alterados em conjunto com o mesmo, pois representam a mesma informa\u00e7\u00e3o. Uma vantagem destes controles \u00e9 poder digitar um valor espec\u00edfico com um duplo click.<\/p>\n<p class=\"p2\"><b>Ajustando a unidade de medida de tempo b\u00e1sica<\/b><\/p>\n<p class=\"p1\">O SuperTap necessita de um &#8220;ponto de partida&#8221; para funcionar, pois todas as repeti\u00e7\u00f5es s\u00e3o intera\u00e7\u00f5es de um mesmo valor inicial.<\/p>\n<p class=\"p1\">O mais comum \u00e9 ajustar este valor de acordo com o andamento da m\u00fasica em quest\u00e3o. Caso a m\u00fasica tenha sido gravada com um click ou tenha sido alinhada com o grid e andamento do DAW (Pro Tools, Cubase, Sonar, Logic Pro etc&#8230;), basta alterar da op\u00e7\u00e3o &#8220;manual&#8221; para &#8220;auto&#8221; no par\u00e2metro &#8220;sync&#8221;, indicado na figura 2.<\/p>\n<div id=\"attachment_5424\" style=\"width: 310px\" class=\"wp-caption aligncenter\"><a href=\"http:\/\/proclass.com.br\/home\/wp-content\/uploads\/2015\/08\/fig.-2-ajuste-de-andamento-com-o-DAW1.jpg\"><img decoding=\"async\" aria-describedby=\"caption-attachment-5424\" class=\"wp-image-5424 size-medium\" src=\"http:\/\/proclass.com.br\/home\/wp-content\/uploads\/2015\/08\/fig.-2-ajuste-de-andamento-com-o-DAW1-300x234.jpg\" alt=\"fig. 2 - ajuste de andamento com o DAW\" width=\"300\" height=\"234\" srcset=\"https:\/\/proclass.com.br\/home\/wp-content\/uploads\/2015\/08\/fig.-2-ajuste-de-andamento-com-o-DAW1-300x234.jpg 300w, https:\/\/proclass.com.br\/home\/wp-content\/uploads\/2015\/08\/fig.-2-ajuste-de-andamento-com-o-DAW1.jpg 700w\" sizes=\"(max-width: 300px) 100vw, 300px\" \/><\/a><p id=\"caption-attachment-5424\" class=\"wp-caption-text\">fig. 2 &#8211; ajuste de andamento com o DAW<\/p><\/div>\n<p class=\"p1\">Caso negativo, o jeito \u00e9 deixar em manual e digitar diretamente no campo &#8220;BPM&#8221; o andamento aproximado.<\/p>\n<p class=\"p1\">Agora, a fun\u00e7\u00e3o mais interessante do SuperTap Delay na minha opini\u00e3o \u00e9 o uso do TapPad. Se o &#8220;mode&#8221; estiver regulado para &#8220;Tempo&#8221; como na figura 2, ele funciona como um Tap Tempo convencional, que define um andamento de acordo com os clicks no mouse. Por\u00e9m, se estiver regulado para &#8220;Pattern&#8221;, o usu\u00e1rio pode fazer um &#8220;tap&#8221; de um padr\u00e3o r\u00edtmico e al\u00e7ancar imediatamente o que deseja sem regular mais absolutamente nada. Experimente e repare que diferente da primeira op\u00e7\u00e3o, a cada click\/tap, um delay \u00e9 ajustado imediatamente abaixo.<\/p>\n<p class=\"p2\"><b>Entendendo o Grid e regulando o atraso<\/b><\/p>\n<p class=\"p1\">At\u00e9 este momento n\u00e3o regulamos o eco\/delay em si. Isto por que primeiro precisamos regular o Grid, que interage diretamente com os ecos, que na realidade, s\u00e3o valores relativos \u00e0 a unidade de medida do Grid.<\/p>\n<p class=\"p1\">Ou seja, primeiro o usu\u00e1rio regula o grid (fig.3) para apenas depois, regular o atraso de cada delay. E o c\u00e1lculo ser\u00e1 feito como o da tabela na figura 4.<\/p>\n<p class=\"p1\">\n<div id=\"attachment_5422\" style=\"width: 293px\" class=\"wp-caption aligncenter\"><a href=\"http:\/\/proclass.com.br\/home\/wp-content\/uploads\/2015\/08\/fig.-3-Grid1.png\"><img loading=\"lazy\" decoding=\"async\" aria-describedby=\"caption-attachment-5422\" class=\"wp-image-5422 size-medium\" src=\"http:\/\/proclass.com.br\/home\/wp-content\/uploads\/2015\/08\/fig.-3-Grid1-283x300.png\" alt=\"fig. 3 - Grid\" width=\"283\" height=\"300\" srcset=\"https:\/\/proclass.com.br\/home\/wp-content\/uploads\/2015\/08\/fig.-3-Grid1-283x300.png 283w, https:\/\/proclass.com.br\/home\/wp-content\/uploads\/2015\/08\/fig.-3-Grid1.png 583w\" sizes=\"(max-width: 283px) 100vw, 283px\" \/><\/a><p id=\"caption-attachment-5422\" class=\"wp-caption-text\">fig. 3 &#8211; Grid<\/p><\/div>\n<p>&nbsp;<\/p>\n<div id=\"attachment_5423\" style=\"width: 310px\" class=\"wp-caption aligncenter\"><a href=\"http:\/\/proclass.com.br\/home\/wp-content\/uploads\/2015\/08\/fig.-4-Tabela-de-c\u00e1lculo-do-atraso1.png\"><img loading=\"lazy\" decoding=\"async\" aria-describedby=\"caption-attachment-5423\" class=\"wp-image-5423 size-medium\" src=\"http:\/\/proclass.com.br\/home\/wp-content\/uploads\/2015\/08\/fig.-4-Tabela-de-c\u00e1lculo-do-atraso1-300x52.png\" alt=\"fig. 4 - Tabela de c\u00e1lculo do atraso\" width=\"300\" height=\"52\" srcset=\"https:\/\/proclass.com.br\/home\/wp-content\/uploads\/2015\/08\/fig.-4-Tabela-de-c\u00e1lculo-do-atraso1-300x52.png 300w, https:\/\/proclass.com.br\/home\/wp-content\/uploads\/2015\/08\/fig.-4-Tabela-de-c\u00e1lculo-do-atraso1.png 948w\" sizes=\"(max-width: 300px) 100vw, 300px\" \/><\/a><p id=\"caption-attachment-5423\" class=\"wp-caption-text\">fig. 4 &#8211; Tabela de c\u00e1lculo do atraso<\/p><\/div>\n<p class=\"p1\">Ou seja, quanto mais o controle do delay estiver para a direita, maior ser\u00e1 o atraso.<\/p>\n<p class=\"p1\">Caso o usu\u00e1rio queira ajustar o atraso livremente, basta desmarcar a op\u00e7\u00e3o &#8220;Snap&#8221;, \u00e0 esquerda do Grid e por \u00faltimo, tamb\u00e9m \u00e9 poss\u00edvel visualizar as informa\u00e7\u00f5es em milisegundos com o controle \u00e0 direita do Grid.<\/p>\n<p class=\"p1\">Com os atrasos definidos, pode-se aumentar a quantidade de repeti\u00e7\u00f5es de cada um deles ajustando o par\u00e2metro feedback.<\/p>\n<p class=\"p2\"><b>Equalizando ecos<\/b><\/p>\n<p class=\"p1\">No lado direito da interface, temos uma sess\u00e3o independente de equaliza\u00e7\u00e3o que permite o usu\u00e1rio fazer com que cada eco tenha um timbre diferente do outro. Uma abordagem muito utilizada deste recurso \u00e9 ativar um filtro passa-baixa, para que as frequ\u00eancias mais altas (agudos) dos ecos sejam suavizadas.<\/p>\n<p class=\"p2\"><b>Interagindo com afina\u00e7\u00e3o<\/b><\/p>\n<p class=\"p1\">O SuperTap tamb\u00e9m possui uma sess\u00e3o de modula\u00e7\u00e3o, que altera a afina\u00e7\u00e3o do material sonoro. Uma das id\u00e9ias com este recurso \u00e9 criar uma sutil diferen\u00e7a entre os ecos afim de enriquecer ainda mais a composi\u00e7\u00e3o de ecos, mas \u00e9 um recurso que se usado com valores mais expressivos, abre 1001 possibilidades. Para um iniciante, a melhor maneira de explora-lo \u00e9 usando os presets e observando como a modula\u00e7\u00e3o foi regulada.<\/p>\n<p class=\"p1\">Na modula\u00e7\u00e3o, temos dois par\u00e2metro b\u00e1sicos que funcionam de maneira similar com outros efeitos como o Chorus, Flanger e Phaser. &#8220;Rate&#8221; \u00e9 a velocidade desta modula\u00e7\u00e3o\/oscila\u00e7\u00e3o da afina\u00e7\u00e3o e o &#8220;Depth&#8221;, regula o qu\u00e3o agressivo deve ser esta mudan\u00e7a de afina\u00e7\u00e3o.<\/p>\n<p class=\"p2\"><b>Conclus\u00e3o<\/b><\/p>\n<p class=\"p1\">N\u00e3o menospreze o visual mais &#8220;antigo&#8221; do SuperTap. \u00c9 um processador de delay muito poderoso, que oferece uma interface e uma maneira de regular muito interessante. Serve para criar ecos simples, dobras artificiais em vozes e viol\u00e3o, pode se transformar num Chorus muito denso, e rela\u00e7\u00e3o do Grid com o BPM da sess\u00e3o faz dele um excelente candidato para trabalhar com m\u00fasica eletr\u00f4nica ou qualquer outro estilo de m\u00fasica em os ecos sincronizados com elementos sonoros sejam explorados.<\/p>\n<p class=\"p1\">Obrigado pela leitura, e n\u00e3o deixe de enviar suas sugest\u00f5es para os pr\u00f3ximos artigos.<\/p>\n<p class=\"p1\">Abra\u00e7os<\/p>\n<hr \/>\n<div><\/div>\n<div><a href=\"http:\/\/proclass.com.br\/home\/wp-content\/uploads\/2012\/08\/cris3x4-blog-proclass.jpg\"><img loading=\"lazy\" decoding=\"async\" class=\" size-full wp-image-1057 alignleft\" src=\"http:\/\/proclass.com.br\/home\/wp-content\/uploads\/2012\/08\/cris3x4-blog-proclass.jpg\" alt=\"cris3x4 blog proclass\" width=\"74\" height=\"99\" \/><\/a><\/div>\n<div><i>\u00a0Cristiano Moura \u00e9 instrutor certificado oficialmente pela Avid. Por meio da ProClass, \u00a0oferece consultoria, treinamentos\u00a0customizados al\u00e9m de lecionar cursos oficiais em Avid \u00a0Media Composer.<\/i><\/div>\n<p class=\"p1\">\n","protected":false},"excerpt":{"rendered":"<p>Artigo publicado na Revista \u00c1udio, M\u00fasica &amp; Tecnologia.\u00a0Para conhecer mais sobre a revista,\u00a0clique aqui. \u00a0Para saber mais sobre treinamentos e certifica\u00e7\u00f5es em Avid Media Composer,\u00a0clique aqui &nbsp; O SuperTap Delay \u00e9 um produto extremamente vers\u00e1til que permite ao usu\u00e1rio ir muito al\u00e9m de uma simples repeti\u00e7\u00e3o de um som. Ao total, \u00e9 poss\u00edvel regular at\u00e9Continue reading &rarr;<\/p>\n","protected":false},"author":4,"featured_media":0,"comment_status":"closed","ping_status":"closed","sticky":false,"template":"","format":"standard","meta":{"footnotes":""},"categories":[17,1070],"tags":[],"class_list":["post-5066","post","type-post","status-publish","format-standard","hentry","category-artigos","category-waves","no-thumb"],"yoast_head":"<!-- This site is optimized with the Yoast SEO plugin v26.9 - https:\/\/yoast.com\/product\/yoast-seo-wordpress\/ -->\n<title>SuperTap Delay - PROCLASS<\/title>\n<meta name=\"robots\" content=\"index, follow, max-snippet:-1, max-image-preview:large, max-video-preview:-1\" \/>\n<link rel=\"canonical\" href=\"https:\/\/proclass.com.br\/home\/2015\/09\/supertap-delay\/\" \/>\n<meta property=\"og:locale\" content=\"pt_BR\" \/>\n<meta property=\"og:type\" content=\"article\" \/>\n<meta property=\"og:title\" content=\"SuperTap Delay - PROCLASS\" \/>\n<meta property=\"og:description\" content=\"Artigo publicado na Revista \u00c1udio, M\u00fasica &amp; Tecnologia.\u00a0Para conhecer mais sobre a revista,\u00a0clique aqui. \u00a0Para saber mais sobre treinamentos e certifica\u00e7\u00f5es em Avid Media Composer,\u00a0clique aqui &nbsp; O SuperTap Delay \u00e9 um produto extremamente vers\u00e1til que permite ao usu\u00e1rio ir muito al\u00e9m de uma simples repeti\u00e7\u00e3o de um som. Ao total, \u00e9 poss\u00edvel regular at\u00e9Continue reading &rarr;\" \/>\n<meta property=\"og:url\" content=\"https:\/\/proclass.com.br\/home\/2015\/09\/supertap-delay\/\" \/>\n<meta property=\"og:site_name\" content=\"PROCLASS\" \/>\n<meta property=\"article:published_time\" content=\"2015-09-02T15:12:26+00:00\" \/>\n<meta property=\"og:image\" content=\"http:\/\/proclass.com.br\/home\/wp-content\/uploads\/2012\/11\/Audio-Musica-e-Tecnologia-Logo-300x80.jpg\" \/>\n<meta name=\"author\" content=\"ProClass Treinamentos\" \/>\n<meta name=\"twitter:card\" content=\"summary_large_image\" \/>\n<meta name=\"twitter:label1\" content=\"Escrito por\" \/>\n\t<meta name=\"twitter:data1\" content=\"ProClass Treinamentos\" \/>\n\t<meta name=\"twitter:label2\" content=\"Est. tempo de leitura\" \/>\n\t<meta name=\"twitter:data2\" content=\"5 minutos\" \/>\n<script type=\"application\/ld+json\" class=\"yoast-schema-graph\">{\"@context\":\"https:\/\/schema.org\",\"@graph\":[{\"@type\":\"Article\",\"@id\":\"https:\/\/proclass.com.br\/home\/2015\/09\/supertap-delay\/#article\",\"isPartOf\":{\"@id\":\"https:\/\/proclass.com.br\/home\/2015\/09\/supertap-delay\/\"},\"author\":{\"name\":\"ProClass Treinamentos\",\"@id\":\"https:\/\/proclass.com.br\/home\/#\/schema\/person\/f89e1eb93d5d32c0bb465c52f87f5a00\"},\"headline\":\"SuperTap Delay\",\"datePublished\":\"2015-09-02T15:12:26+00:00\",\"mainEntityOfPage\":{\"@id\":\"https:\/\/proclass.com.br\/home\/2015\/09\/supertap-delay\/\"},\"wordCount\":946,\"publisher\":{\"@id\":\"https:\/\/proclass.com.br\/home\/#organization\"},\"image\":{\"@id\":\"https:\/\/proclass.com.br\/home\/2015\/09\/supertap-delay\/#primaryimage\"},\"thumbnailUrl\":\"http:\/\/proclass.com.br\/home\/wp-content\/uploads\/2012\/11\/Audio-Musica-e-Tecnologia-Logo-300x80.jpg\",\"articleSection\":[\"Artigos\",\"Waves\"],\"inLanguage\":\"pt-BR\"},{\"@type\":\"WebPage\",\"@id\":\"https:\/\/proclass.com.br\/home\/2015\/09\/supertap-delay\/\",\"url\":\"https:\/\/proclass.com.br\/home\/2015\/09\/supertap-delay\/\",\"name\":\"SuperTap Delay - PROCLASS\",\"isPartOf\":{\"@id\":\"https:\/\/proclass.com.br\/home\/#website\"},\"primaryImageOfPage\":{\"@id\":\"https:\/\/proclass.com.br\/home\/2015\/09\/supertap-delay\/#primaryimage\"},\"image\":{\"@id\":\"https:\/\/proclass.com.br\/home\/2015\/09\/supertap-delay\/#primaryimage\"},\"thumbnailUrl\":\"http:\/\/proclass.com.br\/home\/wp-content\/uploads\/2012\/11\/Audio-Musica-e-Tecnologia-Logo-300x80.jpg\",\"datePublished\":\"2015-09-02T15:12:26+00:00\",\"breadcrumb\":{\"@id\":\"https:\/\/proclass.com.br\/home\/2015\/09\/supertap-delay\/#breadcrumb\"},\"inLanguage\":\"pt-BR\",\"potentialAction\":[{\"@type\":\"ReadAction\",\"target\":[\"https:\/\/proclass.com.br\/home\/2015\/09\/supertap-delay\/\"]}]},{\"@type\":\"ImageObject\",\"inLanguage\":\"pt-BR\",\"@id\":\"https:\/\/proclass.com.br\/home\/2015\/09\/supertap-delay\/#primaryimage\",\"url\":\"https:\/\/proclass.com.br\/home\/wp-content\/uploads\/2012\/11\/Audio-Musica-e-Tecnologia-Logo.jpg\",\"contentUrl\":\"https:\/\/proclass.com.br\/home\/wp-content\/uploads\/2012\/11\/Audio-Musica-e-Tecnologia-Logo.jpg\",\"width\":\"1000\",\"height\":\"269\"},{\"@type\":\"BreadcrumbList\",\"@id\":\"https:\/\/proclass.com.br\/home\/2015\/09\/supertap-delay\/#breadcrumb\",\"itemListElement\":[{\"@type\":\"ListItem\",\"position\":1,\"name\":\"In\u00edcio\",\"item\":\"https:\/\/proclass.com.br\/home\/\"},{\"@type\":\"ListItem\",\"position\":2,\"name\":\"SuperTap Delay\"}]},{\"@type\":\"WebSite\",\"@id\":\"https:\/\/proclass.com.br\/home\/#website\",\"url\":\"https:\/\/proclass.com.br\/home\/\",\"name\":\"PROCLASS\",\"description\":\"CURSOS E TREINAMENTOS\",\"publisher\":{\"@id\":\"https:\/\/proclass.com.br\/home\/#organization\"},\"potentialAction\":[{\"@type\":\"SearchAction\",\"target\":{\"@type\":\"EntryPoint\",\"urlTemplate\":\"https:\/\/proclass.com.br\/home\/?s={search_term_string}\"},\"query-input\":{\"@type\":\"PropertyValueSpecification\",\"valueRequired\":true,\"valueName\":\"search_term_string\"}}],\"inLanguage\":\"pt-BR\"},{\"@type\":\"Organization\",\"@id\":\"https:\/\/proclass.com.br\/home\/#organization\",\"name\":\"PROCLASS\",\"url\":\"https:\/\/proclass.com.br\/home\/\",\"logo\":{\"@type\":\"ImageObject\",\"inLanguage\":\"pt-BR\",\"@id\":\"https:\/\/proclass.com.br\/home\/#\/schema\/logo\/image\/\",\"url\":\"https:\/\/proclass.com.br\/home\/wp-content\/uploads\/2023\/06\/CABECALHO-black_PROCLASS-2023.png\",\"contentUrl\":\"https:\/\/proclass.com.br\/home\/wp-content\/uploads\/2023\/06\/CABECALHO-black_PROCLASS-2023.png\",\"width\":2563,\"height\":911,\"caption\":\"PROCLASS\"},\"image\":{\"@id\":\"https:\/\/proclass.com.br\/home\/#\/schema\/logo\/image\/\"}},{\"@type\":\"Person\",\"@id\":\"https:\/\/proclass.com.br\/home\/#\/schema\/person\/f89e1eb93d5d32c0bb465c52f87f5a00\",\"name\":\"ProClass Treinamentos\",\"image\":{\"@type\":\"ImageObject\",\"inLanguage\":\"pt-BR\",\"@id\":\"https:\/\/proclass.com.br\/home\/#\/schema\/person\/image\/\",\"url\":\"https:\/\/secure.gravatar.com\/avatar\/3878d7a575c7ac355d2c778d5de04af08b7c5a7d9f19b2889f26cc7d80a6a832?s=96&d=blank&r=g\",\"contentUrl\":\"https:\/\/secure.gravatar.com\/avatar\/3878d7a575c7ac355d2c778d5de04af08b7c5a7d9f19b2889f26cc7d80a6a832?s=96&d=blank&r=g\",\"caption\":\"ProClass Treinamentos\"},\"url\":\"https:\/\/proclass.com.br\/home\/author\/proclass\/\"}]}<\/script>\n<!-- \/ Yoast SEO plugin. -->","yoast_head_json":{"title":"SuperTap Delay - PROCLASS","robots":{"index":"index","follow":"follow","max-snippet":"max-snippet:-1","max-image-preview":"max-image-preview:large","max-video-preview":"max-video-preview:-1"},"canonical":"https:\/\/proclass.com.br\/home\/2015\/09\/supertap-delay\/","og_locale":"pt_BR","og_type":"article","og_title":"SuperTap Delay - PROCLASS","og_description":"Artigo publicado na Revista \u00c1udio, M\u00fasica &amp; Tecnologia.\u00a0Para conhecer mais sobre a revista,\u00a0clique aqui. \u00a0Para saber mais sobre treinamentos e certifica\u00e7\u00f5es em Avid Media Composer,\u00a0clique aqui &nbsp; O SuperTap Delay \u00e9 um produto extremamente vers\u00e1til que permite ao usu\u00e1rio ir muito al\u00e9m de uma simples repeti\u00e7\u00e3o de um som. Ao total, \u00e9 poss\u00edvel regular at\u00e9Continue reading &rarr;","og_url":"https:\/\/proclass.com.br\/home\/2015\/09\/supertap-delay\/","og_site_name":"PROCLASS","article_published_time":"2015-09-02T15:12:26+00:00","og_image":[{"url":"http:\/\/proclass.com.br\/home\/wp-content\/uploads\/2012\/11\/Audio-Musica-e-Tecnologia-Logo-300x80.jpg","type":"","width":"","height":""}],"author":"ProClass Treinamentos","twitter_card":"summary_large_image","twitter_misc":{"Escrito por":"ProClass Treinamentos","Est. tempo de leitura":"5 minutos"},"schema":{"@context":"https:\/\/schema.org","@graph":[{"@type":"Article","@id":"https:\/\/proclass.com.br\/home\/2015\/09\/supertap-delay\/#article","isPartOf":{"@id":"https:\/\/proclass.com.br\/home\/2015\/09\/supertap-delay\/"},"author":{"name":"ProClass Treinamentos","@id":"https:\/\/proclass.com.br\/home\/#\/schema\/person\/f89e1eb93d5d32c0bb465c52f87f5a00"},"headline":"SuperTap Delay","datePublished":"2015-09-02T15:12:26+00:00","mainEntityOfPage":{"@id":"https:\/\/proclass.com.br\/home\/2015\/09\/supertap-delay\/"},"wordCount":946,"publisher":{"@id":"https:\/\/proclass.com.br\/home\/#organization"},"image":{"@id":"https:\/\/proclass.com.br\/home\/2015\/09\/supertap-delay\/#primaryimage"},"thumbnailUrl":"http:\/\/proclass.com.br\/home\/wp-content\/uploads\/2012\/11\/Audio-Musica-e-Tecnologia-Logo-300x80.jpg","articleSection":["Artigos","Waves"],"inLanguage":"pt-BR"},{"@type":"WebPage","@id":"https:\/\/proclass.com.br\/home\/2015\/09\/supertap-delay\/","url":"https:\/\/proclass.com.br\/home\/2015\/09\/supertap-delay\/","name":"SuperTap Delay - PROCLASS","isPartOf":{"@id":"https:\/\/proclass.com.br\/home\/#website"},"primaryImageOfPage":{"@id":"https:\/\/proclass.com.br\/home\/2015\/09\/supertap-delay\/#primaryimage"},"image":{"@id":"https:\/\/proclass.com.br\/home\/2015\/09\/supertap-delay\/#primaryimage"},"thumbnailUrl":"http:\/\/proclass.com.br\/home\/wp-content\/uploads\/2012\/11\/Audio-Musica-e-Tecnologia-Logo-300x80.jpg","datePublished":"2015-09-02T15:12:26+00:00","breadcrumb":{"@id":"https:\/\/proclass.com.br\/home\/2015\/09\/supertap-delay\/#breadcrumb"},"inLanguage":"pt-BR","potentialAction":[{"@type":"ReadAction","target":["https:\/\/proclass.com.br\/home\/2015\/09\/supertap-delay\/"]}]},{"@type":"ImageObject","inLanguage":"pt-BR","@id":"https:\/\/proclass.com.br\/home\/2015\/09\/supertap-delay\/#primaryimage","url":"https:\/\/proclass.com.br\/home\/wp-content\/uploads\/2012\/11\/Audio-Musica-e-Tecnologia-Logo.jpg","contentUrl":"https:\/\/proclass.com.br\/home\/wp-content\/uploads\/2012\/11\/Audio-Musica-e-Tecnologia-Logo.jpg","width":"1000","height":"269"},{"@type":"BreadcrumbList","@id":"https:\/\/proclass.com.br\/home\/2015\/09\/supertap-delay\/#breadcrumb","itemListElement":[{"@type":"ListItem","position":1,"name":"In\u00edcio","item":"https:\/\/proclass.com.br\/home\/"},{"@type":"ListItem","position":2,"name":"SuperTap Delay"}]},{"@type":"WebSite","@id":"https:\/\/proclass.com.br\/home\/#website","url":"https:\/\/proclass.com.br\/home\/","name":"PROCLASS","description":"CURSOS E TREINAMENTOS","publisher":{"@id":"https:\/\/proclass.com.br\/home\/#organization"},"potentialAction":[{"@type":"SearchAction","target":{"@type":"EntryPoint","urlTemplate":"https:\/\/proclass.com.br\/home\/?s={search_term_string}"},"query-input":{"@type":"PropertyValueSpecification","valueRequired":true,"valueName":"search_term_string"}}],"inLanguage":"pt-BR"},{"@type":"Organization","@id":"https:\/\/proclass.com.br\/home\/#organization","name":"PROCLASS","url":"https:\/\/proclass.com.br\/home\/","logo":{"@type":"ImageObject","inLanguage":"pt-BR","@id":"https:\/\/proclass.com.br\/home\/#\/schema\/logo\/image\/","url":"https:\/\/proclass.com.br\/home\/wp-content\/uploads\/2023\/06\/CABECALHO-black_PROCLASS-2023.png","contentUrl":"https:\/\/proclass.com.br\/home\/wp-content\/uploads\/2023\/06\/CABECALHO-black_PROCLASS-2023.png","width":2563,"height":911,"caption":"PROCLASS"},"image":{"@id":"https:\/\/proclass.com.br\/home\/#\/schema\/logo\/image\/"}},{"@type":"Person","@id":"https:\/\/proclass.com.br\/home\/#\/schema\/person\/f89e1eb93d5d32c0bb465c52f87f5a00","name":"ProClass Treinamentos","image":{"@type":"ImageObject","inLanguage":"pt-BR","@id":"https:\/\/proclass.com.br\/home\/#\/schema\/person\/image\/","url":"https:\/\/secure.gravatar.com\/avatar\/3878d7a575c7ac355d2c778d5de04af08b7c5a7d9f19b2889f26cc7d80a6a832?s=96&d=blank&r=g","contentUrl":"https:\/\/secure.gravatar.com\/avatar\/3878d7a575c7ac355d2c778d5de04af08b7c5a7d9f19b2889f26cc7d80a6a832?s=96&d=blank&r=g","caption":"ProClass Treinamentos"},"url":"https:\/\/proclass.com.br\/home\/author\/proclass\/"}]}},"_links":{"self":[{"href":"https:\/\/proclass.com.br\/home\/wp-json\/wp\/v2\/posts\/5066","targetHints":{"allow":["GET"]}}],"collection":[{"href":"https:\/\/proclass.com.br\/home\/wp-json\/wp\/v2\/posts"}],"about":[{"href":"https:\/\/proclass.com.br\/home\/wp-json\/wp\/v2\/types\/post"}],"author":[{"embeddable":true,"href":"https:\/\/proclass.com.br\/home\/wp-json\/wp\/v2\/users\/4"}],"replies":[{"embeddable":true,"href":"https:\/\/proclass.com.br\/home\/wp-json\/wp\/v2\/comments?post=5066"}],"version-history":[{"count":0,"href":"https:\/\/proclass.com.br\/home\/wp-json\/wp\/v2\/posts\/5066\/revisions"}],"wp:attachment":[{"href":"https:\/\/proclass.com.br\/home\/wp-json\/wp\/v2\/media?parent=5066"}],"wp:term":[{"taxonomy":"category","embeddable":true,"href":"https:\/\/proclass.com.br\/home\/wp-json\/wp\/v2\/categories?post=5066"},{"taxonomy":"post_tag","embeddable":true,"href":"https:\/\/proclass.com.br\/home\/wp-json\/wp\/v2\/tags?post=5066"}],"curies":[{"name":"wp","href":"https:\/\/api.w.org\/{rel}","templated":true}]}}