{"id":5028,"date":"2015-09-02T12:31:19","date_gmt":"2015-09-02T15:31:19","guid":{"rendered":"http:\/\/proclass.com.br\/home\/?p=5028"},"modified":"2015-09-02T12:31:19","modified_gmt":"2015-09-02T15:31:19","slug":"enquanto-o-pro-tools-12-e-pro-toolsfirst-nao-vem-parte-1","status":"publish","type":"post","link":"https:\/\/proclass.com.br\/home\/2015\/09\/enquanto-o-pro-tools-12-e-pro-toolsfirst-nao-vem-parte-1\/","title":{"rendered":"Enquanto o Pro Tools 12 e Pro Tools|First n\u00e3o vem &#8211; Parte 1"},"content":{"rendered":"<p><a href=\"http:\/\/proclass.com.br\/home\/wp-content\/uploads\/2015\/03\/logo_backstage.png\"><img decoding=\"async\" class=\"aligncenter  wp-image-4341\" src=\"http:\/\/proclass.com.br\/home\/wp-content\/uploads\/2015\/03\/logo_backstage.png\" alt=\"logo_backstage\" width=\"364\" height=\"91\" srcset=\"https:\/\/proclass.com.br\/home\/wp-content\/uploads\/2015\/03\/logo_backstage.png 432w, https:\/\/proclass.com.br\/home\/wp-content\/uploads\/2015\/03\/logo_backstage-300x75.png 300w, https:\/\/proclass.com.br\/home\/wp-content\/uploads\/2015\/03\/logo_backstage-100x25.png 100w\" sizes=\"(max-width: 364px) 100vw, 364px\" \/><\/a><\/p>\n<p style=\"text-align: left;\">Artigo publicado na Backstage.\u00a0Para conhecer mais sobre a revista,\u00a0<a href=\"http:\/\/backstage.com.br\/\" target=\"_blank\">clique aqui.<\/a><\/p>\n<p style=\"text-align: left;\">Para saber mais sobre treinamentos e certifica\u00e7\u00f5es oficiais em Waves, Pro Tools, Sibelius ou outros treinamentos em \u00e1udio,\u00a0<a href=\"http:\/\/proclass.com.br\/home\/certificacoes\/waves\/waves-certification-program\/\" target=\"_blank\">clique aqui<\/a>.<\/p>\n<hr \/>\n<p class=\"p1\"><b><i>Muito al\u00e9m de fun\u00e7\u00f5es novas<\/i><\/b><\/p>\n<p class=\"p2\">No m\u00eas de janeiro, a Avid anunciou o Pro Tools 12. Ela ainda est\u00e1 finalizado mas estar\u00e1 dispon\u00edvel aos usu\u00e1rios nos pr\u00f3ximos meses.<\/p>\n<p class=\"p2\">Existem alguns motivos que diferenciam esta vers\u00e3o das demais atualiza\u00e7\u00f5es. Em ingl\u00eas usa-se muito o termo de \u201cgame changer\u201d, que numa tradu\u00e7\u00e3o livre significa que ser\u00e1 algo que vai \u201cmudar o jogo\u201d e n\u00e3o \u00e9 exagero neste caso.<\/p>\n<p class=\"p2\">O que mais chama a aten\u00e7\u00e3o n\u00e3o s\u00e3o novas fun\u00e7\u00f5es, bot\u00f5es ou par\u00e2metros para melhor o \u00e1udio. O que temos \u00e9 uma quebra de paradigma em v\u00e1rios sentidos, como por exemplo o acesso \u00e0 ferramenta; al\u00e9m do Pro Tools 12 a Avid tamb\u00e9m anunciou o Pro Tools|First, que \u00e9 uma vers\u00e3o completamente gratuita da ferramenta. H\u00e1 outras novidades como a plataforma \u201cAvid Cloud Collaboration\u201d, que em poucas palavras, significa que o usu\u00e1rio poder\u00e1 gravar, editar, mixar e trabalhar em conjunto com outro usu\u00e1rio pela internet com videoconfer\u00eancia integrada. Ou seja, \u00e9 o \u201ccome\u00e7o do fim\u201d das barreiras e limita\u00e7\u00f5es geogr\u00e1ficas. Vamos abaixo ver mais detalhes.<\/p>\n<p class=\"p1\"><b><i>Todo mundo pode ter o Pro Tools<\/i><\/b><\/p>\n<p class=\"p2\">Seja para estudo, uso profissional ou meramente por curiosidade, a nova vers\u00e3o Pro Tools|First representa uma oportunidade real de acesso \u00e0 ferramenta.<\/p>\n<p class=\"p2\">Profissionais mais antigos v\u00e3o se lembrar que num passado distante a Digidesign ofereceu \u201cPro Tools FREE\u201d, baseado no Pro Tools 5.0. Esta vers\u00e3o tinha o mesmo prop\u00f3sito, mas era limitada em recursos, os computadores dom\u00e9sticos ainda eram lentos para a produ\u00e7\u00e3o de \u00e1udio profissional, era a primeira vers\u00e3o que rodava em windows e o resultado foi desastroso. Basicamente, todos que tentavam instalar e conhecer o \u201cfamoso Pro Tools\u201d esbarraram em erros frequentes, travamentos, tela azul e frustra\u00e7\u00e3o.<\/p>\n<p class=\"p2\">O momento agora \u00e9 muito mais adequado: o Pro Tools|First tem todos os recursos essenciais de trabalho e at\u00e9 algumas ferramentas mais avan\u00e7adas como o Elastic Audio e as restri\u00e7\u00f5es est\u00e3o apenas em torno da quantidade. Por exemplo, a sess\u00e3o est\u00e1 restrita a 16 pistas de \u00e1udio mas que pode ser mais que suficiente para muita gente. Locu\u00e7\u00e3o, grava\u00e7\u00e3o por cima de backing tracks, estudo de instrumento, limpeza de \u00e1udio em v\u00eddeos e grava\u00e7\u00e3o de pequenos grupos de m\u00fasica como viol\u00e3o e voz, quartetos de sopros s\u00e3o apenas algumas op\u00e7\u00f5es.<\/p>\n<p class=\"p2\">Com rela\u00e7\u00e3o aos efeitos, \u00e9 mais um caso similar. O usu\u00e1rio pode aplicar efeitos em tempo real nas pistas ou em clips de \u00e1udio individuais, por\u00e9m h\u00e1 uma restri\u00e7\u00e3o com rela\u00e7\u00e3o a quantidade de efeitos por pista, que novamente, restringe mas n\u00e3o inviabiliza um resultado profissional.<\/p>\n<p class=\"p2\">E este conceito segue com rela\u00e7\u00e3o aos outros tipos de tracks, quantidade de sends, taxa de amostragem etc. Ou seja, as fun\u00e7\u00f5es estar\u00e3o todas l\u00e1, por\u00e9m com um n\u00famero reduzido mas suficiente para diversos tipos de produ\u00e7\u00e3o.<\/p>\n<p class=\"p2\"><!--more--><\/p>\n<p class=\"p1\"><b><i>Produ\u00e7\u00e3o e colabora\u00e7\u00e3o via internet<\/i><\/b><\/p>\n<p class=\"p2\">No final de 2014 e in\u00edcio de 2015 a Avid demonstrou em algumas feiras e congressos o Avid Cloud Collaboration (fig. 1). Uma plataforma onde uma das possibilidades mais comentadas \u00e9 a de gravar, compor, produzir, mixar e de fato \u201ccolaborar\u201d, com outros usu\u00e1rios via internet ao vivo com direito a v\u00eddeoconfer\u00eancia integrada e sincronismo total de upload\/download da sess\u00e3o.<\/p>\n<div id=\"attachment_5033\" style=\"width: 310px\" class=\"wp-caption aligncenter\"><a href=\"http:\/\/proclass.com.br\/home\/wp-content\/uploads\/2015\/08\/Fig.-1-Apresenta\u00e7\u00e3o-do-sistema-de-produ\u00e7\u00e3o-em-conjunto-via-Internet.jpg\"><img decoding=\"async\" aria-describedby=\"caption-attachment-5033\" class=\"size-medium wp-image-5033\" src=\"http:\/\/proclass.com.br\/home\/wp-content\/uploads\/2015\/08\/Fig.-1-Apresenta\u00e7\u00e3o-do-sistema-de-produ\u00e7\u00e3o-em-conjunto-via-Internet-300x147.jpg\" alt=\"Fig. 1 - Apresenta\u00e7\u00e3o do sistema de produ\u00e7\u00e3o em conjunto via Internet\" width=\"300\" height=\"147\" srcset=\"https:\/\/proclass.com.br\/home\/wp-content\/uploads\/2015\/08\/Fig.-1-Apresenta\u00e7\u00e3o-do-sistema-de-produ\u00e7\u00e3o-em-conjunto-via-Internet-300x147.jpg 300w, https:\/\/proclass.com.br\/home\/wp-content\/uploads\/2015\/08\/Fig.-1-Apresenta\u00e7\u00e3o-do-sistema-de-produ\u00e7\u00e3o-em-conjunto-via-Internet.jpg 750w\" sizes=\"(max-width: 300px) 100vw, 300px\" \/><\/a><p id=\"caption-attachment-5033\" class=\"wp-caption-text\">Fig. 1 &#8211; Apresenta\u00e7\u00e3o do sistema de produ\u00e7\u00e3o em conjunto via Internet<\/p><\/div>\n<p>&nbsp;<\/p>\n<p class=\"p2\">Colocando isso em pr\u00e1tica, significa que um compositor de Porto Alegre grava a uma id\u00e9ia musical em casa, usado o Pro Tools|First (lembrando, gratuito) e compartilha o projeto via Avid Cloud Collaboration (fig. 2) com um produtor do Rio de Janeiro, que recebe e armazena a sess\u00e3o na nuvem automaticamente, de forma similar aos outros servi\u00e7os de empresas como o Dropbox, Google Drive e One Drive.<\/p>\n<div id=\"attachment_5031\" style=\"width: 310px\" class=\"wp-caption aligncenter\"><a href=\"http:\/\/proclass.com.br\/home\/wp-content\/uploads\/2015\/08\/Fig.-2-Interface-de-gerenciamento-e-compartilhamento-de-projetos.jpg\"><img fetchpriority=\"high\" decoding=\"async\" aria-describedby=\"caption-attachment-5031\" class=\"size-medium wp-image-5031\" src=\"http:\/\/proclass.com.br\/home\/wp-content\/uploads\/2015\/08\/Fig.-2-Interface-de-gerenciamento-e-compartilhamento-de-projetos-300x179.jpg\" alt=\"Fig. 2 - Interface de gerenciamento e compartilhamento de projetos\" width=\"300\" height=\"179\" srcset=\"https:\/\/proclass.com.br\/home\/wp-content\/uploads\/2015\/08\/Fig.-2-Interface-de-gerenciamento-e-compartilhamento-de-projetos-300x179.jpg 300w, https:\/\/proclass.com.br\/home\/wp-content\/uploads\/2015\/08\/Fig.-2-Interface-de-gerenciamento-e-compartilhamento-de-projetos.jpg 1000w\" sizes=\"(max-width: 300px) 100vw, 300px\" \/><\/a><p id=\"caption-attachment-5031\" class=\"wp-caption-text\">Fig. 2 &#8211; Interface de gerenciamento e compartilhamento de projetos<\/p><\/div>\n<p>&nbsp;<\/p>\n<p class=\"p2\">Com o projeto em m\u00e3os, o produtor pode come\u00e7ar a trabalhar em cima do arranjo, e eis que surge a necessidade de gravar um teclado e m\u00fasico de sua confian\u00e7a est\u00e1 em Los Angeles fazendo um curso. Via Avid Cloud Collaboration, o produtor compartilha a sess\u00e3o com o m\u00fasico, que com seu laptop rodando Pro Tools|First pode ouvir a sess\u00e3o e fazer a grava\u00e7\u00e3o.<\/p>\n<p class=\"p2\">Por\u00e9m, o divisor de \u00e1guas \u00e9 possibilidade do produtor poder participar online, acompanhando a grava\u00e7\u00e3o e discutindo via v\u00eddeoconfer\u00eancia integrado ao Pro Tools (fig. 3), similar ao Skype e FaceTime, e mais que isso, o compositor que nem est\u00e1 participando da \u201csess\u00e3o virtual\u201d receber\u00e1 avisos de que a sess\u00e3o foi atualizada e poder\u00e1 ouvir o que o produtor e m\u00fasico fizeram (fig. 4).<\/p>\n<div id=\"attachment_5032\" style=\"width: 310px\" class=\"wp-caption aligncenter\"><a href=\"http:\/\/proclass.com.br\/home\/wp-content\/uploads\/2015\/08\/Fig.-3-Videoconfer\u00eancia-integrada-com-o-Pro-Tools.jpeg\"><img loading=\"lazy\" decoding=\"async\" aria-describedby=\"caption-attachment-5032\" class=\"size-medium wp-image-5032\" src=\"http:\/\/proclass.com.br\/home\/wp-content\/uploads\/2015\/08\/Fig.-3-Videoconfer\u00eancia-integrada-com-o-Pro-Tools-300x169.jpeg\" alt=\"Fig. 3 - Videoconfer\u00eancia integrada com o Pro Tools\" width=\"300\" height=\"169\" srcset=\"https:\/\/proclass.com.br\/home\/wp-content\/uploads\/2015\/08\/Fig.-3-Videoconfer\u00eancia-integrada-com-o-Pro-Tools-300x169.jpeg 300w, https:\/\/proclass.com.br\/home\/wp-content\/uploads\/2015\/08\/Fig.-3-Videoconfer\u00eancia-integrada-com-o-Pro-Tools-1024x576.jpeg 1024w, https:\/\/proclass.com.br\/home\/wp-content\/uploads\/2015\/08\/Fig.-3-Videoconfer\u00eancia-integrada-com-o-Pro-Tools.jpeg 1280w\" sizes=\"(max-width: 300px) 100vw, 300px\" \/><\/a><p id=\"caption-attachment-5032\" class=\"wp-caption-text\">Fig. 3 &#8211; Videoconfer\u00eancia integrada com o Pro Tools<\/p><\/div>\n<div id=\"attachment_5030\" style=\"width: 310px\" class=\"wp-caption aligncenter\"><a href=\"http:\/\/proclass.com.br\/home\/wp-content\/uploads\/2015\/08\/Fig.-4-Uma-sess\u00e3o-sendo-gravada-e-automaticamente-sendo-disponibilizada-online-aos-outros-colaboradores-do-projeto.jpg\"><img loading=\"lazy\" decoding=\"async\" aria-describedby=\"caption-attachment-5030\" class=\"size-medium wp-image-5030\" src=\"http:\/\/proclass.com.br\/home\/wp-content\/uploads\/2015\/08\/Fig.-4-Uma-sess\u00e3o-sendo-gravada-e-automaticamente-sendo-disponibilizada-online-aos-outros-colaboradores-do-projeto-300x188.jpg\" alt=\"Fig. 4 - Uma sess\u00e3o sendo gravada e automaticamente sendo disponibilizada online aos outros colaboradores do projeto\" width=\"300\" height=\"188\" srcset=\"https:\/\/proclass.com.br\/home\/wp-content\/uploads\/2015\/08\/Fig.-4-Uma-sess\u00e3o-sendo-gravada-e-automaticamente-sendo-disponibilizada-online-aos-outros-colaboradores-do-projeto-300x188.jpg 300w, https:\/\/proclass.com.br\/home\/wp-content\/uploads\/2015\/08\/Fig.-4-Uma-sess\u00e3o-sendo-gravada-e-automaticamente-sendo-disponibilizada-online-aos-outros-colaboradores-do-projeto-1024x640.jpg 1024w, https:\/\/proclass.com.br\/home\/wp-content\/uploads\/2015\/08\/Fig.-4-Uma-sess\u00e3o-sendo-gravada-e-automaticamente-sendo-disponibilizada-online-aos-outros-colaboradores-do-projeto.jpg 1080w\" sizes=\"(max-width: 300px) 100vw, 300px\" \/><\/a><p id=\"caption-attachment-5030\" class=\"wp-caption-text\">Fig. 4 &#8211; Uma sess\u00e3o sendo gravada e automaticamente sendo disponibilizada online aos outros colaboradores do projeto<\/p><\/div>\n<p class=\"p1\"><b><i>Aquisi\u00e7\u00e3o de licen\u00e7as mais flex\u00edvel<\/i><\/b><\/p>\n<p class=\"p2\">Para quem de fato resolver investir na vers\u00e3o mais completa, com o Pro Tools 12 isso tamb\u00e9m vai ficar mais f\u00e1cil. Agora tamb\u00e9m ser\u00e1 poss\u00edvel optar por um regime de assinatura mensal ou anual e ter acesso a todos os upgrades e canais de suporte. Ou seja, funciona similar a sua assinatura de internet, celular ou TV a cabo onde voc\u00ea contrata o uso do servi\u00e7o por m\u00eas e pode cancelar a qualquer momento.<\/p>\n<p class=\"p2\">Ou seja, usu\u00e1rios poder\u00e3o pagar de acordo com sua necessidade. Vamos pensar em alguns exemplos:<\/p>\n<p class=\"p2\">Algu\u00e9m \u00e9 usu\u00e1rio de Logic Pro e recebe uma sess\u00e3o em Pro Tools para mixar. Ent\u00e3o ao inv\u00e9s de comprar o Pro Tools, ele contrata a assinatura da licen\u00e7a do Pro Tools por apenas um m\u00eas, realiza a mix e entrega ao cliente.<\/p>\n<p class=\"p2\">Outro caso \u00e9 um est\u00fadio que vai entrar em obras por 3 meses. A licen\u00e7a por assinatura permite ele interromper o aluguel mensal e pagar apenas quando de fato ele est\u00e1 usando o Pro Tools para gerar renda.<\/p>\n<p class=\"p1\"><b><i>Avid Marketplace &#8211; uma nova vitrine para suas produ\u00e7\u00f5es<\/i><\/b><\/p>\n<p class=\"p2\">Outra parte da plataforma \u00e9 o Avid Marketplace, e podemos entend\u00ea-la como um mercado virtual. E n\u00e3o pense que este mercado \u00e9 s\u00f3 para a Avid vender produtos.<\/p>\n<p class=\"p2\">Nesta plataforma, a expectativa \u00e9 que um artista possa oferecer suas produ\u00e7\u00f5es e servi\u00e7os aos outros usu\u00e1rios e empresas cadastradas. Lembre-se de que a Avid domina tamb\u00e9m boa parte do mercado de produ\u00e7\u00e3o de v\u00eddeo e o Avid Media Composer (ferramenta de edi\u00e7\u00e3o de v\u00eddeo) tamb\u00e9m estar\u00e1 conectada ao Avid Marketplace, portanto a plataforma serve tamb\u00e9m como uma vitrine para licenciar suas composi\u00e7\u00f5es e trilhas sonoras aos produtores de v\u00eddeo de todo o mundo.<\/p>\n<p class=\"p2\">E parece que pensaram em tudo mesmo\u2026 Voc\u00ea sabe se voc\u00ea recebe corretamente os seus direitos pela execu\u00e7\u00e3o das suas produ\u00e7\u00f5es?<\/p>\n<p class=\"p2\">Pois para evitar este tipo de situa\u00e7\u00e3o, entra o novo formato de arquivos PXF. Um formato que permite a inclus\u00e3o de metadados contendo dados dos participantes da produ\u00e7\u00e3o, m\u00fasicos, compositores, arranjadores e os demais previstos da ficha t\u00e9cnica. Estes dados estar\u00e3o sempre lado a lado com seu arquivo sonoro e qualquer pessoa que licencia-lo ter\u00e1 acesso as informa\u00e7\u00f5es para que seus direitos legais quanto \u00e0 execu\u00e7\u00e3o sejam preservados.<\/p>\n<p class=\"p2\">Tamb\u00e9m estar\u00e3o neste grande \u201cmercad\u00e3o\u201d as empresas de plug-ins. Hoje, apesar de toda a evolu\u00e7\u00e3o desta era digital, a burocracia envolvida para se adquirir um plug-in \u00e9 tremenda e passa por diversos est\u00e1gios. Acessar o site do fabricante, fazer registro, esperar confirma\u00e7\u00e3o por e-mail, fazer download e instalar.<\/p>\n<p class=\"p2\">No Avid Marketplace ser\u00e1 muito mais simples n\u00e3o apenas comprar um plug-in, mas tamb\u00e9m aluga-lo em poucos cliques. Ser\u00e3o oferecidos tamb\u00e9m em regime de loca\u00e7\u00e3o, que significa mais flexibilidade de escolha para que todos possam obter as ferramentas adequadas de forma legalizada, de acordo com seu or\u00e7amento.<\/p>\n<p class=\"p2\">Por exemplo, talvez voc\u00ea n\u00e3o tenha necessidade de comprar um plug-in de redu\u00e7\u00e3o de ru\u00eddo porque consegue fazer bons registros no seu est\u00fadio pessoal, mas digamos que desta vez voc\u00ea recebeu um material para mixar e observa um ru\u00eddo fora do normal numa pista de viol\u00e3o.<\/p>\n<p class=\"p2\">Hoje, sua alternativa pelos meios legais seria comprar um plug-in de 500 d\u00f3lares para usar no viol\u00e3o em 10 minutos e possivelmente nunca mais.<\/p>\n<p class=\"p2\">Com o Avid Marketplace, um aluguel por um dia provavelmente resolver\u00e1 da mesma forma, mas certamente vai custar muito menos.<\/p>\n<p class=\"p2\">Mesmo para quem n\u00e3o tem costume de comprar plug-ins, imagine como pode ser pr\u00e1tico chegar no Avid Marketplace, fazer uma busca por \u201cplug-ins gratuitos\u201d (fig. 5) e imediatamente visualizar uma lista com todos os plug-ins gratuitos existentes para a plataforma num s\u00f3 lugar, similar ao processo de comprar um app para iOS ou Android.<\/p>\n<div id=\"attachment_5029\" style=\"width: 310px\" class=\"wp-caption aligncenter\"><a href=\"http:\/\/proclass.com.br\/home\/wp-content\/uploads\/2015\/08\/Fig.-5-Uma-lista-de-plug-ins-gratuitos-num-lugar-s\u00f3.jpg\"><img loading=\"lazy\" decoding=\"async\" aria-describedby=\"caption-attachment-5029\" class=\"size-medium wp-image-5029\" src=\"http:\/\/proclass.com.br\/home\/wp-content\/uploads\/2015\/08\/Fig.-5-Uma-lista-de-plug-ins-gratuitos-num-lugar-s\u00f3-300x223.jpg\" alt=\"Fig. 5 - Uma lista de plug-ins gratuitos num lugar s\u00f3\" width=\"300\" height=\"223\" srcset=\"https:\/\/proclass.com.br\/home\/wp-content\/uploads\/2015\/08\/Fig.-5-Uma-lista-de-plug-ins-gratuitos-num-lugar-s\u00f3-300x223.jpg 300w, https:\/\/proclass.com.br\/home\/wp-content\/uploads\/2015\/08\/Fig.-5-Uma-lista-de-plug-ins-gratuitos-num-lugar-s\u00f3.jpg 640w\" sizes=\"(max-width: 300px) 100vw, 300px\" \/><\/a><p id=\"caption-attachment-5029\" class=\"wp-caption-text\">Fig. 5 &#8211; Uma lista de plug-ins gratuitos num lugar s\u00f3<\/p><\/div>\n<p class=\"p1\"><b><i>Conclus\u00e3o<\/i><\/b><\/p>\n<p class=\"p2\">Como dito no in\u00edcio, n\u00e3o \u00e9 apenas uma nova vers\u00e3o\u2026 Apertem os cintos pois estamos prestes a entrar numa nova era.<\/p>\n<p class=\"p2\">Teremos em breve uma nova maneira de produzir e colaborar com pessoas em qualquer lugar do planeta e uma nova maneira de expor nosso trabalho, divulgar, licenciar ou vender e coletar nossos direitos por execu\u00e7\u00e3o. E por fim, de forma gratuita para um grande grupo de pessoas que poder\u00e3o ser muito bem atendidas com as funcionalidades do Pro Tools|First.<\/p>\n<hr \/>\n<p><i><a href=\"http:\/\/proclass.com.br\/home\/wp-content\/uploads\/2012\/08\/cris3x4-blog-proclass.jpg\"><img loading=\"lazy\" decoding=\"async\" class=\" size-full wp-image-1057 alignleft\" src=\"http:\/\/proclass.com.br\/home\/wp-content\/uploads\/2012\/08\/cris3x4-blog-proclass.jpg\" alt=\"cris3x4 blog proclass\" width=\"74\" height=\"99\" \/><\/a>\u00a0Cristiano Moura \u00e9 produtor musical e instrutor certificado da Avid. Atualmente leciona \u00a0cursos oficiais em Pro Tools, Waves, Sibelius e os treinamentos em mixagem na ProClass. \u00a0Por meio da ProClass, oferece consultoria, treinamentos customizados em todo o Brasil.<\/i><\/p>\n","protected":false},"excerpt":{"rendered":"<p>Artigo publicado na Backstage.\u00a0Para conhecer mais sobre a revista,\u00a0clique aqui. Para saber mais sobre treinamentos e certifica\u00e7\u00f5es oficiais em Waves, Pro Tools, Sibelius ou outros treinamentos em \u00e1udio,\u00a0clique aqui. Muito al\u00e9m de fun\u00e7\u00f5es novas No m\u00eas de janeiro, a Avid anunciou o Pro Tools 12. Ela ainda est\u00e1 finalizado mas estar\u00e1 dispon\u00edvel aos usu\u00e1rios nosContinue reading &rarr;<\/p>\n","protected":false},"author":4,"featured_media":0,"comment_status":"closed","ping_status":"closed","sticky":false,"template":"","format":"standard","meta":{"footnotes":""},"categories":[1000],"tags":[],"class_list":["post-5028","post","type-post","status-publish","format-standard","hentry","category-pro-tools-2","no-thumb"],"yoast_head":"<!-- This site is optimized with the Yoast SEO plugin v26.9 - https:\/\/yoast.com\/product\/yoast-seo-wordpress\/ -->\n<title>Enquanto o Pro Tools 12 e Pro Tools|First n\u00e3o vem - Parte 1 - PROCLASS<\/title>\n<meta name=\"robots\" content=\"index, follow, max-snippet:-1, max-image-preview:large, max-video-preview:-1\" \/>\n<link rel=\"canonical\" href=\"https:\/\/proclass.com.br\/home\/2015\/09\/enquanto-o-pro-tools-12-e-pro-toolsfirst-nao-vem-parte-1\/\" \/>\n<meta property=\"og:locale\" content=\"pt_BR\" \/>\n<meta property=\"og:type\" content=\"article\" \/>\n<meta property=\"og:title\" content=\"Enquanto o Pro Tools 12 e Pro Tools|First n\u00e3o vem - Parte 1 - PROCLASS\" \/>\n<meta property=\"og:description\" content=\"Artigo publicado na Backstage.\u00a0Para conhecer mais sobre a revista,\u00a0clique aqui. Para saber mais sobre treinamentos e certifica\u00e7\u00f5es oficiais em Waves, Pro Tools, Sibelius ou outros treinamentos em \u00e1udio,\u00a0clique aqui. Muito al\u00e9m de fun\u00e7\u00f5es novas No m\u00eas de janeiro, a Avid anunciou o Pro Tools 12. Ela ainda est\u00e1 finalizado mas estar\u00e1 dispon\u00edvel aos usu\u00e1rios nosContinue reading &rarr;\" \/>\n<meta property=\"og:url\" content=\"https:\/\/proclass.com.br\/home\/2015\/09\/enquanto-o-pro-tools-12-e-pro-toolsfirst-nao-vem-parte-1\/\" \/>\n<meta property=\"og:site_name\" content=\"PROCLASS\" \/>\n<meta property=\"article:published_time\" content=\"2015-09-02T15:31:19+00:00\" \/>\n<meta property=\"og:image\" content=\"https:\/\/proclass.com.br\/home\/wp-content\/uploads\/2015\/03\/logo_backstage.png\" \/>\n\t<meta property=\"og:image:width\" content=\"432\" \/>\n\t<meta property=\"og:image:height\" content=\"108\" \/>\n\t<meta property=\"og:image:type\" content=\"image\/png\" \/>\n<meta name=\"author\" content=\"ProClass Treinamentos\" \/>\n<meta name=\"twitter:card\" content=\"summary_large_image\" \/>\n<meta name=\"twitter:label1\" content=\"Escrito por\" \/>\n\t<meta name=\"twitter:data1\" content=\"ProClass Treinamentos\" \/>\n\t<meta name=\"twitter:label2\" content=\"Est. tempo de leitura\" \/>\n\t<meta name=\"twitter:data2\" content=\"9 minutos\" \/>\n<script type=\"application\/ld+json\" class=\"yoast-schema-graph\">{\"@context\":\"https:\/\/schema.org\",\"@graph\":[{\"@type\":\"Article\",\"@id\":\"https:\/\/proclass.com.br\/home\/2015\/09\/enquanto-o-pro-tools-12-e-pro-toolsfirst-nao-vem-parte-1\/#article\",\"isPartOf\":{\"@id\":\"https:\/\/proclass.com.br\/home\/2015\/09\/enquanto-o-pro-tools-12-e-pro-toolsfirst-nao-vem-parte-1\/\"},\"author\":{\"name\":\"ProClass Treinamentos\",\"@id\":\"https:\/\/proclass.com.br\/home\/#\/schema\/person\/f89e1eb93d5d32c0bb465c52f87f5a00\"},\"headline\":\"Enquanto o Pro Tools 12 e Pro Tools|First n\u00e3o vem &#8211; Parte 1\",\"datePublished\":\"2015-09-02T15:31:19+00:00\",\"mainEntityOfPage\":{\"@id\":\"https:\/\/proclass.com.br\/home\/2015\/09\/enquanto-o-pro-tools-12-e-pro-toolsfirst-nao-vem-parte-1\/\"},\"wordCount\":1714,\"publisher\":{\"@id\":\"https:\/\/proclass.com.br\/home\/#organization\"},\"image\":{\"@id\":\"https:\/\/proclass.com.br\/home\/2015\/09\/enquanto-o-pro-tools-12-e-pro-toolsfirst-nao-vem-parte-1\/#primaryimage\"},\"thumbnailUrl\":\"http:\/\/proclass.com.br\/home\/wp-content\/uploads\/2015\/03\/logo_backstage.png\",\"articleSection\":[\"Pro Tools\"],\"inLanguage\":\"pt-BR\"},{\"@type\":\"WebPage\",\"@id\":\"https:\/\/proclass.com.br\/home\/2015\/09\/enquanto-o-pro-tools-12-e-pro-toolsfirst-nao-vem-parte-1\/\",\"url\":\"https:\/\/proclass.com.br\/home\/2015\/09\/enquanto-o-pro-tools-12-e-pro-toolsfirst-nao-vem-parte-1\/\",\"name\":\"Enquanto o Pro Tools 12 e Pro Tools|First n\u00e3o vem - Parte 1 - PROCLASS\",\"isPartOf\":{\"@id\":\"https:\/\/proclass.com.br\/home\/#website\"},\"primaryImageOfPage\":{\"@id\":\"https:\/\/proclass.com.br\/home\/2015\/09\/enquanto-o-pro-tools-12-e-pro-toolsfirst-nao-vem-parte-1\/#primaryimage\"},\"image\":{\"@id\":\"https:\/\/proclass.com.br\/home\/2015\/09\/enquanto-o-pro-tools-12-e-pro-toolsfirst-nao-vem-parte-1\/#primaryimage\"},\"thumbnailUrl\":\"http:\/\/proclass.com.br\/home\/wp-content\/uploads\/2015\/03\/logo_backstage.png\",\"datePublished\":\"2015-09-02T15:31:19+00:00\",\"breadcrumb\":{\"@id\":\"https:\/\/proclass.com.br\/home\/2015\/09\/enquanto-o-pro-tools-12-e-pro-toolsfirst-nao-vem-parte-1\/#breadcrumb\"},\"inLanguage\":\"pt-BR\",\"potentialAction\":[{\"@type\":\"ReadAction\",\"target\":[\"https:\/\/proclass.com.br\/home\/2015\/09\/enquanto-o-pro-tools-12-e-pro-toolsfirst-nao-vem-parte-1\/\"]}]},{\"@type\":\"ImageObject\",\"inLanguage\":\"pt-BR\",\"@id\":\"https:\/\/proclass.com.br\/home\/2015\/09\/enquanto-o-pro-tools-12-e-pro-toolsfirst-nao-vem-parte-1\/#primaryimage\",\"url\":\"http:\/\/proclass.com.br\/home\/wp-content\/uploads\/2015\/03\/logo_backstage.png\",\"contentUrl\":\"http:\/\/proclass.com.br\/home\/wp-content\/uploads\/2015\/03\/logo_backstage.png\"},{\"@type\":\"BreadcrumbList\",\"@id\":\"https:\/\/proclass.com.br\/home\/2015\/09\/enquanto-o-pro-tools-12-e-pro-toolsfirst-nao-vem-parte-1\/#breadcrumb\",\"itemListElement\":[{\"@type\":\"ListItem\",\"position\":1,\"name\":\"In\u00edcio\",\"item\":\"https:\/\/proclass.com.br\/home\/\"},{\"@type\":\"ListItem\",\"position\":2,\"name\":\"Enquanto o Pro Tools 12 e Pro Tools|First n\u00e3o vem &#8211; Parte 1\"}]},{\"@type\":\"WebSite\",\"@id\":\"https:\/\/proclass.com.br\/home\/#website\",\"url\":\"https:\/\/proclass.com.br\/home\/\",\"name\":\"PROCLASS\",\"description\":\"CURSOS E TREINAMENTOS\",\"publisher\":{\"@id\":\"https:\/\/proclass.com.br\/home\/#organization\"},\"potentialAction\":[{\"@type\":\"SearchAction\",\"target\":{\"@type\":\"EntryPoint\",\"urlTemplate\":\"https:\/\/proclass.com.br\/home\/?s={search_term_string}\"},\"query-input\":{\"@type\":\"PropertyValueSpecification\",\"valueRequired\":true,\"valueName\":\"search_term_string\"}}],\"inLanguage\":\"pt-BR\"},{\"@type\":\"Organization\",\"@id\":\"https:\/\/proclass.com.br\/home\/#organization\",\"name\":\"PROCLASS\",\"url\":\"https:\/\/proclass.com.br\/home\/\",\"logo\":{\"@type\":\"ImageObject\",\"inLanguage\":\"pt-BR\",\"@id\":\"https:\/\/proclass.com.br\/home\/#\/schema\/logo\/image\/\",\"url\":\"https:\/\/proclass.com.br\/home\/wp-content\/uploads\/2023\/06\/CABECALHO-black_PROCLASS-2023.png\",\"contentUrl\":\"https:\/\/proclass.com.br\/home\/wp-content\/uploads\/2023\/06\/CABECALHO-black_PROCLASS-2023.png\",\"width\":2563,\"height\":911,\"caption\":\"PROCLASS\"},\"image\":{\"@id\":\"https:\/\/proclass.com.br\/home\/#\/schema\/logo\/image\/\"}},{\"@type\":\"Person\",\"@id\":\"https:\/\/proclass.com.br\/home\/#\/schema\/person\/f89e1eb93d5d32c0bb465c52f87f5a00\",\"name\":\"ProClass Treinamentos\",\"image\":{\"@type\":\"ImageObject\",\"inLanguage\":\"pt-BR\",\"@id\":\"https:\/\/proclass.com.br\/home\/#\/schema\/person\/image\/\",\"url\":\"https:\/\/secure.gravatar.com\/avatar\/3878d7a575c7ac355d2c778d5de04af08b7c5a7d9f19b2889f26cc7d80a6a832?s=96&d=blank&r=g\",\"contentUrl\":\"https:\/\/secure.gravatar.com\/avatar\/3878d7a575c7ac355d2c778d5de04af08b7c5a7d9f19b2889f26cc7d80a6a832?s=96&d=blank&r=g\",\"caption\":\"ProClass Treinamentos\"},\"url\":\"https:\/\/proclass.com.br\/home\/author\/proclass\/\"}]}<\/script>\n<!-- \/ Yoast SEO plugin. -->","yoast_head_json":{"title":"Enquanto o Pro Tools 12 e Pro Tools|First n\u00e3o vem - Parte 1 - PROCLASS","robots":{"index":"index","follow":"follow","max-snippet":"max-snippet:-1","max-image-preview":"max-image-preview:large","max-video-preview":"max-video-preview:-1"},"canonical":"https:\/\/proclass.com.br\/home\/2015\/09\/enquanto-o-pro-tools-12-e-pro-toolsfirst-nao-vem-parte-1\/","og_locale":"pt_BR","og_type":"article","og_title":"Enquanto o Pro Tools 12 e Pro Tools|First n\u00e3o vem - Parte 1 - PROCLASS","og_description":"Artigo publicado na Backstage.\u00a0Para conhecer mais sobre a revista,\u00a0clique aqui. Para saber mais sobre treinamentos e certifica\u00e7\u00f5es oficiais em Waves, Pro Tools, Sibelius ou outros treinamentos em \u00e1udio,\u00a0clique aqui. Muito al\u00e9m de fun\u00e7\u00f5es novas No m\u00eas de janeiro, a Avid anunciou o Pro Tools 12. Ela ainda est\u00e1 finalizado mas estar\u00e1 dispon\u00edvel aos usu\u00e1rios nosContinue reading &rarr;","og_url":"https:\/\/proclass.com.br\/home\/2015\/09\/enquanto-o-pro-tools-12-e-pro-toolsfirst-nao-vem-parte-1\/","og_site_name":"PROCLASS","article_published_time":"2015-09-02T15:31:19+00:00","og_image":[{"width":432,"height":108,"url":"https:\/\/proclass.com.br\/home\/wp-content\/uploads\/2015\/03\/logo_backstage.png","type":"image\/png"}],"author":"ProClass Treinamentos","twitter_card":"summary_large_image","twitter_misc":{"Escrito por":"ProClass Treinamentos","Est. tempo de leitura":"9 minutos"},"schema":{"@context":"https:\/\/schema.org","@graph":[{"@type":"Article","@id":"https:\/\/proclass.com.br\/home\/2015\/09\/enquanto-o-pro-tools-12-e-pro-toolsfirst-nao-vem-parte-1\/#article","isPartOf":{"@id":"https:\/\/proclass.com.br\/home\/2015\/09\/enquanto-o-pro-tools-12-e-pro-toolsfirst-nao-vem-parte-1\/"},"author":{"name":"ProClass Treinamentos","@id":"https:\/\/proclass.com.br\/home\/#\/schema\/person\/f89e1eb93d5d32c0bb465c52f87f5a00"},"headline":"Enquanto o Pro Tools 12 e Pro Tools|First n\u00e3o vem &#8211; Parte 1","datePublished":"2015-09-02T15:31:19+00:00","mainEntityOfPage":{"@id":"https:\/\/proclass.com.br\/home\/2015\/09\/enquanto-o-pro-tools-12-e-pro-toolsfirst-nao-vem-parte-1\/"},"wordCount":1714,"publisher":{"@id":"https:\/\/proclass.com.br\/home\/#organization"},"image":{"@id":"https:\/\/proclass.com.br\/home\/2015\/09\/enquanto-o-pro-tools-12-e-pro-toolsfirst-nao-vem-parte-1\/#primaryimage"},"thumbnailUrl":"http:\/\/proclass.com.br\/home\/wp-content\/uploads\/2015\/03\/logo_backstage.png","articleSection":["Pro Tools"],"inLanguage":"pt-BR"},{"@type":"WebPage","@id":"https:\/\/proclass.com.br\/home\/2015\/09\/enquanto-o-pro-tools-12-e-pro-toolsfirst-nao-vem-parte-1\/","url":"https:\/\/proclass.com.br\/home\/2015\/09\/enquanto-o-pro-tools-12-e-pro-toolsfirst-nao-vem-parte-1\/","name":"Enquanto o Pro Tools 12 e Pro Tools|First n\u00e3o vem - Parte 1 - PROCLASS","isPartOf":{"@id":"https:\/\/proclass.com.br\/home\/#website"},"primaryImageOfPage":{"@id":"https:\/\/proclass.com.br\/home\/2015\/09\/enquanto-o-pro-tools-12-e-pro-toolsfirst-nao-vem-parte-1\/#primaryimage"},"image":{"@id":"https:\/\/proclass.com.br\/home\/2015\/09\/enquanto-o-pro-tools-12-e-pro-toolsfirst-nao-vem-parte-1\/#primaryimage"},"thumbnailUrl":"http:\/\/proclass.com.br\/home\/wp-content\/uploads\/2015\/03\/logo_backstage.png","datePublished":"2015-09-02T15:31:19+00:00","breadcrumb":{"@id":"https:\/\/proclass.com.br\/home\/2015\/09\/enquanto-o-pro-tools-12-e-pro-toolsfirst-nao-vem-parte-1\/#breadcrumb"},"inLanguage":"pt-BR","potentialAction":[{"@type":"ReadAction","target":["https:\/\/proclass.com.br\/home\/2015\/09\/enquanto-o-pro-tools-12-e-pro-toolsfirst-nao-vem-parte-1\/"]}]},{"@type":"ImageObject","inLanguage":"pt-BR","@id":"https:\/\/proclass.com.br\/home\/2015\/09\/enquanto-o-pro-tools-12-e-pro-toolsfirst-nao-vem-parte-1\/#primaryimage","url":"http:\/\/proclass.com.br\/home\/wp-content\/uploads\/2015\/03\/logo_backstage.png","contentUrl":"http:\/\/proclass.com.br\/home\/wp-content\/uploads\/2015\/03\/logo_backstage.png"},{"@type":"BreadcrumbList","@id":"https:\/\/proclass.com.br\/home\/2015\/09\/enquanto-o-pro-tools-12-e-pro-toolsfirst-nao-vem-parte-1\/#breadcrumb","itemListElement":[{"@type":"ListItem","position":1,"name":"In\u00edcio","item":"https:\/\/proclass.com.br\/home\/"},{"@type":"ListItem","position":2,"name":"Enquanto o Pro Tools 12 e Pro Tools|First n\u00e3o vem &#8211; Parte 1"}]},{"@type":"WebSite","@id":"https:\/\/proclass.com.br\/home\/#website","url":"https:\/\/proclass.com.br\/home\/","name":"PROCLASS","description":"CURSOS E TREINAMENTOS","publisher":{"@id":"https:\/\/proclass.com.br\/home\/#organization"},"potentialAction":[{"@type":"SearchAction","target":{"@type":"EntryPoint","urlTemplate":"https:\/\/proclass.com.br\/home\/?s={search_term_string}"},"query-input":{"@type":"PropertyValueSpecification","valueRequired":true,"valueName":"search_term_string"}}],"inLanguage":"pt-BR"},{"@type":"Organization","@id":"https:\/\/proclass.com.br\/home\/#organization","name":"PROCLASS","url":"https:\/\/proclass.com.br\/home\/","logo":{"@type":"ImageObject","inLanguage":"pt-BR","@id":"https:\/\/proclass.com.br\/home\/#\/schema\/logo\/image\/","url":"https:\/\/proclass.com.br\/home\/wp-content\/uploads\/2023\/06\/CABECALHO-black_PROCLASS-2023.png","contentUrl":"https:\/\/proclass.com.br\/home\/wp-content\/uploads\/2023\/06\/CABECALHO-black_PROCLASS-2023.png","width":2563,"height":911,"caption":"PROCLASS"},"image":{"@id":"https:\/\/proclass.com.br\/home\/#\/schema\/logo\/image\/"}},{"@type":"Person","@id":"https:\/\/proclass.com.br\/home\/#\/schema\/person\/f89e1eb93d5d32c0bb465c52f87f5a00","name":"ProClass Treinamentos","image":{"@type":"ImageObject","inLanguage":"pt-BR","@id":"https:\/\/proclass.com.br\/home\/#\/schema\/person\/image\/","url":"https:\/\/secure.gravatar.com\/avatar\/3878d7a575c7ac355d2c778d5de04af08b7c5a7d9f19b2889f26cc7d80a6a832?s=96&d=blank&r=g","contentUrl":"https:\/\/secure.gravatar.com\/avatar\/3878d7a575c7ac355d2c778d5de04af08b7c5a7d9f19b2889f26cc7d80a6a832?s=96&d=blank&r=g","caption":"ProClass Treinamentos"},"url":"https:\/\/proclass.com.br\/home\/author\/proclass\/"}]}},"_links":{"self":[{"href":"https:\/\/proclass.com.br\/home\/wp-json\/wp\/v2\/posts\/5028","targetHints":{"allow":["GET"]}}],"collection":[{"href":"https:\/\/proclass.com.br\/home\/wp-json\/wp\/v2\/posts"}],"about":[{"href":"https:\/\/proclass.com.br\/home\/wp-json\/wp\/v2\/types\/post"}],"author":[{"embeddable":true,"href":"https:\/\/proclass.com.br\/home\/wp-json\/wp\/v2\/users\/4"}],"replies":[{"embeddable":true,"href":"https:\/\/proclass.com.br\/home\/wp-json\/wp\/v2\/comments?post=5028"}],"version-history":[{"count":0,"href":"https:\/\/proclass.com.br\/home\/wp-json\/wp\/v2\/posts\/5028\/revisions"}],"wp:attachment":[{"href":"https:\/\/proclass.com.br\/home\/wp-json\/wp\/v2\/media?parent=5028"}],"wp:term":[{"taxonomy":"category","embeddable":true,"href":"https:\/\/proclass.com.br\/home\/wp-json\/wp\/v2\/categories?post=5028"},{"taxonomy":"post_tag","embeddable":true,"href":"https:\/\/proclass.com.br\/home\/wp-json\/wp\/v2\/tags?post=5028"}],"curies":[{"name":"wp","href":"https:\/\/api.w.org\/{rel}","templated":true}]}}