{"id":5022,"date":"2015-09-02T12:34:18","date_gmt":"2015-09-02T15:34:18","guid":{"rendered":"http:\/\/proclass.com.br\/home\/?p=5022"},"modified":"2015-09-02T12:34:18","modified_gmt":"2015-09-02T15:34:18","slug":"colocando-ordem-na-casa","status":"publish","type":"post","link":"https:\/\/proclass.com.br\/home\/2015\/09\/colocando-ordem-na-casa\/","title":{"rendered":"Colocando ordem na casa"},"content":{"rendered":"<p><a href=\"http:\/\/proclass.com.br\/home\/wp-content\/uploads\/2015\/03\/logo_backstage.png\"><img decoding=\"async\" class=\"aligncenter  wp-image-4341\" src=\"http:\/\/proclass.com.br\/home\/wp-content\/uploads\/2015\/03\/logo_backstage.png\" alt=\"logo_backstage\" width=\"364\" height=\"91\" srcset=\"https:\/\/proclass.com.br\/home\/wp-content\/uploads\/2015\/03\/logo_backstage.png 432w, https:\/\/proclass.com.br\/home\/wp-content\/uploads\/2015\/03\/logo_backstage-300x75.png 300w, https:\/\/proclass.com.br\/home\/wp-content\/uploads\/2015\/03\/logo_backstage-100x25.png 100w\" sizes=\"(max-width: 364px) 100vw, 364px\" \/><\/a><\/p>\n<p style=\"text-align: left;\">Artigo publicado na Backstage.\u00a0Para conhecer mais sobre a revista,\u00a0<a href=\"http:\/\/backstage.com.br\/\" target=\"_blank\">clique aqui.<\/a><\/p>\n<p style=\"text-align: left;\">Para saber mais sobre treinamentos e certifica\u00e7\u00f5es oficiais em Waves, Pro Tools, Sibelius ou outros treinamentos em \u00e1udio,\u00a0<a href=\"http:\/\/proclass.com.br\/home\/certificacoes\/waves\/waves-certification-program\/\" target=\"_blank\">clique aqui<\/a>.<\/p>\n<hr \/>\n<p class=\"p1\"><b><i>Dia de faxina no Pro Tools<\/i><\/b><\/p>\n<p class=\"p2\">Certa vez, disseram que a inven\u00e7\u00e3o mais genial do homem foi o calend\u00e1rio. Isto por que cria-se uma sensa\u00e7\u00e3o de renova\u00e7\u00e3o e o homem precisa disso para gerar for\u00e7a interior e tomar certas decis\u00f5es. \u201cNa semana que vem vou come\u00e7ar meu regime\u201d, \u201cvou pedir demiss\u00e3o no m\u00eas que vem\u201d ou \u201cno ano que vem quero lan\u00e7ar meu projeto sem falta\u201d.<\/p>\n<p class=\"p2\">Ent\u00e3o que tal iniciar o ano fazendo uma boa limpeza no Pro Tools, sess\u00f5es, configura\u00e7\u00f5es e plug-ins?<\/p>\n<p class=\"p1\"><b><i>Organizando sess\u00f5es no HD<\/i><\/b><\/p>\n<p class=\"p2\">Cada pessoa tem um m\u00e9todo de organiza\u00e7\u00e3o, e caso o seu esteja funcionando bem, fique \u00e0 vontade se quiser pular para o pr\u00f3ximo item.<\/p>\n<p class=\"p2\">Se seu caso \u00e9 daqueles que simplesmente \u201csalva a sess\u00e3o\u201d, mas n\u00e3o sabe exatamente onde, ou se voc\u00ea tem sess\u00f5es espalhadas por diversos lugares do seu computador, vale a pena melhorar isso em 2015.<\/p>\n<p class=\"p2\">O m\u00e9todo mais comum de organiza\u00e7\u00e3o o seguinte: HD de \u00e1udio &gt; Pasta do Artista &gt; Pasta do projeto &gt; Pastas de sess\u00f5es do Pro Tools.<\/p>\n<p>&nbsp;<\/p>\n<p class=\"p2\"><!--more--><\/p>\n<p class=\"p2\">Caso o usu\u00e1rio n\u00e3o tenha um HD dedicado ao \u00e1udio, pode fazer uma pasta \u201cProjetos Pro Tools\u201d ou similar no HD local.<\/p>\n<p class=\"p2\">A \u201cpasta do artista\u201d \u00e9 muito importante definir de cara por dois motivos. Em homestudios, \u00e9 comum o m\u00fasico ter diversas bandas. Em est\u00fadios comerciais, mesmo que seja um artista novo, espera-se que ele goste do seu trabalho e queira realizar outro projeto mais tarde. Ent\u00e3o vale se organizar desde j\u00e1.<\/p>\n<p class=\"p2\">A \u201cPasta do projeto\u201d n\u00e3o \u00e9 menos importante. Imagine que um artista venha fazer uma pr\u00e9-produ\u00e7\u00e3o do CD \u201cHoje \u00e9 o dia\u201d no seu est\u00fadio. Ent\u00e3o o nome da pasta deve ser \u201cPre-produ\u00e7\u00e3o Hoje \u00e9 o dia\u201d ou algo assim.<\/p>\n<p class=\"p2\">\u00c9 importante conter claramente o que \u00e9 o projeto, pois imagine que ele gostou tanto do seu est\u00fadio que tamb\u00e9m vai gravar o CD l\u00e1. Isso \u00e9 um problema pois muitas m\u00fasicas ser\u00e3o as mesmas e voc\u00ea vai ficar perdido tendo duas sess\u00f5es da mesma m\u00fasica.<\/p>\n<p class=\"p2\">Ent\u00e3o neste caso, fa\u00e7a uma nova pasta de projeto chamada \u201cHoje \u00e9 o dia &#8211; CD\u201d.<\/p>\n<p class=\"p2\">Letras de m\u00fasica, partitura, m\u00fasicas de refer\u00eancia etc s\u00e3o arquivos extras que podem aparecer no meio do processo, e recomendo que este material tamb\u00e9m seja colocado nas pasta de artista, projeto ou m\u00fasica de acordo com o objetivo de cada um.<\/p>\n<p class=\"p2\">Por exemplo, um arquivo.DOC com a letra da m\u00fasica deve ir para a pasta da m\u00fasica, mas um WAV de refer\u00eancia sobre a sonoridade do CD como um todo deve ir para a pasta do projeto.<\/p>\n<p class=\"p2\">O resultado desta organiza\u00e7\u00e3o ser\u00e1 similar ao da figura 1.<\/p>\n<div id=\"attachment_5023\" style=\"width: 310px\" class=\"wp-caption aligncenter\"><a href=\"http:\/\/proclass.com.br\/home\/wp-content\/uploads\/2015\/08\/fig.-1-Sugest\u00e3o-para-organiza\u00e7\u00e3o-de-projetos-e-sess\u00f5es.png\"><img decoding=\"async\" aria-describedby=\"caption-attachment-5023\" class=\"size-medium wp-image-5023\" src=\"http:\/\/proclass.com.br\/home\/wp-content\/uploads\/2015\/08\/fig.-1-Sugest\u00e3o-para-organiza\u00e7\u00e3o-de-projetos-e-sess\u00f5es-300x129.png\" alt=\"fig. 1 - Sugest\u00e3o para organiza\u00e7\u00e3o de projetos e sess\u00f5es\" width=\"300\" height=\"129\" srcset=\"https:\/\/proclass.com.br\/home\/wp-content\/uploads\/2015\/08\/fig.-1-Sugest\u00e3o-para-organiza\u00e7\u00e3o-de-projetos-e-sess\u00f5es-300x129.png 300w, https:\/\/proclass.com.br\/home\/wp-content\/uploads\/2015\/08\/fig.-1-Sugest\u00e3o-para-organiza\u00e7\u00e3o-de-projetos-e-sess\u00f5es.png 968w\" sizes=\"(max-width: 300px) 100vw, 300px\" \/><\/a><p id=\"caption-attachment-5023\" class=\"wp-caption-text\">fig. 1 &#8211; Sugest\u00e3o para organiza\u00e7\u00e3o de projetos e sess\u00f5es<\/p><\/div>\n<p>&nbsp;<\/p>\n<p class=\"p1\"><b><i>Dispensando \u00e1udio das sess\u00f5es finalizadas<\/i><\/b><\/p>\n<p class=\"p2\">Antes de arquivar as sess\u00f5es, \u00e9 importante dispensar arquivos que est\u00e3o consumindo espa\u00e7o sem fazer nada de \u00fatil.<\/p>\n<p class=\"p2\">O primeiro passo \u00e9 a Clip List (fig. 2). Por l\u00e1, podemos selecionar a op\u00e7\u00e3o \u201cselect unused\u201d para que sejam selecionados apenas os clips e sub-clips que n\u00e3o est\u00e3o sendo usados na sess\u00e3o. Depois, basta voltar no menu da Clip List e selecionar a op\u00e7\u00e3o \u201cClear\u201d e em seguida, delete.<\/p>\n<div id=\"attachment_5026\" style=\"width: 310px\" class=\"wp-caption aligncenter\"><a href=\"http:\/\/proclass.com.br\/home\/wp-content\/uploads\/2015\/08\/fig.-2-Clip-list.png\"><img fetchpriority=\"high\" decoding=\"async\" aria-describedby=\"caption-attachment-5026\" class=\"size-medium wp-image-5026\" src=\"http:\/\/proclass.com.br\/home\/wp-content\/uploads\/2015\/08\/fig.-2-Clip-list-300x264.png\" alt=\"fig. 2 - Clip list\" width=\"300\" height=\"264\" srcset=\"https:\/\/proclass.com.br\/home\/wp-content\/uploads\/2015\/08\/fig.-2-Clip-list-300x264.png 300w, https:\/\/proclass.com.br\/home\/wp-content\/uploads\/2015\/08\/fig.-2-Clip-list.png 639w\" sizes=\"(max-width: 300px) 100vw, 300px\" \/><\/a><p id=\"caption-attachment-5026\" class=\"wp-caption-text\">fig. 2 &#8211; Clip list<\/p><\/div>\n<p>&nbsp;<\/p>\n<p class=\"p2\">Uma coisa a notar no comportamento de sess\u00f5es, \u00e9 que nem sempre todos os arquivos de \u00e1udio estar\u00e3o na pasta Audio Files. \u00c9 poss\u00edvel alterar este comportamento tanto na grava\u00e7\u00e3o, quanto na importa\u00e7\u00e3o. Ou seja, dependendo destas configura\u00e7\u00f5es, talvez existam arquivos espalhados por outras pastas no seu computador.<\/p>\n<p class=\"p2\">Ent\u00e3o para garantir que est\u00e1 tudo no mesmo lugar, outro procedimento que sugiro \u00e9 o comando \u201csave copy in\u2026\u201d. Este, gera uma c\u00f3pia da sess\u00e3o garantindo que todos os arquivos de \u00e1udio estejam de fato na pasta Audio Files.<\/p>\n<p class=\"p2\">Ou seja, neste momento estamos usando esta fun\u00e7\u00e3o para agregar todos os arquivos de \u00e1udio e ter certeza de que eles est\u00e3o todos no mesmo lugar.<\/p>\n<p class=\"p2\">Detalhe importante: \u00e9 preciso selecionar a op\u00e7\u00e3o \u201ccopy all audio files\u201d na caixa de di\u00e1logo do Save Copy In para que o comando seja executado da forma esperada (fig. 3).<\/p>\n<div id=\"attachment_5024\" style=\"width: 310px\" class=\"wp-caption aligncenter\"><a href=\"http:\/\/proclass.com.br\/home\/wp-content\/uploads\/2015\/08\/fig.-3-Save-Copy-IN.png\"><img loading=\"lazy\" decoding=\"async\" aria-describedby=\"caption-attachment-5024\" class=\"size-medium wp-image-5024\" src=\"http:\/\/proclass.com.br\/home\/wp-content\/uploads\/2015\/08\/fig.-3-Save-Copy-IN-300x212.png\" alt=\"fig. 3 - Save Copy IN\" width=\"300\" height=\"212\" srcset=\"https:\/\/proclass.com.br\/home\/wp-content\/uploads\/2015\/08\/fig.-3-Save-Copy-IN-300x212.png 300w, https:\/\/proclass.com.br\/home\/wp-content\/uploads\/2015\/08\/fig.-3-Save-Copy-IN.png 587w\" sizes=\"(max-width: 300px) 100vw, 300px\" \/><\/a><p id=\"caption-attachment-5024\" class=\"wp-caption-text\">fig. 3 &#8211; Save Copy IN<\/p><\/div>\n<p>&nbsp;<\/p>\n<p class=\"p1\"><b><i>Lista de Plug-ins<\/i><\/b><\/p>\n<p class=\"p2\">Pode ser divertido testar plug-ins, mas uma lista repleta de plug-ins que voc\u00ea n\u00e3o usa chega a atrapalhar.<\/p>\n<p class=\"p2\">Certamente podemos desinstalar plug-ins n\u00e3o utilizados, mas tamb\u00e9m podemos apenas move-los para outra pasta.<\/p>\n<p class=\"p2\">Na figura 4, h\u00e1 uma tabela com a localiza\u00e7\u00e3o da pasta de plug-ins padr\u00e3o do Pro Tools.<\/p>\n<div id=\"attachment_5025\" style=\"width: 310px\" class=\"wp-caption aligncenter\"><a href=\"http:\/\/proclass.com.br\/home\/wp-content\/uploads\/2015\/08\/fig.-4-Localiza\u00e7\u00e3o-da-pasta-de-plug-ins-nas-diferentes-vers\u00f5es-do-Pro-Tools.png\"><img loading=\"lazy\" decoding=\"async\" aria-describedby=\"caption-attachment-5025\" class=\"size-medium wp-image-5025\" src=\"http:\/\/proclass.com.br\/home\/wp-content\/uploads\/2015\/08\/fig.-4-Localiza\u00e7\u00e3o-da-pasta-de-plug-ins-nas-diferentes-vers\u00f5es-do-Pro-Tools-300x224.png\" alt=\"fig. 4 - Localiza\u00e7\u00e3o da pasta de plug-ins nas diferentes vers\u00f5es do Pro Tools\" width=\"300\" height=\"224\" srcset=\"https:\/\/proclass.com.br\/home\/wp-content\/uploads\/2015\/08\/fig.-4-Localiza\u00e7\u00e3o-da-pasta-de-plug-ins-nas-diferentes-vers\u00f5es-do-Pro-Tools-300x224.png 300w, https:\/\/proclass.com.br\/home\/wp-content\/uploads\/2015\/08\/fig.-4-Localiza\u00e7\u00e3o-da-pasta-de-plug-ins-nas-diferentes-vers\u00f5es-do-Pro-Tools-1024x764.png 1024w, https:\/\/proclass.com.br\/home\/wp-content\/uploads\/2015\/08\/fig.-4-Localiza\u00e7\u00e3o-da-pasta-de-plug-ins-nas-diferentes-vers\u00f5es-do-Pro-Tools.png 1686w\" sizes=\"(max-width: 300px) 100vw, 300px\" \/><\/a><p id=\"caption-attachment-5025\" class=\"wp-caption-text\">fig. 4 &#8211; Localiza\u00e7\u00e3o da pasta de plug-ins nas diferentes vers\u00f5es do Pro Tools<\/p><\/div>\n<p class=\"p2\">N\u00e3o \u00e9 necess\u00e1rio exclu\u00ed-los. Apenas o fato de mover estes arquivos para uma pasta separada j\u00e1 \u00e9 o suficiente.<\/p>\n<p class=\"p2\">E vamos ficando por aqui! Desejo a todos um excelente 2015, com muita sa\u00fade e que seus planos se concretizem da melhor forma poss\u00edvel.<\/p>\n<p class=\"p2\">Abra\u00e7os!<\/p>\n<hr \/>\n<p><i><a href=\"http:\/\/proclass.com.br\/home\/wp-content\/uploads\/2012\/08\/cris3x4-blog-proclass.jpg\"><img loading=\"lazy\" decoding=\"async\" class=\" size-full wp-image-1057 alignleft\" src=\"http:\/\/proclass.com.br\/home\/wp-content\/uploads\/2012\/08\/cris3x4-blog-proclass.jpg\" alt=\"cris3x4 blog proclass\" width=\"74\" height=\"99\" \/><\/a>\u00a0Cristiano Moura \u00e9 produtor musical e instrutor certificado da Avid. Atualmente leciona \u00a0cursos oficiais em Pro Tools, Waves, Sibelius e os treinamentos em mixagem na ProClass. \u00a0Por meio da ProClass, oferece consultoria, treinamentos customizados em todo o Brasil.<\/i><\/p>\n","protected":false},"excerpt":{"rendered":"<p>Artigo publicado na Backstage.\u00a0Para conhecer mais sobre a revista,\u00a0clique aqui. Para saber mais sobre treinamentos e certifica\u00e7\u00f5es oficiais em Waves, Pro Tools, Sibelius ou outros treinamentos em \u00e1udio,\u00a0clique aqui. Dia de faxina no Pro Tools Certa vez, disseram que a inven\u00e7\u00e3o mais genial do homem foi o calend\u00e1rio. Isto por que cria-se uma sensa\u00e7\u00e3o deContinue reading &rarr;<\/p>\n","protected":false},"author":4,"featured_media":0,"comment_status":"closed","ping_status":"closed","sticky":false,"template":"","format":"standard","meta":{"footnotes":""},"categories":[1],"tags":[],"class_list":["post-5022","post","type-post","status-publish","format-standard","hentry","category-novidades","no-thumb"],"yoast_head":"<!-- This site is optimized with the Yoast SEO plugin v26.9 - https:\/\/yoast.com\/product\/yoast-seo-wordpress\/ -->\n<title>Colocando ordem na casa - PROCLASS<\/title>\n<meta name=\"robots\" content=\"index, follow, max-snippet:-1, max-image-preview:large, max-video-preview:-1\" \/>\n<link rel=\"canonical\" href=\"https:\/\/proclass.com.br\/home\/2015\/09\/colocando-ordem-na-casa\/\" \/>\n<meta property=\"og:locale\" content=\"pt_BR\" \/>\n<meta property=\"og:type\" content=\"article\" \/>\n<meta property=\"og:title\" content=\"Colocando ordem na casa - PROCLASS\" \/>\n<meta property=\"og:description\" content=\"Artigo publicado na Backstage.\u00a0Para conhecer mais sobre a revista,\u00a0clique aqui. Para saber mais sobre treinamentos e certifica\u00e7\u00f5es oficiais em Waves, Pro Tools, Sibelius ou outros treinamentos em \u00e1udio,\u00a0clique aqui. Dia de faxina no Pro Tools Certa vez, disseram que a inven\u00e7\u00e3o mais genial do homem foi o calend\u00e1rio. Isto por que cria-se uma sensa\u00e7\u00e3o deContinue reading &rarr;\" \/>\n<meta property=\"og:url\" content=\"https:\/\/proclass.com.br\/home\/2015\/09\/colocando-ordem-na-casa\/\" \/>\n<meta property=\"og:site_name\" content=\"PROCLASS\" \/>\n<meta property=\"article:published_time\" content=\"2015-09-02T15:34:18+00:00\" \/>\n<meta property=\"og:image\" content=\"https:\/\/proclass.com.br\/home\/wp-content\/uploads\/2015\/03\/logo_backstage.png\" \/>\n\t<meta property=\"og:image:width\" content=\"432\" \/>\n\t<meta property=\"og:image:height\" content=\"108\" \/>\n\t<meta property=\"og:image:type\" content=\"image\/png\" \/>\n<meta name=\"author\" content=\"ProClass Treinamentos\" \/>\n<meta name=\"twitter:card\" content=\"summary_large_image\" \/>\n<meta name=\"twitter:label1\" content=\"Escrito por\" \/>\n\t<meta name=\"twitter:data1\" content=\"ProClass Treinamentos\" \/>\n\t<meta name=\"twitter:label2\" content=\"Est. tempo de leitura\" \/>\n\t<meta name=\"twitter:data2\" content=\"5 minutos\" \/>\n<script type=\"application\/ld+json\" class=\"yoast-schema-graph\">{\"@context\":\"https:\/\/schema.org\",\"@graph\":[{\"@type\":\"Article\",\"@id\":\"https:\/\/proclass.com.br\/home\/2015\/09\/colocando-ordem-na-casa\/#article\",\"isPartOf\":{\"@id\":\"https:\/\/proclass.com.br\/home\/2015\/09\/colocando-ordem-na-casa\/\"},\"author\":{\"name\":\"ProClass Treinamentos\",\"@id\":\"https:\/\/proclass.com.br\/home\/#\/schema\/person\/f89e1eb93d5d32c0bb465c52f87f5a00\"},\"headline\":\"Colocando ordem na casa\",\"datePublished\":\"2015-09-02T15:34:18+00:00\",\"mainEntityOfPage\":{\"@id\":\"https:\/\/proclass.com.br\/home\/2015\/09\/colocando-ordem-na-casa\/\"},\"wordCount\":948,\"publisher\":{\"@id\":\"https:\/\/proclass.com.br\/home\/#organization\"},\"image\":{\"@id\":\"https:\/\/proclass.com.br\/home\/2015\/09\/colocando-ordem-na-casa\/#primaryimage\"},\"thumbnailUrl\":\"http:\/\/proclass.com.br\/home\/wp-content\/uploads\/2015\/03\/logo_backstage.png\",\"articleSection\":[\"Novidades\"],\"inLanguage\":\"pt-BR\"},{\"@type\":\"WebPage\",\"@id\":\"https:\/\/proclass.com.br\/home\/2015\/09\/colocando-ordem-na-casa\/\",\"url\":\"https:\/\/proclass.com.br\/home\/2015\/09\/colocando-ordem-na-casa\/\",\"name\":\"Colocando ordem na casa - PROCLASS\",\"isPartOf\":{\"@id\":\"https:\/\/proclass.com.br\/home\/#website\"},\"primaryImageOfPage\":{\"@id\":\"https:\/\/proclass.com.br\/home\/2015\/09\/colocando-ordem-na-casa\/#primaryimage\"},\"image\":{\"@id\":\"https:\/\/proclass.com.br\/home\/2015\/09\/colocando-ordem-na-casa\/#primaryimage\"},\"thumbnailUrl\":\"http:\/\/proclass.com.br\/home\/wp-content\/uploads\/2015\/03\/logo_backstage.png\",\"datePublished\":\"2015-09-02T15:34:18+00:00\",\"breadcrumb\":{\"@id\":\"https:\/\/proclass.com.br\/home\/2015\/09\/colocando-ordem-na-casa\/#breadcrumb\"},\"inLanguage\":\"pt-BR\",\"potentialAction\":[{\"@type\":\"ReadAction\",\"target\":[\"https:\/\/proclass.com.br\/home\/2015\/09\/colocando-ordem-na-casa\/\"]}]},{\"@type\":\"ImageObject\",\"inLanguage\":\"pt-BR\",\"@id\":\"https:\/\/proclass.com.br\/home\/2015\/09\/colocando-ordem-na-casa\/#primaryimage\",\"url\":\"http:\/\/proclass.com.br\/home\/wp-content\/uploads\/2015\/03\/logo_backstage.png\",\"contentUrl\":\"http:\/\/proclass.com.br\/home\/wp-content\/uploads\/2015\/03\/logo_backstage.png\"},{\"@type\":\"BreadcrumbList\",\"@id\":\"https:\/\/proclass.com.br\/home\/2015\/09\/colocando-ordem-na-casa\/#breadcrumb\",\"itemListElement\":[{\"@type\":\"ListItem\",\"position\":1,\"name\":\"In\u00edcio\",\"item\":\"https:\/\/proclass.com.br\/home\/\"},{\"@type\":\"ListItem\",\"position\":2,\"name\":\"Colocando ordem na casa\"}]},{\"@type\":\"WebSite\",\"@id\":\"https:\/\/proclass.com.br\/home\/#website\",\"url\":\"https:\/\/proclass.com.br\/home\/\",\"name\":\"PROCLASS\",\"description\":\"CURSOS E TREINAMENTOS\",\"publisher\":{\"@id\":\"https:\/\/proclass.com.br\/home\/#organization\"},\"potentialAction\":[{\"@type\":\"SearchAction\",\"target\":{\"@type\":\"EntryPoint\",\"urlTemplate\":\"https:\/\/proclass.com.br\/home\/?s={search_term_string}\"},\"query-input\":{\"@type\":\"PropertyValueSpecification\",\"valueRequired\":true,\"valueName\":\"search_term_string\"}}],\"inLanguage\":\"pt-BR\"},{\"@type\":\"Organization\",\"@id\":\"https:\/\/proclass.com.br\/home\/#organization\",\"name\":\"PROCLASS\",\"url\":\"https:\/\/proclass.com.br\/home\/\",\"logo\":{\"@type\":\"ImageObject\",\"inLanguage\":\"pt-BR\",\"@id\":\"https:\/\/proclass.com.br\/home\/#\/schema\/logo\/image\/\",\"url\":\"https:\/\/proclass.com.br\/home\/wp-content\/uploads\/2023\/06\/CABECALHO-black_PROCLASS-2023.png\",\"contentUrl\":\"https:\/\/proclass.com.br\/home\/wp-content\/uploads\/2023\/06\/CABECALHO-black_PROCLASS-2023.png\",\"width\":2563,\"height\":911,\"caption\":\"PROCLASS\"},\"image\":{\"@id\":\"https:\/\/proclass.com.br\/home\/#\/schema\/logo\/image\/\"}},{\"@type\":\"Person\",\"@id\":\"https:\/\/proclass.com.br\/home\/#\/schema\/person\/f89e1eb93d5d32c0bb465c52f87f5a00\",\"name\":\"ProClass Treinamentos\",\"image\":{\"@type\":\"ImageObject\",\"inLanguage\":\"pt-BR\",\"@id\":\"https:\/\/proclass.com.br\/home\/#\/schema\/person\/image\/\",\"url\":\"https:\/\/secure.gravatar.com\/avatar\/3878d7a575c7ac355d2c778d5de04af08b7c5a7d9f19b2889f26cc7d80a6a832?s=96&d=blank&r=g\",\"contentUrl\":\"https:\/\/secure.gravatar.com\/avatar\/3878d7a575c7ac355d2c778d5de04af08b7c5a7d9f19b2889f26cc7d80a6a832?s=96&d=blank&r=g\",\"caption\":\"ProClass Treinamentos\"},\"url\":\"https:\/\/proclass.com.br\/home\/author\/proclass\/\"}]}<\/script>\n<!-- \/ Yoast SEO plugin. -->","yoast_head_json":{"title":"Colocando ordem na casa - PROCLASS","robots":{"index":"index","follow":"follow","max-snippet":"max-snippet:-1","max-image-preview":"max-image-preview:large","max-video-preview":"max-video-preview:-1"},"canonical":"https:\/\/proclass.com.br\/home\/2015\/09\/colocando-ordem-na-casa\/","og_locale":"pt_BR","og_type":"article","og_title":"Colocando ordem na casa - PROCLASS","og_description":"Artigo publicado na Backstage.\u00a0Para conhecer mais sobre a revista,\u00a0clique aqui. Para saber mais sobre treinamentos e certifica\u00e7\u00f5es oficiais em Waves, Pro Tools, Sibelius ou outros treinamentos em \u00e1udio,\u00a0clique aqui. Dia de faxina no Pro Tools Certa vez, disseram que a inven\u00e7\u00e3o mais genial do homem foi o calend\u00e1rio. Isto por que cria-se uma sensa\u00e7\u00e3o deContinue reading &rarr;","og_url":"https:\/\/proclass.com.br\/home\/2015\/09\/colocando-ordem-na-casa\/","og_site_name":"PROCLASS","article_published_time":"2015-09-02T15:34:18+00:00","og_image":[{"width":432,"height":108,"url":"https:\/\/proclass.com.br\/home\/wp-content\/uploads\/2015\/03\/logo_backstage.png","type":"image\/png"}],"author":"ProClass Treinamentos","twitter_card":"summary_large_image","twitter_misc":{"Escrito por":"ProClass Treinamentos","Est. tempo de leitura":"5 minutos"},"schema":{"@context":"https:\/\/schema.org","@graph":[{"@type":"Article","@id":"https:\/\/proclass.com.br\/home\/2015\/09\/colocando-ordem-na-casa\/#article","isPartOf":{"@id":"https:\/\/proclass.com.br\/home\/2015\/09\/colocando-ordem-na-casa\/"},"author":{"name":"ProClass Treinamentos","@id":"https:\/\/proclass.com.br\/home\/#\/schema\/person\/f89e1eb93d5d32c0bb465c52f87f5a00"},"headline":"Colocando ordem na casa","datePublished":"2015-09-02T15:34:18+00:00","mainEntityOfPage":{"@id":"https:\/\/proclass.com.br\/home\/2015\/09\/colocando-ordem-na-casa\/"},"wordCount":948,"publisher":{"@id":"https:\/\/proclass.com.br\/home\/#organization"},"image":{"@id":"https:\/\/proclass.com.br\/home\/2015\/09\/colocando-ordem-na-casa\/#primaryimage"},"thumbnailUrl":"http:\/\/proclass.com.br\/home\/wp-content\/uploads\/2015\/03\/logo_backstage.png","articleSection":["Novidades"],"inLanguage":"pt-BR"},{"@type":"WebPage","@id":"https:\/\/proclass.com.br\/home\/2015\/09\/colocando-ordem-na-casa\/","url":"https:\/\/proclass.com.br\/home\/2015\/09\/colocando-ordem-na-casa\/","name":"Colocando ordem na casa - PROCLASS","isPartOf":{"@id":"https:\/\/proclass.com.br\/home\/#website"},"primaryImageOfPage":{"@id":"https:\/\/proclass.com.br\/home\/2015\/09\/colocando-ordem-na-casa\/#primaryimage"},"image":{"@id":"https:\/\/proclass.com.br\/home\/2015\/09\/colocando-ordem-na-casa\/#primaryimage"},"thumbnailUrl":"http:\/\/proclass.com.br\/home\/wp-content\/uploads\/2015\/03\/logo_backstage.png","datePublished":"2015-09-02T15:34:18+00:00","breadcrumb":{"@id":"https:\/\/proclass.com.br\/home\/2015\/09\/colocando-ordem-na-casa\/#breadcrumb"},"inLanguage":"pt-BR","potentialAction":[{"@type":"ReadAction","target":["https:\/\/proclass.com.br\/home\/2015\/09\/colocando-ordem-na-casa\/"]}]},{"@type":"ImageObject","inLanguage":"pt-BR","@id":"https:\/\/proclass.com.br\/home\/2015\/09\/colocando-ordem-na-casa\/#primaryimage","url":"http:\/\/proclass.com.br\/home\/wp-content\/uploads\/2015\/03\/logo_backstage.png","contentUrl":"http:\/\/proclass.com.br\/home\/wp-content\/uploads\/2015\/03\/logo_backstage.png"},{"@type":"BreadcrumbList","@id":"https:\/\/proclass.com.br\/home\/2015\/09\/colocando-ordem-na-casa\/#breadcrumb","itemListElement":[{"@type":"ListItem","position":1,"name":"In\u00edcio","item":"https:\/\/proclass.com.br\/home\/"},{"@type":"ListItem","position":2,"name":"Colocando ordem na casa"}]},{"@type":"WebSite","@id":"https:\/\/proclass.com.br\/home\/#website","url":"https:\/\/proclass.com.br\/home\/","name":"PROCLASS","description":"CURSOS E TREINAMENTOS","publisher":{"@id":"https:\/\/proclass.com.br\/home\/#organization"},"potentialAction":[{"@type":"SearchAction","target":{"@type":"EntryPoint","urlTemplate":"https:\/\/proclass.com.br\/home\/?s={search_term_string}"},"query-input":{"@type":"PropertyValueSpecification","valueRequired":true,"valueName":"search_term_string"}}],"inLanguage":"pt-BR"},{"@type":"Organization","@id":"https:\/\/proclass.com.br\/home\/#organization","name":"PROCLASS","url":"https:\/\/proclass.com.br\/home\/","logo":{"@type":"ImageObject","inLanguage":"pt-BR","@id":"https:\/\/proclass.com.br\/home\/#\/schema\/logo\/image\/","url":"https:\/\/proclass.com.br\/home\/wp-content\/uploads\/2023\/06\/CABECALHO-black_PROCLASS-2023.png","contentUrl":"https:\/\/proclass.com.br\/home\/wp-content\/uploads\/2023\/06\/CABECALHO-black_PROCLASS-2023.png","width":2563,"height":911,"caption":"PROCLASS"},"image":{"@id":"https:\/\/proclass.com.br\/home\/#\/schema\/logo\/image\/"}},{"@type":"Person","@id":"https:\/\/proclass.com.br\/home\/#\/schema\/person\/f89e1eb93d5d32c0bb465c52f87f5a00","name":"ProClass Treinamentos","image":{"@type":"ImageObject","inLanguage":"pt-BR","@id":"https:\/\/proclass.com.br\/home\/#\/schema\/person\/image\/","url":"https:\/\/secure.gravatar.com\/avatar\/3878d7a575c7ac355d2c778d5de04af08b7c5a7d9f19b2889f26cc7d80a6a832?s=96&d=blank&r=g","contentUrl":"https:\/\/secure.gravatar.com\/avatar\/3878d7a575c7ac355d2c778d5de04af08b7c5a7d9f19b2889f26cc7d80a6a832?s=96&d=blank&r=g","caption":"ProClass Treinamentos"},"url":"https:\/\/proclass.com.br\/home\/author\/proclass\/"}]}},"_links":{"self":[{"href":"https:\/\/proclass.com.br\/home\/wp-json\/wp\/v2\/posts\/5022","targetHints":{"allow":["GET"]}}],"collection":[{"href":"https:\/\/proclass.com.br\/home\/wp-json\/wp\/v2\/posts"}],"about":[{"href":"https:\/\/proclass.com.br\/home\/wp-json\/wp\/v2\/types\/post"}],"author":[{"embeddable":true,"href":"https:\/\/proclass.com.br\/home\/wp-json\/wp\/v2\/users\/4"}],"replies":[{"embeddable":true,"href":"https:\/\/proclass.com.br\/home\/wp-json\/wp\/v2\/comments?post=5022"}],"version-history":[{"count":0,"href":"https:\/\/proclass.com.br\/home\/wp-json\/wp\/v2\/posts\/5022\/revisions"}],"wp:attachment":[{"href":"https:\/\/proclass.com.br\/home\/wp-json\/wp\/v2\/media?parent=5022"}],"wp:term":[{"taxonomy":"category","embeddable":true,"href":"https:\/\/proclass.com.br\/home\/wp-json\/wp\/v2\/categories?post=5022"},{"taxonomy":"post_tag","embeddable":true,"href":"https:\/\/proclass.com.br\/home\/wp-json\/wp\/v2\/tags?post=5022"}],"curies":[{"name":"wp","href":"https:\/\/api.w.org\/{rel}","templated":true}]}}