{"id":4978,"date":"2015-09-02T12:45:26","date_gmt":"2015-09-02T15:45:26","guid":{"rendered":"http:\/\/proclass.com.br\/home\/?p=4978"},"modified":"2015-09-02T12:45:26","modified_gmt":"2015-09-02T15:45:26","slug":"construindo-efeitos-no-pro-tools","status":"publish","type":"post","link":"https:\/\/proclass.com.br\/home\/2015\/09\/construindo-efeitos-no-pro-tools\/","title":{"rendered":"Construindo efeitos no Pro Tools"},"content":{"rendered":"<p><a href=\"http:\/\/proclass.com.br\/home\/wp-content\/uploads\/2015\/03\/logo_backstage.png\"><img decoding=\"async\" class=\"aligncenter  wp-image-4341\" src=\"http:\/\/proclass.com.br\/home\/wp-content\/uploads\/2015\/03\/logo_backstage.png\" alt=\"logo_backstage\" width=\"364\" height=\"91\" srcset=\"https:\/\/proclass.com.br\/home\/wp-content\/uploads\/2015\/03\/logo_backstage.png 432w, https:\/\/proclass.com.br\/home\/wp-content\/uploads\/2015\/03\/logo_backstage-300x75.png 300w, https:\/\/proclass.com.br\/home\/wp-content\/uploads\/2015\/03\/logo_backstage-100x25.png 100w\" sizes=\"(max-width: 364px) 100vw, 364px\" \/><\/a><\/p>\n<p style=\"text-align: left;\">Artigo publicado na Backstage.\u00a0Para conhecer mais sobre a revista,\u00a0<a href=\"http:\/\/backstage.com.br\/\" target=\"_blank\">clique aqui.<\/a><\/p>\n<p style=\"text-align: left;\">Para saber mais sobre treinamentos e certifica\u00e7\u00f5es oficiais em Waves, Pro Tools, Sibelius ou outros treinamentos em \u00e1udio,\u00a0<a href=\"http:\/\/proclass.com.br\/home\/certificacoes\/waves\/waves-certification-program\/\" target=\"_blank\">clique aqui<\/a>.<\/p>\n<hr \/>\n<p class=\"p1\"><b>Exercitando os conhecimentos de forma criativa<\/b><\/p>\n<p class=\"p2\">O Pro Tools j\u00e1 vem com uma quantidade de plug-ins bem razo\u00e1vel, mas \u00e9 bem verdade que alguns efeitos como afinadores e compressores multibanda, n\u00e3o s\u00e3o inclu\u00eddos.<\/p>\n<p class=\"p2\">Vale tamb\u00e9m pensar na sua rela\u00e7\u00e3o com a arte em si. Por exemplo, inserir um Chorus ou um Phaser numa guitarra ou Rhodes e ajustar os controles e\/ou carregar um preset hoje em dia n\u00e3o \u00e9 suficiente para encantar seu cliente nem \u00e9 algo que algu\u00e9m pode considerar como sua &#8220;assinatura&#8221; como produtor\/engenheiro de som.<\/p>\n<p class=\"p2\">Vamos ver neste artigo algumas possibilidades em combinar efeitos para cria\u00e7\u00e3o de novas texturas ou de extrapolar a aplica\u00e7\u00e3o de roteamento dentro do Pro Tools. S\u00e3o alguns exemplos com id\u00e9ias e conceitos que podem servir como ponto de partida para a cria\u00e7\u00e3o de infinitos efeitos, onde o \u00fanico limitador \u00e9 sua criatividade e vontade de experimentar.<\/p>\n<p class=\"p2\"><!--more--><\/p>\n<h3 class=\"p1\"><b>Construindo um compressor multibanda<\/b><\/h3>\n<p class=\"p2\">Como dito acima, o Pro Tools n\u00e3o vem com um compressor multibanda e para driblar estas limita\u00e7\u00f5es, \u00e9 muito importante o conhecimento t\u00e9cnico aliado ao talento art\u00edstico. Sabendo como \u00e9 o funcionamento essencial de um efeito, podemos recria-lo.<\/p>\n<p class=\"p2\">E o que \u00e9 um compressor Multibanda?<\/p>\n<p class=\"p2\">Em poucas palavras, na maioria das vezes s\u00e3o quatro compressores funcionando em paralelo, onde cada um \u00e9 respons\u00e1vel por comprimir uma certa faixa de frequ\u00eancia. (fig. 1).<\/p>\n<div id=\"attachment_4979\" style=\"width: 310px\" class=\"wp-caption aligncenter\"><a href=\"http:\/\/proclass.com.br\/home\/wp-content\/uploads\/2015\/08\/Fig.-1-fluxo-de-sinal-simplicado-de-um-Compressor-Multibanda-.png\"><img fetchpriority=\"high\" decoding=\"async\" aria-describedby=\"caption-attachment-4979\" class=\"size-medium wp-image-4979\" src=\"http:\/\/proclass.com.br\/home\/wp-content\/uploads\/2015\/08\/Fig.-1-fluxo-de-sinal-simplicado-de-um-Compressor-Multibanda--300x206.png\" alt=\"Fig. 1 - fluxo de sinal simplicado de um Compressor Multibanda\" width=\"300\" height=\"206\" srcset=\"https:\/\/proclass.com.br\/home\/wp-content\/uploads\/2015\/08\/Fig.-1-fluxo-de-sinal-simplicado-de-um-Compressor-Multibanda--300x206.png 300w, https:\/\/proclass.com.br\/home\/wp-content\/uploads\/2015\/08\/Fig.-1-fluxo-de-sinal-simplicado-de-um-Compressor-Multibanda--1024x702.png 1024w, https:\/\/proclass.com.br\/home\/wp-content\/uploads\/2015\/08\/Fig.-1-fluxo-de-sinal-simplicado-de-um-Compressor-Multibanda-.png 1398w\" sizes=\"(max-width: 300px) 100vw, 300px\" \/><\/a><p id=\"caption-attachment-4979\" class=\"wp-caption-text\">Fig. 1 &#8211; fluxo de sinal simplicado de um Compressor Multibanda<\/p><\/div>\n<p>&nbsp;<\/p>\n<p class=\"p2\">Agora vamos pensar: qual o processador capaz de dividir faixas de frequ\u00eancia como na figura 1?<\/p>\n<p class=\"p2\">Sim, o equalizador \u00e9 este cara. Podemos fazer uso dos filtros passivos para isso.<\/p>\n<p class=\"p2\">Fica faltando ent\u00e3o apenas pensarmos como criar isso no Pro Tools. Primeiro vamos endere\u00e7ar o sinal do track de \u00e1udio para os quatro auxiliares, e para isso, basta atribuir a sa\u00edda do track para um Bus, e usar este mesmo bus como entrada dos quatro track s auxiliares.<\/p>\n<p class=\"p2\">Segundo, vamos inserir os equalizadores nos auxiliares e configurar os cortes (fig. 2). Eles n\u00e3o precisam (nem devem) ter valores id\u00eanticos aos da figura 2. Voc\u00ea pode configurar livremente de acordo com a necessidade.<\/p>\n<div id=\"attachment_4984\" style=\"width: 310px\" class=\"wp-caption aligncenter\"><a href=\"http:\/\/proclass.com.br\/home\/wp-content\/uploads\/2015\/08\/fig.-2-exemplo-de-cortes.png\"><img decoding=\"async\" aria-describedby=\"caption-attachment-4984\" class=\"size-medium wp-image-4984\" src=\"http:\/\/proclass.com.br\/home\/wp-content\/uploads\/2015\/08\/fig.-2-exemplo-de-cortes-300x175.png\" alt=\"fig. 2 - exemplo de cortes\" width=\"300\" height=\"175\" srcset=\"https:\/\/proclass.com.br\/home\/wp-content\/uploads\/2015\/08\/fig.-2-exemplo-de-cortes-300x175.png 300w, https:\/\/proclass.com.br\/home\/wp-content\/uploads\/2015\/08\/fig.-2-exemplo-de-cortes-1024x597.png 1024w\" sizes=\"(max-width: 300px) 100vw, 300px\" \/><\/a><p id=\"caption-attachment-4984\" class=\"wp-caption-text\">fig. 2 &#8211; exemplo de cortes<\/p><\/div>\n<p>&nbsp;<\/p>\n<p class=\"p2\">Por \u00faltimo, vamos inserir um compressor logo ap\u00f3s cada um dos equalizadores e pronto. O resultado completo pode ser visto na figura 3.<\/p>\n<div id=\"attachment_4983\" style=\"width: 310px\" class=\"wp-caption aligncenter\"><a href=\"http:\/\/proclass.com.br\/home\/wp-content\/uploads\/2015\/08\/fig.-3-Setup-Finalizado.png\"><img loading=\"lazy\" decoding=\"async\" aria-describedby=\"caption-attachment-4983\" class=\"size-medium wp-image-4983\" src=\"http:\/\/proclass.com.br\/home\/wp-content\/uploads\/2015\/08\/fig.-3-Setup-Finalizado-300x181.png\" alt=\"fig. 3 - Setup Finalizado\" width=\"300\" height=\"181\" srcset=\"https:\/\/proclass.com.br\/home\/wp-content\/uploads\/2015\/08\/fig.-3-Setup-Finalizado-300x181.png 300w, https:\/\/proclass.com.br\/home\/wp-content\/uploads\/2015\/08\/fig.-3-Setup-Finalizado-1024x618.png 1024w\" sizes=\"(max-width: 300px) 100vw, 300px\" \/><\/a><p id=\"caption-attachment-4983\" class=\"wp-caption-text\">fig. 3 &#8211; Setup Finalizado<\/p><\/div>\n<p class=\"p2\">Neste momento, talvez voc\u00ea esteja se perguntando: mas para que todo este trabalho se j\u00e1 existem centenas de compressores multibanda prontos?<\/p>\n<p class=\"p2\">Primeiramente, lembre-se do t\u00edtulo do artigo; o foco fugir do \u00f3bvio e expandir sua vis\u00e3o sobre as possibiliddes. Tamb\u00e9m, \u00e9 essencial pensar na sua vida fora do seu homestudio onde \u00e9 sua zona de conforto. Trabalhando em est\u00fadios e empresas de terceiros, n\u00e3o d\u00e1 para simplesmente puxar seu HD externo da mochila e instalar o que voc\u00ea bem quer. Muitas vezes voc\u00ea vai ter que saber lidar com o setup de plug-ins dispon\u00edveis.<\/p>\n<p class=\"p2\">Por \u00faltimo, e mais importante: o que voc\u00ea acabou de fazer \u00e9 bem mais poderoso e flex\u00edvel do que um compressor multibanda convencional. Agora que voc\u00ea aprendeu a dividir as bandas de frequ\u00eancia, voc\u00ea pode endere\u00e7ar s\u00f3 a faixa de frequ\u00eancias mais altas (agudos) para um reverb por exemplo. Esta \u00e9 uma t\u00e1tica muito comum para criar ambi\u00eancia num material mantendo os graves definidos.<\/p>\n<p class=\"p2\">Voc\u00ea tamb\u00e9m pode extrapolar e se livrar do limite de quatro faixas de frequ\u00eancias. Usando este m\u00e9todo, voc\u00ea poderia criar 10 compressores em paralelo se quisesse.<\/p>\n<p class=\"p2\">E com os faders \u00e0 sua disposi\u00e7\u00e3o, voc\u00ea tem um controle r\u00e1pido e pr\u00e1tico de n\u00edvel das faixas de frequ\u00eancias. Se quiser aumentar os graves do seu sinal, com este m\u00e9todo voc\u00ea vai direto no fader ao inv\u00e9s de precisar abrir a interface do plug-in de compress\u00e3o multibanda.<\/p>\n<p class=\"p1\"><b>Delay como &#8220;molho especial&#8221;<\/b><\/p>\n<p class=\"p2\">Esta ficando cada vez mais comum encontrar processadores de delay que acrescentam chorus, phaser, distor\u00e7\u00e3o etc que \u00e9 muito interessante. Ajuda a sair da &#8220;mesmice&#8221; e trazer uma caracter\u00edstica particular ao som, e sem d\u00favida, podemos usar o mesmo conceito com os plug-ins do Pro Tools e um pouquinho de endere\u00e7amento do Mixer.<\/p>\n<p class=\"p2\">Pode parecer a princ\u00edpio que \u00e9 s\u00f3 uma quest\u00e3o de inserir um efeito ap\u00f3s o delay. Por exemplo: para ter um pouco de distor\u00e7\u00e3o no delay bastaria inserir um distorcedor ap\u00f3s o delay (fig. 4), mas n\u00e3o \u00e9 bem assim.<\/p>\n<div id=\"attachment_4982\" style=\"width: 97px\" class=\"wp-caption aligncenter\"><a href=\"http:\/\/proclass.com.br\/home\/wp-content\/uploads\/2015\/08\/fig.-4-Configura\u00e7\u00e3o-est\u00e1tica.png\"><img loading=\"lazy\" decoding=\"async\" aria-describedby=\"caption-attachment-4982\" class=\"size-medium wp-image-4982\" src=\"http:\/\/proclass.com.br\/home\/wp-content\/uploads\/2015\/08\/fig.-4-Configura\u00e7\u00e3o-est\u00e1tica-87x300.png\" alt=\"fig. 4 - Configura\u00e7\u00e3o est\u00e1tica\" width=\"87\" height=\"300\" srcset=\"https:\/\/proclass.com.br\/home\/wp-content\/uploads\/2015\/08\/fig.-4-Configura\u00e7\u00e3o-est\u00e1tica-87x300.png 87w, https:\/\/proclass.com.br\/home\/wp-content\/uploads\/2015\/08\/fig.-4-Configura\u00e7\u00e3o-est\u00e1tica-297x1024.png 297w, https:\/\/proclass.com.br\/home\/wp-content\/uploads\/2015\/08\/fig.-4-Configura\u00e7\u00e3o-est\u00e1tica.png 456w\" sizes=\"(max-width: 87px) 100vw, 87px\" \/><\/a><p id=\"caption-attachment-4982\" class=\"wp-caption-text\">fig. 4 &#8211; Configura\u00e7\u00e3o est\u00e1tica<\/p><\/div>\n<p class=\"p2\">A arquitetura destes plug-ins \u00e9 mais interessante. A distor\u00e7\u00e3o (ou outro efeito qualquer) se acumula conforme as repeti\u00e7\u00f5es v\u00e3o acontecendo.<\/p>\n<p class=\"p2\">Ou seja, a primeira repeti\u00e7\u00e3o passa pela distor\u00e7\u00e3o e enviada de volta para o delay (feedback), que atrasa o sinal mais uma vez e aplica a distor\u00e7\u00e3o novamente. Na terceira, acontece o mesmo processo e vai assim por diante\u2026 O resultado \u00e9 que conforme as repeti\u00e7\u00f5es v\u00e3o acontecendo o sinal vai perdendo for\u00e7a (soando mais baixo) e tamb\u00e9m ficando cada vez mais distorcido.<\/p>\n<p class=\"p2\">No exemplo da figura 4 o resultado seria diferente. Todas as repeti\u00e7\u00f5es seriam distorcidas da mesma forma.<\/p>\n<p class=\"p2\">Ok, ent\u00e3o \u00e9 hora de recriarmos o nosso\u2026 e nem pense em desanimar, pois \u00e9 bem mais f\u00e1cil do que voc\u00ea pode imaginar.<\/p>\n<p class=\"p2\">Vamos criar um delay de forma convencional (via aux input e busses) e inserir uma distor\u00e7\u00e3o ap\u00f3s do delay (exatamente como na figura 4).<\/p>\n<p class=\"p2\">A dificuldade fica por conta do feedback (repeti\u00e7\u00f5es). Ele n\u00e3o pode ser aplicado dentro do plug-in. Ent\u00e3o configure o feedback do delay para 0% (fig. 5), e vamos dar um jeito de fazer o feedback acontecer &#8220;externamente&#8221;.<\/p>\n<div id=\"attachment_4981\" style=\"width: 310px\" class=\"wp-caption aligncenter\"><a href=\"http:\/\/proclass.com.br\/home\/wp-content\/uploads\/2015\/08\/Fig.-5-Feedback-zerado-no-Delay.png\"><img loading=\"lazy\" decoding=\"async\" aria-describedby=\"caption-attachment-4981\" class=\"size-medium wp-image-4981\" src=\"http:\/\/proclass.com.br\/home\/wp-content\/uploads\/2015\/08\/Fig.-5-Feedback-zerado-no-Delay-300x150.png\" alt=\"Fig. 5 - Feedback zerado no Delay\" width=\"300\" height=\"150\" srcset=\"https:\/\/proclass.com.br\/home\/wp-content\/uploads\/2015\/08\/Fig.-5-Feedback-zerado-no-Delay-300x150.png 300w, https:\/\/proclass.com.br\/home\/wp-content\/uploads\/2015\/08\/Fig.-5-Feedback-zerado-no-Delay-1024x513.png 1024w, https:\/\/proclass.com.br\/home\/wp-content\/uploads\/2015\/08\/Fig.-5-Feedback-zerado-no-Delay.png 1610w\" sizes=\"(max-width: 300px) 100vw, 300px\" \/><\/a><p id=\"caption-attachment-4981\" class=\"wp-caption-text\">Fig. 5 &#8211; Feedback zerado no Delay<\/p><\/div>\n<p class=\"p2\">Voc\u00ea j\u00e1 parou para pensar o que \u00e9 o par\u00e2metro &#8220;feedback&#8221; do delay? Ele controla a quantidade de som atrasado enviada novamente para dentro do delay.<\/p>\n<p class=\"p2\">Para fazer isso externamente, basta enviar (via send) o sinal do delay + distor\u00e7\u00e3o novamente para o input do auxiliar track (fig. 6). Quanto mais sinal enviado, mais repeti\u00e7\u00f5es.<\/p>\n<div id=\"attachment_4980\" style=\"width: 124px\" class=\"wp-caption aligncenter\"><a href=\"http:\/\/proclass.com.br\/home\/wp-content\/uploads\/2015\/08\/Fig.-6-Configura\u00e7\u00e3o-din\u00e2mica.png\"><img loading=\"lazy\" decoding=\"async\" aria-describedby=\"caption-attachment-4980\" class=\"size-medium wp-image-4980\" src=\"http:\/\/proclass.com.br\/home\/wp-content\/uploads\/2015\/08\/Fig.-6-Configura\u00e7\u00e3o-din\u00e2mica-114x300.png\" alt=\"Fig. 6 - Configura\u00e7\u00e3o din\u00e2mica\" width=\"114\" height=\"300\" srcset=\"https:\/\/proclass.com.br\/home\/wp-content\/uploads\/2015\/08\/Fig.-6-Configura\u00e7\u00e3o-din\u00e2mica-114x300.png 114w, https:\/\/proclass.com.br\/home\/wp-content\/uploads\/2015\/08\/Fig.-6-Configura\u00e7\u00e3o-din\u00e2mica-390x1024.png 390w, https:\/\/proclass.com.br\/home\/wp-content\/uploads\/2015\/08\/Fig.-6-Configura\u00e7\u00e3o-din\u00e2mica.png 630w\" sizes=\"(max-width: 114px) 100vw, 114px\" \/><\/a><p id=\"caption-attachment-4980\" class=\"wp-caption-text\">Fig. 6 &#8211; Configura\u00e7\u00e3o din\u00e2mica<\/p><\/div>\n<p>&nbsp;<\/p>\n<p class=\"p2\"><b>IMPORTANTE<\/b>: h\u00e1 de se ter cuidado com o n\u00edvel do sinal. Voc\u00ea est\u00e1 realimentando manualmente, por isso voc\u00ea deve evitar exceder 0dB sen\u00e3o a cada &#8220;loop&#8221; de sinal, haver\u00e1 um acr\u00e9scimo no n\u00edvel que pode danificar equipamentos.<\/p>\n<p class=\"p2\"><b>MAIS IMPORTANTE AINDA<\/b>: n\u00e3o se deve fazer isso sem um delay inserido no track.<\/p>\n<p class=\"p2\">E \u00e9 isso. Vamos ficando por aqui, mas tente pensar em novas combina\u00e7\u00f5es: Delay + Phaser, Reverb + EQ, Compressor + Delay\u2026 todas estas combina\u00e7\u00f5es s\u00e3o v\u00e1lidas e depende de voc\u00eas encontrar que ambiente, estilo de m\u00fasica e instrumentos podem se beneficiar das sonoridades criadas.<\/p>\n<p class=\"p2\">Abra\u00e7os,<\/p>\n<hr \/>\n<p><i><a href=\"http:\/\/proclass.com.br\/home\/wp-content\/uploads\/2012\/08\/cris3x4-blog-proclass.jpg\"><img loading=\"lazy\" decoding=\"async\" class=\" size-full wp-image-1057 alignleft\" src=\"http:\/\/proclass.com.br\/home\/wp-content\/uploads\/2012\/08\/cris3x4-blog-proclass.jpg\" alt=\"cris3x4 blog proclass\" width=\"74\" height=\"99\" \/><\/a>\u00a0Cristiano Moura \u00e9 produtor musical e instrutor certificado da Avid. Atualmente leciona \u00a0cursos oficiais em Pro Tools, Waves, Sibelius e os treinamentos em mixagem na ProClass. \u00a0Por meio da ProClass, oferece consultoria, treinamentos customizados em todo o Brasil.<\/i><\/p>\n","protected":false},"excerpt":{"rendered":"<p>Artigo publicado na Backstage.\u00a0Para conhecer mais sobre a revista,\u00a0clique aqui. Para saber mais sobre treinamentos e certifica\u00e7\u00f5es oficiais em Waves, Pro Tools, Sibelius ou outros treinamentos em \u00e1udio,\u00a0clique aqui. Exercitando os conhecimentos de forma criativa O Pro Tools j\u00e1 vem com uma quantidade de plug-ins bem razo\u00e1vel, mas \u00e9 bem verdade que alguns efeitos comoContinue reading &rarr;<\/p>\n","protected":false},"author":4,"featured_media":0,"comment_status":"closed","ping_status":"closed","sticky":false,"template":"","format":"standard","meta":{"footnotes":""},"categories":[17,13,1,1000],"tags":[],"class_list":["post-4978","post","type-post","status-publish","format-standard","hentry","category-artigos","category-noticias","category-novidades","category-pro-tools-2","no-thumb"],"yoast_head":"<!-- This site is optimized with the Yoast SEO plugin v26.9 - https:\/\/yoast.com\/product\/yoast-seo-wordpress\/ -->\n<title>Construindo efeitos no Pro Tools - PROCLASS<\/title>\n<meta name=\"robots\" content=\"index, follow, max-snippet:-1, max-image-preview:large, max-video-preview:-1\" \/>\n<link rel=\"canonical\" href=\"https:\/\/proclass.com.br\/home\/2015\/09\/construindo-efeitos-no-pro-tools\/\" \/>\n<meta property=\"og:locale\" content=\"pt_BR\" \/>\n<meta property=\"og:type\" content=\"article\" \/>\n<meta property=\"og:title\" content=\"Construindo efeitos no Pro Tools - PROCLASS\" \/>\n<meta property=\"og:description\" content=\"Artigo publicado na Backstage.\u00a0Para conhecer mais sobre a revista,\u00a0clique aqui. Para saber mais sobre treinamentos e certifica\u00e7\u00f5es oficiais em Waves, Pro Tools, Sibelius ou outros treinamentos em \u00e1udio,\u00a0clique aqui. Exercitando os conhecimentos de forma criativa O Pro Tools j\u00e1 vem com uma quantidade de plug-ins bem razo\u00e1vel, mas \u00e9 bem verdade que alguns efeitos comoContinue reading &rarr;\" \/>\n<meta property=\"og:url\" content=\"https:\/\/proclass.com.br\/home\/2015\/09\/construindo-efeitos-no-pro-tools\/\" \/>\n<meta property=\"og:site_name\" content=\"PROCLASS\" \/>\n<meta property=\"article:published_time\" content=\"2015-09-02T15:45:26+00:00\" \/>\n<meta property=\"og:image\" content=\"https:\/\/proclass.com.br\/home\/wp-content\/uploads\/2015\/03\/logo_backstage.png\" \/>\n\t<meta property=\"og:image:width\" content=\"432\" \/>\n\t<meta property=\"og:image:height\" content=\"108\" \/>\n\t<meta property=\"og:image:type\" content=\"image\/png\" \/>\n<meta name=\"author\" content=\"ProClass Treinamentos\" \/>\n<meta name=\"twitter:card\" content=\"summary_large_image\" \/>\n<meta name=\"twitter:label1\" content=\"Escrito por\" \/>\n\t<meta name=\"twitter:data1\" content=\"ProClass Treinamentos\" \/>\n\t<meta name=\"twitter:label2\" content=\"Est. tempo de leitura\" \/>\n\t<meta name=\"twitter:data2\" content=\"6 minutos\" \/>\n<script type=\"application\/ld+json\" class=\"yoast-schema-graph\">{\"@context\":\"https:\/\/schema.org\",\"@graph\":[{\"@type\":\"Article\",\"@id\":\"https:\/\/proclass.com.br\/home\/2015\/09\/construindo-efeitos-no-pro-tools\/#article\",\"isPartOf\":{\"@id\":\"https:\/\/proclass.com.br\/home\/2015\/09\/construindo-efeitos-no-pro-tools\/\"},\"author\":{\"name\":\"ProClass Treinamentos\",\"@id\":\"https:\/\/proclass.com.br\/home\/#\/schema\/person\/f89e1eb93d5d32c0bb465c52f87f5a00\"},\"headline\":\"Construindo efeitos no Pro Tools\",\"datePublished\":\"2015-09-02T15:45:26+00:00\",\"mainEntityOfPage\":{\"@id\":\"https:\/\/proclass.com.br\/home\/2015\/09\/construindo-efeitos-no-pro-tools\/\"},\"wordCount\":1233,\"publisher\":{\"@id\":\"https:\/\/proclass.com.br\/home\/#organization\"},\"image\":{\"@id\":\"https:\/\/proclass.com.br\/home\/2015\/09\/construindo-efeitos-no-pro-tools\/#primaryimage\"},\"thumbnailUrl\":\"http:\/\/proclass.com.br\/home\/wp-content\/uploads\/2015\/03\/logo_backstage.png\",\"articleSection\":[\"Artigos\",\"Not\u00edcias\",\"Novidades\",\"Pro Tools\"],\"inLanguage\":\"pt-BR\"},{\"@type\":\"WebPage\",\"@id\":\"https:\/\/proclass.com.br\/home\/2015\/09\/construindo-efeitos-no-pro-tools\/\",\"url\":\"https:\/\/proclass.com.br\/home\/2015\/09\/construindo-efeitos-no-pro-tools\/\",\"name\":\"Construindo efeitos no Pro Tools - PROCLASS\",\"isPartOf\":{\"@id\":\"https:\/\/proclass.com.br\/home\/#website\"},\"primaryImageOfPage\":{\"@id\":\"https:\/\/proclass.com.br\/home\/2015\/09\/construindo-efeitos-no-pro-tools\/#primaryimage\"},\"image\":{\"@id\":\"https:\/\/proclass.com.br\/home\/2015\/09\/construindo-efeitos-no-pro-tools\/#primaryimage\"},\"thumbnailUrl\":\"http:\/\/proclass.com.br\/home\/wp-content\/uploads\/2015\/03\/logo_backstage.png\",\"datePublished\":\"2015-09-02T15:45:26+00:00\",\"breadcrumb\":{\"@id\":\"https:\/\/proclass.com.br\/home\/2015\/09\/construindo-efeitos-no-pro-tools\/#breadcrumb\"},\"inLanguage\":\"pt-BR\",\"potentialAction\":[{\"@type\":\"ReadAction\",\"target\":[\"https:\/\/proclass.com.br\/home\/2015\/09\/construindo-efeitos-no-pro-tools\/\"]}]},{\"@type\":\"ImageObject\",\"inLanguage\":\"pt-BR\",\"@id\":\"https:\/\/proclass.com.br\/home\/2015\/09\/construindo-efeitos-no-pro-tools\/#primaryimage\",\"url\":\"http:\/\/proclass.com.br\/home\/wp-content\/uploads\/2015\/03\/logo_backstage.png\",\"contentUrl\":\"http:\/\/proclass.com.br\/home\/wp-content\/uploads\/2015\/03\/logo_backstage.png\"},{\"@type\":\"BreadcrumbList\",\"@id\":\"https:\/\/proclass.com.br\/home\/2015\/09\/construindo-efeitos-no-pro-tools\/#breadcrumb\",\"itemListElement\":[{\"@type\":\"ListItem\",\"position\":1,\"name\":\"In\u00edcio\",\"item\":\"https:\/\/proclass.com.br\/home\/\"},{\"@type\":\"ListItem\",\"position\":2,\"name\":\"Construindo efeitos no Pro Tools\"}]},{\"@type\":\"WebSite\",\"@id\":\"https:\/\/proclass.com.br\/home\/#website\",\"url\":\"https:\/\/proclass.com.br\/home\/\",\"name\":\"PROCLASS\",\"description\":\"CURSOS E TREINAMENTOS\",\"publisher\":{\"@id\":\"https:\/\/proclass.com.br\/home\/#organization\"},\"potentialAction\":[{\"@type\":\"SearchAction\",\"target\":{\"@type\":\"EntryPoint\",\"urlTemplate\":\"https:\/\/proclass.com.br\/home\/?s={search_term_string}\"},\"query-input\":{\"@type\":\"PropertyValueSpecification\",\"valueRequired\":true,\"valueName\":\"search_term_string\"}}],\"inLanguage\":\"pt-BR\"},{\"@type\":\"Organization\",\"@id\":\"https:\/\/proclass.com.br\/home\/#organization\",\"name\":\"PROCLASS\",\"url\":\"https:\/\/proclass.com.br\/home\/\",\"logo\":{\"@type\":\"ImageObject\",\"inLanguage\":\"pt-BR\",\"@id\":\"https:\/\/proclass.com.br\/home\/#\/schema\/logo\/image\/\",\"url\":\"https:\/\/proclass.com.br\/home\/wp-content\/uploads\/2023\/06\/CABECALHO-black_PROCLASS-2023.png\",\"contentUrl\":\"https:\/\/proclass.com.br\/home\/wp-content\/uploads\/2023\/06\/CABECALHO-black_PROCLASS-2023.png\",\"width\":2563,\"height\":911,\"caption\":\"PROCLASS\"},\"image\":{\"@id\":\"https:\/\/proclass.com.br\/home\/#\/schema\/logo\/image\/\"}},{\"@type\":\"Person\",\"@id\":\"https:\/\/proclass.com.br\/home\/#\/schema\/person\/f89e1eb93d5d32c0bb465c52f87f5a00\",\"name\":\"ProClass Treinamentos\",\"image\":{\"@type\":\"ImageObject\",\"inLanguage\":\"pt-BR\",\"@id\":\"https:\/\/proclass.com.br\/home\/#\/schema\/person\/image\/\",\"url\":\"https:\/\/secure.gravatar.com\/avatar\/3878d7a575c7ac355d2c778d5de04af08b7c5a7d9f19b2889f26cc7d80a6a832?s=96&d=blank&r=g\",\"contentUrl\":\"https:\/\/secure.gravatar.com\/avatar\/3878d7a575c7ac355d2c778d5de04af08b7c5a7d9f19b2889f26cc7d80a6a832?s=96&d=blank&r=g\",\"caption\":\"ProClass Treinamentos\"},\"url\":\"https:\/\/proclass.com.br\/home\/author\/proclass\/\"}]}<\/script>\n<!-- \/ Yoast SEO plugin. -->","yoast_head_json":{"title":"Construindo efeitos no Pro Tools - PROCLASS","robots":{"index":"index","follow":"follow","max-snippet":"max-snippet:-1","max-image-preview":"max-image-preview:large","max-video-preview":"max-video-preview:-1"},"canonical":"https:\/\/proclass.com.br\/home\/2015\/09\/construindo-efeitos-no-pro-tools\/","og_locale":"pt_BR","og_type":"article","og_title":"Construindo efeitos no Pro Tools - PROCLASS","og_description":"Artigo publicado na Backstage.\u00a0Para conhecer mais sobre a revista,\u00a0clique aqui. Para saber mais sobre treinamentos e certifica\u00e7\u00f5es oficiais em Waves, Pro Tools, Sibelius ou outros treinamentos em \u00e1udio,\u00a0clique aqui. Exercitando os conhecimentos de forma criativa O Pro Tools j\u00e1 vem com uma quantidade de plug-ins bem razo\u00e1vel, mas \u00e9 bem verdade que alguns efeitos comoContinue reading &rarr;","og_url":"https:\/\/proclass.com.br\/home\/2015\/09\/construindo-efeitos-no-pro-tools\/","og_site_name":"PROCLASS","article_published_time":"2015-09-02T15:45:26+00:00","og_image":[{"width":432,"height":108,"url":"https:\/\/proclass.com.br\/home\/wp-content\/uploads\/2015\/03\/logo_backstage.png","type":"image\/png"}],"author":"ProClass Treinamentos","twitter_card":"summary_large_image","twitter_misc":{"Escrito por":"ProClass Treinamentos","Est. tempo de leitura":"6 minutos"},"schema":{"@context":"https:\/\/schema.org","@graph":[{"@type":"Article","@id":"https:\/\/proclass.com.br\/home\/2015\/09\/construindo-efeitos-no-pro-tools\/#article","isPartOf":{"@id":"https:\/\/proclass.com.br\/home\/2015\/09\/construindo-efeitos-no-pro-tools\/"},"author":{"name":"ProClass Treinamentos","@id":"https:\/\/proclass.com.br\/home\/#\/schema\/person\/f89e1eb93d5d32c0bb465c52f87f5a00"},"headline":"Construindo efeitos no Pro Tools","datePublished":"2015-09-02T15:45:26+00:00","mainEntityOfPage":{"@id":"https:\/\/proclass.com.br\/home\/2015\/09\/construindo-efeitos-no-pro-tools\/"},"wordCount":1233,"publisher":{"@id":"https:\/\/proclass.com.br\/home\/#organization"},"image":{"@id":"https:\/\/proclass.com.br\/home\/2015\/09\/construindo-efeitos-no-pro-tools\/#primaryimage"},"thumbnailUrl":"http:\/\/proclass.com.br\/home\/wp-content\/uploads\/2015\/03\/logo_backstage.png","articleSection":["Artigos","Not\u00edcias","Novidades","Pro Tools"],"inLanguage":"pt-BR"},{"@type":"WebPage","@id":"https:\/\/proclass.com.br\/home\/2015\/09\/construindo-efeitos-no-pro-tools\/","url":"https:\/\/proclass.com.br\/home\/2015\/09\/construindo-efeitos-no-pro-tools\/","name":"Construindo efeitos no Pro Tools - PROCLASS","isPartOf":{"@id":"https:\/\/proclass.com.br\/home\/#website"},"primaryImageOfPage":{"@id":"https:\/\/proclass.com.br\/home\/2015\/09\/construindo-efeitos-no-pro-tools\/#primaryimage"},"image":{"@id":"https:\/\/proclass.com.br\/home\/2015\/09\/construindo-efeitos-no-pro-tools\/#primaryimage"},"thumbnailUrl":"http:\/\/proclass.com.br\/home\/wp-content\/uploads\/2015\/03\/logo_backstage.png","datePublished":"2015-09-02T15:45:26+00:00","breadcrumb":{"@id":"https:\/\/proclass.com.br\/home\/2015\/09\/construindo-efeitos-no-pro-tools\/#breadcrumb"},"inLanguage":"pt-BR","potentialAction":[{"@type":"ReadAction","target":["https:\/\/proclass.com.br\/home\/2015\/09\/construindo-efeitos-no-pro-tools\/"]}]},{"@type":"ImageObject","inLanguage":"pt-BR","@id":"https:\/\/proclass.com.br\/home\/2015\/09\/construindo-efeitos-no-pro-tools\/#primaryimage","url":"http:\/\/proclass.com.br\/home\/wp-content\/uploads\/2015\/03\/logo_backstage.png","contentUrl":"http:\/\/proclass.com.br\/home\/wp-content\/uploads\/2015\/03\/logo_backstage.png"},{"@type":"BreadcrumbList","@id":"https:\/\/proclass.com.br\/home\/2015\/09\/construindo-efeitos-no-pro-tools\/#breadcrumb","itemListElement":[{"@type":"ListItem","position":1,"name":"In\u00edcio","item":"https:\/\/proclass.com.br\/home\/"},{"@type":"ListItem","position":2,"name":"Construindo efeitos no Pro Tools"}]},{"@type":"WebSite","@id":"https:\/\/proclass.com.br\/home\/#website","url":"https:\/\/proclass.com.br\/home\/","name":"PROCLASS","description":"CURSOS E TREINAMENTOS","publisher":{"@id":"https:\/\/proclass.com.br\/home\/#organization"},"potentialAction":[{"@type":"SearchAction","target":{"@type":"EntryPoint","urlTemplate":"https:\/\/proclass.com.br\/home\/?s={search_term_string}"},"query-input":{"@type":"PropertyValueSpecification","valueRequired":true,"valueName":"search_term_string"}}],"inLanguage":"pt-BR"},{"@type":"Organization","@id":"https:\/\/proclass.com.br\/home\/#organization","name":"PROCLASS","url":"https:\/\/proclass.com.br\/home\/","logo":{"@type":"ImageObject","inLanguage":"pt-BR","@id":"https:\/\/proclass.com.br\/home\/#\/schema\/logo\/image\/","url":"https:\/\/proclass.com.br\/home\/wp-content\/uploads\/2023\/06\/CABECALHO-black_PROCLASS-2023.png","contentUrl":"https:\/\/proclass.com.br\/home\/wp-content\/uploads\/2023\/06\/CABECALHO-black_PROCLASS-2023.png","width":2563,"height":911,"caption":"PROCLASS"},"image":{"@id":"https:\/\/proclass.com.br\/home\/#\/schema\/logo\/image\/"}},{"@type":"Person","@id":"https:\/\/proclass.com.br\/home\/#\/schema\/person\/f89e1eb93d5d32c0bb465c52f87f5a00","name":"ProClass Treinamentos","image":{"@type":"ImageObject","inLanguage":"pt-BR","@id":"https:\/\/proclass.com.br\/home\/#\/schema\/person\/image\/","url":"https:\/\/secure.gravatar.com\/avatar\/3878d7a575c7ac355d2c778d5de04af08b7c5a7d9f19b2889f26cc7d80a6a832?s=96&d=blank&r=g","contentUrl":"https:\/\/secure.gravatar.com\/avatar\/3878d7a575c7ac355d2c778d5de04af08b7c5a7d9f19b2889f26cc7d80a6a832?s=96&d=blank&r=g","caption":"ProClass Treinamentos"},"url":"https:\/\/proclass.com.br\/home\/author\/proclass\/"}]}},"_links":{"self":[{"href":"https:\/\/proclass.com.br\/home\/wp-json\/wp\/v2\/posts\/4978","targetHints":{"allow":["GET"]}}],"collection":[{"href":"https:\/\/proclass.com.br\/home\/wp-json\/wp\/v2\/posts"}],"about":[{"href":"https:\/\/proclass.com.br\/home\/wp-json\/wp\/v2\/types\/post"}],"author":[{"embeddable":true,"href":"https:\/\/proclass.com.br\/home\/wp-json\/wp\/v2\/users\/4"}],"replies":[{"embeddable":true,"href":"https:\/\/proclass.com.br\/home\/wp-json\/wp\/v2\/comments?post=4978"}],"version-history":[{"count":0,"href":"https:\/\/proclass.com.br\/home\/wp-json\/wp\/v2\/posts\/4978\/revisions"}],"wp:attachment":[{"href":"https:\/\/proclass.com.br\/home\/wp-json\/wp\/v2\/media?parent=4978"}],"wp:term":[{"taxonomy":"category","embeddable":true,"href":"https:\/\/proclass.com.br\/home\/wp-json\/wp\/v2\/categories?post=4978"},{"taxonomy":"post_tag","embeddable":true,"href":"https:\/\/proclass.com.br\/home\/wp-json\/wp\/v2\/tags?post=4978"}],"curies":[{"name":"wp","href":"https:\/\/api.w.org\/{rel}","templated":true}]}}