{"id":4969,"date":"2015-09-03T09:18:49","date_gmt":"2015-09-03T12:18:49","guid":{"rendered":"http:\/\/proclass.com.br\/home\/?p=4969"},"modified":"2015-09-03T09:18:49","modified_gmt":"2015-09-03T12:18:49","slug":"eu-nao-tenho-pro-tools-hd-o-que-estou-perdendo","status":"publish","type":"post","link":"https:\/\/proclass.com.br\/home\/2015\/09\/eu-nao-tenho-pro-tools-hd-o-que-estou-perdendo\/","title":{"rendered":"Eu n\u00e3o tenho Pro Tools HD\u2026 O que estou perdendo?"},"content":{"rendered":"<p><a href=\"http:\/\/proclass.com.br\/home\/wp-content\/uploads\/2015\/03\/logo_backstage.png\"><img decoding=\"async\" class=\"aligncenter  wp-image-4341\" src=\"http:\/\/proclass.com.br\/home\/wp-content\/uploads\/2015\/03\/logo_backstage.png\" alt=\"logo_backstage\" width=\"364\" height=\"91\" srcset=\"https:\/\/proclass.com.br\/home\/wp-content\/uploads\/2015\/03\/logo_backstage.png 432w, https:\/\/proclass.com.br\/home\/wp-content\/uploads\/2015\/03\/logo_backstage-300x75.png 300w, https:\/\/proclass.com.br\/home\/wp-content\/uploads\/2015\/03\/logo_backstage-100x25.png 100w\" sizes=\"(max-width: 364px) 100vw, 364px\" \/><\/a><\/p>\n<p style=\"text-align: left;\">Artigo publicado na Backstage.\u00a0Para conhecer mais sobre a revista,\u00a0<a href=\"http:\/\/backstage.com.br\/\" target=\"_blank\">clique aqui.<\/a><\/p>\n<p style=\"text-align: left;\">Para saber mais sobre treinamentos e certifica\u00e7\u00f5es oficiais em Waves, Pro Tools, Sibelius ou outros treinamentos em \u00e1udio,\u00a0<a href=\"http:\/\/proclass.com.br\/home\/certificacoes\/waves\/waves-certification-program\/\" target=\"_blank\">clique aqui<\/a>.<\/p>\n<hr \/>\n<p class=\"p1\"><b>Entenda as principais diferen\u00e7as entre as vers\u00f5es<\/b><\/p>\n<p class=\"p2\">Foram muitas vers\u00f5es e pacotes lan\u00e7ados pela Avid nos \u00faltimos anos. A maioria n\u00e3o seguiu em frente, mas causou certa confus\u00e3o.<\/p>\n<p class=\"p2\">Hoje, podemos resumir o Pro Tools em tr\u00eas vers\u00f5es: Pro Tools Express, que vem junto com as interfaces de \u00e1udio da empresa, Pro Tools Nativo (ou simplesmente Pro Tools), que roda em qualquer DAW e o Pro Tools HD, que vem junto com os sistemas de grande porte, Pro Tools|HD Native e Pro Tools|HDX.<\/p>\n<p class=\"p2\">Neste artigo, vamos mergulhar um pouco mais nas funcionalidades exclusivas do Pro Tools HD.<\/p>\n<p class=\"p2\">\n<h3 class=\"p1\"><b>V\u00eddeo no Pro Tools<\/b><\/h3>\n<p class=\"p2\">Muitas das funcionalidades exclusivas do Pro Tools HD est\u00e3o diretamente relacionadas \u00e0s necessidades do mercado de p\u00f3s-produ\u00e7\u00e3o de \u00e1udio para v\u00eddeo.<\/p>\n<p class=\"p2\">A come\u00e7ar pelo manuseio de v\u00eddeo (fig. 1). Enquanto o Pro Tools aceita apenas um v\u00eddeo na sua sess\u00e3o e nada mais, com o Pro Tools HD o usu\u00e1rio pode carregar diversos v\u00eddeos, fazer playlists com video tracks, empilhar em v\u00e1rios tracks (mas apenas um pode tocar por vez e fazer edi\u00e7\u00e3o de v\u00eddeo (mas nada sofisticado, apenas corte e trim).<\/p>\n<div id=\"attachment_4976\" style=\"width: 310px\" class=\"wp-caption aligncenter\"><a href=\"http:\/\/proclass.com.br\/home\/wp-content\/uploads\/2015\/08\/fig.-1-Edi\u00e7\u00e3o-de-v\u00eddeo-no-Pro-Tools.jpg\"><img fetchpriority=\"high\" decoding=\"async\" aria-describedby=\"caption-attachment-4976\" class=\"size-medium wp-image-4976\" src=\"http:\/\/proclass.com.br\/home\/wp-content\/uploads\/2015\/08\/fig.-1-Edi\u00e7\u00e3o-de-v\u00eddeo-no-Pro-Tools-300x188.jpg\" alt=\"fig. 1 - Edi\u00e7\u00e3o de v\u00eddeo no Pro Tools\" width=\"300\" height=\"188\" srcset=\"https:\/\/proclass.com.br\/home\/wp-content\/uploads\/2015\/08\/fig.-1-Edi\u00e7\u00e3o-de-v\u00eddeo-no-Pro-Tools-300x188.jpg 300w, https:\/\/proclass.com.br\/home\/wp-content\/uploads\/2015\/08\/fig.-1-Edi\u00e7\u00e3o-de-v\u00eddeo-no-Pro-Tools-1024x640.jpg 1024w\" sizes=\"(max-width: 300px) 100vw, 300px\" \/><\/a><p id=\"caption-attachment-4976\" class=\"wp-caption-text\">fig. 1 &#8211; Edi\u00e7\u00e3o de v\u00eddeo no Pro Tools<\/p><\/div>\n<p>&nbsp;<\/p>\n<p class=\"p2\"><!--more--><\/p>\n<p class=\"p2\">Imagine por exemplo que voc\u00ea est\u00e1 sonorizando um v\u00eddeo e enquanto voc\u00ea trabalha, recebe a not\u00edcia de que foi decidido entre o diretor e o editor de v\u00eddeo que uma cena ser\u00e1 exclu\u00edda. Neste caso, com o Pro Tools HD basta o editor te indicar o timecode da cena que ser\u00e1 exclu\u00edda e voc\u00ea pode fazer o mesmo na sua timeline selecionando a \u00e1rea e deletando no Modo Shuffle para continuar seu trabalho. Sem esta fun\u00e7\u00e3o, a \u00fanica op\u00e7\u00e3o \u00e9 esperar o editor te enviar um v\u00eddeo com a nova vers\u00e3o.<\/p>\n<p class=\"p1\"><b>Mais necessidades da p\u00f3s-produ\u00e7\u00e3o<\/b><\/p>\n<p class=\"p2\">Voltando a falar de \u00e1udio, existem outros recursos que apesar de serem \u00fateis para todas as \u00e1reas, s\u00e3o mais essenciais este mercado.<\/p>\n<p class=\"p2\">Por exemplo, por incr\u00edvel que pare\u00e7a a mixagem surround s\u00f3 \u00e9 dispon\u00edvel no Pro Tools HD. Temos tamb\u00e9m os novos medidores inclu\u00eddos no Pro Tools 11, o Bounce to Disk (fig. 2) que permite exportar a mix de m\u00faltiplas sa\u00eddas de uma s\u00f3 vez.<\/p>\n<div id=\"attachment_4975\" style=\"width: 231px\" class=\"wp-caption aligncenter\"><a href=\"http:\/\/proclass.com.br\/home\/wp-content\/uploads\/2015\/08\/fig.-2-Bounce-to-disk-M\u00faltiplo.png\"><img decoding=\"async\" aria-describedby=\"caption-attachment-4975\" class=\"size-medium wp-image-4975\" src=\"http:\/\/proclass.com.br\/home\/wp-content\/uploads\/2015\/08\/fig.-2-Bounce-to-disk-M\u00faltiplo-221x300.png\" alt=\"fig. 2 - Bounce to disk M\u00faltiplo\" width=\"221\" height=\"300\" srcset=\"https:\/\/proclass.com.br\/home\/wp-content\/uploads\/2015\/08\/fig.-2-Bounce-to-disk-M\u00faltiplo-221x300.png 221w, https:\/\/proclass.com.br\/home\/wp-content\/uploads\/2015\/08\/fig.-2-Bounce-to-disk-M\u00faltiplo-755x1024.png 755w, https:\/\/proclass.com.br\/home\/wp-content\/uploads\/2015\/08\/fig.-2-Bounce-to-disk-M\u00faltiplo.png 896w\" sizes=\"(max-width: 221px) 100vw, 221px\" \/><\/a><p id=\"caption-attachment-4975\" class=\"wp-caption-text\">fig. 2 &#8211; Bounce to disk M\u00faltiplo<\/p><\/div>\n<p class=\"p2\">No mercado de p\u00f3s-produ\u00e7\u00e3o existe uma pr\u00e1tica de entregar a mixagem desmembrada (ou submixada) por grupos como di\u00e1logos, m\u00fasica, FX etc. Ou seja, um bounce s\u00f3 com os tracks de m\u00fasica, outro s\u00f3 com os di\u00e1logos e assim por diante. Estes arquivos de \u00e1udio gerados s\u00e3o chamados de stems. Este processo \u00e9 importante, pois permite um certo n\u00edvel de ajuste quando o \u00e1udio finalizado for entregue ao editor de v\u00eddeo. Se ele precisar aumentar ou abaixar um pouco mais uma certa frase, ainda ser\u00e1 poss\u00edvel.<\/p>\n<p class=\"p2\">Mais que isso, quem sabe o v\u00eddeo ser\u00e1 distribu\u00eddo em outros pa\u00edses, certo?<\/p>\n<p class=\"p2\">No caso de dublagens, basta produzir e gerar um novo stem com os di\u00e1logos dublados e mixar novamente com os stems originais.<\/p>\n<p class=\"p2\">No mercado de m\u00fasica, este processo tem sido mais adotado como formato de entrega para masteriza\u00e7\u00e3o. Com ele, o masterizador pode trabalhar com alguma &#8220;margem de manobra&#8221;.<\/p>\n<p class=\"p2\">Por exemplo, se ele resolve comprimir um pouco a mixagem geral (stereo mix), e sente que est\u00e1 sendo positivo para toda a m\u00fasica com exce\u00e7\u00e3o da voz (que digamos, come\u00e7ou a afundar demais na mix), com o stem da voz isto pode ser amenizado sem ter que voltar na mixagem.<\/p>\n<p class=\"p1\"><b>Automa\u00e7\u00e3o avan\u00e7ada<\/b><\/p>\n<p class=\"p2\">Todos concordam que automa\u00e7\u00e3o \u00e9 uma ferramenta important\u00edssima, e acho que mais pessoas ainda concordam que as vezes ela parece uma maldi\u00e7\u00e3o na hora de editar. \u00c9 complicada de editar com rapidez, testar novas curvas e fazer ajustes finos se o projeto for complexo.<\/p>\n<p class=\"p2\">No Pro Tools HD, a janela Automation (fig. 3) \u00e9 bem mais generosa. Comandos como Manual Write, Write on Stop permitem gravar automa\u00e7\u00e3o linear (onde n\u00e3o h\u00e1 mudan\u00e7a de volume) rapidamente numa sele\u00e7\u00e3o ou do in\u00edcio ao fim de forma muito pr\u00e1tica.<\/p>\n<div id=\"attachment_4974\" style=\"width: 104px\" class=\"wp-caption aligncenter\"><a href=\"http:\/\/proclass.com.br\/home\/wp-content\/uploads\/2015\/08\/fig.-3-Automation-Window.png\"><img loading=\"lazy\" decoding=\"async\" aria-describedby=\"caption-attachment-4974\" class=\"size-medium wp-image-4974\" src=\"http:\/\/proclass.com.br\/home\/wp-content\/uploads\/2015\/08\/fig.-3-Automation-Window-94x300.png\" alt=\"fig. 3 - Automation Window\" width=\"94\" height=\"300\" srcset=\"https:\/\/proclass.com.br\/home\/wp-content\/uploads\/2015\/08\/fig.-3-Automation-Window-94x300.png 94w, https:\/\/proclass.com.br\/home\/wp-content\/uploads\/2015\/08\/fig.-3-Automation-Window.png 232w\" sizes=\"(max-width: 94px) 100vw, 94px\" \/><\/a><p id=\"caption-attachment-4974\" class=\"wp-caption-text\">fig. 3 &#8211; Automation Window<\/p><\/div>\n<p class=\"p2\">A fun\u00e7\u00e3o Preview \u00e9 um grito de liberdade, e faz exatamente o que voc\u00ea est\u00e1 pensando. Permite que voc\u00ea experimente outros ajustes sem destruir sua automa\u00e7\u00e3o atual.<\/p>\n<p class=\"p2\">Existem outros comando que em resumo, resolvem quase todo tipo de dificuldade que \u00e9 encontrada em sess\u00f5es com m\u00faltiplos tracks e par\u00e2metros sendo automatizados.<\/p>\n<p class=\"p1\"><b>Performance<\/b><\/p>\n<p class=\"p2\">Quem tem a licen\u00e7a do Pro Tools HD, pode rodar o software mesmo num computador sem as placas de Pro Tools|HD.<\/p>\n<p class=\"p2\">Ainda assim, h\u00e1 ganho de performance por conta do Disk Cache (fig. 4A), uma fun\u00e7\u00e3o do Playback Engine, que permite o Pro Tools toda sua timeline na mem\u00f3ria RAM, bem mais r\u00e1pida do que um HD (Fig. 4B).<\/p>\n<div id=\"attachment_4973\" style=\"width: 310px\" class=\"wp-caption aligncenter\"><a href=\"http:\/\/proclass.com.br\/home\/wp-content\/uploads\/2015\/08\/Fig.-4A-Configura\u00e7nao-de-Disk-Cache.png\"><img loading=\"lazy\" decoding=\"async\" aria-describedby=\"caption-attachment-4973\" class=\"size-medium wp-image-4973\" src=\"http:\/\/proclass.com.br\/home\/wp-content\/uploads\/2015\/08\/Fig.-4A-Configura\u00e7nao-de-Disk-Cache-300x251.png\" alt=\"Fig. 4A - Configura\u00e7nao de Disk Cache\" width=\"300\" height=\"251\" srcset=\"https:\/\/proclass.com.br\/home\/wp-content\/uploads\/2015\/08\/Fig.-4A-Configura\u00e7nao-de-Disk-Cache-300x251.png 300w, https:\/\/proclass.com.br\/home\/wp-content\/uploads\/2015\/08\/Fig.-4A-Configura\u00e7nao-de-Disk-Cache-1024x857.png 1024w, https:\/\/proclass.com.br\/home\/wp-content\/uploads\/2015\/08\/Fig.-4A-Configura\u00e7nao-de-Disk-Cache.png 1102w\" sizes=\"(max-width: 300px) 100vw, 300px\" \/><\/a><p id=\"caption-attachment-4973\" class=\"wp-caption-text\">Fig. 4A &#8211; Configura\u00e7nao de Disk Cache<\/p><\/div>\n<div id=\"attachment_4972\" style=\"width: 310px\" class=\"wp-caption aligncenter\"><a href=\"http:\/\/proclass.com.br\/home\/wp-content\/uploads\/2015\/08\/Fig.-4B-Sess\u00e3o-carregada-na-mem\u00f3ria-RAM.png\"><img loading=\"lazy\" decoding=\"async\" aria-describedby=\"caption-attachment-4972\" class=\"size-medium wp-image-4972\" src=\"http:\/\/proclass.com.br\/home\/wp-content\/uploads\/2015\/08\/Fig.-4B-Sess\u00e3o-carregada-na-mem\u00f3ria-RAM-300x184.png\" alt=\"Fig. 4B - Sess\u00e3o carregada na mem\u00f3ria RAM\" width=\"300\" height=\"184\" srcset=\"https:\/\/proclass.com.br\/home\/wp-content\/uploads\/2015\/08\/Fig.-4B-Sess\u00e3o-carregada-na-mem\u00f3ria-RAM-300x184.png 300w, https:\/\/proclass.com.br\/home\/wp-content\/uploads\/2015\/08\/Fig.-4B-Sess\u00e3o-carregada-na-mem\u00f3ria-RAM.png 740w\" sizes=\"(max-width: 300px) 100vw, 300px\" \/><\/a><p id=\"caption-attachment-4972\" class=\"wp-caption-text\">Fig. 4B &#8211; Sess\u00e3o carregada na mem\u00f3ria RAM<\/p><\/div>\n<p class=\"p2\">Com isso, mesmo sess\u00f5es grandes de mais de 100 tracks podem tocar sem erros ou interrup\u00e7\u00f5es do sistema.<\/p>\n<p class=\"p1\"><b>Falando de Hardware\u2026<\/b><\/p>\n<p class=\"p2\">Lembrem-se: o software Pro Tools HD n\u00e3o pode ser adquirido separadamente. \u00c9 necess\u00e1rio possuir o sistema Pro Tools|HD Native ou Pro Tools|HDX para ser eleg\u00edvel a receber uma licen\u00e7a.<\/p>\n<p class=\"p2\">E aproveitando o gancho\u2026 qual a diferen\u00e7a entre eles?<\/p>\n<p class=\"p2\">Simplificando, o Pro Tools|HD Native possui um sistema pr\u00f3prio de processamento que \u00e9 disponibilizado ao Pro Tools, deixando a CPU mais livre para rodar um maior n\u00famero de plug-ins. Al\u00e9m disso, com ele \u00e9 poss\u00edvel ter at\u00e9 64 canais de entrada e sa\u00edda.<\/p>\n<div id=\"attachment_4971\" style=\"width: 310px\" class=\"wp-caption aligncenter\"><a href=\"http:\/\/proclass.com.br\/home\/wp-content\/uploads\/2015\/08\/Fig.-5-Pro-ToolsHD-Native.jpg\"><img loading=\"lazy\" decoding=\"async\" aria-describedby=\"caption-attachment-4971\" class=\"size-medium wp-image-4971\" src=\"http:\/\/proclass.com.br\/home\/wp-content\/uploads\/2015\/08\/Fig.-5-Pro-ToolsHD-Native-300x224.jpg\" alt=\"Fig. 5 - Pro Tools|HD Native\" width=\"300\" height=\"224\" srcset=\"https:\/\/proclass.com.br\/home\/wp-content\/uploads\/2015\/08\/Fig.-5-Pro-ToolsHD-Native-300x224.jpg 300w, https:\/\/proclass.com.br\/home\/wp-content\/uploads\/2015\/08\/Fig.-5-Pro-ToolsHD-Native.jpg 425w\" sizes=\"(max-width: 300px) 100vw, 300px\" \/><\/a><p id=\"caption-attachment-4971\" class=\"wp-caption-text\">Fig. 5 &#8211; Pro Tools|HD Native<\/p><\/div>\n<p class=\"p2\">O Pro Tools|HDX \u00e9 o irm\u00e3o maior, que conta com mais chips de processamento, capaz de rodar o Pro Tools e mais uma centena de plug-ins sem precisar consumir basicamente nenhum recurso extra da CPU.<\/p>\n<div id=\"attachment_4970\" style=\"width: 310px\" class=\"wp-caption aligncenter\"><a href=\"http:\/\/proclass.com.br\/home\/wp-content\/uploads\/2015\/08\/fig.-6-Pro-ToolsHDX.jpg\"><img loading=\"lazy\" decoding=\"async\" aria-describedby=\"caption-attachment-4970\" class=\"size-medium wp-image-4970\" src=\"http:\/\/proclass.com.br\/home\/wp-content\/uploads\/2015\/08\/fig.-6-Pro-ToolsHDX-300x176.jpg\" alt=\"fig. 6 - Pro Tools|HDX\" width=\"300\" height=\"176\" srcset=\"https:\/\/proclass.com.br\/home\/wp-content\/uploads\/2015\/08\/fig.-6-Pro-ToolsHDX-300x176.jpg 300w, https:\/\/proclass.com.br\/home\/wp-content\/uploads\/2015\/08\/fig.-6-Pro-ToolsHDX.jpg 850w\" sizes=\"(max-width: 300px) 100vw, 300px\" \/><\/a><p id=\"caption-attachment-4970\" class=\"wp-caption-text\">fig. 6 &#8211; Pro Tools|HDX<\/p><\/div>\n<p class=\"p2\">Diferente do Pro Tools|HD Native, o Pro Tools|HDX tamb\u00e9m \u00e9 expans\u00edvel, possibilitando at\u00e9 192 entradas e sa\u00eddas.<\/p>\n<p class=\"p2\">E \u00e9 isso pessoal\u2026 N\u00e3o deixem de escrever com sugest\u00f5es de assuntos para os pr\u00f3ximos meses.<\/p>\n<p class=\"p2\">Abra\u00e7os!<\/p>\n<hr \/>\n<p><i><a href=\"http:\/\/proclass.com.br\/home\/wp-content\/uploads\/2012\/08\/cris3x4-blog-proclass.jpg\"><img loading=\"lazy\" decoding=\"async\" class=\" size-full wp-image-1057 alignleft\" src=\"http:\/\/proclass.com.br\/home\/wp-content\/uploads\/2012\/08\/cris3x4-blog-proclass.jpg\" alt=\"cris3x4 blog proclass\" width=\"74\" height=\"99\" \/><\/a>\u00a0Cristiano Moura \u00e9 produtor musical e instrutor certificado da Avid. Atualmente leciona \u00a0cursos oficiais em Pro Tools, Waves, Sibelius e os treinamentos em mixagem na ProClass. \u00a0Por meio da ProClass, oferece consultoria, treinamentos customizados em todo o Brasil.<\/i><\/p>\n","protected":false},"excerpt":{"rendered":"<p>Artigo publicado na Backstage.\u00a0Para conhecer mais sobre a revista,\u00a0clique aqui. Para saber mais sobre treinamentos e certifica\u00e7\u00f5es oficiais em Waves, Pro Tools, Sibelius ou outros treinamentos em \u00e1udio,\u00a0clique aqui. Entenda as principais diferen\u00e7as entre as vers\u00f5es Foram muitas vers\u00f5es e pacotes lan\u00e7ados pela Avid nos \u00faltimos anos. A maioria n\u00e3o seguiu em frente, mas causouContinue reading &rarr;<\/p>\n","protected":false},"author":4,"featured_media":0,"comment_status":"closed","ping_status":"closed","sticky":false,"template":"","format":"standard","meta":{"footnotes":""},"categories":[17,1,1000],"tags":[],"class_list":["post-4969","post","type-post","status-publish","format-standard","hentry","category-artigos","category-novidades","category-pro-tools-2","no-thumb"],"yoast_head":"<!-- This site is optimized with the Yoast SEO plugin v26.9 - https:\/\/yoast.com\/product\/yoast-seo-wordpress\/ -->\n<title>Eu n\u00e3o tenho Pro Tools HD\u2026 O que estou perdendo? - PROCLASS<\/title>\n<meta name=\"robots\" content=\"index, follow, max-snippet:-1, max-image-preview:large, max-video-preview:-1\" \/>\n<link rel=\"canonical\" href=\"https:\/\/proclass.com.br\/home\/2015\/09\/eu-nao-tenho-pro-tools-hd-o-que-estou-perdendo\/\" \/>\n<meta property=\"og:locale\" content=\"pt_BR\" \/>\n<meta property=\"og:type\" content=\"article\" \/>\n<meta property=\"og:title\" content=\"Eu n\u00e3o tenho Pro Tools HD\u2026 O que estou perdendo? - PROCLASS\" \/>\n<meta property=\"og:description\" content=\"Artigo publicado na Backstage.\u00a0Para conhecer mais sobre a revista,\u00a0clique aqui. Para saber mais sobre treinamentos e certifica\u00e7\u00f5es oficiais em Waves, Pro Tools, Sibelius ou outros treinamentos em \u00e1udio,\u00a0clique aqui. Entenda as principais diferen\u00e7as entre as vers\u00f5es Foram muitas vers\u00f5es e pacotes lan\u00e7ados pela Avid nos \u00faltimos anos. A maioria n\u00e3o seguiu em frente, mas causouContinue reading &rarr;\" \/>\n<meta property=\"og:url\" content=\"https:\/\/proclass.com.br\/home\/2015\/09\/eu-nao-tenho-pro-tools-hd-o-que-estou-perdendo\/\" \/>\n<meta property=\"og:site_name\" content=\"PROCLASS\" \/>\n<meta property=\"article:published_time\" content=\"2015-09-03T12:18:49+00:00\" \/>\n<meta property=\"og:image\" content=\"https:\/\/proclass.com.br\/home\/wp-content\/uploads\/2015\/03\/logo_backstage.png\" \/>\n\t<meta property=\"og:image:width\" content=\"432\" \/>\n\t<meta property=\"og:image:height\" content=\"108\" \/>\n\t<meta property=\"og:image:type\" content=\"image\/png\" \/>\n<meta name=\"author\" content=\"ProClass Treinamentos\" \/>\n<meta name=\"twitter:card\" content=\"summary_large_image\" \/>\n<meta name=\"twitter:label1\" content=\"Escrito por\" \/>\n\t<meta name=\"twitter:data1\" content=\"ProClass Treinamentos\" \/>\n\t<meta name=\"twitter:label2\" content=\"Est. tempo de leitura\" \/>\n\t<meta name=\"twitter:data2\" content=\"6 minutos\" \/>\n<script type=\"application\/ld+json\" class=\"yoast-schema-graph\">{\"@context\":\"https:\/\/schema.org\",\"@graph\":[{\"@type\":\"Article\",\"@id\":\"https:\/\/proclass.com.br\/home\/2015\/09\/eu-nao-tenho-pro-tools-hd-o-que-estou-perdendo\/#article\",\"isPartOf\":{\"@id\":\"https:\/\/proclass.com.br\/home\/2015\/09\/eu-nao-tenho-pro-tools-hd-o-que-estou-perdendo\/\"},\"author\":{\"name\":\"ProClass Treinamentos\",\"@id\":\"https:\/\/proclass.com.br\/home\/#\/schema\/person\/f89e1eb93d5d32c0bb465c52f87f5a00\"},\"headline\":\"Eu n\u00e3o tenho Pro Tools HD\u2026 O que estou perdendo?\",\"datePublished\":\"2015-09-03T12:18:49+00:00\",\"mainEntityOfPage\":{\"@id\":\"https:\/\/proclass.com.br\/home\/2015\/09\/eu-nao-tenho-pro-tools-hd-o-que-estou-perdendo\/\"},\"wordCount\":1180,\"publisher\":{\"@id\":\"https:\/\/proclass.com.br\/home\/#organization\"},\"image\":{\"@id\":\"https:\/\/proclass.com.br\/home\/2015\/09\/eu-nao-tenho-pro-tools-hd-o-que-estou-perdendo\/#primaryimage\"},\"thumbnailUrl\":\"http:\/\/proclass.com.br\/home\/wp-content\/uploads\/2015\/03\/logo_backstage.png\",\"articleSection\":[\"Artigos\",\"Novidades\",\"Pro Tools\"],\"inLanguage\":\"pt-BR\"},{\"@type\":\"WebPage\",\"@id\":\"https:\/\/proclass.com.br\/home\/2015\/09\/eu-nao-tenho-pro-tools-hd-o-que-estou-perdendo\/\",\"url\":\"https:\/\/proclass.com.br\/home\/2015\/09\/eu-nao-tenho-pro-tools-hd-o-que-estou-perdendo\/\",\"name\":\"Eu n\u00e3o tenho Pro Tools HD\u2026 O que estou perdendo? - PROCLASS\",\"isPartOf\":{\"@id\":\"https:\/\/proclass.com.br\/home\/#website\"},\"primaryImageOfPage\":{\"@id\":\"https:\/\/proclass.com.br\/home\/2015\/09\/eu-nao-tenho-pro-tools-hd-o-que-estou-perdendo\/#primaryimage\"},\"image\":{\"@id\":\"https:\/\/proclass.com.br\/home\/2015\/09\/eu-nao-tenho-pro-tools-hd-o-que-estou-perdendo\/#primaryimage\"},\"thumbnailUrl\":\"http:\/\/proclass.com.br\/home\/wp-content\/uploads\/2015\/03\/logo_backstage.png\",\"datePublished\":\"2015-09-03T12:18:49+00:00\",\"breadcrumb\":{\"@id\":\"https:\/\/proclass.com.br\/home\/2015\/09\/eu-nao-tenho-pro-tools-hd-o-que-estou-perdendo\/#breadcrumb\"},\"inLanguage\":\"pt-BR\",\"potentialAction\":[{\"@type\":\"ReadAction\",\"target\":[\"https:\/\/proclass.com.br\/home\/2015\/09\/eu-nao-tenho-pro-tools-hd-o-que-estou-perdendo\/\"]}]},{\"@type\":\"ImageObject\",\"inLanguage\":\"pt-BR\",\"@id\":\"https:\/\/proclass.com.br\/home\/2015\/09\/eu-nao-tenho-pro-tools-hd-o-que-estou-perdendo\/#primaryimage\",\"url\":\"http:\/\/proclass.com.br\/home\/wp-content\/uploads\/2015\/03\/logo_backstage.png\",\"contentUrl\":\"http:\/\/proclass.com.br\/home\/wp-content\/uploads\/2015\/03\/logo_backstage.png\"},{\"@type\":\"BreadcrumbList\",\"@id\":\"https:\/\/proclass.com.br\/home\/2015\/09\/eu-nao-tenho-pro-tools-hd-o-que-estou-perdendo\/#breadcrumb\",\"itemListElement\":[{\"@type\":\"ListItem\",\"position\":1,\"name\":\"In\u00edcio\",\"item\":\"https:\/\/proclass.com.br\/home\/\"},{\"@type\":\"ListItem\",\"position\":2,\"name\":\"Eu n\u00e3o tenho Pro Tools HD\u2026 O que estou perdendo?\"}]},{\"@type\":\"WebSite\",\"@id\":\"https:\/\/proclass.com.br\/home\/#website\",\"url\":\"https:\/\/proclass.com.br\/home\/\",\"name\":\"PROCLASS\",\"description\":\"CURSOS E TREINAMENTOS\",\"publisher\":{\"@id\":\"https:\/\/proclass.com.br\/home\/#organization\"},\"potentialAction\":[{\"@type\":\"SearchAction\",\"target\":{\"@type\":\"EntryPoint\",\"urlTemplate\":\"https:\/\/proclass.com.br\/home\/?s={search_term_string}\"},\"query-input\":{\"@type\":\"PropertyValueSpecification\",\"valueRequired\":true,\"valueName\":\"search_term_string\"}}],\"inLanguage\":\"pt-BR\"},{\"@type\":\"Organization\",\"@id\":\"https:\/\/proclass.com.br\/home\/#organization\",\"name\":\"PROCLASS\",\"url\":\"https:\/\/proclass.com.br\/home\/\",\"logo\":{\"@type\":\"ImageObject\",\"inLanguage\":\"pt-BR\",\"@id\":\"https:\/\/proclass.com.br\/home\/#\/schema\/logo\/image\/\",\"url\":\"https:\/\/proclass.com.br\/home\/wp-content\/uploads\/2023\/06\/CABECALHO-black_PROCLASS-2023.png\",\"contentUrl\":\"https:\/\/proclass.com.br\/home\/wp-content\/uploads\/2023\/06\/CABECALHO-black_PROCLASS-2023.png\",\"width\":2563,\"height\":911,\"caption\":\"PROCLASS\"},\"image\":{\"@id\":\"https:\/\/proclass.com.br\/home\/#\/schema\/logo\/image\/\"}},{\"@type\":\"Person\",\"@id\":\"https:\/\/proclass.com.br\/home\/#\/schema\/person\/f89e1eb93d5d32c0bb465c52f87f5a00\",\"name\":\"ProClass Treinamentos\",\"image\":{\"@type\":\"ImageObject\",\"inLanguage\":\"pt-BR\",\"@id\":\"https:\/\/proclass.com.br\/home\/#\/schema\/person\/image\/\",\"url\":\"https:\/\/secure.gravatar.com\/avatar\/3878d7a575c7ac355d2c778d5de04af08b7c5a7d9f19b2889f26cc7d80a6a832?s=96&d=blank&r=g\",\"contentUrl\":\"https:\/\/secure.gravatar.com\/avatar\/3878d7a575c7ac355d2c778d5de04af08b7c5a7d9f19b2889f26cc7d80a6a832?s=96&d=blank&r=g\",\"caption\":\"ProClass Treinamentos\"},\"url\":\"https:\/\/proclass.com.br\/home\/author\/proclass\/\"}]}<\/script>\n<!-- \/ Yoast SEO plugin. -->","yoast_head_json":{"title":"Eu n\u00e3o tenho Pro Tools HD\u2026 O que estou perdendo? - PROCLASS","robots":{"index":"index","follow":"follow","max-snippet":"max-snippet:-1","max-image-preview":"max-image-preview:large","max-video-preview":"max-video-preview:-1"},"canonical":"https:\/\/proclass.com.br\/home\/2015\/09\/eu-nao-tenho-pro-tools-hd-o-que-estou-perdendo\/","og_locale":"pt_BR","og_type":"article","og_title":"Eu n\u00e3o tenho Pro Tools HD\u2026 O que estou perdendo? - PROCLASS","og_description":"Artigo publicado na Backstage.\u00a0Para conhecer mais sobre a revista,\u00a0clique aqui. Para saber mais sobre treinamentos e certifica\u00e7\u00f5es oficiais em Waves, Pro Tools, Sibelius ou outros treinamentos em \u00e1udio,\u00a0clique aqui. Entenda as principais diferen\u00e7as entre as vers\u00f5es Foram muitas vers\u00f5es e pacotes lan\u00e7ados pela Avid nos \u00faltimos anos. A maioria n\u00e3o seguiu em frente, mas causouContinue reading &rarr;","og_url":"https:\/\/proclass.com.br\/home\/2015\/09\/eu-nao-tenho-pro-tools-hd-o-que-estou-perdendo\/","og_site_name":"PROCLASS","article_published_time":"2015-09-03T12:18:49+00:00","og_image":[{"width":432,"height":108,"url":"https:\/\/proclass.com.br\/home\/wp-content\/uploads\/2015\/03\/logo_backstage.png","type":"image\/png"}],"author":"ProClass Treinamentos","twitter_card":"summary_large_image","twitter_misc":{"Escrito por":"ProClass Treinamentos","Est. tempo de leitura":"6 minutos"},"schema":{"@context":"https:\/\/schema.org","@graph":[{"@type":"Article","@id":"https:\/\/proclass.com.br\/home\/2015\/09\/eu-nao-tenho-pro-tools-hd-o-que-estou-perdendo\/#article","isPartOf":{"@id":"https:\/\/proclass.com.br\/home\/2015\/09\/eu-nao-tenho-pro-tools-hd-o-que-estou-perdendo\/"},"author":{"name":"ProClass Treinamentos","@id":"https:\/\/proclass.com.br\/home\/#\/schema\/person\/f89e1eb93d5d32c0bb465c52f87f5a00"},"headline":"Eu n\u00e3o tenho Pro Tools HD\u2026 O que estou perdendo?","datePublished":"2015-09-03T12:18:49+00:00","mainEntityOfPage":{"@id":"https:\/\/proclass.com.br\/home\/2015\/09\/eu-nao-tenho-pro-tools-hd-o-que-estou-perdendo\/"},"wordCount":1180,"publisher":{"@id":"https:\/\/proclass.com.br\/home\/#organization"},"image":{"@id":"https:\/\/proclass.com.br\/home\/2015\/09\/eu-nao-tenho-pro-tools-hd-o-que-estou-perdendo\/#primaryimage"},"thumbnailUrl":"http:\/\/proclass.com.br\/home\/wp-content\/uploads\/2015\/03\/logo_backstage.png","articleSection":["Artigos","Novidades","Pro Tools"],"inLanguage":"pt-BR"},{"@type":"WebPage","@id":"https:\/\/proclass.com.br\/home\/2015\/09\/eu-nao-tenho-pro-tools-hd-o-que-estou-perdendo\/","url":"https:\/\/proclass.com.br\/home\/2015\/09\/eu-nao-tenho-pro-tools-hd-o-que-estou-perdendo\/","name":"Eu n\u00e3o tenho Pro Tools HD\u2026 O que estou perdendo? - PROCLASS","isPartOf":{"@id":"https:\/\/proclass.com.br\/home\/#website"},"primaryImageOfPage":{"@id":"https:\/\/proclass.com.br\/home\/2015\/09\/eu-nao-tenho-pro-tools-hd-o-que-estou-perdendo\/#primaryimage"},"image":{"@id":"https:\/\/proclass.com.br\/home\/2015\/09\/eu-nao-tenho-pro-tools-hd-o-que-estou-perdendo\/#primaryimage"},"thumbnailUrl":"http:\/\/proclass.com.br\/home\/wp-content\/uploads\/2015\/03\/logo_backstage.png","datePublished":"2015-09-03T12:18:49+00:00","breadcrumb":{"@id":"https:\/\/proclass.com.br\/home\/2015\/09\/eu-nao-tenho-pro-tools-hd-o-que-estou-perdendo\/#breadcrumb"},"inLanguage":"pt-BR","potentialAction":[{"@type":"ReadAction","target":["https:\/\/proclass.com.br\/home\/2015\/09\/eu-nao-tenho-pro-tools-hd-o-que-estou-perdendo\/"]}]},{"@type":"ImageObject","inLanguage":"pt-BR","@id":"https:\/\/proclass.com.br\/home\/2015\/09\/eu-nao-tenho-pro-tools-hd-o-que-estou-perdendo\/#primaryimage","url":"http:\/\/proclass.com.br\/home\/wp-content\/uploads\/2015\/03\/logo_backstage.png","contentUrl":"http:\/\/proclass.com.br\/home\/wp-content\/uploads\/2015\/03\/logo_backstage.png"},{"@type":"BreadcrumbList","@id":"https:\/\/proclass.com.br\/home\/2015\/09\/eu-nao-tenho-pro-tools-hd-o-que-estou-perdendo\/#breadcrumb","itemListElement":[{"@type":"ListItem","position":1,"name":"In\u00edcio","item":"https:\/\/proclass.com.br\/home\/"},{"@type":"ListItem","position":2,"name":"Eu n\u00e3o tenho Pro Tools HD\u2026 O que estou perdendo?"}]},{"@type":"WebSite","@id":"https:\/\/proclass.com.br\/home\/#website","url":"https:\/\/proclass.com.br\/home\/","name":"PROCLASS","description":"CURSOS E TREINAMENTOS","publisher":{"@id":"https:\/\/proclass.com.br\/home\/#organization"},"potentialAction":[{"@type":"SearchAction","target":{"@type":"EntryPoint","urlTemplate":"https:\/\/proclass.com.br\/home\/?s={search_term_string}"},"query-input":{"@type":"PropertyValueSpecification","valueRequired":true,"valueName":"search_term_string"}}],"inLanguage":"pt-BR"},{"@type":"Organization","@id":"https:\/\/proclass.com.br\/home\/#organization","name":"PROCLASS","url":"https:\/\/proclass.com.br\/home\/","logo":{"@type":"ImageObject","inLanguage":"pt-BR","@id":"https:\/\/proclass.com.br\/home\/#\/schema\/logo\/image\/","url":"https:\/\/proclass.com.br\/home\/wp-content\/uploads\/2023\/06\/CABECALHO-black_PROCLASS-2023.png","contentUrl":"https:\/\/proclass.com.br\/home\/wp-content\/uploads\/2023\/06\/CABECALHO-black_PROCLASS-2023.png","width":2563,"height":911,"caption":"PROCLASS"},"image":{"@id":"https:\/\/proclass.com.br\/home\/#\/schema\/logo\/image\/"}},{"@type":"Person","@id":"https:\/\/proclass.com.br\/home\/#\/schema\/person\/f89e1eb93d5d32c0bb465c52f87f5a00","name":"ProClass Treinamentos","image":{"@type":"ImageObject","inLanguage":"pt-BR","@id":"https:\/\/proclass.com.br\/home\/#\/schema\/person\/image\/","url":"https:\/\/secure.gravatar.com\/avatar\/3878d7a575c7ac355d2c778d5de04af08b7c5a7d9f19b2889f26cc7d80a6a832?s=96&d=blank&r=g","contentUrl":"https:\/\/secure.gravatar.com\/avatar\/3878d7a575c7ac355d2c778d5de04af08b7c5a7d9f19b2889f26cc7d80a6a832?s=96&d=blank&r=g","caption":"ProClass Treinamentos"},"url":"https:\/\/proclass.com.br\/home\/author\/proclass\/"}]}},"_links":{"self":[{"href":"https:\/\/proclass.com.br\/home\/wp-json\/wp\/v2\/posts\/4969","targetHints":{"allow":["GET"]}}],"collection":[{"href":"https:\/\/proclass.com.br\/home\/wp-json\/wp\/v2\/posts"}],"about":[{"href":"https:\/\/proclass.com.br\/home\/wp-json\/wp\/v2\/types\/post"}],"author":[{"embeddable":true,"href":"https:\/\/proclass.com.br\/home\/wp-json\/wp\/v2\/users\/4"}],"replies":[{"embeddable":true,"href":"https:\/\/proclass.com.br\/home\/wp-json\/wp\/v2\/comments?post=4969"}],"version-history":[{"count":0,"href":"https:\/\/proclass.com.br\/home\/wp-json\/wp\/v2\/posts\/4969\/revisions"}],"wp:attachment":[{"href":"https:\/\/proclass.com.br\/home\/wp-json\/wp\/v2\/media?parent=4969"}],"wp:term":[{"taxonomy":"category","embeddable":true,"href":"https:\/\/proclass.com.br\/home\/wp-json\/wp\/v2\/categories?post=4969"},{"taxonomy":"post_tag","embeddable":true,"href":"https:\/\/proclass.com.br\/home\/wp-json\/wp\/v2\/tags?post=4969"}],"curies":[{"name":"wp","href":"https:\/\/api.w.org\/{rel}","templated":true}]}}