{"id":4946,"date":"2015-09-03T09:30:14","date_gmt":"2015-09-03T12:30:14","guid":{"rendered":"http:\/\/proclass.com.br\/home\/?p=4946"},"modified":"2015-09-04T09:28:08","modified_gmt":"2015-09-04T12:28:08","slug":"preferencias-do-pro-tools","status":"publish","type":"post","link":"https:\/\/proclass.com.br\/home\/2015\/09\/preferencias-do-pro-tools\/","title":{"rendered":"Prefer\u00eancias do Pro Tools"},"content":{"rendered":"<p><a href=\"http:\/\/proclass.com.br\/home\/wp-content\/uploads\/2015\/03\/logo_backstage.png\"><img decoding=\"async\" class=\"aligncenter wp-image-4341\" src=\"http:\/\/proclass.com.br\/home\/wp-content\/uploads\/2015\/03\/logo_backstage.png\" alt=\"logo_backstage\" width=\"364\" height=\"91\" srcset=\"https:\/\/proclass.com.br\/home\/wp-content\/uploads\/2015\/03\/logo_backstage.png 432w, https:\/\/proclass.com.br\/home\/wp-content\/uploads\/2015\/03\/logo_backstage-300x75.png 300w, https:\/\/proclass.com.br\/home\/wp-content\/uploads\/2015\/03\/logo_backstage-100x25.png 100w\" sizes=\"(max-width: 364px) 100vw, 364px\" \/><\/a><\/p>\n<p style=\"text-align: left;\">Artigo publicado na Backstage.\u00a0Para conhecer mais sobre a revista,\u00a0<a href=\"http:\/\/backstage.com.br\/\" target=\"_blank\">clique aqui.<\/a><\/p>\n<p style=\"text-align: left;\">Para saber mais sobre treinamentos e certifica\u00e7\u00f5es oficiais em Waves, Pro Tools, Sibelius ou outros treinamentos em \u00e1udio,\u00a0<a href=\"http:\/\/proclass.com.br\/home\/certificacoes\/waves\/waves-certification-program\/\" target=\"_blank\">clique aqui<\/a>.<\/p>\n<hr \/>\n<p class=\"p1\"><b>Op\u00e7\u00f5es que voc\u00ea precisa conhecer<\/b><\/p>\n<p class=\"p2\">O Pro Tools \u00e9 repleto de op\u00e7\u00f5es que n\u00e3o habilitadas de f\u00e1brica para facilitar o contato inicial do usu\u00e1rio, por\u00e9m, s\u00e3o bem-vindas nas m\u00e3os de usu\u00e1rios mais experientes.<\/p>\n<p class=\"p2\">Outras, que j\u00e1 vem habilitadas, s\u00e3o de extrema import\u00e2ncia conhecermos para garantir um bom funcionamento do Pro Tools. Neste artigo, vamos aprender mais sobre as principais prefer\u00eancias do sistema.<\/p>\n<p class=\"p2\"><b>Organiza\u00e7\u00e3o de plug-ins<\/b><\/p>\n<p class=\"p2\">Por padr\u00e3o, plug-ins s\u00e3o organizados de acordo com sua categoria. Eq, Dynamics, Reverb e assim por diante. \u00c9 um bom ponto de partida, mas para quem muitos plug-ins de outros fabricantes existe uma op\u00e7\u00e3o mais conveniente. Na aba &#8220;Display&#8221;, temos a op\u00e7\u00e3o &#8220;Organize plug-in menus by&#8221; (fig. 1) e alterando a op\u00e7\u00e3o para &#8220;Category &amp; Manufacturer&#8221; teremos uma lista organizada tamb\u00e9m pelo fabricante. (fig. 2).<\/p>\n<div id=\"attachment_5441\" style=\"width: 310px\" class=\"wp-caption aligncenter\"><a href=\"http:\/\/proclass.com.br\/home\/wp-content\/uploads\/2015\/09\/fig.-1-Organiza\u00e7\u00e3o-de-Plug-ins-e-Markers.png\"><img fetchpriority=\"high\" decoding=\"async\" aria-describedby=\"caption-attachment-5441\" class=\"wp-image-5441 size-medium\" src=\"http:\/\/proclass.com.br\/home\/wp-content\/uploads\/2015\/09\/fig.-1-Organiza\u00e7\u00e3o-de-Plug-ins-e-Markers-300x207.png\" alt=\"fig. 1 - Organiza\u00e7\u00e3o de Plug-ins e Markers\" width=\"300\" height=\"207\" srcset=\"https:\/\/proclass.com.br\/home\/wp-content\/uploads\/2015\/09\/fig.-1-Organiza\u00e7\u00e3o-de-Plug-ins-e-Markers-300x207.png 300w, https:\/\/proclass.com.br\/home\/wp-content\/uploads\/2015\/09\/fig.-1-Organiza\u00e7\u00e3o-de-Plug-ins-e-Markers.png 635w\" sizes=\"(max-width: 300px) 100vw, 300px\" \/><\/a><p id=\"caption-attachment-5441\" class=\"wp-caption-text\">fig. 1 &#8211; Organiza\u00e7\u00e3o de Plug-ins e Markers<\/p><\/div>\n<div id=\"attachment_5445\" style=\"width: 271px\" class=\"wp-caption aligncenter\"><a href=\"http:\/\/proclass.com.br\/home\/wp-content\/uploads\/2015\/09\/fig.-2-Lista-organizada-de-plug-ins.png\"><img decoding=\"async\" aria-describedby=\"caption-attachment-5445\" class=\"wp-image-5445 size-medium\" src=\"http:\/\/proclass.com.br\/home\/wp-content\/uploads\/2015\/09\/fig.-2-Lista-organizada-de-plug-ins-261x300.png\" alt=\"fig. 2 - Lista organizada de plug-ins\" width=\"261\" height=\"300\" srcset=\"https:\/\/proclass.com.br\/home\/wp-content\/uploads\/2015\/09\/fig.-2-Lista-organizada-de-plug-ins-261x300.png 261w, https:\/\/proclass.com.br\/home\/wp-content\/uploads\/2015\/09\/fig.-2-Lista-organizada-de-plug-ins.png 344w\" sizes=\"(max-width: 261px) 100vw, 261px\" \/><\/a><p id=\"caption-attachment-5445\" class=\"wp-caption-text\">fig. 2 &#8211; Lista organizada de plug-ins<\/p><\/div>\n<h3 class=\"p1\"><\/h3>\n<p><!--more--><\/p>\n<h3 class=\"p1\"><b>Colorindo Markers<\/b><\/h3>\n<p class=\"p2\">Marker \u00e9 uma ferramenta essencial num projeto que tem como premissa a organiza\u00e7\u00e3o da sess\u00e3o.<\/p>\n<p class=\"p2\">Ainda na figura 1, podemos habilita a fun\u00e7\u00e3o &#8220;Always Display Marker Colors&#8221;, e sua visualiza\u00e7\u00e3o torna-se melhor ainda, pois cada trecho apresentar\u00e1 uma cor diferente.<\/p>\n<h3 class=\"p1\"><b>Configurando tipos de Fade com Smart Tool<\/b><\/h3>\n<p class=\"p2\">Quando a com a fun\u00e7\u00e3o Smart Tool ativada (fig. 3), \u00e9 poss\u00edvel criar fade in, fade out ou crossfade tamente no clip se o mouse estiver no canto superior esquerdo, superior direito ou inferior esquerdo, respectivamente.<\/p>\n<div id=\"attachment_5444\" style=\"width: 277px\" class=\"wp-caption aligncenter\"><a href=\"http:\/\/proclass.com.br\/home\/wp-content\/uploads\/2015\/09\/fig.-3-Smart-Tool.png\"><img loading=\"lazy\" decoding=\"async\" aria-describedby=\"caption-attachment-5444\" class=\"wp-image-5444 size-full\" src=\"http:\/\/proclass.com.br\/home\/wp-content\/uploads\/2015\/09\/fig.-3-Smart-Tool.png\" alt=\"fig. 3 - Smart Tool\" width=\"267\" height=\"100\" \/><\/a><p id=\"caption-attachment-5444\" class=\"wp-caption-text\">fig. 3 &#8211; Smart Tool<\/p><\/div>\n<p class=\"p2\">Por\u00e9m, o padr\u00e3o do Pro Tools \u00e9 criar um fade linear (chamado tamb\u00e9m de &#8220;equal gain&#8221;), que quase nunca \u00e9 o ideal.<\/p>\n<p class=\"p2\">Na aba Editing podemos ajustar isso. Principalmente o crossfade, vale a pena alterar para a op\u00e7\u00e3o &#8220;equal power&#8221; (fig. 4).<\/p>\n<div id=\"attachment_5443\" style=\"width: 310px\" class=\"wp-caption aligncenter\"><a href=\"http:\/\/proclass.com.br\/home\/wp-content\/uploads\/2015\/09\/fig.-4-Crossfade-Equal-Power.png\"><img loading=\"lazy\" decoding=\"async\" aria-describedby=\"caption-attachment-5443\" class=\"size-medium wp-image-5443\" src=\"http:\/\/proclass.com.br\/home\/wp-content\/uploads\/2015\/09\/fig.-4-Crossfade-Equal-Power-300x282.png\" alt=\"fig. 4 - Crossfade Equal Power\" width=\"300\" height=\"282\" srcset=\"https:\/\/proclass.com.br\/home\/wp-content\/uploads\/2015\/09\/fig.-4-Crossfade-Equal-Power-300x282.png 300w, https:\/\/proclass.com.br\/home\/wp-content\/uploads\/2015\/09\/fig.-4-Crossfade-Equal-Power.png 552w\" sizes=\"(max-width: 300px) 100vw, 300px\" \/><\/a><p id=\"caption-attachment-5443\" class=\"wp-caption-text\">fig. 4 &#8211; Crossfade Equal Power<\/p><\/div>\n<h3 class=\"p1\"><b>Mantenha seu EQ e Compressor predileto por perto<\/b><\/h3>\n<p class=\"p2\">Para quem tem um equalizador e compressor predileto e que seja usado na maioria das situa\u00e7\u00f5es, \u00e9 bom deixa-lo mais acess\u00edvel. Na aba &#8220;Mixing&#8221; existe a op\u00e7\u00e3o &#8220;Default Eq&#8221; e &#8220;Default Dynamics&#8221;. Uma vez selecionado, eles estar\u00e3o logo no in\u00edcio da lista de plug-ins. (fig. 5).<\/p>\n<div id=\"attachment_5442\" style=\"width: 249px\" class=\"wp-caption aligncenter\"><a href=\"http:\/\/proclass.com.br\/home\/wp-content\/uploads\/2015\/09\/fig.-5-Eq-e-Comp-sempre-\u00e0-m\u00e3o.png\"><img loading=\"lazy\" decoding=\"async\" aria-describedby=\"caption-attachment-5442\" class=\"size-full wp-image-5442\" src=\"http:\/\/proclass.com.br\/home\/wp-content\/uploads\/2015\/09\/fig.-5-Eq-e-Comp-sempre-\u00e0-m\u00e3o.png\" alt=\"fig. 5 - Eq e Comp sempre \u00e0 m\u00e3o\" width=\"239\" height=\"242\" \/><\/a><p id=\"caption-attachment-5442\" class=\"wp-caption-text\">fig. 5 &#8211; Eq e Comp sempre \u00e0 m\u00e3o<\/p><\/div>\n<h3 class=\"p1\"><b>Suppress Automation &#8220;Write to&#8230;&#8221; Warnings<\/b><\/h3>\n<p class=\"p2\">Usu\u00e1rios do Pro Tools HD tem acesso a fun\u00e7\u00e3o manual write, que acelera e muito o processo de automa\u00e7\u00e3o.<\/p>\n<p class=\"p2\">O problema \u00e9 que por padr\u00e3o, o Pro Tools sempre vai enviar uma caixa de di\u00e1logo perguntando se voc\u00ea quer mesmo executar a fun\u00e7\u00e3o. Isto \u00e9 importante pois dependendo do contexto, este processo pode deletar toda a automa\u00e7\u00e3o que j\u00e1 foi escrita.<\/p>\n<p class=\"p2\">Depois de pegar experi\u00eancia com esta fun\u00e7\u00e3o, vale muito a pena desativar este aviso, j\u00e1 que ele se torna irrelevante dispersivo se voc\u00ea j\u00e1 domina bem a fun\u00e7\u00e3o.<\/p>\n<h3 class=\"p1\"><b>Garantindo uma c\u00f3pia no Audio Files<\/b><\/h3>\n<p class=\"p2\">Ao arrastar um \u00e1udio pelo Window explorer, Finder ou workspace, por padr\u00e3o, o \u00e1udio continua no local original e apenas um link \u00e9 feito no pro tools. A id\u00e9ia \u00e9 que o processo seja o mais r\u00e1pido poss\u00edvel.<\/p>\n<p class=\"p2\">Por\u00e9m esta n\u00e3o \u00e9 a op\u00e7\u00e3o mais segura. Como os arquivos n\u00e3o s\u00e3o copiados para a pasta audio files, se o usu\u00e1rio simplesmente copiar a pasta da sess\u00e3o num HD e tentar levar para outro Estudio por exemplo, ela estar\u00e1 incompleta e o pro tools ir\u00e1 acusar que arquivos est\u00e3o offline.<\/p>\n<p class=\"p2\">Por via das d\u00favidas, pode-se configurar o Pro Tools de outra forma, for\u00e7ando-o a sempre fazer uma c\u00f3pia do \u00e1udio na pasta Audio Files, e desta forma, todos os arquivos da sess\u00e3o estar\u00e3o sempre num local \u00fanico.<\/p>\n<p class=\"p2\">Para isso, na aba &#8220;Processing&#8221;, acione a op\u00e7\u00e3o &#8220;Automatically Copy Files on Import&#8221;.<\/p>\n<h3 class=\"p1\"><b>Backup Seguro<\/b><\/h3>\n<p class=\"p2\">Pela quest\u00e3o acima e muitas outras, recomenda-se usar o comando Save Copy In para fazer um backup, ao inv\u00e9s se simplesmente copiar a pasta da sess\u00e3o para seu HD de backup.<\/p>\n<h3 class=\"p1\"><b>O Elastic Audio nosso de cada dia<\/b><\/h3>\n<p class=\"p2\">Se voc\u00ea \u00e9 usu\u00e1rio frequente do Elastic Audio, recomenda-se ativar a fun\u00e7\u00e3o &#8220;Enable Elastic Audio on New Tracks&#8221;, localizada na aba &#8220;processing. Desta forma, todos os tracks novos de \u00e1udio j\u00e1 vem com Elastic Audio habilitado.<\/p>\n<h3 class=\"p1\"><b>Click nosso de cada dia<\/b><\/h3>\n<p class=\"p2\">A mesma coisa acontece com o click. Se o Pro Tools est\u00e1 sendo usado num ambiente de produ\u00e7\u00e3o musical, pode-se estipular para o Pro Tools criar sess\u00f5es novas j\u00e1 com o click track. Para isto, acesse a aba &#8220;MIDI&#8221; e habilite a fun\u00e7\u00e3o &#8220;Automatically Create Click Track in New Sessions&#8221;.<\/p>\n<p class=\"p2\">Sem d\u00favida existem muitas outras prefer\u00eancias que devem ser levadas em considera\u00e7\u00e3o. Recomendo investir um pouco do seu tempo de estudo por dia para tentar conhecer aos poucos mais prefer\u00eancias.<\/p>\n<p class=\"p2\">Abra\u00e7os, e at\u00e9 a pr\u00f3xima!<\/p>\n<hr \/>\n<p class=\"p2\"><i><a href=\"http:\/\/proclass.com.br\/home\/wp-content\/uploads\/2012\/08\/cris3x4-blog-proclass.jpg\"><img loading=\"lazy\" decoding=\"async\" class=\" size-full wp-image-1057 alignleft\" src=\"http:\/\/proclass.com.br\/home\/wp-content\/uploads\/2012\/08\/cris3x4-blog-proclass.jpg\" alt=\"cris3x4 blog proclass\" width=\"74\" height=\"99\" \/><\/a>\u00a0Cristiano Moura \u00e9 produtor musical e instrutor certificado da Avid. Atualmente leciona \u00a0cursos oficiais em Pro Tools, Waves, Sibelius e os treinamentos em mixagem na ProClass. \u00a0Por meio da ProClass, oferece consultoria, treinamentos customizados em todo o Brasil.<\/i><\/p>\n","protected":false},"excerpt":{"rendered":"<p>Artigo publicado na Backstage.\u00a0Para conhecer mais sobre a revista,\u00a0clique aqui. Para saber mais sobre treinamentos e certifica\u00e7\u00f5es oficiais em Waves, Pro Tools, Sibelius ou outros treinamentos em \u00e1udio,\u00a0clique aqui. Op\u00e7\u00f5es que voc\u00ea precisa conhecer O Pro Tools \u00e9 repleto de op\u00e7\u00f5es que n\u00e3o habilitadas de f\u00e1brica para facilitar o contato inicial do usu\u00e1rio, por\u00e9m, s\u00e3oContinue reading &rarr;<\/p>\n","protected":false},"author":4,"featured_media":0,"comment_status":"closed","ping_status":"closed","sticky":false,"template":"","format":"standard","meta":{"footnotes":""},"categories":[17,1,1000],"tags":[],"class_list":["post-4946","post","type-post","status-publish","format-standard","hentry","category-artigos","category-novidades","category-pro-tools-2","no-thumb"],"yoast_head":"<!-- This site is optimized with the Yoast SEO plugin v26.9 - https:\/\/yoast.com\/product\/yoast-seo-wordpress\/ -->\n<title>Prefer\u00eancias do Pro Tools - PROCLASS<\/title>\n<meta name=\"robots\" content=\"index, follow, max-snippet:-1, max-image-preview:large, max-video-preview:-1\" \/>\n<link rel=\"canonical\" href=\"https:\/\/proclass.com.br\/home\/2015\/09\/preferencias-do-pro-tools\/\" \/>\n<meta property=\"og:locale\" content=\"pt_BR\" \/>\n<meta property=\"og:type\" content=\"article\" \/>\n<meta property=\"og:title\" content=\"Prefer\u00eancias do Pro Tools - PROCLASS\" \/>\n<meta property=\"og:description\" content=\"Artigo publicado na Backstage.\u00a0Para conhecer mais sobre a revista,\u00a0clique aqui. Para saber mais sobre treinamentos e certifica\u00e7\u00f5es oficiais em Waves, Pro Tools, Sibelius ou outros treinamentos em \u00e1udio,\u00a0clique aqui. Op\u00e7\u00f5es que voc\u00ea precisa conhecer O Pro Tools \u00e9 repleto de op\u00e7\u00f5es que n\u00e3o habilitadas de f\u00e1brica para facilitar o contato inicial do usu\u00e1rio, por\u00e9m, s\u00e3oContinue reading &rarr;\" \/>\n<meta property=\"og:url\" content=\"https:\/\/proclass.com.br\/home\/2015\/09\/preferencias-do-pro-tools\/\" \/>\n<meta property=\"og:site_name\" content=\"PROCLASS\" \/>\n<meta property=\"article:published_time\" content=\"2015-09-03T12:30:14+00:00\" \/>\n<meta property=\"article:modified_time\" content=\"2015-09-04T12:28:08+00:00\" \/>\n<meta property=\"og:image\" content=\"https:\/\/proclass.com.br\/home\/wp-content\/uploads\/2015\/03\/logo_backstage.png\" \/>\n\t<meta property=\"og:image:width\" content=\"432\" \/>\n\t<meta property=\"og:image:height\" content=\"108\" \/>\n\t<meta property=\"og:image:type\" content=\"image\/png\" \/>\n<meta name=\"author\" content=\"ProClass Treinamentos\" \/>\n<meta name=\"twitter:card\" content=\"summary_large_image\" \/>\n<meta name=\"twitter:label1\" content=\"Escrito por\" \/>\n\t<meta name=\"twitter:data1\" content=\"ProClass Treinamentos\" \/>\n\t<meta name=\"twitter:label2\" content=\"Est. tempo de leitura\" \/>\n\t<meta name=\"twitter:data2\" content=\"5 minutos\" \/>\n<script type=\"application\/ld+json\" class=\"yoast-schema-graph\">{\"@context\":\"https:\/\/schema.org\",\"@graph\":[{\"@type\":\"Article\",\"@id\":\"https:\/\/proclass.com.br\/home\/2015\/09\/preferencias-do-pro-tools\/#article\",\"isPartOf\":{\"@id\":\"https:\/\/proclass.com.br\/home\/2015\/09\/preferencias-do-pro-tools\/\"},\"author\":{\"name\":\"ProClass Treinamentos\",\"@id\":\"https:\/\/proclass.com.br\/home\/#\/schema\/person\/f89e1eb93d5d32c0bb465c52f87f5a00\"},\"headline\":\"Prefer\u00eancias do Pro Tools\",\"datePublished\":\"2015-09-03T12:30:14+00:00\",\"dateModified\":\"2015-09-04T12:28:08+00:00\",\"mainEntityOfPage\":{\"@id\":\"https:\/\/proclass.com.br\/home\/2015\/09\/preferencias-do-pro-tools\/\"},\"wordCount\":915,\"publisher\":{\"@id\":\"https:\/\/proclass.com.br\/home\/#organization\"},\"image\":{\"@id\":\"https:\/\/proclass.com.br\/home\/2015\/09\/preferencias-do-pro-tools\/#primaryimage\"},\"thumbnailUrl\":\"http:\/\/proclass.com.br\/home\/wp-content\/uploads\/2015\/03\/logo_backstage.png\",\"articleSection\":[\"Artigos\",\"Novidades\",\"Pro Tools\"],\"inLanguage\":\"pt-BR\"},{\"@type\":\"WebPage\",\"@id\":\"https:\/\/proclass.com.br\/home\/2015\/09\/preferencias-do-pro-tools\/\",\"url\":\"https:\/\/proclass.com.br\/home\/2015\/09\/preferencias-do-pro-tools\/\",\"name\":\"Prefer\u00eancias do Pro Tools - PROCLASS\",\"isPartOf\":{\"@id\":\"https:\/\/proclass.com.br\/home\/#website\"},\"primaryImageOfPage\":{\"@id\":\"https:\/\/proclass.com.br\/home\/2015\/09\/preferencias-do-pro-tools\/#primaryimage\"},\"image\":{\"@id\":\"https:\/\/proclass.com.br\/home\/2015\/09\/preferencias-do-pro-tools\/#primaryimage\"},\"thumbnailUrl\":\"http:\/\/proclass.com.br\/home\/wp-content\/uploads\/2015\/03\/logo_backstage.png\",\"datePublished\":\"2015-09-03T12:30:14+00:00\",\"dateModified\":\"2015-09-04T12:28:08+00:00\",\"breadcrumb\":{\"@id\":\"https:\/\/proclass.com.br\/home\/2015\/09\/preferencias-do-pro-tools\/#breadcrumb\"},\"inLanguage\":\"pt-BR\",\"potentialAction\":[{\"@type\":\"ReadAction\",\"target\":[\"https:\/\/proclass.com.br\/home\/2015\/09\/preferencias-do-pro-tools\/\"]}]},{\"@type\":\"ImageObject\",\"inLanguage\":\"pt-BR\",\"@id\":\"https:\/\/proclass.com.br\/home\/2015\/09\/preferencias-do-pro-tools\/#primaryimage\",\"url\":\"http:\/\/proclass.com.br\/home\/wp-content\/uploads\/2015\/03\/logo_backstage.png\",\"contentUrl\":\"http:\/\/proclass.com.br\/home\/wp-content\/uploads\/2015\/03\/logo_backstage.png\"},{\"@type\":\"BreadcrumbList\",\"@id\":\"https:\/\/proclass.com.br\/home\/2015\/09\/preferencias-do-pro-tools\/#breadcrumb\",\"itemListElement\":[{\"@type\":\"ListItem\",\"position\":1,\"name\":\"In\u00edcio\",\"item\":\"https:\/\/proclass.com.br\/home\/\"},{\"@type\":\"ListItem\",\"position\":2,\"name\":\"Prefer\u00eancias do Pro Tools\"}]},{\"@type\":\"WebSite\",\"@id\":\"https:\/\/proclass.com.br\/home\/#website\",\"url\":\"https:\/\/proclass.com.br\/home\/\",\"name\":\"PROCLASS\",\"description\":\"CURSOS E TREINAMENTOS\",\"publisher\":{\"@id\":\"https:\/\/proclass.com.br\/home\/#organization\"},\"potentialAction\":[{\"@type\":\"SearchAction\",\"target\":{\"@type\":\"EntryPoint\",\"urlTemplate\":\"https:\/\/proclass.com.br\/home\/?s={search_term_string}\"},\"query-input\":{\"@type\":\"PropertyValueSpecification\",\"valueRequired\":true,\"valueName\":\"search_term_string\"}}],\"inLanguage\":\"pt-BR\"},{\"@type\":\"Organization\",\"@id\":\"https:\/\/proclass.com.br\/home\/#organization\",\"name\":\"PROCLASS\",\"url\":\"https:\/\/proclass.com.br\/home\/\",\"logo\":{\"@type\":\"ImageObject\",\"inLanguage\":\"pt-BR\",\"@id\":\"https:\/\/proclass.com.br\/home\/#\/schema\/logo\/image\/\",\"url\":\"https:\/\/proclass.com.br\/home\/wp-content\/uploads\/2023\/06\/CABECALHO-black_PROCLASS-2023.png\",\"contentUrl\":\"https:\/\/proclass.com.br\/home\/wp-content\/uploads\/2023\/06\/CABECALHO-black_PROCLASS-2023.png\",\"width\":2563,\"height\":911,\"caption\":\"PROCLASS\"},\"image\":{\"@id\":\"https:\/\/proclass.com.br\/home\/#\/schema\/logo\/image\/\"}},{\"@type\":\"Person\",\"@id\":\"https:\/\/proclass.com.br\/home\/#\/schema\/person\/f89e1eb93d5d32c0bb465c52f87f5a00\",\"name\":\"ProClass Treinamentos\",\"image\":{\"@type\":\"ImageObject\",\"inLanguage\":\"pt-BR\",\"@id\":\"https:\/\/proclass.com.br\/home\/#\/schema\/person\/image\/\",\"url\":\"https:\/\/secure.gravatar.com\/avatar\/3878d7a575c7ac355d2c778d5de04af08b7c5a7d9f19b2889f26cc7d80a6a832?s=96&d=blank&r=g\",\"contentUrl\":\"https:\/\/secure.gravatar.com\/avatar\/3878d7a575c7ac355d2c778d5de04af08b7c5a7d9f19b2889f26cc7d80a6a832?s=96&d=blank&r=g\",\"caption\":\"ProClass Treinamentos\"},\"url\":\"https:\/\/proclass.com.br\/home\/author\/proclass\/\"}]}<\/script>\n<!-- \/ Yoast SEO plugin. -->","yoast_head_json":{"title":"Prefer\u00eancias do Pro Tools - PROCLASS","robots":{"index":"index","follow":"follow","max-snippet":"max-snippet:-1","max-image-preview":"max-image-preview:large","max-video-preview":"max-video-preview:-1"},"canonical":"https:\/\/proclass.com.br\/home\/2015\/09\/preferencias-do-pro-tools\/","og_locale":"pt_BR","og_type":"article","og_title":"Prefer\u00eancias do Pro Tools - PROCLASS","og_description":"Artigo publicado na Backstage.\u00a0Para conhecer mais sobre a revista,\u00a0clique aqui. Para saber mais sobre treinamentos e certifica\u00e7\u00f5es oficiais em Waves, Pro Tools, Sibelius ou outros treinamentos em \u00e1udio,\u00a0clique aqui. Op\u00e7\u00f5es que voc\u00ea precisa conhecer O Pro Tools \u00e9 repleto de op\u00e7\u00f5es que n\u00e3o habilitadas de f\u00e1brica para facilitar o contato inicial do usu\u00e1rio, por\u00e9m, s\u00e3oContinue reading &rarr;","og_url":"https:\/\/proclass.com.br\/home\/2015\/09\/preferencias-do-pro-tools\/","og_site_name":"PROCLASS","article_published_time":"2015-09-03T12:30:14+00:00","article_modified_time":"2015-09-04T12:28:08+00:00","og_image":[{"width":432,"height":108,"url":"https:\/\/proclass.com.br\/home\/wp-content\/uploads\/2015\/03\/logo_backstage.png","type":"image\/png"}],"author":"ProClass Treinamentos","twitter_card":"summary_large_image","twitter_misc":{"Escrito por":"ProClass Treinamentos","Est. tempo de leitura":"5 minutos"},"schema":{"@context":"https:\/\/schema.org","@graph":[{"@type":"Article","@id":"https:\/\/proclass.com.br\/home\/2015\/09\/preferencias-do-pro-tools\/#article","isPartOf":{"@id":"https:\/\/proclass.com.br\/home\/2015\/09\/preferencias-do-pro-tools\/"},"author":{"name":"ProClass Treinamentos","@id":"https:\/\/proclass.com.br\/home\/#\/schema\/person\/f89e1eb93d5d32c0bb465c52f87f5a00"},"headline":"Prefer\u00eancias do Pro Tools","datePublished":"2015-09-03T12:30:14+00:00","dateModified":"2015-09-04T12:28:08+00:00","mainEntityOfPage":{"@id":"https:\/\/proclass.com.br\/home\/2015\/09\/preferencias-do-pro-tools\/"},"wordCount":915,"publisher":{"@id":"https:\/\/proclass.com.br\/home\/#organization"},"image":{"@id":"https:\/\/proclass.com.br\/home\/2015\/09\/preferencias-do-pro-tools\/#primaryimage"},"thumbnailUrl":"http:\/\/proclass.com.br\/home\/wp-content\/uploads\/2015\/03\/logo_backstage.png","articleSection":["Artigos","Novidades","Pro Tools"],"inLanguage":"pt-BR"},{"@type":"WebPage","@id":"https:\/\/proclass.com.br\/home\/2015\/09\/preferencias-do-pro-tools\/","url":"https:\/\/proclass.com.br\/home\/2015\/09\/preferencias-do-pro-tools\/","name":"Prefer\u00eancias do Pro Tools - PROCLASS","isPartOf":{"@id":"https:\/\/proclass.com.br\/home\/#website"},"primaryImageOfPage":{"@id":"https:\/\/proclass.com.br\/home\/2015\/09\/preferencias-do-pro-tools\/#primaryimage"},"image":{"@id":"https:\/\/proclass.com.br\/home\/2015\/09\/preferencias-do-pro-tools\/#primaryimage"},"thumbnailUrl":"http:\/\/proclass.com.br\/home\/wp-content\/uploads\/2015\/03\/logo_backstage.png","datePublished":"2015-09-03T12:30:14+00:00","dateModified":"2015-09-04T12:28:08+00:00","breadcrumb":{"@id":"https:\/\/proclass.com.br\/home\/2015\/09\/preferencias-do-pro-tools\/#breadcrumb"},"inLanguage":"pt-BR","potentialAction":[{"@type":"ReadAction","target":["https:\/\/proclass.com.br\/home\/2015\/09\/preferencias-do-pro-tools\/"]}]},{"@type":"ImageObject","inLanguage":"pt-BR","@id":"https:\/\/proclass.com.br\/home\/2015\/09\/preferencias-do-pro-tools\/#primaryimage","url":"http:\/\/proclass.com.br\/home\/wp-content\/uploads\/2015\/03\/logo_backstage.png","contentUrl":"http:\/\/proclass.com.br\/home\/wp-content\/uploads\/2015\/03\/logo_backstage.png"},{"@type":"BreadcrumbList","@id":"https:\/\/proclass.com.br\/home\/2015\/09\/preferencias-do-pro-tools\/#breadcrumb","itemListElement":[{"@type":"ListItem","position":1,"name":"In\u00edcio","item":"https:\/\/proclass.com.br\/home\/"},{"@type":"ListItem","position":2,"name":"Prefer\u00eancias do Pro Tools"}]},{"@type":"WebSite","@id":"https:\/\/proclass.com.br\/home\/#website","url":"https:\/\/proclass.com.br\/home\/","name":"PROCLASS","description":"CURSOS E TREINAMENTOS","publisher":{"@id":"https:\/\/proclass.com.br\/home\/#organization"},"potentialAction":[{"@type":"SearchAction","target":{"@type":"EntryPoint","urlTemplate":"https:\/\/proclass.com.br\/home\/?s={search_term_string}"},"query-input":{"@type":"PropertyValueSpecification","valueRequired":true,"valueName":"search_term_string"}}],"inLanguage":"pt-BR"},{"@type":"Organization","@id":"https:\/\/proclass.com.br\/home\/#organization","name":"PROCLASS","url":"https:\/\/proclass.com.br\/home\/","logo":{"@type":"ImageObject","inLanguage":"pt-BR","@id":"https:\/\/proclass.com.br\/home\/#\/schema\/logo\/image\/","url":"https:\/\/proclass.com.br\/home\/wp-content\/uploads\/2023\/06\/CABECALHO-black_PROCLASS-2023.png","contentUrl":"https:\/\/proclass.com.br\/home\/wp-content\/uploads\/2023\/06\/CABECALHO-black_PROCLASS-2023.png","width":2563,"height":911,"caption":"PROCLASS"},"image":{"@id":"https:\/\/proclass.com.br\/home\/#\/schema\/logo\/image\/"}},{"@type":"Person","@id":"https:\/\/proclass.com.br\/home\/#\/schema\/person\/f89e1eb93d5d32c0bb465c52f87f5a00","name":"ProClass Treinamentos","image":{"@type":"ImageObject","inLanguage":"pt-BR","@id":"https:\/\/proclass.com.br\/home\/#\/schema\/person\/image\/","url":"https:\/\/secure.gravatar.com\/avatar\/3878d7a575c7ac355d2c778d5de04af08b7c5a7d9f19b2889f26cc7d80a6a832?s=96&d=blank&r=g","contentUrl":"https:\/\/secure.gravatar.com\/avatar\/3878d7a575c7ac355d2c778d5de04af08b7c5a7d9f19b2889f26cc7d80a6a832?s=96&d=blank&r=g","caption":"ProClass Treinamentos"},"url":"https:\/\/proclass.com.br\/home\/author\/proclass\/"}]}},"_links":{"self":[{"href":"https:\/\/proclass.com.br\/home\/wp-json\/wp\/v2\/posts\/4946","targetHints":{"allow":["GET"]}}],"collection":[{"href":"https:\/\/proclass.com.br\/home\/wp-json\/wp\/v2\/posts"}],"about":[{"href":"https:\/\/proclass.com.br\/home\/wp-json\/wp\/v2\/types\/post"}],"author":[{"embeddable":true,"href":"https:\/\/proclass.com.br\/home\/wp-json\/wp\/v2\/users\/4"}],"replies":[{"embeddable":true,"href":"https:\/\/proclass.com.br\/home\/wp-json\/wp\/v2\/comments?post=4946"}],"version-history":[{"count":0,"href":"https:\/\/proclass.com.br\/home\/wp-json\/wp\/v2\/posts\/4946\/revisions"}],"wp:attachment":[{"href":"https:\/\/proclass.com.br\/home\/wp-json\/wp\/v2\/media?parent=4946"}],"wp:term":[{"taxonomy":"category","embeddable":true,"href":"https:\/\/proclass.com.br\/home\/wp-json\/wp\/v2\/categories?post=4946"},{"taxonomy":"post_tag","embeddable":true,"href":"https:\/\/proclass.com.br\/home\/wp-json\/wp\/v2\/tags?post=4946"}],"curies":[{"name":"wp","href":"https:\/\/api.w.org\/{rel}","templated":true}]}}