{"id":4886,"date":"2015-09-03T09:50:22","date_gmt":"2015-09-03T12:50:22","guid":{"rendered":"http:\/\/proclass.com.br\/home\/?p=4886"},"modified":"2017-01-02T15:14:17","modified_gmt":"2017-01-02T18:14:17","slug":"plug-ins-formatos-cores-e-modelos","status":"publish","type":"post","link":"https:\/\/proclass.com.br\/home\/2015\/09\/plug-ins-formatos-cores-e-modelos\/","title":{"rendered":"Plug-ins, formatos, cores e modelos\u2026"},"content":{"rendered":"<p><a href=\"http:\/\/proclass.com.br\/home\/wp-content\/uploads\/2015\/03\/logo_backstage.png\"><img decoding=\"async\" class=\"aligncenter wp-image-4341\" src=\"http:\/\/proclass.com.br\/home\/wp-content\/uploads\/2015\/03\/logo_backstage.png\" alt=\"logo_backstage\" width=\"364\" height=\"91\" srcset=\"https:\/\/proclass.com.br\/home\/wp-content\/uploads\/2015\/03\/logo_backstage.png 432w, https:\/\/proclass.com.br\/home\/wp-content\/uploads\/2015\/03\/logo_backstage-300x75.png 300w, https:\/\/proclass.com.br\/home\/wp-content\/uploads\/2015\/03\/logo_backstage-100x25.png 100w\" sizes=\"(max-width: 364px) 100vw, 364px\" \/><\/a><\/p>\n<p style=\"text-align: left;\">Artigo publicado na Backstage.\u00a0Para conhecer mais sobre a revista,\u00a0<a href=\"http:\/\/backstage.com.br\/\" target=\"_blank\">clique aqui.<\/a><\/p>\n<p style=\"text-align: left;\">Para saber mais sobre treinamentos e certifica\u00e7\u00f5es oficiais em Waves, Pro Tools, Sibelius ou outros treinamentos em \u00e1udio,\u00a0<a href=\"http:\/\/proclass.com.br\/home\/certificacoes\/waves\/waves-certification-program\/\" target=\"_blank\">clique aqui<\/a>.<\/p>\n<hr \/>\n<p class=\"p1\">Ol\u00e1 pessoal, Meu nome \u00e9 Cristiano Moura e imagino que alguns de voc\u00eas j\u00e1 tenha me visto na coluna sobre Sibelius. A partir deste m\u00eas, tamb\u00e9m estarei por aqui escrevendo sobre Pro Tools, que \u00e9 na realidade, ao lado do Sibelius, o principal software no meu fluxo de trabalho como produtor musical.<\/p>\n<h3 class=\"p2\"><b>Momento de transi\u00e7\u00e3o<\/b><\/h3>\n<p class=\"p1\">Desde a vers\u00e3o 8, o Pro Tools passa por modifica\u00e7\u00f5es consider\u00e1veis n\u00e3o apenas nas funcionalidades, mas na filosofia e estrutura de funcionamento do software.<\/p>\n<p class=\"p1\">A vers\u00e3o 8 foi a primeira a quebrar conceitos de que a interface deveria ser &#8220;intoc\u00e1vel&#8221;, permitindo ao usu\u00e1rio mudar ferramentas de lugar e colorir tracks por exemplo. Compare nas figuras 1 e 2, a diferen\u00e7a de visual da interface.<\/p>\n<div id=\"attachment_4889\" style=\"width: 310px\" class=\"wp-caption aligncenter\"><a href=\"http:\/\/proclass.com.br\/home\/wp-content\/uploads\/2015\/08\/fig.-1-pro-tools-7-interface.jpg\"><img fetchpriority=\"high\" decoding=\"async\" aria-describedby=\"caption-attachment-4889\" class=\"size-medium wp-image-4889\" src=\"http:\/\/proclass.com.br\/home\/wp-content\/uploads\/2015\/08\/fig.-1-pro-tools-7-interface-300x184.jpg\" alt=\"fig. 1 - pro tools 7 interface\" width=\"300\" height=\"184\" srcset=\"https:\/\/proclass.com.br\/home\/wp-content\/uploads\/2015\/08\/fig.-1-pro-tools-7-interface-300x184.jpg 300w, https:\/\/proclass.com.br\/home\/wp-content\/uploads\/2015\/08\/fig.-1-pro-tools-7-interface-1024x627.jpg 1024w, https:\/\/proclass.com.br\/home\/wp-content\/uploads\/2015\/08\/fig.-1-pro-tools-7-interface.jpg 1918w\" sizes=\"(max-width: 300px) 100vw, 300px\" \/><\/a><p id=\"caption-attachment-4889\" class=\"wp-caption-text\">fig. 1 &#8211; pro tools 7 interface<\/p><\/div>\n<div id=\"attachment_4888\" style=\"width: 310px\" class=\"wp-caption aligncenter\"><a href=\"http:\/\/proclass.com.br\/home\/wp-content\/uploads\/2015\/08\/fig.-2-pro-tools-8-interface.jpg\"><img decoding=\"async\" aria-describedby=\"caption-attachment-4888\" class=\"size-medium wp-image-4888\" src=\"http:\/\/proclass.com.br\/home\/wp-content\/uploads\/2015\/08\/fig.-2-pro-tools-8-interface-300x187.jpg\" alt=\"fig. 2 - pro tools 8 interface\" width=\"300\" height=\"187\" srcset=\"https:\/\/proclass.com.br\/home\/wp-content\/uploads\/2015\/08\/fig.-2-pro-tools-8-interface-300x187.jpg 300w, https:\/\/proclass.com.br\/home\/wp-content\/uploads\/2015\/08\/fig.-2-pro-tools-8-interface.jpg 900w\" sizes=\"(max-width: 300px) 100vw, 300px\" \/><\/a><p id=\"caption-attachment-4888\" class=\"wp-caption-text\">fig. 2 &#8211; pro tools 8 interface<\/p><\/div>\n<p>&nbsp;<\/p>\n<p class=\"p1\">A vers\u00e3o 9 foi um marco, pois at\u00e9 ent\u00e3o para se usar o Pro Tools era obrigado a ter um hardware da Avid, o que gerava uma grande frustra\u00e7\u00e3o do mercado. Nesta vers\u00e3o, esta limita\u00e7\u00e3o deixou de existir Ou seja, o hardware e software finalmente se separaram, e hoje \u00e9 poss\u00edvel comprar apenas o Pro Tools e rodar com qualquer interface e da mesma maneira, \u00e9 poss\u00edvel comprar o hardware da Avid para rodar com Cubase, Nuendo, Logic Pro, Sonar entre outros.<\/p>\n<p class=\"p1\"><!--more--><\/p>\n<h3 class=\"p2\"><b>AAX: um novo formato de plug-in<\/b><\/h3>\n<p class=\"p1\">Juntamente com a apresenta\u00e7\u00e3o do Pro Tools 10 (fig.3), a Avid deu um susto no mercado, informando sobre um &#8220;upgrade&#8221; no m\u00e9todo de programa\u00e7\u00e3o de seus plug-ins. Os formatos dispon\u00edveis at\u00e9 ent\u00e3o eram: Plug-ins RTAS (que utilizam processamento da CPU) e Plug-ins TDM (que utilizam processamento de chips DSP).<\/p>\n<div id=\"attachment_4890\" style=\"width: 297px\" class=\"wp-caption aligncenter\"><a href=\"http:\/\/proclass.com.br\/home\/wp-content\/uploads\/2015\/08\/fig.-3-pro-tools-10.jpg\"><img loading=\"lazy\" decoding=\"async\" aria-describedby=\"caption-attachment-4890\" class=\"size-medium wp-image-4890\" src=\"http:\/\/proclass.com.br\/home\/wp-content\/uploads\/2015\/08\/fig.-3-pro-tools-10-287x300.jpg\" alt=\"fig. 3 - pro tools 10\" width=\"287\" height=\"300\" srcset=\"https:\/\/proclass.com.br\/home\/wp-content\/uploads\/2015\/08\/fig.-3-pro-tools-10-287x300.jpg 287w, https:\/\/proclass.com.br\/home\/wp-content\/uploads\/2015\/08\/fig.-3-pro-tools-10-980x1024.jpg 980w, https:\/\/proclass.com.br\/home\/wp-content\/uploads\/2015\/08\/fig.-3-pro-tools-10.jpg 1499w\" sizes=\"(max-width: 287px) 100vw, 287px\" \/><\/a><p id=\"caption-attachment-4890\" class=\"wp-caption-text\">fig. 3 &#8211; pro tools 10<\/p><\/div>\n<p>&nbsp;<\/p>\n<p class=\"p1\">A partir do Pro Tools 10, o formato AAX (Audio Advanced Extension) foi apresentado. Este formato deve substituir o RTAS e TDM na pr\u00f3xima vers\u00e3o (Pro Tools 11) e foi substitu\u00eddo da seguinte forma: AAX Native entra no lugar do RTAS. J\u00e1 o AAX DSP entra no lugar do formato TDM. Para que esta substitui\u00e7\u00e3o seja gradativa, o Pro Tools 10 permite que o usu\u00e1rio use tanto os formatos antigos RTAS e TDM quanto os novos AAX.<\/p>\n<h3 class=\"p2\"><b>Pro Tools HDX e seus plug-ins<\/b><\/h3>\n<p class=\"p1\">Parece simples. Um formato novo chegou, e outro vai sair. Mas n\u00e3o \u00e9 bem assim. Junto com a substitui\u00e7\u00e3o dos formatos RTAS\/TDM pelo formato AAX, tamb\u00e9m foi anunciada a substiui\u00e7\u00e3o do sistema de grande porte Pro Tools|HD pelo sistema Pro Tools|HDX (fig.4).<\/p>\n<div id=\"attachment_4887\" style=\"width: 310px\" class=\"wp-caption aligncenter\"><a href=\"http:\/\/proclass.com.br\/home\/wp-content\/uploads\/2015\/08\/fig.-4-pro-tools-hdx.jpg\"><img loading=\"lazy\" decoding=\"async\" aria-describedby=\"caption-attachment-4887\" class=\"size-medium wp-image-4887\" src=\"http:\/\/proclass.com.br\/home\/wp-content\/uploads\/2015\/08\/fig.-4-pro-tools-hdx-300x176.jpg\" alt=\"fig. 4 - pro tools hdx\" width=\"300\" height=\"176\" srcset=\"https:\/\/proclass.com.br\/home\/wp-content\/uploads\/2015\/08\/fig.-4-pro-tools-hdx-300x176.jpg 300w, https:\/\/proclass.com.br\/home\/wp-content\/uploads\/2015\/08\/fig.-4-pro-tools-hdx.jpg 850w\" sizes=\"(max-width: 300px) 100vw, 300px\" \/><\/a><p id=\"caption-attachment-4887\" class=\"wp-caption-text\">fig. 4 &#8211; pro tools hdx<\/p><\/div>\n<p>&nbsp;<\/p>\n<p class=\"p1\">Este sistema novo \u00e9 repleto de vantagens. Tem uma arquitetura muito mais robusta, roda mais plug-ins, \u00e9 mais r\u00e1pido e tem tecnologia atualizada para prover futuros avan\u00e7os tecnol\u00f3gicos que n\u00e3o eram poss\u00edveis no Pro Tools|HD.<\/p>\n<p class=\"p1\">A desvantagem de toda evolu\u00e7\u00e3o em cima da arquitetura do Pro Tools|HD \u00e9 que a nova vers\u00e3o HDX n\u00e3o \u00e9 capaz de carregar plug-ins TDM. Ou seja, o usu\u00e1rio s\u00f3 poderia pensar num upgrade do sistema Pro Tools|HD para o Pro Tools|HDX se os plug-ins que ele costuma usar j\u00e1 tivessem sido convertidos para AAX DSP. Curiosamente, a Waves, que \u00e9 um dos principais fabricantes de plug-ins do mercado j\u00e1 se manifestou que n\u00e3o tem interesse em converter seus plug-ins de TDM para AAX DSP, o que gerou uma confus\u00e3o maior ainda.<\/p>\n<h3 class=\"p2\"><b>Conclus\u00e3o<\/b><\/h3>\n<p class=\"p1\">Na tabela (fig.5), fiz um resumo da compatibilidade de plug-ins at\u00e9 a vers\u00e3o 10. Para usu\u00e1rios de Pro Tools|HDX e futuros usu\u00e1rios de Pro Tools 11, \u00e9 importante confirmar se os plug-ins usados na sua rotina j\u00e1 possuem a vers\u00e3o AAX dispon\u00edvel. A lista atualizada pode ser encontrada atrav\u00e9s do link: http:\/\/www.avid.com\/US\/resources\/AAX-plug-in-compatibility<\/p>\n<p class=\"p1\">Abra\u00e7os e at\u00e9 a pr\u00f3xima<\/p>\n<hr \/>\n<p><i><a href=\"http:\/\/proclass.com.br\/home\/wp-content\/uploads\/2012\/08\/cris3x4-blog-proclass.jpg\"><img loading=\"lazy\" decoding=\"async\" class=\"alignleft wp-image-1057 size-full\" src=\"http:\/\/proclass.com.br\/home\/wp-content\/uploads\/2012\/08\/cris3x4-blog-proclass.jpg\" alt=\"cris3x4 blog proclass\" width=\"74\" height=\"99\" \/><\/a>Cristiano Moura \u00e9 produtor musical e instrutor certificado da Avid. Atualmente leciona cursos oficiais em Pro Tools, Waves, Sibelius e os treinamentos em mixagem na ProClass. Por meio da ProClass, oferece consultoria, treinamentos customizados em todo o Brasil.<\/i><\/p>\n","protected":false},"excerpt":{"rendered":"<p>Artigo publicado na Backstage.\u00a0Para conhecer mais sobre a revista,\u00a0clique aqui. Para saber mais sobre treinamentos e certifica\u00e7\u00f5es oficiais em Waves, Pro Tools, Sibelius ou outros treinamentos em \u00e1udio,\u00a0clique aqui. Ol\u00e1 pessoal, Meu nome \u00e9 Cristiano Moura e imagino que alguns de voc\u00eas j\u00e1 tenha me visto na coluna sobre Sibelius. A partir deste m\u00eas, tamb\u00e9mContinue reading &rarr;<\/p>\n","protected":false},"author":4,"featured_media":4014,"comment_status":"closed","ping_status":"closed","sticky":false,"template":"","format":"standard","meta":{"footnotes":""},"categories":[17,1,1000],"tags":[],"class_list":["post-4886","post","type-post","status-publish","format-standard","has-post-thumbnail","hentry","category-artigos","category-novidades","category-pro-tools-2","has-thumb"],"yoast_head":"<!-- This site is optimized with the Yoast SEO plugin v26.9 - https:\/\/yoast.com\/product\/yoast-seo-wordpress\/ -->\n<title>Plug-ins, formatos, cores e modelos\u2026 - PROCLASS<\/title>\n<meta name=\"robots\" content=\"index, follow, max-snippet:-1, max-image-preview:large, max-video-preview:-1\" \/>\n<link rel=\"canonical\" href=\"https:\/\/proclass.com.br\/home\/2015\/09\/plug-ins-formatos-cores-e-modelos\/\" \/>\n<meta property=\"og:locale\" content=\"pt_BR\" \/>\n<meta property=\"og:type\" content=\"article\" \/>\n<meta property=\"og:title\" content=\"Plug-ins, formatos, cores e modelos\u2026 - PROCLASS\" \/>\n<meta property=\"og:description\" content=\"Artigo publicado na Backstage.\u00a0Para conhecer mais sobre a revista,\u00a0clique aqui. Para saber mais sobre treinamentos e certifica\u00e7\u00f5es oficiais em Waves, Pro Tools, Sibelius ou outros treinamentos em \u00e1udio,\u00a0clique aqui. Ol\u00e1 pessoal, Meu nome \u00e9 Cristiano Moura e imagino que alguns de voc\u00eas j\u00e1 tenha me visto na coluna sobre Sibelius. A partir deste m\u00eas, tamb\u00e9mContinue reading &rarr;\" \/>\n<meta property=\"og:url\" content=\"https:\/\/proclass.com.br\/home\/2015\/09\/plug-ins-formatos-cores-e-modelos\/\" \/>\n<meta property=\"og:site_name\" content=\"PROCLASS\" \/>\n<meta property=\"article:published_time\" content=\"2015-09-03T12:50:22+00:00\" \/>\n<meta property=\"article:modified_time\" content=\"2017-01-02T18:14:17+00:00\" \/>\n<meta property=\"og:image\" content=\"https:\/\/proclass.com.br\/home\/wp-content\/uploads\/2015\/02\/fig.-1-plugins.jpg\" \/>\n\t<meta property=\"og:image:width\" content=\"999\" \/>\n\t<meta property=\"og:image:height\" content=\"999\" \/>\n\t<meta property=\"og:image:type\" content=\"image\/jpeg\" \/>\n<meta name=\"author\" content=\"ProClass Treinamentos\" \/>\n<meta name=\"twitter:card\" content=\"summary_large_image\" \/>\n<meta name=\"twitter:label1\" content=\"Escrito por\" \/>\n\t<meta name=\"twitter:data1\" content=\"ProClass Treinamentos\" \/>\n\t<meta name=\"twitter:label2\" content=\"Est. tempo de leitura\" \/>\n\t<meta name=\"twitter:data2\" content=\"4 minutos\" \/>\n<script type=\"application\/ld+json\" class=\"yoast-schema-graph\">{\"@context\":\"https:\/\/schema.org\",\"@graph\":[{\"@type\":\"Article\",\"@id\":\"https:\/\/proclass.com.br\/home\/2015\/09\/plug-ins-formatos-cores-e-modelos\/#article\",\"isPartOf\":{\"@id\":\"https:\/\/proclass.com.br\/home\/2015\/09\/plug-ins-formatos-cores-e-modelos\/\"},\"author\":{\"name\":\"ProClass Treinamentos\",\"@id\":\"https:\/\/proclass.com.br\/home\/#\/schema\/person\/f89e1eb93d5d32c0bb465c52f87f5a00\"},\"headline\":\"Plug-ins, formatos, cores e modelos\u2026\",\"datePublished\":\"2015-09-03T12:50:22+00:00\",\"dateModified\":\"2017-01-02T18:14:17+00:00\",\"mainEntityOfPage\":{\"@id\":\"https:\/\/proclass.com.br\/home\/2015\/09\/plug-ins-formatos-cores-e-modelos\/\"},\"wordCount\":736,\"publisher\":{\"@id\":\"https:\/\/proclass.com.br\/home\/#organization\"},\"image\":{\"@id\":\"https:\/\/proclass.com.br\/home\/2015\/09\/plug-ins-formatos-cores-e-modelos\/#primaryimage\"},\"thumbnailUrl\":\"https:\/\/proclass.com.br\/home\/wp-content\/uploads\/2015\/02\/fig.-1-plugins.jpg\",\"articleSection\":[\"Artigos\",\"Novidades\",\"Pro Tools\"],\"inLanguage\":\"pt-BR\"},{\"@type\":\"WebPage\",\"@id\":\"https:\/\/proclass.com.br\/home\/2015\/09\/plug-ins-formatos-cores-e-modelos\/\",\"url\":\"https:\/\/proclass.com.br\/home\/2015\/09\/plug-ins-formatos-cores-e-modelos\/\",\"name\":\"Plug-ins, formatos, cores e modelos\u2026 - PROCLASS\",\"isPartOf\":{\"@id\":\"https:\/\/proclass.com.br\/home\/#website\"},\"primaryImageOfPage\":{\"@id\":\"https:\/\/proclass.com.br\/home\/2015\/09\/plug-ins-formatos-cores-e-modelos\/#primaryimage\"},\"image\":{\"@id\":\"https:\/\/proclass.com.br\/home\/2015\/09\/plug-ins-formatos-cores-e-modelos\/#primaryimage\"},\"thumbnailUrl\":\"https:\/\/proclass.com.br\/home\/wp-content\/uploads\/2015\/02\/fig.-1-plugins.jpg\",\"datePublished\":\"2015-09-03T12:50:22+00:00\",\"dateModified\":\"2017-01-02T18:14:17+00:00\",\"breadcrumb\":{\"@id\":\"https:\/\/proclass.com.br\/home\/2015\/09\/plug-ins-formatos-cores-e-modelos\/#breadcrumb\"},\"inLanguage\":\"pt-BR\",\"potentialAction\":[{\"@type\":\"ReadAction\",\"target\":[\"https:\/\/proclass.com.br\/home\/2015\/09\/plug-ins-formatos-cores-e-modelos\/\"]}]},{\"@type\":\"ImageObject\",\"inLanguage\":\"pt-BR\",\"@id\":\"https:\/\/proclass.com.br\/home\/2015\/09\/plug-ins-formatos-cores-e-modelos\/#primaryimage\",\"url\":\"https:\/\/proclass.com.br\/home\/wp-content\/uploads\/2015\/02\/fig.-1-plugins.jpg\",\"contentUrl\":\"https:\/\/proclass.com.br\/home\/wp-content\/uploads\/2015\/02\/fig.-1-plugins.jpg\",\"width\":999,\"height\":999,\"caption\":\"fig. 1 - plugins\"},{\"@type\":\"BreadcrumbList\",\"@id\":\"https:\/\/proclass.com.br\/home\/2015\/09\/plug-ins-formatos-cores-e-modelos\/#breadcrumb\",\"itemListElement\":[{\"@type\":\"ListItem\",\"position\":1,\"name\":\"In\u00edcio\",\"item\":\"https:\/\/proclass.com.br\/home\/\"},{\"@type\":\"ListItem\",\"position\":2,\"name\":\"Plug-ins, formatos, cores e modelos\u2026\"}]},{\"@type\":\"WebSite\",\"@id\":\"https:\/\/proclass.com.br\/home\/#website\",\"url\":\"https:\/\/proclass.com.br\/home\/\",\"name\":\"PROCLASS\",\"description\":\"CURSOS E TREINAMENTOS\",\"publisher\":{\"@id\":\"https:\/\/proclass.com.br\/home\/#organization\"},\"potentialAction\":[{\"@type\":\"SearchAction\",\"target\":{\"@type\":\"EntryPoint\",\"urlTemplate\":\"https:\/\/proclass.com.br\/home\/?s={search_term_string}\"},\"query-input\":{\"@type\":\"PropertyValueSpecification\",\"valueRequired\":true,\"valueName\":\"search_term_string\"}}],\"inLanguage\":\"pt-BR\"},{\"@type\":\"Organization\",\"@id\":\"https:\/\/proclass.com.br\/home\/#organization\",\"name\":\"PROCLASS\",\"url\":\"https:\/\/proclass.com.br\/home\/\",\"logo\":{\"@type\":\"ImageObject\",\"inLanguage\":\"pt-BR\",\"@id\":\"https:\/\/proclass.com.br\/home\/#\/schema\/logo\/image\/\",\"url\":\"https:\/\/proclass.com.br\/home\/wp-content\/uploads\/2023\/06\/CABECALHO-black_PROCLASS-2023.png\",\"contentUrl\":\"https:\/\/proclass.com.br\/home\/wp-content\/uploads\/2023\/06\/CABECALHO-black_PROCLASS-2023.png\",\"width\":2563,\"height\":911,\"caption\":\"PROCLASS\"},\"image\":{\"@id\":\"https:\/\/proclass.com.br\/home\/#\/schema\/logo\/image\/\"}},{\"@type\":\"Person\",\"@id\":\"https:\/\/proclass.com.br\/home\/#\/schema\/person\/f89e1eb93d5d32c0bb465c52f87f5a00\",\"name\":\"ProClass Treinamentos\",\"image\":{\"@type\":\"ImageObject\",\"inLanguage\":\"pt-BR\",\"@id\":\"https:\/\/proclass.com.br\/home\/#\/schema\/person\/image\/\",\"url\":\"https:\/\/secure.gravatar.com\/avatar\/3878d7a575c7ac355d2c778d5de04af08b7c5a7d9f19b2889f26cc7d80a6a832?s=96&d=blank&r=g\",\"contentUrl\":\"https:\/\/secure.gravatar.com\/avatar\/3878d7a575c7ac355d2c778d5de04af08b7c5a7d9f19b2889f26cc7d80a6a832?s=96&d=blank&r=g\",\"caption\":\"ProClass Treinamentos\"},\"url\":\"https:\/\/proclass.com.br\/home\/author\/proclass\/\"}]}<\/script>\n<!-- \/ Yoast SEO plugin. -->","yoast_head_json":{"title":"Plug-ins, formatos, cores e modelos\u2026 - PROCLASS","robots":{"index":"index","follow":"follow","max-snippet":"max-snippet:-1","max-image-preview":"max-image-preview:large","max-video-preview":"max-video-preview:-1"},"canonical":"https:\/\/proclass.com.br\/home\/2015\/09\/plug-ins-formatos-cores-e-modelos\/","og_locale":"pt_BR","og_type":"article","og_title":"Plug-ins, formatos, cores e modelos\u2026 - PROCLASS","og_description":"Artigo publicado na Backstage.\u00a0Para conhecer mais sobre a revista,\u00a0clique aqui. Para saber mais sobre treinamentos e certifica\u00e7\u00f5es oficiais em Waves, Pro Tools, Sibelius ou outros treinamentos em \u00e1udio,\u00a0clique aqui. Ol\u00e1 pessoal, Meu nome \u00e9 Cristiano Moura e imagino que alguns de voc\u00eas j\u00e1 tenha me visto na coluna sobre Sibelius. A partir deste m\u00eas, tamb\u00e9mContinue reading &rarr;","og_url":"https:\/\/proclass.com.br\/home\/2015\/09\/plug-ins-formatos-cores-e-modelos\/","og_site_name":"PROCLASS","article_published_time":"2015-09-03T12:50:22+00:00","article_modified_time":"2017-01-02T18:14:17+00:00","og_image":[{"width":999,"height":999,"url":"https:\/\/proclass.com.br\/home\/wp-content\/uploads\/2015\/02\/fig.-1-plugins.jpg","type":"image\/jpeg"}],"author":"ProClass Treinamentos","twitter_card":"summary_large_image","twitter_misc":{"Escrito por":"ProClass Treinamentos","Est. tempo de leitura":"4 minutos"},"schema":{"@context":"https:\/\/schema.org","@graph":[{"@type":"Article","@id":"https:\/\/proclass.com.br\/home\/2015\/09\/plug-ins-formatos-cores-e-modelos\/#article","isPartOf":{"@id":"https:\/\/proclass.com.br\/home\/2015\/09\/plug-ins-formatos-cores-e-modelos\/"},"author":{"name":"ProClass Treinamentos","@id":"https:\/\/proclass.com.br\/home\/#\/schema\/person\/f89e1eb93d5d32c0bb465c52f87f5a00"},"headline":"Plug-ins, formatos, cores e modelos\u2026","datePublished":"2015-09-03T12:50:22+00:00","dateModified":"2017-01-02T18:14:17+00:00","mainEntityOfPage":{"@id":"https:\/\/proclass.com.br\/home\/2015\/09\/plug-ins-formatos-cores-e-modelos\/"},"wordCount":736,"publisher":{"@id":"https:\/\/proclass.com.br\/home\/#organization"},"image":{"@id":"https:\/\/proclass.com.br\/home\/2015\/09\/plug-ins-formatos-cores-e-modelos\/#primaryimage"},"thumbnailUrl":"https:\/\/proclass.com.br\/home\/wp-content\/uploads\/2015\/02\/fig.-1-plugins.jpg","articleSection":["Artigos","Novidades","Pro Tools"],"inLanguage":"pt-BR"},{"@type":"WebPage","@id":"https:\/\/proclass.com.br\/home\/2015\/09\/plug-ins-formatos-cores-e-modelos\/","url":"https:\/\/proclass.com.br\/home\/2015\/09\/plug-ins-formatos-cores-e-modelos\/","name":"Plug-ins, formatos, cores e modelos\u2026 - PROCLASS","isPartOf":{"@id":"https:\/\/proclass.com.br\/home\/#website"},"primaryImageOfPage":{"@id":"https:\/\/proclass.com.br\/home\/2015\/09\/plug-ins-formatos-cores-e-modelos\/#primaryimage"},"image":{"@id":"https:\/\/proclass.com.br\/home\/2015\/09\/plug-ins-formatos-cores-e-modelos\/#primaryimage"},"thumbnailUrl":"https:\/\/proclass.com.br\/home\/wp-content\/uploads\/2015\/02\/fig.-1-plugins.jpg","datePublished":"2015-09-03T12:50:22+00:00","dateModified":"2017-01-02T18:14:17+00:00","breadcrumb":{"@id":"https:\/\/proclass.com.br\/home\/2015\/09\/plug-ins-formatos-cores-e-modelos\/#breadcrumb"},"inLanguage":"pt-BR","potentialAction":[{"@type":"ReadAction","target":["https:\/\/proclass.com.br\/home\/2015\/09\/plug-ins-formatos-cores-e-modelos\/"]}]},{"@type":"ImageObject","inLanguage":"pt-BR","@id":"https:\/\/proclass.com.br\/home\/2015\/09\/plug-ins-formatos-cores-e-modelos\/#primaryimage","url":"https:\/\/proclass.com.br\/home\/wp-content\/uploads\/2015\/02\/fig.-1-plugins.jpg","contentUrl":"https:\/\/proclass.com.br\/home\/wp-content\/uploads\/2015\/02\/fig.-1-plugins.jpg","width":999,"height":999,"caption":"fig. 1 - plugins"},{"@type":"BreadcrumbList","@id":"https:\/\/proclass.com.br\/home\/2015\/09\/plug-ins-formatos-cores-e-modelos\/#breadcrumb","itemListElement":[{"@type":"ListItem","position":1,"name":"In\u00edcio","item":"https:\/\/proclass.com.br\/home\/"},{"@type":"ListItem","position":2,"name":"Plug-ins, formatos, cores e modelos\u2026"}]},{"@type":"WebSite","@id":"https:\/\/proclass.com.br\/home\/#website","url":"https:\/\/proclass.com.br\/home\/","name":"PROCLASS","description":"CURSOS E TREINAMENTOS","publisher":{"@id":"https:\/\/proclass.com.br\/home\/#organization"},"potentialAction":[{"@type":"SearchAction","target":{"@type":"EntryPoint","urlTemplate":"https:\/\/proclass.com.br\/home\/?s={search_term_string}"},"query-input":{"@type":"PropertyValueSpecification","valueRequired":true,"valueName":"search_term_string"}}],"inLanguage":"pt-BR"},{"@type":"Organization","@id":"https:\/\/proclass.com.br\/home\/#organization","name":"PROCLASS","url":"https:\/\/proclass.com.br\/home\/","logo":{"@type":"ImageObject","inLanguage":"pt-BR","@id":"https:\/\/proclass.com.br\/home\/#\/schema\/logo\/image\/","url":"https:\/\/proclass.com.br\/home\/wp-content\/uploads\/2023\/06\/CABECALHO-black_PROCLASS-2023.png","contentUrl":"https:\/\/proclass.com.br\/home\/wp-content\/uploads\/2023\/06\/CABECALHO-black_PROCLASS-2023.png","width":2563,"height":911,"caption":"PROCLASS"},"image":{"@id":"https:\/\/proclass.com.br\/home\/#\/schema\/logo\/image\/"}},{"@type":"Person","@id":"https:\/\/proclass.com.br\/home\/#\/schema\/person\/f89e1eb93d5d32c0bb465c52f87f5a00","name":"ProClass Treinamentos","image":{"@type":"ImageObject","inLanguage":"pt-BR","@id":"https:\/\/proclass.com.br\/home\/#\/schema\/person\/image\/","url":"https:\/\/secure.gravatar.com\/avatar\/3878d7a575c7ac355d2c778d5de04af08b7c5a7d9f19b2889f26cc7d80a6a832?s=96&d=blank&r=g","contentUrl":"https:\/\/secure.gravatar.com\/avatar\/3878d7a575c7ac355d2c778d5de04af08b7c5a7d9f19b2889f26cc7d80a6a832?s=96&d=blank&r=g","caption":"ProClass Treinamentos"},"url":"https:\/\/proclass.com.br\/home\/author\/proclass\/"}]}},"_links":{"self":[{"href":"https:\/\/proclass.com.br\/home\/wp-json\/wp\/v2\/posts\/4886","targetHints":{"allow":["GET"]}}],"collection":[{"href":"https:\/\/proclass.com.br\/home\/wp-json\/wp\/v2\/posts"}],"about":[{"href":"https:\/\/proclass.com.br\/home\/wp-json\/wp\/v2\/types\/post"}],"author":[{"embeddable":true,"href":"https:\/\/proclass.com.br\/home\/wp-json\/wp\/v2\/users\/4"}],"replies":[{"embeddable":true,"href":"https:\/\/proclass.com.br\/home\/wp-json\/wp\/v2\/comments?post=4886"}],"version-history":[{"count":0,"href":"https:\/\/proclass.com.br\/home\/wp-json\/wp\/v2\/posts\/4886\/revisions"}],"wp:featuredmedia":[{"embeddable":true,"href":"https:\/\/proclass.com.br\/home\/wp-json\/wp\/v2\/media\/4014"}],"wp:attachment":[{"href":"https:\/\/proclass.com.br\/home\/wp-json\/wp\/v2\/media?parent=4886"}],"wp:term":[{"taxonomy":"category","embeddable":true,"href":"https:\/\/proclass.com.br\/home\/wp-json\/wp\/v2\/categories?post=4886"},{"taxonomy":"post_tag","embeddable":true,"href":"https:\/\/proclass.com.br\/home\/wp-json\/wp\/v2\/tags?post=4886"}],"curies":[{"name":"wp","href":"https:\/\/api.w.org\/{rel}","templated":true}]}}