{"id":457,"date":"2012-06-14T13:38:07","date_gmt":"2012-06-14T16:38:07","guid":{"rendered":"http:\/\/proclass.com.br\/home\/?p=457"},"modified":"2012-08-23T22:43:23","modified_gmt":"2012-08-24T01:43:23","slug":"logic-pro-9-nivel-2","status":"publish","type":"post","link":"https:\/\/proclass.com.br\/home\/2012\/06\/logic-pro-9-nivel-2\/","title":{"rendered":"Logic Pro 9 \u2013 N\u00edvel 2!"},"content":{"rendered":"<p style=\"text-align: justify;\">Em 2012, a ProClass iniciou seus <strong>cursos de<\/strong>\u00a0<strong>Logic Pro<\/strong>, ministrados por <a href=\"http:\/\/proclass.com.br\/wordpress\/colaboradores\/leo\/\" target=\"_blank\">Leo da Silva<\/a>, renomado instrutor\/produtor que atua no mercado americano realizando treinamentos especializados em produtos Apple.<\/p>\n<p style=\"text-align: justify;\">Em abril, o curso\u00a0<strong>Logic Pro \u2013 N\u00edvel 1 foi sucesso absoluto\u00a0<\/strong>e seu conte\u00fado, apesar de abordar temas fundamentais, n\u00e3o pode ser categorizado em um n\u00edvel b\u00e1sico de conhecimento.<strong>Os exerc\u00edcios e din\u00e2micas v\u00e3o desde o processo da cria\u00e7\u00e3o at\u00e9 a finaliza\u00e7\u00e3o de um projeto de \u00e1udio<\/strong>. O curso tamb\u00e9m\u00a0prepara\u00a0o estudante para prestar o exame de certifica\u00e7\u00e3o Apple e ser tornar um \u201cApple Certified Pro \u2013 Level one\u201d.<!--more--><\/p>\n<p style=\"text-align: justify;\">obs.: o exame s\u00f3 pode ser realizado em um centro de treinamentos autorizado Apple.<\/p>\n<h1 style=\"text-align: justify;\"><img fetchpriority=\"high\" decoding=\"async\" class=\"size-full wp-image-459 alignleft\" src=\"http:\/\/proclass.com.br\/home\/wp-content\/uploads\/2012\/08\/novolpro2.png\" alt=\"\" width=\"295\" height=\"192\" \/>*novo* Logic Pro \u2013 n\u00edvel 2<\/h1>\n<p style=\"text-align: justify;\"><a href=\"http:\/\/proclass.com.br\/wordpress\/cursos\/logic-pro-nivel-2\/\" target=\"_blank\">conhe\u00e7a mais detalhes sobre o cursos clicando aqui.<\/a><\/p>\n<p style=\"text-align: justify;\">Agora, no segundo semestre de 2012, a ProClass passou a oferecer um\u00a0<strong>treinamento avan\u00e7ado em Logic Pro<\/strong>, voltado a qualquer usu\u00e1rio que j\u00e1 possui alguma experi\u00eancia com o software e que representa tamb\u00e9m uma continuidade para aqueles que j\u00e1 conclu\u00edram o n\u00edvel 1 buscam dominar recursos avan\u00e7ados do software.<\/p>\n<p style=\"text-align: justify;\">O curso\u00a0<strong>Logic Pro \u2013 N\u00edvel 2\u00a0<\/strong>tem conte\u00fado que aborda situa\u00e7\u00f5es cr\u00edticas de utiliza\u00e7\u00e3o do software em temas como edi\u00e7\u00e3o avan\u00e7ada, mixagem e MIDI.\u00a0<strong>Dificuldades frequentes na utiliza\u00e7\u00e3o do software<\/strong>\u00a0e funcionalidades importantes n\u00e3o t\u00e3o conhecidas do usu\u00e1rio comum tamb\u00e9m fazem parte do<strong>\u00a0<\/strong>di\u00e1logo estabelecido no processo de aprendizagem proposto. Desse modo, o treinamento tem como principal objetivo dar as ferramentas necess\u00e1rias para o<strong>profissional dominar o software com a destreza de quem n\u00e3o precisa se preocupar com a t\u00e9cnica para atingir resultados criativos de alto grau de qualidade<\/strong>. Al\u00e9m disso, o curso\u00a0prepara\u00a0o estudante para prestar o exame de certifica\u00e7\u00e3o Apple e ser tornar um \u201cApple Certified Pro \u2013 Level two\u201d.<\/p>\n<p style=\"text-align: justify;\">obs.: o exame s\u00f3 pode ser realizado em um centro de treinamentos autorizado Apple.<\/p>\n<h1 style=\"text-align: justify;\">Data:<\/h1>\n<h3 style=\"text-align: justify;\">Logic Pro n\u00edvel 1 \u2013 9, 10 e 11 de julho de 9 \u00e0s 17h<\/h3>\n<h3 style=\"text-align: justify;\">Logic Pro n\u00edvel 2 \u2013 12, 13 e 14 de julho de 9 \u00e0s 17h<\/h3>\n<p><img decoding=\"async\" class=\"wp-image-460 aligncenter\" src=\"http:\/\/proclass.com.br\/home\/wp-content\/uploads\/2012\/08\/novolpronews.jpg\" alt=\"\" width=\"573\" height=\"349\" srcset=\"https:\/\/proclass.com.br\/home\/wp-content\/uploads\/2012\/08\/novolpronews.jpg 819w, https:\/\/proclass.com.br\/home\/wp-content\/uploads\/2012\/08\/novolpronews-300x182.jpg 300w\" sizes=\"(max-width: 573px) 100vw, 573px\" \/><\/p>\n<p style=\"text-align: justify;\">\n","protected":false},"excerpt":{"rendered":"<p>Em 2012, a ProClass iniciou seus cursos de\u00a0Logic Pro, ministrados por Leo da Silva, renomado instrutor\/produtor que atua no mercado americano realizando treinamentos especializados em produtos Apple. Em abril, o curso\u00a0Logic Pro \u2013 N\u00edvel 1 foi sucesso absoluto\u00a0e seu conte\u00fado, apesar de abordar temas fundamentais, n\u00e3o pode ser categorizado em um n\u00edvel b\u00e1sico de conhecimento.OsContinue reading &rarr;<\/p>\n","protected":false},"author":4,"featured_media":458,"comment_status":"open","ping_status":"open","sticky":false,"template":"","format":"standard","meta":{"footnotes":""},"categories":[13],"tags":[59,73,66,72,71,74,69,67,68,29],"class_list":["post-457","post","type-post","status-publish","format-standard","has-post-thumbnail","hentry","category-noticias","tag-aprendizagem","tag-buscam","tag-conte","tag-da-silva","tag-de-quem","tag-desse","tag-destreza","tag-fado","tag-logic-pro","tag-tamb","has-thumb"],"yoast_head":"<!-- This site is optimized with the Yoast SEO plugin v26.9 - https:\/\/yoast.com\/product\/yoast-seo-wordpress\/ -->\n<title>Logic Pro 9 \u2013 N\u00edvel 2! - PROCLASS<\/title>\n<meta name=\"robots\" content=\"index, follow, max-snippet:-1, max-image-preview:large, max-video-preview:-1\" \/>\n<link rel=\"canonical\" href=\"https:\/\/proclass.com.br\/home\/2012\/06\/logic-pro-9-nivel-2\/\" \/>\n<meta property=\"og:locale\" content=\"pt_BR\" \/>\n<meta property=\"og:type\" content=\"article\" \/>\n<meta property=\"og:title\" content=\"Logic Pro 9 \u2013 N\u00edvel 2! - PROCLASS\" \/>\n<meta property=\"og:description\" content=\"Em 2012, a ProClass iniciou seus cursos de\u00a0Logic Pro, ministrados por Leo da Silva, renomado instrutor\/produtor que atua no mercado americano realizando treinamentos especializados em produtos Apple. Em abril, o curso\u00a0Logic Pro \u2013 N\u00edvel 1 foi sucesso absoluto\u00a0e seu conte\u00fado, apesar de abordar temas fundamentais, n\u00e3o pode ser categorizado em um n\u00edvel b\u00e1sico de conhecimento.OsContinue reading &rarr;\" \/>\n<meta property=\"og:url\" content=\"https:\/\/proclass.com.br\/home\/2012\/06\/logic-pro-9-nivel-2\/\" \/>\n<meta property=\"og:site_name\" content=\"PROCLASS\" \/>\n<meta property=\"article:published_time\" content=\"2012-06-14T16:38:07+00:00\" \/>\n<meta property=\"article:modified_time\" content=\"2012-08-24T01:43:23+00:00\" \/>\n<meta property=\"og:image\" content=\"https:\/\/proclass.com.br\/home\/wp-content\/uploads\/2012\/08\/logic-pro-icon-200x163.png\" \/>\n\t<meta property=\"og:image:width\" content=\"200\" \/>\n\t<meta property=\"og:image:height\" content=\"163\" \/>\n\t<meta property=\"og:image:type\" content=\"image\/png\" \/>\n<meta name=\"author\" content=\"ProClass Treinamentos\" \/>\n<meta name=\"twitter:card\" content=\"summary_large_image\" \/>\n<meta name=\"twitter:label1\" content=\"Escrito por\" \/>\n\t<meta name=\"twitter:data1\" content=\"ProClass Treinamentos\" \/>\n\t<meta name=\"twitter:label2\" content=\"Est. tempo de leitura\" \/>\n\t<meta name=\"twitter:data2\" content=\"2 minutos\" \/>\n<script type=\"application\/ld+json\" class=\"yoast-schema-graph\">{\"@context\":\"https:\/\/schema.org\",\"@graph\":[{\"@type\":\"Article\",\"@id\":\"https:\/\/proclass.com.br\/home\/2012\/06\/logic-pro-9-nivel-2\/#article\",\"isPartOf\":{\"@id\":\"https:\/\/proclass.com.br\/home\/2012\/06\/logic-pro-9-nivel-2\/\"},\"author\":{\"name\":\"ProClass Treinamentos\",\"@id\":\"https:\/\/proclass.com.br\/home\/#\/schema\/person\/f89e1eb93d5d32c0bb465c52f87f5a00\"},\"headline\":\"Logic Pro 9 \u2013 N\u00edvel 2!\",\"datePublished\":\"2012-06-14T16:38:07+00:00\",\"dateModified\":\"2012-08-24T01:43:23+00:00\",\"mainEntityOfPage\":{\"@id\":\"https:\/\/proclass.com.br\/home\/2012\/06\/logic-pro-9-nivel-2\/\"},\"wordCount\":357,\"commentCount\":0,\"publisher\":{\"@id\":\"https:\/\/proclass.com.br\/home\/#organization\"},\"image\":{\"@id\":\"https:\/\/proclass.com.br\/home\/2012\/06\/logic-pro-9-nivel-2\/#primaryimage\"},\"thumbnailUrl\":\"https:\/\/proclass.com.br\/home\/wp-content\/uploads\/2012\/08\/logic-pro-icon-200x163.png\",\"keywords\":[\"aprendizagem\",\"buscam\",\"conte\",\"da silva\",\"de quem\",\"desse\",\"destreza\",\"fado\",\"logic pro\",\"tamb\"],\"articleSection\":[\"Not\u00edcias\"],\"inLanguage\":\"pt-BR\",\"potentialAction\":[{\"@type\":\"CommentAction\",\"name\":\"Comment\",\"target\":[\"https:\/\/proclass.com.br\/home\/2012\/06\/logic-pro-9-nivel-2\/#respond\"]}]},{\"@type\":\"WebPage\",\"@id\":\"https:\/\/proclass.com.br\/home\/2012\/06\/logic-pro-9-nivel-2\/\",\"url\":\"https:\/\/proclass.com.br\/home\/2012\/06\/logic-pro-9-nivel-2\/\",\"name\":\"Logic Pro 9 \u2013 N\u00edvel 2! - PROCLASS\",\"isPartOf\":{\"@id\":\"https:\/\/proclass.com.br\/home\/#website\"},\"primaryImageOfPage\":{\"@id\":\"https:\/\/proclass.com.br\/home\/2012\/06\/logic-pro-9-nivel-2\/#primaryimage\"},\"image\":{\"@id\":\"https:\/\/proclass.com.br\/home\/2012\/06\/logic-pro-9-nivel-2\/#primaryimage\"},\"thumbnailUrl\":\"https:\/\/proclass.com.br\/home\/wp-content\/uploads\/2012\/08\/logic-pro-icon-200x163.png\",\"datePublished\":\"2012-06-14T16:38:07+00:00\",\"dateModified\":\"2012-08-24T01:43:23+00:00\",\"breadcrumb\":{\"@id\":\"https:\/\/proclass.com.br\/home\/2012\/06\/logic-pro-9-nivel-2\/#breadcrumb\"},\"inLanguage\":\"pt-BR\",\"potentialAction\":[{\"@type\":\"ReadAction\",\"target\":[\"https:\/\/proclass.com.br\/home\/2012\/06\/logic-pro-9-nivel-2\/\"]}]},{\"@type\":\"ImageObject\",\"inLanguage\":\"pt-BR\",\"@id\":\"https:\/\/proclass.com.br\/home\/2012\/06\/logic-pro-9-nivel-2\/#primaryimage\",\"url\":\"https:\/\/proclass.com.br\/home\/wp-content\/uploads\/2012\/08\/logic-pro-icon-200x163.png\",\"contentUrl\":\"https:\/\/proclass.com.br\/home\/wp-content\/uploads\/2012\/08\/logic-pro-icon-200x163.png\",\"width\":\"200\",\"height\":\"163\"},{\"@type\":\"BreadcrumbList\",\"@id\":\"https:\/\/proclass.com.br\/home\/2012\/06\/logic-pro-9-nivel-2\/#breadcrumb\",\"itemListElement\":[{\"@type\":\"ListItem\",\"position\":1,\"name\":\"In\u00edcio\",\"item\":\"https:\/\/proclass.com.br\/home\/\"},{\"@type\":\"ListItem\",\"position\":2,\"name\":\"Logic Pro 9 \u2013 N\u00edvel 2!\"}]},{\"@type\":\"WebSite\",\"@id\":\"https:\/\/proclass.com.br\/home\/#website\",\"url\":\"https:\/\/proclass.com.br\/home\/\",\"name\":\"PROCLASS\",\"description\":\"CURSOS E TREINAMENTOS\",\"publisher\":{\"@id\":\"https:\/\/proclass.com.br\/home\/#organization\"},\"potentialAction\":[{\"@type\":\"SearchAction\",\"target\":{\"@type\":\"EntryPoint\",\"urlTemplate\":\"https:\/\/proclass.com.br\/home\/?s={search_term_string}\"},\"query-input\":{\"@type\":\"PropertyValueSpecification\",\"valueRequired\":true,\"valueName\":\"search_term_string\"}}],\"inLanguage\":\"pt-BR\"},{\"@type\":\"Organization\",\"@id\":\"https:\/\/proclass.com.br\/home\/#organization\",\"name\":\"PROCLASS\",\"url\":\"https:\/\/proclass.com.br\/home\/\",\"logo\":{\"@type\":\"ImageObject\",\"inLanguage\":\"pt-BR\",\"@id\":\"https:\/\/proclass.com.br\/home\/#\/schema\/logo\/image\/\",\"url\":\"https:\/\/proclass.com.br\/home\/wp-content\/uploads\/2023\/06\/CABECALHO-black_PROCLASS-2023.png\",\"contentUrl\":\"https:\/\/proclass.com.br\/home\/wp-content\/uploads\/2023\/06\/CABECALHO-black_PROCLASS-2023.png\",\"width\":2563,\"height\":911,\"caption\":\"PROCLASS\"},\"image\":{\"@id\":\"https:\/\/proclass.com.br\/home\/#\/schema\/logo\/image\/\"}},{\"@type\":\"Person\",\"@id\":\"https:\/\/proclass.com.br\/home\/#\/schema\/person\/f89e1eb93d5d32c0bb465c52f87f5a00\",\"name\":\"ProClass Treinamentos\",\"image\":{\"@type\":\"ImageObject\",\"inLanguage\":\"pt-BR\",\"@id\":\"https:\/\/proclass.com.br\/home\/#\/schema\/person\/image\/\",\"url\":\"https:\/\/secure.gravatar.com\/avatar\/3878d7a575c7ac355d2c778d5de04af08b7c5a7d9f19b2889f26cc7d80a6a832?s=96&d=blank&r=g\",\"contentUrl\":\"https:\/\/secure.gravatar.com\/avatar\/3878d7a575c7ac355d2c778d5de04af08b7c5a7d9f19b2889f26cc7d80a6a832?s=96&d=blank&r=g\",\"caption\":\"ProClass Treinamentos\"},\"url\":\"https:\/\/proclass.com.br\/home\/author\/proclass\/\"}]}<\/script>\n<!-- \/ Yoast SEO plugin. -->","yoast_head_json":{"title":"Logic Pro 9 \u2013 N\u00edvel 2! - PROCLASS","robots":{"index":"index","follow":"follow","max-snippet":"max-snippet:-1","max-image-preview":"max-image-preview:large","max-video-preview":"max-video-preview:-1"},"canonical":"https:\/\/proclass.com.br\/home\/2012\/06\/logic-pro-9-nivel-2\/","og_locale":"pt_BR","og_type":"article","og_title":"Logic Pro 9 \u2013 N\u00edvel 2! - PROCLASS","og_description":"Em 2012, a ProClass iniciou seus cursos de\u00a0Logic Pro, ministrados por Leo da Silva, renomado instrutor\/produtor que atua no mercado americano realizando treinamentos especializados em produtos Apple. Em abril, o curso\u00a0Logic Pro \u2013 N\u00edvel 1 foi sucesso absoluto\u00a0e seu conte\u00fado, apesar de abordar temas fundamentais, n\u00e3o pode ser categorizado em um n\u00edvel b\u00e1sico de conhecimento.OsContinue reading &rarr;","og_url":"https:\/\/proclass.com.br\/home\/2012\/06\/logic-pro-9-nivel-2\/","og_site_name":"PROCLASS","article_published_time":"2012-06-14T16:38:07+00:00","article_modified_time":"2012-08-24T01:43:23+00:00","og_image":[{"width":200,"height":163,"url":"https:\/\/proclass.com.br\/home\/wp-content\/uploads\/2012\/08\/logic-pro-icon-200x163.png","type":"image\/png"}],"author":"ProClass Treinamentos","twitter_card":"summary_large_image","twitter_misc":{"Escrito por":"ProClass Treinamentos","Est. tempo de leitura":"2 minutos"},"schema":{"@context":"https:\/\/schema.org","@graph":[{"@type":"Article","@id":"https:\/\/proclass.com.br\/home\/2012\/06\/logic-pro-9-nivel-2\/#article","isPartOf":{"@id":"https:\/\/proclass.com.br\/home\/2012\/06\/logic-pro-9-nivel-2\/"},"author":{"name":"ProClass Treinamentos","@id":"https:\/\/proclass.com.br\/home\/#\/schema\/person\/f89e1eb93d5d32c0bb465c52f87f5a00"},"headline":"Logic Pro 9 \u2013 N\u00edvel 2!","datePublished":"2012-06-14T16:38:07+00:00","dateModified":"2012-08-24T01:43:23+00:00","mainEntityOfPage":{"@id":"https:\/\/proclass.com.br\/home\/2012\/06\/logic-pro-9-nivel-2\/"},"wordCount":357,"commentCount":0,"publisher":{"@id":"https:\/\/proclass.com.br\/home\/#organization"},"image":{"@id":"https:\/\/proclass.com.br\/home\/2012\/06\/logic-pro-9-nivel-2\/#primaryimage"},"thumbnailUrl":"https:\/\/proclass.com.br\/home\/wp-content\/uploads\/2012\/08\/logic-pro-icon-200x163.png","keywords":["aprendizagem","buscam","conte","da silva","de quem","desse","destreza","fado","logic pro","tamb"],"articleSection":["Not\u00edcias"],"inLanguage":"pt-BR","potentialAction":[{"@type":"CommentAction","name":"Comment","target":["https:\/\/proclass.com.br\/home\/2012\/06\/logic-pro-9-nivel-2\/#respond"]}]},{"@type":"WebPage","@id":"https:\/\/proclass.com.br\/home\/2012\/06\/logic-pro-9-nivel-2\/","url":"https:\/\/proclass.com.br\/home\/2012\/06\/logic-pro-9-nivel-2\/","name":"Logic Pro 9 \u2013 N\u00edvel 2! - PROCLASS","isPartOf":{"@id":"https:\/\/proclass.com.br\/home\/#website"},"primaryImageOfPage":{"@id":"https:\/\/proclass.com.br\/home\/2012\/06\/logic-pro-9-nivel-2\/#primaryimage"},"image":{"@id":"https:\/\/proclass.com.br\/home\/2012\/06\/logic-pro-9-nivel-2\/#primaryimage"},"thumbnailUrl":"https:\/\/proclass.com.br\/home\/wp-content\/uploads\/2012\/08\/logic-pro-icon-200x163.png","datePublished":"2012-06-14T16:38:07+00:00","dateModified":"2012-08-24T01:43:23+00:00","breadcrumb":{"@id":"https:\/\/proclass.com.br\/home\/2012\/06\/logic-pro-9-nivel-2\/#breadcrumb"},"inLanguage":"pt-BR","potentialAction":[{"@type":"ReadAction","target":["https:\/\/proclass.com.br\/home\/2012\/06\/logic-pro-9-nivel-2\/"]}]},{"@type":"ImageObject","inLanguage":"pt-BR","@id":"https:\/\/proclass.com.br\/home\/2012\/06\/logic-pro-9-nivel-2\/#primaryimage","url":"https:\/\/proclass.com.br\/home\/wp-content\/uploads\/2012\/08\/logic-pro-icon-200x163.png","contentUrl":"https:\/\/proclass.com.br\/home\/wp-content\/uploads\/2012\/08\/logic-pro-icon-200x163.png","width":"200","height":"163"},{"@type":"BreadcrumbList","@id":"https:\/\/proclass.com.br\/home\/2012\/06\/logic-pro-9-nivel-2\/#breadcrumb","itemListElement":[{"@type":"ListItem","position":1,"name":"In\u00edcio","item":"https:\/\/proclass.com.br\/home\/"},{"@type":"ListItem","position":2,"name":"Logic Pro 9 \u2013 N\u00edvel 2!"}]},{"@type":"WebSite","@id":"https:\/\/proclass.com.br\/home\/#website","url":"https:\/\/proclass.com.br\/home\/","name":"PROCLASS","description":"CURSOS E TREINAMENTOS","publisher":{"@id":"https:\/\/proclass.com.br\/home\/#organization"},"potentialAction":[{"@type":"SearchAction","target":{"@type":"EntryPoint","urlTemplate":"https:\/\/proclass.com.br\/home\/?s={search_term_string}"},"query-input":{"@type":"PropertyValueSpecification","valueRequired":true,"valueName":"search_term_string"}}],"inLanguage":"pt-BR"},{"@type":"Organization","@id":"https:\/\/proclass.com.br\/home\/#organization","name":"PROCLASS","url":"https:\/\/proclass.com.br\/home\/","logo":{"@type":"ImageObject","inLanguage":"pt-BR","@id":"https:\/\/proclass.com.br\/home\/#\/schema\/logo\/image\/","url":"https:\/\/proclass.com.br\/home\/wp-content\/uploads\/2023\/06\/CABECALHO-black_PROCLASS-2023.png","contentUrl":"https:\/\/proclass.com.br\/home\/wp-content\/uploads\/2023\/06\/CABECALHO-black_PROCLASS-2023.png","width":2563,"height":911,"caption":"PROCLASS"},"image":{"@id":"https:\/\/proclass.com.br\/home\/#\/schema\/logo\/image\/"}},{"@type":"Person","@id":"https:\/\/proclass.com.br\/home\/#\/schema\/person\/f89e1eb93d5d32c0bb465c52f87f5a00","name":"ProClass Treinamentos","image":{"@type":"ImageObject","inLanguage":"pt-BR","@id":"https:\/\/proclass.com.br\/home\/#\/schema\/person\/image\/","url":"https:\/\/secure.gravatar.com\/avatar\/3878d7a575c7ac355d2c778d5de04af08b7c5a7d9f19b2889f26cc7d80a6a832?s=96&d=blank&r=g","contentUrl":"https:\/\/secure.gravatar.com\/avatar\/3878d7a575c7ac355d2c778d5de04af08b7c5a7d9f19b2889f26cc7d80a6a832?s=96&d=blank&r=g","caption":"ProClass Treinamentos"},"url":"https:\/\/proclass.com.br\/home\/author\/proclass\/"}]}},"_links":{"self":[{"href":"https:\/\/proclass.com.br\/home\/wp-json\/wp\/v2\/posts\/457","targetHints":{"allow":["GET"]}}],"collection":[{"href":"https:\/\/proclass.com.br\/home\/wp-json\/wp\/v2\/posts"}],"about":[{"href":"https:\/\/proclass.com.br\/home\/wp-json\/wp\/v2\/types\/post"}],"author":[{"embeddable":true,"href":"https:\/\/proclass.com.br\/home\/wp-json\/wp\/v2\/users\/4"}],"replies":[{"embeddable":true,"href":"https:\/\/proclass.com.br\/home\/wp-json\/wp\/v2\/comments?post=457"}],"version-history":[{"count":0,"href":"https:\/\/proclass.com.br\/home\/wp-json\/wp\/v2\/posts\/457\/revisions"}],"wp:featuredmedia":[{"embeddable":true,"href":"https:\/\/proclass.com.br\/home\/wp-json\/wp\/v2\/media\/458"}],"wp:attachment":[{"href":"https:\/\/proclass.com.br\/home\/wp-json\/wp\/v2\/media?parent=457"}],"wp:term":[{"taxonomy":"category","embeddable":true,"href":"https:\/\/proclass.com.br\/home\/wp-json\/wp\/v2\/categories?post=457"},{"taxonomy":"post_tag","embeddable":true,"href":"https:\/\/proclass.com.br\/home\/wp-json\/wp\/v2\/tags?post=457"}],"curies":[{"name":"wp","href":"https:\/\/api.w.org\/{rel}","templated":true}]}}