{"id":452,"date":"2012-08-10T13:33:56","date_gmt":"2012-08-10T16:33:56","guid":{"rendered":"http:\/\/proclass.com.br\/home\/?p=452"},"modified":"2012-08-23T22:42:54","modified_gmt":"2012-08-24T01:42:54","slug":"avid-media-composer-agora-compativel-com-osx-10-8-mountain-lion","status":"publish","type":"post","link":"https:\/\/proclass.com.br\/home\/2012\/08\/avid-media-composer-agora-compativel-com-osx-10-8-mountain-lion\/","title":{"rendered":"Avid Media Composer agora compat\u00edvel com OSX 10.8 Mountain Lion"},"content":{"rendered":"<p style=\"text-align: justify;\">A Avid fez um update do Media Composer para a vers\u00e3o 6.0.3 , NewsCutter 10.0.3 e Symphony 6.0.3<\/p>\n<p style=\"text-align: justify;\">Entre as principais novidades, est\u00e3o:<\/p>\n<p>&#8211; a compatibilidade com o sistema operacional da Apple, OSX 10.8 Mountain Lion.<br \/>\n&#8211; a possibilidade de nomear bins com at\u00e9 64 caracteres<br \/>\nIMPORTANTE: para manter compatibilidade com vers\u00f5es antigas do Media Composer, recomendamos n\u00e3o exceder o limite de 27 caracteres.<!--more--><\/p>\n<p><img fetchpriority=\"high\" decoding=\"async\" class=\"wp-image-454 aligncenter\" src=\"http:\/\/proclass.com.br\/home\/wp-content\/uploads\/2012\/08\/newsimage.jpg\" alt=\"\" width=\"574\" height=\"358\" srcset=\"https:\/\/proclass.com.br\/home\/wp-content\/uploads\/2012\/08\/newsimage.jpg 717w, https:\/\/proclass.com.br\/home\/wp-content\/uploads\/2012\/08\/newsimage-300x187.jpg 300w\" sizes=\"(max-width: 574px) 100vw, 574px\" \/><\/p>\n<p>O download do update pode ser feito atrav\u00e9s <a href=\"http:\/\/esd.avid.com\/ProductDownload.aspx?id=908\">deste link<\/a>.<\/p>\n<p>Mais informa\u00e7\u00f5es sobre as corre\u00e7\u00f5es podem ser<a href=\"http:\/\/dl.avid.com\/Files\/2764\/ReadMe_v6.0.3_and_v10.0.3.pdf?id=2764&amp;pid=908\"> encontradas aqui.<\/a><\/p>\n","protected":false},"excerpt":{"rendered":"<p>A Avid fez um update do Media Composer para a vers\u00e3o 6.0.3 , NewsCutter 10.0.3 e Symphony 6.0.3 Entre as principais novidades, est\u00e3o: &#8211; a compatibilidade com o sistema operacional da Apple, OSX 10.8 Mountain Lion. &#8211; a possibilidade de nomear bins com at\u00e9 64 caracteres IMPORTANTE: para manter compatibilidade com vers\u00f5es antigas do MediaContinue reading &rarr;<\/p>\n","protected":false},"author":4,"featured_media":453,"comment_status":"open","ping_status":"open","sticky":false,"template":"","format":"standard","meta":{"footnotes":""},"categories":[1],"tags":[22,21,19,23,20,25,24],"class_list":["post-452","post","type-post","status-publish","format-standard","has-post-thumbnail","hentry","category-novidades","tag-apple-2c","tag-avid-media-composer","tag-caracteres","tag-limite","tag-mountain-lion","tag-novidades-2","tag-sistema-operacional","has-thumb"],"yoast_head":"<!-- This site is optimized with the Yoast SEO plugin v26.9 - https:\/\/yoast.com\/product\/yoast-seo-wordpress\/ -->\n<title>Avid Media Composer agora compat\u00edvel com OSX 10.8 Mountain Lion - PROCLASS<\/title>\n<meta name=\"robots\" content=\"index, follow, max-snippet:-1, max-image-preview:large, max-video-preview:-1\" \/>\n<link rel=\"canonical\" href=\"https:\/\/proclass.com.br\/home\/2012\/08\/avid-media-composer-agora-compativel-com-osx-10-8-mountain-lion\/\" \/>\n<meta property=\"og:locale\" content=\"pt_BR\" \/>\n<meta property=\"og:type\" content=\"article\" \/>\n<meta property=\"og:title\" content=\"Avid Media Composer agora compat\u00edvel com OSX 10.8 Mountain Lion - PROCLASS\" \/>\n<meta property=\"og:description\" content=\"A Avid fez um update do Media Composer para a vers\u00e3o 6.0.3 , NewsCutter 10.0.3 e Symphony 6.0.3 Entre as principais novidades, est\u00e3o: &#8211; a compatibilidade com o sistema operacional da Apple, OSX 10.8 Mountain Lion. &#8211; a possibilidade de nomear bins com at\u00e9 64 caracteres IMPORTANTE: para manter compatibilidade com vers\u00f5es antigas do MediaContinue reading &rarr;\" \/>\n<meta property=\"og:url\" content=\"https:\/\/proclass.com.br\/home\/2012\/08\/avid-media-composer-agora-compativel-com-osx-10-8-mountain-lion\/\" \/>\n<meta property=\"og:site_name\" content=\"PROCLASS\" \/>\n<meta property=\"article:published_time\" content=\"2012-08-10T16:33:56+00:00\" \/>\n<meta property=\"article:modified_time\" content=\"2012-08-24T01:42:54+00:00\" \/>\n<meta property=\"og:image\" content=\"https:\/\/proclass.com.br\/home\/wp-content\/uploads\/2012\/08\/avid_mc6-240x163.png\" \/>\n\t<meta property=\"og:image:width\" content=\"240\" \/>\n\t<meta property=\"og:image:height\" content=\"163\" \/>\n\t<meta property=\"og:image:type\" content=\"image\/png\" \/>\n<meta name=\"author\" content=\"ProClass Treinamentos\" \/>\n<meta name=\"twitter:card\" content=\"summary_large_image\" \/>\n<meta name=\"twitter:label1\" content=\"Escrito por\" \/>\n\t<meta name=\"twitter:data1\" content=\"ProClass Treinamentos\" \/>\n<script type=\"application\/ld+json\" class=\"yoast-schema-graph\">{\"@context\":\"https:\/\/schema.org\",\"@graph\":[{\"@type\":\"Article\",\"@id\":\"https:\/\/proclass.com.br\/home\/2012\/08\/avid-media-composer-agora-compativel-com-osx-10-8-mountain-lion\/#article\",\"isPartOf\":{\"@id\":\"https:\/\/proclass.com.br\/home\/2012\/08\/avid-media-composer-agora-compativel-com-osx-10-8-mountain-lion\/\"},\"author\":{\"name\":\"ProClass Treinamentos\",\"@id\":\"https:\/\/proclass.com.br\/home\/#\/schema\/person\/f89e1eb93d5d32c0bb465c52f87f5a00\"},\"headline\":\"Avid Media Composer agora compat\u00edvel com OSX 10.8 Mountain Lion\",\"datePublished\":\"2012-08-10T16:33:56+00:00\",\"dateModified\":\"2012-08-24T01:42:54+00:00\",\"mainEntityOfPage\":{\"@id\":\"https:\/\/proclass.com.br\/home\/2012\/08\/avid-media-composer-agora-compativel-com-osx-10-8-mountain-lion\/\"},\"wordCount\":93,\"commentCount\":0,\"publisher\":{\"@id\":\"https:\/\/proclass.com.br\/home\/#organization\"},\"image\":{\"@id\":\"https:\/\/proclass.com.br\/home\/2012\/08\/avid-media-composer-agora-compativel-com-osx-10-8-mountain-lion\/#primaryimage\"},\"thumbnailUrl\":\"https:\/\/proclass.com.br\/home\/wp-content\/uploads\/2012\/08\/avid_mc6-240x163.png\",\"keywords\":[\"apple 2c\",\"avid media composer\",\"caracteres\",\"limite\",\"mountain lion\",\"novidades\",\"sistema operacional\"],\"articleSection\":[\"Novidades\"],\"inLanguage\":\"pt-BR\",\"potentialAction\":[{\"@type\":\"CommentAction\",\"name\":\"Comment\",\"target\":[\"https:\/\/proclass.com.br\/home\/2012\/08\/avid-media-composer-agora-compativel-com-osx-10-8-mountain-lion\/#respond\"]}]},{\"@type\":\"WebPage\",\"@id\":\"https:\/\/proclass.com.br\/home\/2012\/08\/avid-media-composer-agora-compativel-com-osx-10-8-mountain-lion\/\",\"url\":\"https:\/\/proclass.com.br\/home\/2012\/08\/avid-media-composer-agora-compativel-com-osx-10-8-mountain-lion\/\",\"name\":\"Avid Media Composer agora compat\u00edvel com OSX 10.8 Mountain Lion - PROCLASS\",\"isPartOf\":{\"@id\":\"https:\/\/proclass.com.br\/home\/#website\"},\"primaryImageOfPage\":{\"@id\":\"https:\/\/proclass.com.br\/home\/2012\/08\/avid-media-composer-agora-compativel-com-osx-10-8-mountain-lion\/#primaryimage\"},\"image\":{\"@id\":\"https:\/\/proclass.com.br\/home\/2012\/08\/avid-media-composer-agora-compativel-com-osx-10-8-mountain-lion\/#primaryimage\"},\"thumbnailUrl\":\"https:\/\/proclass.com.br\/home\/wp-content\/uploads\/2012\/08\/avid_mc6-240x163.png\",\"datePublished\":\"2012-08-10T16:33:56+00:00\",\"dateModified\":\"2012-08-24T01:42:54+00:00\",\"breadcrumb\":{\"@id\":\"https:\/\/proclass.com.br\/home\/2012\/08\/avid-media-composer-agora-compativel-com-osx-10-8-mountain-lion\/#breadcrumb\"},\"inLanguage\":\"pt-BR\",\"potentialAction\":[{\"@type\":\"ReadAction\",\"target\":[\"https:\/\/proclass.com.br\/home\/2012\/08\/avid-media-composer-agora-compativel-com-osx-10-8-mountain-lion\/\"]}]},{\"@type\":\"ImageObject\",\"inLanguage\":\"pt-BR\",\"@id\":\"https:\/\/proclass.com.br\/home\/2012\/08\/avid-media-composer-agora-compativel-com-osx-10-8-mountain-lion\/#primaryimage\",\"url\":\"https:\/\/proclass.com.br\/home\/wp-content\/uploads\/2012\/08\/avid_mc6-240x163.png\",\"contentUrl\":\"https:\/\/proclass.com.br\/home\/wp-content\/uploads\/2012\/08\/avid_mc6-240x163.png\",\"width\":\"240\",\"height\":\"163\"},{\"@type\":\"BreadcrumbList\",\"@id\":\"https:\/\/proclass.com.br\/home\/2012\/08\/avid-media-composer-agora-compativel-com-osx-10-8-mountain-lion\/#breadcrumb\",\"itemListElement\":[{\"@type\":\"ListItem\",\"position\":1,\"name\":\"In\u00edcio\",\"item\":\"https:\/\/proclass.com.br\/home\/\"},{\"@type\":\"ListItem\",\"position\":2,\"name\":\"Avid Media Composer agora compat\u00edvel com OSX 10.8 Mountain Lion\"}]},{\"@type\":\"WebSite\",\"@id\":\"https:\/\/proclass.com.br\/home\/#website\",\"url\":\"https:\/\/proclass.com.br\/home\/\",\"name\":\"PROCLASS\",\"description\":\"CURSOS E TREINAMENTOS\",\"publisher\":{\"@id\":\"https:\/\/proclass.com.br\/home\/#organization\"},\"potentialAction\":[{\"@type\":\"SearchAction\",\"target\":{\"@type\":\"EntryPoint\",\"urlTemplate\":\"https:\/\/proclass.com.br\/home\/?s={search_term_string}\"},\"query-input\":{\"@type\":\"PropertyValueSpecification\",\"valueRequired\":true,\"valueName\":\"search_term_string\"}}],\"inLanguage\":\"pt-BR\"},{\"@type\":\"Organization\",\"@id\":\"https:\/\/proclass.com.br\/home\/#organization\",\"name\":\"PROCLASS\",\"url\":\"https:\/\/proclass.com.br\/home\/\",\"logo\":{\"@type\":\"ImageObject\",\"inLanguage\":\"pt-BR\",\"@id\":\"https:\/\/proclass.com.br\/home\/#\/schema\/logo\/image\/\",\"url\":\"https:\/\/proclass.com.br\/home\/wp-content\/uploads\/2023\/06\/CABECALHO-black_PROCLASS-2023.png\",\"contentUrl\":\"https:\/\/proclass.com.br\/home\/wp-content\/uploads\/2023\/06\/CABECALHO-black_PROCLASS-2023.png\",\"width\":2563,\"height\":911,\"caption\":\"PROCLASS\"},\"image\":{\"@id\":\"https:\/\/proclass.com.br\/home\/#\/schema\/logo\/image\/\"}},{\"@type\":\"Person\",\"@id\":\"https:\/\/proclass.com.br\/home\/#\/schema\/person\/f89e1eb93d5d32c0bb465c52f87f5a00\",\"name\":\"ProClass Treinamentos\",\"image\":{\"@type\":\"ImageObject\",\"inLanguage\":\"pt-BR\",\"@id\":\"https:\/\/proclass.com.br\/home\/#\/schema\/person\/image\/\",\"url\":\"https:\/\/secure.gravatar.com\/avatar\/3878d7a575c7ac355d2c778d5de04af08b7c5a7d9f19b2889f26cc7d80a6a832?s=96&d=blank&r=g\",\"contentUrl\":\"https:\/\/secure.gravatar.com\/avatar\/3878d7a575c7ac355d2c778d5de04af08b7c5a7d9f19b2889f26cc7d80a6a832?s=96&d=blank&r=g\",\"caption\":\"ProClass Treinamentos\"},\"url\":\"https:\/\/proclass.com.br\/home\/author\/proclass\/\"}]}<\/script>\n<!-- \/ Yoast SEO plugin. -->","yoast_head_json":{"title":"Avid Media Composer agora compat\u00edvel com OSX 10.8 Mountain Lion - PROCLASS","robots":{"index":"index","follow":"follow","max-snippet":"max-snippet:-1","max-image-preview":"max-image-preview:large","max-video-preview":"max-video-preview:-1"},"canonical":"https:\/\/proclass.com.br\/home\/2012\/08\/avid-media-composer-agora-compativel-com-osx-10-8-mountain-lion\/","og_locale":"pt_BR","og_type":"article","og_title":"Avid Media Composer agora compat\u00edvel com OSX 10.8 Mountain Lion - PROCLASS","og_description":"A Avid fez um update do Media Composer para a vers\u00e3o 6.0.3 , NewsCutter 10.0.3 e Symphony 6.0.3 Entre as principais novidades, est\u00e3o: &#8211; a compatibilidade com o sistema operacional da Apple, OSX 10.8 Mountain Lion. &#8211; a possibilidade de nomear bins com at\u00e9 64 caracteres IMPORTANTE: para manter compatibilidade com vers\u00f5es antigas do MediaContinue reading &rarr;","og_url":"https:\/\/proclass.com.br\/home\/2012\/08\/avid-media-composer-agora-compativel-com-osx-10-8-mountain-lion\/","og_site_name":"PROCLASS","article_published_time":"2012-08-10T16:33:56+00:00","article_modified_time":"2012-08-24T01:42:54+00:00","og_image":[{"width":240,"height":163,"url":"https:\/\/proclass.com.br\/home\/wp-content\/uploads\/2012\/08\/avid_mc6-240x163.png","type":"image\/png"}],"author":"ProClass Treinamentos","twitter_card":"summary_large_image","twitter_misc":{"Escrito por":"ProClass Treinamentos"},"schema":{"@context":"https:\/\/schema.org","@graph":[{"@type":"Article","@id":"https:\/\/proclass.com.br\/home\/2012\/08\/avid-media-composer-agora-compativel-com-osx-10-8-mountain-lion\/#article","isPartOf":{"@id":"https:\/\/proclass.com.br\/home\/2012\/08\/avid-media-composer-agora-compativel-com-osx-10-8-mountain-lion\/"},"author":{"name":"ProClass Treinamentos","@id":"https:\/\/proclass.com.br\/home\/#\/schema\/person\/f89e1eb93d5d32c0bb465c52f87f5a00"},"headline":"Avid Media Composer agora compat\u00edvel com OSX 10.8 Mountain Lion","datePublished":"2012-08-10T16:33:56+00:00","dateModified":"2012-08-24T01:42:54+00:00","mainEntityOfPage":{"@id":"https:\/\/proclass.com.br\/home\/2012\/08\/avid-media-composer-agora-compativel-com-osx-10-8-mountain-lion\/"},"wordCount":93,"commentCount":0,"publisher":{"@id":"https:\/\/proclass.com.br\/home\/#organization"},"image":{"@id":"https:\/\/proclass.com.br\/home\/2012\/08\/avid-media-composer-agora-compativel-com-osx-10-8-mountain-lion\/#primaryimage"},"thumbnailUrl":"https:\/\/proclass.com.br\/home\/wp-content\/uploads\/2012\/08\/avid_mc6-240x163.png","keywords":["apple 2c","avid media composer","caracteres","limite","mountain lion","novidades","sistema operacional"],"articleSection":["Novidades"],"inLanguage":"pt-BR","potentialAction":[{"@type":"CommentAction","name":"Comment","target":["https:\/\/proclass.com.br\/home\/2012\/08\/avid-media-composer-agora-compativel-com-osx-10-8-mountain-lion\/#respond"]}]},{"@type":"WebPage","@id":"https:\/\/proclass.com.br\/home\/2012\/08\/avid-media-composer-agora-compativel-com-osx-10-8-mountain-lion\/","url":"https:\/\/proclass.com.br\/home\/2012\/08\/avid-media-composer-agora-compativel-com-osx-10-8-mountain-lion\/","name":"Avid Media Composer agora compat\u00edvel com OSX 10.8 Mountain Lion - PROCLASS","isPartOf":{"@id":"https:\/\/proclass.com.br\/home\/#website"},"primaryImageOfPage":{"@id":"https:\/\/proclass.com.br\/home\/2012\/08\/avid-media-composer-agora-compativel-com-osx-10-8-mountain-lion\/#primaryimage"},"image":{"@id":"https:\/\/proclass.com.br\/home\/2012\/08\/avid-media-composer-agora-compativel-com-osx-10-8-mountain-lion\/#primaryimage"},"thumbnailUrl":"https:\/\/proclass.com.br\/home\/wp-content\/uploads\/2012\/08\/avid_mc6-240x163.png","datePublished":"2012-08-10T16:33:56+00:00","dateModified":"2012-08-24T01:42:54+00:00","breadcrumb":{"@id":"https:\/\/proclass.com.br\/home\/2012\/08\/avid-media-composer-agora-compativel-com-osx-10-8-mountain-lion\/#breadcrumb"},"inLanguage":"pt-BR","potentialAction":[{"@type":"ReadAction","target":["https:\/\/proclass.com.br\/home\/2012\/08\/avid-media-composer-agora-compativel-com-osx-10-8-mountain-lion\/"]}]},{"@type":"ImageObject","inLanguage":"pt-BR","@id":"https:\/\/proclass.com.br\/home\/2012\/08\/avid-media-composer-agora-compativel-com-osx-10-8-mountain-lion\/#primaryimage","url":"https:\/\/proclass.com.br\/home\/wp-content\/uploads\/2012\/08\/avid_mc6-240x163.png","contentUrl":"https:\/\/proclass.com.br\/home\/wp-content\/uploads\/2012\/08\/avid_mc6-240x163.png","width":"240","height":"163"},{"@type":"BreadcrumbList","@id":"https:\/\/proclass.com.br\/home\/2012\/08\/avid-media-composer-agora-compativel-com-osx-10-8-mountain-lion\/#breadcrumb","itemListElement":[{"@type":"ListItem","position":1,"name":"In\u00edcio","item":"https:\/\/proclass.com.br\/home\/"},{"@type":"ListItem","position":2,"name":"Avid Media Composer agora compat\u00edvel com OSX 10.8 Mountain Lion"}]},{"@type":"WebSite","@id":"https:\/\/proclass.com.br\/home\/#website","url":"https:\/\/proclass.com.br\/home\/","name":"PROCLASS","description":"CURSOS E TREINAMENTOS","publisher":{"@id":"https:\/\/proclass.com.br\/home\/#organization"},"potentialAction":[{"@type":"SearchAction","target":{"@type":"EntryPoint","urlTemplate":"https:\/\/proclass.com.br\/home\/?s={search_term_string}"},"query-input":{"@type":"PropertyValueSpecification","valueRequired":true,"valueName":"search_term_string"}}],"inLanguage":"pt-BR"},{"@type":"Organization","@id":"https:\/\/proclass.com.br\/home\/#organization","name":"PROCLASS","url":"https:\/\/proclass.com.br\/home\/","logo":{"@type":"ImageObject","inLanguage":"pt-BR","@id":"https:\/\/proclass.com.br\/home\/#\/schema\/logo\/image\/","url":"https:\/\/proclass.com.br\/home\/wp-content\/uploads\/2023\/06\/CABECALHO-black_PROCLASS-2023.png","contentUrl":"https:\/\/proclass.com.br\/home\/wp-content\/uploads\/2023\/06\/CABECALHO-black_PROCLASS-2023.png","width":2563,"height":911,"caption":"PROCLASS"},"image":{"@id":"https:\/\/proclass.com.br\/home\/#\/schema\/logo\/image\/"}},{"@type":"Person","@id":"https:\/\/proclass.com.br\/home\/#\/schema\/person\/f89e1eb93d5d32c0bb465c52f87f5a00","name":"ProClass Treinamentos","image":{"@type":"ImageObject","inLanguage":"pt-BR","@id":"https:\/\/proclass.com.br\/home\/#\/schema\/person\/image\/","url":"https:\/\/secure.gravatar.com\/avatar\/3878d7a575c7ac355d2c778d5de04af08b7c5a7d9f19b2889f26cc7d80a6a832?s=96&d=blank&r=g","contentUrl":"https:\/\/secure.gravatar.com\/avatar\/3878d7a575c7ac355d2c778d5de04af08b7c5a7d9f19b2889f26cc7d80a6a832?s=96&d=blank&r=g","caption":"ProClass Treinamentos"},"url":"https:\/\/proclass.com.br\/home\/author\/proclass\/"}]}},"_links":{"self":[{"href":"https:\/\/proclass.com.br\/home\/wp-json\/wp\/v2\/posts\/452","targetHints":{"allow":["GET"]}}],"collection":[{"href":"https:\/\/proclass.com.br\/home\/wp-json\/wp\/v2\/posts"}],"about":[{"href":"https:\/\/proclass.com.br\/home\/wp-json\/wp\/v2\/types\/post"}],"author":[{"embeddable":true,"href":"https:\/\/proclass.com.br\/home\/wp-json\/wp\/v2\/users\/4"}],"replies":[{"embeddable":true,"href":"https:\/\/proclass.com.br\/home\/wp-json\/wp\/v2\/comments?post=452"}],"version-history":[{"count":0,"href":"https:\/\/proclass.com.br\/home\/wp-json\/wp\/v2\/posts\/452\/revisions"}],"wp:featuredmedia":[{"embeddable":true,"href":"https:\/\/proclass.com.br\/home\/wp-json\/wp\/v2\/media\/453"}],"wp:attachment":[{"href":"https:\/\/proclass.com.br\/home\/wp-json\/wp\/v2\/media?parent=452"}],"wp:term":[{"taxonomy":"category","embeddable":true,"href":"https:\/\/proclass.com.br\/home\/wp-json\/wp\/v2\/categories?post=452"},{"taxonomy":"post_tag","embeddable":true,"href":"https:\/\/proclass.com.br\/home\/wp-json\/wp\/v2\/tags?post=452"}],"curies":[{"name":"wp","href":"https:\/\/api.w.org\/{rel}","templated":true}]}}