{"id":448,"date":"2012-08-07T13:33:01","date_gmt":"2012-08-07T16:33:01","guid":{"rendered":"http:\/\/proclass.com.br\/home\/?p=448"},"modified":"2012-08-23T22:42:54","modified_gmt":"2012-08-24T01:42:54","slug":"como-converter-projetos-avid-media-composer-para-final-cut-pro","status":"publish","type":"post","link":"https:\/\/proclass.com.br\/home\/2012\/08\/como-converter-projetos-avid-media-composer-para-final-cut-pro\/","title":{"rendered":"Como converter projetos Avid Media Composer para Final Cut Pro?"},"content":{"rendered":"<p style=\"text-align: justify;\">Esta \u00e9 uma d\u00favida recorrente n\u00e3o apenas entre os editores de v\u00eddeo. Usu\u00e1rios de \u00e1udio tamb\u00e9m sentem necessidade de converter sess\u00f5es de <strong>Pro Tools para Cubase, Nuendo, Sonar, Logic Pro etc<\/strong>. E n\u00e3o de maneira diferente, usu\u00e1rios de <strong>Finale, Sibelius, Notion ou Encore<\/strong> podem ter interesse em converter suas partituras de um software para outro.<\/p>\n<p style=\"text-align: justify;\">Infelizmente, na convers\u00e3o de projetos de um formato para outro informa\u00e7\u00f5es v\u00e3o ser perdidas. A busca ent\u00e3o, n\u00e3o deve ser pela perfei\u00e7\u00e3o, e sim, pelo m\u00e9todo que mantenha a maioria das informa\u00e7\u00f5es.<!--more--><\/p>\n<p style=\"text-align: justify;\">No caso dos editores de v\u00eddeo, uma solu\u00e7\u00e3o interessante a ferramenta <a href=\"http:\/\/www.borisfx.com\/AAF\/\" target=\"_blank\">Transfer FCP<\/a>, desenvolvida pela renomada empresa de plug-ins <a href=\"http:\/\/borisfx.com\" target=\"_blank\">Boris FX.<\/a><\/p>\n<p style=\"text-align: justify;\">Apesar do nome sugerir que s\u00f3 seja poss\u00edvel <strong>converter projetos de FCP<\/strong>, na realidade s\u00e3o dois plug-ins. Um para <strong>converter Final Cut Pro para produtos da fam\u00edlia Avid<\/strong> e outro para <strong>converter projetos de Avid Media Composer, Symphony, DS e NewsCutter<\/strong> para o software da Apple, Final Cut Pro.<\/p>\n<p style=\"text-align: justify;\">Acompanhe o v\u00eddeo abaixo (em ingl\u00eas) para ver como funciona:<\/p>\n<p style=\"text-align: center;\"><object width=\"500\" height=\"375\"><param name=\"movie\" value=\"http:\/\/www.youtube.com\/v\/dG_MR0kwSVk?version=3&amp;hl=pt_BR&amp;rel=0\"><\/param><param name=\"allowFullScreen\" value=\"true\"><\/param><param name=\"allowscriptaccess\" value=\"always\"><\/param><embed src=\"http:\/\/www.youtube.com\/v\/dG_MR0kwSVk?version=3&amp;hl=pt_BR&amp;rel=0\" type=\"application\/x-shockwave-flash\" width=\"500\" height=\"375\" allowscriptaccess=\"always\" allowfullscreen=\"true\"><\/embed><\/object><\/p>\n<p style=\"text-align: justify;\"><a href=\"http:\/\/www.borisfx.com\/login\/reg_form.php?action=AAF\" target=\"_blank\">No site, \u00e9 poss\u00edvel preencher este formul\u00e1rio para fazer o download de uma vers\u00e3o gratuita de demonstra\u00e7\u00e3o que funciona por 14 dias.<\/a><\/p>\n<p style=\"text-align: justify;\">Aproveitando a oportunidade, conhe\u00e7a tamb\u00e9m o plug-ins <a href=\"http:\/\/www.borisfx.com\/XML-Transfer\/\" target=\"_blank\">Transfer AE<\/a>, que promete converter da melhor maneira poss\u00edvel uma sequ\u00eancia feita no Final Cut Pro ou Avid Media Composer para o Adobe After Effects.<\/p>\n","protected":false},"excerpt":{"rendered":"<p>Esta \u00e9 uma d\u00favida recorrente n\u00e3o apenas entre os editores de v\u00eddeo. Usu\u00e1rios de \u00e1udio tamb\u00e9m sentem necessidade de converter sess\u00f5es de Pro Tools para Cubase, Nuendo, Sonar, Logic Pro etc. E n\u00e3o de maneira diferente, usu\u00e1rios de Finale, Sibelius, Notion ou Encore podem ter interesse em converter suas partituras de um software para outro.Continue reading &rarr;<\/p>\n","protected":false},"author":4,"featured_media":449,"comment_status":"open","ping_status":"open","sticky":false,"template":"","format":"standard","meta":{"footnotes":""},"categories":[13],"tags":[34,21,36,32,37,30,35,31,28,33],"class_list":["post-448","post","type-post","status-publish","format-standard","has-post-thumbnail","hentry","category-noticias","tag-adobe-after-effects","tag-avid-media-composer","tag-boris-fx","tag-nuendo","tag-pela","tag-plug-ins","tag-pro-tools","tag-que-promete","tag-seja","tag-sibelius","has-thumb"],"yoast_head":"<!-- This site is optimized with the Yoast SEO plugin v26.9 - https:\/\/yoast.com\/product\/yoast-seo-wordpress\/ -->\n<title>Como converter projetos Avid Media Composer para Final Cut Pro? - PROCLASS<\/title>\n<meta name=\"robots\" content=\"index, follow, max-snippet:-1, max-image-preview:large, max-video-preview:-1\" \/>\n<link rel=\"canonical\" href=\"https:\/\/proclass.com.br\/home\/2012\/08\/como-converter-projetos-avid-media-composer-para-final-cut-pro\/\" \/>\n<meta property=\"og:locale\" content=\"pt_BR\" \/>\n<meta property=\"og:type\" content=\"article\" \/>\n<meta property=\"og:title\" content=\"Como converter projetos Avid Media Composer para Final Cut Pro? - PROCLASS\" \/>\n<meta property=\"og:description\" content=\"Esta \u00e9 uma d\u00favida recorrente n\u00e3o apenas entre os editores de v\u00eddeo. Usu\u00e1rios de \u00e1udio tamb\u00e9m sentem necessidade de converter sess\u00f5es de Pro Tools para Cubase, Nuendo, Sonar, Logic Pro etc. E n\u00e3o de maneira diferente, usu\u00e1rios de Finale, Sibelius, Notion ou Encore podem ter interesse em converter suas partituras de um software para outro.Continue reading &rarr;\" \/>\n<meta property=\"og:url\" content=\"https:\/\/proclass.com.br\/home\/2012\/08\/como-converter-projetos-avid-media-composer-para-final-cut-pro\/\" \/>\n<meta property=\"og:site_name\" content=\"PROCLASS\" \/>\n<meta property=\"article:published_time\" content=\"2012-08-07T16:33:01+00:00\" \/>\n<meta property=\"article:modified_time\" content=\"2012-08-24T01:42:54+00:00\" \/>\n<meta property=\"og:image\" content=\"https:\/\/proclass.com.br\/home\/wp-content\/uploads\/2012\/08\/fcp-to-mc.png\" \/>\n\t<meta property=\"og:image:width\" content=\"200\" \/>\n\t<meta property=\"og:image:height\" content=\"93\" \/>\n\t<meta property=\"og:image:type\" content=\"image\/png\" \/>\n<meta name=\"author\" content=\"ProClass Treinamentos\" \/>\n<meta name=\"twitter:card\" content=\"summary_large_image\" \/>\n<meta name=\"twitter:label1\" content=\"Escrito por\" \/>\n\t<meta name=\"twitter:data1\" content=\"ProClass Treinamentos\" \/>\n\t<meta name=\"twitter:label2\" content=\"Est. tempo de leitura\" \/>\n\t<meta name=\"twitter:data2\" content=\"1 minuto\" \/>\n<script type=\"application\/ld+json\" class=\"yoast-schema-graph\">{\"@context\":\"https:\/\/schema.org\",\"@graph\":[{\"@type\":\"Article\",\"@id\":\"https:\/\/proclass.com.br\/home\/2012\/08\/como-converter-projetos-avid-media-composer-para-final-cut-pro\/#article\",\"isPartOf\":{\"@id\":\"https:\/\/proclass.com.br\/home\/2012\/08\/como-converter-projetos-avid-media-composer-para-final-cut-pro\/\"},\"author\":{\"name\":\"ProClass Treinamentos\",\"@id\":\"https:\/\/proclass.com.br\/home\/#\/schema\/person\/f89e1eb93d5d32c0bb465c52f87f5a00\"},\"headline\":\"Como converter projetos Avid Media Composer para Final Cut Pro?\",\"datePublished\":\"2012-08-07T16:33:01+00:00\",\"dateModified\":\"2012-08-24T01:42:54+00:00\",\"mainEntityOfPage\":{\"@id\":\"https:\/\/proclass.com.br\/home\/2012\/08\/como-converter-projetos-avid-media-composer-para-final-cut-pro\/\"},\"wordCount\":259,\"commentCount\":3,\"publisher\":{\"@id\":\"https:\/\/proclass.com.br\/home\/#organization\"},\"image\":{\"@id\":\"https:\/\/proclass.com.br\/home\/2012\/08\/como-converter-projetos-avid-media-composer-para-final-cut-pro\/#primaryimage\"},\"thumbnailUrl\":\"https:\/\/proclass.com.br\/home\/wp-content\/uploads\/2012\/08\/fcp-to-mc.png\",\"keywords\":[\"adobe after effects\",\"avid media composer\",\"boris fx\",\"nuendo\",\"pela\",\"plug ins\",\"pro tools\",\"que promete\",\"seja\",\"sibelius\"],\"articleSection\":[\"Not\u00edcias\"],\"inLanguage\":\"pt-BR\",\"potentialAction\":[{\"@type\":\"CommentAction\",\"name\":\"Comment\",\"target\":[\"https:\/\/proclass.com.br\/home\/2012\/08\/como-converter-projetos-avid-media-composer-para-final-cut-pro\/#respond\"]}]},{\"@type\":\"WebPage\",\"@id\":\"https:\/\/proclass.com.br\/home\/2012\/08\/como-converter-projetos-avid-media-composer-para-final-cut-pro\/\",\"url\":\"https:\/\/proclass.com.br\/home\/2012\/08\/como-converter-projetos-avid-media-composer-para-final-cut-pro\/\",\"name\":\"Como converter projetos Avid Media Composer para Final Cut Pro? - PROCLASS\",\"isPartOf\":{\"@id\":\"https:\/\/proclass.com.br\/home\/#website\"},\"primaryImageOfPage\":{\"@id\":\"https:\/\/proclass.com.br\/home\/2012\/08\/como-converter-projetos-avid-media-composer-para-final-cut-pro\/#primaryimage\"},\"image\":{\"@id\":\"https:\/\/proclass.com.br\/home\/2012\/08\/como-converter-projetos-avid-media-composer-para-final-cut-pro\/#primaryimage\"},\"thumbnailUrl\":\"https:\/\/proclass.com.br\/home\/wp-content\/uploads\/2012\/08\/fcp-to-mc.png\",\"datePublished\":\"2012-08-07T16:33:01+00:00\",\"dateModified\":\"2012-08-24T01:42:54+00:00\",\"breadcrumb\":{\"@id\":\"https:\/\/proclass.com.br\/home\/2012\/08\/como-converter-projetos-avid-media-composer-para-final-cut-pro\/#breadcrumb\"},\"inLanguage\":\"pt-BR\",\"potentialAction\":[{\"@type\":\"ReadAction\",\"target\":[\"https:\/\/proclass.com.br\/home\/2012\/08\/como-converter-projetos-avid-media-composer-para-final-cut-pro\/\"]}]},{\"@type\":\"ImageObject\",\"inLanguage\":\"pt-BR\",\"@id\":\"https:\/\/proclass.com.br\/home\/2012\/08\/como-converter-projetos-avid-media-composer-para-final-cut-pro\/#primaryimage\",\"url\":\"https:\/\/proclass.com.br\/home\/wp-content\/uploads\/2012\/08\/fcp-to-mc.png\",\"contentUrl\":\"https:\/\/proclass.com.br\/home\/wp-content\/uploads\/2012\/08\/fcp-to-mc.png\",\"width\":\"200\",\"height\":\"93\"},{\"@type\":\"BreadcrumbList\",\"@id\":\"https:\/\/proclass.com.br\/home\/2012\/08\/como-converter-projetos-avid-media-composer-para-final-cut-pro\/#breadcrumb\",\"itemListElement\":[{\"@type\":\"ListItem\",\"position\":1,\"name\":\"In\u00edcio\",\"item\":\"https:\/\/proclass.com.br\/home\/\"},{\"@type\":\"ListItem\",\"position\":2,\"name\":\"Como converter projetos Avid Media Composer para Final Cut Pro?\"}]},{\"@type\":\"WebSite\",\"@id\":\"https:\/\/proclass.com.br\/home\/#website\",\"url\":\"https:\/\/proclass.com.br\/home\/\",\"name\":\"PROCLASS\",\"description\":\"CURSOS E TREINAMENTOS\",\"publisher\":{\"@id\":\"https:\/\/proclass.com.br\/home\/#organization\"},\"potentialAction\":[{\"@type\":\"SearchAction\",\"target\":{\"@type\":\"EntryPoint\",\"urlTemplate\":\"https:\/\/proclass.com.br\/home\/?s={search_term_string}\"},\"query-input\":{\"@type\":\"PropertyValueSpecification\",\"valueRequired\":true,\"valueName\":\"search_term_string\"}}],\"inLanguage\":\"pt-BR\"},{\"@type\":\"Organization\",\"@id\":\"https:\/\/proclass.com.br\/home\/#organization\",\"name\":\"PROCLASS\",\"url\":\"https:\/\/proclass.com.br\/home\/\",\"logo\":{\"@type\":\"ImageObject\",\"inLanguage\":\"pt-BR\",\"@id\":\"https:\/\/proclass.com.br\/home\/#\/schema\/logo\/image\/\",\"url\":\"https:\/\/proclass.com.br\/home\/wp-content\/uploads\/2023\/06\/CABECALHO-black_PROCLASS-2023.png\",\"contentUrl\":\"https:\/\/proclass.com.br\/home\/wp-content\/uploads\/2023\/06\/CABECALHO-black_PROCLASS-2023.png\",\"width\":2563,\"height\":911,\"caption\":\"PROCLASS\"},\"image\":{\"@id\":\"https:\/\/proclass.com.br\/home\/#\/schema\/logo\/image\/\"}},{\"@type\":\"Person\",\"@id\":\"https:\/\/proclass.com.br\/home\/#\/schema\/person\/f89e1eb93d5d32c0bb465c52f87f5a00\",\"name\":\"ProClass Treinamentos\",\"image\":{\"@type\":\"ImageObject\",\"inLanguage\":\"pt-BR\",\"@id\":\"https:\/\/proclass.com.br\/home\/#\/schema\/person\/image\/\",\"url\":\"https:\/\/secure.gravatar.com\/avatar\/3878d7a575c7ac355d2c778d5de04af08b7c5a7d9f19b2889f26cc7d80a6a832?s=96&d=blank&r=g\",\"contentUrl\":\"https:\/\/secure.gravatar.com\/avatar\/3878d7a575c7ac355d2c778d5de04af08b7c5a7d9f19b2889f26cc7d80a6a832?s=96&d=blank&r=g\",\"caption\":\"ProClass Treinamentos\"},\"url\":\"https:\/\/proclass.com.br\/home\/author\/proclass\/\"}]}<\/script>\n<!-- \/ Yoast SEO plugin. -->","yoast_head_json":{"title":"Como converter projetos Avid Media Composer para Final Cut Pro? - PROCLASS","robots":{"index":"index","follow":"follow","max-snippet":"max-snippet:-1","max-image-preview":"max-image-preview:large","max-video-preview":"max-video-preview:-1"},"canonical":"https:\/\/proclass.com.br\/home\/2012\/08\/como-converter-projetos-avid-media-composer-para-final-cut-pro\/","og_locale":"pt_BR","og_type":"article","og_title":"Como converter projetos Avid Media Composer para Final Cut Pro? - PROCLASS","og_description":"Esta \u00e9 uma d\u00favida recorrente n\u00e3o apenas entre os editores de v\u00eddeo. Usu\u00e1rios de \u00e1udio tamb\u00e9m sentem necessidade de converter sess\u00f5es de Pro Tools para Cubase, Nuendo, Sonar, Logic Pro etc. E n\u00e3o de maneira diferente, usu\u00e1rios de Finale, Sibelius, Notion ou Encore podem ter interesse em converter suas partituras de um software para outro.Continue reading &rarr;","og_url":"https:\/\/proclass.com.br\/home\/2012\/08\/como-converter-projetos-avid-media-composer-para-final-cut-pro\/","og_site_name":"PROCLASS","article_published_time":"2012-08-07T16:33:01+00:00","article_modified_time":"2012-08-24T01:42:54+00:00","og_image":[{"width":200,"height":93,"url":"https:\/\/proclass.com.br\/home\/wp-content\/uploads\/2012\/08\/fcp-to-mc.png","type":"image\/png"}],"author":"ProClass Treinamentos","twitter_card":"summary_large_image","twitter_misc":{"Escrito por":"ProClass Treinamentos","Est. tempo de leitura":"1 minuto"},"schema":{"@context":"https:\/\/schema.org","@graph":[{"@type":"Article","@id":"https:\/\/proclass.com.br\/home\/2012\/08\/como-converter-projetos-avid-media-composer-para-final-cut-pro\/#article","isPartOf":{"@id":"https:\/\/proclass.com.br\/home\/2012\/08\/como-converter-projetos-avid-media-composer-para-final-cut-pro\/"},"author":{"name":"ProClass Treinamentos","@id":"https:\/\/proclass.com.br\/home\/#\/schema\/person\/f89e1eb93d5d32c0bb465c52f87f5a00"},"headline":"Como converter projetos Avid Media Composer para Final Cut Pro?","datePublished":"2012-08-07T16:33:01+00:00","dateModified":"2012-08-24T01:42:54+00:00","mainEntityOfPage":{"@id":"https:\/\/proclass.com.br\/home\/2012\/08\/como-converter-projetos-avid-media-composer-para-final-cut-pro\/"},"wordCount":259,"commentCount":3,"publisher":{"@id":"https:\/\/proclass.com.br\/home\/#organization"},"image":{"@id":"https:\/\/proclass.com.br\/home\/2012\/08\/como-converter-projetos-avid-media-composer-para-final-cut-pro\/#primaryimage"},"thumbnailUrl":"https:\/\/proclass.com.br\/home\/wp-content\/uploads\/2012\/08\/fcp-to-mc.png","keywords":["adobe after effects","avid media composer","boris fx","nuendo","pela","plug ins","pro tools","que promete","seja","sibelius"],"articleSection":["Not\u00edcias"],"inLanguage":"pt-BR","potentialAction":[{"@type":"CommentAction","name":"Comment","target":["https:\/\/proclass.com.br\/home\/2012\/08\/como-converter-projetos-avid-media-composer-para-final-cut-pro\/#respond"]}]},{"@type":"WebPage","@id":"https:\/\/proclass.com.br\/home\/2012\/08\/como-converter-projetos-avid-media-composer-para-final-cut-pro\/","url":"https:\/\/proclass.com.br\/home\/2012\/08\/como-converter-projetos-avid-media-composer-para-final-cut-pro\/","name":"Como converter projetos Avid Media Composer para Final Cut Pro? - PROCLASS","isPartOf":{"@id":"https:\/\/proclass.com.br\/home\/#website"},"primaryImageOfPage":{"@id":"https:\/\/proclass.com.br\/home\/2012\/08\/como-converter-projetos-avid-media-composer-para-final-cut-pro\/#primaryimage"},"image":{"@id":"https:\/\/proclass.com.br\/home\/2012\/08\/como-converter-projetos-avid-media-composer-para-final-cut-pro\/#primaryimage"},"thumbnailUrl":"https:\/\/proclass.com.br\/home\/wp-content\/uploads\/2012\/08\/fcp-to-mc.png","datePublished":"2012-08-07T16:33:01+00:00","dateModified":"2012-08-24T01:42:54+00:00","breadcrumb":{"@id":"https:\/\/proclass.com.br\/home\/2012\/08\/como-converter-projetos-avid-media-composer-para-final-cut-pro\/#breadcrumb"},"inLanguage":"pt-BR","potentialAction":[{"@type":"ReadAction","target":["https:\/\/proclass.com.br\/home\/2012\/08\/como-converter-projetos-avid-media-composer-para-final-cut-pro\/"]}]},{"@type":"ImageObject","inLanguage":"pt-BR","@id":"https:\/\/proclass.com.br\/home\/2012\/08\/como-converter-projetos-avid-media-composer-para-final-cut-pro\/#primaryimage","url":"https:\/\/proclass.com.br\/home\/wp-content\/uploads\/2012\/08\/fcp-to-mc.png","contentUrl":"https:\/\/proclass.com.br\/home\/wp-content\/uploads\/2012\/08\/fcp-to-mc.png","width":"200","height":"93"},{"@type":"BreadcrumbList","@id":"https:\/\/proclass.com.br\/home\/2012\/08\/como-converter-projetos-avid-media-composer-para-final-cut-pro\/#breadcrumb","itemListElement":[{"@type":"ListItem","position":1,"name":"In\u00edcio","item":"https:\/\/proclass.com.br\/home\/"},{"@type":"ListItem","position":2,"name":"Como converter projetos Avid Media Composer para Final Cut Pro?"}]},{"@type":"WebSite","@id":"https:\/\/proclass.com.br\/home\/#website","url":"https:\/\/proclass.com.br\/home\/","name":"PROCLASS","description":"CURSOS E TREINAMENTOS","publisher":{"@id":"https:\/\/proclass.com.br\/home\/#organization"},"potentialAction":[{"@type":"SearchAction","target":{"@type":"EntryPoint","urlTemplate":"https:\/\/proclass.com.br\/home\/?s={search_term_string}"},"query-input":{"@type":"PropertyValueSpecification","valueRequired":true,"valueName":"search_term_string"}}],"inLanguage":"pt-BR"},{"@type":"Organization","@id":"https:\/\/proclass.com.br\/home\/#organization","name":"PROCLASS","url":"https:\/\/proclass.com.br\/home\/","logo":{"@type":"ImageObject","inLanguage":"pt-BR","@id":"https:\/\/proclass.com.br\/home\/#\/schema\/logo\/image\/","url":"https:\/\/proclass.com.br\/home\/wp-content\/uploads\/2023\/06\/CABECALHO-black_PROCLASS-2023.png","contentUrl":"https:\/\/proclass.com.br\/home\/wp-content\/uploads\/2023\/06\/CABECALHO-black_PROCLASS-2023.png","width":2563,"height":911,"caption":"PROCLASS"},"image":{"@id":"https:\/\/proclass.com.br\/home\/#\/schema\/logo\/image\/"}},{"@type":"Person","@id":"https:\/\/proclass.com.br\/home\/#\/schema\/person\/f89e1eb93d5d32c0bb465c52f87f5a00","name":"ProClass Treinamentos","image":{"@type":"ImageObject","inLanguage":"pt-BR","@id":"https:\/\/proclass.com.br\/home\/#\/schema\/person\/image\/","url":"https:\/\/secure.gravatar.com\/avatar\/3878d7a575c7ac355d2c778d5de04af08b7c5a7d9f19b2889f26cc7d80a6a832?s=96&d=blank&r=g","contentUrl":"https:\/\/secure.gravatar.com\/avatar\/3878d7a575c7ac355d2c778d5de04af08b7c5a7d9f19b2889f26cc7d80a6a832?s=96&d=blank&r=g","caption":"ProClass Treinamentos"},"url":"https:\/\/proclass.com.br\/home\/author\/proclass\/"}]}},"_links":{"self":[{"href":"https:\/\/proclass.com.br\/home\/wp-json\/wp\/v2\/posts\/448","targetHints":{"allow":["GET"]}}],"collection":[{"href":"https:\/\/proclass.com.br\/home\/wp-json\/wp\/v2\/posts"}],"about":[{"href":"https:\/\/proclass.com.br\/home\/wp-json\/wp\/v2\/types\/post"}],"author":[{"embeddable":true,"href":"https:\/\/proclass.com.br\/home\/wp-json\/wp\/v2\/users\/4"}],"replies":[{"embeddable":true,"href":"https:\/\/proclass.com.br\/home\/wp-json\/wp\/v2\/comments?post=448"}],"version-history":[{"count":0,"href":"https:\/\/proclass.com.br\/home\/wp-json\/wp\/v2\/posts\/448\/revisions"}],"wp:featuredmedia":[{"embeddable":true,"href":"https:\/\/proclass.com.br\/home\/wp-json\/wp\/v2\/media\/449"}],"wp:attachment":[{"href":"https:\/\/proclass.com.br\/home\/wp-json\/wp\/v2\/media?parent=448"}],"wp:term":[{"taxonomy":"category","embeddable":true,"href":"https:\/\/proclass.com.br\/home\/wp-json\/wp\/v2\/categories?post=448"},{"taxonomy":"post_tag","embeddable":true,"href":"https:\/\/proclass.com.br\/home\/wp-json\/wp\/v2\/tags?post=448"}],"curies":[{"name":"wp","href":"https:\/\/api.w.org\/{rel}","templated":true}]}}