{"id":439,"date":"2012-07-31T13:25:39","date_gmt":"2012-07-31T16:25:39","guid":{"rendered":"http:\/\/proclass.com.br\/home\/?p=439"},"modified":"2012-08-23T22:42:56","modified_gmt":"2012-08-24T01:42:56","slug":"mac-os-x-10-8-mountain-lion-e-o-pro-tools-10","status":"publish","type":"post","link":"https:\/\/proclass.com.br\/home\/2012\/07\/mac-os-x-10-8-mountain-lion-e-o-pro-tools-10\/","title":{"rendered":"Mac OS X 10.8 Mountain Lion e o Pro Tools 10"},"content":{"rendered":"<p style=\"text-align: justify;\">A Apple mal lan\u00e7ou a nova atualiza\u00e7\u00e3o de seu sistema operacional OSX 10.8 Mountain Lion e j\u00e1 existem v\u00e1rios sites, blogs e v\u00eddeos no YouTube falando sobre a incompatibilidade dele com o Pro Tools 10.<\/p>\n<p style=\"text-align: justify;\">Tamb\u00e9m pudera, o sistema acabou de ser lan\u00e7ado e mesmo a Apple e a Avid trabalhando perto uma da outra para que o processo de compatibilidade seja mais r\u00e1pido, n\u00e3o garante que isso aconte\u00e7a no dia do lan\u00e7amento.<!--more--><\/p>\n<p style=\"text-align: justify;\">No seu site, publicou uma nota esclarecendo sobre quest\u00f5es de compatibilidade e futuros updates. Neste link est\u00e1 a not\u00edcia na \u00edntegra:<\/p>\n<p style=\"text-align: justify;\"><a href=\"http:\/\/www.avid.com\/static\/resources\/common\/documents\/MountainLion.pdf?intcmp=AV-HP-S3\" target=\"_blank\">http:\/\/www.avid.com\/static\/resources\/common\/documents\/MountainLion.pdf?intcmp=AV-HP-S3<\/a><\/p>\n<p style=\"text-align: justify;\"><strong>Abaixo, segue um resumo com tradu\u00e7\u00e3o livre:<\/strong><\/p>\n<p style=\"text-align: justify;\">A Avid ir\u00e1 anunciar\u00a0a disponibilidade dos seguintes produtos e sua compatibilidade com o Mac OS X 10,8 em uma data posterior.\u00a0(Por favor, visite o site da Avid em www.avid.com para obter informa\u00e7\u00f5es mais atualizadas):<\/p>\n<p style=\"text-align: justify;\">\u2022 Pro Tools<br \/>\n\u2022 Media Composer<br \/>\n\u2022 Sibelius Software<\/p>\n<p style=\"text-align: justify;\">Vers\u00f5es dos softwares da Avid que ainda n\u00e3o s\u00e3o de c\u00f3digo-assinado pode causar com que o Gatekeeper \u00a0mostre uma caixa de di\u00e1logo avisando ao usu\u00e1rio que o aplicativo n\u00e3o \u00e9 de\u00a0c\u00f3digo-assinado. Voc\u00ea pode prosseguir com a instala\u00e7\u00e3o facilmente atrav\u00e9s desses\u00a0passos para contornar a restri\u00e7\u00e3o do Gatekeeper ao instalar:<\/p>\n<p style=\"text-align: justify;\">\u2022 Mantenha a tecla Control precionada<br \/>\n\u2022 Clique no pacote de instala\u00e7\u00e3o que voc\u00ea deseja abrir. Um menu ir\u00e1 aparecer perto do cursor<br \/>\n\u2022 Selecione \u201cOpen\u201d no menu que aparece. Uma nova caixa de di\u00e1logo ir\u00e1 aparecer<br \/>\n\u2022 Selecione \u201cOpen anyway\u201d na caixa de di\u00e1logo. Isto permitir\u00e1 com que voc\u00ea continue com a instala\u00e7\u00e3o, independentemente da confirgura\u00e7\u00e3o do Gatekeeper.<\/p>\n<p style=\"text-align: justify;\">Os usu\u00e1rios podem ter certeza de que a Avid tem\u00a0planos para\u00a0fornecer suporte para o\u00a0OS X 10.8 \u00a0e sua nova funcionalidade de seguran\u00e7a, o Gatekeeper, que verifica se os softwares tem uma assinatura digital que\u00a0identifica o seu autor. Esta medida de seguran\u00e7a serve para proteger os usu\u00e1rios do Mac OS X da instala\u00e7\u00e3o de softwares n\u00e3o assinados, incluindo malware, que normalmente \u00e9 criado\u00a0por autores que, naturalmente, n\u00e3o querem ser identificados. A Avid est\u00e1 agora no processo de elabora\u00e7\u00e3o de vers\u00f5es de c\u00f3digo-assinados de seus aplicativos, que s\u00e3o\u00a0compat\u00edvel com o Mountain Lion, mas perceberam que os usu\u00e1rios desejam trabalhar temporariamente com as vers\u00f5es que ainda n\u00e3o foram assinados. Softwares n\u00e3o assinados podem desencadear\u00a0mensagens de aviso do Gatekeeper, da qual os usu\u00e1rios podem facilmente contornar, e proceder com a instala\u00e7\u00e3o do software.<\/p>\n<p style=\"text-align: justify;\">Os usu\u00e1rios tamb\u00e9m podem escolher nas configura\u00e7\u00f5es do Gatekeeper na janela de Prefer\u00eancias do Sistema para n\u00e3o verem mais estas mensagens de aviso, mas devem estar cientes de que a redu\u00e7\u00e3o do n\u00edvel de seguran\u00e7a aumenta o risco de, inadvertidamente, instalar e executar algum software que pode prejudicar o sistema ou comprometer a seguran\u00e7a de seus dados.<\/p>\n<p style=\"text-align: justify;\">Assim que uma vers\u00e3o est\u00e1vel e confi\u00e1vel do Pro Tools 10 sair n\u00f3s voltaremos a escrever e a informar voc\u00ea aluno e leitor do blog.<\/p>\n<p style=\"text-align: justify;\">Fonte:\u00a0http:\/\/www.avid.com\/static\/resources\/common\/documents\/MountainLion.pdf?intcmp=AV-HP-S3<\/p>\n","protected":false},"excerpt":{"rendered":"<p>A Apple mal lan\u00e7ou a nova atualiza\u00e7\u00e3o de seu sistema operacional OSX 10.8 Mountain Lion e j\u00e1 existem v\u00e1rios sites, blogs e v\u00eddeos no YouTube falando sobre a incompatibilidade dele com o Pro Tools 10. Tamb\u00e9m pudera, o sistema acabou de ser lan\u00e7ado e mesmo a Apple e a Avid trabalhando perto uma da outraContinue reading &rarr;<\/p>\n","protected":false},"author":4,"featured_media":0,"comment_status":"open","ping_status":"open","sticky":false,"template":"","format":"standard","meta":{"footnotes":""},"categories":[13],"tags":[44,48,45,35,49,47,42,24,43,40],"class_list":["post-439","post","type-post","status-publish","format-standard","hentry","category-noticias","tag-garante","tag-informa","tag-mac-os-x","tag-pro-tools","tag-que-isso","tag-resumo","tag-sibelius-software","tag-sistema-operacional","tag-suporte","tag-tradu","no-thumb"],"yoast_head":"<!-- This site is optimized with the Yoast SEO plugin v26.9 - https:\/\/yoast.com\/product\/yoast-seo-wordpress\/ -->\n<title>Mac OS X 10.8 Mountain Lion e o Pro Tools 10 - PROCLASS<\/title>\n<meta name=\"robots\" content=\"index, follow, max-snippet:-1, max-image-preview:large, max-video-preview:-1\" \/>\n<link rel=\"canonical\" href=\"https:\/\/proclass.com.br\/home\/2012\/07\/mac-os-x-10-8-mountain-lion-e-o-pro-tools-10\/\" \/>\n<meta property=\"og:locale\" content=\"pt_BR\" \/>\n<meta property=\"og:type\" content=\"article\" \/>\n<meta property=\"og:title\" content=\"Mac OS X 10.8 Mountain Lion e o Pro Tools 10 - PROCLASS\" \/>\n<meta property=\"og:description\" content=\"A Apple mal lan\u00e7ou a nova atualiza\u00e7\u00e3o de seu sistema operacional OSX 10.8 Mountain Lion e j\u00e1 existem v\u00e1rios sites, blogs e v\u00eddeos no YouTube falando sobre a incompatibilidade dele com o Pro Tools 10. Tamb\u00e9m pudera, o sistema acabou de ser lan\u00e7ado e mesmo a Apple e a Avid trabalhando perto uma da outraContinue reading &rarr;\" \/>\n<meta property=\"og:url\" content=\"https:\/\/proclass.com.br\/home\/2012\/07\/mac-os-x-10-8-mountain-lion-e-o-pro-tools-10\/\" \/>\n<meta property=\"og:site_name\" content=\"PROCLASS\" \/>\n<meta property=\"article:published_time\" content=\"2012-07-31T16:25:39+00:00\" \/>\n<meta property=\"article:modified_time\" content=\"2012-08-24T01:42:56+00:00\" \/>\n<meta property=\"og:image\" content=\"https:\/\/proclass.com.br\/home\/wp-content\/uploads\/2012\/08\/mountain-lion-pro-tools-240x163.jpeg\" \/>\n\t<meta property=\"og:image:width\" content=\"240\" \/>\n\t<meta property=\"og:image:height\" content=\"163\" \/>\n\t<meta property=\"og:image:type\" content=\"image\/jpeg\" \/>\n<meta name=\"author\" content=\"ProClass Treinamentos\" \/>\n<meta name=\"twitter:card\" content=\"summary_large_image\" \/>\n<meta name=\"twitter:label1\" content=\"Escrito por\" \/>\n\t<meta name=\"twitter:data1\" content=\"ProClass Treinamentos\" \/>\n\t<meta name=\"twitter:label2\" content=\"Est. tempo de leitura\" \/>\n\t<meta name=\"twitter:data2\" content=\"3 minutos\" \/>\n<script type=\"application\/ld+json\" class=\"yoast-schema-graph\">{\"@context\":\"https:\/\/schema.org\",\"@graph\":[{\"@type\":\"Article\",\"@id\":\"https:\/\/proclass.com.br\/home\/2012\/07\/mac-os-x-10-8-mountain-lion-e-o-pro-tools-10\/#article\",\"isPartOf\":{\"@id\":\"https:\/\/proclass.com.br\/home\/2012\/07\/mac-os-x-10-8-mountain-lion-e-o-pro-tools-10\/\"},\"author\":{\"name\":\"ProClass Treinamentos\",\"@id\":\"https:\/\/proclass.com.br\/home\/#\/schema\/person\/f89e1eb93d5d32c0bb465c52f87f5a00\"},\"headline\":\"Mac OS X 10.8 Mountain Lion e o Pro Tools 10\",\"datePublished\":\"2012-07-31T16:25:39+00:00\",\"dateModified\":\"2012-08-24T01:42:56+00:00\",\"mainEntityOfPage\":{\"@id\":\"https:\/\/proclass.com.br\/home\/2012\/07\/mac-os-x-10-8-mountain-lion-e-o-pro-tools-10\/\"},\"wordCount\":556,\"commentCount\":0,\"publisher\":{\"@id\":\"https:\/\/proclass.com.br\/home\/#organization\"},\"keywords\":[\"garante\",\"informa\",\"mac os x\",\"pro tools\",\"que isso\",\"resumo\",\"sibelius software\",\"sistema operacional\",\"suporte\",\"tradu\"],\"articleSection\":[\"Not\u00edcias\"],\"inLanguage\":\"pt-BR\",\"potentialAction\":[{\"@type\":\"CommentAction\",\"name\":\"Comment\",\"target\":[\"https:\/\/proclass.com.br\/home\/2012\/07\/mac-os-x-10-8-mountain-lion-e-o-pro-tools-10\/#respond\"]}]},{\"@type\":\"WebPage\",\"@id\":\"https:\/\/proclass.com.br\/home\/2012\/07\/mac-os-x-10-8-mountain-lion-e-o-pro-tools-10\/\",\"url\":\"https:\/\/proclass.com.br\/home\/2012\/07\/mac-os-x-10-8-mountain-lion-e-o-pro-tools-10\/\",\"name\":\"Mac OS X 10.8 Mountain Lion e o Pro Tools 10 - PROCLASS\",\"isPartOf\":{\"@id\":\"https:\/\/proclass.com.br\/home\/#website\"},\"datePublished\":\"2012-07-31T16:25:39+00:00\",\"dateModified\":\"2012-08-24T01:42:56+00:00\",\"breadcrumb\":{\"@id\":\"https:\/\/proclass.com.br\/home\/2012\/07\/mac-os-x-10-8-mountain-lion-e-o-pro-tools-10\/#breadcrumb\"},\"inLanguage\":\"pt-BR\",\"potentialAction\":[{\"@type\":\"ReadAction\",\"target\":[\"https:\/\/proclass.com.br\/home\/2012\/07\/mac-os-x-10-8-mountain-lion-e-o-pro-tools-10\/\"]}]},{\"@type\":\"BreadcrumbList\",\"@id\":\"https:\/\/proclass.com.br\/home\/2012\/07\/mac-os-x-10-8-mountain-lion-e-o-pro-tools-10\/#breadcrumb\",\"itemListElement\":[{\"@type\":\"ListItem\",\"position\":1,\"name\":\"In\u00edcio\",\"item\":\"https:\/\/proclass.com.br\/home\/\"},{\"@type\":\"ListItem\",\"position\":2,\"name\":\"Mac OS X 10.8 Mountain Lion e o Pro Tools 10\"}]},{\"@type\":\"WebSite\",\"@id\":\"https:\/\/proclass.com.br\/home\/#website\",\"url\":\"https:\/\/proclass.com.br\/home\/\",\"name\":\"PROCLASS\",\"description\":\"CURSOS E TREINAMENTOS\",\"publisher\":{\"@id\":\"https:\/\/proclass.com.br\/home\/#organization\"},\"potentialAction\":[{\"@type\":\"SearchAction\",\"target\":{\"@type\":\"EntryPoint\",\"urlTemplate\":\"https:\/\/proclass.com.br\/home\/?s={search_term_string}\"},\"query-input\":{\"@type\":\"PropertyValueSpecification\",\"valueRequired\":true,\"valueName\":\"search_term_string\"}}],\"inLanguage\":\"pt-BR\"},{\"@type\":\"Organization\",\"@id\":\"https:\/\/proclass.com.br\/home\/#organization\",\"name\":\"PROCLASS\",\"url\":\"https:\/\/proclass.com.br\/home\/\",\"logo\":{\"@type\":\"ImageObject\",\"inLanguage\":\"pt-BR\",\"@id\":\"https:\/\/proclass.com.br\/home\/#\/schema\/logo\/image\/\",\"url\":\"https:\/\/proclass.com.br\/home\/wp-content\/uploads\/2023\/06\/CABECALHO-black_PROCLASS-2023.png\",\"contentUrl\":\"https:\/\/proclass.com.br\/home\/wp-content\/uploads\/2023\/06\/CABECALHO-black_PROCLASS-2023.png\",\"width\":2563,\"height\":911,\"caption\":\"PROCLASS\"},\"image\":{\"@id\":\"https:\/\/proclass.com.br\/home\/#\/schema\/logo\/image\/\"}},{\"@type\":\"Person\",\"@id\":\"https:\/\/proclass.com.br\/home\/#\/schema\/person\/f89e1eb93d5d32c0bb465c52f87f5a00\",\"name\":\"ProClass Treinamentos\",\"image\":{\"@type\":\"ImageObject\",\"inLanguage\":\"pt-BR\",\"@id\":\"https:\/\/proclass.com.br\/home\/#\/schema\/person\/image\/\",\"url\":\"https:\/\/secure.gravatar.com\/avatar\/3878d7a575c7ac355d2c778d5de04af08b7c5a7d9f19b2889f26cc7d80a6a832?s=96&d=blank&r=g\",\"contentUrl\":\"https:\/\/secure.gravatar.com\/avatar\/3878d7a575c7ac355d2c778d5de04af08b7c5a7d9f19b2889f26cc7d80a6a832?s=96&d=blank&r=g\",\"caption\":\"ProClass Treinamentos\"},\"url\":\"https:\/\/proclass.com.br\/home\/author\/proclass\/\"}]}<\/script>\n<!-- \/ Yoast SEO plugin. -->","yoast_head_json":{"title":"Mac OS X 10.8 Mountain Lion e o Pro Tools 10 - PROCLASS","robots":{"index":"index","follow":"follow","max-snippet":"max-snippet:-1","max-image-preview":"max-image-preview:large","max-video-preview":"max-video-preview:-1"},"canonical":"https:\/\/proclass.com.br\/home\/2012\/07\/mac-os-x-10-8-mountain-lion-e-o-pro-tools-10\/","og_locale":"pt_BR","og_type":"article","og_title":"Mac OS X 10.8 Mountain Lion e o Pro Tools 10 - PROCLASS","og_description":"A Apple mal lan\u00e7ou a nova atualiza\u00e7\u00e3o de seu sistema operacional OSX 10.8 Mountain Lion e j\u00e1 existem v\u00e1rios sites, blogs e v\u00eddeos no YouTube falando sobre a incompatibilidade dele com o Pro Tools 10. Tamb\u00e9m pudera, o sistema acabou de ser lan\u00e7ado e mesmo a Apple e a Avid trabalhando perto uma da outraContinue reading &rarr;","og_url":"https:\/\/proclass.com.br\/home\/2012\/07\/mac-os-x-10-8-mountain-lion-e-o-pro-tools-10\/","og_site_name":"PROCLASS","article_published_time":"2012-07-31T16:25:39+00:00","article_modified_time":"2012-08-24T01:42:56+00:00","og_image":[{"width":240,"height":163,"url":"https:\/\/proclass.com.br\/home\/wp-content\/uploads\/2012\/08\/mountain-lion-pro-tools-240x163.jpeg","type":"image\/jpeg"}],"author":"ProClass Treinamentos","twitter_card":"summary_large_image","twitter_misc":{"Escrito por":"ProClass Treinamentos","Est. tempo de leitura":"3 minutos"},"schema":{"@context":"https:\/\/schema.org","@graph":[{"@type":"Article","@id":"https:\/\/proclass.com.br\/home\/2012\/07\/mac-os-x-10-8-mountain-lion-e-o-pro-tools-10\/#article","isPartOf":{"@id":"https:\/\/proclass.com.br\/home\/2012\/07\/mac-os-x-10-8-mountain-lion-e-o-pro-tools-10\/"},"author":{"name":"ProClass Treinamentos","@id":"https:\/\/proclass.com.br\/home\/#\/schema\/person\/f89e1eb93d5d32c0bb465c52f87f5a00"},"headline":"Mac OS X 10.8 Mountain Lion e o Pro Tools 10","datePublished":"2012-07-31T16:25:39+00:00","dateModified":"2012-08-24T01:42:56+00:00","mainEntityOfPage":{"@id":"https:\/\/proclass.com.br\/home\/2012\/07\/mac-os-x-10-8-mountain-lion-e-o-pro-tools-10\/"},"wordCount":556,"commentCount":0,"publisher":{"@id":"https:\/\/proclass.com.br\/home\/#organization"},"keywords":["garante","informa","mac os x","pro tools","que isso","resumo","sibelius software","sistema operacional","suporte","tradu"],"articleSection":["Not\u00edcias"],"inLanguage":"pt-BR","potentialAction":[{"@type":"CommentAction","name":"Comment","target":["https:\/\/proclass.com.br\/home\/2012\/07\/mac-os-x-10-8-mountain-lion-e-o-pro-tools-10\/#respond"]}]},{"@type":"WebPage","@id":"https:\/\/proclass.com.br\/home\/2012\/07\/mac-os-x-10-8-mountain-lion-e-o-pro-tools-10\/","url":"https:\/\/proclass.com.br\/home\/2012\/07\/mac-os-x-10-8-mountain-lion-e-o-pro-tools-10\/","name":"Mac OS X 10.8 Mountain Lion e o Pro Tools 10 - PROCLASS","isPartOf":{"@id":"https:\/\/proclass.com.br\/home\/#website"},"datePublished":"2012-07-31T16:25:39+00:00","dateModified":"2012-08-24T01:42:56+00:00","breadcrumb":{"@id":"https:\/\/proclass.com.br\/home\/2012\/07\/mac-os-x-10-8-mountain-lion-e-o-pro-tools-10\/#breadcrumb"},"inLanguage":"pt-BR","potentialAction":[{"@type":"ReadAction","target":["https:\/\/proclass.com.br\/home\/2012\/07\/mac-os-x-10-8-mountain-lion-e-o-pro-tools-10\/"]}]},{"@type":"BreadcrumbList","@id":"https:\/\/proclass.com.br\/home\/2012\/07\/mac-os-x-10-8-mountain-lion-e-o-pro-tools-10\/#breadcrumb","itemListElement":[{"@type":"ListItem","position":1,"name":"In\u00edcio","item":"https:\/\/proclass.com.br\/home\/"},{"@type":"ListItem","position":2,"name":"Mac OS X 10.8 Mountain Lion e o Pro Tools 10"}]},{"@type":"WebSite","@id":"https:\/\/proclass.com.br\/home\/#website","url":"https:\/\/proclass.com.br\/home\/","name":"PROCLASS","description":"CURSOS E TREINAMENTOS","publisher":{"@id":"https:\/\/proclass.com.br\/home\/#organization"},"potentialAction":[{"@type":"SearchAction","target":{"@type":"EntryPoint","urlTemplate":"https:\/\/proclass.com.br\/home\/?s={search_term_string}"},"query-input":{"@type":"PropertyValueSpecification","valueRequired":true,"valueName":"search_term_string"}}],"inLanguage":"pt-BR"},{"@type":"Organization","@id":"https:\/\/proclass.com.br\/home\/#organization","name":"PROCLASS","url":"https:\/\/proclass.com.br\/home\/","logo":{"@type":"ImageObject","inLanguage":"pt-BR","@id":"https:\/\/proclass.com.br\/home\/#\/schema\/logo\/image\/","url":"https:\/\/proclass.com.br\/home\/wp-content\/uploads\/2023\/06\/CABECALHO-black_PROCLASS-2023.png","contentUrl":"https:\/\/proclass.com.br\/home\/wp-content\/uploads\/2023\/06\/CABECALHO-black_PROCLASS-2023.png","width":2563,"height":911,"caption":"PROCLASS"},"image":{"@id":"https:\/\/proclass.com.br\/home\/#\/schema\/logo\/image\/"}},{"@type":"Person","@id":"https:\/\/proclass.com.br\/home\/#\/schema\/person\/f89e1eb93d5d32c0bb465c52f87f5a00","name":"ProClass Treinamentos","image":{"@type":"ImageObject","inLanguage":"pt-BR","@id":"https:\/\/proclass.com.br\/home\/#\/schema\/person\/image\/","url":"https:\/\/secure.gravatar.com\/avatar\/3878d7a575c7ac355d2c778d5de04af08b7c5a7d9f19b2889f26cc7d80a6a832?s=96&d=blank&r=g","contentUrl":"https:\/\/secure.gravatar.com\/avatar\/3878d7a575c7ac355d2c778d5de04af08b7c5a7d9f19b2889f26cc7d80a6a832?s=96&d=blank&r=g","caption":"ProClass Treinamentos"},"url":"https:\/\/proclass.com.br\/home\/author\/proclass\/"}]}},"_links":{"self":[{"href":"https:\/\/proclass.com.br\/home\/wp-json\/wp\/v2\/posts\/439","targetHints":{"allow":["GET"]}}],"collection":[{"href":"https:\/\/proclass.com.br\/home\/wp-json\/wp\/v2\/posts"}],"about":[{"href":"https:\/\/proclass.com.br\/home\/wp-json\/wp\/v2\/types\/post"}],"author":[{"embeddable":true,"href":"https:\/\/proclass.com.br\/home\/wp-json\/wp\/v2\/users\/4"}],"replies":[{"embeddable":true,"href":"https:\/\/proclass.com.br\/home\/wp-json\/wp\/v2\/comments?post=439"}],"version-history":[{"count":0,"href":"https:\/\/proclass.com.br\/home\/wp-json\/wp\/v2\/posts\/439\/revisions"}],"wp:attachment":[{"href":"https:\/\/proclass.com.br\/home\/wp-json\/wp\/v2\/media?parent=439"}],"wp:term":[{"taxonomy":"category","embeddable":true,"href":"https:\/\/proclass.com.br\/home\/wp-json\/wp\/v2\/categories?post=439"},{"taxonomy":"post_tag","embeddable":true,"href":"https:\/\/proclass.com.br\/home\/wp-json\/wp\/v2\/tags?post=439"}],"curies":[{"name":"wp","href":"https:\/\/api.w.org\/{rel}","templated":true}]}}