{"id":434,"date":"2012-07-27T13:21:18","date_gmt":"2012-07-27T16:21:18","guid":{"rendered":"http:\/\/proclass.com.br\/home\/?p=434"},"modified":"2012-08-23T22:42:57","modified_gmt":"2012-08-24T01:42:57","slug":"vaga-no-departamento-comercial-da-proclass","status":"publish","type":"post","link":"https:\/\/proclass.com.br\/home\/2012\/07\/vaga-no-departamento-comercial-da-proclass\/","title":{"rendered":"Vaga no Departamento comercial da ProClass"},"content":{"rendered":"<p style=\"text-align: justify;\">A ProClass\u00a0est\u00e1 oferecendo uma vaga de coordena\u00e7\u00e3o no departamento comercial. Se voc\u00ea se encaixa no perfil abaixo entre em contato. Obrigado.<\/p>\n<div style=\"text-align: justify;\">\n<div><strong>Vaga no\u00a0<\/strong><strong>Departamento<\/strong><strong>\u00a0<\/strong><strong>comercial<\/strong><strong>\u00a0da ProClass Cursos e Treinamentos (Rio de Janeiro\/ RJ).<\/strong><\/div>\n<div><strong>Sobre a ProClass:<!--more--><\/strong><\/div>\n<div>\n<p>Nosso objetivo \u00e9 capacitar e qualificar profissionais de m\u00eddia. Como o \u00fanico centro autorizado Avid (Avid Learning Partner) \u00a0no Brasil para sistemas como Pro Tools e Media Composer, somos uma pequena empresa, mas com muitas metas e desafios. Com a premissa de oferecer excel\u00eancia no processo de ensino-aprendizagem, o desafio constante \u00e9 buscar os melhores profissionais para a equipe de colaboradores, que passa por instrutores com experi\u00eancia em diversas partes \u00a0do mundo, indo at\u00e9 gestores altamente qualificados.<\/p>\n<p>Para trilhar uma carreira de sucesso como membro da equipe ProClass, o candidato deve incorporar o padr\u00e3o de qualidade e de desafios impostos pelo dia-a-dia da empresa. Veja abaixo se voc\u00ea se adequa ao perfil do cargo e venha fazer parte de nossa equipe!<\/p>\n<p><strong>Sobre o cargo:<\/strong><\/p>\n<p><strong><\/strong>A ProClass est\u00e1 construindo um centro de treinamentos organizado com padr\u00e3o internacional, com a miss\u00e3o de reinventar a maneira na qual indiv\u00edduos e empresas aprendem e se mant\u00e9m atualizados nas tecnologias mais recentes e softwares de m\u00eddia, buscando sempre o melhor da experi\u00eancia educacional nacional e de fora do pa\u00eds, sem fronteiras. \u00a0O respons\u00e1vel pelo\u00a0departamento\u00a0comercial\u00a0<wbr>ter\u00e1 a oportunidade \u00fanica de ser pioneiro e contribuir para o crescimento corporativo de uma empresa de treinamentos, criando pacotes de cursos customizados que sejam adaptados \u00e0 realidade e demandas de indiv\u00eddos e empresas do mercado audiovisual. O foco do cargo \u00e9 desenvolver novas estrat\u00e9gias de vendas, materiais de marketing, negociar e estabelecer parcerias, sempre mirando o crescimento e produtividade da empresa.\u00a0\u00a0<\/wbr><\/p>\n<p><strong>O que ser\u00e1 feito:<\/strong><\/p>\n<div>\n<ul>\n<li>Divulgar e vender os servi\u00e7os de treinamentos para indiv\u00edduos e empresas;<\/li>\n<li>Prever, acompanhar e fazer relat\u00f3rios sobre a performance de vendas;<\/li>\n<li>Estar disposto a viajar at\u00e9 alguns clientes;<\/li>\n<li>Trabalhar junto ao Gerente da empresa e ajudar a promover um servi\u00e7o de alta qualidade, melhorando a experi\u00eancia de treinamentos dos clientes e estudantes;<\/li>\n<li>Pesquisar maneiras de otimizar processos e contas;<\/li>\n<li>Pesquisar maneiras de sempre melhorar a experi\u00eancia dos clientes, estudantes e parceiros.<\/li>\n<\/ul>\n<\/div>\n<div>\n<p><strong>Perfil desej\u00e1vel:<\/strong><\/p>\n<ul>\n<li>Ter mais de 2 anos de experi\u00eancia em vendas, com foco principal em gerar novos neg\u00f3cios;<\/li>\n<li>Pensamento estrat\u00e9gico para lidar e vender produtos entrantes no mercado;<\/li>\n<li>Ser capaz de tra\u00e7ar perfil de clientes;<\/li>\n<li>Ser capaz de estabelecer rela\u00e7\u00f5es com grandes empresas e entender suas estruturas;<\/li>\n<li>Ter profici\u00eancia em Macintosh e dispositivos Apple;<\/li>\n<li>Ter excelente poder de comunica\u00e7\u00e3o, apresenta\u00e7\u00e3o, prioriza\u00e7\u00e3o, foco, organiza\u00e7\u00e3o, pontualidade e compromisso com detalhes;<\/li>\n<li>Ser apaixonado por tecnologia e m\u00eddia;<\/li>\n<li>Vontade de aprender e descobrir novas habilidades;<\/li>\n<li>Ser extremamente profissional, falar bem e saber transitar entre o trabalho individual e em equipe;<\/li>\n<li>Ser capaz de acompanhar o seu desempenho e trabalhar com sistema de comiss\u00e3o e metas;<\/li>\n<li>Graduado em nos \u00faltimos per\u00edodos de cursos em \u00e1reas como marketing, administra\u00e7\u00e3o e afins.<\/li>\n<\/ul>\n<\/div>\n<\/div>\n<div>\n<div><strong>Como se candidatar:<\/strong><\/div>\n<ul>\n<li>Email para\u00a0<a href=\"mailto:info@proclass.com.br\" target=\"_blank\">info@proclass.com.br<\/a>\u00a0com o assunto \u201cVaga no\u00a0Departamento\u00a0Comercial\u201d , incluindo uma c\u00f3pia do curr\u00edculo atualizado, com foto.<\/li>\n<li>De forma resumida em um par\u00e1grafo, descrever o porqu\u00ea de querer trabalhar na ProClass<\/li>\n<\/ul>\n<p>Vagas para o Rio de Janeiro\/RJ. Remunera\u00e7\u00e3o baseada em performance, com proje\u00e7\u00e3o da carreira usando o sucesso na empresa como case para futuras atua\u00e7\u00f5es profissionais. Benef\u00edcios: alimenta\u00e7\u00e3o, transporte e um iPad da empresa como ferramenta de trabalho.<\/p>\n<p>Retornaremos para agendar entrevistas.<\/p>\n<\/div>\n<\/div>\n","protected":false},"excerpt":{"rendered":"<p>A ProClass\u00a0est\u00e1 oferecendo uma vaga de coordena\u00e7\u00e3o no departamento comercial. Se voc\u00ea se encaixa no perfil abaixo entre em contato. Obrigado. Vaga no\u00a0Departamento\u00a0comercial\u00a0da ProClass Cursos e Treinamentos (Rio de Janeiro\/ RJ). Sobre a ProClass:<\/p>\n","protected":false},"author":4,"featured_media":0,"comment_status":"open","ping_status":"open","sticky":false,"template":"","format":"standard","meta":{"footnotes":""},"categories":[13],"tags":[59,52,57,60,61,55,41,58,54,62],"class_list":["post-434","post","type-post","status-publish","format-standard","hentry","category-noticias","tag-aprendizagem","tag-candidato","tag-carreira","tag-experi","tag-gestores","tag-learning-partner","tag-media-composer","tag-os-melhores","tag-sucesso","tag-vendas","no-thumb"],"yoast_head":"<!-- This site is optimized with the Yoast SEO plugin v26.9 - https:\/\/yoast.com\/product\/yoast-seo-wordpress\/ -->\n<title>Vaga no Departamento comercial da ProClass - PROCLASS<\/title>\n<meta name=\"robots\" content=\"index, follow, max-snippet:-1, max-image-preview:large, max-video-preview:-1\" \/>\n<link rel=\"canonical\" href=\"https:\/\/proclass.com.br\/home\/2012\/07\/vaga-no-departamento-comercial-da-proclass\/\" \/>\n<meta property=\"og:locale\" content=\"pt_BR\" \/>\n<meta property=\"og:type\" content=\"article\" \/>\n<meta property=\"og:title\" content=\"Vaga no Departamento comercial da ProClass - PROCLASS\" \/>\n<meta property=\"og:description\" content=\"A ProClass\u00a0est\u00e1 oferecendo uma vaga de coordena\u00e7\u00e3o no departamento comercial. Se voc\u00ea se encaixa no perfil abaixo entre em contato. Obrigado. Vaga no\u00a0Departamento\u00a0comercial\u00a0da ProClass Cursos e Treinamentos (Rio de Janeiro\/ RJ). Sobre a ProClass:\" \/>\n<meta property=\"og:url\" content=\"https:\/\/proclass.com.br\/home\/2012\/07\/vaga-no-departamento-comercial-da-proclass\/\" \/>\n<meta property=\"og:site_name\" content=\"PROCLASS\" \/>\n<meta property=\"article:published_time\" content=\"2012-07-27T16:21:18+00:00\" \/>\n<meta property=\"article:modified_time\" content=\"2012-08-24T01:42:57+00:00\" \/>\n<meta property=\"og:image\" content=\"https:\/\/proclass.com.br\/home\/wp-content\/uploads\/2012\/07\/27jul.png\" \/>\n\t<meta property=\"og:image:width\" content=\"240\" \/>\n\t<meta property=\"og:image:height\" content=\"163\" \/>\n\t<meta property=\"og:image:type\" content=\"image\/png\" \/>\n<meta name=\"author\" content=\"ProClass Treinamentos\" \/>\n<meta name=\"twitter:card\" content=\"summary_large_image\" \/>\n<meta name=\"twitter:label1\" content=\"Escrito por\" \/>\n\t<meta name=\"twitter:data1\" content=\"ProClass Treinamentos\" \/>\n\t<meta name=\"twitter:label2\" content=\"Est. tempo de leitura\" \/>\n\t<meta name=\"twitter:data2\" content=\"3 minutos\" \/>\n<script type=\"application\/ld+json\" class=\"yoast-schema-graph\">{\"@context\":\"https:\/\/schema.org\",\"@graph\":[{\"@type\":\"Article\",\"@id\":\"https:\/\/proclass.com.br\/home\/2012\/07\/vaga-no-departamento-comercial-da-proclass\/#article\",\"isPartOf\":{\"@id\":\"https:\/\/proclass.com.br\/home\/2012\/07\/vaga-no-departamento-comercial-da-proclass\/\"},\"author\":{\"name\":\"ProClass Treinamentos\",\"@id\":\"https:\/\/proclass.com.br\/home\/#\/schema\/person\/f89e1eb93d5d32c0bb465c52f87f5a00\"},\"headline\":\"Vaga no Departamento comercial da ProClass\",\"datePublished\":\"2012-07-27T16:21:18+00:00\",\"dateModified\":\"2012-08-24T01:42:57+00:00\",\"mainEntityOfPage\":{\"@id\":\"https:\/\/proclass.com.br\/home\/2012\/07\/vaga-no-departamento-comercial-da-proclass\/\"},\"wordCount\":606,\"commentCount\":0,\"publisher\":{\"@id\":\"https:\/\/proclass.com.br\/home\/#organization\"},\"keywords\":[\"aprendizagem\",\"candidato\",\"carreira\",\"experi\",\"gestores\",\"learning partner\",\"media composer\",\"os melhores\",\"sucesso\",\"vendas\"],\"articleSection\":[\"Not\u00edcias\"],\"inLanguage\":\"pt-BR\",\"potentialAction\":[{\"@type\":\"CommentAction\",\"name\":\"Comment\",\"target\":[\"https:\/\/proclass.com.br\/home\/2012\/07\/vaga-no-departamento-comercial-da-proclass\/#respond\"]}]},{\"@type\":\"WebPage\",\"@id\":\"https:\/\/proclass.com.br\/home\/2012\/07\/vaga-no-departamento-comercial-da-proclass\/\",\"url\":\"https:\/\/proclass.com.br\/home\/2012\/07\/vaga-no-departamento-comercial-da-proclass\/\",\"name\":\"Vaga no Departamento comercial da ProClass - PROCLASS\",\"isPartOf\":{\"@id\":\"https:\/\/proclass.com.br\/home\/#website\"},\"datePublished\":\"2012-07-27T16:21:18+00:00\",\"dateModified\":\"2012-08-24T01:42:57+00:00\",\"breadcrumb\":{\"@id\":\"https:\/\/proclass.com.br\/home\/2012\/07\/vaga-no-departamento-comercial-da-proclass\/#breadcrumb\"},\"inLanguage\":\"pt-BR\",\"potentialAction\":[{\"@type\":\"ReadAction\",\"target\":[\"https:\/\/proclass.com.br\/home\/2012\/07\/vaga-no-departamento-comercial-da-proclass\/\"]}]},{\"@type\":\"BreadcrumbList\",\"@id\":\"https:\/\/proclass.com.br\/home\/2012\/07\/vaga-no-departamento-comercial-da-proclass\/#breadcrumb\",\"itemListElement\":[{\"@type\":\"ListItem\",\"position\":1,\"name\":\"In\u00edcio\",\"item\":\"https:\/\/proclass.com.br\/home\/\"},{\"@type\":\"ListItem\",\"position\":2,\"name\":\"Vaga no Departamento comercial da ProClass\"}]},{\"@type\":\"WebSite\",\"@id\":\"https:\/\/proclass.com.br\/home\/#website\",\"url\":\"https:\/\/proclass.com.br\/home\/\",\"name\":\"PROCLASS\",\"description\":\"CURSOS E TREINAMENTOS\",\"publisher\":{\"@id\":\"https:\/\/proclass.com.br\/home\/#organization\"},\"potentialAction\":[{\"@type\":\"SearchAction\",\"target\":{\"@type\":\"EntryPoint\",\"urlTemplate\":\"https:\/\/proclass.com.br\/home\/?s={search_term_string}\"},\"query-input\":{\"@type\":\"PropertyValueSpecification\",\"valueRequired\":true,\"valueName\":\"search_term_string\"}}],\"inLanguage\":\"pt-BR\"},{\"@type\":\"Organization\",\"@id\":\"https:\/\/proclass.com.br\/home\/#organization\",\"name\":\"PROCLASS\",\"url\":\"https:\/\/proclass.com.br\/home\/\",\"logo\":{\"@type\":\"ImageObject\",\"inLanguage\":\"pt-BR\",\"@id\":\"https:\/\/proclass.com.br\/home\/#\/schema\/logo\/image\/\",\"url\":\"https:\/\/proclass.com.br\/home\/wp-content\/uploads\/2023\/06\/CABECALHO-black_PROCLASS-2023.png\",\"contentUrl\":\"https:\/\/proclass.com.br\/home\/wp-content\/uploads\/2023\/06\/CABECALHO-black_PROCLASS-2023.png\",\"width\":2563,\"height\":911,\"caption\":\"PROCLASS\"},\"image\":{\"@id\":\"https:\/\/proclass.com.br\/home\/#\/schema\/logo\/image\/\"}},{\"@type\":\"Person\",\"@id\":\"https:\/\/proclass.com.br\/home\/#\/schema\/person\/f89e1eb93d5d32c0bb465c52f87f5a00\",\"name\":\"ProClass Treinamentos\",\"image\":{\"@type\":\"ImageObject\",\"inLanguage\":\"pt-BR\",\"@id\":\"https:\/\/proclass.com.br\/home\/#\/schema\/person\/image\/\",\"url\":\"https:\/\/secure.gravatar.com\/avatar\/3878d7a575c7ac355d2c778d5de04af08b7c5a7d9f19b2889f26cc7d80a6a832?s=96&d=blank&r=g\",\"contentUrl\":\"https:\/\/secure.gravatar.com\/avatar\/3878d7a575c7ac355d2c778d5de04af08b7c5a7d9f19b2889f26cc7d80a6a832?s=96&d=blank&r=g\",\"caption\":\"ProClass Treinamentos\"},\"url\":\"https:\/\/proclass.com.br\/home\/author\/proclass\/\"}]}<\/script>\n<!-- \/ Yoast SEO plugin. -->","yoast_head_json":{"title":"Vaga no Departamento comercial da ProClass - PROCLASS","robots":{"index":"index","follow":"follow","max-snippet":"max-snippet:-1","max-image-preview":"max-image-preview:large","max-video-preview":"max-video-preview:-1"},"canonical":"https:\/\/proclass.com.br\/home\/2012\/07\/vaga-no-departamento-comercial-da-proclass\/","og_locale":"pt_BR","og_type":"article","og_title":"Vaga no Departamento comercial da ProClass - PROCLASS","og_description":"A ProClass\u00a0est\u00e1 oferecendo uma vaga de coordena\u00e7\u00e3o no departamento comercial. Se voc\u00ea se encaixa no perfil abaixo entre em contato. Obrigado. Vaga no\u00a0Departamento\u00a0comercial\u00a0da ProClass Cursos e Treinamentos (Rio de Janeiro\/ RJ). Sobre a ProClass:","og_url":"https:\/\/proclass.com.br\/home\/2012\/07\/vaga-no-departamento-comercial-da-proclass\/","og_site_name":"PROCLASS","article_published_time":"2012-07-27T16:21:18+00:00","article_modified_time":"2012-08-24T01:42:57+00:00","og_image":[{"width":240,"height":163,"url":"https:\/\/proclass.com.br\/home\/wp-content\/uploads\/2012\/07\/27jul.png","type":"image\/png"}],"author":"ProClass Treinamentos","twitter_card":"summary_large_image","twitter_misc":{"Escrito por":"ProClass Treinamentos","Est. tempo de leitura":"3 minutos"},"schema":{"@context":"https:\/\/schema.org","@graph":[{"@type":"Article","@id":"https:\/\/proclass.com.br\/home\/2012\/07\/vaga-no-departamento-comercial-da-proclass\/#article","isPartOf":{"@id":"https:\/\/proclass.com.br\/home\/2012\/07\/vaga-no-departamento-comercial-da-proclass\/"},"author":{"name":"ProClass Treinamentos","@id":"https:\/\/proclass.com.br\/home\/#\/schema\/person\/f89e1eb93d5d32c0bb465c52f87f5a00"},"headline":"Vaga no Departamento comercial da ProClass","datePublished":"2012-07-27T16:21:18+00:00","dateModified":"2012-08-24T01:42:57+00:00","mainEntityOfPage":{"@id":"https:\/\/proclass.com.br\/home\/2012\/07\/vaga-no-departamento-comercial-da-proclass\/"},"wordCount":606,"commentCount":0,"publisher":{"@id":"https:\/\/proclass.com.br\/home\/#organization"},"keywords":["aprendizagem","candidato","carreira","experi","gestores","learning partner","media composer","os melhores","sucesso","vendas"],"articleSection":["Not\u00edcias"],"inLanguage":"pt-BR","potentialAction":[{"@type":"CommentAction","name":"Comment","target":["https:\/\/proclass.com.br\/home\/2012\/07\/vaga-no-departamento-comercial-da-proclass\/#respond"]}]},{"@type":"WebPage","@id":"https:\/\/proclass.com.br\/home\/2012\/07\/vaga-no-departamento-comercial-da-proclass\/","url":"https:\/\/proclass.com.br\/home\/2012\/07\/vaga-no-departamento-comercial-da-proclass\/","name":"Vaga no Departamento comercial da ProClass - PROCLASS","isPartOf":{"@id":"https:\/\/proclass.com.br\/home\/#website"},"datePublished":"2012-07-27T16:21:18+00:00","dateModified":"2012-08-24T01:42:57+00:00","breadcrumb":{"@id":"https:\/\/proclass.com.br\/home\/2012\/07\/vaga-no-departamento-comercial-da-proclass\/#breadcrumb"},"inLanguage":"pt-BR","potentialAction":[{"@type":"ReadAction","target":["https:\/\/proclass.com.br\/home\/2012\/07\/vaga-no-departamento-comercial-da-proclass\/"]}]},{"@type":"BreadcrumbList","@id":"https:\/\/proclass.com.br\/home\/2012\/07\/vaga-no-departamento-comercial-da-proclass\/#breadcrumb","itemListElement":[{"@type":"ListItem","position":1,"name":"In\u00edcio","item":"https:\/\/proclass.com.br\/home\/"},{"@type":"ListItem","position":2,"name":"Vaga no Departamento comercial da ProClass"}]},{"@type":"WebSite","@id":"https:\/\/proclass.com.br\/home\/#website","url":"https:\/\/proclass.com.br\/home\/","name":"PROCLASS","description":"CURSOS E TREINAMENTOS","publisher":{"@id":"https:\/\/proclass.com.br\/home\/#organization"},"potentialAction":[{"@type":"SearchAction","target":{"@type":"EntryPoint","urlTemplate":"https:\/\/proclass.com.br\/home\/?s={search_term_string}"},"query-input":{"@type":"PropertyValueSpecification","valueRequired":true,"valueName":"search_term_string"}}],"inLanguage":"pt-BR"},{"@type":"Organization","@id":"https:\/\/proclass.com.br\/home\/#organization","name":"PROCLASS","url":"https:\/\/proclass.com.br\/home\/","logo":{"@type":"ImageObject","inLanguage":"pt-BR","@id":"https:\/\/proclass.com.br\/home\/#\/schema\/logo\/image\/","url":"https:\/\/proclass.com.br\/home\/wp-content\/uploads\/2023\/06\/CABECALHO-black_PROCLASS-2023.png","contentUrl":"https:\/\/proclass.com.br\/home\/wp-content\/uploads\/2023\/06\/CABECALHO-black_PROCLASS-2023.png","width":2563,"height":911,"caption":"PROCLASS"},"image":{"@id":"https:\/\/proclass.com.br\/home\/#\/schema\/logo\/image\/"}},{"@type":"Person","@id":"https:\/\/proclass.com.br\/home\/#\/schema\/person\/f89e1eb93d5d32c0bb465c52f87f5a00","name":"ProClass Treinamentos","image":{"@type":"ImageObject","inLanguage":"pt-BR","@id":"https:\/\/proclass.com.br\/home\/#\/schema\/person\/image\/","url":"https:\/\/secure.gravatar.com\/avatar\/3878d7a575c7ac355d2c778d5de04af08b7c5a7d9f19b2889f26cc7d80a6a832?s=96&d=blank&r=g","contentUrl":"https:\/\/secure.gravatar.com\/avatar\/3878d7a575c7ac355d2c778d5de04af08b7c5a7d9f19b2889f26cc7d80a6a832?s=96&d=blank&r=g","caption":"ProClass Treinamentos"},"url":"https:\/\/proclass.com.br\/home\/author\/proclass\/"}]}},"_links":{"self":[{"href":"https:\/\/proclass.com.br\/home\/wp-json\/wp\/v2\/posts\/434","targetHints":{"allow":["GET"]}}],"collection":[{"href":"https:\/\/proclass.com.br\/home\/wp-json\/wp\/v2\/posts"}],"about":[{"href":"https:\/\/proclass.com.br\/home\/wp-json\/wp\/v2\/types\/post"}],"author":[{"embeddable":true,"href":"https:\/\/proclass.com.br\/home\/wp-json\/wp\/v2\/users\/4"}],"replies":[{"embeddable":true,"href":"https:\/\/proclass.com.br\/home\/wp-json\/wp\/v2\/comments?post=434"}],"version-history":[{"count":0,"href":"https:\/\/proclass.com.br\/home\/wp-json\/wp\/v2\/posts\/434\/revisions"}],"wp:attachment":[{"href":"https:\/\/proclass.com.br\/home\/wp-json\/wp\/v2\/media?parent=434"}],"wp:term":[{"taxonomy":"category","embeddable":true,"href":"https:\/\/proclass.com.br\/home\/wp-json\/wp\/v2\/categories?post=434"},{"taxonomy":"post_tag","embeddable":true,"href":"https:\/\/proclass.com.br\/home\/wp-json\/wp\/v2\/tags?post=434"}],"curies":[{"name":"wp","href":"https:\/\/api.w.org\/{rel}","templated":true}]}}