{"id":3893,"date":"2015-02-19T10:17:35","date_gmt":"2015-02-19T13:17:35","guid":{"rendered":"http:\/\/proclass.com.br\/home\/?p=3893"},"modified":"2015-02-19T10:17:35","modified_gmt":"2015-02-19T13:17:35","slug":"o-que-o-marquee-tem-demais-conheca-mais-sobre-a-ferramenta","status":"publish","type":"post","link":"https:\/\/proclass.com.br\/home\/2015\/02\/o-que-o-marquee-tem-demais-conheca-mais-sobre-a-ferramenta\/","title":{"rendered":"O que o Marquee tem demais? &#8211; Conhe\u00e7a mais sobre a ferramenta"},"content":{"rendered":"<p><a href=\"http:\/\/musitec.com.br\"><img decoding=\"async\" class=\" aligncenter\" title=\"Audio Musica e Tecnologia Logo\" src=\"http:\/\/proclass.com.br\/home\/wp-content\/uploads\/2012\/11\/Audio-Musica-e-Tecnologia-Logo-300x80.jpg\" alt=\"\" width=\"300\" height=\"80\" \/><\/a><\/p>\n<p class=\"p1\">Artigo publicado na <strong>Revista \u00c1udio, M\u00fasica &amp; Tecnologia<\/strong>.\u00a0Para conhecer mais sobre a revista,\u00a0<a href=\"http:\/\/musitec.com.br\" target=\"_blank\">clique aqui.<\/a><\/p>\n<p>\u00a0Para saber mais sobre treinamentos e certifica\u00e7\u00f5es em <strong>Avid Media Composer<\/strong>,\u00a0<a href=\"http:\/\/proclass.com.br\/home\/cursos\/avid-media-composer\/\" target=\"_blank\">clique aqui<\/a><\/p>\n<hr \/>\n<p class=\"p1\">O Media Composer possui duas ferramentas para <strong>cria\u00e7\u00e3o de t\u00edtulos<\/strong>. A primeira \u00e9 o <strong>Title Tool<\/strong>, a ferramenta mais tradicional da Avid para cria\u00e7\u00e3o de t\u00edtulos e sua premissa \u00e9 ser simples e r\u00e1pida. A segunda \u00e9 o <strong>Marquee<\/strong>, que talvez por ter aparecido depois e ser mais sofisticado, tamb\u00e9m \u00e9 o menos conhecido e usado. Neste artigo, vamos ver mais sobre suas qualidades, n\u00e3o dispon\u00edveis no Title Tool.<\/p>\n<p class=\"p1\">\n<h3 class=\"p3\"><b>Light Tool<\/b><\/h3>\n<p class=\"p1\">\u00a0No Marquee \u00e9 poss\u00edvel criar fontes virtuais de luz e posicionar onde desejar para que ela influencie nas cores dos objetos. A primeira coisa a fazer \u00e9 selecionar o objeto e marcar a op\u00e7\u00e3o &#8220;Enable Lightning&#8221; nas configura\u00e7\u00f5es gerais do objeto (fig. 1).<\/p>\n<div id=\"attachment_3896\" style=\"width: 241px\" class=\"wp-caption aligncenter\"><img fetchpriority=\"high\" decoding=\"async\" aria-describedby=\"caption-attachment-3896\" class=\"  wp-image-3896\" src=\"http:\/\/proclass.com.br\/home\/wp-content\/uploads\/2015\/02\/fig.-1-Enable-Lightning.png\" alt=\"fig. 1 - Enable Lightning\" width=\"231\" height=\"406\" srcset=\"https:\/\/proclass.com.br\/home\/wp-content\/uploads\/2015\/02\/fig.-1-Enable-Lightning.png 315w, https:\/\/proclass.com.br\/home\/wp-content\/uploads\/2015\/02\/fig.-1-Enable-Lightning-171x300.png 171w, https:\/\/proclass.com.br\/home\/wp-content\/uploads\/2015\/02\/fig.-1-Enable-Lightning-57x100.png 57w\" sizes=\"(max-width: 231px) 100vw, 231px\" \/><p id=\"caption-attachment-3896\" class=\"wp-caption-text\">fig. 1 &#8211; Enable Lightning<\/p><\/div>\n<p class=\"p1\">\n<p class=\"p1\"><!--more--><\/p>\n<p class=\"p1\">Veja a diferen\u00e7a de resultado entre a figura 2A e 2B. \u00c9 poss\u00edvel ver nitidamente que existe um foco de luz no canto superior esquerdo, que ilumina mais as primeiras letras do que as \u00faltimas.<\/p>\n<div id=\"attachment_3911\" style=\"width: 389px\" class=\"wp-caption aligncenter\"><a href=\"http:\/\/proclass.com.br\/home\/wp-content\/uploads\/2015\/02\/fig.-2A-enable-lightning-tool-desligado.png\"><img decoding=\"async\" aria-describedby=\"caption-attachment-3911\" class=\"  wp-image-3911\" src=\"http:\/\/proclass.com.br\/home\/wp-content\/uploads\/2015\/02\/fig.-2A-enable-lightning-tool-desligado-1024x576.png\" alt=\"fig. 2A - enable lightning tool desligado\" width=\"379\" height=\"213\" srcset=\"https:\/\/proclass.com.br\/home\/wp-content\/uploads\/2015\/02\/fig.-2A-enable-lightning-tool-desligado-1024x576.png 1024w, https:\/\/proclass.com.br\/home\/wp-content\/uploads\/2015\/02\/fig.-2A-enable-lightning-tool-desligado-300x169.png 300w, https:\/\/proclass.com.br\/home\/wp-content\/uploads\/2015\/02\/fig.-2A-enable-lightning-tool-desligado-100x56.png 100w, https:\/\/proclass.com.br\/home\/wp-content\/uploads\/2015\/02\/fig.-2A-enable-lightning-tool-desligado.png 1251w\" sizes=\"(max-width: 379px) 100vw, 379px\" \/><\/a><p id=\"caption-attachment-3911\" class=\"wp-caption-text\">fig. 2A &#8211; enable lightning tool desligado<\/p><\/div>\n<div id=\"attachment_3910\" style=\"width: 392px\" class=\"wp-caption aligncenter\"><a href=\"http:\/\/proclass.com.br\/home\/wp-content\/uploads\/2015\/02\/fig.-2B-enable-lightning-tool-ligado.png\"><img loading=\"lazy\" decoding=\"async\" aria-describedby=\"caption-attachment-3910\" class=\"  wp-image-3910\" src=\"http:\/\/proclass.com.br\/home\/wp-content\/uploads\/2015\/02\/fig.-2B-enable-lightning-tool-ligado-1024x579.png\" alt=\"fig. 2B - enable lightning tool ligado\" width=\"382\" height=\"216\" srcset=\"https:\/\/proclass.com.br\/home\/wp-content\/uploads\/2015\/02\/fig.-2B-enable-lightning-tool-ligado-1024x579.png 1024w, https:\/\/proclass.com.br\/home\/wp-content\/uploads\/2015\/02\/fig.-2B-enable-lightning-tool-ligado-300x170.png 300w, https:\/\/proclass.com.br\/home\/wp-content\/uploads\/2015\/02\/fig.-2B-enable-lightning-tool-ligado-100x57.png 100w, https:\/\/proclass.com.br\/home\/wp-content\/uploads\/2015\/02\/fig.-2B-enable-lightning-tool-ligado.png 1249w\" sizes=\"(max-width: 382px) 100vw, 382px\" \/><\/a><p id=\"caption-attachment-3910\" class=\"wp-caption-text\">fig. 2B &#8211; enable lightning tool ligado<\/p><\/div>\n<p class=\"p1\">\n<p class=\"p1\">Para poder ter acesso a este ponto de luz, basta selecionar a quarta ferramenta, denominada &#8220;Light Tool&#8221; (fig. 3).<\/p>\n<div id=\"attachment_3895\" style=\"width: 195px\" class=\"wp-caption aligncenter\"><a href=\"http:\/\/proclass.com.br\/home\/wp-content\/uploads\/2015\/02\/fig.-3-paleta-de-ferramentas.png\"><img loading=\"lazy\" decoding=\"async\" aria-describedby=\"caption-attachment-3895\" class=\"wp-image-3895\" src=\"http:\/\/proclass.com.br\/home\/wp-content\/uploads\/2015\/02\/fig.-3-paleta-de-ferramentas.png\" alt=\"fig. 3 - paleta de ferramentas\" width=\"185\" height=\"317\" srcset=\"https:\/\/proclass.com.br\/home\/wp-content\/uploads\/2015\/02\/fig.-3-paleta-de-ferramentas.png 201w, https:\/\/proclass.com.br\/home\/wp-content\/uploads\/2015\/02\/fig.-3-paleta-de-ferramentas-175x300.png 175w, https:\/\/proclass.com.br\/home\/wp-content\/uploads\/2015\/02\/fig.-3-paleta-de-ferramentas-58x100.png 58w\" sizes=\"(max-width: 185px) 100vw, 185px\" \/><\/a><p id=\"caption-attachment-3895\" class=\"wp-caption-text\">fig. 3 &#8211; paleta de ferramentas<\/p><\/div>\n<p class=\"p1\">\n<p class=\"p1\">A partir deste ponto o usu\u00e1rio pode, n\u00e3o apenas mudar o local da luz como tamb\u00e9m pode usar o bot\u00e3o direito para criar mais pontos de luz ou ainda, alterar o tipo de luz. Observe na figura 4, o resultado de um novo ponto de luz, desta vez mais direcional (spot).<\/p>\n<div id=\"attachment_3908\" style=\"width: 579px\" class=\"wp-caption aligncenter\"><a href=\"http:\/\/proclass.com.br\/home\/wp-content\/uploads\/2015\/02\/fig.-4-spot-light-tool.png\"><img loading=\"lazy\" decoding=\"async\" aria-describedby=\"caption-attachment-3908\" class=\"wp-image-3908\" src=\"http:\/\/proclass.com.br\/home\/wp-content\/uploads\/2015\/02\/fig.-4-spot-light-tool-1024x578.png\" alt=\"fig. 4 - spot light tool\" width=\"569\" height=\"321\" srcset=\"https:\/\/proclass.com.br\/home\/wp-content\/uploads\/2015\/02\/fig.-4-spot-light-tool-1024x578.png 1024w, https:\/\/proclass.com.br\/home\/wp-content\/uploads\/2015\/02\/fig.-4-spot-light-tool-300x169.png 300w, https:\/\/proclass.com.br\/home\/wp-content\/uploads\/2015\/02\/fig.-4-spot-light-tool-100x56.png 100w, https:\/\/proclass.com.br\/home\/wp-content\/uploads\/2015\/02\/fig.-4-spot-light-tool.png 1311w\" sizes=\"(max-width: 569px) 100vw, 569px\" \/><\/a><p id=\"caption-attachment-3908\" class=\"wp-caption-text\">fig. 4 &#8211; spot light tool<\/p><\/div>\n<p class=\"p1\">\n<h3 class=\"p3\"><b>Rota\u00e7\u00e3o de objetos em 3D<\/b><\/h3>\n<p class=\"p1\">A terceira ferramenta, logo acima do Light Tool \u00e9 o Rotate Tool, que permite que objetos sejam movimentados em 3D (fig. 5). Seu funcionamento \u00e9 bem simples, bastando selecionar a ferramenta e mover um dos eixos para obter o efeito desejado. \u00c9 comum ver algumas pessoas com dificuldade com a interface, tentando arrastar sem sucesso os eixos.<\/p>\n<p class=\"p1\">A dica \u00e9 passar o mouse numa das linhas, mas s\u00f3 come\u00e7ar a arrastar quando o cursor ficar com um s\u00edmbolo em forma cruz.<\/p>\n<div id=\"attachment_3907\" style=\"width: 400px\" class=\"wp-caption aligncenter\"><a href=\"http:\/\/proclass.com.br\/home\/wp-content\/uploads\/2015\/02\/Fig.-5A-Rotate-Tool.png\"><img loading=\"lazy\" decoding=\"async\" aria-describedby=\"caption-attachment-3907\" class=\"  wp-image-3907\" src=\"http:\/\/proclass.com.br\/home\/wp-content\/uploads\/2015\/02\/Fig.-5A-Rotate-Tool-1024x715.png\" alt=\"Fig. 5A - Rotate Tool\" width=\"390\" height=\"272\" srcset=\"https:\/\/proclass.com.br\/home\/wp-content\/uploads\/2015\/02\/Fig.-5A-Rotate-Tool-1024x715.png 1024w, https:\/\/proclass.com.br\/home\/wp-content\/uploads\/2015\/02\/Fig.-5A-Rotate-Tool-300x210.png 300w, https:\/\/proclass.com.br\/home\/wp-content\/uploads\/2015\/02\/Fig.-5A-Rotate-Tool-100x70.png 100w, https:\/\/proclass.com.br\/home\/wp-content\/uploads\/2015\/02\/Fig.-5A-Rotate-Tool.png 1573w\" sizes=\"(max-width: 390px) 100vw, 390px\" \/><\/a><p id=\"caption-attachment-3907\" class=\"wp-caption-text\">Fig. 5A &#8211; Rotate Tool<\/p><\/div>\n<div id=\"attachment_3906\" style=\"width: 399px\" class=\"wp-caption aligncenter\"><a href=\"http:\/\/proclass.com.br\/home\/wp-content\/uploads\/2015\/02\/Fig.-5B-Rotate-Tool.png\"><img loading=\"lazy\" decoding=\"async\" aria-describedby=\"caption-attachment-3906\" class=\"  wp-image-3906\" src=\"http:\/\/proclass.com.br\/home\/wp-content\/uploads\/2015\/02\/Fig.-5B-Rotate-Tool-1024x715.png\" alt=\"Fig. 5B - Rotate Tool\" width=\"389\" height=\"271\" srcset=\"https:\/\/proclass.com.br\/home\/wp-content\/uploads\/2015\/02\/Fig.-5B-Rotate-Tool-1024x715.png 1024w, https:\/\/proclass.com.br\/home\/wp-content\/uploads\/2015\/02\/Fig.-5B-Rotate-Tool-300x210.png 300w, https:\/\/proclass.com.br\/home\/wp-content\/uploads\/2015\/02\/Fig.-5B-Rotate-Tool-100x70.png 100w, https:\/\/proclass.com.br\/home\/wp-content\/uploads\/2015\/02\/Fig.-5B-Rotate-Tool.png 1573w\" sizes=\"(max-width: 389px) 100vw, 389px\" \/><\/a><p id=\"caption-attachment-3906\" class=\"wp-caption-text\">Fig. 5B &#8211; Rotate Tool<\/p><\/div>\n<p class=\"p1\">\n<div id=\"attachment_3905\" style=\"width: 400px\" class=\"wp-caption aligncenter\"><img loading=\"lazy\" decoding=\"async\" aria-describedby=\"caption-attachment-3905\" class=\"  wp-image-3905\" src=\"http:\/\/proclass.com.br\/home\/wp-content\/uploads\/2015\/02\/Fig.-5C-Rotate-Tool-1024x715.png\" alt=\"Fig. 5C - Rotate Tool\" width=\"390\" height=\"272\" srcset=\"https:\/\/proclass.com.br\/home\/wp-content\/uploads\/2015\/02\/Fig.-5C-Rotate-Tool-1024x715.png 1024w, https:\/\/proclass.com.br\/home\/wp-content\/uploads\/2015\/02\/Fig.-5C-Rotate-Tool-300x210.png 300w, https:\/\/proclass.com.br\/home\/wp-content\/uploads\/2015\/02\/Fig.-5C-Rotate-Tool-100x70.png 100w, https:\/\/proclass.com.br\/home\/wp-content\/uploads\/2015\/02\/Fig.-5C-Rotate-Tool.png 1573w\" sizes=\"(max-width: 390px) 100vw, 390px\" \/><p id=\"caption-attachment-3905\" class=\"wp-caption-text\">Fig. 5C &#8211; Rotate Tool<\/p><\/div>\n<p class=\"p3\">\n<div id=\"attachment_3904\" style=\"width: 400px\" class=\"wp-caption aligncenter\"><img loading=\"lazy\" decoding=\"async\" aria-describedby=\"caption-attachment-3904\" class=\"  wp-image-3904\" src=\"http:\/\/proclass.com.br\/home\/wp-content\/uploads\/2015\/02\/Fig.-5D-Rotate-Tool-1024x715.png\" alt=\"Fig. 5D - Rotate Tool\" width=\"390\" height=\"272\" srcset=\"https:\/\/proclass.com.br\/home\/wp-content\/uploads\/2015\/02\/Fig.-5D-Rotate-Tool-1024x715.png 1024w, https:\/\/proclass.com.br\/home\/wp-content\/uploads\/2015\/02\/Fig.-5D-Rotate-Tool-300x210.png 300w, https:\/\/proclass.com.br\/home\/wp-content\/uploads\/2015\/02\/Fig.-5D-Rotate-Tool-100x70.png 100w, https:\/\/proclass.com.br\/home\/wp-content\/uploads\/2015\/02\/Fig.-5D-Rotate-Tool.png 1573w\" sizes=\"(max-width: 390px) 100vw, 390px\" \/><p id=\"caption-attachment-3904\" class=\"wp-caption-text\">Fig. 5D &#8211; Rotate Tool<\/p><\/div>\n<p class=\"p1\">\n<h3 class=\"p3\"><b>Degrad\u00eas com m\u00faltiplas cores<\/b><\/h3>\n<p class=\"p1\">Enquanto o Title Tool limita o usu\u00e1rio escolher duas cores para o seu degrad\u00ea, no Marquee \u00e9 poss\u00edvel ser bem mais sofisticado como na figura 6.<\/p>\n<div id=\"attachment_3898\" style=\"width: 410px\" class=\"wp-caption aligncenter\"><a href=\"http:\/\/proclass.com.br\/home\/wp-content\/uploads\/2015\/02\/fig.-6-N\u00edveis-de-Degrad\u00ea.png\"><img loading=\"lazy\" decoding=\"async\" aria-describedby=\"caption-attachment-3898\" class=\"wp-image-3898\" src=\"http:\/\/proclass.com.br\/home\/wp-content\/uploads\/2015\/02\/fig.-6-N\u00edveis-de-Degrad\u00ea-1024x515.png\" alt=\"fig. 6 - N\u00edveis de Degrad\u00ea\" width=\"400\" height=\"201\" srcset=\"https:\/\/proclass.com.br\/home\/wp-content\/uploads\/2015\/02\/fig.-6-N\u00edveis-de-Degrad\u00ea-1024x515.png 1024w, https:\/\/proclass.com.br\/home\/wp-content\/uploads\/2015\/02\/fig.-6-N\u00edveis-de-Degrad\u00ea-300x151.png 300w, https:\/\/proclass.com.br\/home\/wp-content\/uploads\/2015\/02\/fig.-6-N\u00edveis-de-Degrad\u00ea-100x50.png 100w, https:\/\/proclass.com.br\/home\/wp-content\/uploads\/2015\/02\/fig.-6-N\u00edveis-de-Degrad\u00ea.png 1488w\" sizes=\"(max-width: 400px) 100vw, 400px\" \/><\/a><p id=\"caption-attachment-3898\" class=\"wp-caption-text\">fig. 6 &#8211; N\u00edveis de Degrad\u00ea<\/p><\/div>\n<p class=\"p1\">\n<h3 class=\"p3\"><b>Aplica\u00e7\u00e3o de texturas<\/b><\/h3>\n<p class=\"p1\">O Marquee n\u00e3o se prende apenas a paleta de cores. Tamb\u00e9m \u00e9 poss\u00edvel preencher um objeto com uma textura, ou seja, um arquivo de imagem (.TIFF) que pode ser aplicado no preenchimento da textura. Ent\u00e3o \u00e9 poss\u00edvel fazer elementos com visual de madeira, metal, folha, tecido ou qualquer outro similar.(figs. 7)<\/p>\n<p class=\"p1\">\n<div id=\"attachment_3899\" style=\"width: 309px\" class=\"wp-caption aligncenter\"><a href=\"http:\/\/proclass.com.br\/home\/wp-content\/uploads\/2015\/02\/Fig.-7E-texturas-.png.png\"><img loading=\"lazy\" decoding=\"async\" aria-describedby=\"caption-attachment-3899\" class=\"  wp-image-3899\" src=\"http:\/\/proclass.com.br\/home\/wp-content\/uploads\/2015\/02\/Fig.-7E-texturas-.png-1024x576.png\" alt=\"Fig. 7E - texturas .png\" width=\"299\" height=\"168\" srcset=\"https:\/\/proclass.com.br\/home\/wp-content\/uploads\/2015\/02\/Fig.-7E-texturas-.png-1024x576.png 1024w, https:\/\/proclass.com.br\/home\/wp-content\/uploads\/2015\/02\/Fig.-7E-texturas-.png-300x169.png 300w, https:\/\/proclass.com.br\/home\/wp-content\/uploads\/2015\/02\/Fig.-7E-texturas-.png-100x56.png 100w, https:\/\/proclass.com.br\/home\/wp-content\/uploads\/2015\/02\/Fig.-7E-texturas-.png.png 1258w\" sizes=\"(max-width: 299px) 100vw, 299px\" \/><\/a><p id=\"caption-attachment-3899\" class=\"wp-caption-text\">Fig. 7A &#8211; texturas<\/p><\/div>\n<div id=\"attachment_3902\" style=\"width: 309px\" class=\"wp-caption aligncenter\"><a href=\"http:\/\/proclass.com.br\/home\/wp-content\/uploads\/2015\/02\/Fig.-7B-texturas-.png.png\"><img loading=\"lazy\" decoding=\"async\" aria-describedby=\"caption-attachment-3902\" class=\"wp-image-3902\" src=\"http:\/\/proclass.com.br\/home\/wp-content\/uploads\/2015\/02\/Fig.-7B-texturas-.png-1024x576.png\" alt=\"Fig. 7B - texturas .png\" width=\"299\" height=\"168\" srcset=\"https:\/\/proclass.com.br\/home\/wp-content\/uploads\/2015\/02\/Fig.-7B-texturas-.png-1024x576.png 1024w, https:\/\/proclass.com.br\/home\/wp-content\/uploads\/2015\/02\/Fig.-7B-texturas-.png-300x169.png 300w, https:\/\/proclass.com.br\/home\/wp-content\/uploads\/2015\/02\/Fig.-7B-texturas-.png-100x56.png 100w, https:\/\/proclass.com.br\/home\/wp-content\/uploads\/2015\/02\/Fig.-7B-texturas-.png.png 1257w\" sizes=\"(max-width: 299px) 100vw, 299px\" \/><\/a><p id=\"caption-attachment-3902\" class=\"wp-caption-text\">Fig. 7B &#8211; texturas<\/p><\/div>\n<div id=\"attachment_3901\" style=\"width: 310px\" class=\"wp-caption aligncenter\"><a href=\"http:\/\/proclass.com.br\/home\/wp-content\/uploads\/2015\/02\/Fig.-7C-texturas-.png.png\"><img loading=\"lazy\" decoding=\"async\" aria-describedby=\"caption-attachment-3901\" class=\"  wp-image-3901\" src=\"http:\/\/proclass.com.br\/home\/wp-content\/uploads\/2015\/02\/Fig.-7C-texturas-.png-1024x576.png\" alt=\"Fig. 7C - texturas\" width=\"300\" height=\"169\" srcset=\"https:\/\/proclass.com.br\/home\/wp-content\/uploads\/2015\/02\/Fig.-7C-texturas-.png-1024x576.png 1024w, https:\/\/proclass.com.br\/home\/wp-content\/uploads\/2015\/02\/Fig.-7C-texturas-.png-300x169.png 300w, https:\/\/proclass.com.br\/home\/wp-content\/uploads\/2015\/02\/Fig.-7C-texturas-.png-100x56.png 100w, https:\/\/proclass.com.br\/home\/wp-content\/uploads\/2015\/02\/Fig.-7C-texturas-.png.png 1259w\" sizes=\"(max-width: 300px) 100vw, 300px\" \/><\/a><p id=\"caption-attachment-3901\" class=\"wp-caption-text\">Fig. 7C &#8211; texturas<\/p><\/div>\n<div id=\"attachment_3900\" style=\"width: 310px\" class=\"wp-caption aligncenter\"><a href=\"http:\/\/proclass.com.br\/home\/wp-content\/uploads\/2015\/02\/Fig.-7D-texturas-.png.png\"><img loading=\"lazy\" decoding=\"async\" aria-describedby=\"caption-attachment-3900\" class=\"wp-image-3900\" src=\"http:\/\/proclass.com.br\/home\/wp-content\/uploads\/2015\/02\/Fig.-7D-texturas-.png-1024x577.png\" alt=\"Fig. 7D - texturas .png\" width=\"300\" height=\"169\" srcset=\"https:\/\/proclass.com.br\/home\/wp-content\/uploads\/2015\/02\/Fig.-7D-texturas-.png-1024x577.png 1024w, https:\/\/proclass.com.br\/home\/wp-content\/uploads\/2015\/02\/Fig.-7D-texturas-.png-300x169.png 300w, https:\/\/proclass.com.br\/home\/wp-content\/uploads\/2015\/02\/Fig.-7D-texturas-.png-100x56.png 100w, https:\/\/proclass.com.br\/home\/wp-content\/uploads\/2015\/02\/Fig.-7D-texturas-.png.png 1256w\" sizes=\"(max-width: 300px) 100vw, 300px\" \/><\/a><p id=\"caption-attachment-3900\" class=\"wp-caption-text\">Fig. 7D &#8211; texturas<\/p><\/div>\n<p class=\"p1\">\n<p class=\"p1\">Para aplicar uma textura, acesse o menu Window &gt; Library &gt; Textures. Dentro da pasta &#8220;Avid Textures&#8221; algumas artes podem ser encontradas. (fig. 8)<\/p>\n<div id=\"attachment_3897\" style=\"width: 261px\" class=\"wp-caption aligncenter\"><a href=\"http:\/\/proclass.com.br\/home\/wp-content\/uploads\/2015\/02\/Fig.-8-Janela-com-livraria-de-texturas.png\"><img loading=\"lazy\" decoding=\"async\" aria-describedby=\"caption-attachment-3897\" class=\"wp-image-3897\" src=\"http:\/\/proclass.com.br\/home\/wp-content\/uploads\/2015\/02\/Fig.-8-Janela-com-livraria-de-texturas.png\" alt=\"Fig. 8 - Janela com livraria de texturas\" width=\"251\" height=\"423\" srcset=\"https:\/\/proclass.com.br\/home\/wp-content\/uploads\/2015\/02\/Fig.-8-Janela-com-livraria-de-texturas.png 309w, https:\/\/proclass.com.br\/home\/wp-content\/uploads\/2015\/02\/Fig.-8-Janela-com-livraria-de-texturas-178x300.png 178w, https:\/\/proclass.com.br\/home\/wp-content\/uploads\/2015\/02\/Fig.-8-Janela-com-livraria-de-texturas-59x100.png 59w\" sizes=\"(max-width: 251px) 100vw, 251px\" \/><\/a><p id=\"caption-attachment-3897\" class=\"wp-caption-text\">Fig. 8 &#8211; Janela com livraria de texturas<\/p><\/div>\n<p class=\"p1\">\n<h3 class=\"p3\"><b>Extrus\u00e3o (Extrude)<\/b><\/h3>\n<p class=\"p1\">Criar e movimentar objetos 3D \u00e9 muito interessante, mas s\u00f3 come\u00e7a a ficar realmente eficiente se for poss\u00edvel regular a espessura do objeto. Vamos supor que o usu\u00e1rio queira criar de tijolo em 3D. Ent\u00e3o a primeira etapa seria criar um ret\u00e2ngulo simples. Em segundo, aplicar uma textura de tijolo (bricks). Terceiro, ajustar a rota\u00e7\u00e3o com o Rotate Tool e por \u00faltimo, acessar o menu Window &gt; Properties &gt; Effect e especificar a espessura deste tijolo no campo <strong>&#8220;Extrude Depth&#8221;<\/strong>. Veja a diferen\u00e7a entre as figuras 5 (3D sem extrude) e a figura 9.<\/p>\n<div id=\"attachment_3894\" style=\"width: 538px\" class=\"wp-caption aligncenter\"><a href=\"http:\/\/proclass.com.br\/home\/wp-content\/uploads\/2015\/02\/fig.-9-Extrude-Depth.png\"><img loading=\"lazy\" decoding=\"async\" aria-describedby=\"caption-attachment-3894\" class=\"wp-image-3894\" src=\"http:\/\/proclass.com.br\/home\/wp-content\/uploads\/2015\/02\/fig.-9-Extrude-Depth-1024x576.png\" alt=\"fig. 9 - Extrude Depth\" width=\"528\" height=\"297\" srcset=\"https:\/\/proclass.com.br\/home\/wp-content\/uploads\/2015\/02\/fig.-9-Extrude-Depth-1024x576.png 1024w, https:\/\/proclass.com.br\/home\/wp-content\/uploads\/2015\/02\/fig.-9-Extrude-Depth-300x169.png 300w, https:\/\/proclass.com.br\/home\/wp-content\/uploads\/2015\/02\/fig.-9-Extrude-Depth-100x56.png 100w, https:\/\/proclass.com.br\/home\/wp-content\/uploads\/2015\/02\/fig.-9-Extrude-Depth.png 1920w\" sizes=\"(max-width: 528px) 100vw, 528px\" \/><\/a><p id=\"caption-attachment-3894\" class=\"wp-caption-text\">fig. 9 &#8211; Extrude Depth<\/p><\/div>\n<p class=\"p1\">\n<h3 class=\"p3\"><b>Conclus\u00e3o<\/b><\/h3>\n<p class=\"p1\">Como pudemos observar, o Marquee se situa bem no meio do caminho entre as ferramentas simples de cria\u00e7\u00e3o de t\u00edtulos e ferramentas mais espec\u00edficas de videografismo como o Adobe After Effects. N\u00e3o foi poss\u00edvel cobrir todas suas funcionalidades neste artigo mas recomendo fortemente que ele seja mais investigado. Por exemplo, \u00e9 poss\u00edvel fazer anima\u00e7\u00f5es de qualquer par\u00e2metro dele, ou seja objetos podem ter movimento, luzes podem ser deslocadas e muito mais.<\/p>\n<hr \/>\n<p class=\"p1\"><a href=\"http:\/\/proclass.com.br\/home\/wp-content\/uploads\/2012\/08\/cris3x4-blog-proclass.jpg\"><img loading=\"lazy\" decoding=\"async\" class=\" size-full wp-image-1057 alignleft\" src=\"http:\/\/proclass.com.br\/home\/wp-content\/uploads\/2012\/08\/cris3x4-blog-proclass.jpg\" alt=\"cris3x4 blog proclass\" width=\"74\" height=\"99\" \/><\/a><\/p>\n<div><i>Cristiano Moura \u00e9 instrutor certificado oficialmente pela Avid. Por meio da ProClass, oferece consultoria, treinamentos\u00a0customizados al\u00e9m de lecionar cursos oficiais em Avid Media Composer.<\/i><\/div>\n","protected":false},"excerpt":{"rendered":"<p>Artigo publicado na Revista \u00c1udio, M\u00fasica &amp; Tecnologia.\u00a0Para conhecer mais sobre a revista,\u00a0clique aqui. \u00a0Para saber mais sobre treinamentos e certifica\u00e7\u00f5es em Avid Media Composer,\u00a0clique aqui O Media Composer possui duas ferramentas para cria\u00e7\u00e3o de t\u00edtulos. A primeira \u00e9 o Title Tool, a ferramenta mais tradicional da Avid para cria\u00e7\u00e3o de t\u00edtulos e sua premissaContinue reading &rarr;<\/p>\n","protected":false},"author":4,"featured_media":0,"comment_status":"closed","ping_status":"closed","sticky":false,"template":"","format":"standard","meta":{"footnotes":""},"categories":[17,797],"tags":[888,752,886],"class_list":["post-3893","post","type-post","status-publish","format-standard","hentry","category-artigos","category-avid-media-composer-2","tag-curso-avid-media-composer","tag-edicao","tag-edicao-de-video","no-thumb"],"yoast_head":"<!-- This site is optimized with the Yoast SEO plugin v26.9 - https:\/\/yoast.com\/product\/yoast-seo-wordpress\/ -->\n<title>O que o Marquee tem demais? - Conhe\u00e7a mais sobre a ferramenta - PROCLASS<\/title>\n<meta name=\"robots\" content=\"index, follow, max-snippet:-1, max-image-preview:large, max-video-preview:-1\" \/>\n<link rel=\"canonical\" href=\"https:\/\/proclass.com.br\/home\/2015\/02\/o-que-o-marquee-tem-demais-conheca-mais-sobre-a-ferramenta\/\" \/>\n<meta property=\"og:locale\" content=\"pt_BR\" \/>\n<meta property=\"og:type\" content=\"article\" \/>\n<meta property=\"og:title\" content=\"O que o Marquee tem demais? - Conhe\u00e7a mais sobre a ferramenta - PROCLASS\" \/>\n<meta property=\"og:description\" content=\"Artigo publicado na Revista \u00c1udio, M\u00fasica &amp; Tecnologia.\u00a0Para conhecer mais sobre a revista,\u00a0clique aqui. \u00a0Para saber mais sobre treinamentos e certifica\u00e7\u00f5es em Avid Media Composer,\u00a0clique aqui O Media Composer possui duas ferramentas para cria\u00e7\u00e3o de t\u00edtulos. A primeira \u00e9 o Title Tool, a ferramenta mais tradicional da Avid para cria\u00e7\u00e3o de t\u00edtulos e sua premissaContinue reading &rarr;\" \/>\n<meta property=\"og:url\" content=\"https:\/\/proclass.com.br\/home\/2015\/02\/o-que-o-marquee-tem-demais-conheca-mais-sobre-a-ferramenta\/\" \/>\n<meta property=\"og:site_name\" content=\"PROCLASS\" \/>\n<meta property=\"article:published_time\" content=\"2015-02-19T13:17:35+00:00\" \/>\n<meta property=\"og:image\" content=\"http:\/\/proclass.com.br\/home\/wp-content\/uploads\/2012\/11\/Audio-Musica-e-Tecnologia-Logo-300x80.jpg\" \/>\n<meta name=\"author\" content=\"ProClass Treinamentos\" \/>\n<meta name=\"twitter:card\" content=\"summary_large_image\" \/>\n<meta name=\"twitter:label1\" content=\"Escrito por\" \/>\n\t<meta name=\"twitter:data1\" content=\"ProClass Treinamentos\" \/>\n\t<meta name=\"twitter:label2\" content=\"Est. tempo de leitura\" \/>\n\t<meta name=\"twitter:data2\" content=\"4 minutos\" \/>\n<script type=\"application\/ld+json\" class=\"yoast-schema-graph\">{\"@context\":\"https:\/\/schema.org\",\"@graph\":[{\"@type\":\"Article\",\"@id\":\"https:\/\/proclass.com.br\/home\/2015\/02\/o-que-o-marquee-tem-demais-conheca-mais-sobre-a-ferramenta\/#article\",\"isPartOf\":{\"@id\":\"https:\/\/proclass.com.br\/home\/2015\/02\/o-que-o-marquee-tem-demais-conheca-mais-sobre-a-ferramenta\/\"},\"author\":{\"name\":\"ProClass Treinamentos\",\"@id\":\"https:\/\/proclass.com.br\/home\/#\/schema\/person\/f89e1eb93d5d32c0bb465c52f87f5a00\"},\"headline\":\"O que o Marquee tem demais? &#8211; Conhe\u00e7a mais sobre a ferramenta\",\"datePublished\":\"2015-02-19T13:17:35+00:00\",\"mainEntityOfPage\":{\"@id\":\"https:\/\/proclass.com.br\/home\/2015\/02\/o-que-o-marquee-tem-demais-conheca-mais-sobre-a-ferramenta\/\"},\"wordCount\":866,\"publisher\":{\"@id\":\"https:\/\/proclass.com.br\/home\/#organization\"},\"image\":{\"@id\":\"https:\/\/proclass.com.br\/home\/2015\/02\/o-que-o-marquee-tem-demais-conheca-mais-sobre-a-ferramenta\/#primaryimage\"},\"thumbnailUrl\":\"http:\/\/proclass.com.br\/home\/wp-content\/uploads\/2012\/11\/Audio-Musica-e-Tecnologia-Logo-300x80.jpg\",\"keywords\":[\"curso avid media composer\",\"edicao\",\"edi\u00e7\u00e3o de v\u00eddeo\"],\"articleSection\":[\"Artigos\",\"Avid Media Composer\"],\"inLanguage\":\"pt-BR\"},{\"@type\":\"WebPage\",\"@id\":\"https:\/\/proclass.com.br\/home\/2015\/02\/o-que-o-marquee-tem-demais-conheca-mais-sobre-a-ferramenta\/\",\"url\":\"https:\/\/proclass.com.br\/home\/2015\/02\/o-que-o-marquee-tem-demais-conheca-mais-sobre-a-ferramenta\/\",\"name\":\"O que o Marquee tem demais? - Conhe\u00e7a mais sobre a ferramenta - PROCLASS\",\"isPartOf\":{\"@id\":\"https:\/\/proclass.com.br\/home\/#website\"},\"primaryImageOfPage\":{\"@id\":\"https:\/\/proclass.com.br\/home\/2015\/02\/o-que-o-marquee-tem-demais-conheca-mais-sobre-a-ferramenta\/#primaryimage\"},\"image\":{\"@id\":\"https:\/\/proclass.com.br\/home\/2015\/02\/o-que-o-marquee-tem-demais-conheca-mais-sobre-a-ferramenta\/#primaryimage\"},\"thumbnailUrl\":\"http:\/\/proclass.com.br\/home\/wp-content\/uploads\/2012\/11\/Audio-Musica-e-Tecnologia-Logo-300x80.jpg\",\"datePublished\":\"2015-02-19T13:17:35+00:00\",\"breadcrumb\":{\"@id\":\"https:\/\/proclass.com.br\/home\/2015\/02\/o-que-o-marquee-tem-demais-conheca-mais-sobre-a-ferramenta\/#breadcrumb\"},\"inLanguage\":\"pt-BR\",\"potentialAction\":[{\"@type\":\"ReadAction\",\"target\":[\"https:\/\/proclass.com.br\/home\/2015\/02\/o-que-o-marquee-tem-demais-conheca-mais-sobre-a-ferramenta\/\"]}]},{\"@type\":\"ImageObject\",\"inLanguage\":\"pt-BR\",\"@id\":\"https:\/\/proclass.com.br\/home\/2015\/02\/o-que-o-marquee-tem-demais-conheca-mais-sobre-a-ferramenta\/#primaryimage\",\"url\":\"https:\/\/proclass.com.br\/home\/wp-content\/uploads\/2012\/11\/Audio-Musica-e-Tecnologia-Logo.jpg\",\"contentUrl\":\"https:\/\/proclass.com.br\/home\/wp-content\/uploads\/2012\/11\/Audio-Musica-e-Tecnologia-Logo.jpg\",\"width\":\"1000\",\"height\":\"269\"},{\"@type\":\"BreadcrumbList\",\"@id\":\"https:\/\/proclass.com.br\/home\/2015\/02\/o-que-o-marquee-tem-demais-conheca-mais-sobre-a-ferramenta\/#breadcrumb\",\"itemListElement\":[{\"@type\":\"ListItem\",\"position\":1,\"name\":\"In\u00edcio\",\"item\":\"https:\/\/proclass.com.br\/home\/\"},{\"@type\":\"ListItem\",\"position\":2,\"name\":\"O que o Marquee tem demais? &#8211; Conhe\u00e7a mais sobre a ferramenta\"}]},{\"@type\":\"WebSite\",\"@id\":\"https:\/\/proclass.com.br\/home\/#website\",\"url\":\"https:\/\/proclass.com.br\/home\/\",\"name\":\"PROCLASS\",\"description\":\"CURSOS E TREINAMENTOS\",\"publisher\":{\"@id\":\"https:\/\/proclass.com.br\/home\/#organization\"},\"potentialAction\":[{\"@type\":\"SearchAction\",\"target\":{\"@type\":\"EntryPoint\",\"urlTemplate\":\"https:\/\/proclass.com.br\/home\/?s={search_term_string}\"},\"query-input\":{\"@type\":\"PropertyValueSpecification\",\"valueRequired\":true,\"valueName\":\"search_term_string\"}}],\"inLanguage\":\"pt-BR\"},{\"@type\":\"Organization\",\"@id\":\"https:\/\/proclass.com.br\/home\/#organization\",\"name\":\"PROCLASS\",\"url\":\"https:\/\/proclass.com.br\/home\/\",\"logo\":{\"@type\":\"ImageObject\",\"inLanguage\":\"pt-BR\",\"@id\":\"https:\/\/proclass.com.br\/home\/#\/schema\/logo\/image\/\",\"url\":\"https:\/\/proclass.com.br\/home\/wp-content\/uploads\/2023\/06\/CABECALHO-black_PROCLASS-2023.png\",\"contentUrl\":\"https:\/\/proclass.com.br\/home\/wp-content\/uploads\/2023\/06\/CABECALHO-black_PROCLASS-2023.png\",\"width\":2563,\"height\":911,\"caption\":\"PROCLASS\"},\"image\":{\"@id\":\"https:\/\/proclass.com.br\/home\/#\/schema\/logo\/image\/\"}},{\"@type\":\"Person\",\"@id\":\"https:\/\/proclass.com.br\/home\/#\/schema\/person\/f89e1eb93d5d32c0bb465c52f87f5a00\",\"name\":\"ProClass Treinamentos\",\"image\":{\"@type\":\"ImageObject\",\"inLanguage\":\"pt-BR\",\"@id\":\"https:\/\/proclass.com.br\/home\/#\/schema\/person\/image\/\",\"url\":\"https:\/\/secure.gravatar.com\/avatar\/3878d7a575c7ac355d2c778d5de04af08b7c5a7d9f19b2889f26cc7d80a6a832?s=96&d=blank&r=g\",\"contentUrl\":\"https:\/\/secure.gravatar.com\/avatar\/3878d7a575c7ac355d2c778d5de04af08b7c5a7d9f19b2889f26cc7d80a6a832?s=96&d=blank&r=g\",\"caption\":\"ProClass Treinamentos\"},\"url\":\"https:\/\/proclass.com.br\/home\/author\/proclass\/\"}]}<\/script>\n<!-- \/ Yoast SEO plugin. -->","yoast_head_json":{"title":"O que o Marquee tem demais? - Conhe\u00e7a mais sobre a ferramenta - PROCLASS","robots":{"index":"index","follow":"follow","max-snippet":"max-snippet:-1","max-image-preview":"max-image-preview:large","max-video-preview":"max-video-preview:-1"},"canonical":"https:\/\/proclass.com.br\/home\/2015\/02\/o-que-o-marquee-tem-demais-conheca-mais-sobre-a-ferramenta\/","og_locale":"pt_BR","og_type":"article","og_title":"O que o Marquee tem demais? - Conhe\u00e7a mais sobre a ferramenta - PROCLASS","og_description":"Artigo publicado na Revista \u00c1udio, M\u00fasica &amp; Tecnologia.\u00a0Para conhecer mais sobre a revista,\u00a0clique aqui. \u00a0Para saber mais sobre treinamentos e certifica\u00e7\u00f5es em Avid Media Composer,\u00a0clique aqui O Media Composer possui duas ferramentas para cria\u00e7\u00e3o de t\u00edtulos. A primeira \u00e9 o Title Tool, a ferramenta mais tradicional da Avid para cria\u00e7\u00e3o de t\u00edtulos e sua premissaContinue reading &rarr;","og_url":"https:\/\/proclass.com.br\/home\/2015\/02\/o-que-o-marquee-tem-demais-conheca-mais-sobre-a-ferramenta\/","og_site_name":"PROCLASS","article_published_time":"2015-02-19T13:17:35+00:00","og_image":[{"url":"http:\/\/proclass.com.br\/home\/wp-content\/uploads\/2012\/11\/Audio-Musica-e-Tecnologia-Logo-300x80.jpg","type":"","width":"","height":""}],"author":"ProClass Treinamentos","twitter_card":"summary_large_image","twitter_misc":{"Escrito por":"ProClass Treinamentos","Est. tempo de leitura":"4 minutos"},"schema":{"@context":"https:\/\/schema.org","@graph":[{"@type":"Article","@id":"https:\/\/proclass.com.br\/home\/2015\/02\/o-que-o-marquee-tem-demais-conheca-mais-sobre-a-ferramenta\/#article","isPartOf":{"@id":"https:\/\/proclass.com.br\/home\/2015\/02\/o-que-o-marquee-tem-demais-conheca-mais-sobre-a-ferramenta\/"},"author":{"name":"ProClass Treinamentos","@id":"https:\/\/proclass.com.br\/home\/#\/schema\/person\/f89e1eb93d5d32c0bb465c52f87f5a00"},"headline":"O que o Marquee tem demais? &#8211; Conhe\u00e7a mais sobre a ferramenta","datePublished":"2015-02-19T13:17:35+00:00","mainEntityOfPage":{"@id":"https:\/\/proclass.com.br\/home\/2015\/02\/o-que-o-marquee-tem-demais-conheca-mais-sobre-a-ferramenta\/"},"wordCount":866,"publisher":{"@id":"https:\/\/proclass.com.br\/home\/#organization"},"image":{"@id":"https:\/\/proclass.com.br\/home\/2015\/02\/o-que-o-marquee-tem-demais-conheca-mais-sobre-a-ferramenta\/#primaryimage"},"thumbnailUrl":"http:\/\/proclass.com.br\/home\/wp-content\/uploads\/2012\/11\/Audio-Musica-e-Tecnologia-Logo-300x80.jpg","keywords":["curso avid media composer","edicao","edi\u00e7\u00e3o de v\u00eddeo"],"articleSection":["Artigos","Avid Media Composer"],"inLanguage":"pt-BR"},{"@type":"WebPage","@id":"https:\/\/proclass.com.br\/home\/2015\/02\/o-que-o-marquee-tem-demais-conheca-mais-sobre-a-ferramenta\/","url":"https:\/\/proclass.com.br\/home\/2015\/02\/o-que-o-marquee-tem-demais-conheca-mais-sobre-a-ferramenta\/","name":"O que o Marquee tem demais? - Conhe\u00e7a mais sobre a ferramenta - PROCLASS","isPartOf":{"@id":"https:\/\/proclass.com.br\/home\/#website"},"primaryImageOfPage":{"@id":"https:\/\/proclass.com.br\/home\/2015\/02\/o-que-o-marquee-tem-demais-conheca-mais-sobre-a-ferramenta\/#primaryimage"},"image":{"@id":"https:\/\/proclass.com.br\/home\/2015\/02\/o-que-o-marquee-tem-demais-conheca-mais-sobre-a-ferramenta\/#primaryimage"},"thumbnailUrl":"http:\/\/proclass.com.br\/home\/wp-content\/uploads\/2012\/11\/Audio-Musica-e-Tecnologia-Logo-300x80.jpg","datePublished":"2015-02-19T13:17:35+00:00","breadcrumb":{"@id":"https:\/\/proclass.com.br\/home\/2015\/02\/o-que-o-marquee-tem-demais-conheca-mais-sobre-a-ferramenta\/#breadcrumb"},"inLanguage":"pt-BR","potentialAction":[{"@type":"ReadAction","target":["https:\/\/proclass.com.br\/home\/2015\/02\/o-que-o-marquee-tem-demais-conheca-mais-sobre-a-ferramenta\/"]}]},{"@type":"ImageObject","inLanguage":"pt-BR","@id":"https:\/\/proclass.com.br\/home\/2015\/02\/o-que-o-marquee-tem-demais-conheca-mais-sobre-a-ferramenta\/#primaryimage","url":"https:\/\/proclass.com.br\/home\/wp-content\/uploads\/2012\/11\/Audio-Musica-e-Tecnologia-Logo.jpg","contentUrl":"https:\/\/proclass.com.br\/home\/wp-content\/uploads\/2012\/11\/Audio-Musica-e-Tecnologia-Logo.jpg","width":"1000","height":"269"},{"@type":"BreadcrumbList","@id":"https:\/\/proclass.com.br\/home\/2015\/02\/o-que-o-marquee-tem-demais-conheca-mais-sobre-a-ferramenta\/#breadcrumb","itemListElement":[{"@type":"ListItem","position":1,"name":"In\u00edcio","item":"https:\/\/proclass.com.br\/home\/"},{"@type":"ListItem","position":2,"name":"O que o Marquee tem demais? &#8211; Conhe\u00e7a mais sobre a ferramenta"}]},{"@type":"WebSite","@id":"https:\/\/proclass.com.br\/home\/#website","url":"https:\/\/proclass.com.br\/home\/","name":"PROCLASS","description":"CURSOS E TREINAMENTOS","publisher":{"@id":"https:\/\/proclass.com.br\/home\/#organization"},"potentialAction":[{"@type":"SearchAction","target":{"@type":"EntryPoint","urlTemplate":"https:\/\/proclass.com.br\/home\/?s={search_term_string}"},"query-input":{"@type":"PropertyValueSpecification","valueRequired":true,"valueName":"search_term_string"}}],"inLanguage":"pt-BR"},{"@type":"Organization","@id":"https:\/\/proclass.com.br\/home\/#organization","name":"PROCLASS","url":"https:\/\/proclass.com.br\/home\/","logo":{"@type":"ImageObject","inLanguage":"pt-BR","@id":"https:\/\/proclass.com.br\/home\/#\/schema\/logo\/image\/","url":"https:\/\/proclass.com.br\/home\/wp-content\/uploads\/2023\/06\/CABECALHO-black_PROCLASS-2023.png","contentUrl":"https:\/\/proclass.com.br\/home\/wp-content\/uploads\/2023\/06\/CABECALHO-black_PROCLASS-2023.png","width":2563,"height":911,"caption":"PROCLASS"},"image":{"@id":"https:\/\/proclass.com.br\/home\/#\/schema\/logo\/image\/"}},{"@type":"Person","@id":"https:\/\/proclass.com.br\/home\/#\/schema\/person\/f89e1eb93d5d32c0bb465c52f87f5a00","name":"ProClass Treinamentos","image":{"@type":"ImageObject","inLanguage":"pt-BR","@id":"https:\/\/proclass.com.br\/home\/#\/schema\/person\/image\/","url":"https:\/\/secure.gravatar.com\/avatar\/3878d7a575c7ac355d2c778d5de04af08b7c5a7d9f19b2889f26cc7d80a6a832?s=96&d=blank&r=g","contentUrl":"https:\/\/secure.gravatar.com\/avatar\/3878d7a575c7ac355d2c778d5de04af08b7c5a7d9f19b2889f26cc7d80a6a832?s=96&d=blank&r=g","caption":"ProClass Treinamentos"},"url":"https:\/\/proclass.com.br\/home\/author\/proclass\/"}]}},"_links":{"self":[{"href":"https:\/\/proclass.com.br\/home\/wp-json\/wp\/v2\/posts\/3893","targetHints":{"allow":["GET"]}}],"collection":[{"href":"https:\/\/proclass.com.br\/home\/wp-json\/wp\/v2\/posts"}],"about":[{"href":"https:\/\/proclass.com.br\/home\/wp-json\/wp\/v2\/types\/post"}],"author":[{"embeddable":true,"href":"https:\/\/proclass.com.br\/home\/wp-json\/wp\/v2\/users\/4"}],"replies":[{"embeddable":true,"href":"https:\/\/proclass.com.br\/home\/wp-json\/wp\/v2\/comments?post=3893"}],"version-history":[{"count":0,"href":"https:\/\/proclass.com.br\/home\/wp-json\/wp\/v2\/posts\/3893\/revisions"}],"wp:attachment":[{"href":"https:\/\/proclass.com.br\/home\/wp-json\/wp\/v2\/media?parent=3893"}],"wp:term":[{"taxonomy":"category","embeddable":true,"href":"https:\/\/proclass.com.br\/home\/wp-json\/wp\/v2\/categories?post=3893"},{"taxonomy":"post_tag","embeddable":true,"href":"https:\/\/proclass.com.br\/home\/wp-json\/wp\/v2\/tags?post=3893"}],"curies":[{"name":"wp","href":"https:\/\/api.w.org\/{rel}","templated":true}]}}