{"id":3875,"date":"2015-02-12T15:06:53","date_gmt":"2015-02-12T18:06:53","guid":{"rendered":"http:\/\/proclass.com.br\/home\/?p=3875"},"modified":"2015-02-12T15:06:53","modified_gmt":"2015-02-12T18:06:53","slug":"colaboracao-na-nuvem-esta-chegando-no-pro-tools-12","status":"publish","type":"post","link":"https:\/\/proclass.com.br\/home\/2015\/02\/colaboracao-na-nuvem-esta-chegando-no-pro-tools-12\/","title":{"rendered":"Colabora\u00e7\u00e3o na nuvem est\u00e1 chegando no Pro Tools 12."},"content":{"rendered":"<p><a href=\"http:\/\/proclass.com.br\/home\/wp-content\/uploads\/2015\/02\/pro-tools-cloud-collaboration-3D.jpg.jpeg\"><img fetchpriority=\"high\" decoding=\"async\" class=\"aligncenter  wp-image-3876\" src=\"http:\/\/proclass.com.br\/home\/wp-content\/uploads\/2015\/02\/pro-tools-cloud-collaboration-3D.jpg-1024x576.jpeg\" alt=\"pro-tools-cloud-collaboration-3D.jpg\" width=\"633\" height=\"357\" srcset=\"https:\/\/proclass.com.br\/home\/wp-content\/uploads\/2015\/02\/pro-tools-cloud-collaboration-3D.jpg-1024x576.jpeg 1024w, https:\/\/proclass.com.br\/home\/wp-content\/uploads\/2015\/02\/pro-tools-cloud-collaboration-3D.jpg-300x169.jpeg 300w, https:\/\/proclass.com.br\/home\/wp-content\/uploads\/2015\/02\/pro-tools-cloud-collaboration-3D.jpg-100x56.jpeg 100w, https:\/\/proclass.com.br\/home\/wp-content\/uploads\/2015\/02\/pro-tools-cloud-collaboration-3D.jpg.jpeg 1280w\" sizes=\"(max-width: 633px) 100vw, 633px\" \/><\/a><\/p>\n<p class=\"p1\"><span class=\"s1\">Consegue se imaginar trabalhando com m\u00fasicos, produtores, engenheiros de som e arranjadores, n\u00e3o importando onde estiverem no mundo? Essa \u00e9 uma das novas fun\u00e7\u00f5es do Pro Tools 12. <\/span><\/p>\n<p class=\"p1\"><span class=\"s1\"><i>Avid Cloud Collaboration <\/i>(ou colabora\u00e7\u00e3o na nuvem) \u00e9 uma das fun\u00e7\u00f5es da nova vers\u00e3o que ainda n\u00e3o tem data para lan\u00e7amento. Apesar disso, a Avid est\u00e1 abrindo cadastro aos seus clientes para experimentar em primeira m\u00e3o esta nova ferramenta. \u00c9 s\u00f3 acessar o link abaixo (em ingl\u00eas), se inscrever e aguardar o convite para testar. <i> <\/i><\/span><\/p>\n<p class=\"p3\"><span class=\"s2\"><a href=\"http:\/\/www.avid.com\/US\/Solutions\/byIndustry\/protoolsearlyaccess.html\"><i>http:\/\/www.avid.com\/US\/Solutions\/byIndustry\/protoolsearlyaccess.html<\/i><\/a><\/span><\/p>\n","protected":false},"excerpt":{"rendered":"<p>Consegue se imaginar trabalhando com m\u00fasicos, produtores, engenheiros de som e arranjadores, n\u00e3o importando onde estiverem no mundo? Essa \u00e9 uma das novas fun\u00e7\u00f5es do Pro Tools 12. Avid Cloud Collaboration (ou colabora\u00e7\u00e3o na nuvem) \u00e9 uma das fun\u00e7\u00f5es da nova vers\u00e3o que ainda n\u00e3o tem data para lan\u00e7amento. Apesar disso, a Avid est\u00e1 abrindoContinue reading &rarr;<\/p>\n","protected":false},"author":4,"featured_media":0,"comment_status":"closed","ping_status":"closed","sticky":false,"template":"","format":"standard","meta":{"footnotes":""},"categories":[13,1,1000],"tags":[736,35,1068],"class_list":["post-3875","post","type-post","status-publish","format-standard","hentry","category-noticias","category-novidades","category-pro-tools-2","tag-avid","tag-pro-tools","tag-producao-musical","no-thumb"],"yoast_head":"<!-- This site is optimized with the Yoast SEO plugin v26.9 - https:\/\/yoast.com\/product\/yoast-seo-wordpress\/ -->\n<title>Colabora\u00e7\u00e3o na nuvem est\u00e1 chegando no Pro Tools 12. - PROCLASS<\/title>\n<meta name=\"robots\" content=\"index, follow, max-snippet:-1, max-image-preview:large, max-video-preview:-1\" \/>\n<link rel=\"canonical\" href=\"https:\/\/proclass.com.br\/home\/2015\/02\/colaboracao-na-nuvem-esta-chegando-no-pro-tools-12\/\" \/>\n<meta property=\"og:locale\" content=\"pt_BR\" \/>\n<meta property=\"og:type\" content=\"article\" \/>\n<meta property=\"og:title\" content=\"Colabora\u00e7\u00e3o na nuvem est\u00e1 chegando no Pro Tools 12. - PROCLASS\" \/>\n<meta property=\"og:description\" content=\"Consegue se imaginar trabalhando com m\u00fasicos, produtores, engenheiros de som e arranjadores, n\u00e3o importando onde estiverem no mundo? Essa \u00e9 uma das novas fun\u00e7\u00f5es do Pro Tools 12. Avid Cloud Collaboration (ou colabora\u00e7\u00e3o na nuvem) \u00e9 uma das fun\u00e7\u00f5es da nova vers\u00e3o que ainda n\u00e3o tem data para lan\u00e7amento. Apesar disso, a Avid est\u00e1 abrindoContinue reading &rarr;\" \/>\n<meta property=\"og:url\" content=\"https:\/\/proclass.com.br\/home\/2015\/02\/colaboracao-na-nuvem-esta-chegando-no-pro-tools-12\/\" \/>\n<meta property=\"og:site_name\" content=\"PROCLASS\" \/>\n<meta property=\"article:published_time\" content=\"2015-02-12T18:06:53+00:00\" \/>\n<meta property=\"og:image\" content=\"https:\/\/proclass.com.br\/home\/wp-content\/uploads\/2015\/02\/pro-tools-cloud-collaboration-3D.jpg.jpeg\" \/>\n\t<meta property=\"og:image:width\" content=\"1280\" \/>\n\t<meta property=\"og:image:height\" content=\"720\" \/>\n\t<meta property=\"og:image:type\" content=\"image\/jpeg\" \/>\n<meta name=\"author\" content=\"ProClass Treinamentos\" \/>\n<meta name=\"twitter:card\" content=\"summary_large_image\" \/>\n<meta name=\"twitter:label1\" content=\"Escrito por\" \/>\n\t<meta name=\"twitter:data1\" content=\"ProClass Treinamentos\" \/>\n<script type=\"application\/ld+json\" class=\"yoast-schema-graph\">{\"@context\":\"https:\/\/schema.org\",\"@graph\":[{\"@type\":\"Article\",\"@id\":\"https:\/\/proclass.com.br\/home\/2015\/02\/colaboracao-na-nuvem-esta-chegando-no-pro-tools-12\/#article\",\"isPartOf\":{\"@id\":\"https:\/\/proclass.com.br\/home\/2015\/02\/colaboracao-na-nuvem-esta-chegando-no-pro-tools-12\/\"},\"author\":{\"name\":\"ProClass Treinamentos\",\"@id\":\"https:\/\/proclass.com.br\/home\/#\/schema\/person\/f89e1eb93d5d32c0bb465c52f87f5a00\"},\"headline\":\"Colabora\u00e7\u00e3o na nuvem est\u00e1 chegando no Pro Tools 12.\",\"datePublished\":\"2015-02-12T18:06:53+00:00\",\"mainEntityOfPage\":{\"@id\":\"https:\/\/proclass.com.br\/home\/2015\/02\/colaboracao-na-nuvem-esta-chegando-no-pro-tools-12\/\"},\"wordCount\":107,\"publisher\":{\"@id\":\"https:\/\/proclass.com.br\/home\/#organization\"},\"image\":{\"@id\":\"https:\/\/proclass.com.br\/home\/2015\/02\/colaboracao-na-nuvem-esta-chegando-no-pro-tools-12\/#primaryimage\"},\"thumbnailUrl\":\"http:\/\/proclass.com.br\/home\/wp-content\/uploads\/2015\/02\/pro-tools-cloud-collaboration-3D.jpg-1024x576.jpeg\",\"keywords\":[\"avid\",\"pro tools\",\"producao musical\"],\"articleSection\":[\"Not\u00edcias\",\"Novidades\",\"Pro Tools\"],\"inLanguage\":\"pt-BR\"},{\"@type\":\"WebPage\",\"@id\":\"https:\/\/proclass.com.br\/home\/2015\/02\/colaboracao-na-nuvem-esta-chegando-no-pro-tools-12\/\",\"url\":\"https:\/\/proclass.com.br\/home\/2015\/02\/colaboracao-na-nuvem-esta-chegando-no-pro-tools-12\/\",\"name\":\"Colabora\u00e7\u00e3o na nuvem est\u00e1 chegando no Pro Tools 12. - PROCLASS\",\"isPartOf\":{\"@id\":\"https:\/\/proclass.com.br\/home\/#website\"},\"primaryImageOfPage\":{\"@id\":\"https:\/\/proclass.com.br\/home\/2015\/02\/colaboracao-na-nuvem-esta-chegando-no-pro-tools-12\/#primaryimage\"},\"image\":{\"@id\":\"https:\/\/proclass.com.br\/home\/2015\/02\/colaboracao-na-nuvem-esta-chegando-no-pro-tools-12\/#primaryimage\"},\"thumbnailUrl\":\"http:\/\/proclass.com.br\/home\/wp-content\/uploads\/2015\/02\/pro-tools-cloud-collaboration-3D.jpg-1024x576.jpeg\",\"datePublished\":\"2015-02-12T18:06:53+00:00\",\"breadcrumb\":{\"@id\":\"https:\/\/proclass.com.br\/home\/2015\/02\/colaboracao-na-nuvem-esta-chegando-no-pro-tools-12\/#breadcrumb\"},\"inLanguage\":\"pt-BR\",\"potentialAction\":[{\"@type\":\"ReadAction\",\"target\":[\"https:\/\/proclass.com.br\/home\/2015\/02\/colaboracao-na-nuvem-esta-chegando-no-pro-tools-12\/\"]}]},{\"@type\":\"ImageObject\",\"inLanguage\":\"pt-BR\",\"@id\":\"https:\/\/proclass.com.br\/home\/2015\/02\/colaboracao-na-nuvem-esta-chegando-no-pro-tools-12\/#primaryimage\",\"url\":\"https:\/\/proclass.com.br\/home\/wp-content\/uploads\/2015\/02\/pro-tools-cloud-collaboration-3D.jpg.jpeg\",\"contentUrl\":\"https:\/\/proclass.com.br\/home\/wp-content\/uploads\/2015\/02\/pro-tools-cloud-collaboration-3D.jpg.jpeg\",\"width\":1280,\"height\":720},{\"@type\":\"BreadcrumbList\",\"@id\":\"https:\/\/proclass.com.br\/home\/2015\/02\/colaboracao-na-nuvem-esta-chegando-no-pro-tools-12\/#breadcrumb\",\"itemListElement\":[{\"@type\":\"ListItem\",\"position\":1,\"name\":\"In\u00edcio\",\"item\":\"https:\/\/proclass.com.br\/home\/\"},{\"@type\":\"ListItem\",\"position\":2,\"name\":\"Colabora\u00e7\u00e3o na nuvem est\u00e1 chegando no Pro Tools 12.\"}]},{\"@type\":\"WebSite\",\"@id\":\"https:\/\/proclass.com.br\/home\/#website\",\"url\":\"https:\/\/proclass.com.br\/home\/\",\"name\":\"PROCLASS\",\"description\":\"CURSOS E TREINAMENTOS\",\"publisher\":{\"@id\":\"https:\/\/proclass.com.br\/home\/#organization\"},\"potentialAction\":[{\"@type\":\"SearchAction\",\"target\":{\"@type\":\"EntryPoint\",\"urlTemplate\":\"https:\/\/proclass.com.br\/home\/?s={search_term_string}\"},\"query-input\":{\"@type\":\"PropertyValueSpecification\",\"valueRequired\":true,\"valueName\":\"search_term_string\"}}],\"inLanguage\":\"pt-BR\"},{\"@type\":\"Organization\",\"@id\":\"https:\/\/proclass.com.br\/home\/#organization\",\"name\":\"PROCLASS\",\"url\":\"https:\/\/proclass.com.br\/home\/\",\"logo\":{\"@type\":\"ImageObject\",\"inLanguage\":\"pt-BR\",\"@id\":\"https:\/\/proclass.com.br\/home\/#\/schema\/logo\/image\/\",\"url\":\"https:\/\/proclass.com.br\/home\/wp-content\/uploads\/2023\/06\/CABECALHO-black_PROCLASS-2023.png\",\"contentUrl\":\"https:\/\/proclass.com.br\/home\/wp-content\/uploads\/2023\/06\/CABECALHO-black_PROCLASS-2023.png\",\"width\":2563,\"height\":911,\"caption\":\"PROCLASS\"},\"image\":{\"@id\":\"https:\/\/proclass.com.br\/home\/#\/schema\/logo\/image\/\"}},{\"@type\":\"Person\",\"@id\":\"https:\/\/proclass.com.br\/home\/#\/schema\/person\/f89e1eb93d5d32c0bb465c52f87f5a00\",\"name\":\"ProClass Treinamentos\",\"image\":{\"@type\":\"ImageObject\",\"inLanguage\":\"pt-BR\",\"@id\":\"https:\/\/proclass.com.br\/home\/#\/schema\/person\/image\/\",\"url\":\"https:\/\/secure.gravatar.com\/avatar\/3878d7a575c7ac355d2c778d5de04af08b7c5a7d9f19b2889f26cc7d80a6a832?s=96&d=blank&r=g\",\"contentUrl\":\"https:\/\/secure.gravatar.com\/avatar\/3878d7a575c7ac355d2c778d5de04af08b7c5a7d9f19b2889f26cc7d80a6a832?s=96&d=blank&r=g\",\"caption\":\"ProClass Treinamentos\"},\"url\":\"https:\/\/proclass.com.br\/home\/author\/proclass\/\"}]}<\/script>\n<!-- \/ Yoast SEO plugin. -->","yoast_head_json":{"title":"Colabora\u00e7\u00e3o na nuvem est\u00e1 chegando no Pro Tools 12. - PROCLASS","robots":{"index":"index","follow":"follow","max-snippet":"max-snippet:-1","max-image-preview":"max-image-preview:large","max-video-preview":"max-video-preview:-1"},"canonical":"https:\/\/proclass.com.br\/home\/2015\/02\/colaboracao-na-nuvem-esta-chegando-no-pro-tools-12\/","og_locale":"pt_BR","og_type":"article","og_title":"Colabora\u00e7\u00e3o na nuvem est\u00e1 chegando no Pro Tools 12. - PROCLASS","og_description":"Consegue se imaginar trabalhando com m\u00fasicos, produtores, engenheiros de som e arranjadores, n\u00e3o importando onde estiverem no mundo? Essa \u00e9 uma das novas fun\u00e7\u00f5es do Pro Tools 12. Avid Cloud Collaboration (ou colabora\u00e7\u00e3o na nuvem) \u00e9 uma das fun\u00e7\u00f5es da nova vers\u00e3o que ainda n\u00e3o tem data para lan\u00e7amento. Apesar disso, a Avid est\u00e1 abrindoContinue reading &rarr;","og_url":"https:\/\/proclass.com.br\/home\/2015\/02\/colaboracao-na-nuvem-esta-chegando-no-pro-tools-12\/","og_site_name":"PROCLASS","article_published_time":"2015-02-12T18:06:53+00:00","og_image":[{"width":1280,"height":720,"url":"https:\/\/proclass.com.br\/home\/wp-content\/uploads\/2015\/02\/pro-tools-cloud-collaboration-3D.jpg.jpeg","type":"image\/jpeg"}],"author":"ProClass Treinamentos","twitter_card":"summary_large_image","twitter_misc":{"Escrito por":"ProClass Treinamentos"},"schema":{"@context":"https:\/\/schema.org","@graph":[{"@type":"Article","@id":"https:\/\/proclass.com.br\/home\/2015\/02\/colaboracao-na-nuvem-esta-chegando-no-pro-tools-12\/#article","isPartOf":{"@id":"https:\/\/proclass.com.br\/home\/2015\/02\/colaboracao-na-nuvem-esta-chegando-no-pro-tools-12\/"},"author":{"name":"ProClass Treinamentos","@id":"https:\/\/proclass.com.br\/home\/#\/schema\/person\/f89e1eb93d5d32c0bb465c52f87f5a00"},"headline":"Colabora\u00e7\u00e3o na nuvem est\u00e1 chegando no Pro Tools 12.","datePublished":"2015-02-12T18:06:53+00:00","mainEntityOfPage":{"@id":"https:\/\/proclass.com.br\/home\/2015\/02\/colaboracao-na-nuvem-esta-chegando-no-pro-tools-12\/"},"wordCount":107,"publisher":{"@id":"https:\/\/proclass.com.br\/home\/#organization"},"image":{"@id":"https:\/\/proclass.com.br\/home\/2015\/02\/colaboracao-na-nuvem-esta-chegando-no-pro-tools-12\/#primaryimage"},"thumbnailUrl":"http:\/\/proclass.com.br\/home\/wp-content\/uploads\/2015\/02\/pro-tools-cloud-collaboration-3D.jpg-1024x576.jpeg","keywords":["avid","pro tools","producao musical"],"articleSection":["Not\u00edcias","Novidades","Pro Tools"],"inLanguage":"pt-BR"},{"@type":"WebPage","@id":"https:\/\/proclass.com.br\/home\/2015\/02\/colaboracao-na-nuvem-esta-chegando-no-pro-tools-12\/","url":"https:\/\/proclass.com.br\/home\/2015\/02\/colaboracao-na-nuvem-esta-chegando-no-pro-tools-12\/","name":"Colabora\u00e7\u00e3o na nuvem est\u00e1 chegando no Pro Tools 12. - PROCLASS","isPartOf":{"@id":"https:\/\/proclass.com.br\/home\/#website"},"primaryImageOfPage":{"@id":"https:\/\/proclass.com.br\/home\/2015\/02\/colaboracao-na-nuvem-esta-chegando-no-pro-tools-12\/#primaryimage"},"image":{"@id":"https:\/\/proclass.com.br\/home\/2015\/02\/colaboracao-na-nuvem-esta-chegando-no-pro-tools-12\/#primaryimage"},"thumbnailUrl":"http:\/\/proclass.com.br\/home\/wp-content\/uploads\/2015\/02\/pro-tools-cloud-collaboration-3D.jpg-1024x576.jpeg","datePublished":"2015-02-12T18:06:53+00:00","breadcrumb":{"@id":"https:\/\/proclass.com.br\/home\/2015\/02\/colaboracao-na-nuvem-esta-chegando-no-pro-tools-12\/#breadcrumb"},"inLanguage":"pt-BR","potentialAction":[{"@type":"ReadAction","target":["https:\/\/proclass.com.br\/home\/2015\/02\/colaboracao-na-nuvem-esta-chegando-no-pro-tools-12\/"]}]},{"@type":"ImageObject","inLanguage":"pt-BR","@id":"https:\/\/proclass.com.br\/home\/2015\/02\/colaboracao-na-nuvem-esta-chegando-no-pro-tools-12\/#primaryimage","url":"https:\/\/proclass.com.br\/home\/wp-content\/uploads\/2015\/02\/pro-tools-cloud-collaboration-3D.jpg.jpeg","contentUrl":"https:\/\/proclass.com.br\/home\/wp-content\/uploads\/2015\/02\/pro-tools-cloud-collaboration-3D.jpg.jpeg","width":1280,"height":720},{"@type":"BreadcrumbList","@id":"https:\/\/proclass.com.br\/home\/2015\/02\/colaboracao-na-nuvem-esta-chegando-no-pro-tools-12\/#breadcrumb","itemListElement":[{"@type":"ListItem","position":1,"name":"In\u00edcio","item":"https:\/\/proclass.com.br\/home\/"},{"@type":"ListItem","position":2,"name":"Colabora\u00e7\u00e3o na nuvem est\u00e1 chegando no Pro Tools 12."}]},{"@type":"WebSite","@id":"https:\/\/proclass.com.br\/home\/#website","url":"https:\/\/proclass.com.br\/home\/","name":"PROCLASS","description":"CURSOS E TREINAMENTOS","publisher":{"@id":"https:\/\/proclass.com.br\/home\/#organization"},"potentialAction":[{"@type":"SearchAction","target":{"@type":"EntryPoint","urlTemplate":"https:\/\/proclass.com.br\/home\/?s={search_term_string}"},"query-input":{"@type":"PropertyValueSpecification","valueRequired":true,"valueName":"search_term_string"}}],"inLanguage":"pt-BR"},{"@type":"Organization","@id":"https:\/\/proclass.com.br\/home\/#organization","name":"PROCLASS","url":"https:\/\/proclass.com.br\/home\/","logo":{"@type":"ImageObject","inLanguage":"pt-BR","@id":"https:\/\/proclass.com.br\/home\/#\/schema\/logo\/image\/","url":"https:\/\/proclass.com.br\/home\/wp-content\/uploads\/2023\/06\/CABECALHO-black_PROCLASS-2023.png","contentUrl":"https:\/\/proclass.com.br\/home\/wp-content\/uploads\/2023\/06\/CABECALHO-black_PROCLASS-2023.png","width":2563,"height":911,"caption":"PROCLASS"},"image":{"@id":"https:\/\/proclass.com.br\/home\/#\/schema\/logo\/image\/"}},{"@type":"Person","@id":"https:\/\/proclass.com.br\/home\/#\/schema\/person\/f89e1eb93d5d32c0bb465c52f87f5a00","name":"ProClass Treinamentos","image":{"@type":"ImageObject","inLanguage":"pt-BR","@id":"https:\/\/proclass.com.br\/home\/#\/schema\/person\/image\/","url":"https:\/\/secure.gravatar.com\/avatar\/3878d7a575c7ac355d2c778d5de04af08b7c5a7d9f19b2889f26cc7d80a6a832?s=96&d=blank&r=g","contentUrl":"https:\/\/secure.gravatar.com\/avatar\/3878d7a575c7ac355d2c778d5de04af08b7c5a7d9f19b2889f26cc7d80a6a832?s=96&d=blank&r=g","caption":"ProClass Treinamentos"},"url":"https:\/\/proclass.com.br\/home\/author\/proclass\/"}]}},"_links":{"self":[{"href":"https:\/\/proclass.com.br\/home\/wp-json\/wp\/v2\/posts\/3875","targetHints":{"allow":["GET"]}}],"collection":[{"href":"https:\/\/proclass.com.br\/home\/wp-json\/wp\/v2\/posts"}],"about":[{"href":"https:\/\/proclass.com.br\/home\/wp-json\/wp\/v2\/types\/post"}],"author":[{"embeddable":true,"href":"https:\/\/proclass.com.br\/home\/wp-json\/wp\/v2\/users\/4"}],"replies":[{"embeddable":true,"href":"https:\/\/proclass.com.br\/home\/wp-json\/wp\/v2\/comments?post=3875"}],"version-history":[{"count":0,"href":"https:\/\/proclass.com.br\/home\/wp-json\/wp\/v2\/posts\/3875\/revisions"}],"wp:attachment":[{"href":"https:\/\/proclass.com.br\/home\/wp-json\/wp\/v2\/media?parent=3875"}],"wp:term":[{"taxonomy":"category","embeddable":true,"href":"https:\/\/proclass.com.br\/home\/wp-json\/wp\/v2\/categories?post=3875"},{"taxonomy":"post_tag","embeddable":true,"href":"https:\/\/proclass.com.br\/home\/wp-json\/wp\/v2\/tags?post=3875"}],"curies":[{"name":"wp","href":"https:\/\/api.w.org\/{rel}","templated":true}]}}