{"id":3294,"date":"2013-12-20T10:19:41","date_gmt":"2013-12-20T13:19:41","guid":{"rendered":"http:\/\/proclass.com.br\/home\/?p=3294"},"modified":"2013-12-20T10:24:56","modified_gmt":"2013-12-20T13:24:56","slug":"final-cut-pro-x-10-1-saiba-mais-sobre-este-update","status":"publish","type":"post","link":"https:\/\/proclass.com.br\/home\/2013\/12\/final-cut-pro-x-10-1-saiba-mais-sobre-este-update\/","title":{"rendered":"Final Cut Pro X 10.1 &#8211; saiba mais sobre este update"},"content":{"rendered":"<p>Um importante update do Final Cut Pro X chegou durante a semana na App Store. \u00c9 a vers\u00e3o 10.1, recheada de novos recursos, onde destacamos o suporte a monitora\u00e7\u00e3o de v\u00eddeos com resolu\u00e7\u00e3o de at\u00e9 4K utilizando portas Thunderbolt 2 e HDMI e uma remodela\u00e7\u00e3o no seu gerenciamento de m\u00eddia, considerado por muitos usu\u00e1rios como o ponto mais fraco do aplicativo.<\/p>\n<p>Vale ressaltar que o Motion e o Compressor tamb\u00e9m foram atualizados.<\/p>\n<p>N\u00e3o custa lembrar que um dos compromissos da ProClass \u00e9 sempre oferecer \u00a0treinamentos nas vers\u00f5es mais atualizadas dos aplicativos, e n\u00e3o ser\u00e1 diferente no <strong>treinamento de certifica\u00e7\u00e3o oficial em Final Cut Pro X 101, realizada nos dias 27, 28 e 29 de janeiro de 2014<\/strong>. Se voc\u00ea faz parte do grupo de usu\u00e1rios de Final Cut Pro 7 que busca entender o que de fato a nova vers\u00e3o pode oferecer, este \u00e9 um excelente momento, pois estamos oferecendo 25% de desconto para qualquer inscri\u00e7\u00e3o realizada at\u00e9 o dia 31\/12\/13. <a href=\"http:\/\/proclass.com.br\/home\/contato\/\" target=\"_blank\">Para mais informa\u00e7\u00f5es, entre em contato.<\/a><\/p>\n<h2>\u00a0Entendendo um pouco mais sobre o novo gerenciamento de m\u00eddia:<\/h2>\n<div id=\"attachment_3296\" style=\"width: 310px\" class=\"wp-caption alignleft\"><a href=\"http:\/\/proclass.com.br\/home\/wp-content\/uploads\/2013\/12\/FCPX002.jpg\"><img fetchpriority=\"high\" decoding=\"async\" aria-describedby=\"caption-attachment-3296\" class=\"size-medium wp-image-3296 \" alt=\"Novo gerenciador de m\u00eddia\" src=\"http:\/\/proclass.com.br\/home\/wp-content\/uploads\/2013\/12\/FCPX002-300x170.jpg\" width=\"300\" height=\"170\" srcset=\"https:\/\/proclass.com.br\/home\/wp-content\/uploads\/2013\/12\/FCPX002-300x170.jpg 300w, https:\/\/proclass.com.br\/home\/wp-content\/uploads\/2013\/12\/FCPX002-100x56.jpg 100w, https:\/\/proclass.com.br\/home\/wp-content\/uploads\/2013\/12\/FCPX002.jpg 646w\" sizes=\"(max-width: 300px) 100vw, 300px\" \/><\/a><p id=\"caption-attachment-3296\" class=\"wp-caption-text\">Novo gerenciador de m\u00eddia<\/p><\/div>\n<p>&nbsp;<\/p>\n<p>O sistema de &#8220;events&#8221; e &#8220;projects&#8221; foi substitu\u00eddo por &#8220;libraries&#8221;. Com isso, a aba &#8220;Event Library&#8221; se foi, e agora, encontramos a aba &#8220;Libraries (figura ao lado). L\u00e1, o usu\u00e1rio vai encontrar m\u00eddia, &#8220;events&#8221; e &#8220;projects&#8221;, onde podemos entender agora os &#8220;events&#8221; como folders (pastas) do FCP 7, ou &#8220;bins&#8221;, como \u00e9 no Avid Media Composer. Em resumo, \u00e9 onde seu material \u00e9 guardado.<\/p>\n<p>O \u00fanico lado negativo \u00e9 que usu\u00e1rios de vers\u00f5es anteriores do Final Cut Pro X precisam converter seus &#8220;events&#8221; e &#8220;libraries&#8221; para poder usar na vers\u00e3o 10.1.<\/p>\n<p>&nbsp;<\/p>\n<p>&nbsp;<\/p>\n<p>&nbsp;<\/p>\n<p><!--more--><\/p>\n<h2>E aqui est\u00e1 a lista das principais mudan\u00e7as da vers\u00e3o 10.1:<\/h2>\n<ul>\n<li>Monitora\u00e7\u00e3o de v\u00eddeo em 4K via Thunderbolt 2 \u00a0HDMI<\/li>\n<li>Conte\u00fado em 4K como t\u00edtulos, transi\u00e7\u00f5es e geradores<\/li>\n<li>Libraries permite que voc\u00ea organize m\u00faltiplos eventos e projetos num \u00fanico arquivo<\/li>\n<li>Possibilidade de abrir e fechar libraries e carregar somente o material necess\u00e1rio<\/li>\n<li>Importa\u00e7\u00e3o de m\u00eddia de c\u00e2meras para um library ou para outro destino<\/li>\n<li>Fa\u00e7a backups autom\u00e1ticos de libraries para um HD local ou via rede<\/li>\n<li>Audio fade handles em canais individuais de \u00e1udio na timeline<\/li>\n<li>Op\u00e7\u00e3o de ajuste preciso de velocidade do clip, digitando pelo teclado.<\/li>\n<li>Ajuste de velocidade sem Ripple<\/li>\n<li>Simplifica\u00e7\u00e3o das op\u00e7\u00f5es de Replace e retime<\/li>\n<li>Tamanho de frame customizados<\/li>\n<li>O comando &#8220;Through Edit&#8221; remove cortes nos clips na timeline<\/li>\n<li>Op\u00e7\u00e3o para desconectar audio de multicam clips para melhor manipula\u00e7\u00e3o de \u00e1udio e v\u00eddeo de forma independente<\/li>\n<li>Suporte nativo aos arquivos .MTS e .MT2S de c\u00e2meras AVCHD<\/li>\n<li>Mover, copiar e colar m\u00faltiplos keyframes<\/li>\n<li>Melhorias na estabiliza\u00e7\u00e3o de imagens utilizando InertiaCam e Tripod mode<\/li>\n<li>Par\u00e2metros de efeitos, fontes e tamanho de texto inclu\u00eddos no XML metadata<\/li>\n<li>Suporte aos plug-ins FxPlug 4<\/li>\n<li>Compartilhamento diretamente no YouTube com resolu\u00e7\u00e3o 4K<\/li>\n<\/ul>\n<p>&nbsp;<\/p>\n<p>&nbsp;<\/p>\n<p>&nbsp;<\/p>\n","protected":false},"excerpt":{"rendered":"<p>Um importante update do Final Cut Pro X chegou durante a semana na App Store. \u00c9 a vers\u00e3o 10.1, recheada de novos recursos, onde destacamos o suporte a monitora\u00e7\u00e3o de v\u00eddeos com resolu\u00e7\u00e3o de at\u00e9 4K utilizando portas Thunderbolt 2 e HDMI e uma remodela\u00e7\u00e3o no seu gerenciamento de m\u00eddia, considerado por muitos usu\u00e1rios comoContinue reading &rarr;<\/p>\n","protected":false},"author":4,"featured_media":3295,"comment_status":"closed","ping_status":"closed","sticky":false,"template":"","format":"standard","meta":{"footnotes":""},"categories":[17,782,1],"tags":[873,752,785,329,1038,695,751],"class_list":["post-3294","post","type-post","status-publish","format-standard","has-post-thumbnail","hentry","category-artigos","category-final-cut-pro-x","category-novidades","tag-audiovisual","tag-edicao","tag-fcp","tag-final-cut","tag-imagens","tag-producao","tag-video","has-thumb"],"yoast_head":"<!-- This site is optimized with the Yoast SEO plugin v26.9 - https:\/\/yoast.com\/product\/yoast-seo-wordpress\/ -->\n<title>Final Cut Pro X 10.1 - saiba mais sobre este update - PROCLASS<\/title>\n<meta name=\"robots\" content=\"index, follow, max-snippet:-1, max-image-preview:large, max-video-preview:-1\" \/>\n<link rel=\"canonical\" href=\"https:\/\/proclass.com.br\/home\/2013\/12\/final-cut-pro-x-10-1-saiba-mais-sobre-este-update\/\" \/>\n<meta property=\"og:locale\" content=\"pt_BR\" \/>\n<meta property=\"og:type\" content=\"article\" \/>\n<meta property=\"og:title\" content=\"Final Cut Pro X 10.1 - saiba mais sobre este update - PROCLASS\" \/>\n<meta property=\"og:description\" content=\"Um importante update do Final Cut Pro X chegou durante a semana na App Store. \u00c9 a vers\u00e3o 10.1, recheada de novos recursos, onde destacamos o suporte a monitora\u00e7\u00e3o de v\u00eddeos com resolu\u00e7\u00e3o de at\u00e9 4K utilizando portas Thunderbolt 2 e HDMI e uma remodela\u00e7\u00e3o no seu gerenciamento de m\u00eddia, considerado por muitos usu\u00e1rios comoContinue reading &rarr;\" \/>\n<meta property=\"og:url\" content=\"https:\/\/proclass.com.br\/home\/2013\/12\/final-cut-pro-x-10-1-saiba-mais-sobre-este-update\/\" \/>\n<meta property=\"og:site_name\" content=\"PROCLASS\" \/>\n<meta property=\"article:published_time\" content=\"2013-12-20T13:19:41+00:00\" \/>\n<meta property=\"article:modified_time\" content=\"2013-12-20T13:24:56+00:00\" \/>\n<meta property=\"og:image\" content=\"https:\/\/proclass.com.br\/home\/wp-content\/uploads\/2013\/12\/FCPX001.jpg\" \/>\n\t<meta property=\"og:image:width\" content=\"1282\" \/>\n\t<meta property=\"og:image:height\" content=\"700\" \/>\n\t<meta property=\"og:image:type\" content=\"image\/jpeg\" \/>\n<meta name=\"author\" content=\"ProClass Treinamentos\" \/>\n<meta name=\"twitter:card\" content=\"summary_large_image\" \/>\n<meta name=\"twitter:label1\" content=\"Escrito por\" \/>\n\t<meta name=\"twitter:data1\" content=\"ProClass Treinamentos\" \/>\n\t<meta name=\"twitter:label2\" content=\"Est. tempo de leitura\" \/>\n\t<meta name=\"twitter:data2\" content=\"3 minutos\" \/>\n<script type=\"application\/ld+json\" class=\"yoast-schema-graph\">{\"@context\":\"https:\/\/schema.org\",\"@graph\":[{\"@type\":\"Article\",\"@id\":\"https:\/\/proclass.com.br\/home\/2013\/12\/final-cut-pro-x-10-1-saiba-mais-sobre-este-update\/#article\",\"isPartOf\":{\"@id\":\"https:\/\/proclass.com.br\/home\/2013\/12\/final-cut-pro-x-10-1-saiba-mais-sobre-este-update\/\"},\"author\":{\"name\":\"ProClass Treinamentos\",\"@id\":\"https:\/\/proclass.com.br\/home\/#\/schema\/person\/f89e1eb93d5d32c0bb465c52f87f5a00\"},\"headline\":\"Final Cut Pro X 10.1 &#8211; saiba mais sobre este update\",\"datePublished\":\"2013-12-20T13:19:41+00:00\",\"dateModified\":\"2013-12-20T13:24:56+00:00\",\"mainEntityOfPage\":{\"@id\":\"https:\/\/proclass.com.br\/home\/2013\/12\/final-cut-pro-x-10-1-saiba-mais-sobre-este-update\/\"},\"wordCount\":515,\"publisher\":{\"@id\":\"https:\/\/proclass.com.br\/home\/#organization\"},\"image\":{\"@id\":\"https:\/\/proclass.com.br\/home\/2013\/12\/final-cut-pro-x-10-1-saiba-mais-sobre-este-update\/#primaryimage\"},\"thumbnailUrl\":\"https:\/\/proclass.com.br\/home\/wp-content\/uploads\/2013\/12\/FCPX001.jpg\",\"keywords\":[\"audiovisual\",\"edicao\",\"fcp\",\"final cut\",\"imagens\",\"produ\u00e7\u00e3o\",\"video\"],\"articleSection\":[\"Artigos\",\"Final Cut Pro X\",\"Novidades\"],\"inLanguage\":\"pt-BR\"},{\"@type\":\"WebPage\",\"@id\":\"https:\/\/proclass.com.br\/home\/2013\/12\/final-cut-pro-x-10-1-saiba-mais-sobre-este-update\/\",\"url\":\"https:\/\/proclass.com.br\/home\/2013\/12\/final-cut-pro-x-10-1-saiba-mais-sobre-este-update\/\",\"name\":\"Final Cut Pro X 10.1 - saiba mais sobre este update - PROCLASS\",\"isPartOf\":{\"@id\":\"https:\/\/proclass.com.br\/home\/#website\"},\"primaryImageOfPage\":{\"@id\":\"https:\/\/proclass.com.br\/home\/2013\/12\/final-cut-pro-x-10-1-saiba-mais-sobre-este-update\/#primaryimage\"},\"image\":{\"@id\":\"https:\/\/proclass.com.br\/home\/2013\/12\/final-cut-pro-x-10-1-saiba-mais-sobre-este-update\/#primaryimage\"},\"thumbnailUrl\":\"https:\/\/proclass.com.br\/home\/wp-content\/uploads\/2013\/12\/FCPX001.jpg\",\"datePublished\":\"2013-12-20T13:19:41+00:00\",\"dateModified\":\"2013-12-20T13:24:56+00:00\",\"breadcrumb\":{\"@id\":\"https:\/\/proclass.com.br\/home\/2013\/12\/final-cut-pro-x-10-1-saiba-mais-sobre-este-update\/#breadcrumb\"},\"inLanguage\":\"pt-BR\",\"potentialAction\":[{\"@type\":\"ReadAction\",\"target\":[\"https:\/\/proclass.com.br\/home\/2013\/12\/final-cut-pro-x-10-1-saiba-mais-sobre-este-update\/\"]}]},{\"@type\":\"ImageObject\",\"inLanguage\":\"pt-BR\",\"@id\":\"https:\/\/proclass.com.br\/home\/2013\/12\/final-cut-pro-x-10-1-saiba-mais-sobre-este-update\/#primaryimage\",\"url\":\"https:\/\/proclass.com.br\/home\/wp-content\/uploads\/2013\/12\/FCPX001.jpg\",\"contentUrl\":\"https:\/\/proclass.com.br\/home\/wp-content\/uploads\/2013\/12\/FCPX001.jpg\",\"width\":1282,\"height\":700},{\"@type\":\"BreadcrumbList\",\"@id\":\"https:\/\/proclass.com.br\/home\/2013\/12\/final-cut-pro-x-10-1-saiba-mais-sobre-este-update\/#breadcrumb\",\"itemListElement\":[{\"@type\":\"ListItem\",\"position\":1,\"name\":\"In\u00edcio\",\"item\":\"https:\/\/proclass.com.br\/home\/\"},{\"@type\":\"ListItem\",\"position\":2,\"name\":\"Final Cut Pro X 10.1 &#8211; saiba mais sobre este update\"}]},{\"@type\":\"WebSite\",\"@id\":\"https:\/\/proclass.com.br\/home\/#website\",\"url\":\"https:\/\/proclass.com.br\/home\/\",\"name\":\"PROCLASS\",\"description\":\"CURSOS E TREINAMENTOS\",\"publisher\":{\"@id\":\"https:\/\/proclass.com.br\/home\/#organization\"},\"potentialAction\":[{\"@type\":\"SearchAction\",\"target\":{\"@type\":\"EntryPoint\",\"urlTemplate\":\"https:\/\/proclass.com.br\/home\/?s={search_term_string}\"},\"query-input\":{\"@type\":\"PropertyValueSpecification\",\"valueRequired\":true,\"valueName\":\"search_term_string\"}}],\"inLanguage\":\"pt-BR\"},{\"@type\":\"Organization\",\"@id\":\"https:\/\/proclass.com.br\/home\/#organization\",\"name\":\"PROCLASS\",\"url\":\"https:\/\/proclass.com.br\/home\/\",\"logo\":{\"@type\":\"ImageObject\",\"inLanguage\":\"pt-BR\",\"@id\":\"https:\/\/proclass.com.br\/home\/#\/schema\/logo\/image\/\",\"url\":\"https:\/\/proclass.com.br\/home\/wp-content\/uploads\/2023\/06\/CABECALHO-black_PROCLASS-2023.png\",\"contentUrl\":\"https:\/\/proclass.com.br\/home\/wp-content\/uploads\/2023\/06\/CABECALHO-black_PROCLASS-2023.png\",\"width\":2563,\"height\":911,\"caption\":\"PROCLASS\"},\"image\":{\"@id\":\"https:\/\/proclass.com.br\/home\/#\/schema\/logo\/image\/\"}},{\"@type\":\"Person\",\"@id\":\"https:\/\/proclass.com.br\/home\/#\/schema\/person\/f89e1eb93d5d32c0bb465c52f87f5a00\",\"name\":\"ProClass Treinamentos\",\"image\":{\"@type\":\"ImageObject\",\"inLanguage\":\"pt-BR\",\"@id\":\"https:\/\/proclass.com.br\/home\/#\/schema\/person\/image\/\",\"url\":\"https:\/\/secure.gravatar.com\/avatar\/3878d7a575c7ac355d2c778d5de04af08b7c5a7d9f19b2889f26cc7d80a6a832?s=96&d=blank&r=g\",\"contentUrl\":\"https:\/\/secure.gravatar.com\/avatar\/3878d7a575c7ac355d2c778d5de04af08b7c5a7d9f19b2889f26cc7d80a6a832?s=96&d=blank&r=g\",\"caption\":\"ProClass Treinamentos\"},\"url\":\"https:\/\/proclass.com.br\/home\/author\/proclass\/\"}]}<\/script>\n<!-- \/ Yoast SEO plugin. -->","yoast_head_json":{"title":"Final Cut Pro X 10.1 - saiba mais sobre este update - PROCLASS","robots":{"index":"index","follow":"follow","max-snippet":"max-snippet:-1","max-image-preview":"max-image-preview:large","max-video-preview":"max-video-preview:-1"},"canonical":"https:\/\/proclass.com.br\/home\/2013\/12\/final-cut-pro-x-10-1-saiba-mais-sobre-este-update\/","og_locale":"pt_BR","og_type":"article","og_title":"Final Cut Pro X 10.1 - saiba mais sobre este update - PROCLASS","og_description":"Um importante update do Final Cut Pro X chegou durante a semana na App Store. \u00c9 a vers\u00e3o 10.1, recheada de novos recursos, onde destacamos o suporte a monitora\u00e7\u00e3o de v\u00eddeos com resolu\u00e7\u00e3o de at\u00e9 4K utilizando portas Thunderbolt 2 e HDMI e uma remodela\u00e7\u00e3o no seu gerenciamento de m\u00eddia, considerado por muitos usu\u00e1rios comoContinue reading &rarr;","og_url":"https:\/\/proclass.com.br\/home\/2013\/12\/final-cut-pro-x-10-1-saiba-mais-sobre-este-update\/","og_site_name":"PROCLASS","article_published_time":"2013-12-20T13:19:41+00:00","article_modified_time":"2013-12-20T13:24:56+00:00","og_image":[{"width":1282,"height":700,"url":"https:\/\/proclass.com.br\/home\/wp-content\/uploads\/2013\/12\/FCPX001.jpg","type":"image\/jpeg"}],"author":"ProClass Treinamentos","twitter_card":"summary_large_image","twitter_misc":{"Escrito por":"ProClass Treinamentos","Est. tempo de leitura":"3 minutos"},"schema":{"@context":"https:\/\/schema.org","@graph":[{"@type":"Article","@id":"https:\/\/proclass.com.br\/home\/2013\/12\/final-cut-pro-x-10-1-saiba-mais-sobre-este-update\/#article","isPartOf":{"@id":"https:\/\/proclass.com.br\/home\/2013\/12\/final-cut-pro-x-10-1-saiba-mais-sobre-este-update\/"},"author":{"name":"ProClass Treinamentos","@id":"https:\/\/proclass.com.br\/home\/#\/schema\/person\/f89e1eb93d5d32c0bb465c52f87f5a00"},"headline":"Final Cut Pro X 10.1 &#8211; saiba mais sobre este update","datePublished":"2013-12-20T13:19:41+00:00","dateModified":"2013-12-20T13:24:56+00:00","mainEntityOfPage":{"@id":"https:\/\/proclass.com.br\/home\/2013\/12\/final-cut-pro-x-10-1-saiba-mais-sobre-este-update\/"},"wordCount":515,"publisher":{"@id":"https:\/\/proclass.com.br\/home\/#organization"},"image":{"@id":"https:\/\/proclass.com.br\/home\/2013\/12\/final-cut-pro-x-10-1-saiba-mais-sobre-este-update\/#primaryimage"},"thumbnailUrl":"https:\/\/proclass.com.br\/home\/wp-content\/uploads\/2013\/12\/FCPX001.jpg","keywords":["audiovisual","edicao","fcp","final cut","imagens","produ\u00e7\u00e3o","video"],"articleSection":["Artigos","Final Cut Pro X","Novidades"],"inLanguage":"pt-BR"},{"@type":"WebPage","@id":"https:\/\/proclass.com.br\/home\/2013\/12\/final-cut-pro-x-10-1-saiba-mais-sobre-este-update\/","url":"https:\/\/proclass.com.br\/home\/2013\/12\/final-cut-pro-x-10-1-saiba-mais-sobre-este-update\/","name":"Final Cut Pro X 10.1 - saiba mais sobre este update - PROCLASS","isPartOf":{"@id":"https:\/\/proclass.com.br\/home\/#website"},"primaryImageOfPage":{"@id":"https:\/\/proclass.com.br\/home\/2013\/12\/final-cut-pro-x-10-1-saiba-mais-sobre-este-update\/#primaryimage"},"image":{"@id":"https:\/\/proclass.com.br\/home\/2013\/12\/final-cut-pro-x-10-1-saiba-mais-sobre-este-update\/#primaryimage"},"thumbnailUrl":"https:\/\/proclass.com.br\/home\/wp-content\/uploads\/2013\/12\/FCPX001.jpg","datePublished":"2013-12-20T13:19:41+00:00","dateModified":"2013-12-20T13:24:56+00:00","breadcrumb":{"@id":"https:\/\/proclass.com.br\/home\/2013\/12\/final-cut-pro-x-10-1-saiba-mais-sobre-este-update\/#breadcrumb"},"inLanguage":"pt-BR","potentialAction":[{"@type":"ReadAction","target":["https:\/\/proclass.com.br\/home\/2013\/12\/final-cut-pro-x-10-1-saiba-mais-sobre-este-update\/"]}]},{"@type":"ImageObject","inLanguage":"pt-BR","@id":"https:\/\/proclass.com.br\/home\/2013\/12\/final-cut-pro-x-10-1-saiba-mais-sobre-este-update\/#primaryimage","url":"https:\/\/proclass.com.br\/home\/wp-content\/uploads\/2013\/12\/FCPX001.jpg","contentUrl":"https:\/\/proclass.com.br\/home\/wp-content\/uploads\/2013\/12\/FCPX001.jpg","width":1282,"height":700},{"@type":"BreadcrumbList","@id":"https:\/\/proclass.com.br\/home\/2013\/12\/final-cut-pro-x-10-1-saiba-mais-sobre-este-update\/#breadcrumb","itemListElement":[{"@type":"ListItem","position":1,"name":"In\u00edcio","item":"https:\/\/proclass.com.br\/home\/"},{"@type":"ListItem","position":2,"name":"Final Cut Pro X 10.1 &#8211; saiba mais sobre este update"}]},{"@type":"WebSite","@id":"https:\/\/proclass.com.br\/home\/#website","url":"https:\/\/proclass.com.br\/home\/","name":"PROCLASS","description":"CURSOS E TREINAMENTOS","publisher":{"@id":"https:\/\/proclass.com.br\/home\/#organization"},"potentialAction":[{"@type":"SearchAction","target":{"@type":"EntryPoint","urlTemplate":"https:\/\/proclass.com.br\/home\/?s={search_term_string}"},"query-input":{"@type":"PropertyValueSpecification","valueRequired":true,"valueName":"search_term_string"}}],"inLanguage":"pt-BR"},{"@type":"Organization","@id":"https:\/\/proclass.com.br\/home\/#organization","name":"PROCLASS","url":"https:\/\/proclass.com.br\/home\/","logo":{"@type":"ImageObject","inLanguage":"pt-BR","@id":"https:\/\/proclass.com.br\/home\/#\/schema\/logo\/image\/","url":"https:\/\/proclass.com.br\/home\/wp-content\/uploads\/2023\/06\/CABECALHO-black_PROCLASS-2023.png","contentUrl":"https:\/\/proclass.com.br\/home\/wp-content\/uploads\/2023\/06\/CABECALHO-black_PROCLASS-2023.png","width":2563,"height":911,"caption":"PROCLASS"},"image":{"@id":"https:\/\/proclass.com.br\/home\/#\/schema\/logo\/image\/"}},{"@type":"Person","@id":"https:\/\/proclass.com.br\/home\/#\/schema\/person\/f89e1eb93d5d32c0bb465c52f87f5a00","name":"ProClass Treinamentos","image":{"@type":"ImageObject","inLanguage":"pt-BR","@id":"https:\/\/proclass.com.br\/home\/#\/schema\/person\/image\/","url":"https:\/\/secure.gravatar.com\/avatar\/3878d7a575c7ac355d2c778d5de04af08b7c5a7d9f19b2889f26cc7d80a6a832?s=96&d=blank&r=g","contentUrl":"https:\/\/secure.gravatar.com\/avatar\/3878d7a575c7ac355d2c778d5de04af08b7c5a7d9f19b2889f26cc7d80a6a832?s=96&d=blank&r=g","caption":"ProClass Treinamentos"},"url":"https:\/\/proclass.com.br\/home\/author\/proclass\/"}]}},"_links":{"self":[{"href":"https:\/\/proclass.com.br\/home\/wp-json\/wp\/v2\/posts\/3294","targetHints":{"allow":["GET"]}}],"collection":[{"href":"https:\/\/proclass.com.br\/home\/wp-json\/wp\/v2\/posts"}],"about":[{"href":"https:\/\/proclass.com.br\/home\/wp-json\/wp\/v2\/types\/post"}],"author":[{"embeddable":true,"href":"https:\/\/proclass.com.br\/home\/wp-json\/wp\/v2\/users\/4"}],"replies":[{"embeddable":true,"href":"https:\/\/proclass.com.br\/home\/wp-json\/wp\/v2\/comments?post=3294"}],"version-history":[{"count":0,"href":"https:\/\/proclass.com.br\/home\/wp-json\/wp\/v2\/posts\/3294\/revisions"}],"wp:featuredmedia":[{"embeddable":true,"href":"https:\/\/proclass.com.br\/home\/wp-json\/wp\/v2\/media\/3295"}],"wp:attachment":[{"href":"https:\/\/proclass.com.br\/home\/wp-json\/wp\/v2\/media?parent=3294"}],"wp:term":[{"taxonomy":"category","embeddable":true,"href":"https:\/\/proclass.com.br\/home\/wp-json\/wp\/v2\/categories?post=3294"},{"taxonomy":"post_tag","embeddable":true,"href":"https:\/\/proclass.com.br\/home\/wp-json\/wp\/v2\/tags?post=3294"}],"curies":[{"name":"wp","href":"https:\/\/api.w.org\/{rel}","templated":true}]}}