{"id":3201,"date":"2013-10-11T10:08:40","date_gmt":"2013-10-11T13:08:40","guid":{"rendered":"http:\/\/proclass.com.br\/home\/?p=3201"},"modified":"2013-10-11T10:46:33","modified_gmt":"2013-10-11T13:46:33","slug":"ik-multimedia-abre-vagas-no-brasil","status":"publish","type":"post","link":"https:\/\/proclass.com.br\/home\/2013\/10\/ik-multimedia-abre-vagas-no-brasil\/","title":{"rendered":"IK Multimedia abre vagas no Brasil"},"content":{"rendered":"<p>&nbsp;<\/p>\n<p>A IK Multimedia \u00e9 uma grande parceira da ProClass e uma das empresas mais inovadoras do mercado de \u00e1udio e m\u00fasica. S\u00e3o respons\u00e1veis pelo Amplitube, iRig entre outros produtos.<\/p>\n<p>Poucos dias atr\u00e1s, abriram vagas para o departamento de marketing e vendas no Brasil.<\/p>\n<p>Interessou? Ent\u00e3o clique no link abaixo para saber mais e enviar seu curr\u00edculo.<\/p>\n<p><a href=\"http:\/\/www.ikmultimedia.com\/jobs\/\" target=\"_blank\">http:\/\/www.ikmultimedia.com\/jobs\/<\/a><\/p>\n<p>Boa sorte!<\/p>\n<p>&nbsp;<\/p>\n<div tabindex=\"0\">\n<div>\n<div>\n<div>\n<div>\n<div>\n<div>\n<div>\n<div>\n<div>\n<div id=\":4\">\n<div id=\":2\">\n<div>\n<div role=\"main\">\n<div>\n<table role=\"presentation\" cellpadding=\"0\">\n<tbody>\n<tr>\n<td>\n<div>\n<div>\n<div>\n<div>\n<div tabindex=\"-1\">\n<div>\n<div>\n<div id=\":uo\">\n<div>\n<div>\n<div id=\":uq\">\n<div id=\":up\">\n<div dir=\"auto\">\n<blockquote>\n<table style=\"width: 100%;\" border=\"0\" cellspacing=\"0\" cellpadding=\"0\" bgcolor=\"#424242\">\n<tbody>\n<tr>\n<td align=\"center\">\n<table style=\"width: 584px;\" border=\"0\" cellspacing=\"0\" cellpadding=\"0\">\n<tbody>\n<tr>\n<td colspan=\"3\" align=\"left\">\n<table style=\"width: 600px;\" border=\"0\" cellspacing=\"0\" cellpadding=\"0\">\n<tbody>\n<tr>\n<td height=\"50\"><span style=\"color: #ffffff; font-family: Helvetica, Arial, Verdana, sans-serif; font-size: xx-small;\">View this email as a\u00a0<a>webpage<\/a>.<\/span><\/td>\n<\/tr>\n<tr bgcolor=\"#ffffff\">\n<td colspan=\"3\"><a href=\"http:\/\/www.ikmultimedianews.com\/r.html?uid=1.wd.1xrxb.wut.j05cdh4joj\" target=\"_blank\"><img decoding=\"async\" title=\"IK Multimedia\" alt=\"IK Multimedia\" src=\"http:\/\/www.ikmultimedianews.com\/image?ci=1&amp;mi=625&amp;name=ik_logo_grayBg7.gif\" border=\"0\" \/><\/a><\/td>\n<\/tr>\n<\/tbody>\n<\/table>\n<\/td>\n<\/tr>\n<tr>\n<td colspan=\"3\" align=\"center\" bgcolor=\"#ffffff\"><a href=\"http:\/\/www.ikmultimedianews.com\/r.html?uid=1.wd.1xrxb.wuv.tuk0uq8j30\" target=\"_blank\"><img fetchpriority=\"high\" decoding=\"async\" alt=\"IK is hiring!\" src=\"http:\/\/www.ikmultimedianews.com\/image?ci=1&amp;mi=1010&amp;name=IK_jobs_cover_600.jpg\" width=\"600\" height=\"302\" border=\"0\" \/><\/a><\/td>\n<\/tr>\n<tr>\n<td bgcolor=\"#ffffff\" width=\"26\"><\/td>\n<td align=\"left\" bgcolor=\"#ffffff\" width=\"555\">\n<table style=\"width: 555px;\" border=\"0\" cellspacing=\"0\" cellpadding=\"0\">\n<tbody>\n<tr>\n<td height=\"5\"><\/td>\n<\/tr>\n<tr>\n<td>\n<div>\n<p><span style=\"color: #000000; font-family: Helvetica, Arial, Verdana, sans-serif;\"><span style=\"color: #000000; font-family: Helvetica, Arial, Verdana, sans-serif;\">Thinking of a career move? Come work for one of the most innovative companies in the music production industry and combine your professional talents with your love of music.\u00a0IK\u00a0is currently looking for the right candidate for the following position:\u00a0<strong>Brazil Marketing Assistant<\/strong>.<\/span><\/span>We are looking for a hard-working, self-motivated individual who can help our team and resellers craft simple, compelling communication to our users; coordinate Portuguese language online and print marketing and partnerships; and assist in translating materials as needed.<\/p>\n<p>Send your resume or view all our available job listings.<\/p>\n<\/div>\n<\/td>\n<\/tr>\n<\/tbody>\n<\/table>\n<\/td>\n<\/tr>\n<\/tbody>\n<\/table>\n<\/td>\n<\/tr>\n<\/tbody>\n<\/table>\n<\/blockquote>\n<\/div>\n<\/div>\n<\/div>\n<\/div>\n<\/div>\n<\/div>\n<\/div>\n<\/div>\n<\/div>\n<\/div>\n<\/div>\n<\/div>\n<\/div>\n<\/td>\n<\/tr>\n<\/tbody>\n<\/table>\n<\/div>\n<\/div>\n<\/div>\n<\/div>\n<\/div>\n<\/div>\n<\/div>\n<\/div>\n<\/div>\n<\/div>\n<\/div>\n<\/div>\n<\/div>\n<\/div>\n<\/div>\n<p>&nbsp;<\/p>\n<p>&nbsp;<\/p>\n<p>&nbsp;<\/p>\n","protected":false},"excerpt":{"rendered":"<p>&nbsp; A IK Multimedia \u00e9 uma grande parceira da ProClass e uma das empresas mais inovadoras do mercado de \u00e1udio e m\u00fasica. S\u00e3o respons\u00e1veis pelo Amplitube, iRig entre outros produtos. Poucos dias atr\u00e1s, abriram vagas para o departamento de marketing e vendas no Brasil. Interessou? Ent\u00e3o clique no link abaixo para saber mais e enviarContinue reading &rarr;<\/p>\n","protected":false},"author":4,"featured_media":0,"comment_status":"open","ping_status":"open","sticky":false,"template":"","format":"standard","meta":{"footnotes":""},"categories":[11,13],"tags":[188,753,1023,1024,162,1027,697,538,1025,1026],"class_list":["post-3201","post","type-post","status-publish","format-standard","hentry","category-dicas","category-noticias","tag-amplitube","tag-audio","tag-emprego","tag-guitarra","tag-iphone","tag-irig","tag-musica","tag-vagas","tag-violao","tag-vocal","no-thumb"],"yoast_head":"<!-- This site is optimized with the Yoast SEO plugin v26.9 - https:\/\/yoast.com\/product\/yoast-seo-wordpress\/ -->\n<title>IK Multimedia abre vagas no Brasil - PROCLASS<\/title>\n<meta name=\"robots\" content=\"index, follow, max-snippet:-1, max-image-preview:large, max-video-preview:-1\" \/>\n<link rel=\"canonical\" href=\"https:\/\/proclass.com.br\/home\/2013\/10\/ik-multimedia-abre-vagas-no-brasil\/\" \/>\n<meta property=\"og:locale\" content=\"pt_BR\" \/>\n<meta property=\"og:type\" content=\"article\" \/>\n<meta property=\"og:title\" content=\"IK Multimedia abre vagas no Brasil - PROCLASS\" \/>\n<meta property=\"og:description\" content=\"&nbsp; A IK Multimedia \u00e9 uma grande parceira da ProClass e uma das empresas mais inovadoras do mercado de \u00e1udio e m\u00fasica. S\u00e3o respons\u00e1veis pelo Amplitube, iRig entre outros produtos. Poucos dias atr\u00e1s, abriram vagas para o departamento de marketing e vendas no Brasil. Interessou? Ent\u00e3o clique no link abaixo para saber mais e enviarContinue reading &rarr;\" \/>\n<meta property=\"og:url\" content=\"https:\/\/proclass.com.br\/home\/2013\/10\/ik-multimedia-abre-vagas-no-brasil\/\" \/>\n<meta property=\"og:site_name\" content=\"PROCLASS\" \/>\n<meta property=\"article:published_time\" content=\"2013-10-11T13:08:40+00:00\" \/>\n<meta property=\"article:modified_time\" content=\"2013-10-11T13:46:33+00:00\" \/>\n<meta property=\"og:image\" content=\"http:\/\/www.ikmultimedianews.com\/image?ci=1&amp;mi=625&amp;name=ik_logo_grayBg7.gif\" \/>\n<meta name=\"author\" content=\"ProClass Treinamentos\" \/>\n<meta name=\"twitter:card\" content=\"summary_large_image\" \/>\n<meta name=\"twitter:label1\" content=\"Escrito por\" \/>\n\t<meta name=\"twitter:data1\" content=\"ProClass Treinamentos\" \/>\n\t<meta name=\"twitter:label2\" content=\"Est. tempo de leitura\" \/>\n\t<meta name=\"twitter:data2\" content=\"1 minuto\" \/>\n<script type=\"application\/ld+json\" class=\"yoast-schema-graph\">{\"@context\":\"https:\/\/schema.org\",\"@graph\":[{\"@type\":\"Article\",\"@id\":\"https:\/\/proclass.com.br\/home\/2013\/10\/ik-multimedia-abre-vagas-no-brasil\/#article\",\"isPartOf\":{\"@id\":\"https:\/\/proclass.com.br\/home\/2013\/10\/ik-multimedia-abre-vagas-no-brasil\/\"},\"author\":{\"name\":\"ProClass Treinamentos\",\"@id\":\"https:\/\/proclass.com.br\/home\/#\/schema\/person\/f89e1eb93d5d32c0bb465c52f87f5a00\"},\"headline\":\"IK Multimedia abre vagas no Brasil\",\"datePublished\":\"2013-10-11T13:08:40+00:00\",\"dateModified\":\"2013-10-11T13:46:33+00:00\",\"mainEntityOfPage\":{\"@id\":\"https:\/\/proclass.com.br\/home\/2013\/10\/ik-multimedia-abre-vagas-no-brasil\/\"},\"wordCount\":177,\"commentCount\":0,\"publisher\":{\"@id\":\"https:\/\/proclass.com.br\/home\/#organization\"},\"image\":{\"@id\":\"https:\/\/proclass.com.br\/home\/2013\/10\/ik-multimedia-abre-vagas-no-brasil\/#primaryimage\"},\"thumbnailUrl\":\"http:\/\/www.ikmultimedianews.com\/image?ci=1&amp;mi=625&amp;name=ik_logo_grayBg7.gif\",\"keywords\":[\"amplitube\",\"audio\",\"emprego\",\"guitarra\",\"iphone\",\"irig\",\"m\u00fasica\",\"vagas\",\"violao\",\"vocal\"],\"articleSection\":[\"Dicas\",\"Not\u00edcias\"],\"inLanguage\":\"pt-BR\",\"potentialAction\":[{\"@type\":\"CommentAction\",\"name\":\"Comment\",\"target\":[\"https:\/\/proclass.com.br\/home\/2013\/10\/ik-multimedia-abre-vagas-no-brasil\/#respond\"]}]},{\"@type\":\"WebPage\",\"@id\":\"https:\/\/proclass.com.br\/home\/2013\/10\/ik-multimedia-abre-vagas-no-brasil\/\",\"url\":\"https:\/\/proclass.com.br\/home\/2013\/10\/ik-multimedia-abre-vagas-no-brasil\/\",\"name\":\"IK Multimedia abre vagas no Brasil - PROCLASS\",\"isPartOf\":{\"@id\":\"https:\/\/proclass.com.br\/home\/#website\"},\"primaryImageOfPage\":{\"@id\":\"https:\/\/proclass.com.br\/home\/2013\/10\/ik-multimedia-abre-vagas-no-brasil\/#primaryimage\"},\"image\":{\"@id\":\"https:\/\/proclass.com.br\/home\/2013\/10\/ik-multimedia-abre-vagas-no-brasil\/#primaryimage\"},\"thumbnailUrl\":\"http:\/\/www.ikmultimedianews.com\/image?ci=1&amp;mi=625&amp;name=ik_logo_grayBg7.gif\",\"datePublished\":\"2013-10-11T13:08:40+00:00\",\"dateModified\":\"2013-10-11T13:46:33+00:00\",\"breadcrumb\":{\"@id\":\"https:\/\/proclass.com.br\/home\/2013\/10\/ik-multimedia-abre-vagas-no-brasil\/#breadcrumb\"},\"inLanguage\":\"pt-BR\",\"potentialAction\":[{\"@type\":\"ReadAction\",\"target\":[\"https:\/\/proclass.com.br\/home\/2013\/10\/ik-multimedia-abre-vagas-no-brasil\/\"]}]},{\"@type\":\"ImageObject\",\"inLanguage\":\"pt-BR\",\"@id\":\"https:\/\/proclass.com.br\/home\/2013\/10\/ik-multimedia-abre-vagas-no-brasil\/#primaryimage\",\"url\":\"http:\/\/www.ikmultimedianews.com\/image?ci=1&amp;mi=625&amp;name=ik_logo_grayBg7.gif\",\"contentUrl\":\"http:\/\/www.ikmultimedianews.com\/image?ci=1&amp;mi=625&amp;name=ik_logo_grayBg7.gif\"},{\"@type\":\"BreadcrumbList\",\"@id\":\"https:\/\/proclass.com.br\/home\/2013\/10\/ik-multimedia-abre-vagas-no-brasil\/#breadcrumb\",\"itemListElement\":[{\"@type\":\"ListItem\",\"position\":1,\"name\":\"In\u00edcio\",\"item\":\"https:\/\/proclass.com.br\/home\/\"},{\"@type\":\"ListItem\",\"position\":2,\"name\":\"IK Multimedia abre vagas no Brasil\"}]},{\"@type\":\"WebSite\",\"@id\":\"https:\/\/proclass.com.br\/home\/#website\",\"url\":\"https:\/\/proclass.com.br\/home\/\",\"name\":\"PROCLASS\",\"description\":\"CURSOS E TREINAMENTOS\",\"publisher\":{\"@id\":\"https:\/\/proclass.com.br\/home\/#organization\"},\"potentialAction\":[{\"@type\":\"SearchAction\",\"target\":{\"@type\":\"EntryPoint\",\"urlTemplate\":\"https:\/\/proclass.com.br\/home\/?s={search_term_string}\"},\"query-input\":{\"@type\":\"PropertyValueSpecification\",\"valueRequired\":true,\"valueName\":\"search_term_string\"}}],\"inLanguage\":\"pt-BR\"},{\"@type\":\"Organization\",\"@id\":\"https:\/\/proclass.com.br\/home\/#organization\",\"name\":\"PROCLASS\",\"url\":\"https:\/\/proclass.com.br\/home\/\",\"logo\":{\"@type\":\"ImageObject\",\"inLanguage\":\"pt-BR\",\"@id\":\"https:\/\/proclass.com.br\/home\/#\/schema\/logo\/image\/\",\"url\":\"https:\/\/proclass.com.br\/home\/wp-content\/uploads\/2023\/06\/CABECALHO-black_PROCLASS-2023.png\",\"contentUrl\":\"https:\/\/proclass.com.br\/home\/wp-content\/uploads\/2023\/06\/CABECALHO-black_PROCLASS-2023.png\",\"width\":2563,\"height\":911,\"caption\":\"PROCLASS\"},\"image\":{\"@id\":\"https:\/\/proclass.com.br\/home\/#\/schema\/logo\/image\/\"}},{\"@type\":\"Person\",\"@id\":\"https:\/\/proclass.com.br\/home\/#\/schema\/person\/f89e1eb93d5d32c0bb465c52f87f5a00\",\"name\":\"ProClass Treinamentos\",\"image\":{\"@type\":\"ImageObject\",\"inLanguage\":\"pt-BR\",\"@id\":\"https:\/\/proclass.com.br\/home\/#\/schema\/person\/image\/\",\"url\":\"https:\/\/secure.gravatar.com\/avatar\/3878d7a575c7ac355d2c778d5de04af08b7c5a7d9f19b2889f26cc7d80a6a832?s=96&d=blank&r=g\",\"contentUrl\":\"https:\/\/secure.gravatar.com\/avatar\/3878d7a575c7ac355d2c778d5de04af08b7c5a7d9f19b2889f26cc7d80a6a832?s=96&d=blank&r=g\",\"caption\":\"ProClass Treinamentos\"},\"url\":\"https:\/\/proclass.com.br\/home\/author\/proclass\/\"}]}<\/script>\n<!-- \/ Yoast SEO plugin. -->","yoast_head_json":{"title":"IK Multimedia abre vagas no Brasil - PROCLASS","robots":{"index":"index","follow":"follow","max-snippet":"max-snippet:-1","max-image-preview":"max-image-preview:large","max-video-preview":"max-video-preview:-1"},"canonical":"https:\/\/proclass.com.br\/home\/2013\/10\/ik-multimedia-abre-vagas-no-brasil\/","og_locale":"pt_BR","og_type":"article","og_title":"IK Multimedia abre vagas no Brasil - PROCLASS","og_description":"&nbsp; A IK Multimedia \u00e9 uma grande parceira da ProClass e uma das empresas mais inovadoras do mercado de \u00e1udio e m\u00fasica. S\u00e3o respons\u00e1veis pelo Amplitube, iRig entre outros produtos. Poucos dias atr\u00e1s, abriram vagas para o departamento de marketing e vendas no Brasil. Interessou? Ent\u00e3o clique no link abaixo para saber mais e enviarContinue reading &rarr;","og_url":"https:\/\/proclass.com.br\/home\/2013\/10\/ik-multimedia-abre-vagas-no-brasil\/","og_site_name":"PROCLASS","article_published_time":"2013-10-11T13:08:40+00:00","article_modified_time":"2013-10-11T13:46:33+00:00","og_image":[{"url":"http:\/\/www.ikmultimedianews.com\/image?ci=1&amp;mi=625&amp;name=ik_logo_grayBg7.gif","type":"","width":"","height":""}],"author":"ProClass Treinamentos","twitter_card":"summary_large_image","twitter_misc":{"Escrito por":"ProClass Treinamentos","Est. tempo de leitura":"1 minuto"},"schema":{"@context":"https:\/\/schema.org","@graph":[{"@type":"Article","@id":"https:\/\/proclass.com.br\/home\/2013\/10\/ik-multimedia-abre-vagas-no-brasil\/#article","isPartOf":{"@id":"https:\/\/proclass.com.br\/home\/2013\/10\/ik-multimedia-abre-vagas-no-brasil\/"},"author":{"name":"ProClass Treinamentos","@id":"https:\/\/proclass.com.br\/home\/#\/schema\/person\/f89e1eb93d5d32c0bb465c52f87f5a00"},"headline":"IK Multimedia abre vagas no Brasil","datePublished":"2013-10-11T13:08:40+00:00","dateModified":"2013-10-11T13:46:33+00:00","mainEntityOfPage":{"@id":"https:\/\/proclass.com.br\/home\/2013\/10\/ik-multimedia-abre-vagas-no-brasil\/"},"wordCount":177,"commentCount":0,"publisher":{"@id":"https:\/\/proclass.com.br\/home\/#organization"},"image":{"@id":"https:\/\/proclass.com.br\/home\/2013\/10\/ik-multimedia-abre-vagas-no-brasil\/#primaryimage"},"thumbnailUrl":"http:\/\/www.ikmultimedianews.com\/image?ci=1&amp;mi=625&amp;name=ik_logo_grayBg7.gif","keywords":["amplitube","audio","emprego","guitarra","iphone","irig","m\u00fasica","vagas","violao","vocal"],"articleSection":["Dicas","Not\u00edcias"],"inLanguage":"pt-BR","potentialAction":[{"@type":"CommentAction","name":"Comment","target":["https:\/\/proclass.com.br\/home\/2013\/10\/ik-multimedia-abre-vagas-no-brasil\/#respond"]}]},{"@type":"WebPage","@id":"https:\/\/proclass.com.br\/home\/2013\/10\/ik-multimedia-abre-vagas-no-brasil\/","url":"https:\/\/proclass.com.br\/home\/2013\/10\/ik-multimedia-abre-vagas-no-brasil\/","name":"IK Multimedia abre vagas no Brasil - PROCLASS","isPartOf":{"@id":"https:\/\/proclass.com.br\/home\/#website"},"primaryImageOfPage":{"@id":"https:\/\/proclass.com.br\/home\/2013\/10\/ik-multimedia-abre-vagas-no-brasil\/#primaryimage"},"image":{"@id":"https:\/\/proclass.com.br\/home\/2013\/10\/ik-multimedia-abre-vagas-no-brasil\/#primaryimage"},"thumbnailUrl":"http:\/\/www.ikmultimedianews.com\/image?ci=1&amp;mi=625&amp;name=ik_logo_grayBg7.gif","datePublished":"2013-10-11T13:08:40+00:00","dateModified":"2013-10-11T13:46:33+00:00","breadcrumb":{"@id":"https:\/\/proclass.com.br\/home\/2013\/10\/ik-multimedia-abre-vagas-no-brasil\/#breadcrumb"},"inLanguage":"pt-BR","potentialAction":[{"@type":"ReadAction","target":["https:\/\/proclass.com.br\/home\/2013\/10\/ik-multimedia-abre-vagas-no-brasil\/"]}]},{"@type":"ImageObject","inLanguage":"pt-BR","@id":"https:\/\/proclass.com.br\/home\/2013\/10\/ik-multimedia-abre-vagas-no-brasil\/#primaryimage","url":"http:\/\/www.ikmultimedianews.com\/image?ci=1&amp;mi=625&amp;name=ik_logo_grayBg7.gif","contentUrl":"http:\/\/www.ikmultimedianews.com\/image?ci=1&amp;mi=625&amp;name=ik_logo_grayBg7.gif"},{"@type":"BreadcrumbList","@id":"https:\/\/proclass.com.br\/home\/2013\/10\/ik-multimedia-abre-vagas-no-brasil\/#breadcrumb","itemListElement":[{"@type":"ListItem","position":1,"name":"In\u00edcio","item":"https:\/\/proclass.com.br\/home\/"},{"@type":"ListItem","position":2,"name":"IK Multimedia abre vagas no Brasil"}]},{"@type":"WebSite","@id":"https:\/\/proclass.com.br\/home\/#website","url":"https:\/\/proclass.com.br\/home\/","name":"PROCLASS","description":"CURSOS E TREINAMENTOS","publisher":{"@id":"https:\/\/proclass.com.br\/home\/#organization"},"potentialAction":[{"@type":"SearchAction","target":{"@type":"EntryPoint","urlTemplate":"https:\/\/proclass.com.br\/home\/?s={search_term_string}"},"query-input":{"@type":"PropertyValueSpecification","valueRequired":true,"valueName":"search_term_string"}}],"inLanguage":"pt-BR"},{"@type":"Organization","@id":"https:\/\/proclass.com.br\/home\/#organization","name":"PROCLASS","url":"https:\/\/proclass.com.br\/home\/","logo":{"@type":"ImageObject","inLanguage":"pt-BR","@id":"https:\/\/proclass.com.br\/home\/#\/schema\/logo\/image\/","url":"https:\/\/proclass.com.br\/home\/wp-content\/uploads\/2023\/06\/CABECALHO-black_PROCLASS-2023.png","contentUrl":"https:\/\/proclass.com.br\/home\/wp-content\/uploads\/2023\/06\/CABECALHO-black_PROCLASS-2023.png","width":2563,"height":911,"caption":"PROCLASS"},"image":{"@id":"https:\/\/proclass.com.br\/home\/#\/schema\/logo\/image\/"}},{"@type":"Person","@id":"https:\/\/proclass.com.br\/home\/#\/schema\/person\/f89e1eb93d5d32c0bb465c52f87f5a00","name":"ProClass Treinamentos","image":{"@type":"ImageObject","inLanguage":"pt-BR","@id":"https:\/\/proclass.com.br\/home\/#\/schema\/person\/image\/","url":"https:\/\/secure.gravatar.com\/avatar\/3878d7a575c7ac355d2c778d5de04af08b7c5a7d9f19b2889f26cc7d80a6a832?s=96&d=blank&r=g","contentUrl":"https:\/\/secure.gravatar.com\/avatar\/3878d7a575c7ac355d2c778d5de04af08b7c5a7d9f19b2889f26cc7d80a6a832?s=96&d=blank&r=g","caption":"ProClass Treinamentos"},"url":"https:\/\/proclass.com.br\/home\/author\/proclass\/"}]}},"_links":{"self":[{"href":"https:\/\/proclass.com.br\/home\/wp-json\/wp\/v2\/posts\/3201","targetHints":{"allow":["GET"]}}],"collection":[{"href":"https:\/\/proclass.com.br\/home\/wp-json\/wp\/v2\/posts"}],"about":[{"href":"https:\/\/proclass.com.br\/home\/wp-json\/wp\/v2\/types\/post"}],"author":[{"embeddable":true,"href":"https:\/\/proclass.com.br\/home\/wp-json\/wp\/v2\/users\/4"}],"replies":[{"embeddable":true,"href":"https:\/\/proclass.com.br\/home\/wp-json\/wp\/v2\/comments?post=3201"}],"version-history":[{"count":0,"href":"https:\/\/proclass.com.br\/home\/wp-json\/wp\/v2\/posts\/3201\/revisions"}],"wp:attachment":[{"href":"https:\/\/proclass.com.br\/home\/wp-json\/wp\/v2\/media?parent=3201"}],"wp:term":[{"taxonomy":"category","embeddable":true,"href":"https:\/\/proclass.com.br\/home\/wp-json\/wp\/v2\/categories?post=3201"},{"taxonomy":"post_tag","embeddable":true,"href":"https:\/\/proclass.com.br\/home\/wp-json\/wp\/v2\/tags?post=3201"}],"curies":[{"name":"wp","href":"https:\/\/api.w.org\/{rel}","templated":true}]}}