{"id":3140,"date":"2013-09-11T16:59:38","date_gmt":"2013-09-11T19:59:38","guid":{"rendered":"http:\/\/proclass.com.br\/home\/?p=3140"},"modified":"2013-10-11T10:00:41","modified_gmt":"2013-10-11T13:00:41","slug":"media-composer-7-conheca-o-novo-recurso-dynamics-media-folders","status":"publish","type":"post","link":"https:\/\/proclass.com.br\/home\/2013\/09\/media-composer-7-conheca-o-novo-recurso-dynamics-media-folders\/","title":{"rendered":"Media Composer 7 &#8211; Conhe\u00e7a o novo recurso Dynamic Media Folders"},"content":{"rendered":"<p>A Avid anunciou o Media Composer 7, e a ProClass desenvolveu este v\u00eddeo que explica o que \u00e9 e como o novo sistema de Dynamic Media Folders pode ser \u00fatil para seu m\u00e9todo de trabalho dentro do aplicativo.<\/p>\n<p><iframe title=\"Dynamic Media Folders no Media Composer - ProClass Treinamentos\" width=\"1333\" height=\"1000\" src=\"https:\/\/www.youtube.com\/embed\/Dqztmw8Sx3U?list=UUvSXpy3gM4QD6liM5DsODtw\" frameborder=\"0\" allow=\"accelerometer; autoplay; clipboard-write; encrypted-media; gyroscope; picture-in-picture; web-share\" referrerpolicy=\"strict-origin-when-cross-origin\" allowfullscreen><\/iframe><\/p>\n<p>Assine nosso canal para receber atualiza\u00e7\u00f5es de novos v\u00eddeos.\u00a0Utilize os coment\u00e1rios para sugerir novos temas.<\/p>\n<p><span style=\"font-size: medium;\"><strong>Pr\u00f3ximas turmas dos cursos oficiais em Avid Media Composer:<\/strong><\/span><\/p>\n<p><img decoding=\"async\" alt=\"\" src=\"webkit-fake-url:\/\/BC338E8F-AEBF-462D-A484-B771753FBA83\/image.tiff\" \/><\/p>\n","protected":false},"excerpt":{"rendered":"<p>A Avid anunciou o Media Composer 7, e a ProClass desenvolveu este v\u00eddeo que explica o que \u00e9 e como o novo sistema de Dynamic Media Folders pode ser \u00fatil para seu m\u00e9todo de trabalho dentro do aplicativo. Assine nosso canal para receber atualiza\u00e7\u00f5es de novos v\u00eddeos.\u00a0Utilize os coment\u00e1rios para sugerir novos temas. Pr\u00f3ximas turmasContinue reading &rarr;<\/p>\n","protected":false},"author":4,"featured_media":0,"comment_status":"open","ping_status":"open","sticky":false,"template":"","format":"standard","meta":{"footnotes":""},"categories":[797,1,14,16],"tags":[493,737,807,995,1020,1019,769,1016,70,768,1017,1018],"class_list":["post-3140","post","type-post","status-publish","format-standard","hentry","category-avid-media-composer-2","category-novidades","category-proclass-apresenta","category-video-aulas","tag-aula","tag-curso","tag-final-cut-pro","tag-gratis","tag-gratuito","tag-nacional","tag-portugues","tag-premiere","tag-treinamento","tag-tutorial","tag-video-aura","tag-video-tutorial","no-thumb"],"yoast_head":"<!-- This site is optimized with the Yoast SEO plugin v26.9 - https:\/\/yoast.com\/product\/yoast-seo-wordpress\/ -->\n<title>Media Composer 7 - Conhe\u00e7a o novo recurso Dynamic Media Folders - PROCLASS<\/title>\n<meta name=\"robots\" content=\"index, follow, max-snippet:-1, max-image-preview:large, max-video-preview:-1\" \/>\n<link rel=\"canonical\" href=\"https:\/\/proclass.com.br\/home\/2013\/09\/media-composer-7-conheca-o-novo-recurso-dynamics-media-folders\/\" \/>\n<meta property=\"og:locale\" content=\"pt_BR\" \/>\n<meta property=\"og:type\" content=\"article\" \/>\n<meta property=\"og:title\" content=\"Media Composer 7 - Conhe\u00e7a o novo recurso Dynamic Media Folders - PROCLASS\" \/>\n<meta property=\"og:description\" content=\"A Avid anunciou o Media Composer 7, e a ProClass desenvolveu este v\u00eddeo que explica o que \u00e9 e como o novo sistema de Dynamic Media Folders pode ser \u00fatil para seu m\u00e9todo de trabalho dentro do aplicativo. Assine nosso canal para receber atualiza\u00e7\u00f5es de novos v\u00eddeos.\u00a0Utilize os coment\u00e1rios para sugerir novos temas. Pr\u00f3ximas turmasContinue reading &rarr;\" \/>\n<meta property=\"og:url\" content=\"https:\/\/proclass.com.br\/home\/2013\/09\/media-composer-7-conheca-o-novo-recurso-dynamics-media-folders\/\" \/>\n<meta property=\"og:site_name\" content=\"PROCLASS\" \/>\n<meta property=\"article:published_time\" content=\"2013-09-11T19:59:38+00:00\" \/>\n<meta property=\"article:modified_time\" content=\"2013-10-11T13:00:41+00:00\" \/>\n<meta property=\"og:image\" content=\"\" \/>\n<meta name=\"author\" content=\"ProClass Treinamentos\" \/>\n<meta name=\"twitter:card\" content=\"summary_large_image\" \/>\n<meta name=\"twitter:label1\" content=\"Escrito por\" \/>\n\t<meta name=\"twitter:data1\" content=\"ProClass Treinamentos\" \/>\n<script type=\"application\/ld+json\" class=\"yoast-schema-graph\">{\"@context\":\"https:\/\/schema.org\",\"@graph\":[{\"@type\":\"Article\",\"@id\":\"https:\/\/proclass.com.br\/home\/2013\/09\/media-composer-7-conheca-o-novo-recurso-dynamics-media-folders\/#article\",\"isPartOf\":{\"@id\":\"https:\/\/proclass.com.br\/home\/2013\/09\/media-composer-7-conheca-o-novo-recurso-dynamics-media-folders\/\"},\"author\":{\"name\":\"ProClass Treinamentos\",\"@id\":\"https:\/\/proclass.com.br\/home\/#\/schema\/person\/f89e1eb93d5d32c0bb465c52f87f5a00\"},\"headline\":\"Media Composer 7 &#8211; Conhe\u00e7a o novo recurso Dynamic Media Folders\",\"datePublished\":\"2013-09-11T19:59:38+00:00\",\"dateModified\":\"2013-10-11T13:00:41+00:00\",\"mainEntityOfPage\":{\"@id\":\"https:\/\/proclass.com.br\/home\/2013\/09\/media-composer-7-conheca-o-novo-recurso-dynamics-media-folders\/\"},\"wordCount\":97,\"commentCount\":0,\"publisher\":{\"@id\":\"https:\/\/proclass.com.br\/home\/#organization\"},\"image\":{\"@id\":\"https:\/\/proclass.com.br\/home\/2013\/09\/media-composer-7-conheca-o-novo-recurso-dynamics-media-folders\/#primaryimage\"},\"thumbnailUrl\":\"webkit-fake-url:\/\/BC338E8F-AEBF-462D-A484-B771753FBA83\/image.tiff\",\"keywords\":[\"aula\",\"curso\",\"final cut pro\",\"gratis\",\"gratuito\",\"nacional\",\"portugues\",\"premiere\",\"treinamento\",\"tutorial\",\"video aura\",\"video tutorial\"],\"articleSection\":[\"Avid Media Composer\",\"Novidades\",\"Proclass Apresenta\",\"V\u00eddeo-Aulas\"],\"inLanguage\":\"pt-BR\",\"potentialAction\":[{\"@type\":\"CommentAction\",\"name\":\"Comment\",\"target\":[\"https:\/\/proclass.com.br\/home\/2013\/09\/media-composer-7-conheca-o-novo-recurso-dynamics-media-folders\/#respond\"]}]},{\"@type\":\"WebPage\",\"@id\":\"https:\/\/proclass.com.br\/home\/2013\/09\/media-composer-7-conheca-o-novo-recurso-dynamics-media-folders\/\",\"url\":\"https:\/\/proclass.com.br\/home\/2013\/09\/media-composer-7-conheca-o-novo-recurso-dynamics-media-folders\/\",\"name\":\"Media Composer 7 - Conhe\u00e7a o novo recurso Dynamic Media Folders - PROCLASS\",\"isPartOf\":{\"@id\":\"https:\/\/proclass.com.br\/home\/#website\"},\"primaryImageOfPage\":{\"@id\":\"https:\/\/proclass.com.br\/home\/2013\/09\/media-composer-7-conheca-o-novo-recurso-dynamics-media-folders\/#primaryimage\"},\"image\":{\"@id\":\"https:\/\/proclass.com.br\/home\/2013\/09\/media-composer-7-conheca-o-novo-recurso-dynamics-media-folders\/#primaryimage\"},\"thumbnailUrl\":\"webkit-fake-url:\/\/BC338E8F-AEBF-462D-A484-B771753FBA83\/image.tiff\",\"datePublished\":\"2013-09-11T19:59:38+00:00\",\"dateModified\":\"2013-10-11T13:00:41+00:00\",\"breadcrumb\":{\"@id\":\"https:\/\/proclass.com.br\/home\/2013\/09\/media-composer-7-conheca-o-novo-recurso-dynamics-media-folders\/#breadcrumb\"},\"inLanguage\":\"pt-BR\",\"potentialAction\":[{\"@type\":\"ReadAction\",\"target\":[\"https:\/\/proclass.com.br\/home\/2013\/09\/media-composer-7-conheca-o-novo-recurso-dynamics-media-folders\/\"]}]},{\"@type\":\"ImageObject\",\"inLanguage\":\"pt-BR\",\"@id\":\"https:\/\/proclass.com.br\/home\/2013\/09\/media-composer-7-conheca-o-novo-recurso-dynamics-media-folders\/#primaryimage\",\"url\":\"webkit-fake-url:\/\/BC338E8F-AEBF-462D-A484-B771753FBA83\/image.tiff\",\"contentUrl\":\"webkit-fake-url:\/\/BC338E8F-AEBF-462D-A484-B771753FBA83\/image.tiff\"},{\"@type\":\"BreadcrumbList\",\"@id\":\"https:\/\/proclass.com.br\/home\/2013\/09\/media-composer-7-conheca-o-novo-recurso-dynamics-media-folders\/#breadcrumb\",\"itemListElement\":[{\"@type\":\"ListItem\",\"position\":1,\"name\":\"In\u00edcio\",\"item\":\"https:\/\/proclass.com.br\/home\/\"},{\"@type\":\"ListItem\",\"position\":2,\"name\":\"Media Composer 7 &#8211; Conhe\u00e7a o novo recurso Dynamic Media Folders\"}]},{\"@type\":\"WebSite\",\"@id\":\"https:\/\/proclass.com.br\/home\/#website\",\"url\":\"https:\/\/proclass.com.br\/home\/\",\"name\":\"PROCLASS\",\"description\":\"CURSOS E TREINAMENTOS\",\"publisher\":{\"@id\":\"https:\/\/proclass.com.br\/home\/#organization\"},\"potentialAction\":[{\"@type\":\"SearchAction\",\"target\":{\"@type\":\"EntryPoint\",\"urlTemplate\":\"https:\/\/proclass.com.br\/home\/?s={search_term_string}\"},\"query-input\":{\"@type\":\"PropertyValueSpecification\",\"valueRequired\":true,\"valueName\":\"search_term_string\"}}],\"inLanguage\":\"pt-BR\"},{\"@type\":\"Organization\",\"@id\":\"https:\/\/proclass.com.br\/home\/#organization\",\"name\":\"PROCLASS\",\"url\":\"https:\/\/proclass.com.br\/home\/\",\"logo\":{\"@type\":\"ImageObject\",\"inLanguage\":\"pt-BR\",\"@id\":\"https:\/\/proclass.com.br\/home\/#\/schema\/logo\/image\/\",\"url\":\"https:\/\/proclass.com.br\/home\/wp-content\/uploads\/2023\/06\/CABECALHO-black_PROCLASS-2023.png\",\"contentUrl\":\"https:\/\/proclass.com.br\/home\/wp-content\/uploads\/2023\/06\/CABECALHO-black_PROCLASS-2023.png\",\"width\":2563,\"height\":911,\"caption\":\"PROCLASS\"},\"image\":{\"@id\":\"https:\/\/proclass.com.br\/home\/#\/schema\/logo\/image\/\"}},{\"@type\":\"Person\",\"@id\":\"https:\/\/proclass.com.br\/home\/#\/schema\/person\/f89e1eb93d5d32c0bb465c52f87f5a00\",\"name\":\"ProClass Treinamentos\",\"image\":{\"@type\":\"ImageObject\",\"inLanguage\":\"pt-BR\",\"@id\":\"https:\/\/proclass.com.br\/home\/#\/schema\/person\/image\/\",\"url\":\"https:\/\/secure.gravatar.com\/avatar\/3878d7a575c7ac355d2c778d5de04af08b7c5a7d9f19b2889f26cc7d80a6a832?s=96&d=blank&r=g\",\"contentUrl\":\"https:\/\/secure.gravatar.com\/avatar\/3878d7a575c7ac355d2c778d5de04af08b7c5a7d9f19b2889f26cc7d80a6a832?s=96&d=blank&r=g\",\"caption\":\"ProClass Treinamentos\"},\"url\":\"https:\/\/proclass.com.br\/home\/author\/proclass\/\"}]}<\/script>\n<!-- \/ Yoast SEO plugin. -->","yoast_head_json":{"title":"Media Composer 7 - Conhe\u00e7a o novo recurso Dynamic Media Folders - PROCLASS","robots":{"index":"index","follow":"follow","max-snippet":"max-snippet:-1","max-image-preview":"max-image-preview:large","max-video-preview":"max-video-preview:-1"},"canonical":"https:\/\/proclass.com.br\/home\/2013\/09\/media-composer-7-conheca-o-novo-recurso-dynamics-media-folders\/","og_locale":"pt_BR","og_type":"article","og_title":"Media Composer 7 - Conhe\u00e7a o novo recurso Dynamic Media Folders - PROCLASS","og_description":"A Avid anunciou o Media Composer 7, e a ProClass desenvolveu este v\u00eddeo que explica o que \u00e9 e como o novo sistema de Dynamic Media Folders pode ser \u00fatil para seu m\u00e9todo de trabalho dentro do aplicativo. Assine nosso canal para receber atualiza\u00e7\u00f5es de novos v\u00eddeos.\u00a0Utilize os coment\u00e1rios para sugerir novos temas. Pr\u00f3ximas turmasContinue reading &rarr;","og_url":"https:\/\/proclass.com.br\/home\/2013\/09\/media-composer-7-conheca-o-novo-recurso-dynamics-media-folders\/","og_site_name":"PROCLASS","article_published_time":"2013-09-11T19:59:38+00:00","article_modified_time":"2013-10-11T13:00:41+00:00","og_image":[{"url":"webkit-fake-url:\/\/BC338E8F-AEBF-462D-A484-B771753FBA83\/image.tiff","type":"","width":"","height":""}],"author":"ProClass Treinamentos","twitter_card":"summary_large_image","twitter_misc":{"Escrito por":"ProClass Treinamentos"},"schema":{"@context":"https:\/\/schema.org","@graph":[{"@type":"Article","@id":"https:\/\/proclass.com.br\/home\/2013\/09\/media-composer-7-conheca-o-novo-recurso-dynamics-media-folders\/#article","isPartOf":{"@id":"https:\/\/proclass.com.br\/home\/2013\/09\/media-composer-7-conheca-o-novo-recurso-dynamics-media-folders\/"},"author":{"name":"ProClass Treinamentos","@id":"https:\/\/proclass.com.br\/home\/#\/schema\/person\/f89e1eb93d5d32c0bb465c52f87f5a00"},"headline":"Media Composer 7 &#8211; Conhe\u00e7a o novo recurso Dynamic Media Folders","datePublished":"2013-09-11T19:59:38+00:00","dateModified":"2013-10-11T13:00:41+00:00","mainEntityOfPage":{"@id":"https:\/\/proclass.com.br\/home\/2013\/09\/media-composer-7-conheca-o-novo-recurso-dynamics-media-folders\/"},"wordCount":97,"commentCount":0,"publisher":{"@id":"https:\/\/proclass.com.br\/home\/#organization"},"image":{"@id":"https:\/\/proclass.com.br\/home\/2013\/09\/media-composer-7-conheca-o-novo-recurso-dynamics-media-folders\/#primaryimage"},"thumbnailUrl":"webkit-fake-url:\/\/BC338E8F-AEBF-462D-A484-B771753FBA83\/image.tiff","keywords":["aula","curso","final cut pro","gratis","gratuito","nacional","portugues","premiere","treinamento","tutorial","video aura","video tutorial"],"articleSection":["Avid Media Composer","Novidades","Proclass Apresenta","V\u00eddeo-Aulas"],"inLanguage":"pt-BR","potentialAction":[{"@type":"CommentAction","name":"Comment","target":["https:\/\/proclass.com.br\/home\/2013\/09\/media-composer-7-conheca-o-novo-recurso-dynamics-media-folders\/#respond"]}]},{"@type":"WebPage","@id":"https:\/\/proclass.com.br\/home\/2013\/09\/media-composer-7-conheca-o-novo-recurso-dynamics-media-folders\/","url":"https:\/\/proclass.com.br\/home\/2013\/09\/media-composer-7-conheca-o-novo-recurso-dynamics-media-folders\/","name":"Media Composer 7 - Conhe\u00e7a o novo recurso Dynamic Media Folders - PROCLASS","isPartOf":{"@id":"https:\/\/proclass.com.br\/home\/#website"},"primaryImageOfPage":{"@id":"https:\/\/proclass.com.br\/home\/2013\/09\/media-composer-7-conheca-o-novo-recurso-dynamics-media-folders\/#primaryimage"},"image":{"@id":"https:\/\/proclass.com.br\/home\/2013\/09\/media-composer-7-conheca-o-novo-recurso-dynamics-media-folders\/#primaryimage"},"thumbnailUrl":"webkit-fake-url:\/\/BC338E8F-AEBF-462D-A484-B771753FBA83\/image.tiff","datePublished":"2013-09-11T19:59:38+00:00","dateModified":"2013-10-11T13:00:41+00:00","breadcrumb":{"@id":"https:\/\/proclass.com.br\/home\/2013\/09\/media-composer-7-conheca-o-novo-recurso-dynamics-media-folders\/#breadcrumb"},"inLanguage":"pt-BR","potentialAction":[{"@type":"ReadAction","target":["https:\/\/proclass.com.br\/home\/2013\/09\/media-composer-7-conheca-o-novo-recurso-dynamics-media-folders\/"]}]},{"@type":"ImageObject","inLanguage":"pt-BR","@id":"https:\/\/proclass.com.br\/home\/2013\/09\/media-composer-7-conheca-o-novo-recurso-dynamics-media-folders\/#primaryimage","url":"webkit-fake-url:\/\/BC338E8F-AEBF-462D-A484-B771753FBA83\/image.tiff","contentUrl":"webkit-fake-url:\/\/BC338E8F-AEBF-462D-A484-B771753FBA83\/image.tiff"},{"@type":"BreadcrumbList","@id":"https:\/\/proclass.com.br\/home\/2013\/09\/media-composer-7-conheca-o-novo-recurso-dynamics-media-folders\/#breadcrumb","itemListElement":[{"@type":"ListItem","position":1,"name":"In\u00edcio","item":"https:\/\/proclass.com.br\/home\/"},{"@type":"ListItem","position":2,"name":"Media Composer 7 &#8211; Conhe\u00e7a o novo recurso Dynamic Media Folders"}]},{"@type":"WebSite","@id":"https:\/\/proclass.com.br\/home\/#website","url":"https:\/\/proclass.com.br\/home\/","name":"PROCLASS","description":"CURSOS E TREINAMENTOS","publisher":{"@id":"https:\/\/proclass.com.br\/home\/#organization"},"potentialAction":[{"@type":"SearchAction","target":{"@type":"EntryPoint","urlTemplate":"https:\/\/proclass.com.br\/home\/?s={search_term_string}"},"query-input":{"@type":"PropertyValueSpecification","valueRequired":true,"valueName":"search_term_string"}}],"inLanguage":"pt-BR"},{"@type":"Organization","@id":"https:\/\/proclass.com.br\/home\/#organization","name":"PROCLASS","url":"https:\/\/proclass.com.br\/home\/","logo":{"@type":"ImageObject","inLanguage":"pt-BR","@id":"https:\/\/proclass.com.br\/home\/#\/schema\/logo\/image\/","url":"https:\/\/proclass.com.br\/home\/wp-content\/uploads\/2023\/06\/CABECALHO-black_PROCLASS-2023.png","contentUrl":"https:\/\/proclass.com.br\/home\/wp-content\/uploads\/2023\/06\/CABECALHO-black_PROCLASS-2023.png","width":2563,"height":911,"caption":"PROCLASS"},"image":{"@id":"https:\/\/proclass.com.br\/home\/#\/schema\/logo\/image\/"}},{"@type":"Person","@id":"https:\/\/proclass.com.br\/home\/#\/schema\/person\/f89e1eb93d5d32c0bb465c52f87f5a00","name":"ProClass Treinamentos","image":{"@type":"ImageObject","inLanguage":"pt-BR","@id":"https:\/\/proclass.com.br\/home\/#\/schema\/person\/image\/","url":"https:\/\/secure.gravatar.com\/avatar\/3878d7a575c7ac355d2c778d5de04af08b7c5a7d9f19b2889f26cc7d80a6a832?s=96&d=blank&r=g","contentUrl":"https:\/\/secure.gravatar.com\/avatar\/3878d7a575c7ac355d2c778d5de04af08b7c5a7d9f19b2889f26cc7d80a6a832?s=96&d=blank&r=g","caption":"ProClass Treinamentos"},"url":"https:\/\/proclass.com.br\/home\/author\/proclass\/"}]}},"_links":{"self":[{"href":"https:\/\/proclass.com.br\/home\/wp-json\/wp\/v2\/posts\/3140","targetHints":{"allow":["GET"]}}],"collection":[{"href":"https:\/\/proclass.com.br\/home\/wp-json\/wp\/v2\/posts"}],"about":[{"href":"https:\/\/proclass.com.br\/home\/wp-json\/wp\/v2\/types\/post"}],"author":[{"embeddable":true,"href":"https:\/\/proclass.com.br\/home\/wp-json\/wp\/v2\/users\/4"}],"replies":[{"embeddable":true,"href":"https:\/\/proclass.com.br\/home\/wp-json\/wp\/v2\/comments?post=3140"}],"version-history":[{"count":0,"href":"https:\/\/proclass.com.br\/home\/wp-json\/wp\/v2\/posts\/3140\/revisions"}],"wp:attachment":[{"href":"https:\/\/proclass.com.br\/home\/wp-json\/wp\/v2\/media?parent=3140"}],"wp:term":[{"taxonomy":"category","embeddable":true,"href":"https:\/\/proclass.com.br\/home\/wp-json\/wp\/v2\/categories?post=3140"},{"taxonomy":"post_tag","embeddable":true,"href":"https:\/\/proclass.com.br\/home\/wp-json\/wp\/v2\/tags?post=3140"}],"curies":[{"name":"wp","href":"https:\/\/api.w.org\/{rel}","templated":true}]}}