{"id":2858,"date":"2013-04-08T12:05:57","date_gmt":"2013-04-08T15:05:57","guid":{"rendered":"http:\/\/proclass.com.br\/home\/?p=2858"},"modified":"2013-04-08T12:09:44","modified_gmt":"2013-04-08T15:09:44","slug":"pro-tools-11-anunciado","status":"publish","type":"post","link":"https:\/\/proclass.com.br\/home\/2013\/04\/pro-tools-11-anunciado\/","title":{"rendered":"Pro Tools 11 anunciado"},"content":{"rendered":"<p style=\"text-align: center;\">\u00a0<a href=\"http:\/\/proclass.com.br\/home\/wp-content\/uploads\/2013\/04\/Screen-Shot-2013-04-08-at-11.19.07-AM.png\"><img fetchpriority=\"high\" decoding=\"async\" class=\"aligncenter  wp-image-2882\" alt=\"Pro Tools 11 logo\" src=\"http:\/\/proclass.com.br\/home\/wp-content\/uploads\/2013\/04\/Screen-Shot-2013-04-08-at-11.19.07-AM.png\" width=\"650\" height=\"359\" srcset=\"https:\/\/proclass.com.br\/home\/wp-content\/uploads\/2013\/04\/Screen-Shot-2013-04-08-at-11.19.07-AM.png 813w, https:\/\/proclass.com.br\/home\/wp-content\/uploads\/2013\/04\/Screen-Shot-2013-04-08-at-11.19.07-AM-300x165.png 300w\" sizes=\"(max-width: 650px) 100vw, 650px\" \/><\/a><a href=\"http:\/\/proclass.com.br\/home\/wp-content\/uploads\/2013\/04\/Screen-Shot-2013-04-08-at-11.19.07-AM.png\"><br \/>\n<\/a><\/p>\n<p>A Avid anunciou ontem o Pro Tools 11, e neste post vamos conhecer algumas novas fun\u00e7\u00f5es:<\/p>\n<h2>Processamento 64-bit<\/h2>\n<p><a href=\"http:\/\/proclass.com.br\/home\/wp-content\/uploads\/2013\/04\/Screen-Shot-2013-04-08-at-10.54.41-AM.png\"><img decoding=\"async\" class=\"alignleft size-thumbnail wp-image-2862\" alt=\"AAE\" src=\"http:\/\/proclass.com.br\/home\/wp-content\/uploads\/2013\/04\/Screen-Shot-2013-04-08-at-10.54.41-AM-150x150.png\" width=\"150\" height=\"150\" srcset=\"https:\/\/proclass.com.br\/home\/wp-content\/uploads\/2013\/04\/Screen-Shot-2013-04-08-at-10.54.41-AM-150x150.png 150w, https:\/\/proclass.com.br\/home\/wp-content\/uploads\/2013\/04\/Screen-Shot-2013-04-08-at-10.54.41-AM-300x300.png 300w, https:\/\/proclass.com.br\/home\/wp-content\/uploads\/2013\/04\/Screen-Shot-2013-04-08-at-10.54.41-AM.png 731w\" sizes=\"(max-width: 150px) 100vw, 150px\" \/><\/a>O Media Composer, software de edi\u00e7\u00e3o de v\u00eddeo da Avid j\u00e1 havia sido reformulado para atender a arquitetura 64-bit faz algum tempo, mas para o Pro Tools era um pouco mais complicado, pois era necess\u00e1rio primeiro adequar seus sistemas mais robustos baseados em DSP, e ai est\u00e1 uma das muitas import\u00e2ncias do sistema Pro Tools|HDX e Pro Tools|HD Native.<\/p>\n<p>Em poucas palavras, essa nova arquitetura permite sess\u00f5es maiores, mais instrumentos virtuais ligados, importa\u00e7\u00e3o de v\u00eddeos em alta defini\u00e7\u00e3o e menos dropouts e mensagens de erro.<\/p>\n<p>&nbsp;<\/p>\n<p>&nbsp;<\/p>\n<h2>Bounce to disk offline<\/h2>\n<p>Bounce to disk \u00e9 o processo transformar todo o projeto num \u00fanico arquivo mono, est\u00e9reo ou multicanal. At\u00e9 o Pro Tools 10 era feito em tempo real, ou seja, se a m\u00fasica tem 5 minutos, o bounce ia demorar 5 minutos. Ent\u00e3o bounce to disk offline significa que agora este processamento \u00e9 feito internamente, muito mais r\u00e1pido.<\/p>\n<p><a href=\"http:\/\/proclass.com.br\/home\/wp-content\/uploads\/2013\/04\/Screen-Shot-2013-04-08-at-11.16.49-AM.png\"><img decoding=\"async\" class=\"aligncenter size-full wp-image-2876\" alt=\"bounce offline\" src=\"http:\/\/proclass.com.br\/home\/wp-content\/uploads\/2013\/04\/Screen-Shot-2013-04-08-at-11.16.49-AM.png\" width=\"808\" height=\"430\" srcset=\"https:\/\/proclass.com.br\/home\/wp-content\/uploads\/2013\/04\/Screen-Shot-2013-04-08-at-11.16.49-AM.png 808w, https:\/\/proclass.com.br\/home\/wp-content\/uploads\/2013\/04\/Screen-Shot-2013-04-08-at-11.16.49-AM-300x159.png 300w\" sizes=\"(max-width: 808px) 100vw, 808px\" \/><\/a><\/p>\n<h2><\/h2>\n<h2><\/h2>\n<h2><\/h2>\n<h2>Metering<\/h2>\n<p>No Pro Tools 11, existem muitas outras op\u00e7\u00f5es para medir o sinal dos canais como RMS, PPM e EBU o que \u00e9 perfeito principalmente aos que precisam adequar seus padr\u00f5es para broadcast por exemplo. Mais que isso, \u00e9 poss\u00edvel obter a informa\u00e7\u00e3o de redu\u00e7\u00e3o de ganho (gain reduction) de um compressor que estiver espetado no insert. Genial!<\/p>\n<p><a href=\"http:\/\/proclass.com.br\/home\/wp-content\/uploads\/2013\/04\/Screen-Shot-2013-04-08-at-11.02.49-AM.png\"><img loading=\"lazy\" decoding=\"async\" class=\"aligncenter size-full wp-image-2868\" alt=\"meters\" src=\"http:\/\/proclass.com.br\/home\/wp-content\/uploads\/2013\/04\/Screen-Shot-2013-04-08-at-11.02.49-AM.png\" width=\"816\" height=\"460\" srcset=\"https:\/\/proclass.com.br\/home\/wp-content\/uploads\/2013\/04\/Screen-Shot-2013-04-08-at-11.02.49-AM.png 816w, https:\/\/proclass.com.br\/home\/wp-content\/uploads\/2013\/04\/Screen-Shot-2013-04-08-at-11.02.49-AM-300x169.png 300w\" sizes=\"(max-width: 816px) 100vw, 816px\" \/><\/a><\/p>\n<p>&nbsp;<\/p>\n<p>&nbsp;<\/p>\n<p>&nbsp;<\/p>\n<h2>Dynamic Host Processing<\/h2>\n<p>Quando se coloca um plug-in no insert no Pro Tools 10 e anteriores, ele consume recursos da CPU <span style=\"text-decoration: underline;\"><strong>mesmo quando n\u00e3o h\u00e1 \u00e1udio na pista<\/strong><\/span>. Mas plug-ins de \u00e1udio, s\u00e3o obviamente feitos para processar \u00e1udio. Se n\u00e3o houver \u00e1udio na pista, n\u00e3o h\u00e1 nada a ser processado&#8230;\u00a0\u00a0Por isso, a Avid criou o Dynamic Host Processing que faz com que o plug-in pare de consumir recursos da CPU caso n\u00e3o exista \u00e1udio na track.<\/p>\n<p>&nbsp;<\/p>\n<h2>Mini faders para auxiliares<\/h2>\n<p>A op\u00e7\u00e3o &#8220;single send&#8221; nos auxiliares \u00e9 muito interessante, mas existe no Pro Tools 10 a limita\u00e7\u00e3o de s\u00f3 poder ver dois no m\u00e1ximo. No Pro Tools 11, \u00e9 poss\u00edvel ver todos se quiser. Ou seja, agora o mixer do Pro Tools pode &#8220;crescer&#8221; tanto horizontalmente aumentando a quantidade de canais, como verticalmente se o usu\u00e1rio quiser visualizar muitos sends ao mesmo tempo.<\/p>\n<p>&nbsp;<\/p>\n<p><a href=\"http:\/\/proclass.com.br\/home\/wp-content\/uploads\/2013\/04\/Screen-Shot-2013-04-08-at-11.15.14-AM.png\"><img loading=\"lazy\" decoding=\"async\" class=\"aligncenter size-full wp-image-2874\" alt=\"Screen Shot 2013-04-08 at 11.15.14 AM\" src=\"http:\/\/proclass.com.br\/home\/wp-content\/uploads\/2013\/04\/Screen-Shot-2013-04-08-at-11.15.14-AM.png\" width=\"817\" height=\"460\" srcset=\"https:\/\/proclass.com.br\/home\/wp-content\/uploads\/2013\/04\/Screen-Shot-2013-04-08-at-11.15.14-AM.png 817w, https:\/\/proclass.com.br\/home\/wp-content\/uploads\/2013\/04\/Screen-Shot-2013-04-08-at-11.15.14-AM-300x168.png 300w\" sizes=\"(max-width: 817px) 100vw, 817px\" \/><\/a><\/p>\n<p>&nbsp;<\/p>\n<h2>Suporte \u00e0 v\u00eddeos em formato HD<\/h2>\n<p><a href=\"http:\/\/proclass.com.br\/home\/wp-content\/uploads\/2013\/04\/Screen-Shot-2013-04-08-at-10.56.57-AM.png\"><br \/>\n<\/a>At\u00e9 o Pro Tools 10, n\u00e3o era poss\u00edvel importar v\u00eddeos no formato HD mas como dito anteriormente, uma das vantagens da arquitetura 64-bit \u00e9 o aumento de desempenho e o Pro Tools 11 agora conta com o Avid Video Engine, mesmo sistema encontrado no Media Composer, software de edi\u00e7\u00e3o de v\u00eddeo da Avid.<\/p>\n<p style=\"text-align: center;\"><a href=\"http:\/\/proclass.com.br\/home\/wp-content\/uploads\/2013\/04\/Screen-Shot-2013-04-08-at-10.56.57-AM.png\"><img loading=\"lazy\" decoding=\"async\" class=\"aligncenter  wp-image-2867\" alt=\"Screen Shot 2013-04-08 at 10.56.57 AM\" src=\"http:\/\/proclass.com.br\/home\/wp-content\/uploads\/2013\/04\/Screen-Shot-2013-04-08-at-10.56.57-AM-1024x639.png\" width=\"614\" height=\"383\" srcset=\"https:\/\/proclass.com.br\/home\/wp-content\/uploads\/2013\/04\/Screen-Shot-2013-04-08-at-10.56.57-AM-1024x639.png 1024w, https:\/\/proclass.com.br\/home\/wp-content\/uploads\/2013\/04\/Screen-Shot-2013-04-08-at-10.56.57-AM-300x187.png 300w, https:\/\/proclass.com.br\/home\/wp-content\/uploads\/2013\/04\/Screen-Shot-2013-04-08-at-10.56.57-AM.png 1263w\" sizes=\"(max-width: 614px) 100vw, 614px\" \/><\/a><\/p>\n<p>&nbsp;<\/p>\n<h3>Fiquem ligados no site da ProClass e assinem nosso <a href=\"http:\/\/www.facebook.com\/proclass\">Facebook<\/a>. Durante o dia, outras novidades ser\u00e3o apresentadas.<\/h3>\n<p>&nbsp;<\/p>\n<p>&nbsp;<\/p>\n<p>&nbsp;<\/p>\n<p>&nbsp;<\/p>\n<p>&nbsp;<\/p>\n<p>&nbsp;<\/p>\n<p>&nbsp;<\/p>\n","protected":false},"excerpt":{"rendered":"<p>\u00a0 A Avid anunciou ontem o Pro Tools 11, e neste post vamos conhecer algumas novas fun\u00e7\u00f5es: Processamento 64-bit O Media Composer, software de edi\u00e7\u00e3o de v\u00eddeo da Avid j\u00e1 havia sido reformulado para atender a arquitetura 64-bit faz algum tempo, mas para o Pro Tools era um pouco mais complicado, pois era necess\u00e1rio primeiroContinue reading &rarr;<\/p>\n","protected":false},"author":4,"featured_media":0,"comment_status":"open","ping_status":"open","sticky":false,"template":"","format":"standard","meta":{"footnotes":""},"categories":[1,1000],"tags":[1004,1002,1003,1005,1001,35,803,985],"class_list":["post-2858","post","type-post","status-publish","format-standard","hentry","category-novidades","category-pro-tools-2","tag-1004","tag-anuncio","tag-features","tag-nab","tag-novo","tag-pro-tools","tag-update","tag-upgrade","no-thumb"],"yoast_head":"<!-- This site is optimized with the Yoast SEO plugin v26.9 - https:\/\/yoast.com\/product\/yoast-seo-wordpress\/ -->\n<title>Pro Tools 11 anunciado - PROCLASS<\/title>\n<meta name=\"robots\" content=\"index, follow, max-snippet:-1, max-image-preview:large, max-video-preview:-1\" \/>\n<link rel=\"canonical\" href=\"https:\/\/proclass.com.br\/home\/2013\/04\/pro-tools-11-anunciado\/\" \/>\n<meta property=\"og:locale\" content=\"pt_BR\" \/>\n<meta property=\"og:type\" content=\"article\" \/>\n<meta property=\"og:title\" content=\"Pro Tools 11 anunciado - PROCLASS\" \/>\n<meta property=\"og:description\" content=\"\u00a0 A Avid anunciou ontem o Pro Tools 11, e neste post vamos conhecer algumas novas fun\u00e7\u00f5es: Processamento 64-bit O Media Composer, software de edi\u00e7\u00e3o de v\u00eddeo da Avid j\u00e1 havia sido reformulado para atender a arquitetura 64-bit faz algum tempo, mas para o Pro Tools era um pouco mais complicado, pois era necess\u00e1rio primeiroContinue reading &rarr;\" \/>\n<meta property=\"og:url\" content=\"https:\/\/proclass.com.br\/home\/2013\/04\/pro-tools-11-anunciado\/\" \/>\n<meta property=\"og:site_name\" content=\"PROCLASS\" \/>\n<meta property=\"article:published_time\" content=\"2013-04-08T15:05:57+00:00\" \/>\n<meta property=\"article:modified_time\" content=\"2013-04-08T15:09:44+00:00\" \/>\n<meta property=\"og:image\" content=\"https:\/\/proclass.com.br\/home\/wp-content\/uploads\/2013\/04\/Screen-Shot-2013-04-08-at-11.19.07-AM.png\" \/>\n\t<meta property=\"og:image:width\" content=\"813\" \/>\n\t<meta property=\"og:image:height\" content=\"449\" \/>\n\t<meta property=\"og:image:type\" content=\"image\/png\" \/>\n<meta name=\"author\" content=\"ProClass Treinamentos\" \/>\n<meta name=\"twitter:card\" content=\"summary_large_image\" \/>\n<meta name=\"twitter:label1\" content=\"Escrito por\" \/>\n\t<meta name=\"twitter:data1\" content=\"ProClass Treinamentos\" \/>\n\t<meta name=\"twitter:label2\" content=\"Est. tempo de leitura\" \/>\n\t<meta name=\"twitter:data2\" content=\"2 minutos\" \/>\n<script type=\"application\/ld+json\" class=\"yoast-schema-graph\">{\"@context\":\"https:\/\/schema.org\",\"@graph\":[{\"@type\":\"Article\",\"@id\":\"https:\/\/proclass.com.br\/home\/2013\/04\/pro-tools-11-anunciado\/#article\",\"isPartOf\":{\"@id\":\"https:\/\/proclass.com.br\/home\/2013\/04\/pro-tools-11-anunciado\/\"},\"author\":{\"name\":\"ProClass Treinamentos\",\"@id\":\"https:\/\/proclass.com.br\/home\/#\/schema\/person\/f89e1eb93d5d32c0bb465c52f87f5a00\"},\"headline\":\"Pro Tools 11 anunciado\",\"datePublished\":\"2013-04-08T15:05:57+00:00\",\"dateModified\":\"2013-04-08T15:09:44+00:00\",\"mainEntityOfPage\":{\"@id\":\"https:\/\/proclass.com.br\/home\/2013\/04\/pro-tools-11-anunciado\/\"},\"wordCount\":480,\"commentCount\":0,\"publisher\":{\"@id\":\"https:\/\/proclass.com.br\/home\/#organization\"},\"image\":{\"@id\":\"https:\/\/proclass.com.br\/home\/2013\/04\/pro-tools-11-anunciado\/#primaryimage\"},\"thumbnailUrl\":\"http:\/\/proclass.com.br\/home\/wp-content\/uploads\/2013\/04\/Screen-Shot-2013-04-08-at-11.19.07-AM.png\",\"keywords\":[\"11\",\"anuncio\",\"features\",\"nab\",\"novo\",\"pro tools\",\"update\",\"upgrade\"],\"articleSection\":[\"Novidades\",\"Pro Tools\"],\"inLanguage\":\"pt-BR\",\"potentialAction\":[{\"@type\":\"CommentAction\",\"name\":\"Comment\",\"target\":[\"https:\/\/proclass.com.br\/home\/2013\/04\/pro-tools-11-anunciado\/#respond\"]}]},{\"@type\":\"WebPage\",\"@id\":\"https:\/\/proclass.com.br\/home\/2013\/04\/pro-tools-11-anunciado\/\",\"url\":\"https:\/\/proclass.com.br\/home\/2013\/04\/pro-tools-11-anunciado\/\",\"name\":\"Pro Tools 11 anunciado - PROCLASS\",\"isPartOf\":{\"@id\":\"https:\/\/proclass.com.br\/home\/#website\"},\"primaryImageOfPage\":{\"@id\":\"https:\/\/proclass.com.br\/home\/2013\/04\/pro-tools-11-anunciado\/#primaryimage\"},\"image\":{\"@id\":\"https:\/\/proclass.com.br\/home\/2013\/04\/pro-tools-11-anunciado\/#primaryimage\"},\"thumbnailUrl\":\"http:\/\/proclass.com.br\/home\/wp-content\/uploads\/2013\/04\/Screen-Shot-2013-04-08-at-11.19.07-AM.png\",\"datePublished\":\"2013-04-08T15:05:57+00:00\",\"dateModified\":\"2013-04-08T15:09:44+00:00\",\"breadcrumb\":{\"@id\":\"https:\/\/proclass.com.br\/home\/2013\/04\/pro-tools-11-anunciado\/#breadcrumb\"},\"inLanguage\":\"pt-BR\",\"potentialAction\":[{\"@type\":\"ReadAction\",\"target\":[\"https:\/\/proclass.com.br\/home\/2013\/04\/pro-tools-11-anunciado\/\"]}]},{\"@type\":\"ImageObject\",\"inLanguage\":\"pt-BR\",\"@id\":\"https:\/\/proclass.com.br\/home\/2013\/04\/pro-tools-11-anunciado\/#primaryimage\",\"url\":\"http:\/\/proclass.com.br\/home\/wp-content\/uploads\/2013\/04\/Screen-Shot-2013-04-08-at-11.19.07-AM.png\",\"contentUrl\":\"http:\/\/proclass.com.br\/home\/wp-content\/uploads\/2013\/04\/Screen-Shot-2013-04-08-at-11.19.07-AM.png\"},{\"@type\":\"BreadcrumbList\",\"@id\":\"https:\/\/proclass.com.br\/home\/2013\/04\/pro-tools-11-anunciado\/#breadcrumb\",\"itemListElement\":[{\"@type\":\"ListItem\",\"position\":1,\"name\":\"In\u00edcio\",\"item\":\"https:\/\/proclass.com.br\/home\/\"},{\"@type\":\"ListItem\",\"position\":2,\"name\":\"Pro Tools 11 anunciado\"}]},{\"@type\":\"WebSite\",\"@id\":\"https:\/\/proclass.com.br\/home\/#website\",\"url\":\"https:\/\/proclass.com.br\/home\/\",\"name\":\"PROCLASS\",\"description\":\"CURSOS E TREINAMENTOS\",\"publisher\":{\"@id\":\"https:\/\/proclass.com.br\/home\/#organization\"},\"potentialAction\":[{\"@type\":\"SearchAction\",\"target\":{\"@type\":\"EntryPoint\",\"urlTemplate\":\"https:\/\/proclass.com.br\/home\/?s={search_term_string}\"},\"query-input\":{\"@type\":\"PropertyValueSpecification\",\"valueRequired\":true,\"valueName\":\"search_term_string\"}}],\"inLanguage\":\"pt-BR\"},{\"@type\":\"Organization\",\"@id\":\"https:\/\/proclass.com.br\/home\/#organization\",\"name\":\"PROCLASS\",\"url\":\"https:\/\/proclass.com.br\/home\/\",\"logo\":{\"@type\":\"ImageObject\",\"inLanguage\":\"pt-BR\",\"@id\":\"https:\/\/proclass.com.br\/home\/#\/schema\/logo\/image\/\",\"url\":\"https:\/\/proclass.com.br\/home\/wp-content\/uploads\/2023\/06\/CABECALHO-black_PROCLASS-2023.png\",\"contentUrl\":\"https:\/\/proclass.com.br\/home\/wp-content\/uploads\/2023\/06\/CABECALHO-black_PROCLASS-2023.png\",\"width\":2563,\"height\":911,\"caption\":\"PROCLASS\"},\"image\":{\"@id\":\"https:\/\/proclass.com.br\/home\/#\/schema\/logo\/image\/\"}},{\"@type\":\"Person\",\"@id\":\"https:\/\/proclass.com.br\/home\/#\/schema\/person\/f89e1eb93d5d32c0bb465c52f87f5a00\",\"name\":\"ProClass Treinamentos\",\"image\":{\"@type\":\"ImageObject\",\"inLanguage\":\"pt-BR\",\"@id\":\"https:\/\/proclass.com.br\/home\/#\/schema\/person\/image\/\",\"url\":\"https:\/\/secure.gravatar.com\/avatar\/3878d7a575c7ac355d2c778d5de04af08b7c5a7d9f19b2889f26cc7d80a6a832?s=96&d=blank&r=g\",\"contentUrl\":\"https:\/\/secure.gravatar.com\/avatar\/3878d7a575c7ac355d2c778d5de04af08b7c5a7d9f19b2889f26cc7d80a6a832?s=96&d=blank&r=g\",\"caption\":\"ProClass Treinamentos\"},\"url\":\"https:\/\/proclass.com.br\/home\/author\/proclass\/\"}]}<\/script>\n<!-- \/ Yoast SEO plugin. -->","yoast_head_json":{"title":"Pro Tools 11 anunciado - PROCLASS","robots":{"index":"index","follow":"follow","max-snippet":"max-snippet:-1","max-image-preview":"max-image-preview:large","max-video-preview":"max-video-preview:-1"},"canonical":"https:\/\/proclass.com.br\/home\/2013\/04\/pro-tools-11-anunciado\/","og_locale":"pt_BR","og_type":"article","og_title":"Pro Tools 11 anunciado - PROCLASS","og_description":"\u00a0 A Avid anunciou ontem o Pro Tools 11, e neste post vamos conhecer algumas novas fun\u00e7\u00f5es: Processamento 64-bit O Media Composer, software de edi\u00e7\u00e3o de v\u00eddeo da Avid j\u00e1 havia sido reformulado para atender a arquitetura 64-bit faz algum tempo, mas para o Pro Tools era um pouco mais complicado, pois era necess\u00e1rio primeiroContinue reading &rarr;","og_url":"https:\/\/proclass.com.br\/home\/2013\/04\/pro-tools-11-anunciado\/","og_site_name":"PROCLASS","article_published_time":"2013-04-08T15:05:57+00:00","article_modified_time":"2013-04-08T15:09:44+00:00","og_image":[{"width":813,"height":449,"url":"https:\/\/proclass.com.br\/home\/wp-content\/uploads\/2013\/04\/Screen-Shot-2013-04-08-at-11.19.07-AM.png","type":"image\/png"}],"author":"ProClass Treinamentos","twitter_card":"summary_large_image","twitter_misc":{"Escrito por":"ProClass Treinamentos","Est. tempo de leitura":"2 minutos"},"schema":{"@context":"https:\/\/schema.org","@graph":[{"@type":"Article","@id":"https:\/\/proclass.com.br\/home\/2013\/04\/pro-tools-11-anunciado\/#article","isPartOf":{"@id":"https:\/\/proclass.com.br\/home\/2013\/04\/pro-tools-11-anunciado\/"},"author":{"name":"ProClass Treinamentos","@id":"https:\/\/proclass.com.br\/home\/#\/schema\/person\/f89e1eb93d5d32c0bb465c52f87f5a00"},"headline":"Pro Tools 11 anunciado","datePublished":"2013-04-08T15:05:57+00:00","dateModified":"2013-04-08T15:09:44+00:00","mainEntityOfPage":{"@id":"https:\/\/proclass.com.br\/home\/2013\/04\/pro-tools-11-anunciado\/"},"wordCount":480,"commentCount":0,"publisher":{"@id":"https:\/\/proclass.com.br\/home\/#organization"},"image":{"@id":"https:\/\/proclass.com.br\/home\/2013\/04\/pro-tools-11-anunciado\/#primaryimage"},"thumbnailUrl":"http:\/\/proclass.com.br\/home\/wp-content\/uploads\/2013\/04\/Screen-Shot-2013-04-08-at-11.19.07-AM.png","keywords":["11","anuncio","features","nab","novo","pro tools","update","upgrade"],"articleSection":["Novidades","Pro Tools"],"inLanguage":"pt-BR","potentialAction":[{"@type":"CommentAction","name":"Comment","target":["https:\/\/proclass.com.br\/home\/2013\/04\/pro-tools-11-anunciado\/#respond"]}]},{"@type":"WebPage","@id":"https:\/\/proclass.com.br\/home\/2013\/04\/pro-tools-11-anunciado\/","url":"https:\/\/proclass.com.br\/home\/2013\/04\/pro-tools-11-anunciado\/","name":"Pro Tools 11 anunciado - PROCLASS","isPartOf":{"@id":"https:\/\/proclass.com.br\/home\/#website"},"primaryImageOfPage":{"@id":"https:\/\/proclass.com.br\/home\/2013\/04\/pro-tools-11-anunciado\/#primaryimage"},"image":{"@id":"https:\/\/proclass.com.br\/home\/2013\/04\/pro-tools-11-anunciado\/#primaryimage"},"thumbnailUrl":"http:\/\/proclass.com.br\/home\/wp-content\/uploads\/2013\/04\/Screen-Shot-2013-04-08-at-11.19.07-AM.png","datePublished":"2013-04-08T15:05:57+00:00","dateModified":"2013-04-08T15:09:44+00:00","breadcrumb":{"@id":"https:\/\/proclass.com.br\/home\/2013\/04\/pro-tools-11-anunciado\/#breadcrumb"},"inLanguage":"pt-BR","potentialAction":[{"@type":"ReadAction","target":["https:\/\/proclass.com.br\/home\/2013\/04\/pro-tools-11-anunciado\/"]}]},{"@type":"ImageObject","inLanguage":"pt-BR","@id":"https:\/\/proclass.com.br\/home\/2013\/04\/pro-tools-11-anunciado\/#primaryimage","url":"http:\/\/proclass.com.br\/home\/wp-content\/uploads\/2013\/04\/Screen-Shot-2013-04-08-at-11.19.07-AM.png","contentUrl":"http:\/\/proclass.com.br\/home\/wp-content\/uploads\/2013\/04\/Screen-Shot-2013-04-08-at-11.19.07-AM.png"},{"@type":"BreadcrumbList","@id":"https:\/\/proclass.com.br\/home\/2013\/04\/pro-tools-11-anunciado\/#breadcrumb","itemListElement":[{"@type":"ListItem","position":1,"name":"In\u00edcio","item":"https:\/\/proclass.com.br\/home\/"},{"@type":"ListItem","position":2,"name":"Pro Tools 11 anunciado"}]},{"@type":"WebSite","@id":"https:\/\/proclass.com.br\/home\/#website","url":"https:\/\/proclass.com.br\/home\/","name":"PROCLASS","description":"CURSOS E TREINAMENTOS","publisher":{"@id":"https:\/\/proclass.com.br\/home\/#organization"},"potentialAction":[{"@type":"SearchAction","target":{"@type":"EntryPoint","urlTemplate":"https:\/\/proclass.com.br\/home\/?s={search_term_string}"},"query-input":{"@type":"PropertyValueSpecification","valueRequired":true,"valueName":"search_term_string"}}],"inLanguage":"pt-BR"},{"@type":"Organization","@id":"https:\/\/proclass.com.br\/home\/#organization","name":"PROCLASS","url":"https:\/\/proclass.com.br\/home\/","logo":{"@type":"ImageObject","inLanguage":"pt-BR","@id":"https:\/\/proclass.com.br\/home\/#\/schema\/logo\/image\/","url":"https:\/\/proclass.com.br\/home\/wp-content\/uploads\/2023\/06\/CABECALHO-black_PROCLASS-2023.png","contentUrl":"https:\/\/proclass.com.br\/home\/wp-content\/uploads\/2023\/06\/CABECALHO-black_PROCLASS-2023.png","width":2563,"height":911,"caption":"PROCLASS"},"image":{"@id":"https:\/\/proclass.com.br\/home\/#\/schema\/logo\/image\/"}},{"@type":"Person","@id":"https:\/\/proclass.com.br\/home\/#\/schema\/person\/f89e1eb93d5d32c0bb465c52f87f5a00","name":"ProClass Treinamentos","image":{"@type":"ImageObject","inLanguage":"pt-BR","@id":"https:\/\/proclass.com.br\/home\/#\/schema\/person\/image\/","url":"https:\/\/secure.gravatar.com\/avatar\/3878d7a575c7ac355d2c778d5de04af08b7c5a7d9f19b2889f26cc7d80a6a832?s=96&d=blank&r=g","contentUrl":"https:\/\/secure.gravatar.com\/avatar\/3878d7a575c7ac355d2c778d5de04af08b7c5a7d9f19b2889f26cc7d80a6a832?s=96&d=blank&r=g","caption":"ProClass Treinamentos"},"url":"https:\/\/proclass.com.br\/home\/author\/proclass\/"}]}},"_links":{"self":[{"href":"https:\/\/proclass.com.br\/home\/wp-json\/wp\/v2\/posts\/2858","targetHints":{"allow":["GET"]}}],"collection":[{"href":"https:\/\/proclass.com.br\/home\/wp-json\/wp\/v2\/posts"}],"about":[{"href":"https:\/\/proclass.com.br\/home\/wp-json\/wp\/v2\/types\/post"}],"author":[{"embeddable":true,"href":"https:\/\/proclass.com.br\/home\/wp-json\/wp\/v2\/users\/4"}],"replies":[{"embeddable":true,"href":"https:\/\/proclass.com.br\/home\/wp-json\/wp\/v2\/comments?post=2858"}],"version-history":[{"count":0,"href":"https:\/\/proclass.com.br\/home\/wp-json\/wp\/v2\/posts\/2858\/revisions"}],"wp:attachment":[{"href":"https:\/\/proclass.com.br\/home\/wp-json\/wp\/v2\/media?parent=2858"}],"wp:term":[{"taxonomy":"category","embeddable":true,"href":"https:\/\/proclass.com.br\/home\/wp-json\/wp\/v2\/categories?post=2858"},{"taxonomy":"post_tag","embeddable":true,"href":"https:\/\/proclass.com.br\/home\/wp-json\/wp\/v2\/tags?post=2858"}],"curies":[{"name":"wp","href":"https:\/\/api.w.org\/{rel}","templated":true}]}}