{"id":2390,"date":"2012-12-10T16:45:19","date_gmt":"2012-12-10T19:45:19","guid":{"rendered":"http:\/\/proclass.com.br\/home\/?p=2390"},"modified":"2012-12-04T17:03:06","modified_gmt":"2012-12-04T20:03:06","slug":"videos-do-final-cut-pro-x-10-0-6-em-acao","status":"publish","type":"post","link":"https:\/\/proclass.com.br\/home\/2012\/12\/videos-do-final-cut-pro-x-10-0-6-em-acao\/","title":{"rendered":"V\u00eddeos do Final Cut Pro X 10.0.6 em a\u00e7\u00e3o"},"content":{"rendered":"<p>Para quem ainda n\u00e3o atualizou seu Final Cut Pro X para a \u00faltima vers\u00e3o, talvez estes v\u00eddeos ajudem e sirvam como motiva\u00e7\u00e3o. (Em ingl\u00eas)<\/p>\n<p><iframe title=\"Steve and Mark on FCPX v 10.0.6\" width=\"1440\" height=\"810\" src=\"https:\/\/www.youtube.com\/embed\/MybDn1kzSYA?feature=oembed\" frameborder=\"0\" allow=\"accelerometer; autoplay; clipboard-write; encrypted-media; gyroscope; picture-in-picture; web-share\" referrerpolicy=\"strict-origin-when-cross-origin\" allowfullscreen><\/iframe><\/p>\n<p>&nbsp;<\/p>\n","protected":false},"excerpt":{"rendered":"<p>Para quem ainda n\u00e3o atualizou seu Final Cut Pro X para a \u00faltima vers\u00e3o, talvez estes v\u00eddeos ajudem e sirvam como motiva\u00e7\u00e3o. (Em ingl\u00eas) &nbsp;<\/p>\n","protected":false},"author":4,"featured_media":0,"comment_status":"open","ping_status":"open","sticky":false,"template":"","format":"standard","meta":{"footnotes":""},"categories":[687,782,1],"tags":[753,493,87,752,785,784,695,768,803,751],"class_list":["post-2390","post","type-post","status-publish","format-standard","hentry","category-apple-2","category-final-cut-pro-x","category-novidades","tag-audio","tag-aula","tag-autom","tag-edicao","tag-fcp","tag-fcpx","tag-producao","tag-tutorial","tag-update","tag-video","no-thumb"],"yoast_head":"<!-- This site is optimized with the Yoast SEO plugin v26.9 - https:\/\/yoast.com\/product\/yoast-seo-wordpress\/ -->\n<title>V\u00eddeos do Final Cut Pro X 10.0.6 em a\u00e7\u00e3o - PROCLASS<\/title>\n<meta name=\"robots\" content=\"index, follow, max-snippet:-1, max-image-preview:large, max-video-preview:-1\" \/>\n<link rel=\"canonical\" href=\"https:\/\/proclass.com.br\/home\/2012\/12\/videos-do-final-cut-pro-x-10-0-6-em-acao\/\" \/>\n<meta property=\"og:locale\" content=\"pt_BR\" \/>\n<meta property=\"og:type\" content=\"article\" \/>\n<meta property=\"og:title\" content=\"V\u00eddeos do Final Cut Pro X 10.0.6 em a\u00e7\u00e3o - PROCLASS\" \/>\n<meta property=\"og:description\" content=\"Para quem ainda n\u00e3o atualizou seu Final Cut Pro X para a \u00faltima vers\u00e3o, talvez estes v\u00eddeos ajudem e sirvam como motiva\u00e7\u00e3o. (Em ingl\u00eas) &nbsp;\" \/>\n<meta property=\"og:url\" content=\"https:\/\/proclass.com.br\/home\/2012\/12\/videos-do-final-cut-pro-x-10-0-6-em-acao\/\" \/>\n<meta property=\"og:site_name\" content=\"PROCLASS\" \/>\n<meta property=\"article:published_time\" content=\"2012-12-10T19:45:19+00:00\" \/>\n<meta name=\"author\" content=\"ProClass Treinamentos\" \/>\n<meta name=\"twitter:card\" content=\"summary_large_image\" \/>\n<meta name=\"twitter:label1\" content=\"Escrito por\" \/>\n\t<meta name=\"twitter:data1\" content=\"ProClass Treinamentos\" \/>\n<script type=\"application\/ld+json\" class=\"yoast-schema-graph\">{\"@context\":\"https:\/\/schema.org\",\"@graph\":[{\"@type\":\"Article\",\"@id\":\"https:\/\/proclass.com.br\/home\/2012\/12\/videos-do-final-cut-pro-x-10-0-6-em-acao\/#article\",\"isPartOf\":{\"@id\":\"https:\/\/proclass.com.br\/home\/2012\/12\/videos-do-final-cut-pro-x-10-0-6-em-acao\/\"},\"author\":{\"name\":\"ProClass Treinamentos\",\"@id\":\"https:\/\/proclass.com.br\/home\/#\/schema\/person\/f89e1eb93d5d32c0bb465c52f87f5a00\"},\"headline\":\"V\u00eddeos do Final Cut Pro X 10.0.6 em a\u00e7\u00e3o\",\"datePublished\":\"2012-12-10T19:45:19+00:00\",\"mainEntityOfPage\":{\"@id\":\"https:\/\/proclass.com.br\/home\/2012\/12\/videos-do-final-cut-pro-x-10-0-6-em-acao\/\"},\"wordCount\":52,\"commentCount\":0,\"publisher\":{\"@id\":\"https:\/\/proclass.com.br\/home\/#organization\"},\"keywords\":[\"audio\",\"aula\",\"autom\",\"edicao\",\"fcp\",\"fcpx\",\"produ\u00e7\u00e3o\",\"tutorial\",\"update\",\"video\"],\"articleSection\":[\"Apple\",\"Final Cut Pro X\",\"Novidades\"],\"inLanguage\":\"pt-BR\",\"potentialAction\":[{\"@type\":\"CommentAction\",\"name\":\"Comment\",\"target\":[\"https:\/\/proclass.com.br\/home\/2012\/12\/videos-do-final-cut-pro-x-10-0-6-em-acao\/#respond\"]}]},{\"@type\":\"WebPage\",\"@id\":\"https:\/\/proclass.com.br\/home\/2012\/12\/videos-do-final-cut-pro-x-10-0-6-em-acao\/\",\"url\":\"https:\/\/proclass.com.br\/home\/2012\/12\/videos-do-final-cut-pro-x-10-0-6-em-acao\/\",\"name\":\"V\u00eddeos do Final Cut Pro X 10.0.6 em a\u00e7\u00e3o - PROCLASS\",\"isPartOf\":{\"@id\":\"https:\/\/proclass.com.br\/home\/#website\"},\"datePublished\":\"2012-12-10T19:45:19+00:00\",\"breadcrumb\":{\"@id\":\"https:\/\/proclass.com.br\/home\/2012\/12\/videos-do-final-cut-pro-x-10-0-6-em-acao\/#breadcrumb\"},\"inLanguage\":\"pt-BR\",\"potentialAction\":[{\"@type\":\"ReadAction\",\"target\":[\"https:\/\/proclass.com.br\/home\/2012\/12\/videos-do-final-cut-pro-x-10-0-6-em-acao\/\"]}]},{\"@type\":\"BreadcrumbList\",\"@id\":\"https:\/\/proclass.com.br\/home\/2012\/12\/videos-do-final-cut-pro-x-10-0-6-em-acao\/#breadcrumb\",\"itemListElement\":[{\"@type\":\"ListItem\",\"position\":1,\"name\":\"In\u00edcio\",\"item\":\"https:\/\/proclass.com.br\/home\/\"},{\"@type\":\"ListItem\",\"position\":2,\"name\":\"V\u00eddeos do Final Cut Pro X 10.0.6 em a\u00e7\u00e3o\"}]},{\"@type\":\"WebSite\",\"@id\":\"https:\/\/proclass.com.br\/home\/#website\",\"url\":\"https:\/\/proclass.com.br\/home\/\",\"name\":\"PROCLASS\",\"description\":\"CURSOS E TREINAMENTOS\",\"publisher\":{\"@id\":\"https:\/\/proclass.com.br\/home\/#organization\"},\"potentialAction\":[{\"@type\":\"SearchAction\",\"target\":{\"@type\":\"EntryPoint\",\"urlTemplate\":\"https:\/\/proclass.com.br\/home\/?s={search_term_string}\"},\"query-input\":{\"@type\":\"PropertyValueSpecification\",\"valueRequired\":true,\"valueName\":\"search_term_string\"}}],\"inLanguage\":\"pt-BR\"},{\"@type\":\"Organization\",\"@id\":\"https:\/\/proclass.com.br\/home\/#organization\",\"name\":\"PROCLASS\",\"url\":\"https:\/\/proclass.com.br\/home\/\",\"logo\":{\"@type\":\"ImageObject\",\"inLanguage\":\"pt-BR\",\"@id\":\"https:\/\/proclass.com.br\/home\/#\/schema\/logo\/image\/\",\"url\":\"https:\/\/proclass.com.br\/home\/wp-content\/uploads\/2023\/06\/CABECALHO-black_PROCLASS-2023.png\",\"contentUrl\":\"https:\/\/proclass.com.br\/home\/wp-content\/uploads\/2023\/06\/CABECALHO-black_PROCLASS-2023.png\",\"width\":2563,\"height\":911,\"caption\":\"PROCLASS\"},\"image\":{\"@id\":\"https:\/\/proclass.com.br\/home\/#\/schema\/logo\/image\/\"}},{\"@type\":\"Person\",\"@id\":\"https:\/\/proclass.com.br\/home\/#\/schema\/person\/f89e1eb93d5d32c0bb465c52f87f5a00\",\"name\":\"ProClass Treinamentos\",\"image\":{\"@type\":\"ImageObject\",\"inLanguage\":\"pt-BR\",\"@id\":\"https:\/\/proclass.com.br\/home\/#\/schema\/person\/image\/\",\"url\":\"https:\/\/secure.gravatar.com\/avatar\/3878d7a575c7ac355d2c778d5de04af08b7c5a7d9f19b2889f26cc7d80a6a832?s=96&d=blank&r=g\",\"contentUrl\":\"https:\/\/secure.gravatar.com\/avatar\/3878d7a575c7ac355d2c778d5de04af08b7c5a7d9f19b2889f26cc7d80a6a832?s=96&d=blank&r=g\",\"caption\":\"ProClass Treinamentos\"},\"url\":\"https:\/\/proclass.com.br\/home\/author\/proclass\/\"}]}<\/script>\n<!-- \/ Yoast SEO plugin. -->","yoast_head_json":{"title":"V\u00eddeos do Final Cut Pro X 10.0.6 em a\u00e7\u00e3o - PROCLASS","robots":{"index":"index","follow":"follow","max-snippet":"max-snippet:-1","max-image-preview":"max-image-preview:large","max-video-preview":"max-video-preview:-1"},"canonical":"https:\/\/proclass.com.br\/home\/2012\/12\/videos-do-final-cut-pro-x-10-0-6-em-acao\/","og_locale":"pt_BR","og_type":"article","og_title":"V\u00eddeos do Final Cut Pro X 10.0.6 em a\u00e7\u00e3o - PROCLASS","og_description":"Para quem ainda n\u00e3o atualizou seu Final Cut Pro X para a \u00faltima vers\u00e3o, talvez estes v\u00eddeos ajudem e sirvam como motiva\u00e7\u00e3o. (Em ingl\u00eas) &nbsp;","og_url":"https:\/\/proclass.com.br\/home\/2012\/12\/videos-do-final-cut-pro-x-10-0-6-em-acao\/","og_site_name":"PROCLASS","article_published_time":"2012-12-10T19:45:19+00:00","author":"ProClass Treinamentos","twitter_card":"summary_large_image","twitter_misc":{"Escrito por":"ProClass Treinamentos"},"schema":{"@context":"https:\/\/schema.org","@graph":[{"@type":"Article","@id":"https:\/\/proclass.com.br\/home\/2012\/12\/videos-do-final-cut-pro-x-10-0-6-em-acao\/#article","isPartOf":{"@id":"https:\/\/proclass.com.br\/home\/2012\/12\/videos-do-final-cut-pro-x-10-0-6-em-acao\/"},"author":{"name":"ProClass Treinamentos","@id":"https:\/\/proclass.com.br\/home\/#\/schema\/person\/f89e1eb93d5d32c0bb465c52f87f5a00"},"headline":"V\u00eddeos do Final Cut Pro X 10.0.6 em a\u00e7\u00e3o","datePublished":"2012-12-10T19:45:19+00:00","mainEntityOfPage":{"@id":"https:\/\/proclass.com.br\/home\/2012\/12\/videos-do-final-cut-pro-x-10-0-6-em-acao\/"},"wordCount":52,"commentCount":0,"publisher":{"@id":"https:\/\/proclass.com.br\/home\/#organization"},"keywords":["audio","aula","autom","edicao","fcp","fcpx","produ\u00e7\u00e3o","tutorial","update","video"],"articleSection":["Apple","Final Cut Pro X","Novidades"],"inLanguage":"pt-BR","potentialAction":[{"@type":"CommentAction","name":"Comment","target":["https:\/\/proclass.com.br\/home\/2012\/12\/videos-do-final-cut-pro-x-10-0-6-em-acao\/#respond"]}]},{"@type":"WebPage","@id":"https:\/\/proclass.com.br\/home\/2012\/12\/videos-do-final-cut-pro-x-10-0-6-em-acao\/","url":"https:\/\/proclass.com.br\/home\/2012\/12\/videos-do-final-cut-pro-x-10-0-6-em-acao\/","name":"V\u00eddeos do Final Cut Pro X 10.0.6 em a\u00e7\u00e3o - PROCLASS","isPartOf":{"@id":"https:\/\/proclass.com.br\/home\/#website"},"datePublished":"2012-12-10T19:45:19+00:00","breadcrumb":{"@id":"https:\/\/proclass.com.br\/home\/2012\/12\/videos-do-final-cut-pro-x-10-0-6-em-acao\/#breadcrumb"},"inLanguage":"pt-BR","potentialAction":[{"@type":"ReadAction","target":["https:\/\/proclass.com.br\/home\/2012\/12\/videos-do-final-cut-pro-x-10-0-6-em-acao\/"]}]},{"@type":"BreadcrumbList","@id":"https:\/\/proclass.com.br\/home\/2012\/12\/videos-do-final-cut-pro-x-10-0-6-em-acao\/#breadcrumb","itemListElement":[{"@type":"ListItem","position":1,"name":"In\u00edcio","item":"https:\/\/proclass.com.br\/home\/"},{"@type":"ListItem","position":2,"name":"V\u00eddeos do Final Cut Pro X 10.0.6 em a\u00e7\u00e3o"}]},{"@type":"WebSite","@id":"https:\/\/proclass.com.br\/home\/#website","url":"https:\/\/proclass.com.br\/home\/","name":"PROCLASS","description":"CURSOS E TREINAMENTOS","publisher":{"@id":"https:\/\/proclass.com.br\/home\/#organization"},"potentialAction":[{"@type":"SearchAction","target":{"@type":"EntryPoint","urlTemplate":"https:\/\/proclass.com.br\/home\/?s={search_term_string}"},"query-input":{"@type":"PropertyValueSpecification","valueRequired":true,"valueName":"search_term_string"}}],"inLanguage":"pt-BR"},{"@type":"Organization","@id":"https:\/\/proclass.com.br\/home\/#organization","name":"PROCLASS","url":"https:\/\/proclass.com.br\/home\/","logo":{"@type":"ImageObject","inLanguage":"pt-BR","@id":"https:\/\/proclass.com.br\/home\/#\/schema\/logo\/image\/","url":"https:\/\/proclass.com.br\/home\/wp-content\/uploads\/2023\/06\/CABECALHO-black_PROCLASS-2023.png","contentUrl":"https:\/\/proclass.com.br\/home\/wp-content\/uploads\/2023\/06\/CABECALHO-black_PROCLASS-2023.png","width":2563,"height":911,"caption":"PROCLASS"},"image":{"@id":"https:\/\/proclass.com.br\/home\/#\/schema\/logo\/image\/"}},{"@type":"Person","@id":"https:\/\/proclass.com.br\/home\/#\/schema\/person\/f89e1eb93d5d32c0bb465c52f87f5a00","name":"ProClass Treinamentos","image":{"@type":"ImageObject","inLanguage":"pt-BR","@id":"https:\/\/proclass.com.br\/home\/#\/schema\/person\/image\/","url":"https:\/\/secure.gravatar.com\/avatar\/3878d7a575c7ac355d2c778d5de04af08b7c5a7d9f19b2889f26cc7d80a6a832?s=96&d=blank&r=g","contentUrl":"https:\/\/secure.gravatar.com\/avatar\/3878d7a575c7ac355d2c778d5de04af08b7c5a7d9f19b2889f26cc7d80a6a832?s=96&d=blank&r=g","caption":"ProClass Treinamentos"},"url":"https:\/\/proclass.com.br\/home\/author\/proclass\/"}]}},"_links":{"self":[{"href":"https:\/\/proclass.com.br\/home\/wp-json\/wp\/v2\/posts\/2390","targetHints":{"allow":["GET"]}}],"collection":[{"href":"https:\/\/proclass.com.br\/home\/wp-json\/wp\/v2\/posts"}],"about":[{"href":"https:\/\/proclass.com.br\/home\/wp-json\/wp\/v2\/types\/post"}],"author":[{"embeddable":true,"href":"https:\/\/proclass.com.br\/home\/wp-json\/wp\/v2\/users\/4"}],"replies":[{"embeddable":true,"href":"https:\/\/proclass.com.br\/home\/wp-json\/wp\/v2\/comments?post=2390"}],"version-history":[{"count":0,"href":"https:\/\/proclass.com.br\/home\/wp-json\/wp\/v2\/posts\/2390\/revisions"}],"wp:attachment":[{"href":"https:\/\/proclass.com.br\/home\/wp-json\/wp\/v2\/media?parent=2390"}],"wp:term":[{"taxonomy":"category","embeddable":true,"href":"https:\/\/proclass.com.br\/home\/wp-json\/wp\/v2\/categories?post=2390"},{"taxonomy":"post_tag","embeddable":true,"href":"https:\/\/proclass.com.br\/home\/wp-json\/wp\/v2\/tags?post=2390"}],"curies":[{"name":"wp","href":"https:\/\/api.w.org\/{rel}","templated":true}]}}