{"id":2342,"date":"2012-12-20T10:00:55","date_gmt":"2012-12-20T13:00:55","guid":{"rendered":"http:\/\/proclass.com.br\/home\/?p=2342"},"modified":"2012-12-07T10:43:49","modified_gmt":"2012-12-07T13:43:49","slug":"mudancas-no-media-composer-6-5","status":"publish","type":"post","link":"https:\/\/proclass.com.br\/home\/2012\/12\/mudancas-no-media-composer-6-5\/","title":{"rendered":"Mudan\u00e7as no Media Composer 6.5"},"content":{"rendered":"<p style=\"text-align: justify;\">Artigo publicado na Revista Luz e Cena<\/p>\n<p style=\"text-align: justify;\"><a href=\"http:\/\/www.luzecena.com.br\"><img decoding=\"async\" title=\"luz e cena logo\" src=\"http:\/\/proclass.com.br\/home\/wp-content\/uploads\/2012\/11\/luz-e-cena-logo.jpg\" alt=\"\" width=\"206\" height=\"56\" \/><\/a><\/p>\n<p style=\"text-align: justify;\">Para conhecer mais sobre a revista,\u00a0<a href=\"http:\/\/www.luzecena.com.br\" target=\"_blank\">clique aqui.<\/a><\/p>\n<p style=\"text-align: left;\">Para treinamentos e certifica\u00e7\u00f5es oficiais Avid Media Composer, acesse\u00a0<a href=\"http:\/\/proclass.com.br\/home\/certificacoes\/avid\/\">http:\/\/proclass.com.br\/home\/certificacoes\/avid\/<\/a><\/p>\n<hr \/>\n<p style=\"text-align: justify;\">No come\u00e7o de setembro, a Avid anunciou a atualiza\u00e7\u00e3o do Media Composer para a vers\u00e3o 6.5. N\u00e3o \u00e9 necessariamente um upgrade de grande porte, mas ainda assim, fun\u00e7\u00f5es interessantes foram implementados e podem ser \u00fateis para muitos usu\u00e1rios.<\/p>\n<p style=\"text-align: justify;\"><!--more--><\/p>\n<p style=\"text-align: justify;\">O foco deste artigo n\u00e3o ser\u00e1 necessariamente listar todas as mudan\u00e7as. Para isso, recomendo o pr\u00f3prio site da Avid, que inclusive recentemente, lan\u00e7ou sua vers\u00e3o em portugu\u00eas. Ao inv\u00e9s disso, vamos nos concentrar nas mais importantes e discutir como isso pode influenciar o fluxo de trabalho de cada um.<\/p>\n<h2 style=\"text-align: center;\"><strong>Audio Keyframes<\/strong><\/h2>\n<p style=\"text-align: justify;\"><a href=\"http:\/\/proclass.com.br\/home\/wp-content\/uploads\/2012\/12\/fig1-audio-keyframes.png\"><img decoding=\"async\" class=\"alignleft size-medium wp-image-2344\" title=\"fig1 - audio keyframes\" src=\"http:\/\/proclass.com.br\/home\/wp-content\/uploads\/2012\/12\/fig1-audio-keyframes-300x139.png\" alt=\"\" width=\"300\" height=\"139\" srcset=\"https:\/\/proclass.com.br\/home\/wp-content\/uploads\/2012\/12\/fig1-audio-keyframes-300x139.png 300w, https:\/\/proclass.com.br\/home\/wp-content\/uploads\/2012\/12\/fig1-audio-keyframes.png 427w\" sizes=\"(max-width: 300px) 100vw, 300px\" \/><\/a><\/p>\n<p style=\"text-align: justify;\">Keyframes s\u00e3o pequenas \u00e2ncoras criadas num clip com o prop\u00f3sito de fazer altera\u00e7\u00f5es din\u00e2micas de algum par\u00e2metro. Muitas vezes, dizemos que s\u00e3o \u201canima\u00e7\u00f5es\u201d ou at\u00e9 \u201cautomatiza\u00e7\u00f5es\u201d de par\u00e2metros. (fig.1)<\/p>\n<p style=\"text-align: justify;\">At\u00e9 a vers\u00e3o 6, era poss\u00edvel selecionar v\u00e1rios keyframes para anima\u00e7\u00e3o de efeitos mas n\u00e3o para keyframes de volume ou pan nos clips de \u00e1udio. Agora, o comportamento \u00e9 id\u00eantico ao que acontece ao clicar keyframe de v\u00eddeo pela Edit Preview Monitor, quando se est\u00e1 editando um efeito.<\/p>\n<p style=\"text-align: justify;\"><a href=\"http:\/\/proclass.com.br\/home\/wp-content\/uploads\/2012\/12\/fig2-copy-paste-keyframes.png\"><img decoding=\"async\" class=\"alignleft size-full wp-image-2345\" title=\"fig2 - copy - paste keyframes\" src=\"http:\/\/proclass.com.br\/home\/wp-content\/uploads\/2012\/12\/fig2-copy-paste-keyframes.png\" alt=\"\" width=\"258\" height=\"192\" \/><\/a>Depois de selecionado, \u00e9 poss\u00edvel copiar e colar para outros clips (fig.2) ou deslocar com a fun\u00e7\u00e3o nudge para alterar o n\u00edvel de ganho. Parece um simples detalhe mas a utilidade \u00e9 grande, pois agora, \u00e9 poss\u00edvel ajustar o n\u00edvel de um clip de \u00e1udio com extrema precis\u00e3o sem precisar abrir Mixer.<\/p>\n<p style=\"text-align: justify;\">Resumidamente, significa que agora o funcionamento \u00e9 mais consolidado com rela\u00e7\u00e3o a keyframes, tanto para \u00e1udio quanto para v\u00eddeo e representa uma melhor experi\u00eancia para o usu\u00e1rio.<\/p>\n<h2 style=\"text-align: center;\"><strong>64 voices para \u00e1udio<\/strong><\/h2>\n<p style=\"text-align: justify;\"><strong><\/strong>Voices, em poucas palavras, significa quantos sons podem ser reproduzidos ao mesmo tempo no Media Composer. Apesar de ser poss\u00edvel ter 24 tracks de \u00e1udio num projeto, o Media Composer at\u00e9 ent\u00e3o s\u00f3 tinha capacidade para tocar 16 sons ao mesmo tempo.<\/p>\n<p style=\"text-align: justify;\">A partir da vers\u00e3o 6.5, o limite subiu para 64 voices. (fig.3)<\/p>\n<p style=\"text-align: justify;\"><a href=\"http:\/\/proclass.com.br\/home\/wp-content\/uploads\/2012\/12\/fig3-voices.png\"><img loading=\"lazy\" decoding=\"async\" class=\"alignleft size-medium wp-image-2346\" title=\"fig3 - voices\" src=\"http:\/\/proclass.com.br\/home\/wp-content\/uploads\/2012\/12\/fig3-voices-300x142.png\" alt=\"\" width=\"300\" height=\"142\" srcset=\"https:\/\/proclass.com.br\/home\/wp-content\/uploads\/2012\/12\/fig3-voices-300x142.png 300w, https:\/\/proclass.com.br\/home\/wp-content\/uploads\/2012\/12\/fig3-voices.png 395w\" sizes=\"(max-width: 300px) 100vw, 300px\" \/><\/a><\/p>\n<p style=\"text-align: justify;\">Mas pode ter ficado uma d\u00favida: para que ter capacidade tocar 64 voices se ainda estamos presos ao limite de 24 tracks?<\/p>\n<p style=\"text-align: justify;\">\u00c9 importante entender que cada voice est\u00e1 relacionado a um \u00e1udio mono. Ou seja, um clip est\u00e9reo consome 2 voices, um clip surround 7.1 consome 8 voices e assim por diante.<\/p>\n<p style=\"text-align: justify;\">Ent\u00e3o enquanto no Media Composer 6 s\u00f3 era poss\u00edvel ouvir dois clipes de \u00e1udio 7.1 (8 + 8 voices), na vers\u00e3o 6.5 \u00e9 poss\u00edvel ouvir simult\u00e2neamente diversas configura\u00e7\u00f5es por exemplo:<\/p>\n<ul style=\"text-align: justify;\">\n<li>Todos os 24 tracks com clips est\u00e9reo (48 voices)<\/li>\n<li>20 tracks com clips est\u00e9reo + 3 tracks com clips surround 7.1 (64 voices)<\/li>\n<\/ul>\n<p style=\"text-align: justify;\">\u00a0Ent\u00e3o resumindo, abre-se uma nova gama de possibilidades de configura\u00e7\u00e3o e uma maior flexibilidade para o editor.<\/p>\n<h2 style=\"text-align: center;\">\u00a0<strong>Rodando sem hardware cada vez mais f\u00e1cil<\/strong><\/h2>\n<p style=\"text-align: justify;\"><a href=\"http:\/\/proclass.com.br\/home\/wp-content\/uploads\/2012\/12\/fig4-hardware.jpg\"><img loading=\"lazy\" decoding=\"async\" class=\"alignleft  wp-image-2347\" title=\"fig4 - hardware\" src=\"http:\/\/proclass.com.br\/home\/wp-content\/uploads\/2012\/12\/fig4-hardware-300x215.jpg\" alt=\"\" width=\"180\" height=\"129\" srcset=\"https:\/\/proclass.com.br\/home\/wp-content\/uploads\/2012\/12\/fig4-hardware-300x215.jpg 300w, https:\/\/proclass.com.br\/home\/wp-content\/uploads\/2012\/12\/fig4-hardware.jpg 496w\" sizes=\"(max-width: 180px) 100vw, 180px\" \/><\/a>\u00a0Agora, um simples bot\u00e3o possibilita habilitar e desabilitar o uso de um hardware dedicado com o Media Composer. (fig.4)<\/p>\n<p style=\"text-align: justify;\">\u00a0<strong>E porque algu\u00e9m precisa disso?<\/strong><\/p>\n<p style=\"text-align: justify;\">\u00a0Imagine o cen\u00e1rio em que um trabalho esteja sendo realizado no Media Composer com um hardware dedicado, e no meio do trabalho, \u00e9 necess\u00e1rio fazer alguma tarefa em outro software como o Adobe After Effects. (fig.5)<\/p>\n<p style=\"text-align: justify;\"><a href=\"http:\/\/proclass.com.br\/home\/wp-content\/uploads\/2012\/12\/fig.5-mc6-hardware-1.jpeg\"><img loading=\"lazy\" decoding=\"async\" class=\"size-medium wp-image-2343 aligncenter\" title=\"fig.5 - mc6 hardware 1\" src=\"http:\/\/proclass.com.br\/home\/wp-content\/uploads\/2012\/12\/fig.5-mc6-hardware-1-300x106.jpeg\" alt=\"\" width=\"300\" height=\"106\" srcset=\"https:\/\/proclass.com.br\/home\/wp-content\/uploads\/2012\/12\/fig.5-mc6-hardware-1-300x106.jpeg 300w, https:\/\/proclass.com.br\/home\/wp-content\/uploads\/2012\/12\/fig.5-mc6-hardware-1.jpeg 641w\" sizes=\"(max-width: 300px) 100vw, 300px\" \/><\/a>Para o After Effects poder utilizar o mesmo hardware, era necess\u00e1rio fechar a aplica\u00e7\u00e3o do Media Composer antes de carregar o After Effects. E depois de conclu\u00eddo o trabalho, era necess\u00e1rio fechar o After Effects e reiniciar o Media Composer do zero para voltar ao trabalho.<\/p>\n<p style=\"text-align: justify;\">\u00a0Agora ficou um pouco melhor, onde \u00e9 poss\u00edvel fazer o seguinte procedimento:<\/p>\n<ol style=\"text-align: justify;\">\n<li>Ao inv\u00e9s de fechar o Media Composer, apenas desativar no Media Composer o uso do hardware.<\/li>\n<li>Iniciar o After Effects. Deste modo, o After Effects poder\u00e1 usufruir do hardware.<\/li>\n<li>Fazer os procedimentos no After Effects<\/li>\n<li>Fechar o After Effects<\/li>\n<li>Ativar o hardware novamente no Media Composer.<\/li>\n<\/ol>\n<p style=\"text-align: justify;\">\u00a0Outra vantagem desta op\u00e7\u00e3o \u00e9 que, certas fun\u00e7\u00f5es como Full screen Playback s\u00e3o apenas acess\u00edveis se o Media Composer estiver rodando em \u201csoftware Mode\u201d, ou seja sem hardware conectado. Nestes casos, era necess\u00e1rio fisicamente desconectar o hardware o que n\u00e3o era nada pr\u00e1tico.<\/p>\n<h2 style=\"text-align: center;\"><strong>AMA \u2013 Avid Media Access, e agora Authoring<\/strong><\/h2>\n<p style=\"text-align: justify;\">\u00a0AMA (Avid Media Access) \u00e9 um m\u00e9todo de referenciar media no Media Composer em diversos formatos sem precisar de transcodificar\/converter formatos. Na vers\u00e3o 6.5, pelo protocolo AMA recebeu uma nova funcionalidade onde agora \u00e9 poss\u00edvel exportar uma sequ\u00eancia ou clip de volta para o cart\u00e3o de mem\u00f3ria no formato reconhecido pela c\u00e2mera.<\/p>\n<p style=\"text-align: justify;\"><em>Importante: sendo um plug-in desenvolvido pelo fabricante das c\u00e2meras (Sony, RED etc) e n\u00e3o pela Avid, ainda \u00e9 preciso que estas empresas fa\u00e7am uma nova vers\u00e3o de seus plug-ins para aceitar essa nova fun\u00e7\u00e3o.<\/em><\/p>\n<h2 style=\"text-align: center;\"><strong>AS-02 Volumes<\/strong><\/h2>\n<p style=\"text-align: justify;\">AS-02 \u00e9 um m\u00e9todo para agrupar m\u00faltiplas vers\u00f5es de um programa num \u00fanico pacote. Por exemplo, no caso de uma sequ\u00eancia que ser\u00e1 editada com uma vers\u00f5es de \u00e1udio e t\u00edtulos em portugu\u00eas e espanhol, utilizando um AS-02 Volume, ser\u00e1 poss\u00edvel ter todas as sequ\u00eancias num \u00fanico pacote sem a necessidade de redund\u00e2ncia das outras medias.<\/p>\n<p style=\"text-align: justify;\">\u00c9 uma excelente op\u00e7\u00e3o para diversos casos e em poucas palavras, as principais vantagens s\u00e3o:<\/p>\n<ul style=\"text-align: justify;\">\n<li>Velocidade na hora de exportar sequ\u00eancias<\/li>\n<li>Redu\u00e7\u00e3o de consumo de disco.<\/li>\n<li>Edi\u00e7\u00f5es mais r\u00e1pidas<\/li>\n<\/ul>\n<h2 style=\"text-align: center;\"><strong>Conclus\u00e3o<\/strong><\/h2>\n<p style=\"text-align: justify;\">N\u00e3o existe nenhuma revolu\u00e7\u00e3o tecnologica no Media Composer 6.5, mas \u00e9 um upgrade v\u00e1lido. Existem diversos ajustes que n\u00e3o foram cobertos neste artigo como o acesso direto para edi\u00e7\u00e3o de um t\u00edtulo com bot\u00e3o direito e a possibilidade de selecionar clips n\u00e3o adjacentes. Aconselho a todos a experimentar os recursos da nova vers\u00e3o fazendo o download da vers\u00e3o gratuita de demonstra\u00e7\u00e3o pelo site da Avid.<\/p>\n<hr \/>\n<p><strong>\u00a0<a href=\"http:\/\/proclass.com.br\/home\/wp-content\/uploads\/2012\/11\/cris3x4.jpg\"><img loading=\"lazy\" decoding=\"async\" class=\"alignleft\" title=\"cris3x4\" src=\"http:\/\/proclass.com.br\/home\/wp-content\/uploads\/2012\/11\/cris3x4.jpg\" alt=\"\" width=\"62\" height=\"83\" \/><\/a>Cristiano Moura<\/strong>\u00a0\u00e9 um instrutor certificado pela Avid em Media Composer e ministra treinamentos oficiais de certifica\u00e7\u00e3o Avid em todo o Brasil pelo centro de treinamentos<a href=\"http:\/\/www.proclass.com.br\" target=\"_blank\">\u00a0ProClass<\/a>, com sede no Rio de Janeiro.<\/p>\n<p>&nbsp;<\/p>\n","protected":false},"excerpt":{"rendered":"<p>Artigo publicado na Revista Luz e Cena Para conhecer mais sobre a revista,\u00a0clique aqui. Para treinamentos e certifica\u00e7\u00f5es oficiais Avid Media Composer, acesse\u00a0http:\/\/proclass.com.br\/home\/certificacoes\/avid\/ No come\u00e7o de setembro, a Avid anunciou a atualiza\u00e7\u00e3o do Media Composer para a vers\u00e3o 6.5. N\u00e3o \u00e9 necessariamente um upgrade de grande porte, mas ainda assim, fun\u00e7\u00f5es interessantes foram implementados eContinue reading &rarr;<\/p>\n","protected":false},"author":4,"featured_media":0,"comment_status":"open","ping_status":"open","sticky":false,"template":"","format":"standard","meta":{"footnotes":""},"categories":[17,797,11],"tags":[308,416,798,100,87,736,801,804,800,752,783,329,807,806,795,349,799,486,802,738,796,261,541,794,745,805,803,751],"class_list":["post-2342","post","type-post","status-publish","format-standard","hentry","category-artigos","category-avid-media-composer-2","category-dicas","tag-anima","tag-apple","tag-atualizacao","tag-aulas","tag-autom","tag-avid","tag-baixar","tag-cursos","tag-download","tag-edicao","tag-efeitos","tag-final-cut","tag-final-cut-pro","tag-finalcut","tag-foco","tag-isso","tag-mediacomposer","tag-mixer","tag-novidade","tag-oficial","tag-pequenas","tag-podem-ser","tag-pois","tag-precis","tag-revista-luz","tag-treinamentos","tag-update","tag-video","no-thumb"],"yoast_head":"<!-- This site is optimized with the Yoast SEO plugin v26.9 - https:\/\/yoast.com\/product\/yoast-seo-wordpress\/ -->\n<title>Mudan\u00e7as no Media Composer 6.5 - PROCLASS<\/title>\n<meta name=\"robots\" content=\"index, follow, max-snippet:-1, max-image-preview:large, max-video-preview:-1\" \/>\n<link rel=\"canonical\" href=\"https:\/\/proclass.com.br\/home\/2012\/12\/mudancas-no-media-composer-6-5\/\" \/>\n<meta property=\"og:locale\" content=\"pt_BR\" \/>\n<meta property=\"og:type\" content=\"article\" \/>\n<meta property=\"og:title\" content=\"Mudan\u00e7as no Media Composer 6.5 - PROCLASS\" \/>\n<meta property=\"og:description\" content=\"Artigo publicado na Revista Luz e Cena Para conhecer mais sobre a revista,\u00a0clique aqui. Para treinamentos e certifica\u00e7\u00f5es oficiais Avid Media Composer, acesse\u00a0http:\/\/proclass.com.br\/home\/certificacoes\/avid\/ No come\u00e7o de setembro, a Avid anunciou a atualiza\u00e7\u00e3o do Media Composer para a vers\u00e3o 6.5. N\u00e3o \u00e9 necessariamente um upgrade de grande porte, mas ainda assim, fun\u00e7\u00f5es interessantes foram implementados eContinue reading &rarr;\" \/>\n<meta property=\"og:url\" content=\"https:\/\/proclass.com.br\/home\/2012\/12\/mudancas-no-media-composer-6-5\/\" \/>\n<meta property=\"og:site_name\" content=\"PROCLASS\" \/>\n<meta property=\"article:published_time\" content=\"2012-12-20T13:00:55+00:00\" \/>\n<meta property=\"og:image\" content=\"http:\/\/proclass.com.br\/home\/wp-content\/uploads\/2012\/11\/luz-e-cena-logo.jpg\" \/>\n<meta name=\"author\" content=\"ProClass Treinamentos\" \/>\n<meta name=\"twitter:card\" content=\"summary_large_image\" \/>\n<meta name=\"twitter:label1\" content=\"Escrito por\" \/>\n\t<meta name=\"twitter:data1\" content=\"ProClass Treinamentos\" \/>\n\t<meta name=\"twitter:label2\" content=\"Est. tempo de leitura\" \/>\n\t<meta name=\"twitter:data2\" content=\"5 minutos\" \/>\n<script type=\"application\/ld+json\" class=\"yoast-schema-graph\">{\"@context\":\"https:\/\/schema.org\",\"@graph\":[{\"@type\":\"Article\",\"@id\":\"https:\/\/proclass.com.br\/home\/2012\/12\/mudancas-no-media-composer-6-5\/#article\",\"isPartOf\":{\"@id\":\"https:\/\/proclass.com.br\/home\/2012\/12\/mudancas-no-media-composer-6-5\/\"},\"author\":{\"name\":\"ProClass Treinamentos\",\"@id\":\"https:\/\/proclass.com.br\/home\/#\/schema\/person\/f89e1eb93d5d32c0bb465c52f87f5a00\"},\"headline\":\"Mudan\u00e7as no Media Composer 6.5\",\"datePublished\":\"2012-12-20T13:00:55+00:00\",\"mainEntityOfPage\":{\"@id\":\"https:\/\/proclass.com.br\/home\/2012\/12\/mudancas-no-media-composer-6-5\/\"},\"wordCount\":1026,\"commentCount\":0,\"publisher\":{\"@id\":\"https:\/\/proclass.com.br\/home\/#organization\"},\"image\":{\"@id\":\"https:\/\/proclass.com.br\/home\/2012\/12\/mudancas-no-media-composer-6-5\/#primaryimage\"},\"thumbnailUrl\":\"http:\/\/proclass.com.br\/home\/wp-content\/uploads\/2012\/11\/luz-e-cena-logo.jpg\",\"keywords\":[\"anima\",\"apple\",\"atualizacao\",\"aulas\",\"autom\",\"avid\",\"baixar\",\"cursos\",\"download\",\"edicao\",\"efeitos\",\"final cut\",\"final cut pro\",\"finalcut\",\"foco\",\"isso\",\"mediacomposer\",\"mixer\",\"novidade\",\"oficial\",\"pequenas\",\"podem ser\",\"pois\",\"precis\",\"revista luz\",\"treinamentos\",\"update\",\"video\"],\"articleSection\":[\"Artigos\",\"Avid Media Composer\",\"Dicas\"],\"inLanguage\":\"pt-BR\",\"potentialAction\":[{\"@type\":\"CommentAction\",\"name\":\"Comment\",\"target\":[\"https:\/\/proclass.com.br\/home\/2012\/12\/mudancas-no-media-composer-6-5\/#respond\"]}]},{\"@type\":\"WebPage\",\"@id\":\"https:\/\/proclass.com.br\/home\/2012\/12\/mudancas-no-media-composer-6-5\/\",\"url\":\"https:\/\/proclass.com.br\/home\/2012\/12\/mudancas-no-media-composer-6-5\/\",\"name\":\"Mudan\u00e7as no Media Composer 6.5 - PROCLASS\",\"isPartOf\":{\"@id\":\"https:\/\/proclass.com.br\/home\/#website\"},\"primaryImageOfPage\":{\"@id\":\"https:\/\/proclass.com.br\/home\/2012\/12\/mudancas-no-media-composer-6-5\/#primaryimage\"},\"image\":{\"@id\":\"https:\/\/proclass.com.br\/home\/2012\/12\/mudancas-no-media-composer-6-5\/#primaryimage\"},\"thumbnailUrl\":\"http:\/\/proclass.com.br\/home\/wp-content\/uploads\/2012\/11\/luz-e-cena-logo.jpg\",\"datePublished\":\"2012-12-20T13:00:55+00:00\",\"breadcrumb\":{\"@id\":\"https:\/\/proclass.com.br\/home\/2012\/12\/mudancas-no-media-composer-6-5\/#breadcrumb\"},\"inLanguage\":\"pt-BR\",\"potentialAction\":[{\"@type\":\"ReadAction\",\"target\":[\"https:\/\/proclass.com.br\/home\/2012\/12\/mudancas-no-media-composer-6-5\/\"]}]},{\"@type\":\"ImageObject\",\"inLanguage\":\"pt-BR\",\"@id\":\"https:\/\/proclass.com.br\/home\/2012\/12\/mudancas-no-media-composer-6-5\/#primaryimage\",\"url\":\"https:\/\/proclass.com.br\/home\/wp-content\/uploads\/2012\/11\/luz-e-cena-logo.jpg\",\"contentUrl\":\"https:\/\/proclass.com.br\/home\/wp-content\/uploads\/2012\/11\/luz-e-cena-logo.jpg\",\"width\":\"343\",\"height\":\"93\"},{\"@type\":\"BreadcrumbList\",\"@id\":\"https:\/\/proclass.com.br\/home\/2012\/12\/mudancas-no-media-composer-6-5\/#breadcrumb\",\"itemListElement\":[{\"@type\":\"ListItem\",\"position\":1,\"name\":\"In\u00edcio\",\"item\":\"https:\/\/proclass.com.br\/home\/\"},{\"@type\":\"ListItem\",\"position\":2,\"name\":\"Mudan\u00e7as no Media Composer 6.5\"}]},{\"@type\":\"WebSite\",\"@id\":\"https:\/\/proclass.com.br\/home\/#website\",\"url\":\"https:\/\/proclass.com.br\/home\/\",\"name\":\"PROCLASS\",\"description\":\"CURSOS E TREINAMENTOS\",\"publisher\":{\"@id\":\"https:\/\/proclass.com.br\/home\/#organization\"},\"potentialAction\":[{\"@type\":\"SearchAction\",\"target\":{\"@type\":\"EntryPoint\",\"urlTemplate\":\"https:\/\/proclass.com.br\/home\/?s={search_term_string}\"},\"query-input\":{\"@type\":\"PropertyValueSpecification\",\"valueRequired\":true,\"valueName\":\"search_term_string\"}}],\"inLanguage\":\"pt-BR\"},{\"@type\":\"Organization\",\"@id\":\"https:\/\/proclass.com.br\/home\/#organization\",\"name\":\"PROCLASS\",\"url\":\"https:\/\/proclass.com.br\/home\/\",\"logo\":{\"@type\":\"ImageObject\",\"inLanguage\":\"pt-BR\",\"@id\":\"https:\/\/proclass.com.br\/home\/#\/schema\/logo\/image\/\",\"url\":\"https:\/\/proclass.com.br\/home\/wp-content\/uploads\/2023\/06\/CABECALHO-black_PROCLASS-2023.png\",\"contentUrl\":\"https:\/\/proclass.com.br\/home\/wp-content\/uploads\/2023\/06\/CABECALHO-black_PROCLASS-2023.png\",\"width\":2563,\"height\":911,\"caption\":\"PROCLASS\"},\"image\":{\"@id\":\"https:\/\/proclass.com.br\/home\/#\/schema\/logo\/image\/\"}},{\"@type\":\"Person\",\"@id\":\"https:\/\/proclass.com.br\/home\/#\/schema\/person\/f89e1eb93d5d32c0bb465c52f87f5a00\",\"name\":\"ProClass Treinamentos\",\"image\":{\"@type\":\"ImageObject\",\"inLanguage\":\"pt-BR\",\"@id\":\"https:\/\/proclass.com.br\/home\/#\/schema\/person\/image\/\",\"url\":\"https:\/\/secure.gravatar.com\/avatar\/3878d7a575c7ac355d2c778d5de04af08b7c5a7d9f19b2889f26cc7d80a6a832?s=96&d=blank&r=g\",\"contentUrl\":\"https:\/\/secure.gravatar.com\/avatar\/3878d7a575c7ac355d2c778d5de04af08b7c5a7d9f19b2889f26cc7d80a6a832?s=96&d=blank&r=g\",\"caption\":\"ProClass Treinamentos\"},\"url\":\"https:\/\/proclass.com.br\/home\/author\/proclass\/\"}]}<\/script>\n<!-- \/ Yoast SEO plugin. -->","yoast_head_json":{"title":"Mudan\u00e7as no Media Composer 6.5 - PROCLASS","robots":{"index":"index","follow":"follow","max-snippet":"max-snippet:-1","max-image-preview":"max-image-preview:large","max-video-preview":"max-video-preview:-1"},"canonical":"https:\/\/proclass.com.br\/home\/2012\/12\/mudancas-no-media-composer-6-5\/","og_locale":"pt_BR","og_type":"article","og_title":"Mudan\u00e7as no Media Composer 6.5 - PROCLASS","og_description":"Artigo publicado na Revista Luz e Cena Para conhecer mais sobre a revista,\u00a0clique aqui. Para treinamentos e certifica\u00e7\u00f5es oficiais Avid Media Composer, acesse\u00a0http:\/\/proclass.com.br\/home\/certificacoes\/avid\/ No come\u00e7o de setembro, a Avid anunciou a atualiza\u00e7\u00e3o do Media Composer para a vers\u00e3o 6.5. N\u00e3o \u00e9 necessariamente um upgrade de grande porte, mas ainda assim, fun\u00e7\u00f5es interessantes foram implementados eContinue reading &rarr;","og_url":"https:\/\/proclass.com.br\/home\/2012\/12\/mudancas-no-media-composer-6-5\/","og_site_name":"PROCLASS","article_published_time":"2012-12-20T13:00:55+00:00","og_image":[{"url":"http:\/\/proclass.com.br\/home\/wp-content\/uploads\/2012\/11\/luz-e-cena-logo.jpg","type":"","width":"","height":""}],"author":"ProClass Treinamentos","twitter_card":"summary_large_image","twitter_misc":{"Escrito por":"ProClass Treinamentos","Est. tempo de leitura":"5 minutos"},"schema":{"@context":"https:\/\/schema.org","@graph":[{"@type":"Article","@id":"https:\/\/proclass.com.br\/home\/2012\/12\/mudancas-no-media-composer-6-5\/#article","isPartOf":{"@id":"https:\/\/proclass.com.br\/home\/2012\/12\/mudancas-no-media-composer-6-5\/"},"author":{"name":"ProClass Treinamentos","@id":"https:\/\/proclass.com.br\/home\/#\/schema\/person\/f89e1eb93d5d32c0bb465c52f87f5a00"},"headline":"Mudan\u00e7as no Media Composer 6.5","datePublished":"2012-12-20T13:00:55+00:00","mainEntityOfPage":{"@id":"https:\/\/proclass.com.br\/home\/2012\/12\/mudancas-no-media-composer-6-5\/"},"wordCount":1026,"commentCount":0,"publisher":{"@id":"https:\/\/proclass.com.br\/home\/#organization"},"image":{"@id":"https:\/\/proclass.com.br\/home\/2012\/12\/mudancas-no-media-composer-6-5\/#primaryimage"},"thumbnailUrl":"http:\/\/proclass.com.br\/home\/wp-content\/uploads\/2012\/11\/luz-e-cena-logo.jpg","keywords":["anima","apple","atualizacao","aulas","autom","avid","baixar","cursos","download","edicao","efeitos","final cut","final cut pro","finalcut","foco","isso","mediacomposer","mixer","novidade","oficial","pequenas","podem ser","pois","precis","revista luz","treinamentos","update","video"],"articleSection":["Artigos","Avid Media Composer","Dicas"],"inLanguage":"pt-BR","potentialAction":[{"@type":"CommentAction","name":"Comment","target":["https:\/\/proclass.com.br\/home\/2012\/12\/mudancas-no-media-composer-6-5\/#respond"]}]},{"@type":"WebPage","@id":"https:\/\/proclass.com.br\/home\/2012\/12\/mudancas-no-media-composer-6-5\/","url":"https:\/\/proclass.com.br\/home\/2012\/12\/mudancas-no-media-composer-6-5\/","name":"Mudan\u00e7as no Media Composer 6.5 - PROCLASS","isPartOf":{"@id":"https:\/\/proclass.com.br\/home\/#website"},"primaryImageOfPage":{"@id":"https:\/\/proclass.com.br\/home\/2012\/12\/mudancas-no-media-composer-6-5\/#primaryimage"},"image":{"@id":"https:\/\/proclass.com.br\/home\/2012\/12\/mudancas-no-media-composer-6-5\/#primaryimage"},"thumbnailUrl":"http:\/\/proclass.com.br\/home\/wp-content\/uploads\/2012\/11\/luz-e-cena-logo.jpg","datePublished":"2012-12-20T13:00:55+00:00","breadcrumb":{"@id":"https:\/\/proclass.com.br\/home\/2012\/12\/mudancas-no-media-composer-6-5\/#breadcrumb"},"inLanguage":"pt-BR","potentialAction":[{"@type":"ReadAction","target":["https:\/\/proclass.com.br\/home\/2012\/12\/mudancas-no-media-composer-6-5\/"]}]},{"@type":"ImageObject","inLanguage":"pt-BR","@id":"https:\/\/proclass.com.br\/home\/2012\/12\/mudancas-no-media-composer-6-5\/#primaryimage","url":"https:\/\/proclass.com.br\/home\/wp-content\/uploads\/2012\/11\/luz-e-cena-logo.jpg","contentUrl":"https:\/\/proclass.com.br\/home\/wp-content\/uploads\/2012\/11\/luz-e-cena-logo.jpg","width":"343","height":"93"},{"@type":"BreadcrumbList","@id":"https:\/\/proclass.com.br\/home\/2012\/12\/mudancas-no-media-composer-6-5\/#breadcrumb","itemListElement":[{"@type":"ListItem","position":1,"name":"In\u00edcio","item":"https:\/\/proclass.com.br\/home\/"},{"@type":"ListItem","position":2,"name":"Mudan\u00e7as no Media Composer 6.5"}]},{"@type":"WebSite","@id":"https:\/\/proclass.com.br\/home\/#website","url":"https:\/\/proclass.com.br\/home\/","name":"PROCLASS","description":"CURSOS E TREINAMENTOS","publisher":{"@id":"https:\/\/proclass.com.br\/home\/#organization"},"potentialAction":[{"@type":"SearchAction","target":{"@type":"EntryPoint","urlTemplate":"https:\/\/proclass.com.br\/home\/?s={search_term_string}"},"query-input":{"@type":"PropertyValueSpecification","valueRequired":true,"valueName":"search_term_string"}}],"inLanguage":"pt-BR"},{"@type":"Organization","@id":"https:\/\/proclass.com.br\/home\/#organization","name":"PROCLASS","url":"https:\/\/proclass.com.br\/home\/","logo":{"@type":"ImageObject","inLanguage":"pt-BR","@id":"https:\/\/proclass.com.br\/home\/#\/schema\/logo\/image\/","url":"https:\/\/proclass.com.br\/home\/wp-content\/uploads\/2023\/06\/CABECALHO-black_PROCLASS-2023.png","contentUrl":"https:\/\/proclass.com.br\/home\/wp-content\/uploads\/2023\/06\/CABECALHO-black_PROCLASS-2023.png","width":2563,"height":911,"caption":"PROCLASS"},"image":{"@id":"https:\/\/proclass.com.br\/home\/#\/schema\/logo\/image\/"}},{"@type":"Person","@id":"https:\/\/proclass.com.br\/home\/#\/schema\/person\/f89e1eb93d5d32c0bb465c52f87f5a00","name":"ProClass Treinamentos","image":{"@type":"ImageObject","inLanguage":"pt-BR","@id":"https:\/\/proclass.com.br\/home\/#\/schema\/person\/image\/","url":"https:\/\/secure.gravatar.com\/avatar\/3878d7a575c7ac355d2c778d5de04af08b7c5a7d9f19b2889f26cc7d80a6a832?s=96&d=blank&r=g","contentUrl":"https:\/\/secure.gravatar.com\/avatar\/3878d7a575c7ac355d2c778d5de04af08b7c5a7d9f19b2889f26cc7d80a6a832?s=96&d=blank&r=g","caption":"ProClass Treinamentos"},"url":"https:\/\/proclass.com.br\/home\/author\/proclass\/"}]}},"_links":{"self":[{"href":"https:\/\/proclass.com.br\/home\/wp-json\/wp\/v2\/posts\/2342","targetHints":{"allow":["GET"]}}],"collection":[{"href":"https:\/\/proclass.com.br\/home\/wp-json\/wp\/v2\/posts"}],"about":[{"href":"https:\/\/proclass.com.br\/home\/wp-json\/wp\/v2\/types\/post"}],"author":[{"embeddable":true,"href":"https:\/\/proclass.com.br\/home\/wp-json\/wp\/v2\/users\/4"}],"replies":[{"embeddable":true,"href":"https:\/\/proclass.com.br\/home\/wp-json\/wp\/v2\/comments?post=2342"}],"version-history":[{"count":0,"href":"https:\/\/proclass.com.br\/home\/wp-json\/wp\/v2\/posts\/2342\/revisions"}],"wp:attachment":[{"href":"https:\/\/proclass.com.br\/home\/wp-json\/wp\/v2\/media?parent=2342"}],"wp:term":[{"taxonomy":"category","embeddable":true,"href":"https:\/\/proclass.com.br\/home\/wp-json\/wp\/v2\/categories?post=2342"},{"taxonomy":"post_tag","embeddable":true,"href":"https:\/\/proclass.com.br\/home\/wp-json\/wp\/v2\/tags?post=2342"}],"curies":[{"name":"wp","href":"https:\/\/api.w.org\/{rel}","templated":true}]}}