{"id":2267,"date":"2012-11-29T17:13:03","date_gmt":"2012-11-29T20:13:03","guid":{"rendered":"http:\/\/proclass.com.br\/home\/?p=2267"},"modified":"2012-12-07T10:47:11","modified_gmt":"2012-12-07T13:47:11","slug":"conheca-a-familia-avid-edicao-de-video","status":"publish","type":"post","link":"https:\/\/proclass.com.br\/home\/2012\/11\/conheca-a-familia-avid-edicao-de-video\/","title":{"rendered":"Conhe\u00e7a a Fam\u00edlia Avid &#8211; Edi\u00e7\u00e3o de v\u00eddeo"},"content":{"rendered":"<p>Artigo publicado na Revista Luz e Cena<\/p>\n<p><a href=\"http:\/\/www.luzecena.com.br\"><img decoding=\"async\" class=\" wp-image-2269 alignnone\" title=\"luz e cena logo\" src=\"http:\/\/proclass.com.br\/home\/wp-content\/uploads\/2012\/11\/luz-e-cena-logo.jpg\" alt=\"\" width=\"206\" height=\"56\" srcset=\"https:\/\/proclass.com.br\/home\/wp-content\/uploads\/2012\/11\/luz-e-cena-logo.jpg 343w, https:\/\/proclass.com.br\/home\/wp-content\/uploads\/2012\/11\/luz-e-cena-logo-300x81.jpg 300w\" sizes=\"(max-width: 206px) 100vw, 206px\" \/><\/a><\/p>\n<p>Para conhecer mais sobre a revista, <a href=\"http:\/\/www.luzecena.com.br\" target=\"_blank\">clique aqui.<\/a><\/p>\n<p>Neste artigo, vamos entendermos a nomenclatura de cada produto. \u00c9 muito comum dizer que algo est\u00e1 sendo editado em &#8220;Avid&#8221;, quando na realidade, Avid \u00e9 apenas o nome da empresa. Dentro da empresa existem v\u00e1rios softwares que possuem a mesma arquitetura mas tem pre\u00e7os e funcionalidades diferentes.<\/p>\n<p><!--more--><\/p>\n<p><strong><a href=\"http:\/\/proclass.com.br\/home\/wp-content\/uploads\/2012\/11\/MC-Box.jpg\"><img decoding=\"async\" class=\"alignleft  wp-image-2270\" title=\"MC Box\" src=\"http:\/\/proclass.com.br\/home\/wp-content\/uploads\/2012\/11\/MC-Box.jpg\" alt=\"\" width=\"125\" height=\"125\" srcset=\"https:\/\/proclass.com.br\/home\/wp-content\/uploads\/2012\/11\/MC-Box.jpg 480w, https:\/\/proclass.com.br\/home\/wp-content\/uploads\/2012\/11\/MC-Box-150x150.jpg 150w, https:\/\/proclass.com.br\/home\/wp-content\/uploads\/2012\/11\/MC-Box-300x300.jpg 300w\" sizes=\"(max-width: 125px) 100vw, 125px\" \/><\/a>Media Composer:<\/strong> sem d\u00favida \u00e9 o software mais conhecido e difundido da empresa. Podemos dizer que \u00e9 o concorrente direto do <strong>Final Cut Pro<\/strong> da Apple e do <strong>Premiere<\/strong>, da Adobe.<\/p>\n<p>Produ\u00e7\u00f5es de pequeno, m\u00e9dio e grande porte podem ser editados nesta vers\u00e3o e fornece todos os fundamentos da edi\u00e7\u00e3o para a plataforma Avid, o que em outras palavras, significa que o usu\u00e1rio de Media Composer tem total condi\u00e7\u00f5es de trabalhar nos outros softwares da empresa sem muitas dificuldades. A vers\u00e3o 6 \u00e9 a mais recente, e entre as principais inova\u00e7\u00f5es est\u00e3o: remodelagem na sua interface, possibilidade de organizar bins em tabs, capacidade de trabalhar com 3D, processamento em 64-bit, abertura e compatibilidade com interfaces de outras empresas, suporte ao Codec ProRes (formato desenvolvido pela Apple e usado no Final Cut Pro) e possibilidade de mixagem Surround 5.1 e 7.1.<\/p>\n<p style=\"text-align: center;\"><a href=\"http:\/\/proclass.com.br\/home\/wp-content\/uploads\/2012\/11\/Avid-Media-Composer-6.jpg\"><img fetchpriority=\"high\" decoding=\"async\" class=\" wp-image-2273 aligncenter\" title=\"Avid Media Composer 6\" src=\"http:\/\/proclass.com.br\/home\/wp-content\/uploads\/2012\/11\/Avid-Media-Composer-6.jpg\" alt=\"\" width=\"510\" height=\"360\" srcset=\"https:\/\/proclass.com.br\/home\/wp-content\/uploads\/2012\/11\/Avid-Media-Composer-6.jpg 850w, https:\/\/proclass.com.br\/home\/wp-content\/uploads\/2012\/11\/Avid-Media-Composer-6-300x211.jpg 300w\" sizes=\"(max-width: 510px) 100vw, 510px\" \/><\/a><\/p>\n<p><img loading=\"lazy\" decoding=\"async\" class=\"alignleft  wp-image-2278\" style=\"border: 4px solid white;\" title=\"newscutter box\" src=\"http:\/\/proclass.com.br\/home\/wp-content\/uploads\/2012\/11\/newscutter-box-273x300.jpg\" alt=\"\" width=\"98\" height=\"108\" srcset=\"https:\/\/proclass.com.br\/home\/wp-content\/uploads\/2012\/11\/newscutter-box-273x300.jpg 273w, https:\/\/proclass.com.br\/home\/wp-content\/uploads\/2012\/11\/newscutter-box.jpg 730w\" sizes=\"(max-width: 98px) 100vw, 98px\" \/><strong>NewsCutter:<\/strong> neste software foi desenvolvido com p\u00fablico alvo bem determinado. Editores e empresas voltadas ao jornalismo e not\u00edcias. Ele tem toda a arquitetura e metodologia do Media Composer com rela\u00e7\u00e3o a edi\u00e7\u00e3o como por exemplo o sistema AMA, que possibilita importar material vindo de formatos como Quicktime, XDCAM, Panasonic P2, Canon XF, GFCAM, RED, MXF entre outros possam ser editados imediatamente, sem necessidade de copiar ou transcodificar a m\u00eddia. Por\u00e9m, possui menos recursos no que se refere a efeitos e edi\u00e7\u00e3o 3D. Por outro lado, possui recursos e m\u00e9todos de trabalho \u00fanicos como a possibilidade de extrair \u00e1udio original e gravar VoiceOver mantendo o ru\u00eddo ambiente com extrema facilidade. Tamb\u00e9m \u00e9 possivel gravar at\u00e9 4 tracks de \u00e1udio diretamente para o timeline, sem a necessidade de capturar para um bin antes. Seu compromisso \u00e9 fornecer de m\u00e9todos de trabalho simples e r\u00e1pidos, pois este mercado necessita muito mais de agilidade para levar a not\u00edcia ao ar do que qualquer outra coisa. Uma outra caracter\u00edstica particular \u00e9 o fato de ser apenas compat\u00edvel com sistemas Windows.<\/p>\n<p>&nbsp;<\/p>\n<p><strong><a href=\"http:\/\/proclass.com.br\/home\/wp-content\/uploads\/2012\/11\/Symphony-Box.jpg\"><img loading=\"lazy\" decoding=\"async\" class=\"alignleft  wp-image-2279\" style=\"border: 4px solid white;\" title=\"Symphony Box\" src=\"http:\/\/proclass.com.br\/home\/wp-content\/uploads\/2012\/11\/Symphony-Box-300x300.jpg\" alt=\"\" width=\"103\" height=\"103\" srcset=\"https:\/\/proclass.com.br\/home\/wp-content\/uploads\/2012\/11\/Symphony-Box-300x300.jpg 300w, https:\/\/proclass.com.br\/home\/wp-content\/uploads\/2012\/11\/Symphony-Box-150x150.jpg 150w, https:\/\/proclass.com.br\/home\/wp-content\/uploads\/2012\/11\/Symphony-Box.jpg 400w\" sizes=\"(max-width: 103px) 100vw, 103px\" \/><\/a>Symphony:<\/strong> muito similar ao Media Composer, sendo uma vers\u00e3o superior onde a principal diferen\u00e7a est\u00e1 na sua ferramenta de corre\u00e7\u00e3o de cor, mais sofisticada do que a encontrada no Media Composer. Al\u00e9m disso, vem equipado com a cole\u00e7\u00e3o de efeitos Boris Continumm Complete (BCC).<\/p>\n<p>&nbsp;<\/p>\n<p>Esta na vers\u00e3o 6, que marcou por ser a primeira a trabalhar com processamento em 64-bit, o que em poucas palavras, significa que pode aproveitar melhor os recursos dos computadores atuais. Uma finaliza\u00e7\u00e3o de um trabalho editado em qualquer outro dos softwares acima podem ser feitos no Symphony com integra\u00e7\u00e3o total.<\/p>\n<p style=\"text-align: center;\"><a href=\"http:\/\/proclass.com.br\/home\/wp-content\/uploads\/2012\/11\/Symphony_secondary-color-correction.jpg\"><img loading=\"lazy\" decoding=\"async\" class=\"wp-image-2277 aligncenter\" title=\"Symphony_secondary color correction\" src=\"http:\/\/proclass.com.br\/home\/wp-content\/uploads\/2012\/11\/Symphony_secondary-color-correction-1024x650.jpg\" alt=\"\" width=\"574\" height=\"364\" srcset=\"https:\/\/proclass.com.br\/home\/wp-content\/uploads\/2012\/11\/Symphony_secondary-color-correction-1024x650.jpg 1024w, https:\/\/proclass.com.br\/home\/wp-content\/uploads\/2012\/11\/Symphony_secondary-color-correction-300x190.jpg 300w, https:\/\/proclass.com.br\/home\/wp-content\/uploads\/2012\/11\/Symphony_secondary-color-correction.jpg 1200w\" sizes=\"(max-width: 574px) 100vw, 574px\" \/><\/a><\/p>\n<p><a href=\"http:\/\/proclass.com.br\/home\/wp-content\/uploads\/2012\/11\/Avid-DS-Box.jpg\"><img loading=\"lazy\" decoding=\"async\" class=\"alignleft  wp-image-2271\" title=\"Avid DS Box\" src=\"http:\/\/proclass.com.br\/home\/wp-content\/uploads\/2012\/11\/Avid-DS-Box-300x240.jpg\" alt=\"\" width=\"108\" height=\"86\" srcset=\"https:\/\/proclass.com.br\/home\/wp-content\/uploads\/2012\/11\/Avid-DS-Box-300x240.jpg 300w, https:\/\/proclass.com.br\/home\/wp-content\/uploads\/2012\/11\/Avid-DS-Box.jpg 800w\" sizes=\"(max-width: 108px) 100vw, 108px\" \/><\/a>\u00a0<strong>Avid DS:<\/strong> este software \u00e9 voltado para finaliza\u00e7\u00e3o de projetos que possui uma gama muito maior de efeitos e possibilita criar composi\u00e7\u00f5es, camadas e texturas \u00fanicas. Diferente dos acima, n\u00e3o \u00e9 baseado no Media Composer, e talvez nem deveria ser listado aqui, mas no m\u00eas passado foi lan\u00e7ado o Avid DS 11, em que o usu\u00e1rio \u201crecebe\u201d uma licen\u00e7a de Media Composer como parte do pacote e com isso, pode ser interessante para muitos leitores interessados em investir neste segmento. H\u00e1 3 anos atr\u00e1s, um sistema de finaliza\u00e7\u00e3o em alta resolu\u00e7\u00e3o compar\u00e1vel ao Avid DS custaria por volta de U$75.000. <strong>Pre\u00e7o: $10.000 d\u00f3lares nos EUA.<\/strong><\/p>\n<h2><a href=\"http:\/\/proclass.com.br\/home\/wp-content\/uploads\/2012\/11\/Avid-DS.jpg\"><img loading=\"lazy\" decoding=\"async\" class=\" wp-image-2272 aligncenter\" title=\"Avid DS\" src=\"http:\/\/proclass.com.br\/home\/wp-content\/uploads\/2012\/11\/Avid-DS.jpg\" alt=\"\" width=\"560\" height=\"385\" srcset=\"https:\/\/proclass.com.br\/home\/wp-content\/uploads\/2012\/11\/Avid-DS.jpg 800w, https:\/\/proclass.com.br\/home\/wp-content\/uploads\/2012\/11\/Avid-DS-300x206.jpg 300w\" sizes=\"(max-width: 560px) 100vw, 560px\" \/><\/a><\/h2>\n<h2><\/h2>\n<h2>Conclus\u00e3o<\/h2>\n<p>Como visto acima, poucas s\u00e3o as diferen\u00e7as que separam estes softwares. As ferramentas de edi\u00e7\u00e3o e metodologias de trabalho s\u00e3o id\u00eanticas. O Media Composer \u00e9 a base dos tr\u00eas softwares sendo que o Symphony oferece extras de corre\u00e7\u00e3o de cor secund\u00e1ria. Os pre\u00e7os s\u00e3o determinantes para compra sem d\u00favida, mas como foi visto aqui, alguns recursos podem fazer falta dependendo do tipo de aplica\u00e7\u00e3o e projeto.<\/p>\n<hr \/>\n<p>&nbsp;<\/p>\n<p><strong>\u00a0<a href=\"http:\/\/proclass.com.br\/home\/wp-content\/uploads\/2012\/11\/cris3x4.jpg\"><img loading=\"lazy\" decoding=\"async\" class=\"alignleft  wp-image-2284\" title=\"cris3x4\" src=\"http:\/\/proclass.com.br\/home\/wp-content\/uploads\/2012\/11\/cris3x4.jpg\" alt=\"\" width=\"62\" height=\"83\" \/><\/a>Cristiano Moura<\/strong> \u00e9 um instrutor certificado pela Avid em Media Composer e ministra treinamentos oficiais de certifica\u00e7\u00e3o Avid em todo o Brasil pelo centro de treinamentos<a href=\"http:\/\/www.proclass.com.br\" target=\"_blank\"> ProClass<\/a>, com sede no Rio de Janeiro.<\/p>\n<p>&nbsp;<\/p>\n","protected":false},"excerpt":{"rendered":"<p>Artigo publicado na Revista Luz e Cena Para conhecer mais sobre a revista, clique aqui. Neste artigo, vamos entendermos a nomenclatura de cada produto. \u00c9 muito comum dizer que algo est\u00e1 sendo editado em &#8220;Avid&#8221;, quando na realidade, Avid \u00e9 apenas o nome da empresa. Dentro da empresa existem v\u00e1rios softwares que possuem a mesmaContinue reading &rarr;<\/p>\n","protected":false},"author":4,"featured_media":0,"comment_status":"open","ping_status":"open","sticky":false,"template":"","format":"standard","meta":{"footnotes":""},"categories":[17,11],"tags":[744,719,87,316,511,752,329,41,746,743,695,745,751,742],"class_list":["post-2267","post","type-post","status-publish","format-standard","hentry","category-artigos","category-dicas","tag-abertura","tag-artigo","tag-autom","tag-clique-aqui","tag-codec","tag-edicao","tag-final-cut","tag-media-composer","tag-outras-palavras","tag-panasonic-p2","tag-producao","tag-revista-luz","tag-video","tag-xdcam","no-thumb"],"yoast_head":"<!-- This site is optimized with the Yoast SEO plugin v26.9 - https:\/\/yoast.com\/product\/yoast-seo-wordpress\/ -->\n<title>Conhe\u00e7a a Fam\u00edlia Avid - Edi\u00e7\u00e3o de v\u00eddeo - PROCLASS<\/title>\n<meta name=\"robots\" content=\"index, follow, max-snippet:-1, max-image-preview:large, max-video-preview:-1\" \/>\n<link rel=\"canonical\" href=\"https:\/\/proclass.com.br\/home\/2012\/11\/conheca-a-familia-avid-edicao-de-video\/\" \/>\n<meta property=\"og:locale\" content=\"pt_BR\" \/>\n<meta property=\"og:type\" content=\"article\" \/>\n<meta property=\"og:title\" content=\"Conhe\u00e7a a Fam\u00edlia Avid - Edi\u00e7\u00e3o de v\u00eddeo - PROCLASS\" \/>\n<meta property=\"og:description\" content=\"Artigo publicado na Revista Luz e Cena Para conhecer mais sobre a revista, clique aqui. Neste artigo, vamos entendermos a nomenclatura de cada produto. \u00c9 muito comum dizer que algo est\u00e1 sendo editado em &#8220;Avid&#8221;, quando na realidade, Avid \u00e9 apenas o nome da empresa. Dentro da empresa existem v\u00e1rios softwares que possuem a mesmaContinue reading &rarr;\" \/>\n<meta property=\"og:url\" content=\"https:\/\/proclass.com.br\/home\/2012\/11\/conheca-a-familia-avid-edicao-de-video\/\" \/>\n<meta property=\"og:site_name\" content=\"PROCLASS\" \/>\n<meta property=\"article:published_time\" content=\"2012-11-29T20:13:03+00:00\" \/>\n<meta property=\"article:modified_time\" content=\"2012-12-07T13:47:11+00:00\" \/>\n<meta property=\"og:image\" content=\"https:\/\/proclass.com.br\/home\/wp-content\/uploads\/2012\/11\/luz-e-cena-logo.jpg\" \/>\n\t<meta property=\"og:image:width\" content=\"343\" \/>\n\t<meta property=\"og:image:height\" content=\"93\" \/>\n\t<meta property=\"og:image:type\" content=\"image\/jpeg\" \/>\n<meta name=\"author\" content=\"ProClass Treinamentos\" \/>\n<meta name=\"twitter:card\" content=\"summary_large_image\" \/>\n<meta name=\"twitter:label1\" content=\"Escrito por\" \/>\n\t<meta name=\"twitter:data1\" content=\"ProClass Treinamentos\" \/>\n\t<meta name=\"twitter:label2\" content=\"Est. tempo de leitura\" \/>\n\t<meta name=\"twitter:data2\" content=\"4 minutos\" \/>\n<script type=\"application\/ld+json\" class=\"yoast-schema-graph\">{\"@context\":\"https:\/\/schema.org\",\"@graph\":[{\"@type\":\"Article\",\"@id\":\"https:\/\/proclass.com.br\/home\/2012\/11\/conheca-a-familia-avid-edicao-de-video\/#article\",\"isPartOf\":{\"@id\":\"https:\/\/proclass.com.br\/home\/2012\/11\/conheca-a-familia-avid-edicao-de-video\/\"},\"author\":{\"name\":\"ProClass Treinamentos\",\"@id\":\"https:\/\/proclass.com.br\/home\/#\/schema\/person\/f89e1eb93d5d32c0bb465c52f87f5a00\"},\"headline\":\"Conhe\u00e7a a Fam\u00edlia Avid &#8211; Edi\u00e7\u00e3o de v\u00eddeo\",\"datePublished\":\"2012-11-29T20:13:03+00:00\",\"dateModified\":\"2012-12-07T13:47:11+00:00\",\"mainEntityOfPage\":{\"@id\":\"https:\/\/proclass.com.br\/home\/2012\/11\/conheca-a-familia-avid-edicao-de-video\/\"},\"wordCount\":735,\"commentCount\":2,\"publisher\":{\"@id\":\"https:\/\/proclass.com.br\/home\/#organization\"},\"image\":{\"@id\":\"https:\/\/proclass.com.br\/home\/2012\/11\/conheca-a-familia-avid-edicao-de-video\/#primaryimage\"},\"thumbnailUrl\":\"http:\/\/proclass.com.br\/home\/wp-content\/uploads\/2012\/11\/luz-e-cena-logo.jpg\",\"keywords\":[\"abertura\",\"artigo\",\"autom\",\"clique aqui\",\"codec\",\"edicao\",\"final cut\",\"media composer\",\"outras palavras\",\"panasonic p2\",\"produ\u00e7\u00e3o\",\"revista luz\",\"video\",\"xdcam\"],\"articleSection\":[\"Artigos\",\"Dicas\"],\"inLanguage\":\"pt-BR\",\"potentialAction\":[{\"@type\":\"CommentAction\",\"name\":\"Comment\",\"target\":[\"https:\/\/proclass.com.br\/home\/2012\/11\/conheca-a-familia-avid-edicao-de-video\/#respond\"]}]},{\"@type\":\"WebPage\",\"@id\":\"https:\/\/proclass.com.br\/home\/2012\/11\/conheca-a-familia-avid-edicao-de-video\/\",\"url\":\"https:\/\/proclass.com.br\/home\/2012\/11\/conheca-a-familia-avid-edicao-de-video\/\",\"name\":\"Conhe\u00e7a a Fam\u00edlia Avid - Edi\u00e7\u00e3o de v\u00eddeo - PROCLASS\",\"isPartOf\":{\"@id\":\"https:\/\/proclass.com.br\/home\/#website\"},\"primaryImageOfPage\":{\"@id\":\"https:\/\/proclass.com.br\/home\/2012\/11\/conheca-a-familia-avid-edicao-de-video\/#primaryimage\"},\"image\":{\"@id\":\"https:\/\/proclass.com.br\/home\/2012\/11\/conheca-a-familia-avid-edicao-de-video\/#primaryimage\"},\"thumbnailUrl\":\"http:\/\/proclass.com.br\/home\/wp-content\/uploads\/2012\/11\/luz-e-cena-logo.jpg\",\"datePublished\":\"2012-11-29T20:13:03+00:00\",\"dateModified\":\"2012-12-07T13:47:11+00:00\",\"breadcrumb\":{\"@id\":\"https:\/\/proclass.com.br\/home\/2012\/11\/conheca-a-familia-avid-edicao-de-video\/#breadcrumb\"},\"inLanguage\":\"pt-BR\",\"potentialAction\":[{\"@type\":\"ReadAction\",\"target\":[\"https:\/\/proclass.com.br\/home\/2012\/11\/conheca-a-familia-avid-edicao-de-video\/\"]}]},{\"@type\":\"ImageObject\",\"inLanguage\":\"pt-BR\",\"@id\":\"https:\/\/proclass.com.br\/home\/2012\/11\/conheca-a-familia-avid-edicao-de-video\/#primaryimage\",\"url\":\"https:\/\/proclass.com.br\/home\/wp-content\/uploads\/2012\/11\/luz-e-cena-logo.jpg\",\"contentUrl\":\"https:\/\/proclass.com.br\/home\/wp-content\/uploads\/2012\/11\/luz-e-cena-logo.jpg\",\"width\":\"343\",\"height\":\"93\"},{\"@type\":\"BreadcrumbList\",\"@id\":\"https:\/\/proclass.com.br\/home\/2012\/11\/conheca-a-familia-avid-edicao-de-video\/#breadcrumb\",\"itemListElement\":[{\"@type\":\"ListItem\",\"position\":1,\"name\":\"In\u00edcio\",\"item\":\"https:\/\/proclass.com.br\/home\/\"},{\"@type\":\"ListItem\",\"position\":2,\"name\":\"Conhe\u00e7a a Fam\u00edlia Avid &#8211; Edi\u00e7\u00e3o de v\u00eddeo\"}]},{\"@type\":\"WebSite\",\"@id\":\"https:\/\/proclass.com.br\/home\/#website\",\"url\":\"https:\/\/proclass.com.br\/home\/\",\"name\":\"PROCLASS\",\"description\":\"CURSOS E TREINAMENTOS\",\"publisher\":{\"@id\":\"https:\/\/proclass.com.br\/home\/#organization\"},\"potentialAction\":[{\"@type\":\"SearchAction\",\"target\":{\"@type\":\"EntryPoint\",\"urlTemplate\":\"https:\/\/proclass.com.br\/home\/?s={search_term_string}\"},\"query-input\":{\"@type\":\"PropertyValueSpecification\",\"valueRequired\":true,\"valueName\":\"search_term_string\"}}],\"inLanguage\":\"pt-BR\"},{\"@type\":\"Organization\",\"@id\":\"https:\/\/proclass.com.br\/home\/#organization\",\"name\":\"PROCLASS\",\"url\":\"https:\/\/proclass.com.br\/home\/\",\"logo\":{\"@type\":\"ImageObject\",\"inLanguage\":\"pt-BR\",\"@id\":\"https:\/\/proclass.com.br\/home\/#\/schema\/logo\/image\/\",\"url\":\"https:\/\/proclass.com.br\/home\/wp-content\/uploads\/2023\/06\/CABECALHO-black_PROCLASS-2023.png\",\"contentUrl\":\"https:\/\/proclass.com.br\/home\/wp-content\/uploads\/2023\/06\/CABECALHO-black_PROCLASS-2023.png\",\"width\":2563,\"height\":911,\"caption\":\"PROCLASS\"},\"image\":{\"@id\":\"https:\/\/proclass.com.br\/home\/#\/schema\/logo\/image\/\"}},{\"@type\":\"Person\",\"@id\":\"https:\/\/proclass.com.br\/home\/#\/schema\/person\/f89e1eb93d5d32c0bb465c52f87f5a00\",\"name\":\"ProClass Treinamentos\",\"image\":{\"@type\":\"ImageObject\",\"inLanguage\":\"pt-BR\",\"@id\":\"https:\/\/proclass.com.br\/home\/#\/schema\/person\/image\/\",\"url\":\"https:\/\/secure.gravatar.com\/avatar\/3878d7a575c7ac355d2c778d5de04af08b7c5a7d9f19b2889f26cc7d80a6a832?s=96&d=blank&r=g\",\"contentUrl\":\"https:\/\/secure.gravatar.com\/avatar\/3878d7a575c7ac355d2c778d5de04af08b7c5a7d9f19b2889f26cc7d80a6a832?s=96&d=blank&r=g\",\"caption\":\"ProClass Treinamentos\"},\"url\":\"https:\/\/proclass.com.br\/home\/author\/proclass\/\"}]}<\/script>\n<!-- \/ Yoast SEO plugin. -->","yoast_head_json":{"title":"Conhe\u00e7a a Fam\u00edlia Avid - Edi\u00e7\u00e3o de v\u00eddeo - PROCLASS","robots":{"index":"index","follow":"follow","max-snippet":"max-snippet:-1","max-image-preview":"max-image-preview:large","max-video-preview":"max-video-preview:-1"},"canonical":"https:\/\/proclass.com.br\/home\/2012\/11\/conheca-a-familia-avid-edicao-de-video\/","og_locale":"pt_BR","og_type":"article","og_title":"Conhe\u00e7a a Fam\u00edlia Avid - Edi\u00e7\u00e3o de v\u00eddeo - PROCLASS","og_description":"Artigo publicado na Revista Luz e Cena Para conhecer mais sobre a revista, clique aqui. Neste artigo, vamos entendermos a nomenclatura de cada produto. \u00c9 muito comum dizer que algo est\u00e1 sendo editado em &#8220;Avid&#8221;, quando na realidade, Avid \u00e9 apenas o nome da empresa. Dentro da empresa existem v\u00e1rios softwares que possuem a mesmaContinue reading &rarr;","og_url":"https:\/\/proclass.com.br\/home\/2012\/11\/conheca-a-familia-avid-edicao-de-video\/","og_site_name":"PROCLASS","article_published_time":"2012-11-29T20:13:03+00:00","article_modified_time":"2012-12-07T13:47:11+00:00","og_image":[{"width":343,"height":93,"url":"https:\/\/proclass.com.br\/home\/wp-content\/uploads\/2012\/11\/luz-e-cena-logo.jpg","type":"image\/jpeg"}],"author":"ProClass Treinamentos","twitter_card":"summary_large_image","twitter_misc":{"Escrito por":"ProClass Treinamentos","Est. tempo de leitura":"4 minutos"},"schema":{"@context":"https:\/\/schema.org","@graph":[{"@type":"Article","@id":"https:\/\/proclass.com.br\/home\/2012\/11\/conheca-a-familia-avid-edicao-de-video\/#article","isPartOf":{"@id":"https:\/\/proclass.com.br\/home\/2012\/11\/conheca-a-familia-avid-edicao-de-video\/"},"author":{"name":"ProClass Treinamentos","@id":"https:\/\/proclass.com.br\/home\/#\/schema\/person\/f89e1eb93d5d32c0bb465c52f87f5a00"},"headline":"Conhe\u00e7a a Fam\u00edlia Avid &#8211; Edi\u00e7\u00e3o de v\u00eddeo","datePublished":"2012-11-29T20:13:03+00:00","dateModified":"2012-12-07T13:47:11+00:00","mainEntityOfPage":{"@id":"https:\/\/proclass.com.br\/home\/2012\/11\/conheca-a-familia-avid-edicao-de-video\/"},"wordCount":735,"commentCount":2,"publisher":{"@id":"https:\/\/proclass.com.br\/home\/#organization"},"image":{"@id":"https:\/\/proclass.com.br\/home\/2012\/11\/conheca-a-familia-avid-edicao-de-video\/#primaryimage"},"thumbnailUrl":"http:\/\/proclass.com.br\/home\/wp-content\/uploads\/2012\/11\/luz-e-cena-logo.jpg","keywords":["abertura","artigo","autom","clique aqui","codec","edicao","final cut","media composer","outras palavras","panasonic p2","produ\u00e7\u00e3o","revista luz","video","xdcam"],"articleSection":["Artigos","Dicas"],"inLanguage":"pt-BR","potentialAction":[{"@type":"CommentAction","name":"Comment","target":["https:\/\/proclass.com.br\/home\/2012\/11\/conheca-a-familia-avid-edicao-de-video\/#respond"]}]},{"@type":"WebPage","@id":"https:\/\/proclass.com.br\/home\/2012\/11\/conheca-a-familia-avid-edicao-de-video\/","url":"https:\/\/proclass.com.br\/home\/2012\/11\/conheca-a-familia-avid-edicao-de-video\/","name":"Conhe\u00e7a a Fam\u00edlia Avid - Edi\u00e7\u00e3o de v\u00eddeo - PROCLASS","isPartOf":{"@id":"https:\/\/proclass.com.br\/home\/#website"},"primaryImageOfPage":{"@id":"https:\/\/proclass.com.br\/home\/2012\/11\/conheca-a-familia-avid-edicao-de-video\/#primaryimage"},"image":{"@id":"https:\/\/proclass.com.br\/home\/2012\/11\/conheca-a-familia-avid-edicao-de-video\/#primaryimage"},"thumbnailUrl":"http:\/\/proclass.com.br\/home\/wp-content\/uploads\/2012\/11\/luz-e-cena-logo.jpg","datePublished":"2012-11-29T20:13:03+00:00","dateModified":"2012-12-07T13:47:11+00:00","breadcrumb":{"@id":"https:\/\/proclass.com.br\/home\/2012\/11\/conheca-a-familia-avid-edicao-de-video\/#breadcrumb"},"inLanguage":"pt-BR","potentialAction":[{"@type":"ReadAction","target":["https:\/\/proclass.com.br\/home\/2012\/11\/conheca-a-familia-avid-edicao-de-video\/"]}]},{"@type":"ImageObject","inLanguage":"pt-BR","@id":"https:\/\/proclass.com.br\/home\/2012\/11\/conheca-a-familia-avid-edicao-de-video\/#primaryimage","url":"https:\/\/proclass.com.br\/home\/wp-content\/uploads\/2012\/11\/luz-e-cena-logo.jpg","contentUrl":"https:\/\/proclass.com.br\/home\/wp-content\/uploads\/2012\/11\/luz-e-cena-logo.jpg","width":"343","height":"93"},{"@type":"BreadcrumbList","@id":"https:\/\/proclass.com.br\/home\/2012\/11\/conheca-a-familia-avid-edicao-de-video\/#breadcrumb","itemListElement":[{"@type":"ListItem","position":1,"name":"In\u00edcio","item":"https:\/\/proclass.com.br\/home\/"},{"@type":"ListItem","position":2,"name":"Conhe\u00e7a a Fam\u00edlia Avid &#8211; Edi\u00e7\u00e3o de v\u00eddeo"}]},{"@type":"WebSite","@id":"https:\/\/proclass.com.br\/home\/#website","url":"https:\/\/proclass.com.br\/home\/","name":"PROCLASS","description":"CURSOS E TREINAMENTOS","publisher":{"@id":"https:\/\/proclass.com.br\/home\/#organization"},"potentialAction":[{"@type":"SearchAction","target":{"@type":"EntryPoint","urlTemplate":"https:\/\/proclass.com.br\/home\/?s={search_term_string}"},"query-input":{"@type":"PropertyValueSpecification","valueRequired":true,"valueName":"search_term_string"}}],"inLanguage":"pt-BR"},{"@type":"Organization","@id":"https:\/\/proclass.com.br\/home\/#organization","name":"PROCLASS","url":"https:\/\/proclass.com.br\/home\/","logo":{"@type":"ImageObject","inLanguage":"pt-BR","@id":"https:\/\/proclass.com.br\/home\/#\/schema\/logo\/image\/","url":"https:\/\/proclass.com.br\/home\/wp-content\/uploads\/2023\/06\/CABECALHO-black_PROCLASS-2023.png","contentUrl":"https:\/\/proclass.com.br\/home\/wp-content\/uploads\/2023\/06\/CABECALHO-black_PROCLASS-2023.png","width":2563,"height":911,"caption":"PROCLASS"},"image":{"@id":"https:\/\/proclass.com.br\/home\/#\/schema\/logo\/image\/"}},{"@type":"Person","@id":"https:\/\/proclass.com.br\/home\/#\/schema\/person\/f89e1eb93d5d32c0bb465c52f87f5a00","name":"ProClass Treinamentos","image":{"@type":"ImageObject","inLanguage":"pt-BR","@id":"https:\/\/proclass.com.br\/home\/#\/schema\/person\/image\/","url":"https:\/\/secure.gravatar.com\/avatar\/3878d7a575c7ac355d2c778d5de04af08b7c5a7d9f19b2889f26cc7d80a6a832?s=96&d=blank&r=g","contentUrl":"https:\/\/secure.gravatar.com\/avatar\/3878d7a575c7ac355d2c778d5de04af08b7c5a7d9f19b2889f26cc7d80a6a832?s=96&d=blank&r=g","caption":"ProClass Treinamentos"},"url":"https:\/\/proclass.com.br\/home\/author\/proclass\/"}]}},"_links":{"self":[{"href":"https:\/\/proclass.com.br\/home\/wp-json\/wp\/v2\/posts\/2267","targetHints":{"allow":["GET"]}}],"collection":[{"href":"https:\/\/proclass.com.br\/home\/wp-json\/wp\/v2\/posts"}],"about":[{"href":"https:\/\/proclass.com.br\/home\/wp-json\/wp\/v2\/types\/post"}],"author":[{"embeddable":true,"href":"https:\/\/proclass.com.br\/home\/wp-json\/wp\/v2\/users\/4"}],"replies":[{"embeddable":true,"href":"https:\/\/proclass.com.br\/home\/wp-json\/wp\/v2\/comments?post=2267"}],"version-history":[{"count":0,"href":"https:\/\/proclass.com.br\/home\/wp-json\/wp\/v2\/posts\/2267\/revisions"}],"wp:attachment":[{"href":"https:\/\/proclass.com.br\/home\/wp-json\/wp\/v2\/media?parent=2267"}],"wp:term":[{"taxonomy":"category","embeddable":true,"href":"https:\/\/proclass.com.br\/home\/wp-json\/wp\/v2\/categories?post=2267"},{"taxonomy":"post_tag","embeddable":true,"href":"https:\/\/proclass.com.br\/home\/wp-json\/wp\/v2\/tags?post=2267"}],"curies":[{"name":"wp","href":"https:\/\/api.w.org\/{rel}","templated":true}]}}