{"id":21274,"date":"2022-06-13T16:14:30","date_gmt":"2022-06-13T19:14:30","guid":{"rendered":"https:\/\/proclass.com.br\/home\/?p=21274"},"modified":"2022-06-13T16:15:38","modified_gmt":"2022-06-13T19:15:38","slug":"essentialresourcenotavailableerror-ao-iniciar-media-composer-2022-4","status":"publish","type":"post","link":"https:\/\/proclass.com.br\/home\/2022\/06\/essentialresourcenotavailableerror-ao-iniciar-media-composer-2022-4\/","title":{"rendered":"EssentialResourceNotAvailableError ao iniciar Media Composer 2022.4"},"content":{"rendered":"<p>EssentialResourceNotAvailableError when Launching Media Composer 2022.4<br \/>\nHow to fix error message EssentialResourceNotAvailableError when launching Media Composer 2022.4.<\/p>\n<hr \/>\n<p>Ao tentar abrir o Media Composer 2022.4 voc\u00ea receber este erro\u00a0<strong>EssentialResourceNotAvailableError<\/strong> enquanto est\u00e1 carregando os itens\u00a0&#8220;Reloading plugin:OpenIO_VirtIO.acf&#8221; ou &#8220;Reloading plugin:ACFSting.avx&#8221;<\/p>\n<p><a href=\"https:\/\/proclass.com.br\/home\/wp-content\/uploads\/2022\/06\/rtaImage.jpeg\"><img fetchpriority=\"high\" decoding=\"async\" class=\"alignnone size-full wp-image-21275\" src=\"https:\/\/proclass.com.br\/home\/wp-content\/uploads\/2022\/06\/rtaImage.jpeg\" alt=\"\" width=\"710\" height=\"504\" srcset=\"https:\/\/proclass.com.br\/home\/wp-content\/uploads\/2022\/06\/rtaImage.jpeg 710w, https:\/\/proclass.com.br\/home\/wp-content\/uploads\/2022\/06\/rtaImage-300x213.jpeg 300w\" sizes=\"(max-width: 710px) 100vw, 710px\" \/><\/a><\/p>\n<h2>Qual o problema?<\/h2>\n<p>Provavelmente voc\u00ea tem um arquivo de configura\u00e7\u00e3o corrompido.<\/p>\n<h2>Como Corrigir?<\/h2>\n<p>Feche o Media Composer<\/p>\n<p><a href=\"https:\/\/avid.secure.force.com\/pkb\/servlet\/fileField?retURL=%2Fpkb%2Farticles%2Fen_US%2FError_Message%2FEssentialResourceNotAvailableError-Launching-Media-Composer-2022-4&amp;entityId=ka36e000000kHAvAAM&amp;field=Attachment_1__Body__s\">Fa\u00e7a o Download do arquivo OpenIO_NDI_settings.xml a partir deste link.<\/a><\/p>\n<p>Feito o download, acesse a seguinte pasta, onde fica o arquivo original:<\/p>\n<hr \/>\n<p><strong>Mac:<\/strong><br \/>\n(primeiro, voc\u00ea precisa apresentar as pastas ocultas do Mac. Para isso, pressione Command+Shift+. (ponto final).<br \/>\n\/Users\/&lt;seu usu\u00e1rio&gt;\/Library\/Application Support\/Avid\/OpenIO\/OpenIO_NDI_settings.xml<\/p>\n<p><a href=\"https:\/\/proclass.com.br\/home\/wp-content\/uploads\/2022\/06\/rtaImage.png\"><img decoding=\"async\" class=\"alignnone size-full wp-image-21276\" src=\"https:\/\/proclass.com.br\/home\/wp-content\/uploads\/2022\/06\/rtaImage.png\" alt=\"\" width=\"1600\" height=\"336\" srcset=\"https:\/\/proclass.com.br\/home\/wp-content\/uploads\/2022\/06\/rtaImage.png 1600w, https:\/\/proclass.com.br\/home\/wp-content\/uploads\/2022\/06\/rtaImage-300x63.png 300w, https:\/\/proclass.com.br\/home\/wp-content\/uploads\/2022\/06\/rtaImage-768x161.png 768w, https:\/\/proclass.com.br\/home\/wp-content\/uploads\/2022\/06\/rtaImage-1024x215.png 1024w\" sizes=\"(max-width: 1600px) 100vw, 1600px\" \/><\/a><\/p>\n<p>Encontrou? Ent\u00e3o agora basta copiar o arquivo OpenIO_NDI_settings.xml que voc\u00ea baixou e colar nesta pasta, substituindo o arquivo existente<\/p>\n<p>Recomendo voltar a esconder as pastas ocultas novamente, pressionando Command+Shift+. (ponto final) mais uma vez.<\/p>\n<p>Pronto. Basta reiniciar o Media Composer.<\/p>\n<hr \/>\n<p><strong>PC:<\/strong><br \/>\nPressione Windows+R, e copie\/cole este caminho na caixa de digita\u00e7\u00e3o, depois pressione OK.<\/p>\n<p>%USERPROFILE%\\AppData\\Local\\Avid\\OpenIO<\/p>\n<p><a href=\"https:\/\/proclass.com.br\/home\/wp-content\/uploads\/2022\/06\/rtaImage-2.png\"><img decoding=\"async\" class=\"alignnone size-full wp-image-21277\" src=\"https:\/\/proclass.com.br\/home\/wp-content\/uploads\/2022\/06\/rtaImage-2.png\" alt=\"\" width=\"399\" height=\"206\" srcset=\"https:\/\/proclass.com.br\/home\/wp-content\/uploads\/2022\/06\/rtaImage-2.png 399w, https:\/\/proclass.com.br\/home\/wp-content\/uploads\/2022\/06\/rtaImage-2-300x155.png 300w\" sizes=\"(max-width: 399px) 100vw, 399px\" \/><\/a><\/p>\n<p>Uma janela do Windows Explorer vai se abrir no caminho exato.<\/p>\n<p><a href=\"https:\/\/proclass.com.br\/home\/wp-content\/uploads\/2022\/06\/rtaImage-4.png\"><img loading=\"lazy\" decoding=\"async\" class=\"alignnone size-full wp-image-21278\" src=\"https:\/\/proclass.com.br\/home\/wp-content\/uploads\/2022\/06\/rtaImage-4.png\" alt=\"\" width=\"761\" height=\"335\" srcset=\"https:\/\/proclass.com.br\/home\/wp-content\/uploads\/2022\/06\/rtaImage-4.png 761w, https:\/\/proclass.com.br\/home\/wp-content\/uploads\/2022\/06\/rtaImage-4-300x132.png 300w\" sizes=\"(max-width: 761px) 100vw, 761px\" \/><\/a><\/p>\n<p>Encontrou? Ent\u00e3o agora basta copiar o arquivo OpenIO_NDI_settings.xml que voc\u00ea baixou e colar nesta pasta, substituindo o arquivo existente<\/p>\n<p>Pronto. Basta reiniciar o Media Composer.<\/p>\n<p><strong>Artigo original:<\/strong><\/p>\n<p>https:\/\/avid.secure.force.com\/pkb\/articles\/en_US\/Error_Message\/EssentialResourceNotAvailableError-Launching-Media-Composer-2022-4<\/p>\n","protected":false},"excerpt":{"rendered":"<p>EssentialResourceNotAvailableError when Launching Media Composer 2022.4 How to fix error message EssentialResourceNotAvailableError when launching Media Composer 2022.4. Ao tentar abrir o Media Composer 2022.4 voc\u00ea receber este erro\u00a0EssentialResourceNotAvailableError enquanto est\u00e1 carregando os itens\u00a0&#8220;Reloading plugin:OpenIO_VirtIO.acf&#8221; ou &#8220;Reloading plugin:ACFSting.avx&#8221; Qual o problema? Provavelmente voc\u00ea tem um arquivo de configura\u00e7\u00e3o corrompido. Como Corrigir? Feche o Media Composer Fa\u00e7aContinue reading &rarr;<\/p>\n","protected":false},"author":4,"featured_media":0,"comment_status":"closed","ping_status":"closed","sticky":false,"template":"","format":"standard","meta":{"footnotes":""},"categories":[17,797,11],"tags":[],"class_list":["post-21274","post","type-post","status-publish","format-standard","hentry","category-artigos","category-avid-media-composer-2","category-dicas","no-thumb"],"yoast_head":"<!-- This site is optimized with the Yoast SEO plugin v26.9 - https:\/\/yoast.com\/product\/yoast-seo-wordpress\/ -->\n<title>EssentialResourceNotAvailableError ao iniciar Media Composer 2022.4 - PROCLASS<\/title>\n<meta name=\"robots\" content=\"index, follow, max-snippet:-1, max-image-preview:large, max-video-preview:-1\" \/>\n<link rel=\"canonical\" href=\"https:\/\/proclass.com.br\/home\/2022\/06\/essentialresourcenotavailableerror-ao-iniciar-media-composer-2022-4\/\" \/>\n<meta property=\"og:locale\" content=\"pt_BR\" \/>\n<meta property=\"og:type\" content=\"article\" \/>\n<meta property=\"og:title\" content=\"EssentialResourceNotAvailableError ao iniciar Media Composer 2022.4 - PROCLASS\" \/>\n<meta property=\"og:description\" content=\"EssentialResourceNotAvailableError when Launching Media Composer 2022.4 How to fix error message EssentialResourceNotAvailableError when launching Media Composer 2022.4. Ao tentar abrir o Media Composer 2022.4 voc\u00ea receber este erro\u00a0EssentialResourceNotAvailableError enquanto est\u00e1 carregando os itens\u00a0&#8220;Reloading plugin:OpenIO_VirtIO.acf&#8221; ou &#8220;Reloading plugin:ACFSting.avx&#8221; Qual o problema? Provavelmente voc\u00ea tem um arquivo de configura\u00e7\u00e3o corrompido. Como Corrigir? Feche o Media Composer Fa\u00e7aContinue reading &rarr;\" \/>\n<meta property=\"og:url\" content=\"https:\/\/proclass.com.br\/home\/2022\/06\/essentialresourcenotavailableerror-ao-iniciar-media-composer-2022-4\/\" \/>\n<meta property=\"og:site_name\" content=\"PROCLASS\" \/>\n<meta property=\"article:published_time\" content=\"2022-06-13T19:14:30+00:00\" \/>\n<meta property=\"article:modified_time\" content=\"2022-06-13T19:15:38+00:00\" \/>\n<meta property=\"og:image\" content=\"https:\/\/proclass.com.br\/home\/wp-content\/uploads\/2022\/06\/rtaImage.jpeg\" \/>\n\t<meta property=\"og:image:width\" content=\"710\" \/>\n\t<meta property=\"og:image:height\" content=\"504\" \/>\n\t<meta property=\"og:image:type\" content=\"image\/jpeg\" \/>\n<meta name=\"author\" content=\"ProClass Treinamentos\" \/>\n<meta name=\"twitter:card\" content=\"summary_large_image\" \/>\n<meta name=\"twitter:label1\" content=\"Escrito por\" \/>\n\t<meta name=\"twitter:data1\" content=\"ProClass Treinamentos\" \/>\n\t<meta name=\"twitter:label2\" content=\"Est. tempo de leitura\" \/>\n\t<meta name=\"twitter:data2\" content=\"1 minuto\" \/>\n<script type=\"application\/ld+json\" class=\"yoast-schema-graph\">{\"@context\":\"https:\/\/schema.org\",\"@graph\":[{\"@type\":\"Article\",\"@id\":\"https:\/\/proclass.com.br\/home\/2022\/06\/essentialresourcenotavailableerror-ao-iniciar-media-composer-2022-4\/#article\",\"isPartOf\":{\"@id\":\"https:\/\/proclass.com.br\/home\/2022\/06\/essentialresourcenotavailableerror-ao-iniciar-media-composer-2022-4\/\"},\"author\":{\"name\":\"ProClass Treinamentos\",\"@id\":\"https:\/\/proclass.com.br\/home\/#\/schema\/person\/f89e1eb93d5d32c0bb465c52f87f5a00\"},\"headline\":\"EssentialResourceNotAvailableError ao iniciar Media Composer 2022.4\",\"datePublished\":\"2022-06-13T19:14:30+00:00\",\"dateModified\":\"2022-06-13T19:15:38+00:00\",\"mainEntityOfPage\":{\"@id\":\"https:\/\/proclass.com.br\/home\/2022\/06\/essentialresourcenotavailableerror-ao-iniciar-media-composer-2022-4\/\"},\"wordCount\":244,\"publisher\":{\"@id\":\"https:\/\/proclass.com.br\/home\/#organization\"},\"image\":{\"@id\":\"https:\/\/proclass.com.br\/home\/2022\/06\/essentialresourcenotavailableerror-ao-iniciar-media-composer-2022-4\/#primaryimage\"},\"thumbnailUrl\":\"https:\/\/proclass.com.br\/home\/wp-content\/uploads\/2022\/06\/rtaImage.jpeg\",\"articleSection\":[\"Artigos\",\"Avid Media Composer\",\"Dicas\"],\"inLanguage\":\"pt-BR\"},{\"@type\":\"WebPage\",\"@id\":\"https:\/\/proclass.com.br\/home\/2022\/06\/essentialresourcenotavailableerror-ao-iniciar-media-composer-2022-4\/\",\"url\":\"https:\/\/proclass.com.br\/home\/2022\/06\/essentialresourcenotavailableerror-ao-iniciar-media-composer-2022-4\/\",\"name\":\"EssentialResourceNotAvailableError ao iniciar Media Composer 2022.4 - PROCLASS\",\"isPartOf\":{\"@id\":\"https:\/\/proclass.com.br\/home\/#website\"},\"primaryImageOfPage\":{\"@id\":\"https:\/\/proclass.com.br\/home\/2022\/06\/essentialresourcenotavailableerror-ao-iniciar-media-composer-2022-4\/#primaryimage\"},\"image\":{\"@id\":\"https:\/\/proclass.com.br\/home\/2022\/06\/essentialresourcenotavailableerror-ao-iniciar-media-composer-2022-4\/#primaryimage\"},\"thumbnailUrl\":\"https:\/\/proclass.com.br\/home\/wp-content\/uploads\/2022\/06\/rtaImage.jpeg\",\"datePublished\":\"2022-06-13T19:14:30+00:00\",\"dateModified\":\"2022-06-13T19:15:38+00:00\",\"breadcrumb\":{\"@id\":\"https:\/\/proclass.com.br\/home\/2022\/06\/essentialresourcenotavailableerror-ao-iniciar-media-composer-2022-4\/#breadcrumb\"},\"inLanguage\":\"pt-BR\",\"potentialAction\":[{\"@type\":\"ReadAction\",\"target\":[\"https:\/\/proclass.com.br\/home\/2022\/06\/essentialresourcenotavailableerror-ao-iniciar-media-composer-2022-4\/\"]}]},{\"@type\":\"ImageObject\",\"inLanguage\":\"pt-BR\",\"@id\":\"https:\/\/proclass.com.br\/home\/2022\/06\/essentialresourcenotavailableerror-ao-iniciar-media-composer-2022-4\/#primaryimage\",\"url\":\"https:\/\/proclass.com.br\/home\/wp-content\/uploads\/2022\/06\/rtaImage.jpeg\",\"contentUrl\":\"https:\/\/proclass.com.br\/home\/wp-content\/uploads\/2022\/06\/rtaImage.jpeg\"},{\"@type\":\"BreadcrumbList\",\"@id\":\"https:\/\/proclass.com.br\/home\/2022\/06\/essentialresourcenotavailableerror-ao-iniciar-media-composer-2022-4\/#breadcrumb\",\"itemListElement\":[{\"@type\":\"ListItem\",\"position\":1,\"name\":\"In\u00edcio\",\"item\":\"https:\/\/proclass.com.br\/home\/\"},{\"@type\":\"ListItem\",\"position\":2,\"name\":\"EssentialResourceNotAvailableError ao iniciar Media Composer 2022.4\"}]},{\"@type\":\"WebSite\",\"@id\":\"https:\/\/proclass.com.br\/home\/#website\",\"url\":\"https:\/\/proclass.com.br\/home\/\",\"name\":\"PROCLASS\",\"description\":\"CURSOS E TREINAMENTOS\",\"publisher\":{\"@id\":\"https:\/\/proclass.com.br\/home\/#organization\"},\"potentialAction\":[{\"@type\":\"SearchAction\",\"target\":{\"@type\":\"EntryPoint\",\"urlTemplate\":\"https:\/\/proclass.com.br\/home\/?s={search_term_string}\"},\"query-input\":{\"@type\":\"PropertyValueSpecification\",\"valueRequired\":true,\"valueName\":\"search_term_string\"}}],\"inLanguage\":\"pt-BR\"},{\"@type\":\"Organization\",\"@id\":\"https:\/\/proclass.com.br\/home\/#organization\",\"name\":\"PROCLASS\",\"url\":\"https:\/\/proclass.com.br\/home\/\",\"logo\":{\"@type\":\"ImageObject\",\"inLanguage\":\"pt-BR\",\"@id\":\"https:\/\/proclass.com.br\/home\/#\/schema\/logo\/image\/\",\"url\":\"https:\/\/proclass.com.br\/home\/wp-content\/uploads\/2023\/06\/CABECALHO-black_PROCLASS-2023.png\",\"contentUrl\":\"https:\/\/proclass.com.br\/home\/wp-content\/uploads\/2023\/06\/CABECALHO-black_PROCLASS-2023.png\",\"width\":2563,\"height\":911,\"caption\":\"PROCLASS\"},\"image\":{\"@id\":\"https:\/\/proclass.com.br\/home\/#\/schema\/logo\/image\/\"}},{\"@type\":\"Person\",\"@id\":\"https:\/\/proclass.com.br\/home\/#\/schema\/person\/f89e1eb93d5d32c0bb465c52f87f5a00\",\"name\":\"ProClass Treinamentos\",\"image\":{\"@type\":\"ImageObject\",\"inLanguage\":\"pt-BR\",\"@id\":\"https:\/\/proclass.com.br\/home\/#\/schema\/person\/image\/\",\"url\":\"https:\/\/secure.gravatar.com\/avatar\/3878d7a575c7ac355d2c778d5de04af08b7c5a7d9f19b2889f26cc7d80a6a832?s=96&d=blank&r=g\",\"contentUrl\":\"https:\/\/secure.gravatar.com\/avatar\/3878d7a575c7ac355d2c778d5de04af08b7c5a7d9f19b2889f26cc7d80a6a832?s=96&d=blank&r=g\",\"caption\":\"ProClass Treinamentos\"},\"url\":\"https:\/\/proclass.com.br\/home\/author\/proclass\/\"}]}<\/script>\n<!-- \/ Yoast SEO plugin. -->","yoast_head_json":{"title":"EssentialResourceNotAvailableError ao iniciar Media Composer 2022.4 - PROCLASS","robots":{"index":"index","follow":"follow","max-snippet":"max-snippet:-1","max-image-preview":"max-image-preview:large","max-video-preview":"max-video-preview:-1"},"canonical":"https:\/\/proclass.com.br\/home\/2022\/06\/essentialresourcenotavailableerror-ao-iniciar-media-composer-2022-4\/","og_locale":"pt_BR","og_type":"article","og_title":"EssentialResourceNotAvailableError ao iniciar Media Composer 2022.4 - PROCLASS","og_description":"EssentialResourceNotAvailableError when Launching Media Composer 2022.4 How to fix error message EssentialResourceNotAvailableError when launching Media Composer 2022.4. Ao tentar abrir o Media Composer 2022.4 voc\u00ea receber este erro\u00a0EssentialResourceNotAvailableError enquanto est\u00e1 carregando os itens\u00a0&#8220;Reloading plugin:OpenIO_VirtIO.acf&#8221; ou &#8220;Reloading plugin:ACFSting.avx&#8221; Qual o problema? Provavelmente voc\u00ea tem um arquivo de configura\u00e7\u00e3o corrompido. Como Corrigir? Feche o Media Composer Fa\u00e7aContinue reading &rarr;","og_url":"https:\/\/proclass.com.br\/home\/2022\/06\/essentialresourcenotavailableerror-ao-iniciar-media-composer-2022-4\/","og_site_name":"PROCLASS","article_published_time":"2022-06-13T19:14:30+00:00","article_modified_time":"2022-06-13T19:15:38+00:00","og_image":[{"width":710,"height":504,"url":"https:\/\/proclass.com.br\/home\/wp-content\/uploads\/2022\/06\/rtaImage.jpeg","type":"image\/jpeg"}],"author":"ProClass Treinamentos","twitter_card":"summary_large_image","twitter_misc":{"Escrito por":"ProClass Treinamentos","Est. tempo de leitura":"1 minuto"},"schema":{"@context":"https:\/\/schema.org","@graph":[{"@type":"Article","@id":"https:\/\/proclass.com.br\/home\/2022\/06\/essentialresourcenotavailableerror-ao-iniciar-media-composer-2022-4\/#article","isPartOf":{"@id":"https:\/\/proclass.com.br\/home\/2022\/06\/essentialresourcenotavailableerror-ao-iniciar-media-composer-2022-4\/"},"author":{"name":"ProClass Treinamentos","@id":"https:\/\/proclass.com.br\/home\/#\/schema\/person\/f89e1eb93d5d32c0bb465c52f87f5a00"},"headline":"EssentialResourceNotAvailableError ao iniciar Media Composer 2022.4","datePublished":"2022-06-13T19:14:30+00:00","dateModified":"2022-06-13T19:15:38+00:00","mainEntityOfPage":{"@id":"https:\/\/proclass.com.br\/home\/2022\/06\/essentialresourcenotavailableerror-ao-iniciar-media-composer-2022-4\/"},"wordCount":244,"publisher":{"@id":"https:\/\/proclass.com.br\/home\/#organization"},"image":{"@id":"https:\/\/proclass.com.br\/home\/2022\/06\/essentialresourcenotavailableerror-ao-iniciar-media-composer-2022-4\/#primaryimage"},"thumbnailUrl":"https:\/\/proclass.com.br\/home\/wp-content\/uploads\/2022\/06\/rtaImage.jpeg","articleSection":["Artigos","Avid Media Composer","Dicas"],"inLanguage":"pt-BR"},{"@type":"WebPage","@id":"https:\/\/proclass.com.br\/home\/2022\/06\/essentialresourcenotavailableerror-ao-iniciar-media-composer-2022-4\/","url":"https:\/\/proclass.com.br\/home\/2022\/06\/essentialresourcenotavailableerror-ao-iniciar-media-composer-2022-4\/","name":"EssentialResourceNotAvailableError ao iniciar Media Composer 2022.4 - PROCLASS","isPartOf":{"@id":"https:\/\/proclass.com.br\/home\/#website"},"primaryImageOfPage":{"@id":"https:\/\/proclass.com.br\/home\/2022\/06\/essentialresourcenotavailableerror-ao-iniciar-media-composer-2022-4\/#primaryimage"},"image":{"@id":"https:\/\/proclass.com.br\/home\/2022\/06\/essentialresourcenotavailableerror-ao-iniciar-media-composer-2022-4\/#primaryimage"},"thumbnailUrl":"https:\/\/proclass.com.br\/home\/wp-content\/uploads\/2022\/06\/rtaImage.jpeg","datePublished":"2022-06-13T19:14:30+00:00","dateModified":"2022-06-13T19:15:38+00:00","breadcrumb":{"@id":"https:\/\/proclass.com.br\/home\/2022\/06\/essentialresourcenotavailableerror-ao-iniciar-media-composer-2022-4\/#breadcrumb"},"inLanguage":"pt-BR","potentialAction":[{"@type":"ReadAction","target":["https:\/\/proclass.com.br\/home\/2022\/06\/essentialresourcenotavailableerror-ao-iniciar-media-composer-2022-4\/"]}]},{"@type":"ImageObject","inLanguage":"pt-BR","@id":"https:\/\/proclass.com.br\/home\/2022\/06\/essentialresourcenotavailableerror-ao-iniciar-media-composer-2022-4\/#primaryimage","url":"https:\/\/proclass.com.br\/home\/wp-content\/uploads\/2022\/06\/rtaImage.jpeg","contentUrl":"https:\/\/proclass.com.br\/home\/wp-content\/uploads\/2022\/06\/rtaImage.jpeg"},{"@type":"BreadcrumbList","@id":"https:\/\/proclass.com.br\/home\/2022\/06\/essentialresourcenotavailableerror-ao-iniciar-media-composer-2022-4\/#breadcrumb","itemListElement":[{"@type":"ListItem","position":1,"name":"In\u00edcio","item":"https:\/\/proclass.com.br\/home\/"},{"@type":"ListItem","position":2,"name":"EssentialResourceNotAvailableError ao iniciar Media Composer 2022.4"}]},{"@type":"WebSite","@id":"https:\/\/proclass.com.br\/home\/#website","url":"https:\/\/proclass.com.br\/home\/","name":"PROCLASS","description":"CURSOS E TREINAMENTOS","publisher":{"@id":"https:\/\/proclass.com.br\/home\/#organization"},"potentialAction":[{"@type":"SearchAction","target":{"@type":"EntryPoint","urlTemplate":"https:\/\/proclass.com.br\/home\/?s={search_term_string}"},"query-input":{"@type":"PropertyValueSpecification","valueRequired":true,"valueName":"search_term_string"}}],"inLanguage":"pt-BR"},{"@type":"Organization","@id":"https:\/\/proclass.com.br\/home\/#organization","name":"PROCLASS","url":"https:\/\/proclass.com.br\/home\/","logo":{"@type":"ImageObject","inLanguage":"pt-BR","@id":"https:\/\/proclass.com.br\/home\/#\/schema\/logo\/image\/","url":"https:\/\/proclass.com.br\/home\/wp-content\/uploads\/2023\/06\/CABECALHO-black_PROCLASS-2023.png","contentUrl":"https:\/\/proclass.com.br\/home\/wp-content\/uploads\/2023\/06\/CABECALHO-black_PROCLASS-2023.png","width":2563,"height":911,"caption":"PROCLASS"},"image":{"@id":"https:\/\/proclass.com.br\/home\/#\/schema\/logo\/image\/"}},{"@type":"Person","@id":"https:\/\/proclass.com.br\/home\/#\/schema\/person\/f89e1eb93d5d32c0bb465c52f87f5a00","name":"ProClass Treinamentos","image":{"@type":"ImageObject","inLanguage":"pt-BR","@id":"https:\/\/proclass.com.br\/home\/#\/schema\/person\/image\/","url":"https:\/\/secure.gravatar.com\/avatar\/3878d7a575c7ac355d2c778d5de04af08b7c5a7d9f19b2889f26cc7d80a6a832?s=96&d=blank&r=g","contentUrl":"https:\/\/secure.gravatar.com\/avatar\/3878d7a575c7ac355d2c778d5de04af08b7c5a7d9f19b2889f26cc7d80a6a832?s=96&d=blank&r=g","caption":"ProClass Treinamentos"},"url":"https:\/\/proclass.com.br\/home\/author\/proclass\/"}]}},"_links":{"self":[{"href":"https:\/\/proclass.com.br\/home\/wp-json\/wp\/v2\/posts\/21274","targetHints":{"allow":["GET"]}}],"collection":[{"href":"https:\/\/proclass.com.br\/home\/wp-json\/wp\/v2\/posts"}],"about":[{"href":"https:\/\/proclass.com.br\/home\/wp-json\/wp\/v2\/types\/post"}],"author":[{"embeddable":true,"href":"https:\/\/proclass.com.br\/home\/wp-json\/wp\/v2\/users\/4"}],"replies":[{"embeddable":true,"href":"https:\/\/proclass.com.br\/home\/wp-json\/wp\/v2\/comments?post=21274"}],"version-history":[{"count":0,"href":"https:\/\/proclass.com.br\/home\/wp-json\/wp\/v2\/posts\/21274\/revisions"}],"wp:attachment":[{"href":"https:\/\/proclass.com.br\/home\/wp-json\/wp\/v2\/media?parent=21274"}],"wp:term":[{"taxonomy":"category","embeddable":true,"href":"https:\/\/proclass.com.br\/home\/wp-json\/wp\/v2\/categories?post=21274"},{"taxonomy":"post_tag","embeddable":true,"href":"https:\/\/proclass.com.br\/home\/wp-json\/wp\/v2\/tags?post=21274"}],"curies":[{"name":"wp","href":"https:\/\/api.w.org\/{rel}","templated":true}]}}