{"id":2060,"date":"2012-10-09T11:10:06","date_gmt":"2012-10-09T14:10:06","guid":{"rendered":"http:\/\/proclass.com.br\/home\/?p=2060"},"modified":"2013-12-26T16:47:52","modified_gmt":"2013-12-26T19:47:52","slug":"proclass-e-homologada-apple-authorized-training-center","status":"publish","type":"post","link":"https:\/\/proclass.com.br\/home\/2012\/10\/proclass-e-homologada-apple-authorized-training-center\/","title":{"rendered":"ProClass \u00e9 homologada Apple Authorized Training Center"},"content":{"rendered":"<h4 style=\"text-align: justify;\"><strong>Com instrutores com experi\u00eancia nos EUA e Europa, cursos e exames de certifica\u00e7\u00e3o podem ser realizados na sede no Rio de Janeiro ou em treinamentos on-site para empresas.<\/strong><\/h4>\n<p style=\"text-align: justify;\">A partir de outubro de 2012, os cursos da <strong>ProClass<\/strong> voltados para produtos <strong>Apple<\/strong> est\u00e3o oficialmente licenciados pelo fabricante e o centro de treinamentos recebe a homologa\u00e7\u00e3o como\u00a0<strong>AATC (<em>Apple Authorized Training Center<\/em>)<\/strong>. Isso significa um comprometimento ainda maior da ProClass em oferecer um treinamento alinhado com as premissas da Apple, que incluem uma sala de aula adequada, <em>softwares<\/em> sempre atualizados e instrutores treinados e aprovados pela pr\u00f3pria Apple Inc. com o intuito de atender \u00e0s expectativas do mercado de trabalho e dos estudantes. Com o objetivo de promover a qualifica\u00e7\u00e3o, capacita\u00e7\u00e3o e dar recursos para que tanto os entrantes do mercado de trabalho quanto os profissionais mais experientes se mantenham tecnologicamente atualizados, a ProClass oferece mais essas certifica\u00e7\u00f5es de valor agregado para seus alunos e clientes corporativos.<!--more--><\/p>\n<p style=\"text-align: justify;\"><img decoding=\"async\" src=\"http:\/\/proclass.com.br\/home\/wp-content\/uploads\/2012\/09\/AATC_logo_2_330.jpg\" alt=\"aatc\" width=\"330\" height=\"128\" \/><\/p>\n<p style=\"text-align: justify;\">No que diz respeito \u00e0 \u00e1rea <strong>audiovisual<\/strong>, a <strong>ProClass<\/strong> passa a oferecer de<strong> forma in\u00e9dita no Brasil<\/strong>\u00a0no mesmo local as certifica\u00e7\u00f5es <strong>Avid<\/strong> e <strong>Apple<\/strong> e, consequentemente, cursos oficiais em produtos como Pro Tools, Media Composer, Sibelius, Final Cut Pro X, Logic Pro, Motion, Aperture e iWork. Simplesmente, os softwares mais usados no mundo em \u00e1udio digital e edi\u00e7\u00e3o n\u00e3o-linear de v\u00eddeo. <strong>As maiores empresas de tecnologia de \u00e1udio e v\u00eddeo confiam e elegem a ProClass como centro de treinamentos autorizado para suas solu\u00e7\u00f5es no Brasil.\u00a0<\/strong><\/p>\n<p style=\"text-align: center;\"><img decoding=\"async\" class=\"aligncenter\" src=\"http:\/\/proclass.com.br\/home\/wp-content\/uploads\/2012\/10\/appletopcursos.png\" alt=\"appleAV\" width=\"275\" height=\"96\" \/><\/p>\n<blockquote>\n<p style=\"text-align: justify;\">&#8220;\u00c9 uma grande vit\u00f3ria para os estudantes e profissionais do mercado audiovisual brasileiro e nos orgulhamos de fazer parte disso. H\u00e1 oito anos, a Avid nos confiou a miss\u00e3o de fornecer os cursos oficiais da empresa no Brasil. Na \u00e9poca, devido ao ineditismo do formato, houve at\u00e9 certa d\u00favida sobre como empresas e profissionais lidariam com certifica\u00e7\u00f5es oficiais em um mercado de trabalho regido por d\u00e9cadas pela informalidade na forma\u00e7\u00e3o. Hoje, com o amadurecimento do formato e a excelente receptividade de estudantes e empregadores, recebemos alunos de empresas, universidades, cursos de forma\u00e7\u00e3o t\u00e9cnica e individuais buscando n\u00e3o s\u00f3 uma certifica\u00e7\u00e3o em ferramentas essenciais para sua atua\u00e7\u00e3o, como tamb\u00e9m um curso de qualidade. Depois desses anos de experi\u00eancia, temos a certeza de que n\u00e3o apenas o modelo de certifica\u00e7\u00f5es, mas tamb\u00e9m a metodologia criada pela ProClass para implement\u00e1-lo, faz com que \u00a0sejamos procurados, felizmente, atendendo \u00e0s expectativas da grande maioria. Nesse sentido, ficamos felizes em passar a fornecer as certifica\u00e7\u00f5es oficiais Apple em nossos cursos e promover um debate mais amplo entre alunos, instrutores certificados, especialistas e profissionais sobre os meios de produ\u00e7\u00e3o pela via educacional e sempre inovando.\u201d<br \/>\n&#8211; <strong><a href=\"http:\/\/proclass.com.br\/home\/sobre-a-proclass\/colaboradores\/rodrigo-meirelles\/\" target=\"_blank\">Rodrigo Meirelles<\/a> &#8211; S\u00f3cio-diretor da ProClass.<\/strong><\/p>\n<p style=\"text-align: justify;\">\u201cNossa linha de pensamento \u00e9 que um aplicativo ou equipamento n\u00e3o \u00e9 bom ou ruim por si s\u00f3. Na realidade, ele \u00e9 bom ou ruim de acordo com a maneira com a qual ele se molda \u00e0s necessidades do usu\u00e1rio. Exatamente por isso, nosso processo de ensino-aprendizagem contempla diversas situa\u00e7\u00f5es e m\u00e9todos de trabalho em que cada aluno se identifca mais e agrega as experi\u00eancias vividas em sala de aula ou est\u00fadio ao seu dia a dia.\u201d<br \/>\n&#8211;\u00a0<strong><a href=\"http:\/\/proclass.com.br\/home\/sobre-a-proclass\/colaboradores\/leo-da-silva\/\" target=\"_blank\">Leo da Silva<\/a>\u00a0&#8211; Apple Master Trainer e coordenador dos cursos Apple na ProClass.<\/strong><\/p>\n<\/blockquote>\n<p style=\"text-align: justify;\">Como sempre enfatizamos, <strong>as certifica\u00e7\u00f5es s\u00e3o muito poderosas para agregar valor ao curr\u00edculo de um profissional<\/strong> e, na perspectiva do empregador ou contratante, \u00a0<strong>para representar a profici\u00eancia em determinada \u00e1rea do conhecimento<\/strong>. Todavia, n\u00e3o \u00e9 a proposta dos cursos de certifica\u00e7\u00e3o da ProClass substituir uma forma\u00e7\u00e3o acad\u00eamica. Tais cursos t\u00eam, por sua vez, o objetivo de oferecer uma <strong>capacita\u00e7\u00e3o t\u00e9cnica \u00e0queles que pretendem dominar ferramentas de trabalho com <em>expertise<\/em><\/strong> e <strong>atualiza\u00e7\u00e3o \u00e0queles que j\u00e1 trabalham com determinado sistema e precisam ter acesso constante \u00e0s novidades cada vez mais frequentes em seus aplicativos preferidos<\/strong>. Aprender a usar e desvendar os detalhes de um sistema de acordo com a <strong>perspectiva do desenvolvedor<\/strong> e sob a <strong>responsabilidade de uma equipe qualificada<\/strong> \u00e9 o servi\u00e7o que a <strong>ProClass<\/strong> oferece a todos os seus estudantes.<\/p>\n<h2 style=\"text-align: justify;\">Para al\u00e9m do Audiovisual.<\/h2>\n<p style=\"text-align: justify;\"><img fetchpriority=\"high\" decoding=\"async\" src=\"http:\/\/proclass.com.br\/home\/wp-content\/uploads\/2012\/10\/iwork.png\" alt=\"iwo\" width=\"551\" height=\"239\" \/><\/p>\n<p style=\"text-align: justify;\">Al\u00e9m dos <strong>Pro Apps<\/strong> orientados para a \u00e1rea audiovisual, <strong>os aplicativos\u00a0de produtividade<\/strong> da Apple tamb\u00e9m fazem parte dos cursos da <strong>ProClass<\/strong>. A suite \u00a0<strong>iWork<\/strong>, que inclui os apps <strong>Pages<\/strong>, <strong>Numbers<\/strong> e <strong>Keynote<\/strong>.<\/p>\n<p style=\"text-align: justify;\"><strong>Clientes corporativos podem incluir esses cursos em pacotes para executivos<\/strong> e essa possibilidade j\u00e1 passa a fazer parte das propostas para empresas. <strong><a href=\"mailto:info@proclass.com.br\">Entre em contato<\/a> <\/strong>com nosso atendimento para fechar um pacote completo para a sua empresa, desde \u00e1reas operacionais at\u00e9 executivos.<\/p>\n<h2 style=\"text-align: justify;\">Os cursos<\/h2>\n<p style=\"text-align: justify;\"><strong><a title=\"logic\" href=\"http:\/\/proclass.com.br\/home\/cursos\/logic-pro\/\" target=\"_blank\"><img loading=\"lazy\" decoding=\"async\" src=\"http:\/\/proclass.com.br\/home\/wp-content\/uploads\/2012\/08\/Logic-Pro-Curso.png\" alt=\"logic\" width=\"615\" height=\"50\" \/><\/a><br \/>\n<\/strong>Voltado ao mercado de \u00e1udio e m\u00fasica, o Logic Pro \u00e9 um aplicativo completo para produ\u00e7\u00e3o musical e o programa de treinamento oficial Apple conta com dois cursos:<\/p>\n<p style=\"text-align: justify;\"><a href=\"http:\/\/proclass.com.br\/home\/cursos\/final-cut-pro\/logic-pro-101\" target=\"_blank\">Logic Pro 9 101:<\/a> direcionado aos interessados em entender toda a base fundamental do software e funcionalidades para produ\u00e7\u00e3o musical.<br \/>\n<strong>Pr\u00f3xima turma:<\/strong> 28 \u00e0 30 de janeiro de 2013, de 9:30 \u00e0s 17h. (*)<\/p>\n<p style=\"text-align: justify;\"><a href=\"http:\/\/proclass.com.br\/home\/cursos\/final-cut-pro\/logic-pro-301\" target=\"_blank\">Logic Pro 9 301:<\/a> apresenta t\u00e9cnicas e recursos avan\u00e7ados para usu\u00e1rios que j\u00e1 produzem no Logic Pro.<br \/>\n<strong>Pr\u00f3xima turma:<\/strong> 31 de janeiro a 2 de fevereiro de 2013, de 9:30 \u00e0s 17h. (*)<\/p>\n<p style=\"text-align: justify;\">\u00a0<em><span style=\"font-size: small;\">* para propostas corporativas e turmas fechadas, entre em contato com nosso atendimento. \u00a0<\/span><\/em><\/p>\n<p style=\"text-align: justify;\"><a title=\"final\" href=\"http:\/\/proclass.com.br\/home\/cursos\/final-cut-pro\/\" target=\"_blank\"><strong><img loading=\"lazy\" decoding=\"async\" src=\"http:\/\/proclass.com.br\/home\/wp-content\/uploads\/2012\/08\/ProxTurma-FinalCutPro.png\" alt=\"final\" width=\"615\" height=\"50\" \/><\/strong><\/a><\/p>\n<p style=\"text-align: justify;\">O editor de v\u00eddeo da Apple \u00e9 \u00a0adotado por diversas produtoras de v\u00eddeo no Brasil e o curso tamb\u00e9m \u00e9 dividido em dois m\u00f3dulos:<\/p>\n<p style=\"text-align: justify;\"><a href=\"http:\/\/proclass.com.br\/home\/cursos\/final-cut-pro\/final-cut-pro-101\/\" target=\"_blank\">Final Cut Pro X 101:<\/a> apresenta a ferramenta, estrutura da interface e t\u00e9cnicas de edi\u00e7\u00e3o de v\u00eddeo.<br \/>\n<strong>Pr\u00f3xima turma (noite):<\/strong>\u00a028 de janeiro a 2 de fevereiro de 2013, de 19h \u00e0s 22h. (*)<br \/>\n<strong>Pr\u00f3xima turma (integral):<\/strong>\u00a04 a 6 de fevereiro de 2013, de 19h \u00e0s 22h. (*)<\/p>\n<p style=\"text-align: justify;\"><em>* para propostas corporativas e turmas fechadas, entre em contato com nosso atendimento. \u00a0<\/em><\/p>\n<p style=\"text-align: justify;\"><a href=\"http:\/\/proclass.com.br\/home\/cursos\/final-cut-pro\/final-cut-pro-300\/\" target=\"_blank\">Final Cut Pro X 300:<\/a> voltado aos usu\u00e1rios interessados nos recursos avan\u00e7ados do FCPX e em entender m\u00e9todos de trabalho realizados num ambiente profissional.<\/p>\n<p style=\"text-align: justify;\"><a title=\"aperture\" href=\"http:\/\/proclass.com.br\/home\/cursos\/aperture\/\" target=\"_blank\"><strong><img loading=\"lazy\" decoding=\"async\" src=\"http:\/\/proclass.com.br\/home\/wp-content\/uploads\/2012\/08\/Aperture-Curso.png\" alt=\"aperture\" width=\"615\" height=\"50\" \/><\/strong><\/a><\/p>\n<p style=\"text-align: justify;\">Para fot\u00f3grafos profissionais ou amadores, o Aperture \u00e9 o aplicativo da Apple que possibilita organizar suas fotos de maneira profissional e oferece recursos de edi\u00e7\u00e3o, efeitos, corre\u00e7\u00e3o de cor, entre outros.<\/p>\n<p style=\"text-align: justify;\"><a href=\"http:\/\/proclass.com.br\/home\/cursos\/aperture\/aperture-101\/\" target=\"_blank\">Aperture 101:<\/a> em apenas dois dias, o aluno \u00e9 apresentado ao gerenciamento de fotos, ferramentas de edi\u00e7\u00e3o n\u00e3o-destrutivas como retoque, ilumina\u00e7\u00e3o, tratamento de cor e\u00a0m\u00e9todos de distribui\u00e7\u00e3o e arquivamento de fotografias.<br \/>\n<strong>Pr\u00f3xima turma (noite):<\/strong>\u00a021 \u00e0 24 de fevereiro de 2013, de 19h \u00e0s 22h. (*)<\/p>\n<p style=\"text-align: justify;\"><em>* para propostas corporativas e turmas fechadas, entre em contato com nosso atendimento. \u00a0<\/em><\/p>\n<p style=\"text-align: justify;\"><a title=\"motion\" href=\"http:\/\/proclass.com.br\/home\/cursos\/motion\/\"><img loading=\"lazy\" decoding=\"async\" src=\"http:\/\/proclass.com.br\/home\/wp-content\/uploads\/2012\/08\/Motion-Curso.png\" alt=\"motion\" width=\"615\" height=\"50\" \/><\/a><\/p>\n<p style=\"text-align: justify;\">Essa \u00e9 a ferramenta para cria\u00e7\u00e3o de modelos de anima\u00e7\u00e3o e efeitos gr\u00e1ficos e, na sua \u00faltima vers\u00e3o, foi redesenhada especialmente para os editores que usam Final Cut Pro.<\/p>\n<p style=\"text-align: justify;\"><a href=\"http:\/\/proclass.com.br\/home\/motion-101\" target=\"_blank\">\u00a0Motion 101:<\/a> o curso\u00a0fornece uma vis\u00e3o geral dos recursos de videografismo e efeitos 3D utilizando a ferramenta da Apple. O aluno \u00e9 apresentado a temas como \u00a0composi\u00e7\u00e3o de imagens, anima\u00e7\u00e3o, efeitos 3D, t\u00edtulos e transi\u00e7\u00f5es em projetos fornecidos pelo pr\u00f3prio fabricante.<\/p>\n<p style=\"text-align: justify;\"><a title=\"iwork\" href=\"http:\/\/proclass.com.br\/home\/cursos\/iwork\/\"><strong><img loading=\"lazy\" decoding=\"async\" src=\"http:\/\/proclass.com.br\/home\/wp-content\/uploads\/2012\/08\/iWork-Curso.png\" alt=\"iwork\" width=\"615\" height=\"50\" \/><\/strong><\/a><\/p>\n<p style=\"text-align: justify;\">iWork \u00e9 a su\u00edte de produtividade da Apple, que inclui os seguintes aplicativos:<\/p>\n<ul style=\"text-align: justify;\">\n<li><strong>Pages<\/strong> \u2013\u00a0para produ\u00e7\u00e3o de documentos<\/li>\n<li><strong>Numbers<\/strong> \u2013 para cria\u00e7\u00e3o de planilhas<\/li>\n<li><strong>Keynote<\/strong> \u2013 para cria\u00e7\u00e3o de apresenta\u00e7\u00f5es<\/li>\n<\/ul>\n<p style=\"text-align: justify;\"><a href=\"http:\/\/proclass.com.br\/home\/cursos\/iwork\/iwork-101\/\" target=\"_blank\">iWork 101:<\/a>\u00a0o curso apresenta de maneira pr\u00e1tica as principais funcionalidades\u00a0da suite iWork como a cria\u00e7\u00e3o de apresenta\u00e7\u00f5es em slides, documentos empresariais, curr\u00edculos, planilhas de custos e documentos para organiza\u00e7\u00e3o e planejamento de eventos.<\/p>\n<p style=\"text-align: justify;\"><span style=\"font-size: large;\"><strong>Saiba mais <a title=\"Apple\" href=\"http:\/\/proclass.com.br\/home\/apple\/\">aqui<\/a> sobre as certifica\u00e7\u00f5es e cursos da Apple oferecidos pela ProClass.\u00a0<\/strong><\/span><\/p>\n","protected":false},"excerpt":{"rendered":"<p>Com instrutores com experi\u00eancia nos EUA e Europa, cursos e exames de certifica\u00e7\u00e3o podem ser realizados na sede no Rio de Janeiro ou em treinamentos on-site para empresas. A partir de outubro de 2012, os cursos da ProClass voltados para produtos Apple est\u00e3o oficialmente licenciados pelo fabricante e o centro de treinamentos recebe a homologa\u00e7\u00e3oContinue reading &rarr;<\/p>\n","protected":false},"author":4,"featured_media":2173,"comment_status":"closed","ping_status":"open","sticky":false,"template":"","format":"standard","meta":{"footnotes":""},"categories":[687,10,13,1,14],"tags":[690,582,416,689,314,693,703,704,162,705,604,327,688,697,696,702,701,694,695,700,208,699,692,691,698],"class_list":["post-2060","post","type-post","status-publish","format-standard","has-post-thumbnail","hentry","category-apple-2","category-depoimentos","category-noticias","category-novidades","category-proclass-apresenta","tag-aatc","tag-aperture","tag-apple","tag-certificacao-apple","tag-cinema","tag-cursos-apple","tag-ios","tag-ipad","tag-iphone","tag-ipod","tag-iwork","tag-logic","tag-motion","tag-musica","tag-musical","tag-numbers","tag-pages","tag-proclass","tag-producao","tag-produtividade","tag-rodrigo","tag-tecnologia","tag-treinamento-corporativo","tag-treinamento-on-site","tag-tv","has-thumb"],"yoast_head":"<!-- This site is optimized with the Yoast SEO plugin v26.9 - https:\/\/yoast.com\/product\/yoast-seo-wordpress\/ -->\n<title>ProClass \u00e9 homologada Apple Authorized Training Center - PROCLASS<\/title>\n<meta name=\"robots\" content=\"index, follow, max-snippet:-1, max-image-preview:large, max-video-preview:-1\" \/>\n<link rel=\"canonical\" href=\"https:\/\/proclass.com.br\/home\/2012\/10\/proclass-e-homologada-apple-authorized-training-center\/\" \/>\n<meta property=\"og:locale\" content=\"pt_BR\" \/>\n<meta property=\"og:type\" content=\"article\" \/>\n<meta property=\"og:title\" content=\"ProClass \u00e9 homologada Apple Authorized Training Center - PROCLASS\" \/>\n<meta property=\"og:description\" content=\"Com instrutores com experi\u00eancia nos EUA e Europa, cursos e exames de certifica\u00e7\u00e3o podem ser realizados na sede no Rio de Janeiro ou em treinamentos on-site para empresas. A partir de outubro de 2012, os cursos da ProClass voltados para produtos Apple est\u00e3o oficialmente licenciados pelo fabricante e o centro de treinamentos recebe a homologa\u00e7\u00e3oContinue reading &rarr;\" \/>\n<meta property=\"og:url\" content=\"https:\/\/proclass.com.br\/home\/2012\/10\/proclass-e-homologada-apple-authorized-training-center\/\" \/>\n<meta property=\"og:site_name\" content=\"PROCLASS\" \/>\n<meta property=\"article:published_time\" content=\"2012-10-09T14:10:06+00:00\" \/>\n<meta property=\"article:modified_time\" content=\"2013-12-26T19:47:52+00:00\" \/>\n<meta property=\"og:image\" content=\"https:\/\/proclass.com.br\/home\/wp-content\/uploads\/2012\/10\/appleapple.png\" \/>\n\t<meta property=\"og:image:width\" content=\"141\" \/>\n\t<meta property=\"og:image:height\" content=\"159\" \/>\n\t<meta property=\"og:image:type\" content=\"image\/png\" \/>\n<meta name=\"author\" content=\"ProClass Treinamentos\" \/>\n<meta name=\"twitter:card\" content=\"summary_large_image\" \/>\n<meta name=\"twitter:label1\" content=\"Escrito por\" \/>\n\t<meta name=\"twitter:data1\" content=\"ProClass Treinamentos\" \/>\n\t<meta name=\"twitter:label2\" content=\"Est. tempo de leitura\" \/>\n\t<meta name=\"twitter:data2\" content=\"6 minutos\" \/>\n<script type=\"application\/ld+json\" class=\"yoast-schema-graph\">{\"@context\":\"https:\/\/schema.org\",\"@graph\":[{\"@type\":\"Article\",\"@id\":\"https:\/\/proclass.com.br\/home\/2012\/10\/proclass-e-homologada-apple-authorized-training-center\/#article\",\"isPartOf\":{\"@id\":\"https:\/\/proclass.com.br\/home\/2012\/10\/proclass-e-homologada-apple-authorized-training-center\/\"},\"author\":{\"name\":\"ProClass Treinamentos\",\"@id\":\"https:\/\/proclass.com.br\/home\/#\/schema\/person\/f89e1eb93d5d32c0bb465c52f87f5a00\"},\"headline\":\"ProClass \u00e9 homologada Apple Authorized Training Center\",\"datePublished\":\"2012-10-09T14:10:06+00:00\",\"dateModified\":\"2013-12-26T19:47:52+00:00\",\"mainEntityOfPage\":{\"@id\":\"https:\/\/proclass.com.br\/home\/2012\/10\/proclass-e-homologada-apple-authorized-training-center\/\"},\"wordCount\":1257,\"publisher\":{\"@id\":\"https:\/\/proclass.com.br\/home\/#organization\"},\"image\":{\"@id\":\"https:\/\/proclass.com.br\/home\/2012\/10\/proclass-e-homologada-apple-authorized-training-center\/#primaryimage\"},\"thumbnailUrl\":\"https:\/\/proclass.com.br\/home\/wp-content\/uploads\/2012\/10\/appleapple.png\",\"keywords\":[\"AATC\",\"aperture\",\"apple\",\"certifica\u00e7\u00e3o apple\",\"cinema\",\"cursos apple\",\"iOS\",\"ipad\",\"iphone\",\"ipod\",\"iwork\",\"logic\",\"motion\",\"m\u00fasica\",\"musical\",\"numbers\",\"pages\",\"proclass\",\"produ\u00e7\u00e3o\",\"produtividade\",\"rodrigo\",\"tecnologia\",\"treinamento corporativo\",\"treinamento on-site\",\"tv\"],\"articleSection\":[\"Apple\",\"Depoimentos\",\"Not\u00edcias\",\"Novidades\",\"Proclass Apresenta\"],\"inLanguage\":\"pt-BR\"},{\"@type\":\"WebPage\",\"@id\":\"https:\/\/proclass.com.br\/home\/2012\/10\/proclass-e-homologada-apple-authorized-training-center\/\",\"url\":\"https:\/\/proclass.com.br\/home\/2012\/10\/proclass-e-homologada-apple-authorized-training-center\/\",\"name\":\"ProClass \u00e9 homologada Apple Authorized Training Center - PROCLASS\",\"isPartOf\":{\"@id\":\"https:\/\/proclass.com.br\/home\/#website\"},\"primaryImageOfPage\":{\"@id\":\"https:\/\/proclass.com.br\/home\/2012\/10\/proclass-e-homologada-apple-authorized-training-center\/#primaryimage\"},\"image\":{\"@id\":\"https:\/\/proclass.com.br\/home\/2012\/10\/proclass-e-homologada-apple-authorized-training-center\/#primaryimage\"},\"thumbnailUrl\":\"https:\/\/proclass.com.br\/home\/wp-content\/uploads\/2012\/10\/appleapple.png\",\"datePublished\":\"2012-10-09T14:10:06+00:00\",\"dateModified\":\"2013-12-26T19:47:52+00:00\",\"breadcrumb\":{\"@id\":\"https:\/\/proclass.com.br\/home\/2012\/10\/proclass-e-homologada-apple-authorized-training-center\/#breadcrumb\"},\"inLanguage\":\"pt-BR\",\"potentialAction\":[{\"@type\":\"ReadAction\",\"target\":[\"https:\/\/proclass.com.br\/home\/2012\/10\/proclass-e-homologada-apple-authorized-training-center\/\"]}]},{\"@type\":\"ImageObject\",\"inLanguage\":\"pt-BR\",\"@id\":\"https:\/\/proclass.com.br\/home\/2012\/10\/proclass-e-homologada-apple-authorized-training-center\/#primaryimage\",\"url\":\"https:\/\/proclass.com.br\/home\/wp-content\/uploads\/2012\/10\/appleapple.png\",\"contentUrl\":\"https:\/\/proclass.com.br\/home\/wp-content\/uploads\/2012\/10\/appleapple.png\",\"width\":\"141\",\"height\":\"159\"},{\"@type\":\"BreadcrumbList\",\"@id\":\"https:\/\/proclass.com.br\/home\/2012\/10\/proclass-e-homologada-apple-authorized-training-center\/#breadcrumb\",\"itemListElement\":[{\"@type\":\"ListItem\",\"position\":1,\"name\":\"In\u00edcio\",\"item\":\"https:\/\/proclass.com.br\/home\/\"},{\"@type\":\"ListItem\",\"position\":2,\"name\":\"ProClass \u00e9 homologada Apple Authorized Training Center\"}]},{\"@type\":\"WebSite\",\"@id\":\"https:\/\/proclass.com.br\/home\/#website\",\"url\":\"https:\/\/proclass.com.br\/home\/\",\"name\":\"PROCLASS\",\"description\":\"CURSOS E TREINAMENTOS\",\"publisher\":{\"@id\":\"https:\/\/proclass.com.br\/home\/#organization\"},\"potentialAction\":[{\"@type\":\"SearchAction\",\"target\":{\"@type\":\"EntryPoint\",\"urlTemplate\":\"https:\/\/proclass.com.br\/home\/?s={search_term_string}\"},\"query-input\":{\"@type\":\"PropertyValueSpecification\",\"valueRequired\":true,\"valueName\":\"search_term_string\"}}],\"inLanguage\":\"pt-BR\"},{\"@type\":\"Organization\",\"@id\":\"https:\/\/proclass.com.br\/home\/#organization\",\"name\":\"PROCLASS\",\"url\":\"https:\/\/proclass.com.br\/home\/\",\"logo\":{\"@type\":\"ImageObject\",\"inLanguage\":\"pt-BR\",\"@id\":\"https:\/\/proclass.com.br\/home\/#\/schema\/logo\/image\/\",\"url\":\"https:\/\/proclass.com.br\/home\/wp-content\/uploads\/2023\/06\/CABECALHO-black_PROCLASS-2023.png\",\"contentUrl\":\"https:\/\/proclass.com.br\/home\/wp-content\/uploads\/2023\/06\/CABECALHO-black_PROCLASS-2023.png\",\"width\":2563,\"height\":911,\"caption\":\"PROCLASS\"},\"image\":{\"@id\":\"https:\/\/proclass.com.br\/home\/#\/schema\/logo\/image\/\"}},{\"@type\":\"Person\",\"@id\":\"https:\/\/proclass.com.br\/home\/#\/schema\/person\/f89e1eb93d5d32c0bb465c52f87f5a00\",\"name\":\"ProClass Treinamentos\",\"image\":{\"@type\":\"ImageObject\",\"inLanguage\":\"pt-BR\",\"@id\":\"https:\/\/proclass.com.br\/home\/#\/schema\/person\/image\/\",\"url\":\"https:\/\/secure.gravatar.com\/avatar\/3878d7a575c7ac355d2c778d5de04af08b7c5a7d9f19b2889f26cc7d80a6a832?s=96&d=blank&r=g\",\"contentUrl\":\"https:\/\/secure.gravatar.com\/avatar\/3878d7a575c7ac355d2c778d5de04af08b7c5a7d9f19b2889f26cc7d80a6a832?s=96&d=blank&r=g\",\"caption\":\"ProClass Treinamentos\"},\"url\":\"https:\/\/proclass.com.br\/home\/author\/proclass\/\"}]}<\/script>\n<!-- \/ Yoast SEO plugin. -->","yoast_head_json":{"title":"ProClass \u00e9 homologada Apple Authorized Training Center - PROCLASS","robots":{"index":"index","follow":"follow","max-snippet":"max-snippet:-1","max-image-preview":"max-image-preview:large","max-video-preview":"max-video-preview:-1"},"canonical":"https:\/\/proclass.com.br\/home\/2012\/10\/proclass-e-homologada-apple-authorized-training-center\/","og_locale":"pt_BR","og_type":"article","og_title":"ProClass \u00e9 homologada Apple Authorized Training Center - PROCLASS","og_description":"Com instrutores com experi\u00eancia nos EUA e Europa, cursos e exames de certifica\u00e7\u00e3o podem ser realizados na sede no Rio de Janeiro ou em treinamentos on-site para empresas. A partir de outubro de 2012, os cursos da ProClass voltados para produtos Apple est\u00e3o oficialmente licenciados pelo fabricante e o centro de treinamentos recebe a homologa\u00e7\u00e3oContinue reading &rarr;","og_url":"https:\/\/proclass.com.br\/home\/2012\/10\/proclass-e-homologada-apple-authorized-training-center\/","og_site_name":"PROCLASS","article_published_time":"2012-10-09T14:10:06+00:00","article_modified_time":"2013-12-26T19:47:52+00:00","og_image":[{"width":141,"height":159,"url":"https:\/\/proclass.com.br\/home\/wp-content\/uploads\/2012\/10\/appleapple.png","type":"image\/png"}],"author":"ProClass Treinamentos","twitter_card":"summary_large_image","twitter_misc":{"Escrito por":"ProClass Treinamentos","Est. tempo de leitura":"6 minutos"},"schema":{"@context":"https:\/\/schema.org","@graph":[{"@type":"Article","@id":"https:\/\/proclass.com.br\/home\/2012\/10\/proclass-e-homologada-apple-authorized-training-center\/#article","isPartOf":{"@id":"https:\/\/proclass.com.br\/home\/2012\/10\/proclass-e-homologada-apple-authorized-training-center\/"},"author":{"name":"ProClass Treinamentos","@id":"https:\/\/proclass.com.br\/home\/#\/schema\/person\/f89e1eb93d5d32c0bb465c52f87f5a00"},"headline":"ProClass \u00e9 homologada Apple Authorized Training Center","datePublished":"2012-10-09T14:10:06+00:00","dateModified":"2013-12-26T19:47:52+00:00","mainEntityOfPage":{"@id":"https:\/\/proclass.com.br\/home\/2012\/10\/proclass-e-homologada-apple-authorized-training-center\/"},"wordCount":1257,"publisher":{"@id":"https:\/\/proclass.com.br\/home\/#organization"},"image":{"@id":"https:\/\/proclass.com.br\/home\/2012\/10\/proclass-e-homologada-apple-authorized-training-center\/#primaryimage"},"thumbnailUrl":"https:\/\/proclass.com.br\/home\/wp-content\/uploads\/2012\/10\/appleapple.png","keywords":["AATC","aperture","apple","certifica\u00e7\u00e3o apple","cinema","cursos apple","iOS","ipad","iphone","ipod","iwork","logic","motion","m\u00fasica","musical","numbers","pages","proclass","produ\u00e7\u00e3o","produtividade","rodrigo","tecnologia","treinamento corporativo","treinamento on-site","tv"],"articleSection":["Apple","Depoimentos","Not\u00edcias","Novidades","Proclass Apresenta"],"inLanguage":"pt-BR"},{"@type":"WebPage","@id":"https:\/\/proclass.com.br\/home\/2012\/10\/proclass-e-homologada-apple-authorized-training-center\/","url":"https:\/\/proclass.com.br\/home\/2012\/10\/proclass-e-homologada-apple-authorized-training-center\/","name":"ProClass \u00e9 homologada Apple Authorized Training Center - PROCLASS","isPartOf":{"@id":"https:\/\/proclass.com.br\/home\/#website"},"primaryImageOfPage":{"@id":"https:\/\/proclass.com.br\/home\/2012\/10\/proclass-e-homologada-apple-authorized-training-center\/#primaryimage"},"image":{"@id":"https:\/\/proclass.com.br\/home\/2012\/10\/proclass-e-homologada-apple-authorized-training-center\/#primaryimage"},"thumbnailUrl":"https:\/\/proclass.com.br\/home\/wp-content\/uploads\/2012\/10\/appleapple.png","datePublished":"2012-10-09T14:10:06+00:00","dateModified":"2013-12-26T19:47:52+00:00","breadcrumb":{"@id":"https:\/\/proclass.com.br\/home\/2012\/10\/proclass-e-homologada-apple-authorized-training-center\/#breadcrumb"},"inLanguage":"pt-BR","potentialAction":[{"@type":"ReadAction","target":["https:\/\/proclass.com.br\/home\/2012\/10\/proclass-e-homologada-apple-authorized-training-center\/"]}]},{"@type":"ImageObject","inLanguage":"pt-BR","@id":"https:\/\/proclass.com.br\/home\/2012\/10\/proclass-e-homologada-apple-authorized-training-center\/#primaryimage","url":"https:\/\/proclass.com.br\/home\/wp-content\/uploads\/2012\/10\/appleapple.png","contentUrl":"https:\/\/proclass.com.br\/home\/wp-content\/uploads\/2012\/10\/appleapple.png","width":"141","height":"159"},{"@type":"BreadcrumbList","@id":"https:\/\/proclass.com.br\/home\/2012\/10\/proclass-e-homologada-apple-authorized-training-center\/#breadcrumb","itemListElement":[{"@type":"ListItem","position":1,"name":"In\u00edcio","item":"https:\/\/proclass.com.br\/home\/"},{"@type":"ListItem","position":2,"name":"ProClass \u00e9 homologada Apple Authorized Training Center"}]},{"@type":"WebSite","@id":"https:\/\/proclass.com.br\/home\/#website","url":"https:\/\/proclass.com.br\/home\/","name":"PROCLASS","description":"CURSOS E TREINAMENTOS","publisher":{"@id":"https:\/\/proclass.com.br\/home\/#organization"},"potentialAction":[{"@type":"SearchAction","target":{"@type":"EntryPoint","urlTemplate":"https:\/\/proclass.com.br\/home\/?s={search_term_string}"},"query-input":{"@type":"PropertyValueSpecification","valueRequired":true,"valueName":"search_term_string"}}],"inLanguage":"pt-BR"},{"@type":"Organization","@id":"https:\/\/proclass.com.br\/home\/#organization","name":"PROCLASS","url":"https:\/\/proclass.com.br\/home\/","logo":{"@type":"ImageObject","inLanguage":"pt-BR","@id":"https:\/\/proclass.com.br\/home\/#\/schema\/logo\/image\/","url":"https:\/\/proclass.com.br\/home\/wp-content\/uploads\/2023\/06\/CABECALHO-black_PROCLASS-2023.png","contentUrl":"https:\/\/proclass.com.br\/home\/wp-content\/uploads\/2023\/06\/CABECALHO-black_PROCLASS-2023.png","width":2563,"height":911,"caption":"PROCLASS"},"image":{"@id":"https:\/\/proclass.com.br\/home\/#\/schema\/logo\/image\/"}},{"@type":"Person","@id":"https:\/\/proclass.com.br\/home\/#\/schema\/person\/f89e1eb93d5d32c0bb465c52f87f5a00","name":"ProClass Treinamentos","image":{"@type":"ImageObject","inLanguage":"pt-BR","@id":"https:\/\/proclass.com.br\/home\/#\/schema\/person\/image\/","url":"https:\/\/secure.gravatar.com\/avatar\/3878d7a575c7ac355d2c778d5de04af08b7c5a7d9f19b2889f26cc7d80a6a832?s=96&d=blank&r=g","contentUrl":"https:\/\/secure.gravatar.com\/avatar\/3878d7a575c7ac355d2c778d5de04af08b7c5a7d9f19b2889f26cc7d80a6a832?s=96&d=blank&r=g","caption":"ProClass Treinamentos"},"url":"https:\/\/proclass.com.br\/home\/author\/proclass\/"}]}},"_links":{"self":[{"href":"https:\/\/proclass.com.br\/home\/wp-json\/wp\/v2\/posts\/2060","targetHints":{"allow":["GET"]}}],"collection":[{"href":"https:\/\/proclass.com.br\/home\/wp-json\/wp\/v2\/posts"}],"about":[{"href":"https:\/\/proclass.com.br\/home\/wp-json\/wp\/v2\/types\/post"}],"author":[{"embeddable":true,"href":"https:\/\/proclass.com.br\/home\/wp-json\/wp\/v2\/users\/4"}],"replies":[{"embeddable":true,"href":"https:\/\/proclass.com.br\/home\/wp-json\/wp\/v2\/comments?post=2060"}],"version-history":[{"count":0,"href":"https:\/\/proclass.com.br\/home\/wp-json\/wp\/v2\/posts\/2060\/revisions"}],"wp:featuredmedia":[{"embeddable":true,"href":"https:\/\/proclass.com.br\/home\/wp-json\/wp\/v2\/media\/2173"}],"wp:attachment":[{"href":"https:\/\/proclass.com.br\/home\/wp-json\/wp\/v2\/media?parent=2060"}],"wp:term":[{"taxonomy":"category","embeddable":true,"href":"https:\/\/proclass.com.br\/home\/wp-json\/wp\/v2\/categories?post=2060"},{"taxonomy":"post_tag","embeddable":true,"href":"https:\/\/proclass.com.br\/home\/wp-json\/wp\/v2\/tags?post=2060"}],"curies":[{"name":"wp","href":"https:\/\/api.w.org\/{rel}","templated":true}]}}