{"id":16815,"date":"2021-04-30T19:04:47","date_gmt":"2021-04-30T22:04:47","guid":{"rendered":"https:\/\/proclass.com.br\/home\/?p=16815"},"modified":"2021-11-16T12:51:15","modified_gmt":"2021-11-16T15:51:15","slug":"como-desinstalar-avid-media-composer-totalmente-windows","status":"publish","type":"post","link":"https:\/\/proclass.com.br\/home\/2021\/04\/como-desinstalar-avid-media-composer-totalmente-windows\/","title":{"rendered":"Como desinstalar Avid Media Composer totalmente (Windows)"},"content":{"rendered":"<p><strong>Atualizado em Abril de 2021<\/strong><\/p>\n<p>Desinstalar aplicativos nem sempre \u00e9 t\u00e3o simples. Muitos deixam restos de pastas e arquivos.<\/p>\n<p>Aqui vamos ver como fazer o que se chama de um &#8220;Clean Uninstall&#8221; do Avid Media Composer no Windows.<\/p>\n<h2>1) Em Adicionar e Remover programas, desinstalar:<\/h2>\n<p>&#8211; Avid Media Composer<\/p>\n<p>&#8211; Avid Link<\/p>\n<p>&#8211; Avid Cloud client Services<\/p>\n<h2>2) Reiniciar o computador<\/h2>\n<h2>3) Configurar sistema para mostrar pastas ocultas<\/h2>\n<p><b>Windows 10<\/b><\/p>\n<p>Na caixa de pesquisa na barra de tarefas, digite &#8220;pasta&#8221; e selecione &#8220;Op\u00e7\u00f5es do explorador de arquivos&#8221;.<\/p>\n<p>Na janela, escolha a aba Modo de Exibi\u00e7\u00e3o, ative a op\u00e7\u00e3o &#8220;Mostrar arquivos, pasta e unidades ocultas&#8221;.<\/p>\n<p>em seguida, selecione OK.<\/p>\n<p><b>Windows 8.1 <\/b><\/p>\n<p>Passe o dedo a partir da borda direita da tela e selecione Pesquisar (se estiver usando um mouse, aponte para o canto superior direito da tela, mova o ponteiro do mouse para baixo e selecione Pesquisar).<\/p>\n<p>Digite pasta na caixa de pesquisa e selecione Op\u00e7\u00f5es de Pasta nos resultados da pesquisa.<\/p>\n<p>Selecione a guia Exibir.<\/p>\n<p>Em Configura\u00e7\u00f5es avan\u00e7adas, selecione Mostrar arquivos, pastas e unidades ocultase, em seguida, selecione OK.<\/p>\n<p><b>Windows 7 <\/b><\/p>\n<p>Selecione o bot\u00e3o Iniciar e selecione Painel de Controle &gt; Apar\u00eancia e Personaliza\u00e7\u00e3o.<\/p>\n<p>Selecione Op\u00e7\u00f5es de Pasta e selecione a guia Exibir.<\/p>\n<p>Em Configura\u00e7\u00f5es avan\u00e7adas, selecione Mostrar arquivos, pastas e unidades ocultas e OK.<\/p>\n<hr \/>\n<h2>4) Apagar as pastas:<\/h2>\n<p>Ps. em it\u00e1lico sao as pastas ocultas, portanto s\u00f3 ser\u00e3o vis\u00edveis se voc\u00ea tiver feito o passo anterior.<\/p>\n<p><i>C:\\AvidDownloads<\/i><\/p>\n<p>C:\\Program Files\\Avid<\/p>\n<p><i>C:\\ProgramData\\Avid <\/i><\/p>\n<p><i>C:\\Users\\All Users\\Avid<\/i><\/p>\n<p><i>C:\\Users\\o nome do seu usuario\\AppData\\Local\\Avid<\/i><\/p>\n<p><i>C:\\Users\\o nome do seu usuario\\AppData\\Local\\Temp\\AvidSourceBrowserMetadataAccumulator<\/i><\/p>\n<p><i>C:\\Users\\o nome do seu usuario\\AppData\\Local\\Temp\\AvidWebCache<\/i><\/p>\n<p><i>Em C:\\Users\\o nome do seu usuario\\AppData\\Roaming, apagar os arquivos:<\/i><\/p>\n<p style=\"padding-left: 40px;\"><i>Avid_CCS_Service_Stop<\/i><\/p>\n<p style=\"padding-left: 40px;\"><i>Avid_Editor_Transcode_Services_Stop<\/i><\/p>\n<p style=\"padding-left: 40px;\"><i>AvidCloudClientServices_Install<\/i><\/p>\n<p style=\"padding-left: 40px;\"><i>AvidLink_Install<\/i><\/p>\n<p><i>MediaComposer_Install<\/i><\/p>\n<p>C:\\Users\\Public\\Documents\\Avid Media Composer<\/p>\n<p>C:\\Users\\Public\\Documents\\Avid SearchData<\/p>\n<p>C:\\Users\\Public\\Documents\\AVX Plug-Ins Data<\/p>\n<p><i>C:\\Users\\Todos os Usu\u00e1rios\\Avid<\/i><\/p>\n<h2>5) Reinicie o computador<\/h2>\n<h2>6) Limpe a Lixeira<\/h2>\n<h1>FIM<\/h1>\n","protected":false},"excerpt":{"rendered":"<p>Atualizado em Abril de 2021 Desinstalar aplicativos nem sempre \u00e9 t\u00e3o simples. Muitos deixam restos de pastas e arquivos. Aqui vamos ver como fazer o que se chama de um &#8220;Clean Uninstall&#8221; do Avid Media Composer no Windows. 1) Em Adicionar e Remover programas, desinstalar: &#8211; Avid Media Composer &#8211; Avid Link &#8211; Avid CloudContinue reading &rarr;<\/p>\n","protected":false},"author":4,"featured_media":0,"comment_status":"closed","ping_status":"closed","sticky":false,"template":"","format":"standard","meta":{"footnotes":""},"categories":[1],"tags":[],"class_list":["post-16815","post","type-post","status-publish","format-standard","hentry","category-novidades","no-thumb"],"yoast_head":"<!-- This site is optimized with the Yoast SEO plugin v26.9 - https:\/\/yoast.com\/product\/yoast-seo-wordpress\/ -->\n<title>Como desinstalar Avid Media Composer totalmente (Windows) - PROCLASS<\/title>\n<meta name=\"robots\" content=\"index, follow, max-snippet:-1, max-image-preview:large, max-video-preview:-1\" \/>\n<link rel=\"canonical\" href=\"https:\/\/proclass.com.br\/home\/2021\/04\/como-desinstalar-avid-media-composer-totalmente-windows\/\" \/>\n<meta property=\"og:locale\" content=\"pt_BR\" \/>\n<meta property=\"og:type\" content=\"article\" \/>\n<meta property=\"og:title\" content=\"Como desinstalar Avid Media Composer totalmente (Windows) - PROCLASS\" \/>\n<meta property=\"og:description\" content=\"Atualizado em Abril de 2021 Desinstalar aplicativos nem sempre \u00e9 t\u00e3o simples. Muitos deixam restos de pastas e arquivos. Aqui vamos ver como fazer o que se chama de um &#8220;Clean Uninstall&#8221; do Avid Media Composer no Windows. 1) Em Adicionar e Remover programas, desinstalar: &#8211; Avid Media Composer &#8211; Avid Link &#8211; Avid CloudContinue reading &rarr;\" \/>\n<meta property=\"og:url\" content=\"https:\/\/proclass.com.br\/home\/2021\/04\/como-desinstalar-avid-media-composer-totalmente-windows\/\" \/>\n<meta property=\"og:site_name\" content=\"PROCLASS\" \/>\n<meta property=\"article:published_time\" content=\"2021-04-30T22:04:47+00:00\" \/>\n<meta property=\"article:modified_time\" content=\"2021-11-16T15:51:15+00:00\" \/>\n<meta name=\"author\" content=\"ProClass Treinamentos\" \/>\n<meta name=\"twitter:card\" content=\"summary_large_image\" \/>\n<meta name=\"twitter:label1\" content=\"Escrito por\" \/>\n\t<meta name=\"twitter:data1\" content=\"ProClass Treinamentos\" \/>\n\t<meta name=\"twitter:label2\" content=\"Est. tempo de leitura\" \/>\n\t<meta name=\"twitter:data2\" content=\"2 minutos\" \/>\n<script type=\"application\/ld+json\" class=\"yoast-schema-graph\">{\"@context\":\"https:\/\/schema.org\",\"@graph\":[{\"@type\":\"Article\",\"@id\":\"https:\/\/proclass.com.br\/home\/2021\/04\/como-desinstalar-avid-media-composer-totalmente-windows\/#article\",\"isPartOf\":{\"@id\":\"https:\/\/proclass.com.br\/home\/2021\/04\/como-desinstalar-avid-media-composer-totalmente-windows\/\"},\"author\":{\"name\":\"ProClass Treinamentos\",\"@id\":\"https:\/\/proclass.com.br\/home\/#\/schema\/person\/f89e1eb93d5d32c0bb465c52f87f5a00\"},\"headline\":\"Como desinstalar Avid Media Composer totalmente (Windows)\",\"datePublished\":\"2021-04-30T22:04:47+00:00\",\"dateModified\":\"2021-11-16T15:51:15+00:00\",\"mainEntityOfPage\":{\"@id\":\"https:\/\/proclass.com.br\/home\/2021\/04\/como-desinstalar-avid-media-composer-totalmente-windows\/\"},\"wordCount\":359,\"publisher\":{\"@id\":\"https:\/\/proclass.com.br\/home\/#organization\"},\"articleSection\":[\"Novidades\"],\"inLanguage\":\"pt-BR\"},{\"@type\":\"WebPage\",\"@id\":\"https:\/\/proclass.com.br\/home\/2021\/04\/como-desinstalar-avid-media-composer-totalmente-windows\/\",\"url\":\"https:\/\/proclass.com.br\/home\/2021\/04\/como-desinstalar-avid-media-composer-totalmente-windows\/\",\"name\":\"Como desinstalar Avid Media Composer totalmente (Windows) - PROCLASS\",\"isPartOf\":{\"@id\":\"https:\/\/proclass.com.br\/home\/#website\"},\"datePublished\":\"2021-04-30T22:04:47+00:00\",\"dateModified\":\"2021-11-16T15:51:15+00:00\",\"breadcrumb\":{\"@id\":\"https:\/\/proclass.com.br\/home\/2021\/04\/como-desinstalar-avid-media-composer-totalmente-windows\/#breadcrumb\"},\"inLanguage\":\"pt-BR\",\"potentialAction\":[{\"@type\":\"ReadAction\",\"target\":[\"https:\/\/proclass.com.br\/home\/2021\/04\/como-desinstalar-avid-media-composer-totalmente-windows\/\"]}]},{\"@type\":\"BreadcrumbList\",\"@id\":\"https:\/\/proclass.com.br\/home\/2021\/04\/como-desinstalar-avid-media-composer-totalmente-windows\/#breadcrumb\",\"itemListElement\":[{\"@type\":\"ListItem\",\"position\":1,\"name\":\"In\u00edcio\",\"item\":\"https:\/\/proclass.com.br\/home\/\"},{\"@type\":\"ListItem\",\"position\":2,\"name\":\"Como desinstalar Avid Media Composer totalmente (Windows)\"}]},{\"@type\":\"WebSite\",\"@id\":\"https:\/\/proclass.com.br\/home\/#website\",\"url\":\"https:\/\/proclass.com.br\/home\/\",\"name\":\"PROCLASS\",\"description\":\"CURSOS E TREINAMENTOS\",\"publisher\":{\"@id\":\"https:\/\/proclass.com.br\/home\/#organization\"},\"potentialAction\":[{\"@type\":\"SearchAction\",\"target\":{\"@type\":\"EntryPoint\",\"urlTemplate\":\"https:\/\/proclass.com.br\/home\/?s={search_term_string}\"},\"query-input\":{\"@type\":\"PropertyValueSpecification\",\"valueRequired\":true,\"valueName\":\"search_term_string\"}}],\"inLanguage\":\"pt-BR\"},{\"@type\":\"Organization\",\"@id\":\"https:\/\/proclass.com.br\/home\/#organization\",\"name\":\"PROCLASS\",\"url\":\"https:\/\/proclass.com.br\/home\/\",\"logo\":{\"@type\":\"ImageObject\",\"inLanguage\":\"pt-BR\",\"@id\":\"https:\/\/proclass.com.br\/home\/#\/schema\/logo\/image\/\",\"url\":\"https:\/\/proclass.com.br\/home\/wp-content\/uploads\/2023\/06\/CABECALHO-black_PROCLASS-2023.png\",\"contentUrl\":\"https:\/\/proclass.com.br\/home\/wp-content\/uploads\/2023\/06\/CABECALHO-black_PROCLASS-2023.png\",\"width\":2563,\"height\":911,\"caption\":\"PROCLASS\"},\"image\":{\"@id\":\"https:\/\/proclass.com.br\/home\/#\/schema\/logo\/image\/\"}},{\"@type\":\"Person\",\"@id\":\"https:\/\/proclass.com.br\/home\/#\/schema\/person\/f89e1eb93d5d32c0bb465c52f87f5a00\",\"name\":\"ProClass Treinamentos\",\"image\":{\"@type\":\"ImageObject\",\"inLanguage\":\"pt-BR\",\"@id\":\"https:\/\/proclass.com.br\/home\/#\/schema\/person\/image\/\",\"url\":\"https:\/\/secure.gravatar.com\/avatar\/3878d7a575c7ac355d2c778d5de04af08b7c5a7d9f19b2889f26cc7d80a6a832?s=96&d=blank&r=g\",\"contentUrl\":\"https:\/\/secure.gravatar.com\/avatar\/3878d7a575c7ac355d2c778d5de04af08b7c5a7d9f19b2889f26cc7d80a6a832?s=96&d=blank&r=g\",\"caption\":\"ProClass Treinamentos\"},\"url\":\"https:\/\/proclass.com.br\/home\/author\/proclass\/\"}]}<\/script>\n<!-- \/ Yoast SEO plugin. -->","yoast_head_json":{"title":"Como desinstalar Avid Media Composer totalmente (Windows) - PROCLASS","robots":{"index":"index","follow":"follow","max-snippet":"max-snippet:-1","max-image-preview":"max-image-preview:large","max-video-preview":"max-video-preview:-1"},"canonical":"https:\/\/proclass.com.br\/home\/2021\/04\/como-desinstalar-avid-media-composer-totalmente-windows\/","og_locale":"pt_BR","og_type":"article","og_title":"Como desinstalar Avid Media Composer totalmente (Windows) - PROCLASS","og_description":"Atualizado em Abril de 2021 Desinstalar aplicativos nem sempre \u00e9 t\u00e3o simples. Muitos deixam restos de pastas e arquivos. Aqui vamos ver como fazer o que se chama de um &#8220;Clean Uninstall&#8221; do Avid Media Composer no Windows. 1) Em Adicionar e Remover programas, desinstalar: &#8211; Avid Media Composer &#8211; Avid Link &#8211; Avid CloudContinue reading &rarr;","og_url":"https:\/\/proclass.com.br\/home\/2021\/04\/como-desinstalar-avid-media-composer-totalmente-windows\/","og_site_name":"PROCLASS","article_published_time":"2021-04-30T22:04:47+00:00","article_modified_time":"2021-11-16T15:51:15+00:00","author":"ProClass Treinamentos","twitter_card":"summary_large_image","twitter_misc":{"Escrito por":"ProClass Treinamentos","Est. tempo de leitura":"2 minutos"},"schema":{"@context":"https:\/\/schema.org","@graph":[{"@type":"Article","@id":"https:\/\/proclass.com.br\/home\/2021\/04\/como-desinstalar-avid-media-composer-totalmente-windows\/#article","isPartOf":{"@id":"https:\/\/proclass.com.br\/home\/2021\/04\/como-desinstalar-avid-media-composer-totalmente-windows\/"},"author":{"name":"ProClass Treinamentos","@id":"https:\/\/proclass.com.br\/home\/#\/schema\/person\/f89e1eb93d5d32c0bb465c52f87f5a00"},"headline":"Como desinstalar Avid Media Composer totalmente (Windows)","datePublished":"2021-04-30T22:04:47+00:00","dateModified":"2021-11-16T15:51:15+00:00","mainEntityOfPage":{"@id":"https:\/\/proclass.com.br\/home\/2021\/04\/como-desinstalar-avid-media-composer-totalmente-windows\/"},"wordCount":359,"publisher":{"@id":"https:\/\/proclass.com.br\/home\/#organization"},"articleSection":["Novidades"],"inLanguage":"pt-BR"},{"@type":"WebPage","@id":"https:\/\/proclass.com.br\/home\/2021\/04\/como-desinstalar-avid-media-composer-totalmente-windows\/","url":"https:\/\/proclass.com.br\/home\/2021\/04\/como-desinstalar-avid-media-composer-totalmente-windows\/","name":"Como desinstalar Avid Media Composer totalmente (Windows) - PROCLASS","isPartOf":{"@id":"https:\/\/proclass.com.br\/home\/#website"},"datePublished":"2021-04-30T22:04:47+00:00","dateModified":"2021-11-16T15:51:15+00:00","breadcrumb":{"@id":"https:\/\/proclass.com.br\/home\/2021\/04\/como-desinstalar-avid-media-composer-totalmente-windows\/#breadcrumb"},"inLanguage":"pt-BR","potentialAction":[{"@type":"ReadAction","target":["https:\/\/proclass.com.br\/home\/2021\/04\/como-desinstalar-avid-media-composer-totalmente-windows\/"]}]},{"@type":"BreadcrumbList","@id":"https:\/\/proclass.com.br\/home\/2021\/04\/como-desinstalar-avid-media-composer-totalmente-windows\/#breadcrumb","itemListElement":[{"@type":"ListItem","position":1,"name":"In\u00edcio","item":"https:\/\/proclass.com.br\/home\/"},{"@type":"ListItem","position":2,"name":"Como desinstalar Avid Media Composer totalmente (Windows)"}]},{"@type":"WebSite","@id":"https:\/\/proclass.com.br\/home\/#website","url":"https:\/\/proclass.com.br\/home\/","name":"PROCLASS","description":"CURSOS E TREINAMENTOS","publisher":{"@id":"https:\/\/proclass.com.br\/home\/#organization"},"potentialAction":[{"@type":"SearchAction","target":{"@type":"EntryPoint","urlTemplate":"https:\/\/proclass.com.br\/home\/?s={search_term_string}"},"query-input":{"@type":"PropertyValueSpecification","valueRequired":true,"valueName":"search_term_string"}}],"inLanguage":"pt-BR"},{"@type":"Organization","@id":"https:\/\/proclass.com.br\/home\/#organization","name":"PROCLASS","url":"https:\/\/proclass.com.br\/home\/","logo":{"@type":"ImageObject","inLanguage":"pt-BR","@id":"https:\/\/proclass.com.br\/home\/#\/schema\/logo\/image\/","url":"https:\/\/proclass.com.br\/home\/wp-content\/uploads\/2023\/06\/CABECALHO-black_PROCLASS-2023.png","contentUrl":"https:\/\/proclass.com.br\/home\/wp-content\/uploads\/2023\/06\/CABECALHO-black_PROCLASS-2023.png","width":2563,"height":911,"caption":"PROCLASS"},"image":{"@id":"https:\/\/proclass.com.br\/home\/#\/schema\/logo\/image\/"}},{"@type":"Person","@id":"https:\/\/proclass.com.br\/home\/#\/schema\/person\/f89e1eb93d5d32c0bb465c52f87f5a00","name":"ProClass Treinamentos","image":{"@type":"ImageObject","inLanguage":"pt-BR","@id":"https:\/\/proclass.com.br\/home\/#\/schema\/person\/image\/","url":"https:\/\/secure.gravatar.com\/avatar\/3878d7a575c7ac355d2c778d5de04af08b7c5a7d9f19b2889f26cc7d80a6a832?s=96&d=blank&r=g","contentUrl":"https:\/\/secure.gravatar.com\/avatar\/3878d7a575c7ac355d2c778d5de04af08b7c5a7d9f19b2889f26cc7d80a6a832?s=96&d=blank&r=g","caption":"ProClass Treinamentos"},"url":"https:\/\/proclass.com.br\/home\/author\/proclass\/"}]}},"_links":{"self":[{"href":"https:\/\/proclass.com.br\/home\/wp-json\/wp\/v2\/posts\/16815","targetHints":{"allow":["GET"]}}],"collection":[{"href":"https:\/\/proclass.com.br\/home\/wp-json\/wp\/v2\/posts"}],"about":[{"href":"https:\/\/proclass.com.br\/home\/wp-json\/wp\/v2\/types\/post"}],"author":[{"embeddable":true,"href":"https:\/\/proclass.com.br\/home\/wp-json\/wp\/v2\/users\/4"}],"replies":[{"embeddable":true,"href":"https:\/\/proclass.com.br\/home\/wp-json\/wp\/v2\/comments?post=16815"}],"version-history":[{"count":0,"href":"https:\/\/proclass.com.br\/home\/wp-json\/wp\/v2\/posts\/16815\/revisions"}],"wp:attachment":[{"href":"https:\/\/proclass.com.br\/home\/wp-json\/wp\/v2\/media?parent=16815"}],"wp:term":[{"taxonomy":"category","embeddable":true,"href":"https:\/\/proclass.com.br\/home\/wp-json\/wp\/v2\/categories?post=16815"},{"taxonomy":"post_tag","embeddable":true,"href":"https:\/\/proclass.com.br\/home\/wp-json\/wp\/v2\/tags?post=16815"}],"curies":[{"name":"wp","href":"https:\/\/api.w.org\/{rel}","templated":true}]}}