{"id":1182,"date":"2012-06-11T17:03:54","date_gmt":"2012-06-11T20:03:54","guid":{"rendered":"http:\/\/proclass.com.br\/home\/?p=1182"},"modified":"2012-08-26T17:28:36","modified_gmt":"2012-08-26T20:28:36","slug":"proclass-em-sao-paulo-treinamento-oficial-em-pro-tools-101-e-110","status":"publish","type":"post","link":"https:\/\/proclass.com.br\/home\/2012\/06\/proclass-em-sao-paulo-treinamento-oficial-em-pro-tools-101-e-110\/","title":{"rendered":"ProClass em S\u00e3o Paulo! Treinamento oficial em Pro Tools 101 e 110."},"content":{"rendered":"<p style=\"text-align: justify;\"><strong><span style=\"font-size: large;\">Se voc\u00ea n\u00e3o pode vir at\u00e9 a ProClass, a ProClass vai at\u00e9 voc\u00ea.<\/span><\/strong><\/p>\n<p style=\"text-align: justify;\"><img decoding=\"async\" class=\"alignleft size-full wp-image-1183\" title=\"spflag\" src=\"http:\/\/proclass.com.br\/home\/wp-content\/uploads\/2012\/08\/spflag.png\" alt=\"\" width=\"180\" height=\"110\" \/><\/p>\n<p style=\"text-align: justify;\">Numa oportunidade \u00fanica, a ProClass e a Studica levam a S\u00e3o Paulo os <strong>cursos oficiais de Pro Tools 101 + 110.<\/strong>\u00a0\u00a0\u00c9 uma excelente oportunidade de fazer os treinamentos e conquistar a certifica\u00e7\u00e3o User sem precisar se deslocar para o Rio de Janeiro. Caso tenha se interessado, n\u00e3o perca tempo e entre em contato. P<strong>oucas vagas restantes!<!--more--><\/strong><\/p>\n<p style=\"text-align: justify;\">Em uma semana, o aluno \u00e9 apresentado aos fundamentos da edi\u00e7\u00e3o de \u00e1udio e MIDI e aprende a estrutura de menus e interface do Pro Tools de maneira diferenciada, de acordo com a vis\u00e3o do fabricante. Al\u00e9m disso,<strong> exposi\u00e7\u00f5es dialogadas e exerc\u00edcios desenvolvidos pela Avid e equipe da ProClass<\/strong> sobre o processo de grava\u00e7\u00e3o, edi\u00e7\u00e3o e mixagem possibilitam alunos a vivenciar os conceitos na pr\u00e1tica e consolidar o conte\u00fado apresentado nos cursos.<\/p>\n<p style=\"text-align: justify;\">Ao final do curso, os alunos receber\u00e3o um <strong>certificado oficial de conclus\u00e3o de curso do Pro Tools 101 e outro do Pro Tools 110 fornecido pela Avid.<\/strong><\/p>\n<p><img decoding=\"async\" class=\"size-full wp-image-1172 aligncenter\" title=\"alpnews\" src=\"http:\/\/proclass.com.br\/home\/wp-content\/uploads\/2012\/08\/alpnews.jpg\" alt=\"\" width=\"257\" height=\"80\" \/><\/p>\n<p style=\"text-align: justify;\"><strong><span style=\"font-size: large;\">Data: 13 a 17 de agosto de 10 \u00e0s 18h<\/span><\/strong><\/p>\n<h3 style=\"text-align: justify;\"><span style=\"font-size: small;\">Quer levar os treinamentos da ProClass para sua regi\u00e3o? <a href=\"http:\/\/proclass.com.br\/home\/empresas\/treinamentos-on-site\/\">Clique aqui para saber mais treinamentos on-site<\/a>.<br \/>\nPara saber mais sobre o que as certifica\u00e7\u00f5es representam,<a href=\"http:\/\/proclass.com.br\/home\/cursos\/pro-tools\/\" target=\"_blank\"> clique aqui<\/a><a href=\"http:\/\/proclass.com.br\/wordpress\/certificacoes-oficiais-em-pro-tools\/\" target=\"_blank\">.<\/a><br \/>\nPara saber o conte\u00fado e objetivos do Pro Tools 101,<a href=\"http:\/\/proclass.com.br\/home\/cursos\/pro-tools\/pro-tools-101\/\" target=\"_blank\"> clique aqui.<\/a><br \/>\nPara saber o conte\u00fado e objetivos do Pro Tools 110, <a href=\"http:\/\/proclass.com.br\/home\/cursos\/pro-tools\/pro-tools-110\/\" target=\"_blank\">clique aqui.<\/a><\/span><\/h3>\n<p style=\"text-align: justify;\"><strong><span style=\"font-size: large;\">Conhe\u00e7a a Studica, nosso parceiro educacional e de treinamento.<\/span><\/strong><\/p>\n<p style=\"text-align: justify;\"><img decoding=\"async\" class=\"alignleft size-full wp-image-1184\" title=\"studica\" src=\"http:\/\/proclass.com.br\/home\/wp-content\/uploads\/2012\/08\/studica.jpg\" alt=\"\" width=\"300\" height=\"98\" \/>A <a href=\"http:\/\/studica.com\">Studica<\/a> \u00e9 revendedor especializado em <strong>produtos educacionais,<\/strong> com sede no <strong>Brasil e outros dez pa\u00edses do mundo<\/strong>. <strong>Por mais de 25 anos,<\/strong> a Studica atende as necessidades de estudantes, professores e escolas com rela\u00e7\u00e3o a aplicativos e outros produtos ligados \u00e0 tecnologia.<\/p>\n<h3 style=\"text-align: justify;\">Valores e sele\u00e7\u00e3o de produtos<\/h3>\n<p style=\"text-align: justify;\">Studica fornece produtos de grandes empresas como <strong>Avid, Autodesk, Adobe, Unity, Microsoft, Wacom, National Instruments, Fischertechnik, Pantone<\/strong> e muitos outros com descontos educacionais que podem chegar at\u00e9 a <strong>90% para alunos e professores.<\/strong><\/p>\n","protected":false},"excerpt":{"rendered":"<p>Se voc\u00ea n\u00e3o pode vir at\u00e9 a ProClass, a ProClass vai at\u00e9 voc\u00ea. Numa oportunidade \u00fanica, a ProClass e a Studica levam a S\u00e3o Paulo os cursos oficiais de Pro Tools 101 + 110.\u00a0\u00a0\u00c9 uma excelente oportunidade de fazer os treinamentos e conquistar a certifica\u00e7\u00e3o User sem precisar se deslocar para o Rio de Janeiro.Continue reading &rarr;<\/p>\n","protected":false},"author":4,"featured_media":1185,"comment_status":"open","ping_status":"open","sticky":false,"template":"","format":"standard","meta":{"footnotes":""},"categories":[1],"tags":[80,87,66,67,365,198,366,35,368,367],"class_list":["post-1182","post","type-post","status-publish","format-standard","has-post-thumbnail","hentry","category-novidades","tag-aluno","tag-autom","tag-conte","tag-fado","tag-o-rio","tag-perca","tag-pode-vir","tag-pro-tools","tag-processo","tag-studica","has-thumb"],"yoast_head":"<!-- This site is optimized with the Yoast SEO plugin v26.9 - https:\/\/yoast.com\/product\/yoast-seo-wordpress\/ -->\n<title>ProClass em S\u00e3o Paulo! Treinamento oficial em Pro Tools 101 e 110. - PROCLASS<\/title>\n<meta name=\"robots\" content=\"index, follow, max-snippet:-1, max-image-preview:large, max-video-preview:-1\" \/>\n<link rel=\"canonical\" href=\"https:\/\/proclass.com.br\/home\/2012\/06\/proclass-em-sao-paulo-treinamento-oficial-em-pro-tools-101-e-110\/\" \/>\n<meta property=\"og:locale\" content=\"pt_BR\" \/>\n<meta property=\"og:type\" content=\"article\" \/>\n<meta property=\"og:title\" content=\"ProClass em S\u00e3o Paulo! Treinamento oficial em Pro Tools 101 e 110. - PROCLASS\" \/>\n<meta property=\"og:description\" content=\"Se voc\u00ea n\u00e3o pode vir at\u00e9 a ProClass, a ProClass vai at\u00e9 voc\u00ea. Numa oportunidade \u00fanica, a ProClass e a Studica levam a S\u00e3o Paulo os cursos oficiais de Pro Tools 101 + 110.\u00a0\u00a0\u00c9 uma excelente oportunidade de fazer os treinamentos e conquistar a certifica\u00e7\u00e3o User sem precisar se deslocar para o Rio de Janeiro.Continue reading &rarr;\" \/>\n<meta property=\"og:url\" content=\"https:\/\/proclass.com.br\/home\/2012\/06\/proclass-em-sao-paulo-treinamento-oficial-em-pro-tools-101-e-110\/\" \/>\n<meta property=\"og:site_name\" content=\"PROCLASS\" \/>\n<meta property=\"article:published_time\" content=\"2012-06-11T20:03:54+00:00\" \/>\n<meta property=\"article:modified_time\" content=\"2012-08-26T20:28:36+00:00\" \/>\n<meta property=\"og:image\" content=\"https:\/\/proclass.com.br\/home\/wp-content\/uploads\/2012\/08\/ilsp.png\" \/>\n\t<meta property=\"og:image:width\" content=\"378\" \/>\n\t<meta property=\"og:image:height\" content=\"218\" \/>\n\t<meta property=\"og:image:type\" content=\"image\/png\" \/>\n<meta name=\"author\" content=\"ProClass Treinamentos\" \/>\n<meta name=\"twitter:card\" content=\"summary_large_image\" \/>\n<meta name=\"twitter:label1\" content=\"Escrito por\" \/>\n\t<meta name=\"twitter:data1\" content=\"ProClass Treinamentos\" \/>\n\t<meta name=\"twitter:label2\" content=\"Est. tempo de leitura\" \/>\n\t<meta name=\"twitter:data2\" content=\"2 minutos\" \/>\n<script type=\"application\/ld+json\" class=\"yoast-schema-graph\">{\"@context\":\"https:\/\/schema.org\",\"@graph\":[{\"@type\":\"Article\",\"@id\":\"https:\/\/proclass.com.br\/home\/2012\/06\/proclass-em-sao-paulo-treinamento-oficial-em-pro-tools-101-e-110\/#article\",\"isPartOf\":{\"@id\":\"https:\/\/proclass.com.br\/home\/2012\/06\/proclass-em-sao-paulo-treinamento-oficial-em-pro-tools-101-e-110\/\"},\"author\":{\"name\":\"ProClass Treinamentos\",\"@id\":\"https:\/\/proclass.com.br\/home\/#\/schema\/person\/f89e1eb93d5d32c0bb465c52f87f5a00\"},\"headline\":\"ProClass em S\u00e3o Paulo! Treinamento oficial em Pro Tools 101 e 110.\",\"datePublished\":\"2012-06-11T20:03:54+00:00\",\"dateModified\":\"2012-08-26T20:28:36+00:00\",\"mainEntityOfPage\":{\"@id\":\"https:\/\/proclass.com.br\/home\/2012\/06\/proclass-em-sao-paulo-treinamento-oficial-em-pro-tools-101-e-110\/\"},\"wordCount\":338,\"commentCount\":0,\"publisher\":{\"@id\":\"https:\/\/proclass.com.br\/home\/#organization\"},\"image\":{\"@id\":\"https:\/\/proclass.com.br\/home\/2012\/06\/proclass-em-sao-paulo-treinamento-oficial-em-pro-tools-101-e-110\/#primaryimage\"},\"thumbnailUrl\":\"https:\/\/proclass.com.br\/home\/wp-content\/uploads\/2012\/08\/ilsp.png\",\"keywords\":[\"aluno\",\"autom\",\"conte\",\"fado\",\"o rio\",\"perca\",\"pode vir\",\"pro tools\",\"processo\",\"studica\"],\"articleSection\":[\"Novidades\"],\"inLanguage\":\"pt-BR\",\"potentialAction\":[{\"@type\":\"CommentAction\",\"name\":\"Comment\",\"target\":[\"https:\/\/proclass.com.br\/home\/2012\/06\/proclass-em-sao-paulo-treinamento-oficial-em-pro-tools-101-e-110\/#respond\"]}]},{\"@type\":\"WebPage\",\"@id\":\"https:\/\/proclass.com.br\/home\/2012\/06\/proclass-em-sao-paulo-treinamento-oficial-em-pro-tools-101-e-110\/\",\"url\":\"https:\/\/proclass.com.br\/home\/2012\/06\/proclass-em-sao-paulo-treinamento-oficial-em-pro-tools-101-e-110\/\",\"name\":\"ProClass em S\u00e3o Paulo! Treinamento oficial em Pro Tools 101 e 110. - PROCLASS\",\"isPartOf\":{\"@id\":\"https:\/\/proclass.com.br\/home\/#website\"},\"primaryImageOfPage\":{\"@id\":\"https:\/\/proclass.com.br\/home\/2012\/06\/proclass-em-sao-paulo-treinamento-oficial-em-pro-tools-101-e-110\/#primaryimage\"},\"image\":{\"@id\":\"https:\/\/proclass.com.br\/home\/2012\/06\/proclass-em-sao-paulo-treinamento-oficial-em-pro-tools-101-e-110\/#primaryimage\"},\"thumbnailUrl\":\"https:\/\/proclass.com.br\/home\/wp-content\/uploads\/2012\/08\/ilsp.png\",\"datePublished\":\"2012-06-11T20:03:54+00:00\",\"dateModified\":\"2012-08-26T20:28:36+00:00\",\"breadcrumb\":{\"@id\":\"https:\/\/proclass.com.br\/home\/2012\/06\/proclass-em-sao-paulo-treinamento-oficial-em-pro-tools-101-e-110\/#breadcrumb\"},\"inLanguage\":\"pt-BR\",\"potentialAction\":[{\"@type\":\"ReadAction\",\"target\":[\"https:\/\/proclass.com.br\/home\/2012\/06\/proclass-em-sao-paulo-treinamento-oficial-em-pro-tools-101-e-110\/\"]}]},{\"@type\":\"ImageObject\",\"inLanguage\":\"pt-BR\",\"@id\":\"https:\/\/proclass.com.br\/home\/2012\/06\/proclass-em-sao-paulo-treinamento-oficial-em-pro-tools-101-e-110\/#primaryimage\",\"url\":\"https:\/\/proclass.com.br\/home\/wp-content\/uploads\/2012\/08\/ilsp.png\",\"contentUrl\":\"https:\/\/proclass.com.br\/home\/wp-content\/uploads\/2012\/08\/ilsp.png\",\"width\":\"378\",\"height\":\"218\"},{\"@type\":\"BreadcrumbList\",\"@id\":\"https:\/\/proclass.com.br\/home\/2012\/06\/proclass-em-sao-paulo-treinamento-oficial-em-pro-tools-101-e-110\/#breadcrumb\",\"itemListElement\":[{\"@type\":\"ListItem\",\"position\":1,\"name\":\"In\u00edcio\",\"item\":\"https:\/\/proclass.com.br\/home\/\"},{\"@type\":\"ListItem\",\"position\":2,\"name\":\"ProClass em S\u00e3o Paulo! Treinamento oficial em Pro Tools 101 e 110.\"}]},{\"@type\":\"WebSite\",\"@id\":\"https:\/\/proclass.com.br\/home\/#website\",\"url\":\"https:\/\/proclass.com.br\/home\/\",\"name\":\"PROCLASS\",\"description\":\"CURSOS E TREINAMENTOS\",\"publisher\":{\"@id\":\"https:\/\/proclass.com.br\/home\/#organization\"},\"potentialAction\":[{\"@type\":\"SearchAction\",\"target\":{\"@type\":\"EntryPoint\",\"urlTemplate\":\"https:\/\/proclass.com.br\/home\/?s={search_term_string}\"},\"query-input\":{\"@type\":\"PropertyValueSpecification\",\"valueRequired\":true,\"valueName\":\"search_term_string\"}}],\"inLanguage\":\"pt-BR\"},{\"@type\":\"Organization\",\"@id\":\"https:\/\/proclass.com.br\/home\/#organization\",\"name\":\"PROCLASS\",\"url\":\"https:\/\/proclass.com.br\/home\/\",\"logo\":{\"@type\":\"ImageObject\",\"inLanguage\":\"pt-BR\",\"@id\":\"https:\/\/proclass.com.br\/home\/#\/schema\/logo\/image\/\",\"url\":\"https:\/\/proclass.com.br\/home\/wp-content\/uploads\/2023\/06\/CABECALHO-black_PROCLASS-2023.png\",\"contentUrl\":\"https:\/\/proclass.com.br\/home\/wp-content\/uploads\/2023\/06\/CABECALHO-black_PROCLASS-2023.png\",\"width\":2563,\"height\":911,\"caption\":\"PROCLASS\"},\"image\":{\"@id\":\"https:\/\/proclass.com.br\/home\/#\/schema\/logo\/image\/\"}},{\"@type\":\"Person\",\"@id\":\"https:\/\/proclass.com.br\/home\/#\/schema\/person\/f89e1eb93d5d32c0bb465c52f87f5a00\",\"name\":\"ProClass Treinamentos\",\"image\":{\"@type\":\"ImageObject\",\"inLanguage\":\"pt-BR\",\"@id\":\"https:\/\/proclass.com.br\/home\/#\/schema\/person\/image\/\",\"url\":\"https:\/\/secure.gravatar.com\/avatar\/3878d7a575c7ac355d2c778d5de04af08b7c5a7d9f19b2889f26cc7d80a6a832?s=96&d=blank&r=g\",\"contentUrl\":\"https:\/\/secure.gravatar.com\/avatar\/3878d7a575c7ac355d2c778d5de04af08b7c5a7d9f19b2889f26cc7d80a6a832?s=96&d=blank&r=g\",\"caption\":\"ProClass Treinamentos\"},\"url\":\"https:\/\/proclass.com.br\/home\/author\/proclass\/\"}]}<\/script>\n<!-- \/ Yoast SEO plugin. -->","yoast_head_json":{"title":"ProClass em S\u00e3o Paulo! Treinamento oficial em Pro Tools 101 e 110. - PROCLASS","robots":{"index":"index","follow":"follow","max-snippet":"max-snippet:-1","max-image-preview":"max-image-preview:large","max-video-preview":"max-video-preview:-1"},"canonical":"https:\/\/proclass.com.br\/home\/2012\/06\/proclass-em-sao-paulo-treinamento-oficial-em-pro-tools-101-e-110\/","og_locale":"pt_BR","og_type":"article","og_title":"ProClass em S\u00e3o Paulo! Treinamento oficial em Pro Tools 101 e 110. - PROCLASS","og_description":"Se voc\u00ea n\u00e3o pode vir at\u00e9 a ProClass, a ProClass vai at\u00e9 voc\u00ea. Numa oportunidade \u00fanica, a ProClass e a Studica levam a S\u00e3o Paulo os cursos oficiais de Pro Tools 101 + 110.\u00a0\u00a0\u00c9 uma excelente oportunidade de fazer os treinamentos e conquistar a certifica\u00e7\u00e3o User sem precisar se deslocar para o Rio de Janeiro.Continue reading &rarr;","og_url":"https:\/\/proclass.com.br\/home\/2012\/06\/proclass-em-sao-paulo-treinamento-oficial-em-pro-tools-101-e-110\/","og_site_name":"PROCLASS","article_published_time":"2012-06-11T20:03:54+00:00","article_modified_time":"2012-08-26T20:28:36+00:00","og_image":[{"width":378,"height":218,"url":"https:\/\/proclass.com.br\/home\/wp-content\/uploads\/2012\/08\/ilsp.png","type":"image\/png"}],"author":"ProClass Treinamentos","twitter_card":"summary_large_image","twitter_misc":{"Escrito por":"ProClass Treinamentos","Est. tempo de leitura":"2 minutos"},"schema":{"@context":"https:\/\/schema.org","@graph":[{"@type":"Article","@id":"https:\/\/proclass.com.br\/home\/2012\/06\/proclass-em-sao-paulo-treinamento-oficial-em-pro-tools-101-e-110\/#article","isPartOf":{"@id":"https:\/\/proclass.com.br\/home\/2012\/06\/proclass-em-sao-paulo-treinamento-oficial-em-pro-tools-101-e-110\/"},"author":{"name":"ProClass Treinamentos","@id":"https:\/\/proclass.com.br\/home\/#\/schema\/person\/f89e1eb93d5d32c0bb465c52f87f5a00"},"headline":"ProClass em S\u00e3o Paulo! Treinamento oficial em Pro Tools 101 e 110.","datePublished":"2012-06-11T20:03:54+00:00","dateModified":"2012-08-26T20:28:36+00:00","mainEntityOfPage":{"@id":"https:\/\/proclass.com.br\/home\/2012\/06\/proclass-em-sao-paulo-treinamento-oficial-em-pro-tools-101-e-110\/"},"wordCount":338,"commentCount":0,"publisher":{"@id":"https:\/\/proclass.com.br\/home\/#organization"},"image":{"@id":"https:\/\/proclass.com.br\/home\/2012\/06\/proclass-em-sao-paulo-treinamento-oficial-em-pro-tools-101-e-110\/#primaryimage"},"thumbnailUrl":"https:\/\/proclass.com.br\/home\/wp-content\/uploads\/2012\/08\/ilsp.png","keywords":["aluno","autom","conte","fado","o rio","perca","pode vir","pro tools","processo","studica"],"articleSection":["Novidades"],"inLanguage":"pt-BR","potentialAction":[{"@type":"CommentAction","name":"Comment","target":["https:\/\/proclass.com.br\/home\/2012\/06\/proclass-em-sao-paulo-treinamento-oficial-em-pro-tools-101-e-110\/#respond"]}]},{"@type":"WebPage","@id":"https:\/\/proclass.com.br\/home\/2012\/06\/proclass-em-sao-paulo-treinamento-oficial-em-pro-tools-101-e-110\/","url":"https:\/\/proclass.com.br\/home\/2012\/06\/proclass-em-sao-paulo-treinamento-oficial-em-pro-tools-101-e-110\/","name":"ProClass em S\u00e3o Paulo! Treinamento oficial em Pro Tools 101 e 110. - PROCLASS","isPartOf":{"@id":"https:\/\/proclass.com.br\/home\/#website"},"primaryImageOfPage":{"@id":"https:\/\/proclass.com.br\/home\/2012\/06\/proclass-em-sao-paulo-treinamento-oficial-em-pro-tools-101-e-110\/#primaryimage"},"image":{"@id":"https:\/\/proclass.com.br\/home\/2012\/06\/proclass-em-sao-paulo-treinamento-oficial-em-pro-tools-101-e-110\/#primaryimage"},"thumbnailUrl":"https:\/\/proclass.com.br\/home\/wp-content\/uploads\/2012\/08\/ilsp.png","datePublished":"2012-06-11T20:03:54+00:00","dateModified":"2012-08-26T20:28:36+00:00","breadcrumb":{"@id":"https:\/\/proclass.com.br\/home\/2012\/06\/proclass-em-sao-paulo-treinamento-oficial-em-pro-tools-101-e-110\/#breadcrumb"},"inLanguage":"pt-BR","potentialAction":[{"@type":"ReadAction","target":["https:\/\/proclass.com.br\/home\/2012\/06\/proclass-em-sao-paulo-treinamento-oficial-em-pro-tools-101-e-110\/"]}]},{"@type":"ImageObject","inLanguage":"pt-BR","@id":"https:\/\/proclass.com.br\/home\/2012\/06\/proclass-em-sao-paulo-treinamento-oficial-em-pro-tools-101-e-110\/#primaryimage","url":"https:\/\/proclass.com.br\/home\/wp-content\/uploads\/2012\/08\/ilsp.png","contentUrl":"https:\/\/proclass.com.br\/home\/wp-content\/uploads\/2012\/08\/ilsp.png","width":"378","height":"218"},{"@type":"BreadcrumbList","@id":"https:\/\/proclass.com.br\/home\/2012\/06\/proclass-em-sao-paulo-treinamento-oficial-em-pro-tools-101-e-110\/#breadcrumb","itemListElement":[{"@type":"ListItem","position":1,"name":"In\u00edcio","item":"https:\/\/proclass.com.br\/home\/"},{"@type":"ListItem","position":2,"name":"ProClass em S\u00e3o Paulo! Treinamento oficial em Pro Tools 101 e 110."}]},{"@type":"WebSite","@id":"https:\/\/proclass.com.br\/home\/#website","url":"https:\/\/proclass.com.br\/home\/","name":"PROCLASS","description":"CURSOS E TREINAMENTOS","publisher":{"@id":"https:\/\/proclass.com.br\/home\/#organization"},"potentialAction":[{"@type":"SearchAction","target":{"@type":"EntryPoint","urlTemplate":"https:\/\/proclass.com.br\/home\/?s={search_term_string}"},"query-input":{"@type":"PropertyValueSpecification","valueRequired":true,"valueName":"search_term_string"}}],"inLanguage":"pt-BR"},{"@type":"Organization","@id":"https:\/\/proclass.com.br\/home\/#organization","name":"PROCLASS","url":"https:\/\/proclass.com.br\/home\/","logo":{"@type":"ImageObject","inLanguage":"pt-BR","@id":"https:\/\/proclass.com.br\/home\/#\/schema\/logo\/image\/","url":"https:\/\/proclass.com.br\/home\/wp-content\/uploads\/2023\/06\/CABECALHO-black_PROCLASS-2023.png","contentUrl":"https:\/\/proclass.com.br\/home\/wp-content\/uploads\/2023\/06\/CABECALHO-black_PROCLASS-2023.png","width":2563,"height":911,"caption":"PROCLASS"},"image":{"@id":"https:\/\/proclass.com.br\/home\/#\/schema\/logo\/image\/"}},{"@type":"Person","@id":"https:\/\/proclass.com.br\/home\/#\/schema\/person\/f89e1eb93d5d32c0bb465c52f87f5a00","name":"ProClass Treinamentos","image":{"@type":"ImageObject","inLanguage":"pt-BR","@id":"https:\/\/proclass.com.br\/home\/#\/schema\/person\/image\/","url":"https:\/\/secure.gravatar.com\/avatar\/3878d7a575c7ac355d2c778d5de04af08b7c5a7d9f19b2889f26cc7d80a6a832?s=96&d=blank&r=g","contentUrl":"https:\/\/secure.gravatar.com\/avatar\/3878d7a575c7ac355d2c778d5de04af08b7c5a7d9f19b2889f26cc7d80a6a832?s=96&d=blank&r=g","caption":"ProClass Treinamentos"},"url":"https:\/\/proclass.com.br\/home\/author\/proclass\/"}]}},"_links":{"self":[{"href":"https:\/\/proclass.com.br\/home\/wp-json\/wp\/v2\/posts\/1182","targetHints":{"allow":["GET"]}}],"collection":[{"href":"https:\/\/proclass.com.br\/home\/wp-json\/wp\/v2\/posts"}],"about":[{"href":"https:\/\/proclass.com.br\/home\/wp-json\/wp\/v2\/types\/post"}],"author":[{"embeddable":true,"href":"https:\/\/proclass.com.br\/home\/wp-json\/wp\/v2\/users\/4"}],"replies":[{"embeddable":true,"href":"https:\/\/proclass.com.br\/home\/wp-json\/wp\/v2\/comments?post=1182"}],"version-history":[{"count":0,"href":"https:\/\/proclass.com.br\/home\/wp-json\/wp\/v2\/posts\/1182\/revisions"}],"wp:featuredmedia":[{"embeddable":true,"href":"https:\/\/proclass.com.br\/home\/wp-json\/wp\/v2\/media\/1185"}],"wp:attachment":[{"href":"https:\/\/proclass.com.br\/home\/wp-json\/wp\/v2\/media?parent=1182"}],"wp:term":[{"taxonomy":"category","embeddable":true,"href":"https:\/\/proclass.com.br\/home\/wp-json\/wp\/v2\/categories?post=1182"},{"taxonomy":"post_tag","embeddable":true,"href":"https:\/\/proclass.com.br\/home\/wp-json\/wp\/v2\/tags?post=1182"}],"curies":[{"name":"wp","href":"https:\/\/api.w.org\/{rel}","templated":true}]}}