{"id":1177,"date":"2012-06-11T16:49:17","date_gmt":"2012-06-11T19:49:17","guid":{"rendered":"http:\/\/proclass.com.br\/home\/?p=1177"},"modified":"2012-08-26T16:53:41","modified_gmt":"2012-08-26T19:53:41","slug":"curso-de-final-cut-pro-x-com-novas-datas","status":"publish","type":"post","link":"https:\/\/proclass.com.br\/home\/2012\/06\/curso-de-final-cut-pro-x-com-novas-datas\/","title":{"rendered":"Curso de Final Cut Pro X com novas datas"},"content":{"rendered":"<p style=\"text-align: justify;\">No m\u00eas de julho, a ProClass recebe Leo da Silva,\u00a0<strong>instrutor certificado\u00a0pela Apple<\/strong>\u00a0que ir\u00e1 ministrar os cursos de\u00a0<strong>Final Cut Pro X<\/strong>.\u00a0Leo da Silva \u00e9 um importante instrutor do mercado americano, que \u00e9 contratado por empresas, equipe e escolas para realizar seus treinamentos de capacita\u00e7\u00e3o profissional.<!--more--><\/p>\n<p style=\"text-align: justify;\"><strong><span style=\"font-size: medium;\">Data: 17, 18 e 19 de Julho \u2013 9 \u00e0s 17h<\/span><\/strong><\/p>\n<p style=\"text-align: center;\"><img fetchpriority=\"high\" decoding=\"async\" class=\"alignnone size-full wp-image-1178\" title=\"press1\" src=\"http:\/\/proclass.com.br\/home\/wp-content\/uploads\/2012\/08\/press1.jpg\" alt=\"\" width=\"368\" height=\"276\" srcset=\"https:\/\/proclass.com.br\/home\/wp-content\/uploads\/2012\/08\/press1.jpg 368w, https:\/\/proclass.com.br\/home\/wp-content\/uploads\/2012\/08\/press1-300x225.jpg 300w\" sizes=\"(max-width: 368px) 100vw, 368px\" \/><\/p>\n<p><strong><span style=\"font-size: large;\">Uma oportunidade \u00fanica. N\u00e3o perca!<\/span><\/strong><\/p>\n<p style=\"text-align: justify;\"><strong>O treinamento \u00e9 realizado nos moldes dos treinamentos oficiais, com o livro oficial e instrutor certificado. Os exames de certifica\u00e7\u00e3o poder\u00e3o ser feitos em qualquer Apple Training Center.<\/strong><\/p>\n<p style=\"text-align: justify;\">O aluno receber\u00e1 um certificado de conclus\u00e3o de curso da ProClass.<\/p>\n<p style=\"text-align: center;\">[yframe url=&#8217;http:\/\/www.youtube.com\/watch?v=gghezOpxsq4&#8242;]<\/p>\n","protected":false},"excerpt":{"rendered":"<p>No m\u00eas de julho, a ProClass recebe Leo da Silva,\u00a0instrutor certificado\u00a0pela Apple\u00a0que ir\u00e1 ministrar os cursos de\u00a0Final Cut Pro X.\u00a0Leo da Silva \u00e9 um importante instrutor do mercado americano, que \u00e9 contratado por empresas, equipe e escolas para realizar seus treinamentos de capacita\u00e7\u00e3o profissional.<\/p>\n","protected":false},"author":4,"featured_media":1180,"comment_status":"open","ping_status":"open","sticky":false,"template":"","format":"standard","meta":{"footnotes":""},"categories":[1],"tags":[363,87,72,362,70],"class_list":["post-1177","post","type-post","status-publish","format-standard","has-post-thumbnail","hentry","category-novidades","tag-apple-training","tag-autom","tag-da-silva","tag-pro-x","tag-treinamento","has-thumb"],"yoast_head":"<!-- This site is optimized with the Yoast SEO plugin v26.9 - https:\/\/yoast.com\/product\/yoast-seo-wordpress\/ -->\n<title>Curso de Final Cut Pro X com novas datas - PROCLASS<\/title>\n<meta name=\"robots\" content=\"index, follow, max-snippet:-1, max-image-preview:large, max-video-preview:-1\" \/>\n<link rel=\"canonical\" href=\"https:\/\/proclass.com.br\/home\/2012\/06\/curso-de-final-cut-pro-x-com-novas-datas\/\" \/>\n<meta property=\"og:locale\" content=\"pt_BR\" \/>\n<meta property=\"og:type\" content=\"article\" \/>\n<meta property=\"og:title\" content=\"Curso de Final Cut Pro X com novas datas - PROCLASS\" \/>\n<meta property=\"og:description\" content=\"No m\u00eas de julho, a ProClass recebe Leo da Silva,\u00a0instrutor certificado\u00a0pela Apple\u00a0que ir\u00e1 ministrar os cursos de\u00a0Final Cut Pro X.\u00a0Leo da Silva \u00e9 um importante instrutor do mercado americano, que \u00e9 contratado por empresas, equipe e escolas para realizar seus treinamentos de capacita\u00e7\u00e3o profissional.\" \/>\n<meta property=\"og:url\" content=\"https:\/\/proclass.com.br\/home\/2012\/06\/curso-de-final-cut-pro-x-com-novas-datas\/\" \/>\n<meta property=\"og:site_name\" content=\"PROCLASS\" \/>\n<meta property=\"article:published_time\" content=\"2012-06-11T19:49:17+00:00\" \/>\n<meta property=\"article:modified_time\" content=\"2012-08-26T19:53:41+00:00\" \/>\n<meta property=\"og:image\" content=\"https:\/\/proclass.com.br\/home\/wp-content\/uploads\/2012\/06\/finalcutpronews.jpg\" \/>\n\t<meta property=\"og:image:width\" content=\"100\" \/>\n\t<meta property=\"og:image:height\" content=\"100\" \/>\n\t<meta property=\"og:image:type\" content=\"image\/jpeg\" \/>\n<meta name=\"author\" content=\"ProClass Treinamentos\" \/>\n<meta name=\"twitter:card\" content=\"summary_large_image\" \/>\n<meta name=\"twitter:label1\" content=\"Escrito por\" \/>\n\t<meta name=\"twitter:data1\" content=\"ProClass Treinamentos\" \/>\n\t<meta name=\"twitter:label2\" content=\"Est. tempo de leitura\" \/>\n\t<meta name=\"twitter:data2\" content=\"1 minuto\" \/>\n<script type=\"application\/ld+json\" class=\"yoast-schema-graph\">{\"@context\":\"https:\/\/schema.org\",\"@graph\":[{\"@type\":\"Article\",\"@id\":\"https:\/\/proclass.com.br\/home\/2012\/06\/curso-de-final-cut-pro-x-com-novas-datas\/#article\",\"isPartOf\":{\"@id\":\"https:\/\/proclass.com.br\/home\/2012\/06\/curso-de-final-cut-pro-x-com-novas-datas\/\"},\"author\":{\"name\":\"ProClass Treinamentos\",\"@id\":\"https:\/\/proclass.com.br\/home\/#\/schema\/person\/f89e1eb93d5d32c0bb465c52f87f5a00\"},\"headline\":\"Curso de Final Cut Pro X com novas datas\",\"datePublished\":\"2012-06-11T19:49:17+00:00\",\"dateModified\":\"2012-08-26T19:53:41+00:00\",\"mainEntityOfPage\":{\"@id\":\"https:\/\/proclass.com.br\/home\/2012\/06\/curso-de-final-cut-pro-x-com-novas-datas\/\"},\"wordCount\":121,\"commentCount\":0,\"publisher\":{\"@id\":\"https:\/\/proclass.com.br\/home\/#organization\"},\"image\":{\"@id\":\"https:\/\/proclass.com.br\/home\/2012\/06\/curso-de-final-cut-pro-x-com-novas-datas\/#primaryimage\"},\"thumbnailUrl\":\"https:\/\/proclass.com.br\/home\/wp-content\/uploads\/2012\/06\/finalcutpronews.jpg\",\"keywords\":[\"apple training\",\"autom\",\"da silva\",\"pro x\",\"treinamento\"],\"articleSection\":[\"Novidades\"],\"inLanguage\":\"pt-BR\",\"potentialAction\":[{\"@type\":\"CommentAction\",\"name\":\"Comment\",\"target\":[\"https:\/\/proclass.com.br\/home\/2012\/06\/curso-de-final-cut-pro-x-com-novas-datas\/#respond\"]}]},{\"@type\":\"WebPage\",\"@id\":\"https:\/\/proclass.com.br\/home\/2012\/06\/curso-de-final-cut-pro-x-com-novas-datas\/\",\"url\":\"https:\/\/proclass.com.br\/home\/2012\/06\/curso-de-final-cut-pro-x-com-novas-datas\/\",\"name\":\"Curso de Final Cut Pro X com novas datas - PROCLASS\",\"isPartOf\":{\"@id\":\"https:\/\/proclass.com.br\/home\/#website\"},\"primaryImageOfPage\":{\"@id\":\"https:\/\/proclass.com.br\/home\/2012\/06\/curso-de-final-cut-pro-x-com-novas-datas\/#primaryimage\"},\"image\":{\"@id\":\"https:\/\/proclass.com.br\/home\/2012\/06\/curso-de-final-cut-pro-x-com-novas-datas\/#primaryimage\"},\"thumbnailUrl\":\"https:\/\/proclass.com.br\/home\/wp-content\/uploads\/2012\/06\/finalcutpronews.jpg\",\"datePublished\":\"2012-06-11T19:49:17+00:00\",\"dateModified\":\"2012-08-26T19:53:41+00:00\",\"breadcrumb\":{\"@id\":\"https:\/\/proclass.com.br\/home\/2012\/06\/curso-de-final-cut-pro-x-com-novas-datas\/#breadcrumb\"},\"inLanguage\":\"pt-BR\",\"potentialAction\":[{\"@type\":\"ReadAction\",\"target\":[\"https:\/\/proclass.com.br\/home\/2012\/06\/curso-de-final-cut-pro-x-com-novas-datas\/\"]}]},{\"@type\":\"ImageObject\",\"inLanguage\":\"pt-BR\",\"@id\":\"https:\/\/proclass.com.br\/home\/2012\/06\/curso-de-final-cut-pro-x-com-novas-datas\/#primaryimage\",\"url\":\"https:\/\/proclass.com.br\/home\/wp-content\/uploads\/2012\/06\/finalcutpronews.jpg\",\"contentUrl\":\"https:\/\/proclass.com.br\/home\/wp-content\/uploads\/2012\/06\/finalcutpronews.jpg\",\"width\":\"100\",\"height\":\"100\"},{\"@type\":\"BreadcrumbList\",\"@id\":\"https:\/\/proclass.com.br\/home\/2012\/06\/curso-de-final-cut-pro-x-com-novas-datas\/#breadcrumb\",\"itemListElement\":[{\"@type\":\"ListItem\",\"position\":1,\"name\":\"In\u00edcio\",\"item\":\"https:\/\/proclass.com.br\/home\/\"},{\"@type\":\"ListItem\",\"position\":2,\"name\":\"Curso de Final Cut Pro X com novas datas\"}]},{\"@type\":\"WebSite\",\"@id\":\"https:\/\/proclass.com.br\/home\/#website\",\"url\":\"https:\/\/proclass.com.br\/home\/\",\"name\":\"PROCLASS\",\"description\":\"CURSOS E TREINAMENTOS\",\"publisher\":{\"@id\":\"https:\/\/proclass.com.br\/home\/#organization\"},\"potentialAction\":[{\"@type\":\"SearchAction\",\"target\":{\"@type\":\"EntryPoint\",\"urlTemplate\":\"https:\/\/proclass.com.br\/home\/?s={search_term_string}\"},\"query-input\":{\"@type\":\"PropertyValueSpecification\",\"valueRequired\":true,\"valueName\":\"search_term_string\"}}],\"inLanguage\":\"pt-BR\"},{\"@type\":\"Organization\",\"@id\":\"https:\/\/proclass.com.br\/home\/#organization\",\"name\":\"PROCLASS\",\"url\":\"https:\/\/proclass.com.br\/home\/\",\"logo\":{\"@type\":\"ImageObject\",\"inLanguage\":\"pt-BR\",\"@id\":\"https:\/\/proclass.com.br\/home\/#\/schema\/logo\/image\/\",\"url\":\"https:\/\/proclass.com.br\/home\/wp-content\/uploads\/2023\/06\/CABECALHO-black_PROCLASS-2023.png\",\"contentUrl\":\"https:\/\/proclass.com.br\/home\/wp-content\/uploads\/2023\/06\/CABECALHO-black_PROCLASS-2023.png\",\"width\":2563,\"height\":911,\"caption\":\"PROCLASS\"},\"image\":{\"@id\":\"https:\/\/proclass.com.br\/home\/#\/schema\/logo\/image\/\"}},{\"@type\":\"Person\",\"@id\":\"https:\/\/proclass.com.br\/home\/#\/schema\/person\/f89e1eb93d5d32c0bb465c52f87f5a00\",\"name\":\"ProClass Treinamentos\",\"image\":{\"@type\":\"ImageObject\",\"inLanguage\":\"pt-BR\",\"@id\":\"https:\/\/proclass.com.br\/home\/#\/schema\/person\/image\/\",\"url\":\"https:\/\/secure.gravatar.com\/avatar\/3878d7a575c7ac355d2c778d5de04af08b7c5a7d9f19b2889f26cc7d80a6a832?s=96&d=blank&r=g\",\"contentUrl\":\"https:\/\/secure.gravatar.com\/avatar\/3878d7a575c7ac355d2c778d5de04af08b7c5a7d9f19b2889f26cc7d80a6a832?s=96&d=blank&r=g\",\"caption\":\"ProClass Treinamentos\"},\"url\":\"https:\/\/proclass.com.br\/home\/author\/proclass\/\"}]}<\/script>\n<!-- \/ Yoast SEO plugin. -->","yoast_head_json":{"title":"Curso de Final Cut Pro X com novas datas - PROCLASS","robots":{"index":"index","follow":"follow","max-snippet":"max-snippet:-1","max-image-preview":"max-image-preview:large","max-video-preview":"max-video-preview:-1"},"canonical":"https:\/\/proclass.com.br\/home\/2012\/06\/curso-de-final-cut-pro-x-com-novas-datas\/","og_locale":"pt_BR","og_type":"article","og_title":"Curso de Final Cut Pro X com novas datas - PROCLASS","og_description":"No m\u00eas de julho, a ProClass recebe Leo da Silva,\u00a0instrutor certificado\u00a0pela Apple\u00a0que ir\u00e1 ministrar os cursos de\u00a0Final Cut Pro X.\u00a0Leo da Silva \u00e9 um importante instrutor do mercado americano, que \u00e9 contratado por empresas, equipe e escolas para realizar seus treinamentos de capacita\u00e7\u00e3o profissional.","og_url":"https:\/\/proclass.com.br\/home\/2012\/06\/curso-de-final-cut-pro-x-com-novas-datas\/","og_site_name":"PROCLASS","article_published_time":"2012-06-11T19:49:17+00:00","article_modified_time":"2012-08-26T19:53:41+00:00","og_image":[{"width":100,"height":100,"url":"https:\/\/proclass.com.br\/home\/wp-content\/uploads\/2012\/06\/finalcutpronews.jpg","type":"image\/jpeg"}],"author":"ProClass Treinamentos","twitter_card":"summary_large_image","twitter_misc":{"Escrito por":"ProClass Treinamentos","Est. tempo de leitura":"1 minuto"},"schema":{"@context":"https:\/\/schema.org","@graph":[{"@type":"Article","@id":"https:\/\/proclass.com.br\/home\/2012\/06\/curso-de-final-cut-pro-x-com-novas-datas\/#article","isPartOf":{"@id":"https:\/\/proclass.com.br\/home\/2012\/06\/curso-de-final-cut-pro-x-com-novas-datas\/"},"author":{"name":"ProClass Treinamentos","@id":"https:\/\/proclass.com.br\/home\/#\/schema\/person\/f89e1eb93d5d32c0bb465c52f87f5a00"},"headline":"Curso de Final Cut Pro X com novas datas","datePublished":"2012-06-11T19:49:17+00:00","dateModified":"2012-08-26T19:53:41+00:00","mainEntityOfPage":{"@id":"https:\/\/proclass.com.br\/home\/2012\/06\/curso-de-final-cut-pro-x-com-novas-datas\/"},"wordCount":121,"commentCount":0,"publisher":{"@id":"https:\/\/proclass.com.br\/home\/#organization"},"image":{"@id":"https:\/\/proclass.com.br\/home\/2012\/06\/curso-de-final-cut-pro-x-com-novas-datas\/#primaryimage"},"thumbnailUrl":"https:\/\/proclass.com.br\/home\/wp-content\/uploads\/2012\/06\/finalcutpronews.jpg","keywords":["apple training","autom","da silva","pro x","treinamento"],"articleSection":["Novidades"],"inLanguage":"pt-BR","potentialAction":[{"@type":"CommentAction","name":"Comment","target":["https:\/\/proclass.com.br\/home\/2012\/06\/curso-de-final-cut-pro-x-com-novas-datas\/#respond"]}]},{"@type":"WebPage","@id":"https:\/\/proclass.com.br\/home\/2012\/06\/curso-de-final-cut-pro-x-com-novas-datas\/","url":"https:\/\/proclass.com.br\/home\/2012\/06\/curso-de-final-cut-pro-x-com-novas-datas\/","name":"Curso de Final Cut Pro X com novas datas - PROCLASS","isPartOf":{"@id":"https:\/\/proclass.com.br\/home\/#website"},"primaryImageOfPage":{"@id":"https:\/\/proclass.com.br\/home\/2012\/06\/curso-de-final-cut-pro-x-com-novas-datas\/#primaryimage"},"image":{"@id":"https:\/\/proclass.com.br\/home\/2012\/06\/curso-de-final-cut-pro-x-com-novas-datas\/#primaryimage"},"thumbnailUrl":"https:\/\/proclass.com.br\/home\/wp-content\/uploads\/2012\/06\/finalcutpronews.jpg","datePublished":"2012-06-11T19:49:17+00:00","dateModified":"2012-08-26T19:53:41+00:00","breadcrumb":{"@id":"https:\/\/proclass.com.br\/home\/2012\/06\/curso-de-final-cut-pro-x-com-novas-datas\/#breadcrumb"},"inLanguage":"pt-BR","potentialAction":[{"@type":"ReadAction","target":["https:\/\/proclass.com.br\/home\/2012\/06\/curso-de-final-cut-pro-x-com-novas-datas\/"]}]},{"@type":"ImageObject","inLanguage":"pt-BR","@id":"https:\/\/proclass.com.br\/home\/2012\/06\/curso-de-final-cut-pro-x-com-novas-datas\/#primaryimage","url":"https:\/\/proclass.com.br\/home\/wp-content\/uploads\/2012\/06\/finalcutpronews.jpg","contentUrl":"https:\/\/proclass.com.br\/home\/wp-content\/uploads\/2012\/06\/finalcutpronews.jpg","width":"100","height":"100"},{"@type":"BreadcrumbList","@id":"https:\/\/proclass.com.br\/home\/2012\/06\/curso-de-final-cut-pro-x-com-novas-datas\/#breadcrumb","itemListElement":[{"@type":"ListItem","position":1,"name":"In\u00edcio","item":"https:\/\/proclass.com.br\/home\/"},{"@type":"ListItem","position":2,"name":"Curso de Final Cut Pro X com novas datas"}]},{"@type":"WebSite","@id":"https:\/\/proclass.com.br\/home\/#website","url":"https:\/\/proclass.com.br\/home\/","name":"PROCLASS","description":"CURSOS E TREINAMENTOS","publisher":{"@id":"https:\/\/proclass.com.br\/home\/#organization"},"potentialAction":[{"@type":"SearchAction","target":{"@type":"EntryPoint","urlTemplate":"https:\/\/proclass.com.br\/home\/?s={search_term_string}"},"query-input":{"@type":"PropertyValueSpecification","valueRequired":true,"valueName":"search_term_string"}}],"inLanguage":"pt-BR"},{"@type":"Organization","@id":"https:\/\/proclass.com.br\/home\/#organization","name":"PROCLASS","url":"https:\/\/proclass.com.br\/home\/","logo":{"@type":"ImageObject","inLanguage":"pt-BR","@id":"https:\/\/proclass.com.br\/home\/#\/schema\/logo\/image\/","url":"https:\/\/proclass.com.br\/home\/wp-content\/uploads\/2023\/06\/CABECALHO-black_PROCLASS-2023.png","contentUrl":"https:\/\/proclass.com.br\/home\/wp-content\/uploads\/2023\/06\/CABECALHO-black_PROCLASS-2023.png","width":2563,"height":911,"caption":"PROCLASS"},"image":{"@id":"https:\/\/proclass.com.br\/home\/#\/schema\/logo\/image\/"}},{"@type":"Person","@id":"https:\/\/proclass.com.br\/home\/#\/schema\/person\/f89e1eb93d5d32c0bb465c52f87f5a00","name":"ProClass Treinamentos","image":{"@type":"ImageObject","inLanguage":"pt-BR","@id":"https:\/\/proclass.com.br\/home\/#\/schema\/person\/image\/","url":"https:\/\/secure.gravatar.com\/avatar\/3878d7a575c7ac355d2c778d5de04af08b7c5a7d9f19b2889f26cc7d80a6a832?s=96&d=blank&r=g","contentUrl":"https:\/\/secure.gravatar.com\/avatar\/3878d7a575c7ac355d2c778d5de04af08b7c5a7d9f19b2889f26cc7d80a6a832?s=96&d=blank&r=g","caption":"ProClass Treinamentos"},"url":"https:\/\/proclass.com.br\/home\/author\/proclass\/"}]}},"_links":{"self":[{"href":"https:\/\/proclass.com.br\/home\/wp-json\/wp\/v2\/posts\/1177","targetHints":{"allow":["GET"]}}],"collection":[{"href":"https:\/\/proclass.com.br\/home\/wp-json\/wp\/v2\/posts"}],"about":[{"href":"https:\/\/proclass.com.br\/home\/wp-json\/wp\/v2\/types\/post"}],"author":[{"embeddable":true,"href":"https:\/\/proclass.com.br\/home\/wp-json\/wp\/v2\/users\/4"}],"replies":[{"embeddable":true,"href":"https:\/\/proclass.com.br\/home\/wp-json\/wp\/v2\/comments?post=1177"}],"version-history":[{"count":0,"href":"https:\/\/proclass.com.br\/home\/wp-json\/wp\/v2\/posts\/1177\/revisions"}],"wp:featuredmedia":[{"embeddable":true,"href":"https:\/\/proclass.com.br\/home\/wp-json\/wp\/v2\/media\/1180"}],"wp:attachment":[{"href":"https:\/\/proclass.com.br\/home\/wp-json\/wp\/v2\/media?parent=1177"}],"wp:term":[{"taxonomy":"category","embeddable":true,"href":"https:\/\/proclass.com.br\/home\/wp-json\/wp\/v2\/categories?post=1177"},{"taxonomy":"post_tag","embeddable":true,"href":"https:\/\/proclass.com.br\/home\/wp-json\/wp\/v2\/tags?post=1177"}],"curies":[{"name":"wp","href":"https:\/\/api.w.org\/{rel}","templated":true}]}}