{"id":1170,"date":"2012-06-11T16:43:18","date_gmt":"2012-06-11T19:43:18","guid":{"rendered":"http:\/\/proclass.com.br\/home\/?p=1170"},"modified":"2012-08-26T16:47:31","modified_gmt":"2012-08-26T19:47:31","slug":"avid-media-composer-e-na-proclass","status":"publish","type":"post","link":"https:\/\/proclass.com.br\/home\/2012\/06\/avid-media-composer-e-na-proclass\/","title":{"rendered":"Avid Media Composer \u00e9 na ProClass"},"content":{"rendered":"<p style=\"text-align: justify;\">A Avid nomeou a ProClass como centro autorizado para ministrar seus cursos oficiais e certifica\u00e7\u00f5es em Avid Media Composer 5 e Avid Media Composer 6. <a href=\"http:\/\/proclass.com.br\/wordpress\/cursos\/media-composer-101\/\" target=\"_blank\">Para saber mais sobre o curso, clique aqui. <\/a><\/p>\n<p style=\"text-align: justify;\">A ProClass mant\u00e9m sua premissa e filosofia de fornecer treinamentos de excel\u00eancia e voltados ao mercado de trabalho. Algumas de nossas principais a\u00e7\u00f5es para obter este reconhecimento s\u00e3o:<!--more--> <img fetchpriority=\"high\" decoding=\"async\" class=\"wp-image-1171 aligncenter\" title=\"mc6\" src=\"http:\/\/proclass.com.br\/home\/wp-content\/uploads\/2012\/08\/mc6.jpg\" alt=\"\" width=\"295\" height=\"176\" \/><\/p>\n<ul style=\"text-align: justify;\">\n<li>Contato direto com o fabricante.<\/li>\n<li>Adapta\u00e7\u00e3o do conte\u00fado a realidade e cultura brasileira.<\/li>\n<li>Enriquecimento do conte\u00fado com slides, apresenta\u00e7\u00f5es e exerc\u00edcios exclusivos e criados pela equipe da ProClass.<\/li>\n<li>Cursos s\u00e3o realizados numa nova sala, com projetor Full HD e iMacs.<\/li>\n<li>Visando uma maior dedica\u00e7\u00e3o do instrutor com cada aluno e aumento de aproveitamento, cada turma tem no m\u00e1ximo de 6 alunos.<\/li>\n<\/ul>\n<ul style=\"text-align: justify;\">\n<li>Por conter muitos estudos voltados \u00e0 pr\u00e1tica, mantemos a estrutura com uma m\u00e1quina por aluno.<\/li>\n<li>Aulas extras e palestras gratuitas a ex-alunos a fim de mant\u00ea-los atualizados.<\/li>\n<li>Respeito ao seu investimento: alunos que sentiram dificuldade em absorver todo o treinamento, s\u00e3o convidados a participar de uma nova turma como ouvinte, sem custos (em at\u00e9 3 meses, e sujeito \u00e0 disponibilidade de vagas).<\/li>\n<li>Turmas de teste s\u00e3o feitas antes da inaugura\u00e7\u00e3o do curso perante o p\u00fablico.<\/li>\n<\/ul>\n<div style=\"text-align: justify;\">\n<p style=\"text-align: justify;\">Com essas e muitas ac\u00f5es, a ProClass mant\u00e9m seu alto n\u00edvel de credibilidade e aprova\u00e7\u00e3o perante o p\u00fablico.<\/p>\n<\/div>\n<h1 style=\"text-align: justify;\">ProClass: compromisso com a qualidade de ensino<\/h1>\n<p><img decoding=\"async\" class=\"size-full wp-image-1172 aligncenter\" title=\"alpnews\" src=\"http:\/\/proclass.com.br\/home\/wp-content\/uploads\/2012\/08\/alpnews.jpg\" alt=\"\" width=\"257\" height=\"80\" \/><\/p>\n","protected":false},"excerpt":{"rendered":"<p>A Avid nomeou a ProClass como centro autorizado para ministrar seus cursos oficiais e certifica\u00e7\u00f5es em Avid Media Composer 5 e Avid Media Composer 6. Para saber mais sobre o curso, clique aqui. A ProClass mant\u00e9m sua premissa e filosofia de fornecer treinamentos de excel\u00eancia e voltados ao mercado de trabalho. Algumas de nossas principaisContinue reading &rarr;<\/p>\n","protected":false},"author":4,"featured_media":1173,"comment_status":"open","ping_status":"open","sticky":false,"template":"","format":"standard","meta":{"footnotes":""},"categories":[1],"tags":[87,21,316,66,359,67,355,358,361,357],"class_list":["post-1170","post","type-post","status-publish","format-standard","has-post-thumbnail","hentry","category-novidades","tag-autom","tag-avid-media-composer","tag-clique-aqui","tag-conte","tag-custos","tag-fado","tag-imacs","tag-numa","tag-qualidade","tag-teste","has-thumb"],"yoast_head":"<!-- This site is optimized with the Yoast SEO plugin v26.9 - https:\/\/yoast.com\/product\/yoast-seo-wordpress\/ -->\n<title>Avid Media Composer \u00e9 na ProClass - PROCLASS<\/title>\n<meta name=\"robots\" content=\"index, follow, max-snippet:-1, max-image-preview:large, max-video-preview:-1\" \/>\n<link rel=\"canonical\" href=\"https:\/\/proclass.com.br\/home\/2012\/06\/avid-media-composer-e-na-proclass\/\" \/>\n<meta property=\"og:locale\" content=\"pt_BR\" \/>\n<meta property=\"og:type\" content=\"article\" \/>\n<meta property=\"og:title\" content=\"Avid Media Composer \u00e9 na ProClass - PROCLASS\" \/>\n<meta property=\"og:description\" content=\"A Avid nomeou a ProClass como centro autorizado para ministrar seus cursos oficiais e certifica\u00e7\u00f5es em Avid Media Composer 5 e Avid Media Composer 6. Para saber mais sobre o curso, clique aqui. A ProClass mant\u00e9m sua premissa e filosofia de fornecer treinamentos de excel\u00eancia e voltados ao mercado de trabalho. Algumas de nossas principaisContinue reading &rarr;\" \/>\n<meta property=\"og:url\" content=\"https:\/\/proclass.com.br\/home\/2012\/06\/avid-media-composer-e-na-proclass\/\" \/>\n<meta property=\"og:site_name\" content=\"PROCLASS\" \/>\n<meta property=\"article:published_time\" content=\"2012-06-11T19:43:18+00:00\" \/>\n<meta property=\"article:modified_time\" content=\"2012-08-26T19:47:31+00:00\" \/>\n<meta property=\"og:image\" content=\"https:\/\/proclass.com.br\/home\/wp-content\/uploads\/2012\/08\/box-240x163.jpg\" \/>\n\t<meta property=\"og:image:width\" content=\"240\" \/>\n\t<meta property=\"og:image:height\" content=\"163\" \/>\n\t<meta property=\"og:image:type\" content=\"image\/jpeg\" \/>\n<meta name=\"author\" content=\"ProClass Treinamentos\" \/>\n<meta name=\"twitter:card\" content=\"summary_large_image\" \/>\n<meta name=\"twitter:label1\" content=\"Escrito por\" \/>\n\t<meta name=\"twitter:data1\" content=\"ProClass Treinamentos\" \/>\n\t<meta name=\"twitter:label2\" content=\"Est. tempo de leitura\" \/>\n\t<meta name=\"twitter:data2\" content=\"1 minuto\" \/>\n<script type=\"application\/ld+json\" class=\"yoast-schema-graph\">{\"@context\":\"https:\/\/schema.org\",\"@graph\":[{\"@type\":\"Article\",\"@id\":\"https:\/\/proclass.com.br\/home\/2012\/06\/avid-media-composer-e-na-proclass\/#article\",\"isPartOf\":{\"@id\":\"https:\/\/proclass.com.br\/home\/2012\/06\/avid-media-composer-e-na-proclass\/\"},\"author\":{\"name\":\"ProClass Treinamentos\",\"@id\":\"https:\/\/proclass.com.br\/home\/#\/schema\/person\/f89e1eb93d5d32c0bb465c52f87f5a00\"},\"headline\":\"Avid Media Composer \u00e9 na ProClass\",\"datePublished\":\"2012-06-11T19:43:18+00:00\",\"dateModified\":\"2012-08-26T19:47:31+00:00\",\"mainEntityOfPage\":{\"@id\":\"https:\/\/proclass.com.br\/home\/2012\/06\/avid-media-composer-e-na-proclass\/\"},\"wordCount\":246,\"commentCount\":0,\"publisher\":{\"@id\":\"https:\/\/proclass.com.br\/home\/#organization\"},\"image\":{\"@id\":\"https:\/\/proclass.com.br\/home\/2012\/06\/avid-media-composer-e-na-proclass\/#primaryimage\"},\"thumbnailUrl\":\"https:\/\/proclass.com.br\/home\/wp-content\/uploads\/2012\/08\/box-240x163.jpg\",\"keywords\":[\"autom\",\"avid media composer\",\"clique aqui\",\"conte\",\"custos\",\"fado\",\"imacs\",\"numa\",\"qualidade\",\"teste\"],\"articleSection\":[\"Novidades\"],\"inLanguage\":\"pt-BR\",\"potentialAction\":[{\"@type\":\"CommentAction\",\"name\":\"Comment\",\"target\":[\"https:\/\/proclass.com.br\/home\/2012\/06\/avid-media-composer-e-na-proclass\/#respond\"]}]},{\"@type\":\"WebPage\",\"@id\":\"https:\/\/proclass.com.br\/home\/2012\/06\/avid-media-composer-e-na-proclass\/\",\"url\":\"https:\/\/proclass.com.br\/home\/2012\/06\/avid-media-composer-e-na-proclass\/\",\"name\":\"Avid Media Composer \u00e9 na ProClass - PROCLASS\",\"isPartOf\":{\"@id\":\"https:\/\/proclass.com.br\/home\/#website\"},\"primaryImageOfPage\":{\"@id\":\"https:\/\/proclass.com.br\/home\/2012\/06\/avid-media-composer-e-na-proclass\/#primaryimage\"},\"image\":{\"@id\":\"https:\/\/proclass.com.br\/home\/2012\/06\/avid-media-composer-e-na-proclass\/#primaryimage\"},\"thumbnailUrl\":\"https:\/\/proclass.com.br\/home\/wp-content\/uploads\/2012\/08\/box-240x163.jpg\",\"datePublished\":\"2012-06-11T19:43:18+00:00\",\"dateModified\":\"2012-08-26T19:47:31+00:00\",\"breadcrumb\":{\"@id\":\"https:\/\/proclass.com.br\/home\/2012\/06\/avid-media-composer-e-na-proclass\/#breadcrumb\"},\"inLanguage\":\"pt-BR\",\"potentialAction\":[{\"@type\":\"ReadAction\",\"target\":[\"https:\/\/proclass.com.br\/home\/2012\/06\/avid-media-composer-e-na-proclass\/\"]}]},{\"@type\":\"ImageObject\",\"inLanguage\":\"pt-BR\",\"@id\":\"https:\/\/proclass.com.br\/home\/2012\/06\/avid-media-composer-e-na-proclass\/#primaryimage\",\"url\":\"https:\/\/proclass.com.br\/home\/wp-content\/uploads\/2012\/08\/box-240x163.jpg\",\"contentUrl\":\"https:\/\/proclass.com.br\/home\/wp-content\/uploads\/2012\/08\/box-240x163.jpg\",\"width\":\"240\",\"height\":\"163\"},{\"@type\":\"BreadcrumbList\",\"@id\":\"https:\/\/proclass.com.br\/home\/2012\/06\/avid-media-composer-e-na-proclass\/#breadcrumb\",\"itemListElement\":[{\"@type\":\"ListItem\",\"position\":1,\"name\":\"In\u00edcio\",\"item\":\"https:\/\/proclass.com.br\/home\/\"},{\"@type\":\"ListItem\",\"position\":2,\"name\":\"Avid Media Composer \u00e9 na ProClass\"}]},{\"@type\":\"WebSite\",\"@id\":\"https:\/\/proclass.com.br\/home\/#website\",\"url\":\"https:\/\/proclass.com.br\/home\/\",\"name\":\"PROCLASS\",\"description\":\"CURSOS E TREINAMENTOS\",\"publisher\":{\"@id\":\"https:\/\/proclass.com.br\/home\/#organization\"},\"potentialAction\":[{\"@type\":\"SearchAction\",\"target\":{\"@type\":\"EntryPoint\",\"urlTemplate\":\"https:\/\/proclass.com.br\/home\/?s={search_term_string}\"},\"query-input\":{\"@type\":\"PropertyValueSpecification\",\"valueRequired\":true,\"valueName\":\"search_term_string\"}}],\"inLanguage\":\"pt-BR\"},{\"@type\":\"Organization\",\"@id\":\"https:\/\/proclass.com.br\/home\/#organization\",\"name\":\"PROCLASS\",\"url\":\"https:\/\/proclass.com.br\/home\/\",\"logo\":{\"@type\":\"ImageObject\",\"inLanguage\":\"pt-BR\",\"@id\":\"https:\/\/proclass.com.br\/home\/#\/schema\/logo\/image\/\",\"url\":\"https:\/\/proclass.com.br\/home\/wp-content\/uploads\/2023\/06\/CABECALHO-black_PROCLASS-2023.png\",\"contentUrl\":\"https:\/\/proclass.com.br\/home\/wp-content\/uploads\/2023\/06\/CABECALHO-black_PROCLASS-2023.png\",\"width\":2563,\"height\":911,\"caption\":\"PROCLASS\"},\"image\":{\"@id\":\"https:\/\/proclass.com.br\/home\/#\/schema\/logo\/image\/\"}},{\"@type\":\"Person\",\"@id\":\"https:\/\/proclass.com.br\/home\/#\/schema\/person\/f89e1eb93d5d32c0bb465c52f87f5a00\",\"name\":\"ProClass Treinamentos\",\"image\":{\"@type\":\"ImageObject\",\"inLanguage\":\"pt-BR\",\"@id\":\"https:\/\/proclass.com.br\/home\/#\/schema\/person\/image\/\",\"url\":\"https:\/\/secure.gravatar.com\/avatar\/3878d7a575c7ac355d2c778d5de04af08b7c5a7d9f19b2889f26cc7d80a6a832?s=96&d=blank&r=g\",\"contentUrl\":\"https:\/\/secure.gravatar.com\/avatar\/3878d7a575c7ac355d2c778d5de04af08b7c5a7d9f19b2889f26cc7d80a6a832?s=96&d=blank&r=g\",\"caption\":\"ProClass Treinamentos\"},\"url\":\"https:\/\/proclass.com.br\/home\/author\/proclass\/\"}]}<\/script>\n<!-- \/ Yoast SEO plugin. -->","yoast_head_json":{"title":"Avid Media Composer \u00e9 na ProClass - PROCLASS","robots":{"index":"index","follow":"follow","max-snippet":"max-snippet:-1","max-image-preview":"max-image-preview:large","max-video-preview":"max-video-preview:-1"},"canonical":"https:\/\/proclass.com.br\/home\/2012\/06\/avid-media-composer-e-na-proclass\/","og_locale":"pt_BR","og_type":"article","og_title":"Avid Media Composer \u00e9 na ProClass - PROCLASS","og_description":"A Avid nomeou a ProClass como centro autorizado para ministrar seus cursos oficiais e certifica\u00e7\u00f5es em Avid Media Composer 5 e Avid Media Composer 6. Para saber mais sobre o curso, clique aqui. A ProClass mant\u00e9m sua premissa e filosofia de fornecer treinamentos de excel\u00eancia e voltados ao mercado de trabalho. Algumas de nossas principaisContinue reading &rarr;","og_url":"https:\/\/proclass.com.br\/home\/2012\/06\/avid-media-composer-e-na-proclass\/","og_site_name":"PROCLASS","article_published_time":"2012-06-11T19:43:18+00:00","article_modified_time":"2012-08-26T19:47:31+00:00","og_image":[{"width":240,"height":163,"url":"https:\/\/proclass.com.br\/home\/wp-content\/uploads\/2012\/08\/box-240x163.jpg","type":"image\/jpeg"}],"author":"ProClass Treinamentos","twitter_card":"summary_large_image","twitter_misc":{"Escrito por":"ProClass Treinamentos","Est. tempo de leitura":"1 minuto"},"schema":{"@context":"https:\/\/schema.org","@graph":[{"@type":"Article","@id":"https:\/\/proclass.com.br\/home\/2012\/06\/avid-media-composer-e-na-proclass\/#article","isPartOf":{"@id":"https:\/\/proclass.com.br\/home\/2012\/06\/avid-media-composer-e-na-proclass\/"},"author":{"name":"ProClass Treinamentos","@id":"https:\/\/proclass.com.br\/home\/#\/schema\/person\/f89e1eb93d5d32c0bb465c52f87f5a00"},"headline":"Avid Media Composer \u00e9 na ProClass","datePublished":"2012-06-11T19:43:18+00:00","dateModified":"2012-08-26T19:47:31+00:00","mainEntityOfPage":{"@id":"https:\/\/proclass.com.br\/home\/2012\/06\/avid-media-composer-e-na-proclass\/"},"wordCount":246,"commentCount":0,"publisher":{"@id":"https:\/\/proclass.com.br\/home\/#organization"},"image":{"@id":"https:\/\/proclass.com.br\/home\/2012\/06\/avid-media-composer-e-na-proclass\/#primaryimage"},"thumbnailUrl":"https:\/\/proclass.com.br\/home\/wp-content\/uploads\/2012\/08\/box-240x163.jpg","keywords":["autom","avid media composer","clique aqui","conte","custos","fado","imacs","numa","qualidade","teste"],"articleSection":["Novidades"],"inLanguage":"pt-BR","potentialAction":[{"@type":"CommentAction","name":"Comment","target":["https:\/\/proclass.com.br\/home\/2012\/06\/avid-media-composer-e-na-proclass\/#respond"]}]},{"@type":"WebPage","@id":"https:\/\/proclass.com.br\/home\/2012\/06\/avid-media-composer-e-na-proclass\/","url":"https:\/\/proclass.com.br\/home\/2012\/06\/avid-media-composer-e-na-proclass\/","name":"Avid Media Composer \u00e9 na ProClass - PROCLASS","isPartOf":{"@id":"https:\/\/proclass.com.br\/home\/#website"},"primaryImageOfPage":{"@id":"https:\/\/proclass.com.br\/home\/2012\/06\/avid-media-composer-e-na-proclass\/#primaryimage"},"image":{"@id":"https:\/\/proclass.com.br\/home\/2012\/06\/avid-media-composer-e-na-proclass\/#primaryimage"},"thumbnailUrl":"https:\/\/proclass.com.br\/home\/wp-content\/uploads\/2012\/08\/box-240x163.jpg","datePublished":"2012-06-11T19:43:18+00:00","dateModified":"2012-08-26T19:47:31+00:00","breadcrumb":{"@id":"https:\/\/proclass.com.br\/home\/2012\/06\/avid-media-composer-e-na-proclass\/#breadcrumb"},"inLanguage":"pt-BR","potentialAction":[{"@type":"ReadAction","target":["https:\/\/proclass.com.br\/home\/2012\/06\/avid-media-composer-e-na-proclass\/"]}]},{"@type":"ImageObject","inLanguage":"pt-BR","@id":"https:\/\/proclass.com.br\/home\/2012\/06\/avid-media-composer-e-na-proclass\/#primaryimage","url":"https:\/\/proclass.com.br\/home\/wp-content\/uploads\/2012\/08\/box-240x163.jpg","contentUrl":"https:\/\/proclass.com.br\/home\/wp-content\/uploads\/2012\/08\/box-240x163.jpg","width":"240","height":"163"},{"@type":"BreadcrumbList","@id":"https:\/\/proclass.com.br\/home\/2012\/06\/avid-media-composer-e-na-proclass\/#breadcrumb","itemListElement":[{"@type":"ListItem","position":1,"name":"In\u00edcio","item":"https:\/\/proclass.com.br\/home\/"},{"@type":"ListItem","position":2,"name":"Avid Media Composer \u00e9 na ProClass"}]},{"@type":"WebSite","@id":"https:\/\/proclass.com.br\/home\/#website","url":"https:\/\/proclass.com.br\/home\/","name":"PROCLASS","description":"CURSOS E TREINAMENTOS","publisher":{"@id":"https:\/\/proclass.com.br\/home\/#organization"},"potentialAction":[{"@type":"SearchAction","target":{"@type":"EntryPoint","urlTemplate":"https:\/\/proclass.com.br\/home\/?s={search_term_string}"},"query-input":{"@type":"PropertyValueSpecification","valueRequired":true,"valueName":"search_term_string"}}],"inLanguage":"pt-BR"},{"@type":"Organization","@id":"https:\/\/proclass.com.br\/home\/#organization","name":"PROCLASS","url":"https:\/\/proclass.com.br\/home\/","logo":{"@type":"ImageObject","inLanguage":"pt-BR","@id":"https:\/\/proclass.com.br\/home\/#\/schema\/logo\/image\/","url":"https:\/\/proclass.com.br\/home\/wp-content\/uploads\/2023\/06\/CABECALHO-black_PROCLASS-2023.png","contentUrl":"https:\/\/proclass.com.br\/home\/wp-content\/uploads\/2023\/06\/CABECALHO-black_PROCLASS-2023.png","width":2563,"height":911,"caption":"PROCLASS"},"image":{"@id":"https:\/\/proclass.com.br\/home\/#\/schema\/logo\/image\/"}},{"@type":"Person","@id":"https:\/\/proclass.com.br\/home\/#\/schema\/person\/f89e1eb93d5d32c0bb465c52f87f5a00","name":"ProClass Treinamentos","image":{"@type":"ImageObject","inLanguage":"pt-BR","@id":"https:\/\/proclass.com.br\/home\/#\/schema\/person\/image\/","url":"https:\/\/secure.gravatar.com\/avatar\/3878d7a575c7ac355d2c778d5de04af08b7c5a7d9f19b2889f26cc7d80a6a832?s=96&d=blank&r=g","contentUrl":"https:\/\/secure.gravatar.com\/avatar\/3878d7a575c7ac355d2c778d5de04af08b7c5a7d9f19b2889f26cc7d80a6a832?s=96&d=blank&r=g","caption":"ProClass Treinamentos"},"url":"https:\/\/proclass.com.br\/home\/author\/proclass\/"}]}},"_links":{"self":[{"href":"https:\/\/proclass.com.br\/home\/wp-json\/wp\/v2\/posts\/1170","targetHints":{"allow":["GET"]}}],"collection":[{"href":"https:\/\/proclass.com.br\/home\/wp-json\/wp\/v2\/posts"}],"about":[{"href":"https:\/\/proclass.com.br\/home\/wp-json\/wp\/v2\/types\/post"}],"author":[{"embeddable":true,"href":"https:\/\/proclass.com.br\/home\/wp-json\/wp\/v2\/users\/4"}],"replies":[{"embeddable":true,"href":"https:\/\/proclass.com.br\/home\/wp-json\/wp\/v2\/comments?post=1170"}],"version-history":[{"count":0,"href":"https:\/\/proclass.com.br\/home\/wp-json\/wp\/v2\/posts\/1170\/revisions"}],"wp:featuredmedia":[{"embeddable":true,"href":"https:\/\/proclass.com.br\/home\/wp-json\/wp\/v2\/media\/1173"}],"wp:attachment":[{"href":"https:\/\/proclass.com.br\/home\/wp-json\/wp\/v2\/media?parent=1170"}],"wp:term":[{"taxonomy":"category","embeddable":true,"href":"https:\/\/proclass.com.br\/home\/wp-json\/wp\/v2\/categories?post=1170"},{"taxonomy":"post_tag","embeddable":true,"href":"https:\/\/proclass.com.br\/home\/wp-json\/wp\/v2\/tags?post=1170"}],"curies":[{"name":"wp","href":"https:\/\/api.w.org\/{rel}","templated":true}]}}